{"id":35755,"date":"2024-06-08T22:59:16","date_gmt":"2024-06-08T20:59:16","guid":{"rendered":"https:\/\/www.loclilala.com\/?p=35755"},"modified":"2026-04-26T21:54:54","modified_gmt":"2026-04-26T19:54:54","slug":"location-vacances-finistere-sud","status":"publish","type":"post","link":"https:\/\/cparici.com\/fr\/location-vacances-finistere-sud\/","title":{"rendered":"Location vacances Finist\u00e8re sud"},"content":{"rendered":"\t\t<div data-elementor-type=\"wp-post\" data-elementor-id=\"35755\" class=\"elementor elementor-35755\" data-elementor-post-type=\"post\">\n\t\t\t\t<div class=\"elementor-element elementor-element-022d6a5 e-con-full e-flex e-con e-parent\" data-id=\"022d6a5\" data-element_type=\"container\" data-e-type=\"container\">\n\t\t\t\t<div class=\"elementor-element elementor-element-27a52b3 elementor-widget elementor-widget-image\" data-id=\"27a52b3\" data-element_type=\"widget\" data-e-type=\"widget\" data-widget_type=\"image.default\">\n\t\t\t\t\t\t\t\t\t\t\t\t\t\t\t<img decoding=\"async\" width=\"2560\" height=\"1135\" src=\"https:\/\/cparici.com\/wp-content\/uploads\/2024\/06\/fouesnant-plage-illustration-scaled.jpg\" class=\"attachment-full size-full wp-image-35757\" alt=\"Location vacances Finist\u00e8re sud\" srcset=\"https:\/\/cparici.com\/wp-content\/uploads\/2024\/06\/fouesnant-plage-illustration-scaled.jpg 2560w, https:\/\/cparici.com\/wp-content\/uploads\/2024\/06\/fouesnant-plage-illustration-scaled-600x266.jpg 600w, https:\/\/cparici.com\/wp-content\/uploads\/2024\/06\/fouesnant-plage-illustration-300x133.jpg 300w, https:\/\/cparici.com\/wp-content\/uploads\/2024\/06\/fouesnant-plage-illustration-1024x454.jpg 1024w, https:\/\/cparici.com\/wp-content\/uploads\/2024\/06\/fouesnant-plage-illustration-768x340.jpg 768w, https:\/\/cparici.com\/wp-content\/uploads\/2024\/06\/fouesnant-plage-illustration-1536x681.jpg 1536w, https:\/\/cparici.com\/wp-content\/uploads\/2024\/06\/fouesnant-plage-illustration-2048x908.jpg 2048w\" sizes=\"(max-width: 2560px) 100vw, 2560px\" \/>\t\t\t\t\t\t\t\t\t\t\t\t\t\t\t<\/div>\n\t\t\t\t<\/div>\n\t\t<aside class=\"elementor-element elementor-element-d406551 e-flex e-con-boxed e-con e-parent\" data-id=\"d406551\" data-element_type=\"container\" data-e-type=\"container\">\n\t\t\t\t\t<div class=\"e-con-inner\">\n\t\t\t\t<div class=\"elementor-element elementor-element-0d160f6 elementor-widget elementor-widget-global elementor-global-62046 elementor-widget-eael-advanced-search\" data-id=\"0d160f6\" data-element_type=\"widget\" data-e-type=\"widget\" data-widget_type=\"eael-advanced-search.default\">\n\t\t\t\t\t        <div class=\"eael-adv-search-wrapper\">\n            <div id=\"eael-advanced-search-widget-0d160f6\" class=\"eael-advanced-search-widget\">\n                <form data-settings=\"{&quot;post_per_page&quot;:5,&quot;search_among_taxonomies&quot;:&quot;&quot;,&quot;search_among_sku&quot;:&quot;no&quot;,&quot;show_popular_keyword&quot;:0,&quot;show_category&quot;:0,&quot;show_content_image&quot;:1,&quot;show_search_result_all_results&quot;:0,&quot;result_on_new_tab&quot;:&quot;no&quot;,&quot;show_product_price&quot;:&quot;no&quot;,&quot;include_current_page&quot;:&quot;no&quot;,&quot;current_post_id&quot;:35755,&quot;post_type&quot;:[&quot;post&quot;,&quot;listing&quot;]}\" method=\"POST\" name=\"eael-advanced-search-form-0d160f6\" class=\"eael-advanced-search-form eael-advanced-search-form-style-2\">\n                    <div class=\"eael-advanced-search-wrap\">\n                        <span class=\"eael-adv-search-loader\"><\/span>\n                        <span class=\"eael-adv-search-close\"><i class=\"fas fa-times\"><\/i><\/span>\n                        <span class=\"icon \"><i class=\"fas fa-search\"><\/i><\/span>\n\n                        <input type=\"text\"\n                               placeholder=\"Votre destination\"\n                               class=\"eael-advanced-search\" autocomplete=\"off\" name=\"eael_advanced_search\">\n                    <\/div>\n\t\t\t\t\t                                    <\/form>\n\n\t\t\t\t\n\t\t\t\t        <div class=\"eael-advanced-search-result\">\n            <div class=\"eael-advanced-search-popular-keyword\">\n\t\t\t\t<h4 class=\"eael-advanced-search-popular-keyword-text\">Recherches populaires<\/h4>                <div class=\"eael-popular-keyword-content\"><\/div>\n            <\/div>\n            <div class=\"eael-advanced-search-category\">\n\t\t\t\t<h4 class=\"eael-advanced-search-category-text\">Categories<\/h4>                <div class=\"eael-popular-category-content\"><\/div>\n            <\/div>\n\t\t\t<div class=\"eael-advanced-search-total-results-section\">\n\t\t\t\t\t\t\t<\/div>\n            <div class=\"eael-advanced-search-content eael-item-style-3\">\n            <\/div>\n            <div class=\"eael-advanced-search-not-found\">\n                <p>Pas de r\u00e9sultats<\/p><\/div>\n            <div class=\"eael-advanced-search-load-more\">\n\t\t\t\t<a \tclass=\"eael-advanced-search-load-more-button\"\n                \thref=\"#\">Voir tous les r\u00e9sultats<\/a>\n            <\/div>\n        <\/div>\n\n\t\t            <\/div>\n        <\/div>\n\n\t\t\t\t\t\t<\/div>\n\t\t\t\t\t<\/div>\n\t\t\t\t<\/aside>\n\t\t<div class=\"elementor-element elementor-element-3bad37b4 e-flex e-con-boxed e-con e-parent\" data-id=\"3bad37b4\" data-element_type=\"container\" data-e-type=\"container\">\n\t\t\t\t\t<div class=\"e-con-inner\">\n\t\t\t\t<div class=\"elementor-element elementor-element-732bc25f elementor-widget elementor-widget-text-editor\" data-id=\"732bc25f\" data-element_type=\"widget\" data-e-type=\"widget\" data-widget_type=\"text-editor.default\">\n\t\t\t\t\t\t\t\t\t<h1 style=\"text-align: center;\"><span style=\"font-size: 18pt;\">Location vacances Finist\u00e8re sud<\/span><\/h1><p>R\u00eavez-vous de vacances m\u00e9morables en <a href=\"https:\/\/www.loclilala.com\/fr\/visiter-la-bretagne-guide-des-sites-et-villes-a-explorer\/\" target=\"_blank\" rel=\"noopener\">Bretagne<\/a>, une r\u00e9gion qui brille par son patrimoine, sa culture et sa nature exceptionnelle ? Le sud Finist\u00e8re est alors la destination parfaite pour vous ! <strong>Cet article intitul\u00e9 \u2018location vacances Finist\u00e8re sud\u2019 vous guidera \u00e0 travers les attraits incontournables du sud Finist\u00e8re<\/strong>, vous pr\u00e9sentera les diff\u00e9rents types d\u2019h\u00e9bergements disponibles et vous offrira des conseils pratiques pour s\u00e9lectionner le lieu de vacances parfait en sud Finist\u00e8re.<\/p><p>Peu importe votre pr\u00e9f\u00e9rence entre la mer et la campagne, le sud Finist\u00e8re offre une grande vari\u00e9t\u00e9 d\u2019options de location de vacances. Que votre choix se porte sur une maison, un appartement, un g\u00eete, une chambre d\u2019h\u00f4tes ou m\u00eame un mobil-home, vous trouverez sans aucun doute l\u2019endroit id\u00e9al pour s\u00e9journer, alliant confort et charme.<\/p><p>Laissez-vous guider !<\/p><h2>\u00a0<\/h2>\t\t\t\t\t\t\t\t<\/div>\n\t\t\t\t\t<\/div>\n\t\t\t\t<\/div>\n\t\t<div class=\"elementor-element elementor-element-3ef5345 e-flex e-con-boxed e-con e-parent\" data-id=\"3ef5345\" data-element_type=\"container\" data-e-type=\"container\">\n\t\t\t\t\t<div class=\"e-con-inner\">\n\t\t\t\t<div class=\"elementor-element elementor-element-d79bf2a elementor-widget elementor-widget-listeo-listings-carousel\" data-id=\"d79bf2a\" data-element_type=\"widget\" data-e-type=\"widget\" data-widget_type=\"listeo-listings-carousel.default\">\n\t\t\t\t<div class=\"elementor-widget-container\">\n\t\t\t\t\t        <!-- Carousel \/ Start -->\n        \t<div class=\"simple-slick-carousel dots-nav\" data-slick='{&quot;autoplay&quot;:false,&quot;autoplaySpeed&quot;:3000,&quot;slidesToShow&quot;:3,&quot;slidesToScroll&quot;:1,&quot;responsive&quot;:[{&quot;breakpoint&quot;:1024,&quot;settings&quot;:{&quot;slidesToShow&quot;:2,&quot;slidesToScroll&quot;:1}},{&quot;breakpoint&quot;:768,&quot;settings&quot;:{&quot;slidesToShow&quot;:1,&quot;slidesToScroll&quot;:1}}]}'>\n                            <div class=\"fw-carousel-item\">                    \n                        <!-- Listing Item -->\r\n            <div class=\"col-lg-6 col-md-12\">\r\n                <a href=\"https:\/\/cparici.com\/fr\/annonce\/maison-le-bonheur-4-pers\/\" class=\"listing-item-container listing-geo-data compact\" data-title=\"Maison Le Bonheur, 4 pers\" data-listing-type=\"rental\" data-classifieds-price=\"\u20ac\" data-friendly-address=\"Concarneau, Le Porzou\" data-address=\"Concarneau, Le Porzou\" data-image=\"https:\/\/cparici.com\/wp-content\/uploads\/2025\/01\/le-bonheur-1-520x397.jpg\" data-longitude=\"-3.9016358\" data-latitude=\"47.8660765\" data-rating=\"0\" data-reviews=\"0\" data-icon=\"<svg xmlns=&quot;http:\/\/www.w3.org\/2000\/svg&quot; width=&quot;800px&quot; height=&quot;800px&quot; viewBox=&quot;0 0 45 45&quot; fill=&quot;none&quot;>\n<path d=&quot;M24.155 8.78099L24.33 8.94499L37.402 21.787L36 23.213L34.2 21.445L34.201 35C34.201 36.054 33.385 36.918 32.35 36.994L32.201 37H12.201C11.147 37 10.283 36.184 10.206 35.149L10.201 35L10.2 21.446L8.402 23.213L7 21.787L20.058 8.95799C21.171 7.82199 22.966 7.75899 24.155 8.78099ZM21.569 10.285L21.473 10.372L12.2 19.481L12.201 35L17.2 34.999L17.201 25C17.201 23.946 18.017 23.082 19.052 23.005L19.201 23H25.201C26.255 23 27.119 23.816 27.196 24.851L27.201 25L27.2 34.999L32.201 35L32.2 19.48L22.901 10.344C22.537 9.98699 21.969 9.96499 21.569 10.285ZM25.201 25H19.201L19.2 34.999H25.2L25.201 25Z&quot; fill=&quot;#3C3C3C&quot;\/>\n<\/svg>\">\r\n            <div class=\"listing-item  \">\r\n                <div class=\"listing-small-badges-container\">\r\n                                                                <div class=\"listing-small-badge pricing-badge\"><i class=\"fa fa-tag\"><\/i>117,00\u20ac - 0,00\u20ac<\/div>\r\n                                                            \r\n                                        \r\n                                        \r\n                <\/div>\r\n                <img decoding=\"async\" src=\"https:\/\/cparici.com\/wp-content\/uploads\/2025\/01\/le-bonheur-1-520x397.jpg\" alt=\"Maison Le Bonheur, 4 pers\" class=\"listing-thumbnail\">\r\n                \r\n\r\n                <div class=\"listing-item-content\">\r\n                    \r\n                    <h3> Maison Le Bonheur, 4 pers <\/h3>\r\n                    <span>Concarneau, Le Porzou<\/span>\r\n                <\/div>\r\n                                        <span class=\"save like-icon tooltip left\" title=\"Connexion pour marquer des \u00e9l\u00e9ments\"><\/span>\r\n                                                <\/div>\r\n        <\/a>\r\n                    <\/div>\r\n        \r\n\r\n        <!-- Listing Item \/ End -->\n                    <\/div>\n                                      <div class=\"fw-carousel-item\">                    \n                        <!-- Listing Item -->\r\n            <div class=\"col-lg-6 col-md-12\">\r\n                <a href=\"https:\/\/cparici.com\/fr\/annonce\/ti-dousig-maison-familiale-de-charme-plages-a-1km-du-port-et-du-centre-ville-daudierne\/\" class=\"listing-item-container listing-geo-data compact\" data-title=\"Ti-dousig Maison familiale de charme, plages \u00e0 1km, du port et du centre-ville d\u2019Audierne\" data-listing-type=\"rental\" data-classifieds-price=\"\u20ac\" data-friendly-address=\"Rue Jean Racine\" data-address=\"Rue Jean Racine\" data-image=\"https:\/\/cparici.com\/wp-content\/uploads\/2026\/02\/20250302_164839-520x397.jpg\" data-longitude=\"-4.5470464\" data-latitude=\"48.02123719999999\" data-rating=\"5\" data-reviews=\"1\" data-icon=\"<svg xmlns=&quot;http:\/\/www.w3.org\/2000\/svg&quot; width=&quot;800px&quot; height=&quot;800px&quot; viewBox=&quot;0 0 45 45&quot; fill=&quot;none&quot;>\n<path d=&quot;M24.155 8.78099L24.33 8.94499L37.402 21.787L36 23.213L34.2 21.445L34.201 35C34.201 36.054 33.385 36.918 32.35 36.994L32.201 37H12.201C11.147 37 10.283 36.184 10.206 35.149L10.201 35L10.2 21.446L8.402 23.213L7 21.787L20.058 8.95799C21.171 7.82199 22.966 7.75899 24.155 8.78099ZM21.569 10.285L21.473 10.372L12.2 19.481L12.201 35L17.2 34.999L17.201 25C17.201 23.946 18.017 23.082 19.052 23.005L19.201 23H25.201C26.255 23 27.119 23.816 27.196 24.851L27.201 25L27.2 34.999L32.201 35L32.2 19.48L22.901 10.344C22.537 9.98699 21.969 9.96499 21.569 10.285ZM25.201 25H19.201L19.2 34.999H25.2L25.201 25Z&quot; fill=&quot;#3C3C3C&quot;\/>\n<\/svg>\">\r\n            <div class=\"listing-item  \">\r\n                <div class=\"listing-small-badges-container\">\r\n                                                                <div class=\"listing-small-badge pricing-badge\"><i class=\"fa fa-tag\"><\/i>105,00\u20ac - 195,00\u20ac<\/div>\r\n                                                            \r\n                                        \r\n                                        \r\n                <\/div>\r\n                <img decoding=\"async\" src=\"https:\/\/cparici.com\/wp-content\/uploads\/2026\/02\/20250302_164839-520x397.jpg\" alt=\"Ti-dousig Maison familiale de charme, plages \u00e0 1km, du port et du centre-ville d\u2019Audierne\" class=\"listing-thumbnail\">\r\n                \r\n\r\n                <div class=\"listing-item-content\">\r\n                                                <div class=\"numerical-rating\" data-rating=\"5.0\"><\/div>\r\n                    \r\n                    <h3> Ti-dousig Maison familiale de charme, plages \u00e0 1km, du port et du centre-ville d\u2019Audierne <\/h3>\r\n                    <span>Rue Jean Racine<\/span>\r\n                <\/div>\r\n                                        <span class=\"save like-icon tooltip left\" title=\"Connexion pour marquer des \u00e9l\u00e9ments\"><\/span>\r\n                                                <\/div>\r\n        <\/a>\r\n                    <\/div>\r\n        \r\n\r\n        <!-- Listing Item \/ End -->\n                    <\/div>\n                                      <div class=\"fw-carousel-item\">                    \n                        <!-- Listing Item -->\r\n            <div class=\"col-lg-6 col-md-12\">\r\n                <a href=\"https:\/\/cparici.com\/fr\/annonce\/location-vacances-votre-annonce-ici\/\" class=\"listing-item-container listing-geo-data compact\" data-title=\"Location Vacances Votre Annonce ici\" data-listing-type=\"rental\" data-classifieds-price=\"\u20ac\" data-friendly-address=\"39\u20ac\/an\" data-address=\"39\u20ac\/an\" data-image=\"https:\/\/cparici.com\/wp-content\/uploads\/2024\/10\/vue-mer-hebergement-location-520x397.jpg\" data-longitude=\"-0.9542766999999999\" data-latitude=\"45.55482319999999\" data-rating=\"0\" data-reviews=\"0\" data-icon=\"<svg xmlns=&quot;http:\/\/www.w3.org\/2000\/svg&quot; width=&quot;800px&quot; height=&quot;800px&quot; viewBox=&quot;0 0 45 45&quot; fill=&quot;none&quot;>\n<path d=&quot;M24.155 8.78099L24.33 8.94499L37.402 21.787L36 23.213L34.2 21.445L34.201 35C34.201 36.054 33.385 36.918 32.35 36.994L32.201 37H12.201C11.147 37 10.283 36.184 10.206 35.149L10.201 35L10.2 21.446L8.402 23.213L7 21.787L20.058 8.95799C21.171 7.82199 22.966 7.75899 24.155 8.78099ZM21.569 10.285L21.473 10.372L12.2 19.481L12.201 35L17.2 34.999L17.201 25C17.201 23.946 18.017 23.082 19.052 23.005L19.201 23H25.201C26.255 23 27.119 23.816 27.196 24.851L27.201 25L27.2 34.999L32.201 35L32.2 19.48L22.901 10.344C22.537 9.98699 21.969 9.96499 21.569 10.285ZM25.201 25H19.201L19.2 34.999H25.2L25.201 25Z&quot; fill=&quot;#3C3C3C&quot;\/>\n<\/svg>\">\r\n            <div class=\"listing-item  \">\r\n                <div class=\"listing-small-badges-container\">\r\n                                                                <div class=\"listing-small-badge pricing-badge\"><i class=\"fa fa-tag\"><\/i>200,00\u20ac - 300,00\u20ac<\/div>\r\n                                                            \r\n                                        \r\n                                        \r\n                <\/div>\r\n                <img decoding=\"async\" src=\"https:\/\/cparici.com\/wp-content\/uploads\/2024\/10\/vue-mer-hebergement-location-520x397.jpg\" alt=\"Location Vacances Votre Annonce ici\" class=\"listing-thumbnail\">\r\n                \r\n\r\n                <div class=\"listing-item-content\">\r\n                    \r\n                    <h3> Location Vacances Votre Annonce ici <\/h3>\r\n                    <span>39\u20ac\/an<\/span>\r\n                <\/div>\r\n                                        <span class=\"save like-icon tooltip left\" title=\"Connexion pour marquer des \u00e9l\u00e9ments\"><\/span>\r\n                                                <\/div>\r\n        <\/a>\r\n                    <\/div>\r\n        \r\n\r\n        <!-- Listing Item \/ End -->\n                    <\/div>\n                                      <div class=\"fw-carousel-item\">                    \n                        <!-- Listing Item -->\r\n            <div class=\"col-lg-6 col-md-12\">\r\n                <a href=\"https:\/\/cparici.com\/fr\/annonce\/maison-de-vacances-ty-eon-mor\/\" class=\"listing-item-container listing-geo-data compact\" data-title=\"Maison de Vacances Ty Eon Mor\" data-listing-type=\"rental\" data-classifieds-price=\"\u20ac\" data-friendly-address=\"saint-Pol-de-L\u00e9on , 150 m plage de Sainte-Anne\" data-address=\"saint-Pol-de-L\u00e9on , 150 m plage de Sainte-Anne\" data-image=\"https:\/\/cparici.com\/wp-content\/uploads\/2026\/01\/IMG-20260130-WA0028-520x397.jpg\" data-longitude=\"-3.969706\" data-latitude=\"48.6889036\" data-rating=\"0\" data-reviews=\"0\" data-icon=\"<svg xmlns=&quot;http:\/\/www.w3.org\/2000\/svg&quot; width=&quot;800px&quot; height=&quot;800px&quot; viewBox=&quot;0 0 45 45&quot; fill=&quot;none&quot;>\n<path d=&quot;M24.155 8.78099L24.33 8.94499L37.402 21.787L36 23.213L34.2 21.445L34.201 35C34.201 36.054 33.385 36.918 32.35 36.994L32.201 37H12.201C11.147 37 10.283 36.184 10.206 35.149L10.201 35L10.2 21.446L8.402 23.213L7 21.787L20.058 8.95799C21.171 7.82199 22.966 7.75899 24.155 8.78099ZM21.569 10.285L21.473 10.372L12.2 19.481L12.201 35L17.2 34.999L17.201 25C17.201 23.946 18.017 23.082 19.052 23.005L19.201 23H25.201C26.255 23 27.119 23.816 27.196 24.851L27.201 25L27.2 34.999L32.201 35L32.2 19.48L22.901 10.344C22.537 9.98699 21.969 9.96499 21.569 10.285ZM25.201 25H19.201L19.2 34.999H25.2L25.201 25Z&quot; fill=&quot;#3C3C3C&quot;\/>\n<\/svg>\">\r\n            <div class=\"listing-item  featured-listing\">\r\n                <div class=\"listing-small-badges-container\">\r\n                                            <div class=\"listing-small-badge featured-badge\"><i class=\"fa fa-star\"><\/i> En vedette<\/div>\r\n                                                                <div class=\"listing-small-badge pricing-badge\"><i class=\"fa fa-tag\"><\/i>93,00\u20ac - 207,00\u20ac<\/div>\r\n                                                            \r\n                                        \r\n                                        \r\n                <\/div>\r\n                <img decoding=\"async\" src=\"https:\/\/cparici.com\/wp-content\/uploads\/2026\/01\/IMG-20260130-WA0028-520x397.jpg\" alt=\"Maison de Vacances Ty Eon Mor\" class=\"listing-thumbnail\">\r\n                \r\n\r\n                <div class=\"listing-item-content\">\r\n                    \r\n                    <h3> Maison de Vacances Ty Eon Mor <\/h3>\r\n                    <span>saint-Pol-de-L\u00e9on , 150 m plage de Sainte-Anne<\/span>\r\n                <\/div>\r\n                                        <span class=\"save like-icon tooltip left\" title=\"Connexion pour marquer des \u00e9l\u00e9ments\"><\/span>\r\n                                                <\/div>\r\n        <\/a>\r\n                    <\/div>\r\n        \r\n\r\n        <!-- Listing Item \/ End -->\n                    <\/div>\n                                      <div class=\"fw-carousel-item\">                    \n                        <!-- Listing Item -->\r\n            <div class=\"col-lg-6 col-md-12\">\r\n                <a href=\"https:\/\/cparici.com\/fr\/annonce\/la-rose-des-vents-8-pers\/\" class=\"listing-item-container listing-geo-data compact\" data-title=\"La Rose des Vents, 8 Pers\" data-listing-type=\"rental\" data-classifieds-price=\"\u20ac\" data-friendly-address=\"Le Rouz\" data-address=\"Le Rouz\" data-image=\"https:\/\/cparici.com\/wp-content\/uploads\/2025\/01\/la-rose-des-vents-2-520x397.jpg\" data-longitude=\"-3.9069835\" data-latitude=\"47.8674861\" data-rating=\"0\" data-reviews=\"0\" data-icon=\"<svg xmlns=&quot;http:\/\/www.w3.org\/2000\/svg&quot; width=&quot;800px&quot; height=&quot;800px&quot; viewBox=&quot;0 0 45 45&quot; fill=&quot;none&quot;>\n<path d=&quot;M24.155 8.78099L24.33 8.94499L37.402 21.787L36 23.213L34.2 21.445L34.201 35C34.201 36.054 33.385 36.918 32.35 36.994L32.201 37H12.201C11.147 37 10.283 36.184 10.206 35.149L10.201 35L10.2 21.446L8.402 23.213L7 21.787L20.058 8.95799C21.171 7.82199 22.966 7.75899 24.155 8.78099ZM21.569 10.285L21.473 10.372L12.2 19.481L12.201 35L17.2 34.999L17.201 25C17.201 23.946 18.017 23.082 19.052 23.005L19.201 23H25.201C26.255 23 27.119 23.816 27.196 24.851L27.201 25L27.2 34.999L32.201 35L32.2 19.48L22.901 10.344C22.537 9.98699 21.969 9.96499 21.569 10.285ZM25.201 25H19.201L19.2 34.999H25.2L25.201 25Z&quot; fill=&quot;#3C3C3C&quot;\/>\n<\/svg>\">\r\n            <div class=\"listing-item  \">\r\n                <div class=\"listing-small-badges-container\">\r\n                                                                <div class=\"listing-small-badge pricing-badge\"><i class=\"fa fa-tag\"><\/i>191,00\u20ac - 240,00\u20ac<\/div>\r\n                                                            \r\n                                        \r\n                                        \r\n                <\/div>\r\n                <img decoding=\"async\" src=\"https:\/\/cparici.com\/wp-content\/uploads\/2025\/01\/la-rose-des-vents-2-520x397.jpg\" alt=\"La Rose des Vents, 8 Pers\" class=\"listing-thumbnail\">\r\n                \r\n\r\n                <div class=\"listing-item-content\">\r\n                    \r\n                    <h3> La Rose des Vents, 8 Pers <\/h3>\r\n                    <span>Le Rouz<\/span>\r\n                <\/div>\r\n                                        <span class=\"save like-icon tooltip left\" title=\"Connexion pour marquer des \u00e9l\u00e9ments\"><\/span>\r\n                                                <\/div>\r\n        <\/a>\r\n                    <\/div>\r\n        \r\n\r\n        <!-- Listing Item \/ End -->\n                    <\/div>\n                                      <div class=\"fw-carousel-item\">                    \n                        <!-- Listing Item -->\r\n            <div class=\"col-lg-6 col-md-12\">\r\n                <a href=\"https:\/\/cparici.com\/fr\/annonce\/appartement-le-hublot-4-pers-concarneau\/\" class=\"listing-item-container listing-geo-data compact\" data-title=\"Appartement Le Hublot 4 Pers \u2013 Concarneau\" data-listing-type=\"rental\" data-classifieds-price=\"\u20ac\" data-friendly-address=\"Thalasso Concarneau\" data-address=\"Thalasso Concarneau\" data-image=\"https:\/\/cparici.com\/wp-content\/uploads\/2026\/04\/appartement-le-hublot-concarneau-cuisine-520x397.jpg\" data-longitude=\"-3.9297274\" data-latitude=\"47.8804838\" data-rating=\"0\" data-reviews=\"0\" data-icon=\"<svg xmlns=&quot;http:\/\/www.w3.org\/2000\/svg&quot; width=&quot;800px&quot; height=&quot;800px&quot; viewBox=&quot;0 0 45 45&quot; fill=&quot;none&quot;>\n<path d=&quot;M24.155 8.78099L24.33 8.94499L37.402 21.787L36 23.213L34.2 21.445L34.201 35C34.201 36.054 33.385 36.918 32.35 36.994L32.201 37H12.201C11.147 37 10.283 36.184 10.206 35.149L10.201 35L10.2 21.446L8.402 23.213L7 21.787L20.058 8.95799C21.171 7.82199 22.966 7.75899 24.155 8.78099ZM21.569 10.285L21.473 10.372L12.2 19.481L12.201 35L17.2 34.999L17.201 25C17.201 23.946 18.017 23.082 19.052 23.005L19.201 23H25.201C26.255 23 27.119 23.816 27.196 24.851L27.201 25L27.2 34.999L32.201 35L32.2 19.48L22.901 10.344C22.537 9.98699 21.969 9.96499 21.569 10.285ZM25.201 25H19.201L19.2 34.999H25.2L25.201 25Z&quot; fill=&quot;#3C3C3C&quot;\/>\n<\/svg>\">\r\n            <div class=\"listing-item  \">\r\n                <div class=\"listing-small-badges-container\">\r\n                                                                <div class=\"listing-small-badge pricing-badge\"><i class=\"fa fa-tag\"><\/i>120,00\u20ac - 0,00\u20ac<\/div>\r\n                                                            \r\n                                        \r\n                                        \r\n                <\/div>\r\n                <img decoding=\"async\" src=\"https:\/\/cparici.com\/wp-content\/uploads\/2026\/04\/appartement-le-hublot-concarneau-cuisine-520x397.jpg\" alt=\"Appartement Le Hublot 4 Pers \u2013 Concarneau\" class=\"listing-thumbnail\">\r\n                \r\n\r\n                <div class=\"listing-item-content\">\r\n                    \r\n                    <h3> Appartement Le Hublot 4 Pers \u2013 Concarneau <\/h3>\r\n                    <span>Thalasso Concarneau<\/span>\r\n                <\/div>\r\n                                        <span class=\"save like-icon tooltip left\" title=\"Connexion pour marquer des \u00e9l\u00e9ments\"><\/span>\r\n                                                <\/div>\r\n        <\/a>\r\n                    <\/div>\r\n        \r\n\r\n        <!-- Listing Item \/ End -->\n                    <\/div>\n                                      <div class=\"fw-carousel-item\">                    \n                        <!-- Listing Item -->\r\n            <div class=\"col-lg-6 col-md-12\">\r\n                <a href=\"https:\/\/cparici.com\/fr\/annonce\/perle-maison-6-pers-avec-piscine-couverte-et-vue-mer\/\" class=\"listing-item-container listing-geo-data compact\" data-title=\"Perle Maison 6 Pers avec Piscine Couverte et Vue Mer\" data-listing-type=\"rental\" data-classifieds-price=\"\u20ac\" data-friendly-address=\"Concarneau, Les Sables Blancs\" data-address=\"Concarneau, Les Sables Blancs\" data-image=\"https:\/\/cparici.com\/wp-content\/uploads\/2026\/03\/maison-vacances-perle-concarneau-exterieur-520x397.jpg\" data-longitude=\"-3.934530282209957\" data-latitude=\"47.884541075243035\" data-rating=\"0\" data-reviews=\"0\" data-icon=\"<svg xmlns=&quot;http:\/\/www.w3.org\/2000\/svg&quot; width=&quot;800px&quot; height=&quot;800px&quot; viewBox=&quot;0 0 45 45&quot; fill=&quot;none&quot;>\n<path d=&quot;M24.155 8.78099L24.33 8.94499L37.402 21.787L36 23.213L34.2 21.445L34.201 35C34.201 36.054 33.385 36.918 32.35 36.994L32.201 37H12.201C11.147 37 10.283 36.184 10.206 35.149L10.201 35L10.2 21.446L8.402 23.213L7 21.787L20.058 8.95799C21.171 7.82199 22.966 7.75899 24.155 8.78099ZM21.569 10.285L21.473 10.372L12.2 19.481L12.201 35L17.2 34.999L17.201 25C17.201 23.946 18.017 23.082 19.052 23.005L19.201 23H25.201C26.255 23 27.119 23.816 27.196 24.851L27.201 25L27.2 34.999L32.201 35L32.2 19.48L22.901 10.344C22.537 9.98699 21.969 9.96499 21.569 10.285ZM25.201 25H19.201L19.2 34.999H25.2L25.201 25Z&quot; fill=&quot;#3C3C3C&quot;\/>\n<\/svg>\">\r\n            <div class=\"listing-item  \">\r\n                <div class=\"listing-small-badges-container\">\r\n                                                                <div class=\"listing-small-badge pricing-badge\"><i class=\"fa fa-tag\"><\/i>230,00\u20ac - 0,00\u20ac<\/div>\r\n                                                            \r\n                                        \r\n                                        \r\n                <\/div>\r\n                <img decoding=\"async\" src=\"https:\/\/cparici.com\/wp-content\/uploads\/2026\/03\/maison-vacances-perle-concarneau-exterieur-520x397.jpg\" alt=\"Perle Maison 6 Pers avec Piscine Couverte et Vue Mer\" class=\"listing-thumbnail\">\r\n                \r\n\r\n                <div class=\"listing-item-content\">\r\n                    \r\n                    <h3> Perle Maison 6 Pers avec Piscine Couverte et Vue Mer <\/h3>\r\n                    <span>Concarneau, Les Sables Blancs<\/span>\r\n                <\/div>\r\n                                        <span class=\"save like-icon tooltip left\" title=\"Connexion pour marquer des \u00e9l\u00e9ments\"><\/span>\r\n                                                <\/div>\r\n        <\/a>\r\n                    <\/div>\r\n        \r\n\r\n        <!-- Listing Item \/ End -->\n                    <\/div>\n                                      <div class=\"fw-carousel-item\">                    \n                        <!-- Listing Item -->\r\n            <div class=\"col-lg-6 col-md-12\">\r\n                <a href=\"https:\/\/cparici.com\/fr\/annonce\/viki-thalasso-2-4-pers\/\" class=\"listing-item-container listing-geo-data compact\" data-title=\"VIKI-Thalasso, 2-4 Pers\" data-listing-type=\"rental\" data-classifieds-price=\"\u20ac\" data-friendly-address=\"Les Sables Blancs\" data-address=\"Les Sables Blancs\" data-image=\"https:\/\/cparici.com\/wp-content\/uploads\/2025\/01\/Viki-1-520x397.jpg\" data-longitude=\"-3.9305571\" data-latitude=\"47.8807434\" data-rating=\"0\" data-reviews=\"0\" data-icon=\"<svg xmlns=&quot;http:\/\/www.w3.org\/2000\/svg&quot; width=&quot;800px&quot; height=&quot;800px&quot; viewBox=&quot;0 0 45 45&quot; fill=&quot;none&quot;>\n<path d=&quot;M24.155 8.78099L24.33 8.94499L37.402 21.787L36 23.213L34.2 21.445L34.201 35C34.201 36.054 33.385 36.918 32.35 36.994L32.201 37H12.201C11.147 37 10.283 36.184 10.206 35.149L10.201 35L10.2 21.446L8.402 23.213L7 21.787L20.058 8.95799C21.171 7.82199 22.966 7.75899 24.155 8.78099ZM21.569 10.285L21.473 10.372L12.2 19.481L12.201 35L17.2 34.999L17.201 25C17.201 23.946 18.017 23.082 19.052 23.005L19.201 23H25.201C26.255 23 27.119 23.816 27.196 24.851L27.201 25L27.2 34.999L32.201 35L32.2 19.48L22.901 10.344C22.537 9.98699 21.969 9.96499 21.569 10.285ZM25.201 25H19.201L19.2 34.999H25.2L25.201 25Z&quot; fill=&quot;#3C3C3C&quot;\/>\n<\/svg>\">\r\n            <div class=\"listing-item  \">\r\n                <div class=\"listing-small-badges-container\">\r\n                                                                <div class=\"listing-small-badge pricing-badge\"><i class=\"fa fa-tag\"><\/i>Commence \u00e0 partir de 97,00\u20ac<\/div>\r\n                                                            \r\n                                        \r\n                                        \r\n                <\/div>\r\n                <img decoding=\"async\" src=\"https:\/\/cparici.com\/wp-content\/uploads\/2025\/01\/Viki-1-520x397.jpg\" alt=\"VIKI-Thalasso, 2-4 Pers\" class=\"listing-thumbnail\">\r\n                \r\n\r\n                <div class=\"listing-item-content\">\r\n                    \r\n                    <h3> VIKI-Thalasso, 2-4 Pers <\/h3>\r\n                    <span>Les Sables Blancs<\/span>\r\n                <\/div>\r\n                                        <span class=\"save like-icon tooltip left\" title=\"Connexion pour marquer des \u00e9l\u00e9ments\"><\/span>\r\n                                                <\/div>\r\n        <\/a>\r\n                    <\/div>\r\n        \r\n\r\n        <!-- Listing Item \/ End -->\n                    <\/div>\n                                      <div class=\"fw-carousel-item\">                    \n                        <!-- Listing Item -->\r\n            <div class=\"col-lg-6 col-md-12\">\r\n                <a href=\"https:\/\/cparici.com\/fr\/annonce\/brise-marine-4-pers-2\/\" class=\"listing-item-container listing-geo-data compact\" data-title=\"Brise Marine, 4 Pers\" data-listing-type=\"rental\" data-classifieds-price=\"\u20ac\" data-friendly-address=\"La Corniche\" data-address=\"La Corniche\" data-image=\"https:\/\/cparici.com\/wp-content\/uploads\/2025\/01\/brise-marine-1-520x397.jpg\" data-longitude=\"-3.9236476\" data-latitude=\"47.8707177\" data-rating=\"0\" data-reviews=\"0\" data-icon=\"<svg xmlns=&quot;http:\/\/www.w3.org\/2000\/svg&quot; width=&quot;800px&quot; height=&quot;800px&quot; viewBox=&quot;0 0 45 45&quot; fill=&quot;none&quot;>\n<path d=&quot;M24.155 8.78099L24.33 8.94499L37.402 21.787L36 23.213L34.2 21.445L34.201 35C34.201 36.054 33.385 36.918 32.35 36.994L32.201 37H12.201C11.147 37 10.283 36.184 10.206 35.149L10.201 35L10.2 21.446L8.402 23.213L7 21.787L20.058 8.95799C21.171 7.82199 22.966 7.75899 24.155 8.78099ZM21.569 10.285L21.473 10.372L12.2 19.481L12.201 35L17.2 34.999L17.201 25C17.201 23.946 18.017 23.082 19.052 23.005L19.201 23H25.201C26.255 23 27.119 23.816 27.196 24.851L27.201 25L27.2 34.999L32.201 35L32.2 19.48L22.901 10.344C22.537 9.98699 21.969 9.96499 21.569 10.285ZM25.201 25H19.201L19.2 34.999H25.2L25.201 25Z&quot; fill=&quot;#3C3C3C&quot;\/>\n<\/svg>\">\r\n            <div class=\"listing-item  \">\r\n                <div class=\"listing-small-badges-container\">\r\n                                                                <div class=\"listing-small-badge pricing-badge\"><i class=\"fa fa-tag\"><\/i>Commence \u00e0 partir de 180,00\u20ac<\/div>\r\n                                                            \r\n                                        \r\n                                        \r\n                <\/div>\r\n                <img decoding=\"async\" src=\"https:\/\/cparici.com\/wp-content\/uploads\/2025\/01\/brise-marine-1-520x397.jpg\" alt=\"Brise Marine, 4 Pers\" class=\"listing-thumbnail\">\r\n                \r\n\r\n                <div class=\"listing-item-content\">\r\n                    \r\n                    <h3> Brise Marine, 4 Pers <\/h3>\r\n                    <span>La Corniche<\/span>\r\n                <\/div>\r\n                                        <span class=\"save like-icon tooltip left\" title=\"Connexion pour marquer des \u00e9l\u00e9ments\"><\/span>\r\n                                                <\/div>\r\n        <\/a>\r\n                    <\/div>\r\n        \r\n\r\n        <!-- Listing Item \/ End -->\n                    <\/div>\n                                      <div class=\"fw-carousel-item\">                    \n                        <!-- Listing Item -->\r\n            <div class=\"col-lg-6 col-md-12\">\r\n                <a href=\"https:\/\/cparici.com\/fr\/annonce\/villa-ty-lann-doue-6-pers\/\" class=\"listing-item-container listing-geo-data compact\" data-title=\"Villa Ty Lann Doue, 6 Pers\" data-listing-type=\"rental\" data-classifieds-price=\"\u20ac\" data-friendly-address=\"Clohars-Carnoet Doelan\" data-address=\"Clohars-Carnoet Doelan\" data-image=\"https:\/\/cparici.com\/wp-content\/uploads\/2025\/01\/ty-lann-1-520x397.jpg\" data-longitude=\"-3.6020136\" data-latitude=\"47.7736491\" data-rating=\"0\" data-reviews=\"0\" data-icon=\"<svg xmlns=&quot;http:\/\/www.w3.org\/2000\/svg&quot; width=&quot;800px&quot; height=&quot;800px&quot; viewBox=&quot;0 0 45 45&quot; fill=&quot;none&quot;>\n<path d=&quot;M24.155 8.78099L24.33 8.94499L37.402 21.787L36 23.213L34.2 21.445L34.201 35C34.201 36.054 33.385 36.918 32.35 36.994L32.201 37H12.201C11.147 37 10.283 36.184 10.206 35.149L10.201 35L10.2 21.446L8.402 23.213L7 21.787L20.058 8.95799C21.171 7.82199 22.966 7.75899 24.155 8.78099ZM21.569 10.285L21.473 10.372L12.2 19.481L12.201 35L17.2 34.999L17.201 25C17.201 23.946 18.017 23.082 19.052 23.005L19.201 23H25.201C26.255 23 27.119 23.816 27.196 24.851L27.201 25L27.2 34.999L32.201 35L32.2 19.48L22.901 10.344C22.537 9.98699 21.969 9.96499 21.569 10.285ZM25.201 25H19.201L19.2 34.999H25.2L25.201 25Z&quot; fill=&quot;#3C3C3C&quot;\/>\n<\/svg>\">\r\n            <div class=\"listing-item  \">\r\n                <div class=\"listing-small-badges-container\">\r\n                                                                                \r\n                                        \r\n                                        \r\n                <\/div>\r\n                <img decoding=\"async\" src=\"https:\/\/cparici.com\/wp-content\/uploads\/2025\/01\/ty-lann-1-520x397.jpg\" alt=\"Villa Ty Lann Doue, 6 Pers\" class=\"listing-thumbnail\">\r\n                \r\n\r\n                <div class=\"listing-item-content\">\r\n                    \r\n                    <h3> Villa Ty Lann Doue, 6 Pers <\/h3>\r\n                    <span>Clohars-Carnoet Doelan<\/span>\r\n                <\/div>\r\n                                        <span class=\"save like-icon tooltip left\" title=\"Connexion pour marquer des \u00e9l\u00e9ments\"><\/span>\r\n                                                <\/div>\r\n        <\/a>\r\n                    <\/div>\r\n        \r\n\r\n        <!-- Listing Item \/ End -->\n                    <\/div>\n                                      <div class=\"fw-carousel-item\">                    \n                        <!-- Listing Item -->\r\n            <div class=\"col-lg-6 col-md-12\">\r\n                <a href=\"https:\/\/cparici.com\/fr\/annonce\/villa-du-13-10-pers-avec-piscine-concarneau-le-cabellou\/\" class=\"listing-item-container listing-geo-data compact\" data-title=\"Villa du 13, 10 Pers avec piscine Concarneau \u2013 Le Cabellou\" data-listing-type=\"rental\" data-classifieds-price=\"\u20ac\" data-friendly-address=\"Le Cabellou, Concarneau\" data-address=\"Le Cabellou, Concarneau\" data-image=\"https:\/\/cparici.com\/wp-content\/uploads\/2025\/12\/piscine-exterieur-520x397.jpg\" data-longitude=\"-3.912996599999999\" data-latitude=\"47.8574682\" data-rating=\"0\" data-reviews=\"0\" data-icon=\"<svg xmlns=&quot;http:\/\/www.w3.org\/2000\/svg&quot; width=&quot;800px&quot; height=&quot;800px&quot; viewBox=&quot;0 0 45 45&quot; fill=&quot;none&quot;>\n<path d=&quot;M24.155 8.78099L24.33 8.94499L37.402 21.787L36 23.213L34.2 21.445L34.201 35C34.201 36.054 33.385 36.918 32.35 36.994L32.201 37H12.201C11.147 37 10.283 36.184 10.206 35.149L10.201 35L10.2 21.446L8.402 23.213L7 21.787L20.058 8.95799C21.171 7.82199 22.966 7.75899 24.155 8.78099ZM21.569 10.285L21.473 10.372L12.2 19.481L12.201 35L17.2 34.999L17.201 25C17.201 23.946 18.017 23.082 19.052 23.005L19.201 23H25.201C26.255 23 27.119 23.816 27.196 24.851L27.201 25L27.2 34.999L32.201 35L32.2 19.48L22.901 10.344C22.537 9.98699 21.969 9.96499 21.569 10.285ZM25.201 25H19.201L19.2 34.999H25.2L25.201 25Z&quot; fill=&quot;#3C3C3C&quot;\/>\n<\/svg>\">\r\n            <div class=\"listing-item  \">\r\n                <div class=\"listing-small-badges-container\">\r\n                                                                <div class=\"listing-small-badge pricing-badge\"><i class=\"fa fa-tag\"><\/i>360,00\u20ac - 380,00\u20ac<\/div>\r\n                                                            \r\n                                        \r\n                                        \r\n                <\/div>\r\n                <img decoding=\"async\" src=\"https:\/\/cparici.com\/wp-content\/uploads\/2025\/12\/piscine-exterieur-520x397.jpg\" alt=\"Villa du 13, 10 Pers avec piscine Concarneau \u2013 Le Cabellou\" class=\"listing-thumbnail\">\r\n                \r\n\r\n                <div class=\"listing-item-content\">\r\n                    \r\n                    <h3> Villa du 13, 10 Pers avec piscine Concarneau \u2013 Le Cabellou <\/h3>\r\n                    <span>Le Cabellou, Concarneau<\/span>\r\n                <\/div>\r\n                                        <span class=\"save like-icon tooltip left\" title=\"Connexion pour marquer des \u00e9l\u00e9ments\"><\/span>\r\n                                                <\/div>\r\n        <\/a>\r\n                    <\/div>\r\n        \r\n\r\n        <!-- Listing Item \/ End -->\n                    <\/div>\n                                      <div class=\"fw-carousel-item\">                    \n                        <!-- Listing Item -->\r\n            <div class=\"col-lg-6 col-md-12\">\r\n                <a href=\"https:\/\/cparici.com\/fr\/annonce\/le-70-sainte-marine-grande-maison-de-vacances-charme-confort-en-finistere-sud-bretagne\/\" class=\"listing-item-container listing-geo-data compact\" data-title=\"\u00a0Le 70 Sainte Marine \u2013 Grande maison de vacances charme & confort en Finist\u00e8re Sud (Bretagne)\" data-listing-type=\"rental\" data-classifieds-price=\"\u20ac\" data-friendly-address=\"Sainte-Marine (Combrit)\" data-address=\"Sainte-Marine (Combrit)\" data-image=\"https:\/\/cparici.com\/wp-content\/uploads\/2025\/07\/Bienvenue-Welcome-Sainte-Marine-Brittany-520x397.jpg\" data-longitude=\"-4.123866599999999\" data-latitude=\"47.874164\" data-rating=\"5\" data-reviews=\"8\" data-icon=\"<svg xmlns=&quot;http:\/\/www.w3.org\/2000\/svg&quot; width=&quot;800px&quot; height=&quot;800px&quot; viewBox=&quot;0 0 45 45&quot; fill=&quot;none&quot;>\n<path d=&quot;M24.155 8.78099L24.33 8.94499L37.402 21.787L36 23.213L34.2 21.445L34.201 35C34.201 36.054 33.385 36.918 32.35 36.994L32.201 37H12.201C11.147 37 10.283 36.184 10.206 35.149L10.201 35L10.2 21.446L8.402 23.213L7 21.787L20.058 8.95799C21.171 7.82199 22.966 7.75899 24.155 8.78099ZM21.569 10.285L21.473 10.372L12.2 19.481L12.201 35L17.2 34.999L17.201 25C17.201 23.946 18.017 23.082 19.052 23.005L19.201 23H25.201C26.255 23 27.119 23.816 27.196 24.851L27.201 25L27.2 34.999L32.201 35L32.2 19.48L22.901 10.344C22.537 9.98699 21.969 9.96499 21.569 10.285ZM25.201 25H19.201L19.2 34.999H25.2L25.201 25Z&quot; fill=&quot;#3C3C3C&quot;\/>\n<\/svg>\">\r\n            <div class=\"listing-item  \">\r\n                <div class=\"listing-small-badges-container\">\r\n                                                                <div class=\"listing-small-badge pricing-badge\"><i class=\"fa fa-tag\"><\/i>210,00\u20ac - 475,00\u20ac<\/div>\r\n                                                            \r\n                                        \r\n                                        \r\n                <\/div>\r\n                <img decoding=\"async\" src=\"https:\/\/cparici.com\/wp-content\/uploads\/2025\/07\/Bienvenue-Welcome-Sainte-Marine-Brittany-520x397.jpg\" alt=\"\u00a0Le 70 Sainte Marine \u2013 Grande maison de vacances charme & confort en Finist\u00e8re Sud (Bretagne)\" class=\"listing-thumbnail\">\r\n                \r\n\r\n                <div class=\"listing-item-content\">\r\n                                                <div class=\"numerical-rating\" data-rating=\"5.0\"><\/div>\r\n                    \r\n                    <h3> \u00a0Le 70 Sainte Marine \u2013 Grande maison de vacances charme & confort en Finist\u00e8re Sud (Bretagne) <\/h3>\r\n                    <span>Sainte-Marine (Combrit)<\/span>\r\n                <\/div>\r\n                                        <span class=\"save like-icon tooltip left\" title=\"Connexion pour marquer des \u00e9l\u00e9ments\"><\/span>\r\n                                                <\/div>\r\n        <\/a>\r\n                    <\/div>\r\n        \r\n\r\n        <!-- Listing Item \/ End -->\n                    <\/div>\n                                      <div class=\"fw-carousel-item\">                    \n                        <!-- Listing Item -->\r\n            <div class=\"col-lg-6 col-md-12\">\r\n                <a href=\"https:\/\/cparici.com\/fr\/annonce\/ty-gwenn-maison-vue-mer-a-trelevern-terre-a-tribord-cote-de-granit-rose-bretagne\/\" class=\"listing-item-container listing-geo-data compact\" data-title=\"Ty Gwenn \u2013 Maison vue mer \u00e0 Tr\u00e9l\u00e9vern \u2013 Terre \u00e0 Tribord, C\u00f4te de Granit Rose (Bretagne)\" data-listing-type=\"rental\" data-classifieds-price=\"\u20ac\" data-friendly-address=\"16 Le Rhun, Tr\u00e9l\u00e9vern, France\" data-address=\"16 Le Rhun, Tr\u00e9l\u00e9vern, France\" data-image=\"https:\/\/cparici.com\/wp-content\/uploads\/2025\/07\/1-520x397.jpg\" data-longitude=\"-3.3808085\" data-latitude=\"48.81022369999999\" data-rating=\"4.9\" data-reviews=\"18\" data-icon=\"<svg xmlns=&quot;http:\/\/www.w3.org\/2000\/svg&quot; width=&quot;800px&quot; height=&quot;800px&quot; viewBox=&quot;0 0 45 45&quot; fill=&quot;none&quot;>\n<path d=&quot;M24.155 8.78099L24.33 8.94499L37.402 21.787L36 23.213L34.2 21.445L34.201 35C34.201 36.054 33.385 36.918 32.35 36.994L32.201 37H12.201C11.147 37 10.283 36.184 10.206 35.149L10.201 35L10.2 21.446L8.402 23.213L7 21.787L20.058 8.95799C21.171 7.82199 22.966 7.75899 24.155 8.78099ZM21.569 10.285L21.473 10.372L12.2 19.481L12.201 35L17.2 34.999L17.201 25C17.201 23.946 18.017 23.082 19.052 23.005L19.201 23H25.201C26.255 23 27.119 23.816 27.196 24.851L27.201 25L27.2 34.999L32.201 35L32.2 19.48L22.901 10.344C22.537 9.98699 21.969 9.96499 21.569 10.285ZM25.201 25H19.201L19.2 34.999H25.2L25.201 25Z&quot; fill=&quot;#3C3C3C&quot;\/>\n<\/svg>\">\r\n            <div class=\"listing-item  featured-listing\">\r\n                <div class=\"listing-small-badges-container\">\r\n                                            <div class=\"listing-small-badge featured-badge\"><i class=\"fa fa-star\"><\/i> En vedette<\/div>\r\n                                                                <div class=\"listing-small-badge pricing-badge\"><i class=\"fa fa-tag\"><\/i>70,00\u20ac - 192,00\u20ac<\/div>\r\n                                                            \r\n                                        \r\n                                        \r\n                <\/div>\r\n                <img decoding=\"async\" src=\"https:\/\/cparici.com\/wp-content\/uploads\/2025\/07\/1-520x397.jpg\" alt=\"Ty Gwenn \u2013 Maison vue mer \u00e0 Tr\u00e9l\u00e9vern \u2013 Terre \u00e0 Tribord, C\u00f4te de Granit Rose (Bretagne)\" class=\"listing-thumbnail\">\r\n                \r\n\r\n                <div class=\"listing-item-content\">\r\n                                                <div class=\"numerical-rating\" data-rating=\"4.9\"><\/div>\r\n                    \r\n                    <h3> Ty Gwenn \u2013 Maison vue mer \u00e0 Tr\u00e9l\u00e9vern \u2013 Terre \u00e0 Tribord, C\u00f4te de Granit Rose (Bretagne) <\/h3>\r\n                    <span>16 Le Rhun, Tr\u00e9l\u00e9vern, France<\/span>\r\n                <\/div>\r\n                                        <span class=\"save like-icon tooltip left\" title=\"Connexion pour marquer des \u00e9l\u00e9ments\"><\/span>\r\n                                                <\/div>\r\n        <\/a>\r\n                    <\/div>\r\n        \r\n\r\n        <!-- Listing Item \/ End -->\n                    <\/div>\n                                      <div class=\"fw-carousel-item\">                    \n                        <!-- Listing Item -->\r\n            <div class=\"col-lg-6 col-md-12\">\r\n                <a href=\"https:\/\/cparici.com\/fr\/annonce\/l-appart-quimperois\/\" class=\"listing-item-container listing-geo-data compact\" data-title=\"L\u2019 Appart Quimp\u00e9rois\" data-listing-type=\"rental\" data-classifieds-price=\"\u20ac\" data-friendly-address=\"Quimper, France\" data-address=\"Quimper, France\" data-image=\"https:\/\/cparici.com\/wp-content\/uploads\/2025\/10\/IMG_2378-520x397.jpeg\" data-longitude=\"-4.0996181\" data-latitude=\"48.0000428\" data-rating=\"0\" data-reviews=\"0\" data-icon=\"<svg xmlns=&quot;http:\/\/www.w3.org\/2000\/svg&quot; width=&quot;800px&quot; height=&quot;800px&quot; viewBox=&quot;0 0 45 45&quot; fill=&quot;none&quot;>\n<path d=&quot;M24.155 8.78099L24.33 8.94499L37.402 21.787L36 23.213L34.2 21.445L34.201 35C34.201 36.054 33.385 36.918 32.35 36.994L32.201 37H12.201C11.147 37 10.283 36.184 10.206 35.149L10.201 35L10.2 21.446L8.402 23.213L7 21.787L20.058 8.95799C21.171 7.82199 22.966 7.75899 24.155 8.78099ZM21.569 10.285L21.473 10.372L12.2 19.481L12.201 35L17.2 34.999L17.201 25C17.201 23.946 18.017 23.082 19.052 23.005L19.201 23H25.201C26.255 23 27.119 23.816 27.196 24.851L27.201 25L27.2 34.999L32.201 35L32.2 19.48L22.901 10.344C22.537 9.98699 21.969 9.96499 21.569 10.285ZM25.201 25H19.201L19.2 34.999H25.2L25.201 25Z&quot; fill=&quot;#3C3C3C&quot;\/>\n<\/svg>\">\r\n            <div class=\"listing-item  featured-listing\">\r\n                <div class=\"listing-small-badges-container\">\r\n                                            <div class=\"listing-small-badge featured-badge\"><i class=\"fa fa-star\"><\/i> En vedette<\/div>\r\n                                                                <div class=\"listing-small-badge pricing-badge\"><i class=\"fa fa-tag\"><\/i>85,00\u20ac - 140,00\u20ac<\/div>\r\n                                                            \r\n                                        \r\n                                        \r\n                <\/div>\r\n                <img decoding=\"async\" src=\"https:\/\/cparici.com\/wp-content\/uploads\/2025\/10\/IMG_2378-520x397.jpeg\" alt=\"L\u2019 Appart Quimp\u00e9rois\" class=\"listing-thumbnail\">\r\n                \r\n\r\n                <div class=\"listing-item-content\">\r\n                    \r\n                    <h3> L\u2019 Appart Quimp\u00e9rois <\/h3>\r\n                    <span>Quimper, France<\/span>\r\n                <\/div>\r\n                                        <span class=\"save like-icon tooltip left\" title=\"Connexion pour marquer des \u00e9l\u00e9ments\"><\/span>\r\n                                                <\/div>\r\n        <\/a>\r\n                    <\/div>\r\n        \r\n\r\n        <!-- Listing Item \/ End -->\n                    <\/div>\n                                      <div class=\"fw-carousel-item\">                    \n                        <!-- Listing Item -->\r\n            <div class=\"col-lg-6 col-md-12\">\r\n                <a href=\"https:\/\/cparici.com\/fr\/annonce\/ty-kerzont-gite-de-charme-entre-mer-et-campagne-a-15-minutes-de-perros-guirec\/\" class=\"listing-item-container listing-geo-data compact\" data-title=\"TY KERZONT , g\u00eete de charme , entre mer et campagne, \u00e0 15 minutes de Perros-Guirec\" data-listing-type=\"rental\" data-classifieds-price=\"\u20ac\" data-friendly-address=\"1 Kerzont, Coatr\u00e9ven\" data-address=\"1 Kerzont, Coatr\u00e9ven\" data-image=\"https:\/\/cparici.com\/wp-content\/uploads\/2026\/01\/Gite-Ty-Kerzont-520x397.jpg\" data-longitude=\"-3.324334\" data-latitude=\"48.764011\" data-rating=\"4.9\" data-reviews=\"29\" data-icon=\"<svg xmlns=&quot;http:\/\/www.w3.org\/2000\/svg&quot; width=&quot;800px&quot; height=&quot;800px&quot; viewBox=&quot;0 0 45 45&quot; fill=&quot;none&quot;>\n<path d=&quot;M24.155 8.78099L24.33 8.94499L37.402 21.787L36 23.213L34.2 21.445L34.201 35C34.201 36.054 33.385 36.918 32.35 36.994L32.201 37H12.201C11.147 37 10.283 36.184 10.206 35.149L10.201 35L10.2 21.446L8.402 23.213L7 21.787L20.058 8.95799C21.171 7.82199 22.966 7.75899 24.155 8.78099ZM21.569 10.285L21.473 10.372L12.2 19.481L12.201 35L17.2 34.999L17.201 25C17.201 23.946 18.017 23.082 19.052 23.005L19.201 23H25.201C26.255 23 27.119 23.816 27.196 24.851L27.201 25L27.2 34.999L32.201 35L32.2 19.48L22.901 10.344C22.537 9.98699 21.969 9.96499 21.569 10.285ZM25.201 25H19.201L19.2 34.999H25.2L25.201 25Z&quot; fill=&quot;#3C3C3C&quot;\/>\n<\/svg>\">\r\n            <div class=\"listing-item  \">\r\n                <div class=\"listing-small-badges-container\">\r\n                                                                <div class=\"listing-small-badge pricing-badge\"><i class=\"fa fa-tag\"><\/i>89,00\u20ac - 122,00\u20ac<\/div>\r\n                                                            \r\n                                        \r\n                                        \r\n                <\/div>\r\n                <img decoding=\"async\" src=\"https:\/\/cparici.com\/wp-content\/uploads\/2026\/01\/Gite-Ty-Kerzont-520x397.jpg\" alt=\"TY KERZONT , g\u00eete de charme , entre mer et campagne, \u00e0 15 minutes de Perros-Guirec\" class=\"listing-thumbnail\">\r\n                \r\n\r\n                <div class=\"listing-item-content\">\r\n                                                <div class=\"numerical-rating\" data-rating=\"4.9\"><\/div>\r\n                    \r\n                    <h3> TY KERZONT , g\u00eete de charme , entre mer et campagne, \u00e0 15 minutes de Perros-Guirec <\/h3>\r\n                    <span>1 Kerzont, Coatr\u00e9ven<\/span>\r\n                <\/div>\r\n                                        <span class=\"save like-icon tooltip left\" title=\"Connexion pour marquer des \u00e9l\u00e9ments\"><\/span>\r\n                                                <\/div>\r\n        <\/a>\r\n                    <\/div>\r\n        \r\n\r\n        <!-- Listing Item \/ End -->\n                    <\/div>\n                                      <div class=\"fw-carousel-item\">                    \n                        <!-- Listing Item -->\r\n            <div class=\"col-lg-6 col-md-12\">\r\n                <a href=\"https:\/\/cparici.com\/fr\/annonce\/appartement-le-nassau-vue-mer-2-personnes-concarneau\/\" class=\"listing-item-container listing-geo-data compact\" data-title=\"Appartement Le Nassau \u2013 vue mer 2 personnes Concarneau\" data-listing-type=\"rental\" data-classifieds-price=\"\u20ac\" data-friendly-address=\"Bd Bougainville, Concarneau\" data-address=\"Bd Bougainville, Concarneau\" data-image=\"https:\/\/cparici.com\/wp-content\/uploads\/2026\/04\/appartement-nassau-concarneau-520x397.jpg\" data-longitude=\"-3.921428087197639\" data-latitude=\"47.86981360330804\" data-rating=\"0\" data-reviews=\"0\" data-icon=\"<svg xmlns=&quot;http:\/\/www.w3.org\/2000\/svg&quot; width=&quot;800px&quot; height=&quot;800px&quot; viewBox=&quot;0 0 45 45&quot; fill=&quot;none&quot;>\n<path d=&quot;M24.155 8.78099L24.33 8.94499L37.402 21.787L36 23.213L34.2 21.445L34.201 35C34.201 36.054 33.385 36.918 32.35 36.994L32.201 37H12.201C11.147 37 10.283 36.184 10.206 35.149L10.201 35L10.2 21.446L8.402 23.213L7 21.787L20.058 8.95799C21.171 7.82199 22.966 7.75899 24.155 8.78099ZM21.569 10.285L21.473 10.372L12.2 19.481L12.201 35L17.2 34.999L17.201 25C17.201 23.946 18.017 23.082 19.052 23.005L19.201 23H25.201C26.255 23 27.119 23.816 27.196 24.851L27.201 25L27.2 34.999L32.201 35L32.2 19.48L22.901 10.344C22.537 9.98699 21.969 9.96499 21.569 10.285ZM25.201 25H19.201L19.2 34.999H25.2L25.201 25Z&quot; fill=&quot;#3C3C3C&quot;\/>\n<\/svg>\">\r\n            <div class=\"listing-item  \">\r\n                <div class=\"listing-small-badges-container\">\r\n                                                                <div class=\"listing-small-badge pricing-badge\"><i class=\"fa fa-tag\"><\/i>80,00\u20ac - 0,00\u20ac<\/div>\r\n                                                            \r\n                                        \r\n                                        \r\n                <\/div>\r\n                <img decoding=\"async\" src=\"https:\/\/cparici.com\/wp-content\/uploads\/2026\/04\/appartement-nassau-concarneau-520x397.jpg\" alt=\"Appartement Le Nassau \u2013 vue mer 2 personnes Concarneau\" class=\"listing-thumbnail\">\r\n                \r\n\r\n                <div class=\"listing-item-content\">\r\n                    \r\n                    <h3> Appartement Le Nassau \u2013 vue mer 2 personnes Concarneau <\/h3>\r\n                    <span>Bd Bougainville, Concarneau<\/span>\r\n                <\/div>\r\n                                        <span class=\"save like-icon tooltip left\" title=\"Connexion pour marquer des \u00e9l\u00e9ments\"><\/span>\r\n                                                <\/div>\r\n        <\/a>\r\n                    <\/div>\r\n        \r\n\r\n        <!-- Listing Item \/ End -->\n                    <\/div>\n                                      <div class=\"fw-carousel-item\">                    \n                        <!-- Listing Item -->\r\n            <div class=\"col-lg-6 col-md-12\">\r\n                <a href=\"https:\/\/cparici.com\/fr\/annonce\/villa-leonie\/\" class=\"listing-item-container listing-geo-data compact\" data-title=\"Villa L\u00e9onie\" data-listing-type=\"rental\" data-classifieds-price=\"\u20ac\" data-friendly-address=\"Kerlouan\" data-address=\"Kerlouan\" data-image=\"https:\/\/cparici.com\/wp-content\/uploads\/2025\/03\/1-520x397.jpg\" data-longitude=\"-4.357733\" data-latitude=\"48.651003\" data-rating=\"5\" data-reviews=\"31\" data-icon=\"<svg xmlns=&quot;http:\/\/www.w3.org\/2000\/svg&quot; width=&quot;800px&quot; height=&quot;800px&quot; viewBox=&quot;0 0 45 45&quot; fill=&quot;none&quot;>\n<path d=&quot;M24.155 8.78099L24.33 8.94499L37.402 21.787L36 23.213L34.2 21.445L34.201 35C34.201 36.054 33.385 36.918 32.35 36.994L32.201 37H12.201C11.147 37 10.283 36.184 10.206 35.149L10.201 35L10.2 21.446L8.402 23.213L7 21.787L20.058 8.95799C21.171 7.82199 22.966 7.75899 24.155 8.78099ZM21.569 10.285L21.473 10.372L12.2 19.481L12.201 35L17.2 34.999L17.201 25C17.201 23.946 18.017 23.082 19.052 23.005L19.201 23H25.201C26.255 23 27.119 23.816 27.196 24.851L27.201 25L27.2 34.999L32.201 35L32.2 19.48L22.901 10.344C22.537 9.98699 21.969 9.96499 21.569 10.285ZM25.201 25H19.201L19.2 34.999H25.2L25.201 25Z&quot; fill=&quot;#3C3C3C&quot;\/>\n<\/svg>\">\r\n            <div class=\"listing-item  featured-listing\">\r\n                <div class=\"listing-small-badges-container\">\r\n                                            <div class=\"listing-small-badge featured-badge\"><i class=\"fa fa-star\"><\/i> En vedette<\/div>\r\n                                                                <div class=\"listing-small-badge pricing-badge\"><i class=\"fa fa-tag\"><\/i>360,00\u20ac - 800,00\u20ac<\/div>\r\n                                                            \r\n                                        \r\n                                        \r\n                <\/div>\r\n                <img decoding=\"async\" src=\"https:\/\/cparici.com\/wp-content\/uploads\/2025\/03\/1-520x397.jpg\" alt=\"Villa L\u00e9onie\" class=\"listing-thumbnail\">\r\n                \r\n\r\n                <div class=\"listing-item-content\">\r\n                                                <div class=\"numerical-rating\" data-rating=\"5.0\"><\/div>\r\n                    \r\n                    <h3> Villa L\u00e9onie <\/h3>\r\n                    <span>Kerlouan<\/span>\r\n                <\/div>\r\n                                        <span class=\"save like-icon tooltip left\" title=\"Connexion pour marquer des \u00e9l\u00e9ments\"><\/span>\r\n                                                <\/div>\r\n        <\/a>\r\n                    <\/div>\r\n        \r\n\r\n        <!-- Listing Item \/ End -->\n                    <\/div>\n                                      <div class=\"fw-carousel-item\">                    \n                        <!-- Listing Item -->\r\n            <div class=\"col-lg-6 col-md-12\">\r\n                <a href=\"https:\/\/cparici.com\/fr\/annonce\/evasion-marine-2-4-pers\/\" class=\"listing-item-container listing-geo-data compact\" data-title=\"Evasion Marine, 2-4 pers\" data-listing-type=\"rental\" data-classifieds-price=\"\u20ac\" data-friendly-address=\"Les Sables Blancs\" data-address=\"Les Sables Blancs\" data-image=\"https:\/\/cparici.com\/wp-content\/uploads\/2025\/01\/evasion-marine-1-520x397.jpg\" data-longitude=\"-3.930070000000001\" data-latitude=\"47.88204939999999\" data-rating=\"0\" data-reviews=\"0\" data-icon=\"<svg xmlns=&quot;http:\/\/www.w3.org\/2000\/svg&quot; width=&quot;800px&quot; height=&quot;800px&quot; viewBox=&quot;0 0 45 45&quot; fill=&quot;none&quot;>\n<path d=&quot;M24.155 8.78099L24.33 8.94499L37.402 21.787L36 23.213L34.2 21.445L34.201 35C34.201 36.054 33.385 36.918 32.35 36.994L32.201 37H12.201C11.147 37 10.283 36.184 10.206 35.149L10.201 35L10.2 21.446L8.402 23.213L7 21.787L20.058 8.95799C21.171 7.82199 22.966 7.75899 24.155 8.78099ZM21.569 10.285L21.473 10.372L12.2 19.481L12.201 35L17.2 34.999L17.201 25C17.201 23.946 18.017 23.082 19.052 23.005L19.201 23H25.201C26.255 23 27.119 23.816 27.196 24.851L27.201 25L27.2 34.999L32.201 35L32.2 19.48L22.901 10.344C22.537 9.98699 21.969 9.96499 21.569 10.285ZM25.201 25H19.201L19.2 34.999H25.2L25.201 25Z&quot; fill=&quot;#3C3C3C&quot;\/>\n<\/svg>\">\r\n            <div class=\"listing-item  \">\r\n                <div class=\"listing-small-badges-container\">\r\n                                                                <div class=\"listing-small-badge pricing-badge\"><i class=\"fa fa-tag\"><\/i>Commence \u00e0 partir de 85,00\u20ac<\/div>\r\n                                                            \r\n                                        \r\n                                        \r\n                <\/div>\r\n                <img decoding=\"async\" src=\"https:\/\/cparici.com\/wp-content\/uploads\/2025\/01\/evasion-marine-1-520x397.jpg\" alt=\"Evasion Marine, 2-4 pers\" class=\"listing-thumbnail\">\r\n                \r\n\r\n                <div class=\"listing-item-content\">\r\n                    \r\n                    <h3> Evasion Marine, 2-4 pers <\/h3>\r\n                    <span>Les Sables Blancs<\/span>\r\n                <\/div>\r\n                                        <span class=\"save like-icon tooltip left\" title=\"Connexion pour marquer des \u00e9l\u00e9ments\"><\/span>\r\n                                                <\/div>\r\n        <\/a>\r\n                    <\/div>\r\n        \r\n\r\n        <!-- Listing Item \/ End -->\n                    <\/div>\n                                      <div class=\"fw-carousel-item\">                    \n                        <!-- Listing Item -->\r\n            <div class=\"col-lg-6 col-md-12\">\r\n                <a href=\"https:\/\/cparici.com\/fr\/annonce\/la-villa-du-cabellou\/\" class=\"listing-item-container listing-geo-data compact\" data-title=\"La Villa du Cabellou\" data-listing-type=\"rental\" data-classifieds-price=\"\u20ac\" data-friendly-address=\"Le Cabellou\" data-address=\"Le Cabellou\" data-image=\"https:\/\/cparici.com\/wp-content\/uploads\/2025\/01\/villa-le-cabellou-1-520x397.jpg\" data-longitude=\"-3.90582\" data-latitude=\"47.8544208\" data-rating=\"0\" data-reviews=\"0\" data-icon=\"<svg xmlns=&quot;http:\/\/www.w3.org\/2000\/svg&quot; width=&quot;800px&quot; height=&quot;800px&quot; viewBox=&quot;0 0 45 45&quot; fill=&quot;none&quot;>\n<path d=&quot;M24.155 8.78099L24.33 8.94499L37.402 21.787L36 23.213L34.2 21.445L34.201 35C34.201 36.054 33.385 36.918 32.35 36.994L32.201 37H12.201C11.147 37 10.283 36.184 10.206 35.149L10.201 35L10.2 21.446L8.402 23.213L7 21.787L20.058 8.95799C21.171 7.82199 22.966 7.75899 24.155 8.78099ZM21.569 10.285L21.473 10.372L12.2 19.481L12.201 35L17.2 34.999L17.201 25C17.201 23.946 18.017 23.082 19.052 23.005L19.201 23H25.201C26.255 23 27.119 23.816 27.196 24.851L27.201 25L27.2 34.999L32.201 35L32.2 19.48L22.901 10.344C22.537 9.98699 21.969 9.96499 21.569 10.285ZM25.201 25H19.201L19.2 34.999H25.2L25.201 25Z&quot; fill=&quot;#3C3C3C&quot;\/>\n<\/svg>\">\r\n            <div class=\"listing-item  \">\r\n                <div class=\"listing-small-badges-container\">\r\n                                                                                \r\n                                        \r\n                                        \r\n                <\/div>\r\n                <img decoding=\"async\" src=\"https:\/\/cparici.com\/wp-content\/uploads\/2025\/01\/villa-le-cabellou-1-520x397.jpg\" alt=\"La Villa du Cabellou\" class=\"listing-thumbnail\">\r\n                \r\n\r\n                <div class=\"listing-item-content\">\r\n                    \r\n                    <h3> La Villa du Cabellou <\/h3>\r\n                    <span>Le Cabellou<\/span>\r\n                <\/div>\r\n                                        <span class=\"save like-icon tooltip left\" title=\"Connexion pour marquer des \u00e9l\u00e9ments\"><\/span>\r\n                                                <\/div>\r\n        <\/a>\r\n                    <\/div>\r\n        \r\n\r\n        <!-- Listing Item \/ End -->\n                    <\/div>\n                                      <div class=\"fw-carousel-item\">                    \n                        <!-- Listing Item -->\r\n            <div class=\"col-lg-6 col-md-12\">\r\n                <a href=\"https:\/\/cparici.com\/fr\/annonce\/la-plume-appartement-vue-mer-2-adultes-2-enfants-vue-mer-a-concarneau\/\" class=\"listing-item-container listing-geo-data compact\" data-title=\"La Plume \u2013 Appartement vue mer \u00e0 CONCARNEAU\" data-listing-type=\"rental\" data-classifieds-price=\"\u20ac\" data-friendly-address=\"Centre ville Concarneau, Plages \u00e0 pied\" data-address=\"Centre ville Concarneau, Plages \u00e0 pied\" data-image=\"https:\/\/cparici.com\/wp-content\/uploads\/2026\/04\/appartement-plume-concarneau-balcon-vue-mer-et-phare-520x397.jpg\" data-longitude=\"-3.9175758\" data-latitude=\"47.8690136\" data-rating=\"0\" data-reviews=\"0\" data-icon=\"<svg xmlns=&quot;http:\/\/www.w3.org\/2000\/svg&quot; width=&quot;800px&quot; height=&quot;800px&quot; viewBox=&quot;0 0 45 45&quot; fill=&quot;none&quot;>\n<path d=&quot;M24.155 8.78099L24.33 8.94499L37.402 21.787L36 23.213L34.2 21.445L34.201 35C34.201 36.054 33.385 36.918 32.35 36.994L32.201 37H12.201C11.147 37 10.283 36.184 10.206 35.149L10.201 35L10.2 21.446L8.402 23.213L7 21.787L20.058 8.95799C21.171 7.82199 22.966 7.75899 24.155 8.78099ZM21.569 10.285L21.473 10.372L12.2 19.481L12.201 35L17.2 34.999L17.201 25C17.201 23.946 18.017 23.082 19.052 23.005L19.201 23H25.201C26.255 23 27.119 23.816 27.196 24.851L27.201 25L27.2 34.999L32.201 35L32.2 19.48L22.901 10.344C22.537 9.98699 21.969 9.96499 21.569 10.285ZM25.201 25H19.201L19.2 34.999H25.2L25.201 25Z&quot; fill=&quot;#3C3C3C&quot;\/>\n<\/svg>\">\r\n            <div class=\"listing-item  \">\r\n                <div class=\"listing-small-badges-container\">\r\n                                                                <div class=\"listing-small-badge pricing-badge\"><i class=\"fa fa-tag\"><\/i>140,00\u20ac - 0,00\u20ac<\/div>\r\n                                                            \r\n                                        \r\n                                        \r\n                <\/div>\r\n                <img decoding=\"async\" src=\"https:\/\/cparici.com\/wp-content\/uploads\/2026\/04\/appartement-plume-concarneau-balcon-vue-mer-et-phare-520x397.jpg\" alt=\"La Plume \u2013 Appartement vue mer \u00e0 CONCARNEAU\" class=\"listing-thumbnail\">\r\n                \r\n\r\n                <div class=\"listing-item-content\">\r\n                    \r\n                    <h3> La Plume \u2013 Appartement vue mer \u00e0 CONCARNEAU <\/h3>\r\n                    <span>Centre ville Concarneau, Plages \u00e0 pied<\/span>\r\n                <\/div>\r\n                                        <span class=\"save like-icon tooltip left\" title=\"Connexion pour marquer des \u00e9l\u00e9ments\"><\/span>\r\n                                                <\/div>\r\n        <\/a>\r\n                    <\/div>\r\n        \r\n\r\n        <!-- Listing Item \/ End -->\n                    <\/div>\n                          <\/div>\n        \t\t\t\t<\/div>\n\t\t\t\t<\/div>\n\t\t\t\t\t<\/div>\n\t\t\t\t<\/div>\n\t\t<div class=\"elementor-element elementor-element-075f760 e-flex e-con-boxed e-con e-parent\" data-id=\"075f760\" data-element_type=\"container\" data-e-type=\"container\">\n\t\t\t\t\t<div class=\"e-con-inner\">\n\t\t\t\t<div class=\"elementor-element elementor-element-fd0faaf elementor-widget elementor-widget-text-editor\" data-id=\"fd0faaf\" data-element_type=\"widget\" data-e-type=\"widget\" data-widget_type=\"text-editor.default\">\n\t\t\t\t\t\t\t\t\t<h2 style=\"text-align: left;\"><span style=\"font-size: 18pt; color: var( --e-global-color-primary ); text-align: var(--text-align);\">Les incontournables du sud Finist\u00e8re pour votre s\u00e9jour<\/span><\/h2><p>Explorez le sud Finist\u00e8re et d\u00e9couvrez ses tr\u00e9sors naturels et culturels pendant vos vacances. Voici trois destinations qui promettent des moments m\u00e9morables.<\/p><h3>La Pointe du Raz, un spectacle naturel \u00e0 ne pas manquer<\/h3><p>Avanc\u00e9e spectaculaire dans l\u2019oc\u00e9an Atlantique, la Pointe du Raz est c\u00e9l\u00e8bre pour \u00eatre l\u2019extr\u00e9mit\u00e9 occidentale du Cap Sizun. Reconnu comme Grand Site de France, c\u2019est un incontournable du <a href=\"https:\/\/cparici.com\/fr\/visiter-le-finistere-guide-ultime-des-lieux-a-decouvrir\/\">Finist\u00e8re<\/a>.<\/p><p>D\u00e9couvrez le panorama \u00e9poustouflant sur le Raz de Sein, connu pour ses courants puissants et ses phares embl\u00e9matiques, la Vieille et T\u00e9vennec. Profitez d\u2019une promenade sur le sentier c\u00f4tier, explorez la lande pr\u00e9serv\u00e9e et rencontrez une faune et une flore d\u2019exception.<\/p><h3>Concarneau et sa ville close, entre histoire et oc\u00e9an<\/h3><p><a href=\"https:\/\/cparici.com\/fr\/visiter-concarneau-guide-des-meilleurs-sites-et-activites\/\">Concarneau<\/a> allie charme maritime \u00e0 une riche histoire. Son c\u0153ur bat dans la ville close, une forteresse insulaire datant des XVe et XVIe si\u00e8cles. Traverser son pont, c\u2019est comme entrer dans un autre temps.<\/p><p>Baladez-vous dans les ruelles pittoresques, admirez les maisons de pierre, visitez l\u2019\u00e9glise Saint-Gu\u00e9nol\u00e9 et la chapelle de l\u2019h\u00f4pital. Ne manquez pas de faire le tour des remparts pour une vue imprenable sur le port et la baie.<\/p><h3>Les Gl\u00e9nan, un archipel paradisiaque<\/h3><p>\u00c0 une vingtaine de kilom\u00e8tres de Fouesnant, <a href=\"https:\/\/cparici.com\/fr\/les-glenans-archipel-des-iles-glenan-a-fouesnant-en-finistere\/\">l\u2019archipel<\/a> des Gl\u00e9nan vous attend avec ses plages de sable fin et ses eaux cristallines. C\u2019est un petit coin de paradis accessible en bateau depuis le sud Finist\u00e8re.<\/p><p>Plongez dans ses eaux claires, d\u00e9tendez-vous sur le sable blanc ou essayez-vous \u00e0 la plong\u00e9e ou \u00e0 la voile. Sans oublier le narcisse des Gl\u00e9nan, une fleur rare et prot\u00e9g\u00e9e qui fleurit au printemps.<\/p><h2><span style=\"font-size: 18pt;\">Types d\u2019h\u00e9bergements disponibles pour vos vacances<\/span><\/h2><p>D\u00e9couvrez une vari\u00e9t\u00e9 d\u2019options d\u2019h\u00e9bergement dans le sud Finist\u00e8re, adapt\u00e9es \u00e0 tous les go\u00fbts, budgets et tailles de groupe. La r\u00e9gion propose quatre principaux types d\u2019h\u00e9bergements, parfaitement adapt\u00e9s pour enrichir votre s\u00e9jour.<\/p><h3>Les g\u00eetes traditionnels bretons : charme et authenticit\u00e9<\/h3><p>Parfaits pour les amateurs d\u2019authenticit\u00e9, les g\u00eetes traditionnels bretons vous offrent le charme des maisons en pierre ou<a href=\"https:\/\/cparici.com\/fr\/les-chaumieres-village-de-chaumieres-en-bretagne\/\"> chaumi\u00e8res<\/a> de la r\u00e9gion. Dot\u00e9s de tout le confort n\u00e9cessaire, ils disposent d\u2019une cuisine, salon, chambres et salle de bain, garantissant ind\u00e9pendance et intimit\u00e9 pour votre s\u00e9jour. Situ\u00e9s souvent dans des cadres paisibles comme des villages ou des fermes, ils vous plongent au c\u0153ur de la culture bretonne tout en restant \u00e0 proximit\u00e9 des attractions locales.<\/p><p>Explorez les g\u00eetes traditionnels bretons disponibles sur le site des <i>G\u00eetes de France<\/i> ou <i>Charme & Traditions<\/i>.<\/p><h3>Locations avec vue sur mer : r\u00e9veillez-vous face \u00e0 l\u2019oc\u00e9an<\/h3><p>Pour ceux r\u00eavant d\u2019un r\u00e9veil face \u00e0 l\u2019oc\u00e9an, optez pour une location avec vue sur mer. Appr\u00e9ciez le panorama marin du lever au coucher du soleil depuis votre terrasse ou fen\u00eatre. Ces locations, souvent proches des plages et sentiers c\u00f4tiers, sont id\u00e9ales pour s\u2019adonner aux plaisirs de la mer et aux balades en nature.<\/p><p>D\u00e9couvrez les offres de locations avec vue sur mer sur <i>G\u00eetes de France<\/i> ou <i>Locasun<\/i>.<\/p><h3>Campings et mobil-homes : des vacances en plein air<\/h3><p>Les adeptes de s\u00e9jours au grand air seront s\u00e9duits par les campings et mobil-homes. Ces options d\u2019h\u00e9bergement offrent un environnement convivial et naturel, agr\u00e9ment\u00e9 de services tels que piscines, terrains de jeux, et restauration pour r\u00e9pondre \u00e0 tous vos besoins.<\/p><p>Avec une large gamme de niveaux de confort, vous pouvez choisir l\u2019option qui vous convient le mieux, allant des emplacements pour tentes aux mobil-homes tout \u00e9quip\u00e9s.<\/p><p>Consultez les options sur <i>Camping du Pouldu<\/i> ou <i>Homair<\/i> pour trouver le camping id\u00e9al.<\/p><h3>Appartements modernes en centre-ville : pour ceux qui ne veulent rien rater<\/h3><p>Si l\u2019effervescence urbaine vous attire, un appartement moderne en centre-ville sera votre choix parfait. Ces logements r\u00e9cents offrent tout le confort moderne dans des b\u00e2timents s\u00e9curis\u00e9s, facilitant l\u2019acc\u00e8s aux attractions urbaines telles que les commerces, restaurants, et lieux de culture.<\/p><p>Cherchez votre appartement id\u00e9al en centre-ville sur <i>Bien\u2019ici<\/i> ou <i>SeLoger<\/i>.<\/p><h2>Conseils pour choisir votre h\u00e9bergement id\u00e9al en sud Finist\u00e8re<\/h2><p>Planifier des vacances m\u00e9morables dans le sud Finist\u00e8re commence par trouver l\u2019h\u00e9bergement parfait. Face \u00e0 l\u2019abondance d\u2019options, la t\u00e2che peut sembler ardue. Heureusement, nous sommes l\u00e0 pour vous orienter vers l\u2019h\u00e9bergement id\u00e9al pour vos vacances en sud Finist\u00e8re.<\/p><h3>\u00c9valuer l\u2019emplacement selon vos activit\u00e9s pr\u00e9vues<\/h3><p>Le choix de l\u2019emplacement de votre h\u00e9bergement est primordial et doit \u00eatre en ad\u00e9quation avec les activit\u00e9s que vous envisagez. Selon que vous souhaitiez profiter de la plage, explorer le patrimoine culturel ou vous \u00e9vader dans la nature, vos crit\u00e8res de s\u00e9lection varieront en termes de proximit\u00e9, de tranquillit\u00e9 et d\u2019accessibilit\u00e9.<\/p><p>Amoureux de la mer ? Privil\u00e9giez une location offrant une vue imprenable sur l\u2019oc\u00e9an ou \u00e0 courte distance des plages. Passionn\u00e9 par le patrimoine culturel ? Un h\u00e9bergement en centre-ville ou dans un village pittoresque sera id\u00e9al. En qu\u00eate de s\u00e9r\u00e9nit\u00e9 au c\u0153ur de la nature ? Optez pour un g\u00eete traditionnel ou un camping en zone rurale.<\/p><h3>L\u2019importance des avis et des recommandations<\/h3><p>La qualit\u00e9 de votre s\u00e9jour est \u00e9galement conditionn\u00e9e par les retours d\u2019exp\u00e9riences d\u2019autres voyageurs. Explorer les avis et recommandations vous offre un aper\u00e7u pr\u00e9cieux sur l\u2019accueil, le confort, la propret\u00e9, et le rapport qualit\u00e9-prix de l\u2019h\u00e9bergement.<\/p><p>Les sites de r\u00e9servation en ligne, les blogs de voyage, les r\u00e9seaux sociaux et les guides touristiques sont d\u2019excellentes sources pour collecter ces informations.<\/p><h3>Comparer les \u00e9quipements et les services propos\u00e9s<\/h3><p>Les \u00e9quipements et services disponibles jouent un r\u00f4le essentiel dans le choix de votre h\u00e9bergement, variant selon le nombre de voyageurs, vos pr\u00e9f\u00e9rences et votre budget.<\/p><p>Pour les familles, une offre incluant plusieurs chambres, une cuisine \u00e9quip\u00e9e, une connexion Wi-Fi et des divertissements pour enfants peut s\u2019av\u00e9rer id\u00e9ale. Les couples trouveront leur bonheur dans des h\u00e9bergements offrant une terrasse, une baignoire, un petit-d\u00e9jeuner inclus ou un spa. Quant aux voyageurs en solo, les options privil\u00e9giant un parking, une laverie, un bar ou une salle de sport peuvent \u00eatre plus appropri\u00e9es. Pour \u00e9valuer les \u00e9quipements et services, n\u2019h\u00e9sitez pas \u00e0 consulter les sites internet des h\u00e9bergements, ainsi que leurs brochures ou descriptions d\u00e9taill\u00e9es.<\/p><h2>Location vacances Finist\u00e8re sud \u2013 Conclusion<\/h2><p>Le sud Finist\u00e8re, une r\u00e9gion d\u2019une beaut\u00e9 \u00e0 couper le souffle, propose une multitude d\u2019options de visites, d\u00e9couvertes et activit\u00e9s de loisirs. Peu importe si vous \u00eates amoureux de la mer ou de la campagne, une gamme vari\u00e9e d\u2019h\u00e9bergements pour vos vacances vous attend. Pour s\u00e9lectionner l\u2019h\u00e9bergement parfait, suivez simplement ces conseils : d\u00e9terminez l\u2019emplacement en fonction de vos activit\u00e9s pr\u00e9f\u00e9r\u00e9es, lisez les avis et recommandations d\u2019autres voyageurs, et comparez les \u00e9quipements ainsi que les services offerts.<\/p><p>N\u2019attendez plus pour vivre des moments exceptionnels, r\u00e9servez votre location de vacances dans le sud Finist\u00e8re et pr\u00e9parez-vous \u00e0 vivre <a href=\"https:\/\/fr.wikipedia.org\/wiki\/Finist%C3%A8re\" target=\"_blank\" rel=\"noopener\">une exp\u00e9rience m\u00e9morable !<\/a><\/p><h2>FAQ<\/h2><h3>Quels sont les avantages de choisir un h\u00e9bergement de vacances dans le sud Finist\u00e8re ?<\/h3><p>Opter pour un h\u00e9bergement dans le sud du Finist\u00e8re, c\u2019est choisir de d\u00e9couvrir la diversit\u00e9 et la douceur du climat de la Bretagne sud. Cette r\u00e9gion vous charmera par ses plages envoutantes, ses sites arch\u00e9ologiques fascinants et ses villages pittoresques. Elle offre \u00e9galement une large gamme de possibilit\u00e9s d\u2019h\u00e9bergement \u2013 du g\u00eete \u00e0 la chambre d\u2019h\u00f4tes, de la maison d\u2019h\u00f4tes \u00e0 l\u2019auberge -, vous permettant de trouver le lieu id\u00e9al au plus pr\u00e8s des magnifiques c\u00f4tes finist\u00e9riennes.<\/p><h3>Comment r\u00e9server un h\u00e9bergement de vacances dans le sud Finist\u00e8re ?<\/h3><p>Pour r\u00e9server votre s\u00e9jour dans le sud Finist\u00e8re, vous pouvez naviguer sur les sites web des G\u00eetes de France Finist\u00e8re Bretagne ou des R\u00e9sidences Pierre & Vacances, qui pr\u00e9sentent une vaste s\u00e9lection de g\u00eetes, r\u00e9sidences et villages vacances. Pour un contact plus direct, n\u2019h\u00e9sitez pas \u00e0 joindre les h\u00f4tes via les informations disponibles sur les sites internet.<\/p><h3>Quelles sont les activit\u00e9s touristiques \u00e0 faire dans le sud Finist\u00e8re ?<\/h3><p>Le sud du Finist\u00e8re regorge d\u2019activit\u00e9s touristiques pour tous les go\u00fbts. Vous pouvez notamment :<\/p><ul><li>Explorer les \u00eeles Gl\u00e9nan, un archipel aux eaux cristallines et plages de sable blanc.<\/li><li>Visiter les villes pleines d\u2019histoire et de culture comme Concarneau, Quimper, et Pont-Aven, r\u00e9put\u00e9es pour leurs ports, mus\u00e9es et d\u00e9lices culinaires tels que les cr\u00eaperies.<\/li><li>Admirer l\u2019architecture traditionnelle des villages de Kerasco\u00ebt et Kercanic.<\/li><li>Vous adonner aux plaisirs des plages et des sports nautiques de la \u201cRiviera Bretonne\u201d.<\/li><li>Partir en exp\u00e9dition dans les rias et vall\u00e9es fluviales en bateau, kayak ou lors de randonn\u00e9es p\u00e9destres, un v\u00e9ritable rendez-vous avec la nature locale.<\/li><\/ul><h3>Quelles sont les conditions d\u2019annulation et de remboursement en cas d\u2019impr\u00e9vu ?<\/h3><p>Les conditions d\u2019annulation et de remboursement varient en fonction de votre type de voyage, du fournisseur d\u2019assurance et des raisons de l\u2019annulation. En r\u00e8gle g\u00e9n\u00e9rale, il est possible d\u2019obtenir un remboursement, total ou partiel, des frais engag\u00e9s pour des annulations dues \u00e0 des \u00e9v\u00e9nements impr\u00e9vus et ext\u00e9rieurs \u00e0 votre volont\u00e9, comme une maladie, un accident, un deuil, la pand\u00e9mie de COVID-19 ou une catastrophe naturelle. Pour b\u00e9n\u00e9ficier de cette protection, il est recommand\u00e9 de souscrire \u00e0 une assurance annulation d\u00e8s la planification de votre voyage, en respectant les termes de votre contrat.<\/p>\t\t\t\t\t\t\t\t<\/div>\n\t\t\t\t\t<\/div>\n\t\t\t\t<\/div>\n\t\t<aside class=\"elementor-element elementor-element-6267780 e-flex e-con-boxed e-con e-parent\" data-id=\"6267780\" data-element_type=\"container\" data-e-type=\"container\">\n\t\t\t\t\t<div class=\"e-con-inner\">\n\t\t\t\t<div class=\"elementor-element elementor-element-f6bccc8 elementor-widget elementor-widget-listeo-posts-grid\" data-id=\"f6bccc8\" data-element_type=\"widget\" data-e-type=\"widget\" data-widget_type=\"listeo-posts-grid.default\">\n\t\t\t\t<div class=\"elementor-widget-container\">\n\t\t\t\t\t\t\t\n\t\t<div class=\"listeo-post-grid-wrapper\">\n\t\t\t<div class=\"row\">\n\n\t\t\t\n\n\t\t\t\t\t\t\t<div class=\"col-md-4\">\n                <a href=\"https:\/\/cparici.com\/fr\/tropical-parc\/\" class=\"blog-compact-item-container\">\n                    <div class=\"blog-compact-item\">\n                        <img decoding=\"async\" width=\"577\" height=\"208\" src=\"https:\/\/cparici.com\/wp-content\/uploads\/2024\/07\/tropical-parc.jpg\" class=\"attachment-listeo-blog-related-post size-listeo-blog-related-post wp-post-image\" alt=\"tropical parc\" srcset=\"https:\/\/cparici.com\/wp-content\/uploads\/2024\/07\/tropical-parc.jpg 1470w, https:\/\/cparici.com\/wp-content\/uploads\/2024\/07\/tropical-parc-600x217.jpg 600w, https:\/\/cparici.com\/wp-content\/uploads\/2024\/07\/tropical-parc-300x108.jpg 300w, https:\/\/cparici.com\/wp-content\/uploads\/2024\/07\/tropical-parc-1024x370.jpg 1024w, https:\/\/cparici.com\/wp-content\/uploads\/2024\/07\/tropical-parc-768x277.jpg 768w\" sizes=\"(max-width: 577px) 100vw, 577px\" \/><span class=\"blog-item-tag\">Bretagne<\/span>                        \n                        <div class=\"blog-compact-item-content\">\n                                                        <h3>Tropical Parc : Un Paradis Tropical pour Toute la Famille<\/h3>\n                                                        <p>Explorez le Tropical Parc dans le Morbihan : animaux exotiques, jardins luxuriants, animations captivantes. Informations...                            <\/p>\n                                                    <\/div>\n                    <\/div>\n                <\/a>\n            <\/div>\n\t\t\t<div class=\"col-md-4\">\n                <a href=\"https:\/\/cparici.com\/fr\/kercanic-les-chaumieres-de-kercanic-a-nevez-en-finistere\/\" class=\"blog-compact-item-container\">\n                    <div class=\"blog-compact-item\">\n                        <img decoding=\"async\" width=\"577\" height=\"143\" src=\"https:\/\/cparici.com\/wp-content\/uploads\/2022\/09\/chaumieres-villages-de-chaumieres-en-bretagne-banniere-2.jpg\" class=\"attachment-listeo-blog-related-post size-listeo-blog-related-post wp-post-image\" alt=\"Kercanic - les chaumi\u00e8res de Kercanic \u00e0 N\u00e9vez en Finist\u00e8re\" srcset=\"https:\/\/cparici.com\/wp-content\/uploads\/2022\/09\/chaumieres-villages-de-chaumieres-en-bretagne-banniere-2.jpg 1520w, https:\/\/cparici.com\/wp-content\/uploads\/2022\/09\/chaumieres-villages-de-chaumieres-en-bretagne-banniere-2-600x148.jpg 600w, https:\/\/cparici.com\/wp-content\/uploads\/2022\/09\/chaumieres-villages-de-chaumieres-en-bretagne-banniere-2-768x189.jpg 768w\" sizes=\"(max-width: 577px) 100vw, 577px\" \/><span class=\"blog-item-tag\">Architecture<\/span>                        \n                        <div class=\"blog-compact-item-content\">\n                                                        <h3>Kercanic \u2013 les chaumi\u00e8res de Kercanic<\/h3>\n                                                        <p>Kercanic - les chaumi\u00e8res de Kercanic \u00e0 N\u00e9vez en Finist\u00e8re, d\u00e9couvrez les maisons typiques recouvertes...                            <\/p>\n                                                    <\/div>\n                    <\/div>\n                <\/a>\n            <\/div>\n\t\t\t<div class=\"col-md-4\">\n                <a href=\"https:\/\/cparici.com\/fr\/location-vacances-a-pont-aven\/\" class=\"blog-compact-item-container\">\n                    <div class=\"blog-compact-item\">\n                        <img decoding=\"async\" width=\"577\" height=\"384\" src=\"https:\/\/cparici.com\/wp-content\/uploads\/2022\/10\/pont-aven-3.jpg\" class=\"attachment-listeo-blog-related-post size-listeo-blog-related-post wp-post-image\" alt=\"port de pont-aven\" srcset=\"https:\/\/cparici.com\/wp-content\/uploads\/2022\/10\/pont-aven-3.jpg 800w, https:\/\/cparici.com\/wp-content\/uploads\/2022\/10\/pont-aven-3-600x400.jpg 600w, https:\/\/cparici.com\/wp-content\/uploads\/2022\/10\/pont-aven-3-768x511.jpg 768w\" sizes=\"(max-width: 577px) 100vw, 577px\" \/><span class=\"blog-item-tag\">Bretagne<\/span>                        \n                        <div class=\"blog-compact-item-content\">\n                                                        <h3>Location Vacances \u00e0 Pont-Aven<\/h3>\n                                                        <p>Recherches populaires Categories Pas de r\u00e9sultats Voir tous les r\u00e9sultats Location Vacances \u00c0 Pont-Aven \u2013...                            <\/p>\n                                                    <\/div>\n                    <\/div>\n                <\/a>\n            <\/div>\n  <\/div>\n        <\/div>\n        \t\t\t\t<\/div>\n\t\t\t\t<\/div>\n\t\t\t\t\t<\/div>\n\t\t\t\t<\/aside>\n\t\t\t\t<\/div>\n\t\t","protected":false},"excerpt":{"rendered":"<p>Envie de changer d&#8217;air ? Location vacances Finist\u00e8re sud est le site qu&#8217;il vous faut ! Trouvez l&#8217;h\u00e9bergement de vacances id\u00e9al parmi notre s\u00e9lection de qualit\u00e9.<\/p>\n","protected":false},"author":1,"featured_media":35757,"comment_status":"closed","ping_status":"open","sticky":false,"template":"elementor_header_footer","format":"standard","meta":{"ngg_post_thumbnail":0,"footnotes":""},"categories":[479,478,592,477],"tags":[902,901,900],"class_list":["post-35755","post","type-post","status-publish","format-standard","has-post-thumbnail","hentry","category-finistere","category-bretagne","category-bretagne-sud","category-france","tag-chambres-dhotes","tag-gites","tag-location"],"_links":{"self":[{"href":"https:\/\/cparici.com\/fr\/wp-json\/wp\/v2\/posts\/35755","targetHints":{"allow":["GET"]}}],"collection":[{"href":"https:\/\/cparici.com\/fr\/wp-json\/wp\/v2\/posts"}],"about":[{"href":"https:\/\/cparici.com\/fr\/wp-json\/wp\/v2\/types\/post"}],"author":[{"embeddable":true,"href":"https:\/\/cparici.com\/fr\/wp-json\/wp\/v2\/users\/1"}],"replies":[{"embeddable":true,"href":"https:\/\/cparici.com\/fr\/wp-json\/wp\/v2\/comments?post=35755"}],"version-history":[{"count":2,"href":"https:\/\/cparici.com\/fr\/wp-json\/wp\/v2\/posts\/35755\/revisions"}],"predecessor-version":[{"id":89459,"href":"https:\/\/cparici.com\/fr\/wp-json\/wp\/v2\/posts\/35755\/revisions\/89459"}],"wp:featuredmedia":[{"embeddable":true,"href":"https:\/\/cparici.com\/fr\/wp-json\/wp\/v2\/media\/35757"}],"wp:attachment":[{"href":"https:\/\/cparici.com\/fr\/wp-json\/wp\/v2\/media?parent=35755"}],"wp:term":[{"taxonomy":"category","embeddable":true,"href":"https:\/\/cparici.com\/fr\/wp-json\/wp\/v2\/categories?post=35755"},{"taxonomy":"post_tag","embeddable":true,"href":"https:\/\/cparici.com\/fr\/wp-json\/wp\/v2\/tags?post=35755"}],"curies":[{"name":"wp","href":"https:\/\/api.w.org\/{rel}","templated":true}]}}