{"id":35789,"date":"2024-06-09T21:33:37","date_gmt":"2024-06-09T19:33:37","guid":{"rendered":"https:\/\/www.loclilala.com\/?p=35789"},"modified":"2025-10-27T08:11:24","modified_gmt":"2025-10-27T07:11:24","slug":"location-vacances-bretagne","status":"publish","type":"post","link":"https:\/\/cparici.com\/fr\/location-vacances-bretagne\/","title":{"rendered":"Location vacances Bretagne : trouvez votre bonheur en bretagne"},"content":{"rendered":"\t\t<div data-elementor-type=\"wp-post\" data-elementor-id=\"35789\" class=\"elementor elementor-35789\" data-elementor-post-type=\"post\">\n\t\t\t\t<div class=\"elementor-element elementor-element-992bba2 e-con-full e-flex e-con e-parent\" data-id=\"992bba2\" data-element_type=\"container\" data-e-type=\"container\">\n\t\t\t\t<div class=\"elementor-element elementor-element-0bc1086 elementor-widget elementor-widget-image\" data-id=\"0bc1086\" data-element_type=\"widget\" data-e-type=\"widget\" data-widget_type=\"image.default\">\n\t\t\t\t\t\t\t\t\t\t\t\t\t\t\t<img decoding=\"async\" width=\"1500\" height=\"530\" src=\"https:\/\/cparici.com\/wp-content\/uploads\/2024\/06\/cparici-2025-08-06T121405.490.jpg\" class=\"attachment-full size-full wp-image-68866\" alt=\"Location vacances Bretagne\" srcset=\"https:\/\/cparici.com\/wp-content\/uploads\/2024\/06\/cparici-2025-08-06T121405.490.jpg 1500w, https:\/\/cparici.com\/wp-content\/uploads\/2024\/06\/cparici-2025-08-06T121405.490-300x106.jpg 300w, https:\/\/cparici.com\/wp-content\/uploads\/2024\/06\/cparici-2025-08-06T121405.490-1024x362.jpg 1024w, https:\/\/cparici.com\/wp-content\/uploads\/2024\/06\/cparici-2025-08-06T121405.490-768x271.jpg 768w, https:\/\/cparici.com\/wp-content\/uploads\/2024\/06\/cparici-2025-08-06T121405.490-18x6.jpg 18w, https:\/\/cparici.com\/wp-content\/uploads\/2024\/06\/cparici-2025-08-06T121405.490-590x208.jpg 590w, https:\/\/cparici.com\/wp-content\/uploads\/2024\/06\/cparici-2025-08-06T121405.490-1200x424.jpg 1200w, https:\/\/cparici.com\/wp-content\/uploads\/2024\/06\/cparici-2025-08-06T121405.490-577x204.jpg 577w, https:\/\/cparici.com\/wp-content\/uploads\/2024\/06\/cparici-2025-08-06T121405.490-600x212.jpg 600w\" sizes=\"(max-width: 1500px) 100vw, 1500px\" \/>\t\t\t\t\t\t\t\t\t\t\t\t\t\t\t<\/div>\n\t\t\t\t<\/div>\n\t\t<aside class=\"elementor-element elementor-element-079dd45 e-flex e-con-boxed e-con e-parent\" data-id=\"079dd45\" data-element_type=\"container\" data-e-type=\"container\">\n\t\t\t\t\t<div class=\"e-con-inner\">\n\t\t\t\t<div class=\"elementor-element elementor-element-fff5d7f elementor-widget elementor-widget-global elementor-global-62046 elementor-widget-eael-advanced-search\" data-id=\"fff5d7f\" data-element_type=\"widget\" data-e-type=\"widget\" data-widget_type=\"eael-advanced-search.default\">\n\t\t\t\t\t        <div class=\"eael-adv-search-wrapper\">\n            <div id=\"eael-advanced-search-widget-fff5d7f\" class=\"eael-advanced-search-widget\">\n                <form data-settings=\"{&quot;post_per_page&quot;:5,&quot;search_among_taxonomies&quot;:&quot;&quot;,&quot;search_among_sku&quot;:&quot;no&quot;,&quot;show_popular_keyword&quot;:0,&quot;show_category&quot;:0,&quot;show_content_image&quot;:1,&quot;show_search_result_all_results&quot;:0,&quot;result_on_new_tab&quot;:&quot;no&quot;,&quot;show_product_price&quot;:&quot;no&quot;,&quot;include_current_page&quot;:&quot;no&quot;,&quot;current_post_id&quot;:35789,&quot;post_type&quot;:[&quot;post&quot;,&quot;listing&quot;]}\" method=\"POST\" name=\"eael-advanced-search-form-fff5d7f\" class=\"eael-advanced-search-form eael-advanced-search-form-style-2\">\n                    <div class=\"eael-advanced-search-wrap\">\n                        <span class=\"eael-adv-search-loader\"><\/span>\n                        <span class=\"eael-adv-search-close\"><i class=\"fas fa-times\"><\/i><\/span>\n                        <span class=\"icon \"><i class=\"fas fa-search\"><\/i><\/span>\n\n                        <input type=\"text\"\n                               placeholder=\"Votre destination\"\n                               class=\"eael-advanced-search\" autocomplete=\"off\" name=\"eael_advanced_search\">\n                    <\/div>\n\t\t\t\t\t                                    <\/form>\n\n\t\t\t\t\n\t\t\t\t        <div class=\"eael-advanced-search-result\">\n            <div class=\"eael-advanced-search-popular-keyword\">\n\t\t\t\t<h4 class=\"eael-advanced-search-popular-keyword-text\">Recherches populaires<\/h4>                <div class=\"eael-popular-keyword-content\"><\/div>\n            <\/div>\n            <div class=\"eael-advanced-search-category\">\n\t\t\t\t<h4 class=\"eael-advanced-search-category-text\">Categories<\/h4>                <div class=\"eael-popular-category-content\"><\/div>\n            <\/div>\n\t\t\t<div class=\"eael-advanced-search-total-results-section\">\n\t\t\t\t\t\t\t<\/div>\n            <div class=\"eael-advanced-search-content eael-item-style-3\">\n            <\/div>\n            <div class=\"eael-advanced-search-not-found\">\n                <p>Pas de r\u00e9sultats<\/p><\/div>\n            <div class=\"eael-advanced-search-load-more\">\n\t\t\t\t<a \tclass=\"eael-advanced-search-load-more-button\"\n                \thref=\"#\">Voir tous les r\u00e9sultats<\/a>\n            <\/div>\n        <\/div>\n\n\t\t            <\/div>\n        <\/div>\n\n\t\t\t\t\t\t<\/div>\n\t\t\t\t\t<\/div>\n\t\t\t\t<\/aside>\n\t\t<div class=\"elementor-element elementor-element-3568e964 e-flex e-con-boxed e-con e-parent\" data-id=\"3568e964\" data-element_type=\"container\" data-e-type=\"container\">\n\t\t\t\t\t<div class=\"e-con-inner\">\n\t\t\t\t<div class=\"elementor-element elementor-element-b22e5b9 elementor-widget elementor-widget-text-editor\" data-id=\"b22e5b9\" data-element_type=\"widget\" data-e-type=\"widget\" data-widget_type=\"text-editor.default\">\n\t\t\t\t\t\t\t\t\t<h1 style=\"text-align: center;\">Location vacances Bretagne<\/h1><p>Imaginez-vous passer vos vacances en\u00a0<a href=\"https:\/\/www.loclilala.com\/fr\/visiter-la-bretagne-guide-des-sites-et-villes-a-explorer\/\" target=\"_blank\" rel=\"noopener\">Bretagne<\/a>, cette magnifique r\u00e9gion qui offre la mer, la campagne et l\u2019effervescence urbaine. Vous recherchez un lieu de s\u00e9jour qui r\u00e9ponde \u00e0 vos d\u00e9sirs, budget et besoins de votre famille ? Vous \u00eates exactement o\u00f9 il faut ! Cet article intitul\u00e9 \u2018<strong>location vacances bretagne<\/strong>\u2019 est con\u00e7u pour vous guider vers la maison de vacances id\u00e9ale en Bretagne, que votre pr\u00e9f\u00e9rence aille vers un g\u00eete, un appartement, une r\u00e9sidence ou m\u00eame un camping.<\/p><p>Nous allons \u00e9galement explorer les merveilles de la Bretagne, depuis ses paysages diversifi\u00e9s jusqu\u2019\u00e0 sa culture riche, en passant par sa cuisine d\u00e9licieuse et ses activit\u00e9s \u00e0 ne pas manquer.<\/p><p>Que ce soit pour savourer le temps sur les plages, explorer les \u00eeles, visiter les ports, se promener dans les for\u00eats, d\u00e9couvrir les villes ou visiter les sites historiques, la Bretagne vous promet des moments inoubliables. Alors, venez avec nous pour planifier votre aventure en Bretagne !<\/p>\t\t\t\t\t\t\t\t<\/div>\n\t\t\t\t\t<\/div>\n\t\t\t\t<\/div>\n\t\t<div class=\"elementor-element elementor-element-15703251 e-flex e-con-boxed e-con e-parent\" data-id=\"15703251\" data-element_type=\"container\" data-e-type=\"container\" data-settings=\"{&quot;background_background&quot;:&quot;classic&quot;}\">\n\t\t\t\t\t<div class=\"e-con-inner\">\n\t\t\t\t<div class=\"elementor-element elementor-element-3b95513b elementor-widget elementor-widget-heading\" data-id=\"3b95513b\" data-element_type=\"widget\" data-e-type=\"widget\" data-widget_type=\"heading.default\">\n\t\t\t\t\t<p class=\"elementor-heading-title elementor-size-default\">H\u00e9bergements de Vacances en direct<\/p>\t\t\t\t<\/div>\n\t\t\t\t<div class=\"elementor-element elementor-element-283f3a21 elementor-widget elementor-widget-listeo-listings-carousel\" data-id=\"283f3a21\" data-element_type=\"widget\" data-e-type=\"widget\" data-widget_type=\"listeo-listings-carousel.default\">\n\t\t\t\t<div class=\"elementor-widget-container\">\n\t\t\t\t\t        <!-- Carousel \/ Start -->\n        \t<div class=\"simple-slick-carousel dots-nav\" data-slick='{&quot;autoplay&quot;:false,&quot;autoplaySpeed&quot;:3000,&quot;slidesToShow&quot;:3,&quot;slidesToScroll&quot;:1,&quot;responsive&quot;:[{&quot;breakpoint&quot;:1024,&quot;settings&quot;:{&quot;slidesToShow&quot;:2,&quot;slidesToScroll&quot;:1}},{&quot;breakpoint&quot;:768,&quot;settings&quot;:{&quot;slidesToShow&quot;:1,&quot;slidesToScroll&quot;:1}}]}'>\n                            <div class=\"fw-carousel-item\">                    \n                        <!-- Listing Item -->\r\n            <div class=\"col-lg-6 col-md-12\">\r\n                <a href=\"https:\/\/cparici.com\/fr\/annonce\/ty-glaz-maison-en-bois-au-bord-de-la-mer-a-trelevern-terre-a-tribord-cote-de-granit-rose-bretagne\/\" class=\"listing-item-container listing-geo-data compact\" data-title=\"Ty Glaz \u2013 Maison en bois au bord de la mer \u00e0 Tr\u00e9l\u00e9vern \u2013 Terre \u00e0 Tribord, C\u00f4te de Granit Rose (Bretagne)\" data-listing-type=\"rental\" data-classifieds-price=\"\u20ac\" data-friendly-address=\"16 Le Rhun, Tr\u00e9l\u00e9vern, France\" data-address=\"16 Le Rhun, Tr\u00e9l\u00e9vern, France\" data-image=\"https:\/\/cparici.com\/wp-content\/uploads\/2025\/07\/1-1-520x397.jpg\" data-longitude=\"-3.3808085\" data-latitude=\"48.81022369999999\" data-rating=\"4.9\" data-reviews=\"18\" data-icon=\"<svg xmlns=&quot;http:\/\/www.w3.org\/2000\/svg&quot; width=&quot;800px&quot; height=&quot;800px&quot; viewBox=&quot;0 0 45 45&quot; fill=&quot;none&quot;>\n<path d=&quot;M24.155 8.78099L24.33 8.94499L37.402 21.787L36 23.213L34.2 21.445L34.201 35C34.201 36.054 33.385 36.918 32.35 36.994L32.201 37H12.201C11.147 37 10.283 36.184 10.206 35.149L10.201 35L10.2 21.446L8.402 23.213L7 21.787L20.058 8.95799C21.171 7.82199 22.966 7.75899 24.155 8.78099ZM21.569 10.285L21.473 10.372L12.2 19.481L12.201 35L17.2 34.999L17.201 25C17.201 23.946 18.017 23.082 19.052 23.005L19.201 23H25.201C26.255 23 27.119 23.816 27.196 24.851L27.201 25L27.2 34.999L32.201 35L32.2 19.48L22.901 10.344C22.537 9.98699 21.969 9.96499 21.569 10.285ZM25.201 25H19.201L19.2 34.999H25.2L25.201 25Z&quot; fill=&quot;#3C3C3C&quot;\/>\n<\/svg>\">\r\n            <div class=\"listing-item  featured-listing\">\r\n                <div class=\"listing-small-badges-container\">\r\n                                            <div class=\"listing-small-badge featured-badge\"><i class=\"fa fa-star\"><\/i> En vedette<\/div>\r\n                                                                <div class=\"listing-small-badge pricing-badge\"><i class=\"fa fa-tag\"><\/i>56,00\u20ac - 128,00\u20ac<\/div>\r\n                                                            \r\n                                        \r\n                                        \r\n                <\/div>\r\n                <img decoding=\"async\" src=\"https:\/\/cparici.com\/wp-content\/uploads\/2025\/07\/1-1-520x397.jpg\" alt=\"Ty Glaz \u2013 Maison en bois au bord de la mer \u00e0 Tr\u00e9l\u00e9vern \u2013 Terre \u00e0 Tribord, C\u00f4te de Granit Rose (Bretagne)\" class=\"listing-thumbnail\">\r\n                \r\n\r\n                <div class=\"listing-item-content\">\r\n                                                <div class=\"numerical-rating\" data-rating=\"4.9\"><\/div>\r\n                    \r\n                    <h3> Ty Glaz \u2013 Maison en bois au bord de la mer \u00e0 Tr\u00e9l\u00e9vern \u2013 Terre \u00e0 Tribord, C\u00f4te de Granit Rose (Bretagne) <\/h3>\r\n                    <span>16 Le Rhun, Tr\u00e9l\u00e9vern, France<\/span>\r\n                <\/div>\r\n                                        <span class=\"save like-icon tooltip left\" title=\"Connexion pour marquer des \u00e9l\u00e9ments\"><\/span>\r\n                                                <\/div>\r\n        <\/a>\r\n                    <\/div>\r\n        \r\n\r\n        <!-- Listing Item \/ End -->\n                    <\/div>\n                                      <div class=\"fw-carousel-item\">                    \n                        <!-- Listing Item -->\r\n            <div class=\"col-lg-6 col-md-12\">\r\n                <a href=\"https:\/\/cparici.com\/fr\/annonce\/le-rospico-appartement-vue-mer-nevez\/\" class=\"listing-item-container listing-geo-data compact\" data-title=\"Le Rospico, Appartement Vue Mer N\u00e9vez\" data-listing-type=\"rental\" data-classifieds-price=\"\u20ac\" data-friendly-address=\"Plage de Rospico, N\u00e9vez\" data-address=\"Plage de Rospico, N\u00e9vez\" data-image=\"https:\/\/cparici.com\/wp-content\/uploads\/2026\/03\/anse-de-rospico-520x397.jpg\" data-longitude=\"-3.765314324812224\" data-latitude=\"47.79152794554884\" data-rating=\"0\" data-reviews=\"0\" data-icon=\"<svg xmlns=&quot;http:\/\/www.w3.org\/2000\/svg&quot; width=&quot;800px&quot; height=&quot;800px&quot; viewBox=&quot;0 0 45 45&quot; fill=&quot;none&quot;>\n<path d=&quot;M24.155 8.78099L24.33 8.94499L37.402 21.787L36 23.213L34.2 21.445L34.201 35C34.201 36.054 33.385 36.918 32.35 36.994L32.201 37H12.201C11.147 37 10.283 36.184 10.206 35.149L10.201 35L10.2 21.446L8.402 23.213L7 21.787L20.058 8.95799C21.171 7.82199 22.966 7.75899 24.155 8.78099ZM21.569 10.285L21.473 10.372L12.2 19.481L12.201 35L17.2 34.999L17.201 25C17.201 23.946 18.017 23.082 19.052 23.005L19.201 23H25.201C26.255 23 27.119 23.816 27.196 24.851L27.201 25L27.2 34.999L32.201 35L32.2 19.48L22.901 10.344C22.537 9.98699 21.969 9.96499 21.569 10.285ZM25.201 25H19.201L19.2 34.999H25.2L25.201 25Z&quot; fill=&quot;#3C3C3C&quot;\/>\n<\/svg>\">\r\n            <div class=\"listing-item  \">\r\n                <div class=\"listing-small-badges-container\">\r\n                                                                <div class=\"listing-small-badge pricing-badge\"><i class=\"fa fa-tag\"><\/i>160,00\u20ac - 0,00\u20ac<\/div>\r\n                                                            \r\n                                        \r\n                                        \r\n                <\/div>\r\n                <img decoding=\"async\" src=\"https:\/\/cparici.com\/wp-content\/uploads\/2026\/03\/anse-de-rospico-520x397.jpg\" alt=\"Le Rospico, Appartement Vue Mer N\u00e9vez\" class=\"listing-thumbnail\">\r\n                \r\n\r\n                <div class=\"listing-item-content\">\r\n                    \r\n                    <h3> Le Rospico, Appartement Vue Mer N\u00e9vez <\/h3>\r\n                    <span>Plage de Rospico, N\u00e9vez<\/span>\r\n                <\/div>\r\n                                        <span class=\"save like-icon tooltip left\" title=\"Connexion pour marquer des \u00e9l\u00e9ments\"><\/span>\r\n                                                <\/div>\r\n        <\/a>\r\n                    <\/div>\r\n        \r\n\r\n        <!-- Listing Item \/ End -->\n                    <\/div>\n                                      <div class=\"fw-carousel-item\">                    \n                        <!-- Listing Item -->\r\n            <div class=\"col-lg-6 col-md-12\">\r\n                <a href=\"https:\/\/cparici.com\/fr\/annonce\/viki-thalasso-2-4-pers\/\" class=\"listing-item-container listing-geo-data compact\" data-title=\"VIKI-Thalasso, 2-4 Pers\" data-listing-type=\"rental\" data-classifieds-price=\"\u20ac\" data-friendly-address=\"Les Sables Blancs\" data-address=\"Les Sables Blancs\" data-image=\"https:\/\/cparici.com\/wp-content\/uploads\/2025\/01\/Viki-1-520x397.jpg\" data-longitude=\"-3.9305571\" data-latitude=\"47.8807434\" data-rating=\"0\" data-reviews=\"0\" data-icon=\"<svg xmlns=&quot;http:\/\/www.w3.org\/2000\/svg&quot; width=&quot;800px&quot; height=&quot;800px&quot; viewBox=&quot;0 0 45 45&quot; fill=&quot;none&quot;>\n<path d=&quot;M24.155 8.78099L24.33 8.94499L37.402 21.787L36 23.213L34.2 21.445L34.201 35C34.201 36.054 33.385 36.918 32.35 36.994L32.201 37H12.201C11.147 37 10.283 36.184 10.206 35.149L10.201 35L10.2 21.446L8.402 23.213L7 21.787L20.058 8.95799C21.171 7.82199 22.966 7.75899 24.155 8.78099ZM21.569 10.285L21.473 10.372L12.2 19.481L12.201 35L17.2 34.999L17.201 25C17.201 23.946 18.017 23.082 19.052 23.005L19.201 23H25.201C26.255 23 27.119 23.816 27.196 24.851L27.201 25L27.2 34.999L32.201 35L32.2 19.48L22.901 10.344C22.537 9.98699 21.969 9.96499 21.569 10.285ZM25.201 25H19.201L19.2 34.999H25.2L25.201 25Z&quot; fill=&quot;#3C3C3C&quot;\/>\n<\/svg>\">\r\n            <div class=\"listing-item  \">\r\n                <div class=\"listing-small-badges-container\">\r\n                                                                <div class=\"listing-small-badge pricing-badge\"><i class=\"fa fa-tag\"><\/i>Commence \u00e0 partir de 97,00\u20ac<\/div>\r\n                                                            \r\n                                        \r\n                                        \r\n                <\/div>\r\n                <img decoding=\"async\" src=\"https:\/\/cparici.com\/wp-content\/uploads\/2025\/01\/Viki-1-520x397.jpg\" alt=\"VIKI-Thalasso, 2-4 Pers\" class=\"listing-thumbnail\">\r\n                \r\n\r\n                <div class=\"listing-item-content\">\r\n                    \r\n                    <h3> VIKI-Thalasso, 2-4 Pers <\/h3>\r\n                    <span>Les Sables Blancs<\/span>\r\n                <\/div>\r\n                                        <span class=\"save like-icon tooltip left\" title=\"Connexion pour marquer des \u00e9l\u00e9ments\"><\/span>\r\n                                                <\/div>\r\n        <\/a>\r\n                    <\/div>\r\n        \r\n\r\n        <!-- Listing Item \/ End -->\n                    <\/div>\n                                      <div class=\"fw-carousel-item\">                    \n                        <!-- Listing Item -->\r\n            <div class=\"col-lg-6 col-md-12\">\r\n                <a href=\"https:\/\/cparici.com\/fr\/annonce\/chambres-dhote-de-charme-2\/\" class=\"listing-item-container listing-geo-data compact\" data-title=\"Chambres d\u2019H\u00f4te de charme\" data-listing-type=\"rental\" data-classifieds-price=\"\u20ac\" data-friendly-address=\"Le Gray, 22490 Pleslin Trigavou\" data-address=\"Le Gray, 22490 Pleslin Trigavou\" data-image=\"https:\/\/cparici.com\/wp-content\/uploads\/2026\/01\/9DE6BAB5-52E1-486D-AAC6-080CF3E1B4BB-1-520x397.jpeg\" data-longitude=\"-2.0794163\" data-latitude=\"48.5413717\" data-rating=\"4.7\" data-reviews=\"71\" data-icon=\"<svg xmlns=&quot;http:\/\/www.w3.org\/2000\/svg&quot; width=&quot;800px&quot; height=&quot;800px&quot; viewBox=&quot;0 0 45 45&quot; fill=&quot;none&quot;>\n<path d=&quot;M24.155 8.78099L24.33 8.94499L37.402 21.787L36 23.213L34.2 21.445L34.201 35C34.201 36.054 33.385 36.918 32.35 36.994L32.201 37H12.201C11.147 37 10.283 36.184 10.206 35.149L10.201 35L10.2 21.446L8.402 23.213L7 21.787L20.058 8.95799C21.171 7.82199 22.966 7.75899 24.155 8.78099ZM21.569 10.285L21.473 10.372L12.2 19.481L12.201 35L17.2 34.999L17.201 25C17.201 23.946 18.017 23.082 19.052 23.005L19.201 23H25.201C26.255 23 27.119 23.816 27.196 24.851L27.201 25L27.2 34.999L32.201 35L32.2 19.48L22.901 10.344C22.537 9.98699 21.969 9.96499 21.569 10.285ZM25.201 25H19.201L19.2 34.999H25.2L25.201 25Z&quot; fill=&quot;#3C3C3C&quot;\/>\n<\/svg>\">\r\n            <div class=\"listing-item  \">\r\n                <div class=\"listing-small-badges-container\">\r\n                                                                <div class=\"listing-small-badge pricing-badge\"><i class=\"fa fa-tag\"><\/i>62,00\u20ac - 80,00\u20ac<\/div>\r\n                                                            \r\n                                        \r\n                                        \r\n                <\/div>\r\n                <img decoding=\"async\" src=\"https:\/\/cparici.com\/wp-content\/uploads\/2026\/01\/9DE6BAB5-52E1-486D-AAC6-080CF3E1B4BB-1-520x397.jpeg\" alt=\"Chambres d\u2019H\u00f4te de charme\" class=\"listing-thumbnail\">\r\n                                            <div class=\"listing-badge now-closed\">Ferm\u00e9 maintenant<\/div>\r\n                                        \r\n\r\n                <div class=\"listing-item-content\">\r\n                                                <div class=\"numerical-rating\" data-rating=\"4.7\"><\/div>\r\n                    \r\n                    <h3> Chambres d\u2019H\u00f4te de charme <\/h3>\r\n                    <span>Le Gray, 22490 Pleslin Trigavou<\/span>\r\n                <\/div>\r\n                                        <span class=\"save like-icon tooltip left\" title=\"Connexion pour marquer des \u00e9l\u00e9ments\"><\/span>\r\n                                                <\/div>\r\n        <\/a>\r\n                    <\/div>\r\n        \r\n\r\n        <!-- Listing Item \/ End -->\n                    <\/div>\n                                      <div class=\"fw-carousel-item\">                    \n                        <!-- Listing Item -->\r\n            <div class=\"col-lg-6 col-md-12\">\r\n                <a href=\"https:\/\/cparici.com\/fr\/annonce\/lecrin-2-4-pers\/\" class=\"listing-item-container listing-geo-data compact\" data-title=\"L\u2019Ecrin, 2-4 Pers\" data-listing-type=\"rental\" data-classifieds-price=\"\u20ac\" data-friendly-address=\"Hyper-centre, Concarneau\" data-address=\"Hyper-centre, Concarneau\" data-image=\"https:\/\/cparici.com\/wp-content\/uploads\/2025\/01\/ecrin-1-520x397.jpg\" data-longitude=\"-3.9195904\" data-latitude=\"47.872971\" data-rating=\"0\" data-reviews=\"0\" data-icon=\"<svg xmlns=&quot;http:\/\/www.w3.org\/2000\/svg&quot; width=&quot;800px&quot; height=&quot;800px&quot; viewBox=&quot;0 0 45 45&quot; fill=&quot;none&quot;>\n<path d=&quot;M24.155 8.78099L24.33 8.94499L37.402 21.787L36 23.213L34.2 21.445L34.201 35C34.201 36.054 33.385 36.918 32.35 36.994L32.201 37H12.201C11.147 37 10.283 36.184 10.206 35.149L10.201 35L10.2 21.446L8.402 23.213L7 21.787L20.058 8.95799C21.171 7.82199 22.966 7.75899 24.155 8.78099ZM21.569 10.285L21.473 10.372L12.2 19.481L12.201 35L17.2 34.999L17.201 25C17.201 23.946 18.017 23.082 19.052 23.005L19.201 23H25.201C26.255 23 27.119 23.816 27.196 24.851L27.201 25L27.2 34.999L32.201 35L32.2 19.48L22.901 10.344C22.537 9.98699 21.969 9.96499 21.569 10.285ZM25.201 25H19.201L19.2 34.999H25.2L25.201 25Z&quot; fill=&quot;#3C3C3C&quot;\/>\n<\/svg>\">\r\n            <div class=\"listing-item  \">\r\n                <div class=\"listing-small-badges-container\">\r\n                                                                <div class=\"listing-small-badge pricing-badge\"><i class=\"fa fa-tag\"><\/i>Commence \u00e0 partir de 140,00\u20ac<\/div>\r\n                                                            \r\n                                        \r\n                                        \r\n                <\/div>\r\n                <img decoding=\"async\" src=\"https:\/\/cparici.com\/wp-content\/uploads\/2025\/01\/ecrin-1-520x397.jpg\" alt=\"L\u2019Ecrin, 2-4 Pers\" class=\"listing-thumbnail\">\r\n                \r\n\r\n                <div class=\"listing-item-content\">\r\n                    \r\n                    <h3> L\u2019Ecrin, 2-4 Pers <\/h3>\r\n                    <span>Hyper-centre, Concarneau<\/span>\r\n                <\/div>\r\n                                        <span class=\"save like-icon tooltip left\" title=\"Connexion pour marquer des \u00e9l\u00e9ments\"><\/span>\r\n                                                <\/div>\r\n        <\/a>\r\n                    <\/div>\r\n        \r\n\r\n        <!-- Listing Item \/ End -->\n                    <\/div>\n                                      <div class=\"fw-carousel-item\">                    \n                        <!-- Listing Item -->\r\n            <div class=\"col-lg-6 col-md-12\">\r\n                <a href=\"https:\/\/cparici.com\/fr\/annonce\/villa-grand-large-12-pers-concarneau-le-cabellou\/\" class=\"listing-item-container listing-geo-data compact\" data-title=\"Villa Grand large 12 Pers \u2013 Concarneau \u2013 Le Cabellou\" data-listing-type=\"rental\" data-classifieds-price=\"\u20ac\" data-friendly-address=\"Concarneau, proche plage et centre\" data-address=\"Concarneau, proche plage et centre\" data-image=\"https:\/\/cparici.com\/wp-content\/uploads\/2025\/12\/maison-villa-piscine-520x397.jpg\" data-longitude=\"-3.913984\" data-latitude=\"47.857957\" data-rating=\"0\" data-reviews=\"0\" data-icon=\"<svg xmlns=&quot;http:\/\/www.w3.org\/2000\/svg&quot; width=&quot;800px&quot; height=&quot;800px&quot; viewBox=&quot;0 0 45 45&quot; fill=&quot;none&quot;>\n<path d=&quot;M24.155 8.78099L24.33 8.94499L37.402 21.787L36 23.213L34.2 21.445L34.201 35C34.201 36.054 33.385 36.918 32.35 36.994L32.201 37H12.201C11.147 37 10.283 36.184 10.206 35.149L10.201 35L10.2 21.446L8.402 23.213L7 21.787L20.058 8.95799C21.171 7.82199 22.966 7.75899 24.155 8.78099ZM21.569 10.285L21.473 10.372L12.2 19.481L12.201 35L17.2 34.999L17.201 25C17.201 23.946 18.017 23.082 19.052 23.005L19.201 23H25.201C26.255 23 27.119 23.816 27.196 24.851L27.201 25L27.2 34.999L32.201 35L32.2 19.48L22.901 10.344C22.537 9.98699 21.969 9.96499 21.569 10.285ZM25.201 25H19.201L19.2 34.999H25.2L25.201 25Z&quot; fill=&quot;#3C3C3C&quot;\/>\n<\/svg>\">\r\n            <div class=\"listing-item  \">\r\n                <div class=\"listing-small-badges-container\">\r\n                                                                <div class=\"listing-small-badge pricing-badge\"><i class=\"fa fa-tag\"><\/i>410,00\u20ac - 450,00\u20ac<\/div>\r\n                                                            \r\n                                        \r\n                                        \r\n                <\/div>\r\n                <img decoding=\"async\" src=\"https:\/\/cparici.com\/wp-content\/uploads\/2025\/12\/maison-villa-piscine-520x397.jpg\" alt=\"Villa Grand large 12 Pers \u2013 Concarneau \u2013 Le Cabellou\" class=\"listing-thumbnail\">\r\n                \r\n\r\n                <div class=\"listing-item-content\">\r\n                    \r\n                    <h3> Villa Grand large 12 Pers \u2013 Concarneau \u2013 Le Cabellou <\/h3>\r\n                    <span>Concarneau, proche plage et centre<\/span>\r\n                <\/div>\r\n                                        <span class=\"save like-icon tooltip left\" title=\"Connexion pour marquer des \u00e9l\u00e9ments\"><\/span>\r\n                                                <\/div>\r\n        <\/a>\r\n                    <\/div>\r\n        \r\n\r\n        <!-- Listing Item \/ End -->\n                    <\/div>\n                                      <div class=\"fw-carousel-item\">                    \n                        <!-- Listing Item -->\r\n            <div class=\"col-lg-6 col-md-12\">\r\n                <a href=\"https:\/\/cparici.com\/fr\/annonce\/le-belvedere-vue-mer-6pers\/\" class=\"listing-item-container listing-geo-data compact\" data-title=\"Le Belv\u00e9d\u00e8re, Vue mer 6Pers\" data-listing-type=\"rental\" data-classifieds-price=\"\u20ac\" data-friendly-address=\"Les Sables Blancs\" data-address=\"Les Sables Blancs\" data-image=\"https:\/\/cparici.com\/wp-content\/uploads\/2025\/01\/le-belvedere-3-520x397.jpg\" data-longitude=\"-3.9304455\" data-latitude=\"47.8818643\" data-rating=\"0\" data-reviews=\"0\" data-icon=\"<svg xmlns=&quot;http:\/\/www.w3.org\/2000\/svg&quot; width=&quot;800px&quot; height=&quot;800px&quot; viewBox=&quot;0 0 45 45&quot; fill=&quot;none&quot;>\n<path d=&quot;M24.155 8.78099L24.33 8.94499L37.402 21.787L36 23.213L34.2 21.445L34.201 35C34.201 36.054 33.385 36.918 32.35 36.994L32.201 37H12.201C11.147 37 10.283 36.184 10.206 35.149L10.201 35L10.2 21.446L8.402 23.213L7 21.787L20.058 8.95799C21.171 7.82199 22.966 7.75899 24.155 8.78099ZM21.569 10.285L21.473 10.372L12.2 19.481L12.201 35L17.2 34.999L17.201 25C17.201 23.946 18.017 23.082 19.052 23.005L19.201 23H25.201C26.255 23 27.119 23.816 27.196 24.851L27.201 25L27.2 34.999L32.201 35L32.2 19.48L22.901 10.344C22.537 9.98699 21.969 9.96499 21.569 10.285ZM25.201 25H19.201L19.2 34.999H25.2L25.201 25Z&quot; fill=&quot;#3C3C3C&quot;\/>\n<\/svg>\">\r\n            <div class=\"listing-item  \">\r\n                <div class=\"listing-small-badges-container\">\r\n                                                                <div class=\"listing-small-badge pricing-badge\"><i class=\"fa fa-tag\"><\/i>215,00\u20ac - 300,00\u20ac<\/div>\r\n                                                            \r\n                                        \r\n                                        \r\n                <\/div>\r\n                <img decoding=\"async\" src=\"https:\/\/cparici.com\/wp-content\/uploads\/2025\/01\/le-belvedere-3-520x397.jpg\" alt=\"Le Belv\u00e9d\u00e8re, Vue mer 6Pers\" class=\"listing-thumbnail\">\r\n                \r\n\r\n                <div class=\"listing-item-content\">\r\n                    \r\n                    <h3> Le Belv\u00e9d\u00e8re, Vue mer 6Pers <\/h3>\r\n                    <span>Les Sables Blancs<\/span>\r\n                <\/div>\r\n                                        <span class=\"save like-icon tooltip left\" title=\"Connexion pour marquer des \u00e9l\u00e9ments\"><\/span>\r\n                                                <\/div>\r\n        <\/a>\r\n                    <\/div>\r\n        \r\n\r\n        <!-- Listing Item \/ End -->\n                    <\/div>\n                                      <div class=\"fw-carousel-item\">                    \n                        <!-- Listing Item -->\r\n            <div class=\"col-lg-6 col-md-12\">\r\n                <a href=\"https:\/\/cparici.com\/fr\/annonce\/gite-familial-avec-acces-pmr\/\" class=\"listing-item-container listing-geo-data compact\" data-title=\"G\u00eete Familial avec Acc\u00e8s PMR\" data-listing-type=\"rental\" data-classifieds-price=\"\u20ac\" data-friendly-address=\"149 Rte de Pen An Neac&#039;H, 29650 Plou\u00e9gat-Moysan, France\" data-address=\"149 Rte de Pen An Neac&#039;H, 29650 Plou\u00e9gat-Moysan, France\" data-image=\"https:\/\/cparici.com\/wp-content\/uploads\/2025\/07\/le-puits-de-jeanne-152-520x397.jpg\" data-longitude=\"-3.634414672851563\" data-latitude=\"48.56700919526004\" data-rating=\"4.8\" data-reviews=\"621\" data-icon=\"<svg xmlns=&quot;http:\/\/www.w3.org\/2000\/svg&quot; width=&quot;800px&quot; height=&quot;800px&quot; viewBox=&quot;0 0 45 45&quot; fill=&quot;none&quot;>\n<path d=&quot;M24.155 8.78099L24.33 8.94499L37.402 21.787L36 23.213L34.2 21.445L34.201 35C34.201 36.054 33.385 36.918 32.35 36.994L32.201 37H12.201C11.147 37 10.283 36.184 10.206 35.149L10.201 35L10.2 21.446L8.402 23.213L7 21.787L20.058 8.95799C21.171 7.82199 22.966 7.75899 24.155 8.78099ZM21.569 10.285L21.473 10.372L12.2 19.481L12.201 35L17.2 34.999L17.201 25C17.201 23.946 18.017 23.082 19.052 23.005L19.201 23H25.201C26.255 23 27.119 23.816 27.196 24.851L27.201 25L27.2 34.999L32.201 35L32.2 19.48L22.901 10.344C22.537 9.98699 21.969 9.96499 21.569 10.285ZM25.201 25H19.201L19.2 34.999H25.2L25.201 25Z&quot; fill=&quot;#3C3C3C&quot;\/>\n<\/svg>\">\r\n            <div class=\"listing-item  featured-listing\">\r\n                <div class=\"listing-small-badges-container\">\r\n                                            <div class=\"listing-small-badge featured-badge\"><i class=\"fa fa-star\"><\/i> En vedette<\/div>\r\n                                                                <div class=\"listing-small-badge pricing-badge\"><i class=\"fa fa-tag\"><\/i>130,00\u20ac - 160,00\u20ac<\/div>\r\n                                                            \r\n                                        \r\n                                        \r\n                <\/div>\r\n                <img decoding=\"async\" src=\"https:\/\/cparici.com\/wp-content\/uploads\/2025\/07\/le-puits-de-jeanne-152-520x397.jpg\" alt=\"G\u00eete Familial avec Acc\u00e8s PMR\" class=\"listing-thumbnail\">\r\n                \r\n\r\n                <div class=\"listing-item-content\">\r\n                                                <div class=\"numerical-rating\" data-rating=\"4.8\"><\/div>\r\n                    \r\n                    <h3> G\u00eete Familial avec Acc\u00e8s PMR <i class=\"verified-icon\"><\/i><\/h3>\r\n                    <span>149 Rte de Pen An Neac'H, 29650 Plou\u00e9gat-Moysan, France<\/span>\r\n                <\/div>\r\n                                        <span class=\"save like-icon tooltip left\" title=\"Connexion pour marquer des \u00e9l\u00e9ments\"><\/span>\r\n                                                <\/div>\r\n        <\/a>\r\n                    <\/div>\r\n        \r\n\r\n        <!-- Listing Item \/ End -->\n                    <\/div>\n                                      <div class=\"fw-carousel-item\">                    \n                        <!-- Listing Item -->\r\n            <div class=\"col-lg-6 col-md-12\">\r\n                <a href=\"https:\/\/cparici.com\/fr\/annonce\/la-rose-des-vents-8-pers\/\" class=\"listing-item-container listing-geo-data compact\" data-title=\"La Rose des Vents, 8 Pers\" data-listing-type=\"rental\" data-classifieds-price=\"\u20ac\" data-friendly-address=\"Le Rouz\" data-address=\"Le Rouz\" data-image=\"https:\/\/cparici.com\/wp-content\/uploads\/2025\/01\/la-rose-des-vents-2-520x397.jpg\" data-longitude=\"-3.9069835\" data-latitude=\"47.8674861\" data-rating=\"0\" data-reviews=\"0\" data-icon=\"<svg xmlns=&quot;http:\/\/www.w3.org\/2000\/svg&quot; width=&quot;800px&quot; height=&quot;800px&quot; viewBox=&quot;0 0 45 45&quot; fill=&quot;none&quot;>\n<path d=&quot;M24.155 8.78099L24.33 8.94499L37.402 21.787L36 23.213L34.2 21.445L34.201 35C34.201 36.054 33.385 36.918 32.35 36.994L32.201 37H12.201C11.147 37 10.283 36.184 10.206 35.149L10.201 35L10.2 21.446L8.402 23.213L7 21.787L20.058 8.95799C21.171 7.82199 22.966 7.75899 24.155 8.78099ZM21.569 10.285L21.473 10.372L12.2 19.481L12.201 35L17.2 34.999L17.201 25C17.201 23.946 18.017 23.082 19.052 23.005L19.201 23H25.201C26.255 23 27.119 23.816 27.196 24.851L27.201 25L27.2 34.999L32.201 35L32.2 19.48L22.901 10.344C22.537 9.98699 21.969 9.96499 21.569 10.285ZM25.201 25H19.201L19.2 34.999H25.2L25.201 25Z&quot; fill=&quot;#3C3C3C&quot;\/>\n<\/svg>\">\r\n            <div class=\"listing-item  \">\r\n                <div class=\"listing-small-badges-container\">\r\n                                                                <div class=\"listing-small-badge pricing-badge\"><i class=\"fa fa-tag\"><\/i>191,00\u20ac - 240,00\u20ac<\/div>\r\n                                                            \r\n                                        \r\n                                        \r\n                <\/div>\r\n                <img decoding=\"async\" src=\"https:\/\/cparici.com\/wp-content\/uploads\/2025\/01\/la-rose-des-vents-2-520x397.jpg\" alt=\"La Rose des Vents, 8 Pers\" class=\"listing-thumbnail\">\r\n                \r\n\r\n                <div class=\"listing-item-content\">\r\n                    \r\n                    <h3> La Rose des Vents, 8 Pers <\/h3>\r\n                    <span>Le Rouz<\/span>\r\n                <\/div>\r\n                                        <span class=\"save like-icon tooltip left\" title=\"Connexion pour marquer des \u00e9l\u00e9ments\"><\/span>\r\n                                                <\/div>\r\n        <\/a>\r\n                    <\/div>\r\n        \r\n\r\n        <!-- Listing Item \/ End -->\n                    <\/div>\n                                      <div class=\"fw-carousel-item\">                    \n                        <!-- Listing Item -->\r\n            <div class=\"col-lg-6 col-md-12\">\r\n                <a href=\"https:\/\/cparici.com\/fr\/annonce\/villa-du-13-10-pers-avec-piscine-concarneau-le-cabellou\/\" class=\"listing-item-container listing-geo-data compact\" data-title=\"Villa du 13, 10 Pers avec piscine Concarneau \u2013 Le Cabellou\" data-listing-type=\"rental\" data-classifieds-price=\"\u20ac\" data-friendly-address=\"Le Cabellou, Concarneau\" data-address=\"Le Cabellou, Concarneau\" data-image=\"https:\/\/cparici.com\/wp-content\/uploads\/2025\/12\/piscine-exterieur-520x397.jpg\" data-longitude=\"-3.912996599999999\" data-latitude=\"47.8574682\" data-rating=\"0\" data-reviews=\"0\" data-icon=\"<svg xmlns=&quot;http:\/\/www.w3.org\/2000\/svg&quot; width=&quot;800px&quot; height=&quot;800px&quot; viewBox=&quot;0 0 45 45&quot; fill=&quot;none&quot;>\n<path d=&quot;M24.155 8.78099L24.33 8.94499L37.402 21.787L36 23.213L34.2 21.445L34.201 35C34.201 36.054 33.385 36.918 32.35 36.994L32.201 37H12.201C11.147 37 10.283 36.184 10.206 35.149L10.201 35L10.2 21.446L8.402 23.213L7 21.787L20.058 8.95799C21.171 7.82199 22.966 7.75899 24.155 8.78099ZM21.569 10.285L21.473 10.372L12.2 19.481L12.201 35L17.2 34.999L17.201 25C17.201 23.946 18.017 23.082 19.052 23.005L19.201 23H25.201C26.255 23 27.119 23.816 27.196 24.851L27.201 25L27.2 34.999L32.201 35L32.2 19.48L22.901 10.344C22.537 9.98699 21.969 9.96499 21.569 10.285ZM25.201 25H19.201L19.2 34.999H25.2L25.201 25Z&quot; fill=&quot;#3C3C3C&quot;\/>\n<\/svg>\">\r\n            <div class=\"listing-item  \">\r\n                <div class=\"listing-small-badges-container\">\r\n                                                                <div class=\"listing-small-badge pricing-badge\"><i class=\"fa fa-tag\"><\/i>360,00\u20ac - 380,00\u20ac<\/div>\r\n                                                            \r\n                                        \r\n                                        \r\n                <\/div>\r\n                <img decoding=\"async\" src=\"https:\/\/cparici.com\/wp-content\/uploads\/2025\/12\/piscine-exterieur-520x397.jpg\" alt=\"Villa du 13, 10 Pers avec piscine Concarneau \u2013 Le Cabellou\" class=\"listing-thumbnail\">\r\n                \r\n\r\n                <div class=\"listing-item-content\">\r\n                    \r\n                    <h3> Villa du 13, 10 Pers avec piscine Concarneau \u2013 Le Cabellou <\/h3>\r\n                    <span>Le Cabellou, Concarneau<\/span>\r\n                <\/div>\r\n                                        <span class=\"save like-icon tooltip left\" title=\"Connexion pour marquer des \u00e9l\u00e9ments\"><\/span>\r\n                                                <\/div>\r\n        <\/a>\r\n                    <\/div>\r\n        \r\n\r\n        <!-- Listing Item \/ End -->\n                    <\/div>\n                                      <div class=\"fw-carousel-item\">                    \n                        <!-- Listing Item -->\r\n            <div class=\"col-lg-6 col-md-12\">\r\n                <a href=\"https:\/\/cparici.com\/fr\/annonce\/maison-de-vacances-ty-eon-mor\/\" class=\"listing-item-container listing-geo-data compact\" data-title=\"Maison de Vacances Ty Eon Mor\" data-listing-type=\"rental\" data-classifieds-price=\"\u20ac\" data-friendly-address=\"saint-Pol-de-L\u00e9on , 150 m plage de Sainte-Anne\" data-address=\"saint-Pol-de-L\u00e9on , 150 m plage de Sainte-Anne\" data-image=\"https:\/\/cparici.com\/wp-content\/uploads\/2026\/01\/IMG-20260130-WA0028-520x397.jpg\" data-longitude=\"-3.969706\" data-latitude=\"48.6889036\" data-rating=\"0\" data-reviews=\"0\" data-icon=\"<svg xmlns=&quot;http:\/\/www.w3.org\/2000\/svg&quot; width=&quot;800px&quot; height=&quot;800px&quot; viewBox=&quot;0 0 45 45&quot; fill=&quot;none&quot;>\n<path d=&quot;M24.155 8.78099L24.33 8.94499L37.402 21.787L36 23.213L34.2 21.445L34.201 35C34.201 36.054 33.385 36.918 32.35 36.994L32.201 37H12.201C11.147 37 10.283 36.184 10.206 35.149L10.201 35L10.2 21.446L8.402 23.213L7 21.787L20.058 8.95799C21.171 7.82199 22.966 7.75899 24.155 8.78099ZM21.569 10.285L21.473 10.372L12.2 19.481L12.201 35L17.2 34.999L17.201 25C17.201 23.946 18.017 23.082 19.052 23.005L19.201 23H25.201C26.255 23 27.119 23.816 27.196 24.851L27.201 25L27.2 34.999L32.201 35L32.2 19.48L22.901 10.344C22.537 9.98699 21.969 9.96499 21.569 10.285ZM25.201 25H19.201L19.2 34.999H25.2L25.201 25Z&quot; fill=&quot;#3C3C3C&quot;\/>\n<\/svg>\">\r\n            <div class=\"listing-item  featured-listing\">\r\n                <div class=\"listing-small-badges-container\">\r\n                                            <div class=\"listing-small-badge featured-badge\"><i class=\"fa fa-star\"><\/i> En vedette<\/div>\r\n                                                                <div class=\"listing-small-badge pricing-badge\"><i class=\"fa fa-tag\"><\/i>93,00\u20ac - 207,00\u20ac<\/div>\r\n                                                            \r\n                                        \r\n                                        \r\n                <\/div>\r\n                <img decoding=\"async\" src=\"https:\/\/cparici.com\/wp-content\/uploads\/2026\/01\/IMG-20260130-WA0028-520x397.jpg\" alt=\"Maison de Vacances Ty Eon Mor\" class=\"listing-thumbnail\">\r\n                \r\n\r\n                <div class=\"listing-item-content\">\r\n                    \r\n                    <h3> Maison de Vacances Ty Eon Mor <\/h3>\r\n                    <span>saint-Pol-de-L\u00e9on , 150 m plage de Sainte-Anne<\/span>\r\n                <\/div>\r\n                                        <span class=\"save like-icon tooltip left\" title=\"Connexion pour marquer des \u00e9l\u00e9ments\"><\/span>\r\n                                                <\/div>\r\n        <\/a>\r\n                    <\/div>\r\n        \r\n\r\n        <!-- Listing Item \/ End -->\n                    <\/div>\n                                      <div class=\"fw-carousel-item\">                    \n                        <!-- Listing Item -->\r\n            <div class=\"col-lg-6 col-md-12\">\r\n                <a href=\"https:\/\/cparici.com\/fr\/annonce\/la-plume-appartement-vue-mer-2-adultes-2-enfants-vue-mer-a-concarneau\/\" class=\"listing-item-container listing-geo-data compact\" data-title=\"La Plume \u2013 Appartement vue mer \u00e0 CONCARNEAU\" data-listing-type=\"rental\" data-classifieds-price=\"\u20ac\" data-friendly-address=\"Centre ville Concarneau, Plages \u00e0 pied\" data-address=\"Centre ville Concarneau, Plages \u00e0 pied\" data-image=\"https:\/\/cparici.com\/wp-content\/uploads\/2026\/04\/appartement-plume-concarneau-balcon-vue-mer-et-phare-520x397.jpg\" data-longitude=\"-3.9175758\" data-latitude=\"47.8690136\" data-rating=\"0\" data-reviews=\"0\" data-icon=\"<svg xmlns=&quot;http:\/\/www.w3.org\/2000\/svg&quot; width=&quot;800px&quot; height=&quot;800px&quot; viewBox=&quot;0 0 45 45&quot; fill=&quot;none&quot;>\n<path d=&quot;M24.155 8.78099L24.33 8.94499L37.402 21.787L36 23.213L34.2 21.445L34.201 35C34.201 36.054 33.385 36.918 32.35 36.994L32.201 37H12.201C11.147 37 10.283 36.184 10.206 35.149L10.201 35L10.2 21.446L8.402 23.213L7 21.787L20.058 8.95799C21.171 7.82199 22.966 7.75899 24.155 8.78099ZM21.569 10.285L21.473 10.372L12.2 19.481L12.201 35L17.2 34.999L17.201 25C17.201 23.946 18.017 23.082 19.052 23.005L19.201 23H25.201C26.255 23 27.119 23.816 27.196 24.851L27.201 25L27.2 34.999L32.201 35L32.2 19.48L22.901 10.344C22.537 9.98699 21.969 9.96499 21.569 10.285ZM25.201 25H19.201L19.2 34.999H25.2L25.201 25Z&quot; fill=&quot;#3C3C3C&quot;\/>\n<\/svg>\">\r\n            <div class=\"listing-item  \">\r\n                <div class=\"listing-small-badges-container\">\r\n                                                                <div class=\"listing-small-badge pricing-badge\"><i class=\"fa fa-tag\"><\/i>140,00\u20ac - 0,00\u20ac<\/div>\r\n                                                            \r\n                                        \r\n                                        \r\n                <\/div>\r\n                <img decoding=\"async\" src=\"https:\/\/cparici.com\/wp-content\/uploads\/2026\/04\/appartement-plume-concarneau-balcon-vue-mer-et-phare-520x397.jpg\" alt=\"La Plume \u2013 Appartement vue mer \u00e0 CONCARNEAU\" class=\"listing-thumbnail\">\r\n                \r\n\r\n                <div class=\"listing-item-content\">\r\n                    \r\n                    <h3> La Plume \u2013 Appartement vue mer \u00e0 CONCARNEAU <\/h3>\r\n                    <span>Centre ville Concarneau, Plages \u00e0 pied<\/span>\r\n                <\/div>\r\n                                        <span class=\"save like-icon tooltip left\" title=\"Connexion pour marquer des \u00e9l\u00e9ments\"><\/span>\r\n                                                <\/div>\r\n        <\/a>\r\n                    <\/div>\r\n        \r\n\r\n        <!-- Listing Item \/ End -->\n                    <\/div>\n                                      <div class=\"fw-carousel-item\">                    \n                        <!-- Listing Item -->\r\n            <div class=\"col-lg-6 col-md-12\">\r\n                <a href=\"https:\/\/cparici.com\/fr\/annonce\/perle-maison-6-pers-avec-piscine-couverte-et-vue-mer\/\" class=\"listing-item-container listing-geo-data compact\" data-title=\"Perle Maison 6 Pers avec Piscine Couverte et Vue Mer\" data-listing-type=\"rental\" data-classifieds-price=\"\u20ac\" data-friendly-address=\"Concarneau, Les Sables Blancs\" data-address=\"Concarneau, Les Sables Blancs\" data-image=\"https:\/\/cparici.com\/wp-content\/uploads\/2026\/03\/maison-vacances-perle-concarneau-exterieur-520x397.jpg\" data-longitude=\"-3.934530282209957\" data-latitude=\"47.884541075243035\" data-rating=\"0\" data-reviews=\"0\" data-icon=\"<svg xmlns=&quot;http:\/\/www.w3.org\/2000\/svg&quot; width=&quot;800px&quot; height=&quot;800px&quot; viewBox=&quot;0 0 45 45&quot; fill=&quot;none&quot;>\n<path d=&quot;M24.155 8.78099L24.33 8.94499L37.402 21.787L36 23.213L34.2 21.445L34.201 35C34.201 36.054 33.385 36.918 32.35 36.994L32.201 37H12.201C11.147 37 10.283 36.184 10.206 35.149L10.201 35L10.2 21.446L8.402 23.213L7 21.787L20.058 8.95799C21.171 7.82199 22.966 7.75899 24.155 8.78099ZM21.569 10.285L21.473 10.372L12.2 19.481L12.201 35L17.2 34.999L17.201 25C17.201 23.946 18.017 23.082 19.052 23.005L19.201 23H25.201C26.255 23 27.119 23.816 27.196 24.851L27.201 25L27.2 34.999L32.201 35L32.2 19.48L22.901 10.344C22.537 9.98699 21.969 9.96499 21.569 10.285ZM25.201 25H19.201L19.2 34.999H25.2L25.201 25Z&quot; fill=&quot;#3C3C3C&quot;\/>\n<\/svg>\">\r\n            <div class=\"listing-item  \">\r\n                <div class=\"listing-small-badges-container\">\r\n                                                                <div class=\"listing-small-badge pricing-badge\"><i class=\"fa fa-tag\"><\/i>230,00\u20ac - 0,00\u20ac<\/div>\r\n                                                            \r\n                                        \r\n                                        \r\n                <\/div>\r\n                <img decoding=\"async\" src=\"https:\/\/cparici.com\/wp-content\/uploads\/2026\/03\/maison-vacances-perle-concarneau-exterieur-520x397.jpg\" alt=\"Perle Maison 6 Pers avec Piscine Couverte et Vue Mer\" class=\"listing-thumbnail\">\r\n                \r\n\r\n                <div class=\"listing-item-content\">\r\n                    \r\n                    <h3> Perle Maison 6 Pers avec Piscine Couverte et Vue Mer <\/h3>\r\n                    <span>Concarneau, Les Sables Blancs<\/span>\r\n                <\/div>\r\n                                        <span class=\"save like-icon tooltip left\" title=\"Connexion pour marquer des \u00e9l\u00e9ments\"><\/span>\r\n                                                <\/div>\r\n        <\/a>\r\n                    <\/div>\r\n        \r\n\r\n        <!-- Listing Item \/ End -->\n                    <\/div>\n                                      <div class=\"fw-carousel-item\">                    \n                        <!-- Listing Item -->\r\n            <div class=\"col-lg-6 col-md-12\">\r\n                <a href=\"https:\/\/cparici.com\/fr\/annonce\/villa-leonie\/\" class=\"listing-item-container listing-geo-data compact\" data-title=\"Villa L\u00e9onie\" data-listing-type=\"rental\" data-classifieds-price=\"\u20ac\" data-friendly-address=\"Kerlouan\" data-address=\"Kerlouan\" data-image=\"https:\/\/cparici.com\/wp-content\/uploads\/2025\/03\/1-520x397.jpg\" data-longitude=\"-4.357733\" data-latitude=\"48.651003\" data-rating=\"5\" data-reviews=\"31\" data-icon=\"<svg xmlns=&quot;http:\/\/www.w3.org\/2000\/svg&quot; width=&quot;800px&quot; height=&quot;800px&quot; viewBox=&quot;0 0 45 45&quot; fill=&quot;none&quot;>\n<path d=&quot;M24.155 8.78099L24.33 8.94499L37.402 21.787L36 23.213L34.2 21.445L34.201 35C34.201 36.054 33.385 36.918 32.35 36.994L32.201 37H12.201C11.147 37 10.283 36.184 10.206 35.149L10.201 35L10.2 21.446L8.402 23.213L7 21.787L20.058 8.95799C21.171 7.82199 22.966 7.75899 24.155 8.78099ZM21.569 10.285L21.473 10.372L12.2 19.481L12.201 35L17.2 34.999L17.201 25C17.201 23.946 18.017 23.082 19.052 23.005L19.201 23H25.201C26.255 23 27.119 23.816 27.196 24.851L27.201 25L27.2 34.999L32.201 35L32.2 19.48L22.901 10.344C22.537 9.98699 21.969 9.96499 21.569 10.285ZM25.201 25H19.201L19.2 34.999H25.2L25.201 25Z&quot; fill=&quot;#3C3C3C&quot;\/>\n<\/svg>\">\r\n            <div class=\"listing-item  featured-listing\">\r\n                <div class=\"listing-small-badges-container\">\r\n                                            <div class=\"listing-small-badge featured-badge\"><i class=\"fa fa-star\"><\/i> En vedette<\/div>\r\n                                                                <div class=\"listing-small-badge pricing-badge\"><i class=\"fa fa-tag\"><\/i>360,00\u20ac - 800,00\u20ac<\/div>\r\n                                                            \r\n                                        \r\n                                        \r\n                <\/div>\r\n                <img decoding=\"async\" src=\"https:\/\/cparici.com\/wp-content\/uploads\/2025\/03\/1-520x397.jpg\" alt=\"Villa L\u00e9onie\" class=\"listing-thumbnail\">\r\n                \r\n\r\n                <div class=\"listing-item-content\">\r\n                                                <div class=\"numerical-rating\" data-rating=\"5.0\"><\/div>\r\n                    \r\n                    <h3> Villa L\u00e9onie <\/h3>\r\n                    <span>Kerlouan<\/span>\r\n                <\/div>\r\n                                        <span class=\"save like-icon tooltip left\" title=\"Connexion pour marquer des \u00e9l\u00e9ments\"><\/span>\r\n                                                <\/div>\r\n        <\/a>\r\n                    <\/div>\r\n        \r\n\r\n        <!-- Listing Item \/ End -->\n                    <\/div>\n                                      <div class=\"fw-carousel-item\">                    \n                        <!-- Listing Item -->\r\n            <div class=\"col-lg-6 col-md-12\">\r\n                <a href=\"https:\/\/cparici.com\/fr\/annonce\/le-70-sainte-marine-grande-maison-de-vacances-charme-confort-en-finistere-sud-bretagne\/\" class=\"listing-item-container listing-geo-data compact\" data-title=\"\u00a0Le 70 Sainte Marine \u2013 Grande maison de vacances charme & confort en Finist\u00e8re Sud (Bretagne)\" data-listing-type=\"rental\" data-classifieds-price=\"\u20ac\" data-friendly-address=\"Sainte-Marine (Combrit)\" data-address=\"Sainte-Marine (Combrit)\" data-image=\"https:\/\/cparici.com\/wp-content\/uploads\/2025\/07\/Bienvenue-Welcome-Sainte-Marine-Brittany-520x397.jpg\" data-longitude=\"-4.123866599999999\" data-latitude=\"47.874164\" data-rating=\"5\" data-reviews=\"8\" data-icon=\"<svg xmlns=&quot;http:\/\/www.w3.org\/2000\/svg&quot; width=&quot;800px&quot; height=&quot;800px&quot; viewBox=&quot;0 0 45 45&quot; fill=&quot;none&quot;>\n<path d=&quot;M24.155 8.78099L24.33 8.94499L37.402 21.787L36 23.213L34.2 21.445L34.201 35C34.201 36.054 33.385 36.918 32.35 36.994L32.201 37H12.201C11.147 37 10.283 36.184 10.206 35.149L10.201 35L10.2 21.446L8.402 23.213L7 21.787L20.058 8.95799C21.171 7.82199 22.966 7.75899 24.155 8.78099ZM21.569 10.285L21.473 10.372L12.2 19.481L12.201 35L17.2 34.999L17.201 25C17.201 23.946 18.017 23.082 19.052 23.005L19.201 23H25.201C26.255 23 27.119 23.816 27.196 24.851L27.201 25L27.2 34.999L32.201 35L32.2 19.48L22.901 10.344C22.537 9.98699 21.969 9.96499 21.569 10.285ZM25.201 25H19.201L19.2 34.999H25.2L25.201 25Z&quot; fill=&quot;#3C3C3C&quot;\/>\n<\/svg>\">\r\n            <div class=\"listing-item  \">\r\n                <div class=\"listing-small-badges-container\">\r\n                                                                <div class=\"listing-small-badge pricing-badge\"><i class=\"fa fa-tag\"><\/i>210,00\u20ac - 475,00\u20ac<\/div>\r\n                                                            \r\n                                        \r\n                                        \r\n                <\/div>\r\n                <img decoding=\"async\" src=\"https:\/\/cparici.com\/wp-content\/uploads\/2025\/07\/Bienvenue-Welcome-Sainte-Marine-Brittany-520x397.jpg\" alt=\"\u00a0Le 70 Sainte Marine \u2013 Grande maison de vacances charme & confort en Finist\u00e8re Sud (Bretagne)\" class=\"listing-thumbnail\">\r\n                \r\n\r\n                <div class=\"listing-item-content\">\r\n                                                <div class=\"numerical-rating\" data-rating=\"5.0\"><\/div>\r\n                    \r\n                    <h3> \u00a0Le 70 Sainte Marine \u2013 Grande maison de vacances charme & confort en Finist\u00e8re Sud (Bretagne) <\/h3>\r\n                    <span>Sainte-Marine (Combrit)<\/span>\r\n                <\/div>\r\n                                        <span class=\"save like-icon tooltip left\" title=\"Connexion pour marquer des \u00e9l\u00e9ments\"><\/span>\r\n                                                <\/div>\r\n        <\/a>\r\n                    <\/div>\r\n        \r\n\r\n        <!-- Listing Item \/ End -->\n                    <\/div>\n                                      <div class=\"fw-carousel-item\">                    \n                        <!-- Listing Item -->\r\n            <div class=\"col-lg-6 col-md-12\">\r\n                <a href=\"https:\/\/cparici.com\/fr\/annonce\/ty-kerzont-gite-de-charme-entre-mer-et-campagne-a-15-minutes-de-perros-guirec\/\" class=\"listing-item-container listing-geo-data compact\" data-title=\"TY KERZONT , g\u00eete de charme , entre mer et campagne, \u00e0 15 minutes de Perros-Guirec\" data-listing-type=\"rental\" data-classifieds-price=\"\u20ac\" data-friendly-address=\"1 Kerzont, Coatr\u00e9ven\" data-address=\"1 Kerzont, Coatr\u00e9ven\" data-image=\"https:\/\/cparici.com\/wp-content\/uploads\/2026\/01\/Gite-Ty-Kerzont-520x397.jpg\" data-longitude=\"-3.324334\" data-latitude=\"48.764011\" data-rating=\"4.9\" data-reviews=\"29\" data-icon=\"<svg xmlns=&quot;http:\/\/www.w3.org\/2000\/svg&quot; width=&quot;800px&quot; height=&quot;800px&quot; viewBox=&quot;0 0 45 45&quot; fill=&quot;none&quot;>\n<path d=&quot;M24.155 8.78099L24.33 8.94499L37.402 21.787L36 23.213L34.2 21.445L34.201 35C34.201 36.054 33.385 36.918 32.35 36.994L32.201 37H12.201C11.147 37 10.283 36.184 10.206 35.149L10.201 35L10.2 21.446L8.402 23.213L7 21.787L20.058 8.95799C21.171 7.82199 22.966 7.75899 24.155 8.78099ZM21.569 10.285L21.473 10.372L12.2 19.481L12.201 35L17.2 34.999L17.201 25C17.201 23.946 18.017 23.082 19.052 23.005L19.201 23H25.201C26.255 23 27.119 23.816 27.196 24.851L27.201 25L27.2 34.999L32.201 35L32.2 19.48L22.901 10.344C22.537 9.98699 21.969 9.96499 21.569 10.285ZM25.201 25H19.201L19.2 34.999H25.2L25.201 25Z&quot; fill=&quot;#3C3C3C&quot;\/>\n<\/svg>\">\r\n            <div class=\"listing-item  \">\r\n                <div class=\"listing-small-badges-container\">\r\n                                                                <div class=\"listing-small-badge pricing-badge\"><i class=\"fa fa-tag\"><\/i>89,00\u20ac - 122,00\u20ac<\/div>\r\n                                                            \r\n                                        \r\n                                        \r\n                <\/div>\r\n                <img decoding=\"async\" src=\"https:\/\/cparici.com\/wp-content\/uploads\/2026\/01\/Gite-Ty-Kerzont-520x397.jpg\" alt=\"TY KERZONT , g\u00eete de charme , entre mer et campagne, \u00e0 15 minutes de Perros-Guirec\" class=\"listing-thumbnail\">\r\n                \r\n\r\n                <div class=\"listing-item-content\">\r\n                                                <div class=\"numerical-rating\" data-rating=\"4.9\"><\/div>\r\n                    \r\n                    <h3> TY KERZONT , g\u00eete de charme , entre mer et campagne, \u00e0 15 minutes de Perros-Guirec <\/h3>\r\n                    <span>1 Kerzont, Coatr\u00e9ven<\/span>\r\n                <\/div>\r\n                                        <span class=\"save like-icon tooltip left\" title=\"Connexion pour marquer des \u00e9l\u00e9ments\"><\/span>\r\n                                                <\/div>\r\n        <\/a>\r\n                    <\/div>\r\n        \r\n\r\n        <!-- Listing Item \/ End -->\n                    <\/div>\n                                      <div class=\"fw-carousel-item\">                    \n                        <!-- Listing Item -->\r\n            <div class=\"col-lg-6 col-md-12\">\r\n                <a href=\"https:\/\/cparici.com\/fr\/annonce\/rosemarine-2-4-pers-3\/\" class=\"listing-item-container listing-geo-data compact\" data-title=\"Rosemarine, 2-4 Pers\" data-listing-type=\"rental\" data-classifieds-price=\"\u20ac\" data-friendly-address=\"La Corniche\" data-address=\"La Corniche\" data-image=\"https:\/\/cparici.com\/wp-content\/uploads\/2025\/01\/Rosemarine-1-520x397.jpg\" data-longitude=\"-3.917989999999999\" data-latitude=\"47.86985079999999\" data-rating=\"0\" data-reviews=\"0\" data-icon=\"<svg xmlns=&quot;http:\/\/www.w3.org\/2000\/svg&quot; width=&quot;800px&quot; height=&quot;800px&quot; viewBox=&quot;0 0 45 45&quot; fill=&quot;none&quot;>\n<path d=&quot;M24.155 8.78099L24.33 8.94499L37.402 21.787L36 23.213L34.2 21.445L34.201 35C34.201 36.054 33.385 36.918 32.35 36.994L32.201 37H12.201C11.147 37 10.283 36.184 10.206 35.149L10.201 35L10.2 21.446L8.402 23.213L7 21.787L20.058 8.95799C21.171 7.82199 22.966 7.75899 24.155 8.78099ZM21.569 10.285L21.473 10.372L12.2 19.481L12.201 35L17.2 34.999L17.201 25C17.201 23.946 18.017 23.082 19.052 23.005L19.201 23H25.201C26.255 23 27.119 23.816 27.196 24.851L27.201 25L27.2 34.999L32.201 35L32.2 19.48L22.901 10.344C22.537 9.98699 21.969 9.96499 21.569 10.285ZM25.201 25H19.201L19.2 34.999H25.2L25.201 25Z&quot; fill=&quot;#3C3C3C&quot;\/>\n<\/svg>\">\r\n            <div class=\"listing-item  \">\r\n                <div class=\"listing-small-badges-container\">\r\n                                                                <div class=\"listing-small-badge pricing-badge\"><i class=\"fa fa-tag\"><\/i>Commence \u00e0 partir de 140,00\u20ac<\/div>\r\n                                                            \r\n                                        \r\n                                        \r\n                <\/div>\r\n                <img decoding=\"async\" src=\"https:\/\/cparici.com\/wp-content\/uploads\/2025\/01\/Rosemarine-1-520x397.jpg\" alt=\"Rosemarine, 2-4 Pers\" class=\"listing-thumbnail\">\r\n                \r\n\r\n                <div class=\"listing-item-content\">\r\n                    \r\n                    <h3> Rosemarine, 2-4 Pers <\/h3>\r\n                    <span>La Corniche<\/span>\r\n                <\/div>\r\n                                        <span class=\"save like-icon tooltip left\" title=\"Connexion pour marquer des \u00e9l\u00e9ments\"><\/span>\r\n                                                <\/div>\r\n        <\/a>\r\n                    <\/div>\r\n        \r\n\r\n        <!-- Listing Item \/ End -->\n                    <\/div>\n                                      <div class=\"fw-carousel-item\">                    \n                        <!-- Listing Item -->\r\n            <div class=\"col-lg-6 col-md-12\">\r\n                <a href=\"https:\/\/cparici.com\/fr\/annonce\/ty-gwenn-maison-vue-mer-a-trelevern-terre-a-tribord-cote-de-granit-rose-bretagne\/\" class=\"listing-item-container listing-geo-data compact\" data-title=\"Ty Gwenn \u2013 Maison vue mer \u00e0 Tr\u00e9l\u00e9vern \u2013 Terre \u00e0 Tribord, C\u00f4te de Granit Rose (Bretagne)\" data-listing-type=\"rental\" data-classifieds-price=\"\u20ac\" data-friendly-address=\"16 Le Rhun, Tr\u00e9l\u00e9vern, France\" data-address=\"16 Le Rhun, Tr\u00e9l\u00e9vern, France\" data-image=\"https:\/\/cparici.com\/wp-content\/uploads\/2025\/07\/1-520x397.jpg\" data-longitude=\"-3.3808085\" data-latitude=\"48.81022369999999\" data-rating=\"4.9\" data-reviews=\"18\" data-icon=\"<svg xmlns=&quot;http:\/\/www.w3.org\/2000\/svg&quot; width=&quot;800px&quot; height=&quot;800px&quot; viewBox=&quot;0 0 45 45&quot; fill=&quot;none&quot;>\n<path d=&quot;M24.155 8.78099L24.33 8.94499L37.402 21.787L36 23.213L34.2 21.445L34.201 35C34.201 36.054 33.385 36.918 32.35 36.994L32.201 37H12.201C11.147 37 10.283 36.184 10.206 35.149L10.201 35L10.2 21.446L8.402 23.213L7 21.787L20.058 8.95799C21.171 7.82199 22.966 7.75899 24.155 8.78099ZM21.569 10.285L21.473 10.372L12.2 19.481L12.201 35L17.2 34.999L17.201 25C17.201 23.946 18.017 23.082 19.052 23.005L19.201 23H25.201C26.255 23 27.119 23.816 27.196 24.851L27.201 25L27.2 34.999L32.201 35L32.2 19.48L22.901 10.344C22.537 9.98699 21.969 9.96499 21.569 10.285ZM25.201 25H19.201L19.2 34.999H25.2L25.201 25Z&quot; fill=&quot;#3C3C3C&quot;\/>\n<\/svg>\">\r\n            <div class=\"listing-item  featured-listing\">\r\n                <div class=\"listing-small-badges-container\">\r\n                                            <div class=\"listing-small-badge featured-badge\"><i class=\"fa fa-star\"><\/i> En vedette<\/div>\r\n                                                                <div class=\"listing-small-badge pricing-badge\"><i class=\"fa fa-tag\"><\/i>70,00\u20ac - 192,00\u20ac<\/div>\r\n                                                            \r\n                                        \r\n                                        \r\n                <\/div>\r\n                <img decoding=\"async\" src=\"https:\/\/cparici.com\/wp-content\/uploads\/2025\/07\/1-520x397.jpg\" alt=\"Ty Gwenn \u2013 Maison vue mer \u00e0 Tr\u00e9l\u00e9vern \u2013 Terre \u00e0 Tribord, C\u00f4te de Granit Rose (Bretagne)\" class=\"listing-thumbnail\">\r\n                \r\n\r\n                <div class=\"listing-item-content\">\r\n                                                <div class=\"numerical-rating\" data-rating=\"4.9\"><\/div>\r\n                    \r\n                    <h3> Ty Gwenn \u2013 Maison vue mer \u00e0 Tr\u00e9l\u00e9vern \u2013 Terre \u00e0 Tribord, C\u00f4te de Granit Rose (Bretagne) <\/h3>\r\n                    <span>16 Le Rhun, Tr\u00e9l\u00e9vern, France<\/span>\r\n                <\/div>\r\n                                        <span class=\"save like-icon tooltip left\" title=\"Connexion pour marquer des \u00e9l\u00e9ments\"><\/span>\r\n                                                <\/div>\r\n        <\/a>\r\n                    <\/div>\r\n        \r\n\r\n        <!-- Listing Item \/ End -->\n                    <\/div>\n                                      <div class=\"fw-carousel-item\">                    \n                        <!-- Listing Item -->\r\n            <div class=\"col-lg-6 col-md-12\">\r\n                <a href=\"https:\/\/cparici.com\/fr\/annonce\/villa-lanriec-12-pers-concarneau-proche-plages\/\" class=\"listing-item-container listing-geo-data compact\" data-title=\"Villa Lanriec 12 Pers Concarneau \u2013 proche plages\" data-listing-type=\"rental\" data-classifieds-price=\"\u20ac\" data-friendly-address=\"Concarneau, proche plage et centre\" data-address=\"Concarneau, proche plage et centre\" data-image=\"https:\/\/cparici.com\/wp-content\/uploads\/2025\/12\/Jardin-piscine-520x397.jpg\" data-longitude=\"-3.852305\" data-latitude=\"47.878164\" data-rating=\"0\" data-reviews=\"0\" data-icon=\"<svg xmlns=&quot;http:\/\/www.w3.org\/2000\/svg&quot; width=&quot;800px&quot; height=&quot;800px&quot; viewBox=&quot;0 0 45 45&quot; fill=&quot;none&quot;>\n<path d=&quot;M24.155 8.78099L24.33 8.94499L37.402 21.787L36 23.213L34.2 21.445L34.201 35C34.201 36.054 33.385 36.918 32.35 36.994L32.201 37H12.201C11.147 37 10.283 36.184 10.206 35.149L10.201 35L10.2 21.446L8.402 23.213L7 21.787L20.058 8.95799C21.171 7.82199 22.966 7.75899 24.155 8.78099ZM21.569 10.285L21.473 10.372L12.2 19.481L12.201 35L17.2 34.999L17.201 25C17.201 23.946 18.017 23.082 19.052 23.005L19.201 23H25.201C26.255 23 27.119 23.816 27.196 24.851L27.201 25L27.2 34.999L32.201 35L32.2 19.48L22.901 10.344C22.537 9.98699 21.969 9.96499 21.569 10.285ZM25.201 25H19.201L19.2 34.999H25.2L25.201 25Z&quot; fill=&quot;#3C3C3C&quot;\/>\n<\/svg>\">\r\n            <div class=\"listing-item  \">\r\n                <div class=\"listing-small-badges-container\">\r\n                                                                <div class=\"listing-small-badge pricing-badge\"><i class=\"fa fa-tag\"><\/i>440,00\u20ac - 410,00\u20ac<\/div>\r\n                                                            \r\n                                        \r\n                                        \r\n                <\/div>\r\n                <img decoding=\"async\" src=\"https:\/\/cparici.com\/wp-content\/uploads\/2025\/12\/Jardin-piscine-520x397.jpg\" alt=\"Villa Lanriec 12 Pers Concarneau \u2013 proche plages\" class=\"listing-thumbnail\">\r\n                \r\n\r\n                <div class=\"listing-item-content\">\r\n                    \r\n                    <h3> Villa Lanriec 12 Pers Concarneau \u2013 proche plages <\/h3>\r\n                    <span>Concarneau, proche plage et centre<\/span>\r\n                <\/div>\r\n                                        <span class=\"save like-icon tooltip left\" title=\"Connexion pour marquer des \u00e9l\u00e9ments\"><\/span>\r\n                                                <\/div>\r\n        <\/a>\r\n                    <\/div>\r\n        \r\n\r\n        <!-- Listing Item \/ End -->\n                    <\/div>\n                                      <div class=\"fw-carousel-item\">                    \n                        <!-- Listing Item -->\r\n            <div class=\"col-lg-6 col-md-12\">\r\n                <a href=\"https:\/\/cparici.com\/fr\/annonce\/l-appart-quimperois\/\" class=\"listing-item-container listing-geo-data compact\" data-title=\"L\u2019 Appart Quimp\u00e9rois\" data-listing-type=\"rental\" data-classifieds-price=\"\u20ac\" data-friendly-address=\"Quimper, France\" data-address=\"Quimper, France\" data-image=\"https:\/\/cparici.com\/wp-content\/uploads\/2025\/10\/IMG_2378-520x397.jpeg\" data-longitude=\"-4.0996181\" data-latitude=\"48.0000428\" data-rating=\"0\" data-reviews=\"0\" data-icon=\"<svg xmlns=&quot;http:\/\/www.w3.org\/2000\/svg&quot; width=&quot;800px&quot; height=&quot;800px&quot; viewBox=&quot;0 0 45 45&quot; fill=&quot;none&quot;>\n<path d=&quot;M24.155 8.78099L24.33 8.94499L37.402 21.787L36 23.213L34.2 21.445L34.201 35C34.201 36.054 33.385 36.918 32.35 36.994L32.201 37H12.201C11.147 37 10.283 36.184 10.206 35.149L10.201 35L10.2 21.446L8.402 23.213L7 21.787L20.058 8.95799C21.171 7.82199 22.966 7.75899 24.155 8.78099ZM21.569 10.285L21.473 10.372L12.2 19.481L12.201 35L17.2 34.999L17.201 25C17.201 23.946 18.017 23.082 19.052 23.005L19.201 23H25.201C26.255 23 27.119 23.816 27.196 24.851L27.201 25L27.2 34.999L32.201 35L32.2 19.48L22.901 10.344C22.537 9.98699 21.969 9.96499 21.569 10.285ZM25.201 25H19.201L19.2 34.999H25.2L25.201 25Z&quot; fill=&quot;#3C3C3C&quot;\/>\n<\/svg>\">\r\n            <div class=\"listing-item  featured-listing\">\r\n                <div class=\"listing-small-badges-container\">\r\n                                            <div class=\"listing-small-badge featured-badge\"><i class=\"fa fa-star\"><\/i> En vedette<\/div>\r\n                                                                <div class=\"listing-small-badge pricing-badge\"><i class=\"fa fa-tag\"><\/i>85,00\u20ac - 140,00\u20ac<\/div>\r\n                                                            \r\n                                        \r\n                                        \r\n                <\/div>\r\n                <img decoding=\"async\" src=\"https:\/\/cparici.com\/wp-content\/uploads\/2025\/10\/IMG_2378-520x397.jpeg\" alt=\"L\u2019 Appart Quimp\u00e9rois\" class=\"listing-thumbnail\">\r\n                \r\n\r\n                <div class=\"listing-item-content\">\r\n                    \r\n                    <h3> L\u2019 Appart Quimp\u00e9rois <\/h3>\r\n                    <span>Quimper, France<\/span>\r\n                <\/div>\r\n                                        <span class=\"save like-icon tooltip left\" title=\"Connexion pour marquer des \u00e9l\u00e9ments\"><\/span>\r\n                                                <\/div>\r\n        <\/a>\r\n                    <\/div>\r\n        \r\n\r\n        <!-- Listing Item \/ End -->\n                    <\/div>\n                          <\/div>\n        \t\t\t\t<\/div>\n\t\t\t\t<\/div>\n\t\t\t\t\t<\/div>\n\t\t\t\t<\/div>\n\t\t<div class=\"elementor-element elementor-element-c0ec117 e-flex e-con-boxed e-con e-parent\" data-id=\"c0ec117\" data-element_type=\"container\" data-e-type=\"container\">\n\t\t\t\t\t<div class=\"e-con-inner\">\n\t\t\t\t<div class=\"elementor-element elementor-element-77eba1b elementor-widget elementor-widget-text-editor\" data-id=\"77eba1b\" data-element_type=\"widget\" data-e-type=\"widget\" data-widget_type=\"text-editor.default\">\n\t\t\t\t\t\t\t\t\t<h2>Location vacances Bretagne, Pourquoi choisir la Bretagne comme destination?<\/h2><p>La Bretagne, avec sa richesse de paysages, de climats et de cultures, propose une exp\u00e9rience unique pour les vacanciers. Quels que soient vos go\u00fbts \u2013 mer, campagne, ou ville \u2013 la r\u00e9gion vous promet d\u00e9paysement, d\u00e9tente, et d\u00e9couvertes. Fi\u00e8re de son patrimoine pr\u00e9serv\u00e9, la Bretagne est r\u00e9solument tourn\u00e9e vers l\u2019avenir, vous invitant \u00e0 explorer ses tr\u00e9sors, partager ses traditions, savourer ses sp\u00e9cialit\u00e9s culinaires, et participer \u00e0 ses festivit\u00e9s. Elle vous accueille chaleureusement, valorisant la diversit\u00e9 et la libert\u00e9.<\/p><h3>Les diff\u00e9rentes zones d\u2019attrait en Bretagne : bord de mer, campagne et villes historiques<\/h3><p>Compos\u00e9e des <a href=\"https:\/\/cparici.com\/cotes-darmor-guide-complet\/\">C\u00f4tes-d\u2019Armor<\/a>, du <a href=\"https:\/\/loclilala.com\/fr\/visiter-le-finistere-guide-ultime-des-lieux-a-decouvrir\/\" target=\"_blank\" rel=\"noopener\">Finist\u00e8re,<\/a> de l\u2019<a href=\"https:\/\/cparici.com\/ille-et-vilaine\/\">Ille-et-Vilaine<\/a> et du <a href=\"https:\/\/cparici.com\/morbihan-vacances-location\/\">Morbihan<\/a>, la Bretagne offre des exp\u00e9riences vari\u00e9es. Amoureux du bord de mer, vous serez \u00e9blouis par les magnifiques c\u00f4tes bretonnes, leurs plages, falaises, ports, \u00eeles et phares. Les activit\u00e9s nautiques ne manquent pas : voile, surf, kayak, plong\u00e9e, et p\u00eache.<\/p><p>Pr\u00e9f\u00e9rez-vous la campagne pour votre location vacances en Bretagne ? Rechargez-vous dans les espaces naturels pr\u00e9serv\u00e9s tels que les for\u00eats, landes, marais, canaux et lacs, et d\u00e9couvrez un riche patrimoine rural comprenant menhirs, dolmens, chapelles et moulins. Si c\u2019est l\u2019ambiance urbaine qui vous attire, les villes historiques comme Rennes, Nantes, Brest, Quimper, Saint-Malo, et Vannes vous ouvrent leurs portes. Laissez-vous \u00e9galement s\u00e9duire par l\u2019effervescence culturelle des cit\u00e9s bretonnes, entre mus\u00e9es, festivals, spectacles, march\u00e9s et boutiques.<\/p>\t\t\t\t\t\t\t\t<\/div>\n\t\t\t\t\t<\/div>\n\t\t\t\t<\/div>\n\t\t<div class=\"elementor-element elementor-element-232328cf e-flex e-con-boxed e-con e-parent\" data-id=\"232328cf\" data-element_type=\"container\" data-e-type=\"container\">\n\t\t\t\t\t<div class=\"e-con-inner\">\n\t\t<div class=\"elementor-element elementor-element-2297be4c e-con-full e-flex e-con e-child\" data-id=\"2297be4c\" data-element_type=\"container\" data-e-type=\"container\">\n\t\t\t\t<div class=\"elementor-element elementor-element-93c970d elementor-widget elementor-widget-image\" data-id=\"93c970d\" data-element_type=\"widget\" data-e-type=\"widget\" data-widget_type=\"image.default\">\n\t\t\t\t\t\t\t\t\t\t\t\t\t\t\t<img decoding=\"async\" width=\"760\" height=\"760\" src=\"https:\/\/cparici.com\/wp-content\/uploads\/2022\/09\/Trevignon-Pointe-de-Trevignon-a-Tregunc-en-finistere-banniere-1024x1024.jpg\" class=\"attachment-large size-large wp-image-14944\" alt=\"Trevignon - Pointe de Tr\u00e9vignon \u00e0 Tr\u00e9gunc en finist\u00e8re\" srcset=\"https:\/\/cparici.com\/wp-content\/uploads\/2022\/09\/Trevignon-Pointe-de-Trevignon-a-Tregunc-en-finistere-banniere-1024x1024.jpg 1024w, https:\/\/cparici.com\/wp-content\/uploads\/2022\/09\/Trevignon-Pointe-de-Trevignon-a-Tregunc-en-finistere-banniere-300x300.jpg 300w, https:\/\/cparici.com\/wp-content\/uploads\/2022\/09\/Trevignon-Pointe-de-Trevignon-a-Tregunc-en-finistere-banniere-100x100.jpg 100w, https:\/\/cparici.com\/wp-content\/uploads\/2022\/09\/Trevignon-Pointe-de-Trevignon-a-Tregunc-en-finistere-banniere-150x150.jpg 150w, https:\/\/cparici.com\/wp-content\/uploads\/2022\/09\/Trevignon-Pointe-de-Trevignon-a-Tregunc-en-finistere-banniere-1536x1536.jpg 1536w, https:\/\/cparici.com\/wp-content\/uploads\/2022\/09\/Trevignon-Pointe-de-Trevignon-a-Tregunc-en-finistere-banniere-2048x2048.jpg 2048w, https:\/\/cparici.com\/wp-content\/uploads\/2022\/09\/Trevignon-Pointe-de-Trevignon-a-Tregunc-en-finistere-banniere-266x266.jpg 266w\" sizes=\"(max-width: 760px) 100vw, 760px\" \/>\t\t\t\t\t\t\t\t\t\t\t\t\t\t\t<\/div>\n\t\t\t\t<\/div>\n\t\t<div class=\"elementor-element elementor-element-5e95110d e-con-full e-flex e-con e-child\" data-id=\"5e95110d\" data-element_type=\"container\" data-e-type=\"container\">\n\t\t\t\t<div class=\"elementor-element elementor-element-3dd72448 elementor-widget elementor-widget-image\" data-id=\"3dd72448\" data-element_type=\"widget\" data-e-type=\"widget\" data-widget_type=\"image.default\">\n\t\t\t\t\t\t\t\t\t\t\t\t\t\t\t<img decoding=\"async\" width=\"760\" height=\"501\" src=\"https:\/\/cparici.com\/wp-content\/uploads\/2024\/07\/fest-noz-cornouaille.jpg\" class=\"attachment-large size-large wp-image-40724\" alt=\"\" srcset=\"https:\/\/cparici.com\/wp-content\/uploads\/2024\/07\/fest-noz-cornouaille.jpg 960w, https:\/\/cparici.com\/wp-content\/uploads\/2024\/07\/fest-noz-cornouaille-600x396.jpg 600w, https:\/\/cparici.com\/wp-content\/uploads\/2024\/07\/fest-noz-cornouaille-300x198.jpg 300w, https:\/\/cparici.com\/wp-content\/uploads\/2024\/07\/fest-noz-cornouaille-768x506.jpg 768w\" sizes=\"(max-width: 760px) 100vw, 760px\">\t\t\t\t\t\t\t\t\t\t\t\t\t\t\t<\/div>\n\t\t\t\t<\/div>\n\t\t\t\t\t<\/div>\n\t\t\t\t<\/div>\n\t\t<div class=\"elementor-element elementor-element-d530099 e-flex e-con-boxed e-con e-parent\" data-id=\"d530099\" data-element_type=\"container\" data-e-type=\"container\">\n\t\t\t\t\t<div class=\"e-con-inner\">\n\t\t\t\t<div class=\"elementor-element elementor-element-9d74de5 elementor-widget elementor-widget-text-editor\" data-id=\"9d74de5\" data-element_type=\"widget\" data-e-type=\"widget\" data-widget_type=\"text-editor.default\">\n\t\t\t\t\t\t\t\t\t<h2 style=\"text-align: center;\">Guide pour trouver la maison de vacances id\u00e9ale en Bretagne<\/h2><h3>Comment choisir sa location vacances bretagne : crit\u00e8res \u00e0 consid\u00e9rer<\/h3><p>La s\u00e9lection de votre maison de vacances en Bretagne devrait correspondre \u00e0 vos besoins et d\u00e9sirs, en consid\u00e9rant plusieurs aspects importants. Commencez par \u00e9tablir votre budget, influenc\u00e9 par la dur\u00e9e et la p\u00e9riode de votre s\u00e9jour, ainsi que par la taille et le niveau de confort souhait\u00e9 de l\u2019h\u00e9bergement. La prochaine \u00e9tape est de choisir un lieu, qui d\u00e9pendra de vos pr\u00e9f\u00e9rences personnelles : mer, campagne ou ville.<\/p><p>Il est important aussi de prendre en compte la proximit\u00e9 de votre h\u00e9bergement aux attractions que vous projetez de visiter et les options de transport disponibles. En choisissant le type d\u2019h\u00e9bergement \u2013 g\u00eete, appartement, r\u00e9sidence de vacances, camping, etc. \u2013 consid\u00e9rez ce qui vous importe le plus : ind\u00e9pendance, convivialit\u00e9, services ou \u00e9quipements sp\u00e9cifiques.<\/p><p>Chaque option d\u2019h\u00e9bergement offre des avantages uniques adapt\u00e9s \u00e0 diff\u00e9rents d\u00e9sirs et besoins.<\/p><h3>Location vacances Bretagne, Nos conseils pour une recherche efficace de\u00a0<\/h3><p>Voici des conseils pour d\u00e9nicher la parfaite maison de vacances en Bretagne. Commencez par une recherche en ligne sur notre site. Vous b\u00e9n\u00e9ficierez des tarifs en direct sans frais suppl\u00e9mentaire. Vous serez en contact direct avec le propri\u00e9taire ou la conciergerie qui s\u2019occupe de la la location saisonni\u00e8re.<\/p><p>Apr\u00e8s avoir fait votre choix, n\u2019h\u00e9sitez pas \u00e0 contacter directement le propri\u00e9taire de la location vacances Bretagne ou l\u2019agence par t\u00e9l\u00e9phone ou e-mail pour plus d\u2019informations, effectuer une r\u00e9servation. Assurez-vous \u00e9galement de bien comprendre les modalit\u00e9s li\u00e9es au paiement, \u00e0 la caution, \u00e0 la remise des cl\u00e9s, au m\u00e9nage et au linge de maison.<\/p><p>Il est \u00e9galement recommand\u00e9 de demander un contrat de location et un \u00e9tat des lieux pour s\u00e9curiser votre s\u00e9jour sans mauvaises surprises.<\/p><h3>Les avantages de la location vacances bretagne entre particuliers<\/h3><p>Opter pour une location de vacances bretagne entre particuliers\u00a0 offre de nombreux b\u00e9n\u00e9fices. Cela vous permet d\u2019\u00e9tablir un contact direct avec le propri\u00e9taire, qui peut vous fournir des conseils personnalis\u00e9s et vous faire part de ses bons plans locaux. Vous profiterez d\u2019un logement qui offre plus d\u2019authenticit\u00e9, de chaleur et de confort qu\u2019une option h\u00f4teli\u00e8re classique, vous faisant sentir \u00ab comme \u00e0 la maison \u00bb, avec davantage d\u2019espace, d\u2019intimit\u00e9 et de libert\u00e9.<\/p><p>Location vacances Bretagne entre particuliers: Cette option est souvent plus \u00e9conomique, les taxes de s\u00e9jour inattendues et les co\u00fbts additionnels pour les services dont vous n\u2019avez pas besoin. De plus, il est possible de n\u00e9gocier le prix en fonction de la dur\u00e9e de votre s\u00e9jour, de la p\u00e9riode ou du nombre de personnes s\u00e9journant.<\/p>\t\t\t\t\t\t\t\t<\/div>\n\t\t\t\t\t<\/div>\n\t\t\t\t<\/div>\n\t\t<div class=\"elementor-element elementor-element-1819fb8d e-flex e-con-boxed e-con e-parent\" data-id=\"1819fb8d\" data-element_type=\"container\" data-e-type=\"container\">\n\t\t\t\t\t<div class=\"e-con-inner\">\n\t\t<div class=\"elementor-element elementor-element-4683ed55 e-con-full e-flex e-con e-child\" data-id=\"4683ed55\" data-element_type=\"container\" data-e-type=\"container\">\n\t\t\t\t<div class=\"elementor-element elementor-element-6d2c0cfc elementor-widget elementor-widget-image\" data-id=\"6d2c0cfc\" data-element_type=\"widget\" data-e-type=\"widget\" data-widget_type=\"image.default\">\n\t\t\t\t\t\t\t\t\t\t\t\t\t\t\t<img decoding=\"async\" width=\"760\" height=\"501\" src=\"https:\/\/cparici.com\/wp-content\/uploads\/2024\/06\/crepe-oeuf-1024x675.jpg\" class=\"attachment-large size-large wp-image-37943\" alt=\"cr\u00eaperie ville close\" srcset=\"https:\/\/cparici.com\/wp-content\/uploads\/2024\/06\/crepe-oeuf-1024x675.jpg 1024w, https:\/\/cparici.com\/wp-content\/uploads\/2024\/06\/crepe-oeuf-600x395.jpg 600w, https:\/\/cparici.com\/wp-content\/uploads\/2024\/06\/crepe-oeuf-300x198.jpg 300w, https:\/\/cparici.com\/wp-content\/uploads\/2024\/06\/crepe-oeuf-768x506.jpg 768w, https:\/\/cparici.com\/wp-content\/uploads\/2024\/06\/crepe-oeuf-1536x1012.jpg 1536w, https:\/\/cparici.com\/wp-content\/uploads\/2024\/06\/crepe-oeuf.jpg 1920w\" sizes=\"(max-width: 760px) 100vw, 760px\" \/>\t\t\t\t\t\t\t\t\t\t\t\t\t\t\t<\/div>\n\t\t\t\t<\/div>\n\t\t<div class=\"elementor-element elementor-element-6b29ddf1 e-con-full e-flex e-con e-child\" data-id=\"6b29ddf1\" data-element_type=\"container\" data-e-type=\"container\">\n\t\t\t\t<div class=\"elementor-element elementor-element-55d08284 elementor-widget elementor-widget-image\" data-id=\"55d08284\" data-element_type=\"widget\" data-e-type=\"widget\" data-widget_type=\"image.default\">\n\t\t\t\t\t\t\t\t\t\t\t\t\t\t\t<img decoding=\"async\" width=\"760\" height=\"501\" src=\"https:\/\/cparici.com\/wp-content\/uploads\/2024\/06\/Concarneau-sentiers-cotiers-1024x675.jpg\" class=\"attachment-large size-large wp-image-35875\" alt=\"concarneau sentiers cotiers\" srcset=\"https:\/\/cparici.com\/wp-content\/uploads\/2024\/06\/Concarneau-sentiers-cotiers-1024x675.jpg 1024w, https:\/\/cparici.com\/wp-content\/uploads\/2024\/06\/Concarneau-sentiers-cotiers-600x395.jpg 600w, https:\/\/cparici.com\/wp-content\/uploads\/2024\/06\/Concarneau-sentiers-cotiers-300x198.jpg 300w, https:\/\/cparici.com\/wp-content\/uploads\/2024\/06\/Concarneau-sentiers-cotiers-768x506.jpg 768w, https:\/\/cparici.com\/wp-content\/uploads\/2024\/06\/Concarneau-sentiers-cotiers-1536x1012.jpg 1536w, https:\/\/cparici.com\/wp-content\/uploads\/2024\/06\/Concarneau-sentiers-cotiers.jpg 1920w\" sizes=\"(max-width: 760px) 100vw, 760px\" \/>\t\t\t\t\t\t\t\t\t\t\t\t\t\t\t<\/div>\n\t\t\t\t<\/div>\n\t\t\t\t\t<\/div>\n\t\t\t\t<\/div>\n\t\t<div class=\"elementor-element elementor-element-7b6342f e-flex e-con-boxed e-con e-parent\" data-id=\"7b6342f\" data-element_type=\"container\" data-e-type=\"container\">\n\t\t\t\t\t<div class=\"e-con-inner\">\n\t\t\t\t<div class=\"elementor-element elementor-element-4fc8096 elementor-widget elementor-widget-text-editor\" data-id=\"4fc8096\" data-element_type=\"widget\" data-e-type=\"widget\" data-widget_type=\"text-editor.default\">\n\t\t\t\t\t\t\t\t\t<h2 style=\"text-align: center;\">Pr\u00e9parez votre s\u00e9jour : activit\u00e9s et d\u00e9couvertes \u00e0 ne pas manquer<\/h2><h3>Location vacances Bretagne, Activit\u00e9s incontournables pour petits et grands<\/h3><p>La Bretagne, avec ses 2700 km de c\u00f4tes, est le paradis pour tous, que vous soyez passionn\u00e9 de sports, un explorateur dans l\u2019\u00e2me, ou \u00e0 la recherche de d\u00e9tente. Vous y trouverez une grande vari\u00e9t\u00e9 d\u2019activit\u00e9s adapt\u00e9es \u00e0 tous les \u00e2ges.<\/p><p>Voici une s\u00e9lection d\u2019activit\u00e9s \u00e0 ne pas manquer :<\/p><ul><li>Des sports nautiques pour les amateurs de sensations fortes : surf, kitesurf, kayak, voile, plong\u00e9e. Des spots connus vous attendent pour profiter des paysages maritimes tout en pratiquant votre sport pr\u00e9f\u00e9r\u00e9.<\/li><li>Balades en pleine nature gr\u00e2ce aux nombreux sentiers balis\u00e9s de la r\u00e9gion. \u00c0 pied, \u00e0 cheval, ou en v\u00e9lo, d\u00e9couvrez des for\u00eats, landes, marais, canaux, et lacs, tout en observant la faune locale.<\/li><li>Exploration des sites m\u00e9galithiques, ch\u00e2teaux, phares, \u00eeles, et villes historiques. La Bretagne est riche en patrimoine et vous invite \u00e0 un voyage \u00e0 travers le temps pour d\u00e9couvrir ses tr\u00e9sors.<\/li><li>Activit\u00e9s ludiques dans les parcs d\u2019attractions, parcs animaliers, aquariums, ou escape games. Id\u00e9al pour des moments amusants en famille ou entre amis.<\/li><\/ul><h3>La gastronomie bretonne : une exp\u00e9rience culinaire unique<\/h3><p>La Bretagne est fi\u00e8re de sa gastronomie, m\u00e9lange de tradition et d\u2019inventivit\u00e9, ax\u00e9e sur les produits de la terre et de la mer. Quelques sp\u00e9cialit\u00e9s \u00e0 savourer absolument :<\/p><ul><li>Cr\u00eapes et <a href=\"https:\/\/cparici.com\/galette-bretonne\/\">galettes<\/a>, les stars de la cuisine bretonne, \u00e0 d\u00e9guster selon vos pr\u00e9f\u00e9rences, sucr\u00e9es ou sal\u00e9es.<\/li><li>Fruits de mer frais, reflet de la diversit\u00e9 et de la qualit\u00e9 des produits bretons. Un r\u00e9gal pour les amateurs de produits de la mer.<\/li><li>Cidre et jus de pomme bretons, boissons traditionnelles \u00e0 d\u00e9couvrir, parfaite harmonie avec les mets locaux.<\/li><li><a href=\"https:\/\/loclilala.com\/fr\/kouign-amann\/\" target=\"_blank\" rel=\"noopener\">Le kouign-amann<\/a>, g\u00e2teau embl\u00e9matique de la r\u00e9gion, \u00e0 la texture unique, pour un moment de pur plaisir sucr\u00e9.<\/li><\/ul><h3>Location vacances Bretagne, Culture et patrimoine : les visites \u00e0 ne pas manquer<\/h3><p>La Bretagne a une culture et un patrimoine riches, se refl\u00e9tant dans son art, sa musique, ses traditions. Pour une immersion culturelle, ne manquez pas :<\/p><ul><li>Les festivals bretons, \u00e9v\u00e9nements culturels incontournables c\u00e9l\u00e9brant la musique, le cin\u00e9ma, et bien plus.<\/li><li>Les mus\u00e9es bretons, offrant un aper\u00e7u de la richesse du patrimoine r\u00e9gional, de l\u2019histoire \u00e0 l\u2019art contemporain.<\/li><li>Les sites m\u00e9galithiques, t\u00e9moins captivants de la pr\u00e9histoire europ\u00e9enne, pour un voyage fascinant dans le temps.<\/li><\/ul><h2>Conclusion : location vacances Bretagne<\/h2><p>Comme vous pouvez le constater, <a href=\"https:\/\/loclilala.com\/fr\/visiter-la-bretagne-guide-des-sites-et-villes-a-explorer\/\" target=\"_blank\" rel=\"noopener\">choisir la Bretagne<\/a> pour vos vacances est une d\u00e9cision judicieuse. Que votre d\u00e9sir soit l\u2019\u00e9vasion, le repos, la d\u00e9couverte ou simplement le plaisir, la Bretagne a tout pour satisfaire vos besoins.<\/p><p>Elle vous \u00e9blouira par sa vari\u00e9t\u00e9 de paysages, sa diversit\u00e9 climatique, son riche patrimoine culturel et ses traditions vivantes, offrant beaut\u00e9 et authenticit\u00e9. La r\u00e9gion promet \u00e9galement une large gamme d\u2019activit\u00e9s, de visites d\u00e9couvertes, de sp\u00e9cialit\u00e9s culinaires et de festivals captivants, assurant des moments uniques et m\u00e9morables. L\u2019accueil breton, r\u00e9put\u00e9 pour sa chaleur et sa convivialit\u00e9, vous garantit un s\u00e9jour respectant votre individualit\u00e9 et enrichissant sur tous les plans.<\/p><p>Ne tardez donc plus, faites le choix de la Bretagne en r\u00e9servant votre maison de vacances d\u00e8s aujourd\u2019hui, gr\u00e2ce \u00e0 nos recommandations et conseils. Ce sera une exp\u00e9rience que vous ne serez pas pr\u00e8s d\u2019oublier !<\/p>\t\t\t\t\t\t\t\t<\/div>\n\t\t\t\t\t<\/div>\n\t\t\t\t<\/div>\n\t\t<div class=\"elementor-element elementor-element-ae212f3 e-flex e-con-boxed e-con e-parent\" data-id=\"ae212f3\" data-element_type=\"container\" data-e-type=\"container\">\n\t\t\t\t\t<div class=\"e-con-inner\">\n\t\t<div class=\"elementor-element elementor-element-0bb080f e-con-full e-flex e-con e-child\" data-id=\"0bb080f\" data-element_type=\"container\" data-e-type=\"container\">\n\t\t\t\t<div class=\"elementor-element elementor-element-4a1c0dd elementor-widget elementor-widget-image\" data-id=\"4a1c0dd\" data-element_type=\"widget\" data-e-type=\"widget\" data-widget_type=\"image.default\">\n\t\t\t\t\t\t\t\t\t\t\t\t\t\t\t<img decoding=\"async\" width=\"760\" height=\"278\" src=\"https:\/\/cparici.com\/wp-content\/uploads\/2024\/07\/hotel-quimper-1024x374.jpg\" class=\"attachment-large size-large wp-image-40182\" alt=\"hotel quimper\" srcset=\"https:\/\/cparici.com\/wp-content\/uploads\/2024\/07\/hotel-quimper-1024x374.jpg 1024w, https:\/\/cparici.com\/wp-content\/uploads\/2024\/07\/hotel-quimper-600x219.jpg 600w, https:\/\/cparici.com\/wp-content\/uploads\/2024\/07\/hotel-quimper-300x109.jpg 300w, https:\/\/cparici.com\/wp-content\/uploads\/2024\/07\/hotel-quimper-768x280.jpg 768w, https:\/\/cparici.com\/wp-content\/uploads\/2024\/07\/hotel-quimper.jpg 1455w\" sizes=\"(max-width: 760px) 100vw, 760px\" \/>\t\t\t\t\t\t\t\t\t\t\t\t\t\t\t<\/div>\n\t\t\t\t<\/div>\n\t\t<div class=\"elementor-element elementor-element-56134a2 e-con-full e-flex e-con e-child\" data-id=\"56134a2\" data-element_type=\"container\" data-e-type=\"container\">\n\t\t\t\t<div class=\"elementor-element elementor-element-8bff8f2 elementor-widget elementor-widget-image\" data-id=\"8bff8f2\" data-element_type=\"widget\" data-e-type=\"widget\" data-widget_type=\"image.default\">\n\t\t\t\t\t\t\t\t\t\t\t\t\t\t\t<img decoding=\"async\" width=\"760\" height=\"267\" src=\"https:\/\/cparici.com\/wp-content\/uploads\/2024\/06\/saint-malo-1-1024x360.jpg\" class=\"attachment-large size-large wp-image-38822\" alt=\"cote d&#039;emeraude\" srcset=\"https:\/\/cparici.com\/wp-content\/uploads\/2024\/06\/saint-malo-1-1024x360.jpg 1024w, https:\/\/cparici.com\/wp-content\/uploads\/2024\/06\/saint-malo-1-600x211.jpg 600w, https:\/\/cparici.com\/wp-content\/uploads\/2024\/06\/saint-malo-1-300x106.jpg 300w, https:\/\/cparici.com\/wp-content\/uploads\/2024\/06\/saint-malo-1-768x270.jpg 768w, https:\/\/cparici.com\/wp-content\/uploads\/2024\/06\/saint-malo-1.jpg 1500w\" sizes=\"(max-width: 760px) 100vw, 760px\" \/>\t\t\t\t\t\t\t\t\t\t\t\t\t\t\t<\/div>\n\t\t\t\t<\/div>\n\t\t\t\t\t<\/div>\n\t\t\t\t<\/div>\n\t\t<div class=\"elementor-element elementor-element-6d7f2a8 e-flex e-con-boxed e-con e-parent\" data-id=\"6d7f2a8\" data-element_type=\"container\" data-e-type=\"container\">\n\t\t\t\t\t<div class=\"e-con-inner\">\n\t\t\t\t<div class=\"elementor-element elementor-element-f2d5af3 elementor-widget elementor-widget-text-editor\" data-id=\"f2d5af3\" data-element_type=\"widget\" data-e-type=\"widget\" data-widget_type=\"text-editor.default\">\n\t\t\t\t\t\t\t\t\t<h2 style=\"text-align: center;\">Location vacances Bretagne \u2013 FAQ<\/h2><h3>Quels sont les avantages d\u2019une location vacances Bretagne ?<\/h3><p>Opter pour une maison de vacances en Bretagne pr\u00e9sente plusieurs b\u00e9n\u00e9fices. Vous aurez l\u2019opportunit\u00e9 de d\u00e9couvrir la richesse des paysages bretons, qui oscille entre mer, campagne et for\u00eat, sans oublier le riche patrimoine culturel et historique de la r\u00e9gion. En plus, une maison de vacances offre un confort et une intimit\u00e9 que ni h\u00f4tels ni campings ne peuvent \u00e9galer. Vous pourrez s\u00e9lectionner une habitation qui r\u00e9pond parfaitement \u00e0 vos attentes, qu\u2019elle dispose d\u2019une terrasse, d\u2019un jardin, d\u2019un barbecue, d\u2019un spa ou m\u00eame d\u2019une vue imprenable sur la mer.<\/p><h3>Comment choisir la location de vacances id\u00e9ale pour votre s\u00e9jour en Bretagne ?<\/h3><p>Pour d\u00e9nicher la maison de vacances id\u00e9ale en Bretagne, consid\u00e9rez plusieurs facteurs. Location vacances Bretagne: La localisation est cruciale : choisissez un lieu pr\u00e8s des plages, au c\u0153ur d\u2019une ville dynamique, ou nich\u00e9 dans un environnement naturel. Selon le nombre de participants et votre budget, vous avez le choix entre diff\u00e9rents types d\u2019h\u00e9bergements, allant du studio \u00e0 la maison individuelle, en passant par des options plus originales comme une cabane ou un container. Les \u00e9quipements disponibles sont aussi \u00e0 prendre en compte, que vous recherchiez une piscine, un espace bien-\u00eatre, ou une aire de jeux pour enfants. N\u2019h\u00e9sitez pas \u00e0 consulter des guides en ligne ou des sites sp\u00e9cialis\u00e9s pour trouver la perle rare en Bretagne.<\/p><h3>Quelles sont les activit\u00e9s et les sites touristiques \u00e0 d\u00e9couvrir en Bretagne ?<\/h3><p>La Bretagne, terre de patrimoine, de nature et de culture, offre un large \u00e9ventail d\u2019activit\u00e9s et de sites touristiques. Vous pourriez visiter des villes historiques comme Saint-Malo et Concarneau, ou encore la citadelle de Belle-\u00cele-en-Mer. Les paysages \u00e9poustouflants de <a href=\"https:\/\/loclilala.com\/fr\/cote-de-granit-rose\/\" target=\"_blank\" rel=\"noopener\">la C\u00f4te de Granit Rose<\/a>, de la pointe du Raz, ou encore des \u00eeles bretonnes ne manqueront pas de vous charmer. Pour les amateurs d\u2019activit\u00e9s en plein air, la r\u00e9gion est parfaite pour la randonn\u00e9e, le v\u00e9lo, le kitesurf, la plong\u00e9e ou le surf. La gastronomie locale, les festivals, les l\u00e9gendes et les traditions, telles que le kouign-amann, les fest-noz ou les menhirs de Carnac, enrichiront \u00e9galement votre s\u00e9jour.<\/p><h3>Quelles sont les modalit\u00e9s de r\u00e9servation et de paiement d\u2019une location vacances en Bretagne ?<\/h3><p>Pour r\u00e9server et payer une maison de vacances en Bretagne, un contrat \u00e9crit stipulant le prix, la dur\u00e9e du s\u00e9jour, les conditions d\u2019annulation, ainsi que le montant des arrhes ou de l\u2019acompte, doit en g\u00e9n\u00e9ral \u00eatre sign\u00e9 avec le propri\u00e9taire ou l\u2019agence. Les paiements peuvent \u00eatre effectu\u00e9s par virement bancaire, ch\u00e8que, carte bancaire, ou m\u00eame via PayPal.<\/p><p>Cet article a pour th\u00e8me \u2018location vacances bretagne\u2019. Tous droits r\u00e9serv\u00e9s. Reproduction interdite<\/p>\t\t\t\t\t\t\t\t<\/div>\n\t\t\t\t\t<\/div>\n\t\t\t\t<\/div>\n\t\t<aside class=\"elementor-element elementor-element-4fd1c1a e-flex e-con-boxed e-con e-parent\" data-id=\"4fd1c1a\" data-element_type=\"container\" data-e-type=\"container\">\n\t\t\t\t\t<div class=\"e-con-inner\">\n\t\t\t\t<div class=\"elementor-element elementor-element-b51349c elementor-widget elementor-widget-listeo-posts-grid\" data-id=\"b51349c\" data-element_type=\"widget\" data-e-type=\"widget\" data-widget_type=\"listeo-posts-grid.default\">\n\t\t\t\t<div class=\"elementor-widget-container\">\n\t\t\t\t\t\t\t\n\t\t<div class=\"listeo-post-grid-wrapper\">\n\t\t\t<div class=\"row\">\n\n\t\t\t\n\n\t\t\t\t\t\t\t<div class=\"col-md-4\">\n                <a href=\"https:\/\/cparici.com\/fr\/dinan\/\" class=\"blog-compact-item-container\">\n                    <div class=\"blog-compact-item\">\n                        <img decoding=\"async\" width=\"577\" height=\"204\" src=\"https:\/\/cparici.com\/wp-content\/uploads\/2025\/03\/cparici-2025-03-05T085433.810-577x204.jpg\" class=\"attachment-listeo-blog-related-post size-listeo-blog-related-post wp-post-image\" alt=\"Dinan\" srcset=\"https:\/\/cparici.com\/wp-content\/uploads\/2025\/03\/cparici-2025-03-05T085433.810-577x204.jpg 577w, https:\/\/cparici.com\/wp-content\/uploads\/2025\/03\/cparici-2025-03-05T085433.810-300x106.jpg 300w, https:\/\/cparici.com\/wp-content\/uploads\/2025\/03\/cparici-2025-03-05T085433.810-1024x362.jpg 1024w, https:\/\/cparici.com\/wp-content\/uploads\/2025\/03\/cparici-2025-03-05T085433.810-768x271.jpg 768w, https:\/\/cparici.com\/wp-content\/uploads\/2025\/03\/cparici-2025-03-05T085433.810-18x6.jpg 18w, https:\/\/cparici.com\/wp-content\/uploads\/2025\/03\/cparici-2025-03-05T085433.810-590x208.jpg 590w, https:\/\/cparici.com\/wp-content\/uploads\/2025\/03\/cparici-2025-03-05T085433.810-1200x424.jpg 1200w, https:\/\/cparici.com\/wp-content\/uploads\/2025\/03\/cparici-2025-03-05T085433.810-600x212.jpg 600w, https:\/\/cparici.com\/wp-content\/uploads\/2025\/03\/cparici-2025-03-05T085433.810.jpg 1500w\" sizes=\"(max-width: 577px) 100vw, 577px\" \/><span class=\"blog-item-tag\">Bretagne<\/span>                        \n                        <div class=\"blog-compact-item-content\">\n                                                        <h3>Dinan une cit\u00e9 de caract\u00e8re<\/h3>\n                                                        <p>Recherches populaires Categories Pas de r\u00e9sultats Voir tous les r\u00e9sultats Dinan Dinan, situ\u00e9e en Bretagne,...                            <\/p>\n                                                    <\/div>\n                    <\/div>\n                <\/a>\n            <\/div>\n\t\t\t<div class=\"col-md-4\">\n                <a href=\"https:\/\/cparici.com\/fr\/ile-tudy\/\" class=\"blog-compact-item-container\">\n                    <div class=\"blog-compact-item\">\n                        <img decoding=\"async\" width=\"577\" height=\"183\" src=\"https:\/\/cparici.com\/wp-content\/uploads\/2024\/05\/ile-tudy.jpg\" class=\"attachment-listeo-blog-related-post size-listeo-blog-related-post wp-post-image\" alt=\"ile tudy\" srcset=\"https:\/\/cparici.com\/wp-content\/uploads\/2024\/05\/ile-tudy.jpg 1500w, https:\/\/cparici.com\/wp-content\/uploads\/2024\/05\/ile-tudy-600x191.jpg 600w, https:\/\/cparici.com\/wp-content\/uploads\/2024\/05\/ile-tudy-300x95.jpg 300w, https:\/\/cparici.com\/wp-content\/uploads\/2024\/05\/ile-tudy-1024x326.jpg 1024w, https:\/\/cparici.com\/wp-content\/uploads\/2024\/05\/ile-tudy-768x244.jpg 768w\" sizes=\"(max-width: 577px) 100vw, 577px\" \/><span class=\"blog-item-tag\">Bretagne<\/span>                        \n                        <div class=\"blog-compact-item-content\">\n                                                        <h3>Ile tudy, un voyage de la p\u00e9ninsule \u00e0 la plage bretonne<\/h3>\n                                                        <p>L'\u00eele Tudy vous invite \u00e0 un voyage de la p\u00e9ninsule \u00e0 la plage bretonne. Explorez...                            <\/p>\n                                                    <\/div>\n                    <\/div>\n                <\/a>\n            <\/div>\n\t\t\t<div class=\"col-md-4\">\n                <a href=\"https:\/\/cparici.com\/fr\/les-glenan-guide-complet-pour-une-escapade-inoubliable\/\" class=\"blog-compact-item-container\">\n                    <div class=\"blog-compact-item\">\n                        <img decoding=\"async\" width=\"577\" height=\"137\" src=\"https:\/\/cparici.com\/wp-content\/uploads\/2024\/04\/Les-Glenan-Archipel-des-Glenan-a-Tregunc-en-finistere-banniere1.jpg\" class=\"attachment-listeo-blog-related-post size-listeo-blog-related-post wp-post-image\" alt=\"les gl\u00e9nan\" srcset=\"https:\/\/cparici.com\/wp-content\/uploads\/2024\/04\/Les-Glenan-Archipel-des-Glenan-a-Tregunc-en-finistere-banniere1.jpg 1520w, https:\/\/cparici.com\/wp-content\/uploads\/2024\/04\/Les-Glenan-Archipel-des-Glenan-a-Tregunc-en-finistere-banniere1-600x143.jpg 600w, https:\/\/cparici.com\/wp-content\/uploads\/2024\/04\/Les-Glenan-Archipel-des-Glenan-a-Tregunc-en-finistere-banniere1-300x71.jpg 300w, https:\/\/cparici.com\/wp-content\/uploads\/2024\/04\/Les-Glenan-Archipel-des-Glenan-a-Tregunc-en-finistere-banniere1-1024x243.jpg 1024w, https:\/\/cparici.com\/wp-content\/uploads\/2024\/04\/Les-Glenan-Archipel-des-Glenan-a-Tregunc-en-finistere-banniere1-768x182.jpg 768w\" sizes=\"(max-width: 577px) 100vw, 577px\" \/><span class=\"blog-item-tag\">Bretagne<\/span>                        \n                        <div class=\"blog-compact-item-content\">\n                                                        <h3>Les gl\u00e9nan \u2013 guide complet<\/h3>\n                                                        <p>D\u00e9couvrez les gl\u00e9nan, un joyau de la Bretagne. Entre plages de sable blanc, eaux turquoise...                            <\/p>\n                                                    <\/div>\n                    <\/div>\n                <\/a>\n            <\/div>\n  <\/div>\n        <\/div>\n        \t\t\t\t<\/div>\n\t\t\t\t<\/div>\n\t\t\t\t\t<\/div>\n\t\t\t\t<\/aside>\n\t\t\t\t<\/div>\n\t\t","protected":false},"excerpt":{"rendered":"<p>Recherches populaires Categories Pas de r\u00e9sultats Voir tous les r\u00e9sultats Location vacances Bretagne Imaginez-vous passer vos vacances en\u00a0Bretagne, cette magnifique r\u00e9gion qui offre la mer, la campagne et l\u2019effervescence urbaine. Vous recherchez un lieu de s\u00e9jour qui r\u00e9ponde \u00e0 vos d\u00e9sirs, budget et besoins de votre famille ? Vous \u00eates exactement o\u00f9 il faut ! [&hellip;]<\/p>\n","protected":false},"author":1,"featured_media":17250,"comment_status":"closed","ping_status":"open","sticky":false,"template":"","format":"standard","meta":{"ngg_post_thumbnail":0,"footnotes":""},"categories":[478,477],"tags":[902,901,900,1180],"class_list":["post-35789","post","type-post","status-publish","format-standard","has-post-thumbnail","hentry","category-bretagne","category-france","tag-chambres-dhotes","tag-gites","tag-location","tag-location-vacances"],"_links":{"self":[{"href":"https:\/\/cparici.com\/fr\/wp-json\/wp\/v2\/posts\/35789","targetHints":{"allow":["GET"]}}],"collection":[{"href":"https:\/\/cparici.com\/fr\/wp-json\/wp\/v2\/posts"}],"about":[{"href":"https:\/\/cparici.com\/fr\/wp-json\/wp\/v2\/types\/post"}],"author":[{"embeddable":true,"href":"https:\/\/cparici.com\/fr\/wp-json\/wp\/v2\/users\/1"}],"replies":[{"embeddable":true,"href":"https:\/\/cparici.com\/fr\/wp-json\/wp\/v2\/comments?post=35789"}],"version-history":[{"count":0,"href":"https:\/\/cparici.com\/fr\/wp-json\/wp\/v2\/posts\/35789\/revisions"}],"wp:featuredmedia":[{"embeddable":true,"href":"https:\/\/cparici.com\/fr\/wp-json\/wp\/v2\/media\/17250"}],"wp:attachment":[{"href":"https:\/\/cparici.com\/fr\/wp-json\/wp\/v2\/media?parent=35789"}],"wp:term":[{"taxonomy":"category","embeddable":true,"href":"https:\/\/cparici.com\/fr\/wp-json\/wp\/v2\/categories?post=35789"},{"taxonomy":"post_tag","embeddable":true,"href":"https:\/\/cparici.com\/fr\/wp-json\/wp\/v2\/tags?post=35789"}],"curies":[{"name":"wp","href":"https:\/\/api.w.org\/{rel}","templated":true}]}}