{"id":35838,"date":"2024-06-10T13:36:33","date_gmt":"2024-06-10T11:36:33","guid":{"rendered":"https:\/\/www.loclilala.com\/?p=35838"},"modified":"2025-07-22T18:30:43","modified_gmt":"2025-07-22T16:30:43","slug":"brest","status":"publish","type":"post","link":"https:\/\/cparici.com\/fr\/brest\/","title":{"rendered":"Brest &#8211; D\u00e9couvrir ses attractions et services essentiels"},"content":{"rendered":"\t\t<div data-elementor-type=\"wp-post\" data-elementor-id=\"35838\" class=\"elementor elementor-35838\" data-elementor-post-type=\"post\">\n\t\t\t\t<div class=\"elementor-element elementor-element-1f61ca2 e-con-full e-flex e-con e-parent\" data-id=\"1f61ca2\" data-element_type=\"container\" data-e-type=\"container\">\n\t\t\t\t<div class=\"elementor-element elementor-element-7719ff6 elementor-widget elementor-widget-image\" data-id=\"7719ff6\" data-element_type=\"widget\" data-e-type=\"widget\" data-widget_type=\"image.default\">\n\t\t\t\t\t\t\t\t\t\t\t\t\t\t\t<img decoding=\"async\" width=\"1500\" height=\"577\" src=\"https:\/\/cparici.com\/wp-content\/uploads\/2024\/06\/brest.jpg\" class=\"attachment-full size-full wp-image-35839\" alt=\"brest\" srcset=\"https:\/\/cparici.com\/wp-content\/uploads\/2024\/06\/brest.jpg 1500w, https:\/\/cparici.com\/wp-content\/uploads\/2024\/06\/brest-600x231.jpg 600w, https:\/\/cparici.com\/wp-content\/uploads\/2024\/06\/brest-300x115.jpg 300w, https:\/\/cparici.com\/wp-content\/uploads\/2024\/06\/brest-1024x394.jpg 1024w, https:\/\/cparici.com\/wp-content\/uploads\/2024\/06\/brest-768x295.jpg 768w\" sizes=\"(max-width: 1500px) 100vw, 1500px\" \/>\t\t\t\t\t\t\t\t\t\t\t\t\t\t\t<\/div>\n\t\t\t\t<\/div>\n\t\t<aside class=\"elementor-element elementor-element-8833d4f e-flex e-con-boxed e-con e-parent\" data-id=\"8833d4f\" data-element_type=\"container\" data-e-type=\"container\">\n\t\t\t\t\t<div class=\"e-con-inner\">\n\t\t\t\t<div class=\"elementor-element elementor-element-47aecf2 elementor-widget elementor-widget-global elementor-global-62046 elementor-widget-eael-advanced-search\" data-id=\"47aecf2\" data-element_type=\"widget\" data-e-type=\"widget\" data-widget_type=\"eael-advanced-search.default\">\n\t\t\t\t\t        <div class=\"eael-adv-search-wrapper\">\n            <div id=\"eael-advanced-search-widget-47aecf2\" class=\"eael-advanced-search-widget\">\n                <form data-settings=\"{&quot;post_per_page&quot;:5,&quot;search_among_taxonomies&quot;:&quot;&quot;,&quot;search_among_sku&quot;:&quot;no&quot;,&quot;show_popular_keyword&quot;:0,&quot;show_category&quot;:0,&quot;show_content_image&quot;:1,&quot;show_search_result_all_results&quot;:0,&quot;result_on_new_tab&quot;:&quot;no&quot;,&quot;show_product_price&quot;:&quot;no&quot;,&quot;include_current_page&quot;:&quot;no&quot;,&quot;current_post_id&quot;:35838,&quot;post_type&quot;:[&quot;post&quot;,&quot;listing&quot;]}\" method=\"POST\" name=\"eael-advanced-search-form-47aecf2\" class=\"eael-advanced-search-form eael-advanced-search-form-style-2\">\n                    <div class=\"eael-advanced-search-wrap\">\n                        <span class=\"eael-adv-search-loader\"><\/span>\n                        <span class=\"eael-adv-search-close\"><i class=\"fas fa-times\"><\/i><\/span>\n                        <span class=\"icon \"><i class=\"fas fa-search\"><\/i><\/span>\n\n                        <input type=\"text\"\n                               placeholder=\"Votre destination\"\n                               class=\"eael-advanced-search\" autocomplete=\"off\" name=\"eael_advanced_search\">\n                    <\/div>\n\t\t\t\t\t                                    <\/form>\n\n\t\t\t\t\n\t\t\t\t        <div class=\"eael-advanced-search-result\">\n            <div class=\"eael-advanced-search-popular-keyword\">\n\t\t\t\t<h4 class=\"eael-advanced-search-popular-keyword-text\">Recherches populaires<\/h4>                <div class=\"eael-popular-keyword-content\"><\/div>\n            <\/div>\n            <div class=\"eael-advanced-search-category\">\n\t\t\t\t<h4 class=\"eael-advanced-search-category-text\">Categories<\/h4>                <div class=\"eael-popular-category-content\"><\/div>\n            <\/div>\n\t\t\t<div class=\"eael-advanced-search-total-results-section\">\n\t\t\t\t\t\t\t<\/div>\n            <div class=\"eael-advanced-search-content eael-item-style-3\">\n            <\/div>\n            <div class=\"eael-advanced-search-not-found\">\n                <p>Pas de r\u00e9sultats<\/p><\/div>\n            <div class=\"eael-advanced-search-load-more\">\n\t\t\t\t<a \tclass=\"eael-advanced-search-load-more-button\"\n                \thref=\"#\">Voir tous les r\u00e9sultats<\/a>\n            <\/div>\n        <\/div>\n\n\t\t            <\/div>\n        <\/div>\n\n\t\t\t\t\t\t<\/div>\n\t\t\t\t\t<\/div>\n\t\t\t\t<\/aside>\n\t\t<article class=\"elementor-element elementor-element-98b7f30 e-flex e-con-boxed e-con e-parent\" data-id=\"98b7f30\" data-element_type=\"container\" data-e-type=\"container\">\n\t\t\t\t\t<div class=\"e-con-inner\">\n\t\t\t\t<div class=\"elementor-element elementor-element-401fd94e elementor-widget elementor-widget-text-editor\" data-id=\"401fd94e\" data-element_type=\"widget\" data-e-type=\"widget\" data-widget_type=\"text-editor.default\">\n\t\t\t\t\t\t\t\t\t<h1 style=\"text-align: center;\"><strong>Brest<\/strong><\/h1><p><strong>Brest, une ville portuaire embl\u00e9matique du <a href=\"https:\/\/www.loclilala.com\/fr\/visiter-le-finistere-guide-ultime-des-lieux-a-decouvrir\/\" target=\"_blank\" rel=\"noopener\">Finist\u00e8re<\/a> en Bretagne<\/strong>, occupe une place de choix sur la sc\u00e8ne fran\u00e7aise. Non seulement elle se distingue comme la deuxi\u00e8me ville militaire du pays, apr\u00e8s Toulon, mais elle rayonne aussi en tant que centre universitaire et scientifique majeur. Brest rec\u00e8le d&#8217;une histoire riche, marqu\u00e9e par des \u00e9v\u00e9nements cl\u00e9s tels que l&#8217;Union de Brest, le Trait\u00e9 de Brest-Litovsk, et les bouleversements de la Seconde Guerre mondiale.<\/p><p>Cette ville, vive et dynamique, propose \u00e0 ses r\u00e9sidents comme \u00e0 ses visiteurs, un \u00e9ventail d&#8217;attractions et de services indispensables \u00e0 la vie quotidienne.<\/p><p>Cet article est une invitation \u00e0 d\u00e9couvrir Brest sous toutes ses facettes : ses atouts, ses tr\u00e9sors, et ses particularit\u00e9s uniques. Partez \u00e0 la d\u00e9couverte de ses monuments embl\u00e9matiques, mus\u00e9es enrichissants, espaces verts reposants, festivals anim\u00e9s, march\u00e9s color\u00e9s, et gastronomie exceptionnelle. De plus, nous vous guiderons \u00e0 travers les services essentiels disponibles, que vous soyez un habitant de longue date ou un nouvel arrivant.<\/p><p>Nous vous promettons une immersion dans une ville captivante, qui s\u00e9duit par son charme, sa diversit\u00e9 culturelle et son accueil chaleureux.<\/p><h2>Exploration des attractions incontournables de Brest<\/h2><p>Brest, une ville aux multiples facettes, vous invite \u00e0 explorer ses tr\u00e9sors. Que vous soyez passionn\u00e9 de nature, d&#8217;histoire maritime ou de culture, Brest saura vous surprendre. D\u00e9couvrons ensemble les must-see de cette ville fascinante.<\/p><h3>Oc\u00e9anopolis : un voyage sous-marin<\/h3><p>Situ\u00e9 au port de plaisance du Moulin Blanc, Oc\u00e9anopolis se distingue comme un des plus grands aquariums de France. Ce centre de culture scientifique vous emm\u00e8ne \u00e0 la d\u00e9couverte des merveilles de l&#8217;oc\u00e9an \u00e0 travers trois pavillons th\u00e9matiques: polaire, tropical et Bretagne. Avec plus de 10 000 animaux issus de 1 000 esp\u00e8ces diverses, des expositions enrichissantes et des programmes \u00e9ducatifs, Oc\u00e9anopolis est une fen\u00eatre ouverte sur la biodiversit\u00e9 marine et ses secrets.<\/p><h3>Les Ateliers des Capucins : entre culture et rencontres<\/h3><p>Reconverti en espace culturel, Les Ateliers des Capucins, anciennement un site de l\u2019arsenal de Brest, est aujourd&#8217;hui un lieu vibrant de culture et de vie. Avec son cin\u00e9ma, sa m\u00e9diath\u00e8que, ses espaces de d\u00e9tente et de cr\u00e9ation, sans oublier restaurants et bars, c&#8217;est le c\u0153ur battant de la convivialit\u00e9 brestoise. Accessible via le premier t\u00e9l\u00e9ph\u00e9rique urbain du pays, ce lieu propose un panorama d&#8217;activit\u00e9s et d&#8217;\u00e9v\u00e9nements pour tous. La Place des Machines, avec sa couverture impressionnante, offre un espace unique pour des moments de loisirs et de partage.<\/p><figure id=\"attachment_67329\" aria-describedby=\"caption-attachment-67329\" style=\"width: 1024px\" class=\"wp-caption aligncenter\"><a href=\"https:\/\/cparici.com\/wp-content\/uploads\/2024\/06\/cparici-22.jpg\"><img decoding=\"async\" class=\"wp-image-67329 size-large\" src=\"https:\/\/cparici.com\/wp-content\/uploads\/2024\/06\/cparici-22-1024x362.jpg\" alt=\"Ch\u00e2teau de Brest\" width=\"1024\" height=\"362\" srcset=\"https:\/\/cparici.com\/wp-content\/uploads\/2024\/06\/cparici-22-1024x362.jpg 1024w, https:\/\/cparici.com\/wp-content\/uploads\/2024\/06\/cparici-22-300x106.jpg 300w, https:\/\/cparici.com\/wp-content\/uploads\/2024\/06\/cparici-22-768x271.jpg 768w, https:\/\/cparici.com\/wp-content\/uploads\/2024\/06\/cparici-22-18x6.jpg 18w, https:\/\/cparici.com\/wp-content\/uploads\/2024\/06\/cparici-22-590x208.jpg 590w, https:\/\/cparici.com\/wp-content\/uploads\/2024\/06\/cparici-22-1200x424.jpg 1200w, https:\/\/cparici.com\/wp-content\/uploads\/2024\/06\/cparici-22-577x204.jpg 577w, https:\/\/cparici.com\/wp-content\/uploads\/2024\/06\/cparici-22-600x212.jpg 600w, https:\/\/cparici.com\/wp-content\/uploads\/2024\/06\/cparici-22.jpg 1500w\" sizes=\"(max-width: 1024px) 100vw, 1024px\" \/><\/a><figcaption id=\"caption-attachment-67329\" class=\"wp-caption-text\">Ch\u00e2teau de Brest<\/figcaption><\/figure><h3>Le Ch\u00e2teau de Brest et le Mus\u00e9e national de la Marine<\/h3><p>Le Ch\u00e2teau de Brest, vestige le plus ancien de la ville et pr\u00e9fecture maritime de l&#8217;Atlantique, se dresse fi\u00e8rement sur les rives de la Penfeld. C&#8217;est une invitation \u00e0 plonger dans l&#8217;histoire maritime de la France, de l&#8217;\u00e9poque m\u00e9di\u00e9vale \u00e0 l&#8217;\u00e8re moderne. Le Mus\u00e9e national de la Marine, situ\u00e9 dans le ch\u00e2teau, d\u00e9voile une collection impressionnante de maquettes, peintures et objets t\u00e9moignant de la grandeur maritime du pays.<\/p><h3>La tour Tanguy : un panorama historique<\/h3><p>Face au Ch\u00e2teau de Brest, la tour Tanguy garde l&#8217;entr\u00e9e de la Penfeld. Erig\u00e9e au XIVe si\u00e8cle, cette tour m\u00e9di\u00e9vale renferme le Mus\u00e9e du vieux Brest, o\u00f9 des dioramas, \u0153uvres du peintre Jim S\u00e9vellec, r\u00e9v\u00e8lent la ville avant son bouleversement par la Seconde Guerre mondiale. Un lieu de m\u00e9moire offrant une perspective unique sur le pass\u00e9 de Brest.<\/p><figure id=\"attachment_67327\" aria-describedby=\"caption-attachment-67327\" style=\"width: 1024px\" class=\"wp-caption aligncenter\"><a href=\"https:\/\/cparici.com\/wp-content\/uploads\/2024\/06\/cparici-21.jpg\"><img decoding=\"async\" class=\"wp-image-67327 size-large\" src=\"https:\/\/cparici.com\/wp-content\/uploads\/2024\/06\/cparici-21-1024x362.jpg\" alt=\"Brest Tour Tanguy\" width=\"1024\" height=\"362\" srcset=\"https:\/\/cparici.com\/wp-content\/uploads\/2024\/06\/cparici-21-1024x362.jpg 1024w, https:\/\/cparici.com\/wp-content\/uploads\/2024\/06\/cparici-21-300x106.jpg 300w, https:\/\/cparici.com\/wp-content\/uploads\/2024\/06\/cparici-21-768x271.jpg 768w, https:\/\/cparici.com\/wp-content\/uploads\/2024\/06\/cparici-21-18x6.jpg 18w, https:\/\/cparici.com\/wp-content\/uploads\/2024\/06\/cparici-21-590x208.jpg 590w, https:\/\/cparici.com\/wp-content\/uploads\/2024\/06\/cparici-21-1200x424.jpg 1200w, https:\/\/cparici.com\/wp-content\/uploads\/2024\/06\/cparici-21-577x204.jpg 577w, https:\/\/cparici.com\/wp-content\/uploads\/2024\/06\/cparici-21-600x212.jpg 600w, https:\/\/cparici.com\/wp-content\/uploads\/2024\/06\/cparici-21.jpg 1500w\" sizes=\"(max-width: 1024px) 100vw, 1024px\" \/><\/a><figcaption id=\"caption-attachment-67327\" class=\"wp-caption-text\">Brest Tour Tanguy<\/figcaption><\/figure><h3>Balade sur le pont de Recouvrance et le port de plaisance<\/h3><p>Le pont de Recouvrance, un pont levant embl\u00e9matique de la ville de Brest, enjambe la Penfeld, reliant le bas de la rue de Siam au quartier de Recouvrance. Ce monument, inaugur\u00e9 en 1954, a longtemps d\u00e9tenu le titre du plus grand pont levant d&#8217;Europe.<\/p><p>Il se distingue en s&#8217;\u00e9levant pour permettre le passage de bateaux \u00e0 haute m\u00e2ture, tels que fr\u00e9gates et voiliers-\u00e9cole, offrant un spectacle majestueux depuis les quais ou par le t\u00e9l\u00e9ph\u00e9rique. Le pont donne aussi acc\u00e8s au port de plaisance du Moulin Blanc o\u00f9 vous pouvez vous promener sur les pontons, admirer les bateaux ou encore vous adonner \u00e0 des activit\u00e9s nautiques.<\/p><h3>Le Conservatoire botanique national de Brest<\/h3><p>Institution scientifique de renom, le Conservatoire botanique national de Brest d\u00e9die ses efforts \u00e0 la conservation de la flore sauvage de l&#8217;ouest de la France et de r\u00e9gions \u00e0 forte biodiversit\u00e9 mondiale. Depuis sa fondation en 1975, il se positionne comme le premier \u00e9tablissement mondial enti\u00e8rement d\u00e9di\u00e9 \u00e0 la sauvegarde d&#8217;esp\u00e8ces v\u00e9g\u00e9tales en p\u00e9ril.<\/p><p>S&#8217;\u00e9tendant sur 30 hectares dans le Vallon du Stang-Alar, son jardin accueille plus de 1 700 esp\u00e8ces de plantes, certaines \u00e9tant exclusives. Les serres tropicales proposent une visite enrichissante avec la plus vaste collection de plantes menac\u00e9es de disparition en France.<\/p><h2>Les services essentiels pour les visiteurs et les r\u00e9sidents<\/h2><p>Brest, une ville accueillante pour ses habitants et touristes, propose une gamme de services essentiels haut de gamme facilitant la vie quotidienne. Que vous cherchiez un moyen de transport, un logement confortable, un restaurant savoureux, un \u00e9tablissement de sant\u00e9 fiable ou simplement des informations pratiques, Brest r\u00e9pond \u00e0 tous vos besoins. D\u00e9couvrez ci-dessous les services indispensables accessibles \u00e0 Brest.<\/p><h3>Transports en commun : naviguer ais\u00e9ment \u00e0 travers Brest<\/h3><p>Le r\u00e9seau de transports en commun de Brest est \u00e0 la fois efficace et vari\u00e9, garantissant un d\u00e9placement fluide au sein de la ville et de sa m\u00e9tropole. Tramway, t\u00e9l\u00e9ph\u00e9rique, bus, v\u00e9lo ou encore le service de transport \u00e0 la demande sont \u00e0 votre disposition pour r\u00e9pondre \u00e0 diverses pr\u00e9f\u00e9rences de voyage. Le syst\u00e8me Bibus offre des tarifs ajust\u00e9s selon votre profil, que vous soyez \u00e9tudiant, senior, demandeur d&#8217;emploi ou touriste, facilitant ainsi vos d\u00e9placements.<\/p><p>L&#8217;achat de titres de transport est simplifi\u00e9 en ligne ou via l&#8217;application Bibus.<\/p><h3>Options d&#8217;h\u00e9bergement : entre luxe et \u00e9conomie<\/h3><p>\u00c0 Brest, les options d\u2019h\u00e9bergement s\u2019adaptent \u00e0 toutes les envies et budgets. H\u00f4tels de charme, appartements douillets, chambres d&#8217;h\u00f4tes accueillantes ou encore campings en pleine nature sont disponibles pour une exp\u00e9rience personnalis\u00e9e. R\u00e9servez en toute simplicit\u00e9 en ligne, en profitant de l\u2019opportunit\u00e9 de comparer les offres et les avis d\u2019autres voyageurs.<\/p><p>Ne manquez pas les promotions et bons plans offerts par divers sites sp\u00e9cialis\u00e9s pour optimiser votre s\u00e9jour.<\/p><h3>La gastronomie brestoise : une invitation \u00e0 la gourmandise<\/h3><p><strong>Brest, ville de gourmets,<\/strong> offre une exp\u00e9rience culinaire riche et vari\u00e9e. Entre sp\u00e9cialit\u00e9s bretonnes traditionnelles comme les cr\u00eapes, le <a href=\"https:\/\/cparici.com\/kouign-amann\/\">kouign-amann<\/a>, le <a href=\"https:\/\/cparici.com\/far-breton\/\">far breton<\/a>, le cidre ou le chouchen et les d\u00e9lices de la mer tels que les hu\u00eetres, le homard et les moules, vos papilles seront ravies. Les amateurs de cuisine du monde ne seront pas en reste avec une s\u00e9lection de restaurants asiatiques, orientaux, italiens ou mexicains pour satisfaire tous les go\u00fbts \u00e0 chaque occasion.<\/p><h3>Services de sant\u00e9 : des soins accessibles<\/h3><p>Brest veille \u00e0 la sant\u00e9 de ses r\u00e9sidents et visiteurs, proposant un r\u00e9seau de services de sant\u00e9 accessible. Que vous ayez besoin de consulter un m\u00e9decin, un dentiste, un pharmacien ou tout autre professionnel de sant\u00e9, les prises de rendez-vous en ligne ou par t\u00e9l\u00e9phone sont facilit\u00e9es. En cas d&#8217;urgence ou de besoin sp\u00e9cifique, h\u00f4pitaux et cliniques, publics comme priv\u00e9s, sont pr\u00eats \u00e0 vous accueillir pour vous offrir des soins de qualit\u00e9.<\/p><h3>S\u00e9curit\u00e9 et infos pratiques<\/h3><p>La ville s&#8217;engage fermement \u00e0 assurer la s\u00e9curit\u00e9 de tous, r\u00e9sidents comme visiteurs, gr\u00e2ce \u00e0 un \u00e9ventail de services de s\u00e9curit\u00e9 r\u00e9actifs. En cas de situation urgente ou de menace, il est possible de faire appel aux services de police, de gendarmerie, de lutte contre les incendies ou d\u2019assistance m\u00e9dicale.<\/p><p>Pour une tranquillit\u00e9 d&#8217;esprit totale, renseignez-vous sur les recommandations de s\u00e9curit\u00e9, les num\u00e9ros d&#8217;urgence \u00e0 composer, les points d&#8217;accueil disponibles ou les proc\u00e9dures administratives n\u00e9cessaires via les plateformes officielles ou les manuels de conseils pratiques. Acc\u00e9der \u00e0 ces ressources vous fournira des informations pr\u00e9cises et actualis\u00e9es, permettant ainsi un s\u00e9jour ou une r\u00e9sidence paisible \u00e0 Brest.<\/p><h2>Ev\u00e9nements annuels et vie culturelle brestoise<\/h2><p>Brest est une ville dynamique, pleine de vie, d&#8217;innovation et de partage. Elle offre tout au long de l&#8217;ann\u00e9e un \u00e9ventail d&#8217;\u00e9v\u00e9nements vari\u00e9s et de haute qualit\u00e9, c\u00e9l\u00e9brant son riche patrimoine, la musique, la danse, la gastronomie, et l&#8217;art urbain.<\/p><p>La ville vous invite \u00e0 d\u00e9couvrir sa sc\u00e8ne culturelle diversifi\u00e9e, avec un large choix de salles de spectacle, cin\u00e9mas, biblioth\u00e8ques, galeries d&#8217;art, et ateliers de cr\u00e9ation. Voici une s\u00e9lection des \u00e9v\u00e9nements annuels et des centres culturels qui contribuent \u00e0 la notori\u00e9t\u00e9 de la ville.<\/p><h3>Les F\u00eates maritimes internationales de Brest<\/h3><p>Point d&#8217;orgue des \u00e9v\u00e9nements nautiques, les F\u00eates maritimes internationales de Brest r\u00e9unissent, tous les quatre ans pour une semaine, une flotte de bateaux traditionnels venus des quatre coins du globe. C&#8217;est l&#8217;un des rassemblements maritimes les plus impressionnants au monde, accueillant plus d&#8217;un million de visiteurs \u00e0 chaque \u00e9dition. D\u00e9couvrez la richesse de la biodiversit\u00e9 marine, l&#8217;histoire navale, l&#8217;expertise maritime, et les cultures internationales \u00e0 travers leurs musiques et danses caract\u00e9ristiques.<\/p><p>Participez \u00e0 des excursions en bateau, admirez des parades et r\u00e9gates, et laissez-vous enchanter par des concerts, spectacles et feux d&#8217;artifice. Les F\u00eates maritimes internationales\u00a0 c\u00e9l\u00e8brent la mer, le patrimoine et l&#8217;esprit de convivialit\u00e9.<\/p><h3>Le festival Astropolis : un rendez-vous des amateurs d&#8217;\u00e9lectro<\/h3><p>Depuis 1995, le festival Astropolis enchante Brest avec les sons de musiques \u00e9lectroniques chaque \u00e9t\u00e9. Reconnu comme l&#8217;un des pionniers et plus r\u00e9put\u00e9s festivals d&#8217;\u00e9lectro en France, il attire des artistes de renomm\u00e9e mondiale ainsi que des talents locaux. Astropolis se distingue par sa diversit\u00e9 musicale, couvrant des genres allant de la techno \u00e0 la house, du drum&#8217;n&#8217;bass au dubstep, sans oublier le hip-hop.<\/p><p>\u00c9tal\u00e9 sur plusieurs jours et lieux, Astropolis propose des concerts, soir\u00e9es, animations, ateliers, expositions et conf\u00e9rences. Ce festival est un rendez-vous majeur non seulement pour les aficionados d&#8217;\u00e9lectro mais aussi pour ceux d\u00e9sireux de plonger dans cet univers musical.<\/p><h3>Les Jeudis du port : musique, danse et gastronomie<\/h3><p>Chaque jeudi soir, de mi-juillet \u00e0 mi-ao\u00fbt, le port de commerce de Brest s&#8217;anime avec le festival gratuit des Jeudis du port. Attirant pr\u00e8s de 80 000 visiteurs annuellement, cet \u00e9v\u00e9nement familial propose une programmation musicale \u00e9clectique et des arts de rue. Des concerts aux spectacles de cirque, en passant par le th\u00e9\u00e2tre, la danse et la magie, il y en a pour tous les go\u00fbts.<\/p><p>Ne manquez pas de d\u00e9guster des sp\u00e9cialit\u00e9s locales, telles que les cr\u00eapes, le kouign-amann, le cidre ou encore les produits de la mer. Les Jeudis du port offrent un cadre idyllique pour profiter de l&#8217;atmosph\u00e8re unique du port en bonne compagnie.<\/p><h3>Le march\u00e9 Saint-Louis : exploration des saveurs locales<\/h3><p>Chaque dimanche matin, le march\u00e9 Saint-Louis anime la place \u00e9ponyme au c\u0153ur de Brest. Plus grand march\u00e9 de la ville, il rassemble des produits frais et de qualit\u00e9 de la r\u00e9gion. Fruits, l\u00e9gumes, viandes, poissons, fromages, pains, fleurs et sp\u00e9cialit\u00e9s bretonnes y sont propos\u00e9s.<\/p><p>Vous pourrez aussi d\u00e9couvrir des plats du monde entier et profiter de cette ambiance chaleureuse pour \u00e9changer avec les commer\u00e7ants, partager des recettes ou simplement savourer les couleurs, les parfums et les saveurs locales.<\/p><h2>Brest Foot<\/h2><h3 data-start=\"44\" data-end=\"79\">Un club breton en plein essor<\/h3><p data-start=\"80\" data-end=\"233\"><span class=\"relative -mx-px my-[-0.2rem] rounded px-px py-[0.2rem] transition-colors duration-100 ease-in-out\">Le <strong data-start=\"3\" data-end=\"24\">Stade Brestois 29<\/strong>, surnomm\u00e9 <em data-start=\"35\" data-end=\"49\">les Ty\u2019\u202fZefs<\/em>, est un club fond\u00e9 en 1950 \u00e0 Brest. Il \u00e9volue dans son antre historique, le <strong data-start=\"126\" data-end=\"150\">Stade Francis\u2011Le\u202fBl\u00e9<\/strong>, d\u2019une capacit\u00e9 de 15\u202f220\u202fplaces<\/span> . <span class=\"relative -mx-px my-[-0.2rem] rounded px-px py-[0.2rem] transition-colors duration-100 ease-in-out\">Malgr\u00e9 ce terrain modeste, Brest s\u2019est hiss\u00e9 en Ligue\u202f1 depuis 2019, signant son record de sept saisons d\u2019affil\u00e9e dans l\u2019\u00e9lite<\/span><\/p><p data-start=\"235\" data-end=\"388\"><span class=\"relative -mx-px my-[-0.2rem] rounded px-px py-[0.2rem] transition-colors duration-100 ease-in-out\">Sous la houlette d\u2019\u00c9ric\u202fRoy, nomm\u00e9 en janvier\u202f2023, le club a d\u2019abord \u00e9vit\u00e9 la rel\u00e9gation puis franchi un cap : une troisi\u00e8me place historique en 2023\u20132024, synonyme de <strong data-start=\"169\" data-end=\"217\" data-is-last-node=\"\">qualification directe en Ligue\u202fdes champions<\/strong><\/span> . <span class=\"relative -mx-px my-[-0.2rem] rounded px-px py-[0.2rem] transition-colors duration-100 ease-in-out\">Roy a m\u00eame \u00e9t\u00e9 \u00e9lu <strong data-start=\"19\" data-end=\"53\">meilleur entra\u00eeneur de Ligue\u202f1<\/strong> aux Troph\u00e9es UNFP en 2024<\/span><\/p><figure id=\"attachment_67335\" aria-describedby=\"caption-attachment-67335\" style=\"width: 1024px\" class=\"wp-caption aligncenter\"><a href=\"https:\/\/cparici.com\/wp-content\/uploads\/2024\/06\/Brest-foot-site-internet-officiel-copie-decran.jpg\"><img decoding=\"async\" class=\"wp-image-67335 size-large\" src=\"https:\/\/cparici.com\/wp-content\/uploads\/2024\/06\/Brest-foot-site-internet-officiel-copie-decran-1024x530.jpg\" alt=\"Brest foot site internet officiel copie d'\u00e9cran\" width=\"1024\" height=\"530\" srcset=\"https:\/\/cparici.com\/wp-content\/uploads\/2024\/06\/Brest-foot-site-internet-officiel-copie-decran-1024x530.jpg 1024w, https:\/\/cparici.com\/wp-content\/uploads\/2024\/06\/Brest-foot-site-internet-officiel-copie-decran-300x155.jpg 300w, https:\/\/cparici.com\/wp-content\/uploads\/2024\/06\/Brest-foot-site-internet-officiel-copie-decran-768x397.jpg 768w, https:\/\/cparici.com\/wp-content\/uploads\/2024\/06\/Brest-foot-site-internet-officiel-copie-decran-1536x795.jpg 1536w, https:\/\/cparici.com\/wp-content\/uploads\/2024\/06\/Brest-foot-site-internet-officiel-copie-decran-18x9.jpg 18w, https:\/\/cparici.com\/wp-content\/uploads\/2024\/06\/Brest-foot-site-internet-officiel-copie-decran-590x305.jpg 590w, https:\/\/cparici.com\/wp-content\/uploads\/2024\/06\/Brest-foot-site-internet-officiel-copie-decran-1200x621.jpg 1200w, https:\/\/cparici.com\/wp-content\/uploads\/2024\/06\/Brest-foot-site-internet-officiel-copie-decran-577x299.jpg 577w, https:\/\/cparici.com\/wp-content\/uploads\/2024\/06\/Brest-foot-site-internet-officiel-copie-decran-600x310.jpg 600w, https:\/\/cparici.com\/wp-content\/uploads\/2024\/06\/Brest-foot-site-internet-officiel-copie-decran.jpg 1747w\" sizes=\"(max-width: 1024px) 100vw, 1024px\" \/><\/a><figcaption id=\"caption-attachment-67335\" class=\"wp-caption-text\">Brest foot site internet officiel copie d&#8217;\u00e9cran<\/figcaption><\/figure><h3 data-start=\"395\" data-end=\"439\">Exploit europ\u00e9en et mod\u00e8les financiers<\/h3><p data-start=\"440\" data-end=\"599\"><span class=\"relative -mx-px my-[-0.2rem] rounded px-px py-[0.2rem] transition-colors duration-100 ease-in-out\">En 2024\u20132025, Brest a fait ses d\u00e9buts en <strong data-start=\"41\" data-end=\"47\">C1<\/strong> : victoire 2\u20111 contre Sturm\u202fGraz, puis un essai impressionnant 4\u20110 face \u00e0 Salzbourg, et un nul 1\u20111 contre Leverkusen<\/span>. <span class=\"relative -mx-px my-[-0.2rem] rounded px-px py-[0.2rem] transition-colors duration-100 ease-in-out\">Ce parcours remarquable a illustr\u00e9 la r\u00e9silience d\u2019un club au budget limit\u00e9 (\u20ac48\u201351\u202fM) face \u00e0 l\u2019\u00e9lite europ\u00e9enne<\/span>.<\/p><p data-start=\"601\" data-end=\"762\"><span class=\"relative -mx-px my-[-0.2rem] rounded px-px py-[0.2rem] transition-colors duration-100 ease-in-out\">Ce succ\u00e8s repose sur une <strong data-start=\"25\" data-end=\"56\">gestion financi\u00e8re prudente<\/strong>, recrues cibl\u00e9es (anciens exp\u00e9riment\u00e9s ou jeunes \u00e0 fort potentiel), et un recrutement volontiers en fin de mercato<\/span> . <span class=\"relative -mx-px my-[-0.2rem] rounded px-px py-[0.2rem] transition-colors duration-100 ease-in-out\">Le mod\u00e8le s\u2019appuie aussi sur le soutien de partenaires locaux : dirigeants familiaux et banque r\u00e9gionale impliqu\u00e9e dans un projet de nouveau stade<\/span> .<\/p><h3 data-start=\"769\" data-end=\"793\">Un stade \u00e0 r\u00e9nover<\/h3><p data-start=\"794\" data-end=\"914\"><span class=\"relative -mx-px my-[-0.2rem] rounded px-px py-[0.2rem] transition-colors duration-100 ease-in-out\">Le Francis\u2011Le\u202fBl\u00e9, dat\u00e9 d\u2019un si\u00e8cle, ne r\u00e9pond pas aux crit\u00e8res UEFA en vigueur pour la <strong data-start=\"88\" data-end=\"108\">Champions League<\/strong>: la ville a donc d\u00fb d\u00e9placer ses rencontres europ\u00e9ennes au <strong data-start=\"165\" data-end=\"187\">Stade de Roudourou<\/strong> \u00e0 Guingamp (\u00e0 ~100\u202fkm)<\/span> . <span class=\"relative -mx-px my-[-0.2rem] rounded px-px py-[0.2rem] transition-colors duration-100 ease-in-out\">Une aberration symbolique : les supporters brestois vivent et soutiennent leur \u00e9quipe loin de leur ville.<\/span><\/p><p data-start=\"916\" data-end=\"996\"><span class=\"relative -mx-px my-[-0.2rem] rounded px-px py-[0.2rem] transition-colors duration-100 ease-in-out\">Cependant, un <strong data-start=\"14\" data-end=\"31\">nouveau stade<\/strong> de 15\u202f000 places est \u00e0 l\u2019\u00e9tude, co-financ\u00e9 par le Cr\u00e9dit Mutuel Ark\u00e9a, pour r\u00e9pondre aux exigences europ\u00e9ennes et renforcer l\u2019ancrage local<\/span><\/p><h3 data-start=\"1003\" data-end=\"1034\">Effectif et axes sportifs<\/h3><p data-start=\"1035\" data-end=\"1155\"><span class=\"relative -mx-px my-[-0.2rem] rounded px-px py-[0.2rem] transition-colors duration-100 ease-in-out\">Le club affiche une <strong data-start=\"20\" data-end=\"50\">valeur collective de 67\u202fM\u20ac<\/strong>, avec un effectif jeune (\u00e2ge moyen 26,8 ans), comportant environ 27\u202f% d\u2019\u00e9trangers et 3 internationaux<\/span>. <span class=\"relative -mx-px my-[-0.2rem] rounded px-px py-[0.2rem] transition-colors duration-100 ease-in-out\">Parmi les cadres de la saison 2024\u20132025 :<\/span><\/p><ul data-start=\"1157\" data-end=\"1408\"><li data-start=\"1157\" data-end=\"1240\"><p data-start=\"1159\" data-end=\"1240\"><span class=\"relative -mx-px my-[-0.2rem] rounded px-px py-[0.2rem] transition-colors duration-100 ease-in-out\"><strong data-start=\"0\" data-end=\"22\" data-is-only-node=\"\">Brendan Chardonnet<\/strong> (capitaine, d\u00e9fenseur central)<\/span><\/p><\/li><li data-start=\"1241\" data-end=\"1324\"><p data-start=\"1243\" data-end=\"1324\"><span class=\"relative -mx-px my-[-0.2rem] rounded px-px py-[0.2rem] transition-colors duration-100 ease-in-out\"><strong data-start=\"0\" data-end=\"21\" data-is-only-node=\"\">Pierre Lees\u2011Melou<\/strong>, milieu relayeur, titulaire fr\u00e9quent et buteur en C1<\/span><\/p><\/li><li data-start=\"1325\" data-end=\"1408\"><p data-start=\"1327\" data-end=\"1408\"><span class=\"relative -mx-px my-[-0.2rem] rounded px-px py-[0.2rem] transition-colors duration-100 ease-in-out\"><strong data-start=\"0\" data-end=\"17\" data-is-only-node=\"\">Abdallah Sima<\/strong>, attaquant performant dans les comp\u00e9titions europ\u00e9ennes<\/span><\/p><\/li><\/ul><p data-start=\"1410\" data-end=\"1571\"><span class=\"relative -mx-px my-[-0.2rem] rounded px-px py-[0.2rem] transition-colors duration-100 ease-in-out\">En coulisses, le <strong data-start=\"17\" data-end=\"33\">mercato 2025<\/strong> s\u2019active d\u00e8s l\u2019\u00e9t\u00e9 : probation d\u2019un lat\u00e9ral droit ivoirien prolong\u00e9, mais aussi d\u00e9parts marquants comme <strong data-start=\"138\" data-end=\"154\">Jordan Amavi<\/strong>, <strong data-start=\"156\" data-end=\"172\">Jonas Martin<\/strong>, <strong data-start=\"174\" data-end=\"194\" data-is-last-node=\"\">Massadio Ha\u00efdara<\/strong><\/span>. <span class=\"relative -mx-px my-[-0.2rem] rounded px-px py-[0.2rem] transition-colors duration-100 ease-in-out\">L\u2019arriv\u00e9e de deux contrats pros montre un d\u00e9veloppement continu du centre de formation<\/span><\/p><h3 data-start=\"1578\" data-end=\"1609\">Ambitions &amp; d\u00e9fis \u00e0 venir<\/h3><p data-start=\"1610\" data-end=\"1721\"><span class=\"relative -mx-px my-[-0.2rem] rounded px-px py-[0.2rem] transition-colors duration-100 ease-in-out\">En ce lancement de la saison 2025\u20112026, la ville s\u2019installe parmi les clubs r\u00e9guliers de Ligue\u202f1, forte d\u2019un maintien stable (9\u1d49 place la saison derni\u00e8re)<\/span>. Les objectifs sont multiples :<\/p><ol data-start=\"1723\" data-end=\"1978\"><li data-start=\"1723\" data-end=\"1792\"><p data-start=\"1726\" data-end=\"1792\">Maintenir l\u2019effectif comp\u00e9titif et atteindre \u00e0 nouveau l\u2019Europe.<\/p><\/li><li data-start=\"1793\" data-end=\"1884\"><p data-start=\"1796\" data-end=\"1884\">Finaliser le <strong data-start=\"1809\" data-end=\"1843\">recrutement d\u2019un nouveau stade<\/strong> pour les comp\u00e9titions internationales.<\/p><\/li><li data-start=\"1885\" data-end=\"1978\"><p data-start=\"1888\" data-end=\"1978\">Poursuivre la strat\u00e9gie financi\u00e8re vertueuse : prudence, formation et flair sur le march\u00e9.<\/p><\/li><\/ol><h3 data-start=\"1985\" data-end=\"2000\">En r\u00e9sum\u00e9<\/h3><p data-start=\"2001\" data-end=\"2364\">Le <strong data-start=\"2004\" data-end=\"2018\">Brest foot<\/strong>, incarn\u00e9 par le <strong data-start=\"2035\" data-end=\"2056\">Stade Brestois 29<\/strong>, s\u2019est fa\u00e7onn\u00e9 une belle r\u00e9putation : club modeste, au budget limit\u00e9, mais ambitieux, intelligent et fier de ses origines. De la <strong data-start=\"2186\" data-end=\"2223\">trilogie pluvieuse de la Bretagne<\/strong> \u00e0 la <strong data-start=\"2229\" data-end=\"2266\">lumi\u00e8re de la Ligue\u202fdes champions<\/strong>, Brest continue de grandir, fid\u00e8le \u00e0 ses racines, \u00e0 son public et \u00e0 son identit\u00e9 r\u00e9gionale forte.<\/p><h2>M\u00e9t\u00e9o Brest<\/h2><p data-start=\"86\" data-end=\"162\"><span class=\"relative -mx-px my-[-0.2rem] rounded px-px py-[0.2rem] transition-colors duration-100 ease-in-out\">Brest, situ\u00e9e dans le Finist\u00e8re en Bretagne, b\u00e9n\u00e9ficie d\u2019un <strong data-start=\"60\" data-end=\"80\">climat oc\u00e9anique<\/strong> typique. Les <strong data-start=\"94\" data-end=\"105\">saisons<\/strong> y sont bien marqu\u00e9es mais gardent des <strong data-start=\"144\" data-end=\"178\">variations thermiques mod\u00e9r\u00e9es<\/strong>, gr\u00e2ce \u00e0 l\u2019influence adoucissante de l\u2019oc\u00e9an<\/span><\/p><figure id=\"attachment_67333\" aria-describedby=\"caption-attachment-67333\" style=\"width: 1024px\" class=\"wp-caption aligncenter\"><a href=\"https:\/\/cparici.com\/wp-content\/uploads\/2024\/06\/cparici-23.jpg\"><img decoding=\"async\" class=\"wp-image-67333 size-large\" src=\"https:\/\/cparici.com\/wp-content\/uploads\/2024\/06\/cparici-23-1024x362.jpg\" alt=\"M\u00e9t\u00e9o Brest\" width=\"1024\" height=\"362\" srcset=\"https:\/\/cparici.com\/wp-content\/uploads\/2024\/06\/cparici-23-1024x362.jpg 1024w, https:\/\/cparici.com\/wp-content\/uploads\/2024\/06\/cparici-23-300x106.jpg 300w, https:\/\/cparici.com\/wp-content\/uploads\/2024\/06\/cparici-23-768x271.jpg 768w, https:\/\/cparici.com\/wp-content\/uploads\/2024\/06\/cparici-23-18x6.jpg 18w, https:\/\/cparici.com\/wp-content\/uploads\/2024\/06\/cparici-23-590x208.jpg 590w, https:\/\/cparici.com\/wp-content\/uploads\/2024\/06\/cparici-23-1200x424.jpg 1200w, https:\/\/cparici.com\/wp-content\/uploads\/2024\/06\/cparici-23-577x204.jpg 577w, https:\/\/cparici.com\/wp-content\/uploads\/2024\/06\/cparici-23-600x212.jpg 600w, https:\/\/cparici.com\/wp-content\/uploads\/2024\/06\/cparici-23.jpg 1500w\" sizes=\"(max-width: 1024px) 100vw, 1024px\" \/><\/a><figcaption id=\"caption-attachment-67333\" class=\"wp-caption-text\">M\u00e9t\u00e9o Brest<\/figcaption><\/figure><h3 data-start=\"164\" data-end=\"190\">Hiver doux et humide<\/h3><p data-start=\"191\" data-end=\"421\"><span class=\"relative -mx-px my-[-0.2rem] rounded px-px py-[0.2rem] transition-colors duration-100 ease-in-out\">De d\u00e9cembre \u00e0 f\u00e9vrier les temp\u00e9ratures\u00a0 oscillent entre 4\u202f\u00b0C et 10\u202f\u00b0C, avec des minima souvent proches de 5\u202f\u00b0C<\/span> . <span class=\"relative -mx-px my-[-0.2rem] rounded px-px py-[0.2rem] transition-colors duration-100 ease-in-out\">Les <strong data-start=\"4\" data-end=\"22\">pr\u00e9cipitations<\/strong> sont fr\u00e9quentes : pr\u00e8s de 120\u202fmm en janvier, avec 14 \u00e0 16\u202fjours de pluie par mois<\/span> . <span class=\"relative -mx-px my-[-0.2rem] rounded px-px py-[0.2rem] transition-colors duration-100 ease-in-out\">Le vent est un facteur notable, notamment en saison froide, apportant une atmosph\u00e8re <strong data-start=\"85\" data-end=\"95\">vent\u00e9e<\/strong> et parfois <strong data-start=\"107\" data-end=\"119\" data-is-last-node=\"\">gris\u00e2tre<\/strong><\/span> .<\/p><h3 data-start=\"423\" data-end=\"446\">Printemps temp\u00e9r\u00e9<\/h3><p data-start=\"447\" data-end=\"648\"><span class=\"relative -mx-px my-[-0.2rem] rounded px-px py-[0.2rem] transition-colors duration-100 ease-in-out\">De mars \u00e0 mai, la ville voit ses temp\u00e9ratures s\u2019adoucir : autour de 6\u201313\u202f\u00b0C en mars, 9\u201317\u202f\u00b0C en mai<\/span> . <span class=\"relative -mx-px my-[-0.2rem] rounded px-px py-[0.2rem] transition-colors duration-100 ease-in-out\">La <strong data-start=\"3\" data-end=\"19\">pluviom\u00e9trie<\/strong> diminue progressivement : environ 70\u201385\u202fmm, avec 17 \u00e0 18\u202fjours de pluie<\/span>\u00a0<span class=\"relative -mx-px my-[-0.2rem] rounded px-px py-[0.2rem] transition-colors duration-100 ease-in-out\">Le printemps offre des journ\u00e9es <strong data-start=\"32\" data-end=\"48\">plus claires<\/strong>, bien que le temps reste tr\u00e8s variable.<\/span><\/p><h3 data-start=\"650\" data-end=\"677\">\u00c9t\u00e9 doux et favorable<\/h3><p data-start=\"678\" data-end=\"1001\"><span class=\"relative -mx-px my-[-0.2rem] rounded px-px py-[0.2rem] transition-colors duration-100 ease-in-out\">L\u2019\u00e9t\u00e9, de juin \u00e0 ao\u00fbt, est agr\u00e9able : les maximales vont typiquement de 19\u202f\u00b0C \u00e0 21\u202f\u00b0C;<\/span>\u00a0<span class=\"relative -mx-px my-[-0.2rem] rounded px-px py-[0.2rem] transition-colors duration-100 ease-in-out\">La <strong data-start=\"3\" data-end=\"10\">mer<\/strong> avoisine 16\u201317\u202f\u00b0C en juillet-ao\u00fbt<\/span> . <span class=\"relative -mx-px my-[-0.2rem] rounded px-px py-[0.2rem] transition-colors duration-100 ease-in-out\">Les <strong data-start=\"4\" data-end=\"22\">pr\u00e9cipitations<\/strong> estivales restent mod\u00e9r\u00e9es (60\u201365\u202fmm\/mois, environ 17 jours pluvieux)<\/span>. <span class=\"relative -mx-px my-[-0.2rem] rounded px-px py-[0.2rem] transition-colors duration-100 ease-in-out\">Le soleil est au rendez-vous, avec de meilleurs taux d\u2019ensoleillement en bord de mer : environ 55\u202f% en juillet<\/span> .<\/p><h3 data-start=\"1003\" data-end=\"1032\">Automne frais et humide<\/h3><p data-start=\"1033\" data-end=\"1234\"><span class=\"relative -mx-px my-[-0.2rem] rounded px-px py-[0.2rem] transition-colors duration-100 ease-in-out\">En septembre-octobre, les temp\u00e9ratures redescendent \u00e0 9\u201316\u202f\u00b0C<\/span> . <span class=\"relative -mx-px my-[-0.2rem] rounded px-px py-[0.2rem] transition-colors duration-100 ease-in-out\">Les pr\u00e9cipitations remontent : jusqu\u2019\u00e0 113\u202fmm en octobre<\/span>. <span class=\"relative -mx-px my-[-0.2rem] rounded px-px py-[0.2rem] transition-colors duration-100 ease-in-out\">L\u2019automne est souvent <strong data-start=\"22\" data-end=\"33\">venteux<\/strong>, accompagn\u00e9 de <strong data-start=\"49\" data-end=\"69\">ciels changeants<\/strong> alternant averses et \u00e9claircies.<\/span><\/p><h3 data-start=\"1241\" data-end=\"1270\">Caract\u00e9ristiques globales<\/h3><ul data-start=\"1272\" data-end=\"1611\"><li data-start=\"1272\" data-end=\"1356\"><p data-start=\"1274\" data-end=\"1356\"><span class=\"relative -mx-px my-[-0.2rem] rounded px-px py-[0.2rem] transition-colors duration-100 ease-in-out\"><strong data-start=\"0\" data-end=\"26\" data-is-only-node=\"\">Temp\u00e9ratures annuelles<\/strong> : de 5\u202f\u00b0C \u00e0 21\u202f\u00b0C, rarement &lt;\u202f0\u202f\u00b0C ou &gt;\u202f25\u202f\u00b0C<\/span><\/p><\/li><li data-start=\"1357\" data-end=\"1441\"><p data-start=\"1359\" data-end=\"1441\"><span class=\"relative -mx-px my-[-0.2rem] rounded px-px py-[0.2rem] transition-colors duration-100 ease-in-out\"><strong data-start=\"0\" data-end=\"28\" data-is-only-node=\"\">Pr\u00e9cipitations annuelles<\/strong> : autour de 1\u202f120\u202fmm<\/span> .<\/p><\/li><li data-start=\"1442\" data-end=\"1526\"><p data-start=\"1444\" data-end=\"1526\"><span class=\"relative -mx-px my-[-0.2rem] rounded px-px py-[0.2rem] transition-colors duration-100 ease-in-out\"><strong data-start=\"0\" data-end=\"8\" data-is-only-node=\"\">Vent<\/strong> : pr\u00e9sent toute l\u2019ann\u00e9e, avec rafales accentu\u00e9es en hiver et automne<\/span> .<\/p><\/li><li data-start=\"1527\" data-end=\"1611\"><p data-start=\"1529\" data-end=\"1611\"><span class=\"relative -mx-px my-[-0.2rem] rounded px-px py-[0.2rem] transition-colors duration-100 ease-in-out\"><strong data-start=\"0\" data-end=\"10\" data-is-only-node=\"\">Soleil<\/strong> : Brest enregistre plus de 45\u202f% d\u2019ensoleillement en \u00e9t\u00e9, mieux que le nord du pays, et 18\u201325\u202f% en hiver<\/span> .<\/p><\/li><\/ul><p data-start=\"1613\" data-end=\"1693\"><span class=\"relative -mx-px my-[-0.2rem] rounded px-px py-[0.2rem] transition-colors duration-100 ease-in-out\"><strong>La m\u00e9t\u00e9o \u00e0 Brest<\/strong> est donc <strong data-start=\"26\" data-end=\"38\">variable<\/strong>, souvent nuageuse, mais les <strong data-start=\"67\" data-end=\"80\">canicules<\/strong> sont rares et les hivers <strong data-start=\"106\" data-end=\"123\">peu rigoureux<\/strong>. L\u2019essentiel des <strong data-start=\"141\" data-end=\"151\">pluies<\/strong> est r\u00e9parti tout au long de l\u2019ann\u00e9e, sans v\u00e9ritable saison s\u00e8che<\/span><\/p><h2>Conclusion<\/h2><p>Brest, avec son riche patrimoine, sa nature pr\u00e9serv\u00e9e, sa culture vibrante, sa gastronomie exceptionnelle et ses services de qualit\u00e9, <a href=\"https:\/\/fr.wikipedia.org\/wiki\/Brest\" target=\"_blank\" rel=\"noopener\">est une ville<\/a> qui promet des surprises et des merveilles. Ouverte et accueillante, elle est pr\u00eate \u00e0 vous recevoir.<\/p><p>Cette ville pittoresque a tout pour s\u00e9duire : un charme ind\u00e9niable, une diversit\u00e9 fascinante et une convivialit\u00e9 sans pareille, <a href=\"https:\/\/www.loclilala.com\/fr\/rade-de-brest\/\" target=\"_blank\" rel=\"noopener\">une rade magnifique<\/a>. Que vous soyez de passage ou que vous y habitiez, Brest offre tout ce qu\u2019il faut pour un s\u00e9jour confortable ou une vie \u00e9panouie. Il est temps de d\u00e9couvrir les multiples facettes de Brest, ses attraits et services indispensables.<\/p><p>Une chose est s\u00fbre, vous ne le regretterez pas !<\/p><h2>FAQ<\/h2><h3>Est-ce que Brest est joli ?<\/h3><p>Brest, avec son riche port, son histoire fascinante, sa culture vibrante, sa beaut\u00e9 naturelle et son climat, pr\u00e9sente une esth\u00e9tique qui varie selon les perspectives individuelles. Pour certains, elle est charmante et pleine de vie, tandis que d&#8217;autres la voient plus sombre et plus grise.<\/p><h3>O\u00f9 aller se promener \u00e0 Brest ?<\/h3><p>La ville offre divers endroits magnifiques pour se promener, adapt\u00e9s aux go\u00fbts de chacun. Parmi les options :<\/p><ul><li>Les amoureux de la nature et des animaux adoreront <strong>Oc\u00e9anopolis<\/strong>, un parc de d\u00e9couverte oc\u00e9anique qui expose plus de 10 000 animaux marins dans des aquariums th\u00e9matiques, ainsi que le <strong>Conservatoire botanique national de Brest<\/strong>, gardien d&#8217;une collection pr\u00e9cieuse de plantes en danger d&#8217;extinction.<\/li><li>Les passionn\u00e9s de culture et de patrimoine se laisseront s\u00e9duire par le <strong>ch\u00e2teau de Brest<\/strong>, si\u00e8ge du Mus\u00e9e national de la Marine et offrant une vue exceptionnelle sur la rade. La d\u00e9couverte continue avec une balade en <strong>t\u00e9l\u00e9ph\u00e9rique urbain<\/strong> vers l&#8217;<strong>Atelier des Capucins<\/strong>, un site industriel historique transform\u00e9 en espace cr\u00e9atif.<\/li><\/ul><h3>Quel quartier visiter \u00e0 Brest ?<\/h3><p>Dans la ville, plusieurs quartiers captivants attendent les visiteurs, en fonction de leurs inclinations :<\/p><ul><li>Le quartier de <strong>Recouvrance \/ Les Capucins<\/strong> : Ce quartier historique a su garder son authenticit\u00e9 avec des sites tels que la tour de la Motte Tanguy, le pont de Recouvrance et les ateliers des Capucins, sans oublier la vue impressionnante sur la rade depuis le t\u00e9l\u00e9ph\u00e9rique.<\/li><li>Le <strong>Port de Commerce de Brest<\/strong> : C\u0153ur battant de la ville, ce quartier dynamique propose une multitude de bars, restaurants, boutiques et espaces culturels. Une promenade le long du port vous permettra d&#8217;observer les bateaux et de visiter le ch\u00e2teau de Brest ainsi que le mus\u00e9e national de la Marine.<\/li><\/ul><h3>Quelle activit\u00e9 faire \u00e0 Brest ?<\/h3><p>Pour une exp\u00e9rience enrichissante dans la ville, envisagez de visiter :<\/p><ul><li>Le <strong>Mus\u00e9e National de la Marine<\/strong>, h\u00e9berg\u00e9 dans le ch\u00e2teau de Brest, qui plonge dans l&#8217;histoire maritime de la ville \u00e0 travers des expositions de maquettes, sculptures et films.<\/li><li><strong>Oc\u00e9anopolis<\/strong>, un centre d&#8217;exploration des oc\u00e9ans qui illumine la biodiversit\u00e9 marine \u00e0 travers des aquariums, des expositions et des animations d\u00e9di\u00e9es aux \u00e9cosyst\u00e8mes marins.<\/li><\/ul>\t\t\t\t\t\t\t\t<\/div>\n\t\t\t\t\t<\/div>\n\t\t\t\t<\/article>\n\t\t<aside class=\"elementor-element elementor-element-b8556d4 e-flex e-con-boxed e-con e-parent\" data-id=\"b8556d4\" data-element_type=\"container\" data-e-type=\"container\">\n\t\t\t\t\t<div class=\"e-con-inner\">\n\t\t\t\t<div class=\"elementor-element elementor-element-c3b4e7a elementor-widget elementor-widget-listeo-posts-grid\" data-id=\"c3b4e7a\" data-element_type=\"widget\" data-e-type=\"widget\" data-widget_type=\"listeo-posts-grid.default\">\n\t\t\t\t<div class=\"elementor-widget-container\">\n\t\t\t\t\t\t\t\n\t\t<div class=\"listeo-post-grid-wrapper\">\n\t\t\t<div class=\"row\">\n\n\t\t\t\n\n\t\t\t\t\t\t\t<div class=\"col-md-4\">\n                <a href=\"https:\/\/cparici.com\/fr\/port-de-rosbras\/\" class=\"blog-compact-item-container\">\n                    <div class=\"blog-compact-item\">\n                        <img decoding=\"async\" width=\"577\" height=\"232\" src=\"https:\/\/cparici.com\/wp-content\/uploads\/2024\/05\/port-de-Rosbras.jpg\" class=\"attachment-listeo-blog-related-post size-listeo-blog-related-post wp-post-image\" alt=\"port de Rosbras\" srcset=\"https:\/\/cparici.com\/wp-content\/uploads\/2024\/05\/port-de-Rosbras.jpg 1500w, https:\/\/cparici.com\/wp-content\/uploads\/2024\/05\/port-de-Rosbras-600x241.jpg 600w, https:\/\/cparici.com\/wp-content\/uploads\/2024\/05\/port-de-Rosbras-300x121.jpg 300w, https:\/\/cparici.com\/wp-content\/uploads\/2024\/05\/port-de-Rosbras-1024x412.jpg 1024w, https:\/\/cparici.com\/wp-content\/uploads\/2024\/05\/port-de-Rosbras-768x309.jpg 768w\" sizes=\"(max-width: 577px) 100vw, 577px\" \/><span class=\"blog-item-tag\">Bretagne<\/span>                        \n                        <div class=\"blog-compact-item-content\">\n                                                        <h3>Port de Rosbras<\/h3>\n                                                        <p>D\u00e9couvrez le port de Rosbras \u00e0 Riec-sur-B\u00e9lon : un port familial pour les plaisanciers et...                            <\/p>\n                                                    <\/div>\n                    <\/div>\n                <\/a>\n            <\/div>\n\t\t\t<div class=\"col-md-4\">\n                <a href=\"https:\/\/cparici.com\/fr\/port-manech-village-maritime\/\" class=\"blog-compact-item-container\">\n                    <div class=\"blog-compact-item\">\n                        <img decoding=\"async\" width=\"577\" height=\"217\" src=\"https:\/\/cparici.com\/wp-content\/uploads\/2024\/05\/port-manech.jpg\" class=\"attachment-listeo-blog-related-post size-listeo-blog-related-post wp-post-image\" alt=\"port manech\" srcset=\"https:\/\/cparici.com\/wp-content\/uploads\/2024\/05\/port-manech.jpg 1500w, https:\/\/cparici.com\/wp-content\/uploads\/2024\/05\/port-manech-600x226.jpg 600w, https:\/\/cparici.com\/wp-content\/uploads\/2024\/05\/port-manech-300x113.jpg 300w, https:\/\/cparici.com\/wp-content\/uploads\/2024\/05\/port-manech-1024x386.jpg 1024w, https:\/\/cparici.com\/wp-content\/uploads\/2024\/05\/port-manech-768x289.jpg 768w\" sizes=\"(max-width: 577px) 100vw, 577px\" \/><span class=\"blog-item-tag\">Bretagne<\/span>                        \n                        <div class=\"blog-compact-item-content\">\n                                                        <h3>Port Manech &#8211; un village maritime<\/h3>\n                                                        <p>Port-Manech : Charme breton, plage idyllique et activit\u00e9s nautiques pour un s\u00e9jour inoubliable !...                            <\/p>\n                                                    <\/div>\n                    <\/div>\n                <\/a>\n            <\/div>\n\t\t\t<div class=\"col-md-4\">\n                <a href=\"https:\/\/cparici.com\/fr\/location-vacances-a-pont-aven\/\" class=\"blog-compact-item-container\">\n                    <div class=\"blog-compact-item\">\n                        <img decoding=\"async\" width=\"577\" height=\"384\" src=\"https:\/\/cparici.com\/wp-content\/uploads\/2022\/10\/pont-aven-3.jpg\" class=\"attachment-listeo-blog-related-post size-listeo-blog-related-post wp-post-image\" alt=\"port de pont-aven\" srcset=\"https:\/\/cparici.com\/wp-content\/uploads\/2022\/10\/pont-aven-3.jpg 800w, https:\/\/cparici.com\/wp-content\/uploads\/2022\/10\/pont-aven-3-600x400.jpg 600w, https:\/\/cparici.com\/wp-content\/uploads\/2022\/10\/pont-aven-3-768x511.jpg 768w\" sizes=\"(max-width: 577px) 100vw, 577px\" \/><span class=\"blog-item-tag\">Bretagne<\/span>                        \n                        <div class=\"blog-compact-item-content\">\n                                                        <h3>Location Vacances \u00e0 Pont-Aven<\/h3>\n                                                        <p>Recherches populaires Categories Pas de r\u00e9sultats Voir tous les r\u00e9sultats Location Vacances \u00c0 Pont-Aven &#8211;...                            <\/p>\n                                                    <\/div>\n                    <\/div>\n                <\/a>\n            <\/div>\n  <\/div>\n        <\/div>\n        \t\t\t\t<\/div>\n\t\t\t\t<\/div>\n\t\t\t\t\t<\/div>\n\t\t\t\t<\/aside>\n\t\t\t\t<\/div>\n\t\t","protected":false},"excerpt":{"rendered":"<p>Brest, une ville dynamique et culturelle \u00e0 d\u00e9couvrir. D\u00e9couvrez ses attractions et services essentiels dans cet article.<\/p>\n","protected":false},"author":1,"featured_media":35839,"comment_status":"closed","ping_status":"open","sticky":false,"template":"elementor_header_footer","format":"standard","meta":{"ngg_post_thumbnail":0,"footnotes":""},"categories":[885,478,479,477],"tags":[906],"class_list":["post-35838","post","type-post","status-publish","format-standard","has-post-thumbnail","hentry","category-brest","category-bretagne","category-finistere","category-france","tag-ville"],"_links":{"self":[{"href":"https:\/\/cparici.com\/fr\/wp-json\/wp\/v2\/posts\/35838","targetHints":{"allow":["GET"]}}],"collection":[{"href":"https:\/\/cparici.com\/fr\/wp-json\/wp\/v2\/posts"}],"about":[{"href":"https:\/\/cparici.com\/fr\/wp-json\/wp\/v2\/types\/post"}],"author":[{"embeddable":true,"href":"https:\/\/cparici.com\/fr\/wp-json\/wp\/v2\/users\/1"}],"replies":[{"embeddable":true,"href":"https:\/\/cparici.com\/fr\/wp-json\/wp\/v2\/comments?post=35838"}],"version-history":[{"count":0,"href":"https:\/\/cparici.com\/fr\/wp-json\/wp\/v2\/posts\/35838\/revisions"}],"wp:featuredmedia":[{"embeddable":true,"href":"https:\/\/cparici.com\/fr\/wp-json\/wp\/v2\/media\/35839"}],"wp:attachment":[{"href":"https:\/\/cparici.com\/fr\/wp-json\/wp\/v2\/media?parent=35838"}],"wp:term":[{"taxonomy":"category","embeddable":true,"href":"https:\/\/cparici.com\/fr\/wp-json\/wp\/v2\/categories?post=35838"},{"taxonomy":"post_tag","embeddable":true,"href":"https:\/\/cparici.com\/fr\/wp-json\/wp\/v2\/tags?post=35838"}],"curies":[{"name":"wp","href":"https:\/\/api.w.org\/{rel}","templated":true}]}}