{"id":37487,"date":"2024-06-25T07:12:14","date_gmt":"2024-06-25T05:12:14","guid":{"rendered":"https:\/\/cparici.com\/?p=37487"},"modified":"2025-04-08T10:55:38","modified_gmt":"2025-04-08T08:55:38","slug":"provence-alpes-cote-dazur","status":"publish","type":"post","link":"https:\/\/cparici.com\/fr\/provence-alpes-cote-dazur\/","title":{"rendered":"Provence Alpes C\u00f4te d&#8217;Azur : destination incontournable"},"content":{"rendered":"\t\t<div data-elementor-type=\"wp-post\" data-elementor-id=\"37487\" class=\"elementor elementor-37487\" data-elementor-post-type=\"post\">\n\t\t\t\t<div class=\"elementor-element elementor-element-31a9f15 e-con-full e-flex e-con e-parent\" data-id=\"31a9f15\" data-element_type=\"container\" data-e-type=\"container\">\n\t\t\t\t<div class=\"elementor-element elementor-element-f1588bd elementor-widget elementor-widget-image\" data-id=\"f1588bd\" data-element_type=\"widget\" data-e-type=\"widget\" data-widget_type=\"image.default\">\n\t\t\t\t\t\t\t\t\t\t\t\t\t\t\t<img decoding=\"async\" width=\"1500\" height=\"588\" src=\"https:\/\/cparici.com\/wp-content\/uploads\/2024\/06\/provence-alpes-cote-dazur.jpg\" class=\"attachment-full size-full wp-image-37488\" alt=\"provence alpes cote d&#039;azur\" srcset=\"https:\/\/cparici.com\/wp-content\/uploads\/2024\/06\/provence-alpes-cote-dazur.jpg 1500w, https:\/\/cparici.com\/wp-content\/uploads\/2024\/06\/provence-alpes-cote-dazur-600x235.jpg 600w, https:\/\/cparici.com\/wp-content\/uploads\/2024\/06\/provence-alpes-cote-dazur-300x118.jpg 300w, https:\/\/cparici.com\/wp-content\/uploads\/2024\/06\/provence-alpes-cote-dazur-1024x401.jpg 1024w, https:\/\/cparici.com\/wp-content\/uploads\/2024\/06\/provence-alpes-cote-dazur-768x301.jpg 768w\" sizes=\"(max-width: 1500px) 100vw, 1500px\" \/>\t\t\t\t\t\t\t\t\t\t\t\t\t\t\t<\/div>\n\t\t\t\t<\/div>\n\t\t<div class=\"elementor-element elementor-element-80b8fe9 e-flex e-con-boxed e-con e-parent\" data-id=\"80b8fe9\" data-element_type=\"container\" data-e-type=\"container\">\n\t\t\t\t\t<div class=\"e-con-inner\">\n\t\t\t\t<div class=\"elementor-element elementor-element-e733242 elementor-widget elementor-widget-global elementor-global-62046 elementor-widget-eael-advanced-search\" data-id=\"e733242\" data-element_type=\"widget\" data-e-type=\"widget\" data-widget_type=\"eael-advanced-search.default\">\n\t\t\t\t\t        <div class=\"eael-adv-search-wrapper\">\n            <div id=\"eael-advanced-search-widget-e733242\" class=\"eael-advanced-search-widget\">\n                <form data-settings=\"{&quot;post_per_page&quot;:5,&quot;search_among_taxonomies&quot;:&quot;&quot;,&quot;search_among_sku&quot;:&quot;no&quot;,&quot;show_popular_keyword&quot;:0,&quot;show_category&quot;:0,&quot;show_content_image&quot;:1,&quot;show_search_result_all_results&quot;:0,&quot;result_on_new_tab&quot;:&quot;no&quot;,&quot;show_product_price&quot;:&quot;no&quot;,&quot;include_current_page&quot;:&quot;no&quot;,&quot;current_post_id&quot;:37487,&quot;post_type&quot;:[&quot;post&quot;,&quot;listing&quot;]}\" method=\"POST\" name=\"eael-advanced-search-form-e733242\" class=\"eael-advanced-search-form eael-advanced-search-form-style-2\">\n                    <div class=\"eael-advanced-search-wrap\">\n                        <span class=\"eael-adv-search-loader\"><\/span>\n                        <span class=\"eael-adv-search-close\"><i class=\"fas fa-times\"><\/i><\/span>\n                        <span class=\"icon \"><i class=\"fas fa-search\"><\/i><\/span>\n\n                        <input type=\"text\"\n                               placeholder=\"Votre destination\"\n                               class=\"eael-advanced-search\" autocomplete=\"off\" name=\"eael_advanced_search\">\n                    <\/div>\n\t\t\t\t\t                                    <\/form>\n\n\t\t\t\t\n\t\t\t\t        <div class=\"eael-advanced-search-result\">\n            <div class=\"eael-advanced-search-popular-keyword\">\n\t\t\t\t<h4 class=\"eael-advanced-search-popular-keyword-text\">Recherches populaires<\/h4>                <div class=\"eael-popular-keyword-content\"><\/div>\n            <\/div>\n            <div class=\"eael-advanced-search-category\">\n\t\t\t\t<h4 class=\"eael-advanced-search-category-text\">Categories<\/h4>                <div class=\"eael-popular-category-content\"><\/div>\n            <\/div>\n\t\t\t<div class=\"eael-advanced-search-total-results-section\">\n\t\t\t\t\t\t\t<\/div>\n            <div class=\"eael-advanced-search-content eael-item-style-3\">\n            <\/div>\n            <div class=\"eael-advanced-search-not-found\">\n                <p>Pas de r\u00e9sultats<\/p><\/div>\n            <div class=\"eael-advanced-search-load-more\">\n\t\t\t\t<a \tclass=\"eael-advanced-search-load-more-button\"\n                \thref=\"#\">Voir tous les r\u00e9sultats<\/a>\n            <\/div>\n        <\/div>\n\n\t\t            <\/div>\n        <\/div>\n\n\t\t\t\t\t\t<\/div>\n\t\t\t\t\t<\/div>\n\t\t\t\t<\/div>\n\t\t<div class=\"elementor-element elementor-element-794de63a e-flex e-con-boxed e-con e-parent\" data-id=\"794de63a\" data-element_type=\"container\" data-e-type=\"container\">\n\t\t\t\t\t<div class=\"e-con-inner\">\n\t\t\t\t<div class=\"elementor-element elementor-element-4d0a60b7 elementor-widget elementor-widget-text-editor\" data-id=\"4d0a60b7\" data-element_type=\"widget\" data-e-type=\"widget\" data-widget_type=\"text-editor.default\">\n\t\t\t\t\t\t\t\t\t<h1 style=\"text-align: center;\"><span style=\"font-size: 18pt;\"><strong>Provence-Alpes-C\u00f4te d&#8217;Azur<\/strong><\/span><\/h1><p><strong>La r\u00e9gion Provence-Alpes-C\u00f4te d&#8217;Azur, connue aussi sous le nom de R\u00e9gion Sud, se distingue comme \u00e9tant parmi les endroits les plus enchanteurs de <a href=\"https:\/\/cparici.com\/fr\/visiter-la-france-guide-des-regions-et-sites-touristiques\/\">France<\/a>.<\/strong> Elle allie des panorama \u00e0 couper le souffle, marquant le contraste entre mer et montagne, enrichis par des villes pleines d&#8217;histoire et de patrimoine culturel, sans oublier une cuisine exquise.<\/p><p>Si votre qu\u00eate est la relaxation, la d\u00e9couverte culturelle ou l&#8217;aventure, cette r\u00e9gion aux multiples aspects saura combler toutes vos attentes.<\/p><p>Cet article vous sert de guide vers les majeurs incontournables de la Provence-Alpes-C\u00f4te d&#8217;Azur, en ad\u00e9quation avec vos pr\u00e9f\u00e9rences et int\u00e9r\u00eats. Vous y trouverez tout sur les perles de la C\u00f4te d&#8217;Azur, les tr\u00e9sors cach\u00e9s de l&#8217;arri\u00e8re-pays proven\u00e7al, et les meilleures sorties dans les Alpes du Sud. Un outil pr\u00e9cieux pour organiser votre visite dans cette contr\u00e9e magnifique, pr\u00eate \u00e0 vous offrir d&#8217;innombrables d\u00e9couvertes et souvenirs inoubliables.<\/p><h2><span style=\"font-size: 18pt;\">Provence Alpes C\u00f4te d&#8217;Azur &#8211; Les joyaux de la C\u00f4te<\/span><\/h2><p>La <a href=\"https:\/\/cparici.com\/fr\/cote-dazur-french-riviera\/\">C\u00f4te d&#8217;Azur<\/a>, <strong>\u00e9galement appel\u00e9e la Riviera fran\u00e7aise<\/strong>, est une destination idyllique qui s\u00e9duit les amoureux du soleil, de la mer et du glamour. S&#8217;\u00e9tendant de Menton \u00e0 Saint-Tropez, cette r\u00e9gion fascinante est parsem\u00e9e de villes et villages charmants. Ces lieux ont su inspirer des artistes de renom et attirer des c\u00e9l\u00e9brit\u00e9s du monde entier. Nous vous invitons \u00e0 d\u00e9couvrir ici quatre perles de la C\u00f4te d&#8217;Azur, vous offrant un aper\u00e7u des multiples visages de ce littoral d&#8217;exception.<\/p><h3>Nice, entre mer et culture<\/h3><p>Capitale de la C\u00f4te d&#8217;Azur, Nice est parmi les destinations les plus pris\u00e9es de France. Situ\u00e9e entre la magnifique baie des Anges et les collines pittoresques, la ville est un v\u00e9ritable carrefour culturel. D\u00e9couvrez le patrimoine \u00e0 travers ses mus\u00e9es d\u00e9di\u00e9s \u00e0 Matisse ou Chagall, visitez des monuments embl\u00e9matiques tels que la cath\u00e9drale russe et le palais Lascaris, et promenez-vous dans des quartiers authentiques comme la vieille ville ou le port Lympia.<\/p><p>Nice est \u00e9galement c\u00e9l\u00e8bre pour sa cuisine savoureuse, incluant des sp\u00e9cialit\u00e9s comme la socca, la salade ni\u00e7oise ou encore la pissaladi\u00e8re.<\/p><h3>Cannes, capitale du cin\u00e9ma<\/h3><p>Connu partout dans le monde pour son prestigieux festival du film, <a href=\"https:\/\/cparici.com\/fr\/cannes-guide\/\">Cannes<\/a> est une ville \u00e9l\u00e9gante et pleine de vie. Baladez-vous sur la Croisette, admirez les somptueux yachts, explorez les \u00eeles de L\u00e9rins ou offrez-vous une s\u00e9ance de shopping dans des boutiques de luxe.<\/p><p>Cannes est \u00e9galement un parfait point de d\u00e9part pour visiter l&#8217;arri\u00e8re-pays et d\u00e9couvrir des villages perch\u00e9s tels que Mougins ou Saint-Paul-de-Vence.<\/p><h3>Saint-Tropez, mythe et r\u00e9alit\u00e9<\/h3><p>Embl\u00e8me du glamour et de la dolce vita sur la C\u00f4te d&#8217;Azur, le village de <a href=\"https:\/\/cparici.com\/fr\/saint-tropez\/\">Saint-Tropez<\/a>, autrefois simple port de p\u00eache promu par Brigitte Bardot, est aujourd&#8217;hui un rendez-vous incontournable des c\u00e9l\u00e9brit\u00e9s. Profitez de ses plages \u00e0 perte de vue, de sa gastronomie raffin\u00e9e, de ses clubs exclusifs ou de son march\u00e9 proven\u00e7al. Saint-Tropez conserve cependant son \u00e2me de village authentique avec son vieux port, sa citadelle, la chapelle Sainte-Anne, et ses f\u00eates traditionnelles comme la Bravade.<\/p><h3>Monaco, luxe et splendeurs<\/h3><p>Monaco, cette principaut\u00e9 de renomm\u00e9e mondiale, est une escale de prestige sur la C\u00f4te d&#8217;Azur. Entre mer et montagne, elle d\u00e9voile un patrimoine d&#8217;exception. Visitez le palais princier, le mus\u00e9e oc\u00e9anographique, le jardin exotique et le mythique casino de Monte-Carlo.<\/p><p>Monaco brille aussi par son calendrier d&#8217;\u00e9v\u00e9nements sportifs et culturels, \u00e0 l&#8217;image du Grand Prix de Formule 1, du festival du cirque ou encore du ballet de Monte-Carlo.<\/p><h2><span style=\"font-size: 18pt;\">Les merveilles de l&#8217;arri\u00e8re-pays proven\u00e7al<\/span><\/h2><p>L&#8217;arri\u00e8re-pays proven\u00e7al, tr\u00e9sor cach\u00e9, offre des paysages sublimes, des villages charmants et une richesse culturelle sans pareil. Nous vous invitons \u00e0 d\u00e9couvrir quatre de ses merveilles, qui promettent un voyage exceptionnel \u00e0 travers le temps et l&#8217;espace.<\/p><h3>Gordes, un village perch\u00e9 dans le Luberon<\/h3><p>Gordes figure parmi les plus beaux villages de France, et se distingue comme un joyau de la Provence. Perch\u00e9 sur un \u00e9peron rocheux, il surplombe majestueusement la vall\u00e9e du Luberon. Avec ses maisons de pierre s\u00e8che, ses ruelles \u00e9troites pav\u00e9es, son ch\u00e2teau m\u00e9di\u00e9val et son abbaye de S\u00e9nanque, Gordes est d&#8217;une beaut\u00e9 \u00e0 couper le souffle. Le village a \u00e9galement s\u00e9duit des artistes de renom, tels que Marc Chagall et Victor Vasarely, devenant ainsi un haut lieu de l&#8217;art.<\/p><h3>Le Verdon, un canyon \u00e0 couper le souffle<\/h3><p>Le Verdon, plus grand canyon d&#8217;Europe, offre un spectacle naturel \u00e9poustouflant avec ses falaises vertigineuses, ses eaux d&#8217;une couleur turquoise \u00e9clatante et ses for\u00eats denses. Ce paradis des amateurs de nature et de sports d&#8217;aventure invite \u00e0 la pratique de la randonn\u00e9e, du kayak, du rafting, de l&#8217;escalade et du parapente. Le Verdon est \u00e9galement ponctu\u00e9 de villages pittoresques tels que Moustiers-Sainte-Marie, Castellane et La Palud-sur-Verdon, chacun racontant une histoire unique.<\/p><h3>Aix-en-Provence, ville d&#8217;eau, ville d&#8217;art<\/h3><p><a href=\"https:\/\/cparici.com\/fr\/aix-en-provence-guide\/\">Aix-en-Provence<\/a>, capitale historique de la Provence, est l&#8217;une des destinations les plus \u00e9l\u00e9gantes et culturelles de la r\u00e9gion. R\u00e9put\u00e9e pour ses fontaines rafra\u00eechissantes, ses h\u00f4tels particuliers de prestige, ses march\u00e9s color\u00e9s et ses terrasses accueillantes, Aix-en-Provence est \u00e9galement li\u00e9e \u00e0 Paul C\u00e9zanne, le peintre qui a immortalis\u00e9 la Montagne Sainte-Victoire. Visitez son atelier, le mus\u00e9e Granet et le centre d&#8217;art Caumont pour un aper\u00e7u complet de son h\u00e9ritage. La ville est aussi r\u00e9put\u00e9e pour sa gastronomie d\u00e9licieuse, incluant les fameux calissons, les navettes et la traditionnelle soupe au pistou.<\/p><h3>Les Baux-de-Provence, entre histoire et panoramas exceptionnels<\/h3><p>Les Baux-de-Provence, village m\u00e9di\u00e9val class\u00e9 parmi les plus beaux villages de France, se trouve nich\u00e9 au c\u0153ur des Alpilles et offre des vues \u00e9poustouflantes sur la Provence depuis son plateau rocheux. Charg\u00e9 d&#8217;histoire, le village abrite un ch\u00e2teau fort, une \u00e9glise romane et des vestiges troglodytiques impressionnants. C&#8217;est \u00e9galement un centre culturel vivant, avec les Carri\u00e8res de Lumi\u00e8res qui exposent des \u0153uvres d&#8217;art sur les murs des anciennes carri\u00e8res de pierre, cr\u00e9ant un spectacle visuel inoubliable.<\/p><h2><span style=\"font-size: 18pt;\">Escapades dans les Alpes du Sud<\/span><\/h2><p>Les amoureux de la nature seront conquis par les <a href=\"https:\/\/cparici.com\/fr\/alpes-montagne\/\">Alpes<\/a> du Sud, avec leurs paysages diversifi\u00e9s, m\u00ealant <a href=\"https:\/\/cparici.com\/fr\/lacs-de-france\/\">lacs,<\/a> montagnes, for\u00eats, prairies, villages pittoresques et villes dynamiques. Voici quatre escapades incontournables \u00e0 travers les Alpes du Sud pour d\u00e9couvrir des sites remarquables, s&#8217;adonner \u00e0 des activit\u00e9s ludiques et explorer un patrimoine unique.<\/p><h3>Mercantour, entre lacs et montagnes<\/h3><p>Le <a href=\"https:\/\/cparici.com\/fr\/parcs-nationaux-en-france\/\">parc national<\/a> du Mercantour est un joyau des Alpes-Maritimes et des Alpes-de-Haute-Provence, s&#8217;\u00e9tendant sur six vall\u00e9es. Il se distingue par une biodiversit\u00e9 riche, abritant plus de 2000 esp\u00e8ces v\u00e9g\u00e9tales et 200 esp\u00e8ces animales, comme le loup, le bouquetin, le chamois et l&#8217;aigle royal. Connus pour leurs paysages \u00e0 couper le souffle, les lacs d&#8217;altitude tels que le lac d&#8217;Allos \u2013 le plus grand lac naturel d&#8217;Europe \u00e0 cette altitude \u2013 ou encore le lac de Vens, offrent des vues imprenables entour\u00e9es de cascades et peupl\u00e9es de marmottes. Ne manquez pas non plus la Vall\u00e9e des Merveilles, un site arch\u00e9ologique captivant abritant plus de 40 000 gravures rupestres de l&#8217;\u00e2ge du bronze.<\/p><h3>Serre-Pon\u00e7on, un bijou alpin<\/h3><p><strong>Le lac de Serre-Pon\u00e7on, le plus grand lac artificiel de France<\/strong>, est une merveille n\u00e9e de la construction d&#8217;un barrage sur les rivi\u00e8res Durance et Ubaye. Situ\u00e9 aux confins des Hautes-Alpes et des Alpes-de-Haute-Provence, il fascine par ses eaux d&#8217;un bleu profond, entour\u00e9es de plages, d&#8217;\u00eeles et de montagnes. Paradis des amateurs de sports nautiques, Serre-Pon\u00e7on invite \u00e0 la pratique de la voile, du <a href=\"https:\/\/cparici.com\/fr\/kayak-canoe-kayak\/\">kayak<\/a>, du paddle, du ski nautique et de la p\u00eache. Le lac est aussi ancr\u00e9 dans l&#8217;histoire avec la chapelle Saint-Michel, \u00e9mergeant des eaux comme t\u00e9moin des villages engloutis lors de la cr\u00e9ation du lac.<\/p><h3>Queyras, beaut\u00e9 sauvage<\/h3><p>Le Queyras, au c\u0153ur des Hautes-Alpes, est un massif montagneux c\u00e9l\u00e8bre pour son caract\u00e8re sauvage et pr\u00e9serv\u00e9, faisant partie du <a href=\"https:\/\/cparici.com\/fr\/parcs-naturels-regionaux-en-france\/\">parc naturel r\u00e9gional<\/a> du m\u00eame nom. Avec ses sommets enneig\u00e9s, ses vall\u00e9es verdoyantes, ses for\u00eats de m\u00e9l\u00e8zes et ses alpages fleuris, le Queyras est une ode \u00e0 la nature. Cette r\u00e9gion est un \u00e9crin de traditions, abritant villages typiques, artisans, produits locaux et f\u00eates populaires. Les amateurs d&#8217;activit\u00e9s de plein air, tels que la randonn\u00e9e, le cyclisme, le VTT et l&#8217;\u00e9quitation, y trouveront un vaste terrain de jeu.<\/p><h3>Brian\u00e7on, la ville fortifi\u00e9e \u00e0 d\u00e9couvrir<\/h3><p>Brian\u00e7on, perch\u00e9e \u00e0 1326 m\u00e8tres d&#8217;altitude dans les Hautes-Alpes, se distingue en tant que la ville la plus haute de France. Inscrite au patrimoine mondial de l&#8217;UNESCO, elle est c\u00e9l\u00e8bre pour ses fortifications imagin\u00e9es par Vauban, t\u00e9moignant de sa position strat\u00e9gique. Ville de charme, Brian\u00e7on s\u00e9duit avec ses ruelles pav\u00e9es, ses maisons color\u00e9es, ses fontaines et ses \u00e9glises. Elle est \u00e9galement dynamique, proposant un large \u00e9ventail d&#8217;activit\u00e9s culturelles, sportives et festives, tout en \u00e9tant un havre pour les amoureux de la nature avec son ensoleillement exceptionnel et son environnement montagneux id\u00e9al pour les sports d&#8217;hiver comme d&#8217;\u00e9t\u00e9.<\/p><h2 class=\"\" data-sourcepos=\"1:1-1:49\"><span style=\"font-size: 18pt;\">Les d\u00e9partements de Provence-Alpes-C\u00f4te d&#8217;Azur<\/span><\/h2><p data-sourcepos=\"5:1-5:53\"><strong>La r\u00e9gion PACA est compos\u00e9e de six d\u00e9partements\u00a0<\/strong><\/p><ul data-sourcepos=\"7:1-7:27\"><li data-sourcepos=\"7:1-7:27\"><strong><a href=\"https:\/\/cparici.com\/fr\/alpes-de-haute-provence\/\">Alpes-de-Haute-Provence<\/a> (04)<\/strong> : Ce d\u00e9partement est caract\u00e9ris\u00e9 par ses montagnes, ses villages perch\u00e9s et ses vastes espaces naturels.<br \/><div class=\"attachment-container search-images\"><div class=\"image-container hide-from-message-actions ng-star-inserted\"><div class=\"caption ellipsis gmat-caption ng-star-inserted\" aria-hidden=\"true\">\u00a0<\/div><\/div><\/div><\/li><li data-sourcepos=\"8:1-8:201\"><strong>Hautes-Alpes (05)<\/strong> : Situ\u00e9 en grande partie dans les Alpes, ce d\u00e9partement offre des paysages alpins spectaculaires, id\u00e9aux pour les sports d&#8217;hiver et la randonn\u00e9e.<br \/><div class=\"attachment-container search-images\"><div class=\"image-container hide-from-message-actions ng-star-inserted\"><div class=\"caption ellipsis gmat-caption ng-star-inserted\" aria-hidden=\"true\">\u00a0<\/div><\/div><\/div><\/li><li data-sourcepos=\"9:1-9:204\"><strong><a href=\"https:\/\/cparici.com\/fr\/alpes-maritimes\/\">Alpes-Maritimes<\/a> (06)<\/strong> : C\u00e9l\u00e8bre pour sa C\u00f4te d&#8217;Azur, ce d\u00e9partement abrite des villes cosmopolites comme Nice et Cannes, ainsi que des stations baln\u00e9aires r\u00e9put\u00e9es.<br \/><div class=\"attachment-container search-images\"><div class=\"image-container hide-from-message-actions ng-star-inserted\"><div class=\"caption ellipsis gmat-caption ng-star-inserted\" aria-hidden=\"true\">\u00a0<\/div><\/div><\/div><\/li><li data-sourcepos=\"10:1-10:48\"><strong><a href=\"https:\/\/cparici.com\/fr\/bouches-du-rhone\/\">Bouches-du-Rh\u00f4ne<\/a> (13)<\/strong> : Ce d\u00e9partement est le plus peupl\u00e9 de la r\u00e9gion et comprend la ville de Marseille, son chef-lieu, ainsi que la Camargue.<br \/><div class=\"attachment-container search-images\"><div class=\"image-container hide-from-message-actions ng-star-inserted\"><div class=\"caption ellipsis gmat-caption ng-star-inserted\" aria-hidden=\"true\">\u00a0<\/div><\/div><\/div><\/li><li data-sourcepos=\"11:1-11:175\"><strong><a href=\"https:\/\/cparici.com\/fr\/var-departement\/\">Var<\/a> (83)<\/strong> : Le Var est connu pour ses plages, ses for\u00eats et ses ports de plaisance. Toulon et Saint-Tropez sont parmi ses villes les plus c\u00e9l\u00e8bres.<br \/><div class=\"attachment-container search-images\"><div class=\"image-container hide-from-message-actions ng-star-inserted\"><div class=\"caption ellipsis gmat-caption ng-star-inserted\" aria-hidden=\"true\">\u00a0<\/div><\/div><\/div><\/li><li data-sourcepos=\"12:1-12:156\"><strong><a href=\"https:\/\/cparici.com\/fr\/vaucluse\/\">Vaucluse<\/a> (84)<\/strong> : Ce d\u00e9partement est situ\u00e9 \u00e0 l&#8217;int\u00e9rieur des terres et est c\u00e9l\u00e8bre pour ses villages perch\u00e9s, ses champs de lavande et le Mont Ventoux.<br \/><div class=\"attachment-container search-images\"><div class=\"image-container hide-from-message-actions ng-star-inserted\"><div class=\"caption ellipsis gmat-caption ng-star-inserted\" aria-hidden=\"true\">\u00a0<\/div><\/div><\/div><\/li><\/ul><div class=\"attachment-container search-images\"><div class=\"image-container hide-from-message-actions ng-star-inserted\">\u00a0<\/div><\/div><h2><span style=\"font-size: 18pt;\">Provence Alpes C\u00f4te d&#8217;Azur &#8211; Conclusion<\/span><\/h2><p>Si vous \u00eates tent\u00e9 par l&#8217;exploration de la r\u00e9gion Provence-Alpes-C\u00f4te d&#8217;Azur, s<a href=\"https:\/\/provence-alpes-cotedazur.com\/\" target=\"_blank\" rel=\"noopener\">es magnifiques paysages<\/a>, sa riche culture, sa d\u00e9licieuse gastronomie et ses divertissantes activit\u00e9s, vous faites un excellent choix. Cette r\u00e9gion est c\u00e9l\u00e8bre pour sa remarquable diversit\u00e9 et sa beaut\u00e9 envo\u00fbtante. Que votre coeur penche pour la splendeur de la mer ou le charme de la montagne, l&#8217;effervescence de la ville ou la tranquillit\u00e9 de la campagne, l&#8217;histoire fascinante ou les \u0153uvres d&#8217;art, vous d\u00e9couvrirez \u00e0 coup s\u00fbr ce qui comblera vos d\u00e9sirs dans cette mosa\u00efque de territoires.<\/p><p>Ne tardez plus, et planifiez sans attendre votre escapade dans la Provence-Alpes-C\u00f4te d&#8217;Azur. Une exp\u00e9rience inoubliable vous attend !<\/p><h2><span style=\"font-size: 18pt;\">FAQ<\/span><\/h2><h3>Quels sont les d\u00e9partements qui composent la r\u00e9gion Provence-Alpes-C\u00f4te d&#8217;Azur ?<\/h3><p>La r\u00e9gion Provence-Alpes-C\u00f4te d&#8217;Azur est compos\u00e9e de six d\u00e9partements : les Alpes-de-Haute-Provence (04), les Hautes-Alpes (05), les Alpes-Maritimes (06), les Bouches-du-Rh\u00f4ne (13), le Var (83) et le Vaucluse (84). Ces d\u00e9partements refl\u00e8tent l&#8217;h\u00e9ritage des anciennes provinces de Provence, de Nice, du Comtat Venaissin, et d&#8217;une part du Dauphin\u00e9.<\/p><h3>Qui fait partie de la C\u00f4te d&#8217;Azur ?<\/h3><p>La C\u00f4te d&#8217;Azur, secteur prestigieux du littoral m\u00e9diterran\u00e9en fran\u00e7ais, englobe la principaut\u00e9 de Monaco ainsi que les d\u00e9partements des Alpes-Maritimes, du Var et cette partie des Bouches-du-Rh\u00f4ne. Bien que les limites pr\u00e9cises de la C\u00f4te d&#8217;Azur varient selon les interpr\u00e9tations, elle couvre g\u00e9n\u00e9ralement la zone s&#8217;\u00e9tendant de Cassis, Toulon, Hy\u00e8res ou Saint-Tropez \u00e0 l&#8217;ouest jusqu&#8217;\u00e0 Menton \u00e0 l&#8217;est, \u00e0 la limite avec l&#8217;Italie.<\/p><h3>Quel d\u00e9partement ne se trouve pas dans la r\u00e9gion PACA ?<\/h3><p>La Dr\u00f4me est le d\u00e9partement qui n&#8217;est pas inclus dans la r\u00e9gion PACA, bien qu&#8217;il fasse partie de la Provence historique. Il est rattach\u00e9 \u00e0 la r\u00e9gion Auvergne-Rh\u00f4ne-Alpes.<\/p><h3>Comment s&#8217;appelle la r\u00e9gion PACA ?<\/h3><p>Officiellement nomm\u00e9e Provence-Alpes-C\u00f4te d&#8217;Azur, la r\u00e9gion est aussi d\u00e9sign\u00e9e par le nom de R\u00e9gion Sud &#8211; Provence-Alpes-C\u00f4te d&#8217;Azur dans les communications du conseil r\u00e9gional depuis 2018.<\/p>\t\t\t\t\t\t\t\t<\/div>\n\t\t\t\t\t<\/div>\n\t\t\t\t<\/div>\n\t\t<div class=\"elementor-element elementor-element-1c79452 e-flex e-con-boxed e-con e-parent\" data-id=\"1c79452\" data-element_type=\"container\" data-e-type=\"container\">\n\t\t\t\t\t<div class=\"e-con-inner\">\n\t\t\t\t<div class=\"elementor-element elementor-element-3421d77 elementor-widget elementor-widget-wp-widget-rss\" data-id=\"3421d77\" data-element_type=\"widget\" data-e-type=\"widget\" data-widget_type=\"wp-widget-rss.default\">\n\t\t\t\t<div class=\"elementor-widget-container\">\n\t\t\t\t\t<h5><a class=\"rsswidget rss-widget-feed\" href=\"https:\/\/www.maregionsud.fr\/agendas\/flux.rss\" target=\"_blank\" rel=\"noopener\"><img decoding=\"async\" class=\"rss-widget-icon\" style=\"border:0\" width=\"14\" height=\"14\" src=\"https:\/\/cparici.com\/wp-includes\/images\/rss.png\" alt=\"Flux\" \/><\/a> <a class=\"rsswidget rss-widget-title\" href=\"https:\/\/www.maregionsud.fr\/\" target=\"_blank\" rel=\"noopener\">Actualit\u00e9s Provence Alpes C\u00f4te d&#8217;Azur<\/a><\/h5><ul><li><a class=\"rsswidget\" href=\"https:\/\/www.maregionsud.fr\/agendas\/detail\/les-rencontres-economiques-daix\" target=\"_blank\" rel=\"noopener\">Les Rencontres Economiques d&#039;Aix<\/a> <span class=\"rss-date\">27 avril 2026<\/span><div class=\"rssSummary\">Depuis plus de 25 ans, les Rencontres \u00c9conomiques d\u2019Aix irriguent la pens\u00e9e nationale et internationale, en donnant toute sa place au dialogue entre d\u00e9cideurs, chercheurs, \u00e9tudiants, syndicalistes, entrepreneurs et citoyens. Aix-en-Provence, cette ville de lumi\u00e8re et d\u2019exigence, reste fid\u00e8le \u00e0 son esprit : accueillir la contradiction, refuser les postures, et chercher des r\u00e9ponses communes face [&hellip;]<\/div><\/li><li><a class=\"rsswidget\" href=\"https:\/\/www.maregionsud.fr\/agendas\/detail\/le-joli-mois-de-leurope\" target=\"_blank\" rel=\"noopener\">Le Joli mois de l&#039;Europe<\/a> <span class=\"rss-date\">20 avril 2026<\/span><div class=\"rssSummary\">Le Joli mois de l&#039;Europe, c&#039;est l&#039;occasion de c\u00e9l\u00e9brer l&#039;Europe \u00e0 travers des initiatives et des \u00e9v\u00e9nements organis\u00e9s partout en France et en Europe durant le mois de mai. Associations, entreprises, \u00e9tablissements scolaires, porteurs de projet\u2026 Vous aussi, f\u00eatez l&#039;Europe en r\u00e9gion Sud !<\/div><\/li><li><a class=\"rsswidget\" href=\"https:\/\/www.maregionsud.fr\/agendas\/detail\/bouquet-detoiles\" target=\"_blank\" rel=\"noopener\">Bouquet d\u2019\u00e9toiles<\/a> <span class=\"rss-date\">20 avril 2026<\/span><div class=\"rssSummary\">Dans la vall\u00e9e de l\u2019Ubaye, les fa\u00e7ades alpines aux accents mexicains t\u00e9moignent des d\u00e9parts vers l\u2019Am\u00e9rique latine au XIX\u1d49 si\u00e8cle et des influences rapport\u00e9es par ceux qui en sont revenus. En 2026, le Centre d\u2019art de Jausiers prolonge cette m\u00e9moire \u00e0 travers une exposition m\u00ealant \u0153uvres de la collection du Frac Sud et cr\u00e9ations d\u2019artistes [&hellip;]<\/div><\/li><li><a class=\"rsswidget\" href=\"https:\/\/www.maregionsud.fr\/agendas\/detail\/les-chefs-a-saint-tropez-fetent-les-producteurs\" target=\"_blank\" rel=\"noopener\">Les Chefs \u00e0 Saint-Tropez f\u00eatent les Producteurs<\/a> <span class=\"rss-date\">14 avril 2026<\/span><div class=\"rssSummary\">Depuis 2020, l\u2019\u00e9v\u00e9nement Les Chefs \u00e0 Saint-Tropez met \u00e0 l\u2019honneur le terroir local et celles et ceux qui le font vivre. Producteurs, artisans et chefs s\u2019y retrouvent pour proposer une autre fa\u00e7on de d\u00e9couvrir cette destination mythique, plus ancr\u00e9e dans l\u2019authenticit\u00e9, les savoir-faire r\u00e9gionaux et la gastronomie. Nous vous y donnons rendez-vous du 2 au [&hellip;]<\/div><\/li><li><a class=\"rsswidget\" href=\"https:\/\/www.maregionsud.fr\/agendas\/detail\/canneseries\" target=\"_blank\" rel=\"noopener\">Canneseries<\/a> <span class=\"rss-date\">13 avril 2026<\/span><div class=\"rssSummary\">Du 23 au 28 avril, la Croisette passe en mode binge-watching : Canneseries fait son grand retour pour une neuvi\u00e8me \u00e9dition tr\u00e8s attendue. Bonne nouvelle : la billetterie est ouverte, ne tardez pas pour r\u00e9server votre place !<\/div><\/li><\/ul>\t\t\t\t<\/div>\n\t\t\t\t<\/div>\n\t\t\t\t\t<\/div>\n\t\t\t\t<\/div>\n\t\t\t\t<\/div>\n\t\t","protected":false},"excerpt":{"rendered":"<p>La r\u00e9gion Provence alpes c\u00f4te d&#8217;azur vous r\u00e9serve de belles surprises. Du Luberon \u00e0 la C\u00f4te d&#8217;Azur, en passant par les Alpes, suivez notre guide des lieux \u00e0 ne pas manquer !<\/p>\n","protected":false},"author":1,"featured_media":37488,"comment_status":"closed","ping_status":"open","sticky":false,"template":"elementor_header_footer","format":"standard","meta":{"ngg_post_thumbnail":0,"footnotes":""},"categories":[995,477,116,2562],"tags":[909],"class_list":["post-37487","post","type-post","status-publish","format-standard","has-post-thumbnail","hentry","category-provence-alpes-cote-dazur","category-france","category-non-classifiee","category-region-de-france","tag-region"],"_links":{"self":[{"href":"https:\/\/cparici.com\/fr\/wp-json\/wp\/v2\/posts\/37487","targetHints":{"allow":["GET"]}}],"collection":[{"href":"https:\/\/cparici.com\/fr\/wp-json\/wp\/v2\/posts"}],"about":[{"href":"https:\/\/cparici.com\/fr\/wp-json\/wp\/v2\/types\/post"}],"author":[{"embeddable":true,"href":"https:\/\/cparici.com\/fr\/wp-json\/wp\/v2\/users\/1"}],"replies":[{"embeddable":true,"href":"https:\/\/cparici.com\/fr\/wp-json\/wp\/v2\/comments?post=37487"}],"version-history":[{"count":0,"href":"https:\/\/cparici.com\/fr\/wp-json\/wp\/v2\/posts\/37487\/revisions"}],"wp:featuredmedia":[{"embeddable":true,"href":"https:\/\/cparici.com\/fr\/wp-json\/wp\/v2\/media\/37488"}],"wp:attachment":[{"href":"https:\/\/cparici.com\/fr\/wp-json\/wp\/v2\/media?parent=37487"}],"wp:term":[{"taxonomy":"category","embeddable":true,"href":"https:\/\/cparici.com\/fr\/wp-json\/wp\/v2\/categories?post=37487"},{"taxonomy":"post_tag","embeddable":true,"href":"https:\/\/cparici.com\/fr\/wp-json\/wp\/v2\/tags?post=37487"}],"curies":[{"name":"wp","href":"https:\/\/api.w.org\/{rel}","templated":true}]}}