{"id":38221,"date":"2024-06-27T13:27:20","date_gmt":"2024-06-27T11:27:20","guid":{"rendered":"https:\/\/cparici.com\/?p=38221"},"modified":"2026-01-26T08:47:54","modified_gmt":"2026-01-26T07:47:54","slug":"la-mayenne-departement","status":"publish","type":"post","link":"https:\/\/cparici.com\/fr\/la-mayenne-departement\/","title":{"rendered":"La Mayenne &#8211; d\u00e9couvrez les secrets de son patrimoine"},"content":{"rendered":"\t\t<div data-elementor-type=\"wp-post\" data-elementor-id=\"38221\" class=\"elementor elementor-38221\" data-elementor-post-type=\"post\">\n\t\t\t\t<div class=\"elementor-element elementor-element-f514e77 e-con-full e-flex e-con e-parent\" data-id=\"f514e77\" data-element_type=\"container\" data-e-type=\"container\">\n\t\t\t\t<div class=\"elementor-element elementor-element-fcc7287 elementor-widget elementor-widget-image\" data-id=\"fcc7287\" data-element_type=\"widget\" data-e-type=\"widget\" data-widget_type=\"image.default\">\n\t\t\t\t\t\t\t\t\t\t\t\t\t\t\t<img decoding=\"async\" width=\"1500\" height=\"565\" src=\"https:\/\/cparici.com\/wp-content\/uploads\/2024\/06\/la-mayenne.jpg\" class=\"attachment-full size-full wp-image-38222\" alt=\"la mayenne\" srcset=\"https:\/\/cparici.com\/wp-content\/uploads\/2024\/06\/la-mayenne.jpg 1500w, https:\/\/cparici.com\/wp-content\/uploads\/2024\/06\/la-mayenne-600x226.jpg 600w, https:\/\/cparici.com\/wp-content\/uploads\/2024\/06\/la-mayenne-300x113.jpg 300w, https:\/\/cparici.com\/wp-content\/uploads\/2024\/06\/la-mayenne-1024x386.jpg 1024w, https:\/\/cparici.com\/wp-content\/uploads\/2024\/06\/la-mayenne-768x289.jpg 768w\" sizes=\"(max-width: 1500px) 100vw, 1500px\" \/>\t\t\t\t\t\t\t\t\t\t\t\t\t\t\t<\/div>\n\t\t\t\t<\/div>\n\t\t<div class=\"elementor-element elementor-element-a66e427 e-flex e-con-boxed e-con e-parent\" data-id=\"a66e427\" data-element_type=\"container\" data-e-type=\"container\">\n\t\t\t\t\t<div class=\"e-con-inner\">\n\t\t\t\t<div class=\"elementor-element elementor-element-d8cd240 elementor-widget elementor-widget-global elementor-global-62046 elementor-widget-eael-advanced-search\" data-id=\"d8cd240\" data-element_type=\"widget\" data-e-type=\"widget\" data-widget_type=\"eael-advanced-search.default\">\n\t\t\t\t\t        <div class=\"eael-adv-search-wrapper\">\n            <div id=\"eael-advanced-search-widget-d8cd240\" class=\"eael-advanced-search-widget\">\n                <form data-settings=\"{&quot;post_per_page&quot;:5,&quot;search_among_taxonomies&quot;:&quot;&quot;,&quot;search_among_sku&quot;:&quot;no&quot;,&quot;show_popular_keyword&quot;:0,&quot;show_category&quot;:0,&quot;show_content_image&quot;:1,&quot;show_search_result_all_results&quot;:0,&quot;result_on_new_tab&quot;:&quot;no&quot;,&quot;show_product_price&quot;:&quot;no&quot;,&quot;include_current_page&quot;:&quot;no&quot;,&quot;current_post_id&quot;:38221,&quot;post_type&quot;:[&quot;post&quot;,&quot;listing&quot;]}\" method=\"POST\" name=\"eael-advanced-search-form-d8cd240\" class=\"eael-advanced-search-form eael-advanced-search-form-style-2\">\n                    <div class=\"eael-advanced-search-wrap\">\n                        <span class=\"eael-adv-search-loader\"><\/span>\n                        <span class=\"eael-adv-search-close\"><i class=\"fas fa-times\"><\/i><\/span>\n                        <span class=\"icon \"><i class=\"fas fa-search\"><\/i><\/span>\n\n                        <input type=\"text\"\n                               placeholder=\"Votre destination\"\n                               class=\"eael-advanced-search\" autocomplete=\"off\" name=\"eael_advanced_search\">\n                    <\/div>\n\t\t\t\t\t                                    <\/form>\n\n\t\t\t\t\n\t\t\t\t        <div class=\"eael-advanced-search-result\">\n            <div class=\"eael-advanced-search-popular-keyword\">\n\t\t\t\t<h4 class=\"eael-advanced-search-popular-keyword-text\">Recherches populaires<\/h4>                <div class=\"eael-popular-keyword-content\"><\/div>\n            <\/div>\n            <div class=\"eael-advanced-search-category\">\n\t\t\t\t<h4 class=\"eael-advanced-search-category-text\">Categories<\/h4>                <div class=\"eael-popular-category-content\"><\/div>\n            <\/div>\n\t\t\t<div class=\"eael-advanced-search-total-results-section\">\n\t\t\t\t\t\t\t<\/div>\n            <div class=\"eael-advanced-search-content eael-item-style-3\">\n            <\/div>\n            <div class=\"eael-advanced-search-not-found\">\n                <p>Pas de r\u00e9sultats<\/p><\/div>\n            <div class=\"eael-advanced-search-load-more\">\n\t\t\t\t<a \tclass=\"eael-advanced-search-load-more-button\"\n                \thref=\"#\">Voir tous les r\u00e9sultats<\/a>\n            <\/div>\n        <\/div>\n\n\t\t            <\/div>\n        <\/div>\n\n\t\t\t\t\t\t<\/div>\n\t\t\t\t\t<\/div>\n\t\t\t\t<\/div>\n\t\t<div class=\"elementor-element elementor-element-268df8da e-flex e-con-boxed e-con e-parent\" data-id=\"268df8da\" data-element_type=\"container\" data-e-type=\"container\">\n\t\t\t\t\t<div class=\"e-con-inner\">\n\t\t\t\t<div class=\"elementor-element elementor-element-14bc3701 elementor-widget elementor-widget-text-editor\" data-id=\"14bc3701\" data-element_type=\"widget\" data-e-type=\"widget\" data-widget_type=\"text-editor.default\">\n\t\t\t\t\t\t\t\t\t<h1 style=\"text-align: center;\"><span style=\"font-size: 18pt;\">La Mayenne<\/span><\/h1><h2><span style=\"font-size: 14pt;\">La Mayenne : d\u00e9couvrez les secrets de son patrimoine et de son tourisme<\/span><\/h2><p><strong>Situ\u00e9e dans la r\u00e9gion des <a href=\"https:\/\/cparici.com\/fr\/pays-de-la-loire\/\">Pays de la Loire<\/a>, au nord-ouest de la France, la Mayenne est un d\u00e9partement charmant<\/strong>, nomm\u00e9 d\u2019apr\u00e8s la rivi\u00e8re qui le parcourt du nord au sud. Ce territoire offre un cadre de vie remarquable qui marie harmonieusement nature intacte, richesse historique et gastronomie exquise.<\/p><p>Cet article vous convie \u00e0 une exploration des tr\u00e9sors de la Mayenne, entre d\u00e9couverte de sites historiques fascinants, immersion dans des paysages verdoyants, d\u00e9gustation de sp\u00e9cialit\u00e9s culinaires locales et participation \u00e0 des activit\u00e9s de loisirs vari\u00e9es. Que vous soyez en qu\u00eate d\u2019une escapade culturelle, d\u2019aventures sportives, de vacances en famille ou d\u2019un moment romantique, la Mayenne promet des exp\u00e9riences captivantes qui sauront vous charmer et vous \u00e9tonner.<\/p>\t\t\t\t\t\t\t\t<\/div>\n\t\t\t\t\t<\/div>\n\t\t\t\t<\/div>\n\t\t<aside class=\"elementor-element elementor-element-1b2d0e19 e-flex e-con-boxed e-con e-parent\" data-id=\"1b2d0e19\" data-element_type=\"container\" data-e-type=\"container\" data-settings=\"{&quot;background_background&quot;:&quot;classic&quot;}\">\n\t\t\t\t\t<div class=\"e-con-inner\">\n\t\t\t\t<div class=\"elementor-element elementor-element-5cd76bd5 elementor-widget elementor-widget-spacer\" data-id=\"5cd76bd5\" data-element_type=\"widget\" data-e-type=\"widget\" data-widget_type=\"spacer.default\">\n\t\t\t\t\t\t\t<div class=\"elementor-spacer\">\n\t\t\t<div class=\"elementor-spacer-inner\"><\/div>\n\t\t<\/div>\n\t\t\t\t\t\t<\/div>\n\t\t\t\t<div class=\"elementor-element elementor-element-23292255 elementor-widget elementor-widget-heading\" data-id=\"23292255\" data-element_type=\"widget\" data-e-type=\"widget\" data-widget_type=\"heading.default\">\n\t\t\t\t\t<h2 class=\"elementor-heading-title elementor-size-default\">H\u00e9bergements de Vacances Mayenne en direct<\/h2>\t\t\t\t<\/div>\n\t\t\t\t<div class=\"elementor-element elementor-element-d96fd5c elementor-widget elementor-widget-listeo-listings-carousel\" data-id=\"d96fd5c\" data-element_type=\"widget\" data-e-type=\"widget\" data-widget_type=\"listeo-listings-carousel.default\">\n\t\t\t\t<div class=\"elementor-widget-container\">\n\t\t\t\t\t        <!-- Carousel \/ Start -->\n        \t<div class=\"simple-slick-carousel dots-nav\" data-slick='{&quot;autoplay&quot;:true,&quot;autoplaySpeed&quot;:3000,&quot;slidesToShow&quot;:3,&quot;slidesToScroll&quot;:1,&quot;responsive&quot;:[{&quot;breakpoint&quot;:1024,&quot;settings&quot;:{&quot;slidesToShow&quot;:2,&quot;slidesToScroll&quot;:1}},{&quot;breakpoint&quot;:768,&quot;settings&quot;:{&quot;slidesToShow&quot;:1,&quot;slidesToScroll&quot;:1}}]}'>\n                            <div class=\"fw-carousel-item\">                    \n                        <!-- Listing Item -->\r\n            <div class=\"col-lg-6 col-md-12\">\r\n                <a href=\"https:\/\/cparici.com\/fr\/annonce\/la-cabane-du-bon-chemin-et-spa\/\" class=\"listing-item-container listing-geo-data compact\" data-title=\"La cabane du bon chemin et spa\" data-listing-type=\"rental\" data-classifieds-price=\"\u20ac\" data-friendly-address=\"42 rue jean mac\u00e9 53000 Laval\" data-address=\"42 rue jean mac\u00e9 53000 Laval\" data-image=\"https:\/\/cparici.com\/wp-content\/uploads\/2026\/01\/cabane-1-520x397.jpg\" data-longitude=\"-0.7760287\" data-latitude=\"48.076059\" data-rating=\"4.8\" data-reviews=\"25\" data-icon=\"<svg xmlns=&quot;http:\/\/www.w3.org\/2000\/svg&quot; width=&quot;800px&quot; height=&quot;800px&quot; viewBox=&quot;0 0 45 45&quot; fill=&quot;none&quot;>\n<path d=&quot;M24.155 8.78099L24.33 8.94499L37.402 21.787L36 23.213L34.2 21.445L34.201 35C34.201 36.054 33.385 36.918 32.35 36.994L32.201 37H12.201C11.147 37 10.283 36.184 10.206 35.149L10.201 35L10.2 21.446L8.402 23.213L7 21.787L20.058 8.95799C21.171 7.82199 22.966 7.75899 24.155 8.78099ZM21.569 10.285L21.473 10.372L12.2 19.481L12.201 35L17.2 34.999L17.201 25C17.201 23.946 18.017 23.082 19.052 23.005L19.201 23H25.201C26.255 23 27.119 23.816 27.196 24.851L27.201 25L27.2 34.999L32.201 35L32.2 19.48L22.901 10.344C22.537 9.98699 21.969 9.96499 21.569 10.285ZM25.201 25H19.201L19.2 34.999H25.2L25.201 25Z&quot; fill=&quot;#3C3C3C&quot;\/>\n<\/svg>\">\r\n            <div class=\"listing-item  \">\r\n                <div class=\"listing-small-badges-container\">\r\n                                                                <div class=\"listing-small-badge pricing-badge\"><i class=\"fa fa-tag\"><\/i>95,00\u20ac - 150,00\u20ac<\/div>\r\n                                                            \r\n                                        \r\n                                        \r\n                <\/div>\r\n                <img decoding=\"async\" src=\"https:\/\/cparici.com\/wp-content\/uploads\/2026\/01\/cabane-1-520x397.jpg\" alt=\"La cabane du bon chemin et spa\" class=\"listing-thumbnail\">\r\n                \r\n\r\n                <div class=\"listing-item-content\">\r\n                                                <div class=\"numerical-rating\" data-rating=\"4.8\"><\/div>\r\n                    \r\n                    <h3> La cabane du bon chemin et spa <\/h3>\r\n                    <span>42 rue jean mac\u00e9 53000 Laval<\/span>\r\n                <\/div>\r\n                                        <span class=\"save like-icon tooltip left\" title=\"Connexion pour marquer des \u00e9l\u00e9ments\"><\/span>\r\n                                                <\/div>\r\n        <\/a>\r\n                    <\/div>\r\n        \r\n\r\n        <!-- Listing Item \/ End -->\n                    <\/div>\n                          <\/div>\n        \t\t\t\t<\/div>\n\t\t\t\t<\/div>\n\t\t\t\t\t<\/div>\n\t\t\t\t<\/aside>\n\t\t<div class=\"elementor-element elementor-element-b8bffa9 e-flex e-con-boxed e-con e-parent\" data-id=\"b8bffa9\" data-element_type=\"container\" data-e-type=\"container\">\n\t\t\t\t\t<div class=\"e-con-inner\">\n\t\t\t\t<div class=\"elementor-element elementor-element-5799736 elementor-widget elementor-widget-text-editor\" data-id=\"5799736\" data-element_type=\"widget\" data-e-type=\"widget\" data-widget_type=\"text-editor.default\">\n\t\t\t\t\t\t\t\t\t<h2><span style=\"font-size: 14pt;\">Un voyage dans le temps \u00e0 travers le patrimoine historique de la Mayenne<\/span><\/h2><p>La Mayenne, riche en t\u00e9moignages de son histoire, du Moyen \u00c2ge \u00e0 nos jours, abrite ch\u00e2teaux, \u00e9glises, moulins et lavoirs refl\u00e9tant les luttes, croyances et traditions de ses r\u00e9sidents. Explorez ce patrimoine remarquable, source de fiert\u00e9 pour les habitants de la Mayenne.<\/p><h3>Ch\u00e2teaux et forteresses : sentinelles de l\u2019histoire<\/h3><p>Avec plus de 200 ch\u00e2teaux et forteresses, la Mayenne pr\u00e9sente un panorama strat\u00e9gique des conflits historiques de France. D\u00e9couvrez le ch\u00e2teau de Sainte-Suzanne, imp\u00e9n\u00e9trable face \u00e0 Guillaume le Conqu\u00e9rant, le ch\u00e2teau de Laval, foyer de la famille de Laval, le mus\u00e9e m\u00e9di\u00e9val au sein du ch\u00e2teau de Mayenne, et le ch\u00e2teau de Montesson, qui a accueilli le g\u00e9n\u00e9ral de Gaulle en 1944. Ces sites historiques, accessibles au public, animent la vie culturelle locale toute l\u2019ann\u00e9e.<\/p><h3>De l\u2019art roman au gothique : les joyaux architecturaux de la Mayenne<\/h3><p>Le d\u00e9partement se distingue aussi par son pr\u00e9cieux patrimoine religieux, t\u00e9moin de la diversit\u00e9 architecturale et de la ferveur spirituelle des \u00e9poques ant\u00e9rieures. Admirez des chefs-d\u2019\u0153uvre romans tels que l\u2019\u00e9glise Notre-Dame d\u2019Ambri\u00e8res-les-Vall\u00e9es, l\u2019\u00e9glise Saint-Victeur de Bazougers, le prieur\u00e9 des Bonshommes \u00e0 Ballots, ainsi que des joyaux gothiques comme la basilique Notre-Dame d\u2019Avesni\u00e8res \u00e0 Laval, l\u2019\u00e9glise Saint-Martin de Ch\u00e2teau-Gontier ou la cath\u00e9drale de la Sainte-Trinit\u00e9 \u00e0 Laval. Ces \u00e9difices sont orn\u00e9s de vitraux, sculptures, peintures et mobilier d\u2019exception.<\/p><h3>Le patrimoine rural : les moulins, lavoirs et autres h\u00e9ritages du monde paysan<\/h3><p>La Mayenne, terre rurale, conserve pr\u00e9cieusement son h\u00e9ritage agricole et artisanal. Moulins \u00e0 eau ou \u00e0 vent, lavoirs, fours \u00e0 pain, et fermes tracent un portrait vivant des traditions agricoles et artisanales. Restaur\u00e9s et mis en valeur par des associations locales, ces \u00e9l\u00e9ments du patrimoine organisent visites et animations p\u00e9dagogiques, rappelant la vie rurale d\u2019antan.<\/p><h2 data-start=\"239\" data-end=\"287\">Villes et sites incontournables de la Mayenne<\/h2><p data-start=\"289\" data-end=\"658\"><strong data-start=\"289\" data-end=\"303\">La Mayenne<\/strong> est un d\u00e9partement rural du nord-ouest de la France, situ\u00e9 en r\u00e9gion Pays de la Loire. Connue pour ses paysages vallonn\u00e9s, ses rivi\u00e8res paisibles et son riche patrimoine m\u00e9di\u00e9val, la Mayenne s\u00e9duit les voyageurs en qu\u00eate d\u2019authenticit\u00e9. Ce territoire discret offre une vari\u00e9t\u00e9 de <strong data-start=\"584\" data-end=\"605\">villes charmantes<\/strong> et de <strong data-start=\"612\" data-end=\"634\">sites touristiques<\/strong> qui m\u00e9ritent le d\u00e9tour.<\/p><h3 data-start=\"665\" data-end=\"719\">Laval : c\u0153ur culturel et patrimonial de la Mayenne<\/h3><p data-start=\"721\" data-end=\"1074\"><a href=\"https:\/\/cparici.com\/laval\/\"><strong data-start=\"721\" data-end=\"730\">Laval<\/strong> est la pr\u00e9fecture du d\u00e9partement<\/a> et une ville d\u2019<strong data-start=\"779\" data-end=\"800\">art et d\u2019histoire<\/strong>. Elle est travers\u00e9e par la rivi\u00e8re <strong data-start=\"836\" data-end=\"847\">Mayenne<\/strong>, qui offre un cadre pittoresque aux maisons \u00e0 colombages et aux ruelles anciennes du centre-ville. Le <strong data-start=\"950\" data-end=\"970\">ch\u00e2teau de Laval<\/strong>, b\u00e2ti au XIe si\u00e8cle, abrite aujourd\u2019hui le <strong data-start=\"1014\" data-end=\"1055\">mus\u00e9e d\u2019Art na\u00eff et d\u2019Arts singuliers<\/strong>, unique en France.<\/p><p data-start=\"721\" data-end=\"1074\"><a href=\"https:\/\/cparici.com\/wp-content\/uploads\/2026\/01\/Laval-1.jpg\"><img decoding=\"async\" class=\"aligncenter wp-image-75910 size-full\" src=\"https:\/\/cparici.com\/wp-content\/uploads\/2026\/01\/Laval-1.jpg\" alt=\"La Mayenne, la ville de Laval\" width=\"1500\" height=\"530\" srcset=\"https:\/\/cparici.com\/wp-content\/uploads\/2026\/01\/Laval-1.jpg 1500w, https:\/\/cparici.com\/wp-content\/uploads\/2026\/01\/Laval-1-300x106.jpg 300w, https:\/\/cparici.com\/wp-content\/uploads\/2026\/01\/Laval-1-1024x362.jpg 1024w, https:\/\/cparici.com\/wp-content\/uploads\/2026\/01\/Laval-1-768x271.jpg 768w, https:\/\/cparici.com\/wp-content\/uploads\/2026\/01\/Laval-1-18x6.jpg 18w, https:\/\/cparici.com\/wp-content\/uploads\/2026\/01\/Laval-1-590x208.jpg 590w, https:\/\/cparici.com\/wp-content\/uploads\/2026\/01\/Laval-1-1200x424.jpg 1200w, https:\/\/cparici.com\/wp-content\/uploads\/2026\/01\/Laval-1-577x204.jpg 577w, https:\/\/cparici.com\/wp-content\/uploads\/2026\/01\/Laval-1-600x212.jpg 600w\" sizes=\"(max-width: 1500px) 100vw, 1500px\" \/><\/a><\/p><p data-start=\"1076\" data-end=\"1370\">La ville est \u00e9galement reconnue pour son <strong data-start=\"1117\" data-end=\"1145\">technop\u00f4le Laval Virtual<\/strong>, leader mondial dans les <strong data-start=\"1171\" data-end=\"1208\">r\u00e9alit\u00e9s virtuelles et augment\u00e9es<\/strong>, attirant chaque ann\u00e9e plus de 18 000 visiteurs professionnels. Laval s\u00e9duit donc \u00e0 la fois les amateurs de patrimoine et les curieux de technologies futuristes.<\/p><h3 data-start=\"1377\" data-end=\"1425\">Mayenne : ville m\u00e9di\u00e9vale au charme pr\u00e9serv\u00e9<\/h3><p data-start=\"1427\" data-end=\"1693\">Situ\u00e9e au nord du d\u00e9partement, la ville de <strong data-start=\"1470\" data-end=\"1481\">Mayenne<\/strong> poss\u00e8de un <strong data-start=\"1493\" data-end=\"1514\">centre historique<\/strong> remarquable. Son <strong data-start=\"1532\" data-end=\"1555\">ch\u00e2teau carolingien<\/strong>, r\u00e9nov\u00e9 avec soin, fait partie des plus anciens d\u2019Europe. Il abrite un mus\u00e9e d\u2019arch\u00e9ologie et offre un panorama splendide sur la rivi\u00e8re.<\/p><p data-start=\"1695\" data-end=\"1951\">Mayenne est \u00e9galement le point de d\u00e9part id\u00e9al pour d\u00e9couvrir la <strong data-start=\"1760\" data-end=\"1784\">vall\u00e9e de la Mayenne<\/strong> \u00e0 v\u00e9lo gr\u00e2ce \u00e0 la voie verte <strong data-start=\"1814\" data-end=\"1835\">la V\u00e9lo Francette<\/strong>, qui traverse le d\u00e9partement du nord au sud. Cette ville conjugue <strong data-start=\"1902\" data-end=\"1914\">histoire<\/strong>, <strong data-start=\"1916\" data-end=\"1926\">nature<\/strong> et <strong data-start=\"1930\" data-end=\"1950\">douceur de vivre<\/strong>.<\/p><h3 data-start=\"1958\" data-end=\"2002\">Sainte-Suzanne : perle m\u00e9di\u00e9vale perch\u00e9e<\/h3><p data-start=\"2004\" data-end=\"2384\">Class\u00e9e parmi les <strong data-start=\"2022\" data-end=\"2055\">plus beaux villages de France<\/strong>, <strong data-start=\"2057\" data-end=\"2075\">Sainte-Suzanne<\/strong> est un joyau perch\u00e9 sur un \u00e9peron rocheux. Ce village fortifi\u00e9 domine la vall\u00e9e de l\u2019Erve et offre un panorama exceptionnel sur la campagne environnante. Le <strong data-start=\"2233\" data-end=\"2262\">ch\u00e2teau de Sainte-Suzanne<\/strong> est un site historique majeur, associ\u00e9 \u00e0 la r\u00e9sistance h\u00e9ro\u00efque de la ville face \u00e0 Guillaume le Conqu\u00e9rant au XIe si\u00e8cle.<\/p><p data-start=\"2004\" data-end=\"2384\"><a href=\"https:\/\/cparici.com\/wp-content\/uploads\/2026\/01\/cparici-2026-01-24T080955.834-1.jpg\"><img decoding=\"async\" class=\"aligncenter wp-image-75911 size-full\" src=\"https:\/\/cparici.com\/wp-content\/uploads\/2026\/01\/cparici-2026-01-24T080955.834-1.jpg\" alt=\"Sainte Suzanne en Mayenne\" width=\"1500\" height=\"530\" srcset=\"https:\/\/cparici.com\/wp-content\/uploads\/2026\/01\/cparici-2026-01-24T080955.834-1.jpg 1500w, https:\/\/cparici.com\/wp-content\/uploads\/2026\/01\/cparici-2026-01-24T080955.834-1-300x106.jpg 300w, https:\/\/cparici.com\/wp-content\/uploads\/2026\/01\/cparici-2026-01-24T080955.834-1-1024x362.jpg 1024w, https:\/\/cparici.com\/wp-content\/uploads\/2026\/01\/cparici-2026-01-24T080955.834-1-768x271.jpg 768w, https:\/\/cparici.com\/wp-content\/uploads\/2026\/01\/cparici-2026-01-24T080955.834-1-18x6.jpg 18w, https:\/\/cparici.com\/wp-content\/uploads\/2026\/01\/cparici-2026-01-24T080955.834-1-590x208.jpg 590w, https:\/\/cparici.com\/wp-content\/uploads\/2026\/01\/cparici-2026-01-24T080955.834-1-1200x424.jpg 1200w, https:\/\/cparici.com\/wp-content\/uploads\/2026\/01\/cparici-2026-01-24T080955.834-1-577x204.jpg 577w, https:\/\/cparici.com\/wp-content\/uploads\/2026\/01\/cparici-2026-01-24T080955.834-1-600x212.jpg 600w\" sizes=\"(max-width: 1500px) 100vw, 1500px\" \/><\/a><\/p><p data-start=\"2386\" data-end=\"2683\">Le <strong data-start=\"2389\" data-end=\"2451\">centre d\u2019interpr\u00e9tation de l\u2019architecture et du patrimoine<\/strong> install\u00e9 dans le logis Renaissance permet de comprendre l\u2019\u00e9volution du territoire et de ses monuments. Avec ses ruelles pav\u00e9es, ses maisons anciennes et ses paysages bucoliques, Sainte-Suzanne incarne l\u2019\u00e2me m\u00e9di\u00e9vale de la Mayenne.<\/p><h3 data-start=\"2690\" data-end=\"2735\">Jublains : capitale gallo-romaine oubli\u00e9e<\/h3><p data-start=\"2737\" data-end=\"3096\">Le <strong data-start=\"2740\" data-end=\"2774\">site arch\u00e9ologique de Jublains<\/strong> est un tr\u00e9sor historique, t\u00e9moin de la pr\u00e9sence gallo-romaine dans la r\u00e9gion. Ancienne cit\u00e9 des <strong data-start=\"2871\" data-end=\"2885\">Diablintes<\/strong>, Jublains conserve des vestiges exceptionnels : <strong data-start=\"2934\" data-end=\"2945\">thermes<\/strong>, <strong data-start=\"2947\" data-end=\"2957\">temple<\/strong>, <strong data-start=\"2959\" data-end=\"2973\">forteresse<\/strong>, <strong data-start=\"2975\" data-end=\"2986\">th\u00e9\u00e2tre<\/strong>\u2026 Le mus\u00e9e arch\u00e9ologique permet de contextualiser ces monuments avec des objets retrouv\u00e9s lors des fouilles.<\/p><p data-start=\"3098\" data-end=\"3244\">Ce site attire chaque ann\u00e9e pr\u00e8s de 25 000 visiteurs et constitue un <strong data-start=\"3167\" data-end=\"3194\">lieu p\u00e9dagogique majeur<\/strong> pour comprendre l\u2019histoire antique de la Mayenne.<\/p><h3 data-start=\"3251\" data-end=\"3316\">Lassay-les-Ch\u00e2teaux : village et forteresse au c\u0153ur du bocage<\/h3><p data-start=\"3318\" data-end=\"3639\"><strong data-start=\"3318\" data-end=\"3341\">Lassay-les-Ch\u00e2teaux<\/strong>, \u00e0 l\u2019extr\u00e9mit\u00e9 nord-est du d\u00e9partement, est un autre <strong data-start=\"3395\" data-end=\"3419\">village de caract\u00e8re<\/strong>. Il est c\u00e9l\u00e8bre pour son <strong data-start=\"3445\" data-end=\"3465\">ch\u00e2teau m\u00e9di\u00e9val<\/strong> remarquablement conserv\u00e9, entour\u00e9 de douves, de tours rondes et de remparts. La visite du ch\u00e2teau, encore habit\u00e9, plonge les visiteurs dans le quotidien d\u2019un domaine f\u00e9odal.<\/p><p data-start=\"3641\" data-end=\"3823\">Le village offre \u00e9galement un parcours autour des <strong data-start=\"3691\" data-end=\"3709\">trois ch\u00e2teaux<\/strong> (Lassay, Bois Thibault et Bois Frou), ainsi qu\u2019un <strong data-start=\"3760\" data-end=\"3779\">jardin m\u00e9di\u00e9val<\/strong> et un <strong data-start=\"3786\" data-end=\"3822\">parcours artistique en plein air<\/strong>.<\/p><h3 data-start=\"3830\" data-end=\"3874\">Sites naturels et activit\u00e9s touristiques<\/h3><p data-start=\"3876\" data-end=\"4221\">Outre ses villes, la Mayenne s\u00e9duit aussi par sa <strong data-start=\"3925\" data-end=\"3945\">nature pr\u00e9serv\u00e9e<\/strong>. Le <strong data-start=\"3950\" data-end=\"3971\">refuge de l\u2019Arche<\/strong>, \u00e0 Ch\u00e2teau-Gontier-sur-Mayenne, accueille plus de 1 500 animaux rescap\u00e9s sur un vaste parc animalier et \u00e9ducatif. Le <strong data-start=\"4089\" data-end=\"4130\">Parc naturel r\u00e9gional Normandie-Maine<\/strong>, aux portes du d\u00e9partement, permet de pratiquer randonn\u00e9e, VTT et observation de la faune.<\/p><p data-start=\"4223\" data-end=\"4442\">Les amateurs de <strong data-start=\"4239\" data-end=\"4256\">cyclotourisme<\/strong> peuvent emprunter la <strong data-start=\"4278\" data-end=\"4306\">voie verte de la Mayenne<\/strong>, une ancienne voie ferr\u00e9e am\u00e9nag\u00e9e sur 85 km, longeant rivi\u00e8res et villages. Cette piste relie notamment Laval \u00e0 Ambri\u00e8res-les-Vall\u00e9es.<\/p><h2><span style=\"font-size: 14pt;\">Mayenne verte : un \u00e9crin de nature et de d\u00e9tente<\/span><\/h2><p>Le d\u00e9partement de la Mayenne est une v\u00e9ritable mosa\u00efque de paysages, offrant un cadre id\u00e9al pour la relaxation et l\u2019exploration. Les amateurs de balades, que ce soit \u00e0 pied, \u00e0 v\u00e9lo, \u00e0 cheval ou en bateau, seront combl\u00e9s dans la vall\u00e9e de la Mayenne, s\u2019\u00e9tirant sur plus de 200 km. Vous pourrez \u00e9galement d\u00e9couvrir des jardins remarquables, unissant botanique et conception paysag\u00e8re, et vous adonner \u00e0 des activit\u00e9s de plein air et nautiques, dans le respect de l\u2019environnement et du patrimoine local.<\/p><h3>La vall\u00e9e de la Mayenne : randonn\u00e9es et loisirs en plein air<\/h3><p>La vall\u00e9e de la Mayenne est le lieu r\u00eav\u00e9 pour les passionn\u00e9s de randonn\u00e9es, avec ses multiples sentiers balis\u00e9s suivant la rivi\u00e8re, traversant for\u00eats, bocages et villages. Explorez en toute s\u00e9curit\u00e9 le d\u00e9partement via les voies vertes, d\u2019anciennes voies ferr\u00e9es converties en pistes cyclables et p\u00e9destres.<\/p><p>Et pour ceux pr\u00e9f\u00e9rant les activit\u00e9s de plein air, pourquoi ne pas essayer l\u2019accrobranche, le golf, l\u2019escalade, le parapente ou la montgolfi\u00e8re, et ainsi admirer les paysages \u00e9poustouflants vus d\u2019en haut.<\/p><h3>Les jardins remarquables : entre botanique et art paysager<\/h3><p>Labellis\u00e9s par le minist\u00e8re de la Culture, les jardins remarquables de la Mayenne sont c\u00e9l\u00e8bres pour leur valeur historique, esth\u00e9tique ou botanique. Visitez le jardin de la Pellerine, avec ses 3000 vari\u00e9t\u00e9s de plantes, le jardin du ch\u00e2teau de Craon, exemple parfait de jardin \u00e0 la fran\u00e7aise, le jardin romantique du ch\u00e2teau de Clivoy, ou le contemporain jardin de la Massonni\u00e8re. Ces jardins offrent des visites guid\u00e9es et des animations autour du monde floral.<\/p><h3>Activit\u00e9s nautiques et de plein air : pour un tourisme vert et responsable<\/h3><p>Engag\u00e9 dans le tourisme vert et responsable, le d\u00e9partement de la Mayenne invite \u00e0 pratiquer des activit\u00e9s nautiques sur la rivi\u00e8re Mayenne, telles que le cano\u00eb-kayak, la p\u00eache, la baignade ou encore la navigation. Des bateaux \u00e9lectriques, p\u00e9dalos et barques sont disponibles \u00e0 la location pour une immersion compl\u00e8te dans la tranquillit\u00e9 de la nature. Les amateurs d\u2019animaux pourront aussi profiter de balades \u00e0 dos d\u2019\u00e2ne, de poney ou de cheval, et visiter des fermes p\u00e9dagogiques pour un contact direct avec les animaux.<\/p><h2>La Mayenne gourmande : une invitation \u00e0 la d\u00e9couverte des saveurs locales<\/h2><p>Le d\u00e9partement de la Mayenne brille par son identit\u00e9 culinaire remarquable, ancr\u00e9e dans l\u2019excellence de ses produits du terroir et l\u2019expertise de ses producteurs locaux. Partez \u00e0 la rencontre des d\u00e9lices gastronomiques mayennais en explorant les march\u00e9s locaux, en visitant fermes et producteurs, ou en savourant les sp\u00e9cialit\u00e9s de la r\u00e9gion dans les restaurants ou directement chez les habitants.<\/p><h3>Les march\u00e9s locaux : un voyage culinaire au c\u0153ur de la Mayenne<\/h3><p>Au c\u0153ur des march\u00e9s locaux, vivez des moments de convivialit\u00e9 uniques et \u00e9changez avec producteurs et artisans. D\u00e9couvrez leurs produits frais et de saison : fruits, l\u00e9gumes, viandes, fromages, pain, miel, confitures, cidre, vin, ainsi que des fleurs et plantes. Ne manquez pas les sp\u00e9cialit\u00e9s typiquement mayennaises telles que le boudin blanc de Laval, le p\u00e2t\u00e9 de lapin, la galette de sarrasin, le pr\u00e9fou, le pommeau ou encore la tarte aux pommes. Les march\u00e9s se d\u00e9ploient dans les villes et villages du d\u00e9partement tout au long de la semaine.<\/p><h3>Visites de fermes et de producteurs : \u00e0 la d\u00e9couverte du savoir-faire mayennais<\/h3><p>Engag\u00e9 en faveur du circuit court et du respect de l\u2019environnement, le d\u00e9partement met en avant les productions locales et biologiques. Visitez fermes et producteurs qui vous accueilleront pour partager leur passion et savoir-faire. D\u00e9couvrez la vie de la ferme, des cultures aux ateliers, et achetez des produits directement sur place. Des ateliers p\u00e9dagogiques, animations et d\u00e9monstrations de fabrication enrichiront votre exp\u00e9rience. Explorez, par exemple, la ferme de l\u2019Escargot du Maine, la ferme du Pr\u00e9, la ferme de la Haie du Val, ou la ferme du Champ Fleury.<\/p><h3>D\u00e9gustation de produits du terroir : une exp\u00e9rience authentique<\/h3><p>La Mayenne vous convie \u00e0 une authentique exp\u00e9rience gustative dans un cadre convivial. Les restaurants de la r\u00e9gion mettent \u00e0 l\u2019honneur la cuisine traditionnelle ou cr\u00e9ative \u00e0 travers des menus pr\u00e9par\u00e9s avec des produits locaux. Les tables d\u2019h\u00f4tes offrent le plaisir de go\u00fbter des recettes traditionnelles ou r\u00e9gionales dans une ambiance chaleureuse. Participez \u00e9galement aux \u00e9v\u00e9nements culinaires comme le Salon Gourmand de Mayenne, qui attire chaque ann\u00e9e plus de 100 exposants et 10 000 visiteurs.<\/p><h2>Conclusion<\/h2><p>La Mayenne est un <a href=\"https:\/\/www.lamayenne.fr\/\" target=\"_blank\" rel=\"noopener\">d\u00e9partement rempli de surprises<\/a>, parfait pour les amateurs de patrimoine, de nature, de gastronomie et de loisirs. D\u00e9couvrez des sites charg\u00e9s d\u2019histoire, des paysages luxuriants, des sp\u00e9cialit\u00e9s locales et un large \u00e9ventail d\u2019activit\u00e9s qui transformeront votre s\u00e9jour en une exp\u00e9rience inoubliable. Ne tardez pas, planifiez votre visite en Mayenne d\u00e8s maintenant pour explorer ses charmes et percer ses myst\u00e8res.<\/p><p>Vous ne le regretterez certainement pas !<\/p><h2>FAQ<\/h2><h3>Quelles sont les villes principales de la Mayenne ?<\/h3><p>Les villes principales de la Mayenne sont Laval, Ch\u00e2teau-Gontier-sur-Mayenne et Mayenne. Ces villes repr\u00e9sentent les centres les plus populeux du d\u00e9partement et servent \u00e9galement de chefs-lieux pour les trois arrondissements mayennais.<\/p><h3>Est-ce que la Mayenne fait partie de la Bretagne ?<\/h3><p>Non, la Mayenne n\u2019est pas une partie de la Bretagne. Elle constitue un d\u00e9partement au sein de la r\u00e9gion Pays de la Loire, form\u00e9 en 1790 \u00e0 partir du Bas-Maine, qui faisait historiquement partie du duch\u00e9 de Bretagne. La ville de Mayenne elle-m\u00eame \u00e9tait incluse dans la Marche de Bretagne, une zone tampon entre la Bretagne et la Normandie.<\/p><h3>O\u00f9 est situ\u00e9 le d\u00e9partement de la Mayenne ?<\/h3><p>Situ\u00e9 dans le nord-ouest de la France, le d\u00e9partement de la Mayenne se positionne entre la Pays de la Loire, la Bretagne et la Normandie. Il est entour\u00e9 par les d\u00e9partements de la Manche, de l\u2019Orne, de la Sarthe, du Maine-et-Loire et de l\u2019Ille-et-Vilaine.<\/p><h3>Pourquoi la Mayenne Est-elle connue ?<\/h3><p>La Mayenne est distingu\u00e9e pour son riche h\u00e9ritage, qui combine l\u2019histoire, la culture et la nature. Son embl\u00e8me est le ch\u00e2teau m\u00e9di\u00e9val de Laval, une ville d\u2019art et d\u2019histoire o\u00f9 est n\u00e9 le peintre Henri Rousseau. La Mayenne est \u00e9galement c\u00e9l\u00e8bre pour sa rivi\u00e8re \u00e9ponyme, qui traverse des paysages diversifi\u00e9s et invite \u00e0 diverses activit\u00e9s telles que la p\u00eache, la navigation et la randonn\u00e9e.<\/p>\t\t\t\t\t\t\t\t<\/div>\n\t\t\t\t\t<\/div>\n\t\t\t\t<\/div>\n\t\t<aside class=\"elementor-element elementor-element-62d7fbe e-flex e-con-boxed e-con e-parent\" data-id=\"62d7fbe\" data-element_type=\"container\" data-e-type=\"container\">\n\t\t\t\t\t<div class=\"e-con-inner\">\n\t\t\t\t<div class=\"elementor-element elementor-element-79c6231 elementor-widget elementor-widget-listeo-posts-grid\" data-id=\"79c6231\" data-element_type=\"widget\" data-e-type=\"widget\" data-widget_type=\"listeo-posts-grid.default\">\n\t\t\t\t<div class=\"elementor-widget-container\">\n\t\t\t\t\t\t\t\n\t\t<div class=\"listeo-post-grid-wrapper\">\n\t\t\t<div class=\"row\">\n\n\t\t\t\n\n\t\t\t\t\t\t\t<div class=\"col-md-4\">\n                <a href=\"https:\/\/cparici.com\/fr\/laval\/\" class=\"blog-compact-item-container\">\n                    <div class=\"blog-compact-item\">\n                        <img decoding=\"async\" width=\"577\" height=\"204\" src=\"https:\/\/cparici.com\/wp-content\/uploads\/2026\/01\/Laval-577x204.jpg\" class=\"attachment-listeo-blog-related-post size-listeo-blog-related-post wp-post-image\" alt=\"Laval\" srcset=\"https:\/\/cparici.com\/wp-content\/uploads\/2026\/01\/Laval-577x204.jpg 577w, https:\/\/cparici.com\/wp-content\/uploads\/2026\/01\/Laval-300x106.jpg 300w, https:\/\/cparici.com\/wp-content\/uploads\/2026\/01\/Laval-1024x362.jpg 1024w, https:\/\/cparici.com\/wp-content\/uploads\/2026\/01\/Laval-768x271.jpg 768w, https:\/\/cparici.com\/wp-content\/uploads\/2026\/01\/Laval-18x6.jpg 18w, https:\/\/cparici.com\/wp-content\/uploads\/2026\/01\/Laval-590x208.jpg 590w, https:\/\/cparici.com\/wp-content\/uploads\/2026\/01\/Laval-1200x424.jpg 1200w, https:\/\/cparici.com\/wp-content\/uploads\/2026\/01\/Laval-600x212.jpg 600w, https:\/\/cparici.com\/wp-content\/uploads\/2026\/01\/Laval.jpg 1500w\" sizes=\"(max-width: 577px) 100vw, 577px\" \/><span class=\"blog-item-tag\">France<\/span>                        \n                        <div class=\"blog-compact-item-content\">\n                                                        <h3>Laval, ville d\u2019histoire au c\u0153ur de la Mayenne<\/h3>\n                                                        <p>Recherches populaires Categories Pas de r\u00e9sultats Voir tous les r\u00e9sultats Laval, ville d\u2019histoire et de...                            <\/p>\n                                                    <\/div>\n                    <\/div>\n                <\/a>\n            <\/div>\n\t\t\t<div class=\"col-md-4\">\n                <a href=\"https:\/\/cparici.com\/fr\/chateau-gontier\/\" class=\"blog-compact-item-container\">\n                    <div class=\"blog-compact-item\">\n                        <img decoding=\"async\" width=\"577\" height=\"202\" src=\"https:\/\/cparici.com\/wp-content\/uploads\/2024\/07\/chateau-gontier.jpg\" class=\"attachment-listeo-blog-related-post size-listeo-blog-related-post wp-post-image\" alt=\"chateau gontier\" srcset=\"https:\/\/cparici.com\/wp-content\/uploads\/2024\/07\/chateau-gontier.jpg 1517w, https:\/\/cparici.com\/wp-content\/uploads\/2024\/07\/chateau-gontier-600x210.jpg 600w, https:\/\/cparici.com\/wp-content\/uploads\/2024\/07\/chateau-gontier-300x105.jpg 300w, https:\/\/cparici.com\/wp-content\/uploads\/2024\/07\/chateau-gontier-1024x358.jpg 1024w, https:\/\/cparici.com\/wp-content\/uploads\/2024\/07\/chateau-gontier-768x268.jpg 768w\" sizes=\"(max-width: 577px) 100vw, 577px\" \/><span class=\"blog-item-tag\">Chateau Gontier<\/span>                        \n                        <div class=\"blog-compact-item-content\">\n                                                        <h3>Chateau gontier guide complet : Restaurants, tourisme et histoire<\/h3>\n                                                        <p>Envie de visiter Chateau gontier, une ville pleine de charme et de culture ? Consultez...                            <\/p>\n                                                    <\/div>\n                    <\/div>\n                <\/a>\n            <\/div>\n\t\t\t<div class=\"col-md-4\">\n                <a href=\"https:\/\/cparici.com\/fr\/vnb-fest\/\" class=\"blog-compact-item-container\">\n                    <div class=\"blog-compact-item\">\n                        <img decoding=\"async\" width=\"577\" height=\"202\" src=\"https:\/\/cparici.com\/wp-content\/uploads\/2024\/07\/vnb-fest.jpg\" class=\"attachment-listeo-blog-related-post size-listeo-blog-related-post wp-post-image\" alt=\"VnB Fest\" srcset=\"https:\/\/cparici.com\/wp-content\/uploads\/2024\/07\/vnb-fest.jpg 1516w, https:\/\/cparici.com\/wp-content\/uploads\/2024\/07\/vnb-fest-600x210.jpg 600w, https:\/\/cparici.com\/wp-content\/uploads\/2024\/07\/vnb-fest-300x105.jpg 300w, https:\/\/cparici.com\/wp-content\/uploads\/2024\/07\/vnb-fest-1024x358.jpg 1024w, https:\/\/cparici.com\/wp-content\/uploads\/2024\/07\/vnb-fest-768x268.jpg 768w\" sizes=\"(max-width: 577px) 100vw, 577px\" \/><span class=\"blog-item-tag\">Chateau Gontier<\/span>                        \n                        <div class=\"blog-compact-item-content\">\n                                                        <h3>VNB Fest 2024 Ch\u00e2teau Gontier en Mayenne \u2013 Guide Complet<\/h3>\n                                                        <p>Plongez dans l'univers du VNB Fest \u00e0 Ch\u00e2teau Gontier en Mayenne, avec son histoire, ses...                            <\/p>\n                                                    <\/div>\n                    <\/div>\n                <\/a>\n            <\/div>\n  <\/div>\n        <\/div>\n        \t\t\t\t<\/div>\n\t\t\t\t<\/div>\n\t\t\t\t\t<\/div>\n\t\t\t\t<\/aside>\n\t\t\t\t<\/div>\n\t\t","protected":false},"excerpt":{"rendered":"<p>La Mayenne, un d\u00e9partement riche en histoire et en nature. D\u00e9couvrez ses secrets de patrimoine et tourisme dans cet article passionnant.<\/p>\n","protected":false},"author":1,"featured_media":38222,"comment_status":"closed","ping_status":"open","sticky":false,"template":"","format":"standard","meta":{"ngg_post_thumbnail":0,"footnotes":""},"categories":[1017,2563,477,954],"tags":[883],"class_list":["post-38221","post","type-post","status-publish","format-standard","has-post-thumbnail","hentry","category-mayenne","category-departement-de-france","category-france","category-pays-de-la-loire","tag-departement"],"_links":{"self":[{"href":"https:\/\/cparici.com\/fr\/wp-json\/wp\/v2\/posts\/38221","targetHints":{"allow":["GET"]}}],"collection":[{"href":"https:\/\/cparici.com\/fr\/wp-json\/wp\/v2\/posts"}],"about":[{"href":"https:\/\/cparici.com\/fr\/wp-json\/wp\/v2\/types\/post"}],"author":[{"embeddable":true,"href":"https:\/\/cparici.com\/fr\/wp-json\/wp\/v2\/users\/1"}],"replies":[{"embeddable":true,"href":"https:\/\/cparici.com\/fr\/wp-json\/wp\/v2\/comments?post=38221"}],"version-history":[{"count":0,"href":"https:\/\/cparici.com\/fr\/wp-json\/wp\/v2\/posts\/38221\/revisions"}],"wp:featuredmedia":[{"embeddable":true,"href":"https:\/\/cparici.com\/fr\/wp-json\/wp\/v2\/media\/38222"}],"wp:attachment":[{"href":"https:\/\/cparici.com\/fr\/wp-json\/wp\/v2\/media?parent=38221"}],"wp:term":[{"taxonomy":"category","embeddable":true,"href":"https:\/\/cparici.com\/fr\/wp-json\/wp\/v2\/categories?post=38221"},{"taxonomy":"post_tag","embeddable":true,"href":"https:\/\/cparici.com\/fr\/wp-json\/wp\/v2\/tags?post=38221"}],"curies":[{"name":"wp","href":"https:\/\/api.w.org\/{rel}","templated":true}]}}