{"id":41098,"date":"2024-07-17T10:48:51","date_gmt":"2024-07-17T08:48:51","guid":{"rendered":"https:\/\/cparici.com\/?p=41098"},"modified":"2025-03-25T13:34:28","modified_gmt":"2025-03-25T12:34:28","slug":"location-vacances-tregunc","status":"publish","type":"post","link":"https:\/\/cparici.com\/fr\/location-vacances-tregunc\/","title":{"rendered":"Location Vacances Tr\u00e9gunc"},"content":{"rendered":"\t\t<div data-elementor-type=\"wp-post\" data-elementor-id=\"41098\" class=\"elementor elementor-41098\" data-elementor-post-type=\"post\">\n\t\t\t\t\t\t<section class=\"elementor-section elementor-top-section elementor-element elementor-element-57ddd377 elementor-section-height-min-height elementor-section-stretched elementor-section-boxed elementor-section-height-default elementor-section-items-middle\" data-id=\"57ddd377\" data-element_type=\"section\" data-e-type=\"section\" data-settings=\"{&quot;stretch_section&quot;:&quot;section-stretched&quot;,&quot;background_background&quot;:&quot;classic&quot;}\">\n\t\t\t\t\t\t<div class=\"elementor-container elementor-column-gap-default\">\n\t\t\t\t\t<div class=\"elementor-column elementor-col-100 elementor-top-column elementor-element elementor-element-475e6e5d\" data-id=\"475e6e5d\" data-element_type=\"column\" data-e-type=\"column\" data-settings=\"{&quot;background_background&quot;:&quot;classic&quot;}\">\n\t\t\t<div class=\"elementor-widget-wrap elementor-element-populated\">\n\t\t\t\t\t\t<div class=\"elementor-element elementor-element-741b63b8 elementor-widget elementor-widget-heading\" data-id=\"741b63b8\" data-element_type=\"widget\" data-e-type=\"widget\" data-widget_type=\"heading.default\">\n\t\t\t\t\t<h1 class=\"elementor-heading-title elementor-size-default\">Location Vacances Tr\u00e9gunc<\/h1>\t\t\t\t<\/div>\n\t\t\t\t\t<\/div>\n\t\t<\/div>\n\t\t\t\t\t<\/div>\n\t\t<\/section>\n\t\t\t\t<section class=\"elementor-section elementor-top-section elementor-element elementor-element-79ec39c2 elementor-section-stretched elementor-section-boxed elementor-section-height-default elementor-section-height-default\" data-id=\"79ec39c2\" data-element_type=\"section\" data-e-type=\"section\" data-settings=\"{&quot;stretch_section&quot;:&quot;section-stretched&quot;,&quot;background_background&quot;:&quot;classic&quot;}\">\n\t\t\t\t\t\t<div class=\"elementor-container elementor-column-gap-no\">\n\t\t\t\t\t<div class=\"elementor-column elementor-col-100 elementor-top-column elementor-element elementor-element-4a29d133\" data-id=\"4a29d133\" data-element_type=\"column\" data-e-type=\"column\">\n\t\t\t<div class=\"elementor-widget-wrap\">\n\t\t\t\t\t\t\t<\/div>\n\t\t<\/div>\n\t\t\t\t\t<\/div>\n\t\t<\/section>\n\t\t<div class=\"elementor-element elementor-element-31cbbdf8 e-flex e-con-boxed e-con e-parent\" data-id=\"31cbbdf8\" data-element_type=\"container\" data-e-type=\"container\">\n\t\t\t\t\t<div class=\"e-con-inner\">\n\t\t\t\t<div class=\"elementor-element elementor-element-77d1fe12 elementor-widget elementor-widget-spacer\" data-id=\"77d1fe12\" data-element_type=\"widget\" data-e-type=\"widget\" data-widget_type=\"spacer.default\">\n\t\t\t\t\t\t\t<div class=\"elementor-spacer\">\n\t\t\t<div class=\"elementor-spacer-inner\"><\/div>\n\t\t<\/div>\n\t\t\t\t\t\t<\/div>\n\t\t\t\t<div class=\"elementor-element elementor-element-56e6c2e3 elementor-widget elementor-widget-text-editor\" data-id=\"56e6c2e3\" data-element_type=\"widget\" data-e-type=\"widget\" data-widget_type=\"text-editor.default\">\n\t\t\t\t\t\t\t\t\t<section class=\"vc_section vc_section\"><div class=\"vc_row wpb_row vc_row-fluid box wpestate_row vc_row\"><div class=\"wpb_column vc_column_container vc_col-sm-10 vc_column\"><div class=\"vc_column-inner vc_custom_1603448278134\"><div class=\"wpb_wrapper\"><div class=\"wpb_text_column wpb_content_element vc_custom_1705584835732 vc_column_text\"><div class=\"wpb_wrapper\"><p class=\"Standard\"><b>Tr\u00e9gunc\u00a0<\/b><em>est une destination qui s\u00e9duit les visiteurs par ses paysages sauvages et sa qui\u00e9tude.\u00a0<\/em><\/p><\/div><\/div><\/div><\/div><\/div><\/div><\/section><div class=\"wpb-content-wrapper\"><div class=\"vc_row wpb_row vc_row-fluid vc_row-no-padding wpestate_row vc_row\" data-vc-full-width=\"true\" data-vc-full-width-init=\"true\" data-vc-stretch-content=\"true\"><div class=\"wpb_column vc_column_container vc_col-sm-12 vc_column\"><div class=\"vc_column-inner\"><div class=\"wpb_wrapper\"><p class=\"vc_custom_heading vc_do_custom_heading vc_custom_heading\">\u00a0Trouver une location vacances \u00e0 Tr\u00e9gunc<\/p><\/div><\/div><\/div><\/div><\/div>\t\t\t\t\t\t\t\t<\/div>\n\t\t\t\t\t<\/div>\n\t\t\t\t<\/div>\n\t\t<div class=\"elementor-element elementor-element-769dc0f6 e-flex e-con-boxed e-con e-parent\" data-id=\"769dc0f6\" data-element_type=\"container\" data-e-type=\"container\">\n\t\t\t\t\t<div class=\"e-con-inner\">\n\t\t\t\t<div class=\"elementor-element elementor-element-20a2a546 elementor-widget elementor-widget-spacer\" data-id=\"20a2a546\" data-element_type=\"widget\" data-e-type=\"widget\" data-widget_type=\"spacer.default\">\n\t\t\t\t\t\t\t<div class=\"elementor-spacer\">\n\t\t\t<div class=\"elementor-spacer-inner\"><\/div>\n\t\t<\/div>\n\t\t\t\t\t\t<\/div>\n\t\t\t\t<div class=\"elementor-element elementor-element-6d6c7fc6 elementor-widget elementor-widget-heading\" data-id=\"6d6c7fc6\" data-element_type=\"widget\" data-e-type=\"widget\" data-widget_type=\"heading.default\">\n\t\t\t\t\t<h2 class=\"elementor-heading-title elementor-size-default\">Locations de Vacances Tr\u00e9gunc et ses alentours - Nos coups de c\u0153ur en Bretagne<\/h2>\t\t\t\t<\/div>\n\t\t\t\t\t<\/div>\n\t\t\t\t<\/div>\n\t\t<div class=\"elementor-element elementor-element-7496a16c e-flex e-con-boxed e-con e-parent\" data-id=\"7496a16c\" data-element_type=\"container\" data-e-type=\"container\">\n\t\t\t\t\t<div class=\"e-con-inner\">\n\t\t\t\t\t<\/div>\n\t\t\t\t<\/div>\n\t\t<div class=\"elementor-element elementor-element-302a8067 e-flex e-con-boxed e-con e-parent\" data-id=\"302a8067\" data-element_type=\"container\" data-e-type=\"container\">\n\t\t\t\t\t<div class=\"e-con-inner\">\n\t\t\t\t<div class=\"elementor-element elementor-element-6338c0b elementor-widget elementor-widget-heading\" data-id=\"6338c0b\" data-element_type=\"widget\" data-e-type=\"widget\" data-widget_type=\"heading.default\">\n\t\t\t\t\t<h2 class=\"elementor-heading-title elementor-size-default\"><h2 data-elementor-setting-key=\"title\" data-pen-placeholder=\"\u00c9crivez ici...\" style=\"font-family: var( --e-global-typography-primary-font-family ), Sans-serif;font-weight: var( --e-global-typography-primary-font-weight )\">Localisez votre prochaine location de vacances \u00e0 Tr\u00e9gunc et ses alentours<\/h2><\/h2>\t\t\t\t<\/div>\n\t\t\t\t<div class=\"elementor-element elementor-element-d6a4822 elementor-widget elementor-widget-heading\" data-id=\"d6a4822\" data-element_type=\"widget\" data-e-type=\"widget\" data-widget_type=\"heading.default\">\n\t\t\t\t\t<p class=\"elementor-heading-title elementor-size-default\">C'est plus facile !<\/p>\t\t\t\t<\/div>\n\t\t\t\t\t<\/div>\n\t\t\t\t<\/div>\n\t\t<div class=\"elementor-element elementor-element-2ec0093c e-flex e-con-boxed e-con e-parent\" data-id=\"2ec0093c\" data-element_type=\"container\" data-e-type=\"container\">\n\t\t\t\t\t<div class=\"e-con-inner\">\n\t\t\t\t<div class=\"elementor-element elementor-element-786cfa52 elementor-widget elementor-widget-text-editor\" data-id=\"786cfa52\" data-element_type=\"widget\" data-e-type=\"widget\" data-widget_type=\"text-editor.default\">\n\t\t\t\t\t\t\t\t\t<div class=\"wpb_text_column wpb_content_element vc_column_text\"><div class=\"wpb_wrapper\"><h2 style=\"text-align: center;\">D\u00e9couvrir Tr\u00e9gunc<\/h2><\/div><\/div><div class=\"wpb_text_column wpb_content_element box_text vc_column_text\"><div class=\"wpb_wrapper\"><p><strong>Tr\u00e9gunc est une petite ville bretonne du Finist\u00e8re Sud situ\u00e9e entre N\u00e9vez, Pont-Aven et Concarneau.<\/strong>\u00a0Nich\u00e9e entre terre et mer, cette commune offre un cadre reposant et vivifiant pour des vacances en Bretagne. En r\u00e9servant votre location de vacances \u00e0 Tr\u00e9gunc sur notre site, profitez d\u2019un s\u00e9jour relaxant et d\u00e9paysant dans un cadre pr\u00e9serv\u00e9 et authentique.<\/p><p>Vous \u00eates en terre bretonne, au c\u0153ur de la l\u00e9gendaire Cornouaille ! En choisissant une location de vacances \u00e0 Tr\u00e9gunc, vous pourrez vous adonner \u00e0 de multiples activit\u00e9s sportives, culturelles, ludiques ou typiquement bretonnes.<\/p><p><strong>Face \u00e0 la pointe de Tr\u00e9vignon, se dresse au large l\u2019archipel des Gl\u00e9nans,<\/strong>\u00a0un incontournable \u00e0 d\u00e9couvrir lorsque vous \u00eates dans la r\u00e9gion. Vous avez un d\u00e9part en Zodiac depuis le port de Tr\u00e9vignon.<\/p><p><strong>Tr\u00e9gunc offre une diversit\u00e9 de paysages encore pr\u00e9serv\u00e9.<\/strong>\u00a0Entre ses plages de sables fins, ses sentiers c\u00f4tiers, ses points de vue exceptionnels, son petit port de p\u00eache, ses \u00e9tangs chacun trouvera son bonheur. R\u00e9servez votre g\u00eete de vacances \u00e0 Tr\u00e9gunc et vivez des moments inoubliables entre amis ou en famille.<\/p><p>\u00a0<\/p><div class=\"wpb_text_column wpb_content_element vc_column_text\"><div class=\"wpb_wrapper\"><h3>Quelles sont les plus belles plages de Tr\u00e9gunc ?<\/h3><\/div><\/div><div class=\"wpb_text_column wpb_content_element vc_column_text\"><div class=\"wpb_wrapper\"><p>Tr\u00e9gunc abrite plusieurs plages de sables fin offrant des paysages vari\u00e9s et magnifiques. Voici quelques-unes des plus belles plages de Tr\u00e9gunc :<\/p><p><strong>Plage de Tr\u00e9vignon :<\/strong>\u00a0Cette plage est l\u2019une des plus appr\u00e9ci\u00e9es de Tr\u00e9gunc. Avec ses gros rochers polis par la mer et le vent, elle offre un cadre idyllique pour la d\u00e9tente et la baignade. Les vacanciers peuvent \u00e9galement profiter du charme du port de p\u00eache de Tr\u00e9vignon \u00e0 proximit\u00e9.<\/p><p><strong>Plage de Kersidan :<\/strong>\u00a0Nich\u00e9e dans un environnement pr\u00e9serv\u00e9, la plage de Kersidan s\u00e9duit par son c\u00f4t\u00e9 sauvage et son atmosph\u00e8re paisible. Lorsque le vent souffle, c\u2019est le spot pour pratiquer le kitesurf.<\/p><p><strong>Plage de Pouldohan :<\/strong>\u00a0La qui\u00e9tude qui r\u00e8gne sur cette \u00e9tendue de sable en fait un endroit privil\u00e9gi\u00e9 pour une journ\u00e9e en famille ou une promenade romantique au coucher du soleil.<\/p><p><strong>Plage de Pendruc :<\/strong>\u00a0La plage de Pendruc, aux eaux cristallines, est un lieu id\u00e9al pour se ressourcer au contact de la nature. Les vacanciers appr\u00e9cient son ambiance calme.<\/p><p><strong>Plage de La Pointe de la Jument :<\/strong>\u00a0Cette plage secr\u00e8te, situ\u00e9e \u00e0 proximit\u00e9 de la Pointe de la Jument, est l\u2019endroit parfait pour les amateurs de nature sauvage et de randonn\u00e9es c\u00f4ti\u00e8res.<\/p><p>Nous vous conseillons de les d\u00e9couvrir toutes en r\u00e9servant votre prochiane location de vacances \u00e0 Tr\u00e9gunc sur notre site !<\/p><\/div><\/div><\/div><\/div>\t\t\t\t\t\t\t\t<\/div>\n\t\t\t\t\t<\/div>\n\t\t\t\t<\/div>\n\t\t<div class=\"elementor-element elementor-element-27466550 e-flex e-con-boxed e-con e-parent\" data-id=\"27466550\" data-element_type=\"container\" data-e-type=\"container\">\n\t\t\t\t\t<div class=\"e-con-inner\">\n\t\t<div class=\"elementor-element elementor-element-1594033a e-con-full e-flex e-con e-child\" data-id=\"1594033a\" data-element_type=\"container\" data-e-type=\"container\">\n\t\t\t\t<div class=\"elementor-element elementor-element-1b965acd elementor-widget elementor-widget-image\" data-id=\"1b965acd\" data-element_type=\"widget\" data-e-type=\"widget\" data-widget_type=\"image.default\">\n\t\t\t\t\t\t\t\t\t\t\t\t\t\t\t<img decoding=\"async\" width=\"760\" height=\"507\" src=\"https:\/\/cparici.com\/wp-content\/uploads\/2024\/05\/trevignon-plage-1024x683.jpg\" class=\"attachment-large size-large wp-image-17250\" alt=\"location vacances tr\u00e9gunc\" srcset=\"https:\/\/cparici.com\/wp-content\/uploads\/2024\/05\/trevignon-plage-1024x683.jpg 1024w, https:\/\/cparici.com\/wp-content\/uploads\/2024\/05\/trevignon-plage-600x400.jpg 600w, https:\/\/cparici.com\/wp-content\/uploads\/2024\/05\/trevignon-plage-300x200.jpg 300w, https:\/\/cparici.com\/wp-content\/uploads\/2024\/05\/trevignon-plage-768x512.jpg 768w, https:\/\/cparici.com\/wp-content\/uploads\/2024\/05\/trevignon-plage-1536x1024.jpg 1536w, https:\/\/cparici.com\/wp-content\/uploads\/2024\/05\/trevignon-plage-2048x1366.jpg 2048w, https:\/\/cparici.com\/wp-content\/uploads\/2024\/05\/trevignon-plage-240x160.jpg 240w\" sizes=\"(max-width: 760px) 100vw, 760px\" \/>\t\t\t\t\t\t\t\t\t\t\t\t\t\t\t<\/div>\n\t\t\t\t<\/div>\n\t\t<div class=\"elementor-element elementor-element-1391e357 e-con-full e-flex e-con e-child\" data-id=\"1391e357\" data-element_type=\"container\" data-e-type=\"container\">\n\t\t\t\t<div class=\"elementor-element elementor-element-218b9a3 elementor-widget elementor-widget-image\" data-id=\"218b9a3\" data-element_type=\"widget\" data-e-type=\"widget\" data-widget_type=\"image.default\">\n\t\t\t\t\t\t\t\t\t\t\t\t\t\t\t<img decoding=\"async\" width=\"760\" height=\"760\" src=\"https:\/\/cparici.com\/wp-content\/uploads\/2022\/09\/Trevignon-Pointe-de-Trevignon-a-Tregunc-en-finistere-1-1024x1024.jpg\" class=\"attachment-large size-large wp-image-14947\" alt=\"Trevignon - Pointe de Tr\u00e9vignon \u00e0 Tr\u00e9gunc en finist\u00e8re\" srcset=\"https:\/\/cparici.com\/wp-content\/uploads\/2022\/09\/Trevignon-Pointe-de-Trevignon-a-Tregunc-en-finistere-1-1024x1024.jpg 1024w, https:\/\/cparici.com\/wp-content\/uploads\/2022\/09\/Trevignon-Pointe-de-Trevignon-a-Tregunc-en-finistere-1-300x300.jpg 300w, https:\/\/cparici.com\/wp-content\/uploads\/2022\/09\/Trevignon-Pointe-de-Trevignon-a-Tregunc-en-finistere-1-100x100.jpg 100w, https:\/\/cparici.com\/wp-content\/uploads\/2022\/09\/Trevignon-Pointe-de-Trevignon-a-Tregunc-en-finistere-1-150x150.jpg 150w, https:\/\/cparici.com\/wp-content\/uploads\/2022\/09\/Trevignon-Pointe-de-Trevignon-a-Tregunc-en-finistere-1-1536x1536.jpg 1536w, https:\/\/cparici.com\/wp-content\/uploads\/2022\/09\/Trevignon-Pointe-de-Trevignon-a-Tregunc-en-finistere-1-2048x2048.jpg 2048w\" sizes=\"(max-width: 760px) 100vw, 760px\" \/>\t\t\t\t\t\t\t\t\t\t\t\t\t\t\t<\/div>\n\t\t\t\t<\/div>\n\t\t\t\t\t<\/div>\n\t\t\t\t<\/div>\n\t\t<div class=\"elementor-element elementor-element-78c986e e-flex e-con-boxed e-con e-parent\" data-id=\"78c986e\" data-element_type=\"container\" data-e-type=\"container\">\n\t\t\t\t\t<div class=\"e-con-inner\">\n\t\t\t\t<div class=\"elementor-element elementor-element-476df9be elementor-widget elementor-widget-text-editor\" data-id=\"476df9be\" data-element_type=\"widget\" data-e-type=\"widget\" data-widget_type=\"text-editor.default\">\n\t\t\t\t\t\t\t\t\t<div class=\"wpb_text_column wpb_content_element vc_column_text\"><div class=\"wpb_wrapper\"><h3>S\u00e9journer \u00e0 Tr\u00e9gunc dans une location vacances et d\u00e9couvrir le pointe de Tr\u00e9vignon<\/h3><\/div><\/div><div class=\"wpb_text_column wpb_content_element box_text vc_column_text\"><div class=\"wpb_wrapper\"><p><strong>La Pointe de Tr\u00e9vignon offre une vue magnifique sur la c\u00f4te<\/strong>. Elle abrite le pittoresque port de p\u00eache de Tr\u00e9vignon, un ch\u00e2teau \u00e0 flan de falaises, un phare et des plages aux eaux transparentes.<\/p><p><strong>Le phare de Tr\u00e9vignon de couleurs vert et blanc surplombe le port.<\/strong>\u00a0Il est situ\u00e9 sur un petit \u00eelot rocheux \u00e0 proximit\u00e9 de la station des sauveteurs en mer (SNSM).<\/p><p><strong>Le petit port de Tr\u00e9vignon,<\/strong>\u00a0toujours en activit\u00e9 est un lieu anim\u00e9 ou se c\u00f4toient marins et badauds. Une carte postale ! Les terrasses des caf\u00e9s face au port offrent un cadre id\u00e9al pour observer la vie des p\u00eacheurs ou pour admirer un magnifique coucher de soleil.<\/p><p><strong>Les amateurs de fruits de mer et de poissons trouveront leur bonheur<\/strong>\u00a0dans les \u00e9tals des poissonniers locaux. Les langoustines, les crabes et les poissons fra\u00eechement p\u00e9ch\u00e9s raviront les gourmands et gourmets.<\/p><p>A l\u2019extr\u00eame nord de la Pointe,<strong>\u00a0profitez d\u2019une r\u00e9serve naturelle avec dunes et \u00e9tangs,<\/strong>\u00a0o\u00f9 les oiseaux viennent se nourrir et s\u00e9journer une p\u00e9riode de l\u2019ann\u00e9e.<\/p><h3>Profitez de l\u2019air marin vivifiant de la Bretagne Sud en choisissant une location vacances \u00e0 Tr\u00e9gunc pour des vacances bord de mer inoubliables !<\/h3><\/div><\/div>\t\t\t\t\t\t\t\t<\/div>\n\t\t\t\t\t<\/div>\n\t\t\t\t<\/div>\n\t\t<div class=\"elementor-element elementor-element-44bbbf1f e-flex e-con-boxed e-con e-parent\" data-id=\"44bbbf1f\" data-element_type=\"container\" data-e-type=\"container\">\n\t\t\t\t\t<div class=\"e-con-inner\">\n\t\t\t\t<div class=\"elementor-element elementor-element-6ec9f18f elementor-widget elementor-widget-text-editor\" data-id=\"6ec9f18f\" data-element_type=\"widget\" data-e-type=\"widget\" data-widget_type=\"text-editor.default\">\n\t\t\t\t\t\t\t\t\t<div class=\"wpb_text_column wpb_content_element vc_column_text\"><div class=\"wpb_wrapper\"><h3>Randonn\u00e9es et balades sur les sentiers c\u00f4tiers de Tr\u00e9gunc<\/h3><\/div><\/div><div class=\"wpb_text_column wpb_content_element vc_column_text\"><div class=\"wpb_wrapper\"><p><strong>Les sentiers c\u00f4tiers de Tr\u00e9gunc offrent aux randonneurs une exp\u00e9rience inoubliable au c\u0153ur de la beaut\u00e9 pr\u00e9serv\u00e9e de la Bretagne.<\/strong>\u00a0Ces sentiers pittoresques serpentent \u00e0 travers des paysages diversifi\u00e9s, des criques isol\u00e9es, des rochers imposants et une nature pr\u00e9serv\u00e9e.<\/p><p><strong>L\u2019un des itin\u00e9raires appr\u00e9ci\u00e9es des randonneurs est le sentier c\u00f4tier de la Pointe de la Jument.<\/strong>\u00a0En suivant ce chemin, les marcheurs sont r\u00e9compens\u00e9s par des beaux panoramas sur les falaises escarp\u00e9s, des plages et l\u2019horizon infini de l\u2019oc\u00e9an.<\/p><p><strong>Le sentier c\u00f4tier de Tr\u00e9vignon<\/strong>\u00a0en direction de Kersidan permet aux promeneurs de d\u00e9couvrir le port, le phare embl\u00e9matique, des plages de sables fins et des rochers polis par les vagues<\/p><p><strong>Les marcheurs trouveront leur bonheur sur le sentier c\u00f4tier de Pouldohan<\/strong>. Ce chemin c\u00f4tier serpente le long des plages, offrant des moments de qui\u00e9tude face \u00e0 l\u2019oc\u00e9an Atlantique. Les dunes et les vagues cr\u00e9ent un paysage digne d\u2019une carte postale, id\u00e9al pour se ressourcer.<\/p><p><strong>Le sentier c\u00f4tier de Pendruc d\u00e9voile des panoramas c\u00f4tiers pr\u00e9serv\u00e9s et des criques isol\u00e9es.<\/strong>\u00a0Les amoureux de la nature seront enchant\u00e9s par la diversit\u00e9 des paysages.<\/p><\/div><\/div>\t\t\t\t\t\t\t\t<\/div>\n\t\t\t\t\t<\/div>\n\t\t\t\t<\/div>\n\t\t<div class=\"elementor-element elementor-element-180a8aa4 e-flex e-con-boxed e-con e-parent\" data-id=\"180a8aa4\" data-element_type=\"container\" data-e-type=\"container\">\n\t\t\t\t\t<div class=\"e-con-inner\">\n\t\t\t\t<div class=\"elementor-element elementor-element-61ef208e elementor-widget elementor-widget-spacer\" data-id=\"61ef208e\" data-element_type=\"widget\" data-e-type=\"widget\" data-widget_type=\"spacer.default\">\n\t\t\t\t\t\t\t<div class=\"elementor-spacer\">\n\t\t\t<div class=\"elementor-spacer-inner\"><\/div>\n\t\t<\/div>\n\t\t\t\t\t\t<\/div>\n\t\t\t\t\t<\/div>\n\t\t\t\t<\/div>\n\t\t\t\t<section class=\"elementor-section elementor-top-section elementor-element elementor-element-5489a423 elementor-section-stretched elementor-section-boxed elementor-section-height-default elementor-section-height-default\" data-id=\"5489a423\" data-element_type=\"section\" data-e-type=\"section\" data-settings=\"{&quot;stretch_section&quot;:&quot;section-stretched&quot;,&quot;background_background&quot;:&quot;classic&quot;}\">\n\t\t\t\t\t\t<div class=\"elementor-container elementor-column-gap-no\">\n\t\t\t\t\t<div class=\"elementor-column elementor-col-100 elementor-top-column elementor-element elementor-element-77098d1a\" data-id=\"77098d1a\" data-element_type=\"column\" data-e-type=\"column\">\n\t\t\t<div class=\"elementor-widget-wrap\">\n\t\t\t\t\t\t\t<\/div>\n\t\t<\/div>\n\t\t\t\t\t<\/div>\n\t\t<\/section>\n\t\t<div class=\"elementor-element elementor-element-18c80467 e-con-full e-flex e-con e-parent\" data-id=\"18c80467\" data-element_type=\"container\" data-e-type=\"container\">\n\t\t\t\t<div class=\"elementor-element elementor-element-25fdcc17 elementor-widget elementor-widget-heading\" data-id=\"25fdcc17\" data-element_type=\"widget\" data-e-type=\"widget\" data-widget_type=\"heading.default\">\n\t\t\t\t\t<p class=\"elementor-heading-title elementor-size-default\">A D\u00e9couvrir dans la r\u00e9gion<\/p>\t\t\t\t<\/div>\n\t\t\t\t<\/div>\n\t\t\t\t<section class=\"elementor-section elementor-top-section elementor-element elementor-element-5d35aa15 elementor-section-stretched elementor-section-boxed elementor-section-height-default elementor-section-height-default\" data-id=\"5d35aa15\" data-element_type=\"section\" data-e-type=\"section\" data-settings=\"{&quot;stretch_section&quot;:&quot;section-stretched&quot;,&quot;background_background&quot;:&quot;classic&quot;}\">\n\t\t\t\t\t\t<div class=\"elementor-container elementor-column-gap-no\">\n\t\t\t\t\t<div class=\"elementor-column elementor-col-100 elementor-top-column elementor-element elementor-element-3ad2c80\" data-id=\"3ad2c80\" data-element_type=\"column\" data-e-type=\"column\">\n\t\t\t<div class=\"elementor-widget-wrap\">\n\t\t\t\t\t\t\t<\/div>\n\t\t<\/div>\n\t\t\t\t\t<\/div>\n\t\t<\/section>\n\t\t\t\t<section class=\"elementor-section elementor-top-section elementor-element elementor-element-159a63bf elementor-section-stretched elementor-section-content-middle elementor-section-boxed elementor-section-height-default elementor-section-height-default\" data-id=\"159a63bf\" data-element_type=\"section\" data-e-type=\"section\" data-settings=\"{&quot;stretch_section&quot;:&quot;section-stretched&quot;,&quot;background_background&quot;:&quot;classic&quot;}\">\n\t\t\t\t\t\t\t<div class=\"elementor-background-overlay\"><\/div>\n\t\t\t\t\t\t\t<div class=\"elementor-container elementor-column-gap-no\">\n\t\t\t\t\t<div class=\"elementor-column elementor-col-100 elementor-top-column elementor-element elementor-element-22675a6\" data-id=\"22675a6\" data-element_type=\"column\" data-e-type=\"column\">\n\t\t\t<div class=\"elementor-widget-wrap elementor-element-populated\">\n\t\t\t\t\t\t<div class=\"elementor-element elementor-element-69048e08 animated-fast elementor-invisible elementor-widget elementor-widget-heading\" data-id=\"69048e08\" data-element_type=\"widget\" data-e-type=\"widget\" data-settings=\"{&quot;_animation&quot;:&quot;fadeIn&quot;}\" data-widget_type=\"heading.default\">\n\t\t\t\t\t<h2 class=\"elementor-heading-title elementor-size-default\">En Finist\u00e8re ...<\/h2>\t\t\t\t<\/div>\n\t\t\t\t<div class=\"elementor-element elementor-element-5cc9c3c9 elementor-widget elementor-widget-spacer\" data-id=\"5cc9c3c9\" data-element_type=\"widget\" data-e-type=\"widget\" data-widget_type=\"spacer.default\">\n\t\t\t\t\t\t\t<div class=\"elementor-spacer\">\n\t\t\t<div class=\"elementor-spacer-inner\"><\/div>\n\t\t<\/div>\n\t\t\t\t\t\t<\/div>\n\t\t\t\t\t<\/div>\n\t\t<\/div>\n\t\t\t\t\t<\/div>\n\t\t<\/section>\n\t\t\t\t<section class=\"elementor-section elementor-top-section elementor-element elementor-element-165c6235 elementor-section-stretched elementor-section-boxed elementor-section-height-default elementor-section-height-default\" data-id=\"165c6235\" data-element_type=\"section\" data-e-type=\"section\" data-settings=\"{&quot;stretch_section&quot;:&quot;section-stretched&quot;,&quot;background_background&quot;:&quot;classic&quot;}\">\n\t\t\t\t\t\t<div class=\"elementor-container elementor-column-gap-no\">\n\t\t\t\t\t<div class=\"elementor-column elementor-col-100 elementor-top-column elementor-element elementor-element-60727d2e\" data-id=\"60727d2e\" data-element_type=\"column\" data-e-type=\"column\">\n\t\t\t<div class=\"elementor-widget-wrap\">\n\t\t\t\t\t\t\t<\/div>\n\t\t<\/div>\n\t\t\t\t\t<\/div>\n\t\t<\/section>\n\t\t\t\t<section class=\"elementor-section elementor-top-section elementor-element elementor-element-43e2fe3d elementor-section-stretched elementor-section-boxed elementor-section-height-default elementor-section-height-default\" data-id=\"43e2fe3d\" data-element_type=\"section\" data-e-type=\"section\" data-settings=\"{&quot;stretch_section&quot;:&quot;section-stretched&quot;,&quot;background_background&quot;:&quot;classic&quot;}\">\n\t\t\t\t\t\t<div class=\"elementor-container elementor-column-gap-default\">\n\t\t\t\t\t<div class=\"elementor-column elementor-col-100 elementor-top-column elementor-element elementor-element-7f4830ba\" data-id=\"7f4830ba\" data-element_type=\"column\" data-e-type=\"column\">\n\t\t\t<div class=\"elementor-widget-wrap elementor-element-populated\">\n\t\t\t\t\t\t<section class=\"elementor-section elementor-inner-section elementor-element elementor-element-489261af elementor-section-boxed elementor-section-height-default elementor-section-height-default\" data-id=\"489261af\" data-element_type=\"section\" data-e-type=\"section\" data-settings=\"{&quot;background_background&quot;:&quot;classic&quot;}\">\n\t\t\t\t\t\t<div class=\"elementor-container elementor-column-gap-custom\">\n\t\t\t\t\t<div class=\"elementor-column elementor-col-100 elementor-inner-column elementor-element elementor-element-2d5c2854\" data-id=\"2d5c2854\" data-element_type=\"column\" data-e-type=\"column\">\n\t\t\t<div class=\"elementor-widget-wrap\">\n\t\t\t\t\t\t\t<\/div>\n\t\t<\/div>\n\t\t\t\t\t<\/div>\n\t\t<\/section>\n\t\t\t\t\t<\/div>\n\t\t<\/div>\n\t\t\t\t\t<\/div>\n\t\t<\/section>\n\t\t\t\t<\/div>\n\t\t","protected":false},"excerpt":{"rendered":"<p>Location Vacances Tr\u00e9gunc Invit\u00e9s Invit\u00e9s 1 2 3 4 5 6 7 8 9 10 11 12 13 14 15 Tr\u00e9gunc\u00a0est une destination qui s\u00e9duit les visiteurs par ses paysages sauvages et sa qui\u00e9tude.\u00a0 \u00a0Trouver une location vacances \u00e0 Tr\u00e9gunc Locations de Vacances Tr\u00e9gunc et ses alentours &#8211; Nos coups de c\u0153ur en Bretagne LA [&hellip;]<\/p>\n","protected":false},"author":4,"featured_media":17250,"comment_status":"closed","ping_status":"open","sticky":false,"template":"","format":"standard","meta":{"ngg_post_thumbnail":0,"footnotes":""},"categories":[478,592,496,497],"tags":[902,901,900,1180],"class_list":["post-41098","post","type-post","status-publish","format-standard","has-post-thumbnail","hentry","category-bretagne","category-bretagne-sud","category-tregunc","category-trevignon","tag-chambres-dhotes","tag-gites","tag-location","tag-location-vacances"],"_links":{"self":[{"href":"https:\/\/cparici.com\/fr\/wp-json\/wp\/v2\/posts\/41098","targetHints":{"allow":["GET"]}}],"collection":[{"href":"https:\/\/cparici.com\/fr\/wp-json\/wp\/v2\/posts"}],"about":[{"href":"https:\/\/cparici.com\/fr\/wp-json\/wp\/v2\/types\/post"}],"author":[{"embeddable":true,"href":"https:\/\/cparici.com\/fr\/wp-json\/wp\/v2\/users\/4"}],"replies":[{"embeddable":true,"href":"https:\/\/cparici.com\/fr\/wp-json\/wp\/v2\/comments?post=41098"}],"version-history":[{"count":0,"href":"https:\/\/cparici.com\/fr\/wp-json\/wp\/v2\/posts\/41098\/revisions"}],"wp:featuredmedia":[{"embeddable":true,"href":"https:\/\/cparici.com\/fr\/wp-json\/wp\/v2\/media\/17250"}],"wp:attachment":[{"href":"https:\/\/cparici.com\/fr\/wp-json\/wp\/v2\/media?parent=41098"}],"wp:term":[{"taxonomy":"category","embeddable":true,"href":"https:\/\/cparici.com\/fr\/wp-json\/wp\/v2\/categories?post=41098"},{"taxonomy":"post_tag","embeddable":true,"href":"https:\/\/cparici.com\/fr\/wp-json\/wp\/v2\/tags?post=41098"}],"curies":[{"name":"wp","href":"https:\/\/api.w.org\/{rel}","templated":true}]}}