{"id":41231,"date":"2024-07-17T14:35:31","date_gmt":"2024-07-17T12:35:31","guid":{"rendered":"https:\/\/cparici.com\/?p=41231"},"modified":"2026-01-18T14:00:38","modified_gmt":"2026-01-18T13:00:38","slug":"location-vacances-saint-georges-de-didonne","status":"publish","type":"post","link":"https:\/\/cparici.com\/fr\/location-vacances-saint-georges-de-didonne\/","title":{"rendered":"Location Vacances Saint Georges de Didonne"},"content":{"rendered":"\t\t<div data-elementor-type=\"wp-post\" data-elementor-id=\"41231\" class=\"elementor elementor-41231\" data-elementor-post-type=\"post\">\n\t\t\t\t\t\t<section class=\"elementor-section elementor-top-section elementor-element elementor-element-236f078a elementor-section-height-min-height elementor-section-stretched elementor-section-boxed elementor-section-height-default elementor-section-items-middle\" data-id=\"236f078a\" data-element_type=\"section\" data-e-type=\"section\" data-settings=\"{&quot;stretch_section&quot;:&quot;section-stretched&quot;,&quot;background_background&quot;:&quot;classic&quot;}\">\n\t\t\t\t\t\t<div class=\"elementor-container elementor-column-gap-default\">\n\t\t\t\t\t<div class=\"elementor-column elementor-col-100 elementor-top-column elementor-element elementor-element-1b188943\" data-id=\"1b188943\" data-element_type=\"column\" data-e-type=\"column\" data-settings=\"{&quot;background_background&quot;:&quot;classic&quot;}\">\n\t\t\t<div class=\"elementor-widget-wrap\">\n\t\t\t\t\t\t\t<\/div>\n\t\t<\/div>\n\t\t\t\t\t<\/div>\n\t\t<\/section>\n\t\t\t\t<section class=\"elementor-section elementor-top-section elementor-element elementor-element-5b88c5a4 elementor-section-stretched elementor-section-boxed elementor-section-height-default elementor-section-height-default\" data-id=\"5b88c5a4\" data-element_type=\"section\" data-e-type=\"section\" data-settings=\"{&quot;stretch_section&quot;:&quot;section-stretched&quot;,&quot;background_background&quot;:&quot;classic&quot;}\">\n\t\t\t\t\t\t<div class=\"elementor-container elementor-column-gap-no\">\n\t\t\t\t\t<div class=\"elementor-column elementor-col-100 elementor-top-column elementor-element elementor-element-64b1f969\" data-id=\"64b1f969\" data-element_type=\"column\" data-e-type=\"column\">\n\t\t\t<div class=\"elementor-widget-wrap\">\n\t\t\t\t\t\t\t<\/div>\n\t\t<\/div>\n\t\t\t\t\t<\/div>\n\t\t<\/section>\n\t\t<div class=\"elementor-element elementor-element-3ec7e30 e-flex e-con-boxed e-con e-parent\" data-id=\"3ec7e30\" data-element_type=\"container\" data-e-type=\"container\">\n\t\t\t\t\t<div class=\"e-con-inner\">\n\t\t\t\t<div class=\"elementor-element elementor-element-7bf6522 elementor-widget elementor-widget-spacer\" data-id=\"7bf6522\" data-element_type=\"widget\" data-e-type=\"widget\" data-widget_type=\"spacer.default\">\n\t\t\t\t\t\t\t<div class=\"elementor-spacer\">\n\t\t\t<div class=\"elementor-spacer-inner\"><\/div>\n\t\t<\/div>\n\t\t\t\t\t\t<\/div>\n\t\t\t\t<div class=\"elementor-element elementor-element-54fe702 elementor-widget elementor-widget-text-editor\" data-id=\"54fe702\" data-element_type=\"widget\" data-e-type=\"widget\" data-widget_type=\"text-editor.default\">\n\t\t\t\t\t\t\t\t\t<h1><strong>Location Vacances Saint Georges De Didonne<\/strong><\/h1><p>St Georges de Didonne est une station baln\u00e9aire familiale situ\u00e9e \u00e0 l\u2019embouchure de l\u2019estuaire de la Gironde, sur la C\u00f4te de Beaut\u00e9. Elle est appr\u00e9ci\u00e9e pour sa longue plage de sable fin et son centre ville avec sa place principale.<\/p><h2>R\u00e9servez votre location vacances \u00e0 Saint-Georges-de-Didonne et d\u00e9couvrez cette destination bord de mer.<\/h2>\t\t\t\t\t\t\t\t<\/div>\n\t\t\t\t\t<\/div>\n\t\t\t\t<\/div>\n\t\t<aside class=\"elementor-element elementor-element-4d3ef53e e-flex e-con-boxed e-con e-parent\" data-id=\"4d3ef53e\" data-element_type=\"container\" data-e-type=\"container\" data-settings=\"{&quot;background_background&quot;:&quot;classic&quot;}\">\n\t\t\t\t\t<div class=\"e-con-inner\">\n\t\t\t\t<div class=\"elementor-element elementor-element-56fc041b elementor-widget elementor-widget-spacer\" data-id=\"56fc041b\" data-element_type=\"widget\" data-e-type=\"widget\" data-widget_type=\"spacer.default\">\n\t\t\t\t\t\t\t<div class=\"elementor-spacer\">\n\t\t\t<div class=\"elementor-spacer-inner\"><\/div>\n\t\t<\/div>\n\t\t\t\t\t\t<\/div>\n\t\t\t\t<div class=\"elementor-element elementor-element-4133edf9 elementor-widget elementor-widget-heading\" data-id=\"4133edf9\" data-element_type=\"widget\" data-e-type=\"widget\" data-widget_type=\"heading.default\">\n\t\t\t\t\t<h2 class=\"elementor-heading-title elementor-size-default\">Locations Vacances Saint Georges de Didonne en direct<\/h2>\t\t\t\t<\/div>\n\t\t\t\t<div class=\"elementor-element elementor-element-3d05eade elementor-widget elementor-widget-listeo-listings-carousel\" data-id=\"3d05eade\" data-element_type=\"widget\" data-e-type=\"widget\" data-widget_type=\"listeo-listings-carousel.default\">\n\t\t\t\t<div class=\"elementor-widget-container\">\n\t\t\t\t\t        <!-- Carousel \/ Start -->\n        \t<div class=\"simple-slick-carousel dots-nav\" data-slick='{&quot;autoplay&quot;:true,&quot;autoplaySpeed&quot;:3000,&quot;slidesToShow&quot;:3,&quot;slidesToScroll&quot;:1,&quot;responsive&quot;:[{&quot;breakpoint&quot;:1024,&quot;settings&quot;:{&quot;slidesToShow&quot;:2,&quot;slidesToScroll&quot;:1}},{&quot;breakpoint&quot;:768,&quot;settings&quot;:{&quot;slidesToShow&quot;:1,&quot;slidesToScroll&quot;:1}}]}'>\n                            <div class=\"fw-carousel-item\">                    \n                        <!-- Listing Item -->\r\n            <div class=\"col-lg-6 col-md-12\">\r\n                <a href=\"https:\/\/cparici.com\/fr\/annonce\/le-douze\/\" class=\"listing-item-container listing-geo-data compact\" data-title=\"LE DOUZE\" data-listing-type=\"rental\" data-classifieds-price=\"\u20ac\" data-friendly-address=\"41 ter rue de paradis\" data-address=\"41 ter rue de paradis\" data-image=\"https:\/\/cparici.com\/wp-content\/uploads\/2025\/03\/DSC06292-HDR-520x397.jpg\" data-longitude=\"-1.1430937\" data-latitude=\"45.7162024\" data-rating=\"5\" data-reviews=\"4\" data-icon=\"<svg xmlns=&quot;http:\/\/www.w3.org\/2000\/svg&quot; width=&quot;800px&quot; height=&quot;800px&quot; viewBox=&quot;0 0 45 45&quot; fill=&quot;none&quot;>\n<path d=&quot;M24.155 8.78099L24.33 8.94499L37.402 21.787L36 23.213L34.2 21.445L34.201 35C34.201 36.054 33.385 36.918 32.35 36.994L32.201 37H12.201C11.147 37 10.283 36.184 10.206 35.149L10.201 35L10.2 21.446L8.402 23.213L7 21.787L20.058 8.95799C21.171 7.82199 22.966 7.75899 24.155 8.78099ZM21.569 10.285L21.473 10.372L12.2 19.481L12.201 35L17.2 34.999L17.201 25C17.201 23.946 18.017 23.082 19.052 23.005L19.201 23H25.201C26.255 23 27.119 23.816 27.196 24.851L27.201 25L27.2 34.999L32.201 35L32.2 19.48L22.901 10.344C22.537 9.98699 21.969 9.96499 21.569 10.285ZM25.201 25H19.201L19.2 34.999H25.2L25.201 25Z&quot; fill=&quot;#3C3C3C&quot;\/>\n<\/svg>\">\r\n            <div class=\"listing-item  featured-listing\">\r\n                <div class=\"listing-small-badges-container\">\r\n                                            <div class=\"listing-small-badge featured-badge\"><i class=\"fa fa-star\"><\/i> En vedette<\/div>\r\n                                                                <div class=\"listing-small-badge pricing-badge\"><i class=\"fa fa-tag\"><\/i>150,00\u20ac - 171,00\u20ac<\/div>\r\n                                                            \r\n                                        \r\n                                        \r\n                <\/div>\r\n                <img decoding=\"async\" src=\"https:\/\/cparici.com\/wp-content\/uploads\/2025\/03\/DSC06292-HDR-520x397.jpg\" alt=\"LE DOUZE\" class=\"listing-thumbnail\">\r\n                                \r\n\r\n                <div class=\"listing-item-content\">\r\n                                                <div class=\"numerical-rating\" data-rating=\"5.0\"><\/div>\r\n                    \r\n                    <h3> LE DOUZE <i class=\"verified-icon\"><\/i><\/h3>\r\n                    <span>41 ter rue de paradis<\/span>\r\n                <\/div>\r\n                                        <span class=\"save like-icon tooltip left\" title=\"Connexion pour marquer des \u00e9l\u00e9ments\"><\/span>\r\n                                                <\/div>\r\n        <\/a>\r\n                    <\/div>\r\n        \r\n\r\n        <!-- Listing Item \/ End -->\n                    <\/div>\n                                      <div class=\"fw-carousel-item\">                    \n                        <!-- Listing Item -->\r\n            <div class=\"col-lg-6 col-md-12\">\r\n                <a href=\"https:\/\/cparici.com\/fr\/annonce\/villa-lucas-2-7-piscine-spa\/\" class=\"listing-item-container listing-geo-data compact\" data-title=\"Villa Lucas 2-7 Piscine-spa, Meschers sur Gironde\" data-listing-type=\"rental\" data-classifieds-price=\"\u20ac\" data-friendly-address=\"Boulevard de la Falaise\" data-address=\"Boulevard de la Falaise\" data-image=\"https:\/\/cparici.com\/wp-content\/uploads\/2025\/01\/20200519_141942_01-1-edit-20230321171015-520x397.jpg\" data-longitude=\"-0.9543354999999999\" data-latitude=\"45.5547399\" data-rating=\"5\" data-reviews=\"12\" data-icon=\"<svg xmlns=&quot;http:\/\/www.w3.org\/2000\/svg&quot; width=&quot;800px&quot; height=&quot;800px&quot; viewBox=&quot;0 0 45 45&quot; fill=&quot;none&quot;>\n<path d=&quot;M24.155 8.78099L24.33 8.94499L37.402 21.787L36 23.213L34.2 21.445L34.201 35C34.201 36.054 33.385 36.918 32.35 36.994L32.201 37H12.201C11.147 37 10.283 36.184 10.206 35.149L10.201 35L10.2 21.446L8.402 23.213L7 21.787L20.058 8.95799C21.171 7.82199 22.966 7.75899 24.155 8.78099ZM21.569 10.285L21.473 10.372L12.2 19.481L12.201 35L17.2 34.999L17.201 25C17.201 23.946 18.017 23.082 19.052 23.005L19.201 23H25.201C26.255 23 27.119 23.816 27.196 24.851L27.201 25L27.2 34.999L32.201 35L32.2 19.48L22.901 10.344C22.537 9.98699 21.969 9.96499 21.569 10.285ZM25.201 25H19.201L19.2 34.999H25.2L25.201 25Z&quot; fill=&quot;#3C3C3C&quot;\/>\n<\/svg>\">\r\n            <div class=\"listing-item  \">\r\n                <div class=\"listing-small-badges-container\">\r\n                                                                <div class=\"listing-small-badge pricing-badge\"><i class=\"fa fa-tag\"><\/i>370,00\u20ac - 370,00\u20ac<\/div>\r\n                                                            \r\n                                        \r\n                                        \r\n                <\/div>\r\n                <img decoding=\"async\" src=\"https:\/\/cparici.com\/wp-content\/uploads\/2025\/01\/20200519_141942_01-1-edit-20230321171015-520x397.jpg\" alt=\"Villa Lucas 2-7 Piscine-spa, Meschers sur Gironde\" class=\"listing-thumbnail\">\r\n                \r\n\r\n                <div class=\"listing-item-content\">\r\n                                                <div class=\"numerical-rating\" data-rating=\"5.0\"><\/div>\r\n                    \r\n                    <h3> Villa Lucas 2-7 Piscine-spa, Meschers sur Gironde <\/h3>\r\n                    <span>Boulevard de la Falaise<\/span>\r\n                <\/div>\r\n                                        <span class=\"save like-icon tooltip left\" title=\"Connexion pour marquer des \u00e9l\u00e9ments\"><\/span>\r\n                                                <\/div>\r\n        <\/a>\r\n                    <\/div>\r\n        \r\n\r\n        <!-- Listing Item \/ End -->\n                    <\/div>\n                                      <div class=\"fw-carousel-item\">                    \n                        <!-- Listing Item -->\r\n            <div class=\"col-lg-6 col-md-12\">\r\n                <a href=\"https:\/\/cparici.com\/fr\/annonce\/appartement-face-mer\/\" class=\"listing-item-container listing-geo-data compact\" data-title=\"La Perrini\u00e8re Appartement face mer Royan\" data-listing-type=\"rental\" data-classifieds-price=\"\u20ac\" data-friendly-address=\"royan\" data-address=\"royan\" data-image=\"https:\/\/cparici.com\/wp-content\/uploads\/2025\/05\/366880516.jpg\" data-longitude=\"-1.0197084\" data-latitude=\"45.6217724\" data-rating=\"0\" data-reviews=\"0\" data-icon=\"<svg xmlns=&quot;http:\/\/www.w3.org\/2000\/svg&quot; width=&quot;800px&quot; height=&quot;800px&quot; viewBox=&quot;0 0 45 45&quot; fill=&quot;none&quot;>\n<path d=&quot;M24.155 8.78099L24.33 8.94499L37.402 21.787L36 23.213L34.2 21.445L34.201 35C34.201 36.054 33.385 36.918 32.35 36.994L32.201 37H12.201C11.147 37 10.283 36.184 10.206 35.149L10.201 35L10.2 21.446L8.402 23.213L7 21.787L20.058 8.95799C21.171 7.82199 22.966 7.75899 24.155 8.78099ZM21.569 10.285L21.473 10.372L12.2 19.481L12.201 35L17.2 34.999L17.201 25C17.201 23.946 18.017 23.082 19.052 23.005L19.201 23H25.201C26.255 23 27.119 23.816 27.196 24.851L27.201 25L27.2 34.999L32.201 35L32.2 19.48L22.901 10.344C22.537 9.98699 21.969 9.96499 21.569 10.285ZM25.201 25H19.201L19.2 34.999H25.2L25.201 25Z&quot; fill=&quot;#3C3C3C&quot;\/>\n<\/svg>\">\r\n            <div class=\"listing-item  featured-listing\">\r\n                <div class=\"listing-small-badges-container\">\r\n                                            <div class=\"listing-small-badge featured-badge\"><i class=\"fa fa-star\"><\/i> En vedette<\/div>\r\n                                                                <div class=\"listing-small-badge pricing-badge\"><i class=\"fa fa-tag\"><\/i>260,00\u20ac - 390,00\u20ac<\/div>\r\n                                                            \r\n                                        \r\n                                        \r\n                <\/div>\r\n                <img decoding=\"async\" src=\"https:\/\/cparici.com\/wp-content\/uploads\/2025\/05\/366880516.jpg\" alt=\"La Perrini\u00e8re Appartement face mer Royan\" class=\"listing-thumbnail\">\r\n                                \r\n\r\n                <div class=\"listing-item-content\">\r\n                    \r\n                    <h3> La Perrini\u00e8re Appartement face mer Royan <\/h3>\r\n                    <span>royan<\/span>\r\n                <\/div>\r\n                                        <span class=\"save like-icon tooltip left\" title=\"Connexion pour marquer des \u00e9l\u00e9ments\"><\/span>\r\n                                                <\/div>\r\n        <\/a>\r\n                    <\/div>\r\n        \r\n\r\n        <!-- Listing Item \/ End -->\n                    <\/div>\n                                      <div class=\"fw-carousel-item\">                    \n                        <!-- Listing Item -->\r\n            <div class=\"col-lg-6 col-md-12\">\r\n                <a href=\"https:\/\/cparici.com\/fr\/annonce\/bicoque-de-sophie\/\" class=\"listing-item-container listing-geo-data compact\" data-title=\"Bicoque de Sophie\" data-listing-type=\"rental\" data-classifieds-price=\"\u20ac\" data-friendly-address=\"Hyper centre Saint-Georges-de-Didonne\" data-address=\"Hyper centre Saint-Georges-de-Didonne\" data-image=\"https:\/\/cparici.com\/wp-content\/uploads\/2025\/01\/20220601_133451-edit-20230319213149-520x397.jpg\" data-longitude=\"-0.9977845\" data-latitude=\"45.6029549\" data-rating=\"3.7\" data-reviews=\"3\" data-icon=\"<svg xmlns=&quot;http:\/\/www.w3.org\/2000\/svg&quot; width=&quot;800px&quot; height=&quot;800px&quot; viewBox=&quot;0 0 45 45&quot; fill=&quot;none&quot;>\n<path d=&quot;M24.155 8.78099L24.33 8.94499L37.402 21.787L36 23.213L34.2 21.445L34.201 35C34.201 36.054 33.385 36.918 32.35 36.994L32.201 37H12.201C11.147 37 10.283 36.184 10.206 35.149L10.201 35L10.2 21.446L8.402 23.213L7 21.787L20.058 8.95799C21.171 7.82199 22.966 7.75899 24.155 8.78099ZM21.569 10.285L21.473 10.372L12.2 19.481L12.201 35L17.2 34.999L17.201 25C17.201 23.946 18.017 23.082 19.052 23.005L19.201 23H25.201C26.255 23 27.119 23.816 27.196 24.851L27.201 25L27.2 34.999L32.201 35L32.2 19.48L22.901 10.344C22.537 9.98699 21.969 9.96499 21.569 10.285ZM25.201 25H19.201L19.2 34.999H25.2L25.201 25Z&quot; fill=&quot;#3C3C3C&quot;\/>\n<\/svg>\">\r\n            <div class=\"listing-item  \">\r\n                <div class=\"listing-small-badges-container\">\r\n                                                                <div class=\"listing-small-badge pricing-badge\"><i class=\"fa fa-tag\"><\/i>120,00\u20ac - 140,00\u20ac<\/div>\r\n                                                            \r\n                                        \r\n                                        \r\n                <\/div>\r\n                <img decoding=\"async\" src=\"https:\/\/cparici.com\/wp-content\/uploads\/2025\/01\/20220601_133451-edit-20230319213149-520x397.jpg\" alt=\"Bicoque de Sophie\" class=\"listing-thumbnail\">\r\n                \r\n\r\n                <div class=\"listing-item-content\">\r\n                                                <div class=\"numerical-rating\" data-rating=\"3.7\"><\/div>\r\n                    \r\n                    <h3> Bicoque de Sophie <\/h3>\r\n                    <span>Hyper centre Saint-Georges-de-Didonne<\/span>\r\n                <\/div>\r\n                                        <span class=\"save like-icon tooltip left\" title=\"Connexion pour marquer des \u00e9l\u00e9ments\"><\/span>\r\n                                                <\/div>\r\n        <\/a>\r\n                    <\/div>\r\n        \r\n\r\n        <!-- Listing Item \/ End -->\n                    <\/div>\n                                      <div class=\"fw-carousel-item\">                    \n                        <!-- Listing Item -->\r\n            <div class=\"col-lg-6 col-md-12\">\r\n                <a href=\"https:\/\/cparici.com\/fr\/annonce\/cottage-de-lulu-avec-spa\/\" class=\"listing-item-container listing-geo-data compact\" data-title=\"Cottage de Lulu avec Spa Meschers sur Gironde\" data-listing-type=\"rental\" data-classifieds-price=\"\u20ac\" data-friendly-address=\"300m des Grottes de R\u00e9gulus\" data-address=\"300m des Grottes de R\u00e9gulus\" data-image=\"https:\/\/cparici.com\/wp-content\/uploads\/2025\/12\/spa-du-cottage-de-lulu-location-vacances-meschers-520x397.jpg\" data-longitude=\"-0.9544389999999999\" data-latitude=\"45.554722\" data-rating=\"5\" data-reviews=\"12\" data-icon=\"<svg xmlns=&quot;http:\/\/www.w3.org\/2000\/svg&quot; width=&quot;800px&quot; height=&quot;800px&quot; viewBox=&quot;0 0 45 45&quot; fill=&quot;none&quot;>\n<path d=&quot;M24.155 8.78099L24.33 8.94499L37.402 21.787L36 23.213L34.2 21.445L34.201 35C34.201 36.054 33.385 36.918 32.35 36.994L32.201 37H12.201C11.147 37 10.283 36.184 10.206 35.149L10.201 35L10.2 21.446L8.402 23.213L7 21.787L20.058 8.95799C21.171 7.82199 22.966 7.75899 24.155 8.78099ZM21.569 10.285L21.473 10.372L12.2 19.481L12.201 35L17.2 34.999L17.201 25C17.201 23.946 18.017 23.082 19.052 23.005L19.201 23H25.201C26.255 23 27.119 23.816 27.196 24.851L27.201 25L27.2 34.999L32.201 35L32.2 19.48L22.901 10.344C22.537 9.98699 21.969 9.96499 21.569 10.285ZM25.201 25H19.201L19.2 34.999H25.2L25.201 25Z&quot; fill=&quot;#3C3C3C&quot;\/>\n<\/svg>\">\r\n            <div class=\"listing-item  \">\r\n                <div class=\"listing-small-badges-container\">\r\n                                                                <div class=\"listing-small-badge pricing-badge\"><i class=\"fa fa-tag\"><\/i>85,00\u20ac - 150,00\u20ac<\/div>\r\n                                                            \r\n                                        \r\n                                        \r\n                <\/div>\r\n                <img decoding=\"async\" src=\"https:\/\/cparici.com\/wp-content\/uploads\/2025\/12\/spa-du-cottage-de-lulu-location-vacances-meschers-520x397.jpg\" alt=\"Cottage de Lulu avec Spa Meschers sur Gironde\" class=\"listing-thumbnail\">\r\n                \r\n\r\n                <div class=\"listing-item-content\">\r\n                                                <div class=\"numerical-rating\" data-rating=\"5.0\"><\/div>\r\n                    \r\n                    <h3> Cottage de Lulu avec Spa Meschers sur Gironde <\/h3>\r\n                    <span>300m des Grottes de R\u00e9gulus<\/span>\r\n                <\/div>\r\n                                        <span class=\"save like-icon tooltip left\" title=\"Connexion pour marquer des \u00e9l\u00e9ments\"><\/span>\r\n                                                <\/div>\r\n        <\/a>\r\n                    <\/div>\r\n        \r\n\r\n        <!-- Listing Item \/ End -->\n                    <\/div>\n                          <\/div>\n        \t\t\t\t<\/div>\n\t\t\t\t<\/div>\n\t\t\t\t\t<\/div>\n\t\t\t\t<\/aside>\n\t\t<div class=\"elementor-element elementor-element-21509956 e-flex e-con-boxed e-con e-parent\" data-id=\"21509956\" data-element_type=\"container\" data-e-type=\"container\">\n\t\t\t\t\t<div class=\"e-con-inner\">\n\t\t\t\t<div class=\"elementor-element elementor-element-443fb4f7 elementor-widget elementor-widget-text-editor\" data-id=\"443fb4f7\" data-element_type=\"widget\" data-e-type=\"widget\" data-widget_type=\"text-editor.default\">\n\t\t\t\t\t\t\t\t\t<h2><strong>D\u00e9couvrir Saint-Georges-de-Didonne<\/strong><\/h2><p>St Georges de Didonne\u00a0est une petite station baln\u00e9aire situ\u00e9e entre les villes de\u00a0<a href=\"https:\/\/loclilala-vacances.com\/location-vacances-royan\/\" target=\"_blank\" rel=\"noopener\">Royan<\/a>\u00a0et\u00a0<a href=\"https:\/\/loclilala-vacances.com\/location-vacances-meschers-sur-gironde\/\" target=\"_blank\" rel=\"noopener\">Meschers sur Gironde<\/a>, sur la c\u00f4te de beaut\u00e9.\u00a0<\/p><p>Que vous soyez \u00e0 la recherche de vacances bord de mer, de d\u00e9couvertes culturelles ou de balades en pleine nature, Saint-Georges-de-Didonne est la destination id\u00e9ale.<\/p><p>Elle offre un c\u0153ur de ville pittoresque et anim\u00e9 \u00e0 deux pas de la plage.<br \/>Sur la Grande Plage, de nombreuses activit\u00e9s nautiques sont propos\u00e9es tout au long de l\u2019ann\u00e9e : char \u00e0 voile, catamaran, planche \u00e0 voile, paddle, jet ski\u2026Toute la plage est bord\u00e9e par une piste cyclable et une piste pi\u00e9tonne avec des restaurants et des bars.<\/p><p>De St Georges de Didonne, il est facile de se rendre \u00e0\u00a0<a href=\"https:\/\/loclilala-vacances.com\/location-vacances-meschers-sur-gironde\/\" target=\"_blank\" rel=\"noopener\">Meschers sur Gironde<\/a>, ou m\u00eame\u00a0<a href=\"https:\/\/loclilala-vacances.com\/location-vacances-talmont-sur-gironde\/\" target=\"_blank\" rel=\"noopener\">Talmont sur Gironde<\/a>\u00a0et ainsi d\u00e9couvrir les falaises de calcaire et les grottes troglodytes, et les petites plages entour\u00e9es de falaises.<\/p><p>La ville de Royan est \u00e0 quelques minutes seulement. Plus loin, en longeant la c\u00f4te, vous pourrez d\u00e9couvrir la ville de St Palais Sur Mer, la c\u00f4te sauvage qui vous m\u00e8nera jusqu\u2019\u00e0 La Tremblade, et l\u2019\u00eele d\u2019Ol\u00e9ron.<\/p><p>R\u00e9servez votre location vacances \u00e0 Saint-Georges-de-Didonne pour un s\u00e9jour en famille ou entre amis sur la C\u00f4te Atlantique.<\/p>\t\t\t\t\t\t\t\t<\/div>\n\t\t\t\t\t<\/div>\n\t\t\t\t<\/div>\n\t\t<div class=\"elementor-element elementor-element-40d66b5b e-flex e-con-boxed e-con e-parent\" data-id=\"40d66b5b\" data-element_type=\"container\" data-e-type=\"container\">\n\t\t\t\t\t<div class=\"e-con-inner\">\n\t\t<div class=\"elementor-element elementor-element-516df2e4 e-con-full e-flex e-con e-child\" data-id=\"516df2e4\" data-element_type=\"container\" data-e-type=\"container\">\n\t\t\t\t<div class=\"elementor-element elementor-element-1bc2dc52 elementor-widget elementor-widget-image\" data-id=\"1bc2dc52\" data-element_type=\"widget\" data-e-type=\"widget\" data-widget_type=\"image.default\">\n\t\t\t\t\t\t\t\t\t\t\t\t\t\t\t<img decoding=\"async\" width=\"760\" height=\"760\" src=\"https:\/\/cparici.com\/wp-content\/uploads\/2021\/02\/pointe-de-suzac-banniere-2-1024x1024.jpg\" class=\"attachment-large size-large wp-image-15239\" alt=\"Pointe de Suzac rochers plage de saint georges\" srcset=\"https:\/\/cparici.com\/wp-content\/uploads\/2021\/02\/pointe-de-suzac-banniere-2-1024x1024.jpg 1024w, https:\/\/cparici.com\/wp-content\/uploads\/2021\/02\/pointe-de-suzac-banniere-2-300x300.jpg 300w, https:\/\/cparici.com\/wp-content\/uploads\/2021\/02\/pointe-de-suzac-banniere-2-100x100.jpg 100w, https:\/\/cparici.com\/wp-content\/uploads\/2021\/02\/pointe-de-suzac-banniere-2-150x150.jpg 150w, https:\/\/cparici.com\/wp-content\/uploads\/2021\/02\/pointe-de-suzac-banniere-2-1536x1536.jpg 1536w, https:\/\/cparici.com\/wp-content\/uploads\/2021\/02\/pointe-de-suzac-banniere-2-2048x2048.jpg 2048w, https:\/\/cparici.com\/wp-content\/uploads\/2021\/02\/pointe-de-suzac-banniere-2-266x266.jpg 266w\" sizes=\"(max-width: 760px) 100vw, 760px\" \/>\t\t\t\t\t\t\t\t\t\t\t\t\t\t\t<\/div>\n\t\t\t\t<\/div>\n\t\t<div class=\"elementor-element elementor-element-7dfc9ad9 e-con-full e-flex e-con e-child\" data-id=\"7dfc9ad9\" data-element_type=\"container\" data-e-type=\"container\">\n\t\t\t\t<div class=\"elementor-element elementor-element-4a7fc4e1 elementor-widget elementor-widget-image\" data-id=\"4a7fc4e1\" data-element_type=\"widget\" data-e-type=\"widget\" data-widget_type=\"image.default\">\n\t\t\t\t\t\t\t\t\t\t\t\t\t\t\t<img decoding=\"async\" width=\"760\" height=\"760\" src=\"https:\/\/cparici.com\/wp-content\/uploads\/2020\/11\/st-georges-banniere-1024x1024.jpg\" class=\"attachment-large size-large wp-image-11616\" alt=\"Charente Maritime saint georges de didonne\" srcset=\"https:\/\/cparici.com\/wp-content\/uploads\/2020\/11\/st-georges-banniere-1024x1024.jpg 1024w, https:\/\/cparici.com\/wp-content\/uploads\/2020\/11\/st-georges-banniere-300x300.jpg 300w, https:\/\/cparici.com\/wp-content\/uploads\/2020\/11\/st-georges-banniere-100x100.jpg 100w, https:\/\/cparici.com\/wp-content\/uploads\/2020\/11\/st-georges-banniere-150x150.jpg 150w, https:\/\/cparici.com\/wp-content\/uploads\/2020\/11\/st-georges-banniere-1536x1536.jpg 1536w, https:\/\/cparici.com\/wp-content\/uploads\/2020\/11\/st-georges-banniere-2048x2048.jpg 2048w\" sizes=\"(max-width: 760px) 100vw, 760px\" \/>\t\t\t\t\t\t\t\t\t\t\t\t\t\t\t<\/div>\n\t\t\t\t<\/div>\n\t\t\t\t\t<\/div>\n\t\t\t\t<\/div>\n\t\t<div class=\"elementor-element elementor-element-2889cd4e e-flex e-con-boxed e-con e-parent\" data-id=\"2889cd4e\" data-element_type=\"container\" data-e-type=\"container\">\n\t\t\t\t\t<div class=\"e-con-inner\">\n\t\t\t\t<div class=\"elementor-element elementor-element-27c8e39c elementor-widget elementor-widget-text-editor\" data-id=\"27c8e39c\" data-element_type=\"widget\" data-e-type=\"widget\" data-widget_type=\"text-editor.default\">\n\t\t\t\t\t\t\t\t\t<h2>S\u00e9journer \u00e0 Saint-Georges-de-Didonne et explorer la ville<\/h2><p>Le phare de Valli\u00e8res, qui domine le petit port de la commune a \u00e9t\u00e9 construit au tout d\u00e9but du XXe si\u00e8cle. Il se dresse \u00e0 plus de 30 m\u00e8tres de haut et surplombe l\u2019estuaire de la Gironde.<\/p><p>Le Parc de l\u2019Estuaire, v\u00e9ritable p\u00f4le nature, situ\u00e9 en bordure du littoral offre aux visiteurs une exploration ludique de la nature, accompagn\u00e9 par des animateurs passionn\u00e9s.<\/p><p>Des sentiers balis\u00e9s longent le littoral, offrant des panoramas \u00e9poustouflants sur la C\u00f4te de Beaut\u00e9. Nous vous recommandons une agr\u00e9able promenade le long de la for\u00eat de Suzac, o\u00f9 vous pourrez d\u00e9couvrir les blocos, vestiges de la Seconde Guerre mondiale.<\/p><p>Ne manquez pas le coucher de soleil sur la Grande Plage, un spectacle quotidien face \u00e0 l\u2019oc\u00e9an en toute saison.<\/p><p>Un autre rendez-vous \u00e0 ne pas manquer est le march\u00e9 nocturne qui se tient tous les jeudis en \u00e9t\u00e9 le long de la grande plage de Saint-Georges-de-Didonne. C\u2019est l\u2019occasion parfaite pour d\u00e9couvrir les saveurs locales, d\u00e9ambuler entre les \u00e9tals anim\u00e9s, et profiter de l\u2019atmosph\u00e8re chaleureuse de la station baln\u00e9aire.<\/p>\t\t\t\t\t\t\t\t<\/div>\n\t\t\t\t\t<\/div>\n\t\t\t\t<\/div>\n\t\t<div class=\"elementor-element elementor-element-fe01580 e-flex e-con-boxed e-con e-parent\" data-id=\"fe01580\" data-element_type=\"container\" data-e-type=\"container\">\n\t\t\t\t\t<div class=\"e-con-inner\">\n\t\t<div class=\"elementor-element elementor-element-70e14410 e-con-full e-flex e-con e-child\" data-id=\"70e14410\" data-element_type=\"container\" data-e-type=\"container\">\n\t\t\t\t<div class=\"elementor-element elementor-element-4a5ea22f elementor-widget elementor-widget-image\" data-id=\"4a5ea22f\" data-element_type=\"widget\" data-e-type=\"widget\" data-widget_type=\"image.default\">\n\t\t\t\t\t\t\t\t\t\t\t\t\t\t\t<img decoding=\"async\" width=\"760\" height=\"501\" src=\"https:\/\/cparici.com\/wp-content\/uploads\/2021\/02\/eglise-st-georges-1024x675.jpg\" class=\"attachment-large size-large wp-image-39828\" alt=\"Eglise de Saint Georges de Didonne\" srcset=\"https:\/\/cparici.com\/wp-content\/uploads\/2021\/02\/eglise-st-georges-1024x675.jpg 1024w, https:\/\/cparici.com\/wp-content\/uploads\/2021\/02\/eglise-st-georges-600x395.jpg 600w, https:\/\/cparici.com\/wp-content\/uploads\/2021\/02\/eglise-st-georges-300x198.jpg 300w, https:\/\/cparici.com\/wp-content\/uploads\/2021\/02\/eglise-st-georges-768x506.jpg 768w, https:\/\/cparici.com\/wp-content\/uploads\/2021\/02\/eglise-st-georges-1536x1012.jpg 1536w, https:\/\/cparici.com\/wp-content\/uploads\/2021\/02\/eglise-st-georges.jpg 1920w\" sizes=\"(max-width: 760px) 100vw, 760px\" \/>\t\t\t\t\t\t\t\t\t\t\t\t\t\t\t<\/div>\n\t\t\t\t<\/div>\n\t\t<div class=\"elementor-element elementor-element-ce1cf55 e-con-full e-flex e-con e-child\" data-id=\"ce1cf55\" data-element_type=\"container\" data-e-type=\"container\">\n\t\t\t\t<div class=\"elementor-element elementor-element-127950ee elementor-widget elementor-widget-image\" data-id=\"127950ee\" data-element_type=\"widget\" data-e-type=\"widget\" data-widget_type=\"image.default\">\n\t\t\t\t\t\t\t\t\t\t\t\t\t\t\t<img decoding=\"async\" width=\"760\" height=\"760\" src=\"https:\/\/cparici.com\/wp-content\/uploads\/2020\/11\/st-georges-7-1024x1024.jpg\" class=\"attachment-large size-large wp-image-11607\" alt=\"Find a vacation rental in royan\" srcset=\"https:\/\/cparici.com\/wp-content\/uploads\/2020\/11\/st-georges-7-1024x1024.jpg 1024w, https:\/\/cparici.com\/wp-content\/uploads\/2020\/11\/st-georges-7-300x300.jpg 300w, https:\/\/cparici.com\/wp-content\/uploads\/2020\/11\/st-georges-7-100x100.jpg 100w, https:\/\/cparici.com\/wp-content\/uploads\/2020\/11\/st-georges-7-150x150.jpg 150w, https:\/\/cparici.com\/wp-content\/uploads\/2020\/11\/st-georges-7-1536x1536.jpg 1536w, https:\/\/cparici.com\/wp-content\/uploads\/2020\/11\/st-georges-7-2048x2048.jpg 2048w\" sizes=\"(max-width: 760px) 100vw, 760px\" \/>\t\t\t\t\t\t\t\t\t\t\t\t\t\t\t<\/div>\n\t\t\t\t<\/div>\n\t\t\t\t\t<\/div>\n\t\t\t\t<\/div>\n\t\t<div class=\"elementor-element elementor-element-58d97e10 e-flex e-con-boxed e-con e-parent\" data-id=\"58d97e10\" data-element_type=\"container\" data-e-type=\"container\">\n\t\t\t\t\t<div class=\"e-con-inner\">\n\t\t\t\t<div class=\"elementor-element elementor-element-4d42d324 elementor-widget elementor-widget-text-editor\" data-id=\"4d42d324\" data-element_type=\"widget\" data-e-type=\"widget\" data-widget_type=\"text-editor.default\">\n\t\t\t\t\t\t\t\t\t<h2>O\u00f9 se baigner \u00e0 St Georges de Didonne ?<\/h2><p>Saint-Georges-de-Didonne offre plusieurs options id\u00e9ales pour la baignade.<\/p><p>La Grande Plage est l\u2019une des plus populaires. Elle invite les baigneurs \u00e0 profiter du soleil et des vagues douces de l\u2019Atlantique.<\/p><p>La plage de Valli\u00e8res, situ\u00e9e pr\u00e8s du phare de Valli\u00e8res, est une autre option\u00a0 pour se baigner. Son ambiance plus tranquille en fait un endroit appr\u00e9ci\u00e9 des visiteurs en qu\u00eate de calme et de d\u00e9tente.<\/p><p>La Grande Plage est surveill\u00e9e pendant la saison estivale, offrant ainsi un environnement s\u00fbr pour les familles et les amateurs de baignade. Un centre nautique est install\u00e9 toute l\u2019ann\u00e9e et propose des cours de voile, chars \u00e0 voile, paddles\u2026<\/p><h2>O\u00f9 trouver une location vacances \u00e0 St Georges de Didonne ?<\/h2><p>Valli\u00e8res, pointe de Valli\u00e8res : Choisissez Valli\u00e8res pour sa situation id\u00e9ale, entre la plage de St Georges de Didonne et la plage principale de Royan.<\/p><p>Centre ville : Le centre de St Georges vous permettra de tout faire \u00e0 pied, des restaurants et bars autour de la place de l\u2019\u00e9glise, jusqu\u2019\u00e0 la plage et le centre nautique.<\/p><p>En direction de Meschers : Vous pourrez profiter pleinement de la for\u00eat et la pointe de Suzac, \u00e0 quelques minutes seulement de Meschers et ses plages typiques.<\/p><p>Pr\u00e8s de la plage : Entre le centre-ville et la route de Meschers, vous profiterez de ce quartier calme, constitu\u00e9 de maisons espac\u00e9es sous les pins, \u00e0 quelques minutes seulement de la plage.<\/p><p>\u00a0<\/p>\t\t\t\t\t\t\t\t<\/div>\n\t\t\t\t\t<\/div>\n\t\t\t\t<\/div>\n\t\t<div class=\"elementor-element elementor-element-2454e035 e-flex e-con-boxed e-con e-parent\" data-id=\"2454e035\" data-element_type=\"container\" data-e-type=\"container\">\n\t\t\t\t\t<div class=\"e-con-inner\">\n\t\t<div class=\"elementor-element elementor-element-509309bb e-con-full e-flex e-con e-child\" data-id=\"509309bb\" data-element_type=\"container\" data-e-type=\"container\">\n\t\t\t\t<div class=\"elementor-element elementor-element-5a891117 elementor-widget elementor-widget-image\" data-id=\"5a891117\" data-element_type=\"widget\" data-e-type=\"widget\" data-widget_type=\"image.default\">\n\t\t\t\t\t\t\t\t\t\t\t\t\t\t\t<img decoding=\"async\" width=\"760\" height=\"501\" src=\"https:\/\/cparici.com\/wp-content\/uploads\/2021\/02\/vue-panoramique-suzac-st-georges-de-didonne-1024x675.jpg\" class=\"attachment-large size-large wp-image-39843\" alt=\"\" srcset=\"https:\/\/cparici.com\/wp-content\/uploads\/2021\/02\/vue-panoramique-suzac-st-georges-de-didonne-1024x675.jpg 1024w, https:\/\/cparici.com\/wp-content\/uploads\/2021\/02\/vue-panoramique-suzac-st-georges-de-didonne-600x395.jpg 600w, https:\/\/cparici.com\/wp-content\/uploads\/2021\/02\/vue-panoramique-suzac-st-georges-de-didonne-300x198.jpg 300w, https:\/\/cparici.com\/wp-content\/uploads\/2021\/02\/vue-panoramique-suzac-st-georges-de-didonne-768x506.jpg 768w, https:\/\/cparici.com\/wp-content\/uploads\/2021\/02\/vue-panoramique-suzac-st-georges-de-didonne-1536x1012.jpg 1536w, https:\/\/cparici.com\/wp-content\/uploads\/2021\/02\/vue-panoramique-suzac-st-georges-de-didonne.jpg 1920w\" sizes=\"(max-width: 760px) 100vw, 760px\">\t\t\t\t\t\t\t\t\t\t\t\t\t\t\t<\/div>\n\t\t\t\t<\/div>\n\t\t<div class=\"elementor-element elementor-element-1a7b4bbd e-con-full e-flex e-con e-child\" data-id=\"1a7b4bbd\" data-element_type=\"container\" data-e-type=\"container\">\n\t\t\t\t<div class=\"elementor-element elementor-element-79eefd88 elementor-widget elementor-widget-image\" data-id=\"79eefd88\" data-element_type=\"widget\" data-e-type=\"widget\" data-widget_type=\"image.default\">\n\t\t\t\t\t\t\t\t\t\t\t\t\t\t\t<img decoding=\"async\" width=\"760\" height=\"760\" src=\"https:\/\/cparici.com\/wp-content\/uploads\/2020\/11\/st-georges-5-1024x1024.jpg\" class=\"attachment-large size-large wp-image-11601\" alt=\"Find a Vacation Rental in St Georges de Didonne\" srcset=\"https:\/\/cparici.com\/wp-content\/uploads\/2020\/11\/st-georges-5-1024x1024.jpg 1024w, https:\/\/cparici.com\/wp-content\/uploads\/2020\/11\/st-georges-5-300x300.jpg 300w, https:\/\/cparici.com\/wp-content\/uploads\/2020\/11\/st-georges-5-100x100.jpg 100w, https:\/\/cparici.com\/wp-content\/uploads\/2020\/11\/st-georges-5-150x150.jpg 150w, https:\/\/cparici.com\/wp-content\/uploads\/2020\/11\/st-georges-5-1536x1536.jpg 1536w, https:\/\/cparici.com\/wp-content\/uploads\/2020\/11\/st-georges-5-2048x2048.jpg 2048w\" sizes=\"(max-width: 760px) 100vw, 760px\" \/>\t\t\t\t\t\t\t\t\t\t\t\t\t\t\t<\/div>\n\t\t\t\t<\/div>\n\t\t\t\t\t<\/div>\n\t\t\t\t<\/div>\n\t\t<div class=\"elementor-element elementor-element-4bacdb94 e-flex e-con-boxed e-con e-parent\" data-id=\"4bacdb94\" data-element_type=\"container\" data-e-type=\"container\">\n\t\t\t\t\t<div class=\"e-con-inner\">\n\t\t\t\t<div class=\"elementor-element elementor-element-7bd746b1 elementor-widget elementor-widget-spacer\" data-id=\"7bd746b1\" data-element_type=\"widget\" data-e-type=\"widget\" data-widget_type=\"spacer.default\">\n\t\t\t\t\t\t\t<div class=\"elementor-spacer\">\n\t\t\t<div class=\"elementor-spacer-inner\"><\/div>\n\t\t<\/div>\n\t\t\t\t\t\t<\/div>\n\t\t\t\t\t<\/div>\n\t\t\t\t<\/div>\n\t\t<aside class=\"elementor-element elementor-element-5d5146ab e-flex e-con-boxed e-con e-parent\" data-id=\"5d5146ab\" data-element_type=\"container\" data-e-type=\"container\">\n\t\t\t\t\t<div class=\"e-con-inner\">\n\t\t\t\t<div class=\"elementor-element elementor-element-12e8a00d elementor-widget elementor-widget-listeo-posts-grid\" data-id=\"12e8a00d\" data-element_type=\"widget\" data-e-type=\"widget\" data-widget_type=\"listeo-posts-grid.default\">\n\t\t\t\t<div class=\"elementor-widget-container\">\n\t\t\t\t\t\t\t\n\t\t<div class=\"listeo-post-grid-wrapper\">\n\t\t\t<div class=\"row\">\n\n\t\t\t\n\n\t\t\t\t\t\t\t<div class=\"col-md-4\">\n                <a href=\"https:\/\/cparici.com\/fr\/un-violon-sur-le-sable\/\" class=\"blog-compact-item-container\">\n                    <div class=\"blog-compact-item\">\n                        <img decoding=\"async\" width=\"577\" height=\"204\" src=\"https:\/\/cparici.com\/wp-content\/uploads\/2025\/06\/cparici-7-577x204.jpg\" class=\"attachment-listeo-blog-related-post size-listeo-blog-related-post wp-post-image\" alt=\"un violon sur le sable\" srcset=\"https:\/\/cparici.com\/wp-content\/uploads\/2025\/06\/cparici-7-577x204.jpg 577w, https:\/\/cparici.com\/wp-content\/uploads\/2025\/06\/cparici-7-300x106.jpg 300w, https:\/\/cparici.com\/wp-content\/uploads\/2025\/06\/cparici-7-1024x362.jpg 1024w, https:\/\/cparici.com\/wp-content\/uploads\/2025\/06\/cparici-7-768x271.jpg 768w, https:\/\/cparici.com\/wp-content\/uploads\/2025\/06\/cparici-7-18x6.jpg 18w, https:\/\/cparici.com\/wp-content\/uploads\/2025\/06\/cparici-7-590x208.jpg 590w, https:\/\/cparici.com\/wp-content\/uploads\/2025\/06\/cparici-7-1200x424.jpg 1200w, https:\/\/cparici.com\/wp-content\/uploads\/2025\/06\/cparici-7-600x212.jpg 600w, https:\/\/cparici.com\/wp-content\/uploads\/2025\/06\/cparici-7.jpg 1500w\" sizes=\"(max-width: 577px) 100vw, 577px\" \/><span class=\"blog-item-tag\">France<\/span>                        \n                        <div class=\"blog-compact-item-content\">\n                                                        <h3>Un violon sur le sable : le festival classique de Royan<\/h3>\n                                                        <p>Recherches populaires Categories Pas de r\u00e9sultats Voir tous les r\u00e9sultats Un violon sur le sable...                            <\/p>\n                                                    <\/div>\n                    <\/div>\n                <\/a>\n            <\/div>\n\t\t\t<div class=\"col-md-4\">\n                <a href=\"https:\/\/cparici.com\/fr\/rallye-dunes-et-marais\/\" class=\"blog-compact-item-container\">\n                    <div class=\"blog-compact-item\">\n                        <img decoding=\"async\" width=\"577\" height=\"208\" src=\"https:\/\/cparici.com\/wp-content\/uploads\/2024\/07\/rallye-dunes-et-marais.jpg\" class=\"attachment-listeo-blog-related-post size-listeo-blog-related-post wp-post-image\" alt=\"rallye dunes et marais\" srcset=\"https:\/\/cparici.com\/wp-content\/uploads\/2024\/07\/rallye-dunes-et-marais.jpg 1480w, https:\/\/cparici.com\/wp-content\/uploads\/2024\/07\/rallye-dunes-et-marais-600x216.jpg 600w, https:\/\/cparici.com\/wp-content\/uploads\/2024\/07\/rallye-dunes-et-marais-300x108.jpg 300w, https:\/\/cparici.com\/wp-content\/uploads\/2024\/07\/rallye-dunes-et-marais-1024x369.jpg 1024w, https:\/\/cparici.com\/wp-content\/uploads\/2024\/07\/rallye-dunes-et-marais-768x277.jpg 768w\" sizes=\"(max-width: 577px) 100vw, 577px\" \/><span class=\"blog-item-tag\">Charente maritime<\/span>                        \n                        <div class=\"blog-compact-item-content\">\n                                                        <h3>Rallye Dunes et Marais : Un \u00c9v\u00e9nement Incontournable<\/h3>\n                                                        <p>Le Rallye Dunes et Marais Le Rallye Dunes et Marais est une comp\u00e9tition embl\u00e9matique dans...                            <\/p>\n                                                    <\/div>\n                    <\/div>\n                <\/a>\n            <\/div>\n\t\t\t<div class=\"col-md-4\">\n                <a href=\"https:\/\/cparici.com\/fr\/plage-des-nonnes-meschers\/\" class=\"blog-compact-item-container\">\n                    <div class=\"blog-compact-item\">\n                        <img decoding=\"async\" width=\"577\" height=\"178\" src=\"https:\/\/cparici.com\/wp-content\/uploads\/2020\/12\/plage-des-nonnes-banniere.jpg\" class=\"attachment-listeo-blog-related-post size-listeo-blog-related-post wp-post-image\" alt=\"plage des nonnes meschers sur gironde\" srcset=\"https:\/\/cparici.com\/wp-content\/uploads\/2020\/12\/plage-des-nonnes-banniere.jpg 1520w, https:\/\/cparici.com\/wp-content\/uploads\/2020\/12\/plage-des-nonnes-banniere-600x184.jpg 600w, https:\/\/cparici.com\/wp-content\/uploads\/2020\/12\/plage-des-nonnes-banniere-768x236.jpg 768w\" sizes=\"(max-width: 577px) 100vw, 577px\" \/><span class=\"blog-item-tag\">France<\/span>                        \n                        <div class=\"blog-compact-item-content\">\n                                                        <h3>Plage des Nonnes \u00e0 Meschers<\/h3>\n                                                        <p>Plage des S\u0153urs \u00e0 Meschers - D\u00e9couvrez la Plage des S\u0153urs \u00e0 Meschers sur Gironde,...                            <\/p>\n                                                    <\/div>\n                    <\/div>\n                <\/a>\n            <\/div>\n  <\/div>\n        <\/div>\n        \t\t\t\t<\/div>\n\t\t\t\t<\/div>\n\t\t\t\t\t<\/div>\n\t\t\t\t<\/aside>\n\t\t<div class=\"elementor-element elementor-element-1d15abe3 e-flex e-con-boxed e-con e-parent\" data-id=\"1d15abe3\" data-element_type=\"container\" data-e-type=\"container\">\n\t\t\t\t\t<div class=\"e-con-inner\">\n\t\t<div class=\"elementor-element elementor-element-79c62300 e-con-full e-flex e-con e-child\" data-id=\"79c62300\" data-element_type=\"container\" data-e-type=\"container\">\n\t\t\t\t<div class=\"elementor-element elementor-element-1ee1f50e elementor-widget elementor-widget-text-editor\" data-id=\"1ee1f50e\" data-element_type=\"widget\" data-e-type=\"widget\" data-widget_type=\"text-editor.default\">\n\t\t\t\t\t\t\t\t\t<p>Cet article a \u00e9t\u00e9 r\u00e9dig\u00e9 par Alex Arts,\u00a0<a href=\"https:\/\/alexantoine-photos.weebly.com\/\" target=\"_blank\" rel=\"noopener\">photographe<\/a>,\u00a0<a href=\"https:\/\/www.linkedin.com\/in\/alex-b-arts\/\" target=\"_blank\" rel=\"noopener\">cr\u00e9ateur de contenu<\/a>, et <a href=\"https:\/\/www.google.com\/maps\/contrib\/100986619723712834113\/reviews\/@45.8933481,-4.1449199,6z\/data=!4m3!8m2!3m1!1e1?entry=ttu&g_ep=EgoyMDI1MTIwOS4wIKXMDSoKLDEwMDc5MjA2OUgBUAM%3D\" target=\"_blank\" rel=\"noopener\">guide local de niveau 6 sur Google Maps<\/a><\/p>\t\t\t\t\t\t\t\t<\/div>\n\t\t\t\t<div class=\"elementor-element elementor-element-1019f482 elementor-widget elementor-widget-author-box\" data-id=\"1019f482\" data-element_type=\"widget\" data-e-type=\"widget\" data-widget_type=\"author-box.default\">\n\t\t\t\t\t\t\t<div class=\"elementor-author-box\">\n\t\t\t\t\t\t\t<a href=\"https:\/\/www.linkedin.com\/in\/alex-b-arts\/\" class=\"elementor-author-box__avatar\" target=\"_blank\" rel=\"noopener\">\n\t\t\t\t\t<img decoding=\"async\" src=\"https:\/\/cparici.com\/wp-content\/uploads\/2024\/09\/photo-alex-arts-300x300.jpeg\" alt=\"Image de Alex Arts\" loading=\"lazy\">\n\t\t\t\t<\/a>\n\t\t\t\n\t\t\t<div class=\"elementor-author-box__text\">\n\t\t\t\t\t\t\t\t\t<a href=\"https:\/\/www.linkedin.com\/in\/alex-b-arts\/\" target=\"_blank\" rel=\"noopener\">\n\t\t\t\t\t\t<h4 class=\"elementor-author-box__name\">\n\t\t\t\t\t\t\tAlex Arts\t\t\t\t\t\t<\/h4>\n\t\t\t\t\t<\/a>\n\t\t\t\t\n\t\t\t\t\t\t\t\t\t<div class=\"elementor-author-box__bio\">\n\t\t\t\t\t\t<p>Photographe, cr\u00e9ateur de contenu et local guide<\/p>\n\t\t\t\t\t<\/div>\n\t\t\t\t\n\t\t\t\t\t\t\t<\/div>\n\t\t<\/div>\n\t\t\t\t\t\t<\/div>\n\t\t\t\t<\/div>\n\t\t\t\t\t<\/div>\n\t\t\t\t<\/div>\n\t\t\t\t<\/div>\n\t\t","protected":false},"excerpt":{"rendered":"<p>Location Vacances Saint Georges De Didonne St Georges de Didonne est une station baln\u00e9aire familiale situ\u00e9e \u00e0 l\u2019embouchure de l\u2019estuaire de la Gironde, sur la C\u00f4te de Beaut\u00e9. Elle est appr\u00e9ci\u00e9e pour sa longue plage de sable fin et son centre ville avec sa place principale. R\u00e9servez votre location vacances \u00e0 Saint-Georges-de-Didonne et d\u00e9couvrez cette [&hellip;]<\/p>\n","protected":false},"author":4,"featured_media":39837,"comment_status":"closed","ping_status":"open","sticky":false,"template":"","format":"standard","meta":{"ngg_post_thumbnail":0,"footnotes":""},"categories":[462,461,480],"tags":[1180],"class_list":["post-41231","post","type-post","status-publish","format-standard","has-post-thumbnail","hentry","category-saint-georges-de-didonne","category-charente-maritime","category-poitou-charentes","tag-location-vacances"],"_links":{"self":[{"href":"https:\/\/cparici.com\/fr\/wp-json\/wp\/v2\/posts\/41231","targetHints":{"allow":["GET"]}}],"collection":[{"href":"https:\/\/cparici.com\/fr\/wp-json\/wp\/v2\/posts"}],"about":[{"href":"https:\/\/cparici.com\/fr\/wp-json\/wp\/v2\/types\/post"}],"author":[{"embeddable":true,"href":"https:\/\/cparici.com\/fr\/wp-json\/wp\/v2\/users\/4"}],"replies":[{"embeddable":true,"href":"https:\/\/cparici.com\/fr\/wp-json\/wp\/v2\/comments?post=41231"}],"version-history":[{"count":0,"href":"https:\/\/cparici.com\/fr\/wp-json\/wp\/v2\/posts\/41231\/revisions"}],"wp:featuredmedia":[{"embeddable":true,"href":"https:\/\/cparici.com\/fr\/wp-json\/wp\/v2\/media\/39837"}],"wp:attachment":[{"href":"https:\/\/cparici.com\/fr\/wp-json\/wp\/v2\/media?parent=41231"}],"wp:term":[{"taxonomy":"category","embeddable":true,"href":"https:\/\/cparici.com\/fr\/wp-json\/wp\/v2\/categories?post=41231"},{"taxonomy":"post_tag","embeddable":true,"href":"https:\/\/cparici.com\/fr\/wp-json\/wp\/v2\/tags?post=41231"}],"curies":[{"name":"wp","href":"https:\/\/api.w.org\/{rel}","templated":true}]}}