{"id":41585,"date":"2024-07-19T08:19:39","date_gmt":"2024-07-19T06:19:39","guid":{"rendered":"https:\/\/cparici.com\/?p=41585"},"modified":"2026-02-20T19:59:53","modified_gmt":"2026-02-20T18:59:53","slug":"ile-de-batz","status":"publish","type":"post","link":"https:\/\/cparici.com\/fr\/ile-de-batz\/","title":{"rendered":"Ile de Batz : guide complet pour une escapade inoubliable"},"content":{"rendered":"\t\t<div data-elementor-type=\"wp-post\" data-elementor-id=\"41585\" class=\"elementor elementor-41585\" data-elementor-post-type=\"post\">\n\t\t\t\t<div class=\"elementor-element elementor-element-92774d0 e-flex e-con-boxed e-con e-parent\" data-id=\"92774d0\" data-element_type=\"container\" data-e-type=\"container\">\n\t\t\t\t\t<div class=\"e-con-inner\">\n\t\t\t\t<div class=\"elementor-element elementor-element-bab8a12 elementor-widget elementor-widget-image\" data-id=\"bab8a12\" data-element_type=\"widget\" data-e-type=\"widget\" data-widget_type=\"image.default\">\n\t\t\t\t\t\t\t\t\t\t\t\t\t\t\t<img decoding=\"async\" width=\"1500\" height=\"536\" src=\"https:\/\/cparici.com\/wp-content\/uploads\/2024\/07\/ile-de-batz.jpg\" class=\"attachment-full size-full wp-image-41586\" alt=\"ile de batz\" srcset=\"https:\/\/cparici.com\/wp-content\/uploads\/2024\/07\/ile-de-batz.jpg 1500w, https:\/\/cparici.com\/wp-content\/uploads\/2024\/07\/ile-de-batz-600x214.jpg 600w, https:\/\/cparici.com\/wp-content\/uploads\/2024\/07\/ile-de-batz-300x107.jpg 300w, https:\/\/cparici.com\/wp-content\/uploads\/2024\/07\/ile-de-batz-1024x366.jpg 1024w, https:\/\/cparici.com\/wp-content\/uploads\/2024\/07\/ile-de-batz-768x274.jpg 768w\" sizes=\"(max-width: 1500px) 100vw, 1500px\" \/>\t\t\t\t\t\t\t\t\t\t\t\t\t\t\t<\/div>\n\t\t\t\t\t<\/div>\n\t\t\t\t<\/div>\n\t\t<aside class=\"elementor-element elementor-element-57a67e1 e-flex e-con-boxed e-con e-parent\" data-id=\"57a67e1\" data-element_type=\"container\" data-e-type=\"container\">\n\t\t\t\t\t<div class=\"e-con-inner\">\n\t\t\t\t<div class=\"elementor-element elementor-element-fdf8ad3 elementor-widget elementor-widget-global elementor-global-62046 elementor-widget-eael-advanced-search\" data-id=\"fdf8ad3\" data-element_type=\"widget\" data-e-type=\"widget\" data-widget_type=\"eael-advanced-search.default\">\n\t\t\t\t\t        <div class=\"eael-adv-search-wrapper\">\n            <div id=\"eael-advanced-search-widget-fdf8ad3\" class=\"eael-advanced-search-widget\">\n                <form data-settings=\"{&quot;post_per_page&quot;:5,&quot;search_among_taxonomies&quot;:&quot;&quot;,&quot;search_among_sku&quot;:&quot;no&quot;,&quot;show_popular_keyword&quot;:0,&quot;show_category&quot;:0,&quot;show_content_image&quot;:1,&quot;show_search_result_all_results&quot;:0,&quot;result_on_new_tab&quot;:&quot;no&quot;,&quot;show_product_price&quot;:&quot;no&quot;,&quot;include_current_page&quot;:&quot;no&quot;,&quot;current_post_id&quot;:41585,&quot;post_type&quot;:[&quot;post&quot;,&quot;listing&quot;]}\" method=\"POST\" name=\"eael-advanced-search-form-fdf8ad3\" class=\"eael-advanced-search-form eael-advanced-search-form-style-2\">\n                    <div class=\"eael-advanced-search-wrap\">\n                        <span class=\"eael-adv-search-loader\"><\/span>\n                        <span class=\"eael-adv-search-close\"><i class=\"fas fa-times\"><\/i><\/span>\n                        <span class=\"icon \"><i class=\"fas fa-search\"><\/i><\/span>\n\n                        <input type=\"text\"\n                               placeholder=\"Votre destination\"\n                               class=\"eael-advanced-search\" autocomplete=\"off\" name=\"eael_advanced_search\">\n                    <\/div>\n\t\t\t\t\t                                    <\/form>\n\n\t\t\t\t\n\t\t\t\t        <div class=\"eael-advanced-search-result\">\n            <div class=\"eael-advanced-search-popular-keyword\">\n\t\t\t\t<h4 class=\"eael-advanced-search-popular-keyword-text\">Recherches populaires<\/h4>                <div class=\"eael-popular-keyword-content\"><\/div>\n            <\/div>\n            <div class=\"eael-advanced-search-category\">\n\t\t\t\t<h4 class=\"eael-advanced-search-category-text\">Categories<\/h4>                <div class=\"eael-popular-category-content\"><\/div>\n            <\/div>\n\t\t\t<div class=\"eael-advanced-search-total-results-section\">\n\t\t\t\t\t\t\t<\/div>\n            <div class=\"eael-advanced-search-content eael-item-style-3\">\n            <\/div>\n            <div class=\"eael-advanced-search-not-found\">\n                <p>Pas de r\u00e9sultats<\/p><\/div>\n            <div class=\"eael-advanced-search-load-more\">\n\t\t\t\t<a \tclass=\"eael-advanced-search-load-more-button\"\n                \thref=\"#\">Voir tous les r\u00e9sultats<\/a>\n            <\/div>\n        <\/div>\n\n\t\t            <\/div>\n        <\/div>\n\n\t\t\t\t\t\t<\/div>\n\t\t\t\t\t<\/div>\n\t\t\t\t<\/aside>\n\t\t<div class=\"elementor-element elementor-element-36bdf4cc e-flex e-con-boxed e-con e-parent\" data-id=\"36bdf4cc\" data-element_type=\"container\" data-e-type=\"container\">\n\t\t\t\t\t<div class=\"e-con-inner\">\n\t\t\t\t<div class=\"elementor-element elementor-element-78d2b951 elementor-widget elementor-widget-text-editor\" data-id=\"78d2b951\" data-element_type=\"widget\" data-e-type=\"widget\" data-widget_type=\"text-editor.default\">\n\t\t\t\t\t\t\t\t\t<h1 style=\"text-align: center;\"><span style=\"font-size: 18pt;\"><strong>\u00eele de Batz<\/strong><\/span><\/h1><p>Imaginez-vous \u00e9vadant sur une \u00eele bretonne, un lieu o\u00f9 la nature luxuriante, la richesse culturelle et la qu\u00eate du bien-\u00eatre se m\u00ealent \u00e0 la perfection. <strong>L&#8217;Ile de Batz<\/strong> est votre destination id\u00e9ale !<\/p><p>\u00c0 seulement quelques minutes en bateau depuis Roscoff, cette charmante petite \u00eele du <a href=\"https:\/\/cparici.com\/fr\/visiter-le-finistere-guide-ultime-des-lieux-a-decouvrir\/\">Finist\u00e8re<\/a> vous promet une \u00e9vasion totale. Vous y trouverez des plages de sable blanc, des paysages verdoyants \u00e0 perte de vue, un riche patrimoine historique et une gastronomie locale savoureuse. Dans ce guide complet, nous vous offrons toutes les informations essentielles pour organiser votre escapade sur l&#8217;\u00eele de Batz, ainsi que nos recommandations des meilleures activit\u00e9s \u00e0 y d\u00e9couvrir. Accompagnez-nous pour explorer ce joyau breton !<\/p>\t\t\t\t\t\t\t\t<\/div>\n\t\t\t\t\t<\/div>\n\t\t\t\t<\/div>\n\t\t<aside class=\"elementor-element elementor-element-518bed4b e-flex e-con-boxed e-con e-parent\" data-id=\"518bed4b\" data-element_type=\"container\" data-e-type=\"container\" data-settings=\"{&quot;background_background&quot;:&quot;classic&quot;}\">\n\t\t\t\t\t<div class=\"e-con-inner\">\n\t\t\t\t<div class=\"elementor-element elementor-element-7cf8415d elementor-widget elementor-widget-spacer\" data-id=\"7cf8415d\" data-element_type=\"widget\" data-e-type=\"widget\" data-widget_type=\"spacer.default\">\n\t\t\t\t\t\t\t<div class=\"elementor-spacer\">\n\t\t\t<div class=\"elementor-spacer-inner\"><\/div>\n\t\t<\/div>\n\t\t\t\t\t\t<\/div>\n\t\t\t\t<div class=\"elementor-element elementor-element-662ca7b1 elementor-widget elementor-widget-heading\" data-id=\"662ca7b1\" data-element_type=\"widget\" data-e-type=\"widget\" data-widget_type=\"heading.default\">\n\t\t\t\t\t<h2 class=\"elementor-heading-title elementor-size-default\">H\u00e9bergements de Vacances \u00eele de Batz en direct<\/h2>\t\t\t\t<\/div>\n\t\t\t\t<div class=\"elementor-element elementor-element-7a117b5e elementor-widget elementor-widget-listeo-listings-carousel\" data-id=\"7a117b5e\" data-element_type=\"widget\" data-e-type=\"widget\" data-widget_type=\"listeo-listings-carousel.default\">\n\t\t\t\t<div class=\"elementor-widget-container\">\n\t\t\t\t\t        <!-- Carousel \/ Start -->\n        \t<div class=\"simple-slick-carousel dots-nav\" data-slick='{&quot;autoplay&quot;:true,&quot;autoplaySpeed&quot;:3000,&quot;slidesToShow&quot;:3,&quot;slidesToScroll&quot;:1,&quot;responsive&quot;:[{&quot;breakpoint&quot;:1024,&quot;settings&quot;:{&quot;slidesToShow&quot;:2,&quot;slidesToScroll&quot;:1}},{&quot;breakpoint&quot;:768,&quot;settings&quot;:{&quot;slidesToShow&quot;:1,&quot;slidesToScroll&quot;:1}}]}'>\n                            <div class=\"fw-carousel-item\">                    \n                        <!-- Listing Item -->\r\n            <div class=\"col-lg-6 col-md-12\">\r\n                <a href=\"https:\/\/cparici.com\/fr\/annonce\/maison-de-vacances-ty-eon-mor\/\" class=\"listing-item-container listing-geo-data compact\" data-title=\"Maison de Vacances Ty Eon Mor\" data-listing-type=\"rental\" data-classifieds-price=\"&euro;\" data-friendly-address=\"saint-Pol-de-L\u00e9on , 150 m plage de Sainte-Anne\" data-address=\"saint-Pol-de-L\u00e9on , 150 m plage de Sainte-Anne\" data-image=\"https:\/\/cparici.com\/wp-content\/uploads\/2026\/01\/IMG-20260130-WA0028-520x397.jpg\" data-longitude=\"-3.969706\" data-latitude=\"48.6889036\" data-rating=\"0\" data-reviews=\"0\" data-icon=\"&lt;svg xmlns=&quot;http:\/\/www.w3.org\/2000\/svg&quot; width=&quot;800px&quot; height=&quot;800px&quot; viewBox=&quot;0 0 45 45&quot; fill=&quot;none&quot;&gt;\n&lt;path d=&quot;M24.155 8.78099L24.33 8.94499L37.402 21.787L36 23.213L34.2 21.445L34.201 35C34.201 36.054 33.385 36.918 32.35 36.994L32.201 37H12.201C11.147 37 10.283 36.184 10.206 35.149L10.201 35L10.2 21.446L8.402 23.213L7 21.787L20.058 8.95799C21.171 7.82199 22.966 7.75899 24.155 8.78099ZM21.569 10.285L21.473 10.372L12.2 19.481L12.201 35L17.2 34.999L17.201 25C17.201 23.946 18.017 23.082 19.052 23.005L19.201 23H25.201C26.255 23 27.119 23.816 27.196 24.851L27.201 25L27.2 34.999L32.201 35L32.2 19.48L22.901 10.344C22.537 9.98699 21.969 9.96499 21.569 10.285ZM25.201 25H19.201L19.2 34.999H25.2L25.201 25Z&quot; fill=&quot;#3C3C3C&quot;\/&gt;\n&lt;\/svg&gt;\">\r\n            <div class=\"listing-item  featured-listing\">\r\n                <div class=\"listing-small-badges-container\">\r\n                                            <div class=\"listing-small-badge featured-badge\"><i class=\"fa fa-star\"><\/i> En vedette<\/div>\r\n                                                                <div class=\"listing-small-badge pricing-badge\"><i class=\"fa fa-tag\"><\/i>93,00&euro; - 207,00&euro;<\/div>\r\n                                                            \r\n                                        \r\n                                        \r\n                <\/div>\r\n                <img decoding=\"async\" src=\"https:\/\/cparici.com\/wp-content\/uploads\/2026\/01\/IMG-20260130-WA0028-520x397.jpg\" alt=\"Maison de Vacances Ty Eon Mor\" class=\"listing-thumbnail\">\r\n                \r\n\r\n                <div class=\"listing-item-content\">\r\n                    \r\n                    <h3> Maison de Vacances Ty Eon Mor <\/h3>\r\n                    <span>saint-Pol-de-L\u00e9on , 150 m plage de Sainte-Anne<\/span>\r\n                <\/div>\r\n                                        <span class=\"save like-icon tooltip left\" title=\"Connexion pour marquer des \u00e9l\u00e9ments\"><\/span>\r\n                                                <\/div>\r\n        <\/a>\r\n                    <\/div>\r\n        \r\n\r\n        <!-- Listing Item \/ End -->\n                    <\/div>\n                                      <div class=\"fw-carousel-item\">                    \n                        <!-- Listing Item -->\r\n            <div class=\"col-lg-6 col-md-12\">\r\n                <a href=\"https:\/\/cparici.com\/fr\/annonce\/maison-de-vacances-ty-roscoff\/\" class=\"listing-item-container listing-geo-data compact\" data-title=\"Maison de vacances Ty Rosc&#8217;OFF\" data-listing-type=\"rental\" data-classifieds-price=\"&euro;\" data-friendly-address=\"Roscoff 400m du centre historique\" data-address=\"Roscoff 400m du centre historique\" data-image=\"https:\/\/cparici.com\/wp-content\/uploads\/2026\/01\/maison-roscoff-520x397.jpeg\" data-longitude=\"-3.971965312957764\" data-latitude=\"48.72219081931061\" data-rating=\"0\" data-reviews=\"0\" data-icon=\"&lt;svg xmlns=&quot;http:\/\/www.w3.org\/2000\/svg&quot; width=&quot;800px&quot; height=&quot;800px&quot; viewBox=&quot;0 0 45 45&quot; fill=&quot;none&quot;&gt;\n&lt;path d=&quot;M24.155 8.78099L24.33 8.94499L37.402 21.787L36 23.213L34.2 21.445L34.201 35C34.201 36.054 33.385 36.918 32.35 36.994L32.201 37H12.201C11.147 37 10.283 36.184 10.206 35.149L10.201 35L10.2 21.446L8.402 23.213L7 21.787L20.058 8.95799C21.171 7.82199 22.966 7.75899 24.155 8.78099ZM21.569 10.285L21.473 10.372L12.2 19.481L12.201 35L17.2 34.999L17.201 25C17.201 23.946 18.017 23.082 19.052 23.005L19.201 23H25.201C26.255 23 27.119 23.816 27.196 24.851L27.201 25L27.2 34.999L32.201 35L32.2 19.48L22.901 10.344C22.537 9.98699 21.969 9.96499 21.569 10.285ZM25.201 25H19.201L19.2 34.999H25.2L25.201 25Z&quot; fill=&quot;#3C3C3C&quot;\/&gt;\n&lt;\/svg&gt;\">\r\n            <div class=\"listing-item  \">\r\n                <div class=\"listing-small-badges-container\">\r\n                                                                <div class=\"listing-small-badge pricing-badge\"><i class=\"fa fa-tag\"><\/i>140,00&euro; - 280,00&euro;<\/div>\r\n                                                            \r\n                                        \r\n                                        \r\n                <\/div>\r\n                <img decoding=\"async\" src=\"https:\/\/cparici.com\/wp-content\/uploads\/2026\/01\/maison-roscoff-520x397.jpeg\" alt=\"Maison de vacances Ty Rosc&#8217;OFF\" class=\"listing-thumbnail\">\r\n                \r\n\r\n                <div class=\"listing-item-content\">\r\n                    \r\n                    <h3> Maison de vacances Ty Rosc&#8217;OFF <\/h3>\r\n                    <span>Roscoff 400m du centre historique<\/span>\r\n                <\/div>\r\n                                        <span class=\"save like-icon tooltip left\" title=\"Connexion pour marquer des \u00e9l\u00e9ments\"><\/span>\r\n                                                <\/div>\r\n        <\/a>\r\n                    <\/div>\r\n        \r\n\r\n        <!-- Listing Item \/ End -->\n                    <\/div>\n                          <\/div>\n        \t\t\t\t<\/div>\n\t\t\t\t<\/div>\n\t\t\t\t\t<\/div>\n\t\t\t\t<\/aside>\n\t\t<div class=\"elementor-element elementor-element-4b6fd88 e-flex e-con-boxed e-con e-parent\" data-id=\"4b6fd88\" data-element_type=\"container\" data-e-type=\"container\">\n\t\t\t\t\t<div class=\"e-con-inner\">\n\t\t\t\t<div class=\"elementor-element elementor-element-a5b1334 elementor-widget elementor-widget-text-editor\" data-id=\"a5b1334\" data-element_type=\"widget\" data-e-type=\"widget\" data-widget_type=\"text-editor.default\">\n\t\t\t\t\t\t\t\t\t<h2>Planifier votre visite sur l&#8217;\u00eele de Batz<\/h2><p><strong>L&#8217;Ile de Batz,\u00a0 accessible depuis le port de Roscoff<\/strong> dans le Finist\u00e8re nord, vous accueille \u00e0 la suite d&#8217;une courte travers\u00e9e de 15 minutes propos\u00e9e par diverses compagnies. Pour organiser au mieux votre d\u00e9placement, consultez les horaires et tarifs sur le site officiel de l&#8217;\u00eele de Batz. Si vous pr\u00e9voyez de venir en voiture, sachez que des parkings payants sont disponibles pr\u00e8s du port de Roscoff.<\/p><p>Les liaisons vers Roscoff sont \u00e9galement assur\u00e9es par train ou bus depuis les grandes villes de <a href=\"https:\/\/cparici.com\/fr\/visiter-la-bretagne-guide-des-sites-et-villes-a-explorer\/\">Bretagne<\/a>, facilitant ainsi votre arriv\u00e9e sur l&#8217;\u00eele.<\/p><p>L&#8217;\u00eele de Batz jouit d&#8217;un climat oc\u00e9anique doux, propice \u00e0 une flore exceptionnelle, avec des temp\u00e9ratures moyennes de 12\u00b0C en hiver et de 17\u00b0C en \u00e9t\u00e9. Malgr\u00e9 des pr\u00e9cipitations fr\u00e9quentes, majoritairement sous forme de bruine, et un vent pouvant \u00eatre fort sur la c\u00f4te nord, le climat reste agr\u00e9able tout au long de l&#8217;ann\u00e9e.<\/p><p>Les saisons id\u00e9ales pour d\u00e9couvrir l&#8217;\u00eele de Batz sont le printemps, pour admirer la floraison, et l&#8217;automne, pour ses couleurs \u00e9clatantes. Bien que l&#8217;\u00e9t\u00e9 soit la p\u00e9riode de haute affluence, l&#8217;\u00eele demeure un havre de paix, loin du tumulte des grandes destinations touristiques.<\/p><p>En termes d&#8217;h\u00e9bergement, l&#8217;\u00eele de Batz offre un large choix pour tous les go\u00fbts et tous les budgets : h\u00f4tels, chambres d&#8217;h\u00f4tes, g\u00eetes, campings ou yourtes. Les r\u00e9servations peuvent \u00eatre effectu\u00e9es via le site de l&#8217;office de tourisme de l&#8217;\u00eele de Batz.<\/p><p>L&#8217;\u00eele dispose \u00e9galement d&#8217;une vari\u00e9t\u00e9 de restaurants, cr\u00eaperies, bars, et commerces de proximit\u00e9. Bien que la majorit\u00e9 accepte les paiements par carte, il est prudent de disposer de quelques esp\u00e8ces. L&#8217;\u00eele de Batz est l&#8217;endroit parfait pour se d\u00e9tendre, se promener et s&#8217;immerger dans la nature.<\/p><p>Enfin, lors de votre visite, veillez \u00e0 respecter l&#8217;environnement et les habitants de l&#8217;\u00eele, qui vous accueillent chaleureusement.<\/p><h2>\u00c0 la d\u00e9couverte de l&#8217;Ile de Batz<\/h2><p>L&#8217;\u00eele de Batz, un joyau \u00e0 explorer, offre une multitude de sites et d&#8217;activit\u00e9s pour tous les go\u00fbts. Que vous soyez passionn\u00e9 d&#8217;histoire, amoureux de la nature ou en qu\u00eate d&#8217;aventure, cette \u00eele charmante saura vous s\u00e9duire.<\/p><h3>Les incontournables : sites et activit\u00e9s<\/h3><p>Sur l&#8217;\u00eele de Batz, le phare, culminant \u00e0 44 m\u00e8tres, est un must-see. Il permet d&#8217;acc\u00e9der \u00e0 une vue panoramique \u00e9poustouflante sur la mer et les \u00eeles alentour. La chapelle Sainte-Anne, datant du 16\u00e8me si\u00e8cle, renferme une statue de Saint-Pol-Aur\u00e9lien, \u00e9minent fondateur de l&#8217;\u00eele. Le mus\u00e9e Henry Kerisit, quant \u00e0 lui, vous plonge dans l&#8217;histoire et la vie quotidienne des habitants gr\u00e2ce \u00e0 une collection riche d&#8217;objets et documents d&#8217;\u00e9poque. Les amateurs d&#8217;activit\u00e9s nautiques seront combl\u00e9s par les plages de sable fin, id\u00e9ales pour la voile, le kayak, le paddle ou encore la p\u00eache \u00e0 pied. Une excursion en bateau vers l&#8217;\u00eele aux Moutons, r\u00e9serve naturelle prot\u00e9g\u00e9e, est \u00e9galement \u00e0 envisager.<\/p><h3>La flore exceptionnelle et les jardins de l&#8217;\u00eele<\/h3><p>Reconnue pour sa flore unique, b\u00e9n\u00e9ficiant d&#8217;un climat doux et oc\u00e9anique, <strong>l&#8217;\u00eele de Batz abrite plus de 2000 esp\u00e8ces v\u00e9g\u00e9tales<\/strong>, dont certaines sont exotiques et rares. Le jardin Georges Delaselle, oasis pour les botanistes, offre un p\u00e9riple botanique global avec ses palmiers, cactus, bambous et fleurs color\u00e9es. Le jardin exotique et botanique de l&#8217;\u00eele expose des plantes m\u00e9dicinales, aromatiques et comestibles, o\u00f9 vous pourrez go\u00fbter \u00e0 des produits locaux tels que le miel, le cidre et les confitures.<\/p><h3>Exp\u00e9riences uniques : randonn\u00e9es et points de vue<\/h3><p>Paradis des randonneurs, l&#8217;\u00eele de Batz se d\u00e9couvre \u00e0 pied ou \u00e0 v\u00e9lo, en empruntant les sentiers c\u00f4tiers ou les chemins int\u00e9rieurs, offrant une diversit\u00e9 de paysages, des plages aux dunes, en passant par les rochers, champs et marais. Les points de vue, comme la pointe du Serpent ou la tour Vauban, promettent des panoramas \u00e0 couper le souffle sur la baie de Morlaix et le ch\u00e2teau du Taureau. Pour une exp\u00e9rience inoubliable, pourquoi ne pas passer une nuit sur l&#8217;\u00eele, en h\u00f4tel, g\u00eete ou yourte, et savourer le calme et la splendeur du ciel \u00e9toil\u00e9.<\/p><h2>Au-del\u00e0 de la visite : histoire et culture locale<\/h2><p>L&#8217;\u00eele de Batz se distingue par son riche h\u00e9ritage historique et culturel, refl\u00e9tant la diversit\u00e9 et la richesse du patrimoine de la Bretagne. D\u00e9couvrons ensemble les aspects fascinants de cette \u00eele.<\/p><h3>Un aper\u00e7u historique de l&#8217;\u00eele de Batz<\/h3><p>Occup\u00e9e depuis plus de 5000 ans, l&#8217;\u00eele de Batz r\u00e9v\u00e8le son pass\u00e9 \u00e0 travers les vestiges arch\u00e9ologiques du jardin Georges Delaselle. Son nom, \u00e9voquant sa silhouette basse et peu visible depuis le continent, cache une histoire profonde marqu\u00e9e par le christianisme d\u00e8s le VI\u00e8me si\u00e8cle avec la fondation d&#8217;un monast\u00e8re par Saint-Pol-Aur\u00e9lien.<\/p><p>L&#8217;\u00eele a travers\u00e9 des \u00e9poques de prosp\u00e9rit\u00e9, gr\u00e2ce \u00e0 la culture du lin et du chanvre, mais aussi des p\u00e9riodes difficiles dues \u00e0 l&#8217;ensablement et \u00e0 la famine. Elle a r\u00e9sist\u00e9 aux invasions et aux pillages, notamment par les Vikings et les Anglais, conservant son identit\u00e9 malgr\u00e9 les tumultes de l&#8217;histoire.<\/p><h3>Culture locale et traditions<\/h3><p>La culture et les traditions de l&#8217;\u00eele de Batz se manifestent \u00e0 travers la langue bretonne, toujours parl\u00e9e et enseign\u00e9e aux jeunes, la musique bretonne, c\u00e9l\u00e9br\u00e9e lors des fest-noz avec le biniou et la bombarde, ainsi que par une gastronomie riche incluant les cr\u00eapes, le kouign-amann, le cidre et les fruits de mer. Les f\u00eates locales, telles que la f\u00eate des go\u00e9moniers, la f\u00eate de la mer ou celle de Saint-Pol-Aur\u00e9lien, t\u00e9moignent de la convivialit\u00e9 et de l&#8217;esprit communautaire de l&#8217;\u00eele.<\/p><h3>Le saviez-vous ? Faits et anecdotes sur l&#8217;\u00eele<\/h3><p>L&#8217;\u00eele de Batz est pleine de curiosit\u00e9s et d&#8217;anecdotes. Saviez-vous, par exemple, qu&#8217;elle abrite la mairie la plus petite de France, avec seulement 16 m\u00b2 ? Ou que depuis 2008, elle est la seule \u00eele bretonne dirig\u00e9e par une femme maire ?<\/p><p>Elle est \u00e9galement le refuge d&#8217;une esp\u00e8ce de l\u00e9zard unique, le l\u00e9zard vert de Batz, reconnaissable \u00e0 sa couleur verte et sa queue bleue, et poss\u00e8de une horloge solaire indiquant l&#8217;heure et la date avec pr\u00e9cision.<\/p><h2>Ile de Batz &#8211; Conclusion<\/h2><p>L&#8217;\u00eele de Batz se r\u00e9v\u00e8le \u00eatre une destination sans pareil, promettant <a href=\"https:\/\/www.iledebatz.com\/\" target=\"_blank\" rel=\"noopener\">une v\u00e9ritable \u00e9vasion \u00e0 travers ses paysages naturels<\/a>, son riche patrimoine culturel et ses offres de bien-\u00eatre. Que votre qu\u00eate soit celle de la tranquillit\u00e9, de la d\u00e9couverte ou de l&#8217;aventure, cette \u00eele charmante saura combler toutes vos attentes. Ne tardez plus, planifiez d\u00e8s \u00e0 pr\u00e9sent votre s\u00e9jour sur l&#8217;\u00eele de Batz et pr\u00e9parez-vous \u00e0 vivre des moments m\u00e9morables !<\/p><h2>Ile de Batz &#8211; FAQ<\/h2><h3>Comment se d\u00e9placer sur l&#8217;\u00eele de Batz ?<\/h3><p>Pour explorer l&#8217;\u00eele de Batz, commencez votre aventure en prenant un bateau depuis le port de Roscoff. La travers\u00e9e prend environ 15 minutes et le billet aller-retour co\u00fbte 10 euros. Une fois sur l&#8217;\u00eele, vous avez la libert\u00e9 de vous d\u00e9placer \u00e0 pied, en v\u00e9lo ou en VTC, avec plusieurs options de location disponibles.<\/p><h3>Quand visiter l&#8217;Ile de Batz ?<\/h3><p>L&#8217;\u00eele de Batz vous accueille chaleureusement tout au long de l&#8217;ann\u00e9e, mais pour profiter pleinement de votre s\u00e9jour, privil\u00e9giez les mois de mai \u00e0 septembre. Pendant cette p\u00e9riode, vous b\u00e9n\u00e9ficierez de temp\u00e9ratures agr\u00e9ables, d&#8217;une nature verdoyante, de plages baign\u00e9es de soleil et d&#8217;un \u00e9ventail d&#8217;activit\u00e9s nautiques.<\/p><h3>Quelle est la longueur de l&#8217;\u00eele de Batz ?<\/h3><p>L&#8217;\u00eele de Batz s&#8217;\u00e9tend sur 3,5 kilom\u00e8tres d&#8217;est en ouest, couvrant une superficie de 305 hectares. Une taille id\u00e9ale pour une exploration compl\u00e8te en quelques heures.<\/p><h3>O\u00f9 prendre le bateau pour aller sur l&#8217;Ile de Batz ?<\/h3><p>Le voyage vers l&#8217;\u00eele de Batz d\u00e9bute au vieux port de Roscoff. Embarquez sur la navette avec un tarif aller-retour de 11 \u20ac pour les adultes et de 7 \u20ac pour les enfants \u00e2g\u00e9s de 4 \u00e0 11 ans.<\/p>\t\t\t\t\t\t\t\t<\/div>\n\t\t\t\t\t<\/div>\n\t\t\t\t<\/div>\n\t\t<aside class=\"elementor-element elementor-element-741150f5 e-flex e-con-boxed e-con e-parent\" data-id=\"741150f5\" data-element_type=\"container\" data-e-type=\"container\">\n\t\t\t\t\t<div class=\"e-con-inner\">\n\t\t\t\t<div class=\"elementor-element elementor-element-563e9fcb elementor-widget elementor-widget-listeo-posts-grid\" data-id=\"563e9fcb\" data-element_type=\"widget\" data-e-type=\"widget\" data-widget_type=\"listeo-posts-grid.default\">\n\t\t\t\t<div class=\"elementor-widget-container\">\n\t\t\t\t\t\t\t\n\t\t<div class=\"listeo-post-grid-wrapper\">\n\t\t\t<div class=\"row\">\n\n\t\t\t\n\n\t\t\t\t\t\t\t<div class=\"col-md-4\">\n                <a href=\"https:\/\/cparici.com\/fr\/location-vacances-finistere-sud\/\" class=\"blog-compact-item-container\">\n                    <div class=\"blog-compact-item\">\n                        <img decoding=\"async\" width=\"577\" height=\"256\" src=\"https:\/\/cparici.com\/wp-content\/uploads\/2024\/06\/fouesnant-plage-illustration-scaled.jpg\" class=\"attachment-listeo-blog-related-post size-listeo-blog-related-post wp-post-image\" alt=\"Location vacances Finist\u00e8re sud\" srcset=\"https:\/\/cparici.com\/wp-content\/uploads\/2024\/06\/fouesnant-plage-illustration-scaled.jpg 2560w, https:\/\/cparici.com\/wp-content\/uploads\/2024\/06\/fouesnant-plage-illustration-scaled-600x266.jpg 600w, https:\/\/cparici.com\/wp-content\/uploads\/2024\/06\/fouesnant-plage-illustration-300x133.jpg 300w, https:\/\/cparici.com\/wp-content\/uploads\/2024\/06\/fouesnant-plage-illustration-1024x454.jpg 1024w, https:\/\/cparici.com\/wp-content\/uploads\/2024\/06\/fouesnant-plage-illustration-768x340.jpg 768w, https:\/\/cparici.com\/wp-content\/uploads\/2024\/06\/fouesnant-plage-illustration-1536x681.jpg 1536w, https:\/\/cparici.com\/wp-content\/uploads\/2024\/06\/fouesnant-plage-illustration-2048x908.jpg 2048w\" sizes=\"(max-width: 577px) 100vw, 577px\" \/><span class=\"blog-item-tag\">Bretagne<\/span>                        \n                        <div class=\"blog-compact-item-content\">\n                                                        <h3>Location vacances Finist\u00e8re sud<\/h3>\n                                                        <p>Envie de changer d'air ? Location vacances Finist\u00e8re sud est le site qu'il vous faut...                            <\/p>\n                                                    <\/div>\n                    <\/div>\n                <\/a>\n            <\/div>\n\t\t\t<div class=\"col-md-4\">\n                <a href=\"https:\/\/cparici.com\/fr\/les-monts-darree\/\" class=\"blog-compact-item-container\">\n                    <div class=\"blog-compact-item\">\n                        <img decoding=\"async\" width=\"577\" height=\"204\" src=\"https:\/\/cparici.com\/wp-content\/uploads\/2026\/02\/les-monts-darree-577x204.jpg\" class=\"attachment-listeo-blog-related-post size-listeo-blog-related-post wp-post-image\" alt=\"les monts d&#039;arr\u00e9e\" srcset=\"https:\/\/cparici.com\/wp-content\/uploads\/2026\/02\/les-monts-darree-577x204.jpg 577w, https:\/\/cparici.com\/wp-content\/uploads\/2026\/02\/les-monts-darree-300x106.jpg 300w, https:\/\/cparici.com\/wp-content\/uploads\/2026\/02\/les-monts-darree-1024x362.jpg 1024w, https:\/\/cparici.com\/wp-content\/uploads\/2026\/02\/les-monts-darree-768x271.jpg 768w, https:\/\/cparici.com\/wp-content\/uploads\/2026\/02\/les-monts-darree-18x6.jpg 18w, https:\/\/cparici.com\/wp-content\/uploads\/2026\/02\/les-monts-darree-590x208.jpg 590w, https:\/\/cparici.com\/wp-content\/uploads\/2026\/02\/les-monts-darree-1200x424.jpg 1200w, https:\/\/cparici.com\/wp-content\/uploads\/2026\/02\/les-monts-darree-600x212.jpg 600w, https:\/\/cparici.com\/wp-content\/uploads\/2026\/02\/les-monts-darree.jpg 1500w\" sizes=\"(max-width: 577px) 100vw, 577px\" \/><span class=\"blog-item-tag\">Bretagne<\/span>                        \n                        <div class=\"blog-compact-item-content\">\n                                                        <h3>Les Monts d\u2019Arr\u00e9e : guide complet pour explorer le c\u0153ur sauvage de la Bretagne<\/h3>\n                                                        <p>Recherches populaires Categories Pas de r\u00e9sultats Voir tous les r\u00e9sultats Les Monts d\u2019Arr\u00e9e : explorer...                            <\/p>\n                                                    <\/div>\n                    <\/div>\n                <\/a>\n            <\/div>\n\t\t\t<div class=\"col-md-4\">\n                <a href=\"https:\/\/cparici.com\/fr\/les-glenan-guide-complet-pour-une-escapade-inoubliable\/\" class=\"blog-compact-item-container\">\n                    <div class=\"blog-compact-item\">\n                        <img decoding=\"async\" width=\"577\" height=\"137\" src=\"https:\/\/cparici.com\/wp-content\/uploads\/2024\/04\/Les-Glenan-Archipel-des-Glenan-a-Tregunc-en-finistere-banniere1.jpg\" class=\"attachment-listeo-blog-related-post size-listeo-blog-related-post wp-post-image\" alt=\"les gl\u00e9nan\" srcset=\"https:\/\/cparici.com\/wp-content\/uploads\/2024\/04\/Les-Glenan-Archipel-des-Glenan-a-Tregunc-en-finistere-banniere1.jpg 1520w, https:\/\/cparici.com\/wp-content\/uploads\/2024\/04\/Les-Glenan-Archipel-des-Glenan-a-Tregunc-en-finistere-banniere1-600x143.jpg 600w, https:\/\/cparici.com\/wp-content\/uploads\/2024\/04\/Les-Glenan-Archipel-des-Glenan-a-Tregunc-en-finistere-banniere1-300x71.jpg 300w, https:\/\/cparici.com\/wp-content\/uploads\/2024\/04\/Les-Glenan-Archipel-des-Glenan-a-Tregunc-en-finistere-banniere1-1024x243.jpg 1024w, https:\/\/cparici.com\/wp-content\/uploads\/2024\/04\/Les-Glenan-Archipel-des-Glenan-a-Tregunc-en-finistere-banniere1-768x182.jpg 768w\" sizes=\"(max-width: 577px) 100vw, 577px\" \/><span class=\"blog-item-tag\">Bretagne<\/span>                        \n                        <div class=\"blog-compact-item-content\">\n                                                        <h3>Les gl\u00e9nan &#8211; guide complet<\/h3>\n                                                        <p>D\u00e9couvrez les gl\u00e9nan, un joyau de la Bretagne. Entre plages de sable blanc, eaux turquoise...                            <\/p>\n                                                    <\/div>\n                    <\/div>\n                <\/a>\n            <\/div>\n  <\/div>\n        <\/div>\n        \t\t\t\t<\/div>\n\t\t\t\t<\/div>\n\t\t\t\t\t<\/div>\n\t\t\t\t<\/aside>\n\t\t\t\t<\/div>\n\t\t","protected":false},"excerpt":{"rendered":"<p>Envie de changer d&#8217;air ? Partez \u00e0 la d\u00e9couverte de l&#8217;ile de Batz, une perle de la Bretagne. Notre guide complet vous r\u00e9v\u00e8le tous ses secrets.<\/p>\n","protected":false},"author":1,"featured_media":41586,"comment_status":"closed","ping_status":"open","sticky":false,"template":"","format":"standard","meta":{"ngg_post_thumbnail":0,"footnotes":""},"categories":[1218,478,479,477],"tags":[594],"class_list":["post-41585","post","type-post","status-publish","format-standard","has-post-thumbnail","hentry","category-ile-de-batz","category-bretagne","category-finistere","category-france","tag-iles"],"_links":{"self":[{"href":"https:\/\/cparici.com\/fr\/wp-json\/wp\/v2\/posts\/41585","targetHints":{"allow":["GET"]}}],"collection":[{"href":"https:\/\/cparici.com\/fr\/wp-json\/wp\/v2\/posts"}],"about":[{"href":"https:\/\/cparici.com\/fr\/wp-json\/wp\/v2\/types\/post"}],"author":[{"embeddable":true,"href":"https:\/\/cparici.com\/fr\/wp-json\/wp\/v2\/users\/1"}],"replies":[{"embeddable":true,"href":"https:\/\/cparici.com\/fr\/wp-json\/wp\/v2\/comments?post=41585"}],"version-history":[{"count":0,"href":"https:\/\/cparici.com\/fr\/wp-json\/wp\/v2\/posts\/41585\/revisions"}],"wp:featuredmedia":[{"embeddable":true,"href":"https:\/\/cparici.com\/fr\/wp-json\/wp\/v2\/media\/41586"}],"wp:attachment":[{"href":"https:\/\/cparici.com\/fr\/wp-json\/wp\/v2\/media?parent=41585"}],"wp:term":[{"taxonomy":"category","embeddable":true,"href":"https:\/\/cparici.com\/fr\/wp-json\/wp\/v2\/categories?post=41585"},{"taxonomy":"post_tag","embeddable":true,"href":"https:\/\/cparici.com\/fr\/wp-json\/wp\/v2\/tags?post=41585"}],"curies":[{"name":"wp","href":"https:\/\/api.w.org\/{rel}","templated":true}]}}