{"id":41629,"date":"2024-07-21T09:57:37","date_gmt":"2024-07-21T07:57:37","guid":{"rendered":"https:\/\/cparici.com\/?p=41629"},"modified":"2025-08-12T07:44:20","modified_gmt":"2025-08-12T05:44:20","slug":"ferme-pedagogique","status":"publish","type":"post","link":"https:\/\/cparici.com\/fr\/ferme-pedagogique\/","title":{"rendered":"La Ferme P\u00e9dagogique : Un \u00c9veil pour Tous"},"content":{"rendered":"\t\t<div data-elementor-type=\"wp-post\" data-elementor-id=\"41629\" class=\"elementor elementor-41629\" data-elementor-post-type=\"post\">\n\t\t\t\t<div class=\"elementor-element elementor-element-62ddafd e-con-full e-flex e-con e-parent\" data-id=\"62ddafd\" data-element_type=\"container\" data-e-type=\"container\">\n\t\t\t\t<div class=\"elementor-element elementor-element-002b79e elementor-widget elementor-widget-image\" data-id=\"002b79e\" data-element_type=\"widget\" data-e-type=\"widget\" data-widget_type=\"image.default\">\n\t\t\t\t\t\t\t\t\t\t\t\t\t\t\t<img decoding=\"async\" width=\"1499\" height=\"535\" src=\"https:\/\/cparici.com\/wp-content\/uploads\/2024\/07\/ferme-pedagogique.jpg\" class=\"attachment-full size-full wp-image-41630\" alt=\"ferme p\u00e9dagogique\" srcset=\"https:\/\/cparici.com\/wp-content\/uploads\/2024\/07\/ferme-pedagogique.jpg 1499w, https:\/\/cparici.com\/wp-content\/uploads\/2024\/07\/ferme-pedagogique-600x214.jpg 600w, https:\/\/cparici.com\/wp-content\/uploads\/2024\/07\/ferme-pedagogique-300x107.jpg 300w, https:\/\/cparici.com\/wp-content\/uploads\/2024\/07\/ferme-pedagogique-1024x365.jpg 1024w, https:\/\/cparici.com\/wp-content\/uploads\/2024\/07\/ferme-pedagogique-768x274.jpg 768w\" sizes=\"(max-width: 1499px) 100vw, 1499px\" \/>\t\t\t\t\t\t\t\t\t\t\t\t\t\t\t<\/div>\n\t\t\t\t<\/div>\n\t\t<div class=\"elementor-element elementor-element-bf3fee9 e-flex e-con-boxed e-con e-parent\" data-id=\"bf3fee9\" data-element_type=\"container\" data-e-type=\"container\">\n\t\t\t\t\t<div class=\"e-con-inner\">\n\t\t\t\t<div class=\"elementor-element elementor-element-2253710 elementor-widget elementor-widget-global elementor-global-62046 elementor-widget-eael-advanced-search\" data-id=\"2253710\" data-element_type=\"widget\" data-e-type=\"widget\" data-widget_type=\"eael-advanced-search.default\">\n\t\t\t\t\t        <div class=\"eael-adv-search-wrapper\">\n            <div id=\"eael-advanced-search-widget-2253710\" class=\"eael-advanced-search-widget\">\n                <form data-settings=\"{&quot;post_per_page&quot;:5,&quot;search_among_taxonomies&quot;:&quot;&quot;,&quot;search_among_sku&quot;:&quot;no&quot;,&quot;show_popular_keyword&quot;:0,&quot;show_category&quot;:0,&quot;show_content_image&quot;:1,&quot;show_search_result_all_results&quot;:0,&quot;result_on_new_tab&quot;:&quot;no&quot;,&quot;show_product_price&quot;:&quot;no&quot;,&quot;include_current_page&quot;:&quot;no&quot;,&quot;current_post_id&quot;:41629,&quot;post_type&quot;:[&quot;post&quot;,&quot;listing&quot;]}\" method=\"POST\" name=\"eael-advanced-search-form-2253710\" class=\"eael-advanced-search-form eael-advanced-search-form-style-2\">\n                    <div class=\"eael-advanced-search-wrap\">\n                        <span class=\"eael-adv-search-loader\"><\/span>\n                        <span class=\"eael-adv-search-close\"><i class=\"fas fa-times\"><\/i><\/span>\n                        <span class=\"icon \"><i class=\"fas fa-search\"><\/i><\/span>\n\n                        <input type=\"text\"\n                               placeholder=\"Votre destination\"\n                               class=\"eael-advanced-search\" autocomplete=\"off\" name=\"eael_advanced_search\">\n                    <\/div>\n\t\t\t\t\t                                    <\/form>\n\n\t\t\t\t\n\t\t\t\t        <div class=\"eael-advanced-search-result\">\n            <div class=\"eael-advanced-search-popular-keyword\">\n\t\t\t\t<h4 class=\"eael-advanced-search-popular-keyword-text\">Recherches populaires<\/h4>                <div class=\"eael-popular-keyword-content\"><\/div>\n            <\/div>\n            <div class=\"eael-advanced-search-category\">\n\t\t\t\t<h4 class=\"eael-advanced-search-category-text\">Categories<\/h4>                <div class=\"eael-popular-category-content\"><\/div>\n            <\/div>\n\t\t\t<div class=\"eael-advanced-search-total-results-section\">\n\t\t\t\t\t\t\t<\/div>\n            <div class=\"eael-advanced-search-content eael-item-style-3\">\n            <\/div>\n            <div class=\"eael-advanced-search-not-found\">\n                <p>Pas de r\u00e9sultats<\/p><\/div>\n            <div class=\"eael-advanced-search-load-more\">\n\t\t\t\t<a \tclass=\"eael-advanced-search-load-more-button\"\n                \thref=\"#\">Voir tous les r\u00e9sultats<\/a>\n            <\/div>\n        <\/div>\n\n\t\t            <\/div>\n        <\/div>\n\n\t\t\t\t\t\t<\/div>\n\t\t\t\t\t<\/div>\n\t\t\t\t<\/div>\n\t\t<div class=\"elementor-element elementor-element-1ae86899 e-flex e-con-boxed e-con e-parent\" data-id=\"1ae86899\" data-element_type=\"container\" data-e-type=\"container\">\n\t\t\t\t\t<div class=\"e-con-inner\">\n\t\t\t\t<div class=\"elementor-element elementor-element-4cb9cad4 elementor-widget elementor-widget-text-editor\" data-id=\"4cb9cad4\" data-element_type=\"widget\" data-e-type=\"widget\" data-widget_type=\"text-editor.default\">\n\t\t\t\t\t\t\t\t\t<h1 style=\"text-align: center;\"><span style=\"font-size: 18pt;\"><strong>Ferme p\u00e9dagogique<\/strong><\/span><\/h1><p><strong>Une ferme p\u00e9dagogique<\/strong> est un lieu \u00e9ducatif o\u00f9 les enfants et les adultes peuvent d\u00e9couvrir la vie agricole et l\u2019environnement naturel de mani\u00e8re interactive. Ces fermes ont pour mission de sensibiliser le public \u00e0 l\u2019agriculture, \u00e0 l\u2019\u00e9levage, \u00e0 la biodiversit\u00e9 et \u00e0 l\u2019importance de l\u2019\u00e9cologie \u00e0 travers des activit\u00e9s pratiques et des programmes \u00e9ducatifs adapt\u00e9s \u00e0 tous les \u00e2ges.<\/p><h2><span style=\"font-size: 18pt;\"><strong>Ferme p\u00e9dagogique \u2013 Description et avantages \u00e9ducatifs pour les familles et \u00e9coliers<\/strong><\/span><\/h2><h3><strong>Les Objectifs des Fermes P\u00e9dagogiques<\/strong><\/h3><p>Les fermes p\u00e9dagogiques poursuivent plusieurs objectifs essentiels :<\/p><ul><li><strong>\u00c9ducatifs :<\/strong> Offrir une compr\u00e9hension approfondie de l\u2019agriculture, de l\u2019alimentation et de l\u2019\u00e9cosyst\u00e8me.<\/li><li><strong>Environnementaux :<\/strong> Promouvoir le respect de l\u2019environnement et la sensibilisation \u00e0 la biodiversit\u00e9.<\/li><li><strong>Sociaux :<\/strong> Encourager les interactions sociales et les comp\u00e9tences en travaillant en groupe.<\/li><\/ul><h3><strong>Histoire et \u00c9volution des Fermes P\u00e9dagogiques<\/strong><\/h3><p>Les fermes p\u00e9dagogiques sont n\u00e9es de la volont\u00e9 de reconnecter les populations urbaines avec la nature et les activit\u00e9s agricoles. Elles se sont d\u00e9velopp\u00e9es au cours des derni\u00e8res d\u00e9cennies, r\u00e9pondant \u00e0 une demande croissante pour des exp\u00e9riences \u00e9ducatives en plein air. Aujourd\u2019hui, elles jouent un r\u00f4le cl\u00e9 dans l\u2019\u00e9ducation \u00e0 l\u2019environnement et la promotion d\u2019un mode de vie durable.<\/p><h3><strong>Exemples de Fermes P\u00e9dagogiques en France<\/strong><\/h3><p>Les fermes p\u00e9dagogiques se trouvent dans toutes les <a href=\"https:\/\/cparici.com\/fr\/13-regions-de-france-le-guide\/\">r\u00e9gions de France<\/a>, chacune offrant des activit\u00e9s sp\u00e9cifiques en fonction de son environnement et de sa sp\u00e9cialisation agricole.<\/p><h4><strong>Ferme P\u00e9dagogique en <a href=\"https:\/\/cparici.com\/fr\/ile-de-france\/\">\u00cele-de-France<\/a><\/strong><\/h4><p>La Ferme de Gally, situ\u00e9e \u00e0 Saint-Cyr-l\u2019\u00c9cole, propose des ateliers sur le jardinage, les soins aux animaux et la fabrication de pain. Cette ferme est un excellent exemple de lieu o\u00f9 les enfants peuvent apprendre tout en s\u2019amusant.<\/p><h4><strong>Ferme P\u00e9dagogique en <a href=\"https:\/\/cparici.com\/fr\/visiter-la-bretagne-guide-des-sites-et-villes-a-explorer\/\">Bretagne<\/a><\/strong><\/h4><p>La Ferme de Kermachard \u00e0 Plouzan\u00e9 offre des activit\u00e9s vari\u00e9es telles que la traite des vaches, la tonte des moutons et des ateliers sur la biodiversit\u00e9 marine.<\/p><h4><strong>Ferme P\u00e9dagogique en <a href=\"https:\/\/cparici.com\/fr\/provence-alpes-cote-dazur\/\">Provence-Alpes-C\u00f4te d\u2019Azur<\/a><\/strong><\/h4><p>La Ferme de l\u2019Oiselet \u00e0 Sarrians se distingue par ses ateliers de poterie, ses promenades \u00e0 dos d\u2019\u00e2ne et ses s\u00e9ances de d\u00e9couverte des plantes aromatiques.<\/p><h3><strong>Les Activit\u00e9s Propos\u00e9es<\/strong><\/h3><p>Les fermes p\u00e9dagogiques offrent une gamme d\u2019activit\u00e9s con\u00e7ues pour \u00eatre \u00e9ducatives et ludiques.<\/p><h4><strong>Ateliers Pratiques<\/strong><\/h4><p>Les visiteurs peuvent participer \u00e0 des ateliers pratiques comme le jardinage, la fabrication de pain, la tonte des moutons, et la traite des vaches. Ces activit\u00e9s permettent d\u2019acqu\u00e9rir des comp\u00e9tences pratiques tout en apprenant sur le cycle de vie des plantes et des animaux.<\/p><h4><strong>Visites Guid\u00e9es<\/strong><\/h4><p>Les visites guid\u00e9es sont souvent propos\u00e9es pour expliquer le fonctionnement de la ferme, les diff\u00e9rentes \u00e9tapes de production, et l\u2019importance de chaque animal et plante dans l\u2019\u00e9cosyst\u00e8me agricole.<\/p><h4><strong>Activit\u00e9s Saisonni\u00e8res<\/strong><\/h4><p>Selon la saison, les fermes p\u00e9dagogiques organisent des activit\u00e9s sp\u00e9cifiques telles que la r\u00e9colte des fruits et l\u00e9gumes en \u00e9t\u00e9, la pr\u00e9paration de conserves en automne, ou la d\u00e9couverte des naissances d\u2019agneaux au printemps.<\/p><h3><strong>Tarification et Acc\u00e8s<\/strong><\/h3><p>Les tarifs pour visiter une ferme p\u00e9dagogique varient en fonction de l\u2019emplacement, des activit\u00e9s propos\u00e9es et des services offerts.<\/p><h4><strong>Tarifs pour les Individuels<\/strong><\/h4><p>Les prix d\u2019entr\u00e9e pour les visiteurs individuels peuvent aller de quelques euros pour une visite libre \u00e0 une vingtaine d\u2019euros pour des ateliers sp\u00e9cifiques ou des visites guid\u00e9es.<\/p><h4><strong>Tarifs pour les Groupes et \u00c9coles<\/strong><\/h4><p>Les fermes p\u00e9dagogiques proposent souvent des tarifs r\u00e9duits pour les groupes et les \u00e9coles. Des forfaits incluant plusieurs activit\u00e9s peuvent \u00eatre n\u00e9goci\u00e9s, souvent accompagn\u00e9s de programmes \u00e9ducatifs sur mesure.<\/p><h2><span style=\"font-size: 18pt;\"><strong>Les Fermes P\u00e9dagogiques et les \u00c9coles<\/strong><\/span><\/h2><p>Les fermes p\u00e9dagogiques sont des partenaires pr\u00e9cieux pour les \u00e9coles, offrant des opportunit\u00e9s d\u2019apprentissage uniques hors des salles de classe.<\/p><h3><strong>Programmes \u00c9ducatifs<\/strong><\/h3><p>Les fermes p\u00e9dagogiques d\u00e9veloppent des programmes \u00e9ducatifs align\u00e9s sur les curriculums scolaires, couvrant des sujets tels que les sciences naturelles, l\u2019\u00e9cologie, et les techniques agricoles.<\/p><h3><strong>Projets P\u00e9dagogiques Personnalis\u00e9s<\/strong><\/h3><p>Certaines fermes proposent des projets p\u00e9dagogiques personnalis\u00e9s, permettant aux enseignants de d\u00e9finir des objectifs sp\u00e9cifiques et de concevoir des activit\u00e9s adapt\u00e9es aux besoins de leurs \u00e9l\u00e8ves.<\/p><p><strong>T\u00e9moignages d\u2019\u00c9coles<\/strong><\/p><p>Les retours des \u00e9coles ayant visit\u00e9 des fermes p\u00e9dagogiques sont g\u00e9n\u00e9ralement tr\u00e8s positifs, soulignant l\u2019impact \u00e9ducatif et le plaisir des \u00e9l\u00e8ves.<\/p><h3><strong>Comment Choisir une Ferme P\u00e9dagogique ?<\/strong><\/h3><p>Choisir la ferme p\u00e9dagogique id\u00e9ale peut d\u00e9pendre de plusieurs crit\u00e8res.<\/p><h5><strong>Proximit\u00e9 et Acc\u00e8s<\/strong><\/h5><p>Il est important de choisir une ferme accessible, surtout pour des visites r\u00e9guli\u00e8res ou des sorties scolaires.<\/p><h5><strong>Vari\u00e9t\u00e9 des Activit\u00e9s<\/strong><\/h5><p>La diversit\u00e9 des activit\u00e9s propos\u00e9es est cruciale pour r\u00e9pondre aux int\u00e9r\u00eats et aux besoins \u00e9ducatifs des visiteurs.<\/p><h5><strong>Accr\u00e9ditations et S\u00e9curit\u00e9<\/strong><\/h5><p>V\u00e9rifier les certifications et les mesures de s\u00e9curit\u00e9 en place est essentiel pour garantir une exp\u00e9rience enrichissante et sans risque.<\/p><h3><strong>Les Avantages des Fermes P\u00e9dagogiques<\/strong><\/h3><p>Les fermes p\u00e9dagogiques offrent de nombreux bienfaits, tant pour les enfants que pour les adultes.<\/p><h4><strong>D\u00e9veloppement des Comp\u00e9tences Sociales<\/strong><\/h4><p>En participant \u00e0 des activit\u00e9s de groupe, les visiteurs d\u00e9veloppent des comp\u00e9tences sociales importantes telles que la coop\u00e9ration, la communication et le respect des autres.<\/p><h4><strong>Connexion avec la Nature<\/strong><\/h4><p>Ces fermes permettent de renouer avec la nature, favorisant une meilleure compr\u00e9hension et un plus grand respect de l\u2019environnement.<\/p><h4><strong>\u00c9veil \u00e0 l\u2019\u00c9cologie<\/strong><\/h4><p>Les activit\u00e9s et les ateliers sensibilisent les visiteurs aux enjeux \u00e9cologiques, leur donnant des outils pour adopter un mode de vie plus durable.<\/p><h2><strong>Ferme p\u00e9dagogique \u2013 FAQ<\/strong><\/h2><h3>Quelles sont les activit\u00e9s typiques dans une ferme p\u00e9dagogique ?<\/h3><p>Les activit\u00e9s incluent le jardinage, les soins aux animaux, des ateliers de cuisine, et des visites guid\u00e9es.<\/p><h3>Les fermes p\u00e9dagogiques sont-elles ouvertes toute l\u2019ann\u00e9e ?<\/h3><p>Oui, mais certaines activit\u00e9s peuvent varier selon les saisons.<\/p><h3>Peut-on organiser une sortie scolaire dans une ferme p\u00e9dagogique ?<\/h3><p>Absolument, de nombreuses fermes proposent des programmes \u00e9ducatifs sp\u00e9cialement con\u00e7us pour les \u00e9coles.<\/p><h3>Quel est le co\u00fbt moyen d\u2019une visite dans une ferme p\u00e9dagogique ?<\/h3><p>Le co\u00fbt varie mais se situe g\u00e9n\u00e9ralement entre 5 et 20 euros par personne.<\/p><h3>Les fermes p\u00e9dagogiques accueillent-elles des visiteurs adultes ?<\/h3><p>Oui, elles sont ouvertes \u00e0 tous les \u00e2ges et offrent des activit\u00e9s adapt\u00e9es aux adultes \u00e9galement.<\/p><h3>Quels sont les b\u00e9n\u00e9fices \u00e9ducatifs pour les enfants ?<\/h3><p>Les enfants d\u00e9veloppent des comp\u00e9tences pratiques, sociales et environnementales, tout en s\u2019amusant.<\/p><h2><strong>Ferme p\u00e9dagogique \u2013 Conclusion<\/strong><\/h2><p>Les fermes p\u00e9dagogiques sont <a href=\"https:\/\/fr.wikipedia.org\/wiki\/Ferme_p%C3%A9dagogique\" target=\"_blank\" rel=\"noopener\">des lieux d\u2019apprentissage<\/a> interactifs et enrichissants pour tous les \u00e2ges. Elles permettent de d\u00e9couvrir la vie agricole, de d\u00e9velopper des comp\u00e9tences pratiques et sociales, et de sensibiliser \u00e0 l\u2019importance de l\u2019\u00e9cologie. Que ce soit pour une sortie en famille, une activit\u00e9 scolaire ou une visite individuelle, les fermes p\u00e9dagogiques offrent une exp\u00e9rience unique et \u00e9ducative.<\/p>\t\t\t\t\t\t\t\t<\/div>\n\t\t\t\t\t<\/div>\n\t\t\t\t<\/div>\n\t\t<aside class=\"elementor-element elementor-element-3e57bfc e-flex e-con-boxed e-con e-parent\" data-id=\"3e57bfc\" data-element_type=\"container\" data-e-type=\"container\">\n\t\t\t\t\t<div class=\"e-con-inner\">\n\t\t\t\t<div class=\"elementor-element elementor-element-73c28f5 elementor-widget elementor-widget-listeo-posts-grid\" data-id=\"73c28f5\" data-element_type=\"widget\" data-e-type=\"widget\" data-widget_type=\"listeo-posts-grid.default\">\n\t\t\t\t<div class=\"elementor-widget-container\">\n\t\t\t\t\t\t\t\n\t\t<div class=\"listeo-post-grid-wrapper\">\n\t\t\t<div class=\"row\">\n\n\t\t\t\n\n\t\t\t\t\t\t\t<div class=\"col-md-4\">\n                <a href=\"https:\/\/cparici.com\/fr\/correze\/\" class=\"blog-compact-item-container\">\n                    <div class=\"blog-compact-item\">\n                        <img decoding=\"async\" width=\"577\" height=\"204\" src=\"https:\/\/cparici.com\/wp-content\/uploads\/2025\/02\/cparici-2025-02-27T112356.113-577x204.jpg\" class=\"attachment-listeo-blog-related-post size-listeo-blog-related-post wp-post-image\" alt=\"La Corr\u00e8ze le d\u00e9partement\" srcset=\"https:\/\/cparici.com\/wp-content\/uploads\/2025\/02\/cparici-2025-02-27T112356.113-577x204.jpg 577w, https:\/\/cparici.com\/wp-content\/uploads\/2025\/02\/cparici-2025-02-27T112356.113-300x106.jpg 300w, https:\/\/cparici.com\/wp-content\/uploads\/2025\/02\/cparici-2025-02-27T112356.113-1024x362.jpg 1024w, https:\/\/cparici.com\/wp-content\/uploads\/2025\/02\/cparici-2025-02-27T112356.113-768x271.jpg 768w, https:\/\/cparici.com\/wp-content\/uploads\/2025\/02\/cparici-2025-02-27T112356.113-18x6.jpg 18w, https:\/\/cparici.com\/wp-content\/uploads\/2025\/02\/cparici-2025-02-27T112356.113-590x208.jpg 590w, https:\/\/cparici.com\/wp-content\/uploads\/2025\/02\/cparici-2025-02-27T112356.113-1200x424.jpg 1200w, https:\/\/cparici.com\/wp-content\/uploads\/2025\/02\/cparici-2025-02-27T112356.113-600x212.jpg 600w, https:\/\/cparici.com\/wp-content\/uploads\/2025\/02\/cparici-2025-02-27T112356.113.jpg 1500w\" sizes=\"(max-width: 577px) 100vw, 577px\" \/><span class=\"blog-item-tag\">Corr\u00e8ze (d\u00e9partement)<\/span>                        \n                        <div class=\"blog-compact-item-content\">\n                                                        <h3>La Corr\u00e8ze un d\u00e9partement \u00e0 d\u00e9couvrir<\/h3>\n                                                        <p>Recherches populaires Categories Pas de r\u00e9sultats Voir tous les r\u00e9sultats La Corr\u00e8ze un d\u00e9partement \u00e0...                            <\/p>\n                                                    <\/div>\n                    <\/div>\n                <\/a>\n            <\/div>\n\t\t\t<div class=\"col-md-4\">\n                <a href=\"https:\/\/cparici.com\/fr\/artistes-productions-artistiques-en-france\/\" class=\"blog-compact-item-container\">\n                    <div class=\"blog-compact-item\">\n                        <img decoding=\"async\" width=\"577\" height=\"202\" src=\"https:\/\/cparici.com\/wp-content\/uploads\/2024\/09\/artistes-createurs-et-productions-artistiques-en-france.jpg\" class=\"attachment-listeo-blog-related-post size-listeo-blog-related-post wp-post-image\" alt=\"artistes et productions artistiques en france\" srcset=\"https:\/\/cparici.com\/wp-content\/uploads\/2024\/09\/artistes-createurs-et-productions-artistiques-en-france.jpg 1493w, https:\/\/cparici.com\/wp-content\/uploads\/2024\/09\/artistes-createurs-et-productions-artistiques-en-france-600x210.jpg 600w, https:\/\/cparici.com\/wp-content\/uploads\/2024\/09\/artistes-createurs-et-productions-artistiques-en-france-300x105.jpg 300w, https:\/\/cparici.com\/wp-content\/uploads\/2024\/09\/artistes-createurs-et-productions-artistiques-en-france-1024x359.jpg 1024w, https:\/\/cparici.com\/wp-content\/uploads\/2024\/09\/artistes-createurs-et-productions-artistiques-en-france-768x269.jpg 768w\" sizes=\"(max-width: 577px) 100vw, 577px\" \/><span class=\"blog-item-tag\">France<\/span>                        \n                        <div class=\"blog-compact-item-content\">\n                                                        <h3>Artistes, cr\u00e9ateurs et productions artistiques locales en France<\/h3>\n                                                        <p>Artistes, cr\u00e9ateurs et productions artistiques locales La France est un pays riche en artistes, cr\u00e9ateurs...                            <\/p>\n                                                    <\/div>\n                    <\/div>\n                <\/a>\n            <\/div>\n\t\t\t<div class=\"col-md-4\">\n                <a href=\"https:\/\/cparici.com\/fr\/musee-de-lillusion-bordeaux\/\" class=\"blog-compact-item-container\">\n                    <div class=\"blog-compact-item\">\n                        <img decoding=\"async\" width=\"577\" height=\"217\" src=\"https:\/\/cparici.com\/wp-content\/uploads\/2024\/06\/musee-de-lillusion-Bordeaux.jpg\" class=\"attachment-listeo-blog-related-post size-listeo-blog-related-post wp-post-image\" alt=\"mus\u00e9e de l&#039;illusion bordeaux\" srcset=\"https:\/\/cparici.com\/wp-content\/uploads\/2024\/06\/musee-de-lillusion-Bordeaux.jpg 1500w, https:\/\/cparici.com\/wp-content\/uploads\/2024\/06\/musee-de-lillusion-Bordeaux-600x226.jpg 600w, https:\/\/cparici.com\/wp-content\/uploads\/2024\/06\/musee-de-lillusion-Bordeaux-300x113.jpg 300w, https:\/\/cparici.com\/wp-content\/uploads\/2024\/06\/musee-de-lillusion-Bordeaux-1024x386.jpg 1024w, https:\/\/cparici.com\/wp-content\/uploads\/2024\/06\/musee-de-lillusion-Bordeaux-768x289.jpg 768w\" sizes=\"(max-width: 577px) 100vw, 577px\" \/><span class=\"blog-item-tag\">Bordeaux<\/span>                        \n                        <div class=\"blog-compact-item-content\">\n                                                        <h3>Mus\u00e9e de l\u2019illusion \u00e0 Bordeaux : Une Exp\u00e9rience Unique<\/h3>\n                                                        <p>Visitez le Mus\u00e9e de l'Illusion \u00e0 Bordeaux pour une exp\u00e9rience immersive et surprenante. D\u00e9couvrez les...                            <\/p>\n                                                    <\/div>\n                    <\/div>\n                <\/a>\n            <\/div>\n  <\/div>\n        <\/div>\n        \t\t\t\t<\/div>\n\t\t\t\t<\/div>\n\t\t\t\t\t<\/div>\n\t\t\t\t<\/aside>\n\t\t\t\t<\/div>\n\t\t","protected":false},"excerpt":{"rendered":"<p>Ferme p\u00e9dagogique &#8211; D\u00e9couvrez les fermes p\u00e9dagogiques en France, leurs activit\u00e9s, tarifs, et avantages \u00e9ducatifs pour les familles<\/p>\n","protected":false},"author":1,"featured_media":41630,"comment_status":"closed","ping_status":"open","sticky":false,"template":"elementor_header_footer","format":"standard","meta":{"ngg_post_thumbnail":0,"footnotes":""},"categories":[477,1223],"tags":[1228,1227,991],"class_list":["post-41629","post","type-post","status-publish","format-standard","has-post-thumbnail","hentry","category-france","category-europe","tag-educatif","tag-ferme-pedagogique","tag-loisirs"],"_links":{"self":[{"href":"https:\/\/cparici.com\/fr\/wp-json\/wp\/v2\/posts\/41629","targetHints":{"allow":["GET"]}}],"collection":[{"href":"https:\/\/cparici.com\/fr\/wp-json\/wp\/v2\/posts"}],"about":[{"href":"https:\/\/cparici.com\/fr\/wp-json\/wp\/v2\/types\/post"}],"author":[{"embeddable":true,"href":"https:\/\/cparici.com\/fr\/wp-json\/wp\/v2\/users\/1"}],"replies":[{"embeddable":true,"href":"https:\/\/cparici.com\/fr\/wp-json\/wp\/v2\/comments?post=41629"}],"version-history":[{"count":0,"href":"https:\/\/cparici.com\/fr\/wp-json\/wp\/v2\/posts\/41629\/revisions"}],"wp:featuredmedia":[{"embeddable":true,"href":"https:\/\/cparici.com\/fr\/wp-json\/wp\/v2\/media\/41630"}],"wp:attachment":[{"href":"https:\/\/cparici.com\/fr\/wp-json\/wp\/v2\/media?parent=41629"}],"wp:term":[{"taxonomy":"category","embeddable":true,"href":"https:\/\/cparici.com\/fr\/wp-json\/wp\/v2\/categories?post=41629"},{"taxonomy":"post_tag","embeddable":true,"href":"https:\/\/cparici.com\/fr\/wp-json\/wp\/v2\/tags?post=41629"}],"curies":[{"name":"wp","href":"https:\/\/api.w.org\/{rel}","templated":true}]}}