{"id":42226,"date":"2024-08-05T20:51:49","date_gmt":"2024-08-05T18:51:49","guid":{"rendered":"https:\/\/cparici.com\/?p=42226"},"modified":"2026-04-09T07:37:08","modified_gmt":"2026-04-09T05:37:08","slug":"ferias-corridas-en-france","status":"publish","type":"post","link":"https:\/\/cparici.com\/fr\/ferias-corridas-en-france\/","title":{"rendered":"Ferias et Corridas en France &#8211; Le Guide"},"content":{"rendered":"\t\t<div data-elementor-type=\"wp-post\" data-elementor-id=\"42226\" class=\"elementor elementor-42226\" data-elementor-post-type=\"post\">\n\t\t\t\t<div class=\"elementor-element elementor-element-f7d8fcd e-con-full e-flex e-con e-parent\" data-id=\"f7d8fcd\" data-element_type=\"container\" data-e-type=\"container\">\n\t\t\t\t<div class=\"elementor-element elementor-element-90df253 elementor-widget elementor-widget-image\" data-id=\"90df253\" data-element_type=\"widget\" data-e-type=\"widget\" data-widget_type=\"image.default\">\n\t\t\t\t\t\t\t\t\t\t\t\t\t\t\t<img decoding=\"async\" width=\"1500\" height=\"530\" src=\"https:\/\/cparici.com\/wp-content\/uploads\/2024\/08\/ferias-et-corridas-en-France.jpg\" class=\"attachment-full size-full wp-image-42231\" alt=\"ferias et corridas en France\" srcset=\"https:\/\/cparici.com\/wp-content\/uploads\/2024\/08\/ferias-et-corridas-en-France.jpg 1500w, https:\/\/cparici.com\/wp-content\/uploads\/2024\/08\/ferias-et-corridas-en-France-600x212.jpg 600w, https:\/\/cparici.com\/wp-content\/uploads\/2024\/08\/ferias-et-corridas-en-France-300x106.jpg 300w, https:\/\/cparici.com\/wp-content\/uploads\/2024\/08\/ferias-et-corridas-en-France-1024x362.jpg 1024w, https:\/\/cparici.com\/wp-content\/uploads\/2024\/08\/ferias-et-corridas-en-France-768x271.jpg 768w\" sizes=\"(max-width: 1500px) 100vw, 1500px\" \/>\t\t\t\t\t\t\t\t\t\t\t\t\t\t\t<\/div>\n\t\t\t\t<\/div>\n\t\t<aside class=\"elementor-element elementor-element-7beba45 e-flex e-con-boxed e-con e-parent\" data-id=\"7beba45\" data-element_type=\"container\" data-e-type=\"container\">\n\t\t\t\t\t<div class=\"e-con-inner\">\n\t\t\t\t<div class=\"elementor-element elementor-element-30449a1 elementor-widget elementor-widget-global elementor-global-62046 elementor-widget-eael-advanced-search\" data-id=\"30449a1\" data-element_type=\"widget\" data-e-type=\"widget\" data-widget_type=\"eael-advanced-search.default\">\n\t\t\t\t\t        <div class=\"eael-adv-search-wrapper\">\n            <div id=\"eael-advanced-search-widget-30449a1\" class=\"eael-advanced-search-widget\">\n                <form data-settings=\"{&quot;post_per_page&quot;:5,&quot;search_among_taxonomies&quot;:&quot;&quot;,&quot;search_among_sku&quot;:&quot;no&quot;,&quot;show_popular_keyword&quot;:0,&quot;show_category&quot;:0,&quot;show_content_image&quot;:1,&quot;show_search_result_all_results&quot;:0,&quot;result_on_new_tab&quot;:&quot;no&quot;,&quot;show_product_price&quot;:&quot;no&quot;,&quot;include_current_page&quot;:&quot;no&quot;,&quot;orderby&quot;:&quot;default&quot;,&quot;order&quot;:&quot;DESC&quot;,&quot;current_post_id&quot;:42226,&quot;post_type&quot;:[&quot;post&quot;,&quot;listing&quot;]}\" method=\"POST\" name=\"eael-advanced-search-form-30449a1\" class=\"eael-advanced-search-form eael-advanced-search-form-style-2\">\n                    <div class=\"eael-advanced-search-wrap\">\n                        <span class=\"eael-adv-search-loader\"><\/span>\n                        <span class=\"eael-adv-search-close\"><i class=\"fas fa-times\"><\/i><\/span>\n                        <span class=\"icon \"><i class=\"fas fa-search\"><\/i><\/span>\n\n                        <input type=\"text\"\n                               placeholder=\"Votre destination\"\n                               class=\"eael-advanced-search\" autocomplete=\"off\" name=\"eael_advanced_search\">\n                    <\/div>\n\t\t\t\t\t                                    <\/form>\n\n\t\t\t\t\n\t\t\t\t        <div class=\"eael-advanced-search-result\">\n            <div class=\"eael-advanced-search-popular-keyword\">\n\t\t\t\t<h4 class=\"eael-advanced-search-popular-keyword-text\">Recherches populaires<\/h4>                <div class=\"eael-popular-keyword-content\"><\/div>\n            <\/div>\n            <div class=\"eael-advanced-search-category\">\n\t\t\t\t<h4 class=\"eael-advanced-search-category-text\">Categories<\/h4>                <div class=\"eael-popular-category-content\"><\/div>\n            <\/div>\n\t\t\t<div class=\"eael-advanced-search-total-results-section\">\n\t\t\t\t\t\t\t<\/div>\n            <div class=\"eael-advanced-search-content eael-item-style-3\">\n            <\/div>\n            <div class=\"eael-advanced-search-not-found\">\n                <p>Pas de r\u00e9sultats<\/p><\/div>\n            <div class=\"eael-advanced-search-load-more\">\n\t\t\t\t<a \tclass=\"eael-advanced-search-load-more-button\"\n                \thref=\"#\">Voir tous les r\u00e9sultats<\/a>\n            <\/div>\n        <\/div>\n\n\t\t            <\/div>\n        <\/div>\n\n\t\t\t\t\t\t<\/div>\n\t\t\t\t\t<\/div>\n\t\t\t\t<\/aside>\n\t\t<div class=\"elementor-element elementor-element-33829b5b e-flex e-con-boxed e-con e-parent\" data-id=\"33829b5b\" data-element_type=\"container\" data-e-type=\"container\">\n\t\t\t\t\t<div class=\"e-con-inner\">\n\t\t\t\t<div class=\"elementor-element elementor-element-2192039 elementor-widget elementor-widget-text-editor\" data-id=\"2192039\" data-element_type=\"widget\" data-e-type=\"widget\" data-widget_type=\"text-editor.default\">\n\t\t\t\t\t\t\t\t\t<h1 style=\"text-align: center;\"><span style=\"font-size: 18pt;\"><strong>Ferias et corridas en France<\/strong><\/span><\/h1><p><strong>Les ferias et corridas en France<\/strong> sont des \u00e9v\u00e9nements culturels riches en histoire et en traditions, attirant chaque ann\u00e9e des milliers de visiteurs. Ces f\u00eates, qui se d\u00e9roulent principalement dans le sud du pays, combinent des \u00e9l\u00e9ments de musique, danse, cuisine et bien s\u00fbr, les c\u00e9l\u00e8bres corridas. Dans cet article, nous explorerons en d\u00e9tail tout ce qui concerne les f\u00e9rias et corridas en France, de leurs origines \u00e0 leur impact actuel.<\/p><h2><span style=\"font-size: 18pt;\">Qu\u2019est-ce que les F\u00e9rias et Corridas?<\/span><\/h2><p>Les f\u00e9rias sont des <strong>f\u00eates traditionnelles qui c\u00e9l\u00e8brent la culture taurine et le folklore r\u00e9gional<\/strong>. Elles se d\u00e9roulent g\u00e9n\u00e9ralement pendant plusieurs jours et comprennent des corridas, des spectacles de danse, de la musique, des d\u00e9fil\u00e9s et diverses activit\u00e9s sociales. Les corridas, quant \u00e0 elles, sont des spectacles de tauromachie o\u00f9 des toreros affrontent des taureaux dans une ar\u00e8ne.<\/p><h2><span style=\"font-size: 18pt;\">L\u2019historique des F\u00e9rias et Corridas en France<\/span><\/h2><p>Les f\u00e9rias et corridas trouvent leurs racines dans l\u2019ancienne tradition m\u00e9diterran\u00e9enne de la tauromachie. Import\u00e9es en France par les Espagnols au cours des si\u00e8cles, ces pratiques se sont particuli\u00e8rement implant\u00e9es dans les r\u00e9gions du Sud comme la Provence, le Languedoc et le Pays Basque. Les premi\u00e8res corridas en France remontent au XIXe si\u00e8cle, et elles ont depuis \u00e9volu\u00e9 pour inclure des \u00e9l\u00e9ments locaux et des variations r\u00e9gionales.<\/p><h2><span style=\"font-size: 18pt;\">Les Diff\u00e9rents Types de F\u00e9rias<\/span><\/h2><h3>F\u00e9rias Traditionnelles<\/h3><p>Les f\u00e9rias traditionnelles respectent les anciens rites et coutumes de la r\u00e9gion. Elles incluent des d\u00e9fil\u00e9s en costumes d\u2019\u00e9poque, des danses folkloriques et des corridas selon les r\u00e8gles classiques de la tauromachie.<\/p><h3>F\u00e9rias Modernes<\/h3><p>Les f\u00e9rias modernes incorporent des \u00e9l\u00e9ments contemporains tels que des concerts de musique actuelle, des \u00e9v\u00e9nements sportifs et des activit\u00e9s pour les jeunes. Elles sont con\u00e7ues pour attirer un public plus diversifi\u00e9 tout en conservant l\u2019esprit de f\u00eate.<\/p><h3>Variations R\u00e9gionales<\/h3><p>Chaque r\u00e9gion met en avant ses particularit\u00e9s lors des f\u00e9rias. Par exemple, la Course Camarguaise en Provence est une forme de tauromachie o\u00f9 le but est de saisir des attributs plac\u00e9s entre les cornes du taureau sans le blesser.<\/p><h2 data-section-id=\"vjgdli\" data-start=\"312\" data-end=\"359\">Agenda 2026 f\u00e9rias et corridas<\/h2><h3 data-section-id=\"10fuald\" data-start=\"361\" data-end=\"413\">Avril\u00a0<\/h3><ul data-start=\"415\" data-end=\"757\"><li data-section-id=\"19ka149\" data-start=\"415\" data-end=\"493\"><strong data-start=\"417\" data-end=\"458\"><span class=\"hover:entity-accent entity-underline inline cursor-pointer align-baseline\"><span class=\"whitespace-normal\">Arles<\/span><\/span><\/strong> \u2014 3 au 6 avril (Feria de P\u00e2ques)<\/li><li data-section-id=\"xo2vlm\" data-start=\"494\" data-end=\"572\"><strong data-start=\"496\" data-end=\"537\"><span class=\"hover:entity-accent entity-underline inline cursor-pointer align-baseline\"><span class=\"whitespace-normal\">Classun<\/span><\/span><\/strong> \u2014 d\u00e8s le 9 avril (f\u00eates locales)<\/li><li data-section-id=\"1491lpk\" data-start=\"573\" data-end=\"629\"><strong data-start=\"575\" data-end=\"616\"><span class=\"hover:entity-accent entity-underline inline cursor-pointer align-baseline\"><span class=\"whitespace-normal\">Saint-Yaguen<\/span><\/span><\/strong> \u2014 18 avril<\/li><li data-section-id=\"12ey6q9\" data-start=\"630\" data-end=\"693\"><strong data-start=\"632\" data-end=\"673\"><span class=\"hover:entity-accent entity-underline inline cursor-pointer align-baseline\"><span class=\"whitespace-normal\">Saint-Geours-d\u2019Auribat<\/span><\/span><\/strong> \u2014 d\u00e8s le 24 avril<\/li><li data-section-id=\"xavar5\" data-start=\"694\" data-end=\"757\"><strong data-start=\"696\" data-end=\"737\"><span class=\"hover:entity-accent entity-underline inline cursor-pointer align-baseline\"><span class=\"whitespace-normal\">Sainte-Colombe<\/span><\/span><\/strong> \u2014 d\u00e8s le 24 avril<\/li><\/ul><p data-start=\"759\" data-end=\"882\">\ud83d\udc49 D\u00e8s avril, les <strong data-start=\"777\" data-end=\"814\">petits villages lancent la saison<\/strong> avec f\u00eates locales + bandas<\/p><h3 data-section-id=\"1a2dctl\" data-start=\"889\" data-end=\"920\">Mai\u00a0<\/h3><ul data-start=\"922\" data-end=\"1150\"><li data-section-id=\"xankcu\" data-start=\"922\" data-end=\"1028\"><strong data-start=\"924\" data-end=\"965\"><span class=\"hover:entity-accent entity-underline inline cursor-pointer align-baseline\"><span class=\"whitespace-normal\">Condom<\/span><\/span><\/strong> \u2014 8 au 10 mai (Bandas)<\/li><li data-section-id=\"1bphj07\" data-start=\"1029\" data-end=\"1089\"><strong data-start=\"1031\" data-end=\"1072\"><span class=\"hover:entity-accent entity-underline inline cursor-pointer align-baseline\"><span class=\"whitespace-normal\">Vic-Fezensac<\/span><\/span><\/strong> \u2014 22 au 25 mai<\/li><li data-section-id=\"1ajd6tx\" data-start=\"1090\" data-end=\"1150\"><strong data-start=\"1092\" data-end=\"1133\"><span class=\"hover:entity-accent entity-underline inline cursor-pointer align-baseline\"><span class=\"whitespace-normal\">N\u00eemes<\/span><\/span><\/strong> \u2014 20 au 25 mai<\/li><\/ul><p data-start=\"1152\" data-end=\"1165\">\ud83d\udd38 Villages :<\/p><ul data-start=\"1166\" data-end=\"1483\"><li data-section-id=\"fees05\" data-start=\"1166\" data-end=\"1228\"><strong data-start=\"1168\" data-end=\"1211\"><span class=\"hover:entity-accent entity-underline inline cursor-pointer align-baseline\"><span class=\"whitespace-normal\">Lencouacq<\/span><\/span><\/strong> \u2014 d\u00e8s le 7 mai<\/li><li data-section-id=\"l3abph\" data-start=\"1229\" data-end=\"1291\"><strong data-start=\"1231\" data-end=\"1274\"><span class=\"hover:entity-accent entity-underline inline cursor-pointer align-baseline\"><span class=\"whitespace-normal\">Vielle-Saint-Girons<\/span><\/span><\/strong> \u2014 d\u00e8s le 7 mai<\/li><li data-section-id=\"q8menk\" data-start=\"1292\" data-end=\"1355\"><strong data-start=\"1294\" data-end=\"1337\"><span class=\"hover:entity-accent entity-underline inline cursor-pointer align-baseline\"><span class=\"whitespace-normal\">Lesperon<\/span><\/span><\/strong> \u2014 d\u00e8s le 13 mai<\/li><li data-section-id=\"35lt0w\" data-start=\"1356\" data-end=\"1419\"><strong data-start=\"1358\" data-end=\"1401\"><span class=\"hover:entity-accent entity-underline inline cursor-pointer align-baseline\"><span class=\"whitespace-normal\">Gastes<\/span><\/span><\/strong> \u2014 d\u00e8s le 13 mai<\/li><li data-section-id=\"nfydiv\" data-start=\"1420\" data-end=\"1483\"><strong data-start=\"1422\" data-end=\"1465\"><span class=\"hover:entity-accent entity-underline inline cursor-pointer align-baseline\"><span class=\"whitespace-normal\">Labatut<\/span><\/span><\/strong> \u2014 d\u00e8s le 14 mai<\/li><\/ul><p data-start=\"1485\" data-end=\"1559\">\ud83d\udc49 C\u2019est typiquement le mois o\u00f9 <strong data-start=\"1517\" data-end=\"1557\">chaque week-end = un village en f\u00eate<\/strong><\/p><h3 data-section-id=\"1dtwa9s\" data-start=\"1566\" data-end=\"1604\">Juin\u00a0<\/h3><ul data-start=\"1606\" data-end=\"1837\"><li data-section-id=\"4k9tty\" data-start=\"1606\" data-end=\"1669\"><strong data-start=\"1608\" data-end=\"1651\"><span class=\"hover:entity-accent entity-underline inline cursor-pointer align-baseline\"><span class=\"whitespace-normal\">Istres<\/span><\/span><\/strong> \u2014 19 au 21 juin<\/li><li data-section-id=\"9nhtff\" data-start=\"1670\" data-end=\"1773\"><strong data-start=\"1672\" data-end=\"1715\"><span class=\"hover:entity-accent entity-underline inline cursor-pointer align-baseline\"><span class=\"whitespace-normal\">Aire-sur-l\u2019Adour<\/span><\/span><\/strong> \u2014 19 au 21 juin<\/li><li data-section-id=\"izyowa\" data-start=\"1774\" data-end=\"1837\"><strong data-start=\"1776\" data-end=\"1819\"><span class=\"hover:entity-accent entity-underline inline cursor-pointer align-baseline\"><span class=\"whitespace-normal\">Saint-Sever<\/span><\/span><\/strong> \u2014 26 au 30 juin<\/li><\/ul><p data-start=\"1839\" data-end=\"1863\">\ud83d\udd38 Villages importants :<\/p><ul data-start=\"1864\" data-end=\"2056\"><li data-section-id=\"i0h9s1\" data-start=\"1864\" data-end=\"1931\"><strong data-start=\"1866\" data-end=\"1909\"><span class=\"hover:entity-accent entity-underline inline cursor-pointer align-baseline\"><span class=\"whitespace-normal\">Sanguinet<\/span><\/span><\/strong> \u2014 juin (St-Sauveur)<\/li><li data-section-id=\"w9chjf\" data-start=\"1932\" data-end=\"1995\"><strong data-start=\"1934\" data-end=\"1977\"><span class=\"hover:entity-accent entity-underline inline cursor-pointer align-baseline\"><span class=\"whitespace-normal\">Sainte-Eulalie-en-Born<\/span><\/span><\/strong> \u2014 12 au 14 juin<\/li><li data-section-id=\"g66n07\" data-start=\"1996\" data-end=\"2056\"><strong data-start=\"1998\" data-end=\"2041\"><span class=\"hover:entity-accent entity-underline inline cursor-pointer align-baseline\"><span class=\"whitespace-normal\">Gousse<\/span><\/span><\/strong> \u2014 d\u00e9but juin<\/li><\/ul><h3 data-section-id=\"hg65j9\" data-start=\"2063\" data-end=\"2099\">Juillet\u00a0<\/h3><ul data-start=\"2101\" data-end=\"2341\"><li data-section-id=\"1rho666\" data-start=\"2101\" data-end=\"2167\"><strong data-start=\"2103\" data-end=\"2146\"><span class=\"hover:entity-accent entity-underline inline cursor-pointer align-baseline\"><span class=\"whitespace-normal\">Bayonne<\/span><\/span><\/strong> \u2014 15 au 19 juillet<\/li><li data-section-id=\"1h30vpn\" data-start=\"2168\" data-end=\"2274\"><strong data-start=\"2170\" data-end=\"2213\"><span class=\"hover:entity-accent entity-underline inline cursor-pointer align-baseline\"><span class=\"whitespace-normal\">Mont-de-Marsan<\/span><\/span><\/strong> \u2014 22 au 26 juillet<\/li><li data-section-id=\"11icg1d\" data-start=\"2275\" data-end=\"2341\"><strong data-start=\"2277\" data-end=\"2320\"><span class=\"hover:entity-accent entity-underline inline cursor-pointer align-baseline\"><span class=\"whitespace-normal\">Orthez<\/span><\/span><\/strong> \u2014 24 au 27 juillet<\/li><\/ul><p data-start=\"2343\" data-end=\"2373\">\ud83d\udd38 Petites villes \/ villages :<\/p><ul data-start=\"2374\" data-end=\"2551\"><li data-section-id=\"3lta82\" data-start=\"2374\" data-end=\"2444\"><strong data-start=\"2376\" data-end=\"2419\"><span class=\"hover:entity-accent entity-underline inline cursor-pointer align-baseline\"><span class=\"whitespace-normal\">Saint-Vincent-de-Tyrosse<\/span><\/span><\/strong> \u2014 30 juillet au 2 ao\u00fbt<\/li><li data-section-id=\"804gr0\" data-start=\"2445\" data-end=\"2551\"><strong data-start=\"2447\" data-end=\"2490\"><span class=\"hover:entity-accent entity-underline inline cursor-pointer align-baseline\"><span class=\"whitespace-normal\">Marboz<\/span><\/span><\/strong> \u2014 24 au 27 juillet<\/li><\/ul><p data-start=\"2553\" data-end=\"2620\">\ud83d\udc49 Juillet = <strong data-start=\"2566\" data-end=\"2620\">tourn\u00e9e des f\u00e9rias non-stop dans tout le Sud-Ouest<\/strong><\/p><h3 data-section-id=\"1ob7d3o\" data-start=\"2627\" data-end=\"2660\">Ao\u00fbt\u00a0<\/h3><ul data-start=\"2662\" data-end=\"2789\"><li data-section-id=\"1xffqk0\" data-start=\"2662\" data-end=\"2725\"><strong data-start=\"2664\" data-end=\"2707\"><span class=\"hover:entity-accent entity-underline inline cursor-pointer align-baseline\"><span class=\"whitespace-normal\">Dax<\/span><\/span><\/strong> \u2014 12 au 16 ao\u00fbt<\/li><li data-section-id=\"18bae9c\" data-start=\"2726\" data-end=\"2789\"><strong data-start=\"2728\" data-end=\"2771\"><span class=\"hover:entity-accent entity-underline inline cursor-pointer align-baseline\"><span class=\"whitespace-normal\">B\u00e9ziers<\/span><\/span><\/strong> \u2014 12 au 16 ao\u00fbt<\/li><\/ul><p data-start=\"2791\" data-end=\"2826\">\ud83d\udd38 Tr\u00e8s nombreuses petites f\u00e9rias :<\/p><ul data-start=\"2827\" data-end=\"3242\"><li data-section-id=\"42f7xe\" data-start=\"2827\" data-end=\"2946\"><strong data-start=\"2829\" data-end=\"2872\"><span class=\"hover:entity-accent entity-underline inline cursor-pointer align-baseline\"><span class=\"whitespace-normal\">Hagetmau<\/span><\/span><\/strong> \u2014 1er\u20132 ao\u00fbt (Feria du Novillo)<\/li><li data-section-id=\"2m28rf\" data-start=\"2947\" data-end=\"3008\"><strong data-start=\"2949\" data-end=\"2992\"><span class=\"hover:entity-accent entity-underline inline cursor-pointer align-baseline\"><span class=\"whitespace-normal\">Soustons<\/span><\/span><\/strong> \u2014 6 au 9 ao\u00fbt<\/li><li data-section-id=\"l8sper\" data-start=\"3009\" data-end=\"3071\"><strong data-start=\"3011\" data-end=\"3054\"><span class=\"hover:entity-accent entity-underline inline cursor-pointer align-baseline\"><span class=\"whitespace-normal\">Parentis-en-Born<\/span><\/span><\/strong> \u2014 7 au 11 ao\u00fbt<\/li><li data-section-id=\"phxlj4\" data-start=\"3072\" data-end=\"3126\"><strong data-start=\"3074\" data-end=\"3117\"><span class=\"hover:entity-accent entity-underline inline cursor-pointer align-baseline\"><span class=\"whitespace-normal\">Mimizan<\/span><\/span><\/strong> \u2014 ao\u00fbt<\/li><li data-section-id=\"1tgwk3k\" data-start=\"3127\" data-end=\"3181\"><strong data-start=\"3129\" data-end=\"3172\"><span class=\"hover:entity-accent entity-underline inline cursor-pointer align-baseline\"><span class=\"whitespace-normal\">Ychoux<\/span><\/span><\/strong> \u2014 ao\u00fbt<\/li><li data-section-id=\"4lppe6\" data-start=\"3182\" data-end=\"3242\"><strong data-start=\"3184\" data-end=\"3227\"><span class=\"hover:entity-accent entity-underline inline cursor-pointer align-baseline\"><span class=\"whitespace-normal\">Riscle<\/span><\/span><\/strong> \u2014 d\u00e9but ao\u00fbt<\/li><\/ul><p data-start=\"3244\" data-end=\"3349\">\ud83d\udc49 Ao\u00fbt = <strong data-start=\"3254\" data-end=\"3307\">des dizaines de f\u00eates simultan\u00e9es dans les Landes<\/strong><\/p><h3 data-section-id=\"p8a2jv\" data-start=\"3356\" data-end=\"3387\">Septembre\u00a0<\/h3><ul data-start=\"3389\" data-end=\"3593\"><li data-section-id=\"b7zyk8\" data-start=\"3389\" data-end=\"3455\"><strong data-start=\"3391\" data-end=\"3434\"><span class=\"hover:entity-accent entity-underline inline cursor-pointer align-baseline\"><span class=\"whitespace-normal\">Bayonne<\/span><\/span><\/strong> \u2014 4 au 6 septembre<\/li><li data-section-id=\"5y1nnc\" data-start=\"3456\" data-end=\"3524\"><strong data-start=\"3458\" data-end=\"3501\"><span class=\"hover:entity-accent entity-underline inline cursor-pointer align-baseline\"><span class=\"whitespace-normal\">Dax<\/span><\/span><\/strong> \u2014 11 au 13 septembre<\/li><li data-section-id=\"109bku\" data-start=\"3525\" data-end=\"3593\"><strong data-start=\"3527\" data-end=\"3570\"><span class=\"hover:entity-accent entity-underline inline cursor-pointer align-baseline\"><span class=\"whitespace-normal\">N\u00eemes<\/span><\/span><\/strong> \u2014 17 au 20 septembre<\/li><\/ul><p data-start=\"3595\" data-end=\"3608\">\ud83d\udd38 Villages :<\/p><ul data-start=\"3609\" data-end=\"3741\"><li data-section-id=\"11apym0\" data-start=\"3609\" data-end=\"3675\"><strong data-start=\"3611\" data-end=\"3654\"><span class=\"hover:entity-accent entity-underline inline cursor-pointer align-baseline\"><span class=\"whitespace-normal\">Biscarrosse<\/span><\/span><\/strong> \u2014 4 au 6 septembre<\/li><li data-section-id=\"bnw79x\" data-start=\"3676\" data-end=\"3741\"><strong data-start=\"3678\" data-end=\"3721\"><span class=\"hover:entity-accent entity-underline inline cursor-pointer align-baseline\"><span class=\"whitespace-normal\">Lu\u00eb<\/span><\/span><\/strong> \u2014 \u00e9t\u00e9 \/ septembre<\/li><\/ul><h2><span style=\"font-size: 18pt;\">Liste des principales f\u00e9rias\u00a0 en France<\/span><\/h2><ul><li data-start=\"1019\" data-end=\"1176\"><p data-start=\"1021\" data-end=\"1176\"><strong data-start=\"1021\" data-end=\"1048\">Feria de P\u00e2ques \u00e0 Arles<\/strong>\u202f: <span class=\"relative -mx-px my-[-0.2rem] rounded px-px py-[0.2rem]\">Pr\u00e9vue du 18 au 21 avril 2025, cette feria marque le d\u00e9but de la saison taurine en France, avec des corridas et des animations culturelles.<\/span> \u200b<\/p><\/li><li data-start=\"1178\" data-end=\"1298\"><p data-start=\"1180\" data-end=\"1298\"><strong data-start=\"1180\" data-end=\"1210\">Feria de Pentec\u00f4te \u00e0 N\u00eemes<\/strong>\u202f: <span class=\"relative -mx-px my-[-0.2rem] rounded px-px py-[0.2rem]\">Se d\u00e9roulant du 6 au 9 juin 2025, cette feria est l\u2019une des plus importantes de France, avec des corridas, des concerts et des animations dans toute la ville.<\/span><\/p><\/li><li data-start=\"1300\" data-end=\"1450\"><p data-start=\"1302\" data-end=\"1450\"><strong data-start=\"1302\" data-end=\"1322\">F\u00eates de Bayonne<\/strong>\u202f: <span class=\"relative -mx-px my-[-0.2rem] rounded px-px py-[0.2rem]\">Pr\u00e9vue du 9 au 13 juillet 2025, cette feria est l\u2019une des plus grandes de France, attirant des centaines de milliers de festayres.<\/span> \u200b<\/p><\/li><li data-start=\"1452\" data-end=\"1624\"><p data-start=\"1454\" data-end=\"1624\"><strong data-start=\"1454\" data-end=\"1496\">F\u00eates de la Madeleine \u00e0 Mont-de-Marsan<\/strong>\u202f: <span class=\"relative -mx-px my-[-0.2rem] rounded px-px py-[0.2rem]\">Du 16 au 20 juillet 2025, cette feria propose des corridas, des concerts et diverses animations.<\/span> \u200b<\/p><\/li><li data-start=\"1626\" data-end=\"1772\"><p data-start=\"1628\" data-end=\"1772\"><strong data-start=\"1628\" data-end=\"1644\">Feria de Dax<\/strong>\u202f: <span class=\"relative -mx-px my-[-0.2rem] rounded px-px py-[0.2rem]\">Se d\u00e9roulant du 13 au 17 ao\u00fbt 2025, cette feria est r\u00e9put\u00e9e pour son ambiance festive et ses traditions taurines.<\/span><\/p><\/li><li data-start=\"1774\" data-end=\"1884\"><p data-start=\"1776\" data-end=\"1884\"><strong data-start=\"1776\" data-end=\"1796\">Feria de B\u00e9ziers<\/strong>\u202f: <span class=\"relative -mx-px my-[-0.2rem] rounded px-px py-[0.2rem]\">Pr\u00e9vue du 14 au 17 ao\u00fbt 2025, cette feria propose des corridas et diverses animations festives.<\/span>\u200b<\/p><\/li><li data-start=\"1886\" data-end=\"2040\" data-is-only-node=\"\"><p data-start=\"1888\" data-end=\"2040\"><strong data-start=\"1888\" data-end=\"1912\">Feria du Riz \u00e0 Arles<\/strong>\u202f: <span class=\"relative -mx-px my-[-0.2rem] rounded px-px py-[0.2rem]\">Pr\u00e9vue du 12 au 14 septembre 2025, cette feria c\u00e9l\u00e8bre la culture camarguaise avec des corridas et des animations traditionnelles.<\/span><\/p><\/li><\/ul><h2><span style=\"font-size: 18pt;\">Agenda 2025 des Ferias et corridas en France<\/span><\/h2><h4 data-start=\"256\" data-end=\"282\"><strong data-start=\"261\" data-end=\"282\">Mars \u2013 Avril 2025<\/strong><\/h4><ul data-start=\"283\" data-end=\"1059\"><li data-start=\"283\" data-end=\"378\"><strong data-start=\"285\" data-end=\"296\">14 mars<\/strong> : F\u00eates de Printemps \u00e0 Vielle-Tursan\u200b<\/li><li data-start=\"379\" data-end=\"475\"><strong data-start=\"381\" data-end=\"392\">21 mars<\/strong> : F\u00eates du Printemps \u00e0 Saint-Loubouer\u200b<\/li><li data-start=\"476\" data-end=\"576\"><strong data-start=\"478\" data-end=\"499\">3 avril \u2013 6 avril<\/strong> : Feria de Saint-Martin-de-Crau\u200b<\/li><li data-start=\"577\" data-end=\"669\"><strong data-start=\"579\" data-end=\"590\">5 avril<\/strong> : Novillada Piqu\u00e9e \u00e0 Saint-Perdon\u200b<\/li><li data-start=\"670\" data-end=\"784\"><strong data-start=\"672\" data-end=\"683\">6 avril<\/strong> : 10\u1d49 corrida de la Pe\u00f1a Gamardaise \u00e0 Gamarde-les-Bains\u200b<\/li><li data-start=\"785\" data-end=\"878\"><strong data-start=\"787\" data-end=\"799\">13 avril<\/strong> : Novillada de Printemps \u00e0 Garlin\u200b<\/li><li data-start=\"879\" data-end=\"964\"><strong data-start=\"881\" data-end=\"893\">18 avril<\/strong> : F\u00eates de Bahus-Soubiran\u200b<\/li><li data-start=\"965\" data-end=\"1059\"><strong data-start=\"967\" data-end=\"979\">25 avril<\/strong> : F\u00eates de la Saint-Marc \u00e0 Retjons\u200b<\/li><\/ul><h4 data-start=\"1061\" data-end=\"1085\"><strong data-start=\"1066\" data-end=\"1085\">Mai \u2013 Juin 2025<\/strong><\/h4><ul data-start=\"1086\" data-end=\"1700\"><li data-start=\"1086\" data-end=\"1187\"><strong data-start=\"1088\" data-end=\"1109\">30 mai \u2013 1\u1d49\u02b3 juin<\/strong> : Feria Rugby y Toros \u00e0 Captieux\u200b<\/li><li data-start=\"1188\" data-end=\"1279\"><strong data-start=\"1190\" data-end=\"1200\">6 juin<\/strong> : F\u00eates de Pentec\u00f4te \u00e0 Sainte-Foy\u200b<\/li><li data-start=\"1280\" data-end=\"1362\"><strong data-start=\"1282\" data-end=\"1298\">13 \u2013 15 juin<\/strong> : Feria d\u2019Istres\u200b<\/li><li data-start=\"1363\" data-end=\"1452\"><strong data-start=\"1365\" data-end=\"1376\">15 juin<\/strong> : Corrida \u00e0 Aire-sur-l\u2019Adour\u200b<\/li><li data-start=\"1453\" data-end=\"1534\"><strong data-start=\"1455\" data-end=\"1466\">21 juin<\/strong> : Corrida \u00e0 La Br\u00e8de\u200b<\/li><li data-start=\"1535\" data-end=\"1619\"><strong data-start=\"1537\" data-end=\"1548\">22 juin<\/strong> : Corrida \u00e0 Saint-Sever\u200b<\/li><li data-start=\"1620\" data-end=\"1700\"><strong data-start=\"1622\" data-end=\"1633\">28 juin<\/strong> : Corrida \u00e0 Mimizan\u200b<\/li><\/ul><h4 data-start=\"1702\" data-end=\"1723\"><strong data-start=\"1707\" data-end=\"1723\">Juillet 2025<\/strong><\/h4><ul data-start=\"1724\" data-end=\"2235\"><li data-start=\"1724\" data-end=\"1843\"><strong data-start=\"1726\" data-end=\"1739\">5 juillet<\/strong> : Novillada \u00e0 Castelnau-Rivi\u00e8re-Basse et corrida \u00e0 Eauze\u200b<\/li><li data-start=\"1844\" data-end=\"1930\"><strong data-start=\"1846\" data-end=\"1864\">9 \u2013 13 juillet<\/strong> : F\u00eates de Bayonne\u200b<\/li><li data-start=\"1931\" data-end=\"2014\"><strong data-start=\"1933\" data-end=\"1947\">11 juillet<\/strong> : Corrida \u00e0 Bayonne\u200b<\/li><li data-start=\"2015\" data-end=\"2124\"><strong data-start=\"2017\" data-end=\"2036\">16 \u2013 20 juillet<\/strong> : F\u00eates de la Madeleine \u00e0 Mont-de-Marsan\u200b<\/li><li data-start=\"2125\" data-end=\"2235\"><strong data-start=\"2127\" data-end=\"2146\">26 \u2013 27 juillet<\/strong> : Novillada et corrida \u00e0 Garlin et Orthez\u200b<\/li><\/ul><h4 data-start=\"2237\" data-end=\"2255\"><strong data-start=\"2242\" data-end=\"2255\">Ao\u00fbt 2025<\/strong><\/h4><ul data-start=\"2256\" data-end=\"3097\"><li data-start=\"2256\" data-end=\"2347\"><strong data-start=\"2258\" data-end=\"2268\">2 ao\u00fbt<\/strong> : Corrida et novillada \u00e0 Riscle\u200b<\/li><li data-start=\"2348\" data-end=\"2430\"><strong data-start=\"2350\" data-end=\"2360\">3 ao\u00fbt<\/strong> : Novillada \u00e0 Hagetmau\u200b<\/li><li data-start=\"2431\" data-end=\"2523\"><strong data-start=\"2433\" data-end=\"2443\">5 ao\u00fbt<\/strong> : Corrida \u00e0 Villeneuve-de-Marsan\u200b<\/li><li data-start=\"2524\" data-end=\"2608\"><strong data-start=\"2526\" data-end=\"2541\">7 \u2013 10 ao\u00fbt<\/strong> : F\u00eates de Soustons\u200b<\/li><li data-start=\"2609\" data-end=\"2713\"><strong data-start=\"2611\" data-end=\"2626\">8 \u2013 12 ao\u00fbt<\/strong> : Feria Sen Bertomiu \u00e0 Parentis-en-Born\u200b<\/li><li data-start=\"2714\" data-end=\"2794\"><strong data-start=\"2716\" data-end=\"2732\">13 \u2013 17 ao\u00fbt<\/strong> : Feria de Dax\u200b<\/li><li data-start=\"2795\" data-end=\"2890\"><strong data-start=\"2797\" data-end=\"2808\">15 ao\u00fbt<\/strong> : Novillada et corrida \u00e0 Roquefort\u200b<\/li><li data-start=\"2891\" data-end=\"2996\"><strong data-start=\"2893\" data-end=\"2904\">24 ao\u00fbt<\/strong> : Novillada \u00e0 Maubourguet et Rion-des-Landes\u200b<\/li><li data-start=\"2997\" data-end=\"3097\"><strong data-start=\"2999\" data-end=\"3015\">29 \u2013 31 ao\u00fbt<\/strong> : Corridas et novilladas \u00e0 Bayonne\u200b<\/li><\/ul><h4 data-start=\"3099\" data-end=\"3133\"><strong data-start=\"3104\" data-end=\"3133\">Septembre \u2013 Novembre 2025<\/strong><\/h4><ul data-start=\"3134\" data-end=\"3697\"><li data-start=\"3134\" data-end=\"3220\"><strong data-start=\"3136\" data-end=\"3151\">7 septembre<\/strong> : Novillada \u00e0 Seissan\u200b<\/li><li data-start=\"3221\" data-end=\"3313\"><strong data-start=\"3223\" data-end=\"3244\">12 \u2013 14 septembre<\/strong> : Toros y Salsa \u00e0 Dax<\/li><li data-start=\"3314\" data-end=\"3400\"><strong data-start=\"3316\" data-end=\"3337\">13 \u2013 14 septembre<\/strong> : Corrida \u00e0 Dax<\/li><li data-start=\"3401\" data-end=\"3507\"><strong data-start=\"3403\" data-end=\"3419\">21 septembre<\/strong> : Novillada \u00e0 Vieux-Boucau (\u00e0 confirmer)<\/li><li data-start=\"3508\" data-end=\"3603\"><strong data-start=\"3510\" data-end=\"3524\">13 octobre<\/strong> : Festival taurin \u00e0 Saint-Sever\u200b<\/li><li data-start=\"3604\" data-end=\"3697\"><strong data-start=\"3606\" data-end=\"3620\">9 novembre<\/strong> : Novillada \u00e0 Rion-des-Landes<\/li><\/ul><h2><span style=\"font-size: 18pt;\">Les Villes et Lieux Embl\u00e9matiques<\/span><\/h2><h3>N\u00eemes<\/h3><p>N\u00eemes est c\u00e9l\u00e8bre pour ses f\u00e9rias de Pentec\u00f4te et des Vendanges. Ses ar\u00e8nes romaines servent de cadre majestueux pour les corridas.<\/p><h3>Arles<\/h3><p>Arles accueille la Feria de P\u00e2ques et la Feria du Riz, avec des \u00e9v\u00e9nements taurins dans ses ar\u00e8nes historiques.<\/p><h3>Bayonne<\/h3><p>La Feria de Bayonne est l\u2019une des <a href=\"https:\/\/cparici.com\/fr\/bayonne\/\">plus grandes f\u00eates<\/a> du <a href=\"https:\/\/cparici.com\/fr\/pays-basque\/\">Pays Basque<\/a>, attirant des centaines de milliers de visiteurs chaque ann\u00e9e.<\/p><h3>Dax<\/h3><p>Dax, connue pour ses f\u00eates de la Saint-Vincent, offre une exp\u00e9rience authentique avec ses courses landaises et ses corridas.<\/p><h3>Mont-de-Marsan<\/h3><p>La Feria de la Madeleine \u00e0 Mont-de-Marsan est une autre f\u00eate incontournable avec une forte tradition de tauromachie.<\/p><h2><span style=\"font-size: 18pt;\">Les Activit\u00e9s durant les F\u00e9rias et Corridas<\/span><\/h2><h3>Parades et D\u00e9fil\u00e9s<\/h3><p>Les parades color\u00e9es sont un \u00e9l\u00e9ment cl\u00e9 des f\u00e9rias, avec des chars, des groupes de musique et des danseurs en costumes traditionnels.<\/p><h3>Corridas<\/h3><p>Les corridas sont le point culminant des f\u00e9rias, o\u00f9 les toreros d\u00e9montrent leur courage et leur habilet\u00e9 face aux taureaux.<\/p><h3>Musique et Danse<\/h3><p>Des concerts et des spectacles de danse flamenco animent les soir\u00e9es, cr\u00e9ant une atmosph\u00e8re festive et chaleureuse.<\/p><h3>Cuisine et Gastronomie<\/h3><p>Les f\u00e9rias sont aussi l\u2019occasion de d\u00e9guster des sp\u00e9cialit\u00e9s locales comme la paella, les tapas, et les vins r\u00e9gionaux.<\/p><h3>Jeux et Activit\u00e9s Sociales<\/h3><p>Des jeux pour enfants, des comp\u00e9titions sportives et des ateliers culturels sont souvent organis\u00e9s pour divertir tous les membres de la famille.<\/p><h2>Les F\u00e9rias les Plus Connues en France<\/h2><h3>Feria de N\u00eemes<\/h3><figure id=\"attachment_42234\" aria-describedby=\"caption-attachment-42234\" style=\"width: 1500px\" class=\"wp-caption aligncenter\"><a href=\"https:\/\/cparici.com\/wp-content\/uploads\/2024\/08\/ferias-et-corridas-de-France-Feria-de-Nimes.jpg\"><img decoding=\"async\" class=\"size-full wp-image-42234\" src=\"https:\/\/cparici.com\/wp-content\/uploads\/2024\/08\/ferias-et-corridas-de-France-Feria-de-Nimes.jpg\" alt=\"ferias et corridas de France - Feria de N\u00eemes\" width=\"1500\" height=\"530\" srcset=\"https:\/\/cparici.com\/wp-content\/uploads\/2024\/08\/ferias-et-corridas-de-France-Feria-de-Nimes.jpg 1500w, https:\/\/cparici.com\/wp-content\/uploads\/2024\/08\/ferias-et-corridas-de-France-Feria-de-Nimes-600x212.jpg 600w, https:\/\/cparici.com\/wp-content\/uploads\/2024\/08\/ferias-et-corridas-de-France-Feria-de-Nimes-300x106.jpg 300w, https:\/\/cparici.com\/wp-content\/uploads\/2024\/08\/ferias-et-corridas-de-France-Feria-de-Nimes-1024x362.jpg 1024w, https:\/\/cparici.com\/wp-content\/uploads\/2024\/08\/ferias-et-corridas-de-France-Feria-de-Nimes-768x271.jpg 768w\" sizes=\"(max-width: 1500px) 100vw, 1500px\" \/><\/a><figcaption id=\"caption-attachment-42234\" class=\"wp-caption-text\">ferias et corridas de France \u2013 Feria de N\u00eemes<\/figcaption><\/figure><p>La Feria de N\u00eemes est l\u2019une des plus anciennes et des plus prestigieuses, avec des corridas de haut niveau et une ambiance festive.<\/p><p data-sourcepos=\"3:1-3:269\">La <strong>Feria de N\u00eemes<\/strong> est une c\u00e9l\u00e9bration haute en couleurs qui rythme la vie de la ville \u00e0 deux reprises chaque ann\u00e9e : \u00e0 la Pentec\u00f4te et le troisi\u00e8me week-end de septembre. C\u2019est un \u00e9v\u00e9nement incontournable qui m\u00eale traditions taurines, musique, danse et gastronomie.<\/p><h4 data-sourcepos=\"5:1-5:45\">Une immersion dans la culture camarguaise<\/h4><p data-sourcepos=\"7:1-7:30\">Pendant plusieurs jours, N\u00eemes vibre au rythme des f\u00e9rias. Les rues se parent de blanc et de rouge, les couleurs traditionnelles de la f\u00eate. Les ar\u00e8nes, c\u0153ur battant de la feria, accueillent de nombreuses corridas et autres spectacles taurins.<\/p><h4 data-sourcepos=\"11:1-11:35\">Les incontournables de la Feria de Nimes<\/h4><ul data-sourcepos=\"13:1-16:144\"><li data-sourcepos=\"13:1-15:0\"><p data-sourcepos=\"13:3-14:33\"><strong>Les corridas:<\/strong> Les ar\u00e8nes de N\u00eemes sont un lieu mythique pour les aficionados de la tauromachie. Les corridas sont au c\u0153ur de la feria, offrant un spectacle unique et passionnant.<\/p><div class=\"attachment-container search-images\">\u00a0<\/div><\/li><li data-sourcepos=\"16:1-16:144\"><p data-sourcepos=\"16:3-16:144\"><strong>Les abrivados:<\/strong> Ces l\u00e2chers de taureaux dans les rues de la ville sont des moments forts de la feria. Les jeunes gens courent devant les taureaux, dans une ambiance festive et parfois un peu folle.<\/p><div class=\"attachment-container search-images\">\u00a0<\/div><\/li><li data-sourcepos=\"19:1-21:0\"><p data-sourcepos=\"19:3-20:32\"><strong>Les bandas:<\/strong> Les musiques entra\u00eenantes des bandas rythment les rues de N\u00eemes. Leur r\u00e9pertoire, essentiellement compos\u00e9 de morceaux traditionnels, invite \u00e0 la danse et \u00e0 la bonne humeur.<\/p><div class=\"attachment-container search-images\">\u00a0<\/div><\/li><li data-sourcepos=\"22:1-24:0\"><p data-sourcepos=\"22:3-23:33\"><strong>Les bodegas:<\/strong> Ces \u00e9tablissements typiques sont le c\u0153ur de la f\u00eate. On y d\u00e9guste des sp\u00e9cialit\u00e9s locales, on y danse et on y rencontre de nouvelles personnes.<\/p><div class=\"attachment-container search-images\">\u00a0<\/div><\/li><li data-sourcepos=\"25:1-27:0\"><p data-sourcepos=\"25:3-26:35\"><strong>La p\u00e9goulade:<\/strong> Ce d\u00e9fil\u00e9 carnavalesque est un moment de pure folie. Les participants, d\u00e9guis\u00e9s et souvent sur des chars, d\u00e9filent dans les rues de N\u00eemes, cr\u00e9ant une ambiance festive et d\u00e9brid\u00e9e.<\/p><div class=\"attachment-container search-images\"><div class=\"image-container hide-from-message-actions ng-star-inserted\"><div class=\"caption ellipsis gmat-caption ng-star-inserted\" aria-hidden=\"true\">\u00a0<\/div><\/div><\/div><\/li><\/ul><h4 data-sourcepos=\"28:1-28:38\">Une ambiance festive et conviviale<\/h4><p data-sourcepos=\"30:1-30:189\">La Feria de N\u00eemes, c\u2019est avant tout un moment de partage et de convivialit\u00e9. L\u2019esprit festif r\u00e8gne en ma\u00eetre, et les habitants de N\u00eemes comme les touristes se m\u00ealent joyeusement \u00e0 la foule.<\/p><h4>Feria de Pentec\u00f4te<\/h4><p>Cette f\u00eate se d\u00e9roule pendant le week-end de la Pentec\u00f4te, attirant des milliers de visiteurs pour des spectacles taurins et des animations vari\u00e9es.<\/p><h4>Dates des Ferias de Nimes<\/h4><ul><li data-sourcepos=\"3:1-3:174\"><strong>\u00c0 la Pentec\u00f4te :<\/strong> Cette \u00e9dition est g\u00e9n\u00e9ralement plus longue et plus anim\u00e9e. Les dates exactes changent chaque ann\u00e9e, mais elle se situe toujours autour de la Pentec\u00f4te.<\/li><li data-sourcepos=\"4:1-5:0\"><strong>Le troisi\u00e8me week-end de septembre :<\/strong> Cette \u00e9dition, appel\u00e9e Feria des Vendanges, est plus courte mais tout aussi festive.<\/li><\/ul><h3>Feria de Bayonne ou f\u00eates de Bayonne<\/h3><p>La Feria de Bayonne est r\u00e9put\u00e9e pour son ambiance conviviale et ses nombreux \u00e9v\u00e9nements, y compris des courses de taureaux et des concerts.<\/p><p data-sourcepos=\"3:1-3:191\"><strong>Les F\u00eates de Bayonne<\/strong>, c\u2019est bien plus qu\u2019une simple f\u00eate ; c\u2019est un \u00e9v\u00e8nement qui rythme la vie de la ville et attire des milliers de personnes chaque ann\u00e9e. Durant cinq jours, Bayonne se transforme en une v\u00e9ritable capitale de la f\u00eate, o\u00f9 traditions, musiques, danses et bonne humeur se m\u00ealent.<\/p><h4 data-sourcepos=\"5:1-5:33\">Une histoire riche et festive<\/h4><p data-sourcepos=\"7:1-7:111\">N\u00e9es en 1932, inspir\u00e9es des f\u00eates de Pampelune, les F\u00eates de Bayonne ont rapidement gagn\u00e9 en popularit\u00e9. Chaque ann\u00e9e, au c\u0153ur de l\u2019\u00e9t\u00e9, la ville vibre au rythme des musiques basques et des chants festifs.<\/p><h4 data-sourcepos=\"11:1-11:33\">Les incontournables des F\u00eates<\/h4><ul data-sourcepos=\"13:1-16:76\"><li data-sourcepos=\"13:1-15:0\"><p data-sourcepos=\"13:3-14:52\"><strong>La tenue traditionnelle :<\/strong> Blanc et rouge, les couleurs de la f\u00eate ! Les participants arborent fi\u00e8rement leurs tenues traditionnelles, compos\u00e9es d\u2019un t-shirt blanc, d\u2019un foulard rouge et d\u2019une ceinture basque.<\/p><div class=\"attachment-container search-images\">\u00a0<\/div><\/li><li data-sourcepos=\"16:1-16:76\"><p data-sourcepos=\"16:3-16:76\"><strong>Les musiques et les danses :<\/strong> Les bandas animent les rues de Bayonne en jouant des airs traditionnels et entrainants. Les danseurs, quant \u00e0 eux, se d\u00e9cha\u00eenent sur les places, entra\u00eenant la foule dans leur sillage.<\/p><div class=\"attachment-container search-images\">\u00a0<\/div><\/li><li data-sourcepos=\"19:1-21:0\"><p data-sourcepos=\"19:3-20:39\"><strong>Les bodegas :<\/strong> Ces \u00e9tablissements typiques proposent des sp\u00e9cialit\u00e9s locales et une ambiance festive. Les bodegas sont le c\u0153ur des F\u00eates, o\u00f9 l\u2019on vient se retrouver entre amis pour partager un moment convivial.<\/p><div class=\"attachment-container search-images\">\u00a0<\/div><\/li><li data-sourcepos=\"22:1-24:0\"><p data-sourcepos=\"22:3-23:41\"><strong>Les encierros :<\/strong> Moins connus que ceux de Pampelune, les encierros de Bayonne sont tout aussi appr\u00e9ci\u00e9s des amateurs de sensations fortes. Les jeunes courent devant les taureaux dans les rues de la ville.<\/p><div class=\"attachment-container search-images\">\u00a0<\/div><\/li><\/ul><h4 data-sourcepos=\"25:1-25:23\">Une ambiance unique<\/h4><p data-sourcepos=\"27:1-27:229\">Les F\u00eates de Bayonne, c\u2019est avant tout une ambiance unique, o\u00f9 les g\u00e9n\u00e9rations se m\u00e9langent et o\u00f9 la convivialit\u00e9 r\u00e8gne. On y rencontre des locaux et des touristes venus du monde entier, tous unis par le plaisir de faire la f\u00eate.<\/p><h4 data-sourcepos=\"27:1-27:229\">Dates des f\u00eates de Bayonne<\/h4><p data-sourcepos=\"27:1-27:229\"><strong>G\u00e9n\u00e9ralement, les F\u00eates de Bayonne ont lieu le premier week-end d\u2019ao\u00fbt.<\/strong> Cependant, ces derni\u00e8res ann\u00e9es, les dates ont \u00e9t\u00e9 l\u00e9g\u00e8rement avanc\u00e9es pour mieux g\u00e9rer l\u2019affluence. Les F\u00eates de Bayonne 2024 se sont d\u00e9roul\u00e9es <strong>du mercredi 10 juillet au dimanche 14 juillet<\/strong>.<\/p><h3 class=\"\" data-sourcepos=\"29:1-29:28\">Envie d\u2019en savoir plus ?<\/h3><p data-sourcepos=\"31:1-31:97\">Pour tout conna\u00eetre sur le programme, les dates et les modalit\u00e9s d\u2019acc\u00e8s, rendez-vous sur le site officiel des F\u00eates de Bayonne : https:\/\/fetes.bayonne.fr\/<\/p><h3>Feria de Dax<\/h3><p>La Feria de Dax est c\u00e9l\u00e8bre pour ses courses landaises, une forme unique de tauromachie o\u00f9 les participants esquivent les taureaux.<\/p><p data-sourcepos=\"3:1-3:67\"><strong>La Feria de Dax<\/strong> est un \u00e9v\u00e9nement majeur dans le sud-ouest de la France, attirant chaque ann\u00e9e des milliers de personnes en qu\u00eate de f\u00eate et de tradition. Pendant cinq jours, la ville de Dax se transforme en un immense dancefloor en plein air, o\u00f9 les couleurs du blanc et du rouge dominent.<\/p><h4 data-sourcepos=\"5:1-5:21\">Un peu d\u2019histoire<\/h4><p data-sourcepos=\"7:1-7:28\">Les F\u00eates de Dax, tout comme celles de Bayonne, sont profond\u00e9ment ancr\u00e9es dans les traditions locales. Elles trouvent leurs origines dans les f\u00eates patronales et ont \u00e9volu\u00e9 au fil des si\u00e8cles pour devenir ce qu\u2019elles sont aujourd\u2019hui : un m\u00e9lange unique de culture taurine, de musique, de danses et de convivialit\u00e9.<\/p><h4 data-sourcepos=\"9:1-9:36\">Les incontournables de la Feria de Dax<\/h4><ul data-sourcepos=\"11:1-14:97\"><li data-sourcepos=\"11:1-13:0\"><p data-sourcepos=\"11:3-12:44\"><strong>La tenue traditionnelle :<\/strong> Comme \u00e0 Bayonne, le blanc et le rouge sont de rigueur. Les f\u00eatards arborent fi\u00e8rement leur tenue compos\u00e9e d\u2019un t-shirt blanc, d\u2019un foulard rouge et d\u2019une ceinture basque.<\/p><div class=\"attachment-container search-images\">\u00a0<\/div><\/li><li data-sourcepos=\"14:1-14:97\"><p data-sourcepos=\"14:3-14:97\"><strong>Les bandas :<\/strong> Les musiques entra\u00eenantes des bandas rythment les rues de Dax. Leur r\u00e9pertoire, essentiellement compos\u00e9 de morceaux traditionnels, enflamme la foule et invite \u00e0 la danse.<\/p><div class=\"attachment-container search-images\">\u00a0<\/div><\/li><li data-sourcepos=\"17:1-19:0\"><p data-sourcepos=\"17:3-18:30\"><strong>Les ar\u00e8nes :<\/strong> La tauromachie est indissociable de la Feria de Dax. Les ar\u00e8nes accueillent de nombreuses corridas qui attirent les passionn\u00e9s de la tauromachie.<\/p><div class=\"attachment-container search-images\">\u00a0<\/div><\/li><li data-sourcepos=\"20:1-22:0\"><p data-sourcepos=\"20:3-21:31\"><strong>Les bodegas :<\/strong> Ces \u00e9tablissements typiques sont le c\u0153ur de la f\u00eate. On y d\u00e9guste des sp\u00e9cialit\u00e9s locales, on y danse et on y rencontre de nouvelles personnes.<\/p><div class=\"attachment-container search-images\">\u00a0<\/div><\/li><\/ul><h4 data-sourcepos=\"23:1-23:39\">Une ambiance festive et conviviale<\/h4><p data-sourcepos=\"25:1-25:186\">La Feria de Dax, c\u2019est avant tout un moment de partage et de convivialit\u00e9. L\u2019esprit festif r\u00e8gne en ma\u00eetre, et les habitants de Dax comme les touristes se m\u00ealent joyeusement \u00e0 la foule.<\/p><h4 data-sourcepos=\"27:1-27:28\">Envie d\u2019en savoir plus ?<\/h4><p data-sourcepos=\"29:1-29:177\">Pour conna\u00eetre le programme d\u00e9taill\u00e9 de la prochaine Feria, je vous invite \u00e0 consulter le site officiel de l\u2019\u00e9v\u00e9nement : https:\/\/www.daxlaferia.fr\/<\/p><h4 data-sourcepos=\"29:1-29:177\">Dates de la feria de Dax<\/h4><p data-sourcepos=\"29:1-29:177\">Les F\u00eates de Dax 2024 ont lieu <strong>du 14 au 18 ao\u00fbt<\/strong>. C\u2019\u00e9tait donc un moment fort de l\u2019\u00e9t\u00e9 pour tous les amoureux des traditions landaises et de la f\u00eate !<\/p><h2>Les Corridas les Plus C\u00e9l\u00e8bres<\/h2><h3>Course Camarguaise<\/h3><p>La Course Camarguaise est un spectacle traditionnel de la r\u00e9gion de Camargue, o\u00f9 les raseteurs tentent de saisir des cocardes plac\u00e9es sur les taureaux.<\/p><h3>Course Landaise<\/h3><p>La Course Landaise est une forme de tauromachie originaire des Landes, o\u00f9 les \u00e9carteurs et sauteurs d\u00e9montrent leur agilit\u00e9 et leur bravoure.<\/p><h3>Corrida Espagnole<\/h3><p>La corrida espagnole classique, avec ses toreros et ses taureaux braves, reste un \u00e9l\u00e9ment central des f\u00e9rias fran\u00e7aises.<\/p><h2>Culture et Traditions des F\u00e9rias et Corridas<\/h2><p>Les f\u00e9rias et corridas sont profond\u00e9ment enracin\u00e9es dans la culture locale. Les v\u00eatements traditionnels, tels que les chemises blanches et les foulards rouges, sont couramment port\u00e9s. La musique et la danse, en particulier le flamenco et les bandas, jouent un r\u00f4le crucial dans l\u2019animation des f\u00eates.<\/p><h3>F\u00e9rias et Corridas: Controverses et Opinions<\/h3><p>Les f\u00e9rias et corridas suscitent des d\u00e9bats passionn\u00e9s. Les d\u00e9fenseurs voient en elles une tradition culturelle essentielle, tandis que les opposants d\u00e9noncent la cruaut\u00e9 envers les animaux. Ces divergences d\u2019opinions influencent les lois et les r\u00e9gulations autour de ces pratiques.<\/p><h3>Impact \u00c9conomique des F\u00e9rias et Corridas<\/h3><p>Les f\u00e9rias et corridas g\u00e9n\u00e8rent des retomb\u00e9es \u00e9conomiques significatives. Elles attirent des touristes, stimulent l\u2019\u00e9conomie locale et cr\u00e9ent des emplois temporaires. Les commerces locaux profitent \u00e9galement de l\u2019afflux de visiteurs.<\/p><h3>Gastronomie lors des F\u00e9rias et Corridas<\/h3><p>La gastronomie est un aspect essentiel des f\u00e9rias. Les visiteurs peuvent savourer des plats typiques comme la paella, les tapas, le jambon ib\u00e9rique, et d\u00e9guster des vins locaux. Les march\u00e9s et stands de nourriture offrent une vari\u00e9t\u00e9 de d\u00e9lices r\u00e9gionaux.<\/p><h3>Les R\u00e8gles et la S\u00e9curit\u00e9<\/h3><p>Il est crucial de respecter les r\u00e8gles et les consignes de s\u00e9curit\u00e9 durant les f\u00e9rias et corridas. Les organisateurs mettent en place des mesures pour assurer la s\u00e9curit\u00e9 des participants et des spectateurs, telles que des barri\u00e8res de protection et des services m\u00e9dicaux.<\/p><h3>Les F\u00e9rias pour les Familles<\/h3><p>Les f\u00e9rias offrent de nombreuses activit\u00e9s adapt\u00e9es aux familles, telles que des jeux pour enfants, des spectacles et des ateliers. Des espaces sp\u00e9cialement am\u00e9nag\u00e9s permettent aux familles de profiter des festivit\u00e9s en toute s\u00e9curit\u00e9.<\/p><h3>Comment se Rendre aux Ferias et Corridas en France<\/h3><p>Il est facile de se rendre aux f\u00e9rias et corridas gr\u00e2ce aux diverses options de transport. Les visiteurs peuvent utiliser les trains, les bus, les voitures de location, et parfois m\u00eame des vols locaux. Il est recommand\u00e9 de planifier son voyage \u00e0 l\u2019avance pour \u00e9viter les impr\u00e9vus.<\/p><h2>Les Festivals Associ\u00e9s aux Ferias et corridas<\/h2><p>De nombreux festivals sont associ\u00e9s aux f\u00e9rias, offrant des exp\u00e9riences culturelles enrichissantes. Par exemple, la Feria des Vendanges \u00e0 N\u00eemes co\u00efncide avec des c\u00e9l\u00e9brations viticoles, tandis que la Feria de P\u00e2ques \u00e0 Arles inclut des \u00e9v\u00e9nements religieux.<\/p><h2>Ferias et corridas en France \u2013 FAQ<\/h2><h3>Les ferias et corridas en France sont-elles l\u00e9gales?<\/h3><p>Oui, elles sont l\u00e9gales mais r\u00e9glement\u00e9es. Certaines r\u00e9gions ont des restrictions sp\u00e9cifiques.<\/p><h3>Quel est le meilleur moment pour assister \u00e0 une feria?<\/h3><p>Les f\u00e9rias ont lieu tout au long de l\u2019ann\u00e9e, mais les plus populaires se d\u00e9roulent entre le printemps et l\u2019\u00e9t\u00e9.<\/p><h3>Les enfants peuvent-ils assister aux ferias et corridas en France?<\/h3><p>Oui, de nombreuses f\u00e9rias proposent des activit\u00e9s adapt\u00e9es aux enfants.<\/p><h3>Quels v\u00eatements porter lors des f\u00e9rias?<\/h3><p>Il est courant de porter des v\u00eatements blancs avec un foulard rouge, mais des v\u00eatements confortables sont \u00e9galement recommand\u00e9s.<\/p><h3>Les f\u00e9rias sont-elles s\u00fbres?<\/h3><p>Les organisateurs mettent en place des mesures de s\u00e9curit\u00e9, mais il est important de suivre les consignes et de rester vigilant.<\/p><h3>Peut-on participer aux \u00e9v\u00e9nements taurins?<\/h3><p>Seuls les professionnels peuvent participer aux corridas, mais les spectateurs peuvent profiter des nombreux autres \u00e9v\u00e9nements.<\/p><h2>Ferias et corridas en France \u2013 Conclusion<\/h2><p><strong>Les ferias et corridas en France<\/strong> sont des <a href=\"https:\/\/fr.wikipedia.org\/wiki\/Feria\" target=\"_blank\" rel=\"noopener\">manifestations culturelles<\/a> uniques qui combinent tradition, f\u00eate et spectacle. Elles offrent une immersion totale dans le folklore r\u00e9gional et attirent des visiteurs de tous horizons. Malgr\u00e9 les controverses, elles demeurent un \u00e9l\u00e9ment vital de l\u2019identit\u00e9 culturelle du Sud de la France. En planifiant bien votre visite, vous pouvez vivre une exp\u00e9rience inoubliable au c\u0153ur des f\u00e9rias et corridas fran\u00e7aises.<\/p>\t\t\t\t\t\t\t\t<\/div>\n\t\t\t\t\t<\/div>\n\t\t\t\t<\/div>\n\t\t<aside class=\"elementor-element elementor-element-5b2283e e-flex e-con-boxed e-con e-parent\" data-id=\"5b2283e\" data-element_type=\"container\" data-e-type=\"container\">\n\t\t\t\t\t<div class=\"e-con-inner\">\n\t\t\t\t<div class=\"elementor-element elementor-element-2cdf096 elementor-widget elementor-widget-listeo-posts-grid\" data-id=\"2cdf096\" data-element_type=\"widget\" data-e-type=\"widget\" data-widget_type=\"listeo-posts-grid.default\">\n\t\t\t\t<div class=\"elementor-widget-container\">\n\t\t\t\t\t\t\t\n\t\t<div class=\"listeo-post-grid-wrapper\">\n\t\t\t<div class=\"row\">\n\n\t\t\t\n\n\t\t\t\t\t\t\t<div class=\"col-md-4\">\n                <a href=\"https:\/\/cparici.com\/fr\/fragonard\/\" class=\"blog-compact-item-container\">\n                    <div class=\"blog-compact-item\">\n                        <img decoding=\"async\" width=\"577\" height=\"204\" src=\"https:\/\/cparici.com\/wp-content\/uploads\/2025\/03\/cparici-2025-03-06T184532.479-577x204.jpg\" class=\"attachment-listeo-blog-related-post size-listeo-blog-related-post wp-post-image\" alt=\"Fragonard\" srcset=\"https:\/\/cparici.com\/wp-content\/uploads\/2025\/03\/cparici-2025-03-06T184532.479-577x204.jpg 577w, https:\/\/cparici.com\/wp-content\/uploads\/2025\/03\/cparici-2025-03-06T184532.479-300x106.jpg 300w, https:\/\/cparici.com\/wp-content\/uploads\/2025\/03\/cparici-2025-03-06T184532.479-1024x362.jpg 1024w, https:\/\/cparici.com\/wp-content\/uploads\/2025\/03\/cparici-2025-03-06T184532.479-768x271.jpg 768w, https:\/\/cparici.com\/wp-content\/uploads\/2025\/03\/cparici-2025-03-06T184532.479-18x6.jpg 18w, https:\/\/cparici.com\/wp-content\/uploads\/2025\/03\/cparici-2025-03-06T184532.479-590x208.jpg 590w, https:\/\/cparici.com\/wp-content\/uploads\/2025\/03\/cparici-2025-03-06T184532.479-1200x424.jpg 1200w, https:\/\/cparici.com\/wp-content\/uploads\/2025\/03\/cparici-2025-03-06T184532.479-600x212.jpg 600w, https:\/\/cparici.com\/wp-content\/uploads\/2025\/03\/cparici-2025-03-06T184532.479.jpg 1500w\" sizes=\"(max-width: 577px) 100vw, 577px\" \/><span class=\"blog-item-tag\">Alpes maritimes<\/span>                        \n                        <div class=\"blog-compact-item-content\">\n                                                        <h3>Fragonard<\/h3>\n                                                        <p>Fragonard Le terme Fragonard \u00e9voque une riche histoire fran\u00e7aise, englobant \u00e0 la fois un illustre...                            <\/p>\n                                                    <\/div>\n                    <\/div>\n                <\/a>\n            <\/div>\n\t\t\t<div class=\"col-md-4\">\n                <a href=\"https:\/\/cparici.com\/fr\/cannes-guide\/\" class=\"blog-compact-item-container\">\n                    <div class=\"blog-compact-item\">\n                        <img decoding=\"async\" width=\"577\" height=\"204\" src=\"https:\/\/cparici.com\/wp-content\/uploads\/2024\/07\/cannes-cote-dazur.jpg\" class=\"attachment-listeo-blog-related-post size-listeo-blog-related-post wp-post-image\" alt=\"cannes c\u00f4te d&#039;azur\" srcset=\"https:\/\/cparici.com\/wp-content\/uploads\/2024\/07\/cannes-cote-dazur.jpg 1500w, https:\/\/cparici.com\/wp-content\/uploads\/2024\/07\/cannes-cote-dazur-600x212.jpg 600w, https:\/\/cparici.com\/wp-content\/uploads\/2024\/07\/cannes-cote-dazur-300x106.jpg 300w, https:\/\/cparici.com\/wp-content\/uploads\/2024\/07\/cannes-cote-dazur-1024x362.jpg 1024w, https:\/\/cparici.com\/wp-content\/uploads\/2024\/07\/cannes-cote-dazur-768x271.jpg 768w\" sizes=\"(max-width: 577px) 100vw, 577px\" \/><span class=\"blog-item-tag\">Alpes maritimes<\/span>                        \n                        <div class=\"blog-compact-item-content\">\n                                                        <h3>Cannes, d\u00e9couverte et guide complet de la ville<\/h3>\n                                                        <p>Cannes, la ville du cin\u00e9ma et du glamour. D\u00e9couvrez son histoire, ses plages, ses festivals...                            <\/p>\n                                                    <\/div>\n                    <\/div>\n                <\/a>\n            <\/div>\n\t\t\t<div class=\"col-md-4\">\n                <a href=\"https:\/\/cparici.com\/fr\/avignon-guide-2\/\" class=\"blog-compact-item-container\">\n                    <div class=\"blog-compact-item\">\n                        <img decoding=\"async\" width=\"577\" height=\"204\" src=\"https:\/\/cparici.com\/wp-content\/uploads\/2024\/07\/Avignon.jpg\" class=\"attachment-listeo-blog-related-post size-listeo-blog-related-post wp-post-image\" alt=\"Avignon\" srcset=\"https:\/\/cparici.com\/wp-content\/uploads\/2024\/07\/Avignon.jpg 1500w, https:\/\/cparici.com\/wp-content\/uploads\/2024\/07\/Avignon-600x212.jpg 600w, https:\/\/cparici.com\/wp-content\/uploads\/2024\/07\/Avignon-300x106.jpg 300w, https:\/\/cparici.com\/wp-content\/uploads\/2024\/07\/Avignon-1024x362.jpg 1024w, https:\/\/cparici.com\/wp-content\/uploads\/2024\/07\/Avignon-768x271.jpg 768w\" sizes=\"(max-width: 577px) 100vw, 577px\" \/><span class=\"blog-item-tag\">Avignon<\/span>                        \n                        <div class=\"blog-compact-item-content\">\n                                                        <h3>Avignon \u2013 guide ultime pour explorer la ville<\/h3>\n                                                        <p>Vous r\u00eavez de visiter Avignon, la ville des papes ? Suivez notre guide ultime pour...                            <\/p>\n                                                    <\/div>\n                    <\/div>\n                <\/a>\n            <\/div>\n  <\/div>\n        <\/div>\n        \t\t\t\t<\/div>\n\t\t\t\t<\/div>\n\t\t\t\t\t<\/div>\n\t\t\t\t<\/aside>\n\t\t\t\t<\/div>\n\t\t","protected":false},"excerpt":{"rendered":"<p>D\u00e9couvrez tout sur les f\u00e9rias et corridas en France : histoire, villes embl\u00e9matiques, activit\u00e9s, traditions, et plus encore.<\/p>\n","protected":false},"author":1,"featured_media":42231,"comment_status":"closed","ping_status":"open","sticky":false,"template":"elementor_header_footer","format":"standard","meta":{"ngg_post_thumbnail":0,"footnotes":""},"categories":[477],"tags":[1300,1287,1299,1301,991],"class_list":["post-42226","post","type-post","status-publish","format-standard","has-post-thumbnail","hentry","category-france","tag-corrida","tag-culture","tag-feria","tag-fete-landaise","tag-loisirs"],"_links":{"self":[{"href":"https:\/\/cparici.com\/fr\/wp-json\/wp\/v2\/posts\/42226","targetHints":{"allow":["GET"]}}],"collection":[{"href":"https:\/\/cparici.com\/fr\/wp-json\/wp\/v2\/posts"}],"about":[{"href":"https:\/\/cparici.com\/fr\/wp-json\/wp\/v2\/types\/post"}],"author":[{"embeddable":true,"href":"https:\/\/cparici.com\/fr\/wp-json\/wp\/v2\/users\/1"}],"replies":[{"embeddable":true,"href":"https:\/\/cparici.com\/fr\/wp-json\/wp\/v2\/comments?post=42226"}],"version-history":[{"count":2,"href":"https:\/\/cparici.com\/fr\/wp-json\/wp\/v2\/posts\/42226\/revisions"}],"predecessor-version":[{"id":87455,"href":"https:\/\/cparici.com\/fr\/wp-json\/wp\/v2\/posts\/42226\/revisions\/87455"}],"wp:featuredmedia":[{"embeddable":true,"href":"https:\/\/cparici.com\/fr\/wp-json\/wp\/v2\/media\/42231"}],"wp:attachment":[{"href":"https:\/\/cparici.com\/fr\/wp-json\/wp\/v2\/media?parent=42226"}],"wp:term":[{"taxonomy":"category","embeddable":true,"href":"https:\/\/cparici.com\/fr\/wp-json\/wp\/v2\/categories?post=42226"},{"taxonomy":"post_tag","embeddable":true,"href":"https:\/\/cparici.com\/fr\/wp-json\/wp\/v2\/tags?post=42226"}],"curies":[{"name":"wp","href":"https:\/\/api.w.org\/{rel}","templated":true}]}}