{"id":42743,"date":"2024-08-27T10:42:24","date_gmt":"2024-08-27T08:42:24","guid":{"rendered":"https:\/\/cparici.com\/?p=42743"},"modified":"2025-07-13T09:30:18","modified_gmt":"2025-07-13T07:30:18","slug":"alignements-de-carnac-guide","status":"publish","type":"post","link":"https:\/\/cparici.com\/fr\/alignements-de-carnac-guide\/","title":{"rendered":"Alignements de carnac &#8211; guide complet pour les explorer"},"content":{"rendered":"\t\t<div data-elementor-type=\"wp-post\" data-elementor-id=\"42743\" class=\"elementor elementor-42743\" data-elementor-post-type=\"post\">\n\t\t\t\t<div class=\"elementor-element elementor-element-afeec8d e-con-full e-flex e-con e-parent\" data-id=\"afeec8d\" data-element_type=\"container\" data-e-type=\"container\">\n\t\t\t\t<div class=\"elementor-element elementor-element-06b8b78 elementor-widget elementor-widget-image\" data-id=\"06b8b78\" data-element_type=\"widget\" data-e-type=\"widget\" data-widget_type=\"image.default\">\n\t\t\t\t\t\t\t\t\t\t\t\t\t\t\t<img decoding=\"async\" width=\"1500\" height=\"530\" src=\"https:\/\/cparici.com\/wp-content\/uploads\/2024\/08\/alignements-de-carnac-menec-menhirs.jpg\" class=\"attachment-full size-full wp-image-42747\" alt=\"alignements de carnac m\u00e9nec menhirs\" srcset=\"https:\/\/cparici.com\/wp-content\/uploads\/2024\/08\/alignements-de-carnac-menec-menhirs.jpg 1500w, https:\/\/cparici.com\/wp-content\/uploads\/2024\/08\/alignements-de-carnac-menec-menhirs-600x212.jpg 600w, https:\/\/cparici.com\/wp-content\/uploads\/2024\/08\/alignements-de-carnac-menec-menhirs-300x106.jpg 300w, https:\/\/cparici.com\/wp-content\/uploads\/2024\/08\/alignements-de-carnac-menec-menhirs-1024x362.jpg 1024w, https:\/\/cparici.com\/wp-content\/uploads\/2024\/08\/alignements-de-carnac-menec-menhirs-768x271.jpg 768w\" sizes=\"(max-width: 1500px) 100vw, 1500px\" \/>\t\t\t\t\t\t\t\t\t\t\t\t\t\t\t<\/div>\n\t\t\t\t<\/div>\n\t\t<aside class=\"elementor-element elementor-element-44341df e-flex e-con-boxed e-con e-parent\" data-id=\"44341df\" data-element_type=\"container\" data-e-type=\"container\">\n\t\t\t\t\t<div class=\"e-con-inner\">\n\t\t\t\t<div class=\"elementor-element elementor-element-69c964c elementor-widget elementor-widget-global elementor-global-62046 elementor-widget-eael-advanced-search\" data-id=\"69c964c\" data-element_type=\"widget\" data-e-type=\"widget\" data-widget_type=\"eael-advanced-search.default\">\n\t\t\t\t\t        <div class=\"eael-adv-search-wrapper\">\n            <div id=\"eael-advanced-search-widget-69c964c\" class=\"eael-advanced-search-widget\">\n                <form data-settings=\"{&quot;post_per_page&quot;:5,&quot;search_among_taxonomies&quot;:&quot;&quot;,&quot;search_among_sku&quot;:&quot;no&quot;,&quot;show_popular_keyword&quot;:0,&quot;show_category&quot;:0,&quot;show_content_image&quot;:1,&quot;show_search_result_all_results&quot;:0,&quot;result_on_new_tab&quot;:&quot;no&quot;,&quot;show_product_price&quot;:&quot;no&quot;,&quot;include_current_page&quot;:&quot;no&quot;,&quot;current_post_id&quot;:42743,&quot;post_type&quot;:[&quot;post&quot;,&quot;listing&quot;]}\" method=\"POST\" name=\"eael-advanced-search-form-69c964c\" class=\"eael-advanced-search-form eael-advanced-search-form-style-2\">\n                    <div class=\"eael-advanced-search-wrap\">\n                        <span class=\"eael-adv-search-loader\"><\/span>\n                        <span class=\"eael-adv-search-close\"><i class=\"fas fa-times\"><\/i><\/span>\n                        <span class=\"icon \"><i class=\"fas fa-search\"><\/i><\/span>\n\n                        <input type=\"text\"\n                               placeholder=\"Votre destination\"\n                               class=\"eael-advanced-search\" autocomplete=\"off\" name=\"eael_advanced_search\">\n                    <\/div>\n\t\t\t\t\t                                    <\/form>\n\n\t\t\t\t\n\t\t\t\t        <div class=\"eael-advanced-search-result\">\n            <div class=\"eael-advanced-search-popular-keyword\">\n\t\t\t\t<h4 class=\"eael-advanced-search-popular-keyword-text\">Recherches populaires<\/h4>                <div class=\"eael-popular-keyword-content\"><\/div>\n            <\/div>\n            <div class=\"eael-advanced-search-category\">\n\t\t\t\t<h4 class=\"eael-advanced-search-category-text\">Categories<\/h4>                <div class=\"eael-popular-category-content\"><\/div>\n            <\/div>\n\t\t\t<div class=\"eael-advanced-search-total-results-section\">\n\t\t\t\t\t\t\t<\/div>\n            <div class=\"eael-advanced-search-content eael-item-style-3\">\n            <\/div>\n            <div class=\"eael-advanced-search-not-found\">\n                <p>Pas de r\u00e9sultats<\/p><\/div>\n            <div class=\"eael-advanced-search-load-more\">\n\t\t\t\t<a \tclass=\"eael-advanced-search-load-more-button\"\n                \thref=\"#\">Voir tous les r\u00e9sultats<\/a>\n            <\/div>\n        <\/div>\n\n\t\t            <\/div>\n        <\/div>\n\n\t\t\t\t\t\t<\/div>\n\t\t\t\t\t<\/div>\n\t\t\t\t<\/aside>\n\t\t<div class=\"elementor-element elementor-element-5976c06b e-flex e-con-boxed e-con e-parent\" data-id=\"5976c06b\" data-element_type=\"container\" data-e-type=\"container\">\n\t\t\t\t\t<div class=\"e-con-inner\">\n\t\t\t\t<div class=\"elementor-element elementor-element-2eba96ee elementor-widget elementor-widget-text-editor\" data-id=\"2eba96ee\" data-element_type=\"widget\" data-e-type=\"widget\" data-widget_type=\"text-editor.default\">\n\t\t\t\t\t\t\t\t\t<h1 style=\"text-align: center;\"><strong>Alignements de Carnac<\/strong><\/h1><p><strong>Les alignements de Carnac<\/strong>, au c\u0153ur du <a href=\"https:\/\/cparici.com\/fr\/departements-francais-carte-de-france\/\">d\u00e9partement<\/a> du <a href=\"https:\/\/cparici.com\/fr\/visiter-le-morbihan-guide-des-sites-et-activites-a-ne-pas-manquer\/\">Morbihan<\/a> en <a href=\"https:\/\/cparici.com\/fr\/13-regions-de-france-le-guide\/\">r\u00e9gion<\/a> <a href=\"https:\/\/cparici.com\/fr\/visiter-la-bretagne-guide-des-sites-et-villes-a-explorer\/\">Bretagne<\/a>, sont un site m\u00e9galithique parmi les plus fascinants d&#8217;<a href=\"https:\/\/cparici.com\/fr\/europe\/\">Europe<\/a>. Avec plus de 3,000 menhirs \u00e9rig\u00e9s sur 4 kilom\u00e8tres, ce site pr\u00e9historique est class\u00e9 <a href=\"https:\/\/cparici.com\/fr\/les-monuments-historiques-en-france\/\">Monument Historique<\/a> depuis 1889 et est en lice pour \u00eatre reconnu <a href=\"https:\/\/cparici.com\/fr\/patrimoine-mondial-de-l-unesco-en-france\/\">Patrimoine Mondial de l&#8217;UNESCO<\/a>. Cette distinction souligne son immense valeur historique et culturelle.<\/p><h3>Importance historique et culturelle<\/h3><p>Datant de 7,000 ans, les alignements de Carnac t\u00e9moignent de la civilisation n\u00e9olithique. Ils incarnent l&#8217;apog\u00e9e de plus de 550 sites m\u00e9galithiques en Morbihan, attirant des visiteurs internationaux. Ces menhirs ne sont pas seulement historiques mais symbolisent \u00e9galement la spiritualit\u00e9 ancienne.<\/p><h3>Que d\u00e9couvrir dans ce guide ?<\/h3><p>Ce guide explore l&#8217;histoire des alignements de Carnac, <strong>les sites principaux de M\u00e9nec, Kermario, et Kerlescan<\/strong>, et offre des conseils de visite. Il met aussi en avant le Mus\u00e9e de Pr\u00e9histoire et la Maison des M\u00e9galithes, enrichissant votre voyage \u00e0 Carnac.<\/p><p>Pour en savoir plus sur la commune de <strong>Carnac et ses plages<\/strong>, <a href=\"https:\/\/cparici.com\/fr\/carnac-plage\/\">lisez notre article d\u00e9taill\u00e9 ici.<\/a><\/p>\t\t\t\t\t\t\t\t<\/div>\n\t\t\t\t\t<\/div>\n\t\t\t\t<\/div>\n\t\t<aside class=\"elementor-element elementor-element-3c0db88e e-flex e-con-boxed e-con e-parent\" data-id=\"3c0db88e\" data-element_type=\"container\" data-e-type=\"container\" data-settings=\"{&quot;background_background&quot;:&quot;classic&quot;}\">\n\t\t\t\t\t<div class=\"e-con-inner\">\n\t\t\t\t<div class=\"elementor-element elementor-element-1c460f19 elementor-widget elementor-widget-spacer\" data-id=\"1c460f19\" data-element_type=\"widget\" data-e-type=\"widget\" data-widget_type=\"spacer.default\">\n\t\t\t\t\t\t\t<div class=\"elementor-spacer\">\n\t\t\t<div class=\"elementor-spacer-inner\"><\/div>\n\t\t<\/div>\n\t\t\t\t\t\t<\/div>\n\t\t\t\t<div class=\"elementor-element elementor-element-173b89 elementor-widget elementor-widget-heading\" data-id=\"173b89\" data-element_type=\"widget\" data-e-type=\"widget\" data-widget_type=\"heading.default\">\n\t\t\t\t\t<p class=\"elementor-heading-title elementor-size-default\">H\u00e9bergements de Vacances en direct<\/p>\t\t\t\t<\/div>\n\t\t\t\t<div class=\"elementor-element elementor-element-ebebde1 elementor-widget elementor-widget-listeo-listings-carousel\" data-id=\"ebebde1\" data-element_type=\"widget\" data-e-type=\"widget\" data-widget_type=\"listeo-listings-carousel.default\">\n\t\t\t\t<div class=\"elementor-widget-container\">\n\t\t\t\t\t        <!-- Carousel \/ Start -->\n        \t<div class=\"simple-slick-carousel dots-nav\" data-slick='{&quot;autoplay&quot;:true,&quot;autoplaySpeed&quot;:3000,&quot;slidesToShow&quot;:3,&quot;slidesToScroll&quot;:1,&quot;responsive&quot;:[{&quot;breakpoint&quot;:1024,&quot;settings&quot;:{&quot;slidesToShow&quot;:2,&quot;slidesToScroll&quot;:1}},{&quot;breakpoint&quot;:768,&quot;settings&quot;:{&quot;slidesToShow&quot;:1,&quot;slidesToScroll&quot;:1}}]}'>\n                            <div class=\"fw-carousel-item\">                    \n                        <!-- Listing Item -->\r\n            <div class=\"col-lg-6 col-md-12\">\r\n                <a href=\"https:\/\/cparici.com\/fr\/annonce\/roby-6-pers-2\/\" class=\"listing-item-container listing-geo-data compact\" data-title=\"Roby, 6 Pers\" data-listing-type=\"rental\" data-classifieds-price=\"&euro;\" data-friendly-address=\"Tr\u00e9gunc\" data-address=\"Tr\u00e9gunc\" data-image=\"https:\/\/cparici.com\/wp-content\/uploads\/2025\/01\/Roby-1-520x397.jpg\" data-longitude=\"-3.841297699999999\" data-latitude=\"47.8522621\" data-rating=\"0\" data-reviews=\"0\" data-icon=\"&lt;svg xmlns=&quot;http:\/\/www.w3.org\/2000\/svg&quot; width=&quot;800px&quot; height=&quot;800px&quot; viewBox=&quot;0 0 45 45&quot; fill=&quot;none&quot;&gt;\n&lt;path d=&quot;M24.155 8.78099L24.33 8.94499L37.402 21.787L36 23.213L34.2 21.445L34.201 35C34.201 36.054 33.385 36.918 32.35 36.994L32.201 37H12.201C11.147 37 10.283 36.184 10.206 35.149L10.201 35L10.2 21.446L8.402 23.213L7 21.787L20.058 8.95799C21.171 7.82199 22.966 7.75899 24.155 8.78099ZM21.569 10.285L21.473 10.372L12.2 19.481L12.201 35L17.2 34.999L17.201 25C17.201 23.946 18.017 23.082 19.052 23.005L19.201 23H25.201C26.255 23 27.119 23.816 27.196 24.851L27.201 25L27.2 34.999L32.201 35L32.2 19.48L22.901 10.344C22.537 9.98699 21.969 9.96499 21.569 10.285ZM25.201 25H19.201L19.2 34.999H25.2L25.201 25Z&quot; fill=&quot;#3C3C3C&quot;\/&gt;\n&lt;\/svg&gt;\">\r\n            <div class=\"listing-item  \">\r\n                <div class=\"listing-small-badges-container\">\r\n                                                                <div class=\"listing-small-badge pricing-badge\"><i class=\"fa fa-tag\"><\/i>Commence \u00e0 partir de 150,00&euro;<\/div>\r\n                                                            \r\n                                        \r\n                                        \r\n                <\/div>\r\n                <img decoding=\"async\" src=\"https:\/\/cparici.com\/wp-content\/uploads\/2025\/01\/Roby-1-520x397.jpg\" alt=\"Roby, 6 Pers\" class=\"listing-thumbnail\">\r\n                \r\n\r\n                <div class=\"listing-item-content\">\r\n                    \r\n                    <h3> Roby, 6 Pers <\/h3>\r\n                    <span>Tr\u00e9gunc<\/span>\r\n                <\/div>\r\n                                        <span class=\"save like-icon tooltip left\" title=\"Connexion pour marquer des \u00e9l\u00e9ments\"><\/span>\r\n                                                <\/div>\r\n        <\/a>\r\n                    <\/div>\r\n        \r\n\r\n        <!-- Listing Item \/ End -->\n                    <\/div>\n                                      <div class=\"fw-carousel-item\">                    \n                        <!-- Listing Item -->\r\n            <div class=\"col-lg-6 col-md-12\">\r\n                <a href=\"https:\/\/cparici.com\/fr\/annonce\/villa-ty-lann-doue-6-pers\/\" class=\"listing-item-container listing-geo-data compact\" data-title=\"Villa Ty Lann Doue, 6 Pers\" data-listing-type=\"rental\" data-classifieds-price=\"&euro;\" data-friendly-address=\"Clohars-Carnoet Doelan\" data-address=\"Clohars-Carnoet Doelan\" data-image=\"https:\/\/cparici.com\/wp-content\/uploads\/2025\/01\/ty-lann-1-520x397.jpg\" data-longitude=\"-3.6020136\" data-latitude=\"47.7736491\" data-rating=\"0\" data-reviews=\"0\" data-icon=\"&lt;svg xmlns=&quot;http:\/\/www.w3.org\/2000\/svg&quot; width=&quot;800px&quot; height=&quot;800px&quot; viewBox=&quot;0 0 45 45&quot; fill=&quot;none&quot;&gt;\n&lt;path d=&quot;M24.155 8.78099L24.33 8.94499L37.402 21.787L36 23.213L34.2 21.445L34.201 35C34.201 36.054 33.385 36.918 32.35 36.994L32.201 37H12.201C11.147 37 10.283 36.184 10.206 35.149L10.201 35L10.2 21.446L8.402 23.213L7 21.787L20.058 8.95799C21.171 7.82199 22.966 7.75899 24.155 8.78099ZM21.569 10.285L21.473 10.372L12.2 19.481L12.201 35L17.2 34.999L17.201 25C17.201 23.946 18.017 23.082 19.052 23.005L19.201 23H25.201C26.255 23 27.119 23.816 27.196 24.851L27.201 25L27.2 34.999L32.201 35L32.2 19.48L22.901 10.344C22.537 9.98699 21.969 9.96499 21.569 10.285ZM25.201 25H19.201L19.2 34.999H25.2L25.201 25Z&quot; fill=&quot;#3C3C3C&quot;\/&gt;\n&lt;\/svg&gt;\">\r\n            <div class=\"listing-item  \">\r\n                <div class=\"listing-small-badges-container\">\r\n                                                                                \r\n                                        \r\n                                        \r\n                <\/div>\r\n                <img decoding=\"async\" src=\"https:\/\/cparici.com\/wp-content\/uploads\/2025\/01\/ty-lann-1-520x397.jpg\" alt=\"Villa Ty Lann Doue, 6 Pers\" class=\"listing-thumbnail\">\r\n                \r\n\r\n                <div class=\"listing-item-content\">\r\n                    \r\n                    <h3> Villa Ty Lann Doue, 6 Pers <\/h3>\r\n                    <span>Clohars-Carnoet Doelan<\/span>\r\n                <\/div>\r\n                                        <span class=\"save like-icon tooltip left\" title=\"Connexion pour marquer des \u00e9l\u00e9ments\"><\/span>\r\n                                                <\/div>\r\n        <\/a>\r\n                    <\/div>\r\n        \r\n\r\n        <!-- Listing Item \/ End -->\n                    <\/div>\n                                      <div class=\"fw-carousel-item\">                    \n                        <!-- Listing Item -->\r\n            <div class=\"col-lg-6 col-md-12\">\r\n                <a href=\"https:\/\/cparici.com\/fr\/annonce\/appartement-le-nassau-vue-mer-2-personnes-concarneau\/\" class=\"listing-item-container listing-geo-data compact\" data-title=\"Appartement Le Nassau &#8211; vue mer 2 personnes Concarneau\" data-listing-type=\"rental\" data-classifieds-price=\"&euro;\" data-friendly-address=\"Bd Bougainville, Concarneau\" data-address=\"Bd Bougainville, Concarneau\" data-image=\"https:\/\/cparici.com\/wp-content\/uploads\/2026\/04\/appartement-nassau-concarneau-520x397.jpg\" data-longitude=\"-3.921428087197639\" data-latitude=\"47.86981360330804\" data-rating=\"0\" data-reviews=\"0\" data-icon=\"&lt;svg xmlns=&quot;http:\/\/www.w3.org\/2000\/svg&quot; width=&quot;800px&quot; height=&quot;800px&quot; viewBox=&quot;0 0 45 45&quot; fill=&quot;none&quot;&gt;\n&lt;path d=&quot;M24.155 8.78099L24.33 8.94499L37.402 21.787L36 23.213L34.2 21.445L34.201 35C34.201 36.054 33.385 36.918 32.35 36.994L32.201 37H12.201C11.147 37 10.283 36.184 10.206 35.149L10.201 35L10.2 21.446L8.402 23.213L7 21.787L20.058 8.95799C21.171 7.82199 22.966 7.75899 24.155 8.78099ZM21.569 10.285L21.473 10.372L12.2 19.481L12.201 35L17.2 34.999L17.201 25C17.201 23.946 18.017 23.082 19.052 23.005L19.201 23H25.201C26.255 23 27.119 23.816 27.196 24.851L27.201 25L27.2 34.999L32.201 35L32.2 19.48L22.901 10.344C22.537 9.98699 21.969 9.96499 21.569 10.285ZM25.201 25H19.201L19.2 34.999H25.2L25.201 25Z&quot; fill=&quot;#3C3C3C&quot;\/&gt;\n&lt;\/svg&gt;\">\r\n            <div class=\"listing-item  \">\r\n                <div class=\"listing-small-badges-container\">\r\n                                                                <div class=\"listing-small-badge pricing-badge\"><i class=\"fa fa-tag\"><\/i>80,00&euro; - 0,00&euro;<\/div>\r\n                                                            \r\n                                        \r\n                                        \r\n                <\/div>\r\n                <img decoding=\"async\" src=\"https:\/\/cparici.com\/wp-content\/uploads\/2026\/04\/appartement-nassau-concarneau-520x397.jpg\" alt=\"Appartement Le Nassau &#8211; vue mer 2 personnes Concarneau\" class=\"listing-thumbnail\">\r\n                \r\n\r\n                <div class=\"listing-item-content\">\r\n                    \r\n                    <h3> Appartement Le Nassau &#8211; vue mer 2 personnes Concarneau <\/h3>\r\n                    <span>Bd Bougainville, Concarneau<\/span>\r\n                <\/div>\r\n                                        <span class=\"save like-icon tooltip left\" title=\"Connexion pour marquer des \u00e9l\u00e9ments\"><\/span>\r\n                                                <\/div>\r\n        <\/a>\r\n                    <\/div>\r\n        \r\n\r\n        <!-- Listing Item \/ End -->\n                    <\/div>\n                                      <div class=\"fw-carousel-item\">                    \n                        <!-- Listing Item -->\r\n            <div class=\"col-lg-6 col-md-12\">\r\n                <a href=\"https:\/\/cparici.com\/fr\/annonce\/le-rospico-appartement-vue-mer-nevez\/\" class=\"listing-item-container listing-geo-data compact\" data-title=\"Le Rospico, Appartement Vue Mer N\u00e9vez\" data-listing-type=\"rental\" data-classifieds-price=\"&euro;\" data-friendly-address=\"Plage de Rospico, N\u00e9vez\" data-address=\"Plage de Rospico, N\u00e9vez\" data-image=\"https:\/\/cparici.com\/wp-content\/uploads\/2026\/03\/anse-de-rospico-520x397.jpg\" data-longitude=\"-3.765314324812224\" data-latitude=\"47.79152794554884\" data-rating=\"0\" data-reviews=\"0\" data-icon=\"&lt;svg xmlns=&quot;http:\/\/www.w3.org\/2000\/svg&quot; width=&quot;800px&quot; height=&quot;800px&quot; viewBox=&quot;0 0 45 45&quot; fill=&quot;none&quot;&gt;\n&lt;path d=&quot;M24.155 8.78099L24.33 8.94499L37.402 21.787L36 23.213L34.2 21.445L34.201 35C34.201 36.054 33.385 36.918 32.35 36.994L32.201 37H12.201C11.147 37 10.283 36.184 10.206 35.149L10.201 35L10.2 21.446L8.402 23.213L7 21.787L20.058 8.95799C21.171 7.82199 22.966 7.75899 24.155 8.78099ZM21.569 10.285L21.473 10.372L12.2 19.481L12.201 35L17.2 34.999L17.201 25C17.201 23.946 18.017 23.082 19.052 23.005L19.201 23H25.201C26.255 23 27.119 23.816 27.196 24.851L27.201 25L27.2 34.999L32.201 35L32.2 19.48L22.901 10.344C22.537 9.98699 21.969 9.96499 21.569 10.285ZM25.201 25H19.201L19.2 34.999H25.2L25.201 25Z&quot; fill=&quot;#3C3C3C&quot;\/&gt;\n&lt;\/svg&gt;\">\r\n            <div class=\"listing-item  \">\r\n                <div class=\"listing-small-badges-container\">\r\n                                                                <div class=\"listing-small-badge pricing-badge\"><i class=\"fa fa-tag\"><\/i>160,00&euro; - 0,00&euro;<\/div>\r\n                                                            \r\n                                        \r\n                                        \r\n                <\/div>\r\n                <img decoding=\"async\" src=\"https:\/\/cparici.com\/wp-content\/uploads\/2026\/03\/anse-de-rospico-520x397.jpg\" alt=\"Le Rospico, Appartement Vue Mer N\u00e9vez\" class=\"listing-thumbnail\">\r\n                \r\n\r\n                <div class=\"listing-item-content\">\r\n                    \r\n                    <h3> Le Rospico, Appartement Vue Mer N\u00e9vez <\/h3>\r\n                    <span>Plage de Rospico, N\u00e9vez<\/span>\r\n                <\/div>\r\n                                        <span class=\"save like-icon tooltip left\" title=\"Connexion pour marquer des \u00e9l\u00e9ments\"><\/span>\r\n                                                <\/div>\r\n        <\/a>\r\n                    <\/div>\r\n        \r\n\r\n        <!-- Listing Item \/ End -->\n                    <\/div>\n                                      <div class=\"fw-carousel-item\">                    \n                        <!-- Listing Item -->\r\n            <div class=\"col-lg-6 col-md-12\">\r\n                <a href=\"https:\/\/cparici.com\/fr\/annonce\/la-plume-appartement-vue-mer-2-adultes-2-enfants-vue-mer-a-concarneau\/\" class=\"listing-item-container listing-geo-data compact\" data-title=\"La Plume \u2013 Appartement vue mer \u00e0 CONCARNEAU\" data-listing-type=\"rental\" data-classifieds-price=\"&euro;\" data-friendly-address=\"Centre ville Concarneau, Plages \u00e0 pied\" data-address=\"Centre ville Concarneau, Plages \u00e0 pied\" data-image=\"https:\/\/cparici.com\/wp-content\/uploads\/2026\/04\/appartement-plume-concarneau-balcon-vue-mer-et-phare-520x397.jpg\" data-longitude=\"-3.9175758\" data-latitude=\"47.8690136\" data-rating=\"0\" data-reviews=\"0\" data-icon=\"&lt;svg xmlns=&quot;http:\/\/www.w3.org\/2000\/svg&quot; width=&quot;800px&quot; height=&quot;800px&quot; viewBox=&quot;0 0 45 45&quot; fill=&quot;none&quot;&gt;\n&lt;path d=&quot;M24.155 8.78099L24.33 8.94499L37.402 21.787L36 23.213L34.2 21.445L34.201 35C34.201 36.054 33.385 36.918 32.35 36.994L32.201 37H12.201C11.147 37 10.283 36.184 10.206 35.149L10.201 35L10.2 21.446L8.402 23.213L7 21.787L20.058 8.95799C21.171 7.82199 22.966 7.75899 24.155 8.78099ZM21.569 10.285L21.473 10.372L12.2 19.481L12.201 35L17.2 34.999L17.201 25C17.201 23.946 18.017 23.082 19.052 23.005L19.201 23H25.201C26.255 23 27.119 23.816 27.196 24.851L27.201 25L27.2 34.999L32.201 35L32.2 19.48L22.901 10.344C22.537 9.98699 21.969 9.96499 21.569 10.285ZM25.201 25H19.201L19.2 34.999H25.2L25.201 25Z&quot; fill=&quot;#3C3C3C&quot;\/&gt;\n&lt;\/svg&gt;\">\r\n            <div class=\"listing-item  \">\r\n                <div class=\"listing-small-badges-container\">\r\n                                                                <div class=\"listing-small-badge pricing-badge\"><i class=\"fa fa-tag\"><\/i>140,00&euro; - 0,00&euro;<\/div>\r\n                                                            \r\n                                        \r\n                                        \r\n                <\/div>\r\n                <img decoding=\"async\" src=\"https:\/\/cparici.com\/wp-content\/uploads\/2026\/04\/appartement-plume-concarneau-balcon-vue-mer-et-phare-520x397.jpg\" alt=\"La Plume \u2013 Appartement vue mer \u00e0 CONCARNEAU\" class=\"listing-thumbnail\">\r\n                \r\n\r\n                <div class=\"listing-item-content\">\r\n                    \r\n                    <h3> La Plume \u2013 Appartement vue mer \u00e0 CONCARNEAU <\/h3>\r\n                    <span>Centre ville Concarneau, Plages \u00e0 pied<\/span>\r\n                <\/div>\r\n                                        <span class=\"save like-icon tooltip left\" title=\"Connexion pour marquer des \u00e9l\u00e9ments\"><\/span>\r\n                                                <\/div>\r\n        <\/a>\r\n                    <\/div>\r\n        \r\n\r\n        <!-- Listing Item \/ End -->\n                    <\/div>\n                                      <div class=\"fw-carousel-item\">                    \n                        <!-- Listing Item -->\r\n            <div class=\"col-lg-6 col-md-12\">\r\n                <a href=\"https:\/\/cparici.com\/fr\/annonce\/appartement-le-hublot-4-pers-concarneau\/\" class=\"listing-item-container listing-geo-data compact\" data-title=\"Appartement Le Hublot 4 Pers &#8211; Concarneau\" data-listing-type=\"rental\" data-classifieds-price=\"&euro;\" data-friendly-address=\"Thalasso Concarneau\" data-address=\"Thalasso Concarneau\" data-image=\"https:\/\/cparici.com\/wp-content\/uploads\/2026\/04\/appartement-le-hublot-concarneau-cuisine-520x397.jpg\" data-longitude=\"-3.9297274\" data-latitude=\"47.8804838\" data-rating=\"0\" data-reviews=\"0\" data-icon=\"&lt;svg xmlns=&quot;http:\/\/www.w3.org\/2000\/svg&quot; width=&quot;800px&quot; height=&quot;800px&quot; viewBox=&quot;0 0 45 45&quot; fill=&quot;none&quot;&gt;\n&lt;path d=&quot;M24.155 8.78099L24.33 8.94499L37.402 21.787L36 23.213L34.2 21.445L34.201 35C34.201 36.054 33.385 36.918 32.35 36.994L32.201 37H12.201C11.147 37 10.283 36.184 10.206 35.149L10.201 35L10.2 21.446L8.402 23.213L7 21.787L20.058 8.95799C21.171 7.82199 22.966 7.75899 24.155 8.78099ZM21.569 10.285L21.473 10.372L12.2 19.481L12.201 35L17.2 34.999L17.201 25C17.201 23.946 18.017 23.082 19.052 23.005L19.201 23H25.201C26.255 23 27.119 23.816 27.196 24.851L27.201 25L27.2 34.999L32.201 35L32.2 19.48L22.901 10.344C22.537 9.98699 21.969 9.96499 21.569 10.285ZM25.201 25H19.201L19.2 34.999H25.2L25.201 25Z&quot; fill=&quot;#3C3C3C&quot;\/&gt;\n&lt;\/svg&gt;\">\r\n            <div class=\"listing-item  \">\r\n                <div class=\"listing-small-badges-container\">\r\n                                                                <div class=\"listing-small-badge pricing-badge\"><i class=\"fa fa-tag\"><\/i>120,00&euro; - 0,00&euro;<\/div>\r\n                                                            \r\n                                        \r\n                                        \r\n                <\/div>\r\n                <img decoding=\"async\" src=\"https:\/\/cparici.com\/wp-content\/uploads\/2026\/04\/appartement-le-hublot-concarneau-cuisine-520x397.jpg\" alt=\"Appartement Le Hublot 4 Pers &#8211; Concarneau\" class=\"listing-thumbnail\">\r\n                \r\n\r\n                <div class=\"listing-item-content\">\r\n                    \r\n                    <h3> Appartement Le Hublot 4 Pers &#8211; Concarneau <\/h3>\r\n                    <span>Thalasso Concarneau<\/span>\r\n                <\/div>\r\n                                        <span class=\"save like-icon tooltip left\" title=\"Connexion pour marquer des \u00e9l\u00e9ments\"><\/span>\r\n                                                <\/div>\r\n        <\/a>\r\n                    <\/div>\r\n        \r\n\r\n        <!-- Listing Item \/ End -->\n                    <\/div>\n                                      <div class=\"fw-carousel-item\">                    \n                        <!-- Listing Item -->\r\n            <div class=\"col-lg-6 col-md-12\">\r\n                <a href=\"https:\/\/cparici.com\/fr\/annonce\/le-tigite-bb-entree-privee-petit-dejeuner-linge-menage-inclus-1-a-4pers-options-diner-brunch-pique-nique-gouter\/\" class=\"listing-item-container listing-geo-data compact\" data-title=\"Le Tig\u00eete B&amp;B entr\u00e9e priv\u00e9e, petit d\u00e9jeuner, linge, m\u00e9nage inclus &#8211; 1 \u00e0 4pers &#8211; options d\u00eener\/brunch\/pique nique\/go\u00fbter\" data-listing-type=\"rental\" data-classifieds-price=\"&euro;\" data-friendly-address=\"205 La ville Garel, 56350 Allaire, France\" data-address=\"205 La ville Garel, 56350 Allaire, France\" data-image=\"https:\/\/cparici.com\/wp-content\/uploads\/2026\/04\/1000031734-520x397.jpg\" data-longitude=\"-2.1477306\" data-latitude=\"47.6333833\" data-rating=\"4.9\" data-reviews=\"37\" data-icon=\"&lt;svg xmlns=&quot;http:\/\/www.w3.org\/2000\/svg&quot; width=&quot;800px&quot; height=&quot;800px&quot; viewBox=&quot;0 0 45 45&quot; fill=&quot;none&quot;&gt;\n&lt;path d=&quot;M24.155 8.78099L24.33 8.94499L37.402 21.787L36 23.213L34.2 21.445L34.201 35C34.201 36.054 33.385 36.918 32.35 36.994L32.201 37H12.201C11.147 37 10.283 36.184 10.206 35.149L10.201 35L10.2 21.446L8.402 23.213L7 21.787L20.058 8.95799C21.171 7.82199 22.966 7.75899 24.155 8.78099ZM21.569 10.285L21.473 10.372L12.2 19.481L12.201 35L17.2 34.999L17.201 25C17.201 23.946 18.017 23.082 19.052 23.005L19.201 23H25.201C26.255 23 27.119 23.816 27.196 24.851L27.201 25L27.2 34.999L32.201 35L32.2 19.48L22.901 10.344C22.537 9.98699 21.969 9.96499 21.569 10.285ZM25.201 25H19.201L19.2 34.999H25.2L25.201 25Z&quot; fill=&quot;#3C3C3C&quot;\/&gt;\n&lt;\/svg&gt;\">\r\n            <div class=\"listing-item  \">\r\n                <div class=\"listing-small-badges-container\">\r\n                                                                <div class=\"listing-small-badge pricing-badge\"><i class=\"fa fa-tag\"><\/i>70,00&euro; - 135,00&euro;<\/div>\r\n                                                            \r\n                                        \r\n                                        \r\n                <\/div>\r\n                <img decoding=\"async\" src=\"https:\/\/cparici.com\/wp-content\/uploads\/2026\/04\/1000031734-520x397.jpg\" alt=\"Le Tig\u00eete B&amp;B entr\u00e9e priv\u00e9e, petit d\u00e9jeuner, linge, m\u00e9nage inclus &#8211; 1 \u00e0 4pers &#8211; options d\u00eener\/brunch\/pique nique\/go\u00fbter\" class=\"listing-thumbnail\">\r\n                                        <div class=\"listing-badge now-open\">Ouvert maintenant<\/div>\r\n                        \r\n\r\n                <div class=\"listing-item-content\">\r\n                                                <div class=\"numerical-rating\" data-rating=\"4.9\"><\/div>\r\n                    \r\n                    <h3> Le Tig\u00eete B&amp;B entr\u00e9e priv\u00e9e, petit d\u00e9jeuner, linge, m\u00e9nage inclus &#8211; 1 \u00e0 4pers &#8211; options d\u00eener\/brunch\/pique nique\/go\u00fbter <\/h3>\r\n                    <span>205 La ville Garel, 56350 Allaire, France<\/span>\r\n                <\/div>\r\n                                        <span class=\"save like-icon tooltip left\" title=\"Connexion pour marquer des \u00e9l\u00e9ments\"><\/span>\r\n                                                <\/div>\r\n        <\/a>\r\n                    <\/div>\r\n        \r\n\r\n        <!-- Listing Item \/ End -->\n                    <\/div>\n                          <\/div>\n        \t\t\t\t<\/div>\n\t\t\t\t<\/div>\n\t\t\t\t\t<\/div>\n\t\t\t\t<\/aside>\n\t\t<div class=\"elementor-element elementor-element-6f1ecca e-flex e-con-boxed e-con e-parent\" data-id=\"6f1ecca\" data-element_type=\"container\" data-e-type=\"container\">\n\t\t\t\t\t<div class=\"e-con-inner\">\n\t\t\t\t<div class=\"elementor-element elementor-element-01a2f59 elementor-widget elementor-widget-text-editor\" data-id=\"01a2f59\" data-element_type=\"widget\" data-e-type=\"widget\" data-widget_type=\"text-editor.default\">\n\t\t\t\t\t\t\t\t\t<h2 style=\"text-align: left;\"><span style=\"font-size: 34px; text-align: start;\">Histoire et origine des alignements<\/span><\/h2><h3>Contexte historique des alignements de Carnac<\/h3><p>Les alignements de Carnac remontent \u00e0 la p\u00e9riode n\u00e9olithique, \u00e9rig\u00e9s entre 4 000 et 3 000 avant J.-C. Cette \u00e8re repr\u00e9sente une \u00e9volution d\u00e9terminante pour l&#8217;humanit\u00e9, marquant le passage d&#8217;un mode de vie de chasseurs-cueilleurs \u00e0 une existence agricole. Les alignements t\u00e9moignent de l&#8217;ing\u00e9niosit\u00e9 des premi\u00e8res communaut\u00e9s agricoles \u00e0 planifier et ex\u00e9cuter des \u0153uvres monumentales sur plusieurs g\u00e9n\u00e9rations, illustrant une continuit\u00e9 culturelle et une complexit\u00e9 organisationnelle remarquable.<\/p><h3>Fonctions possibles et th\u00e9ories associ\u00e9es<\/h3><p>Les alignements de Carnac sont envelopp\u00e9s de myst\u00e8re concernant leur but initial. Diverses th\u00e9ories ont \u00e9t\u00e9 propos\u00e9es pour d\u00e9chiffrer leur signification. Une hypoth\u00e8se courante sugg\u00e8re une fonction sacr\u00e9e ou religieuse, possiblement en tant que sites de culte ou pour des rituels fun\u00e9raires. D&#8217;autres conjectures avancent qu&#8217;ils auraient pu servir de calendrier astronomique, aidant \u00e0 suivre les cycles lunaires ou solaires, ou encore comme des rep\u00e8res pour la navigation et l&#8217;agriculture. Bien que certaines th\u00e9ories marginales et non scientifiques \u00e9voquent une connexion avec des visiteurs extraterrestres, ces id\u00e9es ne sont pas reconnues par la communaut\u00e9 scientifique.<\/p><figure id=\"attachment_67717\" aria-describedby=\"caption-attachment-67717\" style=\"width: 1500px\" class=\"wp-caption aligncenter\"><a href=\"https:\/\/cparici.com\/wp-content\/uploads\/2024\/08\/cparici-67.jpg\"><img decoding=\"async\" class=\"wp-image-67717 size-full\" src=\"https:\/\/cparici.com\/wp-content\/uploads\/2024\/08\/cparici-67.jpg\" alt=\"Alignements de Carnac\" width=\"1500\" height=\"530\" srcset=\"https:\/\/cparici.com\/wp-content\/uploads\/2024\/08\/cparici-67.jpg 1500w, https:\/\/cparici.com\/wp-content\/uploads\/2024\/08\/cparici-67-300x106.jpg 300w, https:\/\/cparici.com\/wp-content\/uploads\/2024\/08\/cparici-67-1024x362.jpg 1024w, https:\/\/cparici.com\/wp-content\/uploads\/2024\/08\/cparici-67-768x271.jpg 768w, https:\/\/cparici.com\/wp-content\/uploads\/2024\/08\/cparici-67-18x6.jpg 18w, https:\/\/cparici.com\/wp-content\/uploads\/2024\/08\/cparici-67-590x208.jpg 590w, https:\/\/cparici.com\/wp-content\/uploads\/2024\/08\/cparici-67-1200x424.jpg 1200w, https:\/\/cparici.com\/wp-content\/uploads\/2024\/08\/cparici-67-577x204.jpg 577w, https:\/\/cparici.com\/wp-content\/uploads\/2024\/08\/cparici-67-600x212.jpg 600w\" sizes=\"(max-width: 1500px) 100vw, 1500px\" \/><\/a><figcaption id=\"caption-attachment-67717\" class=\"wp-caption-text\">Alignements de Carnac<\/figcaption><\/figure><h2>Comment visiter les alignements de Carnac<\/h2><h3>Meilleures p\u00e9riodes pour visiter<\/h3><p>Les alignements de Carnac, ouverts toute l&#8217;ann\u00e9e, offrent des exp\u00e9riences vari\u00e9es selon la saison. Entre avril et septembre, pour prot\u00e9ger le site et enrichir l&#8217;exp\u00e9rience des visiteurs, les visites guid\u00e9es sont obligatoires. Elles offrent une immersion dans les myst\u00e8res et les r\u00e9cits des alignements, id\u00e9ales pour ceux d\u00e9sirant approfondir leurs connaissances. D&#8217;octobre \u00e0 mars, l&#8217;acc\u00e8s est libre, parfait pour une visite \u00e0 votre rythme.<\/p><h3>Conseils pratiques pour une visite optimale<\/h3><p>Pr\u00e9parez votre visite pour profiter pleinement des alignements. Portez des chaussures confortables, car la visite implique de marcher sur plusieurs kilom\u00e8tres. Apportez de l&#8217;eau et des encas pour rester hydrat\u00e9 et plein d&#8217;\u00e9nergie. Pendant la haute saison, pensez \u00e0 r\u00e9server vos visites guid\u00e9es en avance pour \u00e9viter l&#8217;attente.<\/p><h3>Options de visites guid\u00e9es et autoguid\u00e9es<\/h3><p>Optez pour une visite guid\u00e9e entre avril et septembre pour b\u00e9n\u00e9ficier de l&#8217;expertise de guides qualifi\u00e9s qui vous feront d\u00e9couvrir les sites de M\u00e9nec, Kermario, et Kerlescan avec des anecdotes captivantes. Pour une exploration \u00e0 votre rythme, t\u00e9l\u00e9chargez l&#8217;application mobile Carnac qui propose un parcours de d\u00e9couverte, gratuit ou complet pour 1,29\u20ac. Les sentiers p\u00e9destres autour des alignements restent librement accessibles toute l&#8217;ann\u00e9e, permettant une d\u00e9couverte personnelle des lieux.<\/p><h2>Exploration d\u00e9taill\u00e9e des alignements de Carnac<\/h2><h3>Alignements du M\u00e9nec : traits et sp\u00e9cificit\u00e9s<\/h3><p>Les alignements du M\u00e9nec, l&#8217;un des trois groupes principaux de menhirs \u00e0 Carnac, se trouvent \u00e0 l&#8217;ouest de la ville. Ils se composent de 1 050 menhirs organis\u00e9s en onze rang\u00e9es parall\u00e8les, s&#8217;\u00e9tirant sur pr\u00e8s d&#8217;un kilom\u00e8tre. Le site d\u00e9bute avec un cromlech de 71 blocs de pierre, situ\u00e9 pr\u00e8s du village de M\u00e9nec.<\/p><p>La taille des menhirs varie de 4 m\u00e8tres de hauteur \u00e0 l&#8217;ouest \u00e0 0,6 m\u00e8tre \u00e0 l&#8217;est. Cette disposition particuli\u00e8re et la r\u00e9gularit\u00e9 des rang\u00e9es rendent les alignements du M\u00e9nec particuli\u00e8rement embl\u00e9matiques des alignements de Carnac.<\/p><h3>Alignements de Kermario : aper\u00e7u et points d&#8217;int\u00e9r\u00eat<\/h3><p>Peu apr\u00e8s les alignements du M\u00e9nec, vers l&#8217;est, se situent les alignements de Kermario, aussi appel\u00e9s \u00ab Maison des Morts \u00bb. Ce site compte 1 029 menhirs dispos\u00e9s en dix rang\u00e9es, s&#8217;\u00e9tendant sur environ 1 300 m\u00e8tres.<\/p><p>La disposition en \u00e9ventail des menhirs, devenant progressivement plus courts vers l&#8217;est, est une caract\u00e9ristique distincte de ce site. Une photographie a\u00e9rienne a r\u00e9v\u00e9l\u00e9 la pr\u00e9sence d&#8217;un cercle de pierres \u00e0 l&#8217;extr\u00e9mit\u00e9 est, ajoutant myst\u00e8re et int\u00e9r\u00eat \u00e0 Kermario.<\/p><h3>Alignements de Kerlescan et autres zones moins connues<\/h3><p>Plus \u00e0 l&#8217;est encore, les alignements de Kerlescan forment un ensemble plus petit mais tout aussi captivant, avec 555 menhirs r\u00e9partis en treize rang\u00e9es sur environ 800 m\u00e8tres. La taille des menhirs varie entre 80 cm et 4 m\u00e8tres, et un cercle de pierres comprenant 39 menhirs marque l&#8217;extr\u00e9mit\u00e9 ouest.<\/p><p>Outre ces trois sites majeurs, d&#8217;autres zones comme les alignements du Petit-M\u00e9nec \u00e0 La Trinit\u00e9-sur-Mer offrent une perspective unique sur la diversit\u00e9 et la richesse du patrimoine m\u00e9galithique de Carnac.<\/p><h2>Inscription des alignements de Carnac au patrimoine mondial de l&#8217;Unesco<\/h2><p data-start=\"63\" data-end=\"100\"><span class=\"relative -mx-px my-[-0.2rem] rounded px-px py-[0.2rem] transition-colors duration-100 ease-in-out\">Le <strong data-start=\"3\" data-end=\"22\">12 juillet 2025<\/strong>, les <strong data-start=\"28\" data-end=\"79\">Alignements de Carnac patrimoine mondial UNESCO<\/strong> ont franchi une \u00e9tape majeure\u202f: ils ont \u00e9t\u00e9 inscrits sur la prestigieuse liste du patrimoine mondial, confirmant leur r\u00f4le exceptionnel dans l\u2019histoire humaine et arch\u00e9ologique. Situ\u00e9s en Bretagne, ces <strong data-start=\"282\" data-end=\"296\">m\u00e9galithes<\/strong> t\u00e9moignent d\u2019une richesse n\u00e9olithique in\u00e9gal\u00e9e et d\u00e9finissent d\u00e9sormais un <strong data-start=\"372\" data-end=\"392\">paysage culturel<\/strong> prot\u00e9g\u00e9 au niveau international. Leur inscription valorise un patrimoine <strong data-start=\"466\" data-end=\"477\">du pays<\/strong>\u202f: riche des traditions bretonnes et n\u00e9olithiques, vers ce lien vers le guide complet.<\/span><\/p><figure id=\"attachment_67718\" aria-describedby=\"caption-attachment-67718\" style=\"width: 1500px\" class=\"wp-caption aligncenter\"><a href=\"https:\/\/cparici.com\/wp-content\/uploads\/2024\/08\/cparici-68.jpg\"><img decoding=\"async\" class=\"wp-image-67718 size-full\" src=\"https:\/\/cparici.com\/wp-content\/uploads\/2024\/08\/cparici-68.jpg\" alt=\"Alignements de Carnac patrimoine mondial de l'Unesco\" width=\"1500\" height=\"530\" srcset=\"https:\/\/cparici.com\/wp-content\/uploads\/2024\/08\/cparici-68.jpg 1500w, https:\/\/cparici.com\/wp-content\/uploads\/2024\/08\/cparici-68-300x106.jpg 300w, https:\/\/cparici.com\/wp-content\/uploads\/2024\/08\/cparici-68-1024x362.jpg 1024w, https:\/\/cparici.com\/wp-content\/uploads\/2024\/08\/cparici-68-768x271.jpg 768w, https:\/\/cparici.com\/wp-content\/uploads\/2024\/08\/cparici-68-18x6.jpg 18w, https:\/\/cparici.com\/wp-content\/uploads\/2024\/08\/cparici-68-590x208.jpg 590w, https:\/\/cparici.com\/wp-content\/uploads\/2024\/08\/cparici-68-1200x424.jpg 1200w, https:\/\/cparici.com\/wp-content\/uploads\/2024\/08\/cparici-68-577x204.jpg 577w, https:\/\/cparici.com\/wp-content\/uploads\/2024\/08\/cparici-68-600x212.jpg 600w\" sizes=\"(max-width: 1500px) 100vw, 1500px\" \/><\/a><figcaption id=\"caption-attachment-67718\" class=\"wp-caption-text\">Alignements de Carnac patrimoine mondial de l&#8217;Unesco<\/figcaption><\/figure><h3 data-start=\"107\" data-end=\"148\">Histoire et port\u00e9e de l\u2019inscription<\/h3><p data-start=\"149\" data-end=\"458\"><span class=\"relative -mx-px my-[-0.2rem] rounded px-px py-[0.2rem] transition-colors duration-100 ease-in-out\">Les alignements de Carnac, situ\u00e9s dans le Morbihan, rassemblent plusieurs groupes de pierres \u2013 M\u00e9nec, Kermario, Kerlescan et Petit\u202fM\u00e9nec \u2013 ainsi que des tumulus et dolmens. Ces <strong data-start=\"177\" data-end=\"192\">alignements<\/strong>, \u00e9rig\u00e9s entre <strong data-start=\"207\" data-end=\"235\">5000 et 2300 avant J.-C.<\/strong>, sont un t\u00e9moin majeur du <strong data-start=\"262\" data-end=\"286\" data-is-last-node=\"\">n\u00e9olithique europ\u00e9en<\/strong><\/span>.<br data-start=\"225\" data-end=\"228\" \/><span class=\"relative -mx-px my-[-0.2rem] rounded px-px py-[0.2rem] transition-colors duration-100 ease-in-out\">Leur inscription a \u00e9t\u00e9 officialis\u00e9e le 12 juillet 2025, lors de la 47\u1d49 session du Comit\u00e9 du patrimoine mondial de l\u2019UNESCO, \u00e0 Paris<\/span> . <span class=\"relative -mx-px my-[-0.2rem] rounded px-px py-[0.2rem] transition-colors duration-100 ease-in-out\">Ce classement porte le nom officiel <strong data-start=\"36\" data-end=\"85\">\u00ab\u202fM\u00e9galithes de Carnac et rives du Morbihan\u202f\u00bb<\/strong>, couvrant 19\u202f598 hectares de sites arch\u00e9ologiques et une zone tampon de 98\u202f029 ha<\/span>. <span class=\"relative -mx-px my-[-0.2rem] rounded px-px py-[0.2rem] transition-colors duration-100 ease-in-out\">L\u2019UNESCO a retenu ce dossier selon les crit\u00e8res (i) et (iv) : pour sa valeur artistique et sa d\u00e9monstration d\u2019\u00e9volution humaine significative<\/span>.<\/p><h3 data-start=\"465\" data-end=\"496\">\u00c9tendue et nature du site<\/h3><p data-start=\"497\" data-end=\"538\"><span class=\"relative -mx-px my-[-0.2rem] rounded px-px py-[0.2rem] transition-colors duration-100 ease-in-out\">Le bien se compose de\u202f:<\/span><\/p><ul data-start=\"539\" data-end=\"706\"><li data-start=\"539\" data-end=\"623\"><p data-start=\"541\" data-end=\"623\"><span class=\"relative -mx-px my-[-0.2rem] rounded px-px py-[0.2rem] transition-colors duration-100 ease-in-out\">Les <strong data-start=\"4\" data-end=\"29\">alignements de Carnac<\/strong> (plus de 3\u202f000 menhirs r\u00e9partis sur environ quatre kilom\u00e8tres, incluant les sites M\u00e9nec, Kermario, Kerlescan, Petit M\u00e9nec)<\/span>.<\/p><\/li><li data-start=\"624\" data-end=\"706\"><p data-start=\"626\" data-end=\"706\"><span class=\"relative -mx-px my-[-0.2rem] rounded px-px py-[0.2rem] transition-colors duration-100 ease-in-out\">Le <strong data-start=\"3\" data-end=\"27\">tumulus Saint-Michel<\/strong> \u00e0 Carnac et les m\u00e9galithes de <strong data-start=\"58\" data-end=\"74\">Locmariaquer<\/strong> (dolmens, cairns comme le grand menhir bris\u00e9 et la table des Marchands, et le cairn de Gavrinis)<\/span>.<\/p><\/li><\/ul><p data-start=\"708\" data-end=\"788\"><span class=\"relative -mx-px my-[-0.2rem] rounded px-px py-[0.2rem] transition-colors duration-100 ease-in-out\">Ces quatre ensembles constituent un <strong data-start=\"36\" data-end=\"65\">paysage culturel coh\u00e9rent<\/strong>, structur\u00e9 autour de cours d\u2019eau et d\u2019espaces de peuplement n\u00e9olithiques<\/span>.<\/p><h3 data-start=\"795\" data-end=\"834\">Valeur universelle exceptionnelle<\/h3><ul data-start=\"835\" data-end=\"1002\"><li data-start=\"835\" data-end=\"919\"><p data-start=\"837\" data-end=\"919\"><span class=\"relative -mx-px my-[-0.2rem] rounded px-px py-[0.2rem] transition-colors duration-100 ease-in-out\"><strong data-start=\"0\" data-end=\"15\" data-is-only-node=\"\">Crit\u00e8re (i)<\/strong> : les alignements t\u00e9moignent d\u2019une expression artistique et spirituelle unique \u00e0 l\u2019Europe n\u00e9olithique, parfois compar\u00e9s \u00e0 Stonehenge ou Malta. Le site reste un chef-d\u2019\u0153uvre de <strong data-start=\"192\" data-end=\"218\" data-is-last-node=\"\">cr\u00e9ativit\u00e9 monumentale<\/strong><\/span>.<\/p><\/li><li data-start=\"920\" data-end=\"1002\"><p data-start=\"922\" data-end=\"1002\"><span class=\"relative -mx-px my-[-0.2rem] rounded px-px py-[0.2rem] transition-colors duration-100 ease-in-out\"><strong data-start=\"0\" data-end=\"16\" data-is-only-node=\"\">Crit\u00e8re (iv)<\/strong> : le site illustre une <strong data-start=\"40\" data-end=\"70\">ma\u00eetrise technique avanc\u00e9e<\/strong>, avec l\u2019extraction, le transport et l\u2019agencement de milliers de monolithes, inscrivant ces m\u00e9galithes dans une \u00e9volution majeure des structures sociales n\u00e9olithiques<\/span>.<\/p><\/li><\/ul><h3 data-start=\"1009\" data-end=\"1038\">Pr\u00e9servation et gestion<\/h3><p data-start=\"1039\" data-end=\"1364\"><span class=\"relative -mx-px my-[-0.2rem] rounded px-px py-[0.2rem] transition-colors duration-100 ease-in-out\">La protection des alignements remonte \u00e0 la fin du XIX\u1d49 si\u00e8cle, avec leur classement comme monuments historiques d\u00e8s 1889<\/span>. <span class=\"relative -mx-px my-[-0.2rem] rounded px-px py-[0.2rem] transition-colors duration-100 ease-in-out\">\u00c0 partir des ann\u00e9es 1990, des mesures rigoureuses ont \u00e9t\u00e9 mises en place pour g\u00e9rer le tourisme et pr\u00e9server les pierres fissur\u00e9es ou menac\u00e9es par la fr\u00e9quentation<\/span> .<br data-start=\"1200\" data-end=\"1203\" \/><span class=\"relative -mx-px my-[-0.2rem] rounded px-px py-[0.2rem] transition-colors duration-100 ease-in-out\">En 1991, dans le cadre de la \u00ab\u202fMission Carnac\u202f\u00bb, des cl\u00f4tures ont \u00e9t\u00e9 \u00e9rig\u00e9es autour des sites principaux (M\u00e9nec, Kermario), avec des visites guid\u00e9es en haute saison et un acc\u00e8s libre en basse saison<\/span>. <span class=\"relative -mx-px my-[-0.2rem] rounded px-px py-[0.2rem] transition-colors duration-100 ease-in-out\">L\u2019utilisation de moutons pour l\u2019entretien naturel du sous-bois d\u00e9montre une approche durable innovante<\/span> .<\/p><h3 data-start=\"1371\" data-end=\"1404\">Inscription et impact local<\/h3><p data-start=\"1405\" data-end=\"1725\"><span class=\"relative -mx-px my-[-0.2rem] rounded px-px py-[0.2rem] transition-colors duration-100 ease-in-out\">Cette reconnaissance renforce la visibilit\u00e9 internationale de <strong data-start=\"62\" data-end=\"72\">Carnac<\/strong>. Subordonner la gestion touristique aux exigences de l\u2019UNESCO garantit une meilleure r\u00e9gulation des flux, avec des jauges quotidiennes et une m\u00e9diation culturelle renforc\u00e9e<\/span> .<br data-start=\"1485\" data-end=\"1488\" \/>Sur le plan \u00e9conomique, cette inscription est un <strong data-start=\"1537\" data-end=\"1582\">levier majeur pour le d\u00e9veloppement local<\/strong>, en attirant davantage de visiteurs tout en valorisant les secteurs comme la maison des M\u00e9galithes, la recherche ou les \u00e9v\u00e9nements culturels*.<\/p><p data-start=\"1749\" data-end=\"2212\">L\u2019inscription des <strong data-start=\"1767\" data-end=\"1818\">Alignements de Carnac patrimoine mondial UNESCO<\/strong> le 12 juillet\u202f2025 marque la cons\u00e9cration d\u2019un patrimoine ancien, riche en myst\u00e8res et en savoir-faire. Plus qu\u2019une simple gloire culturelle, elle constitue un engagement fort pour la <strong data-start=\"2003\" data-end=\"2017\">protection<\/strong>, la <strong data-start=\"2022\" data-end=\"2038\">valorisation<\/strong> et la <strong data-start=\"2045\" data-end=\"2061\">transmission<\/strong> de ce site unique. Aujourd\u2019hui, Carnac s\u2019impose comme l\u2019un des grands symboles du <strong data-start=\"2144\" data-end=\"2168\">n\u00e9olithique europ\u00e9en<\/strong>, \u00e0 l\u2019\u00e9gal des plus c\u00e9l\u00e8bres sites mondiaux.<\/p><h3 data-start=\"44\" data-end=\"83\">\u00c9tendue et p\u00e9rim\u00e8tre officiel<\/h3><ul data-start=\"84\" data-end=\"245\"><li data-start=\"84\" data-end=\"164\"><p data-start=\"86\" data-end=\"164\"><span class=\"relative -mx-px my-[-0.2rem] rounded px-px py-[0.2rem] transition-colors duration-100 ease-in-out\">Le bien inscrit porte le nom <strong data-start=\"29\" data-end=\"82\">\u00ab M\u00e9galithes de Carnac et des rives du Morbihan \u00bb<\/strong>, approuv\u00e9 le <strong data-start=\"96\" data-end=\"115\">12 juillet 2025<\/strong> lors de la 47\u1d49 session du Comit\u00e9 du patrimoine mondial de l&#8217;UNESCO \u00e0 Paris<\/span>.<\/p><\/li><li data-start=\"165\" data-end=\"245\"><p data-start=\"167\" data-end=\"245\"><span class=\"relative -mx-px my-[-0.2rem] rounded px-px py-[0.2rem] transition-colors duration-100 ease-in-out\">Il couvre <strong data-start=\"10\" data-end=\"29\">19\u202f598 hectares<\/strong> de sites arch\u00e9ologiques, entour\u00e9s d\u2019une <strong data-start=\"70\" data-end=\"104\" data-is-last-node=\"\">zone tampon de 98\u202f029 hectares<\/strong><\/span>.<\/p><\/li><\/ul><h4 data-start=\"252\" data-end=\"293\">Quatre sous\u2011ensembles g\u00e9ographiques<\/h4><p data-start=\"294\" data-end=\"371\"><span class=\"relative -mx-px my-[-0.2rem] rounded px-px py-[0.2rem] transition-colors duration-100 ease-in-out\">Ces zones forment un <strong data-start=\"21\" data-end=\"42\">ensemble en s\u00e9rie<\/strong> sur le d\u00e9partement du Morbihan (Bretagne)<\/span>\u00a0:<\/p><ol data-start=\"373\" data-end=\"767\"><li data-start=\"373\" data-end=\"458\"><p data-start=\"376\" data-end=\"458\"><span class=\"relative -mx-px my-[-0.2rem] rounded px-px py-[0.2rem] transition-colors duration-100 ease-in-out\"><strong data-start=\"0\" data-end=\"44\" data-is-last-node=\"\" data-is-only-node=\"\">Plateau de Carnac \u2013 Bassin du Gouyanzeur<\/strong><\/span><br data-start=\"413\" data-end=\"416\" \/><span class=\"relative -mx-px my-[-0.2rem] rounded px-px py-[0.2rem] transition-colors duration-100 ease-in-out\">Englobe les alignements principaux : M\u00e9nec, Kermario, Kerlescan, Petit M\u00e9nec.<\/span><\/p><\/li><li data-start=\"459\" data-end=\"546\"><p data-start=\"462\" data-end=\"546\"><span class=\"relative -mx-px my-[-0.2rem] rounded px-px py-[0.2rem] transition-colors duration-100 ease-in-out\"><strong data-start=\"0\" data-end=\"50\" data-is-last-node=\"\" data-is-only-node=\"\">Presqu\u2019\u00eele de Quiberon \u2013 Bassin de Kerboulevin<\/strong><\/span><br data-start=\"499\" data-end=\"502\" \/><span class=\"relative -mx-px my-[-0.2rem] rounded px-px py-[0.2rem] transition-colors duration-100 ease-in-out\">Inclut d\u2019autres alignements et m\u00e9galithes de la c\u00f4te sauvage.<\/span><\/p><\/li><li data-start=\"547\" data-end=\"636\"><p data-start=\"550\" data-end=\"636\"><span class=\"relative -mx-px my-[-0.2rem] rounded px-px py-[0.2rem] transition-colors duration-100 ease-in-out\"><strong data-start=\"0\" data-end=\"46\" data-is-last-node=\"\" data-is-only-node=\"\">Confluence des rivi\u00e8res du Bono et d\u2019Auray<\/strong><\/span><br data-start=\"589\" data-end=\"592\" \/><span class=\"relative -mx-px my-[-0.2rem] rounded px-px py-[0.2rem] transition-colors duration-100 ease-in-out\">R\u00e9unit d\u2019autres sites m\u00e9galithiques internes au golfe.<\/span><\/p><\/li><li data-start=\"637\" data-end=\"767\"><p data-start=\"640\" data-end=\"767\"><span class=\"relative -mx-px my-[-0.2rem] rounded px-px py-[0.2rem] transition-colors duration-100 ease-in-out\"><strong data-start=\"0\" data-end=\"33\" data-is-only-node=\"\">Confluence des trois rivi\u00e8res<\/strong> (\u00e0 l\u2019est du golfe du Morbihan)<\/span><br data-start=\"679\" data-end=\"682\" \/><span class=\"relative -mx-px my-[-0.2rem] rounded px-px py-[0.2rem] transition-colors duration-100 ease-in-out\">Regroupe les m\u00e9galithes de Locmariaquer, dont tumulus, dolmens et cairns (ex. tumulus de Saint-Michel, grand menhir bris\u00e9, table des Marchands, cairn de Gavrinis)<\/span>.<\/p><\/li><\/ol><h4 data-start=\"774\" data-end=\"820\">Type de vestiges et couverture paysag\u00e8re<\/h4><ul data-start=\"821\" data-end=\"1075\"><li data-start=\"821\" data-end=\"905\"><p data-start=\"823\" data-end=\"905\"><span class=\"relative -mx-px my-[-0.2rem] rounded px-px py-[0.2rem] transition-colors duration-100 ease-in-out\">Plus de <strong data-start=\"8\" data-end=\"39\">550 monuments m\u00e9galithiques<\/strong>, comprenant alignements, dolmens, tumulus, cairns sur plus de <strong data-start=\"102\" data-end=\"115\">1\u202f000\u202fkm\u00b2<\/strong> r\u00e9partis dans <strong data-start=\"130\" data-end=\"145\" data-is-last-node=\"\">28 communes<\/strong><\/span>.<\/p><\/li><li data-start=\"906\" data-end=\"990\"><p data-start=\"908\" data-end=\"990\"><span class=\"relative -mx-px my-[-0.2rem] rounded px-px py-[0.2rem] transition-colors duration-100 ease-in-out\">Pr\u00e8s de <strong data-start=\"8\" data-end=\"25\">4\u202f000 menhirs<\/strong> s\u2019\u00e9tirant sur environ <strong data-start=\"48\" data-end=\"56\">4\u202fkm<\/strong>, sur pr\u00e8s de <strong data-start=\"70\" data-end=\"79\">40\u202fha<\/strong> dans la commune de Carnac seule<\/span>.<\/p><\/li><li data-start=\"991\" data-end=\"1075\"><p data-start=\"993\" data-end=\"1075\"><span class=\"relative -mx-px my-[-0.2rem] rounded px-px py-[0.2rem] transition-colors duration-100 ease-in-out\">Le p\u00e9rim\u00e8tre refl\u00e8te aujourd\u2019hui un <strong data-start=\"36\" data-end=\"56\">paysage culturel<\/strong>, avec continuit\u00e9s visuelles entre sites, malgr\u00e9 l\u2019enr\u00e9sinement moderne<\/span>.<\/p><\/li><\/ul><h3 data-start=\"1082\" data-end=\"1116\">Protection et r\u00e9glementation<\/h3><ul data-start=\"1117\" data-end=\"1369\"><li data-start=\"1117\" data-end=\"1201\"><p data-start=\"1119\" data-end=\"1201\"><span class=\"relative -mx-px my-[-0.2rem] rounded px-px py-[0.2rem] transition-colors duration-100 ease-in-out\">D\u00e9j\u00e0 class\u00e9 <strong data-start=\"12\" data-end=\"47\">monument historique depuis 1889<\/strong>, le p\u00e9rim\u00e8tre b\u00e9n\u00e9ficie d\u2019une <strong data-start=\"78\" data-end=\"114\">protection nationale prioritaire<\/strong> depuis 1988<\/span> .<\/p><\/li><li data-start=\"1202\" data-end=\"1286\"><p data-start=\"1204\" data-end=\"1286\"><span class=\"relative -mx-px my-[-0.2rem] rounded px-px py-[0.2rem] transition-colors duration-100 ease-in-out\">En <strong data-start=\"3\" data-end=\"11\">1991<\/strong>, le p\u00e9rim\u00e8tre a \u00e9t\u00e9 d\u00e9clar\u00e9 <strong data-start=\"40\" data-end=\"64\">aire de conservation<\/strong> par les autorit\u00e9s r\u00e9gionales : toute intervention y est strictement r\u00e9glement\u00e9e<\/span>.<\/p><\/li><li data-start=\"1287\" data-end=\"1369\"><p data-start=\"1289\" data-end=\"1369\"><span class=\"relative -mx-px my-[-0.2rem] rounded px-px py-[0.2rem] transition-colors duration-100 ease-in-out\">Depuis 1991, une <strong data-start=\"17\" data-end=\"35\">Mission Carnac<\/strong> coordonne pr\u00e9servation, restauration, gestion v\u00e9g\u00e9tale (p\u00e2turage extensif par moutons) et r\u00e9gulation touristique (cl\u00f4tures, visites guid\u00e9es)<\/span>.<\/p><\/li><\/ul><h3 data-start=\"1376\" data-end=\"1423\">Cheminement touristique et mise en valeur<\/h3><ul data-start=\"1424\" data-end=\"1635\"><li data-start=\"1424\" data-end=\"1508\"><p data-start=\"1426\" data-end=\"1508\"><span class=\"relative -mx-px my-[-0.2rem] rounded px-px py-[0.2rem] transition-colors duration-100 ease-in-out\">Un <strong data-start=\"3\" data-end=\"25\">sentier pi\u00e9tonnier<\/strong> relie les alignements du M\u00e9nec, Kermario, Kerlescan et le tumulus Saint-Michel, am\u00e9liorant ainsi l\u2019acc\u00e8s et la compr\u00e9hension du site.<\/span><\/p><\/li><li data-start=\"1509\" data-end=\"1552\"><p data-start=\"1511\" data-end=\"1552\"><span class=\"relative -mx-px my-[-0.2rem] rounded px-px py-[0.2rem] transition-colors duration-100 ease-in-out\">Des <strong data-start=\"4\" data-end=\"24\">postes d\u2019accueil<\/strong> (Maison des M\u00e9galithes, Centre des monuments nationaux) r\u00e9glementent l\u2019acc\u00e8s, surtout en haute saison.<\/span><\/p><\/li><li data-start=\"1553\" data-end=\"1635\"><p data-start=\"1555\" data-end=\"1635\"><span class=\"relative -mx-px my-[-0.2rem] rounded px-px py-[0.2rem] transition-colors duration-100 ease-in-out\">L&#8217;ensemble du p\u00e9rim\u00e8tre est g\u00e9r\u00e9 par un plan de gestion encadr\u00e9 par l\u2019association <strong data-start=\"82\" data-end=\"108\">Paysages de M\u00e9galithes<\/strong> et le comit\u00e9 scientifique (Yves Coppens)<\/span><\/p><\/li><\/ul><h3 data-start=\"1642\" data-end=\"1657\">En r\u00e9sum\u00e9<\/h3><p data-start=\"1658\" data-end=\"2067\">Le p\u00e9rim\u00e8tre UNESCO englobe une vaste mosa\u00efque de sites n\u00e9olithiques r\u00e9partis sur plusieurs bassins naturels (rivi\u00e8res, presqu\u2019\u00eeles, plateau). Class\u00e9, prot\u00e9g\u00e9, et mis en valeur depuis plus de 30\u202fans, son d\u00e9limitation vise \u00e0 pr\u00e9server un paysage culture-largo dynamique, dall\u00e9 par des monuments dont l&#8217;architecture, la densit\u00e9 et la coh\u00e9rence narrent l&#8217;histoire d\u2019un n\u00e9olithique aux dimensions exceptionnelles.<\/p><h2>Alignements de Carnac &#8211; Conclusion<\/h2><h3>R\u00e9sum\u00e9 de l&#8217;exp\u00e9rience du site m\u00e9galithique<\/h3><p><strong>Le site m\u00e9galithique<\/strong> des alignements de Carnac est un lieu unique et captivant, offrant une perspective rare sur la pr\u00e9histoire europ\u00e9enne. Avec son ensemble de plus de 3 000 menhirs \u00e9tendus sur pr\u00e8s de 4 kilom\u00e8tres, r\u00e9partis en sections telles que M\u00e9nec, Kermario, et Kerlescan, il repr\u00e9sente un remarquable t\u00e9moignage de l&#8217;ing\u00e9niosit\u00e9 et de la spiritualit\u00e9 de nos anc\u00eatres.<\/p><p>Explorer ce site \u00e0 travers des visites guid\u00e9es ou autoguid\u00e9es r\u00e9v\u00e8le les myst\u00e8res et les diverses th\u00e9ories qui entourent ces impressionnants monuments. Il est \u00e9galement recommand\u00e9 de visiter le Mus\u00e9e de Pr\u00e9histoire et la Maison des M\u00e9galithes pour enrichir votre compr\u00e9hension de cet h\u00e9ritage extraordinaire. Pr\u00e9parez-vous donc \u00e0 plonger dans l&#8217;univers fascinant des alignements de Carnac et \u00e0 \u00eatre \u00e9merveill\u00e9 par l&#8217;histoire et la culture ancestrales qui impr\u00e8gnent ces pierres s\u00e9culaires.<\/p><h2>A visiter autour des alignements de Carnac<\/h2><h3 data-start=\"86\" data-end=\"125\">Village de Carnac et ses plages<\/h3><p data-start=\"126\" data-end=\"279\"><span class=\"relative -mx-px my-[-0.2rem] rounded px-px py-[0.2rem] transition-colors duration-100 ease-in-out\">Juste \u00e0 proximit\u00e9 des alignements, le village de <strong data-start=\"49\" data-end=\"65\">Carnac\u2011Ville<\/strong> offre une ambiance charmante : march\u00e9s locaux (mercredi et dimanche) et jolies rues typiques<\/span>. <span class=\"relative -mx-px my-[-0.2rem] rounded px-px py-[0.2rem] transition-colors duration-100 ease-in-out\">Les plages de sable fin, notamment <strong data-start=\"35\" data-end=\"50\">St\u202fColomban<\/strong> et <strong data-start=\"54\" data-end=\"65\">Beaumer<\/strong>, sont parfaites pour une pause d\u00e9tente ou une balade au bord de l\u2019eau<\/span>.<\/p><h3 data-start=\"286\" data-end=\"338\">Maison des M\u00e9galithes &amp; Mus\u00e9e de Pr\u00e9histoire<\/h3><p data-start=\"339\" data-end=\"492\"><span class=\"relative -mx-px my-[-0.2rem] rounded px-px py-[0.2rem] transition-colors duration-100 ease-in-out\">Le <strong data-start=\"3\" data-end=\"37\">Centre des Monuments Nationaux<\/strong> sur le site du M\u00e9nec (Maison des M\u00e9galithes) propose des parcours p\u00e9dagogiques et expositions sur les m\u00e9galithes<\/span>. <span class=\"relative -mx-px my-[-0.2rem] rounded px-px py-[0.2rem] transition-colors duration-100 ease-in-out\">Le <strong data-start=\"3\" data-end=\"37\">Mus\u00e9e de Pr\u00e9histoire de Carnac<\/strong> compl\u00e8te la visite gr\u00e2ce \u00e0 ses artefacts, menhirs sculpt\u00e9s et recoins \u00e9ducatifs<\/span>.<\/p><h3 data-start=\"499\" data-end=\"530\">Tumulus de Saint\u2011Michel<\/h3><p data-start=\"531\" data-end=\"611\"><span class=\"relative -mx-px my-[-0.2rem] rounded px-px py-[0.2rem] transition-colors duration-100 ease-in-out\">\u00c0 quelques minutes \u00e0 pied du M\u00e9nec, le <strong data-start=\"39\" data-end=\"63\">tumulus Saint\u2011Michel<\/strong> offre un point de vue panoramique sur la baie et Carnac. Avant l\u2019inscription UNESCO, ce tertre arch\u00e9ologique a livr\u00e9 un mobilier exceptionnel comme des haches et bijoux<\/span>.<\/p><h3 data-start=\"618\" data-end=\"675\">Alignements secondaires : Kerlescan &amp; Petit M\u00e9nec<\/h3><p data-start=\"676\" data-end=\"756\"><span class=\"relative -mx-px my-[-0.2rem] rounded px-px py-[0.2rem] transition-colors duration-100 ease-in-out\">Les <strong data-start=\"4\" data-end=\"32\">alignements de Kerlescan<\/strong> et <strong data-start=\"36\" data-end=\"51\">Petit M\u00e9nec<\/strong> sont situ\u00e9s plus \u00e0 l\u2019est. Kerlescan, avec ses 555 menhirs en 13 files, se distingue par une enceinte et un tumulus adjacent, tandis que Petit M\u00e9nec prolonge visuellement le site<\/span>.<\/p><h3 data-start=\"763\" data-end=\"798\">Sites m\u00e9galithiques voisins<\/h3><ul data-start=\"799\" data-end=\"966\"><li data-start=\"799\" data-end=\"883\"><p data-start=\"801\" data-end=\"883\"><span class=\"relative -mx-px my-[-0.2rem] rounded px-px py-[0.2rem] transition-colors duration-100 ease-in-out\"><strong data-start=\"0\" data-end=\"26\" data-is-only-node=\"\">Locmariaquer (7\u201310\u202fkm)<\/strong> : c\u00e9l\u00e8bre pour le <strong data-start=\"45\" data-end=\"67\">Grand Menhir bris\u00e9<\/strong>, le tumulus d\u2019Er Grah et la <strong data-start=\"96\" data-end=\"118\" data-is-last-node=\"\">Table des Marchand<\/strong><\/span>.<\/p><\/li><li data-start=\"884\" data-end=\"966\"><p data-start=\"886\" data-end=\"966\"><span class=\"relative -mx-px my-[-0.2rem] rounded px-px py-[0.2rem] transition-colors duration-100 ease-in-out\"><strong data-start=\"0\" data-end=\"30\" data-is-only-node=\"\">Gavrinis &amp; \u00eele d\u2019Er Lannic<\/strong> : embarquement depuis <strong data-start=\"53\" data-end=\"69\">Larmor\u2011Baden<\/strong> via circuits en bateau pour d\u00e9couvrir les cromlechs immerg\u00e9s et les gravures rupestres, qualifi\u00e9es de \u00ab\u202fChapelle Sixtine n\u00e9olithique&#8221;<\/span>.<\/p><\/li><\/ul><h3 data-start=\"973\" data-end=\"1024\">Golfe du Morbihan et presqu\u2019\u00eele de Quiberon<\/h3><p data-start=\"1025\" data-end=\"1105\"><span class=\"relative -mx-px my-[-0.2rem] rounded px-px py-[0.2rem] transition-colors duration-100 ease-in-out\">Partez pour une croisi\u00e8re dans le <strong data-start=\"34\" data-end=\"55\">Golfe du Morbihan<\/strong> (\u00eeles aux Moines, Arradon\u2026), ou explorez la presqu\u2019\u00eele de <strong data-start=\"114\" data-end=\"126\">Quiberon<\/strong> et sa c\u00f4te sauvage avec de magnifiques panoramas marins<\/span>.<\/p><h3 data-start=\"1112\" data-end=\"1166\">Circuit &#8220;Route des M\u00e9galithes&#8221; &amp; camps voisins<\/h3><p data-start=\"1167\" data-end=\"1328\"><span class=\"relative -mx-px my-[-0.2rem] rounded px-px py-[0.2rem] transition-colors duration-100 ease-in-out\">Empruntez la <strong data-start=\"13\" data-end=\"37\">Route des M\u00e9galithes<\/strong> (environ 2\u202fkm), un itin\u00e9raire balis\u00e9 pour relier les centres n\u00e9olithiques<\/span>. <span class=\"relative -mx-px my-[-0.2rem] rounded px-px py-[0.2rem] transition-colors duration-100 ease-in-out\">\u00c0 une vingtaine de kilom\u00e8tres, vous trouverez le <strong data-start=\"49\" data-end=\"70\">Cairn de Barnenez<\/strong> \u00e0 Plougonvelin ou la <strong data-start=\"92\" data-end=\"117\">Maison d\u2019Ernest Renan<\/strong> \u00e0 Tr\u00e9guier, id\u00e9als pour diversifier vos d\u00e9couvertes<\/span>.<\/p><h3 data-start=\"1335\" data-end=\"1371\">D\u00e9tente et activit\u00e9s leisure<\/h3><ul data-start=\"1372\" data-end=\"1624\"><li data-start=\"1372\" data-end=\"1456\"><p data-start=\"1374\" data-end=\"1456\"><span class=\"relative -mx-px my-[-0.2rem] rounded px-px py-[0.2rem] transition-colors duration-100 ease-in-out\"><strong data-start=\"0\" data-end=\"27\" data-is-only-node=\"\">Casino Circus de Carnac<\/strong> pour une soir\u00e9e divertissante<\/span>.<\/p><\/li><li data-start=\"1457\" data-end=\"1541\"><p data-start=\"1459\" data-end=\"1541\"><span class=\"relative -mx-px my-[-0.2rem] rounded px-px py-[0.2rem] transition-colors duration-100 ease-in-out\">Promenades en <strong data-start=\"14\" data-end=\"31\">VTT ou \u00e0 v\u00e9lo<\/strong> sur les chemins desservant les sites m\u00e9galithiques<\/span> .<\/p><\/li><li data-start=\"1542\" data-end=\"1624\"><p data-start=\"1544\" data-end=\"1624\"><span class=\"relative -mx-px my-[-0.2rem] rounded px-px py-[0.2rem] transition-colors duration-100 ease-in-out\">Balades en <strong data-start=\"11\" data-end=\"21\">Segway<\/strong> et animations en \u00e9t\u00e9 (festival, contes, spectacles) sont disponibles<\/span> .<\/p><\/li><\/ul><h3 data-start=\"1631\" data-end=\"1654\">Conseils pratiques<\/h3><ul data-start=\"1655\" data-end=\"1918\"><li data-start=\"1655\" data-end=\"1739\"><p data-start=\"1657\" data-end=\"1739\"><span class=\"relative -mx-px my-[-0.2rem] rounded px-px py-[0.2rem] transition-colors duration-100 ease-in-out\">Mieux vaut visiter les alignements t\u00f4t le matin ou en fin de journ\u00e9e pour \u00e9viter les foules et profiter de la lumi\u00e8re id\u00e9ale<\/span> .<\/p><\/li><li data-start=\"1740\" data-end=\"1824\"><p data-start=\"1742\" data-end=\"1824\"><span class=\"relative -mx-px my-[-0.2rem] rounded px-px py-[0.2rem] transition-colors duration-100 ease-in-out\">Acc\u00e8s pi\u00e9ton ou v\u00e9lo recommand\u00e9. En haute saison, optez pour une <strong data-start=\"65\" data-end=\"82\">visite guid\u00e9e<\/strong> via la Maison des M\u00e9galithes<\/span>.<\/p><\/li><li data-start=\"1825\" data-end=\"1918\"><p data-start=\"1827\" data-end=\"1918\">Pr\u00e9voyez chaussures confortables et v\u00eatements adapt\u00e9s aux variations m\u00e9t\u00e9o souvent marines.<\/p><\/li><\/ul><p data-start=\"1940\" data-end=\"2343\">Autour des <strong data-start=\"1951\" data-end=\"1976\">alignements de Carnac<\/strong>, un ensemble d\u2019exp\u00e9riences m\u00eale <strong data-start=\"2009\" data-end=\"2033\">histoire n\u00e9olithique<\/strong>, d\u00e9tente baln\u00e9aire et d\u00e9couvertes culturelles uniques. Entre plages, tumulus, mus\u00e9es, embarcad\u00e8res vers les \u00eeles et villages pittoresques, votre s\u00e9jour se construit en une boucle enrichissante. Un \u00e9quilibre r\u00e9ussi entre contemplation des pierres mill\u00e9naires et immersion dans la beaut\u00e9 sauvage de la Bretagne.<\/p><h2>Alignements de Carnac &#8211; FAQ<\/h2><h3>Quelle est la signification des alignements de Carnac ?<\/h3><p>Les alignements de Carnac, un ensemble monumental situ\u00e9 en Bretagne, France, comprennent des milliers de menhirs dispos\u00e9s sur plusieurs kilom\u00e8tres. Ces structures, datant du N\u00e9olithique, sont parmi les plus imposants et anciens ensembles pr\u00e9historiques d&#8217;Europe. On pense qu&#8217;ils avaient des fonctions rituelles et astronomiques, mais leur signification pr\u00e9cise est encore l&#8217;objet de discussions parmi les sp\u00e9cialistes.<\/p><h3>Qui a pos\u00e9 les menhirs de Carnac ?<\/h3><p>\u00c9rig\u00e9s par des communaut\u00e9s pr\u00e9historiques durant le N\u00e9olithique, il y a entre 6,500 et 4,500 ans, les menhirs de Carnac t\u00e9moignent de l&#8217;ing\u00e9niosit\u00e9 des peuples qui habitaient la r\u00e9gion. Bien que les raisons de leur construction fassent encore l&#8217;objet de d\u00e9bats, il est clair qu&#8217;elles sont le fruit d&#8217;un travail collectif remarquable.<\/p><h3>Quel \u00e2ge ont les alignements de Carnac ?<\/h3><p>Avec une datation estim\u00e9e entre 6,500 et 4,500 ans avant notre \u00e8re, les alignements de Carnac se dressent comme t\u00e9moins du N\u00e9olithique. Ils comptent parmi les monuments m\u00e9galithiques les plus vieux et significatifs d&#8217;Europe.<\/p><h3>Comment voir les alignements de Carnac ?<\/h3><p>Le site arch\u00e9ologique de Carnac, en Bretagne, France, est accessible \u00e0 pied ou en voiture. Il est recommand\u00e9 de suivre les chemins balis\u00e9s pour une visite respectueuse et enrichissante du site. Pour ceux d\u00e9sirant approfondir leur connaissance des alignements, des visites guid\u00e9es offrent un aper\u00e7u d\u00e9taill\u00e9 de leur histoire et importance.<\/p><p>Pour en savoir plus, <a href=\"https:\/\/www.menhirs-carnac.fr\/\" target=\"_blank\" rel=\"noopener\">visitez le site officiel<\/a> des alignements de Carnac.<\/p>\t\t\t\t\t\t\t\t<\/div>\n\t\t\t\t\t<\/div>\n\t\t\t\t<\/div>\n\t\t<aside class=\"elementor-element elementor-element-2a553fd e-flex e-con-boxed e-con e-parent\" data-id=\"2a553fd\" data-element_type=\"container\" data-e-type=\"container\">\n\t\t\t\t\t<div class=\"e-con-inner\">\n\t\t\t\t<div class=\"elementor-element elementor-element-0c1c6d0 elementor-widget elementor-widget-listeo-posts-grid\" data-id=\"0c1c6d0\" data-element_type=\"widget\" data-e-type=\"widget\" data-widget_type=\"listeo-posts-grid.default\">\n\t\t\t\t<div class=\"elementor-widget-container\">\n\t\t\t\t\t\t\t\n\t\t<div class=\"listeo-post-grid-wrapper\">\n\t\t\t<div class=\"row\">\n\n\t\t\t\n\n\t\t\t\t\t\t\t<div class=\"col-md-4\">\n                <a href=\"https:\/\/cparici.com\/fr\/rochefort-en-terre\/\" class=\"blog-compact-item-container\">\n                    <div class=\"blog-compact-item\">\n                        <img decoding=\"async\" width=\"577\" height=\"204\" src=\"https:\/\/cparici.com\/wp-content\/uploads\/2025\/07\/cparici-38-577x204.jpg\" class=\"attachment-listeo-blog-related-post size-listeo-blog-related-post wp-post-image\" alt=\"Rochefort en Terre\" srcset=\"https:\/\/cparici.com\/wp-content\/uploads\/2025\/07\/cparici-38-577x204.jpg 577w, https:\/\/cparici.com\/wp-content\/uploads\/2025\/07\/cparici-38-300x106.jpg 300w, https:\/\/cparici.com\/wp-content\/uploads\/2025\/07\/cparici-38-1024x362.jpg 1024w, https:\/\/cparici.com\/wp-content\/uploads\/2025\/07\/cparici-38-768x271.jpg 768w, https:\/\/cparici.com\/wp-content\/uploads\/2025\/07\/cparici-38-18x6.jpg 18w, https:\/\/cparici.com\/wp-content\/uploads\/2025\/07\/cparici-38-590x208.jpg 590w, https:\/\/cparici.com\/wp-content\/uploads\/2025\/07\/cparici-38-1200x424.jpg 1200w, https:\/\/cparici.com\/wp-content\/uploads\/2025\/07\/cparici-38-600x212.jpg 600w, https:\/\/cparici.com\/wp-content\/uploads\/2025\/07\/cparici-38.jpg 1500w\" sizes=\"(max-width: 577px) 100vw, 577px\" \/><span class=\"blog-item-tag\">Bretagne<\/span>                        \n                        <div class=\"blog-compact-item-content\">\n                                                        <h3>Rochefort\u202fen\u202fTerre, joyau m\u00e9di\u00e9val du Morbihan<\/h3>\n                                                        <p>Recherches populaires Categories Pas de r\u00e9sultats Voir tous les r\u00e9sultats Rochefort\u202fen\u202fTerre\u202f: joyau m\u00e9di\u00e9val du Morbihan...                            <\/p>\n                                                    <\/div>\n                    <\/div>\n                <\/a>\n            <\/div>\n\t\t\t<div class=\"col-md-4\">\n                <a href=\"https:\/\/cparici.com\/fr\/gavres-morbihan-guide-de-voyage-et-decouverte-de-la-presquile\/\" class=\"blog-compact-item-container\">\n                    <div class=\"blog-compact-item\">\n                        <img decoding=\"async\" width=\"577\" height=\"380\" src=\"https:\/\/cparici.com\/wp-content\/uploads\/2024\/04\/Golfe-du-Morbihan-Gavres.jpg\" class=\"attachment-listeo-blog-related-post size-listeo-blog-related-post wp-post-image\" alt=\"gavres morbihan\" srcset=\"https:\/\/cparici.com\/wp-content\/uploads\/2024\/04\/Golfe-du-Morbihan-Gavres.jpg 1920w, https:\/\/cparici.com\/wp-content\/uploads\/2024\/04\/Golfe-du-Morbihan-Gavres-600x395.jpg 600w, https:\/\/cparici.com\/wp-content\/uploads\/2024\/04\/Golfe-du-Morbihan-Gavres-300x198.jpg 300w, https:\/\/cparici.com\/wp-content\/uploads\/2024\/04\/Golfe-du-Morbihan-Gavres-1024x675.jpg 1024w, https:\/\/cparici.com\/wp-content\/uploads\/2024\/04\/Golfe-du-Morbihan-Gavres-768x506.jpg 768w, https:\/\/cparici.com\/wp-content\/uploads\/2024\/04\/Golfe-du-Morbihan-Gavres-1536x1012.jpg 1536w\" sizes=\"(max-width: 577px) 100vw, 577px\" \/><span class=\"blog-item-tag\">Bretagne<\/span>                        \n                        <div class=\"blog-compact-item-content\">\n                                                        <h3>G\u00e2vres, Morbihan &#8211; Guide de voyage et d\u00e9couverte de la presqu&#8217;\u00eele<\/h3>\n                                                        <p>Envie de changer d'air ? Partez \u00e0 la d\u00e9couverte de G\u00e2vres, Morbihan, une presqu'\u00eele pleine...                            <\/p>\n                                                    <\/div>\n                    <\/div>\n                <\/a>\n            <\/div>\n\t\t\t<div class=\"col-md-4\">\n                <a href=\"https:\/\/cparici.com\/fr\/hoedic\/\" class=\"blog-compact-item-container\">\n                    <div class=\"blog-compact-item\">\n                        <img decoding=\"async\" width=\"577\" height=\"194\" src=\"https:\/\/cparici.com\/wp-content\/uploads\/2024\/06\/Hoedic.jpg\" class=\"attachment-listeo-blog-related-post size-listeo-blog-related-post wp-post-image\" alt=\"Hoedic\" srcset=\"https:\/\/cparici.com\/wp-content\/uploads\/2024\/06\/Hoedic.jpg 1550w, https:\/\/cparici.com\/wp-content\/uploads\/2024\/06\/Hoedic-600x202.jpg 600w, https:\/\/cparici.com\/wp-content\/uploads\/2024\/06\/Hoedic-300x101.jpg 300w, https:\/\/cparici.com\/wp-content\/uploads\/2024\/06\/Hoedic-1024x345.jpg 1024w, https:\/\/cparici.com\/wp-content\/uploads\/2024\/06\/Hoedic-768x259.jpg 768w, https:\/\/cparici.com\/wp-content\/uploads\/2024\/06\/Hoedic-1536x517.jpg 1536w\" sizes=\"(max-width: 577px) 100vw, 577px\" \/><span class=\"blog-item-tag\">Bretagne<\/span>                        \n                        <div class=\"blog-compact-item-content\">\n                                                        <h3>Hoedic &#8211; guide complet pour explorer l&#8217;\u00eele<\/h3>\n                                                        <p>Comment visiter Hoedic, l'\u00eele aux mille secrets ? Suivez notre guide complet pour explorer ce...                            <\/p>\n                                                    <\/div>\n                    <\/div>\n                <\/a>\n            <\/div>\n  <\/div>\n        <\/div>\n        \t\t\t\t<\/div>\n\t\t\t\t<\/div>\n\t\t\t\t\t<\/div>\n\t\t\t\t<\/aside>\n\t\t\t\t<\/div>\n\t\t","protected":false},"excerpt":{"rendered":"<p>Pr\u00e9parez votre visite aux alignements de Carnac avec notre guide pratique. D\u00e9couvrez les meilleures fa\u00e7ons d&#8217;explorer ces sites embl\u00e9matiques de Bretagne. <\/p>\n","protected":false},"author":1,"featured_media":42747,"comment_status":"closed","ping_status":"open","sticky":false,"template":"","format":"standard","meta":{"ngg_post_thumbnail":0,"footnotes":""},"categories":[757,478,592,477,529],"tags":[199,1408],"class_list":["post-42743","post","type-post","status-publish","format-standard","has-post-thumbnail","hentry","category-carnac","category-bretagne","category-bretagne-sud","category-france","category-morbihan","tag-patrimoine","tag-site-megalithique"],"_links":{"self":[{"href":"https:\/\/cparici.com\/fr\/wp-json\/wp\/v2\/posts\/42743","targetHints":{"allow":["GET"]}}],"collection":[{"href":"https:\/\/cparici.com\/fr\/wp-json\/wp\/v2\/posts"}],"about":[{"href":"https:\/\/cparici.com\/fr\/wp-json\/wp\/v2\/types\/post"}],"author":[{"embeddable":true,"href":"https:\/\/cparici.com\/fr\/wp-json\/wp\/v2\/users\/1"}],"replies":[{"embeddable":true,"href":"https:\/\/cparici.com\/fr\/wp-json\/wp\/v2\/comments?post=42743"}],"version-history":[{"count":0,"href":"https:\/\/cparici.com\/fr\/wp-json\/wp\/v2\/posts\/42743\/revisions"}],"wp:featuredmedia":[{"embeddable":true,"href":"https:\/\/cparici.com\/fr\/wp-json\/wp\/v2\/media\/42747"}],"wp:attachment":[{"href":"https:\/\/cparici.com\/fr\/wp-json\/wp\/v2\/media?parent=42743"}],"wp:term":[{"taxonomy":"category","embeddable":true,"href":"https:\/\/cparici.com\/fr\/wp-json\/wp\/v2\/categories?post=42743"},{"taxonomy":"post_tag","embeddable":true,"href":"https:\/\/cparici.com\/fr\/wp-json\/wp\/v2\/tags?post=42743"}],"curies":[{"name":"wp","href":"https:\/\/api.w.org\/{rel}","templated":true}]}}