{"id":42987,"date":"2024-09-02T08:35:28","date_gmt":"2024-09-02T06:35:28","guid":{"rendered":"https:\/\/cparici.com\/?p=42987"},"modified":"2025-03-25T21:26:36","modified_gmt":"2025-03-25T20:26:36","slug":"arras-guide","status":"publish","type":"post","link":"https:\/\/cparici.com\/fr\/arras-guide\/","title":{"rendered":"Arras &#8211; guide complet de la ville"},"content":{"rendered":"\t\t<div data-elementor-type=\"wp-post\" data-elementor-id=\"42987\" class=\"elementor elementor-42987\" data-elementor-post-type=\"post\">\n\t\t\t\t<div class=\"elementor-element elementor-element-69da722 e-flex e-con-boxed e-con e-parent\" data-id=\"69da722\" data-element_type=\"container\" data-e-type=\"container\">\n\t\t\t\t\t<div class=\"e-con-inner\">\n\t\t\t\t<div class=\"elementor-element elementor-element-8bce199 elementor-widget elementor-widget-image\" data-id=\"8bce199\" data-element_type=\"widget\" data-e-type=\"widget\" data-widget_type=\"image.default\">\n\t\t\t\t\t\t\t\t\t\t\t\t\t\t\t<img decoding=\"async\" width=\"1500\" height=\"530\" src=\"https:\/\/cparici.com\/wp-content\/uploads\/2024\/09\/Arras-ville-et-centre-historique-photo.jpg\" class=\"attachment-full size-full wp-image-42989\" alt=\"Arras ville et centre historique - photo\" srcset=\"https:\/\/cparici.com\/wp-content\/uploads\/2024\/09\/Arras-ville-et-centre-historique-photo.jpg 1500w, https:\/\/cparici.com\/wp-content\/uploads\/2024\/09\/Arras-ville-et-centre-historique-photo-600x212.jpg 600w, https:\/\/cparici.com\/wp-content\/uploads\/2024\/09\/Arras-ville-et-centre-historique-photo-300x106.jpg 300w, https:\/\/cparici.com\/wp-content\/uploads\/2024\/09\/Arras-ville-et-centre-historique-photo-1024x362.jpg 1024w, https:\/\/cparici.com\/wp-content\/uploads\/2024\/09\/Arras-ville-et-centre-historique-photo-768x271.jpg 768w\" sizes=\"(max-width: 1500px) 100vw, 1500px\" \/>\t\t\t\t\t\t\t\t\t\t\t\t\t\t\t<\/div>\n\t\t\t\t\t<\/div>\n\t\t\t\t<\/div>\n\t\t<div class=\"elementor-element elementor-element-2a2d3595 e-flex e-con-boxed e-con e-parent\" data-id=\"2a2d3595\" data-element_type=\"container\" data-e-type=\"container\">\n\t\t\t\t\t<div class=\"e-con-inner\">\n\t\t\t\t<div class=\"elementor-element elementor-element-373ecc02 elementor-widget elementor-widget-text-editor\" data-id=\"373ecc02\" data-element_type=\"widget\" data-e-type=\"widget\" data-widget_type=\"text-editor.default\">\n\t\t\t\t\t\t\t\t\t<h1 style=\"text-align: center;\"><span style=\"font-size: 18pt;\"><strong>Arras<\/strong><\/span><\/h1><p>En qu\u00eate de votre prochaine escapade ou vacances ? Fascin\u00e9 par les cit\u00e9s historiques, les monuments, les <a href=\"https:\/\/cparici.com\/fr\/musees-en-france\/\">mus\u00e9es<\/a> captivants, les festivals vivants et la gastronomie ? <strong>Arras<\/strong> est votre destination id\u00e9ale ! Situ\u00e9e dans le Pas-de-Calais, <a href=\"https:\/\/cparici.com\/fr\/13-regions-de-france-le-guide\/\">r\u00e9gion<\/a> Hauts-de-France, \u00e0 180 km de Paris, 110 km de Lille et 80 km de Calais, Arras, avec ses 43 000 Arrageois, est le c\u0153ur historique de l&#8217;Artois, riche d&#8217;\u00e9v\u00e9nements depuis l&#8217;Antiquit\u00e9.<\/p><p>Pour en savoir plus sur la r\u00e9gion <a href=\"https:\/\/cparici.com\/fr\/hauts-de-france\/\">Hauts de France, lisez notre article d\u00e9taill\u00e9 ici.<\/a><\/p><p>Cet article vous guide \u00e0 travers les charmes d&#8217;Arras : ses monuments embl\u00e9matiques, mus\u00e9es, \u00e9v\u00e9nements culturels et folkloriques, et ses meilleures adresses gourmandes et d&#8217;h\u00e9bergement. D\u00e9couvrez pourquoi Arras est un joyau pour les passionn\u00e9s de culture et de patrimoine, promettant de vous envo\u00fbter par son authenticit\u00e9.<\/p><h2><span style=\"font-size: 18pt;\">Les incontournables d&#8217;Arras<\/span><\/h2><p>Arras, ville riche en tr\u00e9sors architecturaux et historiques, offre \u00e0 ses visiteurs <strong>trois sites exceptionnels : les Places d&#8217;Arras, le Beffroi et la Citadelle.<\/strong> Ces monuments embl\u00e9matiques t\u00e9moignent de l&#8217;identit\u00e9 et de l&#8217;histoire r\u00e9siliente d&#8217;Arras \u00e0 travers les \u00e2ges.<\/p><h3>Les Places d&#8217;Arras et leur architecture unique<\/h3><p>Les Places d&#8217;Arras, compos\u00e9es de la Grand&#8217;Place et de la Place des H\u00e9ros, sont deux splendides places baroques, formant un ensemble architectural sans pareil en Europe du Nord. Bord\u00e9es de 155 fa\u00e7ades de style baroque flamand et ponctu\u00e9es de 345 colonnes, ces places ont \u00e9t\u00e9 fid\u00e8lement reconstruites apr\u00e8s leur destruction durant la Premi\u00e8re Guerre mondiale. Elles accueillent un march\u00e9 traditionnel les mercredis et samedis matins, proposant produits locaux, artisanat et sp\u00e9cialit\u00e9s culinaires. Lieu de festivit\u00e9s telles que la f\u00eate de l&#8217;andouillette, le March\u00e9 de No\u00ebl et l&#8217;embrasement du Beffroi, les Places d&#8217;Arras sont un v\u00e9ritable espace de vie et de partage.<\/p><h3>Le Beffroi, symbole de libert\u00e9 et de r\u00e9sistance<\/h3><p><strong>Le Beffroi d&#8217;Arras,<\/strong> construit au 15e si\u00e8cle par Vauban et Jacques le Caron dans un style gothique flamboyant, s&#8217;\u00e9l\u00e8ve \u00e0 75 m\u00e8tres. Reconstruit \u00e0 deux reprises, en 1833 et en 1914, \u00e0 cause de sa fragilit\u00e9 et des destructions de guerre, il est <a href=\"https:\/\/cparici.com\/fr\/les-monuments-historiques-en-france\/\">class\u00e9 monument historique<\/a> depuis 1840 et inscrit au patrimoine mondial de l&#8217;Unesco depuis 2005. \u00c9lu Monument Pr\u00e9f\u00e9r\u00e9 des Fran\u00e7ais en 2015, il servait autrefois de tour de guet et de prison. Aujourd&#8217;hui, il offre aux visiteurs une vue panoramique sur Arras et ses environs, ainsi qu&#8217;un carillon de 37 cloches jouant des m\u00e9lodies folkloriques.<\/p><h3>La Citadelle, inscrite au Patrimoine Mondial de l&#8217;UNESCO<\/h3><p>Construite par Vauban entre 1668 et 1672, la Citadelle d&#8217;Arras est une forteresse pentagonale con\u00e7ue pour d\u00e9fendre la ville. Surnomm\u00e9e &#8220;la belle inutile&#8221; pour n&#8217;avoir jamais \u00e9t\u00e9 assi\u00e9g\u00e9e, <a href=\"https:\/\/cparici.com\/fr\/patrimoine-mondial-de-l-unesco-en-france\/\">elle fait partie du patrimoine mondial de l&#8217;Unesco<\/a> depuis 2008. D\u00e9militaris\u00e9e en 2010, la Citadelle est d\u00e9sormais accessible au public et abrite des b\u00e2timents historiques comme la Porte Royale et la chapelle Saint-Louis. Elle propose \u00e9galement des promenades dans des espaces verts et des activit\u00e9s ludiques, telles que le Timescope, une exp\u00e9rience de r\u00e9alit\u00e9 augment\u00e9e, et accueille le Main Square Festival, \u00e9v\u00e9nement musical d&#8217;envergure internationale.<\/p><h2><span style=\"font-size: 18pt;\">Plong\u00e9e dans l&#8217;<a href=\"https:\/\/cparici.com\/fr\/histoire-de-france\/\">histoire<\/a><\/span><\/h2><p>Arras, ville marqu\u00e9e par d&#8217;importants bouleversements historiques, abrite un <a href=\"https:\/\/cparici.com\/fr\/patrimoine-de-france\/\">patrimoine<\/a> riche et vari\u00e9. Trois sites se distinguent particuli\u00e8rement : les Boves, le Mus\u00e9e des Beaux-Arts, ainsi que la Cath\u00e9drale et l&#8217;abbaye Saint-Vaast. Ces lieux embl\u00e9matiques offrent un voyage \u00e0 travers le temps, d\u00e9voilant les multiples facettes de l&#8217;histoire d&#8217;Arras du Moyen \u00c2ge au XXe si\u00e8cle.<\/p><p>Pour en savoir plus sur les cath\u00e9drales en France, <a href=\"https:\/\/cparici.com\/fr\/les-15-plus-belles-cathedrales-en-france\/\">lisez notre article d\u00e9taill\u00e9 ici.<\/a><\/p><h3>Les Boves, un labyrinthe souterrain myst\u00e9rieux<\/h3><p>Initialement des carri\u00e8res de craie creus\u00e9es d\u00e8s le IXe si\u00e8cle, les Boves ont servi \u00e0 la construction d&#8217;\u00e9difices religieux et de fortifications. Par la suite, ces galeries souterraines sont devenues des lieux de stockage pour les marchands. Aujourd&#8217;hui, elles forment un r\u00e9seau impressionnant de 20 kilom\u00e8tres de long \u00e0 12 m\u00e8tres sous terre.<\/p><p>Durant les deux guerres mondiales, <em>les Boves ont offert un refuge vital aux habitants et aux soldats<\/em>. Une visite guid\u00e9e, partant de l&#8217;Office de Tourisme situ\u00e9 dans l&#8217;H\u00f4tel de Ville, permet d&#8217;explorer ce patrimoine unique. Les visiteurs d\u00e9couvrent des puits d&#8217;extraction, des vestiges d&#8217;\u00e9lectrification, et des \u00e9l\u00e9ments historiques li\u00e9s \u00e0 la Bataille d&#8217;Arras de 1917. Les Boves repr\u00e9sentent une immersion fascinante dans le pass\u00e9 myst\u00e9rieux d&#8217;Arras.<\/p><h3>Le Mus\u00e9e des Beaux-Arts et ses tr\u00e9sors cach\u00e9s<\/h3><p>Le Mus\u00e9e des Beaux-Arts d&#8217;Arras, log\u00e9 dans l&#8217;ancienne abbaye Saint-Vaast, est un \u00e9crin d&#8217;art et d&#8217;histoire du XVIIIe si\u00e8cle. Sa collection, diversifi\u00e9e et riche, traverse les \u00e9poques et les courants artistiques, avec des \u0153uvres de Rubens, Brueghel, Bassano, et bien d&#8217;autres. Outre les peintures, le mus\u00e9e expose des sculptures, des objets d&#8217;art, des tapisseries, des photographies, et m\u00eame des sp\u00e9cimens d&#8217;histoire naturelle.<\/p><p>Les expositions temporaires enrichissent l&#8217;offre culturelle en mettant en lumi\u00e8re des facettes particuli\u00e8res de la collection ou de l&#8217;histoire du mus\u00e9e. C&#8217;est un lieu de d\u00e9couverte et d&#8217;\u00e9merveillement, invitant \u00e0 un voyage \u00e0 travers l&#8217;art et l&#8217;histoire.<\/p><h3>La Cath\u00e9drale et l&#8217;abbaye Saint-Vaast, joyaux de l&#8217;histoire religieuse<\/h3><p>La Cath\u00e9drale et l&#8217;abbaye Saint-Vaast, marquant le paysage religieux d&#8217;Arras, t\u00e9moignent de la richesse du patrimoine spirituel de la ville. La cath\u00e9drale, \u00e9difi\u00e9e \u00e0 partir de 1778, arbore un style n\u00e9o-classique. Elle renferme des tr\u00e9sors comme des sculptures de saints, des reliquaires, et un orgue du XIXe si\u00e8cle, d\u00e9di\u00e9s \u00e0 Notre-Dame et \u00e0 Saint Vaast, le saint patron d&#8217;Arras.<\/p><p>L&#8217;abbaye Saint-Vaast, fond\u00e9e au VIIe si\u00e8cle et reconstruite au XVIIIe si\u00e8cle, se pr\u00e9sente comme un monument classique imposant. Elle accueille aujourd&#8217;hui le Mus\u00e9e des Beaux-Arts et une m\u00e9diath\u00e8que, continuant \u00e0 enrichir la culture et l&#8217;histoire d&#8217;Arras. La Cath\u00e9drale et l&#8217;abbaye Saint-Vaast incarnent la splendeur du patrimoine religieux de la ville.<\/p><h2><span style=\"font-size: 18pt;\">Exp\u00e9riences culturelles et folkloriques<\/span><\/h2><p>La ville d&#8217;Arras propose un riche \u00e9ventail d&#8217;activit\u00e9s pour se divertir et s&#8217;enrichir culturellement. Trois \u00e9v\u00e9nements majeurs se d\u00e9marquent, offrant une immersion unique dans le folklore et la culture locale : le Main Square Festival, le march\u00e9 de No\u00ebl d&#8217;Arras, et les Journ\u00e9es Europ\u00e9ennes du Patrimoine. Chacun de ces \u00e9v\u00e9nements est une occasion de vivre Arras sous une nouvelle perspective, dans une atmosph\u00e8re \u00e0 la fois festive et accueillante.<\/p><h3>Main Square Festival : un rendez-vous incontournable pour les m\u00e9lomanes<\/h3><p>Chaque ann\u00e9e, au d\u00e9but du mois de juillet, le <strong>Main Square Festival<\/strong> anime la Citadelle d&#8217;Arras, un site class\u00e9 au patrimoine mondial de l&#8217;Unesco. Ce festival de musique accueille des artistes de stature internationale sur deux sc\u00e8nes, embrassant des genres musicaux divers : rock, pop, \u00e9lectro, hip-hop, folk&#8230; Attirant plus de 100 000 spectateurs, le festival promet quatre jours de concerts m\u00e9morables dans un cadre historique et verdoyant, s&#8217;affirmant comme l&#8217;un des festivals les plus prestigieux d&#8217;Europe et offrant une exp\u00e9rience musicale exceptionnelle.<\/p><h3>Le march\u00e9 de No\u00ebl d&#8217;Arras, une f\u00e9erie hivernale<\/h3><p>Tradition annuelle s&#8217;\u00e9talant de fin novembre \u00e0 fin d\u00e9cembre, le march\u00e9 de No\u00ebl d&#8217;Arras transforme la Grand&#8217;Place en un village f\u00e9\u00e9rique compos\u00e9 de plus de 130 chalets. Ces derniers proposent une vari\u00e9t\u00e9 de produits artisanaux, de d\u00e9corations festives, de cadeaux uniques et de sp\u00e9cialit\u00e9s gastronomiques. Le march\u00e9 est \u00e9galement le th\u00e9\u00e2tre de nombreuses animations familiales : grande roue, patinoire, carrousel, piste de luge, et m\u00eame la maison du P\u00e8re No\u00ebl. R\u00e9put\u00e9 comme l&#8217;un des plus grands et des plus enchanteurs march\u00e9s de No\u00ebl de France, il plonge les visiteurs dans une atmosph\u00e8re magique et chaleureuse.<\/p><h3>Les Journ\u00e9es Europ\u00e9ennes du Patrimoine, pour explorer Arras autrement<\/h3><p>Se tenant chaque ann\u00e9e en septembre, les <a href=\"https:\/\/cparici.com\/fr\/journee-du-patrimoine-en-france\/\">Journ\u00e9es Europ\u00e9ennes du Patrimoine<\/a> offrent l&#8217;opportunit\u00e9 de d\u00e9couvrir gratuitement ou \u00e0 tarif r\u00e9duit des sites patrimoniaux d&#8217;ordinaire ferm\u00e9s au public ou peu accessibles. Cet \u00e9v\u00e9nement est une chance unique de voir Arras sous un angle diff\u00e9rent gr\u00e2ce \u00e0 des visites guid\u00e9es, des spectacles, des expositions, ou des ateliers qui valorisent son h\u00e9ritage historique, architectural, artistique et naturel. Les Journ\u00e9es Europ\u00e9ennes du Patrimoine invitent \u00e0 l&#8217;\u00e9merveillement et \u00e0 l&#8217;enrichissement culturel en explorant les tr\u00e9sors d&#8217;Arras et de sa r\u00e9gion.<\/p><h2 data-start=\"3047\" data-end=\"3089\"><span style=\"font-size: 18pt;\"><strong data-start=\"3052\" data-end=\"3089\">Faits divers et actualit\u00e9 \u00e0 Arras<\/strong><\/span><\/h2><p data-start=\"3090\" data-end=\"3220\">Pour se tenir inform\u00e9 des derni\u00e8res actualit\u00e9s et faits divers \u00e0 Arras, il est conseill\u00e9 de consulter les m\u00e9dias locaux tels que :<\/p><ul data-start=\"3222\" data-end=\"3544\"><li data-start=\"3222\" data-end=\"3320\"><p data-start=\"3224\" data-end=\"3320\"><strong data-start=\"3224\" data-end=\"3243\">La Voix du Nord<\/strong> : Quotidien r\u00e9gional couvrant l&#8217;actualit\u00e9 du Pas-de-Calais, y compris Arras.<\/p><\/li><li data-start=\"3322\" data-end=\"3435\"><p data-start=\"3324\" data-end=\"3435\"><strong data-start=\"3324\" data-end=\"3352\">France 3 Hauts-de-France<\/strong> : Cha\u00eene de t\u00e9l\u00e9vision r\u00e9gionale proposant des informations locales et r\u00e9gionales.<\/p><\/li><li data-start=\"3437\" data-end=\"3544\"><p data-start=\"3439\" data-end=\"3544\"><strong data-start=\"3439\" data-end=\"3463\">L&#8217;Avenir de l&#8217;Artois<\/strong> : Hebdomadaire local traitant des nouvelles de l&#8217;Artois, dont Arras fait partie.<\/p><\/li><\/ul><p data-start=\"3546\" data-end=\"3666\">Ces sources fournissent des informations \u00e0 jour sur les \u00e9v\u00e9nements, les faits divers et les initiatives locales \u00e0 Arras.<\/p><h2><span style=\"font-size: 18pt;\">Conclusion<\/span><\/h2><p>Arras, avec son riche patrimoine, sa culture dynamique, sa d\u00e9licieuse gastronomie et son ambiance accueillante, a tout pour s\u00e9duire les visiteurs. Que votre passion soit l&#8217;histoire, l&#8217;art, la musique, la nature ou les traditions, Arras vous offre une exp\u00e9rience enrichissante et fascinante. C&#8217;est une ville \u00e0 d\u00e9couvrir et \u00e0 red\u00e9couvrir, au gr\u00e9 des saisons et des festivit\u00e9s.<\/p><p>Arras vous attend, pr\u00eate \u00e0 vous accueillir avec le sourire et la g\u00e9n\u00e9rosit\u00e9 qui la d\u00e9finissent.<\/p><p>Ne tardez pas, planifiez d\u00e8s \u00e0 pr\u00e9sent votre voyage \u00e0 Arras et venez explorer ses multiples attractions et sites touristiques. C&#8217;est une d\u00e9cision que vous ne regretterez pas !<\/p><h2><span style=\"font-size: 18pt;\">FAQ<\/span><\/h2><h3 data-start=\"45\" data-end=\"73\"><strong data-start=\"50\" data-end=\"73\">Que faire \u00e0 Arras ?<\/strong><\/h3><p data-start=\"74\" data-end=\"197\">Arras, situ\u00e9e dans les Hauts-de-France, offre une riche palette d&#8217;activit\u00e9s pour ses visiteurs. Parmi les incontournables :<\/p><ul data-start=\"199\" data-end=\"1168\"><li data-start=\"199\" data-end=\"374\"><p data-start=\"201\" data-end=\"374\"><strong data-start=\"201\" data-end=\"231\">Visiter le Beffroi d&#8217;Arras<\/strong> : Class\u00e9 au patrimoine mondial de l&#8217;UNESCO, il offre une vue panoramique sur la ville depuis son sommet.<\/p><\/li><li data-start=\"376\" data-end=\"558\"><p data-start=\"378\" data-end=\"558\"><strong data-start=\"378\" data-end=\"400\">Explorer les Boves<\/strong> : Un r\u00e9seau de souterrains datant du Moyen \u00c2ge, offrant une plong\u00e9e fascinante dans l&#8217;histoire souterraine de la ville.<\/p><\/li><li data-start=\"560\" data-end=\"781\"><p data-start=\"562\" data-end=\"781\"><strong data-start=\"562\" data-end=\"587\">Fl\u00e2ner sur les Places<\/strong> : Les c\u00e9l\u00e8bres places baroques, la Grand&#8217;Place et la Place des H\u00e9ros, sont entour\u00e9es de maisons aux fa\u00e7ades flamandes et regorgent de caf\u00e9s et restaurants.<\/p><\/li><li data-start=\"783\" data-end=\"984\"><p data-start=\"785\" data-end=\"984\"><strong data-start=\"785\" data-end=\"821\">D\u00e9couvrir la Carri\u00e8re Wellington<\/strong> : Un m\u00e9morial souterrain d\u00e9di\u00e9 aux soldats de la Premi\u00e8re Guerre mondiale, offrant une perspective \u00e9mouvante sur l&#8217;histoire.<\/p><\/li><li data-start=\"986\" data-end=\"1168\"><p data-start=\"988\" data-end=\"1168\"><strong data-start=\"988\" data-end=\"1020\">Visiter la Citadelle d&#8217;Arras<\/strong> : Surnomm\u00e9e le &#8220;petit Versailles&#8221;, cette forteresse de Vauban est inscrite au patrimoine mondial de l&#8217;UNESCO.<\/p><\/li><\/ul><h3 data-start=\"1170\" data-end=\"1210\"><strong data-start=\"1175\" data-end=\"1210\">Que faire \u00e0 Arras ce week-end ?<\/strong><\/h3><p data-start=\"1211\" data-end=\"1517\">Pour conna\u00eetre les \u00e9v\u00e9nements et activit\u00e9s sp\u00e9cifiques pr\u00e9vus \u00e0 Arras ce week-end, il est recommand\u00e9 de consulter les agendas locaux tels que Infolocale, qui r\u00e9pertorie concerts, expositions, spectacles et autres manifestations \u00e0 venir.<\/p><h3 data-start=\"1519\" data-end=\"1557\"><strong data-start=\"1524\" data-end=\"1557\">Que faire \u00e0 Arras en couple ?<\/strong><\/h3><p data-start=\"1558\" data-end=\"1666\">Arras est une destination id\u00e9ale pour une escapade romantique. Voici quelques suggestions pour les couples :<\/p><ul data-start=\"1668\" data-end=\"2211\"><li data-start=\"1668\" data-end=\"1895\"><p data-start=\"1670\" data-end=\"1895\"><strong data-start=\"1670\" data-end=\"1707\">S\u00e9journer dans un manoir avec spa<\/strong> : Le Manoir de Bellacordelle, datant du XVII\u1d49 si\u00e8cle, propose des suites romantiques avec spa et sauna, parfait pour une nuit de d\u00e9tente en amoureux.<\/p><\/li><li data-start=\"1897\" data-end=\"2038\"><p data-start=\"1899\" data-end=\"2038\"><strong data-start=\"1899\" data-end=\"1937\">D\u00eener dans un restaurant intimiste<\/strong> : Profitez des nombreux restaurants situ\u00e9s sous les arcades des places pour un d\u00eener aux chandelles.<\/p><\/li><li data-start=\"2040\" data-end=\"2211\"><p data-start=\"2042\" data-end=\"2211\"><strong data-start=\"2042\" data-end=\"2070\">Balade main dans la main<\/strong> : Fl\u00e2nez dans les ruelles pav\u00e9es du centre historique, admirez les fa\u00e7ades color\u00e9es et impr\u00e9gnez-vous de l&#8217;ambiance chaleureuse de la ville.<\/p><\/li><\/ul><h3 data-start=\"2213\" data-end=\"2254\"><strong data-start=\"2218\" data-end=\"2254\">C&#8217;est quoi Chez Marcel \u00e0 Arras ?<\/strong><\/h3><p data-start=\"2255\" data-end=\"2742\"><strong data-start=\"2255\" data-end=\"2270\">Chez Marcel<\/strong> est un bar \u00e0 bi\u00e8res artisanal situ\u00e9 au 30 rue de la Taillerie, entre la Grand&#8217;Place et la Place des H\u00e9ros \u00e0 Arras. Ouvert en d\u00e9cembre 2017 par Luka Antonic, ancien avocat devenu bi\u00e9rologue, l&#8217;\u00e9tablissement propose une large s\u00e9lection de bi\u00e8res artisanales locales et internationales. Des ateliers d&#8217;initiation \u00e0 la bi\u00e9rologie y sont \u00e9galement organis\u00e9s, permettant aux amateurs de d\u00e9couvrir les secrets de la d\u00e9gustation de la bi\u00e8re.<\/p><h3 data-start=\"2744\" data-end=\"2784\"><strong data-start=\"2749\" data-end=\"2784\">C&#8217;est quoi Entre Nous \u00e0 Arras ?<\/strong><\/h3><p data-start=\"2785\" data-end=\"3045\"><strong data-start=\"2785\" data-end=\"2799\">Entre Nous<\/strong> est un restaurant situ\u00e9 \u00e0 Arras, r\u00e9put\u00e9 pour sa cuisine fran\u00e7aise traditionnelle et son ambiance conviviale. L&#8217;\u00e9tablissement propose une carte vari\u00e9e mettant en avant des produits frais et locaux, le tout dans un cadre chaleureux et accueillant.<\/p><h3><strong>O\u00f9 aller se promener \u00e0 Arras ?<\/strong><\/h3><p>Arras offre de multiples lieux de promenade adapt\u00e9s \u00e0 toutes les pr\u00e9f\u00e9rences. Pour les amateurs d&#8217;histoire et de culture, ne manquez pas la Carri\u00e8re Wellington, un m\u00e9morial de la Premi\u00e8re Guerre mondiale, le Beffroi d&#8217;Arras, class\u00e9 au patrimoine mondial de l&#8217;UNESCO, et les Places c\u00e9l\u00e8bres pour leurs maisons aux pignons flamands. Si vous \u00eates en qu\u00eate de tranquillit\u00e9 et de nature, dirigez-vous vers le polygone de la Citadelle, un espace vert id\u00e9al pour observer la faune et la flore, le Jardin du Gouverneur, qui dispose d&#8217;un kiosque et d&#8217;un boulodrome, ou encore le Jardin Minelle, un havre de paix avec un \u00e9tang et des oiseaux.<\/p><h3><strong>Pourquoi Arras est connu ?<\/strong><\/h3><p>Arras jouit d&#8217;une renomm\u00e9e pour son riche patrimoine historique et culturel, soulign\u00e9 par ses impressionnantes places baroques, son beffroi embl\u00e9matique, ses souterrains (boves), ses trouv\u00e8res et son importance durant les conflits mondiaux. La ville est \u00e9galement dynamique, accueillant des \u00e9v\u00e9nements majeurs tels que le Main Square Festival et la Ville de No\u00ebl.<\/p><h3><strong>Est-ce que Arras est une belle ville ?<\/strong><\/h3><p>Effectivement, Arras est une ville magnifique, riche de son patrimoine historique et culturel. Elle s\u00e9duit par ses attractions touristiques, notamment ses places orn\u00e9es de maisons aux pignons flamands, son beffroi inscrit au patrimoine mondial de l&#8217;UNESCO, son march\u00e9 de No\u00ebl f\u00e9erique et le festival Main Square. La ville brille aussi par son attractivit\u00e9 r\u00e9sidentielle, gr\u00e2ce \u00e0 ses initiatives de r\u00e9novation de fa\u00e7ades, d&#8217;am\u00e9nagement des espaces publics, de d\u00e9veloppement de la mobilit\u00e9 durable et de soutien au commerce local.<\/p><h3><strong>Quelles sont les sp\u00e9cialit\u00e9s d&#8217;Arras ?<\/strong><\/h3><p>Les <a href=\"https:\/\/cparici.com\/fr\/gastronomie-en-france-cuisine-francaise\/\">sp\u00e9cialit\u00e9s culinaires<\/a> d&#8217;Arras sont diverses et savoureuses. Parmi les incontournables, citons l&#8217;andouillette d&#8217;Arras, faite \u00e0 partir de fraise de porc ou de veau, le rat d&#8217;Arras, un chocolat noir feuillet\u00e9 pralin\u00e9, les c\u0153urs d&#8217;Arras, biscuits en pain d&#8217;\u00e9pices au miel blanc, le ptit dieu, fromage \u00e0 p\u00e2te molle et cro\u00fbte lav\u00e9e, le mascaron, figurines en p\u00e2te d&#8217;amandes, les confits d&#8217;chicons, endives cuites dans du sucre et du vinaigre, et le g\u00e2teau art\u00e9sien, une g\u00e9noise fourr\u00e9e \u00e0 la cr\u00e8me p\u00e2tissi\u00e8re recouverte de p\u00e2te d&#8217;amandes.<\/p>\t\t\t\t\t\t\t\t<\/div>\n\t\t\t\t\t<\/div>\n\t\t\t\t<\/div>\n\t\t\t\t<\/div>\n\t\t","protected":false},"excerpt":{"rendered":"<p>D\u00e9couvrez Arras, une ville charg\u00e9e d&#8217;histoire et de culture. Visitez ses monuments, ses mus\u00e9es et ses march\u00e9s. Un guide complet pour un s\u00e9jour inoubliable.<\/p>\n","protected":false},"author":1,"featured_media":42989,"comment_status":"closed","ping_status":"open","sticky":false,"template":"elementor_header_footer","format":"standard","meta":{"ngg_post_thumbnail":0,"footnotes":""},"categories":[1447,477,1169,1446],"tags":[906],"class_list":["post-42987","post","type-post","status-publish","format-standard","has-post-thumbnail","hentry","category-arras","category-france","category-hauts-de-france","category-pas-de-calais-hauts-de-france","tag-ville"],"_links":{"self":[{"href":"https:\/\/cparici.com\/fr\/wp-json\/wp\/v2\/posts\/42987","targetHints":{"allow":["GET"]}}],"collection":[{"href":"https:\/\/cparici.com\/fr\/wp-json\/wp\/v2\/posts"}],"about":[{"href":"https:\/\/cparici.com\/fr\/wp-json\/wp\/v2\/types\/post"}],"author":[{"embeddable":true,"href":"https:\/\/cparici.com\/fr\/wp-json\/wp\/v2\/users\/1"}],"replies":[{"embeddable":true,"href":"https:\/\/cparici.com\/fr\/wp-json\/wp\/v2\/comments?post=42987"}],"version-history":[{"count":0,"href":"https:\/\/cparici.com\/fr\/wp-json\/wp\/v2\/posts\/42987\/revisions"}],"wp:featuredmedia":[{"embeddable":true,"href":"https:\/\/cparici.com\/fr\/wp-json\/wp\/v2\/media\/42989"}],"wp:attachment":[{"href":"https:\/\/cparici.com\/fr\/wp-json\/wp\/v2\/media?parent=42987"}],"wp:term":[{"taxonomy":"category","embeddable":true,"href":"https:\/\/cparici.com\/fr\/wp-json\/wp\/v2\/categories?post=42987"},{"taxonomy":"post_tag","embeddable":true,"href":"https:\/\/cparici.com\/fr\/wp-json\/wp\/v2\/tags?post=42987"}],"curies":[{"name":"wp","href":"https:\/\/api.w.org\/{rel}","templated":true}]}}