{"id":43237,"date":"2024-09-06T11:52:05","date_gmt":"2024-09-06T09:52:05","guid":{"rendered":"https:\/\/cparici.com\/?p=43237"},"modified":"2025-03-29T18:24:19","modified_gmt":"2025-03-29T17:24:19","slug":"ain-departement","status":"publish","type":"post","link":"https:\/\/cparici.com\/fr\/ain-departement\/","title":{"rendered":"Ain &#8211; d\u00e9couvrez le d\u00e9partement"},"content":{"rendered":"\t\t<div data-elementor-type=\"wp-post\" data-elementor-id=\"43237\" class=\"elementor elementor-43237\" data-elementor-post-type=\"post\">\n\t\t\t\t<div class=\"elementor-element elementor-element-7c29d6b e-con-full e-flex e-con e-parent\" data-id=\"7c29d6b\" data-element_type=\"container\" data-e-type=\"container\">\n\t\t\t\t<div class=\"elementor-element elementor-element-c3636b0 elementor-widget elementor-widget-image\" data-id=\"c3636b0\" data-element_type=\"widget\" data-e-type=\"widget\" data-widget_type=\"image.default\">\n\t\t\t\t\t\t\t\t\t\t\t\t\t\t\t<img decoding=\"async\" width=\"1500\" height=\"530\" src=\"https:\/\/cparici.com\/wp-content\/uploads\/2024\/09\/Ain-departement-le-monastere-royal-de-Brou.jpg\" class=\"attachment-full size-full wp-image-43238\" alt=\"Ain -d\u00e9partement le monast\u00e8re royal de Brou\" srcset=\"https:\/\/cparici.com\/wp-content\/uploads\/2024\/09\/Ain-departement-le-monastere-royal-de-Brou.jpg 1500w, https:\/\/cparici.com\/wp-content\/uploads\/2024\/09\/Ain-departement-le-monastere-royal-de-Brou-600x212.jpg 600w, https:\/\/cparici.com\/wp-content\/uploads\/2024\/09\/Ain-departement-le-monastere-royal-de-Brou-300x106.jpg 300w, https:\/\/cparici.com\/wp-content\/uploads\/2024\/09\/Ain-departement-le-monastere-royal-de-Brou-1024x362.jpg 1024w, https:\/\/cparici.com\/wp-content\/uploads\/2024\/09\/Ain-departement-le-monastere-royal-de-Brou-768x271.jpg 768w\" sizes=\"(max-width: 1500px) 100vw, 1500px\" \/>\t\t\t\t\t\t\t\t\t\t\t\t\t\t\t<\/div>\n\t\t\t\t<\/div>\n\t\t<div class=\"elementor-element elementor-element-c78cab2 e-flex e-con-boxed e-con e-parent\" data-id=\"c78cab2\" data-element_type=\"container\" data-e-type=\"container\">\n\t\t\t\t\t<div class=\"e-con-inner\">\n\t\t\t\t<div class=\"elementor-element elementor-element-50b314b elementor-widget elementor-widget-global elementor-global-62046 elementor-widget-eael-advanced-search\" data-id=\"50b314b\" data-element_type=\"widget\" data-e-type=\"widget\" data-widget_type=\"eael-advanced-search.default\">\n\t\t\t\t\t        <div class=\"eael-adv-search-wrapper\">\n            <div id=\"eael-advanced-search-widget-50b314b\" class=\"eael-advanced-search-widget\">\n                <form data-settings=\"{&quot;post_per_page&quot;:5,&quot;search_among_taxonomies&quot;:&quot;&quot;,&quot;search_among_sku&quot;:&quot;no&quot;,&quot;show_popular_keyword&quot;:0,&quot;show_category&quot;:0,&quot;show_content_image&quot;:1,&quot;show_search_result_all_results&quot;:0,&quot;result_on_new_tab&quot;:&quot;no&quot;,&quot;show_product_price&quot;:&quot;no&quot;,&quot;include_current_page&quot;:&quot;no&quot;,&quot;current_post_id&quot;:43237,&quot;post_type&quot;:[&quot;post&quot;,&quot;listing&quot;]}\" method=\"POST\" name=\"eael-advanced-search-form-50b314b\" class=\"eael-advanced-search-form eael-advanced-search-form-style-2\">\n                    <div class=\"eael-advanced-search-wrap\">\n                        <span class=\"eael-adv-search-loader\"><\/span>\n                        <span class=\"eael-adv-search-close\"><i class=\"fas fa-times\"><\/i><\/span>\n                        <span class=\"icon \"><i class=\"fas fa-search\"><\/i><\/span>\n\n                        <input type=\"text\"\n                               placeholder=\"Votre destination\"\n                               class=\"eael-advanced-search\" autocomplete=\"off\" name=\"eael_advanced_search\">\n                    <\/div>\n\t\t\t\t\t                                    <\/form>\n\n\t\t\t\t\n\t\t\t\t        <div class=\"eael-advanced-search-result\">\n            <div class=\"eael-advanced-search-popular-keyword\">\n\t\t\t\t<h4 class=\"eael-advanced-search-popular-keyword-text\">Recherches populaires<\/h4>                <div class=\"eael-popular-keyword-content\"><\/div>\n            <\/div>\n            <div class=\"eael-advanced-search-category\">\n\t\t\t\t<h4 class=\"eael-advanced-search-category-text\">Categories<\/h4>                <div class=\"eael-popular-category-content\"><\/div>\n            <\/div>\n\t\t\t<div class=\"eael-advanced-search-total-results-section\">\n\t\t\t\t\t\t\t<\/div>\n            <div class=\"eael-advanced-search-content eael-item-style-3\">\n            <\/div>\n            <div class=\"eael-advanced-search-not-found\">\n                <p>Pas de r\u00e9sultats<\/p><\/div>\n            <div class=\"eael-advanced-search-load-more\">\n\t\t\t\t<a \tclass=\"eael-advanced-search-load-more-button\"\n                \thref=\"#\">Voir tous les r\u00e9sultats<\/a>\n            <\/div>\n        <\/div>\n\n\t\t            <\/div>\n        <\/div>\n\n\t\t\t\t\t\t<\/div>\n\t\t\t\t\t<\/div>\n\t\t\t\t<\/div>\n\t\t<div class=\"elementor-element elementor-element-296e0d18 e-flex e-con-boxed e-con e-parent\" data-id=\"296e0d18\" data-element_type=\"container\" data-e-type=\"container\">\n\t\t\t\t\t<div class=\"e-con-inner\">\n\t\t\t\t<div class=\"elementor-element elementor-element-270feb81 elementor-widget elementor-widget-text-editor\" data-id=\"270feb81\" data-element_type=\"widget\" data-e-type=\"widget\" data-widget_type=\"text-editor.default\">\n\t\t\t\t\t\t\t\t\t<h1 style=\"text-align: center;\"><span style=\"font-size: 18pt;\"><strong>Ain, le d\u00e9partement<\/strong><\/span><\/h1><p><strong>Le d\u00e9partement de l\u2019Ain<\/strong>, nich\u00e9 au centre-est de la <a href=\"https:\/\/cparici.com\/fr\/visiter-la-france-guide-des-regions-et-sites-touristiques\/\">France<\/a> dans la <a href=\"https:\/\/cparici.com\/fr\/13-regions-de-france-le-guide\/\">r\u00e9gion<\/a> <a href=\"https:\/\/cparici.com\/fr\/auvergne-rhone-alpes\/\">Auvergne-Rh\u00f4ne-Alpes<\/a>, est travers\u00e9 par la rivi\u00e8re \u00e9ponyme. Avec Bourg-en-Bresse pour pr\u00e9fecture, il se distingue par sa richesse historique et ses paysages vari\u00e9s, englobant la Bresse, le Bugey, la Dombes et le pays de Gex. Ces territoires conf\u00e8rent \u00e0 l\u2019Ain une identit\u00e9 unique, promettant aux visiteurs une exp\u00e9rience vari\u00e9e et riche.<\/p><h2><span style=\"font-size: 18pt;\">L\u2019essence de l\u2019Ain : Entre histoire et nature<\/span><\/h2><p>Cr\u00e9\u00e9 en 1790, l\u2019Ain puise son essence dans l\u2019union de l\u2019histoire et de la nature. Son <a href=\"https:\/\/cparici.com\/fr\/patrimoine-de-france\/\">patrimoine<\/a>, marqu\u00e9 par des provinces historiques et une g\u00e9ographie diverse, offre des cluses et vall\u00e9es du Jura aux plaines de la Bresse et de la Dombes. La dualit\u00e9 de ses paysages, des plaines fertiles aux sommets du Jura, fait de l\u2019Ain un d\u00e9partement o\u00f9 l\u2019histoire et la nature invitent \u00e0 l\u2019exploration.<\/p><h2><span style=\"font-size: 18pt;\">Histoire du d\u00e9partement de l\u2019Ain<\/span><\/h2><h3>Des origines \u00e0 la R\u00e9volution fran\u00e7aise<\/h3><p>L\u2019<a href=\"https:\/\/cparici.com\/fr\/histoire-de-france\/\">histoire<\/a> de l\u2019Ain remonte \u00e0 l\u2019\u00e9poque pr\u00e9historique, avec des traces d\u2019occupation humaine datant de -15 000 ans avant J.-C., notamment en Bresse et en Dombes. Les premiers habitants \u00e9taient des chasseurs de rennes et des <a href=\"https:\/\/cparici.com\/fr\/peche-en-france-guide\/\">p\u00eacheurs<\/a>, utilisant des outils en pierre et en os.<\/p><p>La r\u00e9gion a \u00e9galement \u00e9t\u00e9 le foyer d\u2019artistes, comme le prouvent les galets grav\u00e9s de figures d\u2019animaux de la Colombi\u00e8re.<\/p><p>\u00c0 l\u2019\u00e9poque de la Gaule, le territoire actuel de l\u2019Ain \u00e9tait occup\u00e9 par plusieurs peuples : les S\u00e9quanes, les Ambarres, les S\u00e9gusiaves et les Allobroges. La conqu\u00eate romaine a int\u00e9gr\u00e9 cette r\u00e9gion dans la Lyonnaise et la Grande S\u00e9quanaise, \u00e9tablissant des voies romaines et des villes telles qu\u2019Izarnodorum (Izernore), qui ont fa\u00e7onn\u00e9 le paysage.<\/p><p>Le Moyen \u00c2ge a \u00e9t\u00e9 marqu\u00e9 par l\u2019\u00e9mergence de provinces historiques comme la Bresse, le Bugey, la Dombes et le pays de Gex, int\u00e9gr\u00e9es progressivement \u00e0 la France. La guerre de Trente Ans et la Guerre de Dix-Ans (1634-1644) ont profond\u00e9ment affect\u00e9 la r\u00e9gion, entra\u00eenant la destruction de villages et de lourdes pertes humaines.<\/p><p>La R\u00e9volution fran\u00e7aise a cr\u00e9\u00e9 le d\u00e9partement de l\u2019Ain en 1790, \u00e0 partir de ces territoires. Il a \u00e9t\u00e9 organis\u00e9 en 9 districts, 49 cantons et 501 communes, suivant le d\u00e9coupage des anciennes paroisses. Malgr\u00e9 une R\u00e9volution relativement paisible, de nombreux monuments ont \u00e9t\u00e9 d\u00e9truits, et les clochers ainsi que les tours des ch\u00e2teaux ont \u00e9t\u00e9 nivel\u00e9s.<\/p><h3>\u00c9volution depuis le 19\u00e8me si\u00e8cle jusqu\u2019\u00e0 nos jours<\/h3><p>Au 19\u00e8me si\u00e8cle, l\u2019Ain a connu d\u2019importantes transformations. La loi du 17 f\u00e9vrier 1800 a supprim\u00e9 les districts pour cr\u00e9er quatre arrondissements, align\u00e9s sur les subd\u00e9l\u00e9gations de l\u2019Ancien R\u00e9gime.<\/p><p>L\u2019arrondissement de Gex, d\u2019abord c\u00e9d\u00e9 au d\u00e9partement du L\u00e9man, a \u00e9t\u00e9 rendu \u00e0 l\u2019Ain en 1815 suite au Trait\u00e9 de Vienne.<\/p><p>Le XIXe si\u00e8cle a \u00e9t\u00e9 t\u00e9moin du d\u00e9veloppement des routes et de l\u2019industrie, gr\u00e2ce aux efforts conjoints de l\u2019intendance de Bourgogne et des \u00c9tats de Bresse et du Bugey. De nouveaux ordres religieux se sont \u00e9tablis, et l\u2019art baroque a \u00e9t\u00e9 largement diffus\u00e9, bien que peu de traces subsistent aujourd\u2019hui.<\/p><p>Au XXe si\u00e8cle, l\u2019Ain a \u00e9t\u00e9 marqu\u00e9 par les deux guerres mondiales, avec des impacts significatifs, surtout pendant la Seconde Guerre Mondiale. Depuis, le d\u00e9partement a continu\u00e9 d\u2019\u00e9voluer, s\u2019adaptant aux changements r\u00e9gionaux et nationaux, tout en pr\u00e9servant son riche patrimoine historique et culturel.<\/p><h2><span style=\"font-size: 18pt;\">La nature puissante de l\u2019Ain<\/span><\/h2><h3>La g\u00e9ographie vari\u00e9e et ses parcs naturels<\/h3><p>Le d\u00e9partement de l\u2019Ain se distingue par sa g\u00e9ographie diversifi\u00e9e, allant de plaines fertiles \u00e0 des <a href=\"https:\/\/cparici.com\/fr\/montagnes-et-massifs-montagneux-en-france\/\">montagnes<\/a>, attirant ainsi les passionn\u00e9s de nature. On y trouve quatre zones g\u00e9ographiques principales : la Bresse et la Dombes \u00e0 l\u2019ouest, qui sont des plaines riches, et le Bugey ainsi que le Pays de Gex \u00e0 l\u2019est, caract\u00e9ris\u00e9s par leur appartenance au massif montagneux du Jura.<\/p><p>Le cr\u00eat de la Neige, point culminant \u00e0 1 720 m\u00e8tres d\u2019altitude, offre des panoramas \u00e9poustouflants sur le territoire. Les vall\u00e9es et cluses du Jura, avec leur relief accident\u00e9, contrastent fortement avec les \u00e9tendues planes de la Bresse et de la Dombes. La diversit\u00e9 du terrain est renforc\u00e9e par des cours d\u2019eau majeurs tels que l\u2019Ain, la Sa\u00f4ne et le Rh\u00f4ne, qui enrichissent la r\u00e9gion en habitats naturels vari\u00e9s pour la faune et la flore.<\/p><p>Au c\u0153ur de cette diversit\u00e9 se trouve le <a href=\"https:\/\/cparici.com\/fr\/parcs-naturels-regionaux-en-france\/\">Parc naturel r\u00e9giona<\/a>l du Haut-Jura, v\u00e9ritable joyau naturel proposant <a href=\"https:\/\/cparici.com\/fr\/forets-de-france\/\">for\u00eats<\/a>, prairies et \u00e9tangs. Ce parc est un paradis pour les amateurs de randonn\u00e9e, de p\u00eache et d\u2019observation des oiseaux, offrant une immersion totale dans la splendeur naturelle de l\u2019Ain.<\/p><h3>La faune et la flore embl\u00e9matiques<\/h3><p>L\u2019Ain est un sanctuaire pour une <a href=\"https:\/\/cparici.com\/fr\/biodiversite-en-france\/\">faune et une flore<\/a> uniques, t\u00e9moignant de la richesse de ses \u00e9cosyst\u00e8mes. Les plaines de la Bresse et de la Dombes sont c\u00e9l\u00e8bres pour leur volaille de prestige, comme le poulet de Bresse, tandis que les \u00e9tangs de la Dombes servent d\u2019habitat \u00e0 une multitude d\u2019esp\u00e8ces d\u2019oiseaux et de poissons.<\/p><p>Les montagnes du Jura offrent refuge \u00e0 divers mammif\u00e8res et oiseaux, tels que le cerf, le chevreuil et l\u2019aigle royal, dans leurs for\u00eats denses de conif\u00e8res et de feuillus. Cette couverture foresti\u00e8re cr\u00e9e un environnement propice \u00e0 une faune abondante et vari\u00e9e.<\/p><p>Quant \u00e0 la flore de l\u2019Ain, elle est tout aussi remarquable avec des esp\u00e8ces adapt\u00e9es \u00e0 chaque milieu. Des plantes rares et end\u00e9miques peuplent les prairies et les for\u00eats du Jura, tandis que les plaines se parent de cultures et de prairies verdoyantes. La diversit\u00e9 des plantes enrichit consid\u00e9rablement la beaut\u00e9 et la biodiversit\u00e9 de la r\u00e9gion.<\/p><h2><span style=\"font-size: 18pt;\">Patrimoine et lieux d\u2019int\u00e9r\u00eat dans l\u2019Ain<\/span><\/h2><h3>Monuments historiques et mus\u00e9es<\/h3><p>L\u2019Ain abrite un patrimoine architectural et culturel remarquable, avec environ 400 <a href=\"https:\/\/cparici.com\/fr\/les-monuments-historiques-en-france\/\">monuments historiques<\/a> prot\u00e9g\u00e9s, dont un tiers sont des \u00e9difices publics. Le Monast\u00e8re royal de Brou \u00e0 Bourg-en-Bresse est un chef-d\u2019\u0153uvre de l\u2019architecture, \u00e0 ne pas manquer.<\/p><p>\u00c9rig\u00e9 au d\u00e9but du XVIe si\u00e8cle \u00e0 la demande de Marguerite d\u2019Autriche, ce joyau du gothique flamboyant se compose d\u2019une \u00e9glise, de trois clo\u00eetres et d\u2019un mus\u00e9e des Beaux-Arts.<\/p><p>La commune de P\u00e9rouges, class\u00e9e parmi les plus beaux villages de France, offre une immersion dans le pass\u00e9. Situ\u00e9e sur une colline, cette ancienne forteresse m\u00e9di\u00e9vale d\u00e9voile une vue imprenable sur la plaine de l\u2019Ain et la Dombes. Ses ruelles pav\u00e9es et maisons d\u2019\u00e9poque invitent \u00e0 une escapade historique et charmante.<\/p><p>Pour en savoir plus sur <strong>les plus beaux villages de France<\/strong>, <a href=\"https:\/\/cparici.com\/fr\/plus-beau-village-de-france\/\">lisez notre article d\u00e9taill\u00e9 ici.<\/a><\/p><p>Le d\u00e9partement est \u00e9galement riche de <a href=\"https:\/\/cparici.com\/fr\/chateaux-en-france\/\">ch\u00e2teaux<\/a>, \u00e9glises et sites industriels vari\u00e9s, t\u00e9moignant de la diversit\u00e9 de son h\u00e9ritage. Des lieux comme le Ch\u00e2teau de Voltaire \u00e0 Ferney-Voltaire et l\u2019\u00c9glise Saint-Martin \u00e0 Buellas illustrent cette richesse.<\/p><p>Les <a href=\"https:\/\/cparici.com\/fr\/musees-en-france\/\">mus\u00e9es<\/a> de l\u2019Ain, \u00e0 l\u2019instar du Mus\u00e9e des Beaux-Arts du Monast\u00e8re royal de Brou, plongent les visiteurs dans l\u2019histoire et l\u2019art r\u00e9gional. Ces espaces culturels exposent des collections allant de l\u2019art m\u00e9di\u00e9val \u00e0 l\u2019art contemporain.<\/p><h3>Activit\u00e9s et loisirs en plein air<\/h3><p>L\u2019Ain est un \u00e9den pour les passionn\u00e9s de nature et d\u2019activit\u00e9s en plein air. Les montagnes du Jura proposent des <a href=\"https:\/\/cparici.com\/fr\/les-meilleures-randonnees-en-france-guide\/\">randonn\u00e9es<\/a>, du <a href=\"https:\/\/cparici.com\/fr\/ski-en-france-guide\/\">ski<\/a> et divers sports d\u2019hiver, tandis que les plaines de la Bresse et de la Dombes sont parfaites pour la p\u00eache, le cyclisme et l\u2019<a href=\"https:\/\/cparici.com\/fr\/equitation-guide-france\/\">\u00e9quitation<\/a>.<\/p><p>Le Parc naturel r\u00e9gional du Haut-Jura est un espace privil\u00e9gi\u00e9 pour d\u00e9couvrir la faune et la flore locales.<\/p><p>Avec plus de 1 000 \u00e9tangs, la Dombes est une <a href=\"https:\/\/cparici.com\/fr\/zones-humides-en-france\/\">zone humide<\/a> qui constitue cr\u00e9e un habitat unique pour de nombreuses esp\u00e8ces d\u2019oiseaux et de poissons, offrant des activit\u00e9s comme la p\u00eache et l\u2019observation de la nature. Les cluses et vall\u00e9es jurassiennes sont aussi pris\u00e9es pour la sp\u00e9l\u00e9ologie et l\u2019escalade.<\/p><p>Des villages et communes tels que Saint-Cur\u00e9 d\u2019Ars et Ars-sur-Formans organisent des visites guid\u00e9es et \u00e9v\u00e9nements culturels en plein air, permettant aux visiteurs de d\u00e9couvrir l\u2019histoire et les traditions locales dans un cadre naturellement magnifique.<\/p><h2>Conclusion<\/h2><h3>Synth\u00e8se de l\u2019importance historique et naturelle de l\u2019Ain<\/h3><p><em>L\u2019Ain se distingue par son riche h\u00e9ritage historique et ses merveilles naturelles<\/em>, constituant une destination unique pour les visiteurs. Ce d\u00e9partement se d\u00e9marque par son patrimoine architectural et culturel remarquable, sa g\u00e9ographie diversifi\u00e9e, et ses espaces verts prot\u00e9g\u00e9s. Il repr\u00e9sente une v\u00e9ritable p\u00e9pite fran\u00e7aise gr\u00e2ce \u00e0 ses monuments embl\u00e9matiques, ses mus\u00e9es captivants, et ses sites naturels d\u2019exception tels que le Parc naturel r\u00e9gional du Haut-Jura et les \u00e9tangs de la Dombes, en faisant un lieu privil\u00e9gi\u00e9 pour les passionn\u00e9s d\u2019histoire et de nature.<\/p><h3>Invitation \u00e0 explorer le d\u00e9partement<\/h3><p>Partez \u00e0 la d\u00e9couverte de l\u2019Ain et laissez-vous s\u00e9duire par la vari\u00e9t\u00e9 de ses paysages et la richesse de son patrimoine. Entre randonn\u00e9es dans les montagnes du Jura, exploration de villages m\u00e9di\u00e9vaux comme P\u00e9rouges, et d\u00e9couverte des joyaux culturels tels que le Monast\u00e8re royal de Brou, l\u2019Ain promet des moments m\u00e9morables. Ce d\u00e9partement vous accueille \u00e0 bras ouverts, pr\u00eat \u00e0 vous r\u00e9v\u00e9ler les splendeurs et les r\u00e9cits fascinants de cette r\u00e9gion d\u2019exception.<\/p><h2><span style=\"font-size: 18pt;\">FAQ<\/span><\/h2><h3>Quelle est la plus belle ville de l\u2019Ain ?<\/h3><p>Bourg-en-Bresse est souvent cit\u00e9e comme la plus belle ville de l\u2019Ain, c\u00e9l\u00e8bre pour son riche patrimoine historique. Elle abrite des joyaux comme la cath\u00e9drale de Brou et le monast\u00e8re royal de Brou, des attractions incontournables pour les visiteurs. La ville s\u00e9duit par son harmonieux m\u00e9lange de charme m\u00e9di\u00e9val et de touches de modernit\u00e9, offrant une exp\u00e9rience de visite des plus agr\u00e9ables.<\/p><h3>Quelles sont les plus grandes villes du d\u00e9partement de l\u2019Ain ?<\/h3><p>Bourg-en-Bresse, la pr\u00e9fecture, et Oyonnax se distinguent comme les plus grandes villes de l\u2019Ain. Bourg-en-Bresse, au-del\u00e0 d\u2019\u00eatre la ville la plus peupl\u00e9e, est le c\u0153ur administratif du d\u00e9partement. Oyonnax, quant \u00e0 elle, est reconnue pour son industrie significative. Parmi les autres villes importantes, on compte Amb\u00e9rieu-en-Bugey et Gex.<\/p><h3>O\u00f9 la rivi\u00e8re d\u2019Ain prend sa source ?<\/h3><p>La source de la rivi\u00e8re d\u2019Ain se trouve dans le massif du Jura, pr\u00e9cis\u00e9ment dans le d\u00e9partement du Jura, en France. Elle \u00e9merge \u00e0 une altitude avoisinant les 700 m\u00e8tres, s\u2019\u00e9coulant ensuite vers le sud-est pour finalement rejoindre le Rh\u00f4ne.<\/p><h3>O\u00f9 se trouve l\u2019Ain ?<\/h3><p>Situ\u00e9 dans la r\u00e9gion Auvergne-Rh\u00f4ne-Alpes, au sud-est de la France, l\u2019Ain partage ses fronti\u00e8res avec les d\u00e9partements de l\u2019Is\u00e8re, de la Savoie, de la Haute-Savoie, du Jura et de Sa\u00f4ne-et-Loire. Sa pr\u00e9fecture est Bourg-en-Bresse.<\/p>\t\t\t\t\t\t\t\t<\/div>\n\t\t\t\t\t<\/div>\n\t\t\t\t<\/div>\n\t\t\t\t<\/div>\n\t\t","protected":false},"excerpt":{"rendered":"<p>Plongez dans l&#8217;histoire et la beaut\u00e9 naturelle du d\u00e9partement de l&#8217;Ain. D\u00e9couvrez ses sites embl\u00e9matiques, ses traditions et les meilleures activit\u00e9s \u00e0 faire. Visitez l&#8217;Ain et d\u00e9couvrez ses tr\u00e9sors.<\/p>\n","protected":false},"author":1,"featured_media":43238,"comment_status":"closed","ping_status":"open","sticky":false,"template":"elementor_header_footer","format":"standard","meta":{"ngg_post_thumbnail":0,"footnotes":""},"categories":[1504,1167,2563,477],"tags":[883],"class_list":["post-43237","post","type-post","status-publish","format-standard","has-post-thumbnail","hentry","category-ain","category-auvergne-rhone-alpes","category-departement-de-france","category-france","tag-departement"],"_links":{"self":[{"href":"https:\/\/cparici.com\/fr\/wp-json\/wp\/v2\/posts\/43237","targetHints":{"allow":["GET"]}}],"collection":[{"href":"https:\/\/cparici.com\/fr\/wp-json\/wp\/v2\/posts"}],"about":[{"href":"https:\/\/cparici.com\/fr\/wp-json\/wp\/v2\/types\/post"}],"author":[{"embeddable":true,"href":"https:\/\/cparici.com\/fr\/wp-json\/wp\/v2\/users\/1"}],"replies":[{"embeddable":true,"href":"https:\/\/cparici.com\/fr\/wp-json\/wp\/v2\/comments?post=43237"}],"version-history":[{"count":0,"href":"https:\/\/cparici.com\/fr\/wp-json\/wp\/v2\/posts\/43237\/revisions"}],"wp:featuredmedia":[{"embeddable":true,"href":"https:\/\/cparici.com\/fr\/wp-json\/wp\/v2\/media\/43238"}],"wp:attachment":[{"href":"https:\/\/cparici.com\/fr\/wp-json\/wp\/v2\/media?parent=43237"}],"wp:term":[{"taxonomy":"category","embeddable":true,"href":"https:\/\/cparici.com\/fr\/wp-json\/wp\/v2\/categories?post=43237"},{"taxonomy":"post_tag","embeddable":true,"href":"https:\/\/cparici.com\/fr\/wp-json\/wp\/v2\/tags?post=43237"}],"curies":[{"name":"wp","href":"https:\/\/api.w.org\/{rel}","templated":true}]}}