{"id":43269,"date":"2024-09-06T20:59:39","date_gmt":"2024-09-06T18:59:39","guid":{"rendered":"https:\/\/cparici.com\/?p=43269"},"modified":"2025-03-29T20:10:15","modified_gmt":"2025-03-29T19:10:15","slug":"gard-departement","status":"publish","type":"post","link":"https:\/\/cparici.com\/fr\/gard-departement\/","title":{"rendered":"Gard &#8211; un patrimoine exceptionnel"},"content":{"rendered":"\t\t<div data-elementor-type=\"wp-post\" data-elementor-id=\"43269\" class=\"elementor elementor-43269\" data-elementor-post-type=\"post\">\n\t\t\t\t<div class=\"elementor-element elementor-element-edf1734 e-con-full e-flex e-con e-parent\" data-id=\"edf1734\" data-element_type=\"container\" data-e-type=\"container\">\n\t\t\t\t<div class=\"elementor-element elementor-element-895b5c5 elementor-widget elementor-widget-image\" data-id=\"895b5c5\" data-element_type=\"widget\" data-e-type=\"widget\" data-widget_type=\"image.default\">\n\t\t\t\t\t\t\t\t\t\t\t\t\t\t\t<img decoding=\"async\" width=\"1500\" height=\"530\" src=\"https:\/\/cparici.com\/wp-content\/uploads\/2024\/09\/Gard-departement.jpg\" class=\"attachment-full size-full wp-image-43270\" alt=\"Gard - d\u00e9partement\" srcset=\"https:\/\/cparici.com\/wp-content\/uploads\/2024\/09\/Gard-departement.jpg 1500w, https:\/\/cparici.com\/wp-content\/uploads\/2024\/09\/Gard-departement-600x212.jpg 600w, https:\/\/cparici.com\/wp-content\/uploads\/2024\/09\/Gard-departement-300x106.jpg 300w, https:\/\/cparici.com\/wp-content\/uploads\/2024\/09\/Gard-departement-1024x362.jpg 1024w, https:\/\/cparici.com\/wp-content\/uploads\/2024\/09\/Gard-departement-768x271.jpg 768w\" sizes=\"(max-width: 1500px) 100vw, 1500px\" \/>\t\t\t\t\t\t\t\t\t\t\t\t\t\t\t<\/div>\n\t\t\t\t<\/div>\n\t\t<div class=\"elementor-element elementor-element-72836b4 e-flex e-con-boxed e-con e-parent\" data-id=\"72836b4\" data-element_type=\"container\" data-e-type=\"container\">\n\t\t\t\t\t<div class=\"e-con-inner\">\n\t\t\t\t<div class=\"elementor-element elementor-element-ea72f39 elementor-widget elementor-widget-global elementor-global-62046 elementor-widget-eael-advanced-search\" data-id=\"ea72f39\" data-element_type=\"widget\" data-e-type=\"widget\" data-widget_type=\"eael-advanced-search.default\">\n\t\t\t\t\t        <div class=\"eael-adv-search-wrapper\">\n            <div id=\"eael-advanced-search-widget-ea72f39\" class=\"eael-advanced-search-widget\">\n                <form data-settings=\"{&quot;post_per_page&quot;:5,&quot;search_among_taxonomies&quot;:&quot;&quot;,&quot;search_among_sku&quot;:&quot;no&quot;,&quot;show_popular_keyword&quot;:0,&quot;show_category&quot;:0,&quot;show_content_image&quot;:1,&quot;show_search_result_all_results&quot;:0,&quot;result_on_new_tab&quot;:&quot;no&quot;,&quot;show_product_price&quot;:&quot;no&quot;,&quot;include_current_page&quot;:&quot;no&quot;,&quot;current_post_id&quot;:43269,&quot;post_type&quot;:[&quot;post&quot;,&quot;listing&quot;]}\" method=\"POST\" name=\"eael-advanced-search-form-ea72f39\" class=\"eael-advanced-search-form eael-advanced-search-form-style-2\">\n                    <div class=\"eael-advanced-search-wrap\">\n                        <span class=\"eael-adv-search-loader\"><\/span>\n                        <span class=\"eael-adv-search-close\"><i class=\"fas fa-times\"><\/i><\/span>\n                        <span class=\"icon \"><i class=\"fas fa-search\"><\/i><\/span>\n\n                        <input type=\"text\"\n                               placeholder=\"Votre destination\"\n                               class=\"eael-advanced-search\" autocomplete=\"off\" name=\"eael_advanced_search\">\n                    <\/div>\n\t\t\t\t\t                                    <\/form>\n\n\t\t\t\t\n\t\t\t\t        <div class=\"eael-advanced-search-result\">\n            <div class=\"eael-advanced-search-popular-keyword\">\n\t\t\t\t<h4 class=\"eael-advanced-search-popular-keyword-text\">Recherches populaires<\/h4>                <div class=\"eael-popular-keyword-content\"><\/div>\n            <\/div>\n            <div class=\"eael-advanced-search-category\">\n\t\t\t\t<h4 class=\"eael-advanced-search-category-text\">Categories<\/h4>                <div class=\"eael-popular-category-content\"><\/div>\n            <\/div>\n\t\t\t<div class=\"eael-advanced-search-total-results-section\">\n\t\t\t\t\t\t\t<\/div>\n            <div class=\"eael-advanced-search-content eael-item-style-3\">\n            <\/div>\n            <div class=\"eael-advanced-search-not-found\">\n                <p>Pas de r\u00e9sultats<\/p><\/div>\n            <div class=\"eael-advanced-search-load-more\">\n\t\t\t\t<a \tclass=\"eael-advanced-search-load-more-button\"\n                \thref=\"#\">Voir tous les r\u00e9sultats<\/a>\n            <\/div>\n        <\/div>\n\n\t\t            <\/div>\n        <\/div>\n\n\t\t\t\t\t\t<\/div>\n\t\t\t\t\t<\/div>\n\t\t\t\t<\/div>\n\t\t<div class=\"elementor-element elementor-element-4d7b4308 e-flex e-con-boxed e-con e-parent\" data-id=\"4d7b4308\" data-element_type=\"container\" data-e-type=\"container\">\n\t\t\t\t\t<div class=\"e-con-inner\">\n\t\t\t\t<div class=\"elementor-element elementor-element-6190d0d7 elementor-widget elementor-widget-text-editor\" data-id=\"6190d0d7\" data-element_type=\"widget\" data-e-type=\"widget\" data-widget_type=\"text-editor.default\">\n\t\t\t\t\t\t\t\t\t<h1 style=\"text-align: center;\"><span style=\"font-size: 18pt;\">Le Gard, d\u00e9partement<\/span><\/h1><p>Situ\u00e9 au c\u0153ur de la <a href=\"https:\/\/cparici.com\/fr\/13-regions-de-france-le-guide\/\">r\u00e9gion<\/a> <a href=\"https:\/\/cparici.com\/fr\/occitanie\/\">Occitanie<\/a>, le <strong>Gard<\/strong> est un <a href=\"https:\/\/cparici.com\/fr\/departements-francais-carte-de-france\/\">d\u00e9partement<\/a> qui incarne un m\u00e9lange parfait de <a href=\"https:\/\/cparici.com\/fr\/patrimoine-de-france\/\">patrimoine<\/a> historique, de merveilles naturelles et d\u2019attractions touristiques. Nich\u00e9 entre la splendeur de la mer M\u00e9diterran\u00e9e et les majestueuses montagnes des C\u00e9vennes, il propose un \u00e9ventail de paysages diversifi\u00e9s, tous charg\u00e9s d\u2019histoire. De N\u00eemes, une ville empreinte de l\u2019histoire romaine avec ses impressionnantes ar\u00e8nes et le mausol\u00e9e des Antonins, \u00e0 Uz\u00e8s et ses charmantes ruelles m\u00e9di\u00e9vales, chaque coin du Gard regorge de tr\u00e9sors cach\u00e9s \u00e0 explorer.<\/p><p>Le Gard est aussi reconnu pour le Pont du Gard, un chef-d\u2019\u0153uvre d\u2019ing\u00e9nierie romaine class\u00e9 au <a href=\"https:\/\/cparici.com\/fr\/patrimoine-mondial-de-l-unesco-en-france\/\">Patrimoine Mondial de l\u2019Humanit\u00e9 par l\u2019UNESCO<\/a>. Entre les spectaculaires gorges du Gardon, la myst\u00e9rieuse Camargue et les pittoresques villages perch\u00e9s, le Gard vous invite \u00e0 un voyage inoubliable \u00e0 travers sa beaut\u00e9 saisissante et son authenticit\u00e9 pr\u00e9serv\u00e9e.<\/p><h2><span style=\"font-size: 18pt;\">Explorer le riche patrimoine historique et culturel du Gard<\/span><\/h2><h3>Le Pont du Gard, une merveille de l\u2019antiquit\u00e9<\/h3><p>Depuis son inscription au Patrimoine Mondial de l\u2019UNESCO en 1985, le Pont du Gard se distingue comme un symbole phare de l\u2019ing\u00e9niosit\u00e9 architecturale romaine. \u00c9rig\u00e9 au 1er si\u00e8cle apr\u00e8s J\u00e9sus-Christ, ce pont-<a href=\"https:\/\/cparici.com\/fr\/aqueducs-en-france\/\">aqueduc<\/a> \u00e0 trois niveaux illustre la ma\u00eetrise exceptionnelle des ing\u00e9nieurs de l\u2019\u00e9poque, permettant \u00e0 l\u2019aqueduc de N\u00eemes de franchir le Gardon. Sa r\u00e9alisation, fruit du travail acharn\u00e9 de mille personnes durant pr\u00e8s de cinq ans, refl\u00e8te la grandeur et les ambitions de l\u2019Empire romain.<\/p><p>Pour en savoir plus sur le Pont du Gard, <a href=\"https:\/\/cparici.com\/fr\/pont-du-gard\/\">lisez notre article d\u00e9taill\u00e9 ici.<\/a><\/p><h3>N\u00eemes, la Rome fran\u00e7aise<\/h3><p>Connue sous le nom de \u00ab Rome fran\u00e7aise \u00bb, N\u00eemes se pare d\u2019un riche h\u00e9ritage historique et culturel. La ville brille par ses monuments romains tels que les ar\u00e8nes, le mausol\u00e9e des Antonins et la Maison Carr\u00e9e, qui t\u00e9moignent de l\u2019influence romaine pr\u00e9gnante dans cette r\u00e9gion. Ces \u00e9difices, remarquablement pr\u00e9serv\u00e9s, nous ouvrent une fen\u00eatre sur le quotidien et les traditions de l\u2019Antiquit\u00e9.<\/p><p>Le festival de N\u00eemes met \u00e0 l\u2019honneur la culture et l\u2019<a href=\"https:\/\/cparici.com\/fr\/histoire-de-france\/\">histoire<\/a> locales \u00e0 travers des \u00e9v\u00e9nements culturels et des spectacles en plein air, soulignant la vivacit\u00e9 de son patrimoine.<\/p><h3>Les f\u00eates traditionnelles et la culture vivante du Gard<\/h3><p>Le Gard se distingue par sa richesse en traditions et en culture. La ville d\u2019Uz\u00e8s, par exemple, est le th\u00e9\u00e2tre de <a href=\"https:\/\/cparici.com\/fr\/festivals-en-france\/\">festivals<\/a> et d\u2019\u00e9v\u00e9nements culturels c\u00e9l\u00e9brant son h\u00e9ritage historique et architectural. Les courses camarguaises \u00e0 Saint-Gilles et au Grau-du-Roi incarnent la culture <a href=\"https:\/\/cparici.com\/fr\/la-provence\/\">proven\u00e7ale<\/a>, tandis que les march\u00e9s et foires locales sont des occasions uniques de d\u00e9couvrir les sp\u00e9cialit\u00e9s et les traditions culinaires de la r\u00e9gion.<\/p><p>En outre, les villages perch\u00e9s tels que Saint-Laurent-d\u2019Aigouze et Bagnols-sur-C\u00e8ze enrichissent le patrimoine culturel du d\u00e9partement avec leurs ruelles m\u00e9di\u00e9vales et leurs monuments historiques.<\/p><h2><span style=\"font-size: 18pt;\">La beaut\u00e9 naturelle du Gard : entre terre et mer<\/span><\/h2><h3>Les C\u00e9vennes, un paradis pour les randonneurs<\/h3><p>Les C\u00e9vennes, nich\u00e9es dans le nord-est du Gard, offrent un panorama vari\u00e9 et spectaculaire pour les passionn\u00e9s de la nature et de <a href=\"https:\/\/cparici.com\/fr\/les-meilleures-randonnees-en-france-guide\/\">randonn\u00e9e<\/a>. Ce massif montagneux renferme pr\u00e8s de 5 000 km de sentiers balis\u00e9s, permettant aux randonneurs de tout niveau d\u2019explorer des <a href=\"https:\/\/cparici.com\/fr\/paysages-en-france\/\">paysages<\/a> magnifiques, des plateaux d\u00e9sertiques aux for\u00eats de ch\u00e2taigniers, sans oublier les rivi\u00e8res sauvages et les falaises de calcaire.<\/p><p>Les parcours disponibles incluent des circuits de plusieurs jours, tels que le chemin de Stevenson (GR\u00ae70) et le chemin Urbain V (GR\u00ae670), ainsi que des itin\u00e9raires plus courts, accessibles en bus, pour une exploration facilit\u00e9e de cette r\u00e9gion class\u00e9e au Patrimoine Mondial de l\u2019UNESCO.<\/p><p>Pour en savoir plus sur les sentiers de grande randonn\u00e9e, <a href=\"https:\/\/cparici.com\/fr\/sentiers-de-grande-randonnee-en-france\/\">lisez notre article d\u00e9di\u00e9 ici.<\/a><\/p><h3>La Camargue Gardoise, entre terre sauvage et traditions<\/h3><p>La Camargue, principalement localis\u00e9e dans les <a href=\"https:\/\/cparici.com\/fr\/bouches-du-rhone\/\">Bouches-du-Rh\u00f4ne<\/a>, s\u2019\u00e9tire aussi au sud du Gard, d\u00e9voilant un espace naturel exceptionnel. Cette zone est renomm\u00e9e pour ses chevaux de Camargue, ses taureaux et ses flamants roses, vivant dans un \u00e9cosyst\u00e8me pr\u00e9cieux et pr\u00e9serv\u00e9. Les visiteurs peuvent s\u2019immerger dans cette nature sauvage via des activit\u00e9s telles que les courses camarguaises \u00e0 Saint-Gilles et au Grau-du-Roi, c\u00e9l\u00e9brant les traditions proven\u00e7ales et la culture r\u00e9gionale.<\/p><h3>Les gorges du Gardon, un havre de paix aquatique<\/h3><p>Proches d\u2019Uz\u00e8s, les gorges du Gardon se r\u00e9v\u00e8lent \u00eatre un refuge de tranquillit\u00e9 et de beaut\u00e9 naturelle. Ce lieu propose des vues impressionnantes sur des falaises de calcaire, des eaux transparentes et une flore abondante.<\/p><p>Les amateurs de randonn\u00e9e peuvent parcourir les gorges \u00e0 pied ou en <a href=\"https:\/\/cparici.com\/fr\/kayak-canoe-kayak\/\">cano\u00eb<\/a>, d\u00e9couvrant les vestiges des Moulins de la Foux et la r\u00e9surgence de la Vis, tout en b\u00e9n\u00e9ficiant de panoramas exceptionnels.<\/p><h2>Activit\u00e9s et tourisme : profitez d\u2019un s\u00e9jour dynamique<\/h2><h3>Sports et aventures en plein air<\/h3><p>D\u00e9couvrez le Gard, un terrain de jeu id\u00e9al pour les amateurs de sports et d\u2019aventures en plein air. Explorez les C\u00e9vennes, un paradis pour les randonneurs et les cyclistes, gr\u00e2ce \u00e0 leurs paysages diversifi\u00e9s et leurs sentiers. Embarquez sur le train \u00e0 vapeur des C\u00e9vennes pour une d\u00e9couverte pittoresque et relaxante de la vall\u00e9e des Gardons. Pour les plus t\u00e9m\u00e9raires, les gorges du Gardon offrent des exp\u00e9riences exaltantes en cano\u00eb ou en kayak. La Camargue, quant \u00e0 elle, invite \u00e0 l\u2019aventure \u00e0 cheval ou en 4\u00d74 \u00e0 travers ses terres sauvages.<\/p><h3>D\u00e9gustation des produits locaux et <a href=\"https:\/\/cparici.com\/fr\/gastronomie-en-france-cuisine-francaise\/\">gastronomie<\/a><\/h3><p>Renomm\u00e9 pour sa gastronomie riche, le Gard c\u00e9l\u00e8bre les produits locaux. Savourez des sp\u00e9cialit\u00e9s comme le P\u00e9lardon, un <a href=\"https:\/\/cparici.com\/fr\/fromages-de-france\/\">fromage<\/a> de ch\u00e8vre authentique, et explorez les <a href=\"https:\/\/cparici.com\/fr\/marches-en-france-guide\/\">march\u00e9s<\/a> locaux pour une immersion dans les saveurs de la r\u00e9gion. Les villages d\u2019Uz\u00e8s et de Saint-Gilles sont des hauts lieux de d\u00e9gustation de vins et de plats traditionnels proven\u00e7aux, offrant une v\u00e9ritable exp\u00e9rience culinaire.<\/p><h3>Ev\u00e9nements et festivals, l\u2019\u00e2me festive du Gard<\/h3><p>Le Gard vibre au rythme d\u2019\u00e9v\u00e9nements et de festivals tout au long de l\u2019ann\u00e9e, refl\u00e9tant sa culture riche et vivante. Le festival de N\u00eemes, par exemple, c\u00e9l\u00e8bre la musique, le th\u00e9\u00e2tre et les arts visuels avec des spectacles en plein air. Les courses camarguaises \u00e0 Saint-Gilles et \u00e0 Grau-du-Roi illustrent la culture proven\u00e7ale. Les villages comme Uz\u00e8s et Aigues-Mortes s\u2019animent de f\u00eates traditionnelles et de march\u00e9s nocturnes, offrant une atmosph\u00e8re festive et chaleureuse.<\/p><h2><span style=\"font-size: 18pt;\">Conclusion<\/span><\/h2><p>Le Gard se distingue par son patrimoine historique impressionnant, sa beaut\u00e9 naturelle captivante et ses activit\u00e9s diversifi\u00e9es, faisant de lui un tr\u00e9sor inestimable de la r\u00e9gion Occitanie. Il invite \u00e0 l\u2019\u00e9merveillement et \u00e0 l\u2019aventure, du Pont du Gard, monument de majest\u00e9, aux \u00e9tendues sauvages de la Camargue, sans oublier les villages pittoresques et les f\u00eates traditionnelles qui jalonnent son territoire. Le Gard promet des d\u00e9couvertes enrichissantes, que vous soyez passionn\u00e9 d\u2019histoire, amoureux de la nature ou fervent des traditions.<\/p><p>Ne manquez donc pas l\u2019occasion de planifier votre visite pour explorer les tr\u00e9sors que rec\u00e8le ce d\u00e9partement d\u2019exception.<\/p><h2><span style=\"font-size: 18pt;\">FAQ<\/span><\/h2><h3>Quelle est la plus belle ville du Gard ?<\/h3><p>N\u00eemes est souvent cit\u00e9e comme la plus belle ville du Gard, c\u00e9l\u00e8bre pour son riche h\u00e9ritage historique et architectural. Parmi ses joyaux, on trouve les Ar\u00e8nes de N\u00eemes, la Maison Carr\u00e9e et le Pont du Gard, class\u00e9 au patrimoine mondial de l\u2019UNESCO. La ville est \u00e9galement un carrefour de la culture romaine et proven\u00e7ale, offrant un cadre unique.<\/p><h3>Quelles sont les grandes villes dans le Gard ?<\/h3><p>Les principales villes du Gard sont N\u00eemes, Al\u00e8s, et Bagnols-sur-C\u00e8ze. N\u00eemes, si\u00e8ge de la pr\u00e9fecture, est renomm\u00e9e pour ses impressionnants monuments romains, notamment les Ar\u00e8nes de N\u00eemes et la Maison Carr\u00e9e. Al\u00e8s joue un r\u00f4le cl\u00e9 en tant que ville majeure, et Bagnols-sur-C\u00e8ze se distingue comme un centre \u00e9conomique et culturel important.<\/p><h3>Quel est le num\u00e9ro du d\u00e9partement du Gard ?<\/h3><p>Le Gard porte le num\u00e9ro 30.<\/p><h3>Quels sont les atouts touristiques du Gard ?<\/h3><p>Le Gard regorge d\u2019attractions touristiques remarquables, comme le Pont du Gard, un monument antique inscrit au patrimoine mondial de l\u2019UNESCO, les fascinantes grottes de Trabuc, le village m\u00e9di\u00e9val de Saint-Gilles, et les idylliques plages de la Camargue. Le d\u00e9partement se caract\u00e9rise par une diversit\u00e9 de paysages, des plaines de la Camargue aux montagnes des C\u00e9vennes, enrichi d\u2019une histoire culturelle et architecturale dense.<\/p>\t\t\t\t\t\t\t\t<\/div>\n\t\t\t\t\t<\/div>\n\t\t\t\t<\/div>\n\t\t\t\t<\/div>\n\t\t","protected":false},"excerpt":{"rendered":"<p>Voyagez dans le Gard et d\u00e9couvrez un patrimoine historique unique, un tourisme dynamique et une nature \u00e9poustouflante. Ne manquez pas les merveilles de cette r\u00e9gion fran\u00e7aise.<\/p>\n","protected":false},"author":1,"featured_media":43270,"comment_status":"closed","ping_status":"open","sticky":false,"template":"elementor_header_footer","format":"standard","meta":{"ngg_post_thumbnail":0,"footnotes":""},"categories":[1371,2563,477,1165],"tags":[883],"class_list":["post-43269","post","type-post","status-publish","format-standard","has-post-thumbnail","hentry","category-gard-occitanie","category-departement-de-france","category-france","category-occitanie","tag-departement"],"_links":{"self":[{"href":"https:\/\/cparici.com\/fr\/wp-json\/wp\/v2\/posts\/43269","targetHints":{"allow":["GET"]}}],"collection":[{"href":"https:\/\/cparici.com\/fr\/wp-json\/wp\/v2\/posts"}],"about":[{"href":"https:\/\/cparici.com\/fr\/wp-json\/wp\/v2\/types\/post"}],"author":[{"embeddable":true,"href":"https:\/\/cparici.com\/fr\/wp-json\/wp\/v2\/users\/1"}],"replies":[{"embeddable":true,"href":"https:\/\/cparici.com\/fr\/wp-json\/wp\/v2\/comments?post=43269"}],"version-history":[{"count":0,"href":"https:\/\/cparici.com\/fr\/wp-json\/wp\/v2\/posts\/43269\/revisions"}],"wp:featuredmedia":[{"embeddable":true,"href":"https:\/\/cparici.com\/fr\/wp-json\/wp\/v2\/media\/43270"}],"wp:attachment":[{"href":"https:\/\/cparici.com\/fr\/wp-json\/wp\/v2\/media?parent=43269"}],"wp:term":[{"taxonomy":"category","embeddable":true,"href":"https:\/\/cparici.com\/fr\/wp-json\/wp\/v2\/categories?post=43269"},{"taxonomy":"post_tag","embeddable":true,"href":"https:\/\/cparici.com\/fr\/wp-json\/wp\/v2\/tags?post=43269"}],"curies":[{"name":"wp","href":"https:\/\/api.w.org\/{rel}","templated":true}]}}