{"id":43286,"date":"2024-09-07T07:48:41","date_gmt":"2024-09-07T05:48:41","guid":{"rendered":"https:\/\/cparici.com\/?p=43286"},"modified":"2025-03-27T06:06:24","modified_gmt":"2025-03-27T05:06:24","slug":"col-du-tourmalet","status":"publish","type":"post","link":"https:\/\/cparici.com\/fr\/col-du-tourmalet\/","title":{"rendered":"Col du Tourmalet &#8211; un col c\u00e9l\u00e8bre en cyclisme"},"content":{"rendered":"\t\t<div data-elementor-type=\"wp-post\" data-elementor-id=\"43286\" class=\"elementor elementor-43286\" data-elementor-post-type=\"post\">\n\t\t\t\t<div class=\"elementor-element elementor-element-0322776 e-flex e-con-boxed e-con e-parent\" data-id=\"0322776\" data-element_type=\"container\" data-e-type=\"container\">\n\t\t\t\t\t<div class=\"e-con-inner\">\n\t\t\t\t<div class=\"elementor-element elementor-element-21444ec elementor-widget elementor-widget-image\" data-id=\"21444ec\" data-element_type=\"widget\" data-e-type=\"widget\" data-widget_type=\"image.default\">\n\t\t\t\t\t\t\t\t\t\t\t\t\t\t\t<img decoding=\"async\" width=\"1500\" height=\"530\" src=\"https:\/\/cparici.com\/wp-content\/uploads\/2024\/09\/col-du-tourmalet-cyclisme.jpg\" class=\"attachment-full size-full wp-image-43287\" alt=\"col du tourmalet - cyclisme\" srcset=\"https:\/\/cparici.com\/wp-content\/uploads\/2024\/09\/col-du-tourmalet-cyclisme.jpg 1500w, https:\/\/cparici.com\/wp-content\/uploads\/2024\/09\/col-du-tourmalet-cyclisme-600x212.jpg 600w, https:\/\/cparici.com\/wp-content\/uploads\/2024\/09\/col-du-tourmalet-cyclisme-300x106.jpg 300w, https:\/\/cparici.com\/wp-content\/uploads\/2024\/09\/col-du-tourmalet-cyclisme-1024x362.jpg 1024w, https:\/\/cparici.com\/wp-content\/uploads\/2024\/09\/col-du-tourmalet-cyclisme-768x271.jpg 768w\" sizes=\"(max-width: 1500px) 100vw, 1500px\" \/>\t\t\t\t\t\t\t\t\t\t\t\t\t\t\t<\/div>\n\t\t\t\t\t<\/div>\n\t\t\t\t<\/div>\n\t\t<div class=\"elementor-element elementor-element-52d4affe e-flex e-con-boxed e-con e-parent\" data-id=\"52d4affe\" data-element_type=\"container\" data-e-type=\"container\">\n\t\t\t\t\t<div class=\"e-con-inner\">\n\t\t\t\t<div class=\"elementor-element elementor-element-433cae33 elementor-widget elementor-widget-text-editor\" data-id=\"433cae33\" data-element_type=\"widget\" data-e-type=\"widget\" data-widget_type=\"text-editor.default\">\n\t\t\t\t\t\t\t\t\t<h1 style=\"text-align: center;\"><span style=\"font-size: 18pt;\"><strong>Col du Tourmalet<\/strong><\/span><\/h1><p>Le <strong>Col du Tourmalet<\/strong>, situ\u00e9 au c\u0153ur des <a href=\"https:\/\/cparici.com\/fr\/pyrenees-montagne\/\"><strong>Pyr\u00e9n\u00e9es fran\u00e7aises<\/strong><\/a>, est un v\u00e9ritable monument pour les amateurs de cyclisme, de randonn\u00e9e et d\u2019histoire. Perch\u00e9 \u00e0 2 115 m\u00e8tres d\u2019altitude, il est non seulement un point culminant de la route des Pyr\u00e9n\u00e9es, mais aussi un t\u00e9moin de l\u2019histoire du <strong>Tour de France<\/strong> et des \u00e9v\u00e9nements marquants de la r\u00e9gion. Dans cet article, nous allons explorer son histoire, son lien avec le cyclisme, les possibilit\u00e9s de randonn\u00e9es et les lieux \u00e0 d\u00e9couvrir aux alentours. Pour les visiteurs <a href=\"https:\/\/cparici.com\/fr\/visiter-la-france-guide-des-regions-et-sites-touristiques\/\">du <strong>pays<\/strong><\/a>, le Col du Tourmalet est un incontournable.<\/p><h2><span style=\"font-size: 18pt;\">Col du Tourmalet \u2013 Qu\u2019est-ce qu\u2019un col en montagne ?<\/span><\/h2><p>Un <strong>col<\/strong> est un passage naturel entre deux montagnes, souvent utilis\u00e9 pour franchir une cha\u00eene montagneuse. Dans les <strong>Pyr\u00e9n\u00e9es<\/strong>, de nombreux cols permettent aux voyageurs de traverser cette r\u00e9gion montagneuse. Ces passages, situ\u00e9s \u00e0 haute altitude, offrent des vues spectaculaires et sont souvent le th\u00e9\u00e2tre de d\u00e9fis sportifs comme le cyclisme ou la randonn\u00e9e. Le <strong>Col du Tourmalet<\/strong>, en particulier, est l\u2019un des plus c\u00e9l\u00e8bres en raison de son altitude et de sa difficult\u00e9.<\/p><h3>La situation g\u00e9ographique du Col du Tourmalet<\/h3><p>Le <strong>Col du Tourmalet<\/strong> se trouve dans le <a href=\"https:\/\/cparici.com\/fr\/departements-francais-carte-de-france\/\">d\u00e9partement<\/a> des Hautes-Pyr\u00e9n\u00e9es, en r\u00e9gion <strong>Occitanie<\/strong>. Il est localis\u00e9 entre les vall\u00e9es de Campan \u00e0 l\u2019est et de Bar\u00e8ges \u00e0 l\u2019ouest. Ce col est accessible par la <strong>route d\u00e9partementale 918<\/strong> et offre un panorama exceptionnel sur les montagnes environnantes. En hiver, la route est souvent ferm\u00e9e en raison de la neige, mais elle devient une destination privil\u00e9gi\u00e9e d\u00e8s le printemps pour les cyclistes et les randonneurs.<\/p><h3>Le Col du Tourmalet et l\u2019Histoire de France<\/h3><p>Au-del\u00e0 de son importance g\u00e9ographique, le <strong>Col du Tourmalet<\/strong> est aussi un lieu charg\u00e9 d\u2019histoire. Utilis\u00e9 depuis des si\u00e8cles pour le commerce et les d\u00e9placements, il a vu passer d\u2019innombrables voyageurs. Durant la Seconde Guerre mondiale, le col a m\u00eame jou\u00e9 un r\u00f4le dans les r\u00e9seaux de r\u00e9sistance, permettant de faire passer des informations et des personnes entre la France occup\u00e9e et l\u2019Espagne.<\/p><h2><span style=\"font-size: 18pt;\">Le Col du Tourmalet et le Tour de France<\/span><\/h2><p>Le <strong>Col du Tourmalet<\/strong> est indissociable de la l\u00e9gende du <strong>Tour de France<\/strong>. Ce col a \u00e9t\u00e9 gravi pour la premi\u00e8re fois en 1910 lors de l\u2019\u00e9dition du Tour, et depuis, il est devenu un classique incontournable. En fait, il est le col le plus franchi de l\u2019histoire de la course avec plus de 80 passages \u00e0 ce jour.<\/p><h3>Vainqueurs et anecdotes<\/h3><p>Parmi les cyclistes ayant marqu\u00e9 l\u2019histoire du Tour au <strong>Col du Tourmalet<\/strong>, on compte des l\u00e9gendes comme <strong>Eddy Merckx<\/strong> ou <strong>Fausto Coppi<\/strong>. Une anecdote c\u00e9l\u00e8bre raconte que lors du premier passage en 1910, Octave Lapize, ext\u00e9nu\u00e9, avait qualifi\u00e9 les organisateurs de \u00ab criminels \u00bb en raison de la difficult\u00e9 de l\u2019ascension. Ce qui est s\u00fbr, c\u2019est que ce col est devenu un symbole de courage et de d\u00e9termination pour les cyclistes du monde entier.<\/p><h3>Randonn\u00e9es et balades au Col du Tourmalet<\/h3><p>Pour ceux qui souhaitent explorer le <strong>Tourmalet<\/strong> \u00e0 pied, de nombreux sentiers de <a href=\"https:\/\/cparici.com\/fr\/les-meilleures-randonnees-en-france-guide\/\">randonn\u00e9e<\/a> permettent de d\u00e9couvrir cette r\u00e9gion sauvage et spectaculaire. Parmi les parcours les plus populaires, on trouve :<\/p><ul><li><strong>La randonn\u00e9e du Pic du Midi de Bigorre<\/strong> : Un itin\u00e9raire qui m\u00e8ne \u00e0 l\u2019observatoire du Pic du Midi, offrant une vue imprenable sur la cha\u00eene des Pyr\u00e9n\u00e9es.<\/li><li><strong>Le sentier des <a href=\"https:\/\/cparici.com\/fr\/lacs-de-france\/\">lacs<\/a> d\u2019Isaby<\/strong> : Cette randonn\u00e9e facile permet de d\u00e9couvrir les magnifiques lacs de montagne situ\u00e9s non loin du col.<\/li><li><strong>Le GR10<\/strong> : Ce c\u00e9l\u00e8bre sentier de grande randonn\u00e9e traverse le col et permet de marcher d\u2019une vall\u00e9e \u00e0 l\u2019autre.<\/li><\/ul><p>Ces balades offrent des panoramas exceptionnels sur les Pyr\u00e9n\u00e9es et permettent de s\u2019impr\u00e9gner de la beaut\u00e9 sauvage de cette r\u00e9gion.<\/p><h3>Les sites et communes \u00e0 visiter autour du Tourmalet<\/h3><p>Autour du <strong>Col du Tourmalet<\/strong>, plusieurs villages et sites m\u00e9ritent le d\u00e9tour :<\/p><ul><li><strong>Bar\u00e8ges<\/strong> : Cette petite station thermale est situ\u00e9e \u00e0 l\u2019ouest du col et propose des bains relaxants apr\u00e8s une journ\u00e9e de randonn\u00e9e ou de v\u00e9lo.<\/li><li><strong>La Mongie<\/strong> : C\u00e9l\u00e8bre station de ski en hiver, elle est le point de d\u00e9part pour acc\u00e9der au <strong>Pic du Midi<\/strong> en t\u00e9l\u00e9ph\u00e9rique.<\/li><li><strong>Campan<\/strong> : Un charmant village au patrimoine riche, notamment connu pour ses c\u00e9l\u00e8bres \u00ab mounaques \u00bb, des poup\u00e9es artisanales.<\/li><\/ul><p>Le <strong>Pic du Midi de Bigorre<\/strong>, accessible depuis le col, est l\u2019une des attractions majeures de la r\u00e9gion. Il abrite un observatoire astronomique et un mus\u00e9e d\u00e9di\u00e9 aux sciences de l\u2019espace. \u00c0 une altitude de 2 877 m\u00e8tres, il offre une vue \u00e0 couper le souffle sur les Pyr\u00e9n\u00e9es.<\/p><h2><span style=\"font-size: 18pt;\">Foire Aux Questions<\/span><\/h2><h3>Pourquoi le Col du Tourmalet est-il c\u00e9l\u00e8bre ?<\/h3><p>Le <strong>Col du Tourmalet<\/strong> est mondialement connu pour \u00eatre l\u2019un des cols les plus gravis dans l\u2019histoire du <strong>Tour de France<\/strong>. Sa difficult\u00e9 et son altitude en font un d\u00e9fi majeur pour les cyclistes.<\/p><h3>Quelle est la meilleure p\u00e9riode pour visiter le Col\u00a0 ?<\/h3><p>La meilleure p\u00e9riode pour visiter le <strong>Col du Tourmalet<\/strong> est de juin \u00e0 septembre, lorsque la neige a fondu et que la route est ouverte aux v\u00e9hicules.<\/p><h3>Est-il possible de faire du v\u00e9lo au Col du Tourmalet ?<\/h3><p>Oui, le <strong>Col du Tourmalet<\/strong> est un d\u00e9fi de taille pour les cyclistes. De nombreux passionn\u00e9s de cyclisme s\u2019y rendent chaque \u00e9t\u00e9 pour se mesurer \u00e0 cette ascension l\u00e9gendaire.<\/p><h3>Quelles randonn\u00e9es peut-on faire autour du Tourmalet?<\/h3><p>Il existe plusieurs sentiers autour du col, dont la mont\u00e9e au <strong>Pic du Midi de Bigorre<\/strong> et les lacs d\u2019Isaby. Le <strong><a href=\"https:\/\/cparici.com\/fr\/sentiers-de-grande-randonnee-en-france\/\">GR<\/a>10<\/strong> est \u00e9galement une option pour les randonneurs confirm\u00e9s.<\/p><h3>Quelles villes visiter autour du Tourmalet ?<\/h3><p>Les villes de <strong>Bar\u00e8ges<\/strong>, <strong>La Mongie<\/strong> et <strong>Campan<\/strong> sont des points de d\u00e9part id\u00e9aux pour explorer la r\u00e9gion du <strong>Col du Tourmalet<\/strong>.<\/p><h3>Conclusion<\/h3><p>Le <strong>Col du Tourmalet<\/strong> est bien plus qu\u2019un simple col de montagne. Il est un symbole de d\u00e9fi pour les cyclistes, un lieu riche en histoire, et une porte d\u2019entr\u00e9e vers les merveilles naturelles des <strong>Pyr\u00e9n\u00e9es<\/strong>. Que vous soyez passionn\u00e9 de randonn\u00e9e, de v\u00e9lo, ou simplement \u00e0 la recherche d\u2019une escapade paisible en pleine nature, le <strong>Col du Tourmalet<\/strong> saura vous s\u00e9duire.<\/p><p>Pour en savoir plus sur l\u2019histoire des Pyr\u00e9n\u00e9es, consultez <a href=\"https:\/\/fr.wikipedia.org\/wiki\/Tourmalet\" target=\"_new\" rel=\"noopener\">cet article<\/a>.<\/p>\t\t\t\t\t\t\t\t<\/div>\n\t\t\t\t\t<\/div>\n\t\t\t\t<\/div>\n\t\t\t\t<\/div>\n\t\t","protected":false},"excerpt":{"rendered":"<p>D\u00e9couvrez le Col du Tourmalet, c\u00e9l\u00e8bre col pyr\u00e9n\u00e9en, son histoire, ses liens avec le Tour de France et les randonn\u00e9es incontournables \u00e0 faire.<\/p>\n","protected":false},"author":1,"featured_media":43287,"comment_status":"closed","ping_status":"open","sticky":false,"template":"elementor_header_footer","format":"standard","meta":{"ngg_post_thumbnail":0,"footnotes":""},"categories":[1512,477,1165],"tags":[1513,1358,1357],"class_list":["post-43286","post","type-post","status-publish","format-standard","has-post-thumbnail","hentry","category-hautes-pyrenees","category-france","category-occitanie","tag-col-de-montagne","tag-massif-montagneux","tag-montagne"],"_links":{"self":[{"href":"https:\/\/cparici.com\/fr\/wp-json\/wp\/v2\/posts\/43286","targetHints":{"allow":["GET"]}}],"collection":[{"href":"https:\/\/cparici.com\/fr\/wp-json\/wp\/v2\/posts"}],"about":[{"href":"https:\/\/cparici.com\/fr\/wp-json\/wp\/v2\/types\/post"}],"author":[{"embeddable":true,"href":"https:\/\/cparici.com\/fr\/wp-json\/wp\/v2\/users\/1"}],"replies":[{"embeddable":true,"href":"https:\/\/cparici.com\/fr\/wp-json\/wp\/v2\/comments?post=43286"}],"version-history":[{"count":0,"href":"https:\/\/cparici.com\/fr\/wp-json\/wp\/v2\/posts\/43286\/revisions"}],"wp:featuredmedia":[{"embeddable":true,"href":"https:\/\/cparici.com\/fr\/wp-json\/wp\/v2\/media\/43287"}],"wp:attachment":[{"href":"https:\/\/cparici.com\/fr\/wp-json\/wp\/v2\/media?parent=43286"}],"wp:term":[{"taxonomy":"category","embeddable":true,"href":"https:\/\/cparici.com\/fr\/wp-json\/wp\/v2\/categories?post=43286"},{"taxonomy":"post_tag","embeddable":true,"href":"https:\/\/cparici.com\/fr\/wp-json\/wp\/v2\/tags?post=43286"}],"curies":[{"name":"wp","href":"https:\/\/api.w.org\/{rel}","templated":true}]}}