{"id":43323,"date":"2024-09-09T22:23:08","date_gmt":"2024-09-09T20:23:08","guid":{"rendered":"https:\/\/cparici.com\/?p=43323"},"modified":"2025-03-27T06:17:39","modified_gmt":"2025-03-27T05:17:39","slug":"port-vendres","status":"publish","type":"post","link":"https:\/\/cparici.com\/fr\/port-vendres\/","title":{"rendered":"Port Vendres &#8211; Un joyau de la C\u00f4te Vermeille"},"content":{"rendered":"\t\t<div data-elementor-type=\"wp-post\" data-elementor-id=\"43323\" class=\"elementor elementor-43323\" data-elementor-post-type=\"post\">\n\t\t\t\t<div class=\"elementor-element elementor-element-26bd1ca e-flex e-con-boxed e-con e-parent\" data-id=\"26bd1ca\" data-element_type=\"container\" data-e-type=\"container\">\n\t\t\t\t\t<div class=\"e-con-inner\">\n\t\t\t\t<div class=\"elementor-element elementor-element-65eb17c elementor-widget elementor-widget-image\" data-id=\"65eb17c\" data-element_type=\"widget\" data-e-type=\"widget\" data-widget_type=\"image.default\">\n\t\t\t\t\t\t\t\t\t\t\t\t\t\t\t<img decoding=\"async\" width=\"1500\" height=\"530\" src=\"https:\/\/cparici.com\/wp-content\/uploads\/2024\/09\/port-vendres.jpg\" class=\"attachment-full size-full wp-image-43338\" alt=\"port vendres\" srcset=\"https:\/\/cparici.com\/wp-content\/uploads\/2024\/09\/port-vendres.jpg 1500w, https:\/\/cparici.com\/wp-content\/uploads\/2024\/09\/port-vendres-600x212.jpg 600w, https:\/\/cparici.com\/wp-content\/uploads\/2024\/09\/port-vendres-300x106.jpg 300w, https:\/\/cparici.com\/wp-content\/uploads\/2024\/09\/port-vendres-1024x362.jpg 1024w, https:\/\/cparici.com\/wp-content\/uploads\/2024\/09\/port-vendres-768x271.jpg 768w\" sizes=\"(max-width: 1500px) 100vw, 1500px\" \/>\t\t\t\t\t\t\t\t\t\t\t\t\t\t\t<\/div>\n\t\t\t\t\t<\/div>\n\t\t\t\t<\/div>\n\t\t<div class=\"elementor-element elementor-element-5caa346c e-flex e-con-boxed e-con e-parent\" data-id=\"5caa346c\" data-element_type=\"container\" data-e-type=\"container\">\n\t\t\t\t\t<div class=\"e-con-inner\">\n\t\t\t\t<div class=\"elementor-element elementor-element-404ad43f elementor-widget elementor-widget-text-editor\" data-id=\"404ad43f\" data-element_type=\"widget\" data-e-type=\"widget\" data-widget_type=\"text-editor.default\">\n\t\t\t\t\t\t\t\t\t<h1 style=\"text-align: center;\"><span style=\"font-size: 18pt;\"><strong>Port Vendres<\/strong><\/span><\/h1><p><strong>Port Vendres<\/strong>, situ\u00e9 dans les <strong>Pyr\u00e9n\u00e9es-Orientales<\/strong>, en <a href=\"https:\/\/cparici.com\/fr\/13-regions-de-france-le-guide\/\">r\u00e9gion<\/a> <a href=\"https:\/\/cparici.com\/fr\/occitanie\/\">Occitanie<\/a>, est une charmante ville portuaire \u00e0 l&#8217;histoire riche et aux paysages spectaculaires. Ce port naturel, ancr\u00e9 entre mer et montagnes, a su conserver son authenticit\u00e9 et offre une escapade parfaite pour les amoureux de la nature, de la mer et de la culture catalane, et <a href=\"https:\/\/cparici.com\/fr\/visiter-la-france-guide-des-regions-et-sites-touristiques\/\">du pays<\/a>.<\/p><h2><span style=\"font-size: 18pt;\">Situation g\u00e9ographique de Port Vendres et communes environnantes<\/span><\/h2><p>Port-Vendres se trouve sur la <strong>C\u00f4te Vermeille<\/strong>, \u00e0 seulement quelques kilom\u00e8tres de la fronti\u00e8re <a href=\"https:\/\/cparici.com\/fr\/espagne\/\">espagnole<\/a>, entour\u00e9 de villes pittoresques telles que <strong>Collioure<\/strong> et <strong>Banyuls-sur-Mer<\/strong>. Situ\u00e9 au sud de <strong>Perpignan<\/strong>, la ville est bien desservie par le r\u00e9seau de trains r\u00e9gionaux et est \u00e0 moins de 30 minutes de la M\u00e9diterran\u00e9e. Cette r\u00e9gion est r\u00e9put\u00e9e pour ses vignobles en terrasses et ses criques cach\u00e9es\u200b<\/p><h3>Monuments et sites \u00e0 visiter<\/h3><p>Port-Vendres est un v\u00e9ritable mus\u00e9e \u00e0 ciel ouvert, avec plusieurs monuments historiques \u00e0 d\u00e9couvrir. Parmi les incontournables :<\/p><ul><li><strong>L&#8217;Ob\u00e9lisque de Louis XVI<\/strong>, \u00e9rig\u00e9 au XVIIIe si\u00e8cle, tr\u00f4ne fi\u00e8rement sur la place \u00e9ponyme.<\/li><li>Le <strong>Fort B\u00e9ar<\/strong> et le <strong>Phare du Cap B\u00e9ar<\/strong>, qui offrent une vue panoramique exceptionnelle sur la M\u00e9diterran\u00e9e. La randonn\u00e9e vers ces sites permet d\u2019admirer des paysages \u00e9poustouflants entre mer et montagnes\u200b<span class=\"whitespace-nowrap text-token-text-secondary dark:text-token-text-tertiary\">(<\/span><\/li><li><strong>La Redoute du Fanal<\/strong>, un fort de Vauban qui veille sur l&#8217;entr\u00e9e du port\u200b <span class=\"whitespace-nowrap text-token-text-secondary dark:text-token-text-tertiary\">(<\/span>Ces monuments illustrent l&#8217;importance strat\u00e9gique de Port-Vendres au fil des si\u00e8cles.<\/li><\/ul><h3>Activit\u00e9s culturelles et sportives a Port Vendres<\/h3><p>Les visiteurs peuvent s&#8217;immerger dans une multitude d&#8217;activit\u00e9s. Du c\u00f4t\u00e9 culturel, la ville abrite le <strong>Centre d&#8217;interpr\u00e9tation Charles Rennie Mackintosh<\/strong>, d\u00e9di\u00e9 au c\u00e9l\u00e8bre artiste \u00e9cossais qui a pass\u00e9 plusieurs ann\u00e9es dans la r\u00e9gion\u200b<\/p><div class=\"inline-flex max-w-full\">Les amateurs d&#8217;histoire maritime peuvent visiter le <strong><a href=\"https:\/\/cparici.com\/fr\/musees-en-france\/\">Mus\u00e9e<\/a> de la Maison du Marin<\/strong>, retra\u00e7ant le pass\u00e9 de p\u00eache de la ville. Pour une exp\u00e9rience plus ludique, le <strong>petit train touristique<\/strong> vous fera d\u00e9couvrir les recoins cach\u00e9s de la ville\u200b<\/div><div>\u00a0<\/div><h3>Les <a href=\"https:\/\/cparici.com\/fr\/les-meilleures-randonnees-en-france-guide\/\">randonn\u00e9es<\/a> \u00e0 Port-Vendres<\/h3><p>La r\u00e9gion est un paradis pour les randonneurs, avec des sentiers offrant des vues imprenables sur la mer. Le <strong>sentier du <a href=\"https:\/\/cparici.com\/fr\/littoral-francais\/\">littoral<\/a><\/strong> m\u00e8ne \u00e0 la c\u00e9l\u00e8bre baie de <strong>Paulilles<\/strong>, une ancienne fabrique de dynamite reconvertie en site naturel prot\u00e9g\u00e9\u200b<\/p><p>La <strong>randonn\u00e9e vers le Cap B\u00e9ar<\/strong> est un must pour les amoureux de la nature, avec des vues sur les vignobles en terrasses et la c\u00f4te escarp\u00e9e\u200b<\/p><h2>Port Vendres &#8211; Informations pratiques<\/h2><p>La commune est facilement accessible en train et en voiture depuis Perpignan. Le climat m\u00e9diterran\u00e9en en fait une destination agr\u00e9able toute l&#8217;ann\u00e9e, mais les mois d&#8217;\u00e9t\u00e9 sont particuli\u00e8rement pris\u00e9s pour les activit\u00e9s nautiques comme la plong\u00e9e et la p\u00eache\u200b<\/p><h3>Restaurants \u00e0 Port-Vendres<\/h3><p>Port-Vendres est \u00e9galement une destination <a href=\"https:\/\/cparici.com\/fr\/gastronomie-en-france-cuisine-francaise\/\">gastronomique<\/a>. Les restaurants du port proposent une cuisine m\u00e9diterran\u00e9enne mettant \u00e0 l&#8217;honneur les produits de la mer et les sp\u00e9cialit\u00e9s catalanes. Parmi les adresses \u00e0 ne pas manquer :<\/p><ul><li><strong>Le Poisson Rouge<\/strong>, r\u00e9put\u00e9 pour ses fruits de mer frais et ses plats locaux.<\/li><li><strong>La C\u00f4te Vermeille<\/strong>, avec sa terrasse offrant une vue imprenable sur le port\u200b<\/li><\/ul><h3>H\u00f4tels \u00e0 Port-Vendres<\/h3><p>Pour votre s\u00e9jour, plusieurs h\u00f4tels charmants sont disponibles. <strong>Les Jardins du C\u00e8dre<\/strong>, situ\u00e9 sur les hauteurs, propose un cadre paisible avec piscine et vue sur la mer. <strong>L\u2019H\u00f4tel Les Charmettes<\/strong> est une autre option, offrant un acc\u00e8s facile aux plages et aux sentiers de randonn\u00e9e\u200b<\/p><h3>D\u00e9couverte du d\u00e9partement et de la r\u00e9gion<\/h3><p>Port-Vendres fait partie du <strong>d\u00e9partement des Pyr\u00e9n\u00e9es-Orientales<\/strong>, une r\u00e9gion riche en histoire et en nature, situ\u00e9e dans l&#8217;ancienne province du <strong>Roussillon<\/strong>. La r\u00e9gion est c\u00e9l\u00e8bre pour ses vignobles, ses plages, et ses montagnes, offrant une diversit\u00e9 incroyable de paysages et d&#8217;activit\u00e9s\u200b<\/p><h3>FAQ sur Port-Vendres<\/h3><h4>1. Quelles sont les principales attractions de Port-Vendres ?<\/h4><p>Les monuments historiques comme l&#8217;Ob\u00e9lisque, le Fort B\u00e9ar, et la Redoute du Fanal sont incontournables.<\/p><h4>2. Quelles activit\u00e9s nautiques peut-on faire dans la ville ?<\/h4><p>La plong\u00e9e sous-marine, la p\u00eache au gros, et les excursions en bateau sont populaires.<\/p><h4>3. O\u00f9 peut-on faire de la randonn\u00e9e pr\u00e8s de Port-Vendres ?<\/h4><p>Le sentier du littoral et les randonn\u00e9es vers le Cap B\u00e9ar offrent des vues spectaculaires.<\/p><h4>4. Quels sont les meilleurs restaurants\u00a0 ?<\/h4><p>Le Poisson Rouge et La C\u00f4te Vermeille sont tr\u00e8s appr\u00e9ci\u00e9s pour leur cuisine locale et leurs fruits de mer.<\/p><h4>5. Peut-on visiter des vignobles pr\u00e8s de Port-Vendres ?<\/h4><p>Oui, la r\u00e9gion est r\u00e9put\u00e9e pour ses vignobles en terrasses, notamment autour de Banyuls-sur-Mer.<\/p><h4>6. Quelles sont les plages proches de la commune ?<\/h4><p>Les plages de Paulilles et de Bernardi sont \u00e0 quelques kilom\u00e8tres du centre-ville.<\/p><h4>7. Y a-t-il des \u00e9v\u00e9nements culturels dans la commune ?<\/h4><p>Oui, les f\u00eates de la Saint-Jean et la f\u00eate des p\u00eacheurs sont des moments forts de l&#8217;ann\u00e9e.<\/p><h4>8. Comment se rendre \u00e0 Port-Vendres ?<\/h4><p>La ville est accessible en train via la ligne r\u00e9gionale Perpignan-Portbou et en voiture par la route D914.<\/p><h4>10. Quelle est la meilleure p\u00e9riode pour visiter Port-Vendres ?<\/h4><p>L&#8217;\u00e9t\u00e9 est id\u00e9al pour les activit\u00e9s nautiques, mais le printemps et l&#8217;automne sont parfaits pour les randonn\u00e9es.<\/p><h3>Conclusion<\/h3><p>Port-Vendres est une destination unique sur la C\u00f4te Vermeille, offrant un m\u00e9lange parfait de nature, de culture et de gastronomie. Que vous soyez amateur de randonn\u00e9es, de plages ou de d\u00e9couvertes historiques, cette ville saura vous s\u00e9duire avec ses multiples facettes.<\/p><p>Pour plus d&#8217;informations sur cette magnifique ville, consultez la page Wikip\u00e9dia sur <strong>la C\u00f4te Vermeille<\/strong> <a href=\"https:\/\/fr.wikipedia.org\/wiki\/C%C3%B4te_Vermeille\" target=\"_new\" rel=\"noopener\">ici<\/a>.<\/p>\t\t\t\t\t\t\t\t<\/div>\n\t\t\t\t\t<\/div>\n\t\t\t\t<\/div>\n\t\t\t\t<\/div>\n\t\t","protected":false},"excerpt":{"rendered":"<p>D\u00e9couvrez Port Vendres, une destination unique sur la C\u00f4te Vermeille en Occitanie, un m\u00e9lange parfait de nature, de culture et de gastronomie<\/p>\n","protected":false},"author":1,"featured_media":43338,"comment_status":"closed","ping_status":"open","sticky":false,"template":"elementor_header_footer","format":"standard","meta":{"ngg_post_thumbnail":0,"footnotes":""},"categories":[1525,477,1165,1485],"tags":[1002,906],"class_list":["post-43323","post","type-post","status-publish","format-standard","has-post-thumbnail","hentry","category-port-vendres","category-france","category-occitanie","category-pyrenees-orientales","tag-littoral","tag-ville"],"_links":{"self":[{"href":"https:\/\/cparici.com\/fr\/wp-json\/wp\/v2\/posts\/43323","targetHints":{"allow":["GET"]}}],"collection":[{"href":"https:\/\/cparici.com\/fr\/wp-json\/wp\/v2\/posts"}],"about":[{"href":"https:\/\/cparici.com\/fr\/wp-json\/wp\/v2\/types\/post"}],"author":[{"embeddable":true,"href":"https:\/\/cparici.com\/fr\/wp-json\/wp\/v2\/users\/1"}],"replies":[{"embeddable":true,"href":"https:\/\/cparici.com\/fr\/wp-json\/wp\/v2\/comments?post=43323"}],"version-history":[{"count":0,"href":"https:\/\/cparici.com\/fr\/wp-json\/wp\/v2\/posts\/43323\/revisions"}],"wp:featuredmedia":[{"embeddable":true,"href":"https:\/\/cparici.com\/fr\/wp-json\/wp\/v2\/media\/43338"}],"wp:attachment":[{"href":"https:\/\/cparici.com\/fr\/wp-json\/wp\/v2\/media?parent=43323"}],"wp:term":[{"taxonomy":"category","embeddable":true,"href":"https:\/\/cparici.com\/fr\/wp-json\/wp\/v2\/categories?post=43323"},{"taxonomy":"post_tag","embeddable":true,"href":"https:\/\/cparici.com\/fr\/wp-json\/wp\/v2\/tags?post=43323"}],"curies":[{"name":"wp","href":"https:\/\/api.w.org\/{rel}","templated":true}]}}