{"id":43389,"date":"2024-09-10T21:30:44","date_gmt":"2024-09-10T19:30:44","guid":{"rendered":"https:\/\/cparici.com\/?p=43389"},"modified":"2026-03-23T16:26:29","modified_gmt":"2026-03-23T15:26:29","slug":"arcais","status":"publish","type":"post","link":"https:\/\/cparici.com\/fr\/arcais\/","title":{"rendered":"Ar\u00e7ais dans le Marais Poitevin"},"content":{"rendered":"\t\t<div data-elementor-type=\"wp-post\" data-elementor-id=\"43389\" class=\"elementor elementor-43389\" data-elementor-post-type=\"post\">\n\t\t\t\t<div class=\"elementor-element elementor-element-03f8c95 e-flex e-con-boxed e-con e-parent\" data-id=\"03f8c95\" data-element_type=\"container\" data-e-type=\"container\">\n\t\t\t\t\t<div class=\"e-con-inner\">\n\t\t\t\t<div class=\"elementor-element elementor-element-2fe0a50 elementor-widget elementor-widget-image\" data-id=\"2fe0a50\" data-element_type=\"widget\" data-e-type=\"widget\" data-widget_type=\"image.default\">\n\t\t\t\t\t\t\t\t\t\t\t\t\t\t\t<img decoding=\"async\" width=\"1500\" height=\"530\" src=\"https:\/\/cparici.com\/wp-content\/uploads\/2024\/09\/arcais.jpg\" class=\"attachment-full size-full wp-image-43390\" alt=\"ar\u00e7ais\" srcset=\"https:\/\/cparici.com\/wp-content\/uploads\/2024\/09\/arcais.jpg 1500w, https:\/\/cparici.com\/wp-content\/uploads\/2024\/09\/arcais-600x212.jpg 600w, https:\/\/cparici.com\/wp-content\/uploads\/2024\/09\/arcais-300x106.jpg 300w, https:\/\/cparici.com\/wp-content\/uploads\/2024\/09\/arcais-1024x362.jpg 1024w, https:\/\/cparici.com\/wp-content\/uploads\/2024\/09\/arcais-768x271.jpg 768w\" sizes=\"(max-width: 1500px) 100vw, 1500px\" \/>\t\t\t\t\t\t\t\t\t\t\t\t\t\t\t<\/div>\n\t\t\t\t\t<\/div>\n\t\t\t\t<\/div>\n\t\t<aside class=\"elementor-element elementor-element-b61f6ea e-flex e-con-boxed e-con e-parent\" data-id=\"b61f6ea\" data-element_type=\"container\" data-e-type=\"container\">\n\t\t\t\t\t<div class=\"e-con-inner\">\n\t\t\t\t<div class=\"elementor-element elementor-element-1bf6944 elementor-widget elementor-widget-global elementor-global-62046 elementor-widget-eael-advanced-search\" data-id=\"1bf6944\" data-element_type=\"widget\" data-e-type=\"widget\" data-widget_type=\"eael-advanced-search.default\">\n\t\t\t\t\t        <div class=\"eael-adv-search-wrapper\">\n            <div id=\"eael-advanced-search-widget-1bf6944\" class=\"eael-advanced-search-widget\">\n                <form data-settings=\"{&quot;post_per_page&quot;:5,&quot;search_among_taxonomies&quot;:&quot;&quot;,&quot;search_among_sku&quot;:&quot;no&quot;,&quot;show_popular_keyword&quot;:0,&quot;show_category&quot;:0,&quot;show_content_image&quot;:1,&quot;show_search_result_all_results&quot;:0,&quot;result_on_new_tab&quot;:&quot;no&quot;,&quot;show_product_price&quot;:&quot;no&quot;,&quot;include_current_page&quot;:&quot;no&quot;,&quot;orderby&quot;:&quot;default&quot;,&quot;order&quot;:&quot;DESC&quot;,&quot;current_post_id&quot;:43389,&quot;post_type&quot;:[&quot;post&quot;,&quot;listing&quot;]}\" method=\"POST\" name=\"eael-advanced-search-form-1bf6944\" class=\"eael-advanced-search-form eael-advanced-search-form-style-2\">\n                    <div class=\"eael-advanced-search-wrap\">\n                        <span class=\"eael-adv-search-loader\"><\/span>\n                        <span class=\"eael-adv-search-close\"><i class=\"fas fa-times\"><\/i><\/span>\n                        <span class=\"icon \"><i class=\"fas fa-search\"><\/i><\/span>\n\n                        <input type=\"text\"\n                               placeholder=\"Votre destination\"\n                               class=\"eael-advanced-search\" autocomplete=\"off\" name=\"eael_advanced_search\">\n                    <\/div>\n\t\t\t\t\t                                    <\/form>\n\n\t\t\t\t\n\t\t\t\t        <div class=\"eael-advanced-search-result\">\n            <div class=\"eael-advanced-search-popular-keyword\">\n\t\t\t\t<h4 class=\"eael-advanced-search-popular-keyword-text\">Recherches populaires<\/h4>                <div class=\"eael-popular-keyword-content\"><\/div>\n            <\/div>\n            <div class=\"eael-advanced-search-category\">\n\t\t\t\t<h4 class=\"eael-advanced-search-category-text\">Categories<\/h4>                <div class=\"eael-popular-category-content\"><\/div>\n            <\/div>\n\t\t\t<div class=\"eael-advanced-search-total-results-section\">\n\t\t\t\t\t\t\t<\/div>\n            <div class=\"eael-advanced-search-content eael-item-style-3\">\n            <\/div>\n            <div class=\"eael-advanced-search-not-found\">\n                <p>Pas de r\u00e9sultats<\/p><\/div>\n            <div class=\"eael-advanced-search-load-more\">\n\t\t\t\t<a \tclass=\"eael-advanced-search-load-more-button\"\n                \thref=\"#\">Voir tous les r\u00e9sultats<\/a>\n            <\/div>\n        <\/div>\n\n\t\t            <\/div>\n        <\/div>\n\n\t\t\t\t\t\t<\/div>\n\t\t\t\t\t<\/div>\n\t\t\t\t<\/aside>\n\t\t<div class=\"elementor-element elementor-element-271d2ecd e-flex e-con-boxed e-con e-parent\" data-id=\"271d2ecd\" data-element_type=\"container\" data-e-type=\"container\">\n\t\t\t\t\t<div class=\"e-con-inner\">\n\t\t\t\t<div class=\"elementor-element elementor-element-303a9657 elementor-widget elementor-widget-text-editor\" data-id=\"303a9657\" data-element_type=\"widget\" data-e-type=\"widget\" data-widget_type=\"text-editor.default\">\n\t\t\t\t\t\t\t\t\t<h1 style=\"text-align: center;\"><span style=\"font-size: 18pt;\"><strong>Ar\u00e7ais<\/strong><\/span><\/h1><p><strong>Ar\u00e7ais<\/strong>, petite commune pittoresque situ\u00e9e au c\u0153ur du <strong>Marais Poitevin<\/strong>, est situ\u00e9e dans le <a href=\"https:\/\/cparici.com\/fr\/departements-francais-carte-de-france\/\">d\u00e9partement<\/a> des <a href=\"https:\/\/cparici.com\/fr\/visiter-les-deux-sevres-guide-des-sites-incontournables\/\"><strong>Deux-S\u00e8vres<\/strong><\/a>. Cette localit\u00e9, nich\u00e9e dans le <strong>\u201cMarais Mouill\u00e9\u201d<\/strong>, attire de nombreux visiteurs chaque ann\u00e9e pour son patrimoine naturel, ses activit\u00e9s en plein air et son ambiance authentique. Situ\u00e9e dans la r\u00e9gion Nouvelle-Aquitaine, cette commune du pays est \u00e9galement un point de d\u00e9part id\u00e9al pour d\u00e9couvrir les environs et profiter pleinement de la nature et de la culture locales.<\/p><p>Pour en savoir plus sur le <a href=\"https:\/\/cparici.com\/fr\/marais-poitevin-une-escapade-incontournable-en-venise-verte\/\">Marais Poitevin, lisez notre article d\u00e9taill\u00e9 ici.<\/a><\/p>\t\t\t\t\t\t\t\t<\/div>\n\t\t\t\t\t<\/div>\n\t\t\t\t<\/div>\n\t\t<aside class=\"elementor-element elementor-element-7aae401c e-flex e-con-boxed e-con e-parent\" data-id=\"7aae401c\" data-element_type=\"container\" data-e-type=\"container\" data-settings=\"{&quot;background_background&quot;:&quot;classic&quot;}\">\n\t\t\t\t\t<div class=\"e-con-inner\">\n\t\t\t\t<div class=\"elementor-element elementor-element-6e2f01cc elementor-widget elementor-widget-spacer\" data-id=\"6e2f01cc\" data-element_type=\"widget\" data-e-type=\"widget\" data-widget_type=\"spacer.default\">\n\t\t\t\t\t\t\t<div class=\"elementor-spacer\">\n\t\t\t<div class=\"elementor-spacer-inner\"><\/div>\n\t\t<\/div>\n\t\t\t\t\t\t<\/div>\n\t\t\t\t<div class=\"elementor-element elementor-element-7fc05c09 elementor-widget elementor-widget-heading\" data-id=\"7fc05c09\" data-element_type=\"widget\" data-e-type=\"widget\" data-widget_type=\"heading.default\">\n\t\t\t\t\t<h2 class=\"elementor-heading-title elementor-size-default\">H\u00e9bergements de Vacances Ar\u00e7ais en direct<\/h2>\t\t\t\t<\/div>\n\t\t\t\t<div class=\"elementor-element elementor-element-fd63ebd elementor-widget elementor-widget-listeo-listings-carousel\" data-id=\"fd63ebd\" data-element_type=\"widget\" data-e-type=\"widget\" data-widget_type=\"listeo-listings-carousel.default\">\n\t\t\t\t<div class=\"elementor-widget-container\">\n\t\t\t\t\t        <!-- Carousel \/ Start -->\n        \t<div class=\"simple-slick-carousel dots-nav\" data-slick='{&quot;autoplay&quot;:true,&quot;autoplaySpeed&quot;:3000,&quot;slidesToShow&quot;:3,&quot;slidesToScroll&quot;:1,&quot;responsive&quot;:[{&quot;breakpoint&quot;:1024,&quot;settings&quot;:{&quot;slidesToShow&quot;:2,&quot;slidesToScroll&quot;:1}},{&quot;breakpoint&quot;:768,&quot;settings&quot;:{&quot;slidesToShow&quot;:1,&quot;slidesToScroll&quot;:1}}]}'>\n                            <div class=\"fw-carousel-item\">                    \n                        <!-- Listing Item -->\r\n            <div class=\"col-lg-6 col-md-12\">\r\n                <a href=\"https:\/\/cparici.com\/fr\/annonce\/maison-dhotes-la-chabanaise-marais-poitevin-2\/\"  class=\"listing-item-container listing-geo-data compact\" \r\n\t\tdata-title=\"MAISON D\u2019H\u00d4TES LA CHABANAISE \u2013 MARAIS POITEVIN\"\r\n\t\tdata-listing-type=\"rental\"\r\n\t\tdata-classifieds-price=\"\u20ac\"\r\n\t\tdata-friendly-address=\"2 rue des vieux moulins\"\r\n\t\tdata-address=\"2 rue des vieux moulins\"\r\n\t\tdata-image=\"https:\/\/cparici.com\/wp-content\/uploads\/2026\/03\/vd40xpnh7r5l1ttmjigf-520x397.jpeg\"\r\n\t\tdata-longitude=\"-0.7070347\"\r\n\t\tdata-latitude=\"46.2158776\"\r\n\t\t\t\t\tdata-rating=\"0\"\r\n\t\t\tdata-reviews=\"0\"\r\n\t\t\t\tdata-icon=\"<svg xmlns=&quot;http:\/\/www.w3.org\/2000\/svg&quot; width=&quot;800px&quot; height=&quot;800px&quot; viewBox=&quot;0 0 45 45&quot; fill=&quot;none&quot;>\n<path d=&quot;M24.155 8.78099L24.33 8.94499L37.402 21.787L36 23.213L34.2 21.445L34.201 35C34.201 36.054 33.385 36.918 32.35 36.994L32.201 37H12.201C11.147 37 10.283 36.184 10.206 35.149L10.201 35L10.2 21.446L8.402 23.213L7 21.787L20.058 8.95799C21.171 7.82199 22.966 7.75899 24.155 8.78099ZM21.569 10.285L21.473 10.372L12.2 19.481L12.201 35L17.2 34.999L17.201 25C17.201 23.946 18.017 23.082 19.052 23.005L19.201 23H25.201C26.255 23 27.119 23.816 27.196 24.851L27.201 25L27.2 34.999L32.201 35L32.2 19.48L22.901 10.344C22.537 9.98699 21.969 9.96499 21.569 10.285ZM25.201 25H19.201L19.2 34.999H25.2L25.201 25Z&quot; fill=&quot;#3C3C3C&quot;\/>\n<\/svg>\"\r\n\r\n\t>\r\n            <div class=\"listing-item  \">\r\n                <div class=\"listing-small-badges-container\">\r\n                                                                <div class=\"listing-small-badge pricing-badge\"><i class=\"fa fa-tag\"><\/i>81,00\u20ac - 90,00\u20ac<\/div>\r\n                                                            \r\n                                        \r\n                                        \r\n                <\/div>\r\n                <img decoding=\"async\" src=\"https:\/\/cparici.com\/wp-content\/uploads\/2026\/03\/vd40xpnh7r5l1ttmjigf-520x397.jpeg\" alt=\"MAISON D\u2019H\u00d4TES LA CHABANAISE \u2013 MARAIS POITEVIN\" class=\"listing-thumbnail\">\r\n                \r\n\r\n                <div class=\"listing-item-content\">\r\n                    \r\n                    <h3> MAISON D\u2019H\u00d4TES LA CHABANAISE \u2013 MARAIS POITEVIN <\/h3>\r\n                    <span>2 rue des vieux moulins<\/span>\r\n                <\/div>\r\n                                        <span class=\"save like-icon tooltip left\" title=\"Connexion pour marquer des \u00e9l\u00e9ments\"><\/span>\r\n                                                <\/div>\r\n        <\/a>\r\n                    <\/div>\r\n        \r\n\r\n        <!-- Listing Item \/ End -->\n                    <\/div>\n                          <\/div>\n        \t\t\t\t<\/div>\n\t\t\t\t<\/div>\n\t\t\t\t\t<\/div>\n\t\t\t\t<\/aside>\n\t\t<div class=\"elementor-element elementor-element-c676114 e-flex e-con-boxed e-con e-parent\" data-id=\"c676114\" data-element_type=\"container\" data-e-type=\"container\">\n\t\t\t\t\t<div class=\"e-con-inner\">\n\t\t\t\t<div class=\"elementor-element elementor-element-96b60fd elementor-widget elementor-widget-text-editor\" data-id=\"96b60fd\" data-element_type=\"widget\" data-e-type=\"widget\" data-widget_type=\"text-editor.default\">\n\t\t\t\t\t\t\t\t\t<h2><span style=\"font-size: 18pt;\">Situation g\u00e9ographique d\u2019Ar\u00e7ais et les communes environnantes<\/span><\/h2><p>Ar\u00e7ais se trouve au sud-ouest du d\u00e9partement des Deux-S\u00e8vres, \u00e0 proximit\u00e9 de la Charente-Maritime. Elle est au c\u0153ur du <strong>Marais Poitevin<\/strong>, une zone naturelle de canaux et de prairies, souvent surnomm\u00e9e la \u201cVenise Verte\u201d. Ce paysage unique en France offre une tranquillit\u00e9 rare et un cadre propice aux promenades.<\/p><p>Les communes voisines incluent <strong>Damvix<\/strong>, <strong>Saint-Hilaire-la-Palud<\/strong> et <strong>Coulon<\/strong>, autre commune embl\u00e9matique du Marais Poitevin. Chacune d\u2019entre elles poss\u00e8de son propre charme et des sites \u00e0 visiter, notamment des \u00e9glises, des ports de plaisance et des circuits de randonn\u00e9e.<\/p><p><a href=\"https:\/\/cparici.com\/fr\/coulon\/\">Lisez notre article sur Coulon ici.<\/a><\/p><h2><span style=\"font-size: 18pt;\">Les monuments et sites \u00e0 visiter \u00e0 Ar\u00e7ais<\/span><\/h2><p>Bien que petite, Ar\u00e7ais regorge de <strong>sites historiques<\/strong> et naturels \u00e0 explorer. Parmi les incontournables :<\/p><ul><li><strong>Le port d\u2019Ar\u00e7ais<\/strong>, vestige de son pass\u00e9 fluvial, est un endroit id\u00e9al pour se promener ou partir en balade en barque sur les canaux.<\/li><li><strong>L\u2019\u00e9glise Saint-Cyr-et-Sainte-Julitte<\/strong>, un \u00e9difice religieux datant du 12e si\u00e8cle, m\u00e9rite une visite pour son architecture simple mais charg\u00e9e d\u2019histoire.<\/li><li>Les maisons traditionnelles du marais, aux fa\u00e7ades blanchies et toits de tuiles, qui refl\u00e8tent l\u2019authenticit\u00e9 de ce village typique du Poitou.<\/li><\/ul><h2><span style=\"font-size: 18pt;\">Les randonn\u00e9es autour d\u2019Ar\u00e7ais<\/span><\/h2><p>Le <strong>Marais Poitevin<\/strong> est un paradis pour les amateurs de <strong><a href=\"https:\/\/cparici.com\/fr\/les-meilleures-randonnees-en-france-guide\/\">randonn\u00e9es<\/a> p\u00e9destres<\/strong> et de balades en v\u00e9lo. De nombreux sentiers balis\u00e9s vous emm\u00e8nent \u00e0 travers les <strong>canaux<\/strong>, les prairies et les bois. Les itin\u00e9raires vous permettront d\u2019observer une riche <a href=\"https:\/\/cparici.com\/fr\/biodiversite-en-france\/\">faune et flore<\/a>, typiques de ce milieu humide. Voici quelques suggestions :<\/p><ul><li>Le <strong>Sentier des Canaux<\/strong>, qui longe les cours d\u2019eau sinueux du marais.<\/li><li>Le <strong>Circuit de la Venise Verte<\/strong>, un parcours de randonn\u00e9e qui relie plusieurs villages du Marais Poitevin.<\/li><li>La <strong>Promenade de la S\u00e8vre<\/strong>, une balade tranquille id\u00e9ale pour toute la famille.<\/li><\/ul><h2><span style=\"font-size: 18pt;\">Activit\u00e9s culturelles et sportives \u00e0 Ar\u00e7ais<\/span><\/h2><p>Ar\u00e7ais propose \u00e9galement des <strong>activit\u00e9s culturelles<\/strong> et <a href=\"https:\/\/cparici.com\/fr\/sports-en-france-guide-complet\/\"><strong>sportives<\/strong><\/a> vari\u00e9es pour les visiteurs. Parmi les plus populaires :<\/p><ul><li><strong>Balades en barque<\/strong> : Vous pouvez louer une barque traditionnelle ou un kayak pour explorer les canaux du marais. Cette activit\u00e9 embl\u00e9matique permet de d\u00e9couvrir le paysage sous un angle diff\u00e9rent.<\/li><li><strong>Expositions et ateliers d\u2019artisans locaux<\/strong> : La commune soutient <a href=\"https:\/\/cparici.com\/fr\/artisanat-local-petits-artisans-en-france\/\">l\u2019artisanat<\/a> et organise des \u00e9v\u00e9nements mettant en avant les cr\u00e9ateurs locaux.<\/li><li><strong><a href=\"https:\/\/cparici.com\/fr\/festivals-en-france\/\">Festivals<\/a> et \u00e9v\u00e9nements<\/strong> : En \u00e9t\u00e9, plusieurs festivals animent le village, avec de la musique traditionnelle, des march\u00e9s et des spectacles en plein air.<\/li><\/ul><h2><span style=\"font-size: 18pt;\">Le cin\u00e9ma \u00e0 Ar\u00e7ais : une exp\u00e9rience locale<\/span><\/h2><p>Le <strong>cin\u00e9ma d\u2019Ar\u00e7ais<\/strong> offre une programmation vari\u00e9e tout au long de l\u2019ann\u00e9e, avec des films r\u00e9cents, des documentaires et des \u0153uvres locales. Situ\u00e9 au c\u0153ur du village, ce cin\u00e9ma est un lieu de rencontre pour les habitants et les visiteurs. Les s\u00e9ances ont lieu principalement le week-end, et les billets sont disponibles \u00e0 un tarif abordable. Un charmant petit cin\u00e9ma \u00e0 taille humaine, id\u00e9al pour une soir\u00e9e apr\u00e8s une journ\u00e9e d\u2019exploration.<\/p><h2><span style=\"font-size: 18pt;\">Les restaurants \u00e0 Ar\u00e7ais : une exp\u00e9rience culinaire authentique<\/span><\/h2><p>Ar\u00e7ais et ses environs offrent de bonnes options pour d\u00e9couvrir la <strong>gastronomie locale<\/strong>. Parmi les restaurants, on peut citer :<\/p><ul><li><strong>Le Relais du Marais<\/strong> : un restaurant traditionnel o\u00f9 l\u2019on peut d\u00e9guster des plats r\u00e9gionaux comme les anguilles en persillade et le farci poitevin.<\/li><li><strong>La Table du Marais<\/strong>, un autre \u00e9tablissement recommand\u00e9 pour sa cuisine faite maison \u00e0 base de produits locaux, avec une belle terrasse en \u00e9t\u00e9.<\/li><\/ul><p>Ces \u00e9tablissements mettent un point d\u2019honneur \u00e0 travailler avec les <strong>producteurs locaux<\/strong>, garantissant des produits frais et de qualit\u00e9.<\/p><h2><span style=\"font-size: 18pt;\">Les h\u00f4tels \u00e0 Ar\u00e7ais : o\u00f9 s\u00e9journer<\/span><\/h2><p>Si vous souhaitez prolonger votre s\u00e9jour \u00e0 Ar\u00e7ais, plusieurs options d\u2019<strong>h\u00e9bergement<\/strong> s\u2019offrent \u00e0 vous :<\/p><ul><li><strong>Le Marais Ch\u00e9ri<\/strong>, une charmante chambre d\u2019h\u00f4tes situ\u00e9e en plein c\u0153ur du village, id\u00e9ale pour un s\u00e9jour romantique ou en famille.<\/li><li><strong>Les G\u00eetes du Marais<\/strong>, parfaits pour ceux qui pr\u00e9f\u00e8rent l\u2019ind\u00e9pendance d\u2019un g\u00eete tout \u00e9quip\u00e9, \u00e0 quelques pas des canaux.<\/li><li><strong>Le Camping des Canaux<\/strong>, une option \u00e9conomique pour les amateurs de plein air, offrant des emplacements pour tentes et caravanes au bord de l\u2019eau.<\/li><\/ul><h2><span style=\"font-size: 18pt;\">Artisanat et cr\u00e9ateurs \u00e0 Ar\u00e7ais<\/span><\/h2><p>Ar\u00e7ais est aussi un village o\u00f9 l\u2019<strong>artisanat<\/strong> et la cr\u00e9ation sont valoris\u00e9s. De nombreux <strong>artisans locaux<\/strong> proposent leurs \u0153uvres, que ce soit des c\u00e9ramiques, des bijoux ou des textiles faits \u00e0 la main. L\u2019\u00e9t\u00e9, des march\u00e9s artisanaux sont r\u00e9guli\u00e8rement organis\u00e9s, o\u00f9 vous pourrez rencontrer les cr\u00e9ateurs et acheter des pi\u00e8ces uniques en souvenir de votre passage.<\/p><h2><span style=\"font-size: 18pt;\">D\u00e9couvrir le d\u00e9partement des Deux-S\u00e8vres et la r\u00e9gion <a href=\"https:\/\/cparici.com\/fr\/nouvelle-aquitaine\/\">Nouvelle-Aquitaine<\/a><\/span><\/h2><p>Le <strong>d\u00e9partement des Deux-S\u00e8vres<\/strong> est connu pour ses paysages vari\u00e9s et son patrimoine riche. Situ\u00e9 dans la r\u00e9gion Nouvelle-Aquitaine, il b\u00e9n\u00e9ficie d\u2019une situation g\u00e9ographique entre la <a href=\"https:\/\/cparici.com\/fr\/visiter-la-vienne-en-france-12-incontournables\/\"><strong>Vienne<\/strong><\/a>, la <a href=\"https:\/\/cparici.com\/fr\/visiter-la-charente-maritime-guide-des-meilleurs-sites-et-activites\/\"><strong>Charente<\/strong><\/a> et la <a href=\"https:\/\/cparici.com\/fr\/vendee\/\"><strong>Vend\u00e9e<\/strong><\/a>, offrant ainsi un large \u00e9ventail de sites \u00e0 visiter et d\u2019activit\u00e9s \u00e0 d\u00e9couvrir. Les amateurs de nature y trouveront leur bonheur, notamment dans le <strong>Marais Poitevin<\/strong> et les vall\u00e9es environnantes.<\/p><h2><span style=\"font-size: 18pt;\">FAQ sur Ar\u00e7ais<\/span><\/h2><h3>O\u00f9 se situe Ar\u00e7ais ?<\/h3><p>Ar\u00e7ais se situe dans le <strong>Marais Poitevin<\/strong>, au sud-ouest du d\u00e9partement des Deux-S\u00e8vres, dans la r\u00e9gion Nouvelle-Aquitaine.<\/p><h3>Comment se rendre \u00e0 Ar\u00e7ais ?<\/h3><p>Vous pouvez rejoindre Ar\u00e7ais en voiture depuis Niort ou La Rochelle. Les gares les plus proches sont celles de Niort et La Rochelle, o\u00f9 des bus desservent la r\u00e9gion.<\/p><h3>Quelles sont les activit\u00e9s \u00e0 faire \u00e0 Ar\u00e7ais ?<\/h3><p>Les activit\u00e9s principales sont les <strong>balades en barque<\/strong>, les <strong>randonn\u00e9es<\/strong> et la d\u00e9couverte du patrimoine local. Il est \u00e9galement possible de visiter des ateliers d\u2019artisans et d\u2019assister \u00e0 des festivals en \u00e9t\u00e9.<\/p><h3>Quels sont les restaurants recommand\u00e9s \u00e0 Ar\u00e7ais ?<\/h3><p>Les restaurants recommand\u00e9s \u00e0 Ar\u00e7ais incluent <strong>Le Relais du Marais<\/strong> et <strong>La Table du Marais<\/strong>, qui proposent des plats traditionnels et des sp\u00e9cialit\u00e9s locales.<\/p><h3>Quels sont les monuments \u00e0 visiter \u00e0 Ar\u00e7ais ?<\/h3><p>Les principaux monuments \u00e0 visiter \u00e0 Ar\u00e7ais sont le <strong>port<\/strong> et l\u2019<strong>\u00e9glise Saint-Cyr-et-Sainte-Julitte<\/strong>, ainsi que les maisons traditionnelles du Marais.<\/p><h3>Y a-t-il des h\u00f4tels \u00e0 Ar\u00e7ais ?<\/h3><p>Oui, il existe plusieurs options d\u2019h\u00e9bergement \u00e0 Ar\u00e7ais, dont des chambres d\u2019h\u00f4tes et des g\u00eetes, ainsi qu\u2019un camping.<\/p><h3>Peut-on louer des barques \u00e0 Ar\u00e7ais ?<\/h3><p>Oui, il est possible de louer des <strong>barques<\/strong> \u00e0 Ar\u00e7ais pour une balade sur les canaux du Marais Poitevin.<\/p><h3>Quelle est la meilleure p\u00e9riode pour visiter Ar\u00e7ais ?<\/h3><p>La meilleure p\u00e9riode pour visiter Ar\u00e7ais est entre avril et octobre, lorsque les conditions climatiques sont id\u00e9ales pour les activit\u00e9s en plein air.<\/p><h3>Quelles sont les communes voisines \u00e0 visiter ?<\/h3><p>Parmi les communes voisines \u00e0 visiter, on trouve <strong>Coulon<\/strong>, <strong>Damvix<\/strong> et <strong>Saint-Hilaire-la-Palud<\/strong>.<\/p><h2>Conclusion<\/h2><p>Ar\u00e7ais, nich\u00e9 dans le <strong>Marais Poitevin<\/strong>, est une destination id\u00e9ale pour ceux qui cherchent \u00e0 se ressourcer en pleine nature tout en profitant d\u2019un riche patrimoine culturel et historique. Que ce soit pour une balade en barque, une randonn\u00e9e ou simplement pour go\u00fbter \u00e0 la gastronomie locale, Ar\u00e7ais vous promet un s\u00e9jour authentique et apaisant.<\/p><p>Pour en savoir plus sur l\u2019histoire et la g\u00e9ographie du <strong>Marais Poitevin<\/strong>, vous pouvez consulter <a href=\"https:\/\/fr.wikipedia.org\/wiki\/Marais_Poitevin\" target=\"_new\" rel=\"noopener\">cet article Wikip\u00e9dia<\/a>.<\/p>\t\t\t\t\t\t\t\t<\/div>\n\t\t\t\t\t<\/div>\n\t\t\t\t<\/div>\n\t\t<aside class=\"elementor-element elementor-element-494f0384 e-flex e-con-boxed e-con e-parent\" data-id=\"494f0384\" data-element_type=\"container\" data-e-type=\"container\">\n\t\t\t\t\t<div class=\"e-con-inner\">\n\t\t\t\t<div class=\"elementor-element elementor-element-5b509d4 elementor-widget elementor-widget-listeo-posts-grid\" data-id=\"5b509d4\" data-element_type=\"widget\" data-e-type=\"widget\" data-widget_type=\"listeo-posts-grid.default\">\n\t\t\t\t<div class=\"elementor-widget-container\">\n\t\t\t\t\t\t\t\n\t\t<div class=\"listeo-post-grid-wrapper\">\n\t\t\t<div class=\"row\">\n\n\t\t\t\n\n\t\t\t\t\t\t\t<div class=\"col-md-4\">\n                <a href=\"https:\/\/cparici.com\/fr\/brouage\/\" class=\"blog-compact-item-container\">\n                    <div class=\"blog-compact-item\">\n                        <img decoding=\"async\" width=\"577\" height=\"223\" src=\"https:\/\/cparici.com\/wp-content\/uploads\/2024\/05\/Brouage.jpg\" class=\"attachment-listeo-blog-related-post size-listeo-blog-related-post wp-post-image\" alt=\"Brouage\" srcset=\"https:\/\/cparici.com\/wp-content\/uploads\/2024\/05\/Brouage.jpg 1500w, https:\/\/cparici.com\/wp-content\/uploads\/2024\/05\/Brouage-600x232.jpg 600w, https:\/\/cparici.com\/wp-content\/uploads\/2024\/05\/Brouage-300x116.jpg 300w, https:\/\/cparici.com\/wp-content\/uploads\/2024\/05\/Brouage-1024x395.jpg 1024w, https:\/\/cparici.com\/wp-content\/uploads\/2024\/05\/Brouage-768x296.jpg 768w\" sizes=\"(max-width: 577px) 100vw, 577px\" \/><span class=\"blog-item-tag\">Brouage<\/span>                        \n                        <div class=\"blog-compact-item-content\">\n                                                        <h3>Brouage en Charente-Maritime : \u00e0 la d\u00e9couverte de son histoire<\/h3>\n                                                        <p>Comment Brouage est pass\u00e9 d'un port de commerce florissant \u00e0 une citadelle oubli\u00e9e ? Un...                            <\/p>\n                                                    <\/div>\n                    <\/div>\n                <\/a>\n            <\/div>\n\t\t\t<div class=\"col-md-4\">\n                <a href=\"https:\/\/cparici.com\/fr\/phare-de-vallieres-a-saint-georges-de-didonne\/\" class=\"blog-compact-item-container\">\n                    <div class=\"blog-compact-item\">\n                        <img decoding=\"async\" width=\"577\" height=\"150\" src=\"https:\/\/cparici.com\/wp-content\/uploads\/2021\/02\/phare-de-vallieres-banniere.jpg\" class=\"attachment-listeo-blog-related-post size-listeo-blog-related-post wp-post-image\" alt=\"phare de vallieres\" srcset=\"https:\/\/cparici.com\/wp-content\/uploads\/2021\/02\/phare-de-vallieres-banniere.jpg 2521w, https:\/\/cparici.com\/wp-content\/uploads\/2021\/02\/phare-de-vallieres-banniere-600x156.jpg 600w, https:\/\/cparici.com\/wp-content\/uploads\/2021\/02\/phare-de-vallieres-banniere-768x199.jpg 768w\" sizes=\"(max-width: 577px) 100vw, 577px\" \/><span class=\"blog-item-tag\">Charente maritime<\/span>                        \n                        <div class=\"blog-compact-item-content\">\n                                                        <h3>Phare de Valli\u00e8res a Saint Georges de Didonne<\/h3>\n                                                        <p>Le phare de Valli\u00e8res a Saint Georges de Didonne est un phare situ\u00e9 sur la...                            <\/p>\n                                                    <\/div>\n                    <\/div>\n                <\/a>\n            <\/div>\n\t\t\t<div class=\"col-md-4\">\n                <a href=\"https:\/\/cparici.com\/fr\/le-reve-dicare-royan\/\" class=\"blog-compact-item-container\">\n                    <div class=\"blog-compact-item\">\n                        <img decoding=\"async\" width=\"577\" height=\"577\" src=\"https:\/\/cparici.com\/wp-content\/uploads\/2021\/06\/reve-dicare-royan-2-banniere-scaled.jpg\" class=\"attachment-listeo-blog-related-post size-listeo-blog-related-post wp-post-image\" alt=\"reve d&#039;icare royan\" srcset=\"https:\/\/cparici.com\/wp-content\/uploads\/2021\/06\/reve-dicare-royan-2-banniere-scaled.jpg 2048w, https:\/\/cparici.com\/wp-content\/uploads\/2021\/06\/reve-dicare-royan-2-banniere-300x300.jpg 300w, https:\/\/cparici.com\/wp-content\/uploads\/2021\/06\/reve-dicare-royan-2-banniere-100x100.jpg 100w, https:\/\/cparici.com\/wp-content\/uploads\/2021\/06\/reve-dicare-royan-2-banniere-scaled-600x600.jpg 600w, https:\/\/cparici.com\/wp-content\/uploads\/2021\/06\/reve-dicare-royan-2-banniere-1024x1024.jpg 1024w, https:\/\/cparici.com\/wp-content\/uploads\/2021\/06\/reve-dicare-royan-2-banniere-150x150.jpg 150w, https:\/\/cparici.com\/wp-content\/uploads\/2021\/06\/reve-dicare-royan-2-banniere-1536x1536.jpg 1536w, https:\/\/cparici.com\/wp-content\/uploads\/2021\/06\/reve-dicare-royan-2-banniere-scaled-1200x1200-cropped.jpg 1200w, https:\/\/cparici.com\/wp-content\/uploads\/2021\/06\/reve-dicare-royan-2-banniere-scaled-266x266.jpg 266w\" sizes=\"(max-width: 577px) 100vw, 577px\" \/><span class=\"blog-item-tag\">Charente maritime<\/span>                        \n                        <div class=\"blog-compact-item-content\">\n                                                        <h3>r\u00eave d\u2019icare royan<\/h3>\n                                                        <p>D\u00e9couvrez le r\u00eave d'Icare a Royan, un \u00e9v\u00e8nement a\u00e9ronautique qui a lieu en juin tous...                            <\/p>\n                                                    <\/div>\n                    <\/div>\n                <\/a>\n            <\/div>\n  <\/div>\n        <\/div>\n        \t\t\t\t<\/div>\n\t\t\t\t<\/div>\n\t\t\t\t\t<\/div>\n\t\t\t\t<\/aside>\n\t\t\t\t<\/div>\n\t\t","protected":false},"excerpt":{"rendered":"<p>D\u00e9couvrez Ar\u00e7ais, une commune du Marais Poitevin, ses sites \u00e0 visiter, activit\u00e9s, randonn\u00e9es, restaurants, h\u00f4tels, artisanat, et le cin\u00e9ma local. Guide pratique et d\u00e9taill\u00e9.<\/p>\n","protected":false},"author":1,"featured_media":43390,"comment_status":"closed","ping_status":"open","sticky":false,"template":"","format":"standard","meta":{"ngg_post_thumbnail":0,"footnotes":""},"categories":[1533,526,477,528,480],"tags":[906,1534],"class_list":["post-43389","post","type-post","status-publish","format-standard","has-post-thumbnail","hentry","category-arcais","category-deux-sevres","category-france","category-marais-poitevin","category-poitou-charentes","tag-ville","tag-zone-humide"],"_links":{"self":[{"href":"https:\/\/cparici.com\/fr\/wp-json\/wp\/v2\/posts\/43389","targetHints":{"allow":["GET"]}}],"collection":[{"href":"https:\/\/cparici.com\/fr\/wp-json\/wp\/v2\/posts"}],"about":[{"href":"https:\/\/cparici.com\/fr\/wp-json\/wp\/v2\/types\/post"}],"author":[{"embeddable":true,"href":"https:\/\/cparici.com\/fr\/wp-json\/wp\/v2\/users\/1"}],"replies":[{"embeddable":true,"href":"https:\/\/cparici.com\/fr\/wp-json\/wp\/v2\/comments?post=43389"}],"version-history":[{"count":2,"href":"https:\/\/cparici.com\/fr\/wp-json\/wp\/v2\/posts\/43389\/revisions"}],"predecessor-version":[{"id":84135,"href":"https:\/\/cparici.com\/fr\/wp-json\/wp\/v2\/posts\/43389\/revisions\/84135"}],"wp:featuredmedia":[{"embeddable":true,"href":"https:\/\/cparici.com\/fr\/wp-json\/wp\/v2\/media\/43390"}],"wp:attachment":[{"href":"https:\/\/cparici.com\/fr\/wp-json\/wp\/v2\/media?parent=43389"}],"wp:term":[{"taxonomy":"category","embeddable":true,"href":"https:\/\/cparici.com\/fr\/wp-json\/wp\/v2\/categories?post=43389"},{"taxonomy":"post_tag","embeddable":true,"href":"https:\/\/cparici.com\/fr\/wp-json\/wp\/v2\/tags?post=43389"}],"curies":[{"name":"wp","href":"https:\/\/api.w.org\/{rel}","templated":true}]}}