{"id":43395,"date":"2024-09-10T21:48:21","date_gmt":"2024-09-10T19:48:21","guid":{"rendered":"https:\/\/cparici.com\/?p=43395"},"modified":"2026-03-23T16:38:26","modified_gmt":"2026-03-23T15:38:26","slug":"le-vanneau-irleau","status":"publish","type":"post","link":"https:\/\/cparici.com\/fr\/le-vanneau-irleau\/","title":{"rendered":"Le Vanneau-Irleau dans le Marais"},"content":{"rendered":"\t\t<div data-elementor-type=\"wp-post\" data-elementor-id=\"43395\" class=\"elementor elementor-43395\" data-elementor-post-type=\"post\">\n\t\t\t\t<div class=\"elementor-element elementor-element-44938df e-flex e-con-boxed e-con e-parent\" data-id=\"44938df\" data-element_type=\"container\" data-e-type=\"container\">\n\t\t\t\t\t<div class=\"e-con-inner\">\n\t\t\t\t<div class=\"elementor-element elementor-element-1906550 elementor-widget elementor-widget-image\" data-id=\"1906550\" data-element_type=\"widget\" data-e-type=\"widget\" data-widget_type=\"image.default\">\n\t\t\t\t\t\t\t\t\t\t\t\t\t\t\t<img decoding=\"async\" width=\"1500\" height=\"530\" src=\"https:\/\/cparici.com\/wp-content\/uploads\/2024\/09\/Le-Vanneau-Irleau.jpg\" class=\"attachment-full size-full wp-image-43396\" alt=\"Le Vanneau-Irleau\" srcset=\"https:\/\/cparici.com\/wp-content\/uploads\/2024\/09\/Le-Vanneau-Irleau.jpg 1500w, https:\/\/cparici.com\/wp-content\/uploads\/2024\/09\/Le-Vanneau-Irleau-600x212.jpg 600w, https:\/\/cparici.com\/wp-content\/uploads\/2024\/09\/Le-Vanneau-Irleau-300x106.jpg 300w, https:\/\/cparici.com\/wp-content\/uploads\/2024\/09\/Le-Vanneau-Irleau-1024x362.jpg 1024w, https:\/\/cparici.com\/wp-content\/uploads\/2024\/09\/Le-Vanneau-Irleau-768x271.jpg 768w\" sizes=\"(max-width: 1500px) 100vw, 1500px\" \/>\t\t\t\t\t\t\t\t\t\t\t\t\t\t\t<\/div>\n\t\t\t\t\t<\/div>\n\t\t\t\t<\/div>\n\t\t<aside class=\"elementor-element elementor-element-e8f51cc e-flex e-con-boxed e-con e-parent\" data-id=\"e8f51cc\" data-element_type=\"container\" data-e-type=\"container\">\n\t\t\t\t\t<div class=\"e-con-inner\">\n\t\t\t\t<div class=\"elementor-element elementor-element-984e443 elementor-widget elementor-widget-global elementor-global-62046 elementor-widget-eael-advanced-search\" data-id=\"984e443\" data-element_type=\"widget\" data-e-type=\"widget\" data-widget_type=\"eael-advanced-search.default\">\n\t\t\t\t\t        <div class=\"eael-adv-search-wrapper\">\n            <div id=\"eael-advanced-search-widget-984e443\" class=\"eael-advanced-search-widget\">\n                <form data-settings=\"{&quot;post_per_page&quot;:5,&quot;search_among_taxonomies&quot;:&quot;&quot;,&quot;search_among_sku&quot;:&quot;no&quot;,&quot;show_popular_keyword&quot;:0,&quot;show_category&quot;:0,&quot;show_content_image&quot;:1,&quot;show_search_result_all_results&quot;:0,&quot;result_on_new_tab&quot;:&quot;no&quot;,&quot;show_product_price&quot;:&quot;no&quot;,&quot;include_current_page&quot;:&quot;no&quot;,&quot;orderby&quot;:&quot;default&quot;,&quot;order&quot;:&quot;DESC&quot;,&quot;current_post_id&quot;:43395,&quot;post_type&quot;:[&quot;post&quot;,&quot;listing&quot;]}\" method=\"POST\" name=\"eael-advanced-search-form-984e443\" class=\"eael-advanced-search-form eael-advanced-search-form-style-2\">\n                    <div class=\"eael-advanced-search-wrap\">\n                        <span class=\"eael-adv-search-loader\"><\/span>\n                        <span class=\"eael-adv-search-close\"><i class=\"fas fa-times\"><\/i><\/span>\n                        <span class=\"icon \"><i class=\"fas fa-search\"><\/i><\/span>\n\n                        <input type=\"text\"\n                               placeholder=\"Votre destination\"\n                               class=\"eael-advanced-search\" autocomplete=\"off\" name=\"eael_advanced_search\">\n                    <\/div>\n\t\t\t\t\t                                    <\/form>\n\n\t\t\t\t\n\t\t\t\t        <div class=\"eael-advanced-search-result\">\n            <div class=\"eael-advanced-search-popular-keyword\">\n\t\t\t\t<h4 class=\"eael-advanced-search-popular-keyword-text\">Recherches populaires<\/h4>                <div class=\"eael-popular-keyword-content\"><\/div>\n            <\/div>\n            <div class=\"eael-advanced-search-category\">\n\t\t\t\t<h4 class=\"eael-advanced-search-category-text\">Categories<\/h4>                <div class=\"eael-popular-category-content\"><\/div>\n            <\/div>\n\t\t\t<div class=\"eael-advanced-search-total-results-section\">\n\t\t\t\t\t\t\t<\/div>\n            <div class=\"eael-advanced-search-content eael-item-style-3\">\n            <\/div>\n            <div class=\"eael-advanced-search-not-found\">\n                <p>Pas de r\u00e9sultats<\/p><\/div>\n            <div class=\"eael-advanced-search-load-more\">\n\t\t\t\t<a \tclass=\"eael-advanced-search-load-more-button\"\n                \thref=\"#\">Voir tous les r\u00e9sultats<\/a>\n            <\/div>\n        <\/div>\n\n\t\t            <\/div>\n        <\/div>\n\n\t\t\t\t\t\t<\/div>\n\t\t\t\t\t<\/div>\n\t\t\t\t<\/aside>\n\t\t<div class=\"elementor-element elementor-element-4de4de29 e-flex e-con-boxed e-con e-parent\" data-id=\"4de4de29\" data-element_type=\"container\" data-e-type=\"container\">\n\t\t\t\t\t<div class=\"e-con-inner\">\n\t\t\t\t<div class=\"elementor-element elementor-element-4d861077 elementor-widget elementor-widget-text-editor\" data-id=\"4d861077\" data-element_type=\"widget\" data-e-type=\"widget\" data-widget_type=\"text-editor.default\">\n\t\t\t\t\t\t\t\t\t<h1 style=\"text-align: center;\"><span style=\"font-size: 18pt;\">Le <strong>Vanneau-Irleau<\/strong><\/span><\/h1><p>Le <strong>Vanneau-Irleau<\/strong> est une commune situ\u00e9e au c\u0153ur du <strong>Marais Poitevin<\/strong>, une <a href=\"https:\/\/cparici.com\/fr\/zones-humides-en-france\/\">zone humide<\/a> pr\u00e9serv\u00e9e, un site naturel exceptionnel du d\u00e9partement des <a href=\"https:\/\/cparici.com\/fr\/visiter-les-deux-sevres-guide-des-sites-incontournables\/\">Deux-S\u00e8vres.<\/a> Nich\u00e9e dans ce paysage unique, elle offre une grande richesse en termes de patrimoine naturel, culturel et historique, id\u00e9ale pour les amateurs de nature et de tranquillit\u00e9.<\/p><p>Pour en savoir plus sur le <a href=\"https:\/\/cparici.com\/fr\/marais-poitevin-une-escapade-incontournable-en-venise-verte\/\">Marais Poitevin, lisez notre article ici.<\/a><\/p><h2><span style=\"font-size: 18pt;\">Situation g\u00e9ographique du Vanneau-Irleau<\/span><\/h2><p>Le <strong>Vanneau-Irleau<\/strong> se trouve dans le d\u00e9partement des <strong>Deux-S\u00e8vres<\/strong>, en r\u00e9gion <a href=\"https:\/\/cparici.com\/fr\/nouvelle-aquitaine\/\">Nouvelle-Aquitaine<\/a>. La commune est localis\u00e9e \u00e0 environ 15 kilom\u00e8tres \u00e0 l\u2019ouest de <a href=\"https:\/\/cparici.com\/fr\/niort\/\">Niort<\/a>, dans la zone appel\u00e9e \u201cMarais Mouill\u00e9\u201d, une partie du <strong>Marais Poitevin<\/strong>, c\u00e9l\u00e8bre pour ses canaux sinueux, \u00e9galement surnomm\u00e9 la \u201cVenise Verte\u201d. Le village est \u00e0 proximit\u00e9 des communes telles que <strong>Coulon<\/strong>, <strong>Magn\u00e9<\/strong>, et <strong>Sansais<\/strong>, qui m\u00e9ritent \u00e9galement une visite.<\/p>\t\t\t\t\t\t\t\t<\/div>\n\t\t\t\t\t<\/div>\n\t\t\t\t<\/div>\n\t\t<aside class=\"elementor-element elementor-element-dcd9184 e-flex e-con-boxed e-con e-parent\" data-id=\"dcd9184\" data-element_type=\"container\" data-e-type=\"container\" data-settings=\"{&quot;background_background&quot;:&quot;classic&quot;}\">\n\t\t\t\t\t<div class=\"e-con-inner\">\n\t\t\t\t<div class=\"elementor-element elementor-element-43089805 elementor-widget elementor-widget-spacer\" data-id=\"43089805\" data-element_type=\"widget\" data-e-type=\"widget\" data-widget_type=\"spacer.default\">\n\t\t\t\t\t\t\t<div class=\"elementor-spacer\">\n\t\t\t<div class=\"elementor-spacer-inner\"><\/div>\n\t\t<\/div>\n\t\t\t\t\t\t<\/div>\n\t\t\t\t<div class=\"elementor-element elementor-element-1af9adb0 elementor-widget elementor-widget-heading\" data-id=\"1af9adb0\" data-element_type=\"widget\" data-e-type=\"widget\" data-widget_type=\"heading.default\">\n\t\t\t\t\t<h2 class=\"elementor-heading-title elementor-size-default\">H\u00e9bergements de Vacances Marais Poitevin en direct<\/h2>\t\t\t\t<\/div>\n\t\t\t\t<div class=\"elementor-element elementor-element-446c4d17 elementor-widget elementor-widget-listeo-listings-carousel\" data-id=\"446c4d17\" data-element_type=\"widget\" data-e-type=\"widget\" data-widget_type=\"listeo-listings-carousel.default\">\n\t\t\t\t<div class=\"elementor-widget-container\">\n\t\t\t\t\t        <!-- Carousel \/ Start -->\n        \t<div class=\"simple-slick-carousel dots-nav\" data-slick='{&quot;autoplay&quot;:true,&quot;autoplaySpeed&quot;:3000,&quot;slidesToShow&quot;:3,&quot;slidesToScroll&quot;:1,&quot;responsive&quot;:[{&quot;breakpoint&quot;:1024,&quot;settings&quot;:{&quot;slidesToShow&quot;:2,&quot;slidesToScroll&quot;:1}},{&quot;breakpoint&quot;:768,&quot;settings&quot;:{&quot;slidesToShow&quot;:1,&quot;slidesToScroll&quot;:1}}]}'>\n                            <div class=\"fw-carousel-item\">                    \n                        <!-- Listing Item -->\r\n            <div class=\"col-lg-6 col-md-12\">\r\n                <a href=\"https:\/\/cparici.com\/fr\/annonce\/maison-dhotes-la-chabanaise-marais-poitevin-2\/\"  class=\"listing-item-container listing-geo-data compact\" \r\n\t\tdata-title=\"MAISON D\u2019H\u00d4TES LA CHABANAISE \u2013 MARAIS POITEVIN\"\r\n\t\tdata-listing-type=\"rental\"\r\n\t\tdata-classifieds-price=\"\u20ac\"\r\n\t\tdata-friendly-address=\"2 rue des vieux moulins\"\r\n\t\tdata-address=\"2 rue des vieux moulins\"\r\n\t\tdata-image=\"https:\/\/cparici.com\/wp-content\/uploads\/2026\/03\/vd40xpnh7r5l1ttmjigf-520x397.jpeg\"\r\n\t\tdata-longitude=\"-0.7070347\"\r\n\t\tdata-latitude=\"46.2158776\"\r\n\t\t\t\t\tdata-rating=\"0\"\r\n\t\t\tdata-reviews=\"0\"\r\n\t\t\t\tdata-icon=\"<svg xmlns=&quot;http:\/\/www.w3.org\/2000\/svg&quot; width=&quot;800px&quot; height=&quot;800px&quot; viewBox=&quot;0 0 45 45&quot; fill=&quot;none&quot;>\n<path d=&quot;M24.155 8.78099L24.33 8.94499L37.402 21.787L36 23.213L34.2 21.445L34.201 35C34.201 36.054 33.385 36.918 32.35 36.994L32.201 37H12.201C11.147 37 10.283 36.184 10.206 35.149L10.201 35L10.2 21.446L8.402 23.213L7 21.787L20.058 8.95799C21.171 7.82199 22.966 7.75899 24.155 8.78099ZM21.569 10.285L21.473 10.372L12.2 19.481L12.201 35L17.2 34.999L17.201 25C17.201 23.946 18.017 23.082 19.052 23.005L19.201 23H25.201C26.255 23 27.119 23.816 27.196 24.851L27.201 25L27.2 34.999L32.201 35L32.2 19.48L22.901 10.344C22.537 9.98699 21.969 9.96499 21.569 10.285ZM25.201 25H19.201L19.2 34.999H25.2L25.201 25Z&quot; fill=&quot;#3C3C3C&quot;\/>\n<\/svg>\"\r\n\r\n\t>\r\n            <div class=\"listing-item  \">\r\n                <div class=\"listing-small-badges-container\">\r\n                                                                <div class=\"listing-small-badge pricing-badge\"><i class=\"fa fa-tag\"><\/i>81,00\u20ac - 90,00\u20ac<\/div>\r\n                                                            \r\n                                        \r\n                                        \r\n                <\/div>\r\n                <img decoding=\"async\" src=\"https:\/\/cparici.com\/wp-content\/uploads\/2026\/03\/vd40xpnh7r5l1ttmjigf-520x397.jpeg\" alt=\"MAISON D\u2019H\u00d4TES LA CHABANAISE \u2013 MARAIS POITEVIN\" class=\"listing-thumbnail\">\r\n                \r\n\r\n                <div class=\"listing-item-content\">\r\n                    \r\n                    <h3> MAISON D\u2019H\u00d4TES LA CHABANAISE \u2013 MARAIS POITEVIN <\/h3>\r\n                    <span>2 rue des vieux moulins<\/span>\r\n                <\/div>\r\n                                        <span class=\"save like-icon tooltip left\" title=\"Connexion pour marquer des \u00e9l\u00e9ments\"><\/span>\r\n                                                <\/div>\r\n        <\/a>\r\n                    <\/div>\r\n        \r\n\r\n        <!-- Listing Item \/ End -->\n                    <\/div>\n                          <\/div>\n        \t\t\t\t<\/div>\n\t\t\t\t<\/div>\n\t\t\t\t\t<\/div>\n\t\t\t\t<\/aside>\n\t\t<div class=\"elementor-element elementor-element-c4a621d e-flex e-con-boxed e-con e-parent\" data-id=\"c4a621d\" data-element_type=\"container\" data-e-type=\"container\">\n\t\t\t\t\t<div class=\"e-con-inner\">\n\t\t\t\t<div class=\"elementor-element elementor-element-9c5995e elementor-widget elementor-widget-text-editor\" data-id=\"9c5995e\" data-element_type=\"widget\" data-e-type=\"widget\" data-widget_type=\"text-editor.default\">\n\t\t\t\t\t\t\t\t\t<h3>Communes environnantes<\/h3><p>Le <strong>Vanneau-Irleau<\/strong> est entour\u00e9 de plusieurs petites communes qui participent \u00e0 la beaut\u00e9 et \u00e0 l\u2019authenticit\u00e9 du Marais Poitevin :<\/p><ul><li><strong>Coulon<\/strong>, consid\u00e9r\u00e9 comme le c\u0153ur du Marais Poitevin, \u00e0 quelques kilom\u00e8tres seulement, offre des promenades en barque incontournables. <a href=\"https:\/\/cparici.com\/fr\/coulon\/\">(D\u00e9couvrez la ville de Coulon)<\/a><\/li><li>Ar\u00e7ais, entre Coulon et Le Vanneau-Irleau. <a href=\"https:\/\/cparici.com\/fr\/arcais\/\">(D\u00e9couvrez Ar\u00e7ais en cliquant ici)<\/a><\/li><li><strong>Magn\u00e9<\/strong>, \u00e0 10 minutes de route, est une autre destination pittoresque avec ses moulins et son patrimoine architectural.<\/li><li><strong>Sansais<\/strong>, \u00e9galement proche, offre des circuits de randonn\u00e9es p\u00e9destres et cyclables qui traversent le marais.<\/li><\/ul><h3>Monuments et sites \u00e0 visiter<\/h3><p>Le <strong>Vanneau-Irleau<\/strong> regorge de petits tr\u00e9sors patrimoniaux qui t\u00e9moignent de son histoire et de son lien avec le Marais Poitevin :<\/p><ul><li><strong>L\u2019\u00e9glise Saint-Pierre<\/strong>, b\u00e2tie au XIXe si\u00e8cle, est un bel exemple d\u2019architecture religieuse locale.<\/li><li><strong>Les maisons traditionnelles mara\u00eechines<\/strong>, avec leurs toits en tuiles et leurs fa\u00e7ades blanches, typiques de la r\u00e9gion, m\u00e9ritent le d\u00e9tour pour un voyage dans le temps.<\/li><li><strong>Les canaux<\/strong> traversant la commune permettent de d\u00e9couvrir le marais \u00e0 bord d\u2019une barque, moyen id\u00e9al pour s\u2019impr\u00e9gner de la beaut\u00e9 des lieux.<\/li><\/ul><h3>Randonn\u00e9es et promenades<\/h3><p>La commune du <strong>Vanneau-Irleau<\/strong> est un point de d\u00e9part id\u00e9al pour des <a href=\"https:\/\/cparici.com\/fr\/les-meilleures-randonnees-en-france-guide\/\">randonn\u00e9es<\/a> au c\u0153ur du Marais Poitevin. Plusieurs circuits balis\u00e9s permettent de d\u00e9couvrir la richesse de la faune et de la flore :<\/p><ul><li><strong>La route des Marais<\/strong> : un itin\u00e9raire facile qui longe les canaux et offre des vues imprenables sur les <a href=\"https:\/\/cparici.com\/fr\/paysages-en-france\/\">paysages<\/a> du marais.<\/li><li><strong>Le circuit des \u00e9cluses<\/strong> : une randonn\u00e9e plus longue qui vous m\u00e8nera \u00e0 la d\u00e9couverte des \u00e9cluses et des passerelles traditionnelles, \u00e9l\u00e9ments essentiels de la gestion des eaux du marais.<\/li><\/ul><h3>Activit\u00e9s culturelles et sportives<\/h3><p>Le <strong>Vanneau-Irleau<\/strong> propose de nombreuses activit\u00e9s pour les amateurs de culture et de sport :<\/p><ul><li><strong>Les balades en barque<\/strong> : une activit\u00e9 incontournable pour explorer le Marais Poitevin. Des guides bateliers vous emm\u00e8nent \u00e0 travers les canaux en vous racontant l\u2019histoire du marais.<\/li><li><strong>Le cyclisme<\/strong> : la r\u00e9gion offre de nombreux itin\u00e9raires pour les cyclistes, notamment le long des chemins de halage et des petites routes qui serpentent dans les marais.<\/li><li><strong>Les <a href=\"https:\/\/cparici.com\/fr\/festivals-en-france\/\">festivals<\/a> locaux<\/strong> : en \u00e9t\u00e9, la commune et les villages voisins organisent des festivals qui mettent en avant les traditions locales et la musique mara\u00eechine.<\/li><\/ul><h3>Cin\u00e9ma au Vanneau-Irleau : informations pratiques<\/h3><p>Bien que petite, la commune du <strong>Vanneau-Irleau<\/strong> dispose d\u2019un cin\u00e9ma local qui propose r\u00e9guli\u00e8rement des projections de films pour tous les publics. Le <strong>Cin\u00e9ma Le P\u2019tit Marais<\/strong> est situ\u00e9 au c\u0153ur du village et offre une s\u00e9lection de films r\u00e9cents ainsi que des projections d\u00e9di\u00e9es aux familles. Il est recommand\u00e9 de consulter la programmation en ligne ou de vous rendre directement sur place pour r\u00e9server vos places. Ce cin\u00e9ma de proximit\u00e9 permet aux habitants et aux visiteurs de profiter d\u2019une sortie culturelle dans une atmosph\u00e8re conviviale.<\/p><h2><span style=\"font-size: 18pt;\">Les restaurants au Vanneau-Irleau<\/span><\/h2><p>Si vous souhaitez go\u00fbter \u00e0 la cuisine locale, le <strong>Vanneau-Irleau<\/strong> propose plusieurs restaurants :<\/p><ul><li><strong>Le Marais Gourmand<\/strong> : un restaurant situ\u00e9 en plein c\u0153ur du village, sp\u00e9cialis\u00e9 dans les plats \u00e0 base de produits locaux, tels que l\u2019anguille du marais.<\/li><li><strong>L\u2019Auberge du Vanneau<\/strong> : cette auberge traditionnelle offre une cuisine simple et savoureuse avec des produits frais de la r\u00e9gion. Ces \u00e9tablissements sont r\u00e9put\u00e9s pour leur convivialit\u00e9 et leur respect de la gastronomie mara\u00eechine.<\/li><\/ul><h3>H\u00e9bergements au Vanneau-Irleau<\/h3><p>Pour les visiteurs cherchant un h\u00e9bergement au <strong>Vanneau-Irleau<\/strong>, plusieurs options sont disponibles :<\/p><ul><li><strong>G\u00eetes et chambres d\u2019h\u00f4tes<\/strong> : de nombreuses maisons mara\u00eechines ont \u00e9t\u00e9 converties en g\u00eetes de charme, offrant un cadre authentique et paisible pour un s\u00e9jour en pleine nature.<\/li><li><strong>Camping du Marais Poitevin<\/strong> : pour les amateurs de camping, il existe plusieurs campings \u00e0 proximit\u00e9, offrant un cadre agr\u00e9able et des services adapt\u00e9s aux familles.<\/li><li><strong>H\u00f4tels \u00e0 Coulon ou Magn\u00e9<\/strong> : les communes voisines proposent \u00e9galement des h\u00f4tels pour ceux qui pr\u00e9f\u00e8rent un confort plus traditionnel.<\/li><\/ul><h3>Artisanat et cr\u00e9ateurs locaux<\/h3><p>Le <strong>Vanneau-Irleau<\/strong> et ses environs sont \u00e9galement <a href=\"https:\/\/cparici.com\/fr\/artisanat-local-petits-artisans-en-france\/\">un lieu de cr\u00e9ation pour de nombreux artisans<\/a>. Vous trouverez des ateliers de potiers, des fabricants de produits en bois, ainsi que des artistes travaillant le fer forg\u00e9. Il est possible de visiter ces ateliers sur rendez-vous et d\u2019y acheter des cr\u00e9ations uniques et locales, parfaites pour ramener un souvenir authentique du Marais Poitevin.<\/p><h3>D\u00e9couverte du d\u00e9partement et de la r\u00e9gion<\/h3><p>Le <strong>Vanneau-Irleau<\/strong> se situe dans le d\u00e9partement des <strong>Deux-S\u00e8vres<\/strong>, qui fait partie de la r\u00e9gion <strong>Nouvelle-Aquitaine, anciennement le <a href=\"https:\/\/cparici.com\/fr\/visiter-le-poitou-charentes-guide-des-sites-incontournables\/\">Poitou Charentes<\/a><\/strong>. Ce d\u00e9partement est connu pour son patrimoine naturel, notamment le <strong>Marais Poitevin<\/strong> et ses nombreux espaces naturels prot\u00e9g\u00e9s. Outre la richesse naturelle, les <strong>Deux-S\u00e8vres<\/strong> abritent de nombreuses villes historiques comme <strong>Niort<\/strong> et <strong>Parthenay<\/strong>, o\u00f9 l\u2019on peut d\u00e9couvrir des monuments et des \u00e9v\u00e9nements culturels.<\/p><h3>Foire Aux Questions<\/h3><h4>Quelle est la meilleure p\u00e9riode pour visiter le Vanneau-Irleau ?<\/h4><p>La meilleure p\u00e9riode pour visiter est de mai \u00e0 septembre, lorsque le climat est doux et que les activit\u00e9s en plein air sont accessibles.<\/p><h4>Comment se rendre au Vanneau-Irleau depuis Niort ?<\/h4><p>Le <strong>Vanneau-Irleau<\/strong> est accessible en voiture depuis Niort en environ 20 minutes via la D123. Il est \u00e9galement possible de rejoindre la commune \u00e0 v\u00e9lo via des pistes cyclables bien balis\u00e9es.<\/p><h4>Quelles sont les activit\u00e9s en famille au Vanneau-Irleau ?<\/h4><p>Les balades en barque et \u00e0 v\u00e9lo, ainsi que les visites guid\u00e9es des marais sont id\u00e9ales pour les familles souhaitant d\u00e9couvrir la r\u00e9gion.<\/p><h4>Y a-t-il des march\u00e9s locaux au Vanneau-Irleau ?<\/h4><p>Oui, un petit march\u00e9 se tient dans le village une fois par semaine, o\u00f9 vous pouvez trouver des produits locaux, notamment du fromage, des fruits et des l\u00e9gumes.<\/p><h4>Est-il possible de faire du camping au Vanneau-Irleau ?<\/h4><p>Oui, il existe plusieurs campings autour du <strong>Vanneau-Irleau<\/strong>, parfaits pour les amateurs de nature et de tranquillit\u00e9.<\/p><h3>Conclusion<\/h3><p>Le <strong>Vanneau-Irleau<\/strong> est un village charmant et authentique du <strong>Marais Poitevin<\/strong>, offrant une immersion totale dans la nature. Que ce soit pour ses promenades en barque, ses randonn\u00e9es, ou ses d\u00e9couvertes culturelles, il y a mille raisons de visiter cette petite commune des <strong>Deux-S\u00e8vres<\/strong>. Pour plus d\u2019informations sur la r\u00e9gion, n\u2019h\u00e9sitez pas \u00e0 consulter la page d\u00e9di\u00e9e sur le site <strong>Wikipedia<\/strong>.<\/p>\t\t\t\t\t\t\t\t<\/div>\n\t\t\t\t\t<\/div>\n\t\t\t\t<\/div>\n\t\t<aside class=\"elementor-element elementor-element-1b31da80 e-flex e-con-boxed e-con e-parent\" data-id=\"1b31da80\" data-element_type=\"container\" data-e-type=\"container\">\n\t\t\t\t\t<div class=\"e-con-inner\">\n\t\t\t\t<div class=\"elementor-element elementor-element-4e1c544d elementor-widget elementor-widget-listeo-posts-grid\" data-id=\"4e1c544d\" data-element_type=\"widget\" data-e-type=\"widget\" data-widget_type=\"listeo-posts-grid.default\">\n\t\t\t\t<div class=\"elementor-widget-container\">\n\t\t\t\t\t\t\t\n\t\t<div class=\"listeo-post-grid-wrapper\">\n\t\t\t<div class=\"row\">\n\n\t\t\t\n\n\t\t\t\t\t\t\t<div class=\"col-md-4\">\n                <a href=\"https:\/\/cparici.com\/fr\/visiter-la-tremblade\/\" class=\"blog-compact-item-container\">\n                    <div class=\"blog-compact-item\">\n                        <img decoding=\"async\" width=\"577\" height=\"226\" src=\"https:\/\/cparici.com\/wp-content\/uploads\/2020\/11\/la-tremblade-banniere.jpg\" class=\"attachment-listeo-blog-related-post size-listeo-blog-related-post wp-post-image\" alt=\"La Tremblade Trouver une location de vacances\" srcset=\"https:\/\/cparici.com\/wp-content\/uploads\/2020\/11\/la-tremblade-banniere.jpg 1500w, https:\/\/cparici.com\/wp-content\/uploads\/2020\/11\/la-tremblade-banniere-600x235.jpg 600w, https:\/\/cparici.com\/wp-content\/uploads\/2020\/11\/la-tremblade-banniere-768x301.jpg 768w\" sizes=\"(max-width: 577px) 100vw, 577px\" \/><span class=\"blog-item-tag\">Charente maritime<\/span>                        \n                        <div class=\"blog-compact-item-content\">\n                                                        <h3>Visiter La Tremblade \u2013 guide des activit\u00e9s et sites \u00e0 d\u00e9couvrir<\/h3>\n                                                        <p>Vous voulez visiter La Tremblade ? D\u00e9couvrez notre guide des activit\u00e9s et sites \u00e0 ne...                            <\/p>\n                                                    <\/div>\n                    <\/div>\n                <\/a>\n            <\/div>\n\t\t\t<div class=\"col-md-4\">\n                <a href=\"https:\/\/cparici.com\/fr\/ville-de-saintes-guide-pratique-pour-visiteurs\/\" class=\"blog-compact-item-container\">\n                    <div class=\"blog-compact-item\">\n                        <img decoding=\"async\" width=\"577\" height=\"207\" src=\"https:\/\/cparici.com\/wp-content\/uploads\/2020\/11\/saintes-banniere.jpg\" class=\"attachment-listeo-blog-related-post size-listeo-blog-related-post wp-post-image\" alt=\"Ville de Saintes\" srcset=\"https:\/\/cparici.com\/wp-content\/uploads\/2020\/11\/saintes-banniere.jpg 1520w, https:\/\/cparici.com\/wp-content\/uploads\/2020\/11\/saintes-banniere-600x214.jpg 600w, https:\/\/cparici.com\/wp-content\/uploads\/2020\/11\/saintes-banniere-768x274.jpg 768w\" sizes=\"(max-width: 577px) 100vw, 577px\" \/><span class=\"blog-item-tag\">Charente maritime<\/span>                        \n                        <div class=\"blog-compact-item-content\">\n                                                        <h3>Saintes: guide pratique pour visiter la ville<\/h3>\n                                                        <p>D\u00e9couvrez la ville de Saintes, une destination id\u00e9ale pour les amoureux de culture et de...                            <\/p>\n                                                    <\/div>\n                    <\/div>\n                <\/a>\n            <\/div>\n\t\t\t<div class=\"col-md-4\">\n                <a href=\"https:\/\/cparici.com\/fr\/plage-la-rochelle\/\" class=\"blog-compact-item-container\">\n                    <div class=\"blog-compact-item\">\n                        <img decoding=\"async\" width=\"577\" height=\"170\" src=\"https:\/\/cparici.com\/wp-content\/uploads\/2024\/05\/plage-la-rochelle.jpg\" class=\"attachment-listeo-blog-related-post size-listeo-blog-related-post wp-post-image\" alt=\"Plage La Rochelle\" srcset=\"https:\/\/cparici.com\/wp-content\/uploads\/2024\/05\/plage-la-rochelle.jpg 1550w, https:\/\/cparici.com\/wp-content\/uploads\/2024\/05\/plage-la-rochelle-600x177.jpg 600w, https:\/\/cparici.com\/wp-content\/uploads\/2024\/05\/plage-la-rochelle-300x88.jpg 300w, https:\/\/cparici.com\/wp-content\/uploads\/2024\/05\/plage-la-rochelle-1024x301.jpg 1024w, https:\/\/cparici.com\/wp-content\/uploads\/2024\/05\/plage-la-rochelle-768x226.jpg 768w, https:\/\/cparici.com\/wp-content\/uploads\/2024\/05\/plage-la-rochelle-1536x452.jpg 1536w\" sizes=\"(max-width: 577px) 100vw, 577px\" \/><span class=\"blog-item-tag\">Charente maritime<\/span>                        \n                        <div class=\"blog-compact-item-content\">\n                                                        <h3>Plage La Rochelle<\/h3>\n                                                        <p>D\u00e9couvrez les plus belles plages de La Rochelle et ses alentours en Charente-Maritime, avec des...                            <\/p>\n                                                    <\/div>\n                    <\/div>\n                <\/a>\n            <\/div>\n  <\/div>\n        <\/div>\n        \t\t\t\t<\/div>\n\t\t\t\t<\/div>\n\t\t\t\t\t<\/div>\n\t\t\t\t<\/aside>\n\t\t<div class=\"elementor-element elementor-element-88eb3ef e-flex e-con-boxed e-con e-parent\" data-id=\"88eb3ef\" data-element_type=\"container\" data-e-type=\"container\">\n\t\t\t\t\t<div class=\"e-con-inner\">\n\t\t\t\t<div class=\"elementor-element elementor-element-1d16ef3 elementor-widget elementor-widget-heading\" data-id=\"1d16ef3\" data-element_type=\"widget\" data-e-type=\"widget\" data-widget_type=\"heading.default\">\n\t\t\t\t\t<h2 class=\"elementor-heading-title elementor-size-default\">Ajoutez votre titre ici<\/h2>\t\t\t\t<\/div>\n\t\t\t\t\t<\/div>\n\t\t\t\t<\/div>\n\t\t\t\t<\/div>\n\t\t","protected":false},"excerpt":{"rendered":"<p>Le Vanneau-Irleau dans le Marais Poitevin : nature, randonn\u00e9es, patrimoine, activit\u00e9s culturelles dans un cadre unique. D\u00e9couvrez ce village<\/p>\n","protected":false},"author":1,"featured_media":43396,"comment_status":"closed","ping_status":"open","sticky":false,"template":"","format":"standard","meta":{"ngg_post_thumbnail":0,"footnotes":""},"categories":[1535,526,477,480],"tags":[906,1534],"class_list":["post-43395","post","type-post","status-publish","format-standard","has-post-thumbnail","hentry","category-le-vanneau-irleau","category-deux-sevres","category-france","category-poitou-charentes","tag-ville","tag-zone-humide"],"_links":{"self":[{"href":"https:\/\/cparici.com\/fr\/wp-json\/wp\/v2\/posts\/43395","targetHints":{"allow":["GET"]}}],"collection":[{"href":"https:\/\/cparici.com\/fr\/wp-json\/wp\/v2\/posts"}],"about":[{"href":"https:\/\/cparici.com\/fr\/wp-json\/wp\/v2\/types\/post"}],"author":[{"embeddable":true,"href":"https:\/\/cparici.com\/fr\/wp-json\/wp\/v2\/users\/1"}],"replies":[{"embeddable":true,"href":"https:\/\/cparici.com\/fr\/wp-json\/wp\/v2\/comments?post=43395"}],"version-history":[{"count":3,"href":"https:\/\/cparici.com\/fr\/wp-json\/wp\/v2\/posts\/43395\/revisions"}],"predecessor-version":[{"id":84158,"href":"https:\/\/cparici.com\/fr\/wp-json\/wp\/v2\/posts\/43395\/revisions\/84158"}],"wp:featuredmedia":[{"embeddable":true,"href":"https:\/\/cparici.com\/fr\/wp-json\/wp\/v2\/media\/43396"}],"wp:attachment":[{"href":"https:\/\/cparici.com\/fr\/wp-json\/wp\/v2\/media?parent=43395"}],"wp:term":[{"taxonomy":"category","embeddable":true,"href":"https:\/\/cparici.com\/fr\/wp-json\/wp\/v2\/categories?post=43395"},{"taxonomy":"post_tag","embeddable":true,"href":"https:\/\/cparici.com\/fr\/wp-json\/wp\/v2\/tags?post=43395"}],"curies":[{"name":"wp","href":"https:\/\/api.w.org\/{rel}","templated":true}]}}