{"id":44223,"date":"2025-01-12T08:32:23","date_gmt":"2025-01-12T07:32:23","guid":{"rendered":"https:\/\/cparici.com\/?p=44223"},"modified":"2025-03-27T06:59:58","modified_gmt":"2025-03-27T05:59:58","slug":"saint-remy-de-provence","status":"publish","type":"post","link":"https:\/\/cparici.com\/fr\/saint-remy-de-provence\/","title":{"rendered":"Saint-R\u00e9my-de-Provence : Un Tr\u00e9sor au C\u0153ur des Alpilles"},"content":{"rendered":"\t\t<div data-elementor-type=\"wp-post\" data-elementor-id=\"44223\" class=\"elementor elementor-44223\" data-elementor-post-type=\"post\">\n\t\t\t\t<div class=\"elementor-element elementor-element-fad8873 e-con-full e-flex e-con e-parent\" data-id=\"fad8873\" data-element_type=\"container\" data-e-type=\"container\">\n\t\t\t\t<div class=\"elementor-element elementor-element-1f544bd elementor-widget elementor-widget-image\" data-id=\"1f544bd\" data-element_type=\"widget\" data-e-type=\"widget\" data-widget_type=\"image.default\">\n\t\t\t\t\t\t\t\t\t\t\t\t\t\t\t<img decoding=\"async\" width=\"1500\" height=\"530\" src=\"https:\/\/cparici.com\/wp-content\/uploads\/2024\/09\/cparici-99.jpg\" class=\"attachment-full size-full wp-image-52630\" alt=\"Saint R\u00e9my de Provence\" srcset=\"https:\/\/cparici.com\/wp-content\/uploads\/2024\/09\/cparici-99.jpg 1500w, https:\/\/cparici.com\/wp-content\/uploads\/2024\/09\/cparici-99-300x106.jpg 300w, https:\/\/cparici.com\/wp-content\/uploads\/2024\/09\/cparici-99-1024x362.jpg 1024w, https:\/\/cparici.com\/wp-content\/uploads\/2024\/09\/cparici-99-768x271.jpg 768w, https:\/\/cparici.com\/wp-content\/uploads\/2024\/09\/cparici-99-590x208.jpg 590w, https:\/\/cparici.com\/wp-content\/uploads\/2024\/09\/cparici-99-1200x424.jpg 1200w, https:\/\/cparici.com\/wp-content\/uploads\/2024\/09\/cparici-99-577x204.jpg 577w, https:\/\/cparici.com\/wp-content\/uploads\/2024\/09\/cparici-99-600x212.jpg 600w\" sizes=\"(max-width: 1500px) 100vw, 1500px\" \/>\t\t\t\t\t\t\t\t\t\t\t\t\t\t\t<\/div>\n\t\t\t\t<\/div>\n\t\t<div class=\"elementor-element elementor-element-3863d73a e-flex e-con-boxed e-con e-parent\" data-id=\"3863d73a\" data-element_type=\"container\" data-e-type=\"container\">\n\t\t\t\t\t<div class=\"e-con-inner\">\n\t\t\t\t<div class=\"elementor-element elementor-element-42490af2 elementor-widget elementor-widget-text-editor\" data-id=\"42490af2\" data-element_type=\"widget\" data-e-type=\"widget\" data-widget_type=\"text-editor.default\">\n\t\t\t\t\t\t\t\t\t<h1 style=\"text-align: center;\"><span style=\"font-size: 18pt;\">Saint-R\u00e9my-de-Provence<\/span><\/h1><p><br \/>Saint-R\u00e9my-de-Provence, nich\u00e9 dans le d\u00e9partement des <a href=\"https:\/\/cparici.com\/fr\/bouches-du-rhone\/\"><strong>Bouches-du-Rh\u00f4ne<\/strong><\/a>, est une destination pris\u00e9e par les amoureux de l\u2019authenticit\u00e9 proven\u00e7ale. Situ\u00e9e au c\u0153ur des <a href=\"https:\/\/cparici.com\/fr\/les-alpilles-le-guide-complet\/\">Alpilles<\/a>, cette petite ville allie patrimoine, nature, et <strong>culture du pays<\/strong>. Elle est un point de d\u00e9part id\u00e9al pour d\u00e9couvrir la Provence et ses merveilles environnantes.<\/p><h2><span style=\"font-size: 18pt;\">O\u00f9 se trouve Saint-R\u00e9my-de-Provence ?<\/span><\/h2><p>Saint-R\u00e9my-de-Provence est situ\u00e9e dans le sud de la France, dans la r\u00e9gion Provence-Alpes-C\u00f4te d\u2019Azur, plus pr\u00e9cis\u00e9ment dans le <strong>d\u00e9partement des Bouches-du-Rh\u00f4ne<\/strong>. \u00c0 20 kilom\u00e8tres au sud d\u2019Avignon et \u00e0 25 kilom\u00e8tres au nord d\u2019Arles, cette commune proven\u00e7ale est id\u00e9alement plac\u00e9e entre les Alpilles, une petite cha\u00eene montagneuse, et la plaine de la Crau.<\/p><h3>Les communes environnantes<\/h3><p>Saint-R\u00e9my est entour\u00e9 par plusieurs <strong>communes pittoresques<\/strong> qui m\u00e9ritent d\u2019\u00eatre d\u00e9couvertes lors d\u2019un s\u00e9jour. Parmi elles, on retrouve :<\/p><ul><li><strong>Les Baux-de-Provence<\/strong> : c\u00e9l\u00e8bre pour son ch\u00e2teau et ses Carri\u00e8res de Lumi\u00e8res.<\/li><li><strong>Eygali\u00e8res<\/strong> : un village perch\u00e9 offrant une vue imprenable sur les Alpilles.<\/li><li><strong>Maillane<\/strong> : le village natal du po\u00e8te proven\u00e7al Fr\u00e9d\u00e9ric Mistral.<\/li><li><strong>Tarascon<\/strong> et <strong>Fontvieille<\/strong> : avec leur riche patrimoine m\u00e9di\u00e9val.<\/li><\/ul><p>Ces villages authentiques renforcent l\u2019attractivit\u00e9 de Saint-R\u00e9my et offrent une exp\u00e9rience proven\u00e7ale inoubliable.<\/p><h2><span style=\"font-size: 18pt;\">Les monuments et sites \u00e0 visiter \u00e0 Saint-R\u00e9my-de-Provence et aux alentours<\/span><\/h2><p><strong>Saint-R\u00e9my<\/strong> poss\u00e8de un riche patrimoine historique et architectural. Parmi les <strong>sites incontournables<\/strong>, vous trouverez :<\/p><h3>Monuments \u00e0 Saint-R\u00e9my-de-Provence<\/h3><ul><li><strong>Les Antiques et le site de Glanum<\/strong> : un ancien site gallo-romain o\u00f9 l\u2019on peut admirer des vestiges de temples, de forums et des monuments tels que l\u2019Arc de triomphe et le Mausol\u00e9e des Jules.<\/li><li><strong>Le Monast\u00e8re Saint-Paul-de-Mausole<\/strong> : connu pour avoir accueilli le peintre Vincent van Gogh, qui y a r\u00e9alis\u00e9 certaines de ses \u0153uvres les plus c\u00e9l\u00e8bres.<\/li><li><strong>Le Mus\u00e9e Estrine<\/strong> : d\u00e9di\u00e9 aux arts modernes et contemporains, avec une section consacr\u00e9e \u00e0 Van Gogh.<\/li><li><strong>La Coll\u00e9giale Saint-Martin<\/strong> : une \u00e9glise n\u00e9oclassique du XIXe si\u00e8cle qui domine le centre-ville.<\/li><\/ul><h4>Sites \u00e0 proximit\u00e9<\/h4><ul><li><strong>Le Ch\u00e2teau des Baux-de-Provence<\/strong> : perch\u00e9 sur un rocher, ce ch\u00e2teau offre une vue panoramique incroyable sur la vall\u00e9e des Alpilles.<\/li><li><strong>Les Carri\u00e8res de Lumi\u00e8res<\/strong> : un lieu unique o\u00f9 sont projet\u00e9es des \u0153uvres d\u2019art en version monumentale dans une ancienne carri\u00e8re.<\/li><\/ul><h3>Randonn\u00e9es et nature autour de Saint-R\u00e9my<\/h3><p>La r\u00e9gion des Alpilles offre des <strong>sentiers de randonn\u00e9e<\/strong> magnifiques, id\u00e9aux pour d\u00e9couvrir les paysages proven\u00e7aux typiques. Parmi les randonn\u00e9es les plus pris\u00e9es :<\/p><ul><li><strong>Le sentier des Alpilles<\/strong> : une randonn\u00e9e qui part de Saint-R\u00e9my et offre une vue imprenable sur la ville, le massif des Alpilles et la plaine environnante.<\/li><li><strong>Le circuit de Glanum aux Baux-de-Provence<\/strong> : une balade qui relie ces deux sites historiques \u00e0 travers une nature pr\u00e9serv\u00e9e.<\/li><li><strong>Le chemin de la Transhumance<\/strong> : un parcours historique emprunt\u00e9 autrefois par les bergers pour mener leurs troupeaux aux p\u00e2turages.<\/li><\/ul><h2><span style=\"font-size: 18pt;\">Activit\u00e9s culturelles et sportives \u00e0 Saint-R\u00e9my-de-Provence<\/span><\/h2><p>En plus de son patrimoine naturel et historique, Saint-R\u00e9my propose une multitude d\u2019<strong>activit\u00e9s culturelles et sportives<\/strong>.<\/p><h4>Activit\u00e9s culturelles<\/h4><ul><li><strong>Les Rencontres Musicales de Saint-R\u00e9my<\/strong> : un festival annuel de musique classique qui attire des artistes de renomm\u00e9e internationale.<\/li><li><strong>Le march\u00e9 proven\u00e7al<\/strong> : chaque mercredi matin, ce march\u00e9 offre une explosion de saveurs et de couleurs avec ses produits locaux, parfait pour une immersion dans la culture proven\u00e7ale.<\/li><\/ul><h4>Activit\u00e9s sportives<\/h4><ul><li><strong>Cyclotourisme<\/strong> : avec ses routes vallonn\u00e9es, la r\u00e9gion des Alpilles est id\u00e9ale pour les amateurs de v\u00e9lo.<\/li><li><strong>\u00c9quitation<\/strong> : plusieurs centres \u00e9questres autour de Saint-R\u00e9my proposent des balades \u00e0 cheval \u00e0 travers les paysages proven\u00e7aux.<\/li><li><strong>Escalade<\/strong> et <strong>via ferrata<\/strong> dans les Alpilles pour les plus aventureux.<\/li><\/ul><h3><span style=\"font-size: 18pt;\">O\u00f9 manger \u00e0 Saint-R\u00e9my-de-Provence ?<\/span><\/h3><p>La <strong>gastronomie proven\u00e7ale<\/strong> est \u00e0 l\u2019honneur \u00e0 Saint-R\u00e9my. Les restaurants y proposent une cuisine locale authentique, souvent \u00e9labor\u00e9e \u00e0 partir de produits frais du terroir. Voici quelques adresses r\u00e9put\u00e9es :<\/p><ul><li><strong>L\u2019Estagnol<\/strong> : un restaurant traditionnel offrant des plats proven\u00e7aux dans un cadre charmant.<\/li><li><strong>La Table d\u2019Yvan<\/strong> : situ\u00e9 dans un mas proven\u00e7al, ce restaurant propose une cuisine raffin\u00e9e et cr\u00e9ative.<\/li><li><strong>Le Bistrot de Saint-R\u00e9my<\/strong> : une adresse conviviale o\u00f9 d\u00e9guster des plats du sud.<\/li><\/ul><h3>O\u00f9 dormir \u00e0 Saint-R\u00e9my-de-Provence ?<\/h3><p>Saint-R\u00e9my dispose d\u2019une <strong>offre h\u00f4teli\u00e8re vari\u00e9e<\/strong>, allant des h\u00f4tels de charme aux mas proven\u00e7aux authentiques. Quelques adresses \u00e0 d\u00e9couvrir :<\/p><ul><li><strong>H\u00f4tel de l\u2019Image<\/strong> : un h\u00f4tel 4 \u00e9toiles situ\u00e9 en plein centre de Saint-R\u00e9my, avec un superbe jardin.<\/li><li><strong>Le Ch\u00e2teau des Alpilles<\/strong> : un h\u00f4tel de luxe situ\u00e9 dans un parc arbor\u00e9 \u00e0 l\u2019\u00e9cart du centre-ville, parfait pour un s\u00e9jour paisible.<\/li><li><strong>H\u00f4tel Sous les Figuiers<\/strong> : un h\u00f4tel intimiste avec des chambres donnant sur un jardin rempli de figuiers.<\/li><\/ul><h3>Artisanat et cr\u00e9ateurs \u00e0 Saint-R\u00e9my-de-Provence<\/h3><p>La ville est \u00e9galement r\u00e9put\u00e9e pour son <strong>artisanat<\/strong> local et ses nombreux cr\u00e9ateurs. Vous y trouverez :<\/p><ul><li><strong>Des poteries et c\u00e9ramiques<\/strong> typiquement proven\u00e7ales, souvent faites \u00e0 la main.<\/li><li><strong>Des objets en fer forg\u00e9<\/strong> et des meubles en bois sculpt\u00e9 dans le style traditionnel.<\/li><li><strong>Des ateliers d\u2019artistes<\/strong>, o\u00f9 des peintres et sculpteurs locaux exposent leurs \u0153uvres inspir\u00e9es des paysages environnants.<\/li><\/ul><h3>Quelques mots sur le d\u00e9partement et la r\u00e9gion<\/h3><p>Saint-R\u00e9my-de-Provence se trouve dans les <strong>Bouches-du-Rh\u00f4ne<\/strong>, un d\u00e9partement r\u00e9put\u00e9 pour sa diversit\u00e9 culturelle et naturelle. La r\u00e9gion <strong>Provence-Alpes-C\u00f4te d\u2019Azur<\/strong> est quant \u00e0 elle c\u00e9l\u00e8bre pour ses paysages uniques, alliant montagnes, mer et campagnes. Elle abrite des villes embl\u00e9matiques comme <strong>Marseille<\/strong>, <strong>Aix-en-Provence<\/strong> et <strong>Nice<\/strong>.<\/p><h3>Foire aux questions (FAQ)<\/h3><h4>Quelle est la meilleure p\u00e9riode pour visiter Saint-R\u00e9my-de-Provence ?<\/h4><p>La meilleure p\u00e9riode pour visiter Saint-R\u00e9my-de-Provence se situe entre avril et septembre, lorsque le climat est ensoleill\u00e9 et agr\u00e9able, id\u00e9al pour les activit\u00e9s en plein air.<\/p><h4>Comment se rendre \u00e0 Saint-R\u00e9my-de-Provence ?<\/h4><p>Saint-R\u00e9my est facilement accessible en voiture depuis Avignon ou Arles. Les gares les plus proches sont celles d\u2019Avignon (TGV) et d\u2019Arles.<\/p><h4>Y a-t-il des visites guid\u00e9es \u00e0 Saint-R\u00e9my ?<\/h4><p>Oui, plusieurs visites guid\u00e9es sont organis\u00e9es \u00e0 Saint-R\u00e9my, notamment autour du site de Glanum et du Monast\u00e8re Saint-Paul-de-Mausole.<\/p><h4>Quels sont les march\u00e9s locaux \u00e0 Saint-R\u00e9my ?<\/h4><p>Le march\u00e9 principal de Saint-R\u00e9my se tient le mercredi matin sur la place de la R\u00e9publique, avec des produits locaux et de l\u2019artisanat proven\u00e7al.<\/p><h4>Peut-on visiter les sites romains autour de Saint-R\u00e9my ?<\/h4><p>Oui, les <strong>Antiques de Glanum<\/strong> sont accessibles aux visiteurs. Il s\u2019agit d\u2019un site arch\u00e9ologique majeur avec des vestiges romains impressionnants.<\/p><h3>Conclusion<\/h3><p>Saint-R\u00e9my-de-Provence est une destination id\u00e9ale pour les amoureux de la Provence. Entre ses monuments historiques, ses paysages naturels et ses activit\u00e9s culturelles, cette ville offre une <strong>exp\u00e9rience inoubliable<\/strong> \u00e0 tous ses visiteurs. Pour en savoir plus sur l\u2019histoire de la ville et ses environs, consultez cette page d\u00e9di\u00e9e sur <a href=\"https:\/\/fr.wikipedia.org\" target=\"_new\" rel=\"noopener\">Wikip\u00e9dia<\/a>.<\/p>\t\t\t\t\t\t\t\t<\/div>\n\t\t\t\t\t<\/div>\n\t\t\t\t<\/div>\n\t\t\t\t<\/div>\n\t\t","protected":false},"excerpt":{"rendered":"<p>D\u00e9couvrez Saint-R\u00e9my-de-Provence, ses monuments historiques, randonn\u00e9es, activit\u00e9s culturelles et gastronomiques, dans un cadre unique en Provence.<\/p>\n","protected":false},"author":1,"featured_media":52630,"comment_status":"closed","ping_status":"closed","sticky":false,"template":"elementor_header_footer","format":"standard","meta":{"ngg_post_thumbnail":0,"footnotes":""},"categories":[1749,1750,1005,477,995],"tags":[2426,906],"class_list":["post-44223","post","type-post","status-publish","format-standard","has-post-thumbnail","hentry","category-saint-remy-de-provence","category-alpilles","category-bouches-du-rhone","category-france","category-provence-alpes-cote-dazur","tag-campagne","tag-ville"],"_links":{"self":[{"href":"https:\/\/cparici.com\/fr\/wp-json\/wp\/v2\/posts\/44223","targetHints":{"allow":["GET"]}}],"collection":[{"href":"https:\/\/cparici.com\/fr\/wp-json\/wp\/v2\/posts"}],"about":[{"href":"https:\/\/cparici.com\/fr\/wp-json\/wp\/v2\/types\/post"}],"author":[{"embeddable":true,"href":"https:\/\/cparici.com\/fr\/wp-json\/wp\/v2\/users\/1"}],"replies":[{"embeddable":true,"href":"https:\/\/cparici.com\/fr\/wp-json\/wp\/v2\/comments?post=44223"}],"version-history":[{"count":0,"href":"https:\/\/cparici.com\/fr\/wp-json\/wp\/v2\/posts\/44223\/revisions"}],"wp:featuredmedia":[{"embeddable":true,"href":"https:\/\/cparici.com\/fr\/wp-json\/wp\/v2\/media\/52630"}],"wp:attachment":[{"href":"https:\/\/cparici.com\/fr\/wp-json\/wp\/v2\/media?parent=44223"}],"wp:term":[{"taxonomy":"category","embeddable":true,"href":"https:\/\/cparici.com\/fr\/wp-json\/wp\/v2\/categories?post=44223"},{"taxonomy":"post_tag","embeddable":true,"href":"https:\/\/cparici.com\/fr\/wp-json\/wp\/v2\/tags?post=44223"}],"curies":[{"name":"wp","href":"https:\/\/api.w.org\/{rel}","templated":true}]}}