{"id":44262,"date":"2025-02-16T08:03:01","date_gmt":"2025-02-16T07:03:01","guid":{"rendered":"https:\/\/cparici.com\/?p=44262"},"modified":"2025-03-27T11:56:23","modified_gmt":"2025-03-27T10:56:23","slug":"le-20eme-siecle-en-france","status":"publish","type":"post","link":"https:\/\/cparici.com\/fr\/le-20eme-siecle-en-france\/","title":{"rendered":"Le 20\u00e8me si\u00e8cle en France"},"content":{"rendered":"\t\t<div data-elementor-type=\"wp-post\" data-elementor-id=\"44262\" class=\"elementor elementor-44262\" data-elementor-post-type=\"post\">\n\t\t\t\t<div class=\"elementor-element elementor-element-5b3cc6c e-flex e-con-boxed e-con e-parent\" data-id=\"5b3cc6c\" data-element_type=\"container\" data-e-type=\"container\">\n\t\t\t\t\t<div class=\"e-con-inner\">\n\t\t\t\t<div class=\"elementor-element elementor-element-ebaa63b elementor-widget elementor-widget-image\" data-id=\"ebaa63b\" data-element_type=\"widget\" data-e-type=\"widget\" data-widget_type=\"image.default\">\n\t\t\t\t\t\t\t\t\t\t\t\t\t\t\t<img decoding=\"async\" width=\"1500\" height=\"530\" src=\"https:\/\/cparici.com\/wp-content\/uploads\/2025\/02\/cparici-2025-02-16T075918.064.jpg\" class=\"attachment-full size-full wp-image-57480\" alt=\"20\u00e8me si\u00e8cle en France\" srcset=\"https:\/\/cparici.com\/wp-content\/uploads\/2025\/02\/cparici-2025-02-16T075918.064.jpg 1500w, https:\/\/cparici.com\/wp-content\/uploads\/2025\/02\/cparici-2025-02-16T075918.064-300x106.jpg 300w, https:\/\/cparici.com\/wp-content\/uploads\/2025\/02\/cparici-2025-02-16T075918.064-1024x362.jpg 1024w, https:\/\/cparici.com\/wp-content\/uploads\/2025\/02\/cparici-2025-02-16T075918.064-768x271.jpg 768w, https:\/\/cparici.com\/wp-content\/uploads\/2025\/02\/cparici-2025-02-16T075918.064-590x208.jpg 590w, https:\/\/cparici.com\/wp-content\/uploads\/2025\/02\/cparici-2025-02-16T075918.064-1200x424.jpg 1200w, https:\/\/cparici.com\/wp-content\/uploads\/2025\/02\/cparici-2025-02-16T075918.064-577x204.jpg 577w, https:\/\/cparici.com\/wp-content\/uploads\/2025\/02\/cparici-2025-02-16T075918.064-600x212.jpg 600w\" sizes=\"(max-width: 1500px) 100vw, 1500px\" \/>\t\t\t\t\t\t\t\t\t\t\t\t\t\t\t<\/div>\n\t\t\t\t\t<\/div>\n\t\t\t\t<\/div>\n\t\t<div class=\"elementor-element elementor-element-5a3c8318 e-flex e-con-boxed e-con e-parent\" data-id=\"5a3c8318\" data-element_type=\"container\" data-e-type=\"container\">\n\t\t\t\t\t<div class=\"e-con-inner\">\n\t\t\t\t<div class=\"elementor-element elementor-element-8f639f4 elementor-widget elementor-widget-text-editor\" data-id=\"8f639f4\" data-element_type=\"widget\" data-e-type=\"widget\" data-widget_type=\"text-editor.default\">\n\t\t\t\t\t\t\t\t\t<h1 style=\"text-align: center;\"><span style=\"font-size: 18pt;\">Le <strong>20\u00e8me si\u00e8cle en France<\/strong><\/span><\/h1><p>Le <strong>20\u00e8me si\u00e8cle en France<\/strong> est une \u00e9poque fascinante marqu\u00e9e par des bouleversements majeurs, tant sur <a href=\"https:\/\/cparici.com\/fr\/histoire-de-france\/\">le plan historique<\/a> que culturel. Cette p\u00e9riode voit la France traverser des guerres mondiales, \u00e9voluer politiquement, et s\u2019affirmer en tant que centre mondial de la culture, de l\u2019art, et de la gastronomie. Explorons les \u00e9v\u00e9nements, les figures et le patrimoine qui d\u00e9finissent cette \u00e8re.<\/p><h2><span style=\"font-size: 18pt;\">Une br\u00e8ve d\u00e9finition du 20\u00e8me si\u00e8cle en France<\/span><\/h2><p>Le <strong>20\u00e8me si\u00e8cle en France<\/strong> (1900-1999) est une p\u00e9riode complexe et riche en transformations politiques, \u00e9conomiques et sociales. Ce si\u00e8cle d\u00e9bute sous la Troisi\u00e8me R\u00e9publique et traverse des \u00e9v\u00e9nements majeurs tels que les deux Guerres mondiales, la d\u00e9colonisation et la cr\u00e9ation de la Cinqui\u00e8me R\u00e9publique. La France devient l\u2019un des acteurs cl\u00e9s sur la sc\u00e8ne internationale, tout en continuant \u00e0 \u00eatre un centre d\u2019innovation artistique et culturelle.<\/p><p>Sur le plan culturel, cette \u00e9poque voit \u00e9merger des courants tels que le <strong>cubisme<\/strong>, le <strong>surr\u00e9alisme<\/strong>, et le <strong>nouveau roman<\/strong>, ainsi que des personnalit\u00e9s influentes dans la litt\u00e9rature, l\u2019art et la philosophie. La soci\u00e9t\u00e9 fran\u00e7aise \u00e9volue \u00e9galement, avec une place croissante accord\u00e9e aux droits des femmes et \u00e0 la modernisation de l\u2019\u00e9conomie.<\/p><h2><span style=\"font-size: 18pt;\">Le patrimoine du 20\u00e8me si\u00e8cle en France<\/span><\/h2><h3>Le patrimoine historique et architectural<\/h3><p>L\u2019architecture du <strong>20\u00e8me si\u00e8cle en France<\/strong> refl\u00e8te les bouleversements sociaux et politiques du si\u00e8cle. Le modernisme et les influences du Bauhaus se retrouvent dans de nombreux \u00e9difices. Les villes fran\u00e7aises, notamment Paris, voient la cr\u00e9ation de monuments embl\u00e9matiques comme la <strong>Tour Montparnasse<\/strong> ou le <strong>Centre Pompidou<\/strong>, symboles de l\u2019urbanisation rapide et de l\u2019exp\u00e9rimentation architecturale. L\u2019architecture d\u2019apr\u00e8s-guerre est marqu\u00e9e par la reconstruction, en particulier dans des villes comme Le Havre, reconstruite par <strong>Auguste Perret<\/strong>, et class\u00e9e aujourd\u2019hui au patrimoine mondial de l\u2019UNESCO.<\/p><h3>Le patrimoine artistique et culturel<\/h3><p>Le <strong>20\u00e8me si\u00e8cle<\/strong> est un \u00e2ge d\u2019or pour l\u2019art en France. Des artistes comme <strong>Pablo Picasso<\/strong> et <strong>Georges Braque<\/strong> r\u00e9volutionnent l\u2019art avec le cubisme. Le surr\u00e9alisme prend \u00e9galement son essor avec des figures comme <strong>Andr\u00e9 Breton<\/strong> et <strong>Salvador Dal\u00ed<\/strong>. En litt\u00e9rature, le si\u00e8cle est marqu\u00e9 par des \u00e9crivains tels que <strong>Albert Camus<\/strong> et <strong>Jean-Paul Sartre<\/strong>, qui insufflent des id\u00e9es existentialistes et humanistes \u00e0 travers leurs \u0153uvres.<\/p><p>La <strong>gastronomie fran\u00e7aise<\/strong> continue de rayonner, avec des chefs comme <strong>Paul Bocuse<\/strong> qui modernisent la cuisine fran\u00e7aise, en faisant de la France une r\u00e9f\u00e9rence mondiale en termes d\u2019art culinaire.<\/p><h2><span style=\"font-size: 18pt;\">Les \u00e9v\u00e9nements historiques majeurs du 20\u00e8me si\u00e8cle en France<\/span><\/h2><h3>Les deux Guerres mondiales (1914-1918 et 1939-1945)<\/h3><p>Le <strong>20\u00e8me si\u00e8cle<\/strong> est tristement marqu\u00e9 par deux conflits mondiaux. La <strong>Premi\u00e8re Guerre mondiale<\/strong> a des cons\u00e9quences profondes sur la France, avec des pertes humaines massives et des destructions dans le nord du pays. La <strong>Seconde Guerre mondiale<\/strong>, quant \u00e0 elle, voit la France divis\u00e9e entre la <strong>zone occup\u00e9e<\/strong> et la <strong>zone libre<\/strong>, ainsi que la mont\u00e9e en puissance de la <strong>R\u00e9sistance<\/strong> face \u00e0 l\u2019occupation nazie. L\u2019armistice de 1940, la collaboration du r\u00e9gime de Vichy, et la <strong>Lib\u00e9ration de Paris<\/strong> en 1944 sont des \u00e9v\u00e9nements marquants.<\/p><h3>La cr\u00e9ation de la Cinqui\u00e8me R\u00e9publique (1958)<\/h3><p>Sous l\u2019impulsion de <strong>Charles de Gaulle<\/strong>, la France adopte une nouvelle constitution en 1958, instaurant la <strong>Cinqui\u00e8me R\u00e9publique<\/strong>. Ce nouveau r\u00e9gime accorde plus de pouvoirs au pr\u00e9sident, dans le but de stabiliser les institutions politiques apr\u00e8s la p\u00e9riode d\u2019instabilit\u00e9 qui avait suivi la Seconde Guerre mondiale. Cette r\u00e9forme constitutionnelle marque un tournant politique majeur.<\/p><h3>La d\u00e9colonisation<\/h3><p>Apr\u00e8s la Seconde Guerre mondiale, la France doit faire face aux luttes d\u2019ind\u00e9pendance de ses colonies, notamment en <strong>Alg\u00e9rie<\/strong> et en <strong>Indochine<\/strong>. La guerre d\u2019Alg\u00e9rie, de 1954 \u00e0 1962, reste l\u2019un des conflits les plus traumatisants de cette p\u00e9riode, marquant la fin de l\u2019empire colonial fran\u00e7ais.<\/p><h2><span style=\"font-size: 18pt;\">Les figures historiques du 20\u00e8me si\u00e8cle en France<\/span><\/h2><h3>Les \u00e9crivains et philosophes<\/h3><p>Des figures litt\u00e9raires et philosophiques comme <strong>Jean-Paul Sartre<\/strong> et <strong>Simone de Beauvoir<\/strong> ont profond\u00e9ment marqu\u00e9 la pens\u00e9e du si\u00e8cle. Sartre, avec son existentialisme, explore des th\u00e8mes tels que la libert\u00e9 et la responsabilit\u00e9 individuelle, tandis que Beauvoir, f\u00e9ministe avant-gardiste, \u00e9crit l\u2019ouvrage phare <em>Le Deuxi\u00e8me Sexe<\/em>, qui reste une r\u00e9f\u00e9rence pour la pens\u00e9e f\u00e9ministe moderne.<\/p><h3>Les artistes et intellectuels<\/h3><p><strong>Pablo Picasso<\/strong>, bien que d\u2019origine espagnole, a pass\u00e9 la majorit\u00e9 de sa carri\u00e8re en France et y a d\u00e9velopp\u00e9 le cubisme. Le mouvement <strong>surr\u00e9aliste<\/strong>, dirig\u00e9 par <strong>Andr\u00e9 Breton<\/strong>, influence \u00e9galement la peinture, la litt\u00e9rature et m\u00eame le cin\u00e9ma. En musique, des compositeurs comme <strong>Maurice Ravel<\/strong> et <strong>Olivier Messiaen<\/strong> renouvellent l\u2019approche de la musique classique au XXe si\u00e8cle.<\/p><h3>Les hommes politiques<\/h3><p><strong>Charles de Gaulle<\/strong> est l\u2019une des figures politiques les plus importantes de ce si\u00e8cle. Chef de la R\u00e9sistance pendant la Seconde Guerre mondiale, il devient plus tard le pr\u00e9sident fondateur de la Cinqui\u00e8me R\u00e9publique et marque la politique fran\u00e7aise de son empreinte. <strong>Fran\u00e7ois Mitterrand<\/strong>, quant \u00e0 lui, pr\u00e9side la France de 1981 \u00e0 1995, une p\u00e9riode de r\u00e9formes majeures, notamment avec l\u2019abolition de la peine de mort.<\/p><h2><span style=\"font-size: 18pt;\">Les lieux \u00e0 visiter pour comprendre le 20\u00e8me si\u00e8cle en France<\/span><\/h2><h3>Paris et ses monuments modernes<\/h3><p><a href=\"https:\/\/cparici.com\/fr\/paris\/\"><strong>Paris<\/strong><\/a> reste le c\u0153ur culturel de la France au 20\u00e8me si\u00e8cle. Parmi les lieux embl\u00e9matiques \u00e0 visiter, le <strong>Mus\u00e9e d\u2019Orsay<\/strong>, install\u00e9 dans une ancienne gare, pr\u00e9sente des \u0153uvres des avant-gardes du d\u00e9but du si\u00e8cle, comme celles de <strong>Monet<\/strong>, <strong>Van Gogh<\/strong>, ou encore <strong>C\u00e9zanne<\/strong>. Le <strong>Centre Pompidou<\/strong>, un joyau de l\u2019architecture moderne, abrite l\u2019une des plus grandes collections d\u2019art moderne et contemporain au monde.<\/p><h3>Les plages du d\u00e9barquement en Normandie<\/h3><p>Les <a href=\"https:\/\/cparici.com\/fr\/plages-du-debarquement\/\"><strong>plages du D\u00e9barquement<\/strong><\/a> sont des lieux de m\u00e9moire incontournables pour comprendre l\u2019impact de la Seconde Guerre mondiale en France. Les sites d\u2019<strong>Omaha Beach<\/strong> et <strong>Utah Beach<\/strong>, ainsi que le cimeti\u00e8re am\u00e9ricain de Colleville-sur-Mer, rendent hommage aux soldats tomb\u00e9s pour la lib\u00e9ration de l\u2019Europe.<\/p><h3>Le m\u00e9morial de Caen<\/h3><p>Le <strong>M\u00e9morial de Caen<\/strong> est un mus\u00e9e incontournable pour qui veut comprendre l\u2019histoire du 20\u00e8me si\u00e8cle, notamment \u00e0 travers les \u00e9v\u00e9nements de la Seconde Guerre mondiale et de la Guerre froide. Ce mus\u00e9e est l\u2019un des plus complets sur cette p\u00e9riode.<\/p><h2>Foire aux Questions (FAQ)<\/h2><h3>Qu\u2019est-ce que le 20\u00e8me si\u00e8cle en France ?<\/h3><p>Le <strong>20\u00e8me si\u00e8cle en France<\/strong> est une p\u00e9riode marqu\u00e9e par des guerres mondiales, des r\u00e9formes politiques majeures, et une intense cr\u00e9ativit\u00e9 culturelle.<\/p><h3>Quels sont les principaux \u00e9v\u00e9nements du 20\u00e8me si\u00e8cle en France ?<\/h3><p>Les deux Guerres mondiales, la cr\u00e9ation de la Cinqui\u00e8me R\u00e9publique, et la d\u00e9colonisation sont les \u00e9v\u00e9nements majeurs.<\/p><h3>Qui sont les figures importantes du 20\u00e8me si\u00e8cle en France ?<\/h3><p><strong>Charles de Gaulle<\/strong>, <strong>Jean-Paul Sartre<\/strong>, <strong>Simone de Beauvoir<\/strong>, <strong>Pablo Picasso<\/strong>, et <strong>Fran\u00e7ois Mitterrand<\/strong> comptent parmi les figures cl\u00e9s.<\/p><h3>Quels sont les mouvements artistiques du 20\u00e8me si\u00e8cle en France ?<\/h3><p>Le cubisme, le surr\u00e9alisme, et l\u2019existentialisme sont des mouvements artistiques et intellectuels influents du 20\u00e8me si\u00e8cle.<\/p><h3>Quels lieux visiter pour comprendre le 20\u00e8me si\u00e8cle en France ?<\/h3><p>Les plages du d\u00e9barquement, le M\u00e9morial de Caen, et le Centre Pompidou \u00e0 Paris sont des lieux incontournables pour explorer cette p\u00e9riode.<\/p><h2>Conclusion<\/h2><p>Le <strong>20\u00e8me si\u00e8cle en France<\/strong> est une p\u00e9riode riche en \u00e9v\u00e9nements qui ont fa\u00e7onn\u00e9 l\u2019histoire et la culture du pays. De la mont\u00e9e en puissance d\u2019artistes comme Picasso \u00e0 la R\u00e9sistance durant la Seconde Guerre mondiale, en passant par des personnalit\u00e9s politiques influentes comme de Gaulle, ce si\u00e8cle a marqu\u00e9 l\u2019identit\u00e9 fran\u00e7aise. Pour en savoir plus sur cette \u00e9poque, consultez [cet article].<\/p>\t\t\t\t\t\t\t\t<\/div>\n\t\t\t\t\t<\/div>\n\t\t\t\t<\/div>\n\t\t\t\t<\/div>\n\t\t","protected":false},"excerpt":{"rendered":"<p>D\u00e9couvrez le 20\u00e8me si\u00e8cle en France, une p\u00e9riode riche en \u00e9v\u00e9nements qui ont fa\u00e7onn\u00e9 l\u2019histoire et la culture du pays.<\/p>\n","protected":false},"author":1,"featured_media":57480,"comment_status":"closed","ping_status":"closed","sticky":false,"template":"elementor_header_footer","format":"standard","meta":{"ngg_post_thumbnail":0,"footnotes":""},"categories":[477],"tags":[1774,200,199],"class_list":["post-44262","post","type-post","status-publish","format-standard","has-post-thumbnail","hentry","category-france","tag-20eme-siecle","tag-histoire","tag-patrimoine"],"_links":{"self":[{"href":"https:\/\/cparici.com\/fr\/wp-json\/wp\/v2\/posts\/44262","targetHints":{"allow":["GET"]}}],"collection":[{"href":"https:\/\/cparici.com\/fr\/wp-json\/wp\/v2\/posts"}],"about":[{"href":"https:\/\/cparici.com\/fr\/wp-json\/wp\/v2\/types\/post"}],"author":[{"embeddable":true,"href":"https:\/\/cparici.com\/fr\/wp-json\/wp\/v2\/users\/1"}],"replies":[{"embeddable":true,"href":"https:\/\/cparici.com\/fr\/wp-json\/wp\/v2\/comments?post=44262"}],"version-history":[{"count":0,"href":"https:\/\/cparici.com\/fr\/wp-json\/wp\/v2\/posts\/44262\/revisions"}],"wp:featuredmedia":[{"embeddable":true,"href":"https:\/\/cparici.com\/fr\/wp-json\/wp\/v2\/media\/57480"}],"wp:attachment":[{"href":"https:\/\/cparici.com\/fr\/wp-json\/wp\/v2\/media?parent=44262"}],"wp:term":[{"taxonomy":"category","embeddable":true,"href":"https:\/\/cparici.com\/fr\/wp-json\/wp\/v2\/categories?post=44262"},{"taxonomy":"post_tag","embeddable":true,"href":"https:\/\/cparici.com\/fr\/wp-json\/wp\/v2\/tags?post=44262"}],"curies":[{"name":"wp","href":"https:\/\/api.w.org\/{rel}","templated":true}]}}