{"id":44284,"date":"2025-01-04T09:13:24","date_gmt":"2025-01-04T08:13:24","guid":{"rendered":"https:\/\/cparici.com\/?p=44284"},"modified":"2025-03-27T06:46:06","modified_gmt":"2025-03-27T05:46:06","slug":"histoire-de-la-langue-francaise","status":"publish","type":"post","link":"https:\/\/cparici.com\/fr\/histoire-de-la-langue-francaise\/","title":{"rendered":"Histoire de la langue fran\u00e7aise"},"content":{"rendered":"\t\t<div data-elementor-type=\"wp-post\" data-elementor-id=\"44284\" class=\"elementor elementor-44284\" data-elementor-post-type=\"post\">\n\t\t\t\t<div class=\"elementor-element elementor-element-e534ae2 e-con-full e-flex e-con e-parent\" data-id=\"e534ae2\" data-element_type=\"container\" data-e-type=\"container\">\n\t\t\t\t<div class=\"elementor-element elementor-element-b7f036d elementor-widget elementor-widget-image\" data-id=\"b7f036d\" data-element_type=\"widget\" data-e-type=\"widget\" data-widget_type=\"image.default\">\n\t\t\t\t\t\t\t\t\t\t\t\t\t\t\t<img decoding=\"async\" width=\"1500\" height=\"530\" src=\"https:\/\/cparici.com\/wp-content\/uploads\/2025\/01\/cparici-93.jpg\" class=\"attachment-full size-full wp-image-50719\" alt=\"histoire de la langue fran\u00e7aise\" srcset=\"https:\/\/cparici.com\/wp-content\/uploads\/2025\/01\/cparici-93.jpg 1500w, https:\/\/cparici.com\/wp-content\/uploads\/2025\/01\/cparici-93-300x106.jpg 300w, https:\/\/cparici.com\/wp-content\/uploads\/2025\/01\/cparici-93-1024x362.jpg 1024w, https:\/\/cparici.com\/wp-content\/uploads\/2025\/01\/cparici-93-768x271.jpg 768w, https:\/\/cparici.com\/wp-content\/uploads\/2025\/01\/cparici-93-590x208.jpg 590w, https:\/\/cparici.com\/wp-content\/uploads\/2025\/01\/cparici-93-1200x424.jpg 1200w, https:\/\/cparici.com\/wp-content\/uploads\/2025\/01\/cparici-93-577x204.jpg 577w, https:\/\/cparici.com\/wp-content\/uploads\/2025\/01\/cparici-93-600x212.jpg 600w\" sizes=\"(max-width: 1500px) 100vw, 1500px\" \/>\t\t\t\t\t\t\t\t\t\t\t\t\t\t\t<\/div>\n\t\t\t\t<\/div>\n\t\t<div class=\"elementor-element elementor-element-3588c853 e-flex e-con-boxed e-con e-parent\" data-id=\"3588c853\" data-element_type=\"container\" data-e-type=\"container\">\n\t\t\t\t\t<div class=\"e-con-inner\">\n\t\t\t\t<div class=\"elementor-element elementor-element-7817eb99 elementor-widget elementor-widget-text-editor\" data-id=\"7817eb99\" data-element_type=\"widget\" data-e-type=\"widget\" data-widget_type=\"text-editor.default\">\n\t\t\t\t\t\t\t\t\t<h1 style=\"text-align: center;\"><span style=\"font-size: 18pt;\"><strong>Histoire de la langue fran\u00e7aise<\/strong><\/span><\/h1><p>L\u2019<strong>histoire de la langue fran\u00e7aise<\/strong> est fascinante et profond\u00e9ment li\u00e9e \u00e0 l\u2019\u00e9volution culturelle et <a href=\"https:\/\/cparici.com\/fr\/histoire-de-france\/\">historique<\/a> de la France. En tant que langue romane, le fran\u00e7ais s\u2019est d\u00e9velopp\u00e9 au fil des si\u00e8cles, fa\u00e7onn\u00e9 par de multiples influences. Cette langue, parl\u00e9e dans le monde entier, refl\u00e8te le riche patrimoine du pays et continue d\u2019\u00e9voluer. Lors de vos voyages <a href=\"https:\/\/cparici.com\/fr\/visiter-la-france-guide-des-regions-et-sites-touristiques\/\"><strong>du pays<\/strong><\/a>, vous pouvez d\u00e9couvrir des circuits touristiques d\u00e9di\u00e9s \u00e0 l\u2019histoire et au patrimoine de la langue fran\u00e7aise, explorant des r\u00e9gions comme la Normandie ou l\u2019\u00cele-de-France.<\/p><h2>Histoire de la langue fran\u00e7aise \u2013 Origine et formation de la langue fran\u00e7aise<\/h2><h4>Les racines latines de la langue fran\u00e7aise<\/h4><p>La langue fran\u00e7aise tire ses origines du <strong>latin vulgaire<\/strong>, introduit par les Romains apr\u00e8s la conqu\u00eate de la Gaule au 1er si\u00e8cle avant J.-C. Ce latin, parl\u00e9 par les soldats et les colons romains, a \u00e9volu\u00e9 au fil du temps sous l\u2019influence des langues gauloises locales et des autres langues germaniques introduites par les invasions des peuples francs.<\/p><p>Le passage du latin au <strong>fran\u00e7ais ancien<\/strong> s\u2019est op\u00e9r\u00e9 progressivement, marquant une premi\u00e8re \u00e9tape importante dans l\u2019\u00e9volution de la langue fran\u00e7aise.<\/p><h4>L\u2019\u00e9volution vers le fran\u00e7ais moderne<\/h4><p>L\u2019\u00e9tape suivante dans l\u2019histoire de la langue fran\u00e7aise est marqu\u00e9e par le <strong>moyen fran\u00e7ais<\/strong> (14e au 16e si\u00e8cle), p\u00e9riode durant laquelle la langue a subi des changements phon\u00e9tiques et grammaticaux majeurs. Sous l\u2019influence des rois de France, le fran\u00e7ais est devenu la langue de la cour royale, rempla\u00e7ant le latin dans l\u2019administration et la justice. En 1539, l\u2019ordonnance de <strong>Villers-Cotter\u00eats<\/strong>, sign\u00e9e par Fran\u00e7ois Ier, a impos\u00e9 l\u2019usage du fran\u00e7ais dans les actes administratifs, acc\u00e9l\u00e9rant son adoption officielle.<\/p><h4>L\u2019acad\u00e9mie fran\u00e7aise et le rayonnement du fran\u00e7ais<\/h4><p>En 1635, <strong>l\u2019Acad\u00e9mie fran\u00e7aise<\/strong> a \u00e9t\u00e9 fond\u00e9e par le cardinal Richelieu pour standardiser et codifier la langue. Cette institution joue encore aujourd\u2019hui un r\u00f4le cl\u00e9 dans la pr\u00e9servation et l\u2019\u00e9volution du fran\u00e7ais. Durant cette p\u00e9riode, la langue fran\u00e7aise est devenue une langue de r\u00e9f\u00e9rence en Europe, parl\u00e9e par les \u00e9lites et utilis\u00e9e dans la diplomatie internationale.<\/p><h3>Les grandes p\u00e9riodes de l\u2019histoire de la langue fran\u00e7aise<\/h3><h4>Le fran\u00e7ais ancien<\/h4><p>Apparu vers le 9e si\u00e8cle, le <strong>fran\u00e7ais ancien<\/strong> est issu de la transformation du latin vulgaris\u00e9, enrichi par des mots d\u2019origine gauloise et germanique. C\u2019est \u00e0 cette \u00e9poque que les premiers textes en fran\u00e7ais, comme la <em>S\u00e9quence de Sainte Eulalie<\/em> (9e si\u00e8cle), ont \u00e9t\u00e9 \u00e9crits.<\/p><h4>Le moyen fran\u00e7ais<\/h4><p>Entre le 14e et le 16e si\u00e8cle, la langue s\u2019enrichit de nombreux termes emprunt\u00e9s \u00e0 l\u2019italien et \u00e0 l\u2019espagnol, notamment durant la Renaissance. L\u2019introduction de l\u2019imprimerie par <strong>Gutenberg<\/strong> au 15e si\u00e8cle a \u00e9galement permis la diffusion des \u0153uvres litt\u00e9raires en langue fran\u00e7aise.<\/p><h4>Le fran\u00e7ais classique<\/h4><p>Au 17e si\u00e8cle, la langue se stabilise et s\u2019affine sous l\u2019influence des \u00e9crivains et des acad\u00e9miciens. C\u2019est l\u2019\u00e9poque de grands auteurs comme <strong>Moli\u00e8re<\/strong>, <strong>Racine<\/strong> et <strong>La Fontaine<\/strong>, qui ont marqu\u00e9 l\u2019histoire de la langue par leurs \u0153uvres. La p\u00e9riode classique a vu le fran\u00e7ais devenir une langue internationale.<\/p><h4>Le fran\u00e7ais moderne<\/h4><p>\u00c0 partir du 19e si\u00e8cle, le <strong>fran\u00e7ais moderne<\/strong> \u00e9merge, avec une structure grammaticale proche de celle que nous connaissons aujourd\u2019hui. Des r\u00e9formes orthographiques, ainsi que l\u2019influence des mouvements litt\u00e9raires comme le romantisme et le r\u00e9alisme, ont \u00e9galement contribu\u00e9 \u00e0 l\u2019\u00e9volution de la langue.<\/p><h3>Les personnages historiques qui ont influenc\u00e9 la langue fran\u00e7aise<\/h3><h4>Les \u00e9crivains et po\u00e8tes<\/h4><p>Parmi les figures majeures ayant fa\u00e7onn\u00e9 la langue fran\u00e7aise, <strong>Voltaire<\/strong>, <a href=\"https:\/\/cparici.com\/fr\/victor-hugo-et-la-france\/\"><strong>Victor Hugo<\/strong><\/a>, <strong>Rabelais<\/strong> et <strong>Rousseau<\/strong> sont incontournables. Ces auteurs, par leurs \u0153uvres et leur style, ont enrichi la langue en cr\u00e9ant de nouveaux mots, expressions et formes litt\u00e9raires.<\/p><h4>Les philosophes et penseurs<\/h4><p>Les philosophes des <strong>Lumi\u00e8res<\/strong>, tels que <strong>Diderot<\/strong>, <strong>Montesquieu<\/strong> et <strong>Rousseau<\/strong>, ont non seulement influenc\u00e9 la langue fran\u00e7aise par leurs \u00e9crits, mais ont aussi particip\u00e9 \u00e0 la diffusion de cette langue \u00e0 travers leurs id\u00e9es r\u00e9volutionnaires, qui ont inspir\u00e9 des g\u00e9n\u00e9rations \u00e0 travers le monde.<\/p><h4>Les hommes politiques<\/h4><p>Des figures comme <strong>Fran\u00e7ois Ier<\/strong> et <a href=\"https:\/\/cparici.com\/fr\/napoleon-bonaparte\/\"><strong>Napol\u00e9on Bonaparte<\/strong><\/a> ont \u00e9galement jou\u00e9 un r\u00f4le cl\u00e9 dans l\u2019histoire de la langue fran\u00e7aise. Leurs r\u00e9formes administratives et l\u00e9gislatives ont contribu\u00e9 \u00e0 standardiser l\u2019usage du fran\u00e7ais dans toute la France et au-del\u00e0.<\/p><h3>Le patrimoine culturel li\u00e9 \u00e0 la langue fran\u00e7aise<\/h3><h4>Patrimoine litt\u00e9raire<\/h4><p>La <strong>litt\u00e9rature fran\u00e7aise<\/strong> est un pilier du patrimoine culturel du pays. Des \u0153uvres comme <em>Les Mis\u00e9rables<\/em> de Victor Hugo ou <em>Madame Bovary<\/em> de Flaubert sont non seulement des chefs-d\u2019\u0153uvre, mais aussi des t\u00e9moignages vivants de l\u2019\u00e9volution de la langue fran\u00e7aise \u00e0 travers les si\u00e8cles.<\/p><h4>Patrimoine artistique et architectural<\/h4><p>Le fran\u00e7ais a \u00e9galement influenc\u00e9 le <strong>monde des arts<\/strong>. Des monuments comme le <a href=\"https:\/\/cparici.com\/fr\/musee-du-louvre\/\"><strong>Louvre<\/strong><\/a> et <a href=\"https:\/\/cparici.com\/fr\/chateau-de-versailles\/\"><strong>Versailles<\/strong>,<\/a> des \u0153uvres de peintres comme <strong>David<\/strong> ou <strong>Delacroix<\/strong>, refl\u00e8tent la richesse du patrimoine artistique fran\u00e7ais et son rayonnement international.<\/p><h4>Patrimoine gastronomique<\/h4><p>La <strong>gastronomie fran\u00e7aise<\/strong>, class\u00e9e au <a href=\"https:\/\/cparici.com\/fr\/patrimoine-mondial-de-l-unesco-en-france\/\">patrimoine mondial de l\u2019UNESCO<\/a>, utilise un vocabulaire sp\u00e9cifique qui s\u2019est r\u00e9pandu \u00e0 travers le monde. De nombreux termes culinaires en fran\u00e7ais sont couramment utilis\u00e9s dans les cuisines internationales.<\/p><h3>Les circuits touristiques li\u00e9s \u00e0 la langue fran\u00e7aise<\/h3><p>Il existe plusieurs circuits touristiques en France d\u00e9di\u00e9s \u00e0 la d\u00e9couverte de l\u2019histoire de la langue fran\u00e7aise. En visitant des lieux embl\u00e9matiques comme <strong>l\u2019Acad\u00e9mie fran\u00e7aise<\/strong> \u00e0 Paris, ou encore la maison de <strong>Voltaire<\/strong> et celle de <strong>Balzac<\/strong>, les voyageurs peuvent plonger dans l\u2019univers des grandes figures de la litt\u00e9rature et de la culture fran\u00e7aise.<\/p><p>Les circuits litt\u00e9raires en r\u00e9gions, comme ceux de <a href=\"https:\/\/cparici.com\/fr\/visiter-la-normandie-guide\/\"><strong>Normandie<\/strong><\/a> ou du <strong>Val de Loire<\/strong>, permettent aussi de d\u00e9couvrir des ch\u00e2teaux, mus\u00e9es et monuments associ\u00e9s \u00e0 l\u2019histoire de la langue fran\u00e7aise.<\/p><h3>Foire aux questions (FAQ)<\/h3><h4>Quelle est l\u2019origine de la langue fran\u00e7aise ?<\/h4><p>La langue fran\u00e7aise vient du <strong>latin vulgaire<\/strong>, influenc\u00e9 par les langues gauloises et les dialectes germaniques des envahisseurs francs.<\/p><h4>Quand le fran\u00e7ais est-il devenu la langue officielle de la France ?<\/h4><p>En 1539, l\u2019ordonnance de <strong>Villers-Cotter\u00eats<\/strong> a fait du fran\u00e7ais la langue officielle pour les actes administratifs en France.<\/p><h4>Quelles sont les p\u00e9riodes cl\u00e9s de l\u2019\u00e9volution de la langue fran\u00e7aise ?<\/h4><p>Les p\u00e9riodes majeures sont le <strong>fran\u00e7ais ancien<\/strong>, le <strong>moyen fran\u00e7ais<\/strong>, le <strong>fran\u00e7ais classique<\/strong>, et le <strong>fran\u00e7ais moderne<\/strong>.<\/p><h4>Quels auteurs ont marqu\u00e9 l\u2019histoire de la langue fran\u00e7aise ?<\/h4><p>Des auteurs tels que <strong>Moli\u00e8re<\/strong>, <strong>Victor Hugo<\/strong>, <strong>Rabelais<\/strong> et <strong>Voltaire<\/strong> ont profond\u00e9ment influenc\u00e9 la langue fran\u00e7aise.<\/p><h4>Quels lieux visiter pour d\u00e9couvrir l\u2019histoire de la langue fran\u00e7aise ?<\/h4><p>Des lieux comme <strong>l\u2019Acad\u00e9mie fran\u00e7aise<\/strong>, les maisons d\u2019\u00e9crivains c\u00e9l\u00e8bres (Voltaire, Balzac), et les ch\u00e2teaux de la <strong>Loire<\/strong> offrent un aper\u00e7u du patrimoine linguistique fran\u00e7ais.<\/p><h4>Qui a cr\u00e9\u00e9 l\u2019Acad\u00e9mie fran\u00e7aise ?<\/h4><p>L\u2019<strong>Acad\u00e9mie fran\u00e7aise<\/strong> a \u00e9t\u00e9 cr\u00e9\u00e9e en 1635 par le cardinal <strong>Richelieu<\/strong> pour codifier et prot\u00e9ger la langue fran\u00e7aise.<\/p><h4>Quelles sont les influences majeures de la langue fran\u00e7aise ?<\/h4><p>Le fran\u00e7ais a \u00e9t\u00e9 influenc\u00e9 par le <strong>latin<\/strong>, les langues <strong>germaniques<\/strong>, mais aussi par l\u2019<strong>italien<\/strong> et l\u2019<strong>espagnol<\/strong> durant la Renaissance.<\/p><h4>Quel est le r\u00f4le de l\u2019Acad\u00e9mie fran\u00e7aise aujourd\u2019hui ?<\/h4><p>L\u2019Acad\u00e9mie fran\u00e7aise veille \u00e0 la pr\u00e9servation, \u00e0 l\u2019\u00e9volution et \u00e0 la codification du fran\u00e7ais, notamment en publiant un dictionnaire de r\u00e9f\u00e9rence.<\/p><h4>Comment la langue fran\u00e7aise s\u2019est-elle diffus\u00e9e \u00e0 l\u2019international ?<\/h4><p>La langue fran\u00e7aise s\u2019est diffus\u00e9e \u00e0 travers la <strong>diplomatie<\/strong>, les <strong>colonies<\/strong> et son statut de langue de la culture et des arts en Europe et ailleurs.<\/p><h4>Pourquoi le fran\u00e7ais est-il une langue influente aujourd\u2019hui ?<\/h4><p>Le fran\u00e7ais reste une langue influente en raison de son riche h\u00e9ritage culturel, de son r\u00f4le dans la diplomatie et de son usage dans de nombreux pays du monde.<\/p><h3>Conclusion<\/h3><p>L\u2019histoire de la langue fran\u00e7aise est un t\u00e9moignage vivant de la richesse culturelle et historique de la France. Des racines latines jusqu\u2019\u00e0 son statut actuel de langue internationale, le fran\u00e7ais a travers\u00e9 les si\u00e8cles, influenc\u00e9 par des \u00e9v\u00e9nements historiques majeurs et des personnages marquants. Visiter la France, c\u2019est aussi d\u00e9couvrir l\u2019h\u00e9ritage de cette langue \u00e0 travers ses lieux embl\u00e9matiques, ses \u00e9crivains et ses monuments.<\/p><p>Pour en savoir plus sur l\u2019histoire du fran\u00e7ais, vous pouvez consulter <a href=\"https:\/\/fr.wikipedia.org\/wiki\/Langue_fran%C3%A7aise\" target=\"_new\" rel=\"noopener\">cette page informative<\/a>.<\/p><p>\u00a0<\/p>\t\t\t\t\t\t\t\t<\/div>\n\t\t\t\t\t<\/div>\n\t\t\t\t<\/div>\n\t\t\t\t<\/div>\n\t\t","protected":false},"excerpt":{"rendered":"<p>Histoire de la langue fran\u00e7aise L\u2019histoire de la langue fran\u00e7aise est fascinante et profond\u00e9ment li\u00e9e \u00e0 l\u2019\u00e9volution culturelle et historique de la France. En tant que langue romane, le fran\u00e7ais s\u2019est d\u00e9velopp\u00e9 au fil des si\u00e8cles, fa\u00e7onn\u00e9 par de multiples influences. Cette langue, parl\u00e9e dans le monde entier, refl\u00e8te le riche patrimoine du pays et [&hellip;]<\/p>\n","protected":false},"author":1,"featured_media":50719,"comment_status":"closed","ping_status":"closed","sticky":false,"template":"elementor_header_footer","format":"standard","meta":{"ngg_post_thumbnail":0,"footnotes":""},"categories":[477],"tags":[1287,200,1787,199],"class_list":["post-44284","post","type-post","status-publish","format-standard","has-post-thumbnail","hentry","category-france","tag-culture","tag-histoire","tag-langue-francaise","tag-patrimoine"],"_links":{"self":[{"href":"https:\/\/cparici.com\/fr\/wp-json\/wp\/v2\/posts\/44284","targetHints":{"allow":["GET"]}}],"collection":[{"href":"https:\/\/cparici.com\/fr\/wp-json\/wp\/v2\/posts"}],"about":[{"href":"https:\/\/cparici.com\/fr\/wp-json\/wp\/v2\/types\/post"}],"author":[{"embeddable":true,"href":"https:\/\/cparici.com\/fr\/wp-json\/wp\/v2\/users\/1"}],"replies":[{"embeddable":true,"href":"https:\/\/cparici.com\/fr\/wp-json\/wp\/v2\/comments?post=44284"}],"version-history":[{"count":0,"href":"https:\/\/cparici.com\/fr\/wp-json\/wp\/v2\/posts\/44284\/revisions"}],"wp:featuredmedia":[{"embeddable":true,"href":"https:\/\/cparici.com\/fr\/wp-json\/wp\/v2\/media\/50719"}],"wp:attachment":[{"href":"https:\/\/cparici.com\/fr\/wp-json\/wp\/v2\/media?parent=44284"}],"wp:term":[{"taxonomy":"category","embeddable":true,"href":"https:\/\/cparici.com\/fr\/wp-json\/wp\/v2\/categories?post=44284"},{"taxonomy":"post_tag","embeddable":true,"href":"https:\/\/cparici.com\/fr\/wp-json\/wp\/v2\/tags?post=44284"}],"curies":[{"name":"wp","href":"https:\/\/api.w.org\/{rel}","templated":true}]}}