{"id":56212,"date":"2025-02-02T08:39:08","date_gmt":"2025-02-02T07:39:08","guid":{"rendered":"https:\/\/cparici.com\/?p=56212"},"modified":"2025-03-27T07:50:09","modified_gmt":"2025-03-27T06:50:09","slug":"rock-the-pistes-festival","status":"publish","type":"post","link":"https:\/\/cparici.com\/fr\/rock-the-pistes-festival\/","title":{"rendered":"Rock The Pistes Festival"},"content":{"rendered":"\t\t<div data-elementor-type=\"wp-post\" data-elementor-id=\"56212\" class=\"elementor elementor-56212\" data-elementor-post-type=\"post\">\n\t\t\t\t<div class=\"elementor-element elementor-element-c6b0785 e-flex e-con-boxed e-con e-parent\" data-id=\"c6b0785\" data-element_type=\"container\" data-e-type=\"container\">\n\t\t\t\t\t<div class=\"e-con-inner\">\n\t\t\t\t<div class=\"elementor-element elementor-element-df2aa9a elementor-widget elementor-widget-image\" data-id=\"df2aa9a\" data-element_type=\"widget\" data-e-type=\"widget\" data-widget_type=\"image.default\">\n\t\t\t\t\t\t\t\t\t\t\t\t\t\t\t<img decoding=\"async\" width=\"2063\" height=\"729\" src=\"https:\/\/cparici.com\/wp-content\/uploads\/2025\/02\/cparici-2025-02-02T083346.227.jpg\" class=\"attachment-full size-full wp-image-56213\" alt=\"Rock The Pistes Festival\" srcset=\"https:\/\/cparici.com\/wp-content\/uploads\/2025\/02\/cparici-2025-02-02T083346.227.jpg 2063w, https:\/\/cparici.com\/wp-content\/uploads\/2025\/02\/cparici-2025-02-02T083346.227-300x106.jpg 300w, https:\/\/cparici.com\/wp-content\/uploads\/2025\/02\/cparici-2025-02-02T083346.227-1024x362.jpg 1024w, https:\/\/cparici.com\/wp-content\/uploads\/2025\/02\/cparici-2025-02-02T083346.227-768x271.jpg 768w, https:\/\/cparici.com\/wp-content\/uploads\/2025\/02\/cparici-2025-02-02T083346.227-1536x543.jpg 1536w, https:\/\/cparici.com\/wp-content\/uploads\/2025\/02\/cparici-2025-02-02T083346.227-2048x724.jpg 2048w, https:\/\/cparici.com\/wp-content\/uploads\/2025\/02\/cparici-2025-02-02T083346.227-590x208.jpg 590w, https:\/\/cparici.com\/wp-content\/uploads\/2025\/02\/cparici-2025-02-02T083346.227-1200x424.jpg 1200w, https:\/\/cparici.com\/wp-content\/uploads\/2025\/02\/cparici-2025-02-02T083346.227-577x204.jpg 577w, https:\/\/cparici.com\/wp-content\/uploads\/2025\/02\/cparici-2025-02-02T083346.227-600x212.jpg 600w\" sizes=\"(max-width: 2063px) 100vw, 2063px\" \/>\t\t\t\t\t\t\t\t\t\t\t\t\t\t\t<\/div>\n\t\t\t\t\t<\/div>\n\t\t\t\t<\/div>\n\t\t<div class=\"elementor-element elementor-element-7f46b204 e-flex e-con-boxed e-con e-parent\" data-id=\"7f46b204\" data-element_type=\"container\" data-e-type=\"container\">\n\t\t\t\t\t<div class=\"e-con-inner\">\n\t\t\t\t<div class=\"elementor-element elementor-element-7aeddebb elementor-widget elementor-widget-text-editor\" data-id=\"7aeddebb\" data-element_type=\"widget\" data-e-type=\"widget\" data-widget_type=\"text-editor.default\">\n\t\t\t\t\t\t\t\t\t<article class=\"w-full text-token-text-primary focus-visible:outline-2 focus-visible:outline-offset-[-4px]\" dir=\"auto\" data-testid=\"conversation-turn-91\" data-scroll-anchor=\"false\"><div class=\"m-auto text-base py-[18px] px-3 md:px-4 w-full md:px-5 lg:px-4 xl:px-5\"><div class=\"mx-auto flex flex-1 gap-4 text-base md:gap-5 lg:gap-6 md:max-w-3xl lg:max-w-[40rem] xl:max-w-[48rem]\"><div class=\"group\/conversation-turn relative flex w-full min-w-0 flex-col agent-turn\"><div class=\"flex-col gap-1 md:gap-3\"><div class=\"flex max-w-full flex-col flex-grow\"><div class=\"min-h-8 text-message flex w-full flex-col items-end gap-2 whitespace-normal break-words text-start [.text-message+&]:mt-5\" dir=\"auto\" data-message-author-role=\"assistant\" data-message-id=\"9c393595-5f90-464b-b1c7-142f17682010\" data-message-model-slug=\"gpt-4o\"><div class=\"flex w-full flex-col gap-1 empty:hidden first:pt-[3px]\"><div class=\"markdown prose w-full break-words dark:prose-invert light\"><h1 style=\"text-align: center;\"><span style=\"font-size: 18pt;\"><strong>Rock The Pistes Festival\u00a0<\/strong><\/span><\/h1><p>Le <strong>Rock The Pistes Festival<\/strong> est un \u00e9v\u00e9nement unique en son genre, alliant <strong>musique live<\/strong> et <strong>sports d\u2019hiver<\/strong> au c\u0153ur des <strong>Portes du Soleil<\/strong>, l\u2019un des plus grands domaines skiables d\u2019Europe.<\/p><p><strong>Pour d\u00e9couvrir les Portes du Soleil,<\/strong> <strong><a href=\"https:\/\/cparici.com\/fr\/portes-du-soleil\/\">lisez notre article d\u00e9di\u00e9 ici.<\/a><\/strong><\/p><h2><span style=\"font-size: 18pt;\"><strong>Rock The Pistes Festival,\u00a0 Le rendez-vous musical des Portes du Soleil<\/strong><\/span><\/h2><p>Chaque ann\u00e9e, au mois de mars, ce <a href=\"https:\/\/cparici.com\/fr\/festivals-en-france\/\">festival<\/a> attire des milliers de passionn\u00e9s de <strong>glisse<\/strong> et de <strong>musique<\/strong> venus assister \u00e0 des <strong>concerts en plein air<\/strong> sur les pistes enneig\u00e9es. Entre <strong>panoramas alpins \u00e9poustouflants<\/strong> et <strong>ambiance festive<\/strong>, le <strong>Rock The Pistes<\/strong> est l\u2019occasion de vivre une exp\u00e9rience inoubliable, skis aux pieds ou en snowboard, au son des plus grands artistes de la sc\u00e8ne fran\u00e7aise et internationale.<\/p><h3><strong>Pourquoi assister au Rock The Pistes Festival ?<\/strong><\/h3><p>\u2714 <strong>Des concerts en altitude<\/strong> : Profitez de performances live \u00e0 plus de 1 500 m\u00e8tres d\u2019altitude.<br \/>\u2714 <strong>Un cadre exceptionnel<\/strong> : Entre la France et la Suisse, avec des vues imprenables sur les Alpes.<br \/>\u2714 <strong>Un \u00e9v\u00e9nement gratuit<\/strong> : Les concerts sont inclus dans le prix du forfait ski.<br \/>\u2714 <strong>Un programme vari\u00e9<\/strong> : Artistes de renom, d\u00e9couvertes musicales et DJ sets sur les pistes.<br \/>\u2714 <strong>Ambiance unique<\/strong> : Skiez le matin, dansez l\u2019apr\u00e8s-midi et profitez des afters en station.<\/p><h2><span style=\"font-size: 18pt;\"><strong>L\u2019histoire du Rock The Pistes Festival<\/strong><\/span><\/h2><p>Lanc\u00e9 en <strong>2011<\/strong>, le <strong>Rock The Pistes Festival<\/strong> est rapidement devenu un \u00e9v\u00e9nement incontournable des <strong>Portes du Soleil<\/strong>. Son concept novateur, m\u00ealant <strong>concerts live<\/strong> et <strong>sports d\u2019hiver<\/strong>, a s\u00e9duit un public vari\u00e9, des passionn\u00e9s de glisse aux amateurs de musique. Le festival se d\u00e9roule chaque ann\u00e9e au mois de <strong>mars<\/strong>, une p\u00e9riode id\u00e9ale pour profiter d\u2019un <strong>enneigement optimal<\/strong> et de journ\u00e9es ensoleill\u00e9es.<\/p><p>Au fil des \u00e9ditions, le <strong>Rock The Pistes<\/strong> a accueilli des artistes de renom comme <strong>Ga\u00ebtan Roussel<\/strong>, <strong>Shaka Ponk<\/strong>, <strong>IAM<\/strong>, <strong>Chinese Man<\/strong>, <strong>Skip The Use<\/strong> ou encore <strong>Ofenbach<\/strong>, tout en mettant en avant des talents \u00e9mergents.<\/p><h2><span style=\"font-size: 18pt;\"><strong>Le programme du Rock The Pistes Festival 2025<\/strong><\/span><\/h2><p>Voici le tableau r\u00e9capitulatif des concerts du <strong>Rock The Pistes Festival 2025<\/strong> :<\/p><table><thead><tr><th><strong>Artiste<\/strong><\/th><th><strong>Date<\/strong><\/th><th><strong>Lieu<\/strong><\/th><\/tr><\/thead><tbody><tr><td><strong>Black M<\/strong><\/td><td>16 mars<\/td><td>\u00a0 Ch\u00e2tel<\/td><\/tr><tr><td><strong>La Femme<\/strong><\/td><td>17 mars<\/td><td>\u00a0 Ch\u00e2tel<\/td><\/tr><tr><td><strong>MCSolaar<\/strong><\/td><td>19 mars<\/td><td>\u00a0 Montriond \u2013 Les Lindarets, domaine skiable d\u2019Avoriaz<\/td><\/tr><tr><td><strong>Royal Republic<\/strong><\/td><td>20 mars<\/td><td>\u00a0 Montriond \u2013 Les Lindarets, domaine skiable d\u2019Avoriaz<\/td><\/tr><tr><td><strong>Pierre-Hugues Jos\u00e9<\/strong><\/td><td>21 mars<\/td><td>\u00a0 Morgins<\/td><\/tr><tr><td><strong>Vald<\/strong><\/td><td>21 mars<\/td><td>\u00a0 Morgins<\/td><\/tr><tr><td><strong>Howlin\u2019 Jaws<\/strong><\/td><td>22 mars<\/td><td>\u00a0 Morgins<\/td><\/tr><tr><td><strong>The Inspector Cluzo<\/strong><\/td><td>22 mars<\/td><td>\u00a0 Morgins<\/td><\/tr><\/tbody><\/table><p>\u00a0<\/p><h3><strong>1. Des concerts en altitude\u00a0<\/strong><\/h3><p>Les concerts du <strong>Rock The Pistes<\/strong> se d\u00e9roulent <strong>directement sur les pistes<\/strong>, accessibles uniquement en <strong>ski ou en snowboard<\/strong>. Les sc\u00e8nes sont install\u00e9es \u00e0 des points strat\u00e9giques du domaine, offrant des <strong>vues spectaculaires<\/strong> sur les montagnes.<\/p><p><strong>Lieux embl\u00e9matiques des concerts<\/strong> :<\/p><ul><li><a href=\"https:\/\/cparici.com\/fr\/avoriaz\/\"><strong>Avoriaz<\/strong><\/a> : Concerts sur le plateau de <strong>Lindarets<\/strong>.<\/li><li><strong><a href=\"https:\/\/cparici.com\/fr\/morzine\/\">Morzine<\/a>\u2013<a href=\"https:\/\/cparici.com\/fr\/les-gets\/\">Les Gets<\/a><\/strong> : Sc\u00e8ne install\u00e9e \u00e0 <strong>Nyon<\/strong> ou au sommet du <strong>Pleney<\/strong>.<\/li><li><strong>Ch\u00e2tel<\/strong> : Performances au sommet du <strong>Super-Ch\u00e2tel<\/strong>.<\/li><li><strong>Champ\u00e9ry (Suisse)<\/strong> : Concerts au <strong>Pas de Chavanette<\/strong>, \u00e0 la fronti\u00e8re franco-suisse.<\/li><\/ul><p><strong>Astuce<\/strong> : Consultez la <strong>carte des pistes<\/strong> pour planifier votre journ\u00e9e et ne pas manquer vos concerts pr\u00e9f\u00e9r\u00e9s !<\/p><h3><strong>2. Off The Pistes : Les concerts en station\u00a0<\/strong><\/h3><p>En plus des concerts en altitude, le festival propose des <strong>afters<\/strong> et des <strong>concerts gratuits<\/strong> dans les stations chaque soir. Ces \u00e9v\u00e9nements permettent de prolonger l\u2019exp\u00e9rience dans une ambiance plus intimiste.<\/p><p><strong>Exemples de lieux Off The Pistes<\/strong> :<\/p><ul><li>Bars et pubs de <strong>Morzine<\/strong> et <strong>Avoriaz<\/strong>.<\/li><li>Sc\u00e8nes en plein air dans les villages de <strong>Les Gets<\/strong> et <strong>Ch\u00e2tel<\/strong>.<\/li><li>Performances acoustiques et DJ sets dans les stations suisses comme <strong>Morgins<\/strong> et <strong>Champ\u00e9ry<\/strong>.<\/li><\/ul><h3><strong>3. Line-up : Des artistes pour tous les go\u00fbts\u00a0<\/strong><\/h3><p>Le <strong>Rock The Pistes Festival<\/strong> propose un <strong>\u00e9clectisme musical<\/strong> m\u00ealant <strong>rock, \u00e9lectro, pop, reggae<\/strong> et <strong>hip-hop<\/strong>. Chaque \u00e9dition r\u00e9unit des <strong>artistes de renomm\u00e9e internationale<\/strong> ainsi que des <strong>talents \u00e9mergents<\/strong>.<\/p><p><strong>Artistes ayant marqu\u00e9 le festival<\/strong> :<\/p><ul><li><strong>Shaka Ponk<\/strong><\/li><li><strong>Ga\u00ebtan Roussel<\/strong><\/li><li><strong>IAM<\/strong><\/li><li><strong>The Avener<\/strong><\/li><li><strong>Chinese Man<\/strong><\/li><li><strong>Skip The Use<\/strong><\/li><li><strong>Ofenbach<\/strong><\/li><\/ul><p><strong>Conseil<\/strong> : Le programme complet est disponible sur le site officiel du festival. Pensez \u00e0 <strong>r\u00e9server votre forfait ski<\/strong> \u00e0 l\u2019avance pour ne rien manquer !<\/p><h2><span style=\"font-size: 18pt;\"><strong>Infos pratiques pour le Rock The Pistes Festival<\/strong><\/span><\/h2><h3><strong>1. Dates et horaires\u00a0<\/strong><\/h3><p>Le festival se d\u00e9roule g\u00e9n\u00e9ralement sur <strong>5 jours<\/strong> au mois de <strong>mars<\/strong>. Les <strong>concerts en altitude<\/strong> ont lieu en d\u00e9but d\u2019apr\u00e8s-midi, tandis que les <strong>afters en station<\/strong> se tiennent en soir\u00e9e.<\/p><p><strong>Astuce<\/strong> : Arrivez t\u00f4t sur les pistes pour profiter d\u2019une <strong>bonne place<\/strong> devant la sc\u00e8ne, surtout lors des concerts tr\u00e8s attendus.<\/p><h3><strong>2. Acc\u00e8s et forfaits ski\u00a0<\/strong><\/h3><p>L\u2019acc\u00e8s aux concerts est <strong>gratuit<\/strong> mais n\u00e9cessite un <strong>forfait de ski<\/strong> pour rejoindre les sc\u00e8nes en altitude.<\/p><p><strong>Forfait Portes du Soleil<\/strong> : Ce forfait vous permet de <strong>circuler librement entre les stations<\/strong> fran\u00e7aises et suisses.<br \/><strong>Acc\u00e8s en voiture<\/strong> : Les principales stations (Morzine, Avoriaz, Les Gets, Ch\u00e2tel) disposent de <strong>parkings<\/strong>.<br \/><strong>Navettes gratuites<\/strong> : Des navettes sont mises en place entre les stations pour faciliter les d\u00e9placements.<\/p><h3><strong>3. H\u00e9bergement pendant le festival\u00a0<\/strong><\/h3><p>Les <strong>Portes du Soleil<\/strong> offrent un large choix d\u2019h\u00e9bergements, des <strong>chalets traditionnels<\/strong> aux <strong>h\u00f4tels de luxe<\/strong>, en passant par des <strong>r\u00e9sidences de tourisme<\/strong> adapt\u00e9es aux groupes.<\/p><p><strong>O\u00f9 loger ?<\/strong><\/p><ul><li><strong>Morzine<\/strong> : Id\u00e9al pour l\u2019ambiance conviviale et les afters en station.<\/li><li><strong>Avoriaz<\/strong> : Parfait pour un acc\u00e8s direct aux pistes et aux concerts.<\/li><li><strong>Les Gets<\/strong> et <strong>Ch\u00e2tel<\/strong> : Pour un s\u00e9jour plus calme en famille ou entre amis.<\/li><\/ul><p><strong>Conseil<\/strong> : <strong>R\u00e9servez votre h\u00e9bergement \u00e0 l\u2019avance<\/strong>, car le festival attire de nombreux visiteurs et les places se remplissent rapidement.<\/p><h3><strong>4. Que pr\u00e9voir pour le Rock The Pistes ?\u00a0<\/strong><\/h3><ul><li><strong>V\u00eatements chauds<\/strong> : Les concerts se d\u00e9roulent en plein air, souvent \u00e0 des altitudes \u00e9lev\u00e9es.<\/li><li><strong>Lunettes de soleil et cr\u00e8me solaire<\/strong> : Le soleil en montagne peut \u00eatre intense, m\u00eame en mars.<\/li><li><strong>Mat\u00e9riel de ski ou snowboard<\/strong> : Indispensable pour acc\u00e9der aux sc\u00e8nes en altitude.<\/li><li><strong>Gourde et encas<\/strong> : Pour rester hydrat\u00e9 et \u00e9nergique pendant les concerts.<\/li><\/ul><h2><span style=\"font-size: 18pt;\"><strong>FAQ sur le Rock The Pistes Festival<\/strong><\/span><\/h2><h3><strong>1. Le Rock The Pistes Festival est-il gratuit ?<\/strong><\/h3><p>Oui, l\u2019acc\u00e8s aux concerts est <strong>inclus dans le prix du forfait ski<\/strong>. Aucun billet suppl\u00e9mentaire n\u2019est n\u00e9cessaire pour assister aux performances.<\/p><h3><strong>2. Faut-il \u00eatre skieur pour assister aux concerts ?<\/strong><\/h3><p>Oui, les concerts en altitude sont accessibles <strong>uniquement en ski ou en snowboard<\/strong>. Cependant, les concerts <strong>Off The Pistes<\/strong> en station sont ouverts \u00e0 tous, m\u00eame aux non-skieurs.<\/p><h3><strong>3. O\u00f9 acheter les forfaits pour le Rock The Pistes ?<\/strong><\/h3><p>Les <strong>forfaits Portes du Soleil<\/strong> sont disponibles sur le site officiel des stations ou aux caisses des remont\u00e9es m\u00e9caniques.<\/p><h3><strong>4. Quels sont les meilleurs spots pour les concerts ?<\/strong><\/h3><p>Les concerts \u00e0 <strong>Avoriaz<\/strong> et <strong>Ch\u00e2tel<\/strong> offrent des panoramas exceptionnels, mais chaque station propose une exp\u00e9rience unique avec des <strong>vues imprenables sur les Alpes<\/strong>.<\/p><h3><strong>5. Peut-on assister au festival en famille ?<\/strong><\/h3><p>Oui, le festival est <strong>adapt\u00e9 aux familles<\/strong>, avec des concerts accessibles aux enfants et des activit\u00e9s parall\u00e8les pour tous les \u00e2ges.<\/p><h2><span style=\"font-size: 18pt;\"><strong>Conclusion<\/strong><\/span><\/h2><p>Le <strong>Rock The Pistes Festival<\/strong> est bien plus qu\u2019un simple festival de musique : c\u2019est une <strong>exp\u00e9rience unique<\/strong> qui allie <strong>sports d\u2019hiver<\/strong> et <strong>concerts live<\/strong> dans un cadre alpin exceptionnel. Avec ses <strong>sc\u00e8nes en altitude<\/strong>, ses <strong>artistes de renom<\/strong> et son <strong>ambiance festive<\/strong>, cet \u00e9v\u00e9nement des <strong>Portes du Soleil<\/strong> est incontournable pour tous les amoureux de la montagne et de la musique. <strong>Pr\u00e9parez vos skis, votre forfait et laissez-vous emporter par le son du Rock The Pistes !<\/strong><\/p><\/div><\/div><\/div><\/div><\/div><\/div><\/div><\/div><\/article>\t\t\t\t\t\t\t\t<\/div>\n\t\t\t\t\t<\/div>\n\t\t\t\t<\/div>\n\t\t\t\t<\/div>\n\t\t","protected":false},"excerpt":{"rendered":"<p>Rock The Pistes Festival\u00a0 Le Rock The Pistes Festival est un \u00e9v\u00e9nement unique en son genre, alliant musique live et sports d\u2019hiver au c\u0153ur des Portes du Soleil, l\u2019un des plus grands domaines skiables d\u2019Europe. Pour d\u00e9couvrir les Portes du Soleil, lisez notre article d\u00e9di\u00e9 ici. Rock The Pistes Festival,\u00a0 Le rendez-vous musical des Portes [&hellip;]<\/p>\n","protected":false},"author":97,"featured_media":56213,"comment_status":"closed","ping_status":"closed","sticky":false,"template":"elementor_header_footer","format":"standard","meta":{"ngg_post_thumbnail":0,"footnotes":""},"categories":[116],"tags":[1044],"class_list":["post-56212","post","type-post","status-publish","format-standard","has-post-thumbnail","hentry","category-non-classifiee","tag-festival"],"_links":{"self":[{"href":"https:\/\/cparici.com\/fr\/wp-json\/wp\/v2\/posts\/56212","targetHints":{"allow":["GET"]}}],"collection":[{"href":"https:\/\/cparici.com\/fr\/wp-json\/wp\/v2\/posts"}],"about":[{"href":"https:\/\/cparici.com\/fr\/wp-json\/wp\/v2\/types\/post"}],"author":[{"embeddable":true,"href":"https:\/\/cparici.com\/fr\/wp-json\/wp\/v2\/users\/97"}],"replies":[{"embeddable":true,"href":"https:\/\/cparici.com\/fr\/wp-json\/wp\/v2\/comments?post=56212"}],"version-history":[{"count":0,"href":"https:\/\/cparici.com\/fr\/wp-json\/wp\/v2\/posts\/56212\/revisions"}],"wp:featuredmedia":[{"embeddable":true,"href":"https:\/\/cparici.com\/fr\/wp-json\/wp\/v2\/media\/56213"}],"wp:attachment":[{"href":"https:\/\/cparici.com\/fr\/wp-json\/wp\/v2\/media?parent=56212"}],"wp:term":[{"taxonomy":"category","embeddable":true,"href":"https:\/\/cparici.com\/fr\/wp-json\/wp\/v2\/categories?post=56212"},{"taxonomy":"post_tag","embeddable":true,"href":"https:\/\/cparici.com\/fr\/wp-json\/wp\/v2\/tags?post=56212"}],"curies":[{"name":"wp","href":"https:\/\/api.w.org\/{rel}","templated":true}]}}