{"id":57246,"date":"2025-02-11T17:17:12","date_gmt":"2025-02-11T16:17:12","guid":{"rendered":"https:\/\/cparici.com\/?p=57246"},"modified":"2025-03-27T07:55:32","modified_gmt":"2025-03-27T06:55:32","slug":"vide-grenier-44","status":"publish","type":"post","link":"https:\/\/cparici.com\/fr\/vide-grenier-44\/","title":{"rendered":"Vide-Grenier 44 &#8211; brocantes en Loire-Atlantique en 2025"},"content":{"rendered":"\t\t<div data-elementor-type=\"wp-post\" data-elementor-id=\"57246\" class=\"elementor elementor-57246\" data-elementor-post-type=\"post\">\n\t\t\t\t<div class=\"elementor-element elementor-element-b4338a1 e-flex e-con-boxed e-con e-parent\" data-id=\"b4338a1\" data-element_type=\"container\" data-e-type=\"container\">\n\t\t\t\t\t<div class=\"e-con-inner\">\n\t\t\t\t<div class=\"elementor-element elementor-element-8c68b55 elementor-widget elementor-widget-image\" data-id=\"8c68b55\" data-element_type=\"widget\" data-e-type=\"widget\" data-widget_type=\"image.default\">\n\t\t\t\t\t\t\t\t\t\t\t\t\t\t\t<img decoding=\"async\" width=\"1500\" height=\"530\" src=\"https:\/\/cparici.com\/wp-content\/uploads\/2025\/02\/cparici-2025-02-11T171256.200.jpg\" class=\"attachment-full size-full wp-image-57249\" alt=\"vide grenier 44\" srcset=\"https:\/\/cparici.com\/wp-content\/uploads\/2025\/02\/cparici-2025-02-11T171256.200.jpg 1500w, https:\/\/cparici.com\/wp-content\/uploads\/2025\/02\/cparici-2025-02-11T171256.200-300x106.jpg 300w, https:\/\/cparici.com\/wp-content\/uploads\/2025\/02\/cparici-2025-02-11T171256.200-1024x362.jpg 1024w, https:\/\/cparici.com\/wp-content\/uploads\/2025\/02\/cparici-2025-02-11T171256.200-768x271.jpg 768w, https:\/\/cparici.com\/wp-content\/uploads\/2025\/02\/cparici-2025-02-11T171256.200-590x208.jpg 590w, https:\/\/cparici.com\/wp-content\/uploads\/2025\/02\/cparici-2025-02-11T171256.200-1200x424.jpg 1200w, https:\/\/cparici.com\/wp-content\/uploads\/2025\/02\/cparici-2025-02-11T171256.200-577x204.jpg 577w, https:\/\/cparici.com\/wp-content\/uploads\/2025\/02\/cparici-2025-02-11T171256.200-600x212.jpg 600w\" sizes=\"(max-width: 1500px) 100vw, 1500px\" \/>\t\t\t\t\t\t\t\t\t\t\t\t\t\t\t<\/div>\n\t\t\t\t\t<\/div>\n\t\t\t\t<\/div>\n\t\t<div class=\"elementor-element elementor-element-d91dbb1 e-flex e-con-boxed e-con e-parent\" data-id=\"d91dbb1\" data-element_type=\"container\" data-e-type=\"container\">\n\t\t\t\t\t<div class=\"e-con-inner\">\n\t\t\t\t<div class=\"elementor-element elementor-element-178da8bb elementor-widget elementor-widget-text-editor\" data-id=\"178da8bb\" data-element_type=\"widget\" data-e-type=\"widget\" data-widget_type=\"text-editor.default\">\n\t\t\t\t\t\t\t\t\t<h1 style=\"text-align: center;\" data-start=\"40\" data-end=\"96\"><span style=\"font-size: 18pt;\"><strong data-start=\"42\" data-end=\"96\">Vide Grenier 44<\/strong><\/span><\/h1>\n<p data-start=\"119\" data-end=\"589\">Le d\u00e9partement de la <strong data-start=\"140\" data-end=\"165\"><a href=\"https:\/\/cparici.com\/fr\/loire-atlantique\/\">Loire-Atlantique<\/a> (44)<\/strong> est r\u00e9put\u00e9 pour ses nombreux <strong data-start=\"195\" data-end=\"212\">vide-greniers<\/strong> et <strong data-start=\"216\" data-end=\"229\">brocantes<\/strong> qui se d\u00e9roulent tout au long de l\u2019ann\u00e9e. Ces \u00e9v\u00e9nements offrent aux habitants et aux visiteurs l\u2019occasion de d\u00e9nicher des objets uniques, de chiner des antiquit\u00e9s ou simplement de profiter d\u2019une ambiance conviviale. Dans cet article, nous vous pr\u00e9sentons une s\u00e9lection des vide-greniers pr\u00e9vus en 2025, mois par mois, pour vous aider \u00e0 planifier vos sorties.<\/p>\n<h2 data-start=\"596\" data-end=\"636\"><span style=\"font-size: 18pt;\"><strong data-start=\"599\" data-end=\"636\">Calendrier des Vide-Greniers 2025<\/strong><\/span><\/h2>\n<h3 data-start=\"638\" data-end=\"655\"><strong data-start=\"642\" data-end=\"655\">Mars 2025<\/strong><\/h3>\n<ul data-start=\"657\" data-end=\"997\">\n<li data-start=\"657\" data-end=\"829\">\n<p data-start=\"659\" data-end=\"680\"><strong data-start=\"659\" data-end=\"680\">Dimanche 2 mars :<\/strong><\/p>\n<ul data-start=\"683\" data-end=\"829\">\n<li data-start=\"683\" data-end=\"738\"><strong data-start=\"685\" data-end=\"711\">Ancenis-Saint-G\u00e9r\u00e9on :<\/strong> 6\u1d49 Bourse Multicollection.<\/li>\n<li data-start=\"741\" data-end=\"781\"><strong data-start=\"743\" data-end=\"762\">Saint-Nazaire :<\/strong> Vide-greniers FCI.<\/li>\n<li data-start=\"784\" data-end=\"829\"><strong data-start=\"786\" data-end=\"806\">Suc\u00e9-sur-Erdre :<\/strong> Puces des couturi\u00e8res.<\/li>\n<\/ul>\n<\/li>\n<li data-start=\"831\" data-end=\"997\">\n<p data-start=\"833\" data-end=\"855\"><strong data-start=\"833\" data-end=\"855\">Dimanche 16 mars :<\/strong><\/p>\n<ul data-start=\"858\" data-end=\"997\">\n<li data-start=\"858\" data-end=\"904\"><strong data-start=\"860\" data-end=\"881\">Chaumes-en-Retz :<\/strong> Puces des couturi\u00e8res.<\/li>\n<li data-start=\"907\" data-end=\"957\"><strong data-start=\"909\" data-end=\"940\">Grandchamps-des-Fontaines :<\/strong> Vide ta Chambre.<\/li>\n<li data-start=\"960\" data-end=\"997\"><strong data-start=\"962\" data-end=\"982\">Gu\u00e9men\u00e9-Penfao :<\/strong> Vide-greniers.<\/li>\n<\/ul>\n<\/li>\n<\/ul>\n<h3 data-start=\"1038\" data-end=\"1056\"><strong data-start=\"1042\" data-end=\"1056\">Avril 2025<\/strong><\/h3>\n<ul data-start=\"1058\" data-end=\"1219\">\n<li data-start=\"1058\" data-end=\"1219\"><strong data-start=\"1060\" data-end=\"1080\">Samedi 5 avril :<\/strong><br><ul data-start=\"1083\" data-end=\"1219\">\n<li data-start=\"1083\" data-end=\"1128\"><strong data-start=\"1085\" data-end=\"1106\">Ch\u00e2teau-Th\u00e9baud :<\/strong> Vide-grenier Musical.<\/li>\n<li data-start=\"1131\" data-end=\"1219\"><strong data-start=\"1133\" data-end=\"1161\">Saint-Aignan-Grandlieu :<\/strong> Bourse aux V\u00eatements (Printemps-\u00c9t\u00e9) \u00e0 Petits Prix \u2013 AFR.<\/li>\n<\/ul>\n<\/li>\n<\/ul>\n<h3 data-start=\"1260\" data-end=\"1276\"><strong data-start=\"1264\" data-end=\"1276\">Mai 2025<\/strong><\/h3>\n<ul data-start=\"1278\" data-end=\"1455\">\n<li data-start=\"1278\" data-end=\"1455\"><strong data-start=\"1280\" data-end=\"1301\">Dimanche 11 mai :<\/strong><br><ul data-start=\"1304\" data-end=\"1455\">\n<li data-start=\"1304\" data-end=\"1362\"><strong data-start=\"1306\" data-end=\"1332\">Ancenis-Saint-G\u00e9r\u00e9on :<\/strong> Vide-Grenier des Trapadelles.<\/li>\n<li data-start=\"1365\" data-end=\"1421\"><strong data-start=\"1367\" data-end=\"1380\">Cou\u00ebron :<\/strong> Vide-grenier de la Concorde Section Gym.<\/li>\n<li data-start=\"1424\" data-end=\"1455\"><strong data-start=\"1426\" data-end=\"1441\">Herbignac :<\/strong> Vide-grenier.<\/li>\n<\/ul>\n<\/li>\n<\/ul>\n<h3 data-start=\"1496\" data-end=\"1513\"><strong data-start=\"1500\" data-end=\"1513\">Juin 2025<\/strong><\/h3>\n<ul data-start=\"1515\" data-end=\"1705\">\n<li data-start=\"1515\" data-end=\"1705\"><strong data-start=\"1517\" data-end=\"1538\">Dimanche 8 juin :<\/strong><br><ul data-start=\"1541\" data-end=\"1705\">\n<li data-start=\"1541\" data-end=\"1628\"><strong data-start=\"1543\" data-end=\"1563\">Gu\u00e9men\u00e9-Penfao :<\/strong> Vide-grenier de l\u2019Amicale la\u00efque de l\u2019\u00c9cole Jules Verne \u00e0 Besl\u00e9.<\/li>\n<li data-start=\"1631\" data-end=\"1664\"><strong data-start=\"1633\" data-end=\"1650\">La Turballe :<\/strong> Vide-grenier.<\/li>\n<li data-start=\"1667\" data-end=\"1705\"><strong data-start=\"1669\" data-end=\"1691\">Mauves-sur-Loire :<\/strong> Vide-grenier.<\/li>\n<\/ul>\n<\/li>\n<\/ul>\n<h3 data-start=\"1746\" data-end=\"1766\"><strong data-start=\"1750\" data-end=\"1766\">Juillet 2025<\/strong><\/h3>\n<ul data-start=\"1768\" data-end=\"1926\">\n<li data-start=\"1768\" data-end=\"1926\"><strong data-start=\"1770\" data-end=\"1795\">Dimanche 13 juillet :<\/strong><br><ul data-start=\"1798\" data-end=\"1926\">\n<li data-start=\"1798\" data-end=\"1850\"><strong data-start=\"1800\" data-end=\"1824\">La Baule-Escoublac :<\/strong> Brocante professionnelle.<\/li>\n<li data-start=\"1853\" data-end=\"1926\"><strong data-start=\"1855\" data-end=\"1873\">Le Pouliguen :<\/strong> 40\u1d49 Bourse de la Carte Postale, Timbres et Capsules.<\/li>\n<\/ul>\n<\/li>\n<\/ul>\n<h3 data-start=\"1967\" data-end=\"1984\"><strong data-start=\"1971\" data-end=\"1984\">Ao\u00fbt 2025<\/strong><\/h3>\n<ul data-start=\"1986\" data-end=\"2141\">\n<li data-start=\"1986\" data-end=\"2141\"><strong data-start=\"1988\" data-end=\"2010\">Dimanche 17 ao\u00fbt :<\/strong><br><ul data-start=\"2013\" data-end=\"2141\">\n<li data-start=\"2013\" data-end=\"2065\"><strong data-start=\"2015\" data-end=\"2039\">La Baule-Escoublac :<\/strong> Brocante professionnelle.<\/li>\n<li data-start=\"2068\" data-end=\"2141\"><strong data-start=\"2070\" data-end=\"2088\">Le Pouliguen :<\/strong> 40\u1d49 Bourse de la Carte Postale, Timbres et Capsules.<\/li>\n<\/ul>\n<\/li>\n<\/ul>\n<h2 data-start=\"2187\" data-end=\"2224\"><span style=\"font-size: 18pt;\">Vides-greniers les plus connus en Loire Atlantique<\/span><\/h2>\n<p data-start=\"40\" data-end=\"189\">La <strong data-start=\"43\" data-end=\"63\">Loire-Atlantique<\/strong> est riche en vide-greniers et brocantes tout au long de l\u2019ann\u00e9e. Parmi les \u00e9v\u00e9nements les plus embl\u00e9matiques, on peut citer :<\/p>\n<ul data-start=\"191\" data-end=\"1088\">\n<li data-start=\"191\" data-end=\"477\">\n<p data-start=\"193\" data-end=\"477\"><strong data-start=\"193\" data-end=\"233\">Brocante de la Place Viarme \u00e0 Nantes<\/strong> : Organis\u00e9e chaque samedi, cette brocante est sp\u00e9cialis\u00e9e dans les objets de qualit\u00e9. De plus, au printemps et \u00e0 l\u2019automne, une grande brocante s\u2019y tient pendant trois jours, attirant de nombreux chineurs.<\/p>\n<\/li>\n<li data-start=\"479\" data-end=\"688\">\n<p data-start=\"481\" data-end=\"688\"><strong data-start=\"481\" data-end=\"509\">Vide-greniers du Croisic<\/strong> : Se d\u00e9roulant le premier week-end suivant le 15 ao\u00fbt, cet \u00e9v\u00e9nement permet de chiner dans l\u2019une des plus belles cit\u00e9s portuaires de France<\/p>\n<\/li>\n<li data-start=\"690\" data-end=\"904\">\n<p data-start=\"692\" data-end=\"904\"><strong data-start=\"692\" data-end=\"741\">Vide-greniers du Bourg d\u2019Escoublac \u00e0 La Baule<\/strong> : Organis\u00e9 chaque premier week-end d\u2019ao\u00fbt, ce vide-greniers est un rendez-vous incontournable pour les amateurs de brocante.<\/p>\n<\/li>\n<li data-start=\"906\" data-end=\"1088\">\n<p data-start=\"908\" data-end=\"1088\"><strong data-start=\"908\" data-end=\"942\">Vide-greniers de Saint-Lyphard<\/strong> : Situ\u00e9 au c\u0153ur du Parc naturel r\u00e9gional de Bri\u00e8re, cet \u00e9v\u00e9nement offre une exp\u00e9rience unique aux chineurs.<\/p>\n<\/li>\n<\/ul>\n<h2 data-start=\"2187\" data-end=\"2224\"><span style=\"font-size: 18pt;\"><strong data-start=\"2190\" data-end=\"2224\">Conseils pour les Participants<\/strong><\/span><\/h2>\n<ul data-start=\"2226\" data-end=\"2963\">\n<li data-start=\"2226\" data-end=\"2479\">\n<p data-start=\"2228\" data-end=\"2479\"><strong data-start=\"2228\" data-end=\"2256\">V\u00e9rification des Dates :<\/strong> Les dates des vide-greniers peuvent \u00eatre sujettes \u00e0 des modifications. Il est donc recommand\u00e9 de consulter r\u00e9guli\u00e8rement les sites sp\u00e9cialis\u00e9s ou les annonces locales pour confirmer les informations avant de vous y rendre.<\/p>\n<\/li>\n<li data-start=\"2481\" data-end=\"2691\">\n<p data-start=\"2483\" data-end=\"2691\"><strong data-start=\"2483\" data-end=\"2520\">Inscriptions pour les Exposants :<\/strong> Si vous souhaitez participer en tant qu\u2019exposant, renseignez-vous \u00e0 l\u2019avance sur les modalit\u00e9s d\u2019inscription, les tarifs et les r\u00e8glements sp\u00e9cifiques \u00e0 chaque \u00e9v\u00e9nement.<\/p>\n<\/li>\n<li data-start=\"2693\" data-end=\"2963\">\n<p data-start=\"2695\" data-end=\"2963\"><strong data-start=\"2695\" data-end=\"2712\">Pr\u00e9paration :<\/strong> Pour les visiteurs, pensez \u00e0 vous munir de sacs ou de chariots pour transporter vos trouvailles. Pour les exposants, assurez-vous d\u2019avoir tout le mat\u00e9riel n\u00e9cessaire (tables, chaises, parasols, etc.) et de pr\u00e9voir de la monnaie pour les transactions.<\/p>\n<\/li>\n<\/ul>\n<h2 data-start=\"2970\" data-end=\"2994\"><span style=\"font-size: 18pt;\"><strong data-start=\"2973\" data-end=\"2994\">Ressources Utiles<\/strong><\/span><\/h2>\n<p data-start=\"2996\" data-end=\"3142\">Pour obtenir des informations d\u00e9taill\u00e9es et mises \u00e0 jour sur les vide-greniers en Loire-Atlantique, voici quelques sites sp\u00e9cialis\u00e9s \u00e0 consulter :<\/p>\n<ul data-start=\"3144\" data-end=\"3482\">\n<li data-start=\"3144\" data-end=\"3264\">\n<p data-start=\"3146\" data-end=\"3264\"><strong data-start=\"3146\" data-end=\"3169\">Vide-Greniers.org :<\/strong> <a href=\"https:\/\/vide-greniers.org\/44-Loire-Atlantique\" target=\"_new\" rel=\"noopener\" data-start=\"3170\" data-end=\"3264\">https:\/\/vide-greniers.org\/44-Loire-Atlantique<\/a><\/p>\n<\/li>\n<li data-start=\"3266\" data-end=\"3336\">\n<p data-start=\"3268\" data-end=\"3336\"><strong data-start=\"3268\" data-end=\"3283\">Brocabrac :<\/strong> <a target=\"_new\" rel=\"noopener\" data-start=\"3284\" data-end=\"3336\">https:\/\/brocabrac.fr\/44\/<\/a><\/p>\n<\/li>\n<li data-start=\"3338\" data-end=\"3482\">\n<p data-start=\"3340\" data-end=\"3482\"><strong data-start=\"3340\" data-end=\"3361\">France Brocante :<\/strong> <a href=\"https:\/\/www.francebrocante.fr\/brocante-44-loire-atlantique\" target=\"_new\" rel=\"noopener\" data-start=\"3362\" data-end=\"3482\">https:\/\/www.francebrocante.fr\/brocante-44-loire-atlantique<\/a><\/p>\n<\/li>\n<\/ul>\n<h2 data-start=\"0\" data-end=\"48\"><span style=\"font-size: 18pt;\"><strong data-start=\"2\" data-end=\"46\">FAQ \u2013 Vide-Grenier 44 (Loire-Atlantique)<\/strong><\/span><\/h2>\n<h3 data-start=\"131\" data-end=\"203\"><strong data-start=\"135\" data-end=\"201\">1. O\u00f9 trouver la liste des vide-greniers en Loire-Atlantique ?<\/strong><\/h3>\n<p data-start=\"204\" data-end=\"260\">Vous pouvez consulter les sites sp\u00e9cialis\u00e9s suivants :<\/p>\n<ul data-start=\"261\" data-end=\"483\">\n<li data-start=\"261\" data-end=\"331\"><a href=\"https:\/\/vide-greniers.org\/44-Loire-Atlantique\" target=\"_new\" rel=\"noopener\" data-start=\"263\" data-end=\"329\">Vide-Greniers.org<\/a><\/li>\n<li data-start=\"332\" data-end=\"373\"><a href=\"https:\/\/brocabrac.fr\/44\/\" target=\"_new\" rel=\"noopener\" data-start=\"334\" data-end=\"371\">Brocabrac<\/a><\/li>\n<li data-start=\"374\" data-end=\"483\">Les annonces des mairies, associations locales et groupes Facebook d\u00e9di\u00e9s aux vide-greniers et brocantes.<\/li>\n<\/ul>\n<h3 data-start=\"485\" data-end=\"557\"><strong data-start=\"489\" data-end=\"555\">2. Comment s\u2019inscrire pour vendre dans un vide-grenier du 44 ?<\/strong><\/h3>\n<ul data-start=\"558\" data-end=\"879\">\n<li data-start=\"558\" data-end=\"604\">Rep\u00e9rez un vide-grenier pr\u00e8s de chez vous.<\/li>\n<li data-start=\"605\" data-end=\"660\">Contactez les organisateurs pour r\u00e9server un stand.<\/li>\n<li data-start=\"661\" data-end=\"780\">Remplissez un formulaire d\u2019inscription et payez l\u2019emplacement (g\u00e9n\u00e9ralement entre <strong data-start=\"745\" data-end=\"776\">5\u20ac et 15\u20ac le m\u00e8tre lin\u00e9aire<\/strong>).<\/li>\n<li data-start=\"781\" data-end=\"879\">Pr\u00e9parez vos objets et apportez tout le mat\u00e9riel n\u00e9cessaire (table, chaise, parasol, monnaie).<\/li>\n<\/ul>\n<h3 data-start=\"881\" data-end=\"952\"><strong data-start=\"885\" data-end=\"950\">3. Quels types d\u2019objets peut-on vendre dans un vide-grenier ?<\/strong><\/h3>\n<p data-start=\"953\" data-end=\"1232\">Les vide-greniers sont d\u00e9di\u00e9s aux <strong data-start=\"987\" data-end=\"1008\">objets d\u2019occasion<\/strong> vendus par des particuliers :<br data-start=\"1038\" data-end=\"1041\">V\u00eatements, jouets, livres, bibelots, meubles, vaisselle, d\u00e9coration, outils\u2026<br data-start=\"1119\" data-end=\"1122\">Les articles neufs en grande quantit\u00e9 et l\u2019alimentation sont souvent interdits sans autorisation sp\u00e9ciale.<\/p>\n<h3 data-start=\"1234\" data-end=\"1307\"><strong data-start=\"1238\" data-end=\"1305\">4. Quels sont les meilleurs vide-greniers en Loire-Atlantique ?<\/strong><\/h3>\n<p data-start=\"1308\" data-end=\"1383\">Voici quelques-uns des vide-greniers les plus populaires du d\u00e9partement :<\/p>\n<ul data-start=\"1384\" data-end=\"1719\">\n<li data-start=\"1384\" data-end=\"1450\"><strong data-start=\"1386\" data-end=\"1434\">La Baule \u2013 Vide-grenier du Bourg d\u2019Escoublac<\/strong> (d\u00e9but ao\u00fbt).<\/li>\n<li data-start=\"1451\" data-end=\"1510\"><strong data-start=\"1453\" data-end=\"1507\">Le Pouliguen \u2013 Brocante et vide-grenier du 15 ao\u00fbt<\/strong>.<\/li>\n<li data-start=\"1511\" data-end=\"1561\"><strong data-start=\"1513\" data-end=\"1558\">Saint-Nazaire \u2013 Grand vide-grenier annuel<\/strong>.<\/li>\n<li data-start=\"1562\" data-end=\"1665\"><strong data-start=\"1564\" data-end=\"1598\">Nantes \u2013 Brocante Place Viarme<\/strong> (hebdomadaire + \u00e9ditions sp\u00e9ciales au printemps et \u00e0 l\u2019automne).<\/li>\n<li data-start=\"1666\" data-end=\"1719\"><strong data-start=\"1668\" data-end=\"1716\">Carquefou \u2013 Vide-greniers des Carquefouilles<\/strong>.<\/li>\n<\/ul>\n<h2 data-start=\"3489\" data-end=\"3506\"><span style=\"font-size: 18pt;\"><strong data-start=\"3492\" data-end=\"3506\">Conclusion<\/strong><\/span><\/h2>\n<p data-start=\"3508\" data-end=\"4065\">Les vide-greniers en <strong data-start=\"3529\" data-end=\"3549\">Loire-Atlantique<\/strong> offrent une multitude d\u2019opportunit\u00e9s pour les amateurs de brocante, les collectionneurs ou simplement ceux qui souhaitent passer un moment agr\u00e9able en famille ou entre amis. Que vous soyez \u00e0 la recherche d\u2019objets rares, de bonnes affaires ou que vous souhaitiez vous d\u00e9barrasser d\u2019objets dont vous n\u2019avez plus l\u2019usage, ces \u00e9v\u00e9nements sont des occasions id\u00e9ales pour partager, \u00e9changer et d\u00e9couvrir. N\u2019h\u00e9sitez pas \u00e0 consulter r\u00e9guli\u00e8rement les calendriers des vide-greniers pour ne manquer aucun rendez-vous en 2025.<\/p>\t\t\t\t\t\t\t\t<\/div>\n\t\t\t\t\t<\/div>\n\t\t\t\t<\/div>\n\t\t\t\t<\/div>\n\t\t","protected":false},"excerpt":{"rendered":"<p>Vide Grenier 44 Le d\u00e9partement de la Loire-Atlantique (44) est r\u00e9put\u00e9 pour ses nombreux vide-greniers et brocantes qui se d\u00e9roulent tout au long de l\u2019ann\u00e9e. Ces \u00e9v\u00e9nements offrent aux habitants et aux visiteurs l\u2019occasion de d\u00e9nicher des objets uniques, de chiner des antiquit\u00e9s ou simplement de profiter d\u2019une ambiance conviviale. Dans cet article, nous vous [&hellip;]<\/p>\n","protected":false},"author":97,"featured_media":57249,"comment_status":"closed","ping_status":"closed","sticky":false,"template":"elementor_header_footer","format":"standard","meta":{"ngg_post_thumbnail":0,"footnotes":""},"categories":[956,477,954],"tags":[835,836],"class_list":["post-57246","post","type-post","status-publish","format-standard","has-post-thumbnail","hentry","category-loire-atlantique","category-france","category-pays-de-la-loire","tag-brocante","tag-vide-grenier"],"_links":{"self":[{"href":"https:\/\/cparici.com\/fr\/wp-json\/wp\/v2\/posts\/57246","targetHints":{"allow":["GET"]}}],"collection":[{"href":"https:\/\/cparici.com\/fr\/wp-json\/wp\/v2\/posts"}],"about":[{"href":"https:\/\/cparici.com\/fr\/wp-json\/wp\/v2\/types\/post"}],"author":[{"embeddable":true,"href":"https:\/\/cparici.com\/fr\/wp-json\/wp\/v2\/users\/97"}],"replies":[{"embeddable":true,"href":"https:\/\/cparici.com\/fr\/wp-json\/wp\/v2\/comments?post=57246"}],"version-history":[{"count":0,"href":"https:\/\/cparici.com\/fr\/wp-json\/wp\/v2\/posts\/57246\/revisions"}],"wp:featuredmedia":[{"embeddable":true,"href":"https:\/\/cparici.com\/fr\/wp-json\/wp\/v2\/media\/57249"}],"wp:attachment":[{"href":"https:\/\/cparici.com\/fr\/wp-json\/wp\/v2\/media?parent=57246"}],"wp:term":[{"taxonomy":"category","embeddable":true,"href":"https:\/\/cparici.com\/fr\/wp-json\/wp\/v2\/categories?post=57246"},{"taxonomy":"post_tag","embeddable":true,"href":"https:\/\/cparici.com\/fr\/wp-json\/wp\/v2\/tags?post=57246"}],"curies":[{"name":"wp","href":"https:\/\/api.w.org\/{rel}","templated":true}]}}