{"id":57506,"date":"2025-02-16T08:26:25","date_gmt":"2025-02-16T07:26:25","guid":{"rendered":"https:\/\/cparici.com\/?p=57506"},"modified":"2026-02-05T15:20:09","modified_gmt":"2026-02-05T14:20:09","slug":"drome","status":"publish","type":"post","link":"https:\/\/cparici.com\/fr\/drome\/","title":{"rendered":"Drome, d\u00e9partement innovant et leader du bio en France"},"content":{"rendered":"\t\t<div data-elementor-type=\"wp-post\" data-elementor-id=\"57506\" class=\"elementor elementor-57506\" data-elementor-post-type=\"post\">\n\t\t\t\t<div class=\"elementor-element elementor-element-907c72d e-con-full e-flex e-con e-parent\" data-id=\"907c72d\" data-element_type=\"container\" data-e-type=\"container\">\n\t\t\t\t<div class=\"elementor-element elementor-element-dc896b5 elementor-widget elementor-widget-image\" data-id=\"dc896b5\" data-element_type=\"widget\" data-e-type=\"widget\" data-widget_type=\"image.default\">\n\t\t\t\t\t\t\t\t\t\t\t\t\t\t\t<img decoding=\"async\" width=\"1500\" height=\"530\" src=\"https:\/\/cparici.com\/wp-content\/uploads\/2025\/02\/cparici-2025-02-16T080802.887.jpg\" class=\"attachment-full size-full wp-image-57507\" alt=\"Dr\u00f4me d\u00e9partement\" srcset=\"https:\/\/cparici.com\/wp-content\/uploads\/2025\/02\/cparici-2025-02-16T080802.887.jpg 1500w, https:\/\/cparici.com\/wp-content\/uploads\/2025\/02\/cparici-2025-02-16T080802.887-300x106.jpg 300w, https:\/\/cparici.com\/wp-content\/uploads\/2025\/02\/cparici-2025-02-16T080802.887-1024x362.jpg 1024w, https:\/\/cparici.com\/wp-content\/uploads\/2025\/02\/cparici-2025-02-16T080802.887-768x271.jpg 768w, https:\/\/cparici.com\/wp-content\/uploads\/2025\/02\/cparici-2025-02-16T080802.887-590x208.jpg 590w, https:\/\/cparici.com\/wp-content\/uploads\/2025\/02\/cparici-2025-02-16T080802.887-1200x424.jpg 1200w, https:\/\/cparici.com\/wp-content\/uploads\/2025\/02\/cparici-2025-02-16T080802.887-577x204.jpg 577w, https:\/\/cparici.com\/wp-content\/uploads\/2025\/02\/cparici-2025-02-16T080802.887-600x212.jpg 600w\" sizes=\"(max-width: 1500px) 100vw, 1500px\" \/>\t\t\t\t\t\t\t\t\t\t\t\t\t\t\t<\/div>\n\t\t\t\t<\/div>\n\t\t<aside class=\"elementor-element elementor-element-ac223c4 e-flex e-con-boxed e-con e-parent\" data-id=\"ac223c4\" data-element_type=\"container\" data-e-type=\"container\">\n\t\t\t\t\t<div class=\"e-con-inner\">\n\t\t\t\t<div class=\"elementor-element elementor-element-22c4e11 elementor-widget elementor-widget-global elementor-global-62046 elementor-widget-eael-advanced-search\" data-id=\"22c4e11\" data-element_type=\"widget\" data-e-type=\"widget\" data-widget_type=\"eael-advanced-search.default\">\n\t\t\t\t\t        <div class=\"eael-adv-search-wrapper\">\n            <div id=\"eael-advanced-search-widget-22c4e11\" class=\"eael-advanced-search-widget\">\n                <form data-settings=\"{&quot;post_per_page&quot;:5,&quot;search_among_taxonomies&quot;:&quot;&quot;,&quot;search_among_sku&quot;:&quot;no&quot;,&quot;show_popular_keyword&quot;:0,&quot;show_category&quot;:0,&quot;show_content_image&quot;:1,&quot;show_search_result_all_results&quot;:0,&quot;result_on_new_tab&quot;:&quot;no&quot;,&quot;show_product_price&quot;:&quot;no&quot;,&quot;include_current_page&quot;:&quot;no&quot;,&quot;current_post_id&quot;:57506,&quot;post_type&quot;:[&quot;post&quot;,&quot;listing&quot;]}\" method=\"POST\" name=\"eael-advanced-search-form-22c4e11\" class=\"eael-advanced-search-form eael-advanced-search-form-style-2\">\n                    <div class=\"eael-advanced-search-wrap\">\n                        <span class=\"eael-adv-search-loader\"><\/span>\n                        <span class=\"eael-adv-search-close\"><i class=\"fas fa-times\"><\/i><\/span>\n                        <span class=\"icon \"><i class=\"fas fa-search\"><\/i><\/span>\n\n                        <input type=\"text\"\n                               placeholder=\"Votre destination\"\n                               class=\"eael-advanced-search\" autocomplete=\"off\" name=\"eael_advanced_search\">\n                    <\/div>\n\t\t\t\t\t                                    <\/form>\n\n\t\t\t\t\n\t\t\t\t        <div class=\"eael-advanced-search-result\">\n            <div class=\"eael-advanced-search-popular-keyword\">\n\t\t\t\t<h4 class=\"eael-advanced-search-popular-keyword-text\">Recherches populaires<\/h4>                <div class=\"eael-popular-keyword-content\"><\/div>\n            <\/div>\n            <div class=\"eael-advanced-search-category\">\n\t\t\t\t<h4 class=\"eael-advanced-search-category-text\">Categories<\/h4>                <div class=\"eael-popular-category-content\"><\/div>\n            <\/div>\n\t\t\t<div class=\"eael-advanced-search-total-results-section\">\n\t\t\t\t\t\t\t<\/div>\n            <div class=\"eael-advanced-search-content eael-item-style-3\">\n            <\/div>\n            <div class=\"eael-advanced-search-not-found\">\n                <p>Pas de r\u00e9sultats<\/p><\/div>\n            <div class=\"eael-advanced-search-load-more\">\n\t\t\t\t<a \tclass=\"eael-advanced-search-load-more-button\"\n                \thref=\"#\">Voir tous les r\u00e9sultats<\/a>\n            <\/div>\n        <\/div>\n\n\t\t            <\/div>\n        <\/div>\n\n\t\t\t\t\t\t<\/div>\n\t\t\t\t\t<\/div>\n\t\t\t\t<\/aside>\n\t\t<div class=\"elementor-element elementor-element-4b89d412 e-flex e-con-boxed e-con e-parent\" data-id=\"4b89d412\" data-element_type=\"container\" data-e-type=\"container\">\n\t\t\t\t\t<div class=\"e-con-inner\">\n\t\t\t\t<div class=\"elementor-element elementor-element-3b160b86 elementor-widget elementor-widget-text-editor\" data-id=\"3b160b86\" data-element_type=\"widget\" data-e-type=\"widget\" data-widget_type=\"text-editor.default\">\n\t\t\t\t\t\t\t\t\t<h1 style=\"text-align: center;\"><span style=\"font-size: 18pt;\">Drome, Tout sur le d\u00e9partement\u00a0<\/span><\/h1><p>La Dr\u00f4me, au c\u0153ur de la r\u00e9gion <a href=\"https:\/\/cparici.com\/fr\/auvergne-rhone-alpes\/\">Auvergne-Rh\u00f4ne-Alpes<\/a>, se distingue par sa richesse historique, culturelle et ses paysages naturels. Avec 516,762 habitants en 2019, ce d\u00e9partement tire son nom de la rivi\u00e8re Dr\u00f4me et se caract\u00e9rise par une grande diversit\u00e9 g\u00e9ographique et un riche patrimoine. Entour\u00e9e par les d\u00e9partements de l&#8217;<a href=\"https:\/\/cparici.com\/fr\/ardeche-departement\/\">Ard\u00e8che<\/a>, de l&#8217;<a href=\"https:\/\/cparici.com\/fr\/isere\/\">Is\u00e8re<\/a>, des <a href=\"https:\/\/cparici.com\/fr\/hautes-alpes-departement\/\">Hautes-Alpes<\/a>, des <a href=\"https:\/\/cparici.com\/fr\/alpes-de-haute-provence\/\">Alpes-de-Haute-Provence<\/a> et de <a href=\"https:\/\/cparici.com\/fr\/vaucluse\/\">Vaucluse<\/a>, son chef-lieu Valence joue un r\u00f4le central dans la r\u00e9gion.<\/p><p>Compos\u00e9e de 363 communes, la Dr\u00f4me abrite des tr\u00e9sors d&#8217;architecture m\u00e9di\u00e9vale et des paysages \u00e0 couper le souffle, comme le Parc Naturel R\u00e9gional du Vercors. Elle est c\u00e9l\u00e8bre pour ses villes et villages historiques, dont Romans-sur-Is\u00e8re et Mont\u00e9limar, \u00e9voquant la Provence. Ce d\u00e9partement marie habilement tradition et innovation, offrant une qualit\u00e9 de vie remarquable et des opportunit\u00e9s \u00e9conomiques, notamment en agriculture biologique, faisant de lui un exemple de d\u00e9veloppement durable.<\/p>\t\t\t\t\t\t\t\t<\/div>\n\t\t\t\t\t<\/div>\n\t\t\t\t<\/div>\n\t\t<aside class=\"elementor-element elementor-element-73f44703 e-flex e-con-boxed e-con e-parent\" data-id=\"73f44703\" data-element_type=\"container\" data-e-type=\"container\" data-settings=\"{&quot;background_background&quot;:&quot;classic&quot;}\">\n\t\t\t\t\t<div class=\"e-con-inner\">\n\t\t\t\t<div class=\"elementor-element elementor-element-76e0d6e7 elementor-widget elementor-widget-heading\" data-id=\"76e0d6e7\" data-element_type=\"widget\" data-e-type=\"widget\" data-widget_type=\"heading.default\">\n\t\t\t\t\t<p class=\"elementor-heading-title elementor-size-default\">H\u00e9bergements et exp\u00e9riences en direct<\/p>\t\t\t\t<\/div>\n\t\t\t\t<div class=\"elementor-element elementor-element-3fa05889 elementor-widget elementor-widget-listeo-listings-carousel\" data-id=\"3fa05889\" data-element_type=\"widget\" data-e-type=\"widget\" data-widget_type=\"listeo-listings-carousel.default\">\n\t\t\t\t<div class=\"elementor-widget-container\">\n\t\t\t\t\t        <!-- Carousel \/ Start -->\n        \t<div class=\"simple-slick-carousel dots-nav\" data-slick='{&quot;autoplay&quot;:true,&quot;autoplaySpeed&quot;:3000,&quot;slidesToShow&quot;:3,&quot;slidesToScroll&quot;:1,&quot;responsive&quot;:[{&quot;breakpoint&quot;:1024,&quot;settings&quot;:{&quot;slidesToShow&quot;:2,&quot;slidesToScroll&quot;:1}},{&quot;breakpoint&quot;:768,&quot;settings&quot;:{&quot;slidesToShow&quot;:1,&quot;slidesToScroll&quot;:1}}]}'>\n                            <div class=\"fw-carousel-item\">                    \n                        <!-- Listing Item -->\r\n            <div class=\"col-lg-6 col-md-12\">\r\n                <a href=\"https:\/\/cparici.com\/fr\/annonce\/le-pavillon-m-maison-dhotes-avec-piscine-et-spa-a-grignan\/\" class=\"listing-item-container listing-geo-data compact\" data-title=\"Le Pavillon M, Maison d&#8217;h\u00f4tes avec piscine et spa \u00e0 Grignan\" data-listing-type=\"rental\" data-classifieds-price=\"&euro;\" data-friendly-address=\"8 avenue Chapon 26230 Grignan\" data-address=\"8 avenue Chapon 26230 Grignan\" data-image=\"https:\/\/cparici.com\/wp-content\/uploads\/2025\/09\/pavillon-M-grignan-piscine-520x397.jpg\" data-longitude=\"4.910532\" data-latitude=\"44.418064\" data-rating=\"0\" data-reviews=\"0\" data-icon=\"&lt;svg xmlns=&quot;http:\/\/www.w3.org\/2000\/svg&quot; width=&quot;800px&quot; height=&quot;800px&quot; viewBox=&quot;0 0 45 45&quot; fill=&quot;none&quot;&gt;\n&lt;path d=&quot;M24.155 8.78099L24.33 8.94499L37.402 21.787L36 23.213L34.2 21.445L34.201 35C34.201 36.054 33.385 36.918 32.35 36.994L32.201 37H12.201C11.147 37 10.283 36.184 10.206 35.149L10.201 35L10.2 21.446L8.402 23.213L7 21.787L20.058 8.95799C21.171 7.82199 22.966 7.75899 24.155 8.78099ZM21.569 10.285L21.473 10.372L12.2 19.481L12.201 35L17.2 34.999L17.201 25C17.201 23.946 18.017 23.082 19.052 23.005L19.201 23H25.201C26.255 23 27.119 23.816 27.196 24.851L27.201 25L27.2 34.999L32.201 35L32.2 19.48L22.901 10.344C22.537 9.98699 21.969 9.96499 21.569 10.285ZM25.201 25H19.201L19.2 34.999H25.2L25.201 25Z&quot; fill=&quot;#3C3C3C&quot;\/&gt;\n&lt;\/svg&gt;\">\r\n            <div class=\"listing-item  featured-listing\">\r\n                <div class=\"listing-small-badges-container\">\r\n                                            <div class=\"listing-small-badge featured-badge\"><i class=\"fa fa-star\"><\/i> En vedette<\/div>\r\n                                                                <div class=\"listing-small-badge pricing-badge\"><i class=\"fa fa-tag\"><\/i>180,00&euro; - 350,00&euro;<\/div>\r\n                                                            \r\n                                        \r\n                                        \r\n                <\/div>\r\n                <img decoding=\"async\" src=\"https:\/\/cparici.com\/wp-content\/uploads\/2025\/09\/pavillon-M-grignan-piscine-520x397.jpg\" alt=\"Le Pavillon M, Maison d&#8217;h\u00f4tes avec piscine et spa \u00e0 Grignan\" class=\"listing-thumbnail\">\r\n                \r\n\r\n                <div class=\"listing-item-content\">\r\n                    \r\n                    <h3> Le Pavillon M, Maison d&#8217;h\u00f4tes avec piscine et spa \u00e0 Grignan <\/h3>\r\n                    <span>8 avenue Chapon 26230 Grignan<\/span>\r\n                <\/div>\r\n                                        <span class=\"save like-icon tooltip left\" title=\"Connexion pour marquer des \u00e9l\u00e9ments\"><\/span>\r\n                                                <\/div>\r\n        <\/a>\r\n                    <\/div>\r\n        \r\n\r\n        <!-- Listing Item \/ End -->\n                    <\/div>\n                                      <div class=\"fw-carousel-item\">                    \n                        <!-- Listing Item -->\r\n            <div class=\"col-lg-6 col-md-12\">\r\n                <a href=\"https:\/\/cparici.com\/fr\/annonce\/chalet-6-pers-au-bord-de-la-riviere-drome-provencale-la-vallee-bleue\/\" class=\"listing-item-container listing-geo-data compact\" data-title=\"Chalet 6 pers au bord de la rivi\u00e8re \u2013 Dr\u00f4me Proven\u00e7ale, La Vall\u00e9e Bleue.\" data-listing-type=\"rental\" data-classifieds-price=\"&euro;\" data-friendly-address=\"277 Route de Nyons, 26510 Sahune, France\" data-address=\"277 Route de Nyons, 26510 Sahune, France\" data-image=\"https:\/\/cparici.com\/wp-content\/uploads\/2025\/12\/chalet-520x397.jpg\" data-longitude=\"5.261438\" data-latitude=\"44.412241\" data-rating=\"0\" data-reviews=\"0\" data-icon=\"&lt;svg xmlns=&quot;http:\/\/www.w3.org\/2000\/svg&quot; width=&quot;800px&quot; height=&quot;800px&quot; viewBox=&quot;0 0 45 45&quot; fill=&quot;none&quot;&gt;\n&lt;path d=&quot;M24.155 8.78099L24.33 8.94499L37.402 21.787L36 23.213L34.2 21.445L34.201 35C34.201 36.054 33.385 36.918 32.35 36.994L32.201 37H12.201C11.147 37 10.283 36.184 10.206 35.149L10.201 35L10.2 21.446L8.402 23.213L7 21.787L20.058 8.95799C21.171 7.82199 22.966 7.75899 24.155 8.78099ZM21.569 10.285L21.473 10.372L12.2 19.481L12.201 35L17.2 34.999L17.201 25C17.201 23.946 18.017 23.082 19.052 23.005L19.201 23H25.201C26.255 23 27.119 23.816 27.196 24.851L27.201 25L27.2 34.999L32.201 35L32.2 19.48L22.901 10.344C22.537 9.98699 21.969 9.96499 21.569 10.285ZM25.201 25H19.201L19.2 34.999H25.2L25.201 25Z&quot; fill=&quot;#3C3C3C&quot;\/&gt;\n&lt;\/svg&gt;\">\r\n            <div class=\"listing-item  \">\r\n                <div class=\"listing-small-badges-container\">\r\n                                                                <div class=\"listing-small-badge pricing-badge\"><i class=\"fa fa-tag\"><\/i>140,00&euro; - 1\u00a0100,00&euro;<\/div>\r\n                                                            \r\n                                        \r\n                                        \r\n                <\/div>\r\n                <img decoding=\"async\" src=\"https:\/\/cparici.com\/wp-content\/uploads\/2025\/12\/chalet-520x397.jpg\" alt=\"Chalet 6 pers au bord de la rivi\u00e8re \u2013 Dr\u00f4me Proven\u00e7ale, La Vall\u00e9e Bleue.\" class=\"listing-thumbnail\">\r\n                \r\n\r\n                <div class=\"listing-item-content\">\r\n                    \r\n                    <h3> Chalet 6 pers au bord de la rivi\u00e8re \u2013 Dr\u00f4me Proven\u00e7ale, La Vall\u00e9e Bleue. <\/h3>\r\n                    <span>277 Route de Nyons, 26510 Sahune, France<\/span>\r\n                <\/div>\r\n                                        <span class=\"save like-icon tooltip left\" title=\"Connexion pour marquer des \u00e9l\u00e9ments\"><\/span>\r\n                                                <\/div>\r\n        <\/a>\r\n                    <\/div>\r\n        \r\n\r\n        <!-- Listing Item \/ End -->\n                    <\/div>\n                                      <div class=\"fw-carousel-item\">                    \n                        <!-- Listing Item -->\r\n            <div class=\"col-lg-6 col-md-12\">\r\n                <a href=\"https:\/\/cparici.com\/fr\/annonce\/sejour-decouverte-truffe-noire\/\" class=\"listing-item-container listing-geo-data compact\">\r\n            <div class=\"listing-item  featured-listing\">\r\n                <div class=\"listing-small-badges-container\">\r\n                                            <div class=\"listing-small-badge featured-badge\"><i class=\"fa fa-star\"><\/i> En vedette<\/div>\r\n                                                                                \r\n                                        \r\n                                        \r\n                <\/div>\r\n                <img decoding=\"async\" src=\"https:\/\/cparici.com\/wp-content\/uploads\/2025\/09\/www.pavillonm.com-sejour-truffes-richerenches-1.jpg\" alt=\"S\u00e9jour d\u00e9couverte de la Truffe noire\" class=\"listing-thumbnail\">\r\n                \r\n\r\n                <div class=\"listing-item-content\">\r\n                    \r\n                    <h3> S\u00e9jour d\u00e9couverte de la Truffe noire <\/h3>\r\n                    <span>8 avenue Chapon 26230 Grignan<\/span>\r\n                <\/div>\r\n                                        <span class=\"save like-icon tooltip left\" title=\"Connexion pour marquer des \u00e9l\u00e9ments\"><\/span>\r\n                                                <\/div>\r\n        <\/a>\r\n                    <\/div>\r\n        \r\n\r\n        <!-- Listing Item \/ End -->\n                    <\/div>\n                          <\/div>\n        \t\t\t\t<\/div>\n\t\t\t\t<\/div>\n\t\t\t\t\t<\/div>\n\t\t\t\t<\/aside>\n\t\t<div class=\"elementor-element elementor-element-86e58d2 e-flex e-con-boxed e-con e-parent\" data-id=\"86e58d2\" data-element_type=\"container\" data-e-type=\"container\">\n\t\t\t\t\t<div class=\"e-con-inner\">\n\t\t\t\t<div class=\"elementor-element elementor-element-fe5d902 elementor-widget elementor-widget-text-editor\" data-id=\"fe5d902\" data-element_type=\"widget\" data-e-type=\"widget\" data-widget_type=\"text-editor.default\">\n\t\t\t\t\t\t\t\t\t<h2>Les 10 incontournables de la Dr\u00f4me<\/h2><h3 data-start=\"293\" data-end=\"346\">1. Le Palais Id\u00e9al du Facteur Cheval \u2013 Hauterives<\/h3><p data-start=\"348\" data-end=\"718\">Chef-d\u2019\u0153uvre unique d\u2019<strong data-start=\"370\" data-end=\"396\">architecture spontan\u00e9e<\/strong>, le Palais Id\u00e9al du Facteur Cheval est une pure prouesse n\u00e9e de l\u2019imagination d\u2019un facteur rural, Ferdinand Cheval. Inspir\u00e9 par la nature et ses lectures, il a pass\u00e9 33 ann\u00e9es \u00e0 construire \u00e0 la main, pierre par pierre, ce monument onirique aux influences multiples : <strong data-start=\"664\" data-end=\"717\">hindoue, \u00e9gyptienne, m\u00e9di\u00e9vale, biblique, pa\u00efenne<\/strong>\u2026<\/p><p data-start=\"348\" data-end=\"718\"><a href=\"https:\/\/cparici.com\/wp-content\/uploads\/2025\/09\/cparici-2025-09-12T081244.772.jpg\"><img decoding=\"async\" class=\"aligncenter wp-image-70497 size-full\" src=\"https:\/\/cparici.com\/wp-content\/uploads\/2025\/09\/cparici-2025-09-12T081244.772.jpg\" alt=\"Les 10 incontournables de la Dr\u00f4me le Palais du Facteur Cheval\" width=\"1500\" height=\"530\" srcset=\"https:\/\/cparici.com\/wp-content\/uploads\/2025\/09\/cparici-2025-09-12T081244.772.jpg 1500w, https:\/\/cparici.com\/wp-content\/uploads\/2025\/09\/cparici-2025-09-12T081244.772-300x106.jpg 300w, https:\/\/cparici.com\/wp-content\/uploads\/2025\/09\/cparici-2025-09-12T081244.772-1024x362.jpg 1024w, https:\/\/cparici.com\/wp-content\/uploads\/2025\/09\/cparici-2025-09-12T081244.772-768x271.jpg 768w, https:\/\/cparici.com\/wp-content\/uploads\/2025\/09\/cparici-2025-09-12T081244.772-18x6.jpg 18w, https:\/\/cparici.com\/wp-content\/uploads\/2025\/09\/cparici-2025-09-12T081244.772-590x208.jpg 590w, https:\/\/cparici.com\/wp-content\/uploads\/2025\/09\/cparici-2025-09-12T081244.772-1200x424.jpg 1200w, https:\/\/cparici.com\/wp-content\/uploads\/2025\/09\/cparici-2025-09-12T081244.772-577x204.jpg 577w, https:\/\/cparici.com\/wp-content\/uploads\/2025\/09\/cparici-2025-09-12T081244.772-600x212.jpg 600w\" sizes=\"(max-width: 1500px) 100vw, 1500px\" \/><\/a><\/p><p data-start=\"720\" data-end=\"1022\">L\u2019endroit est charg\u00e9 de po\u00e9sie brute et de symboles. Des visiteurs du monde entier viennent admirer ce qui fut salu\u00e9 par Andr\u00e9 Breton et les surr\u00e9alistes comme l\u2019un des plus beaux exemples d\u2019<strong data-start=\"911\" data-end=\"923\">art na\u00eff<\/strong>. Un lieu magique, entre <strong data-start=\"948\" data-end=\"976\">fantaisie architecturale<\/strong> et r\u00eave \u00e9veill\u00e9, id\u00e9al pour petits et grands.<\/p><h3 data-start=\"1029\" data-end=\"1052\">2. La Tour de Crest<\/h3><p data-start=\"1054\" data-end=\"1289\">Dominant la vall\u00e9e de la Dr\u00f4me, la Tour de Crest est l\u2019un des vestiges m\u00e9di\u00e9vaux les plus embl\u00e9matiques de la r\u00e9gion. Culminant \u00e0 <strong data-start=\"1184\" data-end=\"1208\">52 m\u00e8tres de hauteur<\/strong>, c\u2019est tout simplement le <strong data-start=\"1235\" data-end=\"1274\">plus haut donjon m\u00e9di\u00e9val de France<\/strong> encore debout.<\/p><p data-start=\"1291\" data-end=\"1685\">Construite entre le XIIe et le XVe si\u00e8cle, la tour a \u00e9t\u00e9 tour \u00e0 tour ch\u00e2teau fort, prison d\u2019\u00c9tat, et symbole de puissance f\u00e9odale. Aujourd\u2019hui, elle offre un <strong data-start=\"1449\" data-end=\"1479\">point de vue spectaculaire<\/strong> sur les montagnes du Vercors et les collines environnantes. \u00c0 l\u2019int\u00e9rieur, des <strong data-start=\"1559\" data-end=\"1620\">reconstitutions historiques, des graffitis de prisonniers<\/strong>, et des parcours th\u00e9matiques permettent une v\u00e9ritable immersion.<\/p><h3 data-start=\"1692\" data-end=\"1734\">3. Le Parc Naturel R\u00e9gional du Vercors<\/h3><p data-start=\"1736\" data-end=\"2084\">Le Vercors est un <strong data-start=\"1754\" data-end=\"1773\">\u00e9crin de nature<\/strong> \u00e0 cheval entre la Dr\u00f4me et l\u2019Is\u00e8re, et constitue l\u2019un des plus beaux <strong data-start=\"1843\" data-end=\"1881\">parcs naturels r\u00e9gionaux de France<\/strong>. C\u2019est une mosa\u00efque de <strong data-start=\"1905\" data-end=\"1989\">falaises abruptes, plateaux calcaires, for\u00eats profondes et gorges spectaculaires<\/strong>, id\u00e9ale pour les randonneurs, grimpeurs, sp\u00e9l\u00e9ologues, cyclistes et amoureux du calme sauvage.<\/p><p data-start=\"1736\" data-end=\"2084\"><a href=\"https:\/\/cparici.com\/wp-content\/uploads\/2025\/09\/cparici-2025-09-12T081810.041.jpg\"><img decoding=\"async\" class=\"aligncenter wp-image-70498 size-full\" src=\"https:\/\/cparici.com\/wp-content\/uploads\/2025\/09\/cparici-2025-09-12T081810.041.jpg\" alt=\"Dr\u00f4me Parce naturel r\u00e9gional du Vercors\" width=\"1500\" height=\"530\" srcset=\"https:\/\/cparici.com\/wp-content\/uploads\/2025\/09\/cparici-2025-09-12T081810.041.jpg 1500w, https:\/\/cparici.com\/wp-content\/uploads\/2025\/09\/cparici-2025-09-12T081810.041-300x106.jpg 300w, https:\/\/cparici.com\/wp-content\/uploads\/2025\/09\/cparici-2025-09-12T081810.041-1024x362.jpg 1024w, https:\/\/cparici.com\/wp-content\/uploads\/2025\/09\/cparici-2025-09-12T081810.041-768x271.jpg 768w, https:\/\/cparici.com\/wp-content\/uploads\/2025\/09\/cparici-2025-09-12T081810.041-18x6.jpg 18w, https:\/\/cparici.com\/wp-content\/uploads\/2025\/09\/cparici-2025-09-12T081810.041-590x208.jpg 590w, https:\/\/cparici.com\/wp-content\/uploads\/2025\/09\/cparici-2025-09-12T081810.041-1200x424.jpg 1200w, https:\/\/cparici.com\/wp-content\/uploads\/2025\/09\/cparici-2025-09-12T081810.041-577x204.jpg 577w, https:\/\/cparici.com\/wp-content\/uploads\/2025\/09\/cparici-2025-09-12T081810.041-600x212.jpg 600w\" sizes=\"(max-width: 1500px) 100vw, 1500px\" \/><\/a><\/p><p data-start=\"2086\" data-end=\"2417\">Le parc abrite une <strong data-start=\"2105\" data-end=\"2129\">faune exceptionnelle<\/strong> : bouquetins, loups, aigles royaux, vautours fauves\u2026 mais aussi une flore alpine abondante. On y trouve des sites embl\u00e9matiques comme les Hauts Plateaux, la Grotte de la Luire, ou encore les sublimes <strong data-start=\"2330\" data-end=\"2353\">gorges de la Bourne<\/strong>. \u00c9t\u00e9 comme hiver, le Vercors offre <strong data-start=\"2389\" data-end=\"2416\">aventure et d\u00e9connexion<\/strong>.<\/p><h3 data-start=\"2424\" data-end=\"2478\">4. La Cit\u00e9 du Chocolat Valrhona \u2013 Tain-l\u2019Hermitage<\/h3><p data-start=\"2480\" data-end=\"2683\">Pour les gourmands, la Cit\u00e9 du Chocolat est une halte obligatoire ! Implant\u00e9e \u00e0 Tain-l\u2019Hermitage, elle vous plonge dans l\u2019univers du chocolat \u00e0 travers un <strong data-start=\"2635\" data-end=\"2657\">parcours sensoriel<\/strong>, interactif et gourmand.<\/p><p data-start=\"2685\" data-end=\"2981\">Vous y d\u00e9couvrirez les secrets de fabrication du <strong data-start=\"2734\" data-end=\"2760\">chocolat haut de gamme<\/strong>, de la f\u00e8ve de cacao jusqu\u2019\u00e0 la d\u00e9gustation. Gr\u00e2ce \u00e0 des <strong data-start=\"2818\" data-end=\"2869\">ateliers, animations, d\u00e9gustations, projections<\/strong>, vous apprenez \u00e0 reconna\u00eetre les ar\u00f4mes, \u00e0 distinguer les terroirs, et \u00e0 savourer les grands crus de chocolat.<\/p><p data-start=\"2983\" data-end=\"3162\">Valrhona est une r\u00e9f\u00e9rence mondiale, utilis\u00e9e par les plus grands chefs p\u00e2tissiers. Visiter la Cit\u00e9, c\u2019est <strong data-start=\"3090\" data-end=\"3137\">vivre une exp\u00e9rience gastronomique compl\u00e8te<\/strong>, ludique et inoubliable.<\/p><h3 data-start=\"3169\" data-end=\"3213\">5. La Ferme aux Crocodiles \u2013 Pierrelatte<\/h3><p data-start=\"3215\" data-end=\"3470\">Situ\u00e9e \u00e0 Pierrelatte, cette <strong data-start=\"3243\" data-end=\"3264\">r\u00e9serve tropicale<\/strong> est le plus grand parc animalier d\u2019Europe consacr\u00e9 aux reptiles. Avec plus de <strong data-start=\"3343\" data-end=\"3419\">600 crocodiles, des tortues g\u00e9antes, des serpents, des oiseaux exotiques<\/strong>, la Ferme aux Crocodiles fascine petits et grands.<\/p><p data-start=\"3215\" data-end=\"3470\"><a href=\"https:\/\/cparici.com\/wp-content\/uploads\/2025\/09\/cparici-2025-09-12T082003.885.jpg\"><img decoding=\"async\" class=\"aligncenter wp-image-70503 size-full\" src=\"https:\/\/cparici.com\/wp-content\/uploads\/2025\/09\/cparici-2025-09-12T082003.885.jpg\" alt=\"Le ferme aux crocodiles dans la Dr\u00f4me\" width=\"1500\" height=\"530\" srcset=\"https:\/\/cparici.com\/wp-content\/uploads\/2025\/09\/cparici-2025-09-12T082003.885.jpg 1500w, https:\/\/cparici.com\/wp-content\/uploads\/2025\/09\/cparici-2025-09-12T082003.885-300x106.jpg 300w, https:\/\/cparici.com\/wp-content\/uploads\/2025\/09\/cparici-2025-09-12T082003.885-1024x362.jpg 1024w, https:\/\/cparici.com\/wp-content\/uploads\/2025\/09\/cparici-2025-09-12T082003.885-768x271.jpg 768w, https:\/\/cparici.com\/wp-content\/uploads\/2025\/09\/cparici-2025-09-12T082003.885-18x6.jpg 18w, https:\/\/cparici.com\/wp-content\/uploads\/2025\/09\/cparici-2025-09-12T082003.885-590x208.jpg 590w, https:\/\/cparici.com\/wp-content\/uploads\/2025\/09\/cparici-2025-09-12T082003.885-1200x424.jpg 1200w, https:\/\/cparici.com\/wp-content\/uploads\/2025\/09\/cparici-2025-09-12T082003.885-577x204.jpg 577w, https:\/\/cparici.com\/wp-content\/uploads\/2025\/09\/cparici-2025-09-12T082003.885-600x212.jpg 600w\" sizes=\"(max-width: 1500px) 100vw, 1500px\" \/><\/a><\/p><p data-start=\"3472\" data-end=\"3808\">Sous une serre g\u00e9ante, les animaux \u00e9voluent dans une <strong data-start=\"3525\" data-end=\"3547\">ambiance tropicale<\/strong> reproduisant leur habitat naturel. On peut observer les crocodiles au plus pr\u00e8s, assister \u00e0 leur nourrissage, et en apprendre davantage sur leur biologie et leur pr\u00e9servation. Le parc est aussi un centre de conservation et d\u2019\u00e9levage reconnu au niveau europ\u00e9en.<\/p><h3 data-start=\"3815\" data-end=\"3855\">6. Les Plus Beaux Villages de France<\/h3><p data-start=\"3857\" data-end=\"3987\">La Dr\u00f4me compte <strong data-start=\"3873\" data-end=\"3927\">6 villages class\u00e9s &#8220;<a href=\"https:\/\/cparici.com\/plus-beau-village-de-france\/\">Plus Beaux Villages de France<\/a>&#8220;<\/strong>, chacun repr\u00e9sentant un joyau d\u2019histoire et de patrimoine :<\/p><ul data-start=\"3989\" data-end=\"4495\"><li data-start=\"3989\" data-end=\"4082\"><p data-start=\"3991\" data-end=\"4082\"><strong data-start=\"3991\" data-end=\"4002\">Grignan<\/strong> : c\u00e9l\u00e8bre pour son ch\u00e2teau Renaissance et son lien avec la marquise de S\u00e9vign\u00e9.<\/p><\/li><li data-start=\"4083\" data-end=\"4161\"><p data-start=\"4085\" data-end=\"4161\"><strong data-start=\"4085\" data-end=\"4097\">Mirmande<\/strong> : village perch\u00e9 aux ruelles pav\u00e9es et aux ateliers d\u2019artistes.<\/p><\/li><li data-start=\"4162\" data-end=\"4244\"><p data-start=\"4164\" data-end=\"4244\"><strong data-start=\"4164\" data-end=\"4181\">Le Po\u00ebt-Laval<\/strong> : ancienne commanderie templi\u00e8re avec mus\u00e9e du protestantisme.<\/p><\/li><li data-start=\"4245\" data-end=\"4327\"><p data-start=\"4247\" data-end=\"4327\"><strong data-start=\"4247\" data-end=\"4269\">Montbrun-les-Bains<\/strong> : station thermale nich\u00e9e au c\u0153ur de la Dr\u00f4me Proven\u00e7ale.<\/p><\/li><li data-start=\"4328\" data-end=\"4404\"><p data-start=\"4330\" data-end=\"4404\"><strong data-start=\"4330\" data-end=\"4350\">La Garde-Adh\u00e9mar<\/strong> : typiquement proven\u00e7al, dominant la vall\u00e9e du Rh\u00f4ne.<\/p><\/li><li data-start=\"4405\" data-end=\"4495\"><p data-start=\"4407\" data-end=\"4495\"><strong data-start=\"4407\" data-end=\"4429\">Ch\u00e2tillon-en-Diois<\/strong> : pittoresque village viticole entour\u00e9 de vignes et de montagnes.<\/p><\/li><\/ul><p data-start=\"4497\" data-end=\"4595\">Ces villages offrent un concentr\u00e9 de <strong data-start=\"4534\" data-end=\"4594\">charme, d\u2019histoire, d\u2019artisanat et de gastronomie locale<\/strong>.<\/p><h3 data-start=\"4602\" data-end=\"4645\">7. La Dr\u00f4me Proven\u00e7ale et les Baronnies<\/h3><p data-start=\"4647\" data-end=\"4956\">C\u2019est le <strong data-start=\"4656\" data-end=\"4675\">sud de la Dr\u00f4me<\/strong>, entre lavande et cigales, entre collines douces et oliviers. On y retrouve l\u2019ambiance lumineuse et color\u00e9e de la <strong data-start=\"4790\" data-end=\"4802\">Provence<\/strong>, avec des villages perch\u00e9s, des march\u00e9s proven\u00e7aux, et des champs de lavande \u00e0 perte de vue (notamment autour de <strong data-start=\"4916\" data-end=\"4954\">Grignan, Nyons, Buis-les-Baronnies<\/strong>).<\/p><p data-start=\"4958\" data-end=\"5190\">Les <strong data-start=\"4962\" data-end=\"4987\">Baronnies Proven\u00e7ales<\/strong> sont une zone prot\u00e9g\u00e9e, id\u00e9ale pour les activit\u00e9s de plein air douces : randonn\u00e9es, v\u00e9lo, baignade en rivi\u00e8re, escalade\u2026 On y trouve aussi les <strong data-start=\"5131\" data-end=\"5189\">vins AOC, la truffe noire, et l\u2019huile d\u2019olive de Nyons<\/strong>.<\/p><h3 data-start=\"5197\" data-end=\"5227\">8. La gastronomie dr\u00f4moise<\/h3><p data-start=\"5229\" data-end=\"5306\">La Dr\u00f4me, c\u2019est un <strong data-start=\"5248\" data-end=\"5265\">terroir riche<\/strong> et g\u00e9n\u00e9reux. Parmi les produits phares :<\/p><ul data-start=\"5308\" data-end=\"5578\"><li data-start=\"5308\" data-end=\"5362\"><p data-start=\"5310\" data-end=\"5362\">Le <strong data-start=\"5313\" data-end=\"5337\">nougat de Mont\u00e9limar<\/strong>, aux amandes et au miel.<\/p><\/li><li data-start=\"5363\" data-end=\"5420\"><p data-start=\"5365\" data-end=\"5420\">La <strong data-start=\"5368\" data-end=\"5384\">truffe noire<\/strong>, reine de la cuisine gastronomique.<\/p><\/li><li data-start=\"5421\" data-end=\"5473\"><p data-start=\"5423\" data-end=\"5473\">Les <strong data-start=\"5427\" data-end=\"5446\">olives de Nyons<\/strong> (AOP) et leur huile douce.<\/p><\/li><li data-start=\"5474\" data-end=\"5530\"><p data-start=\"5476\" data-end=\"5530\">La <strong data-start=\"5479\" data-end=\"5499\">Clairette de Die<\/strong>, vin mousseux l\u00e9ger et fruit\u00e9.<\/p><\/li><li data-start=\"5531\" data-end=\"5578\"><p data-start=\"5533\" data-end=\"5578\">Les <strong data-start=\"5537\" data-end=\"5564\">vins des C\u00f4tes du Rh\u00f4ne<\/strong> m\u00e9ridionales.<\/p><\/li><\/ul><p data-start=\"5580\" data-end=\"5806\">Les march\u00e9s hebdomadaires sont une f\u00eate pour les sens, et les restaurants mettent en avant une <strong data-start=\"5675\" data-end=\"5697\">cuisine du terroir<\/strong> authentique. Des <strong data-start=\"5715\" data-end=\"5740\">routes gastronomiques<\/strong> permettent aussi de d\u00e9couvrir les producteurs et artisans locaux.<\/p><h3 data-start=\"5813\" data-end=\"5847\">9. Valence et Romans-sur-Is\u00e8re<\/h3><ul data-start=\"5849\" data-end=\"6378\"><li data-start=\"5849\" data-end=\"6156\"><p data-start=\"5851\" data-end=\"6156\"><strong data-start=\"5851\" data-end=\"5862\">Valence<\/strong>, ville d\u2019art et d\u2019histoire, s\u00e9duit par son centre ancien, ses places ombrag\u00e9es, ses mus\u00e9es, et sa proximit\u00e9 avec le Rh\u00f4ne. Le <strong data-start=\"5989\" data-end=\"6007\">Kiosque Peynet<\/strong>, la cath\u00e9drale Saint-Apollinaire, ou encore les quais du Rh\u00f4ne sont des incontournables. C\u2019est aussi la ville du chef 3 \u00e9toiles <strong data-start=\"6136\" data-end=\"6155\">Anne-Sophie Pic<\/strong>.<\/p><\/li><li data-start=\"6158\" data-end=\"6378\"><p data-start=\"6160\" data-end=\"6378\"><a href=\"https:\/\/cparici.com\/romans-sur-isere\/\"><strong data-start=\"6160\" data-end=\"6180\">Romans-sur-Is\u00e8re<\/strong><\/a>, capitale historique de la chaussure de luxe, offre un patrimoine architectural remarquable (coll\u00e9giale Saint-Barnard, maisons Renaissance), un mus\u00e9e de la chaussure, et une atmosph\u00e8re authentique.<\/p><\/li><\/ul><p data-start=\"6380\" data-end=\"6476\">Ces deux villes forment une <strong data-start=\"6408\" data-end=\"6439\">\u00e9tape culturelle et urbaine<\/strong> agr\u00e9able entre campagne et montagne.<\/p><h3 data-start=\"6483\" data-end=\"6534\">10. Les sites naturels et gorges spectaculaires<\/h3><p data-start=\"6536\" data-end=\"6652\">La Dr\u00f4me est un paradis pour les amoureux de <strong data-start=\"6581\" data-end=\"6608\">grands espaces naturels<\/strong>. Parmi les sites les plus impressionnants :<\/p><ul data-start=\"6654\" data-end=\"6993\"><li data-start=\"6654\" data-end=\"6755\"><p data-start=\"6656\" data-end=\"6755\"><strong data-start=\"6656\" data-end=\"6680\">Les Gorges d\u2019Ombl\u00e8ze<\/strong> : route spectaculaire, falaises abruptes, cascades, sentiers de randonn\u00e9e.<\/p><\/li><li data-start=\"6756\" data-end=\"6858\"><p data-start=\"6758\" data-end=\"6858\"><strong data-start=\"6758\" data-end=\"6778\">La For\u00eat de Sao\u00fb<\/strong> : un \u201csynclinal perch\u00e9\u201d unique en Europe, riche de biodiversit\u00e9 et de sentiers.<\/p><\/li><li data-start=\"6859\" data-end=\"6993\"><p data-start=\"6861\" data-end=\"6993\"><strong data-start=\"6861\" data-end=\"6898\">La R\u00e9serve naturelle des Rami\u00e8res<\/strong> : zone prot\u00e9g\u00e9e en bord de Dr\u00f4me, id\u00e9ale pour l\u2019observation des oiseaux et balades familiales.<\/p><\/li><\/ul><p data-start=\"6995\" data-end=\"7081\">Ces espaces offrent un <strong data-start=\"7018\" data-end=\"7041\">d\u00e9paysement complet<\/strong>, \u00e0 explorer \u00e0 pied, en VTT ou en kayak.<\/p><h2 data-start=\"321\" data-end=\"389\">Guide touristique de la Dr\u00f4me : nature, patrimoine et art de vivre<\/h2><h3 data-start=\"391\" data-end=\"419\">La Dr\u00f4me en quelques mots<\/h3><p data-start=\"421\" data-end=\"766\">Situ\u00e9e dans le <strong data-start=\"436\" data-end=\"460\">sud-est de la France<\/strong>, au c\u0153ur de la r\u00e9gion <strong data-start=\"483\" data-end=\"507\">Auvergne-Rh\u00f4ne-Alpes<\/strong>, la Dr\u00f4me est un d\u00e9partement aux <strong data-start=\"541\" data-end=\"564\">paysages contrast\u00e9s<\/strong>. Du <strong data-start=\"569\" data-end=\"591\">Vercors montagneux<\/strong> \u00e0 la <strong data-start=\"597\" data-end=\"637\">Dr\u00f4me Proven\u00e7ale parfum\u00e9e de lavande<\/strong>, en passant par les <strong data-start=\"658\" data-end=\"682\">collines verdoyantes<\/strong> et la vall\u00e9e du Rh\u00f4ne, elle s\u00e9duit par sa <strong data-start=\"725\" data-end=\"765\">diversit\u00e9 g\u00e9ographique et culturelle<\/strong>.<\/p><p data-start=\"768\" data-end=\"1037\">Avec une superficie de plus de <strong data-start=\"799\" data-end=\"812\">6 500 km\u00b2<\/strong>, la Dr\u00f4me est travers\u00e9e par la rivi\u00e8re \u00e9ponyme, qui se jette dans le Rh\u00f4ne apr\u00e8s avoir dessin\u00e9 vall\u00e9es et plaines fertiles. On y retrouve aussi bien l\u2019h\u00e9ritage du <strong data-start=\"976\" data-end=\"988\">Dauphin\u00e9<\/strong> au nord que la douceur m\u00e9diterran\u00e9enne au sud.<\/p><p data-start=\"1039\" data-end=\"1179\">Les <strong data-start=\"1043\" data-end=\"1054\">Dr\u00f4mois<\/strong> profitent d\u2019un climat agr\u00e9able, oscillant entre <strong data-start=\"1103\" data-end=\"1134\">influences m\u00e9diterran\u00e9ennes<\/strong> et <strong data-start=\"1138\" data-end=\"1159\">climat montagnard<\/strong> dans les massifs.<\/p><h3 data-start=\"1186\" data-end=\"1223\">Les grands territoires de la Dr\u00f4me<\/h3><h4 data-start=\"1225\" data-end=\"1250\">La Dr\u00f4me des Collines<\/h4><p data-start=\"1251\" data-end=\"1474\">Au nord, cette r\u00e9gion vallonn\u00e9e offre des paysages bucoliques, des vergers, et des sites embl\u00e9matiques comme le <strong data-start=\"1363\" data-end=\"1397\">Palais Id\u00e9al du Facteur Cheval<\/strong> \u00e0 Hauterives. C\u2019est une porte d\u2019entr\u00e9e id\u00e9ale pour d\u00e9couvrir le d\u00e9partement.<\/p><h4 data-start=\"1476\" data-end=\"1490\">Le Vercors<\/h4><p data-start=\"1491\" data-end=\"1710\">\u00c0 l\u2019est, le <strong data-start=\"1503\" data-end=\"1539\">Parc Naturel R\u00e9gional du Vercors<\/strong> impressionne avec ses falaises abruptes, ses for\u00eats profondes et ses plateaux calcaires. C\u2019est un paradis pour les amateurs de randonn\u00e9e, d\u2019escalade et de sports d\u2019hiver.<\/p><h4 data-start=\"1712\" data-end=\"1749\">Le Diois et la Vall\u00e9e de la Dr\u00f4me<\/h4><p data-start=\"1750\" data-end=\"1891\">R\u00e9gion nature et viticole, connue pour la <strong data-start=\"1792\" data-end=\"1812\">Clairette de Die<\/strong>, ses villages pittoresques et ses rivi\u00e8res propices \u00e0 la baignade ou au cano\u00eb.<\/p><h3 data-start=\"1893\" data-end=\"1916\">La Dr\u00f4me Proven\u00e7ale<\/h3><p data-start=\"1917\" data-end=\"2116\">Au sud, c\u2019est l\u2019image de carte postale : <strong data-start=\"1958\" data-end=\"2008\">lavande, oliviers, cigales, march\u00e9s proven\u00e7aux<\/strong>, et villages perch\u00e9s comme <strong data-start=\"2036\" data-end=\"2074\">Grignan, Nyons ou La Garde-Adh\u00e9mar<\/strong>. Une ambiance chaleureuse et ensoleill\u00e9e.<\/p><h3 data-start=\"2123\" data-end=\"2161\">Les sites \u00e0 visiter<\/h3><ul data-start=\"2163\" data-end=\"2700\"><li data-start=\"2163\" data-end=\"2217\"><p data-start=\"2165\" data-end=\"2217\"><strong data-start=\"2165\" data-end=\"2202\">Le Palais Id\u00e9al du Facteur Cheval<\/strong> (Hauterives)<\/p><\/li><li data-start=\"2218\" data-end=\"2279\"><p data-start=\"2220\" data-end=\"2279\"><strong data-start=\"2220\" data-end=\"2240\">La Tour de Crest<\/strong>, plus haut donjon m\u00e9di\u00e9val de France<\/p><\/li><li data-start=\"2280\" data-end=\"2381\"><p data-start=\"2282\" data-end=\"2381\"><strong data-start=\"2282\" data-end=\"2306\">Les villages class\u00e9s<\/strong> : Grignan, Mirmande, Montbrun-les-Bains, Le Po\u00ebt-Laval, La Garde-Adh\u00e9mar<\/p><\/li><li data-start=\"2382\" data-end=\"2437\"><p data-start=\"2384\" data-end=\"2437\"><strong data-start=\"2384\" data-end=\"2416\">La Cit\u00e9 du Chocolat Valrhona<\/strong> (Tain-l\u2019Hermitage)<\/p><\/li><li data-start=\"2438\" data-end=\"2483\"><p data-start=\"2440\" data-end=\"2483\"><strong data-start=\"2440\" data-end=\"2467\">La Ferme aux Crocodiles<\/strong> (Pierrelatte)<\/p><\/li><li data-start=\"2484\" data-end=\"2555\"><p data-start=\"2486\" data-end=\"2555\"><strong data-start=\"2486\" data-end=\"2506\">La For\u00eat de Sao\u00fb<\/strong> et les gorges spectaculaires (Ombl\u00e8ze, Bourne)<\/p><\/li><li data-start=\"2556\" data-end=\"2653\"><p data-start=\"2558\" data-end=\"2653\"><strong data-start=\"2558\" data-end=\"2581\">Nyons et ses olives<\/strong>, <strong data-start=\"2583\" data-end=\"2611\">Mont\u00e9limar et son nougat<\/strong>, <strong data-start=\"2613\" data-end=\"2651\">Romans-sur-Is\u00e8re et ses chaussures<\/strong><\/p><\/li><li data-start=\"2654\" data-end=\"2700\"><p data-start=\"2656\" data-end=\"2700\"><strong data-start=\"2656\" data-end=\"2667\">Valence<\/strong>, ville d\u2019art et de gastronomie<\/p><\/li><\/ul><h3 data-start=\"2707\" data-end=\"2735\">Que faire dans la Dr\u00f4me ?<\/h3><ul data-start=\"2737\" data-end=\"3274\"><li data-start=\"2737\" data-end=\"2819\"><p data-start=\"2739\" data-end=\"2819\"><strong data-start=\"2739\" data-end=\"2753\">Randonn\u00e9es<\/strong> : dans le Vercors, la For\u00eat de Sao\u00fb, les Baronnies Proven\u00e7ales.<\/p><\/li><li data-start=\"2820\" data-end=\"2919\"><p data-start=\"2822\" data-end=\"2919\"><strong data-start=\"2822\" data-end=\"2840\">Sports d\u2019hiver<\/strong> : ski alpin ou nordique dans les stations familiales du Vercors et du Diois.<\/p><\/li><li data-start=\"2920\" data-end=\"3042\"><p data-start=\"2922\" data-end=\"3042\"><strong data-start=\"2922\" data-end=\"2950\">D\u00e9couverte gastronomique<\/strong> : truffe noire, Clairette de Die, vins AOC, nougat de Mont\u00e9limar, huile d\u2019olive de Nyons.<\/p><\/li><li data-start=\"3043\" data-end=\"3148\"><p data-start=\"3045\" data-end=\"3148\"><strong data-start=\"3045\" data-end=\"3066\">Activit\u00e9s famille<\/strong> : la Ferme aux Crocodiles, baignade dans la Dr\u00f4me, v\u00e9lo le long de la Viarh\u00f4na.<\/p><\/li><li data-start=\"3149\" data-end=\"3274\"><p data-start=\"3151\" data-end=\"3274\"><strong data-start=\"3151\" data-end=\"3175\">Culture &amp; patrimoine<\/strong> : ch\u00e2teaux (Grignan, Suze-la-Rousse), mus\u00e9es (Chaussure \u00e0 Romans, Art et Arch\u00e9ologie \u00e0 Valence).<\/p><\/li><\/ul><h3 data-start=\"3281\" data-end=\"3306\">Itin\u00e9raires conseill\u00e9s<\/h3><h4 data-start=\"3308\" data-end=\"3343\">S\u00e9jour de 2 jours : l\u2019essentiel<\/h4><ul data-start=\"3344\" data-end=\"3556\"><li data-start=\"3344\" data-end=\"3449\"><p data-start=\"3346\" data-end=\"3449\"><strong data-start=\"3346\" data-end=\"3356\">Jour 1<\/strong> : Valence (vieille ville, Kiosque Peynet), Tain-l\u2019Hermitage (Cit\u00e9 du Chocolat, vignobles).<\/p><\/li><li data-start=\"3450\" data-end=\"3556\"><p data-start=\"3452\" data-end=\"3556\"><strong data-start=\"3452\" data-end=\"3462\">Jour 2<\/strong> : Palais Id\u00e9al du Facteur Cheval, puis balade dans un village perch\u00e9 (Mirmande ou Grignan).<\/p><\/li><\/ul><h4 data-start=\"3563\" data-end=\"3605\">S\u00e9jour de 5 jours : nature et villages<\/h4><ul data-start=\"3606\" data-end=\"3981\"><li data-start=\"3606\" data-end=\"3651\"><p data-start=\"3608\" data-end=\"3651\"><strong data-start=\"3608\" data-end=\"3618\">Jour 1<\/strong> : Valence et Romans-sur-Is\u00e8re.<\/p><\/li><li data-start=\"3652\" data-end=\"3726\"><p data-start=\"3654\" data-end=\"3726\"><strong data-start=\"3654\" data-end=\"3664\">Jour 2<\/strong> : Vercors (randonn\u00e9e, gorges de la Bourne, nature sauvage).<\/p><\/li><li data-start=\"3727\" data-end=\"3814\"><p data-start=\"3729\" data-end=\"3814\"><strong data-start=\"3729\" data-end=\"3739\">Jour 3<\/strong> : Crest et sa tour, puis baignade en rivi\u00e8re dans la vall\u00e9e de la Dr\u00f4me.<\/p><\/li><li data-start=\"3815\" data-end=\"3907\"><p data-start=\"3817\" data-end=\"3907\"><strong data-start=\"3817\" data-end=\"3827\">Jour 4<\/strong> : Villages perch\u00e9s de la Dr\u00f4me Proven\u00e7ale (Grignan, Nyons, La Garde-Adh\u00e9mar).<\/p><\/li><li data-start=\"3908\" data-end=\"3981\"><p data-start=\"3910\" data-end=\"3981\"><strong data-start=\"3910\" data-end=\"3920\">Jour 5<\/strong> : Mont\u00e9limar (nougat), Pierrelatte (Ferme aux Crocodiles).<\/p><\/li><\/ul><h4 data-start=\"3988\" data-end=\"4031\">S\u00e9jour de 10 jours : immersion compl\u00e8te<\/h4><ul data-start=\"4032\" data-end=\"4438\"><li data-start=\"4032\" data-end=\"4117\"><p data-start=\"4034\" data-end=\"4117\"><strong data-start=\"4034\" data-end=\"4046\">Jour 1-2<\/strong> : Nord Dr\u00f4me et collines (Palais Id\u00e9al, villages, Tain-l\u2019Hermitage).<\/p><\/li><li data-start=\"4118\" data-end=\"4196\"><p data-start=\"4120\" data-end=\"4196\"><strong data-start=\"4120\" data-end=\"4132\">Jour 3-4<\/strong> : Vercors (randonn\u00e9e, falaises, sp\u00e9l\u00e9o, visites culturelles).<\/p><\/li><li data-start=\"4197\" data-end=\"4284\"><p data-start=\"4199\" data-end=\"4284\"><strong data-start=\"4199\" data-end=\"4211\">Jour 5-6<\/strong> : Vall\u00e9e de la Dr\u00f4me et Diois (Clairette de Die, villages, baignades).<\/p><\/li><li data-start=\"4285\" data-end=\"4369\"><p data-start=\"4287\" data-end=\"4369\"><strong data-start=\"4287\" data-end=\"4299\">Jour 7-9<\/strong> : Dr\u00f4me Proven\u00e7ale (Nyons, Baronnies, champs de lavande, ch\u00e2teaux).<\/p><\/li><li data-start=\"4370\" data-end=\"4438\"><p data-start=\"4372\" data-end=\"4438\"><strong data-start=\"4372\" data-end=\"4383\">Jour 10<\/strong> : Mont\u00e9limar et ses sp\u00e9cialit\u00e9s, retour par Valence.<\/p><\/li><\/ul><h3 data-start=\"4445\" data-end=\"4466\">Conseils pratiques<\/h3><ul data-start=\"4468\" data-end=\"4881\"><li data-start=\"4468\" data-end=\"4597\"><p data-start=\"4470\" data-end=\"4597\"><strong data-start=\"4470\" data-end=\"4488\">Quand partir ?<\/strong><br data-start=\"4488\" data-end=\"4491\" \/>\u2003 Printemps et \u00e9t\u00e9 pour les lavandes, l\u2019automne pour la lumi\u00e8re et les vendanges, l\u2019hiver pour le ski.<\/p><\/li><li data-start=\"4598\" data-end=\"4681\"><p data-start=\"4600\" data-end=\"4681\"><strong data-start=\"4600\" data-end=\"4615\">Se d\u00e9placer<\/strong> : la voiture est indispensable pour explorer les zones rurales.<\/p><\/li><li data-start=\"4682\" data-end=\"4765\"><p data-start=\"4684\" data-end=\"4765\"><strong data-start=\"4684\" data-end=\"4700\">H\u00e9bergements<\/strong> : g\u00eetes, chambres d\u2019h\u00f4tes, campings nature ou h\u00f4tels en ville.<\/p><\/li><li data-start=\"4766\" data-end=\"4881\"><p data-start=\"4768\" data-end=\"4881\"><strong data-start=\"4768\" data-end=\"4783\">Gastronomie<\/strong> : ne manquez pas un march\u00e9 proven\u00e7al (Nyons, Die, Grignan) pour go\u00fbter aux produits du terroir.<\/p><\/li><\/ul><p data-start=\"4888\" data-end=\"5036\">\ud83d\udc49 La Dr\u00f4me est ainsi une destination <strong data-start=\"4926\" data-end=\"4961\">riche, contrast\u00e9e et conviviale<\/strong>, parfaite pour qui cherche \u00e0 la fois <strong data-start=\"4999\" data-end=\"5033\">nature, culture et gastronomie<\/strong>.<\/p><p data-start=\"4888\" data-end=\"5036\">&#8212;&#8212;&#8212;&#8212;<\/p><h2><span style=\"font-size: 18pt;\">L&#8217;essor de l&#8217;agriculture biologique dans la Dr\u00f4me<\/span><\/h2><h3>Un engagement historique pour le bio<\/h3><p>L&#8217;histoire de l&#8217;agriculture biologique dans la Dr\u00f4me remonte aux ann\u00e9es 1960, marqu\u00e9e par l&#8217;\u00e9mergence des premiers pionniers de cette pratique. Le mouvement de retour \u00e0 la nature de 1968 a stimul\u00e9 le d\u00e9veloppement de l&#8217;agriculture biologique, qui se caract\u00e9rise par le rejet des pesticides et engrais chimiques au profit de solutions naturelles. Fond\u00e9e en 1962, l&#8217;Association Fran\u00e7aise pour l&#8217;Agriculture Biologique (AFAB) a \u00e9t\u00e9 d\u00e9terminante dans la promotion et la r\u00e9glementation du bio en France.<\/p><p>Le Diois, r\u00e9gion de la Dr\u00f4me, est particuli\u00e8rement actif dans le domaine bio. Des entit\u00e9s telles que Corabio contribuent au d\u00e9veloppement et \u00e0 l&#8217;organisation des producteurs biologiques, soutenant ainsi cette initiative. L&#8217;adoption de l&#8217;agriculture biologique par les n\u00e9o-ruraux et les agriculteurs locaux est motiv\u00e9e par des consid\u00e9rations \u00e9thiques et environnementales, dans l&#8217;objectif de pr\u00e9server un avenir durable pour les prochaines g\u00e9n\u00e9rations.<\/p><h3>Statistiques et impact \u00e9conomique<\/h3><p>La Dr\u00f4me est reconnue comme le d\u00e9partement leader du bio en France, gr\u00e2ce \u00e0 une abondance de fermes biologiques et une production vari\u00e9e incluant fruits, l\u00e9gumes, vins, plantes aromatiques, et \u00e9levages. Elle se positionne, avec l&#8217;Ard\u00e8che, en t\u00eate des d\u00e9partements fran\u00e7ais pour le nombre de fermes biologiques, repr\u00e9sentant plus d&#8217;un tiers des exploitations.<\/p><p>L&#8217;impact \u00e9conomique de l&#8217;agriculture biologique dans la Dr\u00f4me est consid\u00e9rable. Le march\u00e9 bio en France, en croissance constante, a atteint 9,7 milliards d&#8217;euros en 2018, marquant une hausse de 15% par rapport \u00e0 l&#8217;ann\u00e9e pr\u00e9c\u00e9dente. La grande distribution, responsable de 49% des ventes de produits biologiques en 2018, joue un r\u00f4le cl\u00e9, tandis que les magasins sp\u00e9cialis\u00e9s et les ventes directes repr\u00e9sentent respectivement 34% et 12% du march\u00e9.<\/p><p>La demande pour les produits biologiques s&#8217;accro\u00eet dans toutes les cat\u00e9gories, avec une nette pr\u00e9f\u00e9rence pour les circuits courts. Cette tendance favorise les achats directs \u00e0 la ferme ou dans des commerces de proximit\u00e9, soutenant ainsi l&#8217;\u00e9conomie locale et encouragent une agriculture \u00e0 la fois durable et efficace.<\/p><h2><span style=\"font-size: 18pt;\">Innovations et pratiques durables<\/span><\/h2><h3>Technologies et techniques avant-gardistes<\/h3><p>La Dr\u00f4me se distingue comme un leader en mati\u00e8re d&#8217;innovations agricoles et environnementales. Le salon Tech&amp;Bio, qui a lieu dans cette r\u00e9gion depuis 2007, en est un parfait exemple. Il r\u00e9unit les professionnels des fili\u00e8res agricoles pour exposer les nouveaut\u00e9s en techniques et pratiques biologiques, encourageant l&#8217;innovation et le partage de connaissances.<\/p><p>La r\u00e9gion adopte des technologies \u00e9cologiques, incluant des syst\u00e8mes de production d&#8217;\u00e9nergie renouvelable comme les \u00e9oliennes et les panneaux solaires. Ces technologies fournissent de l&#8217;\u00e9nergie \u00e0 des structures et des villages complets, \u00e0 l&#8217;instar du village de vacances La Fontaine d&#8217;Annibal \u00e0 Buis-les-Baronnies, r\u00e9duisant ainsi leur impact sur l&#8217;environnement.<\/p><p>Des entreprises locales, telles que FabTools, mettent au point des outils innovants comme la pince \u00e0 sertir \u00e9lectroportative &#8220;Snake&#8221;, qui facilitent le travail des professionnels et des particuliers tout en diminuant leur empreinte \u00e9cologique.<\/p><h3>Projets et collaborations exemplaires<\/h3><p>La Dr\u00f4me brille \u00e9galement par ses projets et collaborations qui soutiennent le d\u00e9veloppement durable. Le territoire de Biovall\u00e9e est un mod\u00e8le d&#8217;exp\u00e9rimentation pour les initiatives de transition \u00e9cologique en milieu rural, unissant trois intercommunalit\u00e9s pour promouvoir des pratiques durables.<\/p><p>Des organismes comme Terre de Liens, qui acqui\u00e8rent des terres agricoles pour en pr\u00e9server l&#8217;acc\u00e8s, jouent un r\u00f4le essentiel dans le maintien de l&#8217;agriculture durable. De m\u00eame, des initiatives comme Villages Vivants encouragent l&#8217;investissement citoyen dans le commerce local, stimulant ainsi l&#8217;\u00e9conomie r\u00e9gionale et soutenant une agriculture \u00e9thique.<\/p><p>Ces efforts collectifs illustrent l&#8217;engagement de la Dr\u00f4me vers un d\u00e9veloppement durable, inclusif et harmonieux, invitant chaque entit\u00e9, qu&#8217;elle soit collectivit\u00e9, association, entreprise ou citoyen, \u00e0 participer activement \u00e0 la transition \u00e9cologique.<\/p><h2><span style=\"font-size: 18pt;\">Le r\u00f4le de la Dr\u00f4me dans le leadership bio national<\/span><\/h2><h3>Formation et sensibilisation<\/h3><p>La Dr\u00f4me est au c\u0153ur de la formation et de la sensibilisation \u00e0 l&#8217;agriculture biologique, \u00e0 la fois localement et nationalement. Le projet Biovall\u00e9e, qui f\u00e9d\u00e8re plusieurs intercommunalit\u00e9s, illustre parfaitement cet engagement. Il vise \u00e0 encourager une transition \u00e9cologique et \u00e0 \u00e9quiper les acteurs locaux des connaissances n\u00e9cessaires pour adopter des pratiques agricoles durables. Ce projet englobe des initiatives de sensibilisation et de formation ciblant les agriculteurs, les consommateurs et les \u00e9lus locaux, leur permettant de saisir pleinement les enjeux et les avantages de l&#8217;agriculture biologique.<\/p><p>Par ailleurs, des \u00e9v\u00e9nements tels que le salon Tech&amp;Bio, organis\u00e9 dans la r\u00e9gion, servent de vitrine pour les derni\u00e8res innovations et techniques en agriculture biologique. Ils attirent des professionnels et des amateurs de toute la France, favorisant ainsi la diffusion de connaissances et de bonnes pratiques. Ces \u00e9v\u00e9nements soulignent le statut de la Dr\u00f4me comme leader dans le secteur de l&#8217;agriculture biologique.<\/p><h3>Influence et collaborations au niveau national<\/h3><p>La Dr\u00f4me influence grandement la politique et les pratiques de l&#8217;agriculture biologique au niveau national. Reconnue comme un leader mondial dans la production et la transformation de plantes \u00e0 parfums, aromatiques et m\u00e9dicinales bio, elle est r\u00e9guli\u00e8rement mise en avant dans les d\u00e9bats nationaux sur l&#8217;agriculture durable. L&#8217;association Cosm\u00e9bio, implant\u00e9e dans la Dr\u00f4me, est un acteur cl\u00e9 dans la promotion de la cosm\u00e9tique \u00e9cologique et biologique, influen\u00e7ant les normes et r\u00e9glementations nationales dans ce domaine.<\/p><p>En outre, la Dr\u00f4me est impliqu\u00e9e dans des collaborations nationales visant \u00e0 promouvoir l&#8217;agriculture biologique. Des entit\u00e9s telles qu&#8217;Agribio Dr\u00f4me et la Communaut\u00e9 de Communes du Val de Dr\u00f4me en Biovall\u00e9e collaborent avec des partenaires nationaux pour \u00e9laborer des strat\u00e9gies de transition \u00e9cologique et appuyer les politiques publiques en faveur de l&#8217;agriculture biologique.<\/p><p>Ces efforts de collaboration et d&#8217;influence positionnent la Dr\u00f4me comme un exemple \u00e0 suivre en mati\u00e8re d&#8217;agriculture biologique en France, incitant d&#8217;autres r\u00e9gions \u00e0 embo\u00eeter le pas vers une agriculture plus durable et \u00e9thique.<\/p><h2><span style=\"font-size: 18pt;\">Conclusion<\/span><\/h2><p>La Dr\u00f4me se positionne en v\u00e9ritable pionni\u00e8re dans le domaine de l&#8217;agriculture biologique et du d\u00e9veloppement durable en France. Gr\u00e2ce \u00e0 son engagement de longue date, ses avanc\u00e9es techniques innovantes et ses partenariats exemplaires, elle s&#8217;impose comme une r\u00e9f\u00e9rence nationale.<\/p><p>Les efforts d\u00e9ploy\u00e9s en mati\u00e8re de formation et de sensibilisation aux pratiques \u00e9coresponsables, coupl\u00e9s \u00e0 son impact notable sur les politiques agricoles, accentuent son influence dans la promotion d&#8217;une agriculture vertueuse. Adopter l&#8217;approche de la Dr\u00f4me est essentiel pour forger un avenir plus vert, o\u00f9 tous les acteurs sont invit\u00e9s \u00e0 participer activement \u00e0 la transition \u00e9cologique.<\/p><p>Il est temps d&#8217;agir pour une agriculture plus verte et \u00e9thique, en prenant exemple sur les succ\u00e8s de la Dr\u00f4me.<\/p><h2><span style=\"font-size: 18pt;\">FAQ<\/span><\/h2><h3>Quel est le num\u00e9ro du d\u00e9partement de la Dr\u00f4me ?<\/h3><p>Le d\u00e9partement de la Dr\u00f4me porte le num\u00e9ro 26.<\/p><h3>Quelles sont les grandes villes de la Dr\u00f4me ?<\/h3><p>Les principales villes de la Dr\u00f4me, en termes de population, incluent Valence, Mont\u00e9limar, Romans-sur-Is\u00e8re, Bourg-l\u00e8s-Valence, Pierrelatte, Bourg-de-P\u00e9age, Portes-l\u00e8s-Valence, Livron-sur-Dr\u00f4me, Saint-Paul-Trois-Ch\u00e2teaux, et Crest, d&#8217;apr\u00e8s les statistiques de 2008.<\/p><h3>Quelles sont les sp\u00e9cialit\u00e9s gastronomiques de la Dr\u00f4me ?<\/h3><p>La Dr\u00f4me est r\u00e9put\u00e9e pour ses sp\u00e9cialit\u00e9s gastronomiques telles que le fromage de ch\u00e8vre, les croquets de Suisse, les olives et l&#8217;huile d&#8217;olive de Nyons, les truffes noires, et le nougat de Mont\u00e9limar. Elle est \u00e9galement connue pour ses vins de qualit\u00e9, notamment les C\u00f4tes du Rh\u00f4ne et les Grignan les Adhemar.<\/p><h3>O\u00f9 se situe le d\u00e9partement du 26 ?<\/h3><p>Situ\u00e9 dans la r\u00e9gion Auvergne-Rh\u00f4ne-Alpes, en France, le d\u00e9partement du 26, ou Dr\u00f4me, se trouve \u00e0 l&#8217;est du pays, bord\u00e9 par les d\u00e9partements de l&#8217;Is\u00e8re et de l&#8217;Ard\u00e8che.<\/p><p>Pour en savoir plus sur le Dr\u00f4me, <a href=\"https:\/\/www.drome-cestmanature.com\/\" target=\"_blank\" rel=\"noopener\">c&#8217;est par ici!<\/a><\/p>\t\t\t\t\t\t\t\t<\/div>\n\t\t\t\t\t<\/div>\n\t\t\t\t<\/div>\n\t\t<aside class=\"elementor-element elementor-element-7d937ba e-flex e-con-boxed e-con e-parent\" data-id=\"7d937ba\" data-element_type=\"container\" data-e-type=\"container\">\n\t\t\t\t\t<div class=\"e-con-inner\">\n\t\t\t\t<div class=\"elementor-element elementor-element-475f5f9 elementor-widget elementor-widget-listeo-posts-grid\" data-id=\"475f5f9\" data-element_type=\"widget\" data-e-type=\"widget\" data-widget_type=\"listeo-posts-grid.default\">\n\t\t\t\t<div class=\"elementor-widget-container\">\n\t\t\t\t\t\t\t\n\t\t<div class=\"listeo-post-grid-wrapper\">\n\t\t\t<div class=\"row\">\n\n\t\t\t\n\n\t\t\t\t\t\t\t<div class=\"col-md-4\">\n                <a href=\"https:\/\/cparici.com\/fr\/ruoms\/\" class=\"blog-compact-item-container\">\n                    <div class=\"blog-compact-item\">\n                        <img decoding=\"async\" width=\"577\" height=\"204\" src=\"https:\/\/cparici.com\/wp-content\/uploads\/2026\/02\/Ruoms-577x204.jpg\" class=\"attachment-listeo-blog-related-post size-listeo-blog-related-post wp-post-image\" alt=\"Ruoms\" srcset=\"https:\/\/cparici.com\/wp-content\/uploads\/2026\/02\/Ruoms-577x204.jpg 577w, https:\/\/cparici.com\/wp-content\/uploads\/2026\/02\/Ruoms-300x106.jpg 300w, https:\/\/cparici.com\/wp-content\/uploads\/2026\/02\/Ruoms-1024x362.jpg 1024w, https:\/\/cparici.com\/wp-content\/uploads\/2026\/02\/Ruoms-768x271.jpg 768w, https:\/\/cparici.com\/wp-content\/uploads\/2026\/02\/Ruoms-18x6.jpg 18w, https:\/\/cparici.com\/wp-content\/uploads\/2026\/02\/Ruoms-590x208.jpg 590w, https:\/\/cparici.com\/wp-content\/uploads\/2026\/02\/Ruoms-1200x424.jpg 1200w, https:\/\/cparici.com\/wp-content\/uploads\/2026\/02\/Ruoms-600x212.jpg 600w, https:\/\/cparici.com\/wp-content\/uploads\/2026\/02\/Ruoms.jpg 1500w\" sizes=\"(max-width: 577px) 100vw, 577px\" \/><span class=\"blog-item-tag\">Ard\u00e8che ( d\u00e9partement)<\/span>                        \n                        <div class=\"blog-compact-item-content\">\n                                                        <h3>Ruoms, une village m\u00e9di\u00e9val de l\u2019Ard\u00e8che<\/h3>\n                                                        <p>Recherches populaires Categories Pas de r\u00e9sultats Voir tous les r\u00e9sultats Ruoms, une village m\u00e9di\u00e9val de...                            <\/p>\n                                                    <\/div>\n                    <\/div>\n                <\/a>\n            <\/div>\n\t\t\t<div class=\"col-md-4\">\n                <a href=\"https:\/\/cparici.com\/fr\/labeaume\/\" class=\"blog-compact-item-container\">\n                    <div class=\"blog-compact-item\">\n                        <img decoding=\"async\" width=\"577\" height=\"204\" src=\"https:\/\/cparici.com\/wp-content\/uploads\/2025\/08\/cparici-2025-08-26T162936.371-577x204.jpg\" class=\"attachment-listeo-blog-related-post size-listeo-blog-related-post wp-post-image\" alt=\"Labeaume\" srcset=\"https:\/\/cparici.com\/wp-content\/uploads\/2025\/08\/cparici-2025-08-26T162936.371-577x204.jpg 577w, https:\/\/cparici.com\/wp-content\/uploads\/2025\/08\/cparici-2025-08-26T162936.371-300x106.jpg 300w, https:\/\/cparici.com\/wp-content\/uploads\/2025\/08\/cparici-2025-08-26T162936.371-1024x362.jpg 1024w, https:\/\/cparici.com\/wp-content\/uploads\/2025\/08\/cparici-2025-08-26T162936.371-768x271.jpg 768w, https:\/\/cparici.com\/wp-content\/uploads\/2025\/08\/cparici-2025-08-26T162936.371-18x6.jpg 18w, https:\/\/cparici.com\/wp-content\/uploads\/2025\/08\/cparici-2025-08-26T162936.371-590x208.jpg 590w, https:\/\/cparici.com\/wp-content\/uploads\/2025\/08\/cparici-2025-08-26T162936.371-1200x424.jpg 1200w, https:\/\/cparici.com\/wp-content\/uploads\/2025\/08\/cparici-2025-08-26T162936.371-600x212.jpg 600w, https:\/\/cparici.com\/wp-content\/uploads\/2025\/08\/cparici-2025-08-26T162936.371.jpg 1500w\" sizes=\"(max-width: 577px) 100vw, 577px\" \/><span class=\"blog-item-tag\">Ard\u00e8che ( d\u00e9partement)<\/span>                        \n                        <div class=\"blog-compact-item-content\">\n                                                        <h3>Labeaume : charme, nature et patrimoine au c\u0153ur de l\u2019Ard\u00e8che<\/h3>\n                                                        <p>Recherches populaires Categories Pas de r\u00e9sultats Voir tous les r\u00e9sultats Labeaume : charme, nature et...                            <\/p>\n                                                    <\/div>\n                    <\/div>\n                <\/a>\n            <\/div>\n\t\t\t<div class=\"col-md-4\">\n                <a href=\"https:\/\/cparici.com\/fr\/le-luberon\/\" class=\"blog-compact-item-container\">\n                    <div class=\"blog-compact-item\">\n                        <img decoding=\"async\" width=\"577\" height=\"204\" src=\"https:\/\/cparici.com\/wp-content\/uploads\/2025\/01\/cparici-79-577x204.jpg\" class=\"attachment-listeo-blog-related-post size-listeo-blog-related-post wp-post-image\" alt=\"Luberon\" srcset=\"https:\/\/cparici.com\/wp-content\/uploads\/2025\/01\/cparici-79-577x204.jpg 577w, https:\/\/cparici.com\/wp-content\/uploads\/2025\/01\/cparici-79-300x106.jpg 300w, https:\/\/cparici.com\/wp-content\/uploads\/2025\/01\/cparici-79-1024x362.jpg 1024w, https:\/\/cparici.com\/wp-content\/uploads\/2025\/01\/cparici-79-768x271.jpg 768w, https:\/\/cparici.com\/wp-content\/uploads\/2025\/01\/cparici-79-590x208.jpg 590w, https:\/\/cparici.com\/wp-content\/uploads\/2025\/01\/cparici-79-1200x424.jpg 1200w, https:\/\/cparici.com\/wp-content\/uploads\/2025\/01\/cparici-79-600x212.jpg 600w, https:\/\/cparici.com\/wp-content\/uploads\/2025\/01\/cparici-79.jpg 1500w\" sizes=\"(max-width: 577px) 100vw, 577px\" \/><span class=\"blog-item-tag\">Alpes de Haute Provence<\/span>                        \n                        <div class=\"blog-compact-item-content\">\n                                                        <h3>Le Luberon<\/h3>\n                                                        <p>D\u00e9couvrez le Luberon : paysages, faune, flore, traditions, villages et activit\u00e9s. Guide complet pour vos...                            <\/p>\n                                                    <\/div>\n                    <\/div>\n                <\/a>\n            <\/div>\n  <\/div>\n        <\/div>\n        \t\t\t\t<\/div>\n\t\t\t\t<\/div>\n\t\t\t\t\t<\/div>\n\t\t\t\t<\/aside>\n\t\t\t\t<\/div>\n\t\t","protected":false},"excerpt":{"rendered":"<p>Recherches populaires Categories Pas de r\u00e9sultats Voir tous les r\u00e9sultats Drome, Tout sur le d\u00e9partement\u00a0 La Dr\u00f4me, au c\u0153ur de la r\u00e9gion Auvergne-Rh\u00f4ne-Alpes, se distingue par sa richesse historique, culturelle et ses paysages naturels. Avec 516,762 habitants en 2019, ce d\u00e9partement tire son nom de la rivi\u00e8re Dr\u00f4me et se caract\u00e9rise par une grande diversit\u00e9 [&hellip;]<\/p>\n","protected":false},"author":1,"featured_media":57507,"comment_status":"closed","ping_status":"closed","sticky":false,"template":"","format":"standard","meta":{"ngg_post_thumbnail":0,"footnotes":""},"categories":[1521,1167,2563,477],"tags":[883],"class_list":["post-57506","post","type-post","status-publish","format-standard","has-post-thumbnail","hentry","category-drome-departement","category-auvergne-rhone-alpes","category-departement-de-france","category-france","tag-departement"],"_links":{"self":[{"href":"https:\/\/cparici.com\/fr\/wp-json\/wp\/v2\/posts\/57506","targetHints":{"allow":["GET"]}}],"collection":[{"href":"https:\/\/cparici.com\/fr\/wp-json\/wp\/v2\/posts"}],"about":[{"href":"https:\/\/cparici.com\/fr\/wp-json\/wp\/v2\/types\/post"}],"author":[{"embeddable":true,"href":"https:\/\/cparici.com\/fr\/wp-json\/wp\/v2\/users\/1"}],"replies":[{"embeddable":true,"href":"https:\/\/cparici.com\/fr\/wp-json\/wp\/v2\/comments?post=57506"}],"version-history":[{"count":0,"href":"https:\/\/cparici.com\/fr\/wp-json\/wp\/v2\/posts\/57506\/revisions"}],"wp:featuredmedia":[{"embeddable":true,"href":"https:\/\/cparici.com\/fr\/wp-json\/wp\/v2\/media\/57507"}],"wp:attachment":[{"href":"https:\/\/cparici.com\/fr\/wp-json\/wp\/v2\/media?parent=57506"}],"wp:term":[{"taxonomy":"category","embeddable":true,"href":"https:\/\/cparici.com\/fr\/wp-json\/wp\/v2\/categories?post=57506"},{"taxonomy":"post_tag","embeddable":true,"href":"https:\/\/cparici.com\/fr\/wp-json\/wp\/v2\/tags?post=57506"}],"curies":[{"name":"wp","href":"https:\/\/api.w.org\/{rel}","templated":true}]}}