{"id":57605,"date":"2025-02-16T10:07:39","date_gmt":"2025-02-16T09:07:39","guid":{"rendered":"https:\/\/cparici.com\/?p=57605"},"modified":"2025-10-06T11:18:39","modified_gmt":"2025-10-06T09:18:39","slug":"les-gorges-de-lardeche","status":"publish","type":"post","link":"https:\/\/cparici.com\/fr\/les-gorges-de-lardeche\/","title":{"rendered":"Les Gorges de l&#8217;Ard\u00e8che"},"content":{"rendered":"\t\t<div data-elementor-type=\"wp-post\" data-elementor-id=\"57605\" class=\"elementor elementor-57605\" data-elementor-post-type=\"post\">\n\t\t\t\t<div class=\"elementor-element elementor-element-458f66e e-con-full e-flex e-con e-parent\" data-id=\"458f66e\" data-element_type=\"container\" data-e-type=\"container\">\n\t\t\t\t<div class=\"elementor-element elementor-element-8525a0a elementor-widget elementor-widget-image\" data-id=\"8525a0a\" data-element_type=\"widget\" data-e-type=\"widget\" data-widget_type=\"image.default\">\n\t\t\t\t\t\t\t\t\t\t\t\t\t\t\t<img decoding=\"async\" width=\"1500\" height=\"530\" src=\"https:\/\/cparici.com\/wp-content\/uploads\/2025\/02\/cparici-2025-02-16T100302.054.jpg\" class=\"attachment-full size-full wp-image-57612\" alt=\"Gorges de l&#039;Ard\u00e8che\" srcset=\"https:\/\/cparici.com\/wp-content\/uploads\/2025\/02\/cparici-2025-02-16T100302.054.jpg 1500w, https:\/\/cparici.com\/wp-content\/uploads\/2025\/02\/cparici-2025-02-16T100302.054-300x106.jpg 300w, https:\/\/cparici.com\/wp-content\/uploads\/2025\/02\/cparici-2025-02-16T100302.054-1024x362.jpg 1024w, https:\/\/cparici.com\/wp-content\/uploads\/2025\/02\/cparici-2025-02-16T100302.054-768x271.jpg 768w, https:\/\/cparici.com\/wp-content\/uploads\/2025\/02\/cparici-2025-02-16T100302.054-590x208.jpg 590w, https:\/\/cparici.com\/wp-content\/uploads\/2025\/02\/cparici-2025-02-16T100302.054-1200x424.jpg 1200w, https:\/\/cparici.com\/wp-content\/uploads\/2025\/02\/cparici-2025-02-16T100302.054-577x204.jpg 577w, https:\/\/cparici.com\/wp-content\/uploads\/2025\/02\/cparici-2025-02-16T100302.054-600x212.jpg 600w\" sizes=\"(max-width: 1500px) 100vw, 1500px\" \/>\t\t\t\t\t\t\t\t\t\t\t\t\t\t\t<\/div>\n\t\t\t\t<\/div>\n\t\t<aside class=\"elementor-element elementor-element-84fc4eb e-flex e-con-boxed e-con e-parent\" data-id=\"84fc4eb\" data-element_type=\"container\" data-e-type=\"container\">\n\t\t\t\t\t<div class=\"e-con-inner\">\n\t\t\t\t<div class=\"elementor-element elementor-element-b2bc94e elementor-widget elementor-widget-global elementor-global-62046 elementor-widget-eael-advanced-search\" data-id=\"b2bc94e\" data-element_type=\"widget\" data-e-type=\"widget\" data-widget_type=\"eael-advanced-search.default\">\n\t\t\t\t\t        <div class=\"eael-adv-search-wrapper\">\n            <div id=\"eael-advanced-search-widget-b2bc94e\" class=\"eael-advanced-search-widget\">\n                <form data-settings=\"{&quot;post_per_page&quot;:5,&quot;search_among_taxonomies&quot;:&quot;&quot;,&quot;search_among_sku&quot;:&quot;no&quot;,&quot;show_popular_keyword&quot;:0,&quot;show_category&quot;:0,&quot;show_content_image&quot;:1,&quot;show_search_result_all_results&quot;:0,&quot;result_on_new_tab&quot;:&quot;no&quot;,&quot;show_product_price&quot;:&quot;no&quot;,&quot;include_current_page&quot;:&quot;no&quot;,&quot;current_post_id&quot;:57605,&quot;post_type&quot;:[&quot;post&quot;,&quot;listing&quot;]}\" method=\"POST\" name=\"eael-advanced-search-form-b2bc94e\" class=\"eael-advanced-search-form eael-advanced-search-form-style-2\">\n                    <div class=\"eael-advanced-search-wrap\">\n                        <span class=\"eael-adv-search-loader\"><\/span>\n                        <span class=\"eael-adv-search-close\"><i class=\"fas fa-times\"><\/i><\/span>\n                        <span class=\"icon \"><i class=\"fas fa-search\"><\/i><\/span>\n\n                        <input type=\"text\"\n                               placeholder=\"Votre destination\"\n                               class=\"eael-advanced-search\" autocomplete=\"off\" name=\"eael_advanced_search\">\n                    <\/div>\n\t\t\t\t\t                                    <\/form>\n\n\t\t\t\t\n\t\t\t\t        <div class=\"eael-advanced-search-result\">\n            <div class=\"eael-advanced-search-popular-keyword\">\n\t\t\t\t<h4 class=\"eael-advanced-search-popular-keyword-text\">Recherches populaires<\/h4>                <div class=\"eael-popular-keyword-content\"><\/div>\n            <\/div>\n            <div class=\"eael-advanced-search-category\">\n\t\t\t\t<h4 class=\"eael-advanced-search-category-text\">Categories<\/h4>                <div class=\"eael-popular-category-content\"><\/div>\n            <\/div>\n\t\t\t<div class=\"eael-advanced-search-total-results-section\">\n\t\t\t\t\t\t\t<\/div>\n            <div class=\"eael-advanced-search-content eael-item-style-3\">\n            <\/div>\n            <div class=\"eael-advanced-search-not-found\">\n                <p>Pas de r\u00e9sultats<\/p><\/div>\n            <div class=\"eael-advanced-search-load-more\">\n\t\t\t\t<a \tclass=\"eael-advanced-search-load-more-button\"\n                \thref=\"#\">Voir tous les r\u00e9sultats<\/a>\n            <\/div>\n        <\/div>\n\n\t\t            <\/div>\n        <\/div>\n\n\t\t\t\t\t\t<\/div>\n\t\t\t\t\t<\/div>\n\t\t\t\t<\/aside>\n\t\t<div class=\"elementor-element elementor-element-35b81e36 e-flex e-con-boxed e-con e-parent\" data-id=\"35b81e36\" data-element_type=\"container\" data-e-type=\"container\">\n\t\t\t\t\t<div class=\"e-con-inner\">\n\t\t\t\t<div class=\"elementor-element elementor-element-210b1ac7 elementor-widget elementor-widget-text-editor\" data-id=\"210b1ac7\" data-element_type=\"widget\" data-e-type=\"widget\" data-widget_type=\"text-editor.default\">\n\t\t\t\t\t\t\t\t\t<h1 style=\"text-align: center;\">Les Gorges de l\u2019Ard\u00e8che<\/h1><p>Les Gorges de l\u2019Ard\u00e8che, un joyau naturel du sud de la <a href=\"https:\/\/cparici.com\/fr\/visiter-la-france-guide-des-regions-et-sites-touristiques\/\">France<\/a>, situ\u00e9es dans <a href=\"https:\/\/cparici.com\/fr\/ardeche-departement\/\">le d\u00e9partement<\/a> de l\u2019Ard\u00e8che, offrent un spectacle saisissant avec leurs falaises calcaires et leurs panoramas \u00e9poustouflants. Le village de Vallon-Pont-d\u2019Arc, aux portes de ce canyon form\u00e9 par la rivi\u00e8re Ard\u00e8che, est le point de d\u00e9part parfait pour les explorateurs. Le c\u00e9l\u00e8bre Pont d\u2019Arc, porte naturelle vers les gorges, symbolise la beaut\u00e9 et l\u2019aventure que rec\u00e8le la r\u00e9gion.<br \/>Id\u00e9ales pour les amoureux de la nature et les aventuriers, les Gorges de l\u2019Ard\u00e8che invitent \u00e0 des activit\u00e9s vari\u00e9es telles que le cano\u00eb-kayak, la randonn\u00e9e, l\u2019escalade et la sp\u00e9l\u00e9ologie. Saint-Martin-d\u2019Ard\u00e8che, avec son charme pittoresque, propose des h\u00e9bergements accueillants pr\u00e8s des sites d\u2019int\u00e9r\u00eat. Cet article vous orientera sur les aventures \u00e0 vivre, les astuces pour un s\u00e9jour r\u00e9ussi et comment appr\u00e9cier la riche biodiversit\u00e9 de la r\u00e9gion.<\/p><h2>Activit\u00e9s d\u2019aventure dans les Gorges de l\u2019Ard\u00e8che<\/h2><h3>Cano\u00eb-kayak et sports nautiques<\/h3><p>Reconnues pour leurs parcours de <a href=\"https:\/\/cparici.com\/fr\/kayak-canoe-kayak\/\">cano\u00eb-kayak<\/a> exceptionnels, les Gorges de l\u2019Ard\u00e8che proposent des exp\u00e9riences m\u00e9morables adapt\u00e9es \u00e0 tous, des d\u00e9butants aux plus exp\u00e9riment\u00e9s. Vous avez le choix entre des itin\u00e9raires vari\u00e9s, de 8 \u00e0 32 kilom\u00e8tres, pour d\u00e9couvrir les rapides et les eaux tranquilles de la rivi\u00e8re Ard\u00e8che.<br \/>La descente sous le Pont d\u2019Arc est une activit\u00e9 phare, offrant des parcours familiaux et accessibles aux novices, ainsi que des trajets plus longs et challengeants pour les aventuriers aguerris.<\/p><h3>Escalade et via ferrata<\/h3><p>L\u2019<a href=\"https:\/\/cparici.com\/fr\/escalade-en-france\/\">escalade<\/a> dans les Gorges de l\u2019Ard\u00e8che est une exp\u00e9rience incontournable, avec des falaises qui pr\u00e9sentent des d\u00e9fis adapt\u00e9s \u00e0 tous les niveaux. Les zones d\u2019escalade sont rigoureusement surveill\u00e9es pour prot\u00e9ger l\u2019environnement et les esp\u00e8ces en danger, tout en offrant des panoramas \u00e0 couper le souffle sur les gorges. La via ferrata offre, quant \u00e0 elle, une aventure passionnante avec l\u2019assistance de c\u00e2bles et d\u2019\u00e9chelons, parfaite pour ceux \u00e0 la recherche d\u2019une exp\u00e9rience \u00e0 la fois s\u00fbre et palpitante.<\/p>\t\t\t\t\t\t\t\t<\/div>\n\t\t\t\t\t<\/div>\n\t\t\t\t<\/div>\n\t\t<aside class=\"elementor-element elementor-element-268bc658 e-flex e-con-boxed e-con e-parent\" data-id=\"268bc658\" data-element_type=\"container\" data-e-type=\"container\" data-settings=\"{&quot;background_background&quot;:&quot;classic&quot;}\">\n\t\t\t\t\t<div class=\"e-con-inner\">\n\t\t\t\t<div class=\"elementor-element elementor-element-4951115f elementor-widget elementor-widget-spacer\" data-id=\"4951115f\" data-element_type=\"widget\" data-e-type=\"widget\" data-widget_type=\"spacer.default\">\n\t\t\t\t\t\t\t<div class=\"elementor-spacer\">\n\t\t\t<div class=\"elementor-spacer-inner\"><\/div>\n\t\t<\/div>\n\t\t\t\t\t\t<\/div>\n\t\t\t\t<div class=\"elementor-element elementor-element-6378026c elementor-widget elementor-widget-heading\" data-id=\"6378026c\" data-element_type=\"widget\" data-e-type=\"widget\" data-widget_type=\"heading.default\">\n\t\t\t\t\t<p class=\"elementor-heading-title elementor-size-default\">H\u00e9bergements de Vacances en direct<\/p>\t\t\t\t<\/div>\n\t\t\t\t<div class=\"elementor-element elementor-element-1606e2f3 elementor-widget elementor-widget-listeo-listings-carousel\" data-id=\"1606e2f3\" data-element_type=\"widget\" data-e-type=\"widget\" data-widget_type=\"listeo-listings-carousel.default\">\n\t\t\t\t<div class=\"elementor-widget-container\">\n\t\t\t\t\t        <!-- Carousel \/ Start -->\n        \t<div class=\"simple-slick-carousel dots-nav\" data-slick='{&quot;autoplay&quot;:true,&quot;autoplaySpeed&quot;:3000,&quot;slidesToShow&quot;:3,&quot;slidesToScroll&quot;:1,&quot;responsive&quot;:[{&quot;breakpoint&quot;:1024,&quot;settings&quot;:{&quot;slidesToShow&quot;:2,&quot;slidesToScroll&quot;:1}},{&quot;breakpoint&quot;:768,&quot;settings&quot;:{&quot;slidesToShow&quot;:1,&quot;slidesToScroll&quot;:1}}]}'>\n                            <div class=\"fw-carousel-item\">                    \n                        <!-- Listing Item -->\r\n            <div class=\"col-lg-6 col-md-12\">\r\n                <a href=\"https:\/\/cparici.com\/fr\/annonce\/roulotte-proche-des-gorges-de-lardeche\/\" class=\"listing-item-container listing-geo-data compact\" data-title=\"Roulotte proche des Gorges de l\u2019Ard\u00e8che\" data-listing-type=\"rental\" data-classifieds-price=\"\u20ac\" data-friendly-address=\"285 route de font vive\" data-address=\"285 route de font vive\" data-image=\"https:\/\/cparici.com\/wp-content\/uploads\/2025\/08\/IMG_20220426_140130-520x397.jpg\" data-longitude=\"4.2830926\" data-latitude=\"44.3903825\" data-rating=\"0\" data-reviews=\"0\" data-icon=\"<svg xmlns=&quot;http:\/\/www.w3.org\/2000\/svg&quot; width=&quot;800px&quot; height=&quot;800px&quot; viewBox=&quot;0 0 45 45&quot; fill=&quot;none&quot;>\n<path d=&quot;M24.155 8.78099L24.33 8.94499L37.402 21.787L36 23.213L34.2 21.445L34.201 35C34.201 36.054 33.385 36.918 32.35 36.994L32.201 37H12.201C11.147 37 10.283 36.184 10.206 35.149L10.201 35L10.2 21.446L8.402 23.213L7 21.787L20.058 8.95799C21.171 7.82199 22.966 7.75899 24.155 8.78099ZM21.569 10.285L21.473 10.372L12.2 19.481L12.201 35L17.2 34.999L17.201 25C17.201 23.946 18.017 23.082 19.052 23.005L19.201 23H25.201C26.255 23 27.119 23.816 27.196 24.851L27.201 25L27.2 34.999L32.201 35L32.2 19.48L22.901 10.344C22.537 9.98699 21.969 9.96499 21.569 10.285ZM25.201 25H19.201L19.2 34.999H25.2L25.201 25Z&quot; fill=&quot;#3C3C3C&quot;\/>\n<\/svg>\">\r\n            <div class=\"listing-item  featured-listing\">\r\n                <div class=\"listing-small-badges-container\">\r\n                                            <div class=\"listing-small-badge featured-badge\"><i class=\"fa fa-star\"><\/i> En vedette<\/div>\r\n                                                                <div class=\"listing-small-badge pricing-badge\"><i class=\"fa fa-tag\"><\/i>75,00\u20ac - 110,00\u20ac<\/div>\r\n                                                            \r\n                                        \r\n                                        \r\n                <\/div>\r\n                <img decoding=\"async\" src=\"https:\/\/cparici.com\/wp-content\/uploads\/2025\/08\/IMG_20220426_140130-520x397.jpg\" alt=\"Roulotte proche des Gorges de l\u2019Ard\u00e8che\" class=\"listing-thumbnail\">\r\n                                        <div class=\"listing-badge now-open\">Ouvert maintenant<\/div>\r\n                        \r\n\r\n                <div class=\"listing-item-content\">\r\n                    \r\n                    <h3> Roulotte proche des Gorges de l\u2019Ard\u00e8che <\/h3>\r\n                    <span>285 route de font vive<\/span>\r\n                <\/div>\r\n                                        <span class=\"save like-icon tooltip left\" title=\"Connexion pour marquer des \u00e9l\u00e9ments\"><\/span>\r\n                                                <\/div>\r\n        <\/a>\r\n                    <\/div>\r\n        \r\n\r\n        <!-- Listing Item \/ End -->\n                    <\/div>\n                                      <div class=\"fw-carousel-item\">                    \n                        <!-- Listing Item -->\r\n            <div class=\"col-lg-6 col-md-12\">\r\n                <a href=\"https:\/\/cparici.com\/fr\/annonce\/maison-de-vacances-la-tourelle-piscine-privee-grand-jardin\/\" class=\"listing-item-container listing-geo-data compact\" data-title=\"Maison de vacances La Tourelle | piscine priv\u00e9e & grand jardin\" data-listing-type=\"rental\" data-classifieds-price=\"\u20ac\" data-friendly-address=\"Ranc de Fig\u00e8re, Labeaume\" data-address=\"Ranc de Fig\u00e8re, Labeaume\" data-image=\"https:\/\/cparici.com\/wp-content\/uploads\/2026\/02\/DJI_0064-520x397.jpg\" data-longitude=\"4.3256629\" data-latitude=\"44.461516\" data-rating=\"0\" data-reviews=\"0\" data-icon=\"<svg xmlns=&quot;http:\/\/www.w3.org\/2000\/svg&quot; width=&quot;800px&quot; height=&quot;800px&quot; viewBox=&quot;0 0 45 45&quot; fill=&quot;none&quot;>\n<path d=&quot;M24.155 8.78099L24.33 8.94499L37.402 21.787L36 23.213L34.2 21.445L34.201 35C34.201 36.054 33.385 36.918 32.35 36.994L32.201 37H12.201C11.147 37 10.283 36.184 10.206 35.149L10.201 35L10.2 21.446L8.402 23.213L7 21.787L20.058 8.95799C21.171 7.82199 22.966 7.75899 24.155 8.78099ZM21.569 10.285L21.473 10.372L12.2 19.481L12.201 35L17.2 34.999L17.201 25C17.201 23.946 18.017 23.082 19.052 23.005L19.201 23H25.201C26.255 23 27.119 23.816 27.196 24.851L27.201 25L27.2 34.999L32.201 35L32.2 19.48L22.901 10.344C22.537 9.98699 21.969 9.96499 21.569 10.285ZM25.201 25H19.201L19.2 34.999H25.2L25.201 25Z&quot; fill=&quot;#3C3C3C&quot;\/>\n<\/svg>\">\r\n            <div class=\"listing-item  \">\r\n                <div class=\"listing-small-badges-container\">\r\n                                                                <div class=\"listing-small-badge pricing-badge\"><i class=\"fa fa-tag\"><\/i>350,00\u20ac - 450,00\u20ac<\/div>\r\n                                                            \r\n                                        \r\n                                        \r\n                <\/div>\r\n                <img decoding=\"async\" src=\"https:\/\/cparici.com\/wp-content\/uploads\/2026\/02\/DJI_0064-520x397.jpg\" alt=\"Maison de vacances La Tourelle | piscine priv\u00e9e & grand jardin\" class=\"listing-thumbnail\">\r\n                                            <div class=\"listing-badge now-closed\">Ferm\u00e9 maintenant<\/div>\r\n                                        \r\n\r\n                <div class=\"listing-item-content\">\r\n                    \r\n                    <h3> Maison de vacances La Tourelle | piscine priv\u00e9e & grand jardin <\/h3>\r\n                    <span>Ranc de Fig\u00e8re, Labeaume<\/span>\r\n                <\/div>\r\n                                        <span class=\"save like-icon tooltip left\" title=\"Connexion pour marquer des \u00e9l\u00e9ments\"><\/span>\r\n                                                <\/div>\r\n        <\/a>\r\n                    <\/div>\r\n        \r\n\r\n        <!-- Listing Item \/ End -->\n                    <\/div>\n                                      <div class=\"fw-carousel-item\">                    \n                        <!-- Listing Item -->\r\n            <div class=\"col-lg-6 col-md-12\">\r\n                <a href=\"https:\/\/cparici.com\/fr\/annonce\/villa-font-vive-maison-dhotes-ecocertifiee\/\" class=\"listing-item-container listing-geo-data compact\" data-title=\"Villa Font Vive : maison d\u2019h\u00f4tes \u00e9cocertifi\u00e9e\" data-listing-type=\"rental\" data-classifieds-price=\"\u20ac\" data-friendly-address=\"285 Rte de Font-Vive, Grospierres, France\" data-address=\"285 Rte de Font-Vive, Grospierres, France\" data-image=\"https:\/\/cparici.com\/wp-content\/uploads\/2025\/08\/photo-principale-520x397.jpg\" data-longitude=\"4.283054496237901\" data-latitude=\"44.39032803839849\" data-rating=\"4.8\" data-reviews=\"188\" data-icon=\"<svg xmlns=&quot;http:\/\/www.w3.org\/2000\/svg&quot; width=&quot;800px&quot; height=&quot;800px&quot; viewBox=&quot;0 0 45 45&quot; fill=&quot;none&quot;>\n<path d=&quot;M24.155 8.78099L24.33 8.94499L37.402 21.787L36 23.213L34.2 21.445L34.201 35C34.201 36.054 33.385 36.918 32.35 36.994L32.201 37H12.201C11.147 37 10.283 36.184 10.206 35.149L10.201 35L10.2 21.446L8.402 23.213L7 21.787L20.058 8.95799C21.171 7.82199 22.966 7.75899 24.155 8.78099ZM21.569 10.285L21.473 10.372L12.2 19.481L12.201 35L17.2 34.999L17.201 25C17.201 23.946 18.017 23.082 19.052 23.005L19.201 23H25.201C26.255 23 27.119 23.816 27.196 24.851L27.201 25L27.2 34.999L32.201 35L32.2 19.48L22.901 10.344C22.537 9.98699 21.969 9.96499 21.569 10.285ZM25.201 25H19.201L19.2 34.999H25.2L25.201 25Z&quot; fill=&quot;#3C3C3C&quot;\/>\n<\/svg>\">\r\n            <div class=\"listing-item  featured-listing\">\r\n                <div class=\"listing-small-badges-container\">\r\n                                            <div class=\"listing-small-badge featured-badge\"><i class=\"fa fa-star\"><\/i> En vedette<\/div>\r\n                                                                <div class=\"listing-small-badge pricing-badge\"><i class=\"fa fa-tag\"><\/i>80,00\u20ac - 120,00\u20ac<\/div>\r\n                                                            \r\n                                        \r\n                                        \r\n                <\/div>\r\n                <img decoding=\"async\" src=\"https:\/\/cparici.com\/wp-content\/uploads\/2025\/08\/photo-principale-520x397.jpg\" alt=\"Villa Font Vive : maison d\u2019h\u00f4tes \u00e9cocertifi\u00e9e\" class=\"listing-thumbnail\">\r\n                                        <div class=\"listing-badge now-open\">Ouvert maintenant<\/div>\r\n                        \r\n\r\n                <div class=\"listing-item-content\">\r\n                                                <div class=\"numerical-rating\" data-rating=\"4.8\"><\/div>\r\n                    \r\n                    <h3> Villa Font Vive : maison d\u2019h\u00f4tes \u00e9cocertifi\u00e9e <\/h3>\r\n                    <span>285 Rte de Font-Vive, Grospierres, France<\/span>\r\n                <\/div>\r\n                                        <span class=\"save like-icon tooltip left\" title=\"Connexion pour marquer des \u00e9l\u00e9ments\"><\/span>\r\n                                                <\/div>\r\n        <\/a>\r\n                    <\/div>\r\n        \r\n\r\n        <!-- Listing Item \/ End -->\n                    <\/div>\n                          <\/div>\n        \t\t\t\t<\/div>\n\t\t\t\t<\/div>\n\t\t\t\t\t<\/div>\n\t\t\t\t<\/aside>\n\t\t<div class=\"elementor-element elementor-element-56091bf e-flex e-con-boxed e-con e-parent\" data-id=\"56091bf\" data-element_type=\"container\" data-e-type=\"container\">\n\t\t\t\t\t<div class=\"e-con-inner\">\n\t\t\t\t<div class=\"elementor-element elementor-element-f62966b elementor-widget elementor-widget-text-editor\" data-id=\"f62966b\" data-element_type=\"widget\" data-e-type=\"widget\" data-widget_type=\"text-editor.default\">\n\t\t\t\t\t\t\t\t\t<h3>Sp\u00e9l\u00e9ologie et exploration des grottes<\/h3><p>Dot\u00e9es d\u2019un r\u00e9seau de grottes et de cavernes fascinant, les Gorges de l\u2019Ard\u00e8che invitent \u00e0 l\u2019exploration souterraine. Guid\u00e9s par des professionnels, vous aurez l\u2019occasion de parcourir les galeries souterraines, \u00e9clair\u00e9s par des lampes frontales, et de r\u00e9v\u00e9ler les secrets de ces espaces naturels pr\u00e9serv\u00e9s.<br \/>La sp\u00e9l\u00e9ologie est accessible \u00e0 tous, y compris aux familles, avec des excursions adapt\u00e9es \u00e0 diff\u00e9rents niveaux et \u00e2ges.<\/p><h2>10 choses \u00e0 ne pas manquer dans les gorges de l\u2019Ard\u00e8che<\/h2><h3 data-start=\"184\" data-end=\"236\">1. Le Pont d\u2019Arc : une porte naturelle grandiose<\/h3><p data-start=\"238\" data-end=\"537\">Le <strong data-start=\"241\" data-end=\"255\">Pont d\u2019Arc<\/strong> est sans doute <strong data-start=\"271\" data-end=\"308\">l\u2019embl\u00e8me des Gorges de l\u2019Ard\u00e8che<\/strong>. Ce pont naturel en calcaire, sculpt\u00e9 par la rivi\u00e8re Ard\u00e8che, est un joyau g\u00e9ologique vieux de plus de 100\u202f000 ans. Haut de 54\u202fm et large de 60\u202fm, il forme une arche majestueuse qui attire des milliers de visiteurs chaque ann\u00e9e.<\/p><p data-start=\"539\" data-end=\"790\">C\u2019est un lieu de baignade tr\u00e8s appr\u00e9ci\u00e9, avec deux plages de galets accessibles \u00e0 pied. On peut \u00e9galement admirer le Pont d\u2019Arc depuis la route touristique ou lors d\u2019une descente en cano\u00eb, qui permet de passer sous l\u2019arche dans un cadre spectaculaire.<\/p><p data-start=\"539\" data-end=\"790\"><a href=\"https:\/\/cparici.com\/wp-content\/uploads\/2025\/02\/cparici-2025-08-27T094912.144.jpg\"><img decoding=\"async\" class=\"aligncenter wp-image-69738 size-full\" src=\"https:\/\/cparici.com\/wp-content\/uploads\/2025\/02\/cparici-2025-08-27T094912.144.jpg\" alt=\"Gorges de l'Ard\u00e8che\" width=\"1500\" height=\"530\" srcset=\"https:\/\/cparici.com\/wp-content\/uploads\/2025\/02\/cparici-2025-08-27T094912.144.jpg 1500w, https:\/\/cparici.com\/wp-content\/uploads\/2025\/02\/cparici-2025-08-27T094912.144-300x106.jpg 300w, https:\/\/cparici.com\/wp-content\/uploads\/2025\/02\/cparici-2025-08-27T094912.144-1024x362.jpg 1024w, https:\/\/cparici.com\/wp-content\/uploads\/2025\/02\/cparici-2025-08-27T094912.144-768x271.jpg 768w, https:\/\/cparici.com\/wp-content\/uploads\/2025\/02\/cparici-2025-08-27T094912.144-18x6.jpg 18w, https:\/\/cparici.com\/wp-content\/uploads\/2025\/02\/cparici-2025-08-27T094912.144-590x208.jpg 590w, https:\/\/cparici.com\/wp-content\/uploads\/2025\/02\/cparici-2025-08-27T094912.144-1200x424.jpg 1200w, https:\/\/cparici.com\/wp-content\/uploads\/2025\/02\/cparici-2025-08-27T094912.144-577x204.jpg 577w, https:\/\/cparici.com\/wp-content\/uploads\/2025\/02\/cparici-2025-08-27T094912.144-600x212.jpg 600w\" sizes=\"(max-width: 1500px) 100vw, 1500px\" \/><\/a><\/p><h3 data-start=\"797\" data-end=\"856\">2. Descente en cano\u00eb-kayak : l\u2019aventure au fil de l\u2019eau<\/h3><p data-start=\"858\" data-end=\"1152\">Impossible de visiter les <strong data-start=\"884\" data-end=\"907\">Gorges de l\u2019Ard\u00e8che<\/strong> sans tenter une descente en <strong data-start=\"936\" data-end=\"951\">cano\u00eb-kayak<\/strong>, une activit\u00e9 phare du territoire. Plusieurs parcours sont propos\u00e9s, de 8 \u00e0 32\u202fkm, selon la dur\u00e9e et le niveau d\u2019exp\u00e9rience. La descente int\u00e9grale s\u2019\u00e9tend sur deux jours avec bivouac en pleine nature.<\/p><p data-start=\"1154\" data-end=\"1426\">Tout au long de la descente, vous serez \u00e9merveill\u00e9s par les falaises abruptes, les rapides accessibles et la tranquillit\u00e9 des eaux. Les plus c\u00e9l\u00e8bres \u00e9tapes : le passage sous le Pont d\u2019Arc, les rapides du Charlemagne, et les paysages min\u00e9raux dignes d\u2019un canyon am\u00e9ricain.<\/p><h3 data-start=\"1433\" data-end=\"1497\">3. Route touristique des belv\u00e9d\u00e8res : des vues vertigineuses<\/h3><p data-start=\"1499\" data-end=\"1694\">Cette <strong data-start=\"1505\" data-end=\"1526\">route panoramique<\/strong> de 29\u202fkm entre <a href=\"https:\/\/cparici.com\/vallon%e2%80%91pont%e2%80%91darc-la-merveille-naturelle-de-lardeche\/\">Vallon-Pont-d\u2019Arc<\/a> et Saint-Martin-d\u2019Ard\u00e8che est jalonn\u00e9e d\u2019une dizaine de <strong data-start=\"1616\" data-end=\"1639\">belv\u00e9d\u00e8res am\u00e9nag\u00e9s<\/strong>, parfaits pour faire des pauses et admirer les gorges.<\/p><p data-start=\"1696\" data-end=\"1730\">Parmi les plus impressionnants :<\/p><ul data-start=\"1731\" data-end=\"1971\"><li data-start=\"1731\" data-end=\"1792\"><p data-start=\"1733\" data-end=\"1792\"><strong data-start=\"1733\" data-end=\"1755\">Le Serre de Tourre<\/strong> : vue plongeante sur les m\u00e9andres.<\/p><\/li><li data-start=\"1793\" data-end=\"1867\"><p data-start=\"1795\" data-end=\"1867\"><strong data-start=\"1795\" data-end=\"1812\">La Cath\u00e9drale<\/strong> : surnomm\u00e9e ainsi pour la verticalit\u00e9 de ses parois.<\/p><\/li><li data-start=\"1868\" data-end=\"1971\"><p data-start=\"1870\" data-end=\"1971\"><strong data-start=\"1870\" data-end=\"1902\">Le belv\u00e9d\u00e8re de la Madeleine<\/strong> : avec une vue spectaculaire sur l\u2019un des passages les plus \u00e9troits.<\/p><\/li><\/ul><p data-start=\"1973\" data-end=\"2075\">Cette route est aussi id\u00e9ale pour rep\u00e9rer les points d\u2019acc\u00e8s aux sentiers de randonn\u00e9e ou aux grottes.<\/p><h3 data-start=\"2082\" data-end=\"2145\">4. Grotte Chauvet 2 : l\u2019art pr\u00e9historique accessible \u00e0 tous<\/h3><p data-start=\"2147\" data-end=\"2422\">La <strong data-start=\"2150\" data-end=\"2170\"><a href=\"https:\/\/cparici.com\/grotte-chauvet\/\">Grotte Chauvet<\/a> 2<\/strong>, r\u00e9plique parfaite de la grotte originale d\u00e9couverte en 1994, est un chef-d\u2019\u0153uvre de l\u2019art pari\u00e9tal. On y d\u00e9couvre plus de <strong data-start=\"2294\" data-end=\"2311\">400 peintures<\/strong> et <strong data-start=\"2315\" data-end=\"2327\">gravures<\/strong> vieilles de 36\u202f000 ans, repr\u00e9sentant des lions, rhinoc\u00e9ros, chevaux, mammouths et plus encore.<\/p><p data-start=\"2424\" data-end=\"2620\">Gr\u00e2ce \u00e0 une sc\u00e9nographie immersive et un centre d\u2019interpr\u00e9tation passionnant, c\u2019est une <strong data-start=\"2512\" data-end=\"2537\">visite incontournable<\/strong> pour comprendre les origines de l\u2019art et la richesse de la Pr\u00e9histoire en Ard\u00e8che.<\/p><h3 data-start=\"2627\" data-end=\"2689\">5. Aven d\u2019Orgnac : plong\u00e9e dans les entrailles de la Terre<\/h3><p data-start=\"2691\" data-end=\"2940\">L\u2019<strong data-start=\"2693\" data-end=\"2710\">Aven d\u2019Orgnac<\/strong> est une cavit\u00e9 g\u00e9ante sculpt\u00e9e par l\u2019eau, situ\u00e9e au sud des Gorges de l\u2019Ard\u00e8che. Labellis\u00e9 <strong data-start=\"2789\" data-end=\"2813\">Grand Site de France<\/strong>, ce gouffre de 120\u202fm de profondeur se visite en toute s\u00e9curit\u00e9 gr\u00e2ce \u00e0 des escaliers, plateformes et jeux de lumi\u00e8re sublimes.<\/p><p data-start=\"2942\" data-end=\"2995\">Au-del\u00e0 de la visite classique, vous pouvez aussi :<\/p><ul data-start=\"2996\" data-end=\"3139\"><li data-start=\"2996\" data-end=\"3038\"><p data-start=\"2998\" data-end=\"3038\">Faire de la <strong data-start=\"3010\" data-end=\"3036\">sp\u00e9l\u00e9ologie d\u00e9couverte<\/strong><\/p><\/li><li data-start=\"3039\" data-end=\"3081\"><p data-start=\"3041\" data-end=\"3081\">Visiter le <strong data-start=\"3052\" data-end=\"3079\">mus\u00e9e de la Pr\u00e9histoire<\/strong><\/p><\/li><li data-start=\"3082\" data-end=\"3139\"><p data-start=\"3084\" data-end=\"3139\">Profiter d\u2019une animation sur les origines de l\u2019humanit\u00e9<\/p><\/li><\/ul><h3 data-start=\"3146\" data-end=\"3207\">6. Grotte de Saint-Marcel : une cascade de gours f\u00e9\u00e9rique<\/h3><p data-start=\"3209\" data-end=\"3441\">Proche des Gorges de l\u2019Ard\u00e8che, et moins connue, cette grotte est pourtant un joyau g\u00e9ologique. Elle est c\u00e9l\u00e8bre pour sa <strong data-start=\"3295\" data-end=\"3315\">cascade de gours<\/strong>, une formation de bassins naturels en escaliers, unique en Europe. L\u2019\u00e9clairage et la mise en sc\u00e8ne en font un d\u00e9cor f\u00e9\u00e9rique.<\/p><p data-start=\"3443\" data-end=\"3627\">La grotte se visite \u00e0 pied sur plusieurs centaines de m\u00e8tres, mais elle offre aussi des options de sp\u00e9l\u00e9ologie douce pour les plus curieux, ainsi qu\u2019un sentier de d\u00e9couverte ext\u00e9rieur.<\/p><h3 data-start=\"3634\" data-end=\"3697\">7. Cirque de Gens : randonn\u00e9es et falaises impressionnantes<\/h3><p data-start=\"3699\" data-end=\"3934\">Le <strong data-start=\"3702\" data-end=\"3720\">Cirque de Gens<\/strong>, \u00e0 Chauzon, est un site naturel en forme d\u2019amphith\u00e9\u00e2tre. Il offre de magnifiques <strong data-start=\"3802\" data-end=\"3819\">points de vue<\/strong> sur la vall\u00e9e et les Gorges de l\u2019Ard\u00e8che et ses falaises abruptes, parfait pour les amateurs de <strong data-start=\"3902\" data-end=\"3915\">randonn\u00e9e<\/strong> ou d\u2019<strong data-start=\"3921\" data-end=\"3933\">escalade<\/strong>.<\/p><p data-start=\"3936\" data-end=\"4120\">Un sentier balis\u00e9 permet de d\u00e9couvrir les formations rocheuses, la rivi\u00e8re en contrebas, et une v\u00e9g\u00e9tation m\u00e9diterran\u00e9enne typique, entre ch\u00eanes verts, gen\u00e9vriers et figuiers sauvages.<\/p><h3 data-start=\"4127\" data-end=\"4196\">8. Balazuc, Labeaume, Vog\u00fc\u00e9 : villages perch\u00e9s et charme m\u00e9di\u00e9val<\/h3><p data-start=\"4198\" data-end=\"4297\">Les <strong data-start=\"4202\" data-end=\"4227\">villages de caract\u00e8re<\/strong> sont nombreux en Ard\u00e8che, mais trois se distinguent dans les Gorges :<\/p><ul data-start=\"4299\" data-end=\"4656\"><li data-start=\"4299\" data-end=\"4422\"><p data-start=\"4301\" data-end=\"4422\"><a href=\"https:\/\/cparici.com\/balazuc\/\"><strong data-start=\"4301\" data-end=\"4312\">Balazuc<\/strong><\/a> : juch\u00e9 sur un promontoire rocheux, ses ruelles pav\u00e9es et son pont m\u00e9di\u00e9val offrent un cadre hors du temps.<\/p><\/li><li data-start=\"4423\" data-end=\"4556\"><p data-start=\"4425\" data-end=\"4556\"><a href=\"https:\/\/cparici.com\/labeaume\/\"><strong data-start=\"4425\" data-end=\"4437\">Labeaume<\/strong><\/a> : b\u00e2ti contre la falaise, au bord de la rivi\u00e8re, il est c\u00e9l\u00e8bre pour ses jardins suspendus et ses concerts estivaux.<\/p><\/li><li data-start=\"4557\" data-end=\"4656\"><p data-start=\"4559\" data-end=\"4656\"><strong data-start=\"4559\" data-end=\"4568\">Vog\u00fc\u00e9<\/strong> : domin\u00e9 par son ch\u00e2teau du XVII\u1d49 si\u00e8cle, c\u2019est un havre de paix o\u00f9 il fait bon fl\u00e2ner.<\/p><\/li><\/ul><h3 data-start=\"4663\" data-end=\"4720\">9. Saint-Montan et Rochecolombe : immersion m\u00e9di\u00e9vale<\/h3><p data-start=\"4722\" data-end=\"4945\">Non loin des Gorges de l\u2019Ard\u00e8che, le village de <strong data-start=\"4736\" data-end=\"4752\">Saint-Montan<\/strong> a \u00e9t\u00e9 enti\u00e8rement restaur\u00e9 par des b\u00e9n\u00e9voles, lui redonnant son charme m\u00e9di\u00e9val authentique. Ses ruelles escarp\u00e9es, ses passages vo\u00fbt\u00e9s et son ch\u00e2teau en ruine vous transportent dans le pass\u00e9.<\/p><p data-start=\"4947\" data-end=\"5096\">\u00c0 quelques kilom\u00e8tres, <strong data-start=\"4970\" data-end=\"4986\">Rochecolombe<\/strong>, avec sa cascade (s\u00e8che l\u2019\u00e9t\u00e9) et ses maisons en pierre, compl\u00e8te l\u2019exp\u00e9rience d\u2019un <strong data-start=\"5071\" data-end=\"5095\">voyage hors du temps<\/strong>.<\/p><h3 data-start=\"5103\" data-end=\"5160\">10. R\u00e9serve naturelle : un sanctuaire de biodiversit\u00e9 dans les Gorges de l\u2019Ard\u00e8che<\/h3><p data-start=\"5162\" data-end=\"5355\">La <strong data-start=\"5165\" data-end=\"5210\">R\u00e9serve naturelle des Gorges de l\u2019Ard\u00e8che<\/strong> prot\u00e8ge un territoire de 1\u202f575 hectares. C\u2019est un \u00e9cosyst\u00e8me exceptionnel, avec plus de <strong data-start=\"5299\" data-end=\"5326\">1\u202f000 esp\u00e8ces v\u00e9g\u00e9tales<\/strong> et <strong data-start=\"5330\" data-end=\"5354\">200 esp\u00e8ces animales<\/strong>.<\/p><p data-start=\"5357\" data-end=\"5372\">Parmi elles :<\/p><ul data-start=\"5373\" data-end=\"5493\"><li data-start=\"5373\" data-end=\"5398\"><p data-start=\"5375\" data-end=\"5398\">Le <strong data-start=\"5378\" data-end=\"5396\">faucon p\u00e8lerin<\/strong><\/p><\/li><li data-start=\"5399\" data-end=\"5425\"><p data-start=\"5401\" data-end=\"5425\">Le <strong data-start=\"5404\" data-end=\"5423\">castor d\u2019Europe<\/strong><\/p><\/li><li data-start=\"5426\" data-end=\"5454\"><p data-start=\"5428\" data-end=\"5454\">Le <strong data-start=\"5431\" data-end=\"5452\">choucas des tours<\/strong><\/p><\/li><li data-start=\"5455\" data-end=\"5493\"><p data-start=\"5457\" data-end=\"5493\">De nombreuses <strong data-start=\"5471\" data-end=\"5493\">orchid\u00e9es sauvages<\/strong><\/p><\/li><\/ul><p data-start=\"5495\" data-end=\"5607\">Des sentiers balis\u00e9s et des animations p\u00e9dagogiques permettent d\u2019explorer ce patrimoine vivant sans le d\u00e9ranger.<\/p><p data-start=\"5495\" data-end=\"5607\"><a href=\"https:\/\/cparici.com\/wp-content\/uploads\/2025\/02\/cparici-2025-08-27T095204.970.jpg\"><img decoding=\"async\" class=\"aligncenter wp-image-69739 size-full\" src=\"https:\/\/cparici.com\/wp-content\/uploads\/2025\/02\/cparici-2025-08-27T095204.970.jpg\" alt=\"Gorges de l'Ard\u00e8che\" width=\"1500\" height=\"530\" srcset=\"https:\/\/cparici.com\/wp-content\/uploads\/2025\/02\/cparici-2025-08-27T095204.970.jpg 1500w, https:\/\/cparici.com\/wp-content\/uploads\/2025\/02\/cparici-2025-08-27T095204.970-300x106.jpg 300w, https:\/\/cparici.com\/wp-content\/uploads\/2025\/02\/cparici-2025-08-27T095204.970-1024x362.jpg 1024w, https:\/\/cparici.com\/wp-content\/uploads\/2025\/02\/cparici-2025-08-27T095204.970-768x271.jpg 768w, https:\/\/cparici.com\/wp-content\/uploads\/2025\/02\/cparici-2025-08-27T095204.970-18x6.jpg 18w, https:\/\/cparici.com\/wp-content\/uploads\/2025\/02\/cparici-2025-08-27T095204.970-590x208.jpg 590w, https:\/\/cparici.com\/wp-content\/uploads\/2025\/02\/cparici-2025-08-27T095204.970-1200x424.jpg 1200w, https:\/\/cparici.com\/wp-content\/uploads\/2025\/02\/cparici-2025-08-27T095204.970-577x204.jpg 577w, https:\/\/cparici.com\/wp-content\/uploads\/2025\/02\/cparici-2025-08-27T095204.970-600x212.jpg 600w\" sizes=\"(max-width: 1500px) 100vw, 1500px\" \/><\/a><\/p><h2>Les Gorges de l\u2019Ard\u00e8che, randonn\u00e9e et d\u00e9couverte de la biodiversit\u00e9<\/h2><h3>Les sentiers de randonn\u00e9es incontournables<\/h3><p>Explorez les Gorges de l\u2019Ard\u00e8che \u00e0 travers ses sentiers de randonn\u00e9e exceptionnels, con\u00e7us pour les passionn\u00e9s de nature et d\u2019aventure. Le parcours phare, s\u2019\u00e9tendant sur 24 kilom\u00e8tres de Vallon-Pont-d\u2019Arc \u00e0 Saint-Martin-d\u2019Ard\u00e8che, se divise en deux segments de 12 kilom\u00e8tres. Cette aventure, \u00e0 la fois sportive et technique, demande environ 12 heures de marche pour \u00eatre achev\u00e9e en entier. Toutefois, pour une immersion compl\u00e8te dans le paysage et la biodiversit\u00e9 locale, il est conseill\u00e9 de r\u00e9partir la randonn\u00e9e sur deux jours. Le chemin, balis\u00e9 en blanc et jaune, comprend des sections exigeantes, avec des \u00e9chelles m\u00e9talliques, des mains courantes et des passages de rivi\u00e8res, offrant une exp\u00e9rience riche en sensations.<\/p><h3>L\u2019observation de la faune et la flore dans les Gorges de l\u2019Ard\u00e8che<\/h3><p>Les Gorges de l\u2019Ard\u00e8che constituent un refuge pr\u00e9cieux pour une multitude d\u2019esp\u00e8ces v\u00e9g\u00e9tales et animales, certaines \u00e9tant prot\u00e9g\u00e9es. Cette r\u00e9serve naturelle vous invite \u00e0 observer des oiseaux dans les falaises, des mammif\u00e8res tels que les cerfs et les sangliers, ainsi que des reptiles et amphibiens. La diversit\u00e9 v\u00e9g\u00e9tale est tout aussi impressionnante, avec des plantes adapt\u00e9es \u00e0 l\u2019environnement unique du canyon. La randonn\u00e9e est l\u2019occasion id\u00e9ale pour s\u2019\u00e9merveiller devant ces tr\u00e9sors naturels et appr\u00e9cier la richesse \u00e9cologique de la r\u00e9gion.<\/p><h3>Les zones de bivouac autoris\u00e9es<\/h3><p>Pour une exp\u00e9rience immersive, le bivouac dans des zones d\u00e9di\u00e9es est autoris\u00e9 au c\u0153ur des Gorges de l\u2019Ard\u00e8che. Afin de pr\u00e9server ce site naturel d\u2019exception, le camping sauvage est proscrit. N\u00e9anmoins, vous pouvez choisir entre deux aires de bivouac am\u00e9nag\u00e9es, Gaud et Gournier, dot\u00e9es de prairies et d\u2019arbres pour un s\u00e9jour au plus pr\u00e8s de la nature. Vous avez la possibilit\u00e9 de monter votre tente ou d\u2019en louer une sur place. Pour assurer votre place, surtout en haute saison, il est prudent de r\u00e9server \u00e0 l\u2019avance.<\/p><h2 data-start=\"151\" data-end=\"198\">Gorges de l\u2019Ard\u00e8che : o\u00f9 s\u00e9journer et manger<\/h2><p>Les options d\u2019h\u00e9bergement abondent dans les environs des Gorges de l\u2019Ard\u00e8che, notamment \u00e0 Vallon-Pont-d\u2019Arc qui propose h\u00f4tels, chambres d\u2019h\u00f4tes et campings. Les villages alentours, tels que Grospierres, Saint-Martin-d\u2019Ard\u00e8che et Balazuc, offrent \u00e9galement de charmants lieux de s\u00e9jour et des restaurants o\u00f9 savourer des sp\u00e9cialit\u00e9s du terroir. Par exemple, <a href=\"https:\/\/villafontvive.com\/\" target=\"_blank\" rel=\"noopener\">la Villa Font Vive, situ\u00e9e \u00e0 Grospierres<\/a>, offre des chambres d\u2019h\u00f4tes \u00e9co-certifi\u00e9es et un h\u00e9bergement insolite. Il est conseill\u00e9 de r\u00e9server en avance, en particulier durant la haute saison. C\u00f4t\u00e9 gastronomie, laissez-vous tenter par des mets locaux tels que la caillette, le picodon et d\u2019autres d\u00e9lices r\u00e9gionaux.<\/p><p data-start=\"200\" data-end=\"667\">Pour un s\u00e9jour r\u00e9ussi dans les <strong data-start=\"231\" data-end=\"254\">Gorges de l\u2019Ard\u00e8che<\/strong>, <a href=\"https:\/\/cparici.com\/location-de-vacances-en-ardeche\/\">plusieurs options d\u2019h\u00e9bergement<\/a> s\u2019offrent \u00e0 vous, selon vos envies de confort et de proximit\u00e9 avec la nature. \u00c0 <strong data-start=\"368\" data-end=\"389\">Vallon-Pont-d\u2019Arc<\/strong>, le c\u0153ur touristique de la r\u00e9gion, vous trouverez une large offre de <strong data-start=\"459\" data-end=\"481\">campings familiaux<\/strong>, g\u00eetes et h\u00f4tels, souvent situ\u00e9s \u00e0 deux pas de la rivi\u00e8re. Pour un s\u00e9jour nature, privil\u00e9giez les campings situ\u00e9s en bord de rivi\u00e8re, comme ceux de Salavas ou de Saint-Martin-d\u2019Ard\u00e8che.<\/p><p data-start=\"669\" data-end=\"952\">C\u00f4t\u00e9 restauration, les petits villages comme <strong data-start=\"714\" data-end=\"725\">Balazuc<\/strong>, <strong data-start=\"727\" data-end=\"736\">Vog\u00fc\u00e9<\/strong> ou <strong data-start=\"740\" data-end=\"752\">Labeaume<\/strong> proposent des auberges et restaurants typiques o\u00f9 d\u00e9guster les <strong data-start=\"816\" data-end=\"843\">sp\u00e9cialit\u00e9s ard\u00e9choises<\/strong> : caillette, crique, charcuterie locale, fromage de ch\u00e8vre et bien s\u00fbr les desserts \u00e0 base de <strong data-start=\"938\" data-end=\"951\">ch\u00e2taigne<\/strong>.<\/p><p data-start=\"954\" data-end=\"1288\">Pour une exp\u00e9rience plus authentique, optez pour les <strong data-start=\"1007\" data-end=\"1026\">fermes auberges<\/strong> ou les <strong data-start=\"1034\" data-end=\"1053\">march\u00e9s paysans<\/strong> du coin, qui mettent en valeur les produits du terroir. Enfin, \u00e0 Vallon-Pont-d\u2019Arc, vous trouverez aussi une belle vari\u00e9t\u00e9 de restaurants, de la cuisine traditionnelle aux pizzerias familiales en passant par des options v\u00e9g\u00e9tariennes.<\/p><h2 data-start=\"46\" data-end=\"120\">O\u00f9 se baigner dans les Gorges de l\u2019Ard\u00e8che : options familiales id\u00e9ales<\/h2><h3 data-start=\"122\" data-end=\"152\">1. <strong data-start=\"129\" data-end=\"152\">Plage du Pont d\u2019Arc<\/strong><\/h3><p data-start=\"153\" data-end=\"228\"><span class=\"relative -mx-px my-[-0.2rem] rounded px-px py-[0.2rem] transition-colors duration-100 ease-in-out\">Un incontournable : une plage de sable et galets situ\u00e9e juste sous l\u2019arche embl\u00e9matique du Pont d\u2019Arc, principalement surveill\u00e9e en juillet-ao\u00fbt. Accessible facilement, avec parking ou navettes depuis Vallon\u2011Pont\u2011d\u2019Arc. Tr\u00e8s appr\u00e9ci\u00e9e des familles pour ses eaux calmes et son cadre exceptionnel.<\/span>\u00a0<\/p><h3 data-start=\"230\" data-end=\"267\">2. <strong data-start=\"237\" data-end=\"267\">Plage aval pr\u00e8s de Salavas<\/strong><\/h3><p data-start=\"268\" data-end=\"343\"><span class=\"relative -mx-px my-[-0.2rem] rounded px-px py-[0.2rem] transition-colors duration-100 ease-in-out\">\u00c0 quelques kilom\u00e8tres du Pont d\u2019Arc, cette plage est surveill\u00e9e en \u00e9t\u00e9 et dispose d\u2019un poste de secours. Facile d\u2019acc\u00e8s, elle garantit un moment de baignade serein avec les enfants.<\/span>\u00a0<\/p><h3 data-start=\"345\" data-end=\"393\">3. <strong data-start=\"352\" data-end=\"393\">Plage des tunnels \u00e0 Vallon\u2011Pont\u2011d\u2019Arc<\/strong><\/h3><p data-start=\"394\" data-end=\"469\"><span class=\"relative -mx-px my-[-0.2rem] rounded px-px py-[0.2rem] transition-colors duration-100 ease-in-out\">Accessible et agr\u00e9able, cette plage de sable fin (bien qu\u2019en partie priv\u00e9e) est r\u00e9guli\u00e8rement surveill\u00e9e. Id\u00e9ale pour une halte rafra\u00eechissante et s\u00e9curis\u00e9e.<\/span>\u00a0<\/p><h3 data-start=\"471\" data-end=\"497\">4. Les Gorges de l\u2019Ard\u00e8che, <strong data-start=\"478\" data-end=\"497\">Plage \u00e0 Balazuc<\/strong><\/h3><p data-start=\"498\" data-end=\"573\"><span class=\"relative -mx-px my-[-0.2rem] rounded px-px py-[0.2rem] transition-colors duration-100 ease-in-out\">Sous le village m\u00e9di\u00e9val de Balazuc, cette plage paisible combine baignade tranquille et charme historique. Les eaux calmes la rendent parfaite pour les plus jeunes.<\/span>\u00a0<\/p><h3 data-start=\"575\" data-end=\"610\">5. <strong data-start=\"582\" data-end=\"610\">Cirque de Gens (Chauzon)<\/strong><\/h3><p data-start=\"611\" data-end=\"690\"><span class=\"relative -mx-px my-[-0.2rem] rounded px-px py-[0.2rem] transition-colors duration-100 ease-in-out\">Cadre naturel spectaculaire pour se baigner. Id\u00e9al pour les familles en qu\u00eate de d\u00e9tente en pleine nature, avec falaises vertigineuses en toile de fond. Certaines zones sont facilement accessibles, d\u2019autres n\u00e9cessitent une petite marche.<\/span>\u00a0<\/p><h3 data-start=\"692\" data-end=\"717\">6. <strong data-start=\"699\" data-end=\"717\">Plage de Sauze<\/strong><\/h3><p data-start=\"718\" data-end=\"797\"><span class=\"relative -mx-px my-[-0.2rem] rounded px-px py-[0.2rem] transition-colors duration-100 ease-in-out\">Au bout des gorges, la plage de Sauze offre une baignade surveill\u00e9e (en saison), une belle \u00e9tendue de galets, des sanitaires et un grand parking. Moins fr\u00e9quent\u00e9e, elle s\u00e9duit par son calme et son authenticit\u00e9.<\/span>\u00a0<\/p><h3 data-start=\"799\" data-end=\"849\">7. <strong data-start=\"806\" data-end=\"849\">Plages sauvages de la r\u00e9serve naturelle<\/strong><\/h3><p data-start=\"850\" data-end=\"929\"><span class=\"relative -mx-px my-[-0.2rem] rounded px-px py-[0.2rem] transition-colors duration-100 ease-in-out\">Pour ceux qui recherchent des lieux plus discrets et naturels : de nombreuses <strong data-start=\"78\" data-end=\"106\">criues et plages isol\u00e9es<\/strong> sont accessibles uniquement en cano\u00eb ou \u00e0 pied. Ces spots enchanteurs offrent un cadre sauvage et pr\u00e9serv\u00e9, parfait pour une escapade en famille un peu aventureuse.<\/span>\u00a0<\/p><h3 data-start=\"936\" data-end=\"989\">Conseils pratiques pour les baignades familiales<\/h3><ul data-start=\"990\" data-end=\"1404\"><li data-start=\"990\" data-end=\"1031\"><p data-start=\"992\" data-end=\"1031\"><span class=\"relative -mx-px my-[-0.2rem] rounded px-px py-[0.2rem] transition-colors duration-100 ease-in-out\"><strong data-start=\"0\" data-end=\"34\" data-is-only-node=\"\">Pr\u00e9f\u00e9rez les zones surveill\u00e9es<\/strong> comme le Pont d\u2019Arc, Salavas ou Sauze si vous \u00eates avec de jeunes enfants.<\/span><\/p><\/li><li data-start=\"1032\" data-end=\"1113\"><p data-start=\"1034\" data-end=\"1113\"><span class=\"relative -mx-px my-[-0.2rem] rounded px-px py-[0.2rem] transition-colors duration-100 ease-in-out\"><strong data-start=\"0\" data-end=\"41\" data-is-only-node=\"\">Privil\u00e9giez les arriv\u00e9es t\u00f4t le matin<\/strong> ou en fin de journ\u00e9e pour \u00e9viter la foule estivale.<\/span>\u00a0<\/p><\/li><li data-start=\"1114\" data-end=\"1195\"><p data-start=\"1116\" data-end=\"1195\"><span class=\"relative -mx-px my-[-0.2rem] rounded px-px py-[0.2rem] transition-colors duration-100 ease-in-out\"><strong data-start=\"0\" data-end=\"33\" data-is-only-node=\"\">Pensez aux navettes gratuites<\/strong>, notamment vers le Pont d\u2019Arc, pour \u00e9viter les parkings satur\u00e9s.<\/span>\u00a0<\/p><\/li><li data-start=\"1196\" data-end=\"1404\"><p data-start=\"1198\" data-end=\"1404\">Pour une exp\u00e9rience plus <strong data-start=\"1223\" data-end=\"1246\">nature et apaisante<\/strong>, les plages sauvages de la r\u00e9serve et le Cirque de Gens offrent une immersion inoubliable \u2014 \u00e0 condition de pr\u00e9voir un peu de marche ou une descente en cano\u00eb.<\/p><\/li><\/ul><h2 data-start=\"1411\" data-end=\"1428\">R\u00e9sum\u00e9 rapide meilleurs lieux o\u00f9 se baigner dans les Gorges de l\u2019Ard\u00e8che<\/h2><div class=\"_tableContainer_sk2ct_1\"><div class=\"_tableWrapper_sk2ct_13 group flex w-fit flex-col-reverse\" tabindex=\"-1\"><table class=\"w-fit min-w-(--thread-content-width)\" data-start=\"1430\" data-end=\"2195\"><thead data-start=\"1430\" data-end=\"1514\"><tr data-start=\"1430\" data-end=\"1514\"><th data-start=\"1430\" data-end=\"1462\" data-col-size=\"sm\">Lieu<\/th><th data-start=\"1462\" data-end=\"1514\" data-col-size=\"md\">Atout principal<\/th><\/tr><\/thead><tbody data-start=\"1600\" data-end=\"2195\"><tr data-start=\"1600\" data-end=\"1684\"><td data-start=\"1600\" data-end=\"1632\" data-col-size=\"sm\">Pont d\u2019Arc<\/td><td data-start=\"1632\" data-end=\"1684\" data-col-size=\"md\">Vue iconique avec plage surveill\u00e9e<\/td><\/tr><tr data-start=\"1685\" data-end=\"1769\"><td data-start=\"1685\" data-end=\"1717\" data-col-size=\"sm\">Salavas (Plage aval)<\/td><td data-start=\"1717\" data-end=\"1769\" data-col-size=\"md\">Acc\u00e8s facile et baignade s\u00e9curis\u00e9e<\/td><\/tr><tr data-start=\"1770\" data-end=\"1853\"><td data-start=\"1770\" data-end=\"1801\" data-col-size=\"sm\">Tunnels (Vallon-Pont-d\u2019Arc)<\/td><td data-start=\"1801\" data-end=\"1853\" data-col-size=\"md\">Plage de sable accessible et calme<\/td><\/tr><tr data-start=\"1854\" data-end=\"1938\"><td data-start=\"1854\" data-end=\"1886\" data-col-size=\"sm\">Balazuc<\/td><td data-start=\"1886\" data-end=\"1938\" data-col-size=\"md\">Charme m\u00e9di\u00e9val, eaux douces<\/td><\/tr><tr data-start=\"1939\" data-end=\"2024\"><td data-start=\"1939\" data-end=\"1971\" data-col-size=\"sm\">Cirque de Gens<\/td><td data-col-size=\"md\" data-start=\"1971\" data-end=\"2024\">Nature sauvage, cadre spectaculaire<\/td><\/tr><tr data-start=\"2025\" data-end=\"2110\"><td data-start=\"2025\" data-end=\"2057\" data-col-size=\"sm\">Sauze<\/td><td data-start=\"2057\" data-end=\"2110\" data-col-size=\"md\">Moins fr\u00e9quent\u00e9e, ambiance paisible<\/td><\/tr><tr data-start=\"2111\" data-end=\"2195\"><td data-start=\"2111\" data-end=\"2143\" data-col-size=\"sm\">Plages sauvages de la r\u00e9serve<\/td><td data-start=\"2143\" data-end=\"2195\" data-col-size=\"md\">Intimit\u00e9 et immersion totale en pleine nature<\/td><\/tr><\/tbody><\/table><\/div><\/div><h2>Conseils pratiques pour votre s\u00e9jour<\/h2><h3>Meilleure p\u00e9riode pour visiter<\/h3><p>Choisir le moment id\u00e9al pour explorer les Gorges de l\u2019Ard\u00e8che d\u00e9pend de vos activit\u00e9s pr\u00e9f\u00e9r\u00e9es et de vos pr\u00e9f\u00e9rences climatiques. Le printemps (mai \u00e0 juin) et l\u2019automne (septembre \u00e0 octobre) offrent des temp\u00e9ratures cl\u00e9mentes et moins de touristes, ce qui est parfait pour ceux cherchant \u00e0 \u00e9viter les foules. Bien que l\u2019\u00e9t\u00e9 attire le plus de visiteurs pour sa chaleur, il peut rendre les lieux tr\u00e8s fr\u00e9quent\u00e9s. Pour les amateurs de cano\u00eb-kayak, privil\u00e9giez le printemps ou le d\u00e9but de l\u2019automne, quand les niveaux d\u2019eau sont optimaux.<\/p><h3>Les Gorges de l\u2019Ard\u00e8che, s\u00e9curit\u00e9 et r\u00e8glementation locale<\/h3><p>Assurer la s\u00e9curit\u00e9 et la pr\u00e9servation des Gorges de l\u2019Ard\u00e8che n\u00e9cessite le respect des r\u00e8gles et r\u00e9glementations en vigueur. Le camping sauvage est prohib\u00e9 dans la r\u00e9serve naturelle. Les emplacements de bivouac doivent \u00eatre r\u00e9serv\u00e9s en amont. Pour une exp\u00e9rience sans encombre, il est essentiel de se conformer aux directives des guides et \u00e0 la signalisation, en particulier lors de la pratique d\u2019activit\u00e9s telles que l\u2019escalade, la sp\u00e9l\u00e9ologie et le cano\u00eb-kayak. Prot\u00e9ger les esp\u00e8ces prot\u00e9g\u00e9es et la v\u00e9g\u00e9tation locale est \u00e9galement essentiel pour le maintien de l\u2019\u00e9cosyst\u00e8me.<\/p><h2>Conclusion<\/h2><p>Les Gorges de l\u2019Ard\u00e8che repr\u00e9sentent une destination incontournable pour les passionn\u00e9s de nature et d\u2019aventure. Que ce soit pour une descente en cano\u00eb-kayak le long des falaises majestueuses, une randonn\u00e9e \u00e0 travers les sentiers verdoyants ou l\u2019exploration de grottes myst\u00e9rieuses, chaque activit\u00e9 r\u00e9v\u00e8le la splendeur et la richesse \u00e9cologique de cette r\u00e9gion. Il est essentiel de bien organiser votre visite, en tenant compte de l\u2019affluence et des conditions climatiques, tout en suivant les consignes de s\u00e9curit\u00e9 et les lois en vigueur pour prot\u00e9ger ce cadre magnifique.<br \/>Pr\u00e9parez donc vos valises pour une aventure m\u00e9morable au c\u0153ur de ce tr\u00e9sor naturel. L\u2019\u00e9merveillement est garanti !<\/p><h2>FAQ<\/h2><h3>O\u00f9 aller dans les gorges de l\u2019Ard\u00e8che ?<\/h3><p>Commencez votre aventure \u00e0 Vallon-Pont-d\u2019Arc, d\u2019o\u00f9 vous pourrez descendre le fleuve en cano\u00eb jusqu\u2019\u00e0 Saint-Martin-d\u2019Ard\u00e8che, en admirant le majestueux Pont d\u2019Arc en cours de route. Pour ceux qui pr\u00e9f\u00e8rent la terre ferme, une route panoramique offre des vues \u00e9poustouflantes sur les gorges. Ne manquez pas de visiter des merveilles souterraines comme l\u2019Aven d\u2019Orgnac et la Grotte de la Madeleine. Les amateurs d\u2019escalade et de bouldering trouveront leur bonheur dans les gorges du Chassezac.<\/p><h3>Quel est le plus beau coin d\u2019Ard\u00e8che ?<\/h3><p>Les gorges de l\u2019Ard\u00e8che, avec le Pont d\u2019Arc comme joyau, sont incontestablement le clou de la r\u00e9gion. Les villages perch\u00e9s tels que Balazuc, Labeaume et Vallon-Pont-d\u2019Arc s\u00e9duisent \u00e9galement par leur beaut\u00e9 pittoresque et leur riche histoire, offrant des panoramas \u00e0 couper le souffle.<\/p><h3>O\u00f9 se baigner dans les Gorges de l\u2019Ard\u00e8che ?<\/h3><p>La plage du Pont d\u2019Arc est un lieu de baignade exceptionnel, nich\u00e9 sous l\u2019arche naturelle. Pour une exp\u00e9rience plus sauvage, la R\u00e9serve Naturelle des Gorges de l\u2019Ard\u00e8che propose des spots de baignade accessibles apr\u00e8s une petite randonn\u00e9e ou une descente en cano\u00eb, promettant un cadre naturel pr\u00e9serv\u00e9.<\/p><h3>Quand faire les gorges de l\u2019Ard\u00e8che ?<\/h3><p>Les mois de juin \u00e0 ao\u00fbt offrent une m\u00e9t\u00e9o id\u00e9ale pour explorer les gorges de l\u2019Ard\u00e8che, mais pour une exp\u00e9rience plus tranquille, privil\u00e9giez avril, mai ou septembre-octobre. Ces p\u00e9riodes assurent un bon niveau d\u2019eau pour le cano\u00eb et une temp\u00e9rature agr\u00e9able pour toutes les activit\u00e9s.<\/p>\t\t\t\t\t\t\t\t<\/div>\n\t\t\t\t\t<\/div>\n\t\t\t\t<\/div>\n\t\t<aside class=\"elementor-element elementor-element-ce569a8 e-flex e-con-boxed e-con e-parent\" data-id=\"ce569a8\" data-element_type=\"container\" data-e-type=\"container\">\n\t\t\t\t\t<div class=\"e-con-inner\">\n\t\t\t\t<div class=\"elementor-element elementor-element-bca9d7f elementor-widget elementor-widget-listeo-posts-grid\" data-id=\"bca9d7f\" data-element_type=\"widget\" data-e-type=\"widget\" data-widget_type=\"listeo-posts-grid.default\">\n\t\t\t\t<div class=\"elementor-widget-container\">\n\t\t\t\t\t\t\t\n\t\t<div class=\"listeo-post-grid-wrapper\">\n\t\t\t<div class=\"row\">\n\n\t\t\t\n\n\t\t\t\t\t\t\t<div class=\"col-md-4\">\n                <a href=\"https:\/\/cparici.com\/fr\/grotte-chauvet\/\" class=\"blog-compact-item-container\">\n                    <div class=\"blog-compact-item\">\n                        <img decoding=\"async\" width=\"577\" height=\"204\" src=\"https:\/\/cparici.com\/wp-content\/uploads\/2025\/08\/cparici-2025-08-27T162216.892-577x204.jpg\" class=\"attachment-listeo-blog-related-post size-listeo-blog-related-post wp-post-image\" alt=\"Grotte Chauvet\" srcset=\"https:\/\/cparici.com\/wp-content\/uploads\/2025\/08\/cparici-2025-08-27T162216.892-577x204.jpg 577w, https:\/\/cparici.com\/wp-content\/uploads\/2025\/08\/cparici-2025-08-27T162216.892-300x106.jpg 300w, https:\/\/cparici.com\/wp-content\/uploads\/2025\/08\/cparici-2025-08-27T162216.892-1024x362.jpg 1024w, https:\/\/cparici.com\/wp-content\/uploads\/2025\/08\/cparici-2025-08-27T162216.892-768x271.jpg 768w, https:\/\/cparici.com\/wp-content\/uploads\/2025\/08\/cparici-2025-08-27T162216.892-18x6.jpg 18w, https:\/\/cparici.com\/wp-content\/uploads\/2025\/08\/cparici-2025-08-27T162216.892-590x208.jpg 590w, https:\/\/cparici.com\/wp-content\/uploads\/2025\/08\/cparici-2025-08-27T162216.892-1200x424.jpg 1200w, https:\/\/cparici.com\/wp-content\/uploads\/2025\/08\/cparici-2025-08-27T162216.892-600x212.jpg 600w, https:\/\/cparici.com\/wp-content\/uploads\/2025\/08\/cparici-2025-08-27T162216.892.jpg 1500w\" sizes=\"(max-width: 577px) 100vw, 577px\" \/><span class=\"blog-item-tag\">Ard\u00e8che ( d\u00e9partement)<\/span>                        \n                        <div class=\"blog-compact-item-content\">\n                                                        <h3>Grotte Chauvet : chef-d\u2019\u0153uvre pr\u00e9historique \u00e0 explorer<\/h3>\n                                                        <p>Recherches populaires Categories Pas de r\u00e9sultats Voir tous les r\u00e9sultats Grotte Chauvet : chef-d\u2019\u0153uvre pr\u00e9historique...                            <\/p>\n                                                    <\/div>\n                    <\/div>\n                <\/a>\n            <\/div>\n\t\t\t<div class=\"col-md-4\">\n                <a href=\"https:\/\/cparici.com\/fr\/safari-de-peaugres\/\" class=\"blog-compact-item-container\">\n                    <div class=\"blog-compact-item\">\n                        <img decoding=\"async\" width=\"577\" height=\"204\" src=\"https:\/\/cparici.com\/wp-content\/uploads\/2025\/07\/cparici-2025-07-17T174713.648-577x204.jpg\" class=\"attachment-listeo-blog-related-post size-listeo-blog-related-post wp-post-image\" alt=\"Safari de Peaugres\" srcset=\"https:\/\/cparici.com\/wp-content\/uploads\/2025\/07\/cparici-2025-07-17T174713.648-577x204.jpg 577w, https:\/\/cparici.com\/wp-content\/uploads\/2025\/07\/cparici-2025-07-17T174713.648-300x106.jpg 300w, https:\/\/cparici.com\/wp-content\/uploads\/2025\/07\/cparici-2025-07-17T174713.648-1024x362.jpg 1024w, https:\/\/cparici.com\/wp-content\/uploads\/2025\/07\/cparici-2025-07-17T174713.648-768x271.jpg 768w, https:\/\/cparici.com\/wp-content\/uploads\/2025\/07\/cparici-2025-07-17T174713.648-18x6.jpg 18w, https:\/\/cparici.com\/wp-content\/uploads\/2025\/07\/cparici-2025-07-17T174713.648-590x208.jpg 590w, https:\/\/cparici.com\/wp-content\/uploads\/2025\/07\/cparici-2025-07-17T174713.648-1200x424.jpg 1200w, https:\/\/cparici.com\/wp-content\/uploads\/2025\/07\/cparici-2025-07-17T174713.648-600x212.jpg 600w, https:\/\/cparici.com\/wp-content\/uploads\/2025\/07\/cparici-2025-07-17T174713.648.jpg 1500w\" sizes=\"(max-width: 577px) 100vw, 577px\" \/><span class=\"blog-item-tag\">Ard\u00e8che ( d\u00e9partement)<\/span>                        \n                        <div class=\"blog-compact-item-content\">\n                                                        <h3>Safari de Peaugres : tout savoir sur ce parc animalier d\u2019Ard\u00e8che<\/h3>\n                                                        <p>Recherches populaires Categories Pas de r\u00e9sultats Voir tous les r\u00e9sultats Safari de Peaugres : tout...                            <\/p>\n                                                    <\/div>\n                    <\/div>\n                <\/a>\n            <\/div>\n\t\t\t<div class=\"col-md-4\">\n                <a href=\"https:\/\/cparici.com\/fr\/les-gorges-de-lardeche\/\" class=\"blog-compact-item-container\">\n                    <div class=\"blog-compact-item\">\n                        <img decoding=\"async\" width=\"577\" height=\"204\" src=\"https:\/\/cparici.com\/wp-content\/uploads\/2025\/02\/cparici-2025-02-16T100302.054-577x204.jpg\" class=\"attachment-listeo-blog-related-post size-listeo-blog-related-post wp-post-image\" alt=\"Gorges de l&#039;Ard\u00e8che\" srcset=\"https:\/\/cparici.com\/wp-content\/uploads\/2025\/02\/cparici-2025-02-16T100302.054-577x204.jpg 577w, https:\/\/cparici.com\/wp-content\/uploads\/2025\/02\/cparici-2025-02-16T100302.054-300x106.jpg 300w, https:\/\/cparici.com\/wp-content\/uploads\/2025\/02\/cparici-2025-02-16T100302.054-1024x362.jpg 1024w, https:\/\/cparici.com\/wp-content\/uploads\/2025\/02\/cparici-2025-02-16T100302.054-768x271.jpg 768w, https:\/\/cparici.com\/wp-content\/uploads\/2025\/02\/cparici-2025-02-16T100302.054-590x208.jpg 590w, https:\/\/cparici.com\/wp-content\/uploads\/2025\/02\/cparici-2025-02-16T100302.054-1200x424.jpg 1200w, https:\/\/cparici.com\/wp-content\/uploads\/2025\/02\/cparici-2025-02-16T100302.054-600x212.jpg 600w, https:\/\/cparici.com\/wp-content\/uploads\/2025\/02\/cparici-2025-02-16T100302.054.jpg 1500w\" sizes=\"(max-width: 577px) 100vw, 577px\" \/><span class=\"blog-item-tag\">Ard\u00e8che ( d\u00e9partement)<\/span>                        \n                        <div class=\"blog-compact-item-content\">\n                                                        <h3>Les Gorges de l\u2019Ard\u00e8che<\/h3>\n                                                        <p>Recherches populaires Categories Pas de r\u00e9sultats Voir tous les r\u00e9sultats Les Gorges de l\u2019Ard\u00e8che Les...                            <\/p>\n                                                    <\/div>\n                    <\/div>\n                <\/a>\n            <\/div>\n  <\/div>\n        <\/div>\n        \t\t\t\t<\/div>\n\t\t\t\t<\/div>\n\t\t\t\t\t<\/div>\n\t\t\t\t<\/aside>\n\t\t\t\t<\/div>\n\t\t","protected":false},"excerpt":{"rendered":"<p>Recherches populaires Categories Pas de r\u00e9sultats Voir tous les r\u00e9sultats Les Gorges de l\u2019Ard\u00e8che Les Gorges de l\u2019Ard\u00e8che, un joyau naturel du sud de la France, situ\u00e9es dans le d\u00e9partement de l\u2019Ard\u00e8che, offrent un spectacle saisissant avec leurs falaises calcaires et leurs panoramas \u00e9poustouflants. Le village de Vallon-Pont-d\u2019Arc, aux portes de ce canyon form\u00e9 par [&hellip;]<\/p>\n","protected":false},"author":1,"featured_media":57612,"comment_status":"closed","ping_status":"closed","sticky":false,"template":"elementor_header_footer","format":"standard","meta":{"ngg_post_thumbnail":0,"footnotes":""},"categories":[2824,1505,477],"tags":[2479],"class_list":["post-57605","post","type-post","status-publish","format-standard","has-post-thumbnail","hentry","category-gorges-de-lardeche-2","category-ardeche-departement","category-france","tag-paysage"],"_links":{"self":[{"href":"https:\/\/cparici.com\/fr\/wp-json\/wp\/v2\/posts\/57605","targetHints":{"allow":["GET"]}}],"collection":[{"href":"https:\/\/cparici.com\/fr\/wp-json\/wp\/v2\/posts"}],"about":[{"href":"https:\/\/cparici.com\/fr\/wp-json\/wp\/v2\/types\/post"}],"author":[{"embeddable":true,"href":"https:\/\/cparici.com\/fr\/wp-json\/wp\/v2\/users\/1"}],"replies":[{"embeddable":true,"href":"https:\/\/cparici.com\/fr\/wp-json\/wp\/v2\/comments?post=57605"}],"version-history":[{"count":0,"href":"https:\/\/cparici.com\/fr\/wp-json\/wp\/v2\/posts\/57605\/revisions"}],"wp:featuredmedia":[{"embeddable":true,"href":"https:\/\/cparici.com\/fr\/wp-json\/wp\/v2\/media\/57612"}],"wp:attachment":[{"href":"https:\/\/cparici.com\/fr\/wp-json\/wp\/v2\/media?parent=57605"}],"wp:term":[{"taxonomy":"category","embeddable":true,"href":"https:\/\/cparici.com\/fr\/wp-json\/wp\/v2\/categories?post=57605"},{"taxonomy":"post_tag","embeddable":true,"href":"https:\/\/cparici.com\/fr\/wp-json\/wp\/v2\/tags?post=57605"}],"curies":[{"name":"wp","href":"https:\/\/api.w.org\/{rel}","templated":true}]}}