{"id":58075,"date":"2025-02-22T09:05:27","date_gmt":"2025-02-22T08:05:27","guid":{"rendered":"https:\/\/cparici.com\/?p=58075"},"modified":"2026-01-26T19:16:25","modified_gmt":"2026-01-26T18:16:25","slug":"aisne","status":"publish","type":"post","link":"https:\/\/cparici.com\/fr\/aisne\/","title":{"rendered":"L&#8217;Aisne : entre patrimoine historique et richesses naturelles"},"content":{"rendered":"\t\t<div data-elementor-type=\"wp-post\" data-elementor-id=\"58075\" class=\"elementor elementor-58075\" data-elementor-post-type=\"post\">\n\t\t\t\t<div class=\"elementor-element elementor-element-b733099 e-con-full e-flex e-con e-parent\" data-id=\"b733099\" data-element_type=\"container\" data-e-type=\"container\">\n\t\t\t\t<div class=\"elementor-element elementor-element-7f52d3a elementor-widget elementor-widget-image\" data-id=\"7f52d3a\" data-element_type=\"widget\" data-e-type=\"widget\" data-widget_type=\"image.default\">\n\t\t\t\t\t\t\t\t\t\t\t\t\t\t\t<img decoding=\"async\" width=\"1500\" height=\"530\" src=\"https:\/\/cparici.com\/wp-content\/uploads\/2025\/02\/cparici-2025-02-22T090251.841.jpg\" class=\"attachment-full size-full wp-image-58078\" alt=\"L&#039;Aisne le d\u00e9partement\" srcset=\"https:\/\/cparici.com\/wp-content\/uploads\/2025\/02\/cparici-2025-02-22T090251.841.jpg 1500w, https:\/\/cparici.com\/wp-content\/uploads\/2025\/02\/cparici-2025-02-22T090251.841-300x106.jpg 300w, https:\/\/cparici.com\/wp-content\/uploads\/2025\/02\/cparici-2025-02-22T090251.841-1024x362.jpg 1024w, https:\/\/cparici.com\/wp-content\/uploads\/2025\/02\/cparici-2025-02-22T090251.841-768x271.jpg 768w, https:\/\/cparici.com\/wp-content\/uploads\/2025\/02\/cparici-2025-02-22T090251.841-590x208.jpg 590w, https:\/\/cparici.com\/wp-content\/uploads\/2025\/02\/cparici-2025-02-22T090251.841-1200x424.jpg 1200w, https:\/\/cparici.com\/wp-content\/uploads\/2025\/02\/cparici-2025-02-22T090251.841-577x204.jpg 577w, https:\/\/cparici.com\/wp-content\/uploads\/2025\/02\/cparici-2025-02-22T090251.841-600x212.jpg 600w\" sizes=\"(max-width: 1500px) 100vw, 1500px\" \/>\t\t\t\t\t\t\t\t\t\t\t\t\t\t\t<\/div>\n\t\t\t\t<\/div>\n\t\t<div class=\"elementor-element elementor-element-9c2fcbe e-flex e-con-boxed e-con e-parent\" data-id=\"9c2fcbe\" data-element_type=\"container\" data-e-type=\"container\">\n\t\t\t\t\t<div class=\"e-con-inner\">\n\t\t\t\t<div class=\"elementor-element elementor-element-0bcfbdf elementor-widget elementor-widget-global elementor-global-62046 elementor-widget-eael-advanced-search\" data-id=\"0bcfbdf\" data-element_type=\"widget\" data-e-type=\"widget\" data-widget_type=\"eael-advanced-search.default\">\n\t\t\t\t\t        <div class=\"eael-adv-search-wrapper\">\n            <div id=\"eael-advanced-search-widget-0bcfbdf\" class=\"eael-advanced-search-widget\">\n                <form data-settings=\"{&quot;post_per_page&quot;:5,&quot;search_among_taxonomies&quot;:&quot;&quot;,&quot;search_among_sku&quot;:&quot;no&quot;,&quot;show_popular_keyword&quot;:0,&quot;show_category&quot;:0,&quot;show_content_image&quot;:1,&quot;show_search_result_all_results&quot;:0,&quot;result_on_new_tab&quot;:&quot;no&quot;,&quot;show_product_price&quot;:&quot;no&quot;,&quot;include_current_page&quot;:&quot;no&quot;,&quot;current_post_id&quot;:58075,&quot;post_type&quot;:[&quot;post&quot;,&quot;listing&quot;]}\" method=\"POST\" name=\"eael-advanced-search-form-0bcfbdf\" class=\"eael-advanced-search-form eael-advanced-search-form-style-2\">\n                    <div class=\"eael-advanced-search-wrap\">\n                        <span class=\"eael-adv-search-loader\"><\/span>\n                        <span class=\"eael-adv-search-close\"><i class=\"fas fa-times\"><\/i><\/span>\n                        <span class=\"icon \"><i class=\"fas fa-search\"><\/i><\/span>\n\n                        <input type=\"text\"\n                               placeholder=\"Votre destination\"\n                               class=\"eael-advanced-search\" autocomplete=\"off\" name=\"eael_advanced_search\">\n                    <\/div>\n\t\t\t\t\t                                    <\/form>\n\n\t\t\t\t\n\t\t\t\t        <div class=\"eael-advanced-search-result\">\n            <div class=\"eael-advanced-search-popular-keyword\">\n\t\t\t\t<h4 class=\"eael-advanced-search-popular-keyword-text\">Recherches populaires<\/h4>                <div class=\"eael-popular-keyword-content\"><\/div>\n            <\/div>\n            <div class=\"eael-advanced-search-category\">\n\t\t\t\t<h4 class=\"eael-advanced-search-category-text\">Categories<\/h4>                <div class=\"eael-popular-category-content\"><\/div>\n            <\/div>\n\t\t\t<div class=\"eael-advanced-search-total-results-section\">\n\t\t\t\t\t\t\t<\/div>\n            <div class=\"eael-advanced-search-content eael-item-style-3\">\n            <\/div>\n            <div class=\"eael-advanced-search-not-found\">\n                <p>Pas de r\u00e9sultats<\/p><\/div>\n            <div class=\"eael-advanced-search-load-more\">\n\t\t\t\t<a \tclass=\"eael-advanced-search-load-more-button\"\n                \thref=\"#\">Voir tous les r\u00e9sultats<\/a>\n            <\/div>\n        <\/div>\n\n\t\t            <\/div>\n        <\/div>\n\n\t\t\t\t\t\t<\/div>\n\t\t\t\t\t<\/div>\n\t\t\t\t<\/div>\n\t\t<div class=\"elementor-element elementor-element-129df9a0 e-flex e-con-boxed e-con e-parent\" data-id=\"129df9a0\" data-element_type=\"container\" data-e-type=\"container\">\n\t\t\t\t\t<div class=\"e-con-inner\">\n\t\t\t\t<div class=\"elementor-element elementor-element-22c64fa3 elementor-widget elementor-widget-text-editor\" data-id=\"22c64fa3\" data-element_type=\"widget\" data-e-type=\"widget\" data-widget_type=\"text-editor.default\">\n\t\t\t\t\t\t\t\t\t<article class=\"w-full text-token-text-primary focus-visible:outline-2 focus-visible:outline-offset-[-4px]\" dir=\"auto\" data-testid=\"conversation-turn-5\" data-scroll-anchor=\"false\"><div class=\"m-auto text-base py-[18px] px-6\"><div class=\"mx-auto flex flex-1 text-base gap-4 md:gap-5 lg:gap-6 md:max-w-3xl lg:max-w-[40rem] xl:max-w-[48rem]\"><div class=\"group\/conversation-turn relative flex w-full min-w-0 flex-col agent-turn @xs\/thread:px-0 @sm\/thread:px-1.5 @md\/thread:px-4\"><div class=\"flex-col gap-1 md:gap-3\"><div class=\"flex max-w-full flex-col flex-grow\"><div class=\"min-h-8 text-message flex w-full flex-col items-end gap-2 whitespace-normal break-words text-start [.text-message+&]:mt-5\" dir=\"auto\" data-message-author-role=\"assistant\" data-message-id=\"78d0601f-80bb-4fd8-8d45-9995f26242a4\" data-message-model-slug=\"gpt-4o\"><div class=\"flex w-full flex-col gap-1 empty:hidden first:pt-[3px]\"><div class=\"markdown prose w-full break-words dark:prose-invert light\"><h1 style=\"text-align: center;\" data-start=\"40\" data-end=\"139\"><span style=\"font-size: 18pt;\"><strong data-start=\"40\" data-end=\"139\">L\u2019Aisne<\/strong><\/span><\/h1><p data-start=\"141\" data-end=\"504\">Situ\u00e9 dans la r\u00e9gion des <a href=\"https:\/\/cparici.com\/fr\/hauts-de-france\/\">Hauts-de-France<\/a>, le <strong data-start=\"186\" data-end=\"212\">d\u00e9partement de l\u2019Aisne<\/strong> est un territoire riche en histoire, en culture et en paysages diversifi\u00e9s. De ses villes embl\u00e9matiques \u00e0 ses sites touristiques incontournables, en passant par ses paysages pittoresques, l\u2019Aisne offre une multitude de d\u00e9couvertes pour les visiteurs en qu\u00eate d\u2019authenticit\u00e9 et de patrimoine.<\/p><\/div><\/div><\/div><\/div><\/div><\/div><\/div><\/div><\/article>\t\t\t\t\t\t\t\t<\/div>\n\t\t\t\t\t<\/div>\n\t\t\t\t<\/div>\n\t\t<aside class=\"elementor-element elementor-element-6b2c43e5 e-flex e-con-boxed e-con e-parent\" data-id=\"6b2c43e5\" data-element_type=\"container\" data-e-type=\"container\" data-settings=\"{&quot;background_background&quot;:&quot;classic&quot;}\">\n\t\t\t\t\t<div class=\"e-con-inner\">\n\t\t\t\t<div class=\"elementor-element elementor-element-72ffd00d elementor-widget elementor-widget-spacer\" data-id=\"72ffd00d\" data-element_type=\"widget\" data-e-type=\"widget\" data-widget_type=\"spacer.default\">\n\t\t\t\t\t\t\t<div class=\"elementor-spacer\">\n\t\t\t<div class=\"elementor-spacer-inner\"><\/div>\n\t\t<\/div>\n\t\t\t\t\t\t<\/div>\n\t\t\t\t<div class=\"elementor-element elementor-element-69405137 elementor-widget elementor-widget-heading\" data-id=\"69405137\" data-element_type=\"widget\" data-e-type=\"widget\" data-widget_type=\"heading.default\">\n\t\t\t\t\t<h2 class=\"elementor-heading-title elementor-size-default\">H\u00e9bergements de Vacances Grand Est en direct<\/h2>\t\t\t\t<\/div>\n\t\t\t\t<div class=\"elementor-element elementor-element-fcfcc5b elementor-widget elementor-widget-listeo-listings-carousel\" data-id=\"fcfcc5b\" data-element_type=\"widget\" data-e-type=\"widget\" data-widget_type=\"listeo-listings-carousel.default\">\n\t\t\t\t<div class=\"elementor-widget-container\">\n\t\t\t\t\t        <!-- Carousel \/ Start -->\n        \t<div class=\"simple-slick-carousel dots-nav\" data-slick='{&quot;autoplay&quot;:true,&quot;autoplaySpeed&quot;:3000,&quot;slidesToShow&quot;:3,&quot;slidesToScroll&quot;:1,&quot;responsive&quot;:[{&quot;breakpoint&quot;:1024,&quot;settings&quot;:{&quot;slidesToShow&quot;:2,&quot;slidesToScroll&quot;:1}},{&quot;breakpoint&quot;:768,&quot;settings&quot;:{&quot;slidesToShow&quot;:1,&quot;slidesToScroll&quot;:1}}]}'>\n                            <div class=\"fw-carousel-item\">                    \n                        <!-- Listing Item -->\r\n            <div class=\"col-lg-6 col-md-12\">\r\n                <a href=\"https:\/\/cparici.com\/fr\/annonce\/tiny-house-passy-grigny-en-champagne-france\/\" class=\"listing-item-container listing-geo-data compact\" data-title=\"Tiny house \u2013 Passy-Grigny en Champagne, France\" data-listing-type=\"rental\" data-classifieds-price=\"\u20ac\" data-friendly-address=\"Passy-Grigny, France\" data-address=\"Passy-Grigny, France\" data-image=\"https:\/\/cparici.com\/wp-content\/uploads\/2025\/12\/0e4f5567-68a6-466b-9a05-959f8282d12e-1-520x397.avif\" data-longitude=\"3.674683\" data-latitude=\"49.122335\" data-rating=\"4.9\" data-reviews=\"9\" data-icon=\"<svg xmlns=&quot;http:\/\/www.w3.org\/2000\/svg&quot; width=&quot;800px&quot; height=&quot;800px&quot; viewBox=&quot;0 0 45 45&quot; fill=&quot;none&quot;>\n<path d=&quot;M24.155 8.78099L24.33 8.94499L37.402 21.787L36 23.213L34.2 21.445L34.201 35C34.201 36.054 33.385 36.918 32.35 36.994L32.201 37H12.201C11.147 37 10.283 36.184 10.206 35.149L10.201 35L10.2 21.446L8.402 23.213L7 21.787L20.058 8.95799C21.171 7.82199 22.966 7.75899 24.155 8.78099ZM21.569 10.285L21.473 10.372L12.2 19.481L12.201 35L17.2 34.999L17.201 25C17.201 23.946 18.017 23.082 19.052 23.005L19.201 23H25.201C26.255 23 27.119 23.816 27.196 24.851L27.201 25L27.2 34.999L32.201 35L32.2 19.48L22.901 10.344C22.537 9.98699 21.969 9.96499 21.569 10.285ZM25.201 25H19.201L19.2 34.999H25.2L25.201 25Z&quot; fill=&quot;#3C3C3C&quot;\/>\n<\/svg>\">\r\n            <div class=\"listing-item  \">\r\n                <div class=\"listing-small-badges-container\">\r\n                                                                <div class=\"listing-small-badge pricing-badge\"><i class=\"fa fa-tag\"><\/i>Commence \u00e0 partir de 376,00\u20ac<\/div>\r\n                                                            \r\n                                        \r\n                                        \r\n                <\/div>\r\n                <img decoding=\"async\" src=\"https:\/\/cparici.com\/wp-content\/uploads\/2025\/12\/0e4f5567-68a6-466b-9a05-959f8282d12e-1-520x397.avif\" alt=\"Tiny house \u2013 Passy-Grigny en Champagne, France\" class=\"listing-thumbnail\">\r\n                \r\n\r\n                <div class=\"listing-item-content\">\r\n                                                <div class=\"numerical-rating\" data-rating=\"4.9\"><\/div>\r\n                    \r\n                    <h3> Tiny house \u2013 Passy-Grigny en Champagne, France <\/h3>\r\n                    <span>Passy-Grigny, France<\/span>\r\n                <\/div>\r\n                                        <span class=\"save like-icon tooltip left\" title=\"Connexion pour marquer des \u00e9l\u00e9ments\"><\/span>\r\n                                                <\/div>\r\n        <\/a>\r\n                    <\/div>\r\n        \r\n\r\n        <!-- Listing Item \/ End -->\n                    <\/div>\n                          <\/div>\n        \t\t\t\t<\/div>\n\t\t\t\t<\/div>\n\t\t\t\t\t<\/div>\n\t\t\t\t<\/aside>\n\t\t<div class=\"elementor-element elementor-element-73018da e-flex e-con-boxed e-con e-parent\" data-id=\"73018da\" data-element_type=\"container\" data-e-type=\"container\">\n\t\t\t\t\t<div class=\"e-con-inner\">\n\t\t\t\t<div class=\"elementor-element elementor-element-73051d0 elementor-widget elementor-widget-text-editor\" data-id=\"73051d0\" data-element_type=\"widget\" data-e-type=\"widget\" data-widget_type=\"text-editor.default\">\n\t\t\t\t\t\t\t\t\t<article class=\"w-full text-token-text-primary focus-visible:outline-2 focus-visible:outline-offset-[-4px]\" dir=\"auto\" data-testid=\"conversation-turn-5\" data-scroll-anchor=\"false\"><div class=\"m-auto text-base py-[18px] px-6\"><div class=\"mx-auto flex flex-1 text-base gap-4 md:gap-5 lg:gap-6 md:max-w-3xl lg:max-w-[40rem] xl:max-w-[48rem]\"><div class=\"group\/conversation-turn relative flex w-full min-w-0 flex-col agent-turn @xs\/thread:px-0 @sm\/thread:px-1.5 @md\/thread:px-4\"><div class=\"flex-col gap-1 md:gap-3\"><div class=\"flex max-w-full flex-col flex-grow\"><div class=\"min-h-8 text-message flex w-full flex-col items-end gap-2 whitespace-normal break-words text-start [.text-message+&]:mt-5\" dir=\"auto\" data-message-author-role=\"assistant\" data-message-id=\"78d0601f-80bb-4fd8-8d45-9995f26242a4\" data-message-model-slug=\"gpt-4o\"><div class=\"flex w-full flex-col gap-1 empty:hidden first:pt-[3px]\"><div class=\"markdown prose w-full break-words dark:prose-invert light\"><h2 data-start=\"506\" data-end=\"547\"><span style=\"font-size: 18pt;\">G\u00e9ographie et d\u00e9partements limitrophes<\/span><\/h2><p data-start=\"549\" data-end=\"1101\">L\u2019Aisne, identifi\u00e9 par le <a href=\"https:\/\/cparici.com\/fr\/departements-francais-carte-de-france\/\">code d\u00e9partemental 02<\/a>, est entour\u00e9 par plusieurs d\u00e9partements : le Nord au nord, la Somme et l\u2019Oise \u00e0 l\u2019ouest, les Ardennes et la Marne \u00e0 l\u2019est, et la <a href=\"https:\/\/cparici.com\/fr\/seine-et-marne\/\">Seine-et-Marne<\/a> au sud. Cette position g\u00e9ographique strat\u00e9gique en fait un carrefour entre le nord et le sud de la France, offrant une diversit\u00e9 de paysages et d\u2019influences culturelles. Le d\u00e9partement est travers\u00e9 par la rivi\u00e8re \u00e9ponyme, l\u2019Aisne, qui serpente \u00e0 travers vall\u00e9es et plaines, contribuant \u00e0 la fertilit\u00e9 des terres agricoles et \u00e0 la beaut\u00e9 naturelle de la r\u00e9gion.<\/p><h2 data-start=\"1103\" data-end=\"1135\"><span style=\"font-size: 18pt;\">Paysages et villes de l\u2019Aisne<\/span><\/h2><p data-start=\"1137\" data-end=\"1624\">L\u2019Aisne se caract\u00e9rise par une mosa\u00efque de<a href=\"https:\/\/cparici.com\/fr\/paysages-en-france\/\"> paysages<\/a>, allant des vastes plaines c\u00e9r\u00e9ali\u00e8res aux for\u00eats denses, en passant par des vall\u00e9es verdoyantes et des collines douces. La Thi\u00e9rache, au nord-est, est r\u00e9put\u00e9e pour ses bocages verdoyants et ses rivi\u00e8res sinueuses, offrant des panoramas bucoliques propices \u00e0 la d\u00e9tente et \u00e0 la randonn\u00e9e. Les for\u00eats de Retz et de Saint-Gobain constituent des poumons verts, id\u00e9aux pour les amoureux de la nature et les adeptes de balades en plein air.<\/p><p data-start=\"1626\" data-end=\"2255\">Parmi les villes embl\u00e9matiques du d\u00e9partement, <strong data-start=\"1673\" data-end=\"1681\">Laon<\/strong>, le chef-lieu, se distingue par sa cit\u00e9 m\u00e9di\u00e9vale perch\u00e9e sur une colline, offrant une vue panoramique sur les environs. La cath\u00e9drale Notre-Dame de Laon est un chef-d\u2019\u0153uvre de l\u2019architecture gothique, t\u00e9moignant du riche pass\u00e9 historique de la ville. <strong data-start=\"1934\" data-end=\"1946\">Soissons<\/strong>, ancienne capitale de la France, est connue pour son patrimoine religieux, notamment l\u2019abbaye Saint-Jean-des-Vignes et la cath\u00e9drale Saint-Gervais-et-Saint-Protais. <strong data-start=\"2112\" data-end=\"2129\">Saint-Quentin<\/strong>, quant \u00e0 elle, s\u00e9duit par son architecture art d\u00e9co et sa basilique, refl\u00e9tant l\u2019\u00e9volution architecturale au fil des si\u00e8cles.<\/p><h2 data-start=\"2257\" data-end=\"2307\"><span style=\"font-size: 18pt;\">Sites touristiques incontournables dans l\u2019Aisne<\/span><\/h2><p data-start=\"2309\" data-end=\"2437\">Le d\u00e9partement de l\u2019Aisne abrite de nombreux sites touristiques qui raviront les passionn\u00e9s d\u2019histoire, de culture et de nature.<\/p><h3 data-start=\"2439\" data-end=\"2466\">Le Familist\u00e8re de Guise<\/h3><p data-start=\"2468\" data-end=\"2865\">Fond\u00e9 au XIX\u1d49 si\u00e8cle par l\u2019industriel Jean-Baptiste Andr\u00e9 Godin, le <strong data-start=\"2536\" data-end=\"2560\">Familist\u00e8re de Guise<\/strong> est un exemple unique d\u2019utopie sociale r\u00e9alis\u00e9e. Ce \u201cpalais social\u201d visait \u00e0 offrir aux ouvriers des conditions de vie dignes, avec des logements salubres, des \u00e9coles et des \u00e9quipements culturels. Aujourd\u2019hui, le site se visite et propose des expositions retra\u00e7ant cette aventure humaine et industrielle.<\/p><h3 data-start=\"2867\" data-end=\"2906\">Les \u00e9glises fortifi\u00e9es de Thi\u00e9rache<\/h3><p data-start=\"2908\" data-end=\"3352\">La r\u00e9gion de la Thi\u00e9rache est parsem\u00e9e d\u2019\u00e9glises fortifi\u00e9es, construites entre le XVI\u1d49 et le XVII\u1d49 si\u00e8cle pour prot\u00e9ger les habitants des invasions. Ces \u00e9difices, m\u00ealant architecture religieuse et militaire, sont caract\u00e9ristiques par leurs tours massives et leurs murs \u00e9pais. Parmi les plus remarquables, l\u2019\u00e9glise de Parfondeval, class\u00e9e parmi les \u201cPlus Beaux Villages de France\u201d, offre un t\u00e9moignage saisissant de cette architecture d\u00e9fensive.<\/p><h3 data-start=\"3354\" data-end=\"3377\">Le Chemin des Dames<\/h3><p data-start=\"3379\" data-end=\"3694\">Lieu embl\u00e9matique de la Premi\u00e8re Guerre mondiale, le <strong data-start=\"3432\" data-end=\"3452\">Chemin des Dames<\/strong> est un plateau qui fut le th\u00e9\u00e2tre de batailles sanglantes. Aujourd\u2019hui, plusieurs m\u00e9moriaux et mus\u00e9es, tels que la Caverne du Dragon, rendent hommage aux soldats tomb\u00e9s et permettent de comprendre l\u2019ampleur des combats qui s\u2019y sont d\u00e9roul\u00e9s.<\/p><h3 data-start=\"3696\" data-end=\"3719\">Le ch\u00e2teau de Coucy<\/h3><p data-start=\"3721\" data-end=\"4103\">Construit au XIII\u1d49 si\u00e8cle, le <strong data-start=\"3751\" data-end=\"3771\">ch\u00e2teau de Coucy<\/strong> \u00e9tait l\u2019une des plus imposantes forteresses m\u00e9di\u00e9vales d\u2019Europe. Bien que partiellement d\u00e9truit pendant la Premi\u00e8re Guerre mondiale, le site conserve des vestiges impressionnants, t\u00e9moignant de sa grandeur pass\u00e9e. Les visiteurs peuvent y admirer les remparts, les tours et profiter d\u2019une vue panoramique sur la vall\u00e9e environnante.<\/p><h3 data-start=\"4105\" data-end=\"4141\">La cath\u00e9drale Notre-Dame de Laon<\/h3><p data-start=\"4143\" data-end=\"4465\">\u00c9difi\u00e9e au XII\u1d49 si\u00e8cle, la <strong data-start=\"4170\" data-end=\"4203\">cath\u00e9drale Notre-Dame de Laon<\/strong> est un joyau de l\u2019architecture gothique. Ses cinq tours majestueuses et sa fa\u00e7ade orn\u00e9e de sculptures d\u00e9taill\u00e9es en font un monument incontournable. L\u2019int\u00e9rieur, avec ses vo\u00fbtes \u00e9lanc\u00e9es et ses vitraux color\u00e9s, t\u00e9moigne du savoir-faire des artisans de l\u2019\u00e9poque.<\/p><h2 data-start=\"0\" data-end=\"63\"><span style=\"font-size: 18pt;\"><strong data-start=\"4\" data-end=\"61\">L\u2019Aisne Nouvelle : Un Quotidien d\u2019Actualit\u00e9 R\u00e9gionale<\/strong><\/span><\/h2><p data-start=\"65\" data-end=\"620\"><strong data-start=\"65\" data-end=\"85\">L\u2019Aisne Nouvelle<\/strong> est un <strong data-start=\"93\" data-end=\"119\">journal local fran\u00e7ais<\/strong> qui couvre l\u2019actualit\u00e9 du d\u00e9partement de l\u2019Aisne, en r\u00e9gion Hauts-de-France. Fond\u00e9 en 1944, il s\u2019impose comme un m\u00e9dia de r\u00e9f\u00e9rence pour les habitants du d\u00e9partement, leur offrant une couverture compl\u00e8te de l\u2019actualit\u00e9 politique, \u00e9conomique, sociale et culturelle. Gr\u00e2ce \u00e0 ses <strong data-start=\"397\" data-end=\"418\">rubriques vari\u00e9es<\/strong>, il informe quotidiennement sur les \u00e9v\u00e9nements locaux, les faits divers, les initiatives citoyennes et les enjeux r\u00e9gionaux, renfor\u00e7ant ainsi le lien entre les communaut\u00e9s locales et leur territoire.<\/p><p data-start=\"622\" data-end=\"1076\">En plus de son \u00e9dition papier, <strong data-start=\"653\" data-end=\"673\">L\u2019Aisne Nouvelle<\/strong> a d\u00e9velopp\u00e9 une <strong data-start=\"690\" data-end=\"718\">pr\u00e9sence num\u00e9rique forte<\/strong>, permettant aux lecteurs d\u2019acc\u00e9der aux informations en temps r\u00e9el via son site internet et ses r\u00e9seaux sociaux. Ce passage au num\u00e9rique a permis d\u2019\u00e9largir son lectorat et de toucher un public plus jeune, habitu\u00e9 \u00e0 consommer l\u2019actualit\u00e9 en ligne. Le journal propose \u00e9galement des abonnements, avec des contenus exclusifs pour ses lecteurs les plus fid\u00e8les.<\/p><p data-start=\"1078\" data-end=\"1524\">Gr\u00e2ce \u00e0 son <strong data-start=\"1090\" data-end=\"1107\">ancrage local<\/strong>, L\u2019Aisne Nouvelle joue un r\u00f4le essentiel dans la vie du d\u00e9partement. Il couvre notamment les \u00e9lections locales, les \u00e9v\u00e9nements sportifs et culturels, ainsi que les initiatives \u00e9conomiques qui dynamisent la r\u00e9gion. En mettant en avant les acteurs locaux et les transformations du territoire, il contribue \u00e0 valoriser le dynamisme de l\u2019Aisne et \u00e0 informer les citoyens sur les d\u00e9cisions qui impactent leur quotidien.<\/p><h2 data-start=\"1531\" data-end=\"1600\"><span style=\"font-size: 18pt;\"><strong data-start=\"1535\" data-end=\"1598\">Sous-Pr\u00e9fecture de l\u2019Aisne : Un R\u00f4le Administratif Cl\u00e9<\/strong><\/span><\/h2><p data-start=\"1602\" data-end=\"2091\">Le d\u00e9partement de l\u2019Aisne compte trois <strong data-start=\"1641\" data-end=\"1661\">sous-pr\u00e9fectures<\/strong>, situ\u00e9es \u00e0 <strong data-start=\"1673\" data-end=\"1711\">Saint-Quentin, Soissons et Vervins<\/strong>. Ces <strong data-start=\"1717\" data-end=\"1750\">administrations d\u00e9concentr\u00e9es<\/strong> de l\u2019\u00c9tat ont pour mission d\u2019assurer la liaison entre la pr\u00e9fecture de Laon et les communes de leur arrondissement. Elles jouent un r\u00f4le crucial dans la mise en \u0153uvre des politiques publiques, la gestion des services de l\u2019\u00c9tat et le suivi des projets locaux, garantissant ainsi un fonctionnement efficace de l\u2019administration territoriale.<\/p><h3 data-start=\"1602\" data-end=\"2091\">R\u00f4le des sous pr\u00e9fectures<\/h3><p data-start=\"2093\" data-end=\"2628\">Les <strong data-start=\"2097\" data-end=\"2117\">sous-pr\u00e9fectures<\/strong> facilitent les d\u00e9marches administratives des citoyens et des entreprises, notamment pour les cartes grises, les autorisations d\u2019urbanisme, les associations et les d\u00e9clarations officielles. Elles interviennent \u00e9galement dans la gestion des crises locales et assurent la repr\u00e9sentation de l\u2019\u00c9tat lors des \u00e9v\u00e9nements importants. Ainsi, elles sont essentielles pour assurer un <strong data-start=\"2491\" data-end=\"2516\">\u00e9quilibre territorial<\/strong>, en apportant aux habitants des services de proximit\u00e9 et un accompagnement dans leurs d\u00e9marches quotidiennes.<\/p><h2 data-start=\"4467\" data-end=\"4508\"><span style=\"font-size: 18pt;\">La r\u00e9gion et les d\u00e9partements alentour<\/span><\/h2><p data-start=\"4510\" data-end=\"5210\">Entour\u00e9 par plusieurs d\u00e9partements, l\u2019Aisne <a href=\"https:\/\/aisne.com\/\" target=\"_blank\" rel=\"noopener\">b\u00e9n\u00e9ficie d\u2019une position privil\u00e9gi\u00e9e<\/a> pour explorer les richesses des Hauts-de-France et des r\u00e9gions voisines. \u00c0 l\u2019ouest, l\u2019<strong data-start=\"4677\" data-end=\"4685\">Oise<\/strong> offre des tr\u00e9sors tels que le ch\u00e2teau de Chantilly et la for\u00eat de Compi\u00e8gne. Au nord, le <strong data-start=\"4775\" data-end=\"4783\">Nord<\/strong> et la <strong data-start=\"4790\" data-end=\"4799\">Somme<\/strong> proposent des sites historiques majeurs, comme les champs de bataille de la Somme et la ville de Lille, r\u00e9put\u00e9e pour son dynamisme culturel. \u00c0 l\u2019est, les <a href=\"https:\/\/cparici.com\/fr\/ardennes-departement\/\"><strong data-start=\"4954\" data-end=\"4966\">Ardennes<\/strong><\/a> et la <strong data-start=\"4973\" data-end=\"4982\">Marne<\/strong> d\u00e9voilent des paysages vallonn\u00e9s et des vignobles prestigieux, notamment ceux de la Champagne. Enfin, au sud, la <strong data-start=\"5096\" data-end=\"5114\">Seine-et-Marne<\/strong> est le berceau de sites embl\u00e9matiques tels que le ch\u00e2teau de Fontainebleau et Disneyland Paris.<\/p><\/div><\/div><\/div><\/div><\/div><\/div><\/div><\/div><\/article><article class=\"w-full text-token-text-primary focus-visible:outline-2 focus-visible:outline-offset-[-4px]\" dir=\"auto\" data-testid=\"conversation-turn-7\" data-scroll-anchor=\"false\"><div class=\"m-auto text-base py-[18px] px-6\"><div class=\"mx-auto flex flex-1 text-base gap-4 md:gap-5 lg:gap-6 md:max-w-3xl lg:max-w-[40rem] xl:max-w-[48rem]\"><div class=\"group\/conversation-turn relative flex w-full min-w-0 flex-col agent-turn @xs\/thread:px-0 @sm\/thread:px-1.5 @md\/thread:px-4\"><div class=\"flex-col gap-1 md:gap-3\"><div class=\"flex max-w-full flex-col flex-grow\"><div class=\"min-h-8 text-message flex w-full flex-col items-end gap-2 whitespace-normal break-words text-start [.text-message+&]:mt-5\" dir=\"auto\" data-message-author-role=\"assistant\" data-message-id=\"cad7c201-d479-406d-a383-9c47df54b50a\" data-message-model-slug=\"gpt-4o\"><div class=\"flex w-full flex-col gap-1 empty:hidden first:pt-[3px]\"><div class=\"markdown prose w-full break-words dark:prose-invert light\"><h2 data-start=\"0\" data-end=\"40\"><span style=\"font-size: 18pt;\">Foire Aux Questions (FAQ) sur l\u2019Aisne<\/span><\/h2><h3 data-start=\"42\" data-end=\"95\"><strong data-start=\"46\" data-end=\"93\">1. O\u00f9 se trouve le d\u00e9partement de l\u2019Aisne ?<\/strong><\/h3><p data-start=\"96\" data-end=\"314\">L\u2019Aisne est un d\u00e9partement situ\u00e9 dans la r\u00e9gion des <strong data-start=\"148\" data-end=\"167\">Hauts-de-France<\/strong>, au nord de la France. Il est entour\u00e9 par les d\u00e9partements du <strong data-start=\"230\" data-end=\"313\">Nord, de la Somme, de l\u2019Oise, de la Marne, des Ardennes et de la Seine-et-Marne<\/strong>.<\/p><h3 data-start=\"316\" data-end=\"372\"><strong data-start=\"320\" data-end=\"370\">2. Quelle est la ville principale de l\u2019Aisne ?<\/strong><\/h3><p data-start=\"373\" data-end=\"598\">Le chef-lieu du d\u00e9partement est <strong data-start=\"405\" data-end=\"413\">Laon<\/strong>, une ville m\u00e9di\u00e9vale perch\u00e9e sur une colline et c\u00e9l\u00e8bre pour sa <strong data-start=\"478\" data-end=\"512\">cath\u00e9drale gothique Notre-Dame<\/strong>. D\u2019autres villes importantes incluent <strong data-start=\"551\" data-end=\"597\">Soissons, Saint-Quentin et Ch\u00e2teau-Thierry<\/strong>.<\/p><h3 data-start=\"600\" data-end=\"675\"><strong data-start=\"604\" data-end=\"673\">3. Quels sont les sites touristiques incontournables de l\u2019Aisne ?<\/strong><\/h3><p data-start=\"676\" data-end=\"747\">L\u2019Aisne regorge de sites historiques et naturels remarquables, dont :<\/p><ul data-start=\"748\" data-end=\"1106\"><li data-start=\"748\" data-end=\"826\"><strong data-start=\"750\" data-end=\"773\">Le Chemin des Dames<\/strong>, lieu embl\u00e9matique de la Premi\u00e8re Guerre mondiale.<\/li><li data-start=\"827\" data-end=\"895\"><strong data-start=\"829\" data-end=\"856\">Le Familist\u00e8re de Guise<\/strong>, un exemple unique d\u2019utopie sociale.<\/li><li data-start=\"896\" data-end=\"976\"><strong data-start=\"898\" data-end=\"937\">Les \u00e9glises fortifi\u00e9es de Thi\u00e9rache<\/strong>, v\u00e9ritables forteresses religieuses.<\/li><li data-start=\"977\" data-end=\"1048\"><strong data-start=\"979\" data-end=\"1004\">La cath\u00e9drale de Laon<\/strong>, chef-d\u2019\u0153uvre de l\u2019architecture gothique.<\/li><li data-start=\"1049\" data-end=\"1106\"><strong data-start=\"1051\" data-end=\"1074\">Le ch\u00e2teau de Coucy<\/strong>, ancienne forteresse m\u00e9di\u00e9vale.<\/li><\/ul><h3 data-start=\"1108\" data-end=\"1175\"><strong data-start=\"1112\" data-end=\"1173\">4. Quelle est la meilleure p\u00e9riode pour visiter l\u2019Aisne ?<\/strong><\/h3><p data-start=\"1176\" data-end=\"1349\">L\u2019Aisne peut \u00eatre visit\u00e9e toute l\u2019ann\u00e9e, mais les <strong data-start=\"1226\" data-end=\"1253\">mois de mai \u00e0 septembre<\/strong> sont id\u00e9aux pour profiter des paysages verdoyants, des festivals et des \u00e9v\u00e9nements historiques.<\/p><h3 data-start=\"1351\" data-end=\"1422\"><strong data-start=\"1355\" data-end=\"1420\">5. Quels sont les \u00e9v\u00e9nements culturels majeurs dans l\u2019Aisne ?<\/strong><\/h3><p data-start=\"1423\" data-end=\"1478\">Parmi les \u00e9v\u00e9nements phares de l\u2019Aisne, on retrouve :<\/p><ul data-start=\"1479\" data-end=\"1758\"><li data-start=\"1479\" data-end=\"1570\"><strong data-start=\"1481\" data-end=\"1516\">Le Festival Jean de La Fontaine<\/strong> \u00e0 Ch\u00e2teau-Thierry, en hommage au c\u00e9l\u00e8bre fabuliste.<\/li><li data-start=\"1571\" data-end=\"1668\"><strong data-start=\"1573\" data-end=\"1609\">Les Journ\u00e9es M\u00e9di\u00e9vales de Coucy<\/strong>, qui replongent les visiteurs \u00e0 l\u2019\u00e9poque des chevaliers.<\/li><li data-start=\"1669\" data-end=\"1758\"><strong data-start=\"1671\" data-end=\"1713\">Les comm\u00e9morations du Chemin des Dames<\/strong>, en m\u00e9moire des soldats de la Grande Guerre.<\/li><\/ul><h3 data-start=\"1760\" data-end=\"1827\"><strong data-start=\"1764\" data-end=\"1825\">6. Quels sont les sp\u00e9cialit\u00e9s gastronomiques de l\u2019Aisne ?<\/strong><\/h3><p data-start=\"1828\" data-end=\"1906\">Le d\u00e9partement est connu pour plusieurs sp\u00e9cialit\u00e9s culinaires, telles que :<\/p><ul data-start=\"1907\" data-end=\"2163\"><li data-start=\"1907\" data-end=\"1957\"><strong data-start=\"1909\" data-end=\"1925\">Le Maroilles<\/strong>, un fromage au go\u00fbt puissant.<\/li><li data-start=\"1958\" data-end=\"2024\"><strong data-start=\"1960\" data-end=\"1985\">Le cidre de Thi\u00e9rache<\/strong>, produit \u00e0 partir de pommes locales.<\/li><li data-start=\"2025\" data-end=\"2097\"><strong data-start=\"2027\" data-end=\"2053\">Le haricot de Soissons<\/strong>, une l\u00e9gumineuse r\u00e9put\u00e9e pour sa qualit\u00e9.<\/li><li data-start=\"2098\" data-end=\"2163\"><strong data-start=\"2100\" data-end=\"2124\">Les gaufres picardes<\/strong>, souvent garnies de sucre ou de cr\u00e8me.<\/li><\/ul><h3 data-start=\"2165\" data-end=\"2221\"><strong data-start=\"2169\" data-end=\"2219\">7. Peut-on faire des randonn\u00e9es dans l\u2019Aisne ?<\/strong><\/h3><p data-start=\"2222\" data-end=\"2292\">Oui ! L\u2019Aisne poss\u00e8de de nombreux sentiers de randonn\u00e9e, notamment :<\/p><ul data-start=\"2293\" data-end=\"2546\"><li data-start=\"2293\" data-end=\"2370\"><strong data-start=\"2295\" data-end=\"2325\">La Voie Verte de l\u2019Ailette<\/strong>, id\u00e9ale pour les balades \u00e0 pied ou \u00e0 v\u00e9lo.<\/li><li data-start=\"2371\" data-end=\"2443\"><strong data-start=\"2373\" data-end=\"2401\">Les chemins de Thi\u00e9rache<\/strong>, traversant les bocages et les vall\u00e9es.<\/li><li data-start=\"2444\" data-end=\"2546\"><strong data-start=\"2446\" data-end=\"2487\">Les for\u00eats de Retz et de Saint-Gobain<\/strong>, parfaites pour les randonneurs et les amateurs de nature.<\/li><\/ul><h3 data-start=\"2548\" data-end=\"2593\"><strong data-start=\"2552\" data-end=\"2591\">8. Comment se rendre dans l\u2019Aisne ?<\/strong><\/h3><p data-start=\"2594\" data-end=\"2655\">L\u2019Aisne est accessible par diff\u00e9rents moyens de transport :<\/p><ul data-start=\"2656\" data-end=\"2968\"><li data-start=\"2656\" data-end=\"2745\"><strong data-start=\"2658\" data-end=\"2672\">En voiture<\/strong> : via l\u2019autoroute A1 (depuis Paris) et l\u2019A26 (depuis Reims et Calais).<\/li><li data-start=\"2746\" data-end=\"2871\"><strong data-start=\"2748\" data-end=\"2760\">En train<\/strong> : des liaisons ferroviaires relient Laon, Saint-Quentin et Soissons aux grandes villes comme Paris et Lille.<\/li><li data-start=\"2872\" data-end=\"2968\"><strong data-start=\"2874\" data-end=\"2884\">En bus<\/strong> : des r\u00e9seaux r\u00e9gionaux et d\u00e9partementaux assurent le transport dans toute l\u2019Aisne.<\/li><\/ul><h3 data-start=\"2970\" data-end=\"3035\"><strong data-start=\"2974\" data-end=\"3033\">9. Quels sont les d\u00e9partements limitrophes de l\u2019Aisne ?<\/strong><\/h3><p data-start=\"3036\" data-end=\"3086\">L\u2019Aisne est entour\u00e9e de plusieurs d\u00e9partements :<\/p><ul data-start=\"3087\" data-end=\"3235\"><li data-start=\"3087\" data-end=\"3112\"><strong data-start=\"3089\" data-end=\"3100\">Le Nord<\/strong> (au nord)<\/li><li data-start=\"3113\" data-end=\"3155\"><strong data-start=\"3115\" data-end=\"3127\">La Somme<\/strong> et <strong data-start=\"3131\" data-end=\"3141\">l\u2019Oise<\/strong> (\u00e0 l\u2019ouest)<\/li><li data-start=\"3156\" data-end=\"3202\"><strong data-start=\"3158\" data-end=\"3174\">Les Ardennes<\/strong> et <strong data-start=\"3178\" data-end=\"3190\">la Marne<\/strong> (\u00e0 l\u2019est)<\/li><li data-start=\"3203\" data-end=\"3235\"><strong data-start=\"3205\" data-end=\"3226\">La Seine-et-Marne<\/strong> (au sud)<\/li><\/ul><h3 data-start=\"3237\" data-end=\"3297\"><strong data-start=\"3241\" data-end=\"3295\">10. Y a-t-il des ch\u00e2teaux \u00e0 visiter dans l\u2019Aisne ?<\/strong><\/h3><p data-start=\"3298\" data-end=\"3371\">Oui, plusieurs ch\u00e2teaux historiques sont ouverts au public, notamment :<\/p><ul data-start=\"3372\" data-end=\"3667\"><li data-start=\"3372\" data-end=\"3443\"><strong data-start=\"3374\" data-end=\"3397\">Le ch\u00e2teau de Coucy<\/strong>, vestige d\u2019une grande forteresse m\u00e9di\u00e9vale.<\/li><li data-start=\"3444\" data-end=\"3514\"><strong data-start=\"3446\" data-end=\"3469\">Le ch\u00e2teau de Cond\u00e9<\/strong>, connu pour ses fresques du XVIIIe si\u00e8cle.<\/li><li data-start=\"3515\" data-end=\"3586\"><strong data-start=\"3517\" data-end=\"3552\">Le ch\u00e2teau de F\u00e8re-en-Tardenois<\/strong>, un \u00e9difice m\u00e9di\u00e9val en ruines.<\/li><li data-start=\"3587\" data-end=\"3667\"><strong data-start=\"3589\" data-end=\"3620\">Le ch\u00e2teau de Vic-sur-Aisne<\/strong>, qui offre une plong\u00e9e dans l\u2019histoire royale.<\/li><\/ul><h3 data-start=\"2635\" data-end=\"2669\"><strong data-start=\"2639\" data-end=\"2667\">Que Faire dans l\u2019Aisne ?<\/strong><\/h3><p data-start=\"2671\" data-end=\"3097\">L\u2019Aisne est un d\u00e9partement riche en <strong data-start=\"2707\" data-end=\"2743\">patrimoine historique et naturel<\/strong>, offrant de nombreuses activit\u00e9s pour les visiteurs. Parmi les incontournables, la <strong data-start=\"2827\" data-end=\"2853\">Cit\u00e9 m\u00e9di\u00e9vale de Laon<\/strong>, avec sa majestueuse cath\u00e9drale gothique, est un passage oblig\u00e9 pour les amateurs d\u2019architecture et d\u2019histoire. De m\u00eame, le <strong data-start=\"2978\" data-end=\"2998\">Chemin des Dames<\/strong>, marqu\u00e9 par les batailles de la Premi\u00e8re Guerre mondiale, constitue un lieu de m\u00e9moire \u00e9mouvant.<\/p><p data-start=\"3099\" data-end=\"3609\" data-is-last-node=\"\" data-is-only-node=\"\">Pour les amateurs de nature, le d\u00e9partement propose des randonn\u00e9es dans les <strong data-start=\"3175\" data-end=\"3212\">for\u00eats de Retz et de Saint-Gobain<\/strong>, ainsi que des balades le long de la vall\u00e9e de l\u2019Oise. Les gourmets appr\u00e9cieront \u00e9galement la gastronomie locale, avec des sp\u00e9cialit\u00e9s comme le <strong data-start=\"3357\" data-end=\"3370\">Maroilles<\/strong>, les ficelles picardes et les produits du terroir. Enfin, les \u00e9v\u00e9nements culturels et festivals, notamment \u00e0 <strong data-start=\"3480\" data-end=\"3509\">Saint-Quentin et Soissons<\/strong>, animent la r\u00e9gion tout au long de l\u2019ann\u00e9e, offrant des exp\u00e9riences authentiques et enrichissantes.<\/p><\/div><\/div><\/div><\/div><\/div><\/div><\/div><\/div><\/article>\t\t\t\t\t\t\t\t<\/div>\n\t\t\t\t\t<\/div>\n\t\t\t\t<\/div>\n\t\t<aside class=\"elementor-element elementor-element-56cc1ebd e-flex e-con-boxed e-con e-parent\" data-id=\"56cc1ebd\" data-element_type=\"container\" data-e-type=\"container\">\n\t\t\t\t\t<div class=\"e-con-inner\">\n\t\t\t\t<div class=\"elementor-element elementor-element-365345ae elementor-widget elementor-widget-listeo-posts-grid\" data-id=\"365345ae\" data-element_type=\"widget\" data-e-type=\"widget\" data-widget_type=\"listeo-posts-grid.default\">\n\t\t\t\t<div class=\"elementor-widget-container\">\n\t\t\t\t\t\t\t\n\t\t<div class=\"listeo-post-grid-wrapper\">\n\t\t\t<div class=\"row\">\n\n\t\t\t\n\n\t\t\t\t\t\t\t<div class=\"col-md-4\">\n                <a href=\"https:\/\/cparici.com\/fr\/meurthe-et-moselle-guide\/\" class=\"blog-compact-item-container\">\n                    <div class=\"blog-compact-item\">\n                        <img decoding=\"async\" width=\"577\" height=\"204\" src=\"https:\/\/cparici.com\/wp-content\/uploads\/2024\/08\/meurthe-et-moselle-departement-ville-de-Nancy.jpg\" class=\"attachment-listeo-blog-related-post size-listeo-blog-related-post wp-post-image\" alt=\"meurthe et moselle d\u00e9partement - ville de Nancy\" srcset=\"https:\/\/cparici.com\/wp-content\/uploads\/2024\/08\/meurthe-et-moselle-departement-ville-de-Nancy.jpg 1500w, https:\/\/cparici.com\/wp-content\/uploads\/2024\/08\/meurthe-et-moselle-departement-ville-de-Nancy-600x212.jpg 600w, https:\/\/cparici.com\/wp-content\/uploads\/2024\/08\/meurthe-et-moselle-departement-ville-de-Nancy-300x106.jpg 300w, https:\/\/cparici.com\/wp-content\/uploads\/2024\/08\/meurthe-et-moselle-departement-ville-de-Nancy-1024x362.jpg 1024w, https:\/\/cparici.com\/wp-content\/uploads\/2024\/08\/meurthe-et-moselle-departement-ville-de-Nancy-768x271.jpg 768w\" sizes=\"(max-width: 577px) 100vw, 577px\" \/><span class=\"blog-item-tag\">D\u00e9partement de France<\/span>                        \n                        <div class=\"blog-compact-item-content\">\n                                                        <h3>Meurthe et moselle, guide d\u00e9couverte et sites essentiels<\/h3>\n                                                        <p>D\u00e9couvrez la Meurthe et Moselle, un d\u00e9partement riche en patrimoine, nature et gastronomie. Suivez notre...                            <\/p>\n                                                    <\/div>\n                    <\/div>\n                <\/a>\n            <\/div>\n\t\t\t<div class=\"col-md-4\">\n                <a href=\"https:\/\/cparici.com\/fr\/haut-koenigsbourg-guide-ultime-pour-le-chateau\/\" class=\"blog-compact-item-container\">\n                    <div class=\"blog-compact-item\">\n                        <img decoding=\"async\" width=\"577\" height=\"204\" src=\"https:\/\/cparici.com\/wp-content\/uploads\/2025\/03\/cparici-17-577x204.jpg\" class=\"attachment-listeo-blog-related-post size-listeo-blog-related-post wp-post-image\" alt=\"Haut Koenigsbourg chateau et remparts\" srcset=\"https:\/\/cparici.com\/wp-content\/uploads\/2025\/03\/cparici-17-577x204.jpg 577w, https:\/\/cparici.com\/wp-content\/uploads\/2025\/03\/cparici-17-300x106.jpg 300w, https:\/\/cparici.com\/wp-content\/uploads\/2025\/03\/cparici-17-1024x362.jpg 1024w, https:\/\/cparici.com\/wp-content\/uploads\/2025\/03\/cparici-17-768x271.jpg 768w, https:\/\/cparici.com\/wp-content\/uploads\/2025\/03\/cparici-17-18x6.jpg 18w, https:\/\/cparici.com\/wp-content\/uploads\/2025\/03\/cparici-17-590x208.jpg 590w, https:\/\/cparici.com\/wp-content\/uploads\/2025\/03\/cparici-17-1200x424.jpg 1200w, https:\/\/cparici.com\/wp-content\/uploads\/2025\/03\/cparici-17-600x212.jpg 600w, https:\/\/cparici.com\/wp-content\/uploads\/2025\/03\/cparici-17.jpg 1500w\" sizes=\"(max-width: 577px) 100vw, 577px\" \/><span class=\"blog-item-tag\">Bas Rhin<\/span>                        \n                        <div class=\"blog-compact-item-content\">\n                                                        <h3>Haut Koenigsbourg : guide ultime pour le ch\u00e2teau<\/h3>\n                                                        <p>Recherches populaires Categories Pas de r\u00e9sultats Voir tous les r\u00e9sultats Ch\u00e2teau du Haut Koenigsbourg Perch\u00e9...                            <\/p>\n                                                    <\/div>\n                    <\/div>\n                <\/a>\n            <\/div>\n\t\t\t<div class=\"col-md-4\">\n                <a href=\"https:\/\/cparici.com\/fr\/aube-departement\/\" class=\"blog-compact-item-container\">\n                    <div class=\"blog-compact-item\">\n                        <img decoding=\"async\" width=\"577\" height=\"204\" src=\"https:\/\/cparici.com\/wp-content\/uploads\/2024\/07\/aube-departement.jpg\" class=\"attachment-listeo-blog-related-post size-listeo-blog-related-post wp-post-image\" alt=\"aube d\u00e9partement\" srcset=\"https:\/\/cparici.com\/wp-content\/uploads\/2024\/07\/aube-departement.jpg 1500w, https:\/\/cparici.com\/wp-content\/uploads\/2024\/07\/aube-departement-600x212.jpg 600w, https:\/\/cparici.com\/wp-content\/uploads\/2024\/07\/aube-departement-300x106.jpg 300w, https:\/\/cparici.com\/wp-content\/uploads\/2024\/07\/aube-departement-1024x362.jpg 1024w, https:\/\/cparici.com\/wp-content\/uploads\/2024\/07\/aube-departement-768x271.jpg 768w\" sizes=\"(max-width: 577px) 100vw, 577px\" \/><span class=\"blog-item-tag\">Aube (d\u00e9partement)<\/span>                        \n                        <div class=\"blog-compact-item-content\">\n                                                        <h3>Aube \u2013 guide pour d\u00e9couvrir le d\u00e9partement<\/h3>\n                                                        <p>Envie de visiter le d\u00e9partement de l'Aube ? Nous vous avons pr\u00e9par\u00e9 un guide des...                            <\/p>\n                                                    <\/div>\n                    <\/div>\n                <\/a>\n            <\/div>\n  <\/div>\n        <\/div>\n        \t\t\t\t<\/div>\n\t\t\t\t<\/div>\n\t\t\t\t\t<\/div>\n\t\t\t\t<\/aside>\n\t\t\t\t<\/div>\n\t\t","protected":false},"excerpt":{"rendered":"<p>Recherches populaires Categories Pas de r\u00e9sultats Voir tous les r\u00e9sultats L\u2019Aisne Situ\u00e9 dans la r\u00e9gion des Hauts-de-France, le d\u00e9partement de l\u2019Aisne est un territoire riche en histoire, en culture et en paysages diversifi\u00e9s. De ses villes embl\u00e9matiques \u00e0 ses sites touristiques incontournables, en passant par ses paysages pittoresques, l\u2019Aisne offre une multitude de d\u00e9couvertes pour [&hellip;]<\/p>\n","protected":false},"author":97,"featured_media":58076,"comment_status":"closed","ping_status":"closed","sticky":false,"template":"","format":"standard","meta":{"ngg_post_thumbnail":0,"footnotes":""},"categories":[1492,2563,477,1169],"tags":[],"class_list":["post-58075","post","type-post","status-publish","format-standard","has-post-thumbnail","hentry","category-aisne","category-departement-de-france","category-france","category-hauts-de-france"],"_links":{"self":[{"href":"https:\/\/cparici.com\/fr\/wp-json\/wp\/v2\/posts\/58075","targetHints":{"allow":["GET"]}}],"collection":[{"href":"https:\/\/cparici.com\/fr\/wp-json\/wp\/v2\/posts"}],"about":[{"href":"https:\/\/cparici.com\/fr\/wp-json\/wp\/v2\/types\/post"}],"author":[{"embeddable":true,"href":"https:\/\/cparici.com\/fr\/wp-json\/wp\/v2\/users\/97"}],"replies":[{"embeddable":true,"href":"https:\/\/cparici.com\/fr\/wp-json\/wp\/v2\/comments?post=58075"}],"version-history":[{"count":0,"href":"https:\/\/cparici.com\/fr\/wp-json\/wp\/v2\/posts\/58075\/revisions"}],"wp:featuredmedia":[{"embeddable":true,"href":"https:\/\/cparici.com\/fr\/wp-json\/wp\/v2\/media\/58076"}],"wp:attachment":[{"href":"https:\/\/cparici.com\/fr\/wp-json\/wp\/v2\/media?parent=58075"}],"wp:term":[{"taxonomy":"category","embeddable":true,"href":"https:\/\/cparici.com\/fr\/wp-json\/wp\/v2\/categories?post=58075"},{"taxonomy":"post_tag","embeddable":true,"href":"https:\/\/cparici.com\/fr\/wp-json\/wp\/v2\/tags?post=58075"}],"curies":[{"name":"wp","href":"https:\/\/api.w.org\/{rel}","templated":true}]}}