{"id":58112,"date":"2025-02-22T10:45:33","date_gmt":"2025-02-22T09:45:33","guid":{"rendered":"https:\/\/cparici.com\/?p=58112"},"modified":"2025-05-02T13:50:09","modified_gmt":"2025-05-02T11:50:09","slug":"aveyron","status":"publish","type":"post","link":"https:\/\/cparici.com\/fr\/aveyron\/","title":{"rendered":"L&#8217;Aveyron"},"content":{"rendered":"\t\t<div data-elementor-type=\"wp-post\" data-elementor-id=\"58112\" class=\"elementor elementor-58112\" data-elementor-post-type=\"post\">\n\t\t\t\t<div class=\"elementor-element elementor-element-8a25a12 e-con-full e-flex e-con e-parent\" data-id=\"8a25a12\" data-element_type=\"container\" data-e-type=\"container\">\n\t\t\t\t<div class=\"elementor-element elementor-element-485d3e0 elementor-widget elementor-widget-image\" data-id=\"485d3e0\" data-element_type=\"widget\" data-e-type=\"widget\" data-widget_type=\"image.default\">\n\t\t\t\t\t\t\t\t\t\t\t\t\t\t\t<img decoding=\"async\" width=\"1500\" height=\"530\" src=\"https:\/\/cparici.com\/wp-content\/uploads\/2025\/02\/cparici-2025-02-22T103654.478.jpg\" class=\"attachment-full size-full wp-image-58117\" alt=\"Aveyron d\u00e9partement\" srcset=\"https:\/\/cparici.com\/wp-content\/uploads\/2025\/02\/cparici-2025-02-22T103654.478.jpg 1500w, https:\/\/cparici.com\/wp-content\/uploads\/2025\/02\/cparici-2025-02-22T103654.478-300x106.jpg 300w, https:\/\/cparici.com\/wp-content\/uploads\/2025\/02\/cparici-2025-02-22T103654.478-1024x362.jpg 1024w, https:\/\/cparici.com\/wp-content\/uploads\/2025\/02\/cparici-2025-02-22T103654.478-768x271.jpg 768w, https:\/\/cparici.com\/wp-content\/uploads\/2025\/02\/cparici-2025-02-22T103654.478-590x208.jpg 590w, https:\/\/cparici.com\/wp-content\/uploads\/2025\/02\/cparici-2025-02-22T103654.478-1200x424.jpg 1200w, https:\/\/cparici.com\/wp-content\/uploads\/2025\/02\/cparici-2025-02-22T103654.478-577x204.jpg 577w, https:\/\/cparici.com\/wp-content\/uploads\/2025\/02\/cparici-2025-02-22T103654.478-600x212.jpg 600w\" sizes=\"(max-width: 1500px) 100vw, 1500px\" \/>\t\t\t\t\t\t\t\t\t\t\t\t\t\t\t<\/div>\n\t\t\t\t<\/div>\n\t\t<div class=\"elementor-element elementor-element-728bc3a e-flex e-con-boxed e-con e-parent\" data-id=\"728bc3a\" data-element_type=\"container\" data-e-type=\"container\">\n\t\t\t\t\t<div class=\"e-con-inner\">\n\t\t\t\t<div class=\"elementor-element elementor-element-85aa161 elementor-widget elementor-widget-global elementor-global-62046 elementor-widget-eael-advanced-search\" data-id=\"85aa161\" data-element_type=\"widget\" data-e-type=\"widget\" data-widget_type=\"eael-advanced-search.default\">\n\t\t\t\t\t        <div class=\"eael-adv-search-wrapper\">\n            <div id=\"eael-advanced-search-widget-85aa161\" class=\"eael-advanced-search-widget\">\n                <form data-settings=\"{&quot;post_per_page&quot;:5,&quot;search_among_taxonomies&quot;:&quot;&quot;,&quot;search_among_sku&quot;:&quot;no&quot;,&quot;show_popular_keyword&quot;:0,&quot;show_category&quot;:0,&quot;show_content_image&quot;:1,&quot;show_search_result_all_results&quot;:0,&quot;result_on_new_tab&quot;:&quot;no&quot;,&quot;show_product_price&quot;:&quot;no&quot;,&quot;include_current_page&quot;:&quot;no&quot;,&quot;orderby&quot;:&quot;default&quot;,&quot;order&quot;:&quot;DESC&quot;,&quot;current_post_id&quot;:58112,&quot;post_type&quot;:[&quot;post&quot;,&quot;listing&quot;]}\" method=\"POST\" name=\"eael-advanced-search-form-85aa161\" class=\"eael-advanced-search-form eael-advanced-search-form-style-2\">\n                    <div class=\"eael-advanced-search-wrap\">\n                        <span class=\"eael-adv-search-loader\"><\/span>\n                        <span class=\"eael-adv-search-close\"><i class=\"fas fa-times\"><\/i><\/span>\n                        <span class=\"icon \"><i class=\"fas fa-search\"><\/i><\/span>\n\n                        <input type=\"text\"\n                               placeholder=\"Votre destination\"\n                               class=\"eael-advanced-search\" autocomplete=\"off\" name=\"eael_advanced_search\">\n                    <\/div>\n\t\t\t\t\t                                    <\/form>\n\n\t\t\t\t\n\t\t\t\t        <div class=\"eael-advanced-search-result\">\n            <div class=\"eael-advanced-search-popular-keyword\">\n\t\t\t\t<h4 class=\"eael-advanced-search-popular-keyword-text\">Recherches populaires<\/h4>                <div class=\"eael-popular-keyword-content\"><\/div>\n            <\/div>\n            <div class=\"eael-advanced-search-category\">\n\t\t\t\t<h4 class=\"eael-advanced-search-category-text\">Categories<\/h4>                <div class=\"eael-popular-category-content\"><\/div>\n            <\/div>\n\t\t\t<div class=\"eael-advanced-search-total-results-section\">\n\t\t\t\t\t\t\t<\/div>\n            <div class=\"eael-advanced-search-content eael-item-style-3\">\n            <\/div>\n            <div class=\"eael-advanced-search-not-found\">\n                <p>Pas de r\u00e9sultats<\/p><\/div>\n            <div class=\"eael-advanced-search-load-more\">\n\t\t\t\t<a \tclass=\"eael-advanced-search-load-more-button\"\n                \thref=\"#\">Voir tous les r\u00e9sultats<\/a>\n            <\/div>\n        <\/div>\n\n\t\t            <\/div>\n        <\/div>\n\n\t\t\t\t\t\t<\/div>\n\t\t\t\t\t<\/div>\n\t\t\t\t<\/div>\n\t\t<div class=\"elementor-element elementor-element-7cc5b525 e-flex e-con-boxed e-con e-parent\" data-id=\"7cc5b525\" data-element_type=\"container\" data-e-type=\"container\">\n\t\t\t\t\t<div class=\"e-con-inner\">\n\t\t\t\t<div class=\"elementor-element elementor-element-278e5e14 elementor-widget elementor-widget-text-editor\" data-id=\"278e5e14\" data-element_type=\"widget\" data-e-type=\"widget\" data-widget_type=\"text-editor.default\">\n\t\t\t\t\t\t\t\t\t<h1 style=\"text-align: center;\" data-start=\"40\" data-end=\"332\"><span style=\"font-size: 18pt;\">L\u2019<strong data-start=\"46\" data-end=\"69\">Aveyron<\/strong><\/span><\/h1><p data-start=\"40\" data-end=\"332\"><strong>L\u2019Aveyron <\/strong>est une destination riche en histoire, en paysages diversifi\u00e9s et en patrimoine culturel. Situ\u00e9 dans la r\u00e9gion <a href=\"https:\/\/cparici.com\/fr\/occitanie\/\">Occitanie<\/a>, au sud-ouest de la France, ce d\u00e9partement offre une multitude de sites touristiques incontournables et de villages pittoresques \u00e0 d\u00e9couvrir.<\/p><h2 data-start=\"334\" data-end=\"362\"><span style=\"font-size: 18pt;\">Pr\u00e9sentation de l\u2019Aveyron<\/span><\/h2><p data-start=\"364\" data-end=\"733\">L\u2019Aveyron, portant le <a href=\"https:\/\/cparici.com\/departements-francais-carte-de-france\/\">num\u00e9ro d\u00e9partemental 12<\/a>, est l\u2019un des plus vastes d\u00e9partements de France m\u00e9tropolitaine, avec une superficie de 8 735 km\u00b2. Il doit son nom \u00e0 la rivi\u00e8re Aveyron qui le traverse. Les habitants de l\u2019Aveyron sont appel\u00e9s les Aveyronnais et les Aveyronnaises. Le chef-lieu du d\u00e9partement est Rodez, une ville riche en patrimoine historique et culturel.<\/p><h3 data-start=\"735\" data-end=\"766\">Les d\u00e9partements limitrophes<\/h3><p data-start=\"768\" data-end=\"879\">L\u2019Aveyron est entour\u00e9 par plusieurs d\u00e9partements, chacun offrant des caract\u00e9ristiques et des attraits uniques :<\/p><ul data-start=\"881\" data-end=\"1504\"><li data-start=\"881\" data-end=\"973\"><strong data-start=\"883\" data-end=\"893\">Le Lot<\/strong> : au nord-ouest, connu pour ses paysages vallonn\u00e9s et ses sites pr\u00e9historiques.<\/li><li data-start=\"974\" data-end=\"1043\"><strong data-start=\"976\" data-end=\"989\">Le Cantal<\/strong> : au nord, r\u00e9put\u00e9 pour ses montagnes et ses fromages.<\/li><li data-start=\"1044\" data-end=\"1147\"><strong data-start=\"1046\" data-end=\"1059\">La Loz\u00e8re<\/strong> : \u00e0 l\u2019est, offrant des paysages naturels pr\u00e9serv\u00e9s et une faible densit\u00e9 de population.<\/li><li data-start=\"1148\" data-end=\"1238\"><a href=\"https:\/\/cparici.com\/fr\/gard-departement\/\"><strong data-start=\"1150\" data-end=\"1161\">Le Gard<\/strong><\/a> : au sud-est, c\u00e9l\u00e8bre pour ses vestiges romains et son climat m\u00e9diterran\u00e9en.<\/li><li data-start=\"1239\" data-end=\"1308\"><a href=\"https:\/\/cparici.com\/fr\/herault\/\"><strong data-start=\"1241\" data-end=\"1254\">L\u2019H\u00e9rault<\/strong> <\/a>: au sud, avec ses plages et son patrimoine viticole.<\/li><li data-start=\"1309\" data-end=\"1405\"><strong data-start=\"1311\" data-end=\"1322\">Le Tarn<\/strong> : au sud-ouest, offrant une riche histoire m\u00e9di\u00e9vale et des bastides pittoresques.<\/li><li data-start=\"1406\" data-end=\"1504\"><strong data-start=\"1408\" data-end=\"1430\">Le Tarn-et-Garonne<\/strong> : \u00e0 l\u2019ouest, connu pour ses paysages agricoles et ses villages charmants.<\/li><\/ul><h2 data-start=\"1506\" data-end=\"1544\"><span style=\"font-size: 18pt;\">Les paysages et villes de l\u2019Aveyron<\/span><\/h2><p data-start=\"1546\" data-end=\"1662\">L\u2019Aveyron se distingue par une grande vari\u00e9t\u00e9 de paysages, allant des plateaux volcaniques aux vall\u00e9es verdoyantes :<\/p><ul data-start=\"1664\" data-end=\"2253\"><li data-start=\"1664\" data-end=\"1824\"><strong data-start=\"1666\" data-end=\"1692\">Le plateau de l\u2019Aubrac<\/strong> : situ\u00e9 au nord du d\u00e9partement, ce vaste plateau volcanique offre des paysages de p\u00e2turages et de for\u00eats, id\u00e9als pour la randonn\u00e9e.<\/li><li data-start=\"1825\" data-end=\"1981\"><strong data-start=\"1827\" data-end=\"1849\">Les gorges du Tarn<\/strong> : \u00e0 l\u2019est, ces gorges profondes offrent des panoramas spectaculaires et sont propices aux activit\u00e9s nautiques comme le cano\u00eb-kayak.<\/li><li data-start=\"1982\" data-end=\"2117\"><strong data-start=\"1984\" data-end=\"1998\">Le L\u00e9v\u00e9zou<\/strong> : cette r\u00e9gion centrale est parsem\u00e9e de lacs artificiels, parfaits pour la baignade, la p\u00eache et les sports nautiques.<\/li><li data-start=\"2118\" data-end=\"2253\"><strong data-start=\"2120\" data-end=\"2142\">Les Grands Causses<\/strong> : ces plateaux calcaires offrent des paysages arides et sauvages, abritant une faune et une flore sp\u00e9cifiques.<\/li><\/ul><p data-start=\"2255\" data-end=\"2300\">Parmi les villes embl\u00e9matiques de l\u2019Aveyron :<\/p><ul data-start=\"2302\" data-end=\"2789\"><li data-start=\"2302\" data-end=\"2422\"><strong data-start=\"2304\" data-end=\"2313\">Rodez<\/strong> : le chef-lieu, connu pour sa cath\u00e9drale Notre-Dame et le mus\u00e9e Soulages, d\u00e9di\u00e9 \u00e0 l\u2019artiste Pierre Soulages.<\/li><li data-start=\"2423\" data-end=\"2539\"><strong data-start=\"2425\" data-end=\"2435\">Millau<\/strong> : c\u00e9l\u00e8bre pour son viaduc, le plus haut pont du monde, et pour \u00eatre un centre d\u2019activit\u00e9s de plein air.<\/li><li data-start=\"2540\" data-end=\"2638\"><strong data-start=\"2542\" data-end=\"2570\">Villefranche-de-Rouergue<\/strong> : une bastide m\u00e9di\u00e9vale avec une place centrale entour\u00e9e d\u2019arcades.<\/li><li data-start=\"2639\" data-end=\"2789\"><strong data-start=\"2641\" data-end=\"2652\">Conques<\/strong> : un village m\u00e9di\u00e9val class\u00e9 parmi les \u201cPlus Beaux Villages de France\u201d, c\u00e9l\u00e8bre pour son abbatiale Sainte-Foy et son tr\u00e9sor d\u2019art roman.<\/li><\/ul><h2 data-start=\"2791\" data-end=\"2845\"><span style=\"font-size: 18pt;\">Les sites touristiques incontournables de l\u2019Aveyron<\/span><\/h2><p data-start=\"2847\" data-end=\"2905\">L\u2019Aveyron regorge de sites touristiques \u00e0 ne pas manquer :<\/p><ul data-start=\"2907\" data-end=\"3742\"><li data-start=\"2907\" data-end=\"3028\"><strong data-start=\"2909\" data-end=\"2932\">Le viaduc de Millau<\/strong> : chef-d\u2019\u0153uvre d\u2019ing\u00e9nierie, ce pont \u00e0 haubans offre une vue panoramique sur la vall\u00e9e du Tarn.<\/li><li data-start=\"3029\" data-end=\"3169\"><strong data-start=\"3031\" data-end=\"3057\">Les caves de Roquefort<\/strong> : situ\u00e9es \u00e0 Roquefort-sur-Soulzon, ces caves naturelles sont le lieu de fabrication du c\u00e9l\u00e8bre fromage \u00e9ponyme.<\/li><li data-start=\"3170\" data-end=\"3407\"><strong data-start=\"3172\" data-end=\"3228\">Les villages class\u00e9s \u201cPlus Beaux Villages de France\u201d<\/strong> : l\u2019Aveyron en compte dix, dont Belcastel, Brousse-le-Ch\u00e2teau, Estaing, La Couvertoirade, Najac, Peyre, Saint-C\u00f4me-d\u2019Olt, Sainte-Eulalie-d\u2019Olt, Sauveterre-de-Rouergue et Conques.<\/li><li data-start=\"3408\" data-end=\"3547\"><strong data-start=\"3410\" data-end=\"3439\">Le mus\u00e9e Soulages \u00e0 Rodez<\/strong> : d\u00e9di\u00e9 \u00e0 l\u2019\u0153uvre de Pierre Soulages, ce mus\u00e9e pr\u00e9sente une collection unique de ses peintures et gravures.<\/li><li data-start=\"3548\" data-end=\"3742\"><strong data-start=\"3550\" data-end=\"3597\">Le parc naturel r\u00e9gional des Grands Causses<\/strong> : id\u00e9al pour les amateurs de nature, ce parc offre de nombreuses possibilit\u00e9s de randonn\u00e9es et d\u2019observation de la faune et de la flore locales.<\/li><\/ul><h2 data-start=\"1488\" data-end=\"1558\"><span style=\"font-size: 18pt;\"><strong data-start=\"1492\" data-end=\"1556\">Faits Divers en Aveyron : Une Actualit\u00e9 Locale en Temps R\u00e9el<\/strong><\/span><\/h2><p data-start=\"1560\" data-end=\"2053\">Les <strong data-start=\"1564\" data-end=\"1591\">faits divers en Aveyron<\/strong> occupent une place importante dans la presse r\u00e9gionale, refl\u00e9tant la vie quotidienne et parfois les drames qui surviennent dans le d\u00e9partement. Entre accidents de la route, incendies, disparitions ou affaires judiciaires, ces informations sont suivies de pr\u00e8s par les m\u00e9dias locaux comme <strong data-start=\"1880\" data-end=\"1902\">La D\u00e9p\u00eache Aveyron<\/strong> et <strong data-start=\"1906\" data-end=\"1931\">Centre Presse Aveyron<\/strong>. Elles permettent aux habitants de rester vigilants et de mieux comprendre les enjeux de s\u00e9curit\u00e9 dans leur territoire.<\/p><p data-start=\"2055\" data-end=\"2558\">L\u2019un des faits divers les plus marquants en Aveyron concerne souvent les accidents sur les routes d\u00e9partementales et l\u2019<strong data-start=\"2174\" data-end=\"2191\">autoroute A75<\/strong>, notamment \u00e0 proximit\u00e9 du <strong data-start=\"2218\" data-end=\"2238\">Viaduc de Millau<\/strong>. Chaque ann\u00e9e, des campagnes de sensibilisation sont men\u00e9es pour inciter les automobilistes \u00e0 la prudence, en particulier en hiver sur les routes escarp\u00e9es du <strong data-start=\"2398\" data-end=\"2421\">plateau de l\u2019Aubrac<\/strong>. Les faits divers relatent aussi des interventions de la <strong data-start=\"2479\" data-end=\"2510\">gendarmerie et des pompiers<\/strong> lors de sinistres ou de situations d\u2019urgence.<\/p><p data-start=\"2560\" data-end=\"3057\">Certains faits divers en Aveyron mettent \u00e9galement en lumi\u00e8re des affaires judiciaires plus complexes. Il peut s\u2019agir de vols dans des commerces, d\u2019escroqueries ou d\u2019affaires impliquant des personnalit\u00e9s locales. Gr\u00e2ce au travail des journalistes d\u2019enqu\u00eate, les habitants peuvent suivre les \u00e9volutions de ces affaires et comprendre les enjeux de justice dans le d\u00e9partement. Ces articles sont particuli\u00e8rement consult\u00e9s car ils concernent directement la s\u00e9curit\u00e9 et la tranquillit\u00e9 des citoyens.<\/p><h3 data-start=\"3064\" data-end=\"3122\"><strong data-start=\"3068\" data-end=\"3120\">Centre Presse Aveyron : L\u2019Actualit\u00e9 de Proximit\u00e9<\/strong><\/h3><p data-start=\"3124\" data-end=\"3576\"><strong data-start=\"3124\" data-end=\"3149\">Centre Presse Aveyron<\/strong> est un autre acteur incontournable de la presse locale. Fond\u00e9 en 1944, ce quotidien r\u00e9gional se consacre \u00e0 l\u2019actualit\u00e9 de l\u2019Aveyron et de ses environs. Gr\u00e2ce \u00e0 une r\u00e9daction ancr\u00e9e dans le territoire, il propose une couverture compl\u00e8te des \u00e9v\u00e9nements locaux, avec un accent mis sur la <strong data-start=\"3435\" data-end=\"3492\">politique, l\u2019\u00e9conomie, la culture et les faits divers<\/strong>. Son site web permet \u00e9galement aux lecteurs d\u2019acc\u00e9der \u00e0 l\u2019information en continu.<\/p><p data-start=\"3578\" data-end=\"4039\">L\u2019une des forces de <strong data-start=\"3598\" data-end=\"3623\">Centre Presse Aveyron<\/strong> r\u00e9side dans son r\u00e9seau de correspondants locaux, qui assurent une pr\u00e9sence sur l\u2019ensemble du d\u00e9partement. Cela permet de traiter des sujets qui touchent directement les habitants, qu\u2019il s\u2019agisse de <strong data-start=\"3822\" data-end=\"3851\">l\u2019\u00e9volution des commerces<\/strong>, des <strong data-start=\"3857\" data-end=\"3886\">travaux d\u2019infrastructures<\/strong> ou des <strong data-start=\"3894\" data-end=\"3922\">initiatives associatives<\/strong>. Ce journal joue ainsi un r\u00f4le cl\u00e9 dans la diffusion des informations utiles \u00e0 la vie quotidienne des Aveyronnais.<\/p><p data-start=\"4041\" data-end=\"4483\" data-is-last-node=\"\" data-is-only-node=\"\">Enfin, <strong data-start=\"4048\" data-end=\"4073\">Centre Presse Aveyron<\/strong> se distingue par la publication de dossiers approfondis sur des sujets majeurs comme l\u2019<strong data-start=\"4161\" data-end=\"4176\">agriculture<\/strong>, l\u2019<strong data-start=\"4180\" data-end=\"4200\">industrie locale<\/strong>, ou encore les <strong data-start=\"4216\" data-end=\"4243\">enjeux environnementaux<\/strong>. Gr\u00e2ce \u00e0 ces enqu\u00eates, les habitants peuvent mieux comprendre les transformations du d\u00e9partement et les d\u00e9fis auxquels il est confront\u00e9. Ce journal est une source essentielle pour quiconque souhaite s\u2019informer sur la vie locale en Aveyron.<\/p><h3 data-start=\"0\" data-end=\"61\"><strong data-start=\"4\" data-end=\"59\">La D\u00e9p\u00eache Aveyron : Un M\u00e9dia R\u00e9gional de R\u00e9f\u00e9rence<\/strong><\/h3><p data-start=\"63\" data-end=\"531\"><strong data-start=\"63\" data-end=\"85\">La D\u00e9p\u00eache Aveyron<\/strong> est l\u2019une des principales sources d\u2019information pour les habitants du d\u00e9partement. Faisant partie du groupe <strong data-start=\"194\" data-end=\"216\">La D\u00e9p\u00eache du Midi<\/strong>, ce journal r\u00e9gional couvre l\u2019actualit\u00e9 locale, nationale et internationale avec un accent particulier sur les \u00e9v\u00e9nements qui touchent directement les Aveyronnais. Gr\u00e2ce \u00e0 ses \u00e9ditions papier et num\u00e9rique, il permet aux lecteurs de rester inform\u00e9s sur la politique, l\u2019\u00e9conomie, la culture et le sport en Aveyron.<\/p><p data-start=\"533\" data-end=\"1045\">En tant que m\u00e9dia de proximit\u00e9, <strong data-start=\"565\" data-end=\"587\">La D\u00e9p\u00eache Aveyron<\/strong> met un point d\u2019honneur \u00e0 relayer les d\u00e9cisions municipales, les projets d\u2019am\u00e9nagement du territoire ainsi que les initiatives locales. Il est \u00e9galement un acteur essentiel dans la couverture des \u00e9v\u00e9nements festifs et culturels qui animent le d\u00e9partement, comme la <strong data-start=\"852\" data-end=\"878\">transhumance en Aubrac<\/strong>, les <strong data-start=\"884\" data-end=\"906\">festivals musicaux<\/strong> ou encore les <strong data-start=\"921\" data-end=\"942\">f\u00eates de villages<\/strong>. Ce suivi d\u00e9taill\u00e9 de l\u2019actualit\u00e9 permet de renforcer le lien entre les citoyens et leur territoire.<\/p><p data-start=\"1047\" data-end=\"1481\">L\u2019\u00e9dition num\u00e9rique du journal, accessible via le site web <strong data-start=\"1106\" data-end=\"1122\">ladepeche.fr<\/strong>, offre une mise \u00e0 jour en temps r\u00e9el des principales informations. Les lecteurs peuvent ainsi suivre les <strong data-start=\"1228\" data-end=\"1244\">faits divers<\/strong>, les \u00e9volutions \u00e9conomiques et les d\u00e9cisions politiques \u00e0 tout moment. Le journal propose \u00e9galement des articles exclusifs, des interviews et des reportages approfondis sur les enjeux majeurs qui concernent l\u2019Aveyron et ses habitants.<\/p><h2 data-start=\"0\" data-end=\"36\">FAQ \u2013 Foire Aux Questions sur l\u2019Aveyron<\/h2><h3 data-start=\"38\" data-end=\"110\"><strong data-start=\"42\" data-end=\"108\">Quels sont les sites touristiques incontournables en Aveyron ?<\/strong><\/h3><p data-start=\"111\" data-end=\"315\">L\u2019Aveyron <a href=\"https:\/\/aveyron.fr\/\" target=\"_blank\" rel=\"noopener\">regorge de sites<\/a> \u00e0 d\u00e9couvrir, dont le <strong data-start=\"159\" data-end=\"179\">Viaduc de Millau<\/strong>, le village m\u00e9di\u00e9val de <strong data-start=\"204\" data-end=\"215\">Conques<\/strong>, les <strong data-start=\"221\" data-end=\"239\">Gorges du Tarn<\/strong>, le <strong data-start=\"244\" data-end=\"254\">Larzac<\/strong>, le <strong data-start=\"259\" data-end=\"282\">plateau de l\u2019Aubrac<\/strong> et les <strong data-start=\"290\" data-end=\"314\">bastides du Rouergue<\/strong>.<\/p><h3 data-start=\"317\" data-end=\"372\"><strong data-start=\"321\" data-end=\"370\">Quelle est la ville principale de l\u2019Aveyron ?<\/strong><\/h3><p data-start=\"373\" data-end=\"523\">Le chef-lieu de l\u2019Aveyron est <strong data-start=\"403\" data-end=\"412\">Rodez<\/strong>, une ville historique connue pour sa <strong data-start=\"450\" data-end=\"475\">cath\u00e9drale Notre-Dame<\/strong>, son <strong data-start=\"481\" data-end=\"499\">mus\u00e9e Soulages<\/strong> et son centre m\u00e9di\u00e9val.<\/p><h3 data-start=\"525\" data-end=\"589\"><strong data-start=\"529\" data-end=\"587\">Quels sont les d\u00e9partements limitrophes ?<\/strong><\/h3><p data-start=\"590\" data-end=\"700\">L\u2019Aveyron est entour\u00e9 par les d\u00e9partements du <strong data-start=\"636\" data-end=\"699\">Lot, Cantal, Loz\u00e8re, Gard, H\u00e9rault, Tarn et Tarn-et-Garonne<\/strong>.<\/p><h3 data-start=\"702\" data-end=\"761\"><strong data-start=\"706\" data-end=\"759\">Quelle est la sp\u00e9cialit\u00e9 culinaire de l\u2019Aveyron ?<\/strong><\/h3><p data-start=\"762\" data-end=\"917\">L\u2019Aveyron est r\u00e9put\u00e9 pour sa <strong data-start=\"791\" data-end=\"813\">gastronomie locale<\/strong>, notamment l\u2019<strong data-start=\"827\" data-end=\"837\">aligot<\/strong>, le <strong data-start=\"842\" data-end=\"855\">roquefort<\/strong>, l\u2019<strong data-start=\"859\" data-end=\"873\">estofinado<\/strong>, les <strong data-start=\"879\" data-end=\"890\">far\u00e7ous<\/strong>, et le <strong data-start=\"898\" data-end=\"916\">veau d\u2019Aveyron<\/strong>.<\/p><h3 data-start=\"919\" data-end=\"978\"><strong data-start=\"923\" data-end=\"976\">Quels sont les plus beaux villages de l\u2019Aveyron ?<\/strong><\/h3><p data-start=\"979\" data-end=\"1117\">Parmi les <strong data-start=\"989\" data-end=\"1024\">\u201cPlus Beaux Villages de France\u201d<\/strong>, on retrouve <strong data-start=\"1038\" data-end=\"1116\">Conques, Belcastel, Najac, Estaing, Saint-C\u00f4me-d\u2019Olt et Brousse-le-Ch\u00e2teau<\/strong>.<\/p><h3 data-start=\"1119\" data-end=\"1154\"><strong data-start=\"1123\" data-end=\"1152\">O\u00f9 randonner ?<\/strong><\/h3><p data-start=\"1155\" data-end=\"1382\">Le d\u00e9partement offre de nombreux sentiers de randonn\u00e9e, notamment sur le <strong data-start=\"1228\" data-end=\"1237\">GR 65<\/strong> (chemin de Saint-Jacques-de-Compostelle), le <strong data-start=\"1283\" data-end=\"1306\">plateau de l\u2019Aubrac<\/strong>, les <strong data-start=\"1312\" data-end=\"1330\">Gorges du Tarn<\/strong> et le <strong data-start=\"1337\" data-end=\"1381\">Parc naturel r\u00e9gional des Grands Causses<\/strong>.<\/p><h3 data-start=\"1384\" data-end=\"1427\"><strong data-start=\"1388\" data-end=\"1425\">Quel est le climat du d\u00e9partement ?<\/strong><\/h3><p data-start=\"1428\" data-end=\"1634\">L\u2019Aveyron poss\u00e8de un <strong data-start=\"1449\" data-end=\"1469\">climat contrast\u00e9<\/strong>, influenc\u00e9 par la montagne au nord et la M\u00e9diterran\u00e9e au sud. Les hivers peuvent \u00eatre froids sur l\u2019Aubrac, tandis que les \u00e9t\u00e9s sont chauds et secs dans les causses.<\/p><h3 data-start=\"1636\" data-end=\"1702\"><strong data-start=\"1640\" data-end=\"1700\">Quelle est la meilleure p\u00e9riode pour visiter ?<\/strong><\/h3><p data-start=\"1703\" data-end=\"1873\">Le <strong data-start=\"1706\" data-end=\"1732\">printemps et l\u2019automne<\/strong> sont les saisons id\u00e9ales pour profiter des paysages et des sites touristiques, tandis que l\u2019\u00e9t\u00e9 est parfait pour les activit\u00e9s de plein air.<\/p><h3 data-start=\"1875\" data-end=\"1931\"><strong data-start=\"1879\" data-end=\"1929\">Y a-t-il des \u00e9v\u00e9nements culturels en Aveyron ?<\/strong><\/h3><p data-start=\"1932\" data-end=\"2086\">Oui ! L\u2019Aveyron accueille des festivals comme le <strong data-start=\"1981\" data-end=\"2023\">Festival de Musique Sacr\u00e9e de Sylvan\u00e8s<\/strong>, les <strong data-start=\"2029\" data-end=\"2051\">Estivales de Rodez<\/strong>, et la <strong data-start=\"2059\" data-end=\"2085\">Transhumance en Aubrac<\/strong>.<\/p><h3 data-start=\"2088\" data-end=\"2128\"><strong data-start=\"2092\" data-end=\"2126\">Comment se rendre en Aveyron ?<\/strong><\/h3><p data-start=\"2129\" data-end=\"2290\" data-is-last-node=\"\" data-is-only-node=\"\">L\u2019Aveyron est accessible en voiture via l\u2019<strong data-start=\"2171\" data-end=\"2187\">A75 et l\u2019A68<\/strong>, en train avec des liaisons vers <strong data-start=\"2221\" data-end=\"2240\">Rodez et Millau<\/strong>, et en avion via l\u2019<strong data-start=\"2260\" data-end=\"2289\">a\u00e9roport de Rodez-Aveyron<\/strong>.<\/p><h3 data-start=\"3768\" data-end=\"3816\">Quels sont les plats typiques ?<\/h3><p data-start=\"3818\" data-end=\"4138\">L\u2019Aveyron est r\u00e9put\u00e9 pour sa gastronomie riche et savoureuse. Parmi les sp\u00e9cialit\u00e9s locales, on trouve l\u2019aligot, une pur\u00e9e de pommes de terre m\u00e9lang\u00e9e \u00e0 de la tomme fra\u00eeche, le roquefort, un fromage bleu affin\u00e9 dans des caves naturelles, et le g\u00e2teau \u00e0 la broche, une p\u00e2tisserie traditionnelle cuite sur un c\u00f4ne en bois.<\/p><h3 data-start=\"4140\" data-end=\"4205\">Quelles activit\u00e9s de plein air peut-on pratiquer en Aveyron ?<\/h3><p data-start=\"4207\" data-end=\"4472\">L\u2019Aveyron offre une multitude d\u2019activit\u00e9s de plein air, telles que la randonn\u00e9e sur les nombreux sentiers balis\u00e9s, le cano\u00eb-kayak dans les gorges du Tarn, l\u2019escalade sur les falaises des Grands Causses, le parapente \u00e0 Millau, et le VTT sur les plateaux de l\u2019Aubrac.<\/p>\t\t\t\t\t\t\t\t<\/div>\n\t\t\t\t\t<\/div>\n\t\t\t\t<\/div>\n\t\t\t\t<\/div>\n\t\t","protected":false},"excerpt":{"rendered":"<p>Recherches populaires Categories Pas de r\u00e9sultats Voir tous les r\u00e9sultats L\u2019Aveyron L\u2019Aveyron est une destination riche en histoire, en paysages diversifi\u00e9s et en patrimoine culturel. Situ\u00e9 dans la r\u00e9gion Occitanie, au sud-ouest de la France, ce d\u00e9partement offre une multitude de sites touristiques incontournables et de villages pittoresques \u00e0 d\u00e9couvrir. Pr\u00e9sentation de l\u2019Aveyron L\u2019Aveyron, portant [&hellip;]<\/p>\n","protected":false},"author":97,"featured_media":58117,"comment_status":"closed","ping_status":"closed","sticky":false,"template":"elementor_header_footer","format":"standard","meta":{"ngg_post_thumbnail":0,"footnotes":""},"categories":[2509,2563,477,1165],"tags":[883],"class_list":["post-58112","post","type-post","status-publish","format-standard","has-post-thumbnail","hentry","category-aveyron","category-departement-de-france","category-france","category-occitanie","tag-departement"],"_links":{"self":[{"href":"https:\/\/cparici.com\/fr\/wp-json\/wp\/v2\/posts\/58112","targetHints":{"allow":["GET"]}}],"collection":[{"href":"https:\/\/cparici.com\/fr\/wp-json\/wp\/v2\/posts"}],"about":[{"href":"https:\/\/cparici.com\/fr\/wp-json\/wp\/v2\/types\/post"}],"author":[{"embeddable":true,"href":"https:\/\/cparici.com\/fr\/wp-json\/wp\/v2\/users\/97"}],"replies":[{"embeddable":true,"href":"https:\/\/cparici.com\/fr\/wp-json\/wp\/v2\/comments?post=58112"}],"version-history":[{"count":0,"href":"https:\/\/cparici.com\/fr\/wp-json\/wp\/v2\/posts\/58112\/revisions"}],"wp:featuredmedia":[{"embeddable":true,"href":"https:\/\/cparici.com\/fr\/wp-json\/wp\/v2\/media\/58117"}],"wp:attachment":[{"href":"https:\/\/cparici.com\/fr\/wp-json\/wp\/v2\/media?parent=58112"}],"wp:term":[{"taxonomy":"category","embeddable":true,"href":"https:\/\/cparici.com\/fr\/wp-json\/wp\/v2\/categories?post=58112"},{"taxonomy":"post_tag","embeddable":true,"href":"https:\/\/cparici.com\/fr\/wp-json\/wp\/v2\/tags?post=58112"}],"curies":[{"name":"wp","href":"https:\/\/api.w.org\/{rel}","templated":true}]}}