{"id":58129,"date":"2025-02-22T11:00:59","date_gmt":"2025-02-22T10:00:59","guid":{"rendered":"https:\/\/cparici.com\/?p=58129"},"modified":"2026-02-16T12:31:25","modified_gmt":"2026-02-16T11:31:25","slug":"cantal","status":"publish","type":"post","link":"https:\/\/cparici.com\/fr\/cantal\/","title":{"rendered":"Le Cantal"},"content":{"rendered":"\t\t<div data-elementor-type=\"wp-post\" data-elementor-id=\"58129\" class=\"elementor elementor-58129\" data-elementor-post-type=\"post\">\n\t\t\t\t<div class=\"elementor-element elementor-element-8ff19ce e-con-full e-flex e-con e-parent\" data-id=\"8ff19ce\" data-element_type=\"container\" data-e-type=\"container\">\n\t\t\t\t<div class=\"elementor-element elementor-element-8d39bc1 elementor-widget elementor-widget-image\" data-id=\"8d39bc1\" data-element_type=\"widget\" data-e-type=\"widget\" data-widget_type=\"image.default\">\n\t\t\t\t\t\t\t\t\t\t\t\t\t\t\t<img decoding=\"async\" width=\"1500\" height=\"530\" src=\"https:\/\/cparici.com\/wp-content\/uploads\/2025\/02\/cparici-2025-02-27T104822.248.jpg\" class=\"attachment-full size-full wp-image-58263\" alt=\"Le Cantal d\u00e9partement\" srcset=\"https:\/\/cparici.com\/wp-content\/uploads\/2025\/02\/cparici-2025-02-27T104822.248.jpg 1500w, https:\/\/cparici.com\/wp-content\/uploads\/2025\/02\/cparici-2025-02-27T104822.248-300x106.jpg 300w, https:\/\/cparici.com\/wp-content\/uploads\/2025\/02\/cparici-2025-02-27T104822.248-1024x362.jpg 1024w, https:\/\/cparici.com\/wp-content\/uploads\/2025\/02\/cparici-2025-02-27T104822.248-768x271.jpg 768w, https:\/\/cparici.com\/wp-content\/uploads\/2025\/02\/cparici-2025-02-27T104822.248-18x6.jpg 18w, https:\/\/cparici.com\/wp-content\/uploads\/2025\/02\/cparici-2025-02-27T104822.248-590x208.jpg 590w, https:\/\/cparici.com\/wp-content\/uploads\/2025\/02\/cparici-2025-02-27T104822.248-1200x424.jpg 1200w, https:\/\/cparici.com\/wp-content\/uploads\/2025\/02\/cparici-2025-02-27T104822.248-577x204.jpg 577w, https:\/\/cparici.com\/wp-content\/uploads\/2025\/02\/cparici-2025-02-27T104822.248-600x212.jpg 600w\" sizes=\"(max-width: 1500px) 100vw, 1500px\" \/>\t\t\t\t\t\t\t\t\t\t\t\t\t\t\t<\/div>\n\t\t\t\t<\/div>\n\t\t<div class=\"elementor-element elementor-element-573d6a5 e-flex e-con-boxed e-con e-parent\" data-id=\"573d6a5\" data-element_type=\"container\" data-e-type=\"container\">\n\t\t\t\t\t<div class=\"e-con-inner\">\n\t\t\t\t<div class=\"elementor-element elementor-element-3b270bb elementor-widget elementor-widget-global elementor-global-62046 elementor-widget-eael-advanced-search\" data-id=\"3b270bb\" data-element_type=\"widget\" data-e-type=\"widget\" data-widget_type=\"eael-advanced-search.default\">\n\t\t\t\t\t        <div class=\"eael-adv-search-wrapper\">\n            <div id=\"eael-advanced-search-widget-3b270bb\" class=\"eael-advanced-search-widget\">\n                <form data-settings=\"{&quot;post_per_page&quot;:5,&quot;search_among_taxonomies&quot;:&quot;&quot;,&quot;search_among_sku&quot;:&quot;no&quot;,&quot;show_popular_keyword&quot;:0,&quot;show_category&quot;:0,&quot;show_content_image&quot;:1,&quot;show_search_result_all_results&quot;:0,&quot;result_on_new_tab&quot;:&quot;no&quot;,&quot;show_product_price&quot;:&quot;no&quot;,&quot;include_current_page&quot;:&quot;no&quot;,&quot;current_post_id&quot;:58129,&quot;post_type&quot;:[&quot;post&quot;,&quot;listing&quot;]}\" method=\"POST\" name=\"eael-advanced-search-form-3b270bb\" class=\"eael-advanced-search-form eael-advanced-search-form-style-2\">\n                    <div class=\"eael-advanced-search-wrap\">\n                        <span class=\"eael-adv-search-loader\"><\/span>\n                        <span class=\"eael-adv-search-close\"><i class=\"fas fa-times\"><\/i><\/span>\n                        <span class=\"icon \"><i class=\"fas fa-search\"><\/i><\/span>\n\n                        <input type=\"text\"\n                               placeholder=\"Votre destination\"\n                               class=\"eael-advanced-search\" autocomplete=\"off\" name=\"eael_advanced_search\">\n                    <\/div>\n\t\t\t\t\t                                    <\/form>\n\n\t\t\t\t\n\t\t\t\t        <div class=\"eael-advanced-search-result\">\n            <div class=\"eael-advanced-search-popular-keyword\">\n\t\t\t\t<h4 class=\"eael-advanced-search-popular-keyword-text\">Recherches populaires<\/h4>                <div class=\"eael-popular-keyword-content\"><\/div>\n            <\/div>\n            <div class=\"eael-advanced-search-category\">\n\t\t\t\t<h4 class=\"eael-advanced-search-category-text\">Categories<\/h4>                <div class=\"eael-popular-category-content\"><\/div>\n            <\/div>\n\t\t\t<div class=\"eael-advanced-search-total-results-section\">\n\t\t\t\t\t\t\t<\/div>\n            <div class=\"eael-advanced-search-content eael-item-style-3\">\n            <\/div>\n            <div class=\"eael-advanced-search-not-found\">\n                <p>Pas de r\u00e9sultats<\/p><\/div>\n            <div class=\"eael-advanced-search-load-more\">\n\t\t\t\t<a \tclass=\"eael-advanced-search-load-more-button\"\n                \thref=\"#\">Voir tous les r\u00e9sultats<\/a>\n            <\/div>\n        <\/div>\n\n\t\t            <\/div>\n        <\/div>\n\n\t\t\t\t\t\t<\/div>\n\t\t\t\t\t<\/div>\n\t\t\t\t<\/div>\n\t\t<div class=\"elementor-element elementor-element-64751150 e-flex e-con-boxed e-con e-parent\" data-id=\"64751150\" data-element_type=\"container\" data-e-type=\"container\">\n\t\t\t\t\t<div class=\"e-con-inner\">\n\t\t\t\t<div class=\"elementor-element elementor-element-30ad23a4 elementor-widget elementor-widget-text-editor\" data-id=\"30ad23a4\" data-element_type=\"widget\" data-e-type=\"widget\" data-widget_type=\"text-editor.default\">\n\t\t\t\t\t\t\t\t\t<article class=\"w-full text-token-text-primary focus-visible:outline-2 focus-visible:outline-offset-[-4px]\" dir=\"auto\" data-testid=\"conversation-turn-3\" data-scroll-anchor=\"false\"><div class=\"m-auto text-base py-[18px] px-6\"><div class=\"mx-auto flex flex-1 text-base gap-4 md:gap-5 lg:gap-6 md:max-w-3xl lg:max-w-[40rem] xl:max-w-[48rem]\"><div class=\"group\/conversation-turn relative flex w-full min-w-0 flex-col agent-turn @xs\/thread:px-0 @sm\/thread:px-1.5 @md\/thread:px-4\"><div class=\"flex-col gap-1 md:gap-3\"><div class=\"flex max-w-full flex-col flex-grow\"><div class=\"min-h-8 text-message flex w-full flex-col items-end gap-2 whitespace-normal break-words text-start [.text-message+&amp;]:mt-5\" dir=\"auto\" data-message-author-role=\"assistant\" data-message-id=\"afc40dcd-0943-4f39-ae3d-892ca5866310\" data-message-model-slug=\"gpt-4o\"><div class=\"flex w-full flex-col gap-1 empty:hidden first:pt-[3px]\"><div class=\"markdown prose w-full break-words dark:prose-invert light\"><h1 style=\"text-align: center;\" data-start=\"40\" data-end=\"445\"><strong><span style=\"font-size: 18pt;\">Le Cantal<\/span><\/strong><\/h1><p data-start=\"40\" data-end=\"445\">Le <a href=\"https:\/\/cparici.com\/departements-francais-carte-de-france\/\"><strong data-start=\"43\" data-end=\"65\">d\u00e9partement<\/strong><\/a> du <strong data-start=\"43\" data-end=\"65\">Cantal <\/strong>est une terre de contrastes et de richesses naturelles, situ\u00e9e au c\u0153ur de l&#8217;<a href=\"https:\/\/cparici.com\/fr\/auvergne-rhone-alpes\/\">Auvergne-Rh\u00f4ne-Alpes<\/a>. Ce territoire, fa\u00e7onn\u00e9 par une histoire volcanique intense, offre des paysages \u00e9poustouflants, des villages pittoresques et un patrimoine culturel riche. Que vous soyez amateur de randonn\u00e9e, passionn\u00e9 d&#8217;histoire ou simplement en qu\u00eate de tranquillit\u00e9, le Cantal saura vous s\u00e9duire.<\/p><\/div><\/div><\/div><\/div><\/div><\/div><\/div><\/div><\/article>\t\t\t\t\t\t\t\t<\/div>\n\t\t\t\t\t<\/div>\n\t\t\t\t<\/div>\n\t\t<aside class=\"elementor-element elementor-element-60ad3fac e-flex e-con-boxed e-con e-parent\" data-id=\"60ad3fac\" data-element_type=\"container\" data-e-type=\"container\" data-settings=\"{&quot;background_background&quot;:&quot;classic&quot;}\">\n\t\t\t\t\t<div class=\"e-con-inner\">\n\t\t\t\t<div class=\"elementor-element elementor-element-424909b2 elementor-widget elementor-widget-spacer\" data-id=\"424909b2\" data-element_type=\"widget\" data-e-type=\"widget\" data-widget_type=\"spacer.default\">\n\t\t\t\t\t\t\t<div class=\"elementor-spacer\">\n\t\t\t<div class=\"elementor-spacer-inner\"><\/div>\n\t\t<\/div>\n\t\t\t\t\t\t<\/div>\n\t\t\t\t<div class=\"elementor-element elementor-element-7b78b0b4 elementor-widget elementor-widget-heading\" data-id=\"7b78b0b4\" data-element_type=\"widget\" data-e-type=\"widget\" data-widget_type=\"heading.default\">\n\t\t\t\t\t<h2 class=\"elementor-heading-title elementor-size-default\">H\u00e9bergements de Vacances Cantal en direct<\/h2>\t\t\t\t<\/div>\n\t\t\t\t<div class=\"elementor-element elementor-element-3e1a3bc4 elementor-widget elementor-widget-listeo-listings-carousel\" data-id=\"3e1a3bc4\" data-element_type=\"widget\" data-e-type=\"widget\" data-widget_type=\"listeo-listings-carousel.default\">\n\t\t\t\t<div class=\"elementor-widget-container\">\n\t\t\t\t\t        <!-- Carousel \/ Start -->\n        \t<div class=\"simple-slick-carousel dots-nav\" data-slick='{&quot;autoplay&quot;:true,&quot;autoplaySpeed&quot;:3000,&quot;slidesToShow&quot;:3,&quot;slidesToScroll&quot;:1,&quot;responsive&quot;:[{&quot;breakpoint&quot;:1024,&quot;settings&quot;:{&quot;slidesToShow&quot;:2,&quot;slidesToScroll&quot;:1}},{&quot;breakpoint&quot;:768,&quot;settings&quot;:{&quot;slidesToShow&quot;:1,&quot;slidesToScroll&quot;:1}}]}'>\n                            <div class=\"fw-carousel-item\">                    \n                        <!-- Listing Item -->\r\n            <div class=\"col-lg-6 col-md-12\">\r\n                <a href=\"https:\/\/cparici.com\/fr\/annonce\/gite-de-vacances-cantal-avec-peche\/\" class=\"listing-item-container listing-geo-data compact\" data-title=\"Gite de vacances Cantal avec p\u00eache.\" data-listing-type=\"rental\" data-classifieds-price=\"&euro;\" data-friendly-address=\"Roum\u00e9goux\" data-address=\"Roum\u00e9goux\" data-image=\"https:\/\/cparici.com\/wp-content\/uploads\/2026\/02\/ch-merisier-520x397.jpg\" data-longitude=\"2.179373\" data-latitude=\"44.867743\" data-rating=\"0\" data-reviews=\"0\" data-icon=\"&lt;svg xmlns=&quot;http:\/\/www.w3.org\/2000\/svg&quot; width=&quot;800px&quot; height=&quot;800px&quot; viewBox=&quot;0 0 45 45&quot; fill=&quot;none&quot;&gt;\n&lt;path d=&quot;M24.155 8.78099L24.33 8.94499L37.402 21.787L36 23.213L34.2 21.445L34.201 35C34.201 36.054 33.385 36.918 32.35 36.994L32.201 37H12.201C11.147 37 10.283 36.184 10.206 35.149L10.201 35L10.2 21.446L8.402 23.213L7 21.787L20.058 8.95799C21.171 7.82199 22.966 7.75899 24.155 8.78099ZM21.569 10.285L21.473 10.372L12.2 19.481L12.201 35L17.2 34.999L17.201 25C17.201 23.946 18.017 23.082 19.052 23.005L19.201 23H25.201C26.255 23 27.119 23.816 27.196 24.851L27.201 25L27.2 34.999L32.201 35L32.2 19.48L22.901 10.344C22.537 9.98699 21.969 9.96499 21.569 10.285ZM25.201 25H19.201L19.2 34.999H25.2L25.201 25Z&quot; fill=&quot;#3C3C3C&quot;\/&gt;\n&lt;\/svg&gt;\">\r\n            <div class=\"listing-item  featured-listing\">\r\n                <div class=\"listing-small-badges-container\">\r\n                                            <div class=\"listing-small-badge featured-badge\"><i class=\"fa fa-star\"><\/i> En vedette<\/div>\r\n                                                                <div class=\"listing-small-badge pricing-badge\"><i class=\"fa fa-tag\"><\/i>68,00&euro; - 95,00&euro;<\/div>\r\n                                                            \r\n                                        \r\n                                        \r\n                <\/div>\r\n                <img decoding=\"async\" src=\"https:\/\/cparici.com\/wp-content\/uploads\/2026\/02\/ch-merisier-520x397.jpg\" alt=\"Gite de vacances Cantal avec p\u00eache.\" class=\"listing-thumbnail\">\r\n                                            <div class=\"listing-badge now-closed\">Ferm\u00e9 maintenant<\/div>\r\n                                        \r\n\r\n                <div class=\"listing-item-content\">\r\n                    \r\n                    <h3> Gite de vacances Cantal avec p\u00eache. <\/h3>\r\n                    <span>Roum\u00e9goux<\/span>\r\n                <\/div>\r\n                                        <span class=\"save like-icon tooltip left\" title=\"Connexion pour marquer des \u00e9l\u00e9ments\"><\/span>\r\n                                                <\/div>\r\n        <\/a>\r\n                    <\/div>\r\n        \r\n\r\n        <!-- Listing Item \/ End -->\n                    <\/div>\n                                      <div class=\"fw-carousel-item\">                    \n                        <!-- Listing Item -->\r\n            <div class=\"col-lg-6 col-md-12\">\r\n                <a href=\"https:\/\/cparici.com\/fr\/annonce\/gite-a-la-ferme-avec-etang-de-peche-prive\/\" class=\"listing-item-container listing-geo-data compact\" data-title=\"Gite \u00e0 la ferme avec \u00e9tang de P\u00eache priv\u00e9\" data-listing-type=\"rental\" data-classifieds-price=\"&euro;\" data-friendly-address=\"Roumegoux\" data-address=\"Roumegoux\" data-image=\"https:\/\/cparici.com\/wp-content\/uploads\/2026\/02\/etang-le-refrus-520x397.jpg\" data-longitude=\"2.1792639\" data-latitude=\"44.86729\" data-rating=\"0\" data-reviews=\"0\" data-icon=\"&lt;svg xmlns=&quot;http:\/\/www.w3.org\/2000\/svg&quot; width=&quot;800px&quot; height=&quot;800px&quot; viewBox=&quot;0 0 45 45&quot; fill=&quot;none&quot;&gt;\n&lt;path d=&quot;M24.155 8.78099L24.33 8.94499L37.402 21.787L36 23.213L34.2 21.445L34.201 35C34.201 36.054 33.385 36.918 32.35 36.994L32.201 37H12.201C11.147 37 10.283 36.184 10.206 35.149L10.201 35L10.2 21.446L8.402 23.213L7 21.787L20.058 8.95799C21.171 7.82199 22.966 7.75899 24.155 8.78099ZM21.569 10.285L21.473 10.372L12.2 19.481L12.201 35L17.2 34.999L17.201 25C17.201 23.946 18.017 23.082 19.052 23.005L19.201 23H25.201C26.255 23 27.119 23.816 27.196 24.851L27.201 25L27.2 34.999L32.201 35L32.2 19.48L22.901 10.344C22.537 9.98699 21.969 9.96499 21.569 10.285ZM25.201 25H19.201L19.2 34.999H25.2L25.201 25Z&quot; fill=&quot;#3C3C3C&quot;\/&gt;\n&lt;\/svg&gt;\">\r\n            <div class=\"listing-item  featured-listing\">\r\n                <div class=\"listing-small-badges-container\">\r\n                                            <div class=\"listing-small-badge featured-badge\"><i class=\"fa fa-star\"><\/i> En vedette<\/div>\r\n                                                                <div class=\"listing-small-badge pricing-badge\"><i class=\"fa fa-tag\"><\/i>68,00&euro; - 95,00&euro;<\/div>\r\n                                                            \r\n                                        \r\n                                        \r\n                <\/div>\r\n                <img decoding=\"async\" src=\"https:\/\/cparici.com\/wp-content\/uploads\/2026\/02\/etang-le-refrus-520x397.jpg\" alt=\"Gite \u00e0 la ferme avec \u00e9tang de P\u00eache priv\u00e9\" class=\"listing-thumbnail\">\r\n                \r\n\r\n                <div class=\"listing-item-content\">\r\n                    \r\n                    <h3> Gite \u00e0 la ferme avec \u00e9tang de P\u00eache priv\u00e9 <\/h3>\r\n                    <span>Roumegoux<\/span>\r\n                <\/div>\r\n                                        <span class=\"save like-icon tooltip left\" title=\"Connexion pour marquer des \u00e9l\u00e9ments\"><\/span>\r\n                                                <\/div>\r\n        <\/a>\r\n                    <\/div>\r\n        \r\n\r\n        <!-- Listing Item \/ End -->\n                    <\/div>\n                                      <div class=\"fw-carousel-item\">                    \n                        <!-- Listing Item -->\r\n            <div class=\"col-lg-6 col-md-12\">\r\n                <a href=\"https:\/\/cparici.com\/fr\/annonce\/gite-cantal-avec-spa-exterieur-prive\/\" class=\"listing-item-container listing-geo-data compact\" data-title=\"Gite cantal avec SPA ext\u00e9rieur priv\u00e9\" data-listing-type=\"rental\" data-classifieds-price=\"&euro;\" data-friendly-address=\"Roum\u00e9goux\" data-address=\"Roum\u00e9goux\" data-image=\"https:\/\/cparici.com\/wp-content\/uploads\/2026\/02\/IMG_4774-520x397.jpg\" data-longitude=\"2.1792639\" data-latitude=\"44.86729\" data-rating=\"0\" data-reviews=\"0\" data-icon=\"&lt;svg xmlns=&quot;http:\/\/www.w3.org\/2000\/svg&quot; width=&quot;800px&quot; height=&quot;800px&quot; viewBox=&quot;0 0 45 45&quot; fill=&quot;none&quot;&gt;\n&lt;path d=&quot;M24.155 8.78099L24.33 8.94499L37.402 21.787L36 23.213L34.2 21.445L34.201 35C34.201 36.054 33.385 36.918 32.35 36.994L32.201 37H12.201C11.147 37 10.283 36.184 10.206 35.149L10.201 35L10.2 21.446L8.402 23.213L7 21.787L20.058 8.95799C21.171 7.82199 22.966 7.75899 24.155 8.78099ZM21.569 10.285L21.473 10.372L12.2 19.481L12.201 35L17.2 34.999L17.201 25C17.201 23.946 18.017 23.082 19.052 23.005L19.201 23H25.201C26.255 23 27.119 23.816 27.196 24.851L27.201 25L27.2 34.999L32.201 35L32.2 19.48L22.901 10.344C22.537 9.98699 21.969 9.96499 21.569 10.285ZM25.201 25H19.201L19.2 34.999H25.2L25.201 25Z&quot; fill=&quot;#3C3C3C&quot;\/&gt;\n&lt;\/svg&gt;\">\r\n            <div class=\"listing-item  \">\r\n                <div class=\"listing-small-badges-container\">\r\n                                                                <div class=\"listing-small-badge pricing-badge\"><i class=\"fa fa-tag\"><\/i>125,00&euro; - 160,00&euro;<\/div>\r\n                                                            \r\n                                        \r\n                                        \r\n                <\/div>\r\n                <img decoding=\"async\" src=\"https:\/\/cparici.com\/wp-content\/uploads\/2026\/02\/IMG_4774-520x397.jpg\" alt=\"Gite cantal avec SPA ext\u00e9rieur priv\u00e9\" class=\"listing-thumbnail\">\r\n                \r\n\r\n                <div class=\"listing-item-content\">\r\n                    \r\n                    <h3> Gite cantal avec SPA ext\u00e9rieur priv\u00e9 <\/h3>\r\n                    <span>Roum\u00e9goux<\/span>\r\n                <\/div>\r\n                                        <span class=\"save like-icon tooltip left\" title=\"Connexion pour marquer des \u00e9l\u00e9ments\"><\/span>\r\n                                                <\/div>\r\n        <\/a>\r\n                    <\/div>\r\n        \r\n\r\n        <!-- Listing Item \/ End -->\n                    <\/div>\n                          <\/div>\n        \t\t\t\t<\/div>\n\t\t\t\t<\/div>\n\t\t\t\t\t<\/div>\n\t\t\t\t<\/aside>\n\t\t<div class=\"elementor-element elementor-element-0df1282 e-flex e-con-boxed e-con e-parent\" data-id=\"0df1282\" data-element_type=\"container\" data-e-type=\"container\">\n\t\t\t\t\t<div class=\"e-con-inner\">\n\t\t\t\t<div class=\"elementor-element elementor-element-657c4d6 elementor-widget elementor-widget-text-editor\" data-id=\"657c4d6\" data-element_type=\"widget\" data-e-type=\"widget\" data-widget_type=\"text-editor.default\">\n\t\t\t\t\t\t\t\t\t<article class=\"w-full text-token-text-primary focus-visible:outline-2 focus-visible:outline-offset-[-4px]\" dir=\"auto\" data-testid=\"conversation-turn-3\" data-scroll-anchor=\"false\"><div class=\"m-auto text-base py-[18px] px-6\"><div class=\"mx-auto flex flex-1 text-base gap-4 md:gap-5 lg:gap-6 md:max-w-3xl lg:max-w-[40rem] xl:max-w-[48rem]\"><div class=\"group\/conversation-turn relative flex w-full min-w-0 flex-col agent-turn @xs\/thread:px-0 @sm\/thread:px-1.5 @md\/thread:px-4\"><div class=\"flex-col gap-1 md:gap-3\"><div class=\"flex max-w-full flex-col flex-grow\"><div class=\"min-h-8 text-message flex w-full flex-col items-end gap-2 whitespace-normal break-words text-start [.text-message+&amp;]:mt-5\" dir=\"auto\" data-message-author-role=\"assistant\" data-message-id=\"afc40dcd-0943-4f39-ae3d-892ca5866310\" data-message-model-slug=\"gpt-4o\"><div class=\"flex w-full flex-col gap-1 empty:hidden first:pt-[3px]\"><div class=\"markdown prose w-full break-words dark:prose-invert light\"><h2 data-start=\"447\" data-end=\"482\"><span style=\"font-size: 18pt;\">G\u00e9ographie et paysages du Cantal<\/span><\/h2><p data-start=\"484\" data-end=\"1059\">Le Cantal est domin\u00e9 par le massif volcanique du Cantal, vestige d&#8217;un ancien volcan dont le diam\u00e8tre atteint pr\u00e8s de 60 km, faisant de lui le plus grand d&#8217;Europe. Son point culminant, le Plomb du Cantal, s&#8217;\u00e9l\u00e8ve \u00e0 1 855 m\u00e8tres. Les pentes du massif convergent vers le centre, formant un cercle presque parfait. Ce relief offre une diversit\u00e9 de paysages, des vall\u00e9es verdoyantes aux sommets escarp\u00e9s, en passant par des plateaux d&#8217;altitude. Les rivi\u00e8res, telles que la Jordanne et la Truy\u00e8re, ont sculpt\u00e9 des gorges impressionnantes, ajoutant au charme naturel du d\u00e9partement.<\/p><h2 data-start=\"1061\" data-end=\"1096\"><span style=\"font-size: 18pt;\">Villes et villages embl\u00e9matiques<\/span><\/h2><h3 data-start=\"1098\" data-end=\"1110\">Aurillac<\/h3><p data-start=\"1112\" data-end=\"1640\">Pr\u00e9fecture du Cantal, Aurillac est une ville dynamique qui allie patrimoine historique et modernit\u00e9. Son centre historique est parsem\u00e9 de ruelles pittoresques, de maisons \u00e0 colombages et de monuments remarquables. Parmi les sites incontournables, on compte l&#8217;Abbatiale Saint-G\u00e9raud, le Ch\u00e2teau Saint-\u00c9tienne et le mus\u00e9um des Volcans, qui offre une plong\u00e9e fascinante dans l&#8217;histoire g\u00e9ologique de la r\u00e9gion. Aurillac est \u00e9galement r\u00e9put\u00e9e pour son festival international de th\u00e9\u00e2tre de rue, attirant des artistes du monde entier.<\/p><h3 data-start=\"1642\" data-end=\"1652\">Salers<\/h3><p data-start=\"1654\" data-end=\"2038\">Class\u00e9 parmi les &#8220;Plus Beaux Villages de France&#8221;, Salers est un joyau m\u00e9di\u00e9val perch\u00e9 \u00e0 950 m\u00e8tres d&#8217;altitude. Ses maisons en pierre volcanique, ses toits en lauze et ses remparts t\u00e9moignent d&#8217;un riche pass\u00e9 historique. Le village offre une vue imprenable sur les monts du Cantal et constitue un point de d\u00e9part id\u00e9al pour des randonn\u00e9es vers le Puy Mary ou les vall\u00e9es environnantes.<\/p><h3 data-start=\"2040\" data-end=\"2054\">Tournemire<\/h3><p data-start=\"2056\" data-end=\"2418\">Autre village class\u00e9, Tournemire s\u00e9duit par son charme authentique et son patrimoine pr\u00e9serv\u00e9. Le Ch\u00e2teau d&#8217;Anjony, forteresse du XVe si\u00e8cle, domine le village et offre des visites guid\u00e9es pour d\u00e9couvrir son histoire et ses fresques remarquables. Les ruelles \u00e9troites et les maisons traditionnelles conf\u00e8rent \u00e0 Tournemire une atmosph\u00e8re paisible et intemporelle.<\/p><h2 data-start=\"2420\" data-end=\"2457\"><span style=\"font-size: 18pt;\">Sites touristiques incontournables<\/span><\/h2><h3 data-start=\"2459\" data-end=\"2474\">Le Puy Mary<\/h3><p data-start=\"2476\" data-end=\"2831\">Symbole du Cantal, le Puy Mary est un sommet embl\u00e9matique culminant \u00e0 1 787 m\u00e8tres. Class\u00e9 Grand Site de France, il offre un panorama exceptionnel sur les vall\u00e9es glaciaires et les monts environnants. Un sentier am\u00e9nag\u00e9 permet d&#8217;acc\u00e9der au sommet en une trentaine de minutes, offrant aux randonneurs une exp\u00e9rience inoubliable au c\u0153ur du volcan cantalien.<\/p><h3 data-start=\"2833\" data-end=\"2854\">Viaduc de Garabit<\/h3><p data-start=\"2856\" data-end=\"3172\">Chef-d&#8217;\u0153uvre de l&#8217;ing\u00e9nierie du XIXe si\u00e8cle, le Viaduc de Garabit a \u00e9t\u00e9 con\u00e7u par Gustave Eiffel. S&#8217;\u00e9levant \u00e0 122 m\u00e8tres au-dessus de la Truy\u00e8re, ce pont ferroviaire impressionne par son architecture audacieuse et sa couleur rouge distinctive. Illumin\u00e9 \u00e0 la nuit tomb\u00e9e, il offre un spectacle f\u00e9\u00e9rique aux visiteurs.<\/p><h3 data-start=\"3174\" data-end=\"3199\">Gorges de la Jordanne<\/h3><p data-start=\"3201\" data-end=\"3520\">Situ\u00e9es \u00e0 proximit\u00e9 d&#8217;Aurillac, les gorges de la Jordanne offrent un parcours am\u00e9nag\u00e9 de 4 km le long de passerelles et de sentiers balis\u00e9s. Ce site naturel permet de d\u00e9couvrir des formations g\u00e9ologiques uniques, une flore luxuriante et des cascades rafra\u00eechissantes, le tout dans une ambiance paisible et ressour\u00e7ante.<\/p><h2 data-start=\"3522\" data-end=\"3547\"><span style=\"font-size: 18pt;\">Activit\u00e9s de plein air<\/span><\/h2><p data-start=\"3549\" data-end=\"4088\">Le Cantal est un v\u00e9ritable paradis pour les amateurs d&#8217;activit\u00e9s de plein air. Avec plus de 2 000 km de sentiers balis\u00e9s, la randonn\u00e9e est reine dans le d\u00e9partement. Les itin\u00e9raires varient des promenades familiales aux treks plus exigeants, notamment autour des sommets du Plomb du Cantal et du Puy Mary. Les cyclistes trouveront \u00e9galement leur bonheur avec des routes panoramiques et des cols d\u00e9fiant les plus aguerris. En hiver, la station du Lioran propose du ski alpin, du ski de fond et des activit\u00e9s nordiques pour tous les niveaux.<\/p><h2 data-start=\"4090\" data-end=\"4111\"><span style=\"font-size: 18pt;\">Cantal &#8211; Gastronomie locale<\/span><\/h2><p data-start=\"4113\" data-end=\"4658\">La richesse gastronomique du Cantal refl\u00e8te son terroir g\u00e9n\u00e9reux. Parmi les sp\u00e9cialit\u00e9s embl\u00e9matiques, le fromage Cantal, l&#8217;un des plus anciens fromages fran\u00e7ais, se d\u00e9cline en plusieurs affinages, du jeune au vieux, offrant une palette de saveurs vari\u00e9es. La viande de Salers, issue de la race bovine \u00e9ponyme, est r\u00e9put\u00e9e pour sa tendret\u00e9 et son go\u00fbt prononc\u00e9. Les plats traditionnels tels que la truffade, \u00e0 base de pommes de terre et de fromage fondu, ou le pounti, un cake sal\u00e9 aux herbes et aux pruneaux, raviront les papilles des gourmets.<\/p><h2 data-start=\"4660\" data-end=\"4698\"><span style=\"font-size: 18pt;\">R\u00e9gions et d\u00e9partements limitrophes<\/span><\/h2><p data-start=\"4700\" data-end=\"4791\">Le Cantal est entour\u00e9 de plusieurs d\u00e9partements, chacun offrant des attraits particuliers :<\/p><ul data-start=\"4793\" data-end=\"5017\"><li data-start=\"4793\" data-end=\"4886\"><p data-start=\"4795\" data-end=\"4886\"><strong data-start=\"4795\" data-end=\"4810\">Puy-de-D\u00f4me<\/strong> : au nord, connu pour la cha\u00eene des Puys et le parc d&#8217;attractions Vulcania.<\/p><\/li><li data-start=\"4888\" data-end=\"4986\"><p data-start=\"4890\" data-end=\"4986\"><strong data-start=\"4890\" data-end=\"4905\">Haute-Loire<\/strong> : \u00e0 l&#8217;est, offrant des paysages vallonn\u00e9s et le site historique du Puy-en-Velay.<\/p><\/li><li data-start=\"4988\" data-end=\"5017\"><p data-start=\"4990\" data-end=\"5017\"><strong data-start=\"4990\" data-end=\"5001\">Aveyron<\/strong> : au sud<\/p><\/li><\/ul><\/div><h2 data-start=\"0\" data-end=\"61\"><span style=\"font-size: 18pt;\"><strong data-start=\"4\" data-end=\"59\">La Montagne du Cantal : Un Massif Volcanique Unique<\/strong><\/span><\/h2><p data-start=\"63\" data-end=\"598\">Le <strong data-start=\"66\" data-end=\"86\">massif du Cantal<\/strong> est l\u2019un des plus anciens et des plus vastes volcans d\u2019Europe. Form\u00e9 il y a plusieurs millions d\u2019ann\u00e9es, ce relief spectaculaire est le c\u0153ur battant du d\u00e9partement. Ses paysages sont marqu\u00e9s par des cr\u00eates escarp\u00e9es, des vall\u00e9es glaciaires et des plateaux verdoyants o\u00f9 paissent les c\u00e9l\u00e8bres vaches Salers. Le <strong data-start=\"397\" data-end=\"416\">Plomb du Cantal<\/strong>, point culminant du massif \u00e0 1 855 m\u00e8tres, offre un panorama \u00e0 couper le souffle sur les monts d\u2019Auvergne et la diversit\u00e9 g\u00e9ologique qui compose cette terre fa\u00e7onn\u00e9e par le temps.<\/p><p data-start=\"600\" data-end=\"1128\">Les <strong data-start=\"604\" data-end=\"627\">montagnes du Cantal<\/strong> sont le paradis des amoureux de la nature et des activit\u00e9s de plein air. La randonn\u00e9e y est reine, avec des sentiers mythiques comme l\u2019ascension du <strong data-start=\"776\" data-end=\"788\">Puy Mary<\/strong>, Grand Site de France, ou encore les travers\u00e9es du GR400 qui d\u00e9voilent des panoramas d\u2019une beaut\u00e9 saisissante. En hiver, les reliefs enneig\u00e9s du <strong data-start=\"934\" data-end=\"944\">Lioran<\/strong> attirent skieurs et amateurs de raquettes, tandis que le parapente permet de survoler les vall\u00e9es en toute saison, offrant une perspective unique sur ce paysage volcanique pr\u00e9serv\u00e9.<\/p><p data-start=\"1130\" data-end=\"1637\">Mais la montagne cantalienne ne se limite pas \u00e0 sa beaut\u00e9 brute. Elle est aussi un territoire de <strong data-start=\"1227\" data-end=\"1260\">traditions et de savoir-faire<\/strong>. L\u2019\u00e9levage bovin, qui prosp\u00e8re sur ces p\u00e2turages d\u2019altitude, donne naissance \u00e0 des produits du terroir embl\u00e9matiques comme le <strong data-start=\"1387\" data-end=\"1405\">fromage Cantal<\/strong> et la viande de <strong data-start=\"1422\" data-end=\"1432\">Salers<\/strong>. Les villages nich\u00e9s sur les flancs des monts, tels que <strong data-start=\"1489\" data-end=\"1498\">Murat<\/strong> ou <strong data-start=\"1502\" data-end=\"1514\">Le Claux<\/strong>, conservent un patrimoine architectural authentique, t\u00e9moignant du lien profond entre l\u2019homme et cette nature grandiose.<\/p><h2 data-start=\"1644\" data-end=\"1706\"><span style=\"font-size: 18pt;\"><strong data-start=\"1648\" data-end=\"1704\">Dans Nos C\u0153urs, Cantal : Un Attachement Ind\u00e9fectible<\/strong><\/span><\/h2><p data-start=\"1708\" data-end=\"2258\">Le <strong data-start=\"1711\" data-end=\"1721\">Cantal<\/strong>, c\u2019est bien plus qu\u2019un territoire : c\u2019est un \u00e9tat d\u2019esprit, un attachement ind\u00e9fectible \u00e0 une terre de caract\u00e8re. Ses habitants, qu\u2019ils soient natifs ou adopt\u00e9s, partagent une fiert\u00e9 commune pour cette r\u00e9gion \u00e0 la fois rude et g\u00e9n\u00e9reuse. Loin de l\u2019agitation des grandes m\u00e9tropoles, la vie y suit un rythme o\u00f9 la nature impose sa cadence, entre \u00e9t\u00e9 verdoyant et hiver rigoureux. Cette authenticit\u00e9 fait du Cantal un lieu o\u00f9 l\u2019on revient toujours, port\u00e9 par une <strong data-start=\"2182\" data-end=\"2255\">nostalgie empreinte de paysages majestueux et de souvenirs chaleureux<\/strong>.<\/p><p data-start=\"2260\" data-end=\"2781\">Cet amour du <strong data-start=\"2273\" data-end=\"2291\">pays cantalien<\/strong> se refl\u00e8te dans la culture locale et les traditions transmises de g\u00e9n\u00e9ration en g\u00e9n\u00e9ration. Les festivals, comme celui de <strong data-start=\"2414\" data-end=\"2442\">la Saint-Urbain \u00e0 Salers<\/strong> ou le <strong data-start=\"2449\" data-end=\"2490\">Festival de Th\u00e9\u00e2tre de Rue d\u2019Aurillac<\/strong>, sont des moments forts o\u00f9 la convivialit\u00e9 et la passion du territoire s\u2019expriment pleinement. Les musiques et danses folkloriques, le patois encore parl\u00e9 dans certaines vall\u00e9es, ainsi que la gastronomie rustique et g\u00e9n\u00e9reuse, sont autant de t\u00e9moins de cette identit\u00e9 profond\u00e9ment ancr\u00e9e.<\/p><p data-start=\"2783\" data-end=\"3286\" data-is-last-node=\"\" data-is-only-node=\"\">\u00ab <strong data-start=\"2785\" data-end=\"2811\">Dans nos c\u0153urs, Cantal<\/strong> \u00bb n\u2019est pas qu\u2019une simple expression : c\u2019est une \u00e9motion partag\u00e9e par ceux qui ont eu la chance de d\u00e9couvrir cette terre d\u2019exception. Que l\u2019on y soit n\u00e9 ou que l\u2019on y ait simplement voyag\u00e9, le Cantal laisse une empreinte ind\u00e9l\u00e9bile. C\u2019est une r\u00e9gion qui invite \u00e0 l\u2019\u00e9vasion, \u00e0 la contemplation et \u00e0 la reconnexion avec l\u2019essentiel. Un lieu o\u00f9 la nature et l\u2019histoire se m\u00ealent harmonieusement, offrant \u00e0 chacun une parenth\u00e8se hors du temps, grav\u00e9e \u00e0 jamais dans les c\u0153urs.<\/p><\/div><\/div><\/div><\/div><\/div><\/div><\/div><\/article><article class=\"w-full text-token-text-primary focus-visible:outline-2 focus-visible:outline-offset-[-4px]\" dir=\"auto\" data-testid=\"conversation-turn-5\" data-scroll-anchor=\"false\"><div class=\"m-auto text-base py-[18px] px-6\"><div class=\"mx-auto flex flex-1 text-base gap-4 md:gap-5 lg:gap-6 md:max-w-3xl lg:max-w-[40rem] xl:max-w-[48rem]\"><div class=\"group\/conversation-turn relative flex w-full min-w-0 flex-col agent-turn @xs\/thread:px-0 @sm\/thread:px-1.5 @md\/thread:px-4\"><div class=\"flex-col gap-1 md:gap-3\"><div class=\"flex max-w-full flex-col flex-grow\"><div class=\"min-h-8 text-message flex w-full flex-col items-end gap-2 whitespace-normal break-words text-start [.text-message+&amp;]:mt-5\" dir=\"auto\" data-message-author-role=\"assistant\" data-message-id=\"ee99bd05-af25-4f54-9dcb-1324e7cdaf40\" data-message-model-slug=\"gpt-4o\"><div class=\"flex w-full flex-col gap-1 empty:hidden first:pt-[3px]\"><div class=\"markdown prose w-full break-words dark:prose-invert light\"><h2 data-start=\"0\" data-end=\"75\">Foire Aux Questions (FAQ) sur le <strong data-start=\"36\" data-end=\"58\">Cantal d\u00e9partement<\/strong> et le tourisme<\/h2><h3 data-start=\"77\" data-end=\"144\">Quels sont les sites touristiques incontournables du Cantal ?<\/h3><p data-start=\"145\" data-end=\"413\">Le Cantal regorge de sites naturels et historiques remarquables. Parmi les incontournables, on trouve le <strong data-start=\"250\" data-end=\"262\">Puy Mary<\/strong>, le <strong data-start=\"267\" data-end=\"286\">Plomb du Cantal<\/strong>, le <strong data-start=\"291\" data-end=\"312\">Viaduc de Garabit<\/strong>, les <strong data-start=\"318\" data-end=\"343\">Gorges de la Jordanne<\/strong>, ainsi que les villages class\u00e9s comme <strong data-start=\"382\" data-end=\"392\">Salers<\/strong> et <strong data-start=\"396\" data-end=\"410\">Tournemire<\/strong>.<\/p><h3 data-start=\"415\" data-end=\"477\">Quelle est la meilleure p\u00e9riode pour visiter le Cantal ?<\/h3><p data-start=\"478\" data-end=\"831\">Le Cantal peut \u00eatre visit\u00e9 toute l\u2019ann\u00e9e selon vos pr\u00e9f\u00e9rences. L\u2019\u00e9t\u00e9 est id\u00e9al pour les randonn\u00e9es et la d\u00e9couverte des villages pittoresques, tandis que l\u2019hiver est parfait pour les sports de neige dans la station du <strong data-start=\"697\" data-end=\"707\">Lioran<\/strong>. L\u2019automne offre de magnifiques couleurs dans les vall\u00e9es et le printemps permet d\u2019admirer la nature en pleine floraison.<\/p><h3 data-start=\"833\" data-end=\"890\">Quelles sont les sp\u00e9cialit\u00e9s culinaires du Cantal ?<\/h3><p data-start=\"891\" data-end=\"1137\">Le Cantal est r\u00e9put\u00e9 pour ses <strong data-start=\"921\" data-end=\"933\">fromages<\/strong> (Cantal, Salers, Bleu d\u2019Auvergne), sa <strong data-start=\"972\" data-end=\"992\">viande de Salers<\/strong>, ainsi que ses plats traditionnels comme la <strong data-start=\"1037\" data-end=\"1049\">truffade<\/strong>, l\u2019<strong data-start=\"1053\" data-end=\"1063\">aligot<\/strong>, le <strong data-start=\"1068\" data-end=\"1078\">pounti<\/strong> (un cake sal\u00e9 aux pruneaux), et la <strong data-start=\"1114\" data-end=\"1134\">pot\u00e9e auvergnate<\/strong>.<\/p><h3 data-start=\"1139\" data-end=\"1197\">Quelles activit\u00e9s peut-on pratiquer dans le Cantal ?<\/h3><p data-start=\"1198\" data-end=\"1497\">Le Cantal offre une multitude d\u2019activit\u00e9s de plein air : <strong data-start=\"1255\" data-end=\"1268\">randonn\u00e9e<\/strong>, <strong data-start=\"1270\" data-end=\"1277\">VTT<\/strong>, <strong data-start=\"1279\" data-end=\"1292\">parapente<\/strong>, <strong data-start=\"1294\" data-end=\"1312\">sports d\u2019hiver<\/strong> (ski alpin, ski de fond, raquettes), <strong data-start=\"1350\" data-end=\"1382\">baignade et sports nautiques<\/strong> sur les lacs et rivi\u00e8res, ainsi que <strong data-start=\"1419\" data-end=\"1442\">visites culturelles<\/strong> dans ses nombreux ch\u00e2teaux et villages de caract\u00e8re.<\/p><h3 data-start=\"1499\" data-end=\"1534\">O\u00f9 randonner dans le Cantal ?<\/h3><p data-start=\"1535\" data-end=\"1784\">Les meilleurs spots de randonn\u00e9e incluent le <strong data-start=\"1580\" data-end=\"1592\">Puy Mary<\/strong>, le <strong data-start=\"1597\" data-end=\"1616\">Plomb du Cantal<\/strong>, la <strong data-start=\"1621\" data-end=\"1646\">Vall\u00e9e de la Jordanne<\/strong>, le <strong data-start=\"1651\" data-end=\"1668\">Lac du P\u00eacher<\/strong>, et les <strong data-start=\"1677\" data-end=\"1701\">Gorges de la Truy\u00e8re<\/strong>. Il existe plus de <strong data-start=\"1721\" data-end=\"1753\">2 000 km de sentiers balis\u00e9s<\/strong>, adapt\u00e9s \u00e0 tous les niveaux.<\/p><h3 data-start=\"1786\" data-end=\"1833\">Quel est le plus beau village du Cantal ?<\/h3><p data-start=\"1834\" data-end=\"2074\"><strong data-start=\"1834\" data-end=\"1844\">Salers<\/strong>, class\u00e9 parmi les &#8220;Plus Beaux Villages de France&#8221;, est souvent consid\u00e9r\u00e9 comme le plus beau village du d\u00e9partement. Son architecture m\u00e9di\u00e9vale et sa vue imprenable sur les monts du Cantal en font une destination incontournable.<\/p><h3 data-start=\"2076\" data-end=\"2127\">Y a-t-il des stations de ski dans le Cantal ?<\/h3><p data-start=\"2128\" data-end=\"2343\">Oui, la <strong data-start=\"2136\" data-end=\"2157\">station du Lioran<\/strong> est la plus grande station de ski du Massif central. Elle propose du <strong data-start=\"2227\" data-end=\"2240\">ski alpin<\/strong>, du <strong data-start=\"2245\" data-end=\"2260\">ski de fond<\/strong>, des <strong data-start=\"2266\" data-end=\"2293\">randonn\u00e9es en raquettes<\/strong>, ainsi que des activit\u00e9s pour toute la famille.<\/p><h3 data-start=\"2345\" data-end=\"2385\">Comment se rendre dans le Cantal ?<\/h3><p data-start=\"2386\" data-end=\"2624\">Le Cantal est accessible en voiture via l\u2019<strong data-start=\"2428\" data-end=\"2445\">autoroute A75<\/strong> (depuis Clermont-Ferrand ou Montpellier). En train, la gare d\u2019<strong data-start=\"2508\" data-end=\"2520\">Aurillac<\/strong> dessert plusieurs villes. L\u2019<strong data-start=\"2549\" data-end=\"2572\">a\u00e9roport d\u2019Aurillac<\/strong> permet aussi des liaisons a\u00e9riennes depuis Paris.<\/p><h3 data-start=\"2626\" data-end=\"2683\">Quels sont les d\u00e9partements limitrophes du Cantal ?<\/h3><p data-start=\"2684\" data-end=\"2856\">Le Cantal est entour\u00e9 par le <strong data-start=\"2713\" data-end=\"2728\">Puy-de-D\u00f4me<\/strong> au nord, la <strong data-start=\"2741\" data-end=\"2756\">Haute-Loire<\/strong> \u00e0 l\u2019est, l\u2019<strong data-start=\"2768\" data-end=\"2779\">Aveyron<\/strong> et le <strong data-start=\"2786\" data-end=\"2793\">Lot<\/strong> au sud, ainsi que la <strong data-start=\"2815\" data-end=\"2826\">Corr\u00e8ze<\/strong> et le <strong data-start=\"2833\" data-end=\"2843\">Cantal<\/strong> \u00e0 l\u2019ouest.<\/p><h3 data-start=\"2858\" data-end=\"2927\">Le Cantal est-il un bon choix pour un s\u00e9jour en pleine nature ?<\/h3><p data-start=\"2928\" data-end=\"3138\">Absolument ! Avec ses vastes espaces, ses paysages volcaniques spectaculaires et sa faible densit\u00e9 de population, le Cantal est un v\u00e9ritable havre de paix pour les amoureux de <strong data-start=\"3104\" data-end=\"3135\">nature et de grands espaces<\/strong>.<\/p><\/div><\/div><\/div><\/div><\/div><\/div><\/div><\/div><\/article>\t\t\t\t\t\t\t\t<\/div>\n\t\t\t\t\t<\/div>\n\t\t\t\t<\/div>\n\t\t<aside class=\"elementor-element elementor-element-4e234d63 e-flex e-con-boxed e-con e-parent\" data-id=\"4e234d63\" data-element_type=\"container\" data-e-type=\"container\">\n\t\t\t\t\t<div class=\"e-con-inner\">\n\t\t\t\t<div class=\"elementor-element elementor-element-19a131ee elementor-widget elementor-widget-listeo-posts-grid\" data-id=\"19a131ee\" data-element_type=\"widget\" data-e-type=\"widget\" data-widget_type=\"listeo-posts-grid.default\">\n\t\t\t\t<div class=\"elementor-widget-container\">\n\t\t\t\t\t\t\t\n\t\t<div class=\"listeo-post-grid-wrapper\">\n\t\t\t<div class=\"row\">\n\n\t\t\t\n\n\t\t\t\t\t\t\t<div class=\"col-md-4\">\n                <a href=\"https:\/\/cparici.com\/fr\/roumegoux-cantal\/\" class=\"blog-compact-item-container\">\n                    <div class=\"blog-compact-item\">\n                        <img decoding=\"async\" width=\"577\" height=\"228\" src=\"https:\/\/cparici.com\/wp-content\/uploads\/2026\/02\/Roumegoux-577x228.jpg\" class=\"attachment-listeo-blog-related-post size-listeo-blog-related-post wp-post-image\" alt=\"Roum\u00e9goux\" srcset=\"https:\/\/cparici.com\/wp-content\/uploads\/2026\/02\/Roumegoux-577x228.jpg 577w, https:\/\/cparici.com\/wp-content\/uploads\/2026\/02\/Roumegoux-300x119.jpg 300w, https:\/\/cparici.com\/wp-content\/uploads\/2026\/02\/Roumegoux-1024x405.jpg 1024w, https:\/\/cparici.com\/wp-content\/uploads\/2026\/02\/Roumegoux-768x304.jpg 768w, https:\/\/cparici.com\/wp-content\/uploads\/2026\/02\/Roumegoux-18x7.jpg 18w, https:\/\/cparici.com\/wp-content\/uploads\/2026\/02\/Roumegoux-590x233.jpg 590w, https:\/\/cparici.com\/wp-content\/uploads\/2026\/02\/Roumegoux-1200x474.jpg 1200w, https:\/\/cparici.com\/wp-content\/uploads\/2026\/02\/Roumegoux-600x237.jpg 600w, https:\/\/cparici.com\/wp-content\/uploads\/2026\/02\/Roumegoux.jpg 1536w\" sizes=\"(max-width: 577px) 100vw, 577px\" \/><span class=\"blog-item-tag\">Cantal (d\u00e9partement)<\/span>                        \n                        <div class=\"blog-compact-item-content\">\n                                                        <h3>Roumegoux<\/h3>\n                                                        <p>Recherches populaires Categories Pas de r\u00e9sultats Voir tous les r\u00e9sultats Rom\u00e9goux : hameau authentique du...                            <\/p>\n                                                    <\/div>\n                    <\/div>\n                <\/a>\n            <\/div>\n\t\t\t<div class=\"col-md-4\">\n                <a href=\"https:\/\/cparici.com\/fr\/monts-du-cantal-le-guide-complet\/\" class=\"blog-compact-item-container\">\n                    <div class=\"blog-compact-item\">\n                        <img decoding=\"async\" width=\"577\" height=\"204\" src=\"https:\/\/cparici.com\/wp-content\/uploads\/2026\/02\/Monts-du-Cantal-577x204.jpg\" class=\"attachment-listeo-blog-related-post size-listeo-blog-related-post wp-post-image\" alt=\"Monts du Cantal\" srcset=\"https:\/\/cparici.com\/wp-content\/uploads\/2026\/02\/Monts-du-Cantal-577x204.jpg 577w, https:\/\/cparici.com\/wp-content\/uploads\/2026\/02\/Monts-du-Cantal-300x106.jpg 300w, https:\/\/cparici.com\/wp-content\/uploads\/2026\/02\/Monts-du-Cantal-1024x362.jpg 1024w, https:\/\/cparici.com\/wp-content\/uploads\/2026\/02\/Monts-du-Cantal-768x271.jpg 768w, https:\/\/cparici.com\/wp-content\/uploads\/2026\/02\/Monts-du-Cantal-18x6.jpg 18w, https:\/\/cparici.com\/wp-content\/uploads\/2026\/02\/Monts-du-Cantal-590x208.jpg 590w, https:\/\/cparici.com\/wp-content\/uploads\/2026\/02\/Monts-du-Cantal-1200x424.jpg 1200w, https:\/\/cparici.com\/wp-content\/uploads\/2026\/02\/Monts-du-Cantal-600x212.jpg 600w, https:\/\/cparici.com\/wp-content\/uploads\/2026\/02\/Monts-du-Cantal.jpg 1500w\" sizes=\"(max-width: 577px) 100vw, 577px\" \/><span class=\"blog-item-tag\">Auvergne Rh\u00f4ne Alpes<\/span>                        \n                        <div class=\"blog-compact-item-content\">\n                                                        <h3>Monts du Cantal : le guide complet<\/h3>\n                                                        <p>Recherches populaires Categories Pas de r\u00e9sultats Voir tous les r\u00e9sultats Monts du Cantal : le...                            <\/p>\n                                                    <\/div>\n                    <\/div>\n                <\/a>\n            <\/div>\n\t\t\t<div class=\"col-md-4\">\n                <a href=\"https:\/\/cparici.com\/fr\/cantal\/\" class=\"blog-compact-item-container\">\n                    <div class=\"blog-compact-item\">\n                        <img decoding=\"async\" width=\"577\" height=\"204\" src=\"https:\/\/cparici.com\/wp-content\/uploads\/2025\/02\/cparici-12-577x204.png\" class=\"attachment-listeo-blog-related-post size-listeo-blog-related-post wp-post-image\" alt=\"Cantal paysages\" srcset=\"https:\/\/cparici.com\/wp-content\/uploads\/2025\/02\/cparici-12-577x204.png 577w, https:\/\/cparici.com\/wp-content\/uploads\/2025\/02\/cparici-12-300x106.png 300w, https:\/\/cparici.com\/wp-content\/uploads\/2025\/02\/cparici-12-1024x362.png 1024w, https:\/\/cparici.com\/wp-content\/uploads\/2025\/02\/cparici-12-768x271.png 768w, https:\/\/cparici.com\/wp-content\/uploads\/2025\/02\/cparici-12-590x208.png 590w, https:\/\/cparici.com\/wp-content\/uploads\/2025\/02\/cparici-12-1200x424.png 1200w, https:\/\/cparici.com\/wp-content\/uploads\/2025\/02\/cparici-12-600x212.png 600w, https:\/\/cparici.com\/wp-content\/uploads\/2025\/02\/cparici-12.png 1500w\" sizes=\"(max-width: 577px) 100vw, 577px\" \/><span class=\"blog-item-tag\">Auvergne Rh\u00f4ne Alpes<\/span>                        \n                        <div class=\"blog-compact-item-content\">\n                                                        <h3>Le Cantal<\/h3>\n                                                        <p>Recherches populaires Categories Pas de r\u00e9sultats Voir tous les r\u00e9sultats Le Cantal Le d\u00e9partement du...                            <\/p>\n                                                    <\/div>\n                    <\/div>\n                <\/a>\n            <\/div>\n  <\/div>\n        <\/div>\n        \t\t\t\t<\/div>\n\t\t\t\t<\/div>\n\t\t\t\t\t<\/div>\n\t\t\t\t<\/aside>\n\t\t\t\t<\/div>\n\t\t","protected":false},"excerpt":{"rendered":"<p>Recherches populaires Categories Pas de r\u00e9sultats Voir tous les r\u00e9sultats Le Cantal Le d\u00e9partement du Cantal est une terre de contrastes et de richesses naturelles, situ\u00e9e au c\u0153ur de l&#8217;Auvergne-Rh\u00f4ne-Alpes. Ce territoire, fa\u00e7onn\u00e9 par une histoire volcanique intense, offre des paysages \u00e9poustouflants, des villages pittoresques et un patrimoine culturel riche. Que vous soyez amateur de [&hellip;]<\/p>\n","protected":false},"author":97,"featured_media":58134,"comment_status":"closed","ping_status":"closed","sticky":false,"template":"","format":"standard","meta":{"ngg_post_thumbnail":0,"footnotes":""},"categories":[2510,1167,2563,477],"tags":[883],"class_list":["post-58129","post","type-post","status-publish","format-standard","has-post-thumbnail","hentry","category-cantal-departement","category-auvergne-rhone-alpes","category-departement-de-france","category-france","tag-departement"],"_links":{"self":[{"href":"https:\/\/cparici.com\/fr\/wp-json\/wp\/v2\/posts\/58129","targetHints":{"allow":["GET"]}}],"collection":[{"href":"https:\/\/cparici.com\/fr\/wp-json\/wp\/v2\/posts"}],"about":[{"href":"https:\/\/cparici.com\/fr\/wp-json\/wp\/v2\/types\/post"}],"author":[{"embeddable":true,"href":"https:\/\/cparici.com\/fr\/wp-json\/wp\/v2\/users\/97"}],"replies":[{"embeddable":true,"href":"https:\/\/cparici.com\/fr\/wp-json\/wp\/v2\/comments?post=58129"}],"version-history":[{"count":0,"href":"https:\/\/cparici.com\/fr\/wp-json\/wp\/v2\/posts\/58129\/revisions"}],"wp:featuredmedia":[{"embeddable":true,"href":"https:\/\/cparici.com\/fr\/wp-json\/wp\/v2\/media\/58134"}],"wp:attachment":[{"href":"https:\/\/cparici.com\/fr\/wp-json\/wp\/v2\/media?parent=58129"}],"wp:term":[{"taxonomy":"category","embeddable":true,"href":"https:\/\/cparici.com\/fr\/wp-json\/wp\/v2\/categories?post=58129"},{"taxonomy":"post_tag","embeddable":true,"href":"https:\/\/cparici.com\/fr\/wp-json\/wp\/v2\/tags?post=58129"}],"curies":[{"name":"wp","href":"https:\/\/api.w.org\/{rel}","templated":true}]}}