{"id":58281,"date":"2025-02-27T11:30:47","date_gmt":"2025-02-27T10:30:47","guid":{"rendered":"https:\/\/cparici.com\/?p=58281"},"modified":"2025-03-29T19:19:08","modified_gmt":"2025-03-29T18:19:08","slug":"correze","status":"publish","type":"post","link":"https:\/\/cparici.com\/fr\/correze\/","title":{"rendered":"La Corr\u00e8ze un d\u00e9partement \u00e0 d\u00e9couvrir"},"content":{"rendered":"\t\t<div data-elementor-type=\"wp-post\" data-elementor-id=\"58281\" class=\"elementor elementor-58281\" data-elementor-post-type=\"post\">\n\t\t\t\t<div class=\"elementor-element elementor-element-1ebb113 e-con-full e-flex e-con e-parent\" data-id=\"1ebb113\" data-element_type=\"container\" data-e-type=\"container\">\n\t\t\t\t<div class=\"elementor-element elementor-element-a922b61 elementor-widget elementor-widget-image\" data-id=\"a922b61\" data-element_type=\"widget\" data-e-type=\"widget\" data-widget_type=\"image.default\">\n\t\t\t\t\t\t\t\t\t\t\t\t\t\t\t<img decoding=\"async\" width=\"1500\" height=\"530\" src=\"https:\/\/cparici.com\/wp-content\/uploads\/2025\/02\/cparici-2025-02-27T112356.113.jpg\" class=\"attachment-full size-full wp-image-58285\" alt=\"La Corr\u00e8ze le d\u00e9partement\" srcset=\"https:\/\/cparici.com\/wp-content\/uploads\/2025\/02\/cparici-2025-02-27T112356.113.jpg 1500w, https:\/\/cparici.com\/wp-content\/uploads\/2025\/02\/cparici-2025-02-27T112356.113-300x106.jpg 300w, https:\/\/cparici.com\/wp-content\/uploads\/2025\/02\/cparici-2025-02-27T112356.113-1024x362.jpg 1024w, https:\/\/cparici.com\/wp-content\/uploads\/2025\/02\/cparici-2025-02-27T112356.113-768x271.jpg 768w, https:\/\/cparici.com\/wp-content\/uploads\/2025\/02\/cparici-2025-02-27T112356.113-18x6.jpg 18w, https:\/\/cparici.com\/wp-content\/uploads\/2025\/02\/cparici-2025-02-27T112356.113-590x208.jpg 590w, https:\/\/cparici.com\/wp-content\/uploads\/2025\/02\/cparici-2025-02-27T112356.113-1200x424.jpg 1200w, https:\/\/cparici.com\/wp-content\/uploads\/2025\/02\/cparici-2025-02-27T112356.113-577x204.jpg 577w, https:\/\/cparici.com\/wp-content\/uploads\/2025\/02\/cparici-2025-02-27T112356.113-600x212.jpg 600w\" sizes=\"(max-width: 1500px) 100vw, 1500px\" \/>\t\t\t\t\t\t\t\t\t\t\t\t\t\t\t<\/div>\n\t\t\t\t<\/div>\n\t\t<div class=\"elementor-element elementor-element-ed7cf46 e-flex e-con-boxed e-con e-parent\" data-id=\"ed7cf46\" data-element_type=\"container\" data-e-type=\"container\">\n\t\t\t\t\t<div class=\"e-con-inner\">\n\t\t\t\t<div class=\"elementor-element elementor-element-d714eb0 elementor-widget elementor-widget-global elementor-global-62046 elementor-widget-eael-advanced-search\" data-id=\"d714eb0\" data-element_type=\"widget\" data-e-type=\"widget\" data-widget_type=\"eael-advanced-search.default\">\n\t\t\t\t\t        <div class=\"eael-adv-search-wrapper\">\n            <div id=\"eael-advanced-search-widget-d714eb0\" class=\"eael-advanced-search-widget\">\n                <form data-settings=\"{&quot;post_per_page&quot;:5,&quot;search_among_taxonomies&quot;:&quot;&quot;,&quot;search_among_sku&quot;:&quot;no&quot;,&quot;show_popular_keyword&quot;:0,&quot;show_category&quot;:0,&quot;show_content_image&quot;:1,&quot;show_search_result_all_results&quot;:0,&quot;result_on_new_tab&quot;:&quot;no&quot;,&quot;show_product_price&quot;:&quot;no&quot;,&quot;include_current_page&quot;:&quot;no&quot;,&quot;current_post_id&quot;:58281,&quot;post_type&quot;:[&quot;post&quot;,&quot;listing&quot;]}\" method=\"POST\" name=\"eael-advanced-search-form-d714eb0\" class=\"eael-advanced-search-form eael-advanced-search-form-style-2\">\n                    <div class=\"eael-advanced-search-wrap\">\n                        <span class=\"eael-adv-search-loader\"><\/span>\n                        <span class=\"eael-adv-search-close\"><i class=\"fas fa-times\"><\/i><\/span>\n                        <span class=\"icon \"><i class=\"fas fa-search\"><\/i><\/span>\n\n                        <input type=\"text\"\n                               placeholder=\"Votre destination\"\n                               class=\"eael-advanced-search\" autocomplete=\"off\" name=\"eael_advanced_search\">\n                    <\/div>\n\t\t\t\t\t                                    <\/form>\n\n\t\t\t\t\n\t\t\t\t        <div class=\"eael-advanced-search-result\">\n            <div class=\"eael-advanced-search-popular-keyword\">\n\t\t\t\t<h4 class=\"eael-advanced-search-popular-keyword-text\">Recherches populaires<\/h4>                <div class=\"eael-popular-keyword-content\"><\/div>\n            <\/div>\n            <div class=\"eael-advanced-search-category\">\n\t\t\t\t<h4 class=\"eael-advanced-search-category-text\">Categories<\/h4>                <div class=\"eael-popular-category-content\"><\/div>\n            <\/div>\n\t\t\t<div class=\"eael-advanced-search-total-results-section\">\n\t\t\t\t\t\t\t<\/div>\n            <div class=\"eael-advanced-search-content eael-item-style-3\">\n            <\/div>\n            <div class=\"eael-advanced-search-not-found\">\n                <p>Pas de r\u00e9sultats<\/p><\/div>\n            <div class=\"eael-advanced-search-load-more\">\n\t\t\t\t<a \tclass=\"eael-advanced-search-load-more-button\"\n                \thref=\"#\">Voir tous les r\u00e9sultats<\/a>\n            <\/div>\n        <\/div>\n\n\t\t            <\/div>\n        <\/div>\n\n\t\t\t\t\t\t<\/div>\n\t\t\t\t\t<\/div>\n\t\t\t\t<\/div>\n\t\t<div class=\"elementor-element elementor-element-5626b77c e-flex e-con-boxed e-con e-parent\" data-id=\"5626b77c\" data-element_type=\"container\" data-e-type=\"container\">\n\t\t\t\t\t<div class=\"e-con-inner\">\n\t\t\t\t<div class=\"elementor-element elementor-element-6faf6e4b elementor-widget elementor-widget-text-editor\" data-id=\"6faf6e4b\" data-element_type=\"widget\" data-e-type=\"widget\" data-widget_type=\"text-editor.default\">\n\t\t\t\t\t\t\t\t\t<article class=\"w-full text-token-text-primary focus-visible:outline-2 focus-visible:outline-offset-[-4px]\" dir=\"auto\" data-testid=\"conversation-turn-3\" data-scroll-anchor=\"false\"><div class=\"m-auto text-base py-[18px] px-6\"><div class=\"mx-auto flex flex-1 text-base gap-4 md:gap-5 lg:gap-6 md:max-w-3xl lg:max-w-[40rem] xl:max-w-[48rem]\"><div class=\"group\/conversation-turn relative flex w-full min-w-0 flex-col agent-turn @xs\/thread:px-0 @sm\/thread:px-1.5 @md\/thread:px-4\"><div class=\"flex-col gap-1 md:gap-3\"><div class=\"flex max-w-full flex-col flex-grow\"><div class=\"min-h-8 text-message relative flex w-full flex-col items-end gap-2 whitespace-normal break-words text-start [.text-message+&]:mt-5\" dir=\"auto\" data-message-author-role=\"assistant\" data-message-id=\"a8b3eb94-68ce-4735-8a74-c1c4031a199f\" data-message-model-slug=\"gpt-4o\"><div class=\"flex w-full flex-col gap-1 empty:hidden first:pt-[3px]\"><div class=\"markdown prose w-full break-words dark:prose-invert light\"><h1 style=\"text-align: center;\" data-start=\"40\" data-end=\"414\"><span style=\"font-size: 18pt;\">La Corr\u00e8ze un d\u00e9partement \u00e0 d\u00e9couvrir<\/span><\/h1><p data-start=\"40\" data-end=\"414\">La <strong data-start=\"43\" data-end=\"54\">Corr\u00e8ze<\/strong> est un d\u00e9partement <a href=\"https:\/\/cparici.com\/departements-francais-carte-de-france\/\">situ\u00e9 dans le centre-ouest<\/a> de la France, au sein de la r\u00e9gion <a href=\"https:\/\/cparici.com\/nouvelle-aquitaine\/\">Nouvelle-Aquitaine<\/a>. Elle doit son nom \u00e0 la rivi\u00e8re Corr\u00e8ze qui la traverse. Sa pr\u00e9fecture est Tulle, bien que la ville la plus peupl\u00e9e soit Brive-la-Gaillarde. Ce territoire est r\u00e9put\u00e9 pour ses paysages diversifi\u00e9s, son riche patrimoine historique et sa gastronomie authentique.<\/p><h2 data-start=\"416\" data-end=\"464\"><span style=\"font-size: 18pt;\">Sites touristiques incontournables en Corr\u00e8ze<\/span><\/h2><p data-start=\"466\" data-end=\"631\">La Corr\u00e8ze offre une multitude de sites touristiques qui s\u00e9duiront les amateurs de nature, d\u2019histoire et de culture. Voici une s\u00e9lection des lieux \u00e0 ne pas manquer :<\/p><h3 data-start=\"633\" data-end=\"670\">Les plus beaux villages de France<\/h3><p data-start=\"672\" data-end=\"1034\">Le d\u00e9partement abrite plusieurs villages class\u00e9s parmi les <a href=\"https:\/\/cparici.com\/plus-beau-village-de-france\/\">\u201cPlus Beaux Villages de France\u201d<\/a>, tels que Collonges-la-Rouge, surnomm\u00e9 la \u201cCit\u00e9 aux vingt-cinq tours\u201d en raison de ses nombreuses tours m\u00e9di\u00e9vales, et Turenne, domin\u00e9 par les vestiges de son ch\u00e2teau fort. Ces villages offrent un voyage dans le temps avec leurs ruelles pav\u00e9es et leurs maisons en pierre.<\/p><h3 data-start=\"1036\" data-end=\"1061\">Les cascades de Gimel<\/h3><p data-start=\"1063\" data-end=\"1334\">Situ\u00e9es pr\u00e8s de Tulle, les cascades de Gimel sont un ensemble de trois chutes d\u2019eau spectaculaires totalisant une hauteur de 143 m\u00e8tres. Le site est am\u00e9nag\u00e9 pour permettre aux visiteurs de d\u00e9couvrir ce spectacle naturel impressionnant au c\u0153ur d\u2019une v\u00e9g\u00e9tation luxuriante.<\/p><h3 data-start=\"1336\" data-end=\"1365\">Le plateau de Millevaches<\/h3><p data-start=\"1367\" data-end=\"1652\">S\u2019\u00e9tendant sur le nord-est de la Corr\u00e8ze, le plateau de Millevaches est une vaste \u00e9tendue granitique parsem\u00e9e de landes, de for\u00eats et de tourbi\u00e8res. C\u2019est un paradis pour les randonneurs et les amoureux de la nature, offrant des panoramas \u00e0 couper le souffle et une biodiversit\u00e9 riche.<\/p><h3 data-start=\"1654\" data-end=\"1694\">Le mus\u00e9e du Pr\u00e9sident Jacques Chirac<\/h3><p data-start=\"1696\" data-end=\"1918\">Situ\u00e9 \u00e0 Sarran, ce mus\u00e9e est d\u00e9di\u00e9 \u00e0 l\u2019ancien pr\u00e9sident fran\u00e7ais Jacques Chirac. Il pr\u00e9sente une collection de cadeaux officiels re\u00e7us lors de ses mandats, offrant un aper\u00e7u unique des relations diplomatiques de la France.<\/p><h2 data-start=\"1920\" data-end=\"1955\"><span style=\"font-size: 18pt;\">Paysages et villes de la Corr\u00e8ze<\/span><\/h2><p data-start=\"1957\" data-end=\"2222\">La Corr\u00e8ze se caract\u00e9rise par une grande vari\u00e9t\u00e9 de paysages, allant des plateaux verdoyants aux vall\u00e9es encaiss\u00e9es, en passant par des for\u00eats denses et des rivi\u00e8res sinueuses. Cette diversit\u00e9 naturelle se refl\u00e8te \u00e9galement dans ses villes et villages pittoresques.<\/p><h3 data-start=\"2224\" data-end=\"2233\">Tulle<\/h3><p data-start=\"2235\" data-end=\"2508\">Pr\u00e9fecture du d\u00e9partement, Tulle est connue pour ses ruelles \u00e9troites et sinueuses, ses maisons \u00e0 colombages et son riche patrimoine artisanal, notamment la fabrication de la dentelle. La cath\u00e9drale Notre-Dame et le mus\u00e9e des Armes sont des sites embl\u00e9matiques de la ville.<\/p><h3 data-start=\"2510\" data-end=\"2532\">Brive-la-Gaillarde<\/h3><p data-start=\"2534\" data-end=\"2832\">Plus grande ville de la Corr\u00e8ze, Brive-la-Gaillarde est r\u00e9put\u00e9e pour son dynamisme culturel et \u00e9conomique. Son march\u00e9, l\u2019un des plus c\u00e9l\u00e8bres de la r\u00e9gion, offre une multitude de produits locaux. La coll\u00e9giale Saint-Martin et le mus\u00e9e Labenche sont des incontournables pour les amateurs d\u2019histoire.<\/p><h3 data-start=\"2834\" data-end=\"2845\">Uzerche<\/h3><p data-start=\"2847\" data-end=\"3113\">Surnomm\u00e9e la \u201cPerle du Limousin\u201d, Uzerche est perch\u00e9e sur un promontoire dominant la V\u00e9z\u00e8re. Ses fortifications, ses tours et ses maisons nobles t\u00e9moignent d\u2019un riche pass\u00e9 historique. La ville offre \u00e9galement de nombreux sentiers de randonn\u00e9e le long de la rivi\u00e8re.<\/p><h2 data-start=\"3115\" data-end=\"3156\"><span style=\"font-size: 18pt;\">La r\u00e9gion et les d\u00e9partements alentour<\/span><\/h2><p data-start=\"3158\" data-end=\"3265\">La Corr\u00e8ze est entour\u00e9e de six d\u00e9partements, chacun offrant des caract\u00e9ristiques et des attraits distincts.<\/p><h3 data-start=\"3267\" data-end=\"3283\">Haute-Vienne<\/h3><p data-start=\"3285\" data-end=\"3510\">Au nord-ouest, la Haute-Vienne est connue pour sa capitale, Limoges, c\u00e9l\u00e8bre pour sa porcelaine de renomm\u00e9e mondiale. Le d\u00e9partement offre \u00e9galement des paysages vallonn\u00e9s et de nombreux lacs propices aux activit\u00e9s nautiques.<\/p><h3 data-start=\"3512\" data-end=\"3522\">Creuse<\/h3><p data-start=\"3524\" data-end=\"3718\">Situ\u00e9e au nord, la Creuse est un d\u00e9partement rural offrant des paysages paisibles de bocages et de for\u00eats. Il est r\u00e9put\u00e9 pour son patrimoine artistique, notamment l\u2019\u00e9cole de peinture de Crozant.<\/p><h3 data-start=\"3720\" data-end=\"3735\">Puy-de-D\u00f4me<\/h3><p data-start=\"3737\" data-end=\"3977\">\u00c0 l\u2019est, le Puy-de-D\u00f4me est domin\u00e9 par la cha\u00eene des Puys, une s\u00e9rie de volcans endormis offrant des opportunit\u00e9s de randonn\u00e9es exceptionnelles. Clermont-Ferrand, la capitale r\u00e9gionale, est connue pour sa cath\u00e9drale en pierre de lave noire.<\/p><h3 data-start=\"3979\" data-end=\"3989\"><a href=\"https:\/\/cparici.com\/cantal\/\">Cantal<\/a><\/h3><p data-start=\"3991\" data-end=\"4178\">Au sud-est, le Cantal est caract\u00e9ris\u00e9 par ses montagnes et ses vastes plateaux. Le parc naturel r\u00e9gional des Volcans d\u2019Auvergne offre des paysages spectaculaires et une faune diversifi\u00e9e.<\/p><h3 data-start=\"4180\" data-end=\"4187\">Lot<\/h3><p data-start=\"4189\" data-end=\"4399\">Au sud, le Lot est c\u00e9l\u00e8bre pour ses villages pittoresques comme Rocamadour et ses paysages de causses calcaires. La vall\u00e9e du Lot offre des opportunit\u00e9s de croisi\u00e8res fluviales et de d\u00e9couvertes gastronomiques.<\/p><h3 data-start=\"4401\" data-end=\"4413\"><a href=\"https:\/\/cparici.com\/dordogne-departement\/\">Dordogne<\/a><\/h3><p data-start=\"4415\" data-end=\"4645\">\u00c0 l\u2019ouest, la Dordogne est r\u00e9put\u00e9e pour ses sites pr\u00e9historiques, notamment les grottes de Lascaux, et ses ch\u00e2teaux m\u00e9di\u00e9vaux. La gastronomie y tient une place pr\u00e9pond\u00e9rante, avec des sp\u00e9cialit\u00e9s \u00e0 base de truffes et de foie gras.<\/p><h2 data-start=\"4647\" data-end=\"4690\"><span style=\"font-size: 18pt;\">Gastronomie et sp\u00e9cialit\u00e9s de la Corr\u00e8ze<\/span><\/h2><\/div><\/div><\/div><\/div><\/div><\/div><\/div><\/div><\/article><article class=\"w-full text-token-text-primary focus-visible:outline-2 focus-visible:outline-offset-[-4px]\" dir=\"auto\" data-testid=\"conversation-turn-5\" data-scroll-anchor=\"true\"><div class=\"m-auto text-base py-[18px] px-6\"><div class=\"mx-auto flex flex-1 text-base gap-4 md:gap-5 lg:gap-6 md:max-w-3xl lg:max-w-[40rem] xl:max-w-[48rem]\"><div class=\"group\/conversation-turn relative flex w-full min-w-0 flex-col agent-turn @xs\/thread:px-0 @sm\/thread:px-1.5 @md\/thread:px-4\"><div class=\"flex-col gap-1 md:gap-3\"><div class=\"flex max-w-full flex-col flex-grow\"><div class=\"min-h-8 text-message relative flex w-full flex-col items-end gap-2 whitespace-normal break-words text-start [.text-message+&]:mt-5\" dir=\"auto\" data-message-author-role=\"assistant\" data-message-id=\"818373cc-3904-4294-bc03-1c6db547fa98\" data-message-model-slug=\"gpt-4o\"><div class=\"flex w-full flex-col gap-1 empty:hidden first:pt-[3px]\"><div class=\"markdown prose w-full break-words dark:prose-invert light\"><h3 data-start=\"0\" data-end=\"48\"><strong data-start=\"4\" data-end=\"48\">Les sp\u00e9cialit\u00e9s culinaires de la Corr\u00e8ze<\/strong><\/h3><p data-start=\"50\" data-end=\"326\">La <strong data-start=\"53\" data-end=\"64\">Corr\u00e8ze<\/strong> est une terre de traditions culinaires o\u00f9 la gastronomie occupe une place importante. Ses sp\u00e9cialit\u00e9s allient authenticit\u00e9, produits du terroir et savoir-faire ancestral. Voici un aper\u00e7u des mets incontournables \u00e0 d\u00e9guster lors d\u2019un passage dans ce d\u00e9partement.<\/p><h2 data-start=\"333\" data-end=\"384\"><strong data-start=\"336\" data-end=\"384\">1. Plats traditionnels et sp\u00e9cialit\u00e9s sal\u00e9es<\/strong><\/h2><h3 data-start=\"386\" data-end=\"406\"><strong data-start=\"390\" data-end=\"406\">Le millassou<\/strong><\/h3><p data-start=\"407\" data-end=\"622\">Le <strong data-start=\"410\" data-end=\"423\">millassou<\/strong> est une galette de pommes de terre r\u00e2p\u00e9es, cuite \u00e0 la po\u00eale ou au four. Il peut \u00eatre agr\u00e9ment\u00e9 de lardons, d\u2019ail et de persil. C\u2019est un plat rustique et nourrissant, souvent servi en accompagnement.<\/p><h3 data-start=\"624\" data-end=\"658\"><strong data-start=\"628\" data-end=\"658\">La mique et son petit sal\u00e9<\/strong><\/h3><p data-start=\"659\" data-end=\"898\">Plat embl\u00e9matique de la Corr\u00e8ze, la <strong data-start=\"695\" data-end=\"704\">mique<\/strong> est une grosse boule de p\u00e2te lev\u00e9e \u00e0 base de farine et de levure, cuite dans un bouillon avec du <strong data-start=\"802\" data-end=\"816\">petit sal\u00e9<\/strong> (viande de porc sal\u00e9e). Ce plat convivial est particuli\u00e8rement appr\u00e9ci\u00e9 en hiver.<\/p><h3 data-start=\"900\" data-end=\"918\"><strong data-start=\"904\" data-end=\"918\">Le tourtou<\/strong><\/h3><p data-start=\"919\" data-end=\"1143\">Le <strong data-start=\"922\" data-end=\"933\">tourtou<\/strong> est une cr\u00eape \u00e9paisse r\u00e9alis\u00e9e avec de la farine de sarrasin. Autrefois, elle rempla\u00e7ait le pain dans les campagnes. Aujourd\u2019hui, elle accompagne souvent des plats en sauce ou est garnie de charcuterie locale.<\/p><h3 data-start=\"1145\" data-end=\"1179\"><strong data-start=\"1149\" data-end=\"1179\">Le p\u00e2t\u00e9 de pommes de terre<\/strong><\/h3><p data-start=\"1180\" data-end=\"1412\">D\u2019origine limousine, ce <strong data-start=\"1204\" data-end=\"1231\">p\u00e2t\u00e9 de pommes de terre<\/strong> est une tourte compos\u00e9e de fines tranches de pommes de terre, de cr\u00e8me fra\u00eeche et parfois de lard. Sa p\u00e2te dor\u00e9e et croustillante en fait un mets appr\u00e9ci\u00e9 lors des repas familiaux.<\/p><h3 data-start=\"1414\" data-end=\"1436\"><strong data-start=\"1418\" data-end=\"1436\">Les farcidures<\/strong><\/h3><p data-start=\"1437\" data-end=\"1612\">Les <strong data-start=\"1441\" data-end=\"1455\">farcidures<\/strong> sont des boulettes \u00e0 base de pommes de terre r\u00e2p\u00e9es, m\u00e9lang\u00e9es avec du lard et des herbes. Elles sont souvent servies avec un rago\u00fbt ou du confit de canard.<\/p><h3 data-start=\"1614\" data-end=\"1659\"><strong data-start=\"1618\" data-end=\"1659\">Les c\u00e8pes et les champignons des bois<\/strong><\/h3><p data-start=\"1660\" data-end=\"1911\">Les <strong data-start=\"1664\" data-end=\"1685\">for\u00eats de Corr\u00e8ze<\/strong> regorgent de champignons, notamment de <strong data-start=\"1725\" data-end=\"1734\">c\u00e8pes<\/strong>, qui sont tr\u00e8s pris\u00e9s en cuisine. On les trouve dans les march\u00e9s locaux et ils sont souvent utilis\u00e9s dans des omelettes, po\u00eal\u00e9s avec du persil ou incorpor\u00e9s aux plats en sauce.<\/p><h2 data-start=\"1918\" data-end=\"1957\"><strong data-start=\"1921\" data-end=\"1957\">2. Fromages et produits laitiers<\/strong><\/h2><h3 data-start=\"1959\" data-end=\"1988\"><strong data-start=\"1963\" data-end=\"1988\">Le bleu de Laqueuille<\/strong><\/h3><p data-start=\"1989\" data-end=\"2213\">Bien que son origine soit partag\u00e9e avec le d\u00e9partement du Puy-de-D\u00f4me, ce <strong data-start=\"2063\" data-end=\"2088\">fromage bleu persill\u00e9<\/strong> est appr\u00e9ci\u00e9 en Corr\u00e8ze. Sa p\u00e2te fondante et son go\u00fbt l\u00e9g\u00e8rement piquant en font un incontournable des plateaux de fromages.<\/p><h3 data-start=\"2215\" data-end=\"2233\"><strong data-start=\"2219\" data-end=\"2233\">Le gaperon<\/strong><\/h3><p data-start=\"2234\" data-end=\"2417\">Originaire du Massif central, le <strong data-start=\"2267\" data-end=\"2278\">gaperon<\/strong> est un fromage au lait de vache, l\u00e9g\u00e8rement aromatis\u00e9 \u00e0 l\u2019ail et au poivre. Son go\u00fbt prononc\u00e9 accompagne parfaitement un pain de campagne.<\/p><h3 data-start=\"2419\" data-end=\"2446\"><strong data-start=\"2423\" data-end=\"2446\">Le caill\u00e9 corr\u00e9zien<\/strong><\/h3><p data-start=\"2447\" data-end=\"2613\">Le <strong data-start=\"2450\" data-end=\"2470\">caill\u00e9 corr\u00e9zien<\/strong> est un fromage frais, souvent consomm\u00e9 avec du sucre ou du miel. Il est fabriqu\u00e9 \u00e0 partir de lait de vache ou de brebis, caill\u00e9 naturellement.<\/p><h2 data-start=\"2620\" data-end=\"2661\"><strong data-start=\"2623\" data-end=\"2661\">3. Charcuteries et viandes locales<\/strong><\/h2><h3 data-start=\"2663\" data-end=\"2697\"><strong data-start=\"2667\" data-end=\"2697\">Le veau \u00e9lev\u00e9 sous la m\u00e8re<\/strong><\/h3><p data-start=\"2698\" data-end=\"2895\">Le <strong data-start=\"2701\" data-end=\"2728\">veau \u00e9lev\u00e9 sous la m\u00e8re<\/strong> de Corr\u00e8ze est r\u00e9put\u00e9 pour sa tendret\u00e9 et son go\u00fbt subtil. Il b\u00e9n\u00e9ficie d\u2019une <strong data-start=\"2807\" data-end=\"2849\">Indication G\u00e9ographique Prot\u00e9g\u00e9e (IGP)<\/strong> et est souvent cuisin\u00e9 en blanquette ou r\u00f4ti.<\/p><h3 data-start=\"2897\" data-end=\"2924\"><strong data-start=\"2901\" data-end=\"2924\">La viande limousine<\/strong><\/h3><p data-start=\"2925\" data-end=\"3089\">La <strong data-start=\"2928\" data-end=\"2953\">race bovine limousine<\/strong> est l\u2019une des plus prestigieuses en France. Sa viande, tendre et persill\u00e9e, est tr\u00e8s appr\u00e9ci\u00e9e pour les grillades et les plats mijot\u00e9s.<\/p><h3 data-start=\"3091\" data-end=\"3128\"><strong data-start=\"3095\" data-end=\"3128\">Le boudin noir aux ch\u00e2taignes<\/strong><\/h3><p data-start=\"3129\" data-end=\"3284\">Sp\u00e9cialit\u00e9 automnale, le <strong data-start=\"3154\" data-end=\"3184\">boudin noir aux ch\u00e2taignes<\/strong> est une charcuterie traditionnelle qui m\u00eale la douceur des ch\u00e2taignes \u00e0 la richesse du boudin noir.<\/p><h3 data-start=\"3286\" data-end=\"3312\"><strong data-start=\"3290\" data-end=\"3312\">Le jambon de Tulle<\/strong><\/h3><p data-start=\"3313\" data-end=\"3452\">Le <strong data-start=\"3316\" data-end=\"3335\">jambon de Tulle<\/strong>, sal\u00e9 et s\u00e9ch\u00e9, est une sp\u00e9cialit\u00e9 locale souvent consomm\u00e9e en fines tranches avec du pain de campagne et du beurre.<\/p><h2 data-start=\"3459\" data-end=\"3497\"><strong data-start=\"3462\" data-end=\"3497\">4. Desserts et douceurs locales<\/strong><\/h2><h3 data-start=\"3499\" data-end=\"3519\"><strong data-start=\"3503\" data-end=\"3519\">Le clafoutis<\/strong><\/h3><p data-start=\"3520\" data-end=\"3724\">Originaire du Limousin, le <strong data-start=\"3547\" data-end=\"3560\">clafoutis<\/strong> est une tarte garnie de cerises noires enti\u00e8res, enrob\u00e9es d\u2019un appareil \u00e0 flan. Il peut \u00e9galement \u00eatre d\u00e9clin\u00e9 avec d\u2019autres fruits comme les prunes ou les pommes.<\/p><h3 data-start=\"3726\" data-end=\"3746\"><strong data-start=\"3730\" data-end=\"3746\">Le flognarde<\/strong><\/h3><p data-start=\"3747\" data-end=\"3945\">Cousin du clafoutis, la <strong data-start=\"3771\" data-end=\"3784\">flognarde<\/strong> est un dessert \u00e0 base de p\u00e2te \u00e0 cr\u00eape \u00e9paisse, agr\u00e9ment\u00e9e de pommes, de poires ou de prunes. Moins connu que le clafoutis, il est pourtant tout aussi savoureux.<\/p><h3 data-start=\"3947\" data-end=\"3973\"><strong data-start=\"3951\" data-end=\"3973\">Le g\u00e2teau aux noix<\/strong><\/h3><p data-start=\"3974\" data-end=\"4148\">Les <strong data-start=\"3978\" data-end=\"3998\">noix du P\u00e9rigord<\/strong>, tr\u00e8s pr\u00e9sentes en Corr\u00e8ze, sont l\u2019ingr\u00e9dient principal de ce g\u00e2teau moelleux et parfum\u00e9. Il est souvent servi avec une cr\u00e8me anglaise ou du caramel.<\/p><h3 data-start=\"4150\" data-end=\"4181\"><strong data-start=\"4154\" data-end=\"4181\">Les madeleines de Tulle<\/strong><\/h3><p data-start=\"4182\" data-end=\"4359\">Ces <strong data-start=\"4186\" data-end=\"4200\">madeleines<\/strong> sont une sp\u00e9cialit\u00e9 de la ville de <strong data-start=\"4236\" data-end=\"4245\">Tulle<\/strong>. Moelleuses et l\u00e9g\u00e8rement parfum\u00e9es au citron ou \u00e0 la vanille, elles accompagnent parfaitement un th\u00e9 ou un caf\u00e9.<\/p><h3 data-start=\"4361\" data-end=\"4378\"><strong data-start=\"4365\" data-end=\"4378\">La treipa<\/strong><\/h3><p data-start=\"4379\" data-end=\"4517\">La <strong data-start=\"4382\" data-end=\"4392\">treipa<\/strong> est une sorte de brioche parfum\u00e9e au rhum et \u00e0 la fleur d\u2019oranger, souvent servie lors des f\u00eates traditionnelles en Corr\u00e8ze.<\/p><h2 data-start=\"4524\" data-end=\"4565\"><strong data-start=\"4527\" data-end=\"4565\">5. Boissons et sp\u00e9cialit\u00e9s locales<\/strong><\/h2><h3 data-start=\"4567\" data-end=\"4588\"><strong data-start=\"4571\" data-end=\"4588\">Le vin paill\u00e9<\/strong><\/h3><p data-start=\"4589\" data-end=\"4803\">Le <strong data-start=\"4592\" data-end=\"4606\">vin paill\u00e9<\/strong> est une sp\u00e9cialit\u00e9 de Corr\u00e8ze. Il s\u2019agit d\u2019un vin doux, obtenu apr\u00e8s s\u00e9chage des raisins sur un lit de paille pendant plusieurs semaines. Il est id\u00e9al en accompagnement de desserts ou de fromages.<\/p><h3 data-start=\"4805\" data-end=\"4831\"><strong data-start=\"4809\" data-end=\"4831\">La liqueur de noix<\/strong><\/h3><p data-start=\"4832\" data-end=\"4985\">Fabriqu\u00e9e \u00e0 base de <strong data-start=\"4852\" data-end=\"4872\">noix du P\u00e9rigord<\/strong>, cette <strong data-start=\"4880\" data-end=\"4902\">liqueur artisanale<\/strong> poss\u00e8de un go\u00fbt cors\u00e9 et l\u00e9g\u00e8rement sucr\u00e9. Elle est souvent consomm\u00e9e en digestif.<\/p><h3 data-start=\"4987\" data-end=\"5013\"><strong data-start=\"4991\" data-end=\"5013\">Le cidre corr\u00e9zien<\/strong><\/h3><p data-start=\"5014\" data-end=\"5139\">La Corr\u00e8ze produit \u00e9galement un <strong data-start=\"5046\" data-end=\"5063\">cidre fermier<\/strong>, \u00e9labor\u00e9 \u00e0 partir de pommes locales, offrant une boisson l\u00e9g\u00e8re et fruit\u00e9e.<\/p><article class=\"w-full text-token-text-primary focus-visible:outline-2 focus-visible:outline-offset-[-4px]\" dir=\"auto\" data-testid=\"conversation-turn-7\" data-scroll-anchor=\"true\"><div class=\"m-auto text-base py-[18px] px-6\"><div class=\"mx-auto flex flex-1 text-base gap-4 md:gap-5 lg:gap-6 md:max-w-3xl lg:max-w-[40rem] xl:max-w-[48rem]\"><div class=\"group\/conversation-turn relative flex w-full min-w-0 flex-col agent-turn @xs\/thread:px-0 @sm\/thread:px-1.5 @md\/thread:px-4\"><div class=\"flex-col gap-1 md:gap-3\"><div class=\"flex max-w-full flex-col flex-grow\"><div class=\"min-h-8 text-message relative flex w-full flex-col items-end gap-2 whitespace-normal break-words text-start [.text-message+&]:mt-5\" dir=\"auto\" data-message-author-role=\"assistant\" data-message-id=\"14cb91ac-920f-45b1-ae24-6a3ed60c5799\" data-message-model-slug=\"gpt-4o\"><div class=\"flex w-full flex-col gap-1 empty:hidden first:pt-[3px]\"><div class=\"markdown prose w-full break-words dark:prose-invert light\"><h2 data-start=\"0\" data-end=\"47\"><strong data-start=\"3\" data-end=\"47\">Foire Aux Questions (FAQ) sur la Corr\u00e8ze<\/strong><\/h2><h3 data-start=\"49\" data-end=\"109\"><strong data-start=\"53\" data-end=\"109\">Quelle est la situation g\u00e9ographique de la Corr\u00e8ze ?<\/strong><\/h3><p data-start=\"110\" data-end=\"428\">La <strong data-start=\"113\" data-end=\"124\">Corr\u00e8ze<\/strong> est un d\u00e9partement situ\u00e9 dans la r\u00e9gion <strong data-start=\"165\" data-end=\"187\">Nouvelle-Aquitaine<\/strong>, au centre-ouest de la France. Elle est entour\u00e9e par les d\u00e9partements de la <strong data-start=\"264\" data-end=\"341\">Haute-Vienne, la Creuse, le Puy-de-D\u00f4me, le Cantal, le Lot et la Dordogne<\/strong>. Son territoire est marqu\u00e9 par des paysages vari\u00e9s, entre plateaux, vall\u00e9es et for\u00eats.<\/p><h3 data-start=\"430\" data-end=\"478\"><strong data-start=\"434\" data-end=\"478\">Quelle est la pr\u00e9fecture de la Corr\u00e8ze ?<\/strong><\/h3><p data-start=\"479\" data-end=\"666\">La pr\u00e9fecture de la Corr\u00e8ze est <strong data-start=\"511\" data-end=\"520\">Tulle<\/strong>, qui est aussi la deuxi\u00e8me ville la plus peupl\u00e9e du d\u00e9partement apr\u00e8s <strong data-start=\"591\" data-end=\"613\">Brive-la-Gaillarde<\/strong>, la capitale \u00e9conomique et culturelle du territoire.<\/p><h3 data-start=\"668\" data-end=\"726\"><strong data-start=\"672\" data-end=\"726\">Quels sont les plus beaux villages de la Corr\u00e8ze ?<\/strong><\/h3><p data-start=\"727\" data-end=\"830\">La Corr\u00e8ze abrite plusieurs villages class\u00e9s parmi les <strong data-start=\"782\" data-end=\"817\">\u201cPlus Beaux Villages de France\u201d<\/strong>, notamment :<\/p><ul data-start=\"831\" data-end=\"1075\"><li data-start=\"831\" data-end=\"898\"><strong data-start=\"833\" data-end=\"855\">Collonges-la-Rouge<\/strong>, c\u00e9l\u00e8bre pour ses maisons en pierre rouge.<\/li><li data-start=\"899\" data-end=\"959\"><strong data-start=\"901\" data-end=\"912\">Turenne<\/strong>, avec son ch\u00e2teau m\u00e9di\u00e9val dominant la vall\u00e9e.<\/li><li data-start=\"960\" data-end=\"1022\"><strong data-start=\"962\" data-end=\"975\">Curemonte<\/strong>, un village fortifi\u00e9 aux ruelles pittoresques.<\/li><li data-start=\"1023\" data-end=\"1075\"><strong data-start=\"1025\" data-end=\"1041\">Saint-Robert<\/strong>, un bourg m\u00e9di\u00e9val bien pr\u00e9serv\u00e9.<\/li><\/ul><h3 data-start=\"1077\" data-end=\"1147\"><strong data-start=\"1081\" data-end=\"1147\">Quels sont les sites touristiques incontournables en Corr\u00e8ze ?<\/strong><\/h3><p data-start=\"1148\" data-end=\"1234\">La Corr\u00e8ze regorge de <strong data-start=\"1170\" data-end=\"1204\">sites naturels et patrimoniaux<\/strong> \u00e0 d\u00e9couvrir, parmi lesquels :<\/p><ul data-start=\"1235\" data-end=\"1526\"><li data-start=\"1235\" data-end=\"1310\">Les <strong data-start=\"1241\" data-end=\"1262\">cascades de Gimel<\/strong>, une chute d\u2019eau impressionnante pr\u00e8s de Tulle.<\/li><li data-start=\"1311\" data-end=\"1387\">Le <strong data-start=\"1316\" data-end=\"1342\">plateau de Millevaches<\/strong>, un espace pr\u00e9serv\u00e9 id\u00e9al pour la randonn\u00e9e.<\/li><li data-start=\"1388\" data-end=\"1440\">Le <strong data-start=\"1393\" data-end=\"1430\">mus\u00e9e du Pr\u00e9sident Jacques Chirac<\/strong> \u00e0 Sarran.<\/li><li data-start=\"1441\" data-end=\"1526\">Le <strong data-start=\"1446\" data-end=\"1467\">lac de Vassivi\u00e8re<\/strong>, un vaste plan d\u2019eau parfait pour les activit\u00e9s nautiques.<\/li><\/ul><h3 data-start=\"1528\" data-end=\"1581\"><strong data-start=\"1532\" data-end=\"1581\">Quels sont les plats typiques de la Corr\u00e8ze ?<\/strong><\/h3><p data-start=\"1582\" data-end=\"1662\">La <strong data-start=\"1585\" data-end=\"1612\">gastronomie corr\u00e9zienne<\/strong> est riche et vari\u00e9e, avec des sp\u00e9cialit\u00e9s comme :<\/p><ul data-start=\"1663\" data-end=\"1968\"><li data-start=\"1663\" data-end=\"1735\"><strong data-start=\"1665\" data-end=\"1695\">La mique et son petit sal\u00e9<\/strong>, un plat rustique \u00e0 base de p\u00e2te lev\u00e9e.<\/li><li data-start=\"1736\" data-end=\"1787\"><strong data-start=\"1738\" data-end=\"1754\">Le millassou<\/strong>, une galette de pommes de terre.<\/li><li data-start=\"1788\" data-end=\"1843\"><strong data-start=\"1790\" data-end=\"1820\">Le p\u00e2t\u00e9 de pommes de terre<\/strong>, une tourte gourmande.<\/li><li data-start=\"1844\" data-end=\"1915\"><strong data-start=\"1846\" data-end=\"1868\">Le g\u00e2teau aux noix<\/strong>, un dessert embl\u00e9matique du terroir corr\u00e9zien.<\/li><li data-start=\"1916\" data-end=\"1968\"><strong data-start=\"1918\" data-end=\"1935\">Le vin paill\u00e9<\/strong>, un vin doux produit localement.<\/li><\/ul><h3 data-start=\"1970\" data-end=\"2009\"><strong data-start=\"1974\" data-end=\"2009\">Quel est le climat en Corr\u00e8ze ?<\/strong><\/h3><p data-start=\"2010\" data-end=\"2231\">Le climat de la Corr\u00e8ze est <strong data-start=\"2038\" data-end=\"2075\">oc\u00e9anique \u00e0 influence montagnarde<\/strong>, avec des hivers frais et humides, et des \u00e9t\u00e9s agr\u00e9ablement chauds. Le d\u00e9partement conna\u00eet des pr\u00e9cipitations r\u00e9guli\u00e8res, favorisant une nature verdoyante.<\/p><h3 data-start=\"2233\" data-end=\"2298\"><strong data-start=\"2237\" data-end=\"2298\">Quelle est la meilleure p\u00e9riode pour visiter la Corr\u00e8ze ?<\/strong><\/h3><p data-start=\"2299\" data-end=\"2380\">La Corr\u00e8ze peut se visiter <strong data-start=\"2326\" data-end=\"2343\">toute l\u2019ann\u00e9e<\/strong>, mais les meilleures p\u00e9riodes sont :<\/p><ul data-start=\"2381\" data-end=\"2707\"><li data-start=\"2381\" data-end=\"2456\"><strong data-start=\"2383\" data-end=\"2412\">Le printemps (avril-juin)<\/strong>, lorsque la nature est en pleine floraison.<\/li><li data-start=\"2457\" data-end=\"2543\"><strong data-start=\"2459\" data-end=\"2483\">L\u2019\u00e9t\u00e9 (juillet-ao\u00fbt)<\/strong>, pour profiter des festivals et des activit\u00e9s de plein air.<\/li><li data-start=\"2544\" data-end=\"2707\"><strong data-start=\"2546\" data-end=\"2579\">L\u2019automne (septembre-octobre)<\/strong>, id\u00e9al pour d\u00e9couvrir les paysages aux couleurs dor\u00e9es et d\u00e9guster les sp\u00e9cialit\u00e9s de saison comme les champignons et les noix.<\/li><\/ul><h3 data-start=\"2709\" data-end=\"2765\"><strong data-start=\"2713\" data-end=\"2765\">Quels sont les \u00e9v\u00e9nements culturels en Corr\u00e8ze ?<\/strong><\/h3><p data-start=\"2766\" data-end=\"2833\">La Corr\u00e8ze propose de nombreux \u00e9v\u00e9nements tout au long de l\u2019ann\u00e9e :<\/p><ul data-start=\"2834\" data-end=\"3173\"><li data-start=\"2834\" data-end=\"2895\"><strong data-start=\"2836\" data-end=\"2864\">Le Festival de la V\u00e9z\u00e8re<\/strong>, d\u00e9di\u00e9 \u00e0 la musique classique.<\/li><li data-start=\"2896\" data-end=\"2993\"><strong data-start=\"2898\" data-end=\"2928\">La Foire du Livre de Brive<\/strong>, un rendez-vous incontournable pour les amateurs de litt\u00e9rature.<\/li><li data-start=\"2994\" data-end=\"3060\"><strong data-start=\"2996\" data-end=\"3026\">Les Nuits de Nacre \u00e0 Tulle<\/strong>, un festival d\u00e9di\u00e9 \u00e0 l\u2019accord\u00e9on.<\/li><li data-start=\"3061\" data-end=\"3173\"><strong data-start=\"3063\" data-end=\"3104\">La Frairie des Petits Ventres \u00e0 Brive<\/strong>, une f\u00eate gastronomique mettant \u00e0 l\u2019honneur les produits du terroir.<\/li><\/ul><h3 data-start=\"3175\" data-end=\"3213\"><strong data-start=\"3179\" data-end=\"3213\">Comment se rendre en Corr\u00e8ze ?<\/strong><\/h3><p data-start=\"3214\" data-end=\"3262\">La Corr\u00e8ze est accessible par plusieurs moyens :<\/p><ul data-start=\"3263\" data-end=\"3599\"><li data-start=\"3263\" data-end=\"3342\"><strong data-start=\"3265\" data-end=\"3279\">En voiture<\/strong> : via l\u2019<strong data-start=\"3288\" data-end=\"3295\">A20<\/strong> (Paris-Toulouse) et l\u2019<strong data-start=\"3318\" data-end=\"3325\">A89<\/strong> (Lyon-Bordeaux).<\/li><li data-start=\"3343\" data-end=\"3493\"><strong data-start=\"3345\" data-end=\"3357\">En train<\/strong> : plusieurs gares, dont <strong data-start=\"3382\" data-end=\"3404\">Brive-la-Gaillarde<\/strong> et <strong data-start=\"3408\" data-end=\"3417\">Tulle<\/strong>, sont desservies par des trains directs depuis Paris, Bordeaux et Toulouse.<\/li><li data-start=\"3494\" data-end=\"3599\"><strong data-start=\"3496\" data-end=\"3508\">En avion<\/strong> : l\u2019<strong data-start=\"3513\" data-end=\"3553\">a\u00e9roport Brive-Vall\u00e9e de la Dordogne<\/strong> propose des vols nationaux et internationaux.<\/li><\/ul><h3 data-start=\"3601\" data-end=\"3638\"><strong data-start=\"3605\" data-end=\"3638\">Pourquoi visiter la Corr\u00e8ze ?<\/strong><\/h3><p data-start=\"3639\" data-end=\"3918\">La Corr\u00e8ze est une destination id\u00e9ale pour les amateurs de <strong data-start=\"3698\" data-end=\"3738\">nature, d\u2019histoire et de gastronomie<\/strong>. Entre <strong data-start=\"3746\" data-end=\"3836\">villages pittoresques, paysages verdoyants, patrimoine m\u00e9di\u00e9val et sp\u00e9cialit\u00e9s locales<\/strong>, elle offre un cadre authentique et pr\u00e9serv\u00e9, parfait pour un s\u00e9jour ressour\u00e7ant.<\/p><\/div><\/div><\/div><\/div><\/div><\/div><\/div><\/div><\/article><\/div><\/div><\/div><\/div><\/div><\/div><\/div><\/div><\/article>\t\t\t\t\t\t\t\t<\/div>\n\t\t\t\t\t<\/div>\n\t\t\t\t<\/div>\n\t\t\t\t<\/div>\n\t\t","protected":false},"excerpt":{"rendered":"<p>Recherches populaires Categories Pas de r\u00e9sultats Voir tous les r\u00e9sultats La Corr\u00e8ze un d\u00e9partement \u00e0 d\u00e9couvrir La Corr\u00e8ze est un d\u00e9partement situ\u00e9 dans le centre-ouest de la France, au sein de la r\u00e9gion Nouvelle-Aquitaine. Elle doit son nom \u00e0 la rivi\u00e8re Corr\u00e8ze qui la traverse. Sa pr\u00e9fecture est Tulle, bien que la ville la plus [&hellip;]<\/p>\n","protected":false},"author":97,"featured_media":58285,"comment_status":"closed","ping_status":"closed","sticky":false,"template":"elementor_header_footer","format":"standard","meta":{"ngg_post_thumbnail":0,"footnotes":""},"categories":[2519,2563,477,483],"tags":[883],"class_list":["post-58281","post","type-post","status-publish","format-standard","has-post-thumbnail","hentry","category-correze-departement","category-departement-de-france","category-france","category-nouvelle-aquitaine","tag-departement"],"_links":{"self":[{"href":"https:\/\/cparici.com\/fr\/wp-json\/wp\/v2\/posts\/58281","targetHints":{"allow":["GET"]}}],"collection":[{"href":"https:\/\/cparici.com\/fr\/wp-json\/wp\/v2\/posts"}],"about":[{"href":"https:\/\/cparici.com\/fr\/wp-json\/wp\/v2\/types\/post"}],"author":[{"embeddable":true,"href":"https:\/\/cparici.com\/fr\/wp-json\/wp\/v2\/users\/97"}],"replies":[{"embeddable":true,"href":"https:\/\/cparici.com\/fr\/wp-json\/wp\/v2\/comments?post=58281"}],"version-history":[{"count":0,"href":"https:\/\/cparici.com\/fr\/wp-json\/wp\/v2\/posts\/58281\/revisions"}],"wp:featuredmedia":[{"embeddable":true,"href":"https:\/\/cparici.com\/fr\/wp-json\/wp\/v2\/media\/58285"}],"wp:attachment":[{"href":"https:\/\/cparici.com\/fr\/wp-json\/wp\/v2\/media?parent=58281"}],"wp:term":[{"taxonomy":"category","embeddable":true,"href":"https:\/\/cparici.com\/fr\/wp-json\/wp\/v2\/categories?post=58281"},{"taxonomy":"post_tag","embeddable":true,"href":"https:\/\/cparici.com\/fr\/wp-json\/wp\/v2\/tags?post=58281"}],"curies":[{"name":"wp","href":"https:\/\/api.w.org\/{rel}","templated":true}]}}