{"id":58509,"date":"2025-03-02T12:15:49","date_gmt":"2025-03-02T11:15:49","guid":{"rendered":"https:\/\/cparici.com\/?p=58509"},"modified":"2025-03-29T21:27:18","modified_gmt":"2025-03-29T20:27:18","slug":"nord-departement","status":"publish","type":"post","link":"https:\/\/cparici.com\/fr\/nord-departement\/","title":{"rendered":"Le Nord d\u00e9partement \u00e0 d\u00e9couvrir"},"content":{"rendered":"\t\t<div data-elementor-type=\"wp-post\" data-elementor-id=\"58509\" class=\"elementor elementor-58509\" data-elementor-post-type=\"post\">\n\t\t\t\t<div class=\"elementor-element elementor-element-0ace640 e-con-full e-flex e-con e-parent\" data-id=\"0ace640\" data-element_type=\"container\" data-e-type=\"container\">\n\t\t\t\t<div class=\"elementor-element elementor-element-4fa624b elementor-widget elementor-widget-image\" data-id=\"4fa624b\" data-element_type=\"widget\" data-e-type=\"widget\" data-widget_type=\"image.default\">\n\t\t\t\t\t\t\t\t\t\t\t\t\t\t\t<img decoding=\"async\" width=\"1500\" height=\"530\" src=\"https:\/\/cparici.com\/wp-content\/uploads\/2025\/03\/cparici-2025-03-02T121140.319.jpg\" class=\"attachment-full size-full wp-image-58513\" alt=\"Nord d\u00e9partement\" srcset=\"https:\/\/cparici.com\/wp-content\/uploads\/2025\/03\/cparici-2025-03-02T121140.319.jpg 1500w, https:\/\/cparici.com\/wp-content\/uploads\/2025\/03\/cparici-2025-03-02T121140.319-300x106.jpg 300w, https:\/\/cparici.com\/wp-content\/uploads\/2025\/03\/cparici-2025-03-02T121140.319-1024x362.jpg 1024w, https:\/\/cparici.com\/wp-content\/uploads\/2025\/03\/cparici-2025-03-02T121140.319-768x271.jpg 768w, https:\/\/cparici.com\/wp-content\/uploads\/2025\/03\/cparici-2025-03-02T121140.319-18x6.jpg 18w, https:\/\/cparici.com\/wp-content\/uploads\/2025\/03\/cparici-2025-03-02T121140.319-590x208.jpg 590w, https:\/\/cparici.com\/wp-content\/uploads\/2025\/03\/cparici-2025-03-02T121140.319-1200x424.jpg 1200w, https:\/\/cparici.com\/wp-content\/uploads\/2025\/03\/cparici-2025-03-02T121140.319-577x204.jpg 577w, https:\/\/cparici.com\/wp-content\/uploads\/2025\/03\/cparici-2025-03-02T121140.319-600x212.jpg 600w\" sizes=\"(max-width: 1500px) 100vw, 1500px\" \/>\t\t\t\t\t\t\t\t\t\t\t\t\t\t\t<\/div>\n\t\t\t\t<\/div>\n\t\t<div class=\"elementor-element elementor-element-87c3e35 e-flex e-con-boxed e-con e-parent\" data-id=\"87c3e35\" data-element_type=\"container\" data-e-type=\"container\">\n\t\t\t\t\t<div class=\"e-con-inner\">\n\t\t\t\t<div class=\"elementor-element elementor-element-e34e285 elementor-widget elementor-widget-global elementor-global-62046 elementor-widget-eael-advanced-search\" data-id=\"e34e285\" data-element_type=\"widget\" data-e-type=\"widget\" data-widget_type=\"eael-advanced-search.default\">\n\t\t\t\t\t        <div class=\"eael-adv-search-wrapper\">\n            <div id=\"eael-advanced-search-widget-e34e285\" class=\"eael-advanced-search-widget\">\n                <form data-settings=\"{&quot;post_per_page&quot;:5,&quot;search_among_taxonomies&quot;:&quot;&quot;,&quot;search_among_sku&quot;:&quot;no&quot;,&quot;show_popular_keyword&quot;:0,&quot;show_category&quot;:0,&quot;show_content_image&quot;:1,&quot;show_search_result_all_results&quot;:0,&quot;result_on_new_tab&quot;:&quot;no&quot;,&quot;show_product_price&quot;:&quot;no&quot;,&quot;include_current_page&quot;:&quot;no&quot;,&quot;current_post_id&quot;:58509,&quot;post_type&quot;:[&quot;post&quot;,&quot;listing&quot;]}\" method=\"POST\" name=\"eael-advanced-search-form-e34e285\" class=\"eael-advanced-search-form eael-advanced-search-form-style-2\">\n                    <div class=\"eael-advanced-search-wrap\">\n                        <span class=\"eael-adv-search-loader\"><\/span>\n                        <span class=\"eael-adv-search-close\"><i class=\"fas fa-times\"><\/i><\/span>\n                        <span class=\"icon \"><i class=\"fas fa-search\"><\/i><\/span>\n\n                        <input type=\"text\"\n                               placeholder=\"Votre destination\"\n                               class=\"eael-advanced-search\" autocomplete=\"off\" name=\"eael_advanced_search\">\n                    <\/div>\n\t\t\t\t\t                                    <\/form>\n\n\t\t\t\t\n\t\t\t\t        <div class=\"eael-advanced-search-result\">\n            <div class=\"eael-advanced-search-popular-keyword\">\n\t\t\t\t<h4 class=\"eael-advanced-search-popular-keyword-text\">Recherches populaires<\/h4>                <div class=\"eael-popular-keyword-content\"><\/div>\n            <\/div>\n            <div class=\"eael-advanced-search-category\">\n\t\t\t\t<h4 class=\"eael-advanced-search-category-text\">Categories<\/h4>                <div class=\"eael-popular-category-content\"><\/div>\n            <\/div>\n\t\t\t<div class=\"eael-advanced-search-total-results-section\">\n\t\t\t\t\t\t\t<\/div>\n            <div class=\"eael-advanced-search-content eael-item-style-3\">\n            <\/div>\n            <div class=\"eael-advanced-search-not-found\">\n                <p>Pas de r\u00e9sultats<\/p><\/div>\n            <div class=\"eael-advanced-search-load-more\">\n\t\t\t\t<a \tclass=\"eael-advanced-search-load-more-button\"\n                \thref=\"#\">Voir tous les r\u00e9sultats<\/a>\n            <\/div>\n        <\/div>\n\n\t\t            <\/div>\n        <\/div>\n\n\t\t\t\t\t\t<\/div>\n\t\t\t\t\t<\/div>\n\t\t\t\t<\/div>\n\t\t<div class=\"elementor-element elementor-element-226f4f3a e-flex e-con-boxed e-con e-parent\" data-id=\"226f4f3a\" data-element_type=\"container\" data-e-type=\"container\">\n\t\t\t\t\t<div class=\"e-con-inner\">\n\t\t\t\t<div class=\"elementor-element elementor-element-34013449 elementor-widget elementor-widget-text-editor\" data-id=\"34013449\" data-element_type=\"widget\" data-e-type=\"widget\" data-widget_type=\"text-editor.default\">\n\t\t\t\t\t\t\t\t\t<h1 style=\"text-align: center;\" data-start=\"40\" data-end=\"159\"><span class=\"relative -mx-px my-[-0.2rem] rounded px-px py-[0.2rem]\" style=\"font-size: 18pt;\">Le <strong data-start=\"3\" data-end=\"23\">Nord d\u00e9partement<\/strong><\/span><\/h1>\r\n<p data-start=\"40\" data-end=\"159\"><span class=\"relative -mx-px my-[-0.2rem] rounded px-px py-[0.2rem]\">Le <strong data-start=\"3\" data-end=\"23\">Nord d\u00e9partement<\/strong>, situ\u00e9 dans la r\u00e9gion des Hauts-de-France, est une terre riche en histoire, en culture et en traditions culinaires.<\/span> <span class=\"relative -mx-px my-[-0.2rem] rounded px-px py-[0.2rem]\">Ce territoire, frontalier avec la Belgique et bord\u00e9 par la mer du Nord, offre une diversit\u00e9 de paysages, de villes dynamiques et de sp\u00e9cialit\u00e9s gastronomiques qui s\u00e9duisent les visiteurs du pays.<\/span>\u200b<\/p>\r\n\r\n<h2 data-start=\"161\" data-end=\"206\"><span style=\"font-size: 18pt;\">Sites touristiques incontournables du Nord<\/span><\/h2>\r\n<p data-start=\"208\" data-end=\"358\"><span class=\"relative -mx-px my-[-0.2rem] rounded px-px py-[0.2rem]\">Le Nord regorge de sites touristiques qui t\u00e9moignent de son riche pass\u00e9 et de sa vitalit\u00e9 culturelle.<\/span> Voici une s\u00e9lection des lieux \u00e0 ne pas manquer lors de votre visite.\u200b<\/p>\r\n\r\n<h3 data-start=\"360\" data-end=\"395\">Lille, la capitale des Flandres<\/h3>\r\n<p data-start=\"397\" data-end=\"554\"><span class=\"relative -mx-px my-[-0.2rem] rounded px-px py-[0.2rem]\"><a href=\"https:\/\/cparici.com\/lille-ville\/\">Lille est une ville dynamique<\/a> qui allie patrimoine historique et modernit\u00e9.<\/span> <span class=\"relative -mx-px my-[-0.2rem] rounded px-px py-[0.2rem]\">Son centre-ville est un v\u00e9ritable joyau architectural avec la Grand\u2019Place, la Vieille Bourse et le Palais des Beaux-Arts, l\u2019un des plus grands mus\u00e9es de France.<\/span> <span class=\"relative -mx-px my-[-0.2rem] rounded px-px py-[0.2rem]\">Les ruelles pav\u00e9es du Vieux-Lille invitent \u00e0 la fl\u00e2nerie, avec leurs boutiques tendance et leurs estaminets typiques.<\/span>\u200b<span class=\"ml-1 inline-flex max-w-full items-center justify-center relative top-[-0.094rem]\"><a class=\"flex h-6 overflow-hidden rounded-xl px-2.5 text-[0.5625em] font-medium !bg-[#F4F4F4] !text-token-text-secondary dark:!bg-[#303030]\" href=\"https:\/\/www.tourisme-en-hautsdefrance.com\/decouvrir\/les-departements\/le-nord\" target=\"_blank\" rel=\"noopener\"><span class=\"relative bottom-0 left-0 flex h-full w-full items-center\"><span class=\"flex h-4 w-full items-center justify-between overflow-hidden\"><span class=\"max-w-full grow overflow-hidden truncate text-center\">tourisme-en-hautsdefrance.com<\/span><\/span><\/span><\/a><\/span><\/p>\r\n\r\n<h4 data-start=\"556\" data-end=\"574\">Le Vieux-Lille<\/h4>\r\n<p data-start=\"576\" data-end=\"701\"><span class=\"relative -mx-px my-[-0.2rem] rounded px-px py-[0.2rem]\">Quartier historique de la ville, le Vieux-Lille s\u00e9duit par ses ruelles pav\u00e9es, ses maisons color\u00e9es et ses boutiques artisanales.<\/span> <span class=\"relative -mx-px my-[-0.2rem] rounded px-px py-[0.2rem]\">C\u2019est un lieu id\u00e9al pour une promenade pittoresque.<\/span>\u200b<\/p>\r\n\r\n<h4 data-start=\"703\" data-end=\"740\">Le Palais des Beaux-Arts de Lille<\/h4>\r\n<p data-start=\"742\" data-end=\"827\"><span class=\"relative -mx-px my-[-0.2rem] rounded px-px py-[0.2rem]\">Consid\u00e9r\u00e9 comme l\u2019un des plus grands mus\u00e9es de France, il abrite une riche collection de peintures, sculptures et antiquit\u00e9s.<\/span>\u200b<\/p>\r\n\r\n<h4 data-start=\"829\" data-end=\"852\">Le Beffroi de Lille<\/h4>\r\n<p data-start=\"854\" data-end=\"939\"><span class=\"relative -mx-px my-[-0.2rem] rounded px-px py-[0.2rem]\">Class\u00e9 au patrimoine mondial de l\u2019UNESCO, ce beffroi offre une vue panoramique imprenable sur la ville et ses environs.<\/span><\/p>\r\n\r\n<h3 data-start=\"1320\" data-end=\"1369\"><strong data-start=\"1324\" data-end=\"1367\">Dunkerque \u2013 Entre histoire et plages<\/strong><\/h3>\r\n<p data-start=\"1371\" data-end=\"1569\">Situ\u00e9e sur la mer du Nord, <strong data-start=\"1398\" data-end=\"1411\">Dunkerque<\/strong> est une ville portuaire au riche pass\u00e9 historique. Elle est mondialement connue pour l\u2019<strong data-start=\"1499\" data-end=\"1519\">op\u00e9ration Dynamo<\/strong> de 1940, qui a marqu\u00e9 la Seconde Guerre mondiale.<\/p>\r\n\r\n<h4 data-start=\"1571\" data-end=\"1604\"><strong data-start=\"1576\" data-end=\"1602\">Que voir \u00e0 Dunkerque ?<\/strong><\/h4>\r\n<ul data-start=\"1605\" data-end=\"2132\">\r\n \t<li data-start=\"1605\" data-end=\"1772\"><strong data-start=\"1607\" data-end=\"1653\">Le Mus\u00e9e Dunkerque 1940 \u2013 Op\u00e9ration Dynamo<\/strong> : Il retrace l\u2019histoire du c\u00e9l\u00e8bre sauvetage de plus de 338 000 soldats alli\u00e9s encercl\u00e9s par les troupes allemandes.<\/li>\r\n \t<li data-start=\"1773\" data-end=\"1870\"><strong data-start=\"1775\" data-end=\"1802\">Le Beffroi de Dunkerque<\/strong> : Ce monument class\u00e9 offre une superbe vue sur la mer et le port.<\/li>\r\n \t<li data-start=\"1871\" data-end=\"2003\"><strong data-start=\"1873\" data-end=\"1903\">La Plage de Malo-les-Bains<\/strong> : Lieu de d\u00e9tente pris\u00e9 avec une large plage de sable fin, id\u00e9ale pour une balade en bord de mer.<\/li>\r\n \t<li data-start=\"2004\" data-end=\"2132\"><strong data-start=\"2006\" data-end=\"2034\">Le Carnaval de Dunkerque<\/strong> : Un \u00e9v\u00e9nement festif embl\u00e9matique avec des d\u00e9fil\u00e9s color\u00e9s, des chants et une ambiance unique.<\/li>\r\n<\/ul>\r\n<p data-start=\"2134\" data-end=\"2259\"><strong data-start=\"2137\" data-end=\"2157\">\u00c0 ne pas manquer<\/strong> : D\u00e9guster une bonne <strong data-start=\"2179\" data-end=\"2196\">moules-frites<\/strong> avec une bi\u00e8re locale dans un des restaurants du front de mer.<\/p>\r\n\r\n<h3 data-start=\"2266\" data-end=\"2315\"><strong data-start=\"2270\" data-end=\"2313\">Valenciennes \u2013 La ville des artistes<\/strong><\/h3>\r\n<p data-start=\"2317\" data-end=\"2476\">Surnomm\u00e9e la <strong data-start=\"2330\" data-end=\"2351\">\u201cAth\u00e8nes du Nord\u201d<\/strong>, <strong data-start=\"2353\" data-end=\"2369\">Valenciennes<\/strong> a une riche tradition artistique et intellectuelle. La ville abrite de nombreux mus\u00e9es et sites culturels.<\/p>\r\n\r\n<h4 data-start=\"2478\" data-end=\"2514\"><strong data-start=\"2483\" data-end=\"2512\">Que voir \u00e0 Valenciennes ?<\/strong><\/h4>\r\n<ul data-start=\"2515\" data-end=\"2939\">\r\n \t<li data-start=\"2515\" data-end=\"2675\"><strong data-start=\"2517\" data-end=\"2544\">Le Mus\u00e9e des Beaux-Arts<\/strong> : Il poss\u00e8de une belle collection de peintures flamandes et fran\u00e7aises, dont des \u0153uvres de Rubens et Watteau, natif de la ville.<\/li>\r\n \t<li data-start=\"2676\" data-end=\"2774\"><strong data-start=\"2678\" data-end=\"2701\">L\u2019\u00e9glise Saint-G\u00e9ry<\/strong> : Un \u00e9difice remarquable abritant de superbes vitraux et \u0153uvres d\u2019art.<\/li>\r\n \t<li data-start=\"2775\" data-end=\"2860\"><strong data-start=\"2777\" data-end=\"2803\">Le Parc de la Rh\u00f4nelle<\/strong> : Un bel espace vert parfait pour une balade au calme.<\/li>\r\n \t<li data-start=\"2861\" data-end=\"2939\"><strong data-start=\"2863\" data-end=\"2895\">Les Remparts de Valenciennes<\/strong> : T\u00e9moins du pass\u00e9 militaire de la ville.<\/li>\r\n<\/ul>\r\n<p data-start=\"2941\" data-end=\"3034\"><strong data-start=\"2944\" data-end=\"2964\">\u00c0 ne pas manquer<\/strong> : Visiter une brasserie artisanale pour d\u00e9couvrir les bi\u00e8res locales.<\/p>\r\n\r\n<h3 data-start=\"3041\" data-end=\"3094\"><strong data-start=\"3045\" data-end=\"3092\">Cambrai \u2013 Entre histoire et gourmandises<\/strong><\/h3>\r\n<p data-start=\"3096\" data-end=\"3198\">R\u00e9put\u00e9e pour ses fameuses <strong data-start=\"3122\" data-end=\"3144\">b\u00eatises de Cambrai<\/strong>, la ville offre aussi un riche patrimoine historique.<\/p>\r\n\r\n<h4 data-start=\"3200\" data-end=\"3231\"><strong data-start=\"3205\" data-end=\"3229\">Que voir \u00e0 Cambrai ?<\/strong><\/h4>\r\n<ul data-start=\"3232\" data-end=\"3628\">\r\n \t<li data-start=\"3232\" data-end=\"3322\"><strong data-start=\"3234\" data-end=\"3271\">La Cath\u00e9drale Notre-Dame-de-Gr\u00e2ce<\/strong> : Un \u00e9difice magnifique datant du XVIIIe si\u00e8cle.<\/li>\r\n \t<li data-start=\"3323\" data-end=\"3434\"><strong data-start=\"3325\" data-end=\"3363\">Le Mus\u00e9e des Beaux-Arts de Cambrai<\/strong> : Il expose des collections d\u2019art allant de l\u2019Antiquit\u00e9 \u00e0 nos jours.<\/li>\r\n \t<li data-start=\"3435\" data-end=\"3547\"><strong data-start=\"3437\" data-end=\"3467\">Les souterrains de Cambrai<\/strong> : Un r\u00e9seau fascinant de galeries souterraines utilis\u00e9es pendant les guerres.<\/li>\r\n \t<li data-start=\"3548\" data-end=\"3628\"><strong data-start=\"3550\" data-end=\"3571\">La Porte de Paris<\/strong> : Un vestige des anciennes fortifications de la ville.<\/li>\r\n<\/ul>\r\n<p data-start=\"3630\" data-end=\"3761\"><strong data-start=\"3633\" data-end=\"3653\">\u00c0 ne pas manquer<\/strong> : Go\u00fbter aux <strong data-start=\"3667\" data-end=\"3689\">b\u00eatises de Cambrai<\/strong>, ces c\u00e9l\u00e8bres bonbons \u00e0 la menthe qui auraient \u00e9t\u00e9 invent\u00e9s par erreur.<\/p>\r\n\r\n<h3 data-start=\"3768\" data-end=\"3818\"><strong data-start=\"3772\" data-end=\"3816\">Cassel \u2013 Le plus beau village du Nord<\/strong><\/h3>\r\n<p data-start=\"3820\" data-end=\"3957\">Perch\u00e9 sur une colline, <strong data-start=\"3844\" data-end=\"3854\">Cassel<\/strong> est un village pittoresque au charme flamand. Il a \u00e9t\u00e9 \u00e9lu <strong data-start=\"3914\" data-end=\"3956\">\u201cVillage pr\u00e9f\u00e9r\u00e9 des Fran\u00e7ais\u201d en 2018<\/strong>.<\/p>\r\n\r\n<h4 data-start=\"3959\" data-end=\"3989\"><strong data-start=\"3964\" data-end=\"3987\">Que voir \u00e0 Cassel ?<\/strong><\/h4>\r\n<ul data-start=\"3990\" data-end=\"4382\">\r\n \t<li data-start=\"3990\" data-end=\"4112\"><strong data-start=\"3992\" data-end=\"4010\">Le Mont Cassel<\/strong> : \u00c0 176 m\u00e8tres d\u2019altitude, il offre un panorama exceptionnel sur les Flandres fran\u00e7aises et belges.<\/li>\r\n \t<li data-start=\"4113\" data-end=\"4211\"><strong data-start=\"4115\" data-end=\"4138\">Le Mus\u00e9e de Flandre<\/strong> : Il expose des \u0153uvres d\u2019artistes flamands du XVIe si\u00e8cle \u00e0 nos jours.<\/li>\r\n \t<li data-start=\"4212\" data-end=\"4292\"><strong data-start=\"4214\" data-end=\"4237\">Le Moulin de Cassel<\/strong> : Un moulin traditionnel en bois encore en activit\u00e9.<\/li>\r\n \t<li data-start=\"4293\" data-end=\"4382\"><strong data-start=\"4295\" data-end=\"4317\">Les ruelles pav\u00e9es<\/strong> : Parfaites pour une balade au c\u0153ur de ce village pittoresque.<\/li>\r\n<\/ul>\r\n<p data-start=\"4384\" data-end=\"4514\"><strong data-start=\"4387\" data-end=\"4407\">\u00c0 ne pas manquer<\/strong> : S\u2019attabler dans un <strong data-start=\"4429\" data-end=\"4450\">estaminet flamand<\/strong> pour d\u00e9guster une <strong data-start=\"4469\" data-end=\"4491\">carbonade flamande<\/strong> avec une bi\u00e8re locale.<\/p>\r\n\r\n<h2 data-start=\"854\" data-end=\"939\"><span style=\"font-size: 18pt;\">Les mus\u00e9es dans le d\u00e9partement du Nord\u200b<\/span><\/h2>\r\n<h3 data-start=\"941\" data-end=\"974\">Le Mus\u00e9e La Piscine \u00e0 Roubaix<\/h3>\r\n<p data-start=\"976\" data-end=\"1061\"><span class=\"relative -mx-px my-[-0.2rem] rounded px-px py-[0.2rem]\">Install\u00e9 dans une ancienne piscine Art d\u00e9co, ce mus\u00e9e pr\u00e9sente des collections d\u2019art et de textiles, refl\u00e9tant le riche pass\u00e9 industriel de la r\u00e9gion.<\/span>\u200b<\/p>\r\n\r\n<h3 data-start=\"1063\" data-end=\"1103\">Le Mus\u00e9e Matisse au Cateau-Cambr\u00e9sis<\/h3>\r\n<p data-start=\"1105\" data-end=\"1190\"><span class=\"relative -mx-px my-[-0.2rem] rounded px-px py-[0.2rem]\">Consacr\u00e9 au c\u00e9l\u00e8bre peintre Henri Matisse, natif de la r\u00e9gion, ce mus\u00e9e expose une vaste collection de ses \u0153uvres.<\/span>\u200b<\/p>\r\n\r\n<h3 data-start=\"1192\" data-end=\"1224\">Le Mus\u00e9e de Flandre \u00e0 Cassel<\/h3>\r\n<p data-start=\"1226\" data-end=\"1311\"><span class=\"relative -mx-px my-[-0.2rem] rounded px-px py-[0.2rem]\">Ce mus\u00e9e met en lumi\u00e8re l\u2019art flamand du XVI\u1d49 si\u00e8cle \u00e0 nos jours, offrant un aper\u00e7u de la richesse culturelle de la Flandre fran\u00e7aise.<\/span>\u200b<\/p>\r\n\r\n<h3 data-start=\"1313\" data-end=\"1356\">Le Mus\u00e9e des Beaux-Arts de Valenciennes<\/h3>\r\n<p data-start=\"1358\" data-end=\"1443\"><span class=\"relative -mx-px my-[-0.2rem] rounded px-px py-[0.2rem]\">Il abrite une riche collection de peintures flamandes et fran\u00e7aises, ainsi que des sculptures, t\u00e9moignant de l\u2019histoire artistique de la r\u00e9gion.<\/span>\u200b<\/p>\r\n\r\n<h3 data-start=\"1445\" data-end=\"1478\">Le Mus\u00e9e de la Mine \u00e0 Lewarde<\/h3>\r\n<p data-start=\"1480\" data-end=\"1565\"><span class=\"relative -mx-px my-[-0.2rem] rounded px-px py-[0.2rem]\">Plus grand mus\u00e9e de la mine en France, il offre une immersion dans l\u2019histoire mini\u00e8re de la r\u00e9gion, avec des galeries souterraines reconstitu\u00e9es.<\/span>\u200b<\/p>\r\n\r\n<h3 data-start=\"1567\" data-end=\"1607\">Le Mus\u00e9e de la R\u00e9sistance de Bondues<\/h3>\r\n<p data-start=\"1609\" data-end=\"1694\"><span class=\"relative -mx-px my-[-0.2rem] rounded px-px py-[0.2rem]\">Ce mus\u00e9e retrace l\u2019histoire de la R\u00e9sistance dans le Nord de la France pendant la Seconde Guerre mondiale.<\/span>\u200b<\/p>\r\n\r\n<h3 data-start=\"1696\" data-end=\"1738\">Le Mus\u00e9e de la Vie Rurale \u00e0 Steenwerck<\/h3>\r\n<p data-start=\"1740\" data-end=\"1825\"><span class=\"relative -mx-px my-[-0.2rem] rounded px-px py-[0.2rem]\">Il pr\u00e9sente la vie quotidienne dans les campagnes flamandes au d\u00e9but du XX\u1d49 si\u00e8cle, avec des reconstitutions de sc\u00e8nes de la vie rurale.<\/span>\u200b<\/p>\r\n\r\n<h3 data-start=\"1827\" data-end=\"1865\">Le Mus\u00e9e de la C\u00e9ramique \u00e0 Desvres<\/h3>\r\n<p data-start=\"1867\" data-end=\"1952\"><span class=\"relative -mx-px my-[-0.2rem] rounded px-px py-[0.2rem]\">Consacr\u00e9 \u00e0 l\u2019art de la c\u00e9ramique, il expose des pi\u00e8ces traditionnelles et contemporaines, refl\u00e9tant le savoir-faire local.<\/span>\u200b<\/p>\r\n\r\n<h3 data-start=\"1954\" data-end=\"1996\">Le Mus\u00e9e de l\u2019Hospice Comtesse \u00e0 Lille<\/h3>\r\n<p data-start=\"1998\" data-end=\"2083\"><span class=\"relative -mx-px my-[-0.2rem] rounded px-px py-[0.2rem]\">Install\u00e9 dans un ancien h\u00f4pital du XIII\u1d49 si\u00e8cle, ce mus\u00e9e pr\u00e9sente des collections d\u2019art et d\u2019objets li\u00e9s \u00e0 l\u2019histoire de Lille.<\/span>\u200b<\/p>\r\n\r\n<h3 data-start=\"2085\" data-end=\"2120\">Le Mus\u00e9e Portuaire de Dunkerque<\/h3>\r\n<p data-start=\"2122\" data-end=\"2207\"><span class=\"relative -mx-px my-[-0.2rem] rounded px-px py-[0.2rem]\">Ce mus\u00e9e retrace l\u2019histoire maritime de Dunkerque, avec des expositions sur la navigation, la p\u00eache et le commerce maritime.<\/span>\u200b<\/p>\r\n\r\n<h3 data-start=\"2209\" data-end=\"2245\">Le Mus\u00e9e de la Dentelle \u00e0 Caudry<\/h3>\r\n<p data-start=\"2247\" data-end=\"2332\"><span class=\"relative -mx-px my-[-0.2rem] rounded px-px py-[0.2rem]\">Il met en avant le savoir-faire des dentelli\u00e8res de la r\u00e9gion et l\u2019histoire de la dentelle m\u00e9canique.<\/span>\u200b<\/p>\r\n\r\n<h3 data-start=\"2334\" data-end=\"2371\">Le Mus\u00e9e de la Chartreuse \u00e0 Douai<\/h3>\r\n<p data-start=\"2373\" data-end=\"2458\"><span class=\"relative -mx-px my-[-0.2rem] rounded px-px py-[0.2rem]\">Install\u00e9 dans un ancien monast\u00e8re, il pr\u00e9sente des collections de peintures, sculptures et objets d\u2019art du Moyen \u00c2ge au XX\u1d49 si\u00e8cle.<\/span>\u200b<\/p>\r\n\r\n<h3 data-start=\"2460\" data-end=\"2500\">Le Mus\u00e9e de la Bataille de Fromelles<\/h3>\r\n<p data-start=\"2502\" data-end=\"2587\"><span class=\"relative -mx-px my-[-0.2rem] rounded px-px py-[0.2rem]\">Ce mus\u00e9e comm\u00e9more la bataille de Fromelles de 1916 et rend hommage aux soldats tomb\u00e9s lors de cet affrontement.<\/span>\u200b<\/p>\r\n\r\n<h3 data-start=\"2589\" data-end=\"2642\">Le Mus\u00e9e de la Brasserie \u00e0 Saint-Sylvestre-Cappel<\/h3>\r\n<p data-start=\"2644\" data-end=\"2729\"><span class=\"relative -mx-px my-[-0.2rem] rounded px-px py-[0.2rem]\">Il retrace l\u2019histoire de la bi\u00e8re et des brasseries dans la r\u00e9gion, avec des expositions sur les techniques de brassage.<\/span>\u200b<\/p>\r\n\r\n<h3 data-start=\"2731\" data-end=\"2782\">Le Mus\u00e9e de la Vie Frontali\u00e8re \u00e0 Godewaersvelde<\/h3>\r\n<p data-start=\"2784\" data-end=\"2869\"><span class=\"relative -mx-px my-[-0.2rem] rounded px-px py-[0.2rem]\">Ce mus\u00e9e explore la vie quotidienne des habitants des zones frontali\u00e8res, avec des expositions sur le commerce et les traditions locales.<\/span>\u200b<\/p>\r\n\r\n<h3 data-start=\"2871\" data-end=\"2910\">Le Mus\u00e9e des Augustins \u00e0 Hazebrouck<\/h3>\r\n<p data-start=\"2912\" data-end=\"2997\"><span class=\"relative -mx-px my-[-0.2rem] rounded px-px py-[0.2rem]\">Install\u00e9 dans un ancien couvent, il pr\u00e9sente des collections d\u2019art religieux, de peintures et d\u2019objets ethnographiques.<\/span>\u200b<\/p>\r\n\r\n<h3 data-start=\"2999\" data-end=\"3059\">Le Mus\u00e9e de la R\u00e9sistance et de la D\u00e9portation \u00e0 Bondues<\/h3>\r\n<p data-start=\"3061\" data-end=\"3146\"><span class=\"relative -mx-px my-[-0.2rem] rounded px-px py-[0.2rem]\">Il retrace l\u2019histoire de la R\u00e9sistance dans la r\u00e9gion pendant la Seconde Guerre mondiale, avec des t\u00e9moignages et des objets d\u2019\u00e9poque.<\/span>\u200b<\/p>\r\n\r\n<h3 data-start=\"3148\" data-end=\"3190\">Le Mus\u00e9e de la Vie Rurale \u00e0 Steenwerck<\/h3>\r\n<p data-start=\"3192\" data-end=\"3277\"><span class=\"relative -mx-px my-[-0.2rem] rounded px-px py-[0.2rem]\">Ce mus\u00e9e pr\u00e9sente la vie quotidienne dans les campagnes du Nord au d\u00e9but du XX\u1d49 si\u00e8cle, avec des reconstitutions de maisons et d\u2019ateliers.<\/span>\u200b<\/p>\r\n\r\n<h3 data-start=\"3279\" data-end=\"3321\">Le Mus\u00e9e de l\u2019Hospice Comtesse \u00e0 Lille<\/h3>\r\n<p data-start=\"3323\" data-end=\"3408\"><span class=\"relative -mx-px my-[-0.2rem] rounded px-px py-[0.2rem]\">Install\u00e9 dans un ancien h\u00f4pital du XIII\u1d49 si\u00e8cle, ce mus\u00e9e pr\u00e9sente des collections d\u2019art et d\u2019objets li\u00e9s \u00e0 l\u2019histoire de Lille.<\/span>\u200b<\/p>\r\n\r\n<h3 data-start=\"3410\" data-end=\"3453\">Le Mus\u00e9e des Beaux-Arts de Valenciennes<\/h3>\r\n<p data-start=\"3455\" data-end=\"3540\"><span class=\"relative -mx-px my-[-0.2rem] rounded px-px py-[0.2rem]\">Il abrite une riche collection de peintures flamandes et fran\u00e7aises, ainsi que des sculptures, t\u00e9moignant de l\u2019histoire artistique de la r\u00e9gion.<\/span>\u200b<\/p>\r\n\r\n<h3 data-start=\"3542\" data-end=\"3575\">Le Mus\u00e9e de la Mine \u00e0 Lewarde<\/h3>\r\n<p data-start=\"3577\" data-end=\"3681\">Plus grand mus\u00e9e de la mine en France, il offre une immersion dans l\u2019histoire mini\u00e8re de la r\u00e9gion<\/p>\r\n\r\n<h2 data-start=\"0\" data-end=\"55\"><span style=\"font-size: 18pt;\"><strong data-start=\"3\" data-end=\"53\">Gastronomie et sp\u00e9cialit\u00e9s du Nord d\u00e9partement<\/strong><\/span><\/h2>\r\n<p data-start=\"57\" data-end=\"386\">Le <strong data-start=\"60\" data-end=\"80\">Nord d\u00e9partement<\/strong> est une terre de traditions culinaires o\u00f9 la g\u00e9n\u00e9rosit\u00e9 et la convivialit\u00e9 se refl\u00e8tent dans chaque assiette. La gastronomie locale est un m\u00e9lange savoureux de recettes flamandes, de produits du terroir et d\u2019influences belges. Voici un tour d\u2019horizon des plats et sp\u00e9cialit\u00e9s incontournables de la r\u00e9gion.<\/p>\r\n\r\n<h3 data-start=\"393\" data-end=\"429\"><strong data-start=\"397\" data-end=\"427\">Les plats typiques du Nord<\/strong><\/h3>\r\n<h4 data-start=\"431\" data-end=\"450\"><strong data-start=\"436\" data-end=\"448\">Le welsh<\/strong><\/h4>\r\n<p data-start=\"451\" data-end=\"708\">D\u2019origine galloise mais adopt\u00e9 par le Nord, le <strong data-start=\"498\" data-end=\"507\">welsh<\/strong> est un plat r\u00e9confortant compos\u00e9 de pain imbib\u00e9 de bi\u00e8re, recouvert de cheddar fondu et parfois agr\u00e9ment\u00e9 d\u2019un \u0153uf et de jambon. Servi avec des frites, il est un incontournable des brasseries locales.<\/p>\r\n\r\n<h4 data-start=\"710\" data-end=\"736\"><strong data-start=\"715\" data-end=\"734\">Le potjevleesch<\/strong><\/h4>\r\n<p data-start=\"737\" data-end=\"961\">Sp\u00e9cialit\u00e9 flamande signifiant \u201cpetit pot de viande\u201d, le <strong data-start=\"794\" data-end=\"810\">potjevleesch<\/strong> est une terrine froide compos\u00e9e de plusieurs viandes blanches (poulet, lapin, porc et veau) prises en gel\u00e9e, parfum\u00e9es avec des herbes et du vinaigre.<\/p>\r\n\r\n<h4 data-start=\"963\" data-end=\"995\"><strong data-start=\"968\" data-end=\"993\">La carbonade flamande<\/strong><\/h4>\r\n<p data-start=\"996\" data-end=\"1219\">Ce rago\u00fbt mijot\u00e9 \u00e0 base de b\u0153uf et d\u2019oignons est cuit lentement dans une sauce \u00e0 la bi\u00e8re brune et au pain d\u2019\u00e9pices, ce qui lui donne une saveur sucr\u00e9e-sal\u00e9e unique. C\u2019est un plat r\u00e9confortant, souvent accompagn\u00e9 de frites.<\/p>\r\n\r\n<h4 data-start=\"1221\" data-end=\"1243\"><strong data-start=\"1226\" data-end=\"1241\">Le waterzo\u00ef<\/strong><\/h4>\r\n<p data-start=\"1244\" data-end=\"1452\">Originaire de Flandre, le <strong data-start=\"1270\" data-end=\"1282\">waterzo\u00ef<\/strong> est une soupe \u00e9paisse \u00e0 base de poisson ou de volaille, agr\u00e9ment\u00e9e de l\u00e9gumes et d\u2019une sauce cr\u00e9meuse. Il est souvent servi avec du pain pour absorber la sauce d\u00e9licate.<\/p>\r\n\r\n<h4 data-start=\"1454\" data-end=\"1478\"><strong data-start=\"1459\" data-end=\"1476\">Le fricadelle<\/strong><\/h4>\r\n<p data-start=\"1479\" data-end=\"1684\">Embl\u00e9matique des friteries du Nord, la <strong data-start=\"1518\" data-end=\"1532\">fricadelle<\/strong> est une saucisse pan\u00e9e \u00e0 base de viande hach\u00e9e, d\u2019\u00e9pices et de chapelure. Elle est souvent servie avec des frites et de la sauce samoura\u00ef ou andalouse.<\/p>\r\n\r\n<h3 data-start=\"1691\" data-end=\"1721\"><strong data-start=\"1695\" data-end=\"1719\">Les fromages du Nord<\/strong><\/h3>\r\n<p data-start=\"1723\" data-end=\"1833\">Le <strong data-start=\"1726\" data-end=\"1746\">Nord d\u00e9partement<\/strong> est aussi une terre de <strong data-start=\"1770\" data-end=\"1782\">fromages<\/strong> r\u00e9put\u00e9s pour leur caract\u00e8re et leur go\u00fbt puissant.<\/p>\r\n\r\n<h4 data-start=\"1835\" data-end=\"1858\"><strong data-start=\"1840\" data-end=\"1856\">Le Maroilles<\/strong><\/h4>\r\n<p data-start=\"1859\" data-end=\"2162\">C\u2019est sans doute le fromage le plus embl\u00e9matique du Nord. Ce fromage \u00e0 p\u00e2te molle et \u00e0 cro\u00fbte lav\u00e9e est fabriqu\u00e9 avec du lait de vache et poss\u00e8de une saveur puissante qui se renforce avec l\u2019affinage. Il est souvent utilis\u00e9 pour pr\u00e9parer la <strong data-start=\"2099\" data-end=\"2121\">tarte au Maroilles<\/strong>, un incontournable de la cuisine locale.<\/p>\r\n\r\n<h4 data-start=\"2164\" data-end=\"2196\"><strong data-start=\"2169\" data-end=\"2194\">La Boulette d\u2019Avesnes<\/strong><\/h4>\r\n<p data-start=\"2197\" data-end=\"2368\">Fromage en forme de c\u00f4ne, il est fabriqu\u00e9 \u00e0 partir de p\u00e2te de Maroilles, m\u00e9lang\u00e9 avec du paprika et des \u00e9pices, ce qui lui donne une couleur orang\u00e9e et une saveur relev\u00e9e.<\/p>\r\n\r\n<h4 data-start=\"2370\" data-end=\"2391\"><strong data-start=\"2375\" data-end=\"2389\">Le Bergues<\/strong><\/h4>\r\n<p data-start=\"2392\" data-end=\"2547\">Ce fromage au lait de vache, originaire de Bergues, a une p\u00e2te souple et un go\u00fbt prononc\u00e9. Il se consomme en tartine ou fondu dans des plats traditionnels.<\/p>\r\n\r\n<h3 data-start=\"2554\" data-end=\"2592\"><strong data-start=\"2558\" data-end=\"2590\">Les douceurs sucr\u00e9es du Nord<\/strong><\/h3>\r\n<h4 data-start=\"2594\" data-end=\"2626\"><strong data-start=\"2599\" data-end=\"2624\">Les gaufres flamandes<\/strong><\/h4>\r\n<p data-start=\"2627\" data-end=\"2826\">Ces gaufres fines et croustillantes sont souvent fourr\u00e9es \u00e0 la vergeoise ou \u00e0 la vanille. La maison <strong data-start=\"2727\" data-end=\"2736\">Meert<\/strong> \u00e0 Lille est c\u00e9l\u00e8bre pour ses gaufres artisanales au beurre et \u00e0 la vanille de Madagascar.<\/p>\r\n\r\n<h4 data-start=\"2828\" data-end=\"2856\"><strong data-start=\"2833\" data-end=\"2854\">La tarte au sucre<\/strong><\/h4>\r\n<p data-start=\"2857\" data-end=\"2991\">Typique du Nord, cette tarte moelleuse est pr\u00e9par\u00e9e avec de la vergeoise brune ou blonde, donnant une saveur caram\u00e9lis\u00e9e irr\u00e9sistible.<\/p>\r\n\r\n<h4 data-start=\"2993\" data-end=\"3027\"><strong data-start=\"2998\" data-end=\"3025\">Les babeluttes de Lille<\/strong><\/h4>\r\n<p data-start=\"3028\" data-end=\"3109\">Ce sont des bonbons \u00e0 base de caramel et de sucre, tr\u00e8s pris\u00e9s par les gourmands.<\/p>\r\n\r\n<h4 data-start=\"3111\" data-end=\"3142\"><strong data-start=\"3116\" data-end=\"3140\">Les chiques de Bavay<\/strong><\/h4>\r\n<p data-start=\"3143\" data-end=\"3252\">Ces bonbons traditionnels sont des confiseries \u00e0 la menthe, fabriqu\u00e9es artisanalement dans la ville de Bavay.<\/p>\r\n\r\n<h3 data-start=\"3259\" data-end=\"3303\"><strong data-start=\"3263\" data-end=\"3301\">Les boissons embl\u00e9matiques du Nord<\/strong><\/h3>\r\n<p data-start=\"3305\" data-end=\"3395\">Le Nord est une r\u00e9gion brassicole r\u00e9put\u00e9e, influenc\u00e9e par la culture flamande de la bi\u00e8re.<\/p>\r\n\r\n<h4 data-start=\"3397\" data-end=\"3426\"><strong data-start=\"3402\" data-end=\"3424\">Les bi\u00e8res du Nord<\/strong><\/h4>\r\n<p data-start=\"3427\" data-end=\"3519\">Le Nord est un haut lieu de la <strong data-start=\"3458\" data-end=\"3482\">brasserie artisanale<\/strong>, avec des bi\u00e8res renomm\u00e9es comme :<\/p>\r\n\r\n<ul data-start=\"3520\" data-end=\"3616\">\r\n \t<li data-start=\"3520\" data-end=\"3536\"><strong data-start=\"3522\" data-end=\"3534\">La Ch\u2019ti<\/strong><\/li>\r\n \t<li data-start=\"3537\" data-end=\"3555\"><strong data-start=\"3539\" data-end=\"3553\">La Goudale<\/strong><\/li>\r\n \t<li data-start=\"3556\" data-end=\"3574\"><strong data-start=\"3558\" data-end=\"3572\">La Jenlain<\/strong><\/li>\r\n \t<li data-start=\"3575\" data-end=\"3593\"><strong data-start=\"3577\" data-end=\"3591\">La Page 24<\/strong><\/li>\r\n \t<li data-start=\"3594\" data-end=\"3616\"><strong data-start=\"3596\" data-end=\"3614\">La Trois Monts<\/strong><\/li>\r\n<\/ul>\r\n<p data-start=\"3618\" data-end=\"3737\">Les bi\u00e8res du Nord sont souvent des <strong data-start=\"3654\" data-end=\"3673\">bi\u00e8res de garde<\/strong>, ferment\u00e9es lentement pour offrir une palette aromatique riche.<\/p>\r\n\r\n<h4 data-start=\"3739\" data-end=\"3761\"><strong data-start=\"3744\" data-end=\"3759\">Le geni\u00e8vre<\/strong><\/h4>\r\n<p data-start=\"3762\" data-end=\"3912\">Eau-de-vie traditionnelle du Nord, le <strong data-start=\"3800\" data-end=\"3812\">geni\u00e8vre<\/strong> est fabriqu\u00e9 \u00e0 base de grains et aromatis\u00e9 aux baies de geni\u00e8vre. Il se d\u00e9guste pur ou en cocktail.<\/p>\r\n\r\n<h3 data-start=\"3919\" data-end=\"3951\"><strong data-start=\"3923\" data-end=\"3949\">Le Nord, un terroir \u00e0 d\u00e9couvrir<\/strong><\/h3>\r\n<p data-start=\"3952\" data-end=\"4315\">Que ce soit \u00e0 travers un <strong data-start=\"3977\" data-end=\"3998\">estaminet flamand<\/strong> ou un <strong data-start=\"4005\" data-end=\"4030\">march\u00e9 de producteurs<\/strong>, la gastronomie du <strong data-start=\"4050\" data-end=\"4070\">Nord d\u00e9partement<\/strong> est une exp\u00e9rience \u00e0 part enti\u00e8re, m\u00ealant tradition et authenticit\u00e9. Les saveurs uniques de cette r\u00e9gion, marqu\u00e9es par l\u2019influence flamande et une forte culture de la convivialit\u00e9, en font une destination gastronomique incontournable en France.<\/p>\r\n<p data-start=\"4317\" data-end=\"4497\" data-is-last-node=\"\" data-is-only-node=\"\">Pour plus d\u2019informations sur les sp\u00e9cialit\u00e9s culinaires du Nord, vous pouvez consulter <a href=\"https:\/\/fr.wikipedia.org\/wiki\/Gastronomie_du_Nord-Pas-de-Calais\" target=\"_new\" rel=\"noopener\" data-start=\"4404\" data-end=\"4496\">cet article sur Wikip\u00e9dia<\/a>.<\/p>\r\n\r\n<h2 data-start=\"0\" data-end=\"36\"><span style=\"font-size: 18pt;\"><strong data-start=\"3\" data-end=\"34\">FAQ sur le Nord d\u00e9partement<\/strong><\/span><\/h2>\r\n<h3 data-start=\"38\" data-end=\"87\"><strong data-start=\"42\" data-end=\"85\">1. O\u00f9 se situe le d\u00e9partement du Nord ?<\/strong><\/h3>\r\n<p data-start=\"88\" data-end=\"302\">Le <strong data-start=\"91\" data-end=\"111\">Nord d\u00e9partement<\/strong> est situ\u00e9 dans la r\u00e9gion des <strong data-start=\"141\" data-end=\"160\">Hauts-de-France<\/strong>, \u00e0 la fronti\u00e8re avec la Belgique. Il est bord\u00e9 par la mer du Nord et comprend des villes comme <strong data-start=\"256\" data-end=\"301\">Lille, Dunkerque, Valenciennes et Cambrai<\/strong>.<\/p>\r\n\r\n<h3 data-start=\"304\" data-end=\"362\"><strong data-start=\"308\" data-end=\"360\">2. Quelles sont les principales villes du Nord ?<\/strong><\/h3>\r\n<p data-start=\"363\" data-end=\"427\">Les villes les plus importantes du <strong data-start=\"398\" data-end=\"418\">Nord d\u00e9partement<\/strong> sont :<\/p>\r\n\r\n<ul data-start=\"428\" data-end=\"709\">\r\n \t<li data-start=\"428\" data-end=\"467\"><strong data-start=\"430\" data-end=\"439\">Lille<\/strong>, la capitale des Flandres<\/li>\r\n \t<li data-start=\"468\" data-end=\"523\"><strong data-start=\"470\" data-end=\"483\">Dunkerque<\/strong>, ville portuaire et station baln\u00e9aire<\/li>\r\n \t<li data-start=\"524\" data-end=\"575\"><strong data-start=\"526\" data-end=\"542\">Valenciennes<\/strong>, surnomm\u00e9e \u201cl\u2019Ath\u00e8nes du Nord\u201d<\/li>\r\n \t<li data-start=\"576\" data-end=\"635\"><strong data-start=\"578\" data-end=\"589\">Cambrai<\/strong>, c\u00e9l\u00e8bre pour ses b\u00eatises et son patrimoine<\/li>\r\n \t<li data-start=\"636\" data-end=\"709\"><strong data-start=\"638\" data-end=\"649\">Roubaix<\/strong>, connue pour son mus\u00e9e La Piscine et son pass\u00e9 industriel<\/li>\r\n<\/ul>\r\n<h3 data-start=\"711\" data-end=\"783\"><strong data-start=\"715\" data-end=\"781\">3. Quels sont les sites touristiques incontournables du Nord ?<\/strong><\/h3>\r\n<p data-start=\"784\" data-end=\"857\">Parmi les sites les plus visit\u00e9s du <strong data-start=\"820\" data-end=\"840\">Nord d\u00e9partement<\/strong>, on retrouve :<\/p>\r\n\r\n<ul data-start=\"858\" data-end=\"1057\">\r\n \t<li data-start=\"858\" data-end=\"898\"><strong data-start=\"860\" data-end=\"896\">Le Vieux-Lille et sa Grand\u2019Place<\/strong><\/li>\r\n \t<li data-start=\"899\" data-end=\"940\"><strong data-start=\"901\" data-end=\"938\">Le Palais des Beaux-Arts de Lille<\/strong><\/li>\r\n \t<li data-start=\"941\" data-end=\"972\"><strong data-start=\"943\" data-end=\"970\">Le Beffroi de Dunkerque<\/strong><\/li>\r\n \t<li data-start=\"973\" data-end=\"1010\"><strong data-start=\"975\" data-end=\"1008\">Le Mus\u00e9e de la Mine \u00e0 Lewarde<\/strong><\/li>\r\n \t<li data-start=\"1011\" data-end=\"1057\"><strong data-start=\"1013\" data-end=\"1055\">Le Mont Cassel et son mus\u00e9e de Flandre<\/strong><\/li>\r\n<\/ul>\r\n<h3 data-start=\"1059\" data-end=\"1121\"><strong data-start=\"1063\" data-end=\"1119\">4. Quelles sont les sp\u00e9cialit\u00e9s culinaires du Nord ?<\/strong><\/h3>\r\n<p data-start=\"1122\" data-end=\"1219\">Le <strong data-start=\"1125\" data-end=\"1145\">Nord d\u00e9partement<\/strong> est une terre de <strong data-start=\"1163\" data-end=\"1188\">gastronomie g\u00e9n\u00e9reuse<\/strong> avec des sp\u00e9cialit\u00e9s comme :<\/p>\r\n\r\n<ul data-start=\"1220\" data-end=\"1529\">\r\n \t<li data-start=\"1220\" data-end=\"1294\"><strong data-start=\"1222\" data-end=\"1247\">La carbonade flamande<\/strong> (b\u0153uf mijot\u00e9 \u00e0 la bi\u00e8re et au pain d\u2019\u00e9pices)<\/li>\r\n \t<li data-start=\"1295\" data-end=\"1343\"><strong data-start=\"1297\" data-end=\"1309\">Le welsh<\/strong> (pain, jambon et cheddar fondu)<\/li>\r\n \t<li data-start=\"1344\" data-end=\"1406\"><strong data-start=\"1346\" data-end=\"1365\">Le potjevleesch<\/strong> (terrine de viandes blanches en gel\u00e9e)<\/li>\r\n \t<li data-start=\"1407\" data-end=\"1456\"><strong data-start=\"1409\" data-end=\"1454\">Les frites, accompagn\u00e9es d\u2019une fricadelle<\/strong><\/li>\r\n \t<li data-start=\"1457\" data-end=\"1529\"><strong data-start=\"1459\" data-end=\"1483\">Les fromages du Nord<\/strong>, dont le Maroilles et la Boulette d\u2019Avesnes<\/li>\r\n<\/ul>\r\n<h3 data-start=\"1531\" data-end=\"1572\"><strong data-start=\"1535\" data-end=\"1570\">5. Quel est le climat du Nord ?<\/strong><\/h3>\r\n<p data-start=\"1573\" data-end=\"1781\">Le <strong data-start=\"1576\" data-end=\"1596\">Nord d\u00e9partement<\/strong> a un <strong data-start=\"1602\" data-end=\"1622\">climat oc\u00e9anique<\/strong> avec des hivers frais et des \u00e9t\u00e9s doux. Les pr\u00e9cipitations sont fr\u00e9quentes, mais le temps reste agr\u00e9able pour visiter les villes et les paysages de la r\u00e9gion.<\/p>\r\n\r\n<h3 data-start=\"1783\" data-end=\"1850\"><strong data-start=\"1787\" data-end=\"1848\">6. Quelle est la meilleure p\u00e9riode pour visiter le Nord ?<\/strong><\/h3>\r\n<p data-start=\"1851\" data-end=\"2103\">La meilleure p\u00e9riode pour visiter le <strong data-start=\"1888\" data-end=\"1908\">Nord d\u00e9partement<\/strong> est entre <strong data-start=\"1919\" data-end=\"1939\">mai et septembre<\/strong>, lorsque les temp\u00e9ratures sont plus cl\u00e9mentes et que les journ\u00e9es sont plus longues. C\u2019est aussi la saison id\u00e9ale pour profiter des festivals et \u00e9v\u00e9nements locaux.<\/p>\r\n\r\n<h3 data-start=\"2105\" data-end=\"2171\"><strong data-start=\"2109\" data-end=\"2169\">7. Quels sont les \u00e9v\u00e9nements culturels majeurs du Nord ?<\/strong><\/h3>\r\n<p data-start=\"2172\" data-end=\"2238\">Le <strong data-start=\"2175\" data-end=\"2195\">Nord d\u00e9partement<\/strong> est r\u00e9put\u00e9 pour ses \u00e9v\u00e9nements festifs :<\/p>\r\n\r\n<ul data-start=\"2239\" data-end=\"2447\">\r\n \t<li data-start=\"2239\" data-end=\"2288\"><strong data-start=\"2241\" data-end=\"2269\">Le Carnaval de Dunkerque<\/strong> (janvier \u00e0 mars)<\/li>\r\n \t<li data-start=\"2289\" data-end=\"2349\"><strong data-start=\"2291\" data-end=\"2315\">La Braderie de Lille<\/strong> (premier week-end de septembre)<\/li>\r\n \t<li data-start=\"2350\" data-end=\"2395\"><strong data-start=\"2352\" data-end=\"2383\">Les F\u00eates de Gayant \u00e0 Douai<\/strong> (juillet)<\/li>\r\n \t<li data-start=\"2396\" data-end=\"2447\"><strong data-start=\"2398\" data-end=\"2445\">Les festivit\u00e9s de Saint-Nicolas en d\u00e9cembre<\/strong><\/li>\r\n<\/ul>\r\n<h3 data-start=\"2449\" data-end=\"2507\"><strong data-start=\"2453\" data-end=\"2505\">8. Quels sont les d\u00e9partements voisins du Nord ?<\/strong><\/h3>\r\n<p data-start=\"2508\" data-end=\"2551\">Le <strong data-start=\"2511\" data-end=\"2531\">Nord d\u00e9partement<\/strong> est entour\u00e9 par :<\/p>\r\n\r\n<ul data-start=\"2552\" data-end=\"2665\">\r\n \t<li data-start=\"2552\" data-end=\"2594\"><strong data-start=\"2554\" data-end=\"2579\">Le Pas-de-Calais (62)<\/strong> au sud-ouest<\/li>\r\n \t<li data-start=\"2595\" data-end=\"2626\"><strong data-start=\"2597\" data-end=\"2613\">L\u2019Aisne (02)<\/strong> au sud-est<\/li>\r\n \t<li data-start=\"2627\" data-end=\"2665\"><strong data-start=\"2629\" data-end=\"2644\">La Belgique<\/strong> au nord et \u00e0 l\u2019est<\/li>\r\n<\/ul>\r\n<h3 data-start=\"2667\" data-end=\"2708\"><strong data-start=\"2671\" data-end=\"2706\">9. O\u00f9 se baigner dans le Nord ?<\/strong><\/h3>\r\n<p data-start=\"2709\" data-end=\"2869\">La <strong data-start=\"2712\" data-end=\"2728\">C\u00f4te d\u2019Opale<\/strong>, bien que majoritairement situ\u00e9e dans le <strong data-start=\"2770\" data-end=\"2787\">Pas-de-Calais<\/strong>, offre plusieurs plages accessibles depuis le <strong data-start=\"2834\" data-end=\"2854\">Nord d\u00e9partement<\/strong>, notamment :<\/p>\r\n\r\n<ul data-start=\"2870\" data-end=\"3006\">\r\n \t<li data-start=\"2870\" data-end=\"2904\"><strong data-start=\"2872\" data-end=\"2890\">Malo-les-Bains<\/strong> (Dunkerque)<\/li>\r\n \t<li data-start=\"2905\" data-end=\"2945\"><strong data-start=\"2907\" data-end=\"2921\">Bray-Dunes<\/strong>, \u00e0 la fronti\u00e8re belge<\/li>\r\n \t<li data-start=\"2946\" data-end=\"3006\"><strong data-start=\"2948\" data-end=\"2966\">Leffrinckoucke<\/strong>, plage sauvage id\u00e9ale pour la d\u00e9tente<\/li>\r\n<\/ul>\r\n<h3 data-start=\"3008\" data-end=\"3056\"><strong data-start=\"3012\" data-end=\"3054\">10. Comment se d\u00e9placer dans le Nord ?<\/strong><\/h3>\r\n<p data-start=\"3057\" data-end=\"3106\">Le <strong data-start=\"3060\" data-end=\"3080\">Nord d\u00e9partement<\/strong> est bien desservi par :<\/p>\r\n\r\n<ul data-start=\"3107\" data-end=\"3363\">\r\n \t<li data-start=\"3107\" data-end=\"3209\"><strong data-start=\"3109\" data-end=\"3134\">Le r\u00e9seau ferroviaire<\/strong> (TGV et TER reliant Lille \u00e0 Paris, Bruxelles et d\u2019autres grandes villes)<\/li>\r\n \t<li data-start=\"3210\" data-end=\"3276\"><strong data-start=\"3212\" data-end=\"3230\">Les autoroutes<\/strong> A1, A25, A23, facilitant l\u2019acc\u00e8s en voiture<\/li>\r\n \t<li data-start=\"3277\" data-end=\"3363\"><strong data-start=\"3279\" data-end=\"3323\">Le r\u00e9seau de transports en commun Il\u00e9via<\/strong>, notamment dans la m\u00e9tropole lilloise<\/li>\r\n<\/ul>\t\t\t\t\t\t\t\t<\/div>\n\t\t\t\t\t<\/div>\n\t\t\t\t<\/div>\n\t\t\t\t<\/div>\n\t\t","protected":false},"excerpt":{"rendered":"<p>Recherches populaires Categories Pas de r\u00e9sultats Voir tous les r\u00e9sultats Le Nord d\u00e9partement Le Nord d\u00e9partement, situ\u00e9 dans la r\u00e9gion des Hauts-de-France, est une terre riche en histoire, en culture et en traditions culinaires. Ce territoire, frontalier avec la Belgique et bord\u00e9 par la mer du Nord, offre une diversit\u00e9 de paysages, de villes dynamiques [&hellip;]<\/p>\n","protected":false},"author":97,"featured_media":58513,"comment_status":"closed","ping_status":"closed","sticky":false,"template":"elementor_header_footer","format":"standard","meta":{"ngg_post_thumbnail":0,"footnotes":""},"categories":[1364,2563,477,1169],"tags":[883],"class_list":["post-58509","post","type-post","status-publish","format-standard","has-post-thumbnail","hentry","category-nord-departement","category-departement-de-france","category-france","category-hauts-de-france","tag-departement"],"_links":{"self":[{"href":"https:\/\/cparici.com\/fr\/wp-json\/wp\/v2\/posts\/58509","targetHints":{"allow":["GET"]}}],"collection":[{"href":"https:\/\/cparici.com\/fr\/wp-json\/wp\/v2\/posts"}],"about":[{"href":"https:\/\/cparici.com\/fr\/wp-json\/wp\/v2\/types\/post"}],"author":[{"embeddable":true,"href":"https:\/\/cparici.com\/fr\/wp-json\/wp\/v2\/users\/97"}],"replies":[{"embeddable":true,"href":"https:\/\/cparici.com\/fr\/wp-json\/wp\/v2\/comments?post=58509"}],"version-history":[{"count":0,"href":"https:\/\/cparici.com\/fr\/wp-json\/wp\/v2\/posts\/58509\/revisions"}],"wp:featuredmedia":[{"embeddable":true,"href":"https:\/\/cparici.com\/fr\/wp-json\/wp\/v2\/media\/58513"}],"wp:attachment":[{"href":"https:\/\/cparici.com\/fr\/wp-json\/wp\/v2\/media?parent=58509"}],"wp:term":[{"taxonomy":"category","embeddable":true,"href":"https:\/\/cparici.com\/fr\/wp-json\/wp\/v2\/categories?post=58509"},{"taxonomy":"post_tag","embeddable":true,"href":"https:\/\/cparici.com\/fr\/wp-json\/wp\/v2\/tags?post=58509"}],"curies":[{"name":"wp","href":"https:\/\/api.w.org\/{rel}","templated":true}]}}