{"id":58570,"date":"2025-03-02T15:14:27","date_gmt":"2025-03-02T14:14:27","guid":{"rendered":"https:\/\/cparici.com\/?p=58570"},"modified":"2025-03-29T21:28:01","modified_gmt":"2025-03-29T20:28:01","slug":"pas-de-calais","status":"publish","type":"post","link":"https:\/\/cparici.com\/fr\/pas-de-calais\/","title":{"rendered":"Pas de Calais &#8211; d\u00e9couverte du d\u00e9partement"},"content":{"rendered":"\t\t<div data-elementor-type=\"wp-post\" data-elementor-id=\"58570\" class=\"elementor elementor-58570\" data-elementor-post-type=\"post\">\n\t\t\t\t<div class=\"elementor-element elementor-element-e2ac485 e-con-full e-flex e-con e-parent\" data-id=\"e2ac485\" data-element_type=\"container\" data-e-type=\"container\">\n\t\t\t\t<div class=\"elementor-element elementor-element-2cebf58 elementor-widget elementor-widget-image\" data-id=\"2cebf58\" data-element_type=\"widget\" data-e-type=\"widget\" data-widget_type=\"image.default\">\n\t\t\t\t\t\t\t\t\t\t\t\t\t\t\t<img decoding=\"async\" width=\"1500\" height=\"530\" src=\"https:\/\/cparici.com\/wp-content\/uploads\/2025\/03\/cparici-2025-03-02T151203.914.jpg\" class=\"attachment-full size-full wp-image-58571\" alt=\"Pas de Calais\" srcset=\"https:\/\/cparici.com\/wp-content\/uploads\/2025\/03\/cparici-2025-03-02T151203.914.jpg 1500w, https:\/\/cparici.com\/wp-content\/uploads\/2025\/03\/cparici-2025-03-02T151203.914-300x106.jpg 300w, https:\/\/cparici.com\/wp-content\/uploads\/2025\/03\/cparici-2025-03-02T151203.914-1024x362.jpg 1024w, https:\/\/cparici.com\/wp-content\/uploads\/2025\/03\/cparici-2025-03-02T151203.914-768x271.jpg 768w, https:\/\/cparici.com\/wp-content\/uploads\/2025\/03\/cparici-2025-03-02T151203.914-18x6.jpg 18w, https:\/\/cparici.com\/wp-content\/uploads\/2025\/03\/cparici-2025-03-02T151203.914-590x208.jpg 590w, https:\/\/cparici.com\/wp-content\/uploads\/2025\/03\/cparici-2025-03-02T151203.914-1200x424.jpg 1200w, https:\/\/cparici.com\/wp-content\/uploads\/2025\/03\/cparici-2025-03-02T151203.914-577x204.jpg 577w, https:\/\/cparici.com\/wp-content\/uploads\/2025\/03\/cparici-2025-03-02T151203.914-600x212.jpg 600w\" sizes=\"(max-width: 1500px) 100vw, 1500px\" \/>\t\t\t\t\t\t\t\t\t\t\t\t\t\t\t<\/div>\n\t\t\t\t<\/div>\n\t\t<div class=\"elementor-element elementor-element-5f221d5 e-flex e-con-boxed e-con e-parent\" data-id=\"5f221d5\" data-element_type=\"container\" data-e-type=\"container\">\n\t\t\t\t\t<div class=\"e-con-inner\">\n\t\t\t\t<div class=\"elementor-element elementor-element-9f43a29 elementor-widget elementor-widget-global elementor-global-62046 elementor-widget-eael-advanced-search\" data-id=\"9f43a29\" data-element_type=\"widget\" data-e-type=\"widget\" data-widget_type=\"eael-advanced-search.default\">\n\t\t\t\t\t        <div class=\"eael-adv-search-wrapper\">\n            <div id=\"eael-advanced-search-widget-9f43a29\" class=\"eael-advanced-search-widget\">\n                <form data-settings=\"{&quot;post_per_page&quot;:5,&quot;search_among_taxonomies&quot;:&quot;&quot;,&quot;search_among_sku&quot;:&quot;no&quot;,&quot;show_popular_keyword&quot;:0,&quot;show_category&quot;:0,&quot;show_content_image&quot;:1,&quot;show_search_result_all_results&quot;:0,&quot;result_on_new_tab&quot;:&quot;no&quot;,&quot;show_product_price&quot;:&quot;no&quot;,&quot;include_current_page&quot;:&quot;no&quot;,&quot;orderby&quot;:&quot;default&quot;,&quot;order&quot;:&quot;DESC&quot;,&quot;current_post_id&quot;:58570,&quot;post_type&quot;:[&quot;post&quot;,&quot;listing&quot;]}\" method=\"POST\" name=\"eael-advanced-search-form-9f43a29\" class=\"eael-advanced-search-form eael-advanced-search-form-style-2\">\n                    <div class=\"eael-advanced-search-wrap\">\n                        <span class=\"eael-adv-search-loader\"><\/span>\n                        <span class=\"eael-adv-search-close\"><i class=\"fas fa-times\"><\/i><\/span>\n                        <span class=\"icon \"><i class=\"fas fa-search\"><\/i><\/span>\n\n                        <input type=\"text\"\n                               placeholder=\"Votre destination\"\n                               class=\"eael-advanced-search\" autocomplete=\"off\" name=\"eael_advanced_search\">\n                    <\/div>\n\t\t\t\t\t                                    <\/form>\n\n\t\t\t\t\n\t\t\t\t        <div class=\"eael-advanced-search-result\">\n            <div class=\"eael-advanced-search-popular-keyword\">\n\t\t\t\t<h4 class=\"eael-advanced-search-popular-keyword-text\">Recherches populaires<\/h4>                <div class=\"eael-popular-keyword-content\"><\/div>\n            <\/div>\n            <div class=\"eael-advanced-search-category\">\n\t\t\t\t<h4 class=\"eael-advanced-search-category-text\">Categories<\/h4>                <div class=\"eael-popular-category-content\"><\/div>\n            <\/div>\n\t\t\t<div class=\"eael-advanced-search-total-results-section\">\n\t\t\t\t\t\t\t<\/div>\n            <div class=\"eael-advanced-search-content eael-item-style-3\">\n            <\/div>\n            <div class=\"eael-advanced-search-not-found\">\n                <p>Pas de r\u00e9sultats<\/p><\/div>\n            <div class=\"eael-advanced-search-load-more\">\n\t\t\t\t<a \tclass=\"eael-advanced-search-load-more-button\"\n                \thref=\"#\">Voir tous les r\u00e9sultats<\/a>\n            <\/div>\n        <\/div>\n\n\t\t            <\/div>\n        <\/div>\n\n\t\t\t\t\t\t<\/div>\n\t\t\t\t\t<\/div>\n\t\t\t\t<\/div>\n\t\t<div class=\"elementor-element elementor-element-71624951 e-flex e-con-boxed e-con e-parent\" data-id=\"71624951\" data-element_type=\"container\" data-e-type=\"container\">\n\t\t\t\t\t<div class=\"e-con-inner\">\n\t\t\t\t<div class=\"elementor-element elementor-element-5104df65 elementor-widget elementor-widget-text-editor\" data-id=\"5104df65\" data-element_type=\"widget\" data-e-type=\"widget\" data-widget_type=\"text-editor.default\">\n\t\t\t\t\t\t\t\t\t<h1 style=\"text-align: center;\" data-start=\"40\" data-end=\"159\"><span class=\"relative -mx-px my-[-0.2rem] rounded px-px py-[0.2rem]\" style=\"font-size: 18pt;\">Le <strong data-start=\"3\" data-end=\"20\">Pas-de-Calais<\/strong><\/span><\/h1>\r\n<p data-start=\"40\" data-end=\"159\"><span class=\"relative -mx-px my-[-0.2rem] rounded px-px py-[0.2rem]\">Le <strong data-start=\"3\" data-end=\"20\">Pas-de-Calais<\/strong> est un <a href=\"https:\/\/cparici.com\/departements-francais-carte-de-france\/\">d\u00e9partement<\/a> riche en histoire, en paysages vari\u00e9s et en traditions culinaires.<\/span> <span class=\"relative -mx-px my-[-0.2rem] rounded px-px py-[0.2rem]\">Situ\u00e9 dans la r\u00e9gion des <a href=\"https:\/\/cparici.com\/hauts-de-france\/\">Hauts-de-France<\/a>, il offre aux visiteurs une multitude de sites touristiques, de villes charmantes et de sp\u00e9cialit\u00e9s gastronomiques \u00e0 d\u00e9couvrir.<\/span><\/p>\r\n\r\n<h2 data-start=\"161\" data-end=\"220\"><span style=\"font-size: 18pt;\">Sites touristiques incontournables dans le Pas-de-Calais<\/span><\/h2>\r\n<p data-start=\"222\" data-end=\"372\"><span class=\"relative -mx-px my-[-0.2rem] rounded px-px py-[0.2rem]\">Le Pas-de-Calais regorge de sites touristiques qui t\u00e9moignent de son riche patrimoine culturel et naturel.<\/span> Voici une s\u00e9lection des lieux \u00e0 ne pas manquer lors de votre visite.\u200b<\/p>\r\n\r\n<h3 data-start=\"374\" data-end=\"399\">Le site des Deux-Caps<\/h3>\r\n<p data-start=\"401\" data-end=\"558\"><span class=\"relative -mx-px my-[-0.2rem] rounded px-px py-[0.2rem]\">Class\u00e9 Grand Site de France, le site des Deux-Caps, compos\u00e9 du <strong data-start=\"63\" data-end=\"80\">Cap Blanc-Nez<\/strong> et du <strong data-start=\"87\" data-end=\"103\">Cap Gris-Nez<\/strong>, offre des panoramas \u00e0 couper le souffle sur la Manche et les falaises anglaises par temps clair.<\/span> <span class=\"relative -mx-px my-[-0.2rem] rounded px-px py-[0.2rem]\">Ces falaises de craie et de gr\u00e8s sont id\u00e9ales pour les randonn\u00e9es et l\u2019observation des oiseaux migrateurs.<\/span><\/p>\r\n\r\n<h3 data-start=\"560\" data-end=\"600\">Nausica\u00e1 \u2013 Centre National de la Mer<\/h3>\r\n<p data-start=\"602\" data-end=\"767\"><span class=\"relative -mx-px my-[-0.2rem] rounded px-px py-[0.2rem]\">Situ\u00e9 \u00e0 Boulogne-sur-Mer, <strong data-start=\"26\" data-end=\"38\">Nausica\u00e1<\/strong> est l\u2019un des plus grands aquariums d\u2019Europe.<\/span> <span class=\"relative -mx-px my-[-0.2rem] rounded px-px py-[0.2rem]\">Il propose une immersion fascinante dans le monde marin avec des expositions interactives et des bassins g\u00e9ants abritant une multitude d\u2019esp\u00e8ces aquatiques.<\/span> \u200b<\/p>\r\n\r\n<h3 data-start=\"769\" data-end=\"791\">Les places d\u2019Arras<\/h3>\r\n<p data-start=\"793\" data-end=\"998\"><span class=\"relative -mx-px my-[-0.2rem] rounded px-px py-[0.2rem]\">La ville d\u2019<strong data-start=\"11\" data-end=\"20\">Arras<\/strong> est r\u00e9put\u00e9e pour ses deux places baroques : la <strong data-start=\"68\" data-end=\"87\">Place des H\u00e9ros<\/strong> et la <strong data-start=\"94\" data-end=\"109\">Grand\u2019Place<\/strong>.<\/span> <span class=\"relative -mx-px my-[-0.2rem] rounded px-px py-[0.2rem]\">Entour\u00e9es de maisons aux fa\u00e7ades flamandes, elles constituent un ensemble architectural unique en France.<\/span> <span class=\"relative -mx-px my-[-0.2rem] rounded px-px py-[0.2rem]\">Le beffroi d\u2019Arras, class\u00e9 au patrimoine mondial de l\u2019UNESCO, offre une vue panoramique sur la ville.<\/span> \u200b<\/p>\r\n\r\n<h3 data-start=\"1000\" data-end=\"1018\">Le Louvre-Lens<\/h3>\r\n<p data-start=\"1020\" data-end=\"1185\"><span class=\"relative -mx-px my-[-0.2rem] rounded px-px py-[0.2rem]\">Inaugur\u00e9 en 2012, le <strong data-start=\"21\" data-end=\"36\">Louvre-Lens<\/strong> est une antenne d\u00e9centralis\u00e9e du mus\u00e9e du Louvre.<\/span> <span class=\"relative -mx-px my-[-0.2rem] rounded px-px py-[0.2rem]\">Il pr\u00e9sente des expositions temporaires de renomm\u00e9e internationale et une galerie permanente mettant en valeur des \u0153uvres majeures de l\u2019art occidental.<\/span> \u200b<\/p>\r\n\r\n<h3 data-start=\"1187\" data-end=\"1211\">La Coupole d\u2019Helfaut<\/h3>\r\n<p data-start=\"1213\" data-end=\"1378\"><span class=\"relative -mx-px my-[-0.2rem] rounded px-px py-[0.2rem]\">Ce bunker construit par les Allemands pendant la Seconde Guerre mondiale est aujourd\u2019hui un centre d\u2019histoire et de m\u00e9moire.<\/span> <span class=\"relative -mx-px my-[-0.2rem] rounded px-px py-[0.2rem]\">La <strong data-start=\"3\" data-end=\"24\">Coupole d\u2019Helfaut<\/strong> propose des expositions sur la guerre, la r\u00e9sistance et la conqu\u00eate spatiale.<\/span><\/p>\r\n\r\n<h2 data-start=\"1380\" data-end=\"1418\">Paysages et villes du Pas-de-Calais<\/h2>\r\n<p data-start=\"1420\" data-end=\"1505\"><span class=\"relative -mx-px my-[-0.2rem] rounded px-px py-[0.2rem]\">Le Pas-de-Calais offre une diversit\u00e9 de paysages, des c\u00f4tes sauvages aux plaines verdoyantes, en passant par des villes au riche patrimoine.<\/span>\u200b<\/p>\r\n\r\n<h3 data-start=\"1507\" data-end=\"1526\">La C\u00f4te d\u2019Opale<\/h3>\r\n<p data-start=\"1528\" data-end=\"1693\"><span class=\"relative -mx-px my-[-0.2rem] rounded px-px py-[0.2rem]\">S\u2019\u00e9tendant sur plus de 120 kilom\u00e8tres, la <strong data-start=\"42\" data-end=\"58\">C\u00f4te d\u2019Opale<\/strong> est r\u00e9put\u00e9e pour ses plages de sable fin, ses dunes et ses falaises.<\/span> <span class=\"relative -mx-px my-[-0.2rem] rounded px-px py-[0.2rem]\">Des stations baln\u00e9aires comme <strong data-start=\"30\" data-end=\"56\">Le Touquet-Paris-Plage<\/strong>, surnomm\u00e9e \u201cle jardin de la Manche\u201d, attirent les visiteurs pour leur \u00e9l\u00e9gance et leurs infrastructures de loisirs.<\/span><\/p>\r\n\r\n<h3 data-start=\"1695\" data-end=\"1720\">Les marais audomarois<\/h3>\r\n<p data-start=\"1722\" data-end=\"1887\"><span class=\"relative -mx-px my-[-0.2rem] rounded px-px py-[0.2rem]\">Aux abords de <strong data-start=\"14\" data-end=\"28\">Saint-Omer<\/strong>, les <strong data-start=\"34\" data-end=\"55\">marais audomarois<\/strong> constituent un labyrinthe de canaux et de prairies humides.<\/span> <span class=\"relative -mx-px my-[-0.2rem] rounded px-px py-[0.2rem]\">Ce paysage unique, class\u00e9 r\u00e9serve de biosph\u00e8re par l\u2019UNESCO, se d\u00e9couvre en barque ou \u00e0 pied, offrant une immersion totale dans la nature.<\/span> \u200b<\/p>\r\n\r\n<h3 data-start=\"1889\" data-end=\"1910\">Montreuil-sur-Mer<\/h3>\r\n<p data-start=\"1912\" data-end=\"2117\"><span class=\"relative -mx-px my-[-0.2rem] rounded px-px py-[0.2rem]\">Cette petite ville fortifi\u00e9e est perch\u00e9e sur une colline et entour\u00e9e de remparts bien conserv\u00e9s.<\/span> <span class=\"relative -mx-px my-[-0.2rem] rounded px-px py-[0.2rem]\"><strong data-start=\"0\" data-end=\"21\" data-is-only-node=\"\">Montreuil-sur-Mer<\/strong> s\u00e9duit par ses ruelles pav\u00e9es, ses maisons anciennes et son atmosph\u00e8re paisible.<\/span> <span class=\"relative -mx-px my-[-0.2rem] rounded px-px py-[0.2rem]\">Chaque \u00e9t\u00e9, un spectacle son et lumi\u00e8re retrace l\u2019histoire de la ville.<\/span> \u200b<\/p>\r\n\r\n<h3 data-start=\"2119\" data-end=\"2129\">Calais<\/h3>\r\n<p data-start=\"2131\" data-end=\"2336\"><span class=\"relative -mx-px my-[-0.2rem] rounded px-px py-[0.2rem]\">Ville portuaire tourn\u00e9e vers l\u2019Angleterre, <strong data-start=\"43\" data-end=\"53\">Calais<\/strong> est connue pour sa dentelle et son beffroi.<\/span> <span class=\"relative -mx-px my-[-0.2rem] rounded px-px py-[0.2rem]\">Le <strong data-start=\"3\" data-end=\"41\">Mus\u00e9e de la Dentelle et de la Mode<\/strong> retrace l\u2019histoire de cette industrie qui a fait la renomm\u00e9e de la ville.<\/span> <span class=\"relative -mx-px my-[-0.2rem] rounded px-px py-[0.2rem]\">Le <strong data-start=\"3\" data-end=\"23\">Dragon de Calais<\/strong>, une gigantesque cr\u00e9ature m\u00e9canique, offre des balades insolites sur le front de mer.<\/span><\/p>\r\n\r\n<h3 data-start=\"2338\" data-end=\"2349\">B\u00e9thune<\/h3>\r\n<p data-start=\"2351\" data-end=\"2556\"><span class=\"relative -mx-px my-[-0.2rem] rounded px-px py-[0.2rem]\"><strong data-start=\"0\" data-end=\"11\" data-is-only-node=\"\">B\u00e9thune<\/strong> est une ville au riche pass\u00e9 industriel, marqu\u00e9e par l\u2019exploitation mini\u00e8re.<\/span> <span class=\"relative -mx-px my-[-0.2rem] rounded px-px py-[0.2rem]\">Son beffroi, class\u00e9 au patrimoine mondial de l\u2019UNESCO, domine la Grand\u2019Place bord\u00e9e de maisons aux fa\u00e7ades color\u00e9es.<\/span> <span class=\"relative -mx-px my-[-0.2rem] rounded px-px py-[0.2rem]\">Le <strong data-start=\"3\" data-end=\"35\">Mus\u00e9e d\u2019Ethnologie R\u00e9gionale<\/strong> pr\u00e9sente des collections sur l\u2019histoire locale et les traditions populaires.<\/span><\/p>\r\n\r\n<h2 data-start=\"2351\" data-end=\"2556\"><span style=\"font-size: 18pt;\">R\u00e9gions et d\u00e9partements aux alentours du Pas de Calais<\/span><\/h2>\r\n<p data-start=\"0\" data-end=\"270\">Le <strong data-start=\"3\" data-end=\"20\">Pas-de-Calais<\/strong> est un d\u00e9partement situ\u00e9 dans la r\u00e9gion des <strong data-start=\"65\" data-end=\"84\">Hauts-de-France<\/strong>. Il est entour\u00e9 par plusieurs d\u00e9partements et la mer, ce qui lui conf\u00e8re une position strat\u00e9gique et une grande diversit\u00e9 g\u00e9ographique. Voici les d\u00e9partements voisins du Pas-de-Calais :<\/p>\r\n\r\n<h3 data-start=\"272\" data-end=\"295\"><strong data-start=\"276\" data-end=\"295\">1. Le Nord (59)<\/strong><\/h3>\r\n<p data-start=\"296\" data-end=\"587\">Situ\u00e9 \u00e0 l\u2019est du Pas-de-Calais, le d\u00e9partement du <a href=\"https:\/\/cparici.com\/nord-departement\/\"><strong data-start=\"346\" data-end=\"354\">Nord<\/strong><\/a> partage une histoire commune avec lui, notamment li\u00e9e \u00e0 l\u2019exploitation mini\u00e8re et \u00e0 l\u2019influence flamande. Lille, capitale des Hauts-de-France, est la ville principale du Nord et se distingue par son dynamisme \u00e9conomique et culturel.<\/p>\r\n\r\n<h3 data-start=\"589\" data-end=\"613\"><strong data-start=\"593\" data-end=\"613\">2. La Somme (80)<\/strong><\/h3>\r\n<p data-start=\"614\" data-end=\"915\">Au sud du Pas-de-Calais, le d\u00e9partement de la <strong data-start=\"660\" data-end=\"669\">Somme<\/strong> est c\u00e9l\u00e8bre pour la <strong data-start=\"690\" data-end=\"707\">Baie de Somme<\/strong>, un site naturel exceptionnel, ainsi que pour ses nombreux sites historiques li\u00e9s \u00e0 la Premi\u00e8re Guerre mondiale. Amiens, pr\u00e9fecture de la Somme, est r\u00e9put\u00e9e pour sa cath\u00e9drale gothique et ses hortillonnages.<\/p>\r\n\r\n<h3 data-start=\"917\" data-end=\"943\"><strong data-start=\"921\" data-end=\"943\">3. La Manche (mer)<\/strong><\/h3>\r\n<p data-start=\"944\" data-end=\"1283\">\u00c0 l\u2019ouest et au nord du Pas-de-Calais, la <a href=\"https:\/\/cparici.com\/la-manche-departement\/\"><strong data-start=\"986\" data-end=\"996\">Manche<\/strong><\/a> borde le d\u00e9partement, lui offrant un large acc\u00e8s maritime avec le <strong data-start=\"1063\" data-end=\"1091\">d\u00e9troit du Pas de Calais<\/strong>. Ce dernier est l\u2019un des passages maritimes les plus fr\u00e9quent\u00e9s au monde et constitue un lien direct avec l\u2019Angleterre, accessible depuis Calais via le <strong data-start=\"1244\" data-end=\"1269\">tunnel sous la Manche<\/strong> ou par ferry.<\/p>\r\n\r\n<h3 data-start=\"1285\" data-end=\"1329\"><strong data-start=\"1289\" data-end=\"1329\">4. La Belgique (fronti\u00e8re indirecte)<\/strong><\/h3>\r\n<p data-start=\"1330\" data-end=\"1628\">Bien que le Pas-de-Calais ne partage pas directement une fronti\u00e8re avec la Belgique, il est tr\u00e8s proche du pays, notamment via la r\u00e9gion des <strong data-start=\"1471\" data-end=\"1494\">Flandres fran\u00e7aises<\/strong> dans le d\u00e9partement du Nord. Bruges, Gand ou encore Bruxelles sont facilement accessibles depuis les grandes villes du Pas-de-Calais.<\/p>\r\n<p data-start=\"1630\" data-end=\"1851\" data-is-last-node=\"\" data-is-only-node=\"\">Cette situation g\u00e9ographique place le Pas-de-Calais au carrefour des \u00e9changes entre la France, l\u2019Angleterre et le nord de l\u2019Europe, tout en b\u00e9n\u00e9ficiant de paysages vari\u00e9s entre c\u00f4tes, plaines et zones urbaines dynamiques.<\/p>\r\n\r\n<h2 data-start=\"0\" data-end=\"54\"><strong data-start=\"4\" data-end=\"54\">Foire Aux Questions (FAQ) sur le Pas de Calais<\/strong><\/h2>\r\n<h4 data-start=\"56\" data-end=\"135\"><strong data-start=\"61\" data-end=\"135\">Quels sont les sites incontournables \u00e0 visiter dans le Pas-de-Calais ?<\/strong><\/h4>\r\n<p data-start=\"136\" data-end=\"477\">Le <strong data-start=\"139\" data-end=\"156\">Pas-de-Calais<\/strong> regorge de sites touristiques \u00e0 ne pas manquer, notamment le <strong data-start=\"218\" data-end=\"235\">Cap Blanc-Nez<\/strong> et le <strong data-start=\"242\" data-end=\"258\">Cap Gris-Nez<\/strong>, class\u00e9s Grand Site de France, l\u2019aquarium <strong data-start=\"301\" data-end=\"313\">Nausica\u00e1<\/strong> \u00e0 Boulogne-sur-Mer, la ville historique d\u2019<strong data-start=\"356\" data-end=\"365\">Arras<\/strong> avec son beffroi class\u00e9 UNESCO, ainsi que le <strong data-start=\"411\" data-end=\"426\">Louvre-Lens<\/strong> qui expose des \u0153uvres majeures du mus\u00e9e du Louvre.<\/p>\r\n\r\n<h4 data-start=\"479\" data-end=\"551\"><strong data-start=\"484\" data-end=\"551\">Quelle est la meilleure p\u00e9riode pour visiter le Pas-de-Calais ?<\/strong><\/h4>\r\n<p data-start=\"552\" data-end=\"835\">Le <strong data-start=\"555\" data-end=\"572\">Pas-de-Calais<\/strong> peut \u00eatre visit\u00e9 toute l\u2019ann\u00e9e, mais la p\u00e9riode id\u00e9ale se situe entre <strong data-start=\"643\" data-end=\"663\">mai et septembre<\/strong>, lorsque le climat est plus doux et propice aux activit\u00e9s en plein air sur la <strong data-start=\"742\" data-end=\"758\">C\u00f4te d\u2019Opale<\/strong>. L\u2019hiver reste int\u00e9ressant pour d\u00e9couvrir les march\u00e9s de No\u00ebl et les mus\u00e9es.<\/p>\r\n\r\n<h4 data-start=\"837\" data-end=\"904\"><strong data-start=\"842\" data-end=\"904\">Quelles sont les sp\u00e9cialit\u00e9s culinaires du Pas-de-Calais ?<\/strong><\/h4>\r\n<p data-start=\"905\" data-end=\"1244\">Le d\u00e9partement est connu pour sa <strong data-start=\"938\" data-end=\"963\">gastronomie g\u00e9n\u00e9reuse<\/strong>, incluant des plats typiques comme le <strong data-start=\"1002\" data-end=\"1019\">Welsh rarebit<\/strong>, la <strong data-start=\"1024\" data-end=\"1046\">carbonade flamande<\/strong>, la <strong data-start=\"1051\" data-end=\"1073\">tarte au maroilles<\/strong>, la <strong data-start=\"1078\" data-end=\"1092\">fricadelle<\/strong>, ainsi que les fruits de mer et poissons de la C\u00f4te d\u2019Opale. Les amateurs de sucr\u00e9 appr\u00e9cieront les <strong data-start=\"1193\" data-end=\"1215\">b\u00eatises de Cambrai<\/strong> et les <strong data-start=\"1223\" data-end=\"1243\">gaufres fourr\u00e9es<\/strong>.<\/p>\r\n\r\n<h4 data-start=\"1246\" data-end=\"1310\"><strong data-start=\"1251\" data-end=\"1310\">O\u00f9 se situent les plus belles plages du Pas-de-Calais ?<\/strong><\/h4>\r\n<p data-start=\"1311\" data-end=\"1582\">Les plus belles plages du <strong data-start=\"1337\" data-end=\"1354\">Pas-de-Calais<\/strong> se trouvent sur la <strong data-start=\"1374\" data-end=\"1390\">C\u00f4te d\u2019Opale<\/strong>. Parmi elles, la plage du <strong data-start=\"1417\" data-end=\"1440\">Touquet-Paris-Plage<\/strong>, la plage de <strong data-start=\"1454\" data-end=\"1465\">Wissant<\/strong>, id\u00e9ale pour les amateurs de kitesurf, et la plage de <strong data-start=\"1520\" data-end=\"1537\">Berck-sur-Mer<\/strong>, r\u00e9put\u00e9e pour son festival de cerfs-volants.<\/p>\r\n\r\n<h4 data-start=\"1584\" data-end=\"1655\"><strong data-start=\"1589\" data-end=\"1655\">Quels sont les \u00e9v\u00e9nements culturels majeurs du Pas-de-Calais ?<\/strong><\/h4>\r\n<p data-start=\"1656\" data-end=\"1912\">Le <strong data-start=\"1659\" data-end=\"1676\">Pas-de-Calais<\/strong> accueille plusieurs \u00e9v\u00e9nements importants, notamment la <strong data-start=\"1733\" data-end=\"1759\">Braderie de Saint-Omer<\/strong>, le <strong data-start=\"1764\" data-end=\"1811\">festival des cerfs-volants de Berck-sur-Mer<\/strong>, les <strong data-start=\"1817\" data-end=\"1855\">f\u00eates du Hareng \u00e0 Boulogne-sur-Mer<\/strong>, et les <strong data-start=\"1864\" data-end=\"1911\">rencontres internationales de cerfs-volants<\/strong>.<\/p>\r\n\r\n<h4 data-start=\"1914\" data-end=\"1991\"><strong data-start=\"1919\" data-end=\"1991\">Quelles activit\u00e9s de plein air peut-on faire dans le Pas-de-Calais ?<\/strong><\/h4>\r\n<p data-start=\"1992\" data-end=\"2253\">Le d\u00e9partement offre un large choix d\u2019activit\u00e9s de plein air : <strong data-start=\"2055\" data-end=\"2069\">randonn\u00e9es<\/strong> sur les falaises des Deux-Caps, <strong data-start=\"2102\" data-end=\"2118\">char \u00e0 voile<\/strong> sur les plages de la C\u00f4te d\u2019Opale, <strong data-start=\"2154\" data-end=\"2163\">kayak<\/strong> dans les marais audomarois, ou encore <strong data-start=\"2202\" data-end=\"2220\">balades \u00e0 v\u00e9lo<\/strong> sur les nombreuses voies vertes.<\/p>\r\n\r\n<h4 data-start=\"2255\" data-end=\"2313\"><strong data-start=\"2260\" data-end=\"2313\">Quelle est la ville principale du Pas-de-Calais ?<\/strong><\/h4>\r\n<p data-start=\"2314\" data-end=\"2541\">Le <strong data-start=\"2317\" data-end=\"2347\">chef-lieu du Pas-de-Calais<\/strong> est <strong data-start=\"2352\" data-end=\"2361\">Arras<\/strong>, c\u00e9l\u00e8bre pour son patrimoine historique, ses places baroques et son march\u00e9 de No\u00ebl. D\u2019autres villes importantes incluent <strong data-start=\"2483\" data-end=\"2493\">Calais<\/strong>, <strong data-start=\"2495\" data-end=\"2515\">Boulogne-sur-Mer<\/strong>, <strong data-start=\"2517\" data-end=\"2525\">Lens<\/strong> et <strong data-start=\"2529\" data-end=\"2540\">B\u00e9thune<\/strong>.<\/p>\r\n\r\n<h4 data-start=\"2543\" data-end=\"2593\"><strong data-start=\"2548\" data-end=\"2593\">Comment se rendre dans le Pas-de-Calais ?<\/strong><\/h4>\r\n<p data-start=\"2594\" data-end=\"2844\">Le <strong data-start=\"2597\" data-end=\"2614\">Pas-de-Calais<\/strong> est accessible en <strong data-start=\"2633\" data-end=\"2642\">train<\/strong> gr\u00e2ce aux lignes TGV desservant <strong data-start=\"2675\" data-end=\"2712\">Arras, Calais et Boulogne-sur-Mer<\/strong>. En voiture, il est reli\u00e9 par l\u2019<strong data-start=\"2745\" data-end=\"2767\">A1, l\u2019A16 et l\u2019A26<\/strong>. Enfin, le tunnel sous la Manche permet un acc\u00e8s rapide depuis l\u2019Angleterre.<\/p>\r\n\r\n<h4 data-start=\"2846\" data-end=\"2906\"><strong data-start=\"2851\" data-end=\"2906\">Y a-t-il des parcs naturels dans le Pas-de-Calais ?<\/strong><\/h4>\r\n<p data-start=\"2907\" data-end=\"3156\">Oui, le <strong data-start=\"2915\" data-end=\"2967\">Parc naturel r\u00e9gional des Caps et Marais d\u2019Opale<\/strong> couvre une grande partie du d\u00e9partement et prot\u00e8ge des paysages vari\u00e9s, entre marais, for\u00eats et falaises. C\u2019est un endroit id\u00e9al pour la randonn\u00e9e et l\u2019observation de la faune et la flore.<\/p>\r\n\r\n<h4 data-start=\"3158\" data-end=\"3222\"><strong data-start=\"3163\" data-end=\"3222\">Pourquoi le Pas-de-Calais est-il connu historiquement ?<\/strong><\/h4>\r\n<p data-start=\"3223\" data-end=\"3546\">Le <strong data-start=\"3226\" data-end=\"3243\">Pas-de-Calais<\/strong> a \u00e9t\u00e9 marqu\u00e9 par de nombreux \u00e9v\u00e9nements historiques, notamment les grandes batailles des <strong data-start=\"3333\" data-end=\"3359\">deux guerres mondiales<\/strong>. Des sites m\u00e9moriels comme <strong data-start=\"3387\" data-end=\"3395\">Vimy<\/strong>, la <strong data-start=\"3400\" data-end=\"3448\">n\u00e9cropole nationale de Notre-Dame-de-Lorette<\/strong> ou encore la <strong data-start=\"3462\" data-end=\"3483\">Coupole d\u2019Helfaut<\/strong> rappellent l\u2019importance de la r\u00e9gion dans l\u2019histoire mondiale.<\/p>\t\t\t\t\t\t\t\t<\/div>\n\t\t\t\t\t<\/div>\n\t\t\t\t<\/div>\n\t\t\t\t<\/div>\n\t\t","protected":false},"excerpt":{"rendered":"<p>Recherches populaires Categories Pas de r\u00e9sultats Voir tous les r\u00e9sultats Le Pas-de-Calais Le Pas-de-Calais est un d\u00e9partement riche en histoire, en paysages vari\u00e9s et en traditions culinaires. Situ\u00e9 dans la r\u00e9gion des Hauts-de-France, il offre aux visiteurs une multitude de sites touristiques, de villes charmantes et de sp\u00e9cialit\u00e9s gastronomiques \u00e0 d\u00e9couvrir. Sites touristiques incontournables dans [&hellip;]<\/p>\n","protected":false},"author":97,"featured_media":58571,"comment_status":"closed","ping_status":"closed","sticky":false,"template":"elementor_header_footer","format":"standard","meta":{"ngg_post_thumbnail":0,"footnotes":""},"categories":[1446,2563,477,1169],"tags":[883],"class_list":["post-58570","post","type-post","status-publish","format-standard","has-post-thumbnail","hentry","category-pas-de-calais-hauts-de-france","category-departement-de-france","category-france","category-hauts-de-france","tag-departement"],"_links":{"self":[{"href":"https:\/\/cparici.com\/fr\/wp-json\/wp\/v2\/posts\/58570","targetHints":{"allow":["GET"]}}],"collection":[{"href":"https:\/\/cparici.com\/fr\/wp-json\/wp\/v2\/posts"}],"about":[{"href":"https:\/\/cparici.com\/fr\/wp-json\/wp\/v2\/types\/post"}],"author":[{"embeddable":true,"href":"https:\/\/cparici.com\/fr\/wp-json\/wp\/v2\/users\/97"}],"replies":[{"embeddable":true,"href":"https:\/\/cparici.com\/fr\/wp-json\/wp\/v2\/comments?post=58570"}],"version-history":[{"count":0,"href":"https:\/\/cparici.com\/fr\/wp-json\/wp\/v2\/posts\/58570\/revisions"}],"wp:featuredmedia":[{"embeddable":true,"href":"https:\/\/cparici.com\/fr\/wp-json\/wp\/v2\/media\/58571"}],"wp:attachment":[{"href":"https:\/\/cparici.com\/fr\/wp-json\/wp\/v2\/media?parent=58570"}],"wp:term":[{"taxonomy":"category","embeddable":true,"href":"https:\/\/cparici.com\/fr\/wp-json\/wp\/v2\/categories?post=58570"},{"taxonomy":"post_tag","embeddable":true,"href":"https:\/\/cparici.com\/fr\/wp-json\/wp\/v2\/tags?post=58570"}],"curies":[{"name":"wp","href":"https:\/\/api.w.org\/{rel}","templated":true}]}}