{"id":58649,"date":"2025-03-03T09:24:44","date_gmt":"2025-03-03T08:24:44","guid":{"rendered":"https:\/\/cparici.com\/?p=58649"},"modified":"2025-03-29T21:34:07","modified_gmt":"2025-03-29T20:34:07","slug":"saone-et-loire","status":"publish","type":"post","link":"https:\/\/cparici.com\/fr\/saone-et-loire\/","title":{"rendered":"Sa\u00f4ne-et-Loire"},"content":{"rendered":"\t\t<div data-elementor-type=\"wp-post\" data-elementor-id=\"58649\" class=\"elementor elementor-58649\" data-elementor-post-type=\"post\">\n\t\t\t\t<div class=\"elementor-element elementor-element-abd85ab e-con-full e-flex e-con e-parent\" data-id=\"abd85ab\" data-element_type=\"container\" data-e-type=\"container\">\n\t\t\t\t<div class=\"elementor-element elementor-element-2cd44e3 elementor-widget elementor-widget-image\" data-id=\"2cd44e3\" data-element_type=\"widget\" data-e-type=\"widget\" data-widget_type=\"image.default\">\n\t\t\t\t\t\t\t\t\t\t\t\t\t\t\t<img decoding=\"async\" width=\"1500\" height=\"530\" src=\"https:\/\/cparici.com\/wp-content\/uploads\/2025\/03\/cparici-2025-03-03T091940.733.jpg\" class=\"attachment-full size-full wp-image-58650\" alt=\"Sa\u00f4ne-et-Loire\" srcset=\"https:\/\/cparici.com\/wp-content\/uploads\/2025\/03\/cparici-2025-03-03T091940.733.jpg 1500w, https:\/\/cparici.com\/wp-content\/uploads\/2025\/03\/cparici-2025-03-03T091940.733-300x106.jpg 300w, https:\/\/cparici.com\/wp-content\/uploads\/2025\/03\/cparici-2025-03-03T091940.733-1024x362.jpg 1024w, https:\/\/cparici.com\/wp-content\/uploads\/2025\/03\/cparici-2025-03-03T091940.733-768x271.jpg 768w, https:\/\/cparici.com\/wp-content\/uploads\/2025\/03\/cparici-2025-03-03T091940.733-18x6.jpg 18w, https:\/\/cparici.com\/wp-content\/uploads\/2025\/03\/cparici-2025-03-03T091940.733-590x208.jpg 590w, https:\/\/cparici.com\/wp-content\/uploads\/2025\/03\/cparici-2025-03-03T091940.733-1200x424.jpg 1200w, https:\/\/cparici.com\/wp-content\/uploads\/2025\/03\/cparici-2025-03-03T091940.733-577x204.jpg 577w, https:\/\/cparici.com\/wp-content\/uploads\/2025\/03\/cparici-2025-03-03T091940.733-600x212.jpg 600w\" sizes=\"(max-width: 1500px) 100vw, 1500px\" \/>\t\t\t\t\t\t\t\t\t\t\t\t\t\t\t<\/div>\n\t\t\t\t<\/div>\n\t\t<div class=\"elementor-element elementor-element-5059e8a e-flex e-con-boxed e-con e-parent\" data-id=\"5059e8a\" data-element_type=\"container\" data-e-type=\"container\">\n\t\t\t\t\t<div class=\"e-con-inner\">\n\t\t\t\t<div class=\"elementor-element elementor-element-e6279b3 elementor-widget elementor-widget-global elementor-global-62046 elementor-widget-eael-advanced-search\" data-id=\"e6279b3\" data-element_type=\"widget\" data-e-type=\"widget\" data-widget_type=\"eael-advanced-search.default\">\n\t\t\t\t\t        <div class=\"eael-adv-search-wrapper\">\n            <div id=\"eael-advanced-search-widget-e6279b3\" class=\"eael-advanced-search-widget\">\n                <form data-settings=\"{&quot;post_per_page&quot;:5,&quot;search_among_taxonomies&quot;:&quot;&quot;,&quot;search_among_sku&quot;:&quot;no&quot;,&quot;show_popular_keyword&quot;:0,&quot;show_category&quot;:0,&quot;show_content_image&quot;:1,&quot;show_search_result_all_results&quot;:0,&quot;result_on_new_tab&quot;:&quot;no&quot;,&quot;show_product_price&quot;:&quot;no&quot;,&quot;include_current_page&quot;:&quot;no&quot;,&quot;current_post_id&quot;:58649,&quot;post_type&quot;:[&quot;post&quot;,&quot;listing&quot;]}\" method=\"POST\" name=\"eael-advanced-search-form-e6279b3\" class=\"eael-advanced-search-form eael-advanced-search-form-style-2\">\n                    <div class=\"eael-advanced-search-wrap\">\n                        <span class=\"eael-adv-search-loader\"><\/span>\n                        <span class=\"eael-adv-search-close\"><i class=\"fas fa-times\"><\/i><\/span>\n                        <span class=\"icon \"><i class=\"fas fa-search\"><\/i><\/span>\n\n                        <input type=\"text\"\n                               placeholder=\"Votre destination\"\n                               class=\"eael-advanced-search\" autocomplete=\"off\" name=\"eael_advanced_search\">\n                    <\/div>\n\t\t\t\t\t                                    <\/form>\n\n\t\t\t\t\n\t\t\t\t        <div class=\"eael-advanced-search-result\">\n            <div class=\"eael-advanced-search-popular-keyword\">\n\t\t\t\t<h4 class=\"eael-advanced-search-popular-keyword-text\">Recherches populaires<\/h4>                <div class=\"eael-popular-keyword-content\"><\/div>\n            <\/div>\n            <div class=\"eael-advanced-search-category\">\n\t\t\t\t<h4 class=\"eael-advanced-search-category-text\">Categories<\/h4>                <div class=\"eael-popular-category-content\"><\/div>\n            <\/div>\n\t\t\t<div class=\"eael-advanced-search-total-results-section\">\n\t\t\t\t\t\t\t<\/div>\n            <div class=\"eael-advanced-search-content eael-item-style-3\">\n            <\/div>\n            <div class=\"eael-advanced-search-not-found\">\n                <p>Pas de r\u00e9sultats<\/p><\/div>\n            <div class=\"eael-advanced-search-load-more\">\n\t\t\t\t<a \tclass=\"eael-advanced-search-load-more-button\"\n                \thref=\"#\">Voir tous les r\u00e9sultats<\/a>\n            <\/div>\n        <\/div>\n\n\t\t            <\/div>\n        <\/div>\n\n\t\t\t\t\t\t<\/div>\n\t\t\t\t\t<\/div>\n\t\t\t\t<\/div>\n\t\t<div class=\"elementor-element elementor-element-2178506b e-flex e-con-boxed e-con e-parent\" data-id=\"2178506b\" data-element_type=\"container\" data-e-type=\"container\">\n\t\t\t\t\t<div class=\"e-con-inner\">\n\t\t\t\t<div class=\"elementor-element elementor-element-6a600480 elementor-widget elementor-widget-text-editor\" data-id=\"6a600480\" data-element_type=\"widget\" data-e-type=\"widget\" data-widget_type=\"text-editor.default\">\n\t\t\t\t\t\t\t\t\t<article class=\"w-full text-token-text-primary focus-visible:outline-2 focus-visible:outline-offset-[-4px]\" dir=\"auto\" data-testid=\"conversation-turn-3\" data-scroll-anchor=\"false\">\r\n<div class=\"m-auto text-base py-[18px] px-6\">\r\n<div class=\"mx-auto flex flex-1 text-base gap-4 md:gap-5 lg:gap-6 md:max-w-3xl lg:max-w-[40rem] xl:max-w-[48rem]\">\r\n<div class=\"group\/conversation-turn relative flex w-full min-w-0 flex-col agent-turn @xs\/thread:px-0 @sm\/thread:px-1.5 @md\/thread:px-4\">\r\n<div class=\"flex-col gap-1 md:gap-3\">\r\n<div class=\"flex max-w-full flex-col flex-grow\">\r\n<div class=\"min-h-8 text-message relative flex w-full flex-col items-end gap-2 whitespace-normal break-words text-start [.text-message+&]:mt-5\" dir=\"auto\" data-message-author-role=\"assistant\" data-message-id=\"3a670600-d300-4ce6-a62a-82c54c6c681a\" data-message-model-slug=\"gpt-4o\">\r\n<div class=\"flex w-full flex-col gap-1 empty:hidden first:pt-[3px]\">\r\n<div class=\"markdown prose w-full break-words dark:prose-invert light\">\r\n<h1 style=\"text-align: center;\" data-start=\"40\" data-end=\"159\"><span class=\"relative -mx-px my-[-0.2rem] rounded px-px py-[0.2rem]\" style=\"font-size: 18pt;\">La <strong data-start=\"3\" data-end=\"21\">Sa\u00f4ne-et-Loire<\/strong><\/span><\/h1>\r\n<p data-start=\"40\" data-end=\"159\"><span class=\"relative -mx-px my-[-0.2rem] rounded px-px py-[0.2rem]\">La <strong data-start=\"3\" data-end=\"21\">Sa\u00f4ne-et-Loire<\/strong> est un <a href=\"https:\/\/cparici.com\/departements-francais-carte-de-france\/\">d\u00e9partement<\/a> fran\u00e7ais situ\u00e9 dans la r\u00e9gion <a href=\"https:\/\/cparici.com\/bourgogne-franche-comte\/\">Bourgogne-Franche-Comt\u00e9<\/a>, riche en histoire, en paysages vari\u00e9s et en traditions culinaires.<\/span> <span class=\"relative -mx-px my-[-0.2rem] rounded px-px py-[0.2rem]\">Ce territoire offre une multitude de sites touristiques, des villes pittoresques et une gastronomie renomm\u00e9e qui s\u00e9duiront les visiteurs en qu\u00eate d\u2019authenticit\u00e9.<\/span>\u200b<\/p>\r\n\r\n<h2 data-start=\"161\" data-end=\"199\"><span style=\"font-size: 18pt;\">Aper\u00e7u g\u00e9n\u00e9ral de la Sa\u00f4ne-et-Loire<\/span><\/h2>\r\n<p data-start=\"201\" data-end=\"396\"><span class=\"relative -mx-px my-[-0.2rem] rounded px-px py-[0.2rem]\">Le d\u00e9partement de la Sa\u00f4ne-et-Loire, identifi\u00e9 par le num\u00e9ro 71, est le plus peupl\u00e9 de la r\u00e9gion Bourgogne-Franche-Comt\u00e9, avec pr\u00e8s de 552 000 habitants en 2019.<\/span> <span class=\"relative -mx-px my-[-0.2rem] rounded px-px py-[0.2rem]\">Il doit son nom aux deux rivi\u00e8res principales qui le traversent : la Sa\u00f4ne \u00e0 l\u2019est et la Loire \u00e0 l\u2019ouest.<\/span> <span class=\"relative -mx-px my-[-0.2rem] rounded px-px py-[0.2rem]\">Sa pr\u00e9fecture est M\u00e2con, et il compte \u00e9galement quatre sous-pr\u00e9fectures : Autun, Chalon-sur-Sa\u00f4ne, Charolles et Louhans.<\/span> \u200b<\/p>\r\n\r\n<h2 data-start=\"398\" data-end=\"448\"><span style=\"font-size: 18pt;\">Les paysages et les villes de la Sa\u00f4ne-et-Loire<\/span><\/h2>\r\n<p data-start=\"450\" data-end=\"573\"><span class=\"relative -mx-px my-[-0.2rem] rounded px-px py-[0.2rem]\">La Sa\u00f4ne-et-Loire se distingue par une grande diversit\u00e9 de paysages, allant des collines verdoyantes aux plaines fertiles, en passant par des vignobles r\u00e9put\u00e9s.<\/span> <span class=\"relative -mx-px my-[-0.2rem] rounded px-px py-[0.2rem]\">Cette vari\u00e9t\u00e9 offre aux visiteurs des panoramas pittoresques et des opportunit\u00e9s de d\u00e9couvertes culturelles et naturelles.<\/span>\u200b<\/p>\r\n\r\n<h3 data-start=\"575\" data-end=\"601\">Les principales villes<\/h3>\r\n<ul data-start=\"603\" data-end=\"1181\">\r\n \t<li data-start=\"603\" data-end=\"793\">\r\n<p data-start=\"605\" data-end=\"793\"><strong data-start=\"605\" data-end=\"625\">Chalon-sur-Sa\u00f4ne<\/strong> : <span class=\"relative -mx-px my-[-0.2rem] rounded px-px py-[0.2rem]\">Ville la plus peupl\u00e9e du d\u00e9partement, Chalon-sur-Sa\u00f4ne est reconnue pour son riche patrimoine historique et culturel.<\/span> <span class=\"relative -mx-px my-[-0.2rem] rounded px-px py-[0.2rem]\">Elle abrite notamment le Mus\u00e9e Nic\u00e9phore Ni\u00e9pce, d\u00e9di\u00e9 \u00e0 l\u2019inventeur de la photographie, qui conserve une collection exceptionnelle de photographies, dont celle de Marilyn Monroe par Eve Arnold en 1955.<\/span> \u200b<\/p>\r\n<\/li>\r\n \t<li data-start=\"795\" data-end=\"934\">\r\n<p data-start=\"797\" data-end=\"934\"><strong data-start=\"797\" data-end=\"806\">M\u00e2con<\/strong> : <span class=\"relative -mx-px my-[-0.2rem] rounded px-px py-[0.2rem]\">Pr\u00e9fecture du d\u00e9partement, M\u00e2con s\u00e9duit par son architecture color\u00e9e et son ambiance m\u00e9ridionale.<\/span> <span class=\"relative -mx-px my-[-0.2rem] rounded px-px py-[0.2rem]\">Situ\u00e9e sur les rives de la Sa\u00f4ne, la ville est \u00e9galement connue pour ses vins du M\u00e2connais.<\/span>\u200b<\/p>\r\n<\/li>\r\n \t<li data-start=\"936\" data-end=\"1075\">\r\n<p data-start=\"938\" data-end=\"1075\"><strong data-start=\"938\" data-end=\"947\">Autun<\/strong> : <span class=\"relative -mx-px my-[-0.2rem] rounded px-px py-[0.2rem]\">Ville d\u2019art et d\u2019histoire, Autun poss\u00e8de un riche h\u00e9ritage gallo-romain avec des monuments tels que le Temple de Janus et un th\u00e9\u00e2tre antique.<\/span> <span class=\"relative -mx-px my-[-0.2rem] rounded px-px py-[0.2rem]\">Son patrimoine m\u00e9di\u00e9val est \u00e9galement remarquable, notamment avec la cath\u00e9drale Saint-Lazare.<\/span>\u200b<\/p>\r\n<\/li>\r\n \t<li data-start=\"1077\" data-end=\"1181\">\r\n<p data-start=\"1079\" data-end=\"1181\"><strong data-start=\"1079\" data-end=\"1093\">Le Creusot<\/strong> : <span class=\"relative -mx-px my-[-0.2rem] rounded px-px py-[0.2rem]\">Ancienne cit\u00e9 industrielle, Le Creusot est aujourd\u2019hui tourn\u00e9e vers le tourisme avec des sites comme le Parc des Combes, offrant des activit\u00e9s de loisirs pour toute la famille.<\/span>\u200b<\/p>\r\n<\/li>\r\n<\/ul>\r\n<h3 data-start=\"1183\" data-end=\"1212\">Les paysages remarquables<\/h3>\r\n<ul data-start=\"1214\" data-end=\"1717\">\r\n \t<li data-start=\"1214\" data-end=\"1370\">\r\n<p data-start=\"1216\" data-end=\"1370\"><strong data-start=\"1216\" data-end=\"1242\">Le Charolais-Brionnais<\/strong> : <span class=\"relative -mx-px my-[-0.2rem] rounded px-px py-[0.2rem]\">Cette r\u00e9gion est r\u00e9put\u00e9e pour ses paysages de bocage, ses \u00e9levages de bovins charolais et ses \u00e9glises romanes.<\/span> <span class=\"relative -mx-px my-[-0.2rem] rounded px-px py-[0.2rem]\">Les amateurs de nature appr\u00e9cieront les chemins de randonn\u00e9e \u00e0 travers ces paysages pr\u00e9serv\u00e9s.<\/span>\u200b<\/p>\r\n<\/li>\r\n \t<li data-start=\"1372\" data-end=\"1529\">\r\n<p data-start=\"1374\" data-end=\"1529\"><strong data-start=\"1374\" data-end=\"1401\">La Bresse bourguignonne<\/strong> : <span class=\"relative -mx-px my-[-0.2rem] rounded px-px py-[0.2rem]\">\u00c0 l\u2019est du d\u00e9partement, cette plaine fertile est caract\u00e9ris\u00e9e par ses \u00e9tangs et ses fermes typiques.<\/span> <span class=\"relative -mx-px my-[-0.2rem] rounded px-px py-[0.2rem]\">C\u2019est une r\u00e9gion propice \u00e0 l\u2019observation de la faune et \u00e0 la d\u00e9couverte de la gastronomie locale.<\/span>\u200b<\/p>\r\n<\/li>\r\n \t<li data-start=\"1531\" data-end=\"1717\">\r\n<p data-start=\"1533\" data-end=\"1717\"><strong data-start=\"1533\" data-end=\"1549\">Le M\u00e2connais<\/strong> : <span class=\"relative -mx-px my-[-0.2rem] rounded px-px py-[0.2rem]\">Au sud, le M\u00e2connais offre des collines couvertes de vignobles produisant des vins renomm\u00e9s.<\/span> <span class=\"relative -mx-px my-[-0.2rem] rounded px-px py-[0.2rem]\">La Roche de Solutr\u00e9, site embl\u00e9matique, offre un panorama exceptionnel sur la r\u00e9gion.<\/span><\/p>\r\n<\/li>\r\n<\/ul>\r\n<h2 data-start=\"1719\" data-end=\"1760\"><span style=\"font-size: 18pt;\">Les sites touristiques incontournables<\/span><\/h2>\r\n<p data-start=\"1762\" data-end=\"1885\">La Sa\u00f4ne-et-Loire regorge de sites touristiques qui t\u00e9moignent de son riche pass\u00e9 historique et de sa diversit\u00e9 culturelle.<\/p>\r\n\r\n<h3 data-start=\"1887\" data-end=\"1928\">Les ch\u00e2teaux et monuments historiques<\/h3>\r\n<ul data-start=\"1930\" data-end=\"2452\">\r\n \t<li data-start=\"1930\" data-end=\"2083\">\r\n<p data-start=\"1932\" data-end=\"2083\"><strong data-start=\"1932\" data-end=\"1955\">Ch\u00e2teau de Cormatin<\/strong> : <span class=\"relative -mx-px my-[-0.2rem] rounded px-px py-[0.2rem]\">Situ\u00e9 entre Tournus et Cluny, ce ch\u00e2teau du XVII\u1d49 si\u00e8cle est c\u00e9l\u00e8bre pour ses somptueux appartements et ses jardins \u00e0 la fran\u00e7aise.<\/span> \u200b<\/p>\r\n<\/li>\r\n \t<li data-start=\"2085\" data-end=\"2274\">\r\n<p data-start=\"2087\" data-end=\"2274\"><strong data-start=\"2087\" data-end=\"2106\">Abbaye de Cluny<\/strong> : <span class=\"relative -mx-px my-[-0.2rem] rounded px-px py-[0.2rem]\">Fond\u00e9e en 910, l\u2019abbaye de Cluny fut l\u2019un des plus grands centres spirituels de l\u2019Europe m\u00e9di\u00e9vale.<\/span> <span class=\"relative -mx-px my-[-0.2rem] rounded px-px py-[0.2rem]\">Bien que partiellement d\u00e9truite, elle conserve des vestiges impressionnants qui t\u00e9moignent de sa grandeur pass\u00e9e.<\/span> \u200b<\/p>\r\n<\/li>\r\n \t<li data-start=\"2276\" data-end=\"2452\">\r\n<p data-start=\"2278\" data-end=\"2452\"><strong data-start=\"2278\" data-end=\"2324\">Basilique du Sacr\u00e9-C\u0153ur de Paray-le-Monial<\/strong> : <span class=\"relative -mx-px my-[-0.2rem] rounded px-px py-[0.2rem]\">Ce chef-d\u2019\u0153uvre de l\u2019art roman bourguignon est un lieu de p\u00e8lerinage important et un exemple remarquable de l\u2019architecture religieuse de la r\u00e9gion.<\/span> \u200b<\/p>\r\n<\/li>\r\n<\/ul>\r\n<h3 data-start=\"2454\" data-end=\"2476\">Les sites naturels<\/h3>\r\n<ul data-start=\"2478\" data-end=\"2796\">\r\n \t<li data-start=\"2478\" data-end=\"2631\">\r\n<p data-start=\"2480\" data-end=\"2631\"><strong data-start=\"2480\" data-end=\"2503\">La Roche de Solutr\u00e9<\/strong> : <span class=\"relative -mx-px my-[-0.2rem] rounded px-px py-[0.2rem]\">Ce site naturel class\u00e9 offre une vue panoramique sur les vignobles du M\u00e2connais et constitue un lieu de randonn\u00e9e pris\u00e9 des amateurs de nature.<\/span> \u200b<\/p>\r\n<\/li>\r\n \t<li data-start=\"2633\" data-end=\"2796\">\r\n<p data-start=\"2635\" data-end=\"2796\"><strong data-start=\"2635\" data-end=\"2668\">Le Parc des Combes au Creusot<\/strong> : <span class=\"relative -mx-px my-[-0.2rem] rounded px-px py-[0.2rem]\">Ce parc de loisirs propose des attractions pour toute la famille dans un cadre naturel pr\u00e9serv\u00e9.<\/span> \u200b<\/p>\r\n<\/li>\r\n<\/ul>\r\n<h3 data-start=\"2798\" data-end=\"2812\">Les mus\u00e9es<\/h3>\r\n<ul data-start=\"2814\" data-end=\"2989\">\r\n \t<li data-start=\"2814\" data-end=\"2989\"><strong data-start=\"2816\" data-end=\"2861\">Mus\u00e9e Nic\u00e9phore Ni\u00e9pce \u00e0 Chalon-sur-Sa\u00f4ne<\/strong> : <span class=\"relative -mx-px my-[-0.2rem] rounded px-px py-[0.2rem]\">Ce mus\u00e9e retrace l\u2019histoire de la photographie et pr\u00e9sente une collection riche et vari\u00e9e, incluant des \u0153uvres de photographes renomm\u00e9s.<\/span> \u200b<\/li>\r\n<\/ul>\r\n<h2 data-start=\"0\" data-end=\"53\"><span style=\"font-size: 18pt;\"><strong data-start=\"3\" data-end=\"51\">Les d\u00e9partements autour de la Sa\u00f4ne-et-Loire<\/strong><\/span><\/h2>\r\n<p data-start=\"55\" data-end=\"366\">Situ\u00e9e au c\u0153ur de la <strong data-start=\"76\" data-end=\"110\">r\u00e9gion Bourgogne-Franche-Comt\u00e9<\/strong>, la <strong data-start=\"115\" data-end=\"133\">Sa\u00f4ne-et-Loire<\/strong> est entour\u00e9e de plusieurs d\u00e9partements aux identit\u00e9s vari\u00e9es, chacun offrant une richesse culturelle, historique et naturelle unique. Voici un tour d\u2019horizon des d\u00e9partements voisins qui forment un \u00e9crin \u00e0 ce territoire dynamique.<\/p>\r\n\r\n<h3 data-start=\"368\" data-end=\"433\"><strong data-start=\"372\" data-end=\"431\">La C\u00f4te-d\u2019Or (21) : Terre de vignobles et de patrimoine<\/strong><\/h3>\r\n<p data-start=\"434\" data-end=\"962\">Au nord de la <strong data-start=\"448\" data-end=\"466\">Sa\u00f4ne-et-Loire<\/strong>, <a href=\"https:\/\/cparici.com\/cote-dor\/\">la <strong data-start=\"471\" data-end=\"484\">C\u00f4te-d\u2019Or<\/strong><\/a> est un d\u00e9partement embl\u00e9matique de la <strong data-start=\"523\" data-end=\"545\">Bourgogne viticole<\/strong>. Elle abrite la c\u00e9l\u00e8bre <strong data-start=\"570\" data-end=\"595\">Route des Grands Crus<\/strong>, o\u00f9 se trouvent des appellations prestigieuses telles que <strong data-start=\"654\" data-end=\"706\">Gevrey-Chambertin, Nuits-Saint-Georges et Beaune<\/strong>. Dijon, la capitale r\u00e9gionale, est une ville d\u2019art et d\u2019histoire avec son <strong data-start=\"781\" data-end=\"813\">Palais des Ducs de <a href=\"https:\/\/cparici.com\/bourgogne-guide\/\">Bourgogne<\/a><\/strong> et son patrimoine gastronomique, dont la <strong data-start=\"855\" data-end=\"876\">moutarde de Dijon<\/strong>. Ce d\u00e9partement est une destination pris\u00e9e pour les amateurs de vins et de culture.<\/p>\r\n\r\n<h3 data-start=\"964\" data-end=\"1031\"><strong data-start=\"968\" data-end=\"1029\">L\u2019Allier (03) : Un patrimoine thermal et naturel pr\u00e9serv\u00e9<\/strong><\/h3>\r\n<p data-start=\"1032\" data-end=\"1498\">\u00c0 l\u2019ouest, le <strong data-start=\"1046\" data-end=\"1073\">d\u00e9partement de<a href=\"https:\/\/cparici.com\/allier\/\"> l\u2019Allier<\/a><\/strong>, en r\u00e9gion <strong data-start=\"1085\" data-end=\"1109\">Auvergne-Rh\u00f4ne-Alpes<\/strong>, se distingue par ses stations thermales comme <strong data-start=\"1157\" data-end=\"1166\">Vichy<\/strong>, class\u00e9e au patrimoine mondial de l\u2019UNESCO. Son territoire est marqu\u00e9 par une alternance de <strong data-start=\"1259\" data-end=\"1283\">plaines et de for\u00eats<\/strong>, id\u00e9ales pour la randonn\u00e9e et les activit\u00e9s en pleine nature. <strong data-start=\"1346\" data-end=\"1357\">Moulins<\/strong>, la pr\u00e9fecture, est connue pour son <strong data-start=\"1394\" data-end=\"1433\">Centre National du Costume de Sc\u00e8ne<\/strong> et son patrimoine architectural typique de la <strong data-start=\"1480\" data-end=\"1495\">Bourbonnais<\/strong>.<\/p>\r\n\r\n<h3 data-start=\"1500\" data-end=\"1566\"><strong data-start=\"1504\" data-end=\"1564\">Le Jura (39) : Entre montagnes et sp\u00e9cialit\u00e9s fromag\u00e8res<\/strong><\/h3>\r\n<p data-start=\"1567\" data-end=\"2111\">\u00c0 l\u2019est, <a href=\"https:\/\/cparici.com\/jura\/\">le <strong data-start=\"1579\" data-end=\"1587\">Jura<\/strong><\/a> offre un paysage contrast\u00e9 entre <strong data-start=\"1621\" data-end=\"1650\">montagnes, lacs et for\u00eats<\/strong>. Ce d\u00e9partement est c\u00e9l\u00e8bre pour ses <strong data-start=\"1688\" data-end=\"1704\">vins du Jura<\/strong> comme le <strong data-start=\"1714\" data-end=\"1747\">vin jaune et le vin de paille<\/strong>, ainsi que pour son <strong data-start=\"1768\" data-end=\"1802\">fromage embl\u00e9matique, le Comt\u00e9<\/strong>. La ville de <strong data-start=\"1816\" data-end=\"1835\">Lons-le-Saunier<\/strong>, son chef-lieu, est une station thermale r\u00e9put\u00e9e, tandis que les <strong data-start=\"1901\" data-end=\"1925\">Cascades du H\u00e9risson<\/strong> et le <strong data-start=\"1932\" data-end=\"1950\">Lac de Chalain<\/strong> attirent de nombreux amateurs de nature. Le Jura est une destination id\u00e9ale pour les randonn\u00e9es, le ski nordique et la d\u00e9couverte du patrimoine gastronomique.<\/p>\r\n\r\n<h3 data-start=\"2113\" data-end=\"2170\"><strong data-start=\"2117\" data-end=\"2168\">L\u2019Ain (01) : Entre Bresse et montagnes du Bugey<\/strong><\/h3>\r\n<p data-start=\"2171\" data-end=\"2677\">Au sud-est, le <strong data-start=\"2186\" data-end=\"2210\">d\u00e9partement de l\u2019Ain<\/strong> combine <strong data-start=\"2219\" data-end=\"2262\">plaines agricoles et reliefs montagneux<\/strong>. La <strong data-start=\"2267\" data-end=\"2277\">Bresse<\/strong>, connue pour sa <strong data-start=\"2294\" data-end=\"2310\">volaille AOP<\/strong>, est un terroir riche en traditions culinaires. La ville de <strong data-start=\"2371\" data-end=\"2390\">Bourg-en-Bresse<\/strong> est c\u00e9l\u00e8bre pour son <strong data-start=\"2412\" data-end=\"2439\">Monast\u00e8re royal de Brou<\/strong>, un joyau de l\u2019architecture gothique flamboyante. Plus au sud, le <strong data-start=\"2506\" data-end=\"2515\">Bugey<\/strong> offre des paysages vallonn\u00e9s parfaits pour les activit\u00e9s de plein air, tandis que la r\u00e9gion du <strong data-start=\"2611\" data-end=\"2626\">Pays de Gex<\/strong> offre un acc\u00e8s direct aux montagnes du <strong data-start=\"2666\" data-end=\"2674\">Jura<\/strong>.<\/p>\r\n\r\n<h3 data-start=\"2679\" data-end=\"2751\"><strong data-start=\"2683\" data-end=\"2749\">Le Rh\u00f4ne (69) : Entre ville lumi\u00e8re et vignobles du Beaujolais<\/strong><\/h3>\r\n<p data-start=\"2752\" data-end=\"3271\">Au sud, le d\u00e9partement du<a href=\"https:\/\/cparici.com\/le-rhone-departement-a-decouvrir\/\"> <strong data-start=\"2778\" data-end=\"2787\">Rh\u00f4ne<\/strong> <\/a>est surtout connu pour sa m\u00e9tropole, <strong data-start=\"2825\" data-end=\"2833\">Lyon<\/strong>, capitale gastronomique de la France et class\u00e9e au patrimoine mondial de l\u2019UNESCO. Cette ville dynamique est c\u00e9l\u00e8bre pour ses <strong data-start=\"2960\" data-end=\"2981\">bouchons lyonnais<\/strong>, sa <strong data-start=\"2986\" data-end=\"3007\">F\u00eate des Lumi\u00e8res<\/strong> et son riche patrimoine architectural. Au nord de Lyon, les vignobles du <strong data-start=\"3081\" data-end=\"3095\">Beaujolais<\/strong> offrent des paysages magnifiques et des crus renomm\u00e9s tels que <strong data-start=\"3159\" data-end=\"3190\">Morgon, Brouilly et Fleurie<\/strong>. Ce d\u00e9partement allie effervescence urbaine et douceur des paysages viticoles.<\/p>\r\n\r\n<\/div>\r\n<\/div>\r\n<\/div>\r\n<\/div>\r\n<\/div>\r\n<\/div>\r\n<\/div>\r\n<\/div>\r\n<\/article><article class=\"w-full text-token-text-primary focus-visible:outline-2 focus-visible:outline-offset-[-4px]\" dir=\"auto\" data-testid=\"conversation-turn-5\" data-scroll-anchor=\"false\">\r\n<div class=\"m-auto text-base py-[18px] px-6\">\r\n<div class=\"mx-auto flex flex-1 text-base gap-4 md:gap-5 lg:gap-6 md:max-w-3xl lg:max-w-[40rem] xl:max-w-[48rem]\">\r\n<div class=\"group\/conversation-turn relative flex w-full min-w-0 flex-col agent-turn @xs\/thread:px-0 @sm\/thread:px-1.5 @md\/thread:px-4\">\r\n<div class=\"flex-col gap-1 md:gap-3\">\r\n<div class=\"flex max-w-full flex-col flex-grow\">\r\n<div class=\"min-h-8 text-message relative flex w-full flex-col items-end gap-2 whitespace-normal break-words text-start [.text-message+&]:mt-5\" dir=\"auto\" data-message-author-role=\"assistant\" data-message-id=\"f9170503-c226-43eb-8bb6-03760a78cd1f\" data-message-model-slug=\"gpt-4o\">\r\n<div class=\"flex w-full flex-col gap-1 empty:hidden first:pt-[3px]\">\r\n<div class=\"markdown prose w-full break-words dark:prose-invert light\">\r\n<h2 data-start=\"0\" data-end=\"56\"><span style=\"font-size: 18pt;\"><strong data-start=\"3\" data-end=\"54\">Sp\u00e9cialit\u00e9s et gastronomie de la Sa\u00f4ne-et-Loire<\/strong><\/span><\/h2>\r\n<p data-start=\"58\" data-end=\"419\">La <strong data-start=\"61\" data-end=\"79\">Sa\u00f4ne-et-Loire<\/strong>, d\u00e9partement situ\u00e9 en <strong data-start=\"102\" data-end=\"129\">Bourgogne-Franche-Comt\u00e9<\/strong>, est un territoire o\u00f9 la <strong data-start=\"155\" data-end=\"170\">gastronomie<\/strong> occupe une place pr\u00e9pond\u00e9rante. Riche en produits du terroir et en recettes traditionnelles, elle s\u00e9duit les amateurs de bonne ch\u00e8re et les fins gourmets. Voici un tour d\u2019horizon des <strong data-start=\"354\" data-end=\"380\">sp\u00e9cialit\u00e9s culinaires<\/strong> qui font la r\u00e9putation du d\u00e9partement.<\/p>\r\n\r\n<h3 data-start=\"426\" data-end=\"477\"><strong data-start=\"430\" data-end=\"475\">Les viandes et charcuteries embl\u00e9matiques<\/strong><\/h3>\r\n<h4 data-start=\"479\" data-end=\"507\"><strong data-start=\"484\" data-end=\"505\">Le b\u0153uf charolais<\/strong><\/h4>\r\n<p data-start=\"508\" data-end=\"733\">Le <strong data-start=\"511\" data-end=\"529\">b\u0153uf charolais<\/strong>, race bovine prestigieuse originaire de la r\u00e9gion, est une fiert\u00e9 locale. Cette viande tendre et persill\u00e9e est appr\u00e9ci\u00e9e pour sa qualit\u00e9 gustative exceptionnelle. On la retrouve sous plusieurs formes :<\/p>\r\n\r\n<ul data-start=\"734\" data-end=\"859\">\r\n \t<li data-start=\"734\" data-end=\"762\"><strong data-start=\"736\" data-end=\"760\">C\u00f4te de b\u0153uf grill\u00e9e<\/strong><\/li>\r\n \t<li data-start=\"763\" data-end=\"799\"><strong data-start=\"765\" data-end=\"797\">Filet de b\u0153uf au poivre vert<\/strong><\/li>\r\n \t<li data-start=\"800\" data-end=\"830\"><strong data-start=\"802\" data-end=\"828\">Pot-au-feu bourguignon<\/strong><\/li>\r\n \t<li data-start=\"831\" data-end=\"859\"><strong data-start=\"833\" data-end=\"857\">Fondue bourguignonne<\/strong><\/li>\r\n<\/ul>\r\n<h4 data-start=\"861\" data-end=\"890\"><strong data-start=\"866\" data-end=\"888\">Le jambon persill\u00e9<\/strong><\/h4>\r\n<p data-start=\"891\" data-end=\"1157\">Originaire de Bourgogne, le <strong data-start=\"919\" data-end=\"938\">jambon persill\u00e9<\/strong> est un plat typique des repas de f\u00eate. Il s\u2019agit d\u2019un jambon cuit lentement dans un bouillon, puis enrob\u00e9 de <strong data-start=\"1048\" data-end=\"1064\">persil hach\u00e9<\/strong> et pris en gel\u00e9e. On le d\u00e9guste souvent en entr\u00e9e, accompagn\u00e9 d\u2019une bonne moutarde locale.<\/p>\r\n\r\n<h4 data-start=\"1159\" data-end=\"1204\"><strong data-start=\"1164\" data-end=\"1202\">L\u2019andouillette de Chalon-sur-Sa\u00f4ne<\/strong><\/h4>\r\n<p data-start=\"1205\" data-end=\"1445\">Sp\u00e9cialit\u00e9 charcuti\u00e8re de la ville de <strong data-start=\"1243\" data-end=\"1263\">Chalon-sur-Sa\u00f4ne<\/strong>, l\u2019<strong data-start=\"1267\" data-end=\"1283\">andouillette<\/strong> est fabriqu\u00e9e \u00e0 partir de <strong data-start=\"1310\" data-end=\"1329\">fraises de veau<\/strong> ou de <strong data-start=\"1336\" data-end=\"1344\">porc<\/strong> assaisonn\u00e9es. Elle est souvent servie grill\u00e9e et accompagn\u00e9e d\u2019une sauce moutarde ou au vin blanc.<\/p>\r\n\r\n<h4 data-start=\"1447\" data-end=\"1484\"><strong data-start=\"1452\" data-end=\"1482\">Les escargots de Bourgogne<\/strong><\/h4>\r\n<p data-start=\"1485\" data-end=\"1734\">Bien que pr\u00e9sents dans toute la Bourgogne, les <strong data-start=\"1532\" data-end=\"1558\">escargots de Bourgogne<\/strong> sont aussi tr\u00e8s consomm\u00e9s en Sa\u00f4ne-et-Loire. Ces escargots sont pr\u00e9par\u00e9s avec <strong data-start=\"1637\" data-end=\"1673\">du beurre, de l\u2019ail et du persil<\/strong>, puis servis dans leur coquille apr\u00e8s une cuisson au four.<\/p>\r\n\r\n<h3 data-start=\"1741\" data-end=\"1779\"><strong data-start=\"1745\" data-end=\"1777\">Les fromages incontournables<\/strong><\/h3>\r\n<h4 data-start=\"1781\" data-end=\"1825\"><strong data-start=\"1786\" data-end=\"1823\">Le fromage de ch\u00e8vre du M\u00e2connais<\/strong><\/h4>\r\n<p data-start=\"1826\" data-end=\"2085\">Le <strong data-start=\"1829\" data-end=\"1842\">M\u00e2connais<\/strong> est un <strong data-start=\"1850\" data-end=\"1877\">petit fromage de ch\u00e8vre<\/strong> en forme de cylindre, fabriqu\u00e9 avec du <strong data-start=\"1917\" data-end=\"1929\">lait cru<\/strong>. Il se d\u00e9guste aussi bien <strong data-start=\"1956\" data-end=\"1973\">frais que sec<\/strong>, avec une cro\u00fbte l\u00e9g\u00e8rement bleut\u00e9e. Il b\u00e9n\u00e9ficie d\u2019une <strong data-start=\"2030\" data-end=\"2070\">AOP (Appellation d\u2019Origine Prot\u00e9g\u00e9e)<\/strong> depuis 2010.<\/p>\r\n\r\n<h4 data-start=\"2087\" data-end=\"2110\"><strong data-start=\"2092\" data-end=\"2108\">Le Charolais<\/strong><\/h4>\r\n<p data-start=\"2111\" data-end=\"2325\">Plus grand que le M\u00e2connais, le <strong data-start=\"2143\" data-end=\"2156\">Charolais<\/strong> est un fromage de ch\u00e8vre <strong data-start=\"2182\" data-end=\"2204\">au lait cru entier<\/strong>, \u00e0 la p\u00e2te ferme et fondante. Il poss\u00e8de \u00e9galement une <strong data-start=\"2260\" data-end=\"2267\">AOP<\/strong> et se distingue par ses <strong data-start=\"2292\" data-end=\"2322\">notes subtiles de noisette<\/strong>.<\/p>\r\n\r\n<h4 data-start=\"2327\" data-end=\"2360\"><strong data-start=\"2332\" data-end=\"2358\">Le D\u00e9lice de Bourgogne<\/strong><\/h4>\r\n<p data-start=\"2361\" data-end=\"2580\">Ce fromage triple cr\u00e8me, bien que plus largement bourguignon, est tr\u00e8s appr\u00e9ci\u00e9 en <strong data-start=\"2444\" data-end=\"2462\">Sa\u00f4ne-et-Loire<\/strong>. Sa <strong data-start=\"2467\" data-end=\"2488\">texture onctueuse<\/strong> et son <strong data-start=\"2496\" data-end=\"2519\">go\u00fbt doux et beurr\u00e9<\/strong> en font un incontournable des plateaux de fromages locaux.<\/p>\r\n\r\n<h3 data-start=\"2587\" data-end=\"2646\"><strong data-start=\"2591\" data-end=\"2644\">Les plats traditionnels et sp\u00e9cialit\u00e9s culinaires<\/strong><\/h3>\r\n<h4 data-start=\"2648\" data-end=\"2670\"><strong data-start=\"2653\" data-end=\"2668\">La p\u00f4chouse<\/strong><\/h4>\r\n<p data-start=\"2671\" data-end=\"2905\">Originaire des bords de la <strong data-start=\"2698\" data-end=\"2707\">Sa\u00f4ne<\/strong>, la <strong data-start=\"2712\" data-end=\"2724\">p\u00f4chouse<\/strong> est une <strong data-start=\"2733\" data-end=\"2769\">matelote de poissons d\u2019eau douce<\/strong>, cuisin\u00e9e au vin blanc avec de l\u2019ail, des \u00e9chalotes et du laurier. On y trouve g\u00e9n\u00e9ralement du <strong data-start=\"2865\" data-end=\"2902\">brochet, du sandre et de la carpe<\/strong>.<\/p>\r\n\r\n<h4 data-start=\"2907\" data-end=\"2942\"><strong data-start=\"2912\" data-end=\"2940\">La goug\u00e8re bourguignonne<\/strong><\/h4>\r\n<p data-start=\"2943\" data-end=\"3134\">Les <strong data-start=\"2947\" data-end=\"2959\">goug\u00e8res<\/strong> sont des petits choux <strong data-start=\"2982\" data-end=\"2996\">au fromage<\/strong>, souvent au <strong data-start=\"3009\" data-end=\"3034\">Comt\u00e9 ou \u00e0 l\u2019Emmental<\/strong>. Elles sont parfaites \u00e0 l\u2019ap\u00e9ritif et accompagnent merveilleusement un verre de vin de Bourgogne.<\/p>\r\n\r\n<h4 data-start=\"3136\" data-end=\"3166\"><strong data-start=\"3141\" data-end=\"3164\">Le b\u0153uf bourguignon<\/strong><\/h4>\r\n<p data-start=\"3167\" data-end=\"3478\">Bien qu\u2019embl\u00e9matique de toute la Bourgogne, le <strong data-start=\"3214\" data-end=\"3234\">b\u0153uf bourguignon<\/strong> est aussi une sp\u00e9cialit\u00e9 incontournable en <strong data-start=\"3278\" data-end=\"3296\">Sa\u00f4ne-et-Loire<\/strong>. Il s\u2019agit d\u2019un <strong data-start=\"3313\" data-end=\"3331\">rago\u00fbt de b\u0153uf<\/strong> mijot\u00e9 avec du <strong data-start=\"3347\" data-end=\"3406\">vin rouge, des carottes, des oignons et des champignons<\/strong>, souvent servi avec des pommes de terre vapeur ou des p\u00e2tes fra\u00eeches.<\/p>\r\n\r\n<h4 data-start=\"3480\" data-end=\"3511\"><strong data-start=\"3485\" data-end=\"3509\">Les \u0153ufs en meurette<\/strong><\/h4>\r\n<p data-start=\"3512\" data-end=\"3773\">Les <strong data-start=\"3516\" data-end=\"3536\">\u0153ufs en meurette<\/strong> sont une recette traditionnelle o\u00f9 les \u0153ufs poch\u00e9s sont servis avec une <strong data-start=\"3609\" data-end=\"3631\">sauce au vin rouge<\/strong>, des lardons, des champignons et des \u00e9chalotes. Ce plat typique de la Bourgogne est souvent d\u00e9gust\u00e9 avec du <strong data-start=\"3740\" data-end=\"3770\">pain grill\u00e9 frott\u00e9 \u00e0 l\u2019ail<\/strong>.<\/p>\r\n\r\n<h3 data-start=\"3780\" data-end=\"3835\"><strong data-start=\"3784\" data-end=\"3833\">Les douceurs et desserts de la Sa\u00f4ne-et-Loire<\/strong><\/h3>\r\n<h4 data-start=\"3837\" data-end=\"3871\"><strong data-start=\"3842\" data-end=\"3869\">La corniotte de Louhans<\/strong><\/h4>\r\n<p data-start=\"3872\" data-end=\"4038\">La <strong data-start=\"3875\" data-end=\"3888\">corniotte<\/strong> est une petite p\u00e2tisserie typique de <strong data-start=\"3926\" data-end=\"3937\">Louhans<\/strong>, compos\u00e9e d\u2019une p\u00e2te <strong data-start=\"3959\" data-end=\"3971\">brioch\u00e9e<\/strong> garnie de <strong data-start=\"3982\" data-end=\"3999\">fromage blanc<\/strong>, l\u00e9g\u00e8rement sucr\u00e9e et cuite au four.<\/p>\r\n\r\n<h4 data-start=\"4040\" data-end=\"4073\"><strong data-start=\"4045\" data-end=\"4071\">Les nonnettes de Dijon<\/strong><\/h4>\r\n<p data-start=\"4074\" data-end=\"4279\">Bien que plus associ\u00e9es \u00e0 <strong data-start=\"4100\" data-end=\"4109\">Dijon<\/strong>, les <strong data-start=\"4115\" data-end=\"4128\">nonnettes<\/strong> sont aussi tr\u00e8s appr\u00e9ci\u00e9es en <strong data-start=\"4159\" data-end=\"4177\">Sa\u00f4ne-et-Loire<\/strong>. Ces petits g\u00e2teaux moelleux au <strong data-start=\"4210\" data-end=\"4232\">miel et \u00e0 l\u2019orange<\/strong> sont un r\u00e9gal pour les amateurs de douceurs.<\/p>\r\n\r\n<h4 data-start=\"4281\" data-end=\"4317\"><strong data-start=\"4286\" data-end=\"4315\">Le g\u00e2teau de foies blonds<\/strong><\/h4>\r\n<p data-start=\"4318\" data-end=\"4512\">Sp\u00e9cialit\u00e9 locale peu connue, le <strong data-start=\"4351\" data-end=\"4377\">g\u00e2teau de foies blonds<\/strong> est une sorte de <strong data-start=\"4395\" data-end=\"4408\">flan sal\u00e9<\/strong> \u00e0 base de <strong data-start=\"4419\" data-end=\"4459\">foie de volaille, de cr\u00e8me et d\u2019\u0153ufs<\/strong>, servi avec une sauce tomate et parfois du persil.<\/p>\r\n\r\n<h3 data-start=\"4519\" data-end=\"4569\"><strong data-start=\"4523\" data-end=\"4567\">Les vins et alcools de la Sa\u00f4ne-et-Loire<\/strong><\/h3>\r\n<h4 data-start=\"4571\" data-end=\"4603\"><strong data-start=\"4576\" data-end=\"4601\">Les vins du M\u00e2connais<\/strong><\/h4>\r\n<p data-start=\"4604\" data-end=\"4731\">Le <strong data-start=\"4607\" data-end=\"4620\">M\u00e2connais<\/strong>, au sud du d\u00e9partement, produit certains des meilleurs <strong data-start=\"4676\" data-end=\"4691\">vins blancs<\/strong> de Bourgogne. On y trouve notamment :<\/p>\r\n\r\n<ul data-start=\"4732\" data-end=\"4892\">\r\n \t<li data-start=\"4732\" data-end=\"4785\"><strong data-start=\"4734\" data-end=\"4752\">M\u00e2con-Villages<\/strong> : un vin blanc fruit\u00e9 et frais<\/li>\r\n \t<li data-start=\"4786\" data-end=\"4844\"><strong data-start=\"4788\" data-end=\"4806\">Pouilly-Fuiss\u00e9<\/strong> : un blanc prestigieux et structur\u00e9<\/li>\r\n \t<li data-start=\"4845\" data-end=\"4892\"><strong data-start=\"4847\" data-end=\"4862\">Saint-V\u00e9ran<\/strong> : un vin min\u00e9ral et \u00e9l\u00e9gant<\/li>\r\n<\/ul>\r\n<h4 data-start=\"4894\" data-end=\"4936\"><strong data-start=\"4899\" data-end=\"4934\">Les vins de la C\u00f4te Chalonnaise<\/strong><\/h4>\r\n<p data-start=\"4937\" data-end=\"5059\">La <strong data-start=\"4940\" data-end=\"4960\">C\u00f4te Chalonnaise<\/strong> produit des <strong data-start=\"4973\" data-end=\"4998\">vins rouges et blancs<\/strong> de grande qualit\u00e9, avec des appellations renomm\u00e9es comme :<\/p>\r\n\r\n<ul data-start=\"5060\" data-end=\"5199\">\r\n \t<li data-start=\"5060\" data-end=\"5103\"><strong data-start=\"5062\" data-end=\"5071\">Givry<\/strong> : un rouge puissant et fruit\u00e9<\/li>\r\n \t<li data-start=\"5104\" data-end=\"5153\"><strong data-start=\"5106\" data-end=\"5118\">Mercurey<\/strong> : un rouge structur\u00e9 et tannique<\/li>\r\n \t<li data-start=\"5154\" data-end=\"5199\"><strong data-start=\"5156\" data-end=\"5168\">Montagny<\/strong> : un blanc vif et aromatique<\/li>\r\n<\/ul>\r\n<h4 data-start=\"5201\" data-end=\"5235\"><strong data-start=\"5206\" data-end=\"5233\">Le Cr\u00e9mant de Bourgogne<\/strong><\/h4>\r\n<p data-start=\"5236\" data-end=\"5438\">Le <strong data-start=\"5239\" data-end=\"5263\">Cr\u00e9mant de Bourgogne<\/strong>, produit notamment en Sa\u00f4ne-et-Loire, est un vin effervescent \u00e9labor\u00e9 selon la <strong data-start=\"5343\" data-end=\"5369\">m\u00e9thode traditionnelle<\/strong>, similaire au Champagne. Il est id\u00e9al pour les grandes occasions !<\/p>\r\n\r\n<h3 data-start=\"5445\" data-end=\"5465\"><strong data-start=\"5449\" data-end=\"5463\">Conclusion<\/strong><\/h3>\r\n<p data-start=\"5467\" data-end=\"5918\" data-is-last-node=\"\" data-is-only-node=\"\">La <strong data-start=\"5470\" data-end=\"5488\">Sa\u00f4ne-et-Loire<\/strong> est un <a href=\"https:\/\/www.saoneetloire.fr\/\" target=\"_blank\" rel=\"noopener\">v\u00e9ritable <\/a><strong data-start=\"5506\" data-end=\"5531\">paradis gastronomique<\/strong> o\u00f9 les <strong data-start=\"5539\" data-end=\"5638\">produits du terroir, les viandes savoureuses, les fromages de caract\u00e8re et les vins d\u2019exception<\/strong> s\u2019associent pour offrir une cuisine riche et g\u00e9n\u00e9reuse. Que vous soyez amateur de <strong data-start=\"5721\" data-end=\"5784\">viandes de qualit\u00e9, de plats mijot\u00e9s ou de douceurs locales<\/strong>, vous trouverez toujours une sp\u00e9cialit\u00e9 \u00e0 d\u00e9guster dans ce d\u00e9partement o\u00f9 la tradition culinaire est une v\u00e9ritable institution.<\/p>\r\n\r\n<\/div>\r\n<\/div>\r\n<\/div>\r\n<\/div>\r\n<\/div>\r\n<\/div>\r\n<\/div>\r\n<\/div>\r\n<\/article><article class=\"w-full text-token-text-primary focus-visible:outline-2 focus-visible:outline-offset-[-4px]\" dir=\"auto\" data-testid=\"conversation-turn-7\" data-scroll-anchor=\"true\">\r\n<div class=\"m-auto text-base py-[18px] px-6\">\r\n<div class=\"mx-auto flex flex-1 text-base gap-4 md:gap-5 lg:gap-6 md:max-w-3xl lg:max-w-[40rem] xl:max-w-[48rem]\">\r\n<div class=\"group\/conversation-turn relative flex w-full min-w-0 flex-col agent-turn @xs\/thread:px-0 @sm\/thread:px-1.5 @md\/thread:px-4\">\r\n<div class=\"flex-col gap-1 md:gap-3\">\r\n<div class=\"flex max-w-full flex-col flex-grow\">\r\n<div class=\"min-h-8 text-message relative flex w-full flex-col items-end gap-2 whitespace-normal break-words text-start [.text-message+&]:mt-5\" dir=\"auto\" data-message-author-role=\"assistant\" data-message-id=\"6ddabc5f-ccd2-4b46-9267-73043337a629\" data-message-model-slug=\"gpt-4o\">\r\n<div class=\"flex w-full flex-col gap-1 empty:hidden first:pt-[3px]\">\r\n<div class=\"markdown prose w-full break-words dark:prose-invert light\">\r\n<h2 data-start=\"0\" data-end=\"34\"><span style=\"font-size: 18pt;\"><strong data-start=\"3\" data-end=\"32\">FAQ sur la Sa\u00f4ne-et-Loire<\/strong><\/span><\/h2>\r\n<h3 data-start=\"36\" data-end=\"115\"><strong data-start=\"40\" data-end=\"113\">Quels sont les sites touristiques incontournables en Sa\u00f4ne-et-Loire ?<\/strong><\/h3>\r\n<p data-start=\"116\" data-end=\"377\">La <strong data-start=\"119\" data-end=\"137\">Sa\u00f4ne-et-Loire<\/strong> regorge de sites remarquables comme l\u2019<strong data-start=\"176\" data-end=\"195\">Abbaye de Cluny<\/strong>, le <strong data-start=\"200\" data-end=\"223\">Ch\u00e2teau de Cormatin<\/strong>, la <strong data-start=\"228\" data-end=\"248\">Roche de Solutr\u00e9<\/strong>, la <strong data-start=\"253\" data-end=\"299\">Basilique du Sacr\u00e9-C\u0153ur de Paray-le-Monial<\/strong>, ainsi que la ville historique d\u2019<strong data-start=\"333\" data-end=\"342\">Autun<\/strong> avec ses vestiges gallo-romains.<\/p>\r\n\r\n<h3 data-start=\"379\" data-end=\"451\"><strong data-start=\"383\" data-end=\"449\">Quelles sont les sp\u00e9cialit\u00e9s culinaires de la Sa\u00f4ne-et-Loire ?<\/strong><\/h3>\r\n<p data-start=\"452\" data-end=\"708\">Parmi les sp\u00e9cialit\u00e9s locales, on retrouve le <strong data-start=\"498\" data-end=\"516\">b\u0153uf charolais<\/strong>, le <strong data-start=\"521\" data-end=\"540\">jambon persill\u00e9<\/strong>, les <strong data-start=\"546\" data-end=\"572\">escargots de Bourgogne<\/strong>, la <strong data-start=\"577\" data-end=\"589\">p\u00f4chouse<\/strong> (matelote de poissons d\u2019eau douce), les <strong data-start=\"630\" data-end=\"650\">\u0153ufs en meurette<\/strong>, ainsi que les fromages <strong data-start=\"675\" data-end=\"688\">M\u00e2connais<\/strong> et <strong data-start=\"692\" data-end=\"705\">Charolais<\/strong>.<\/p>\r\n\r\n<h3 data-start=\"710\" data-end=\"769\"><strong data-start=\"714\" data-end=\"767\">Quels sont les meilleurs vins de Sa\u00f4ne-et-Loire ?<\/strong><\/h3>\r\n<p data-start=\"770\" data-end=\"1017\">Le d\u00e9partement est r\u00e9put\u00e9 pour ses vins du <strong data-start=\"813\" data-end=\"826\">M\u00e2connais<\/strong> (M\u00e2con-Villages, Pouilly-Fuiss\u00e9, Saint-V\u00e9ran) et de la <strong data-start=\"882\" data-end=\"902\">C\u00f4te Chalonnaise<\/strong> (Givry, Mercurey, Montagny). On y produit \u00e9galement du <strong data-start=\"958\" data-end=\"982\">Cr\u00e9mant de Bourgogne<\/strong>, un vin effervescent de qualit\u00e9.<\/p>\r\n\r\n<h3 data-start=\"1019\" data-end=\"1089\"><strong data-start=\"1023\" data-end=\"1087\">Quelles activit\u00e9s faire en pleine nature en Sa\u00f4ne-et-Loire ?<\/strong><\/h3>\r\n<p data-start=\"1090\" data-end=\"1338\">Les amoureux de la nature peuvent randonner \u00e0 la <strong data-start=\"1139\" data-end=\"1159\">Roche de Solutr\u00e9<\/strong>, explorer le <strong data-start=\"1173\" data-end=\"1208\">Parc naturel r\u00e9gional du Morvan<\/strong>, naviguer sur la <strong data-start=\"1226\" data-end=\"1235\">Sa\u00f4ne<\/strong>, ou encore faire du v\u00e9lo sur la <strong data-start=\"1268\" data-end=\"1282\">Voie Verte<\/strong>, une piste cyclable reliant Chalon-sur-Sa\u00f4ne \u00e0 M\u00e2con.<\/p>\r\n\r\n<h3 data-start=\"1340\" data-end=\"1404\"><strong data-start=\"1344\" data-end=\"1402\">Quelle est la plus grande ville de la Sa\u00f4ne-et-Loire ?<\/strong><\/h3>\r\n<p data-start=\"1405\" data-end=\"1545\">La ville la plus peupl\u00e9e est <strong data-start=\"1434\" data-end=\"1454\">Chalon-sur-Sa\u00f4ne<\/strong>, suivie de <strong data-start=\"1466\" data-end=\"1475\">M\u00e2con<\/strong> (la pr\u00e9fecture du d\u00e9partement), puis d\u2019<strong data-start=\"1515\" data-end=\"1524\">Autun<\/strong> et du <strong data-start=\"1531\" data-end=\"1542\">Creusot<\/strong>.<\/p>\r\n\r\n<h3 data-start=\"1547\" data-end=\"1595\"><strong data-start=\"1551\" data-end=\"1593\">Quel est le climat en Sa\u00f4ne-et-Loire ?<\/strong><\/h3>\r\n<p data-start=\"1596\" data-end=\"1800\">La Sa\u00f4ne-et-Loire b\u00e9n\u00e9ficie d\u2019un <strong data-start=\"1629\" data-end=\"1647\">climat temp\u00e9r\u00e9<\/strong> avec des influences continentales. Les \u00e9t\u00e9s sont chauds et les hivers relativement froids, avec des pr\u00e9cipitations r\u00e9guli\u00e8res tout au long de l\u2019ann\u00e9e.<\/p>\r\n\r\n<h3 data-start=\"1802\" data-end=\"1875\"><strong data-start=\"1806\" data-end=\"1873\">Quels sont les \u00e9v\u00e9nements culturels majeurs en Sa\u00f4ne-et-Loire ?<\/strong><\/h3>\r\n<p data-start=\"1876\" data-end=\"2147\">Le d\u00e9partement accueille plusieurs \u00e9v\u00e9nements majeurs, dont le <strong data-start=\"1939\" data-end=\"1973\">Festival de Chalon dans la Rue<\/strong> (arts de la rue), le <strong data-start=\"1995\" data-end=\"2022\">Festival Jazz \u00e0 Couches<\/strong>, les <strong data-start=\"2028\" data-end=\"2055\">Montgolfiades de Chalon<\/strong>, ainsi que les nombreuses f\u00eates viticoles du <strong data-start=\"2101\" data-end=\"2114\">M\u00e2connais<\/strong> et de la <strong data-start=\"2124\" data-end=\"2144\">C\u00f4te Chalonnaise<\/strong>.<\/p>\r\n\r\n<h3 data-start=\"2149\" data-end=\"2217\"><strong data-start=\"2153\" data-end=\"2215\">O\u00f9 peut-on acheter des produits locaux en Sa\u00f4ne-et-Loire ?<\/strong><\/h3>\r\n<p data-start=\"2218\" data-end=\"2448\">Les march\u00e9s de <strong data-start=\"2233\" data-end=\"2244\">Louhans<\/strong>, <strong data-start=\"2246\" data-end=\"2266\">Chalon-sur-Sa\u00f4ne<\/strong> et <strong data-start=\"2270\" data-end=\"2279\">M\u00e2con<\/strong> sont r\u00e9put\u00e9s pour leurs <strong data-start=\"2304\" data-end=\"2327\">produits du terroir<\/strong>. On peut \u00e9galement acheter directement aupr\u00e8s des <strong data-start=\"2378\" data-end=\"2410\">fermes et domaines viticoles<\/strong> pour d\u00e9couvrir les saveurs locales.<\/p>\r\n\r\n<h3 data-start=\"2450\" data-end=\"2531\"><strong data-start=\"2454\" data-end=\"2529\">Quel est le patrimoine historique le plus important de Sa\u00f4ne-et-Loire ?<\/strong><\/h3>\r\n<p data-start=\"2532\" data-end=\"2738\">L\u2019<strong data-start=\"2534\" data-end=\"2553\">Abbaye de Cluny<\/strong>, fond\u00e9e en 910, est l\u2019un des sites les plus embl\u00e9matiques du d\u00e9partement. Elle a \u00e9t\u00e9 un centre majeur du christianisme m\u00e9di\u00e9val et reste aujourd\u2019hui un lieu de visite incontournable.<\/p>\r\n\r\n<h3 data-start=\"2740\" data-end=\"2808\"><strong data-start=\"2744\" data-end=\"2806\">Quels sont les d\u00e9partements voisins de la Sa\u00f4ne-et-Loire ?<\/strong><\/h3>\r\n<p data-start=\"2809\" data-end=\"3051\">La <strong data-start=\"2812\" data-end=\"2830\">Sa\u00f4ne-et-Loire<\/strong> est entour\u00e9e par l\u2019<strong data-start=\"2850\" data-end=\"2860\">Allier<\/strong>, le <strong data-start=\"2865\" data-end=\"2880\">Puy-de-D\u00f4me<\/strong>, la <strong data-start=\"2885\" data-end=\"2895\">Ni\u00e8vre<\/strong>, l\u2019<strong data-start=\"2899\" data-end=\"2908\">Yonne<\/strong>, la <strong data-start=\"2913\" data-end=\"2926\">C\u00f4te-d\u2019Or<\/strong>, le <strong data-start=\"2931\" data-end=\"2939\">Jura<\/strong>, l\u2019<strong data-start=\"2943\" data-end=\"2950\">Ain<\/strong> et le <strong data-start=\"2957\" data-end=\"2966\">Rh\u00f4ne<\/strong>, ce qui en fait un carrefour strat\u00e9gique entre Bourgogne, Auvergne et Rh\u00f4ne-Alpes.<\/p>\r\n\r\n<\/div>\r\n<\/div>\r\n<\/div>\r\n<\/div>\r\n<\/div>\r\n<\/div>\r\n<\/div>\r\n<\/div>\r\n<\/article>\t\t\t\t\t\t\t\t<\/div>\n\t\t\t\t\t<\/div>\n\t\t\t\t<\/div>\n\t\t\t\t<\/div>\n\t\t","protected":false},"excerpt":{"rendered":"<p>Recherches populaires Categories Pas de r\u00e9sultats Voir tous les r\u00e9sultats La Sa\u00f4ne-et-Loire La Sa\u00f4ne-et-Loire est un d\u00e9partement fran\u00e7ais situ\u00e9 dans la r\u00e9gion Bourgogne-Franche-Comt\u00e9, riche en histoire, en paysages vari\u00e9s et en traditions culinaires. Ce territoire offre une multitude de sites touristiques, des villes pittoresques et une gastronomie renomm\u00e9e qui s\u00e9duiront les visiteurs en qu\u00eate d\u2019authenticit\u00e9.\u200b [&hellip;]<\/p>\n","protected":false},"author":97,"featured_media":58650,"comment_status":"closed","ping_status":"closed","sticky":false,"template":"elementor_header_footer","format":"standard","meta":{"ngg_post_thumbnail":0,"footnotes":""},"categories":[2565,1168,2563,477],"tags":[883],"class_list":["post-58649","post","type-post","status-publish","format-standard","has-post-thumbnail","hentry","category-saone-et-loire","category-bourgogne-franche-comte","category-departement-de-france","category-france","tag-departement"],"_links":{"self":[{"href":"https:\/\/cparici.com\/fr\/wp-json\/wp\/v2\/posts\/58649","targetHints":{"allow":["GET"]}}],"collection":[{"href":"https:\/\/cparici.com\/fr\/wp-json\/wp\/v2\/posts"}],"about":[{"href":"https:\/\/cparici.com\/fr\/wp-json\/wp\/v2\/types\/post"}],"author":[{"embeddable":true,"href":"https:\/\/cparici.com\/fr\/wp-json\/wp\/v2\/users\/97"}],"replies":[{"embeddable":true,"href":"https:\/\/cparici.com\/fr\/wp-json\/wp\/v2\/comments?post=58649"}],"version-history":[{"count":0,"href":"https:\/\/cparici.com\/fr\/wp-json\/wp\/v2\/posts\/58649\/revisions"}],"wp:featuredmedia":[{"embeddable":true,"href":"https:\/\/cparici.com\/fr\/wp-json\/wp\/v2\/media\/58650"}],"wp:attachment":[{"href":"https:\/\/cparici.com\/fr\/wp-json\/wp\/v2\/media?parent=58649"}],"wp:term":[{"taxonomy":"category","embeddable":true,"href":"https:\/\/cparici.com\/fr\/wp-json\/wp\/v2\/categories?post=58649"},{"taxonomy":"post_tag","embeddable":true,"href":"https:\/\/cparici.com\/fr\/wp-json\/wp\/v2\/tags?post=58649"}],"curies":[{"name":"wp","href":"https:\/\/api.w.org\/{rel}","templated":true}]}}