{"id":58726,"date":"2025-03-03T20:29:15","date_gmt":"2025-03-03T19:29:15","guid":{"rendered":"https:\/\/cparici.com\/?p=58726"},"modified":"2026-02-19T19:56:33","modified_gmt":"2026-02-19T18:56:33","slug":"gr-34","status":"publish","type":"post","link":"https:\/\/cparici.com\/fr\/gr-34\/","title":{"rendered":"GR 34 : tout sur le Sentier des Douaniers en Bretagne"},"content":{"rendered":"\t\t<div data-elementor-type=\"wp-post\" data-elementor-id=\"58726\" class=\"elementor elementor-58726\" data-elementor-post-type=\"post\">\n\t\t\t\t<div class=\"elementor-element elementor-element-dcc6b99 e-con-full e-flex e-con e-parent\" data-id=\"dcc6b99\" data-element_type=\"container\" data-e-type=\"container\">\n\t\t\t\t<div class=\"elementor-element elementor-element-12eabc2 elementor-widget elementor-widget-image\" data-id=\"12eabc2\" data-element_type=\"widget\" data-e-type=\"widget\" data-widget_type=\"image.default\">\n\t\t\t\t\t\t\t\t\t\t\t\t\t\t\t<img decoding=\"async\" width=\"1500\" height=\"530\" src=\"https:\/\/cparici.com\/wp-content\/uploads\/2025\/03\/cparici-2025-03-03T202154.172.jpg\" class=\"attachment-full size-full wp-image-58730\" alt=\"GR 34\" srcset=\"https:\/\/cparici.com\/wp-content\/uploads\/2025\/03\/cparici-2025-03-03T202154.172.jpg 1500w, https:\/\/cparici.com\/wp-content\/uploads\/2025\/03\/cparici-2025-03-03T202154.172-300x106.jpg 300w, https:\/\/cparici.com\/wp-content\/uploads\/2025\/03\/cparici-2025-03-03T202154.172-1024x362.jpg 1024w, https:\/\/cparici.com\/wp-content\/uploads\/2025\/03\/cparici-2025-03-03T202154.172-768x271.jpg 768w, https:\/\/cparici.com\/wp-content\/uploads\/2025\/03\/cparici-2025-03-03T202154.172-18x6.jpg 18w, https:\/\/cparici.com\/wp-content\/uploads\/2025\/03\/cparici-2025-03-03T202154.172-590x208.jpg 590w, https:\/\/cparici.com\/wp-content\/uploads\/2025\/03\/cparici-2025-03-03T202154.172-1200x424.jpg 1200w, https:\/\/cparici.com\/wp-content\/uploads\/2025\/03\/cparici-2025-03-03T202154.172-577x204.jpg 577w, https:\/\/cparici.com\/wp-content\/uploads\/2025\/03\/cparici-2025-03-03T202154.172-600x212.jpg 600w\" sizes=\"(max-width: 1500px) 100vw, 1500px\" \/>\t\t\t\t\t\t\t\t\t\t\t\t\t\t\t<\/div>\n\t\t\t\t<\/div>\n\t\t<aside class=\"elementor-element elementor-element-48667f3 e-flex e-con-boxed e-con e-parent\" data-id=\"48667f3\" data-element_type=\"container\" data-e-type=\"container\">\n\t\t\t\t\t<div class=\"e-con-inner\">\n\t\t\t\t<div class=\"elementor-element elementor-element-3a971ff elementor-widget elementor-widget-global elementor-global-62046 elementor-widget-eael-advanced-search\" data-id=\"3a971ff\" data-element_type=\"widget\" data-e-type=\"widget\" data-widget_type=\"eael-advanced-search.default\">\n\t\t\t\t\t        <div class=\"eael-adv-search-wrapper\">\n            <div id=\"eael-advanced-search-widget-3a971ff\" class=\"eael-advanced-search-widget\">\n                <form data-settings=\"{&quot;post_per_page&quot;:5,&quot;search_among_taxonomies&quot;:&quot;&quot;,&quot;search_among_sku&quot;:&quot;no&quot;,&quot;show_popular_keyword&quot;:0,&quot;show_category&quot;:0,&quot;show_content_image&quot;:1,&quot;show_search_result_all_results&quot;:0,&quot;result_on_new_tab&quot;:&quot;no&quot;,&quot;show_product_price&quot;:&quot;no&quot;,&quot;include_current_page&quot;:&quot;no&quot;,&quot;current_post_id&quot;:58726,&quot;post_type&quot;:[&quot;post&quot;,&quot;listing&quot;]}\" method=\"POST\" name=\"eael-advanced-search-form-3a971ff\" class=\"eael-advanced-search-form eael-advanced-search-form-style-2\">\n                    <div class=\"eael-advanced-search-wrap\">\n                        <span class=\"eael-adv-search-loader\"><\/span>\n                        <span class=\"eael-adv-search-close\"><i class=\"fas fa-times\"><\/i><\/span>\n                        <span class=\"icon \"><i class=\"fas fa-search\"><\/i><\/span>\n\n                        <input type=\"text\"\n                               placeholder=\"Votre destination\"\n                               class=\"eael-advanced-search\" autocomplete=\"off\" name=\"eael_advanced_search\">\n                    <\/div>\n\t\t\t\t\t                                    <\/form>\n\n\t\t\t\t\n\t\t\t\t        <div class=\"eael-advanced-search-result\">\n            <div class=\"eael-advanced-search-popular-keyword\">\n\t\t\t\t<h4 class=\"eael-advanced-search-popular-keyword-text\">Recherches populaires<\/h4>                <div class=\"eael-popular-keyword-content\"><\/div>\n            <\/div>\n            <div class=\"eael-advanced-search-category\">\n\t\t\t\t<h4 class=\"eael-advanced-search-category-text\">Categories<\/h4>                <div class=\"eael-popular-category-content\"><\/div>\n            <\/div>\n\t\t\t<div class=\"eael-advanced-search-total-results-section\">\n\t\t\t\t\t\t\t<\/div>\n            <div class=\"eael-advanced-search-content eael-item-style-3\">\n            <\/div>\n            <div class=\"eael-advanced-search-not-found\">\n                <p>Pas de r\u00e9sultats<\/p><\/div>\n            <div class=\"eael-advanced-search-load-more\">\n\t\t\t\t<a \tclass=\"eael-advanced-search-load-more-button\"\n                \thref=\"#\">Voir tous les r\u00e9sultats<\/a>\n            <\/div>\n        <\/div>\n\n\t\t            <\/div>\n        <\/div>\n\n\t\t\t\t\t\t<\/div>\n\t\t\t\t\t<\/div>\n\t\t\t\t<\/aside>\n\t\t<div class=\"elementor-element elementor-element-391ab16f e-flex e-con-boxed e-con e-parent\" data-id=\"391ab16f\" data-element_type=\"container\" data-e-type=\"container\">\n\t\t\t\t\t<div class=\"e-con-inner\">\n\t\t\t\t<div class=\"elementor-element elementor-element-b8430a4 elementor-widget elementor-widget-text-editor\" data-id=\"b8430a4\" data-element_type=\"widget\" data-e-type=\"widget\" data-widget_type=\"text-editor.default\">\n\t\t\t\t\t\t\t\t\t<h1 style=\"text-align: center;\" data-start=\"0\" data-end=\"74\">GR 34 : tout sur le Sentier des Douaniers en Bretagne<\/h1><p data-start=\"73\" data-end=\"149\"><span class=\"relative -mx-px my-[-0.2rem] rounded px-px py-[0.2rem] transition-colors duration-100 ease-in-out\">Le <strong data-start=\"3\" data-end=\"12\"><a href=\"https:\/\/cparici.com\/sentiers-de-grande-randonnee-en-france\/\">GR<\/a>\u202f34<\/strong>, aussi surnomm\u00e9 <em data-start=\"29\" data-end=\"52\">sentier des douaniers<\/em>, est un embl\u00e8me de la <a href=\"https:\/\/cparici.com\/visiter-la-bretagne-guide-des-sites-et-villes-a-explorer\/\">Bretagne<\/a> littorale, une invitation \u00e0 la d\u00e9couverte de panoramas maritimes exceptionnels. Il d\u00e9bute \u00e0 proximit\u00e9 du Mont\u2011Saint\u2011Michel (Manche), traverse la r\u00e9gion bretonne en longeant sa c\u00f4te, et s\u2019ach\u00e8ve \u00e0 Saint\u2011Nazaire (Loire\u2011Atlantique)<\/span>.<\/p>\t\t\t\t\t\t\t\t<\/div>\n\t\t\t\t\t<\/div>\n\t\t\t\t<\/div>\n\t\t<aside class=\"elementor-element elementor-element-9a195f6 e-flex e-con-boxed e-con e-parent\" data-id=\"9a195f6\" data-element_type=\"container\" data-e-type=\"container\" data-settings=\"{&quot;background_background&quot;:&quot;classic&quot;}\">\n\t\t\t\t\t<div class=\"e-con-inner\">\n\t\t\t\t<div class=\"elementor-element elementor-element-d956455 elementor-widget elementor-widget-spacer\" data-id=\"d956455\" data-element_type=\"widget\" data-e-type=\"widget\" data-widget_type=\"spacer.default\">\n\t\t\t\t\t\t\t<div class=\"elementor-spacer\">\n\t\t\t<div class=\"elementor-spacer-inner\"><\/div>\n\t\t<\/div>\n\t\t\t\t\t\t<\/div>\n\t\t\t\t<div class=\"elementor-element elementor-element-a92d2ad elementor-widget elementor-widget-heading\" data-id=\"a92d2ad\" data-element_type=\"widget\" data-e-type=\"widget\" data-widget_type=\"heading.default\">\n\t\t\t\t\t<h2 class=\"elementor-heading-title elementor-size-default\">H\u00e9bergements de Vacances Bretagne en direct<\/h2>\t\t\t\t<\/div>\n\t\t\t\t<div class=\"elementor-element elementor-element-773c6d4 elementor-widget elementor-widget-listeo-listings-carousel\" data-id=\"773c6d4\" data-element_type=\"widget\" data-e-type=\"widget\" data-widget_type=\"listeo-listings-carousel.default\">\n\t\t\t\t<div class=\"elementor-widget-container\">\n\t\t\t\t\t        <!-- Carousel \/ Start -->\n        \t<div class=\"simple-slick-carousel dots-nav\" data-slick='{&quot;autoplay&quot;:true,&quot;autoplaySpeed&quot;:3000,&quot;slidesToShow&quot;:3,&quot;slidesToScroll&quot;:1,&quot;responsive&quot;:[{&quot;breakpoint&quot;:1024,&quot;settings&quot;:{&quot;slidesToShow&quot;:2,&quot;slidesToScroll&quot;:1}},{&quot;breakpoint&quot;:768,&quot;settings&quot;:{&quot;slidesToShow&quot;:1,&quot;slidesToScroll&quot;:1}}]}'>\n                            <div class=\"fw-carousel-item\">                    \n                        <!-- Listing Item -->\r\n            <div class=\"col-lg-6 col-md-12\">\r\n                <a href=\"https:\/\/cparici.com\/fr\/annonce\/villa-du-13-10-pers-avec-piscine-concarneau-le-cabellou\/\" class=\"listing-item-container listing-geo-data compact\" data-title=\"Villa du 13, 10 Pers avec piscine Concarneau &#8211; Le Cabellou\" data-listing-type=\"rental\" data-classifieds-price=\"&euro;\" data-friendly-address=\"Le Cabellou, Concarneau\" data-address=\"Le Cabellou, Concarneau\" data-image=\"https:\/\/cparici.com\/wp-content\/uploads\/2025\/12\/piscine-exterieur-520x397.jpg\" data-longitude=\"-3.912996599999999\" data-latitude=\"47.8574682\" data-rating=\"0\" data-reviews=\"0\" data-icon=\"&lt;svg xmlns=&quot;http:\/\/www.w3.org\/2000\/svg&quot; width=&quot;800px&quot; height=&quot;800px&quot; viewBox=&quot;0 0 45 45&quot; fill=&quot;none&quot;&gt;\n&lt;path d=&quot;M24.155 8.78099L24.33 8.94499L37.402 21.787L36 23.213L34.2 21.445L34.201 35C34.201 36.054 33.385 36.918 32.35 36.994L32.201 37H12.201C11.147 37 10.283 36.184 10.206 35.149L10.201 35L10.2 21.446L8.402 23.213L7 21.787L20.058 8.95799C21.171 7.82199 22.966 7.75899 24.155 8.78099ZM21.569 10.285L21.473 10.372L12.2 19.481L12.201 35L17.2 34.999L17.201 25C17.201 23.946 18.017 23.082 19.052 23.005L19.201 23H25.201C26.255 23 27.119 23.816 27.196 24.851L27.201 25L27.2 34.999L32.201 35L32.2 19.48L22.901 10.344C22.537 9.98699 21.969 9.96499 21.569 10.285ZM25.201 25H19.201L19.2 34.999H25.2L25.201 25Z&quot; fill=&quot;#3C3C3C&quot;\/&gt;\n&lt;\/svg&gt;\">\r\n            <div class=\"listing-item  \">\r\n                <div class=\"listing-small-badges-container\">\r\n                                                                <div class=\"listing-small-badge pricing-badge\"><i class=\"fa fa-tag\"><\/i>360,00&euro; - 380,00&euro;<\/div>\r\n                                                            \r\n                                        \r\n                                        \r\n                <\/div>\r\n                <img decoding=\"async\" src=\"https:\/\/cparici.com\/wp-content\/uploads\/2025\/12\/piscine-exterieur-520x397.jpg\" alt=\"Villa du 13, 10 Pers avec piscine Concarneau &#8211; Le Cabellou\" class=\"listing-thumbnail\">\r\n                \r\n\r\n                <div class=\"listing-item-content\">\r\n                    \r\n                    <h3> Villa du 13, 10 Pers avec piscine Concarneau &#8211; Le Cabellou <\/h3>\r\n                    <span>Le Cabellou, Concarneau<\/span>\r\n                <\/div>\r\n                                        <span class=\"save like-icon tooltip left\" title=\"Connexion pour marquer des \u00e9l\u00e9ments\"><\/span>\r\n                                                <\/div>\r\n        <\/a>\r\n                    <\/div>\r\n        \r\n\r\n        <!-- Listing Item \/ End -->\n                    <\/div>\n                                      <div class=\"fw-carousel-item\">                    \n                        <!-- Listing Item -->\r\n            <div class=\"col-lg-6 col-md-12\">\r\n                <a href=\"https:\/\/cparici.com\/fr\/annonce\/villa-lanriec-12-pers-concarneau-proche-plages\/\" class=\"listing-item-container listing-geo-data compact\" data-title=\"Villa Lanriec 12 Pers Concarneau &#8211; proche plages\" data-listing-type=\"rental\" data-classifieds-price=\"&euro;\" data-friendly-address=\"Concarneau, proche plage et centre\" data-address=\"Concarneau, proche plage et centre\" data-image=\"https:\/\/cparici.com\/wp-content\/uploads\/2025\/12\/Jardin-piscine-520x397.jpg\" data-longitude=\"-3.852305\" data-latitude=\"47.878164\" data-rating=\"0\" data-reviews=\"0\" data-icon=\"&lt;svg xmlns=&quot;http:\/\/www.w3.org\/2000\/svg&quot; width=&quot;800px&quot; height=&quot;800px&quot; viewBox=&quot;0 0 45 45&quot; fill=&quot;none&quot;&gt;\n&lt;path d=&quot;M24.155 8.78099L24.33 8.94499L37.402 21.787L36 23.213L34.2 21.445L34.201 35C34.201 36.054 33.385 36.918 32.35 36.994L32.201 37H12.201C11.147 37 10.283 36.184 10.206 35.149L10.201 35L10.2 21.446L8.402 23.213L7 21.787L20.058 8.95799C21.171 7.82199 22.966 7.75899 24.155 8.78099ZM21.569 10.285L21.473 10.372L12.2 19.481L12.201 35L17.2 34.999L17.201 25C17.201 23.946 18.017 23.082 19.052 23.005L19.201 23H25.201C26.255 23 27.119 23.816 27.196 24.851L27.201 25L27.2 34.999L32.201 35L32.2 19.48L22.901 10.344C22.537 9.98699 21.969 9.96499 21.569 10.285ZM25.201 25H19.201L19.2 34.999H25.2L25.201 25Z&quot; fill=&quot;#3C3C3C&quot;\/&gt;\n&lt;\/svg&gt;\">\r\n            <div class=\"listing-item  \">\r\n                <div class=\"listing-small-badges-container\">\r\n                                                                <div class=\"listing-small-badge pricing-badge\"><i class=\"fa fa-tag\"><\/i>440,00&euro; - 410,00&euro;<\/div>\r\n                                                            \r\n                                        \r\n                                        \r\n                <\/div>\r\n                <img decoding=\"async\" src=\"https:\/\/cparici.com\/wp-content\/uploads\/2025\/12\/Jardin-piscine-520x397.jpg\" alt=\"Villa Lanriec 12 Pers Concarneau &#8211; proche plages\" class=\"listing-thumbnail\">\r\n                \r\n\r\n                <div class=\"listing-item-content\">\r\n                    \r\n                    <h3> Villa Lanriec 12 Pers Concarneau &#8211; proche plages <\/h3>\r\n                    <span>Concarneau, proche plage et centre<\/span>\r\n                <\/div>\r\n                                        <span class=\"save like-icon tooltip left\" title=\"Connexion pour marquer des \u00e9l\u00e9ments\"><\/span>\r\n                                                <\/div>\r\n        <\/a>\r\n                    <\/div>\r\n        \r\n\r\n        <!-- Listing Item \/ End -->\n                    <\/div>\n                                      <div class=\"fw-carousel-item\">                    \n                        <!-- Listing Item -->\r\n            <div class=\"col-lg-6 col-md-12\">\r\n                <a href=\"https:\/\/cparici.com\/fr\/annonce\/appartement-le-hublot-4-pers-concarneau\/\" class=\"listing-item-container listing-geo-data compact\" data-title=\"Appartement Le Hublot 4 Pers &#8211; Concarneau\" data-listing-type=\"rental\" data-classifieds-price=\"&euro;\" data-friendly-address=\"Thalasso Concarneau\" data-address=\"Thalasso Concarneau\" data-image=\"https:\/\/cparici.com\/wp-content\/uploads\/2026\/04\/appartement-le-hublot-concarneau-cuisine-520x397.jpg\" data-longitude=\"-3.9297274\" data-latitude=\"47.8804838\" data-rating=\"0\" data-reviews=\"0\" data-icon=\"&lt;svg xmlns=&quot;http:\/\/www.w3.org\/2000\/svg&quot; width=&quot;800px&quot; height=&quot;800px&quot; viewBox=&quot;0 0 45 45&quot; fill=&quot;none&quot;&gt;\n&lt;path d=&quot;M24.155 8.78099L24.33 8.94499L37.402 21.787L36 23.213L34.2 21.445L34.201 35C34.201 36.054 33.385 36.918 32.35 36.994L32.201 37H12.201C11.147 37 10.283 36.184 10.206 35.149L10.201 35L10.2 21.446L8.402 23.213L7 21.787L20.058 8.95799C21.171 7.82199 22.966 7.75899 24.155 8.78099ZM21.569 10.285L21.473 10.372L12.2 19.481L12.201 35L17.2 34.999L17.201 25C17.201 23.946 18.017 23.082 19.052 23.005L19.201 23H25.201C26.255 23 27.119 23.816 27.196 24.851L27.201 25L27.2 34.999L32.201 35L32.2 19.48L22.901 10.344C22.537 9.98699 21.969 9.96499 21.569 10.285ZM25.201 25H19.201L19.2 34.999H25.2L25.201 25Z&quot; fill=&quot;#3C3C3C&quot;\/&gt;\n&lt;\/svg&gt;\">\r\n            <div class=\"listing-item  \">\r\n                <div class=\"listing-small-badges-container\">\r\n                                                                <div class=\"listing-small-badge pricing-badge\"><i class=\"fa fa-tag\"><\/i>120,00&euro; - 0,00&euro;<\/div>\r\n                                                            \r\n                                        \r\n                                        \r\n                <\/div>\r\n                <img decoding=\"async\" src=\"https:\/\/cparici.com\/wp-content\/uploads\/2026\/04\/appartement-le-hublot-concarneau-cuisine-520x397.jpg\" alt=\"Appartement Le Hublot 4 Pers &#8211; Concarneau\" class=\"listing-thumbnail\">\r\n                \r\n\r\n                <div class=\"listing-item-content\">\r\n                    \r\n                    <h3> Appartement Le Hublot 4 Pers &#8211; Concarneau <\/h3>\r\n                    <span>Thalasso Concarneau<\/span>\r\n                <\/div>\r\n                                        <span class=\"save like-icon tooltip left\" title=\"Connexion pour marquer des \u00e9l\u00e9ments\"><\/span>\r\n                                                <\/div>\r\n        <\/a>\r\n                    <\/div>\r\n        \r\n\r\n        <!-- Listing Item \/ End -->\n                    <\/div>\n                                      <div class=\"fw-carousel-item\">                    \n                        <!-- Listing Item -->\r\n            <div class=\"col-lg-6 col-md-12\">\r\n                <a href=\"https:\/\/cparici.com\/fr\/annonce\/maison-de-vacances-ty-roscoff\/\" class=\"listing-item-container listing-geo-data compact\" data-title=\"Maison de vacances Ty Rosc&#8217;OFF\" data-listing-type=\"rental\" data-classifieds-price=\"&euro;\" data-friendly-address=\"Roscoff 400m du centre historique\" data-address=\"Roscoff 400m du centre historique\" data-image=\"https:\/\/cparici.com\/wp-content\/uploads\/2026\/01\/maison-roscoff-520x397.jpeg\" data-longitude=\"-3.971965312957764\" data-latitude=\"48.72219081931061\" data-rating=\"0\" data-reviews=\"0\" data-icon=\"&lt;svg xmlns=&quot;http:\/\/www.w3.org\/2000\/svg&quot; width=&quot;800px&quot; height=&quot;800px&quot; viewBox=&quot;0 0 45 45&quot; fill=&quot;none&quot;&gt;\n&lt;path d=&quot;M24.155 8.78099L24.33 8.94499L37.402 21.787L36 23.213L34.2 21.445L34.201 35C34.201 36.054 33.385 36.918 32.35 36.994L32.201 37H12.201C11.147 37 10.283 36.184 10.206 35.149L10.201 35L10.2 21.446L8.402 23.213L7 21.787L20.058 8.95799C21.171 7.82199 22.966 7.75899 24.155 8.78099ZM21.569 10.285L21.473 10.372L12.2 19.481L12.201 35L17.2 34.999L17.201 25C17.201 23.946 18.017 23.082 19.052 23.005L19.201 23H25.201C26.255 23 27.119 23.816 27.196 24.851L27.201 25L27.2 34.999L32.201 35L32.2 19.48L22.901 10.344C22.537 9.98699 21.969 9.96499 21.569 10.285ZM25.201 25H19.201L19.2 34.999H25.2L25.201 25Z&quot; fill=&quot;#3C3C3C&quot;\/&gt;\n&lt;\/svg&gt;\">\r\n            <div class=\"listing-item  \">\r\n                <div class=\"listing-small-badges-container\">\r\n                                                                <div class=\"listing-small-badge pricing-badge\"><i class=\"fa fa-tag\"><\/i>140,00&euro; - 280,00&euro;<\/div>\r\n                                                            \r\n                                        \r\n                                        \r\n                <\/div>\r\n                <img decoding=\"async\" src=\"https:\/\/cparici.com\/wp-content\/uploads\/2026\/01\/maison-roscoff-520x397.jpeg\" alt=\"Maison de vacances Ty Rosc&#8217;OFF\" class=\"listing-thumbnail\">\r\n                \r\n\r\n                <div class=\"listing-item-content\">\r\n                    \r\n                    <h3> Maison de vacances Ty Rosc&#8217;OFF <\/h3>\r\n                    <span>Roscoff 400m du centre historique<\/span>\r\n                <\/div>\r\n                                        <span class=\"save like-icon tooltip left\" title=\"Connexion pour marquer des \u00e9l\u00e9ments\"><\/span>\r\n                                                <\/div>\r\n        <\/a>\r\n                    <\/div>\r\n        \r\n\r\n        <!-- Listing Item \/ End -->\n                    <\/div>\n                                      <div class=\"fw-carousel-item\">                    \n                        <!-- Listing Item -->\r\n            <div class=\"col-lg-6 col-md-12\">\r\n                <a href=\"https:\/\/cparici.com\/fr\/annonce\/ty-gwenn-maison-vue-mer-a-trelevern-terre-a-tribord-cote-de-granit-rose-bretagne\/\" class=\"listing-item-container listing-geo-data compact\" data-title=\"Ty Gwenn \u2013 Maison vue mer \u00e0 Tr\u00e9l\u00e9vern \u2013 Terre \u00e0 Tribord, C\u00f4te de Granit Rose (Bretagne)\" data-listing-type=\"rental\" data-classifieds-price=\"&euro;\" data-friendly-address=\"16 Le Rhun, Tr\u00e9l\u00e9vern, France\" data-address=\"16 Le Rhun, Tr\u00e9l\u00e9vern, France\" data-image=\"https:\/\/cparici.com\/wp-content\/uploads\/2025\/07\/1-520x397.jpg\" data-longitude=\"-3.3808085\" data-latitude=\"48.81022369999999\" data-rating=\"4.9\" data-reviews=\"18\" data-icon=\"&lt;svg xmlns=&quot;http:\/\/www.w3.org\/2000\/svg&quot; width=&quot;800px&quot; height=&quot;800px&quot; viewBox=&quot;0 0 45 45&quot; fill=&quot;none&quot;&gt;\n&lt;path d=&quot;M24.155 8.78099L24.33 8.94499L37.402 21.787L36 23.213L34.2 21.445L34.201 35C34.201 36.054 33.385 36.918 32.35 36.994L32.201 37H12.201C11.147 37 10.283 36.184 10.206 35.149L10.201 35L10.2 21.446L8.402 23.213L7 21.787L20.058 8.95799C21.171 7.82199 22.966 7.75899 24.155 8.78099ZM21.569 10.285L21.473 10.372L12.2 19.481L12.201 35L17.2 34.999L17.201 25C17.201 23.946 18.017 23.082 19.052 23.005L19.201 23H25.201C26.255 23 27.119 23.816 27.196 24.851L27.201 25L27.2 34.999L32.201 35L32.2 19.48L22.901 10.344C22.537 9.98699 21.969 9.96499 21.569 10.285ZM25.201 25H19.201L19.2 34.999H25.2L25.201 25Z&quot; fill=&quot;#3C3C3C&quot;\/&gt;\n&lt;\/svg&gt;\">\r\n            <div class=\"listing-item  featured-listing\">\r\n                <div class=\"listing-small-badges-container\">\r\n                                            <div class=\"listing-small-badge featured-badge\"><i class=\"fa fa-star\"><\/i> En vedette<\/div>\r\n                                                                <div class=\"listing-small-badge pricing-badge\"><i class=\"fa fa-tag\"><\/i>70,00&euro; - 192,00&euro;<\/div>\r\n                                                            \r\n                                        \r\n                                        \r\n                <\/div>\r\n                <img decoding=\"async\" src=\"https:\/\/cparici.com\/wp-content\/uploads\/2025\/07\/1-520x397.jpg\" alt=\"Ty Gwenn \u2013 Maison vue mer \u00e0 Tr\u00e9l\u00e9vern \u2013 Terre \u00e0 Tribord, C\u00f4te de Granit Rose (Bretagne)\" class=\"listing-thumbnail\">\r\n                \r\n\r\n                <div class=\"listing-item-content\">\r\n                                                <div class=\"numerical-rating\" data-rating=\"4.9\"><\/div>\r\n                    \r\n                    <h3> Ty Gwenn \u2013 Maison vue mer \u00e0 Tr\u00e9l\u00e9vern \u2013 Terre \u00e0 Tribord, C\u00f4te de Granit Rose (Bretagne) <\/h3>\r\n                    <span>16 Le Rhun, Tr\u00e9l\u00e9vern, France<\/span>\r\n                <\/div>\r\n                                        <span class=\"save like-icon tooltip left\" title=\"Connexion pour marquer des \u00e9l\u00e9ments\"><\/span>\r\n                                                <\/div>\r\n        <\/a>\r\n                    <\/div>\r\n        \r\n\r\n        <!-- Listing Item \/ End -->\n                    <\/div>\n                                      <div class=\"fw-carousel-item\">                    \n                        <!-- Listing Item -->\r\n            <div class=\"col-lg-6 col-md-12\">\r\n                <a href=\"https:\/\/cparici.com\/fr\/annonce\/ker-adele-longere-cosy-au-coeur-dun-bois\/\" class=\"listing-item-container listing-geo-data compact\" data-title=\"Ker Ad\u00e8le : long\u00e8re cosy au c\u0153ur d&#8217;un bois\" data-listing-type=\"rental\" data-classifieds-price=\"&euro;\" data-friendly-address=\"2 Kerservant 56160 Plo\u00ebrdut\" data-address=\"2 Kerservant 56160 Plo\u00ebrdut\" data-image=\"https:\/\/cparici.com\/wp-content\/uploads\/2025\/07\/20250522_110930-520x397.jpg\" data-longitude=\"-3.2624159\" data-latitude=\"48.1284891\" data-rating=\"5\" data-reviews=\"21\" data-icon=\"&lt;svg xmlns=&quot;http:\/\/www.w3.org\/2000\/svg&quot; width=&quot;800px&quot; height=&quot;800px&quot; viewBox=&quot;0 0 45 45&quot; fill=&quot;none&quot;&gt;\n&lt;path d=&quot;M24.155 8.78099L24.33 8.94499L37.402 21.787L36 23.213L34.2 21.445L34.201 35C34.201 36.054 33.385 36.918 32.35 36.994L32.201 37H12.201C11.147 37 10.283 36.184 10.206 35.149L10.201 35L10.2 21.446L8.402 23.213L7 21.787L20.058 8.95799C21.171 7.82199 22.966 7.75899 24.155 8.78099ZM21.569 10.285L21.473 10.372L12.2 19.481L12.201 35L17.2 34.999L17.201 25C17.201 23.946 18.017 23.082 19.052 23.005L19.201 23H25.201C26.255 23 27.119 23.816 27.196 24.851L27.201 25L27.2 34.999L32.201 35L32.2 19.48L22.901 10.344C22.537 9.98699 21.969 9.96499 21.569 10.285ZM25.201 25H19.201L19.2 34.999H25.2L25.201 25Z&quot; fill=&quot;#3C3C3C&quot;\/&gt;\n&lt;\/svg&gt;\">\r\n            <div class=\"listing-item  \">\r\n                <div class=\"listing-small-badges-container\">\r\n                                                                <div class=\"listing-small-badge pricing-badge\"><i class=\"fa fa-tag\"><\/i>95,00&euro; - 180,00&euro;<\/div>\r\n                                                            \r\n                                        \r\n                                        \r\n                <\/div>\r\n                <img decoding=\"async\" src=\"https:\/\/cparici.com\/wp-content\/uploads\/2025\/07\/20250522_110930-520x397.jpg\" alt=\"Ker Ad\u00e8le : long\u00e8re cosy au c\u0153ur d&#8217;un bois\" class=\"listing-thumbnail\">\r\n                                        <div class=\"listing-badge now-open\">Ouvert maintenant<\/div>\r\n                        \r\n\r\n                <div class=\"listing-item-content\">\r\n                                                <div class=\"numerical-rating\" data-rating=\"5.0\"><\/div>\r\n                    \r\n                    <h3> Ker Ad\u00e8le : long\u00e8re cosy au c\u0153ur d&#8217;un bois <\/h3>\r\n                    <span>2 Kerservant 56160 Plo\u00ebrdut<\/span>\r\n                <\/div>\r\n                                        <span class=\"save like-icon tooltip left\" title=\"Connexion pour marquer des \u00e9l\u00e9ments\"><\/span>\r\n                                                <\/div>\r\n        <\/a>\r\n                    <\/div>\r\n        \r\n\r\n        <!-- Listing Item \/ End -->\n                    <\/div>\n                                      <div class=\"fw-carousel-item\">                    \n                        <!-- Listing Item -->\r\n            <div class=\"col-lg-6 col-md-12\">\r\n                <a href=\"https:\/\/cparici.com\/fr\/annonce\/evasion-marine-2-4-pers\/\" class=\"listing-item-container listing-geo-data compact\" data-title=\"Evasion Marine, 2-4 pers\" data-listing-type=\"rental\" data-classifieds-price=\"&euro;\" data-friendly-address=\"Les Sables Blancs\" data-address=\"Les Sables Blancs\" data-image=\"https:\/\/cparici.com\/wp-content\/uploads\/2025\/01\/evasion-marine-1-520x397.jpg\" data-longitude=\"-3.930070000000001\" data-latitude=\"47.88204939999999\" data-rating=\"0\" data-reviews=\"0\" data-icon=\"&lt;svg xmlns=&quot;http:\/\/www.w3.org\/2000\/svg&quot; width=&quot;800px&quot; height=&quot;800px&quot; viewBox=&quot;0 0 45 45&quot; fill=&quot;none&quot;&gt;\n&lt;path d=&quot;M24.155 8.78099L24.33 8.94499L37.402 21.787L36 23.213L34.2 21.445L34.201 35C34.201 36.054 33.385 36.918 32.35 36.994L32.201 37H12.201C11.147 37 10.283 36.184 10.206 35.149L10.201 35L10.2 21.446L8.402 23.213L7 21.787L20.058 8.95799C21.171 7.82199 22.966 7.75899 24.155 8.78099ZM21.569 10.285L21.473 10.372L12.2 19.481L12.201 35L17.2 34.999L17.201 25C17.201 23.946 18.017 23.082 19.052 23.005L19.201 23H25.201C26.255 23 27.119 23.816 27.196 24.851L27.201 25L27.2 34.999L32.201 35L32.2 19.48L22.901 10.344C22.537 9.98699 21.969 9.96499 21.569 10.285ZM25.201 25H19.201L19.2 34.999H25.2L25.201 25Z&quot; fill=&quot;#3C3C3C&quot;\/&gt;\n&lt;\/svg&gt;\">\r\n            <div class=\"listing-item  \">\r\n                <div class=\"listing-small-badges-container\">\r\n                                                                <div class=\"listing-small-badge pricing-badge\"><i class=\"fa fa-tag\"><\/i>Commence \u00e0 partir de 85,00&euro;<\/div>\r\n                                                            \r\n                                        \r\n                                        \r\n                <\/div>\r\n                <img decoding=\"async\" src=\"https:\/\/cparici.com\/wp-content\/uploads\/2025\/01\/evasion-marine-1-520x397.jpg\" alt=\"Evasion Marine, 2-4 pers\" class=\"listing-thumbnail\">\r\n                \r\n\r\n                <div class=\"listing-item-content\">\r\n                    \r\n                    <h3> Evasion Marine, 2-4 pers <\/h3>\r\n                    <span>Les Sables Blancs<\/span>\r\n                <\/div>\r\n                                        <span class=\"save like-icon tooltip left\" title=\"Connexion pour marquer des \u00e9l\u00e9ments\"><\/span>\r\n                                                <\/div>\r\n        <\/a>\r\n                    <\/div>\r\n        \r\n\r\n        <!-- Listing Item \/ End -->\n                    <\/div>\n                                      <div class=\"fw-carousel-item\">                    \n                        <!-- Listing Item -->\r\n            <div class=\"col-lg-6 col-md-12\">\r\n                <a href=\"https:\/\/cparici.com\/fr\/annonce\/appartement-le-phare-2-pers\/\" class=\"listing-item-container listing-geo-data compact\" data-title=\"Appartement Le Phare, 2 pers\" data-listing-type=\"rental\" data-classifieds-price=\"&euro;\" data-friendly-address=\"Avenue des Sables Blancs\" data-address=\"Avenue des Sables Blancs\" data-image=\"https:\/\/cparici.com\/wp-content\/uploads\/2025\/01\/DSC1538-520x397.jpg\" data-longitude=\"-3.9297422\" data-latitude=\"47.8785418\" data-rating=\"0\" data-reviews=\"0\" data-icon=\"&lt;svg xmlns=&quot;http:\/\/www.w3.org\/2000\/svg&quot; width=&quot;800px&quot; height=&quot;800px&quot; viewBox=&quot;0 0 45 45&quot; fill=&quot;none&quot;&gt;\n&lt;path d=&quot;M24.155 8.78099L24.33 8.94499L37.402 21.787L36 23.213L34.2 21.445L34.201 35C34.201 36.054 33.385 36.918 32.35 36.994L32.201 37H12.201C11.147 37 10.283 36.184 10.206 35.149L10.201 35L10.2 21.446L8.402 23.213L7 21.787L20.058 8.95799C21.171 7.82199 22.966 7.75899 24.155 8.78099ZM21.569 10.285L21.473 10.372L12.2 19.481L12.201 35L17.2 34.999L17.201 25C17.201 23.946 18.017 23.082 19.052 23.005L19.201 23H25.201C26.255 23 27.119 23.816 27.196 24.851L27.201 25L27.2 34.999L32.201 35L32.2 19.48L22.901 10.344C22.537 9.98699 21.969 9.96499 21.569 10.285ZM25.201 25H19.201L19.2 34.999H25.2L25.201 25Z&quot; fill=&quot;#3C3C3C&quot;\/&gt;\n&lt;\/svg&gt;\">\r\n            <div class=\"listing-item  \">\r\n                <div class=\"listing-small-badges-container\">\r\n                                                                <div class=\"listing-small-badge pricing-badge\"><i class=\"fa fa-tag\"><\/i>110,00&euro; - 0,00&euro;<\/div>\r\n                                                            \r\n                                        \r\n                                        \r\n                <\/div>\r\n                <img decoding=\"async\" src=\"https:\/\/cparici.com\/wp-content\/uploads\/2025\/01\/DSC1538-520x397.jpg\" alt=\"Appartement Le Phare, 2 pers\" class=\"listing-thumbnail\">\r\n                \r\n\r\n                <div class=\"listing-item-content\">\r\n                    \r\n                    <h3> Appartement Le Phare, 2 pers <i class=\"verified-icon\"><\/i><\/h3>\r\n                    <span>Avenue des Sables Blancs<\/span>\r\n                <\/div>\r\n                                        <span class=\"save like-icon tooltip left\" title=\"Connexion pour marquer des \u00e9l\u00e9ments\"><\/span>\r\n                                                <\/div>\r\n        <\/a>\r\n                    <\/div>\r\n        \r\n\r\n        <!-- Listing Item \/ End -->\n                    <\/div>\n                                      <div class=\"fw-carousel-item\">                    \n                        <!-- Listing Item -->\r\n            <div class=\"col-lg-6 col-md-12\">\r\n                <a href=\"https:\/\/cparici.com\/fr\/annonce\/roby-6-pers-2\/\" class=\"listing-item-container listing-geo-data compact\" data-title=\"Roby, 6 Pers\" data-listing-type=\"rental\" data-classifieds-price=\"&euro;\" data-friendly-address=\"Tr\u00e9gunc\" data-address=\"Tr\u00e9gunc\" data-image=\"https:\/\/cparici.com\/wp-content\/uploads\/2025\/01\/Roby-1-520x397.jpg\" data-longitude=\"-3.841297699999999\" data-latitude=\"47.8522621\" data-rating=\"0\" data-reviews=\"0\" data-icon=\"&lt;svg xmlns=&quot;http:\/\/www.w3.org\/2000\/svg&quot; width=&quot;800px&quot; height=&quot;800px&quot; viewBox=&quot;0 0 45 45&quot; fill=&quot;none&quot;&gt;\n&lt;path d=&quot;M24.155 8.78099L24.33 8.94499L37.402 21.787L36 23.213L34.2 21.445L34.201 35C34.201 36.054 33.385 36.918 32.35 36.994L32.201 37H12.201C11.147 37 10.283 36.184 10.206 35.149L10.201 35L10.2 21.446L8.402 23.213L7 21.787L20.058 8.95799C21.171 7.82199 22.966 7.75899 24.155 8.78099ZM21.569 10.285L21.473 10.372L12.2 19.481L12.201 35L17.2 34.999L17.201 25C17.201 23.946 18.017 23.082 19.052 23.005L19.201 23H25.201C26.255 23 27.119 23.816 27.196 24.851L27.201 25L27.2 34.999L32.201 35L32.2 19.48L22.901 10.344C22.537 9.98699 21.969 9.96499 21.569 10.285ZM25.201 25H19.201L19.2 34.999H25.2L25.201 25Z&quot; fill=&quot;#3C3C3C&quot;\/&gt;\n&lt;\/svg&gt;\">\r\n            <div class=\"listing-item  \">\r\n                <div class=\"listing-small-badges-container\">\r\n                                                                <div class=\"listing-small-badge pricing-badge\"><i class=\"fa fa-tag\"><\/i>Commence \u00e0 partir de 150,00&euro;<\/div>\r\n                                                            \r\n                                        \r\n                                        \r\n                <\/div>\r\n                <img decoding=\"async\" src=\"https:\/\/cparici.com\/wp-content\/uploads\/2025\/01\/Roby-1-520x397.jpg\" alt=\"Roby, 6 Pers\" class=\"listing-thumbnail\">\r\n                \r\n\r\n                <div class=\"listing-item-content\">\r\n                    \r\n                    <h3> Roby, 6 Pers <\/h3>\r\n                    <span>Tr\u00e9gunc<\/span>\r\n                <\/div>\r\n                                        <span class=\"save like-icon tooltip left\" title=\"Connexion pour marquer des \u00e9l\u00e9ments\"><\/span>\r\n                                                <\/div>\r\n        <\/a>\r\n                    <\/div>\r\n        \r\n\r\n        <!-- Listing Item \/ End -->\n                    <\/div>\n                                      <div class=\"fw-carousel-item\">                    \n                        <!-- Listing Item -->\r\n            <div class=\"col-lg-6 col-md-12\">\r\n                <a href=\"https:\/\/cparici.com\/fr\/annonce\/lecrin-2-4-pers\/\" class=\"listing-item-container listing-geo-data compact\" data-title=\"L&#8217;Ecrin, 2-4 Pers\" data-listing-type=\"rental\" data-classifieds-price=\"&euro;\" data-friendly-address=\"Hyper-centre, Concarneau\" data-address=\"Hyper-centre, Concarneau\" data-image=\"https:\/\/cparici.com\/wp-content\/uploads\/2025\/01\/ecrin-1-520x397.jpg\" data-longitude=\"-3.9195904\" data-latitude=\"47.872971\" data-rating=\"0\" data-reviews=\"0\" data-icon=\"&lt;svg xmlns=&quot;http:\/\/www.w3.org\/2000\/svg&quot; width=&quot;800px&quot; height=&quot;800px&quot; viewBox=&quot;0 0 45 45&quot; fill=&quot;none&quot;&gt;\n&lt;path d=&quot;M24.155 8.78099L24.33 8.94499L37.402 21.787L36 23.213L34.2 21.445L34.201 35C34.201 36.054 33.385 36.918 32.35 36.994L32.201 37H12.201C11.147 37 10.283 36.184 10.206 35.149L10.201 35L10.2 21.446L8.402 23.213L7 21.787L20.058 8.95799C21.171 7.82199 22.966 7.75899 24.155 8.78099ZM21.569 10.285L21.473 10.372L12.2 19.481L12.201 35L17.2 34.999L17.201 25C17.201 23.946 18.017 23.082 19.052 23.005L19.201 23H25.201C26.255 23 27.119 23.816 27.196 24.851L27.201 25L27.2 34.999L32.201 35L32.2 19.48L22.901 10.344C22.537 9.98699 21.969 9.96499 21.569 10.285ZM25.201 25H19.201L19.2 34.999H25.2L25.201 25Z&quot; fill=&quot;#3C3C3C&quot;\/&gt;\n&lt;\/svg&gt;\">\r\n            <div class=\"listing-item  \">\r\n                <div class=\"listing-small-badges-container\">\r\n                                                                <div class=\"listing-small-badge pricing-badge\"><i class=\"fa fa-tag\"><\/i>Commence \u00e0 partir de 140,00&euro;<\/div>\r\n                                                            \r\n                                        \r\n                                        \r\n                <\/div>\r\n                <img decoding=\"async\" src=\"https:\/\/cparici.com\/wp-content\/uploads\/2025\/01\/ecrin-1-520x397.jpg\" alt=\"L&#8217;Ecrin, 2-4 Pers\" class=\"listing-thumbnail\">\r\n                \r\n\r\n                <div class=\"listing-item-content\">\r\n                    \r\n                    <h3> L&#8217;Ecrin, 2-4 Pers <\/h3>\r\n                    <span>Hyper-centre, Concarneau<\/span>\r\n                <\/div>\r\n                                        <span class=\"save like-icon tooltip left\" title=\"Connexion pour marquer des \u00e9l\u00e9ments\"><\/span>\r\n                                                <\/div>\r\n        <\/a>\r\n                    <\/div>\r\n        \r\n\r\n        <!-- Listing Item \/ End -->\n                    <\/div>\n                                      <div class=\"fw-carousel-item\">                    \n                        <!-- Listing Item -->\r\n            <div class=\"col-lg-6 col-md-12\">\r\n                <a href=\"https:\/\/cparici.com\/fr\/annonce\/ty-kerzont-gite-de-charme-entre-mer-et-campagne-a-15-minutes-de-perros-guirec\/\" class=\"listing-item-container listing-geo-data compact\" data-title=\"TY KERZONT , g\u00eete de charme , entre mer et campagne, \u00e0 15 minutes de Perros-Guirec\" data-listing-type=\"rental\" data-classifieds-price=\"&euro;\" data-friendly-address=\"1 Kerzont, Coatr\u00e9ven\" data-address=\"1 Kerzont, Coatr\u00e9ven\" data-image=\"https:\/\/cparici.com\/wp-content\/uploads\/2026\/01\/Gite-Ty-Kerzont-520x397.jpg\" data-longitude=\"-3.324334\" data-latitude=\"48.764011\" data-rating=\"4.9\" data-reviews=\"29\" data-icon=\"&lt;svg xmlns=&quot;http:\/\/www.w3.org\/2000\/svg&quot; width=&quot;800px&quot; height=&quot;800px&quot; viewBox=&quot;0 0 45 45&quot; fill=&quot;none&quot;&gt;\n&lt;path d=&quot;M24.155 8.78099L24.33 8.94499L37.402 21.787L36 23.213L34.2 21.445L34.201 35C34.201 36.054 33.385 36.918 32.35 36.994L32.201 37H12.201C11.147 37 10.283 36.184 10.206 35.149L10.201 35L10.2 21.446L8.402 23.213L7 21.787L20.058 8.95799C21.171 7.82199 22.966 7.75899 24.155 8.78099ZM21.569 10.285L21.473 10.372L12.2 19.481L12.201 35L17.2 34.999L17.201 25C17.201 23.946 18.017 23.082 19.052 23.005L19.201 23H25.201C26.255 23 27.119 23.816 27.196 24.851L27.201 25L27.2 34.999L32.201 35L32.2 19.48L22.901 10.344C22.537 9.98699 21.969 9.96499 21.569 10.285ZM25.201 25H19.201L19.2 34.999H25.2L25.201 25Z&quot; fill=&quot;#3C3C3C&quot;\/&gt;\n&lt;\/svg&gt;\">\r\n            <div class=\"listing-item  \">\r\n                <div class=\"listing-small-badges-container\">\r\n                                                                <div class=\"listing-small-badge pricing-badge\"><i class=\"fa fa-tag\"><\/i>89,00&euro; - 122,00&euro;<\/div>\r\n                                                            \r\n                                        \r\n                                        \r\n                <\/div>\r\n                <img decoding=\"async\" src=\"https:\/\/cparici.com\/wp-content\/uploads\/2026\/01\/Gite-Ty-Kerzont-520x397.jpg\" alt=\"TY KERZONT , g\u00eete de charme , entre mer et campagne, \u00e0 15 minutes de Perros-Guirec\" class=\"listing-thumbnail\">\r\n                \r\n\r\n                <div class=\"listing-item-content\">\r\n                                                <div class=\"numerical-rating\" data-rating=\"4.9\"><\/div>\r\n                    \r\n                    <h3> TY KERZONT , g\u00eete de charme , entre mer et campagne, \u00e0 15 minutes de Perros-Guirec <\/h3>\r\n                    <span>1 Kerzont, Coatr\u00e9ven<\/span>\r\n                <\/div>\r\n                                        <span class=\"save like-icon tooltip left\" title=\"Connexion pour marquer des \u00e9l\u00e9ments\"><\/span>\r\n                                                <\/div>\r\n        <\/a>\r\n                    <\/div>\r\n        \r\n\r\n        <!-- Listing Item \/ End -->\n                    <\/div>\n                                      <div class=\"fw-carousel-item\">                    \n                        <!-- Listing Item -->\r\n            <div class=\"col-lg-6 col-md-12\">\r\n                <a href=\"https:\/\/cparici.com\/fr\/annonce\/appartement-le-nassau-vue-mer-2-personnes-concarneau\/\" class=\"listing-item-container listing-geo-data compact\" data-title=\"Appartement Le Nassau &#8211; vue mer 2 personnes Concarneau\" data-listing-type=\"rental\" data-classifieds-price=\"&euro;\" data-friendly-address=\"Bd Bougainville, Concarneau\" data-address=\"Bd Bougainville, Concarneau\" data-image=\"https:\/\/cparici.com\/wp-content\/uploads\/2026\/04\/appartement-nassau-concarneau-520x397.jpg\" data-longitude=\"-3.921428087197639\" data-latitude=\"47.86981360330804\" data-rating=\"0\" data-reviews=\"0\" data-icon=\"&lt;svg xmlns=&quot;http:\/\/www.w3.org\/2000\/svg&quot; width=&quot;800px&quot; height=&quot;800px&quot; viewBox=&quot;0 0 45 45&quot; fill=&quot;none&quot;&gt;\n&lt;path d=&quot;M24.155 8.78099L24.33 8.94499L37.402 21.787L36 23.213L34.2 21.445L34.201 35C34.201 36.054 33.385 36.918 32.35 36.994L32.201 37H12.201C11.147 37 10.283 36.184 10.206 35.149L10.201 35L10.2 21.446L8.402 23.213L7 21.787L20.058 8.95799C21.171 7.82199 22.966 7.75899 24.155 8.78099ZM21.569 10.285L21.473 10.372L12.2 19.481L12.201 35L17.2 34.999L17.201 25C17.201 23.946 18.017 23.082 19.052 23.005L19.201 23H25.201C26.255 23 27.119 23.816 27.196 24.851L27.201 25L27.2 34.999L32.201 35L32.2 19.48L22.901 10.344C22.537 9.98699 21.969 9.96499 21.569 10.285ZM25.201 25H19.201L19.2 34.999H25.2L25.201 25Z&quot; fill=&quot;#3C3C3C&quot;\/&gt;\n&lt;\/svg&gt;\">\r\n            <div class=\"listing-item  \">\r\n                <div class=\"listing-small-badges-container\">\r\n                                                                <div class=\"listing-small-badge pricing-badge\"><i class=\"fa fa-tag\"><\/i>80,00&euro; - 0,00&euro;<\/div>\r\n                                                            \r\n                                        \r\n                                        \r\n                <\/div>\r\n                <img decoding=\"async\" src=\"https:\/\/cparici.com\/wp-content\/uploads\/2026\/04\/appartement-nassau-concarneau-520x397.jpg\" alt=\"Appartement Le Nassau &#8211; vue mer 2 personnes Concarneau\" class=\"listing-thumbnail\">\r\n                \r\n\r\n                <div class=\"listing-item-content\">\r\n                    \r\n                    <h3> Appartement Le Nassau &#8211; vue mer 2 personnes Concarneau <\/h3>\r\n                    <span>Bd Bougainville, Concarneau<\/span>\r\n                <\/div>\r\n                                        <span class=\"save like-icon tooltip left\" title=\"Connexion pour marquer des \u00e9l\u00e9ments\"><\/span>\r\n                                                <\/div>\r\n        <\/a>\r\n                    <\/div>\r\n        \r\n\r\n        <!-- Listing Item \/ End -->\n                    <\/div>\n                                      <div class=\"fw-carousel-item\">                    \n                        <!-- Listing Item -->\r\n            <div class=\"col-lg-6 col-md-12\">\r\n                <a href=\"https:\/\/cparici.com\/fr\/annonce\/gite-familial-avec-acces-pmr\/\" class=\"listing-item-container listing-geo-data compact\" data-title=\"G\u00eete Familial avec Acc\u00e8s PMR\" data-listing-type=\"rental\" data-classifieds-price=\"&euro;\" data-friendly-address=\"149 Rte de Pen An Neac&#039;H, 29650 Plou\u00e9gat-Moysan, France\" data-address=\"149 Rte de Pen An Neac&#039;H, 29650 Plou\u00e9gat-Moysan, France\" data-image=\"https:\/\/cparici.com\/wp-content\/uploads\/2025\/07\/le-puits-de-jeanne-152-520x397.jpg\" data-longitude=\"-3.634414672851563\" data-latitude=\"48.56700919526004\" data-rating=\"4.8\" data-reviews=\"621\" data-icon=\"&lt;svg xmlns=&quot;http:\/\/www.w3.org\/2000\/svg&quot; width=&quot;800px&quot; height=&quot;800px&quot; viewBox=&quot;0 0 45 45&quot; fill=&quot;none&quot;&gt;\n&lt;path d=&quot;M24.155 8.78099L24.33 8.94499L37.402 21.787L36 23.213L34.2 21.445L34.201 35C34.201 36.054 33.385 36.918 32.35 36.994L32.201 37H12.201C11.147 37 10.283 36.184 10.206 35.149L10.201 35L10.2 21.446L8.402 23.213L7 21.787L20.058 8.95799C21.171 7.82199 22.966 7.75899 24.155 8.78099ZM21.569 10.285L21.473 10.372L12.2 19.481L12.201 35L17.2 34.999L17.201 25C17.201 23.946 18.017 23.082 19.052 23.005L19.201 23H25.201C26.255 23 27.119 23.816 27.196 24.851L27.201 25L27.2 34.999L32.201 35L32.2 19.48L22.901 10.344C22.537 9.98699 21.969 9.96499 21.569 10.285ZM25.201 25H19.201L19.2 34.999H25.2L25.201 25Z&quot; fill=&quot;#3C3C3C&quot;\/&gt;\n&lt;\/svg&gt;\">\r\n            <div class=\"listing-item  featured-listing\">\r\n                <div class=\"listing-small-badges-container\">\r\n                                            <div class=\"listing-small-badge featured-badge\"><i class=\"fa fa-star\"><\/i> En vedette<\/div>\r\n                                                                <div class=\"listing-small-badge pricing-badge\"><i class=\"fa fa-tag\"><\/i>130,00&euro; - 160,00&euro;<\/div>\r\n                                                            \r\n                                        \r\n                                        \r\n                <\/div>\r\n                <img decoding=\"async\" src=\"https:\/\/cparici.com\/wp-content\/uploads\/2025\/07\/le-puits-de-jeanne-152-520x397.jpg\" alt=\"G\u00eete Familial avec Acc\u00e8s PMR\" class=\"listing-thumbnail\">\r\n                \r\n\r\n                <div class=\"listing-item-content\">\r\n                                                <div class=\"numerical-rating\" data-rating=\"4.8\"><\/div>\r\n                    \r\n                    <h3> G\u00eete Familial avec Acc\u00e8s PMR <i class=\"verified-icon\"><\/i><\/h3>\r\n                    <span>149 Rte de Pen An Neac'H, 29650 Plou\u00e9gat-Moysan, France<\/span>\r\n                <\/div>\r\n                                        <span class=\"save like-icon tooltip left\" title=\"Connexion pour marquer des \u00e9l\u00e9ments\"><\/span>\r\n                                                <\/div>\r\n        <\/a>\r\n                    <\/div>\r\n        \r\n\r\n        <!-- Listing Item \/ End -->\n                    <\/div>\n                                      <div class=\"fw-carousel-item\">                    \n                        <!-- Listing Item -->\r\n            <div class=\"col-lg-6 col-md-12\">\r\n                <a href=\"https:\/\/cparici.com\/fr\/annonce\/la-rose-des-vents-8-pers\/\" class=\"listing-item-container listing-geo-data compact\" data-title=\"La Rose des Vents, 8 Pers\" data-listing-type=\"rental\" data-classifieds-price=\"&euro;\" data-friendly-address=\"Le Rouz\" data-address=\"Le Rouz\" data-image=\"https:\/\/cparici.com\/wp-content\/uploads\/2025\/01\/la-rose-des-vents-2-520x397.jpg\" data-longitude=\"-3.9069835\" data-latitude=\"47.8674861\" data-rating=\"0\" data-reviews=\"0\" data-icon=\"&lt;svg xmlns=&quot;http:\/\/www.w3.org\/2000\/svg&quot; width=&quot;800px&quot; height=&quot;800px&quot; viewBox=&quot;0 0 45 45&quot; fill=&quot;none&quot;&gt;\n&lt;path d=&quot;M24.155 8.78099L24.33 8.94499L37.402 21.787L36 23.213L34.2 21.445L34.201 35C34.201 36.054 33.385 36.918 32.35 36.994L32.201 37H12.201C11.147 37 10.283 36.184 10.206 35.149L10.201 35L10.2 21.446L8.402 23.213L7 21.787L20.058 8.95799C21.171 7.82199 22.966 7.75899 24.155 8.78099ZM21.569 10.285L21.473 10.372L12.2 19.481L12.201 35L17.2 34.999L17.201 25C17.201 23.946 18.017 23.082 19.052 23.005L19.201 23H25.201C26.255 23 27.119 23.816 27.196 24.851L27.201 25L27.2 34.999L32.201 35L32.2 19.48L22.901 10.344C22.537 9.98699 21.969 9.96499 21.569 10.285ZM25.201 25H19.201L19.2 34.999H25.2L25.201 25Z&quot; fill=&quot;#3C3C3C&quot;\/&gt;\n&lt;\/svg&gt;\">\r\n            <div class=\"listing-item  \">\r\n                <div class=\"listing-small-badges-container\">\r\n                                                                <div class=\"listing-small-badge pricing-badge\"><i class=\"fa fa-tag\"><\/i>191,00&euro; - 240,00&euro;<\/div>\r\n                                                            \r\n                                        \r\n                                        \r\n                <\/div>\r\n                <img decoding=\"async\" src=\"https:\/\/cparici.com\/wp-content\/uploads\/2025\/01\/la-rose-des-vents-2-520x397.jpg\" alt=\"La Rose des Vents, 8 Pers\" class=\"listing-thumbnail\">\r\n                \r\n\r\n                <div class=\"listing-item-content\">\r\n                    \r\n                    <h3> La Rose des Vents, 8 Pers <\/h3>\r\n                    <span>Le Rouz<\/span>\r\n                <\/div>\r\n                                        <span class=\"save like-icon tooltip left\" title=\"Connexion pour marquer des \u00e9l\u00e9ments\"><\/span>\r\n                                                <\/div>\r\n        <\/a>\r\n                    <\/div>\r\n        \r\n\r\n        <!-- Listing Item \/ End -->\n                    <\/div>\n                                      <div class=\"fw-carousel-item\">                    \n                        <!-- Listing Item -->\r\n            <div class=\"col-lg-6 col-md-12\">\r\n                <a href=\"https:\/\/cparici.com\/fr\/annonce\/villa-grand-large-12-pers-concarneau-le-cabellou\/\" class=\"listing-item-container listing-geo-data compact\" data-title=\"Villa Grand large 12 Pers &#8211; Concarneau &#8211; Le Cabellou\" data-listing-type=\"rental\" data-classifieds-price=\"&euro;\" data-friendly-address=\"Concarneau, proche plage et centre\" data-address=\"Concarneau, proche plage et centre\" data-image=\"https:\/\/cparici.com\/wp-content\/uploads\/2025\/12\/maison-villa-piscine-520x397.jpg\" data-longitude=\"-3.913984\" data-latitude=\"47.857957\" data-rating=\"0\" data-reviews=\"0\" data-icon=\"&lt;svg xmlns=&quot;http:\/\/www.w3.org\/2000\/svg&quot; width=&quot;800px&quot; height=&quot;800px&quot; viewBox=&quot;0 0 45 45&quot; fill=&quot;none&quot;&gt;\n&lt;path d=&quot;M24.155 8.78099L24.33 8.94499L37.402 21.787L36 23.213L34.2 21.445L34.201 35C34.201 36.054 33.385 36.918 32.35 36.994L32.201 37H12.201C11.147 37 10.283 36.184 10.206 35.149L10.201 35L10.2 21.446L8.402 23.213L7 21.787L20.058 8.95799C21.171 7.82199 22.966 7.75899 24.155 8.78099ZM21.569 10.285L21.473 10.372L12.2 19.481L12.201 35L17.2 34.999L17.201 25C17.201 23.946 18.017 23.082 19.052 23.005L19.201 23H25.201C26.255 23 27.119 23.816 27.196 24.851L27.201 25L27.2 34.999L32.201 35L32.2 19.48L22.901 10.344C22.537 9.98699 21.969 9.96499 21.569 10.285ZM25.201 25H19.201L19.2 34.999H25.2L25.201 25Z&quot; fill=&quot;#3C3C3C&quot;\/&gt;\n&lt;\/svg&gt;\">\r\n            <div class=\"listing-item  \">\r\n                <div class=\"listing-small-badges-container\">\r\n                                                                <div class=\"listing-small-badge pricing-badge\"><i class=\"fa fa-tag\"><\/i>410,00&euro; - 450,00&euro;<\/div>\r\n                                                            \r\n                                        \r\n                                        \r\n                <\/div>\r\n                <img decoding=\"async\" src=\"https:\/\/cparici.com\/wp-content\/uploads\/2025\/12\/maison-villa-piscine-520x397.jpg\" alt=\"Villa Grand large 12 Pers &#8211; Concarneau &#8211; Le Cabellou\" class=\"listing-thumbnail\">\r\n                \r\n\r\n                <div class=\"listing-item-content\">\r\n                    \r\n                    <h3> Villa Grand large 12 Pers &#8211; Concarneau &#8211; Le Cabellou <\/h3>\r\n                    <span>Concarneau, proche plage et centre<\/span>\r\n                <\/div>\r\n                                        <span class=\"save like-icon tooltip left\" title=\"Connexion pour marquer des \u00e9l\u00e9ments\"><\/span>\r\n                                                <\/div>\r\n        <\/a>\r\n                    <\/div>\r\n        \r\n\r\n        <!-- Listing Item \/ End -->\n                    <\/div>\n                          <\/div>\n        \t\t\t\t<\/div>\n\t\t\t\t<\/div>\n\t\t\t\t\t<\/div>\n\t\t\t\t<\/aside>\n\t\t<div class=\"elementor-element elementor-element-029112d e-flex e-con-boxed e-con e-parent\" data-id=\"029112d\" data-element_type=\"container\" data-e-type=\"container\">\n\t\t\t\t\t<div class=\"e-con-inner\">\n\t\t\t\t<div class=\"elementor-element elementor-element-4f1cac9 elementor-widget elementor-widget-text-editor\" data-id=\"4f1cac9\" data-element_type=\"widget\" data-e-type=\"widget\" data-widget_type=\"text-editor.default\">\n\t\t\t\t\t\t\t\t\t<p data-start=\"151\" data-end=\"227\"><span class=\"relative -mx-px my-[-0.2rem] rounded px-px py-[0.2rem] transition-colors duration-100 ease-in-out\">Long de <strong data-start=\"8\" data-end=\"58\">plus de 1\u202f700 km selon les sources officielles<\/strong>, et jusqu&#8217;\u00e0 plus de <strong data-start=\"79\" data-end=\"91\">2\u202f000 km<\/strong> selon d&#8217;autres estimations, ce sentier offre une exp\u00e9rience continue du bord de mer.<\/span><\/p><p data-start=\"229\" data-end=\"382\"><span class=\"relative -mx-px my-[-0.2rem] rounded px-px py-[0.2rem] transition-colors duration-100 ease-in-out\">Le GR\u202f34 est impr\u00e9gn\u00e9 d\u2019histoire : il suit en grande partie les anciens chemins emprunt\u00e9s au XVIII\u1d49 si\u00e8cle par des <strong data-start=\"115\" data-end=\"159\">douaniers charg\u00e9s de patrouiller la c\u00f4te<\/strong> pour lutter contre la contrebande et secourir les naufrag\u00e9s<\/span>. <span class=\"relative -mx-px my-[-0.2rem] rounded px-px py-[0.2rem] transition-colors duration-100 ease-in-out\">Abandonn\u00e9 au d\u00e9but du XX\u1d49 si\u00e8cle, ce parcours rena\u00eet dans les ann\u00e9es 1960\u20131970 avec les premiers balisages et l\u2019engagement de passionn\u00e9s qui en font un sentier de longue randonn\u00e9e<\/span>.<\/p><p data-start=\"384\" data-end=\"637\">Rebaptis\u00e9 &#8220;le plus maritime des sentiers de Grande Randonn\u00e9e&#8221;, le GR\u202f34 conjugue patrimoine historique, beaut\u00e9 naturelle et pratique moderne de la randonn\u00e9e. Si vous souhaitez que je d\u00e9veloppe d\u00e8s maintenant les sections suivantes, dites-le simplement !<\/p><h2 data-start=\"481\" data-end=\"516\"><strong data-start=\"484\" data-end=\"516\">Histoire et origine du GR 34<\/strong><\/h2><p data-start=\"517\" data-end=\"845\">Le <strong data-start=\"520\" data-end=\"545\">Sentier des Douaniers<\/strong> a \u00e9t\u00e9 trac\u00e9 sous la R\u00e9volution fran\u00e7aise pour lutter contre la contrebande. Abandonn\u00e9 au fil du temps, il a \u00e9t\u00e9 r\u00e9habilit\u00e9 pour devenir un sentier de randonn\u00e9e officiel en <strong data-start=\"718\" data-end=\"726\">1968<\/strong> sous l\u2019appellation <strong data-start=\"746\" data-end=\"755\">GR 34<\/strong>. Depuis, il est r\u00e9guli\u00e8rement class\u00e9 parmi les plus beaux sentiers de randonn\u00e9e du monde.<\/p>\t\t\t\t\t\t\t\t<\/div>\n\t\t\t\t\t<\/div>\n\t\t\t\t<\/div>\n\t\t<aside class=\"elementor-element elementor-element-fdcc89a e-flex e-con-boxed e-con e-parent\" data-id=\"fdcc89a\" data-element_type=\"container\" data-e-type=\"container\" data-settings=\"{&quot;background_background&quot;:&quot;classic&quot;}\">\n\t\t\t\t\t<div class=\"e-con-inner\">\n\t\t\t\t<div class=\"elementor-element elementor-element-79fe17c3 elementor-widget elementor-widget-spacer\" data-id=\"79fe17c3\" data-element_type=\"widget\" data-e-type=\"widget\" data-widget_type=\"spacer.default\">\n\t\t\t\t\t\t\t<div class=\"elementor-spacer\">\n\t\t\t<div class=\"elementor-spacer-inner\"><\/div>\n\t\t<\/div>\n\t\t\t\t\t\t<\/div>\n\t\t\t\t<div class=\"elementor-element elementor-element-c193d61 elementor-widget elementor-widget-heading\" data-id=\"c193d61\" data-element_type=\"widget\" data-e-type=\"widget\" data-widget_type=\"heading.default\">\n\t\t\t\t\t<h2 class=\"elementor-heading-title elementor-size-default\">Activit\u00e9s Bretagne en direct<\/h2>\t\t\t\t<\/div>\n\t\t\t\t<div class=\"elementor-element elementor-element-590b09ef elementor-widget elementor-widget-listeo-listings-carousel\" data-id=\"590b09ef\" data-element_type=\"widget\" data-e-type=\"widget\" data-widget_type=\"listeo-listings-carousel.default\">\n\t\t\t\t<div class=\"elementor-widget-container\">\n\t\t\t\t\t        <!-- Carousel \/ Start -->\n        \t<div class=\"simple-slick-carousel dots-nav\" data-slick='{&quot;autoplay&quot;:true,&quot;autoplaySpeed&quot;:3000,&quot;slidesToShow&quot;:3,&quot;slidesToScroll&quot;:1,&quot;responsive&quot;:[{&quot;breakpoint&quot;:1024,&quot;settings&quot;:{&quot;slidesToShow&quot;:2,&quot;slidesToScroll&quot;:1}},{&quot;breakpoint&quot;:768,&quot;settings&quot;:{&quot;slidesToShow&quot;:1,&quot;slidesToScroll&quot;:1}}]}'>\n                            <div class=\"fw-carousel-item\">                    \n                        <!-- Listing Item -->\r\n            <div class=\"col-lg-6 col-md-12\">\r\n                <a href=\"https:\/\/cparici.com\/fr\/annonce\/rozcapades-balades-en-2cv-avec-chauffeur\/\" class=\"listing-item-container listing-geo-data compact\" data-title=\"Roz&#8217;capades | Balades en 2CV avec chauffeur\" data-listing-type=\"service\" data-classifieds-price=\"&euro;\" data-friendly-address=\"\" data-address=\"Plage de Trestel, France\" data-image=\"https:\/\/cparici.com\/wp-content\/uploads\/2025\/07\/InShot_20250727_195121057-520x397.jpg\" data-longitude=\"-3.354448\" data-latitude=\"48.820682\" data-rating=\"5\" data-reviews=\"18\" data-icon=\"&lt;svg xmlns=&quot;http:\/\/www.w3.org\/2000\/svg&quot; xmlns:xlink=&quot;http:\/\/www.w3.org\/1999\/xlink&quot; fill=&quot;#000000&quot; width=&quot;800px&quot; height=&quot;800px&quot; viewBox=&quot;0 0 50 50&quot;&gt;&lt;path d=&quot;M24.982422 2 A 1.0001 1.0001 0 0 0 24.535156 2.1132812L3.5351562 13.113281 A 1.0001 1.0001 0 0 0 3 14L3 17 A 1.0001 1.0001 0 0 0 4 18L5 18L5 19.400391C5 20.612292 5.8642937 21.645028 7 21.921875L7 40.011719L4.0996094 40.011719L4.265625 40.025391C3.0336039 39.818002 2 40.874696 2 42.03125L2 44.779297C2 45.959462 2.9340538 47 4.0996094 47L45.800781 47C46.966337 47 47.900391 46.037413 47.900391 44.880859L47.900391 42.132812C47.900391 40.976259 46.966337 40.011719 45.800781 40.011719L43 40.011719L43 21.921875C44.135706 21.645028 45 20.612292 45 19.400391L45 18L46 18 A 1.0001 1.0001 0 0 0 47 17L47 14 A 1.0001 1.0001 0 0 0 46.464844 13.113281L25.464844 2.1132812 A 1.0001 1.0001 0 0 0 24.982422 2 z M 25 4.1308594L45 14.605469L45 16L44.167969 16 A 1.0001 1.0001 0 0 0 43.841797 16L34.154297 16 A 1.0001 1.0001 0 0 0 33.984375 15.986328 A 1.0001 1.0001 0 0 0 33.839844 16L30.167969 16 A 1.0001 1.0001 0 0 0 29.841797 16L20.154297 16 A 1.0001 1.0001 0 0 0 19.984375 15.986328 A 1.0001 1.0001 0 0 0 19.839844 16L16.167969 16 A 1.0001 1.0001 0 0 0 15.841797 16L6.1542969 16 A 1.0001 1.0001 0 0 0 5.984375 15.986328 A 1.0001 1.0001 0 0 0 5.8398438 16L5 16L5 14.605469L25 4.1308594 z M 7 18L15 18L15 19.400391C15 19.781872 14.781872 20 14.400391 20L7.5996094 20C7.2181279 20 7 19.781872 7 19.400391L7 18 z M 17 18L19 18L19 19.400391C19 20.612292 19.864294 21.645028 21 21.921875L21 40.011719L15 40.011719L15 21.921875C16.135706 21.645028 17 20.612292 17 19.400391L17 18 z M 21 18L29 18L29 19.400391C29 19.781872 28.781872 20 28.400391 20L21.599609 20C21.218128 20 21 19.781872 21 19.400391L21 18 z M 31 18L33 18L33 19.400391C33 20.612292 33.864294 21.645028 35 21.921875L35 40.011719L29 40.011719L29 21.921875C30.135706 21.645028 31 20.612292 31 19.400391L31 18 z M 35 18L43 18L43 19.400391C43 19.781872 42.781872 20 42.400391 20L35.599609 20C35.218128 20 35 19.781872 35 19.400391L35 18 z M 9 22L13 22L13 40L9 40L9 22 z M 23 22L27 22L27 40L23 40L23 22 z M 37 22L41 22L41 40L37 40L37 22 z M 3.984375 42.003906 A 1.0001 1.0001 0 0 0 4.0996094 42.011719L45.800781 42.011719C45.835221 42.011719 45.900391 42.067369 45.900391 42.132812L45.900391 44.880859C45.900391 44.946308 45.835226 45 45.800781 45L4.0996094 45C4.0651649 45 4 45.023132 4 44.779297L4 42.03125C4 42.008135 3.9913337 42.007741 3.984375 42.003906 z&quot;\/&gt;&lt;\/svg&gt;\">\r\n            <div class=\"listing-item  \">\r\n                <div class=\"listing-small-badges-container\">\r\n                                                                                \r\n                                        \r\n                                        \r\n                <\/div>\r\n                <img decoding=\"async\" src=\"https:\/\/cparici.com\/wp-content\/uploads\/2025\/07\/InShot_20250727_195121057-520x397.jpg\" alt=\"Roz&#8217;capades | Balades en 2CV avec chauffeur\" class=\"listing-thumbnail\">\r\n                \r\n\r\n                <div class=\"listing-item-content\">\r\n                                                <div class=\"numerical-rating\" data-rating=\"5.0\"><\/div>\r\n                    \r\n                    <h3> Roz&#8217;capades | Balades en 2CV avec chauffeur <\/h3>\r\n                    <span>Plage de Trestel, France<\/span>\r\n                <\/div>\r\n                                        <span class=\"save like-icon tooltip left\" title=\"Connexion pour marquer des \u00e9l\u00e9ments\"><\/span>\r\n                                                <\/div>\r\n        <\/a>\r\n                    <\/div>\r\n        \r\n\r\n        <!-- Listing Item \/ End -->\n                    <\/div>\n                          <\/div>\n        \t\t\t\t<\/div>\n\t\t\t\t<\/div>\n\t\t\t\t\t<\/div>\n\t\t\t\t<\/aside>\n\t\t<div class=\"elementor-element elementor-element-d75754f e-flex e-con-boxed e-con e-parent\" data-id=\"d75754f\" data-element_type=\"container\" data-e-type=\"container\">\n\t\t\t\t\t<div class=\"e-con-inner\">\n\t\t\t\t<div class=\"elementor-element elementor-element-89f9d6f elementor-widget elementor-widget-text-editor\" data-id=\"89f9d6f\" data-element_type=\"widget\" data-e-type=\"widget\" data-widget_type=\"text-editor.default\">\n\t\t\t\t\t\t\t\t\t<p data-start=\"517\" data-end=\"845\">\u00a0<\/p><h2 data-start=\"852\" data-end=\"910\"><span style=\"font-size: 18pt;\"><strong data-start=\"855\" data-end=\"910\">Le trac\u00e9 du GR 34 : un voyage \u00e0 travers la Bretagne<\/strong><\/span><\/h2><h3 data-start=\"911\" data-end=\"962\"><strong data-start=\"915\" data-end=\"962\">1. Le d\u00e9part : La baie du Mont-Saint-Michel<\/strong><\/h3><p data-start=\"963\" data-end=\"1239\">Le <strong data-start=\"966\" data-end=\"1003\">GR 34 commence en <a href=\"https:\/\/cparici.com\/ille-et-vilaine\/\">Ille-et-Vilaine<\/a><\/strong>, aux confins de la Normandie, avec une vue imprenable sur le <a href=\"https:\/\/cparici.com\/le-mont-saint-michel\/\"><strong data-start=\"1065\" data-end=\"1086\">Mont-Saint-Michel<\/strong><\/a>. La baie, class\u00e9e au patrimoine mondial de l\u2019UNESCO, offre une premi\u00e8re immersion dans des paysages changeants entre mar\u00e9es et vastes \u00e9tendues de sable.<\/p><p data-start=\"963\" data-end=\"1239\"><a href=\"https:\/\/cparici.com\/wp-content\/uploads\/2025\/09\/cparici-2025-09-02T171908.725.jpg\"><img decoding=\"async\" class=\"aligncenter wp-image-70008 size-full\" src=\"https:\/\/cparici.com\/wp-content\/uploads\/2025\/09\/cparici-2025-09-02T171908.725.jpg\" alt=\"GR 34 Baie du Mont Saint Michel\" width=\"1500\" height=\"530\" srcset=\"https:\/\/cparici.com\/wp-content\/uploads\/2025\/09\/cparici-2025-09-02T171908.725.jpg 1500w, https:\/\/cparici.com\/wp-content\/uploads\/2025\/09\/cparici-2025-09-02T171908.725-300x106.jpg 300w, https:\/\/cparici.com\/wp-content\/uploads\/2025\/09\/cparici-2025-09-02T171908.725-1024x362.jpg 1024w, https:\/\/cparici.com\/wp-content\/uploads\/2025\/09\/cparici-2025-09-02T171908.725-768x271.jpg 768w, https:\/\/cparici.com\/wp-content\/uploads\/2025\/09\/cparici-2025-09-02T171908.725-18x6.jpg 18w, https:\/\/cparici.com\/wp-content\/uploads\/2025\/09\/cparici-2025-09-02T171908.725-590x208.jpg 590w, https:\/\/cparici.com\/wp-content\/uploads\/2025\/09\/cparici-2025-09-02T171908.725-1200x424.jpg 1200w, https:\/\/cparici.com\/wp-content\/uploads\/2025\/09\/cparici-2025-09-02T171908.725-577x204.jpg 577w, https:\/\/cparici.com\/wp-content\/uploads\/2025\/09\/cparici-2025-09-02T171908.725-600x212.jpg 600w\" sizes=\"(max-width: 1500px) 100vw, 1500px\" \/><\/a><\/p><h3 data-start=\"1241\" data-end=\"1284\"><strong data-start=\"1245\" data-end=\"1284\">2. La C\u00f4te d\u2019\u00c9meraude et Saint-Malo<\/strong><\/h3><p data-start=\"1285\" data-end=\"1589\">En poursuivant vers l\u2019ouest, le sentier traverse la <a href=\"https:\/\/cparici.com\/cote-d-emeraude\/\"><strong data-start=\"1337\" data-end=\"1356\">C\u00f4te d\u2019\u00c9meraude<\/strong><\/a>, o\u00f9 l&#8217;on d\u00e9couvre des sites spectaculaires comme <a href=\"https:\/\/cparici.com\/cancale\/\"><strong data-start=\"1406\" data-end=\"1417\">Cancale<\/strong><\/a>, c\u00e9l\u00e8bre pour ses hu\u00eetres, et <strong data-start=\"1448\" data-end=\"1462\">Saint-Malo<\/strong>, la cit\u00e9 corsaire entour\u00e9e de remparts. La marche sur cette portion alterne entre falaises escarp\u00e9es et longues plages dor\u00e9es.<\/p><h3 data-start=\"1591\" data-end=\"1650\"><strong data-start=\"1595\" data-end=\"1650\">3. La C\u00f4te de Granit Rose et ses formations uniques<\/strong><\/h3><p data-start=\"1651\" data-end=\"1869\">En C\u00f4tes-d\u2019Armor, le <strong data-start=\"1672\" data-end=\"1681\">GR 34<\/strong> longe la c\u00e9l\u00e8bre <a href=\"https:\/\/cparici.com\/cote-de-granit-rose\/\"><strong data-start=\"1699\" data-end=\"1722\">C\u00f4te de Granit Rose<\/strong><\/a>, o\u00f9 les rochers sculpt\u00e9s par l\u2019\u00e9rosion forment un paysage saisissant. <strong data-start=\"1793\" data-end=\"1836\">Perros-Guirec, Ploumanac\u2019h et Tr\u00e9gastel<\/strong> sont des \u00e9tapes incontournables.<\/p><h3 data-start=\"1871\" data-end=\"1922\"><strong data-start=\"1875\" data-end=\"1922\">4. La Pointe du Raz et le Finist\u00e8re sauvage<\/strong><\/h3><p data-start=\"1923\" data-end=\"2241\">Dans le <a href=\"https:\/\/cparici.com\/visiter-le-finistere-guide-ultime-des-lieux-a-decouvrir\/\"><strong data-start=\"1931\" data-end=\"1944\">Finist\u00e8re<\/strong><\/a>, le sentier devient plus escarp\u00e9, offrant des panoramas spectaculaires sur l\u2019Atlantique. La <strong data-start=\"2037\" data-end=\"2054\">Pointe du Raz<\/strong>, class\u00e9e Grand Site de France, est un des passages les plus impressionnants du <strong data-start=\"2134\" data-end=\"2143\">GR 34<\/strong>. Les randonneurs peuvent aussi d\u00e9couvrir la baie de Douarnenez et le port pittoresque d\u2019Audierne.<\/p><h3 data-start=\"2243\" data-end=\"2277\"><strong data-start=\"2247\" data-end=\"2277\">5. Le Morbihan et le Golfe<\/strong><\/h3><p data-start=\"2278\" data-end=\"2493\">En descendant vers le <a href=\"https:\/\/cparici.com\/visiter-le-morbihan-guide-des-sites-et-activites-a-ne-pas-manquer\/\"><strong data-start=\"2300\" data-end=\"2312\">Morbihan<\/strong><\/a>, le sentier traverse la presqu\u2019\u00eele de <strong data-start=\"2351\" data-end=\"2363\">Quiberon<\/strong>, puis serpente autour du <a href=\"https:\/\/cparici.com\/golfe-du-morbihan\/\"><strong data-start=\"2389\" data-end=\"2410\">Golfe du Morbihan<\/strong><\/a>, l\u2019un des plus beaux sites naturels de Bretagne, avec ses \u00eeles et ses eaux calmes.<\/p><h2 data-start=\"5\" data-end=\"44\">Territoires travers\u00e9s et paysages<\/h2><p data-start=\"46\" data-end=\"465\">Le <strong data-start=\"49\" data-end=\"58\">GR\u202f34<\/strong> est un itin\u00e9raire unique en France : il longe la quasi-totalit\u00e9 du <strong data-start=\"126\" data-end=\"145\">littoral breton<\/strong>, offrant un panorama sans \u00e9gal sur la diversit\u00e9 g\u00e9ographique de la r\u00e9gion. De <strong data-start=\"224\" data-end=\"246\">falaises escarp\u00e9es<\/strong> aux <strong data-start=\"251\" data-end=\"274\">plages de sable fin<\/strong>, en passant par des <strong data-start=\"295\" data-end=\"313\">marais salants<\/strong>, <strong data-start=\"315\" data-end=\"328\">estuaires<\/strong> et <strong data-start=\"332\" data-end=\"357\">villages pittoresques<\/strong>, le sentier des douaniers est une immersion compl\u00e8te dans les paysages c\u00f4tiers du <strong data-start=\"440\" data-end=\"455\">Grand Ouest<\/strong> fran\u00e7ais.<\/p><h3 data-start=\"467\" data-end=\"512\">Les grandes \u00e9tapes g\u00e9ographiques du GR 34<\/h3><p data-start=\"514\" data-end=\"584\">Le parcours du GR\u202f34 traverse cinq <a href=\"https:\/\/cparici.com\/departements-francais-carte-de-france\/\">d\u00e9partements<\/a> du nord-ouest au sud :<\/p><ul data-start=\"586\" data-end=\"1751\"><li data-start=\"586\" data-end=\"812\"><p data-start=\"588\" data-end=\"812\"><strong data-start=\"588\" data-end=\"607\">Ille-et-Vilaine<\/strong> : D\u00e9part au Mont-Saint-Michel, passage par <strong data-start=\"651\" data-end=\"662\">Cancale<\/strong>, <strong data-start=\"664\" data-end=\"678\">Saint-Malo<\/strong>, la <strong data-start=\"683\" data-end=\"702\">C\u00f4te d\u2019\u00c9meraude<\/strong>. Cette partie offre de superbes vues sur les mar\u00e9es les plus hautes d\u2019Europe et les fortifications de Vauban.<\/p><\/li><li data-start=\"816\" data-end=\"1041\"><p data-start=\"818\" data-end=\"1041\"><strong data-start=\"818\" data-end=\"835\">C\u00f4tes-d\u2019Armor<\/strong> : Travers\u00e9e de la <strong data-start=\"854\" data-end=\"877\">C\u00f4te de Granit Rose<\/strong> (Perros-Guirec, Ploumanac\u2019h), <strong data-start=\"908\" data-end=\"919\">Paimpol<\/strong>, <strong data-start=\"921\" data-end=\"935\">Cap Fr\u00e9hel<\/strong>, <strong data-start=\"937\" data-end=\"947\">Plouha<\/strong>. Cette section est r\u00e9put\u00e9e pour ses roches color\u00e9es et formations granitiques spectaculaires.<\/p><\/li><\/ul><p><a href=\"https:\/\/cparici.com\/wp-content\/uploads\/2025\/09\/cparici-2025-09-02T172129.010.jpg\"><img decoding=\"async\" class=\"aligncenter wp-image-70009 size-full\" src=\"https:\/\/cparici.com\/wp-content\/uploads\/2025\/09\/cparici-2025-09-02T172129.010.jpg\" alt=\"GR 34 C\u00f4te de Granit rose\" width=\"1500\" height=\"530\" srcset=\"https:\/\/cparici.com\/wp-content\/uploads\/2025\/09\/cparici-2025-09-02T172129.010.jpg 1500w, https:\/\/cparici.com\/wp-content\/uploads\/2025\/09\/cparici-2025-09-02T172129.010-300x106.jpg 300w, https:\/\/cparici.com\/wp-content\/uploads\/2025\/09\/cparici-2025-09-02T172129.010-1024x362.jpg 1024w, https:\/\/cparici.com\/wp-content\/uploads\/2025\/09\/cparici-2025-09-02T172129.010-768x271.jpg 768w, https:\/\/cparici.com\/wp-content\/uploads\/2025\/09\/cparici-2025-09-02T172129.010-18x6.jpg 18w, https:\/\/cparici.com\/wp-content\/uploads\/2025\/09\/cparici-2025-09-02T172129.010-590x208.jpg 590w, https:\/\/cparici.com\/wp-content\/uploads\/2025\/09\/cparici-2025-09-02T172129.010-1200x424.jpg 1200w, https:\/\/cparici.com\/wp-content\/uploads\/2025\/09\/cparici-2025-09-02T172129.010-577x204.jpg 577w, https:\/\/cparici.com\/wp-content\/uploads\/2025\/09\/cparici-2025-09-02T172129.010-600x212.jpg 600w\" sizes=\"(max-width: 1500px) 100vw, 1500px\" \/><\/a><\/p><ul data-start=\"586\" data-end=\"1751\"><li data-start=\"1045\" data-end=\"1297\"><p data-start=\"1047\" data-end=\"1297\"><strong data-start=\"1047\" data-end=\"1060\">Finist\u00e8re<\/strong> : Partie la plus sauvage, entre <strong data-start=\"1093\" data-end=\"1104\">Morlaix<\/strong>, <strong data-start=\"1106\" data-end=\"1116\">Crozon<\/strong>, <strong data-start=\"1118\" data-end=\"1135\">Pointe du Raz<\/strong>, et <strong data-start=\"1140\" data-end=\"1154\">Douarnenez<\/strong>. Ici, les paysages sont abrupts, maritimes, souvent battus par les vents. C\u2019est aussi la portion la plus pris\u00e9e par les randonneurs confirm\u00e9s.<\/p><\/li><li data-start=\"1301\" data-end=\"1515\"><p data-start=\"1303\" data-end=\"1515\"><strong data-start=\"1303\" data-end=\"1315\">Morbihan<\/strong> : Moins fr\u00e9quent\u00e9e, mais tr\u00e8s charmante, cette zone passe par <strong data-start=\"1378\" data-end=\"1390\">Quiberon<\/strong>, <strong data-start=\"1392\" data-end=\"1402\">Carnac<\/strong>, <strong data-start=\"1404\" data-end=\"1414\">Vannes<\/strong>, et <strong data-start=\"1419\" data-end=\"1445\">la presqu\u2019\u00eele de Rhuys<\/strong>, avec un m\u00e9lange d\u2019ambiance baln\u00e9aire et de patrimoine pr\u00e9historique.<\/p><\/li><li data-start=\"1519\" data-end=\"1751\"><p data-start=\"1521\" data-end=\"1751\"><strong data-start=\"1521\" data-end=\"1541\">Loire-Atlantique<\/strong> : L\u2019itin\u00e9raire s\u2019ach\u00e8ve \u00e0 <strong data-start=\"1568\" data-end=\"1585\">Saint-Nazaire<\/strong>, aux portes de l\u2019estuaire de la Loire. Le paysage devient progressivement plus urbanis\u00e9 mais conserve des espaces naturels, comme le parc naturel r\u00e9gional de Bri\u00e8re.<\/p><\/li><\/ul><h3 data-start=\"1753\" data-end=\"1792\">Une diversit\u00e9 de paysages maritimes<\/h3><p data-start=\"1794\" data-end=\"1940\">Le<strong data-start=\"1797\" data-end=\"1814\">\u00a0GR\u202f34<\/strong> est indissociable de la vari\u00e9t\u00e9 <strong data-start=\"1847\" data-end=\"1871\">des paysages c\u00f4tiers<\/strong> qu\u2019il traverse. Tout au long du chemin, les randonneurs d\u00e9couvrent :<\/p><ul data-start=\"1942\" data-end=\"2362\"><li data-start=\"1942\" data-end=\"2003\"><p data-start=\"1944\" data-end=\"2003\">Des <strong data-start=\"1948\" data-end=\"1974\">falaises vertigineuses<\/strong> (Cap Fr\u00e9hel, Pointe du Raz),<\/p><\/li><li data-start=\"2004\" data-end=\"2070\"><p data-start=\"2006\" data-end=\"2070\">Des <strong data-start=\"2010\" data-end=\"2034\">baies spectaculaires<\/strong> (Baie de Morlaix, Baie d\u2019Audierne),<\/p><\/li><li data-start=\"2071\" data-end=\"2148\"><p data-start=\"2073\" data-end=\"2148\">Des <strong data-start=\"2077\" data-end=\"2101\">plages paradisiaques<\/strong> et criques cach\u00e9es (Crozon, Belle-\u00cele-en-Mer),<\/p><\/li><li data-start=\"2149\" data-end=\"2215\"><p data-start=\"2151\" data-end=\"2215\">Des <strong data-start=\"2155\" data-end=\"2172\">zones humides<\/strong> (Golfe du Morbihan, estuaire de la Rance),<\/p><\/li><li data-start=\"2216\" data-end=\"2305\"><p data-start=\"2218\" data-end=\"2305\">Des <strong data-start=\"2222\" data-end=\"2246\">villages de p\u00eacheurs<\/strong> et ports typiques (Do\u00eblan, Le Guilvinec, Camaret-sur-Mer),<\/p><\/li><li data-start=\"2306\" data-end=\"2362\"><p data-start=\"2308\" data-end=\"2362\">Une flore c\u00f4ti\u00e8re riche et changeante selon la saison.<\/p><\/li><\/ul><p data-start=\"2364\" data-end=\"2513\">Chaque \u00e9tape est marqu\u00e9e par une <strong data-start=\"2397\" data-end=\"2425\">identit\u00e9 r\u00e9gionale forte<\/strong>, int\u00e9grant \u00e0 la fois les langues, les traditions maritimes et le <strong data-start=\"2491\" data-end=\"2512\">patrimoine breton<\/strong>.<\/p><p data-start=\"2515\" data-end=\"2898\">Le <strong data-start=\"2518\" data-end=\"2527\">GR\u202f34<\/strong>, c\u2019est aussi une travers\u00e9e sensorielle : le cri des mouettes, l\u2019odeur de l\u2019iode, le vent du large\u2026 Il illustre parfaitement l\u2019esprit <strong data-start=\"2661\" data-end=\"2672\">du pays<\/strong> breton, enracin\u00e9 dans la mer. Pour mieux d\u00e9couvrir les autres richesses culturelles <strong data-start=\"2757\" data-end=\"2768\">du pays<\/strong>, explorez notre <a class=\"decorated-link\" href=\"https:\/\/cparici.com\/fr\/visiter-la-france-guide-des-regions-et-sites-touristiques?utm_source=chatgpt.com\" target=\"_new\" rel=\"noopener\" data-start=\"2785\" data-end=\"2897\">guide des r\u00e9gions fran\u00e7aises<\/a>.<\/p><h2 data-start=\"5\" data-end=\"38\">Difficult\u00e9 et accessibilit\u00e9<\/h2><p data-start=\"40\" data-end=\"432\">Le <strong data-start=\"43\" data-end=\"52\">GR\u202f34<\/strong> est souvent pr\u00e9sent\u00e9 comme l\u2019un des sentiers de grande randonn\u00e9e les plus <strong data-start=\"127\" data-end=\"142\">accessibles<\/strong> en France. Contrairement \u00e0 d\u2019autres GR de montagne, il suit en grande partie le <strong data-start=\"223\" data-end=\"240\">relief c\u00f4tier<\/strong>, avec des <strong data-start=\"251\" data-end=\"272\">d\u00e9nivel\u00e9s mod\u00e9r\u00e9s<\/strong> et des passages rarement techniques. Cependant, la longueur du parcours et les conditions climatiques bretonnes peuvent repr\u00e9senter des d\u00e9fis non n\u00e9gligeables.<\/p><h3 data-start=\"434\" data-end=\"470\">Un sentier pour tous les niveaux<\/h3><p data-start=\"472\" data-end=\"834\">Le balisage <strong data-start=\"484\" data-end=\"502\">rouge et blanc<\/strong> typique des sentiers GR rend l\u2019orientation tr\u00e8s facile, m\u00eame pour les marcheurs d\u00e9butants. Le GR\u202f34 est d\u2019ailleurs reconnu pour \u00eatre l\u2019un des itin\u00e9raires <strong data-start=\"657\" data-end=\"678\">les mieux balis\u00e9s<\/strong> de France, avec des marquages tr\u00e8s r\u00e9guliers sur rochers, murs, poteaux ou arbres. Cette accessibilit\u00e9 technique fait du GR\u202f34 une excellente option pour :<\/p><ul data-start=\"836\" data-end=\"1189\"><li data-start=\"836\" data-end=\"914\"><p data-start=\"838\" data-end=\"914\">Les <strong data-start=\"842\" data-end=\"855\">d\u00e9butants<\/strong>, qui peuvent r\u00e9aliser de <strong data-start=\"881\" data-end=\"901\">petites sections<\/strong> (5 \u00e0 15 km),<\/p><\/li><li data-start=\"915\" data-end=\"992\"><p data-start=\"917\" data-end=\"992\">Les <strong data-start=\"921\" data-end=\"933\">familles<\/strong>, notamment dans les portions urbaines ou en bord de plage,<\/p><\/li><li data-start=\"993\" data-end=\"1074\"><p data-start=\"995\" data-end=\"1074\">Les <strong data-start=\"999\" data-end=\"1027\">randonneurs exp\u00e9riment\u00e9s<\/strong>, qui choisissent des <strong data-start=\"1049\" data-end=\"1073\">\u00e9tapes de 20 \u00e0 30 km<\/strong>,<\/p><\/li><li data-start=\"1075\" data-end=\"1189\"><p data-start=\"1077\" data-end=\"1189\">Les <strong data-start=\"1081\" data-end=\"1110\">marcheurs longue distance<\/strong>, qui se lancent sur l\u2019int\u00e9gralit\u00e9 du trac\u00e9, soit environ <strong data-start=\"1168\" data-end=\"1178\">2 mois<\/strong> de marche.<\/p><\/li><\/ul><h3 data-start=\"1191\" data-end=\"1241\">Variabilit\u00e9 des difficult\u00e9s selon les tron\u00e7ons<\/h3><p data-start=\"1243\" data-end=\"1439\">Certaines portions du GR\u202f34 peuvent s\u2019av\u00e9rer <strong data-start=\"1288\" data-end=\"1306\">plus physiques<\/strong>, en particulier dans les zones escarp\u00e9es ou soumises \u00e0 des conditions m\u00e9t\u00e9orologiques extr\u00eames. Voici quelques exemples contrast\u00e9s :<\/p><ul data-start=\"1441\" data-end=\"1854\"><li data-start=\"1441\" data-end=\"1561\"><p data-start=\"1443\" data-end=\"1561\"><strong data-start=\"1443\" data-end=\"1454\">Faciles<\/strong> : entre <strong data-start=\"1463\" data-end=\"1489\">Beg Meil et Mousterlin<\/strong> dans le Finist\u00e8re (sentier plat, sableux), ou <strong data-start=\"1536\" data-end=\"1560\">Saint-Malo \u00e0 Cancale<\/strong>.<\/p><\/li><li data-start=\"1562\" data-end=\"1698\"><p data-start=\"1564\" data-end=\"1698\"><strong data-start=\"1564\" data-end=\"1582\">Interm\u00e9diaires<\/strong> : autour de <strong data-start=\"1595\" data-end=\"1610\">Ploumanac\u2019h<\/strong> ou <strong data-start=\"1614\" data-end=\"1626\">Tr\u00e9guier<\/strong>, avec quelques mont\u00e9es et descentes entre rochers et for\u00eats littorales.<\/p><\/li><li data-start=\"1699\" data-end=\"1854\"><p data-start=\"1701\" data-end=\"1854\"><strong data-start=\"1701\" data-end=\"1715\">Difficiles<\/strong> : <strong data-start=\"1718\" data-end=\"1743\">Paimpol \u00e0 L\u00e9zardrieux<\/strong> (~22 km avec 600 m de d\u00e9nivel\u00e9), <strong data-start=\"1777\" data-end=\"1805\">Pointe du Raz \u00e0 Audierne<\/strong>, ou les falaises de la <strong data-start=\"1829\" data-end=\"1853\">presqu\u2019\u00eele de Crozon<\/strong>.<\/p><\/li><\/ul><p><a href=\"https:\/\/cparici.com\/wp-content\/uploads\/2025\/09\/cparici-2025-09-02T172306.266.jpg\"><img decoding=\"async\" class=\"aligncenter wp-image-70011 size-full\" src=\"https:\/\/cparici.com\/wp-content\/uploads\/2025\/09\/cparici-2025-09-02T172306.266.jpg\" alt=\"Presqu'\u00eele de Crozon et sentier de grande randonn\u00e9e GR 34\" width=\"1500\" height=\"530\" srcset=\"https:\/\/cparici.com\/wp-content\/uploads\/2025\/09\/cparici-2025-09-02T172306.266.jpg 1500w, https:\/\/cparici.com\/wp-content\/uploads\/2025\/09\/cparici-2025-09-02T172306.266-300x106.jpg 300w, https:\/\/cparici.com\/wp-content\/uploads\/2025\/09\/cparici-2025-09-02T172306.266-1024x362.jpg 1024w, https:\/\/cparici.com\/wp-content\/uploads\/2025\/09\/cparici-2025-09-02T172306.266-768x271.jpg 768w, https:\/\/cparici.com\/wp-content\/uploads\/2025\/09\/cparici-2025-09-02T172306.266-18x6.jpg 18w, https:\/\/cparici.com\/wp-content\/uploads\/2025\/09\/cparici-2025-09-02T172306.266-590x208.jpg 590w, https:\/\/cparici.com\/wp-content\/uploads\/2025\/09\/cparici-2025-09-02T172306.266-1200x424.jpg 1200w, https:\/\/cparici.com\/wp-content\/uploads\/2025\/09\/cparici-2025-09-02T172306.266-577x204.jpg 577w, https:\/\/cparici.com\/wp-content\/uploads\/2025\/09\/cparici-2025-09-02T172306.266-600x212.jpg 600w\" sizes=\"(max-width: 1500px) 100vw, 1500px\" \/><\/a><\/p><p data-start=\"1856\" data-end=\"2024\">La <strong data-start=\"1859\" data-end=\"1879\">distance moyenne<\/strong> parcourue par les randonneurs varie de <strong data-start=\"1919\" data-end=\"1942\">15 \u00e0 25 km par jour<\/strong>, ce qui n\u00e9cessite une certaine <strong data-start=\"1974\" data-end=\"1996\">condition physique<\/strong> pour les s\u00e9jours prolong\u00e9s.<\/p><h3 data-start=\"2026\" data-end=\"2050\">L\u2019impact de la m\u00e9t\u00e9o<\/h3><p data-start=\"2052\" data-end=\"2218\">En Bretagne, <strong data-start=\"2065\" data-end=\"2104\">la m\u00e9t\u00e9o est un facteur d\u00e9terminant<\/strong> dans l\u2019exp\u00e9rience de randonn\u00e9e. M\u00eame si le GR\u202f34 est rarement ferm\u00e9, la pluie, le vent ou le brouillard peuvent :<\/p><ul data-start=\"2220\" data-end=\"2404\"><li data-start=\"2220\" data-end=\"2294\"><p data-start=\"2222\" data-end=\"2294\">Rendre le sentier <strong data-start=\"2240\" data-end=\"2252\">glissant<\/strong> (notamment sur rochers ou bois mouill\u00e9s),<\/p><\/li><li data-start=\"2295\" data-end=\"2340\"><p data-start=\"2297\" data-end=\"2340\"><strong data-start=\"2297\" data-end=\"2325\">Fatiguer plus rapidement<\/strong> les marcheurs,<\/p><\/li><li data-start=\"2341\" data-end=\"2404\"><p data-start=\"2343\" data-end=\"2404\">R\u00e9duire la <strong data-start=\"2354\" data-end=\"2368\">visibilit\u00e9<\/strong> des balisages dans certaines zones.<\/p><\/li><\/ul><p data-start=\"2406\" data-end=\"2670\">Il est donc vivement conseill\u00e9 de consulter les pr\u00e9visions m\u00e9t\u00e9o <strong data-start=\"2471\" data-end=\"2487\">chaque matin<\/strong> et de disposer d\u2019un \u00e9quipement adapt\u00e9 : <strong data-start=\"2528\" data-end=\"2549\">veste imperm\u00e9able<\/strong>, <strong data-start=\"2551\" data-end=\"2574\">chaussures robustes<\/strong>, <strong data-start=\"2576\" data-end=\"2605\">protection contre le vent<\/strong>, <strong data-start=\"2607\" data-end=\"2643\">GPS ou application de navigation<\/strong> comme HiiKER ou Visorando.<\/p><h3 data-start=\"2672\" data-end=\"2700\">Accessibilit\u00e9 logistique<\/h3><p data-start=\"2702\" data-end=\"2827\">Le GR\u202f34 est \u00e9galement tr\u00e8s bien <strong data-start=\"2735\" data-end=\"2760\">desservi en transport<\/strong>, ce qui permet une grande <strong data-start=\"2787\" data-end=\"2800\">souplesse<\/strong> dans le choix des \u00e9tapes :<\/p><ul data-start=\"2829\" data-end=\"3068\"><li data-start=\"2829\" data-end=\"2938\"><p data-start=\"2831\" data-end=\"2938\">De nombreuses villes ou villages travers\u00e9s disposent de <strong data-start=\"2887\" data-end=\"2901\">gares SNCF<\/strong> ou lignes de <strong data-start=\"2915\" data-end=\"2937\">bus d\u00e9partementaux<\/strong>.<\/p><\/li><li data-start=\"2939\" data-end=\"3068\"><p data-start=\"2941\" data-end=\"3068\">Des <strong data-start=\"2945\" data-end=\"2981\">services de transport de bagages<\/strong> comme La Malle Postale permettent de marcher l\u00e9ger, en se concentrant sur l\u2019essentiel.<\/p><\/li><\/ul><p data-start=\"3070\" data-end=\"3319\">Gr\u00e2ce \u00e0 ces caract\u00e9ristiques, le <strong data-start=\"3103\" data-end=\"3112\">GR\u202f34<\/strong> s\u2019inscrit comme l\u2019un des sentiers de randonn\u00e9e les plus <strong data-start=\"3169\" data-end=\"3182\">inclusifs<\/strong> et <strong data-start=\"3186\" data-end=\"3201\">polyvalents<\/strong> du pays. Il permet une exploration sur mesure, que ce soit pour une demi-journ\u00e9e ou un p\u00e9riple de plusieurs semaines.<\/p><h2 data-start=\"2500\" data-end=\"2540\"><span style=\"font-size: 18pt;\"><strong data-start=\"2503\" data-end=\"2540\">Pourquoi randonner sur le GR 34 ?<\/strong><\/span><\/h2><p data-start=\"2541\" data-end=\"2670\">Le sentier des douaniers offre une grande diversit\u00e9 de paysages et un acc\u00e8s privil\u00e9gi\u00e9 \u00e0 la richesse du patrimoine breton. Parmi ses atouts :<\/p><ul data-start=\"2671\" data-end=\"3036\"><li data-start=\"2671\" data-end=\"2766\"><strong data-start=\"2673\" data-end=\"2702\">Une diversit\u00e9 de paysages<\/strong> : plages, falaises, criques secr\u00e8tes, marais et ports typiques.<\/li><li data-start=\"2767\" data-end=\"2841\"><strong data-start=\"2769\" data-end=\"2797\">Un itin\u00e9raire accessible<\/strong> : bien balis\u00e9 et adapt\u00e9 \u00e0 tous les niveaux.<\/li><li data-start=\"2842\" data-end=\"2934\"><strong data-start=\"2844\" data-end=\"2882\">Des sites historiques et culturels<\/strong> : villes fortifi\u00e9es, m\u00e9galithes, abbayes et phares.<\/li><li data-start=\"2935\" data-end=\"3036\"><strong data-start=\"2937\" data-end=\"2963\">Une gastronomie locale<\/strong> : hu\u00eetres de Cancale, cr\u00eapes bretonnes, kouign-amann et cidre artisanal.<\/li><\/ul><h2 data-start=\"5\" data-end=\"30\">Id\u00e9es d\u2019itin\u00e9raires<\/h2><p data-start=\"32\" data-end=\"320\">Le <strong data-start=\"35\" data-end=\"44\">GR\u202f34<\/strong>, avec ses plus de 1\u202f700 kilom\u00e8tres de sentier balis\u00e9, se pr\u00eate \u00e0 une infinit\u00e9 de variantes selon la dur\u00e9e, le niveau physique ou les envies de chaque randonneur. Voici un tour d\u2019horizon des <strong data-start=\"235\" data-end=\"269\">meilleures id\u00e9es d\u2019itin\u00e9raires<\/strong> pour profiter pleinement de ce sentier de l\u00e9gende.<\/p><h3 data-start=\"322\" data-end=\"375\">L\u2019itin\u00e9raire complet : une aventure au long cours<\/h3><p data-start=\"377\" data-end=\"818\">Parcourir l\u2019int\u00e9gralit\u00e9 du <strong data-start=\"404\" data-end=\"413\">GR\u202f34<\/strong> repr\u00e9sente un <strong data-start=\"428\" data-end=\"465\">v\u00e9ritable d\u00e9fi physique et mental<\/strong>. Du Mont-Saint-Michel \u00e0 Saint-Nazaire, la distance officielle varie de <strong data-start=\"537\" data-end=\"557\">1\u202f700 \u00e0 2\u202f093 km<\/strong>, avec un <strong data-start=\"567\" data-end=\"610\">d\u00e9nivel\u00e9 cumul\u00e9 d\u2019environ 14\u202f000 m\u00e8tres<\/strong> (<a class=\"decorated-link cursor-pointer\" target=\"_new\" rel=\"noopener\" data-start=\"612\" data-end=\"662\">outdooractive.com<\/a>). Les randonneurs les plus aguerris estiment une dur\u00e9e de <strong data-start=\"721\" data-end=\"738\">50 \u00e0 65 jours<\/strong>, soit <strong data-start=\"745\" data-end=\"776\">environ 25 \u00e0 35 km par jour<\/strong>, en fonction du rythme et des conditions.<\/p><p data-start=\"820\" data-end=\"1110\">Cet itin\u00e9raire total permet de d\u00e9couvrir les <strong data-start=\"865\" data-end=\"899\">quatre facettes de la Bretagne<\/strong> : nordique et battue par les vents, douce et abrit\u00e9e dans les estuaires, color\u00e9e dans les ports, sauvage dans les caps. Il constitue un <strong data-start=\"1036\" data-end=\"1059\">p\u00e9riple initiatique<\/strong>, souvent compar\u00e9 \u00e0 un chemin de Compostelle marin.<\/p><h3 data-start=\"1112\" data-end=\"1161\">Top 5 des itin\u00e9raires courts et embl\u00e9matiques<\/h3><p data-start=\"1163\" data-end=\"1343\">Pour ceux qui pr\u00e9f\u00e8rent <strong data-start=\"1187\" data-end=\"1213\">marcher quelques jours<\/strong> seulement, voici une s\u00e9lection de <strong data-start=\"1248\" data-end=\"1276\">portions incontournables<\/strong> du GR\u202f34, test\u00e9es et approuv\u00e9es par les guides et les randonneurs.<\/p><h4 data-start=\"1345\" data-end=\"1415\">1. <strong data-start=\"1353\" data-end=\"1415\">Camaret-sur-Mer \u00e0 Audierne (Finist\u00e8re) \u2013 160 km \/ 11 jours<\/strong><\/h4><p data-start=\"1416\" data-end=\"1710\">Une des portions les plus <strong data-start=\"1442\" data-end=\"1460\">spectaculaires<\/strong>, avec des falaises, des caps, et la fameuse <strong data-start=\"1505\" data-end=\"1522\">Pointe du Raz<\/strong>. Alternance de sentiers c\u00f4tiers, plages d\u00e9sertes et patrimoine maritime. Niveau interm\u00e9diaire \u00e0 difficile. (<a class=\"decorated-link cursor-pointer\" target=\"_new\" rel=\"noopener\" data-start=\"1631\" data-end=\"1709\">ilovewalkinginfrance.com<\/a>)<\/p><h4 data-start=\"1712\" data-end=\"1768\">2. <strong data-start=\"1720\" data-end=\"1768\">Perros-Guirec \u00e0 Tr\u00e9beurden \u2013 50 km \/ 3 jours<\/strong><\/h4><p data-start=\"1769\" data-end=\"1955\">Ce segment traverse la <strong data-start=\"1792\" data-end=\"1815\">C\u00f4te de Granit Rose<\/strong>, connue pour ses <strong data-start=\"1833\" data-end=\"1867\">rochers sculpt\u00e9s naturellement<\/strong>. Sentier bien entretenu, parfait pour un week-end en immersion. Niveau facile \u00e0 mod\u00e9r\u00e9.<\/p><h4 data-start=\"1957\" data-end=\"2012\">3. <strong data-start=\"1965\" data-end=\"2012\">Presqu\u2019\u00eele de Crozon \u2013 22 km \/ 6h de marche<\/strong><\/h4><p data-start=\"2013\" data-end=\"2298\">Circuit tr\u00e8s appr\u00e9ci\u00e9 pour sa <strong data-start=\"2043\" data-end=\"2066\">vari\u00e9t\u00e9 de paysages<\/strong> : plages, caps, criques turquoise et for\u00eats littorales. Une excellente introduction au <strong data-start=\"2154\" data-end=\"2163\">GR\u202f34<\/strong>, r\u00e9alisable en une journ\u00e9e, id\u00e9ale pour les d\u00e9butants. (<a class=\"decorated-link\" href=\"https:\/\/www.novo-monde.com\/en\/gr-34-hiking-crozon-peninsula?utm_source=chatgpt.com\" target=\"_new\" rel=\"noopener\" data-start=\"2220\" data-end=\"2297\">novo-monde.com<\/a>)<\/p><h4 data-start=\"2300\" data-end=\"2345\">4. <strong data-start=\"2308\" data-end=\"2345\">Saint-Malo \u00e0 Cancale \u2013 17 km \/ 5h<\/strong><\/h4><p data-start=\"2346\" data-end=\"2562\">Cette portion offre un m\u00e9lange de <strong data-start=\"2380\" data-end=\"2410\">fortifications historiques<\/strong>, <strong data-start=\"2412\" data-end=\"2431\">plages sauvages<\/strong> et <strong data-start=\"2435\" data-end=\"2455\">vues imprenables<\/strong> sur la baie du Mont-Saint-Michel. Facile et accessible en train, parfait pour une escapade de 1 \u00e0 2 jours.<\/p><h4 data-start=\"2564\" data-end=\"2619\">5. <strong data-start=\"2572\" data-end=\"2619\">L\u2019\u00eele de Groix (Morbihan) \u2013 27 km \/ 2 jours<\/strong><\/h4><p data-start=\"2620\" data-end=\"2791\">Un sentier <strong data-start=\"2631\" data-end=\"2644\">insulaire<\/strong>, tr\u00e8s d\u00e9paysant, entre plages secr\u00e8tes, villages et falaises. Accessible en ferry depuis Lorient. Moins fr\u00e9quent\u00e9, mais tr\u00e8s agr\u00e9able hors saison.<\/p><h3 data-start=\"2793\" data-end=\"2824\">Guides et ressources utiles<\/h3><p data-start=\"2826\" data-end=\"2895\">Pour planifier ces itin\u00e9raires, plusieurs outils s\u2019av\u00e8rent pr\u00e9cieux :<\/p><ul data-start=\"2897\" data-end=\"3320\"><li data-start=\"2897\" data-end=\"3015\"><p data-start=\"2899\" data-end=\"3015\">Les <strong data-start=\"2903\" data-end=\"2945\">topoguides officiels de la FFRandonn\u00e9e<\/strong> couvrent les \u00e9tapes en d\u00e9tail avec cartes, h\u00e9bergements et d\u00e9nivel\u00e9s.<\/p><\/li><li data-start=\"3016\" data-end=\"3130\"><p data-start=\"3018\" data-end=\"3130\">L\u2019\u00e9diteur <strong data-start=\"3028\" data-end=\"3040\">Cicerone<\/strong> propose un excellent guide en anglais couvrant <strong data-start=\"3088\" data-end=\"3129\">624 km du Mont-Saint-Michel \u00e0 Roscoff<\/strong>.<\/p><\/li><li data-start=\"3131\" data-end=\"3320\"><p data-start=\"3133\" data-end=\"3320\">L\u2019application <strong data-start=\"3147\" data-end=\"3157\">Hiiker<\/strong> offre une carte interactive compl\u00e8te du GR\u202f34, avec points d\u2019int\u00e9r\u00eat, h\u00e9bergements et distances (<a class=\"decorated-link\" href=\"https:\/\/hiiker.app\/trails\/france\/saint-malo\/gr-34?utm_source=chatgpt.com\" target=\"_new\" rel=\"noopener\" data-start=\"3255\" data-end=\"3318\">hiiker.app<\/a>).<\/p><\/li><\/ul><p data-start=\"3322\" data-end=\"3566\">Que vous partiez pour deux jours ou deux mois, chaque <strong data-start=\"3376\" data-end=\"3403\">itin\u00e9raire sur le GR\u202f34<\/strong> est une aventure unique m\u00ealant effort physique, immersion naturelle et patrimoine breton. La seule r\u00e8gle : marcher au rythme <strong data-start=\"3529\" data-end=\"3540\">du pays<\/strong> et savourer chaque \u00e9tape.<\/p><h2 data-start=\"3043\" data-end=\"3096\"><span style=\"font-size: 18pt;\"><strong data-start=\"3046\" data-end=\"3096\">Conseils pratiques pour randonner sur le GR 34<\/strong><\/span><\/h2><h3 data-start=\"3097\" data-end=\"3136\"><strong data-start=\"3101\" data-end=\"3136\">1. Quelle p\u00e9riode pour partir ?<\/strong><\/h3><p data-start=\"3137\" data-end=\"3218\">Le sentier de randonn\u00e9e peut se parcourir toute l\u2019ann\u00e9e, mais les meilleures p\u00e9riodes sont :<\/p><ul data-start=\"3219\" data-end=\"3435\"><li data-start=\"3219\" data-end=\"3292\"><strong data-start=\"3221\" data-end=\"3250\">Le printemps (avril-juin)<\/strong> : temp\u00e9ratures agr\u00e9ables, nature fleurie.<\/li><li data-start=\"3293\" data-end=\"3354\"><strong data-start=\"3295\" data-end=\"3319\">L\u2019\u00e9t\u00e9 (juillet-ao\u00fbt)<\/strong> : beau temps, mais plus fr\u00e9quent\u00e9.<\/li><li data-start=\"3355\" data-end=\"3435\"><strong data-start=\"3357\" data-end=\"3390\">L\u2019automne (septembre-octobre)<\/strong> : paysages magnifiques et affluence r\u00e9duite.<\/li><\/ul><h3 data-start=\"3437\" data-end=\"3477\"><strong data-start=\"3441\" data-end=\"3477\">2. H\u00e9bergement et ravitaillement<\/strong><\/h3><p data-start=\"3478\" data-end=\"3575\">Le sentier traverse de nombreux villages et villes c\u00f4ti\u00e8res, offrant une vari\u00e9t\u00e9 d\u2019h\u00e9bergements :<\/p><ul data-start=\"3576\" data-end=\"3735\"><li data-start=\"3576\" data-end=\"3632\"><strong data-start=\"3578\" data-end=\"3610\">Campings et aires de bivouac<\/strong> pour les aventuriers.<\/li><li data-start=\"3633\" data-end=\"3686\"><strong data-start=\"3635\" data-end=\"3664\">G\u00eetes et chambres d\u2019h\u00f4tes<\/strong> pour plus de confort.<\/li><li data-start=\"3687\" data-end=\"3735\"><strong data-start=\"3689\" data-end=\"3711\">H\u00f4tels et auberges<\/strong> dans les villes \u00e9tapes.<\/li><\/ul><p data-start=\"3737\" data-end=\"3829\">Des \u00e9piceries, march\u00e9s et restaurants permettent de se ravitailler tout au long du parcours.<\/p><h3 data-start=\"3831\" data-end=\"3863\"><strong data-start=\"3835\" data-end=\"3863\">3. \u00c9quipement recommand\u00e9<\/strong><\/h3><ul data-start=\"3864\" data-end=\"4135\"><li data-start=\"3864\" data-end=\"3924\"><strong data-start=\"3866\" data-end=\"3893\">Chaussures de randonn\u00e9e<\/strong> adapt\u00e9es aux sentiers c\u00f4tiers.<\/li><li data-start=\"3925\" data-end=\"4007\"><strong data-start=\"3927\" data-end=\"3967\">V\u00eatements coupe-vent et imperm\u00e9ables<\/strong> (le climat breton peut \u00eatre changeant).<\/li><li data-start=\"4008\" data-end=\"4073\"><strong data-start=\"4010\" data-end=\"4029\">Sac \u00e0 dos l\u00e9ger<\/strong> avec eau, collations et trousse de secours.<\/li><li data-start=\"4074\" data-end=\"4135\"><strong data-start=\"4076\" data-end=\"4109\">Cartes IGN ou application GPS<\/strong> pour suivre l\u2019itin\u00e9raire.<\/li><\/ul><h2><span style=\"font-size: 18pt;\"><strong data-start=\"4145\" data-end=\"4165\">FAQ sur le GR 34<\/strong><\/span><\/h2><h3 data-start=\"28\" data-end=\"81\"><strong data-start=\"33\" data-end=\"79\">Quelle est la plus belle partie du GR 34 ?<\/strong><\/h3><p data-start=\"82\" data-end=\"202\">Le <strong data-start=\"85\" data-end=\"94\">GR 34<\/strong> traverse de nombreux paysages magnifiques, mais certaines portions sont particuli\u00e8rement spectaculaires :<\/p><ul data-start=\"203\" data-end=\"585\"><li data-start=\"203\" data-end=\"319\"><strong data-start=\"205\" data-end=\"231\">La C\u00f4te de Granit Rose<\/strong> (Perros-Guirec, Ploumanac\u2019h) : des rochers sculpt\u00e9s par l\u2019\u00e9rosion aux teintes ros\u00e9es.<\/li><li data-start=\"320\" data-end=\"425\"><strong data-start=\"322\" data-end=\"367\">La Pointe du Raz et la Baie des Tr\u00e9pass\u00e9s<\/strong> : falaises sauvages et vue imprenable sur l\u2019Atlantique.<\/li><li data-start=\"426\" data-end=\"497\"><strong data-start=\"428\" data-end=\"452\">Le Golfe du Morbihan<\/strong> : une randonn\u00e9e entre \u00eeles et eaux calmes.<\/li><li data-start=\"498\" data-end=\"585\"><strong data-start=\"500\" data-end=\"536\">La C\u00f4te d\u2019\u00c9meraude et Saint-Malo<\/strong> : remparts historiques et plages de sable fin.<\/li><\/ul><h3 data-start=\"587\" data-end=\"635\"><strong data-start=\"592\" data-end=\"633\">Combien de kilom\u00e8tres fait le GR 34 ?<\/strong><\/h3><p data-start=\"636\" data-end=\"759\">Le <strong data-start=\"639\" data-end=\"648\">GR 34<\/strong> s\u2019\u00e9tend sur environ <strong data-start=\"669\" data-end=\"681\">2 000 km<\/strong>, ce qui en fait l\u2019un des plus longs sentiers de grande randonn\u00e9e en France.<\/p><h3 data-start=\"761\" data-end=\"828\"><strong data-start=\"766\" data-end=\"826\">Combien de temps faut-il pour faire le GR 34 en entier ?<\/strong><\/h3><p data-start=\"829\" data-end=\"868\">Tout d\u00e9pend du rythme du randonneur :<\/p><ul data-start=\"869\" data-end=\"1111\"><li data-start=\"869\" data-end=\"925\"><strong data-start=\"871\" data-end=\"901\">Marche rapide (30 km\/jour)<\/strong> : environ <strong data-start=\"912\" data-end=\"922\">2 mois<\/strong>.<\/li><li data-start=\"926\" data-end=\"983\"><strong data-start=\"928\" data-end=\"959\">Marche mod\u00e9r\u00e9e (20 km\/jour)<\/strong> : environ <strong data-start=\"970\" data-end=\"980\">3 mois<\/strong>.<\/li><li data-start=\"984\" data-end=\"1111\"><strong data-start=\"986\" data-end=\"1023\">Marche tranquille (10-15 km\/jour)<\/strong> : environ <strong data-start=\"1034\" data-end=\"1048\">4 \u00e0 5 mois<\/strong>.<br data-start=\"1049\" data-end=\"1052\" \/>Il est aussi possible de faire le <strong data-start=\"1086\" data-end=\"1095\">GR 34<\/strong> par tron\u00e7ons.<\/li><\/ul><h3 data-start=\"1113\" data-end=\"1148\"><strong data-start=\"1118\" data-end=\"1146\">Comment faire le GR 34 ?<\/strong><\/h3><ul data-start=\"1149\" data-end=\"1541\"><li data-start=\"1149\" data-end=\"1241\"><strong data-start=\"1151\" data-end=\"1182\">Choisissez votre itin\u00e9raire<\/strong> : certaines sections sont plus accessibles que d\u2019autres.<\/li><li data-start=\"1242\" data-end=\"1339\"><strong data-start=\"1244\" data-end=\"1273\">Pr\u00e9voyez votre \u00e9quipement<\/strong> : chaussures adapt\u00e9es, v\u00eatements imperm\u00e9ables, sac \u00e0 dos l\u00e9ger.<\/li><li data-start=\"1340\" data-end=\"1461\"><strong data-start=\"1342\" data-end=\"1382\">Renseignez-vous sur les h\u00e9bergements<\/strong> : bivouac possible dans certaines zones, nombreux g\u00eetes, h\u00f4tels et campings.<\/li><li data-start=\"1462\" data-end=\"1541\"><strong data-start=\"1464\" data-end=\"1508\">Consultez les cartes et applications GPS<\/strong> pour suivre le trac\u00e9 officiel.<\/li><\/ul><h3 data-start=\"1543\" data-end=\"1576\"><strong data-start=\"1548\" data-end=\"1574\">O\u00f9 commence le GR 34 ?<\/strong><\/h3><p data-start=\"1577\" data-end=\"1722\" data-is-last-node=\"\" data-is-only-node=\"\">Le <strong data-start=\"1580\" data-end=\"1589\">GR 34<\/strong> commence \u00e0 <strong data-start=\"1601\" data-end=\"1622\">Mont-Saint-Michel<\/strong>, en Ille-et-Vilaine, et longe toute la c\u00f4te bretonne jusqu\u2019\u00e0 <strong data-start=\"1684\" data-end=\"1701\">Saint-Nazaire<\/strong> en Loire-Atlantique.<\/p><h3 data-start=\"4389\" data-end=\"4433\"><strong data-start=\"4393\" data-end=\"4433\">Peut-on bivouaquer sur le GR 34 ?<\/strong><\/h3><p data-start=\"4434\" data-end=\"4589\">Oui, mais avec certaines restrictions. Le bivouac est autoris\u00e9 en dehors des zones prot\u00e9g\u00e9es, \u00e0 condition de respecter la nature et de partir t\u00f4t le matin.<\/p><h3 data-start=\"4591\" data-end=\"4631\"><strong data-start=\"4595\" data-end=\"4631\">Le sentier est-il difficile ?<\/strong><\/h3><p data-start=\"4632\" data-end=\"4781\">Le <strong data-start=\"4635\" data-end=\"4644\">GR 34<\/strong> est globalement accessible, mais certaines portions sont plus exigeantes, notamment dans le <strong data-start=\"4737\" data-end=\"4750\">Finist\u00e8re<\/strong>, o\u00f9 le relief est plus marqu\u00e9.<\/p><h3 data-start=\"4783\" data-end=\"4833\"><strong data-start=\"4787\" data-end=\"4833\">Peut-on parcourir le GR 34 en famille ?<\/strong><\/h3><p data-start=\"4834\" data-end=\"4949\">Oui, certaines sections sont adapt\u00e9es aux familles, notamment autour du <strong data-start=\"4906\" data-end=\"4927\">Golfe du Morbihan<\/strong> ou de <strong data-start=\"4934\" data-end=\"4948\">Saint-Malo<\/strong>.<\/p><h3 data-start=\"4951\" data-end=\"4991\"><strong data-start=\"4955\" data-end=\"4991\">Le sentier est-il bien balis\u00e9 ?<\/strong><\/h3><p data-start=\"4992\" data-end=\"5094\">Oui, le sentier est <strong data-start=\"5012\" data-end=\"5032\">tr\u00e8s bien balis\u00e9<\/strong> avec des marques <strong data-start=\"5050\" data-end=\"5068\">blanc et rouge<\/strong>, caract\u00e9ristiques des GR.<\/p><h3><span style=\"font-size: 18pt;\"><strong data-start=\"5104\" data-end=\"5118\">Conclusion<\/strong><\/span><\/h3><p data-start=\"5119\" data-end=\"5551\" data-is-last-node=\"\" data-is-only-node=\"\">Le <strong data-start=\"5122\" data-end=\"5131\">GR 34<\/strong>, surnomm\u00e9 le <strong data-start=\"5145\" data-end=\"5170\">Sentier des Douaniers<\/strong>, est <a href=\"https:\/\/www.ffrandonnee.fr\/randonner\/sentiers\/gr-34-le-sentier-des-douaniers\" target=\"_blank\" rel=\"noopener\">une aventure<\/a> unique pour les amoureux de la nature et du patrimoine breton.\u00a0<\/p><p data-start=\"20\" data-end=\"444\">Le <strong data-start=\"23\" data-end=\"32\">GR\u202f34 <\/strong>est une <strong data-start=\"142\" data-end=\"166\">exp\u00e9rience immersive<\/strong> dans l\u2019un des paysages les plus embl\u00e9matiques de France. Que l\u2019on souhaite parcourir une portion de quelques kilom\u00e8tres ou s\u2019aventurer sur l\u2019int\u00e9gralit\u00e9 des plus de <strong data-start=\"332\" data-end=\"344\">1\u202f700 km<\/strong>, ce chemin c\u00f4tier offre une diversit\u00e9 rare de <strong data-start=\"391\" data-end=\"443\">panoramas, de rencontres et de patrimoine vivant<\/strong>.<\/p><p data-start=\"446\" data-end=\"779\">Son accessibilit\u00e9, sa richesse naturelle, sa m\u00e9moire historique et son lien profond avec l\u2019identit\u00e9 bretonne en font un itin\u00e9raire <strong data-start=\"577\" data-end=\"592\">inoubliable<\/strong>. En marchant sur le <strong data-start=\"613\" data-end=\"622\">GR\u202f34<\/strong>, on avance non seulement au rythme de l\u2019oc\u00e9an, mais aussi au rythme <strong data-start=\"691\" data-end=\"702\">du pays<\/strong>, de ses traditions, de ses habitants, et de son \u00e9nergie maritime singuli\u00e8re.<\/p><p data-start=\"781\" data-end=\"1070\">\u00c0 travers chaque \u00e9tape, le <strong data-start=\"808\" data-end=\"833\">sentier des douaniers<\/strong> invite \u00e0 la contemplation, \u00e0 la r\u00e9flexion et \u00e0 la reconnexion \u00e0 l\u2019essentiel. Il est aujourd\u2019hui une <strong data-start=\"934\" data-end=\"962\">r\u00e9f\u00e9rence incontournable<\/strong> pour les amateurs de randonn\u00e9e en France, mais aussi une porte d\u2019entr\u00e9e vers l\u2019\u00e2me profonde de la Bretagne.<\/p>\t\t\t\t\t\t\t\t<\/div>\n\t\t\t\t\t<\/div>\n\t\t\t\t<\/div>\n\t\t<aside class=\"elementor-element elementor-element-7fb68b5 e-flex e-con-boxed e-con e-parent\" data-id=\"7fb68b5\" data-element_type=\"container\" data-e-type=\"container\">\n\t\t\t\t\t<div class=\"e-con-inner\">\n\t\t\t\t<div class=\"elementor-element elementor-element-1389156 elementor-widget elementor-widget-listeo-posts-grid\" data-id=\"1389156\" data-element_type=\"widget\" data-e-type=\"widget\" data-widget_type=\"listeo-posts-grid.default\">\n\t\t\t\t<div class=\"elementor-widget-container\">\n\t\t\t\t\t\t\t\n\t\t<div class=\"listeo-post-grid-wrapper\">\n\t\t\t<div class=\"row\">\n\n\t\t\t\n\n\t\t\t\t\t\t\t<div class=\"col-md-4\">\n                <a href=\"https:\/\/cparici.com\/fr\/rochefort-en-terre\/\" class=\"blog-compact-item-container\">\n                    <div class=\"blog-compact-item\">\n                        <img decoding=\"async\" width=\"577\" height=\"204\" src=\"https:\/\/cparici.com\/wp-content\/uploads\/2025\/07\/cparici-38-577x204.jpg\" class=\"attachment-listeo-blog-related-post size-listeo-blog-related-post wp-post-image\" alt=\"Rochefort en Terre\" srcset=\"https:\/\/cparici.com\/wp-content\/uploads\/2025\/07\/cparici-38-577x204.jpg 577w, https:\/\/cparici.com\/wp-content\/uploads\/2025\/07\/cparici-38-300x106.jpg 300w, https:\/\/cparici.com\/wp-content\/uploads\/2025\/07\/cparici-38-1024x362.jpg 1024w, https:\/\/cparici.com\/wp-content\/uploads\/2025\/07\/cparici-38-768x271.jpg 768w, https:\/\/cparici.com\/wp-content\/uploads\/2025\/07\/cparici-38-18x6.jpg 18w, https:\/\/cparici.com\/wp-content\/uploads\/2025\/07\/cparici-38-590x208.jpg 590w, https:\/\/cparici.com\/wp-content\/uploads\/2025\/07\/cparici-38-1200x424.jpg 1200w, https:\/\/cparici.com\/wp-content\/uploads\/2025\/07\/cparici-38-600x212.jpg 600w, https:\/\/cparici.com\/wp-content\/uploads\/2025\/07\/cparici-38.jpg 1500w\" sizes=\"(max-width: 577px) 100vw, 577px\" \/><span class=\"blog-item-tag\">Bretagne<\/span>                        \n                        <div class=\"blog-compact-item-content\">\n                                                        <h3>Rochefort\u202fen\u202fTerre, joyau m\u00e9di\u00e9val du Morbihan<\/h3>\n                                                        <p>Recherches populaires Categories Pas de r\u00e9sultats Voir tous les r\u00e9sultats Rochefort\u202fen\u202fTerre\u202f: joyau m\u00e9di\u00e9val du Morbihan...                            <\/p>\n                                                    <\/div>\n                    <\/div>\n                <\/a>\n            <\/div>\n\t\t\t<div class=\"col-md-4\">\n                <a href=\"https:\/\/cparici.com\/fr\/carte-bretagne\/\" class=\"blog-compact-item-container\">\n                    <div class=\"blog-compact-item\">\n                        <img decoding=\"async\" width=\"577\" height=\"211\" src=\"https:\/\/cparici.com\/wp-content\/uploads\/2024\/05\/carte-bretagne-banniere.jpg\" class=\"attachment-listeo-blog-related-post size-listeo-blog-related-post wp-post-image\" alt=\"carte bretagne banni\u00e8re\" srcset=\"https:\/\/cparici.com\/wp-content\/uploads\/2024\/05\/carte-bretagne-banniere.jpg 1500w, https:\/\/cparici.com\/wp-content\/uploads\/2024\/05\/carte-bretagne-banniere-600x220.jpg 600w, https:\/\/cparici.com\/wp-content\/uploads\/2024\/05\/carte-bretagne-banniere-300x110.jpg 300w, https:\/\/cparici.com\/wp-content\/uploads\/2024\/05\/carte-bretagne-banniere-1024x375.jpg 1024w, https:\/\/cparici.com\/wp-content\/uploads\/2024\/05\/carte-bretagne-banniere-768x281.jpg 768w\" sizes=\"(max-width: 577px) 100vw, 577px\" \/><span class=\"blog-item-tag\">Bretagne<\/span>                        \n                        <div class=\"blog-compact-item-content\">\n                                                        <h3>carte bretagne<\/h3>\n                                                        <p>Carte Bretagne - Trouvez l'outil id\u00e9al pour votre voyage en Bretagne avec nos cartes d\u00e9taill\u00e9es...                            <\/p>\n                                                    <\/div>\n                    <\/div>\n                <\/a>\n            <\/div>\n\t\t\t<div class=\"col-md-4\">\n                <a href=\"https:\/\/cparici.com\/fr\/laita\/\" class=\"blog-compact-item-container\">\n                    <div class=\"blog-compact-item\">\n                        <img decoding=\"async\" width=\"577\" height=\"204\" src=\"https:\/\/cparici.com\/wp-content\/uploads\/2025\/03\/cparici-2025-03-03T144030.971-577x204.jpg\" class=\"attachment-listeo-blog-related-post size-listeo-blog-related-post wp-post-image\" alt=\"La La\u00efta\" srcset=\"https:\/\/cparici.com\/wp-content\/uploads\/2025\/03\/cparici-2025-03-03T144030.971-577x204.jpg 577w, https:\/\/cparici.com\/wp-content\/uploads\/2025\/03\/cparici-2025-03-03T144030.971-300x106.jpg 300w, https:\/\/cparici.com\/wp-content\/uploads\/2025\/03\/cparici-2025-03-03T144030.971-1024x362.jpg 1024w, https:\/\/cparici.com\/wp-content\/uploads\/2025\/03\/cparici-2025-03-03T144030.971-768x271.jpg 768w, https:\/\/cparici.com\/wp-content\/uploads\/2025\/03\/cparici-2025-03-03T144030.971-18x6.jpg 18w, https:\/\/cparici.com\/wp-content\/uploads\/2025\/03\/cparici-2025-03-03T144030.971-590x208.jpg 590w, https:\/\/cparici.com\/wp-content\/uploads\/2025\/03\/cparici-2025-03-03T144030.971-1200x424.jpg 1200w, https:\/\/cparici.com\/wp-content\/uploads\/2025\/03\/cparici-2025-03-03T144030.971-600x212.jpg 600w, https:\/\/cparici.com\/wp-content\/uploads\/2025\/03\/cparici-2025-03-03T144030.971.jpg 1500w\" sizes=\"(max-width: 577px) 100vw, 577px\" \/><span class=\"blog-item-tag\">Bretagne<\/span>                        \n                        <div class=\"blog-compact-item-content\">\n                                                        <h3>La La\u00efta<\/h3>\n                                                        <p>La La\u00efta La La\u00efta est une rivi\u00e8re c\u00f4ti\u00e8re bretonne, fruit de la confluence de l&#8217;Ell\u00e9...                            <\/p>\n                                                    <\/div>\n                    <\/div>\n                <\/a>\n            <\/div>\n  <\/div>\n        <\/div>\n        \t\t\t\t<\/div>\n\t\t\t\t<\/div>\n\t\t\t\t\t<\/div>\n\t\t\t\t<\/aside>\n\t\t\t\t<\/div>\n\t\t","protected":false},"excerpt":{"rendered":"<p>Recherches populaires Categories Pas de r\u00e9sultats Voir tous les r\u00e9sultats GR 34 : tout sur le Sentier des Douaniers en Bretagne Le GR\u202f34, aussi surnomm\u00e9 sentier des douaniers, est un embl\u00e8me de la Bretagne littorale, une invitation \u00e0 la d\u00e9couverte de panoramas maritimes exceptionnels. Il d\u00e9bute \u00e0 proximit\u00e9 du Mont\u2011Saint\u2011Michel (Manche), traverse la r\u00e9gion bretonne [&hellip;]<\/p>\n","protected":false},"author":97,"featured_media":58730,"comment_status":"closed","ping_status":"closed","sticky":false,"template":"","format":"standard","meta":{"ngg_post_thumbnail":0,"footnotes":""},"categories":[478,477],"tags":[1323],"class_list":["post-58726","post","type-post","status-publish","format-standard","has-post-thumbnail","hentry","category-bretagne","category-france","tag-randonnee"],"_links":{"self":[{"href":"https:\/\/cparici.com\/fr\/wp-json\/wp\/v2\/posts\/58726","targetHints":{"allow":["GET"]}}],"collection":[{"href":"https:\/\/cparici.com\/fr\/wp-json\/wp\/v2\/posts"}],"about":[{"href":"https:\/\/cparici.com\/fr\/wp-json\/wp\/v2\/types\/post"}],"author":[{"embeddable":true,"href":"https:\/\/cparici.com\/fr\/wp-json\/wp\/v2\/users\/97"}],"replies":[{"embeddable":true,"href":"https:\/\/cparici.com\/fr\/wp-json\/wp\/v2\/comments?post=58726"}],"version-history":[{"count":0,"href":"https:\/\/cparici.com\/fr\/wp-json\/wp\/v2\/posts\/58726\/revisions"}],"wp:featuredmedia":[{"embeddable":true,"href":"https:\/\/cparici.com\/fr\/wp-json\/wp\/v2\/media\/58730"}],"wp:attachment":[{"href":"https:\/\/cparici.com\/fr\/wp-json\/wp\/v2\/media?parent=58726"}],"wp:term":[{"taxonomy":"category","embeddable":true,"href":"https:\/\/cparici.com\/fr\/wp-json\/wp\/v2\/categories?post=58726"},{"taxonomy":"post_tag","embeddable":true,"href":"https:\/\/cparici.com\/fr\/wp-json\/wp\/v2\/tags?post=58726"}],"curies":[{"name":"wp","href":"https:\/\/api.w.org\/{rel}","templated":true}]}}