{"id":59120,"date":"2025-03-06T17:41:12","date_gmt":"2025-03-06T16:41:12","guid":{"rendered":"https:\/\/cparici.com\/?p=59120"},"modified":"2025-03-27T14:05:23","modified_gmt":"2025-03-27T13:05:23","slug":"chartres","status":"publish","type":"post","link":"https:\/\/cparici.com\/fr\/chartres\/","title":{"rendered":"Chartres une ville \u00e0  red\u00e9couvrir"},"content":{"rendered":"\t\t<div data-elementor-type=\"wp-post\" data-elementor-id=\"59120\" class=\"elementor elementor-59120\" data-elementor-post-type=\"post\">\n\t\t\t\t<div class=\"elementor-element elementor-element-37745b5 e-con-full e-flex e-con e-parent\" data-id=\"37745b5\" data-element_type=\"container\" data-e-type=\"container\">\n\t\t\t\t<div class=\"elementor-element elementor-element-e426f5b elementor-widget elementor-widget-image\" data-id=\"e426f5b\" data-element_type=\"widget\" data-e-type=\"widget\" data-widget_type=\"image.default\">\n\t\t\t\t\t\t\t\t\t\t\t\t\t\t\t<img decoding=\"async\" width=\"1500\" height=\"530\" src=\"https:\/\/cparici.com\/wp-content\/uploads\/2025\/03\/cparici-2025-03-06T172541.500.jpg\" class=\"attachment-full size-full wp-image-59127\" alt=\"Chartres\" srcset=\"https:\/\/cparici.com\/wp-content\/uploads\/2025\/03\/cparici-2025-03-06T172541.500.jpg 1500w, https:\/\/cparici.com\/wp-content\/uploads\/2025\/03\/cparici-2025-03-06T172541.500-300x106.jpg 300w, https:\/\/cparici.com\/wp-content\/uploads\/2025\/03\/cparici-2025-03-06T172541.500-1024x362.jpg 1024w, https:\/\/cparici.com\/wp-content\/uploads\/2025\/03\/cparici-2025-03-06T172541.500-768x271.jpg 768w, https:\/\/cparici.com\/wp-content\/uploads\/2025\/03\/cparici-2025-03-06T172541.500-18x6.jpg 18w, https:\/\/cparici.com\/wp-content\/uploads\/2025\/03\/cparici-2025-03-06T172541.500-590x208.jpg 590w, https:\/\/cparici.com\/wp-content\/uploads\/2025\/03\/cparici-2025-03-06T172541.500-1200x424.jpg 1200w, https:\/\/cparici.com\/wp-content\/uploads\/2025\/03\/cparici-2025-03-06T172541.500-577x204.jpg 577w, https:\/\/cparici.com\/wp-content\/uploads\/2025\/03\/cparici-2025-03-06T172541.500-600x212.jpg 600w\" sizes=\"(max-width: 1500px) 100vw, 1500px\" \/>\t\t\t\t\t\t\t\t\t\t\t\t\t\t\t<\/div>\n\t\t\t\t<\/div>\n\t\t<div class=\"elementor-element elementor-element-2af8f07a e-flex e-con-boxed e-con e-parent\" data-id=\"2af8f07a\" data-element_type=\"container\" data-e-type=\"container\">\n\t\t\t\t\t<div class=\"e-con-inner\">\n\t\t\t\t<div class=\"elementor-element elementor-element-71b2b029 elementor-widget elementor-widget-text-editor\" data-id=\"71b2b029\" data-element_type=\"widget\" data-e-type=\"widget\" data-widget_type=\"text-editor.default\">\n\t\t\t\t\t\t\t\t\t<h1 style=\"text-align: center;\" data-start=\"40\" data-end=\"197\"><span class=\"relative -mx-px my-[-0.2rem] rounded px-px py-[0.2rem]\" style=\"font-size: 18pt;\">Chartres<\/span><\/h1>\r\n<p data-start=\"40\" data-end=\"197\"><span class=\"relative -mx-px my-[-0.2rem] rounded px-px py-[0.2rem]\"><strong>Chartres<\/strong>, situ\u00e9e en r\u00e9gion <a href=\"https:\/\/cparici.com\/centre-val-de-loire-guide-complet-des-activites-et-sites-a-visiter\/\">Centre-Val de Loire<\/a>, est une ville riche en histoire et en patrimoine.<\/span> <span class=\"relative -mx-px my-[-0.2rem] rounded px-px py-[0.2rem]\">Connue principalement pour sa majestueuse cath\u00e9drale, elle offre \u00e9galement une vari\u00e9t\u00e9 de sites touristiques et une r\u00e9gion environnante pleine de charme.<\/span> <span class=\"relative -mx-px my-[-0.2rem] rounded px-px py-[0.2rem]\">Dans cet article, nous explorerons en d\u00e9tail <strong data-start=\"45\" data-end=\"57\">Chartres<\/strong>, ses principaux attraits, ainsi que les tr\u00e9sors cach\u00e9s de ses environs.<\/span>\u200b<\/p>\r\n\r\n<h2 data-start=\"199\" data-end=\"240\"><span style=\"font-size: 18pt;\"><strong data-start=\"199\" data-end=\"240\">Description de la commune de Chartres<\/strong><\/span><\/h2>\r\n<p data-start=\"242\" data-end=\"477\"><span class=\"relative -mx-px my-[-0.2rem] rounded px-px py-[0.2rem]\">Chartres est le chef-lieu du <a href=\"https:\/\/cparici.com\/departements-francais-carte-de-france\/\">d\u00e9partement<\/a> d\u2019<a href=\"https:\/\/cparici.com\/eure-et-loir\/\">Eure-et-Loir<\/a> et compte environ 38 000 habitants.<\/span> <span class=\"relative -mx-px my-[-0.2rem] rounded px-px py-[0.2rem]\">La ville s\u2019\u00e9tend sur un promontoire rocheux surplombant la rivi\u00e8re Eure, offrant ainsi des panoramas pittoresques.<\/span> <span class=\"relative -mx-px my-[-0.2rem] rounded px-px py-[0.2rem]\">Son centre historique est un d\u00e9dale de ruelles pav\u00e9es, de maisons \u00e0 colombages et de places anim\u00e9es, refl\u00e9tant une riche histoire m\u00e9di\u00e9vale.<\/span> <span class=\"relative -mx-px my-[-0.2rem] rounded px-px py-[0.2rem]\">Les quartiers de la ville haute, autour de la cath\u00e9drale, et de la basse ville, le long de l\u2019Eure, constituent un ensemble architectural remarquable.<\/span> \u200b<\/p>\r\n\r\n<h3 data-start=\"479\" data-end=\"519\"><strong data-start=\"479\" data-end=\"519\">La cath\u00e9drale Notre-Dame de Chartres<\/strong><\/h3>\r\n<p data-start=\"521\" data-end=\"766\"><span class=\"relative -mx-px my-[-0.2rem] rounded px-px py-[0.2rem]\">Symbole embl\u00e9matique de la ville, la <strong data-start=\"37\" data-end=\"74\">cath\u00e9drale Notre-Dame de Chartres<\/strong> est un chef-d\u2019\u0153uvre de l\u2019architecture gothique.<\/span> <span class=\"relative -mx-px my-[-0.2rem] rounded px-px py-[0.2rem]\">Inscrite au patrimoine mondial de l\u2019UNESCO, elle est r\u00e9put\u00e9e pour ses vitraux exceptionnels, notamment le c\u00e9l\u00e8bre \u201cbleu de Chartres\u201d, et ses sculptures d\u00e9taill\u00e9es.<\/span> <span class=\"relative -mx-px my-[-0.2rem] rounded px-px py-[0.2rem]\">Construite principalement au XIII\u1d49 si\u00e8cle, la cath\u00e9drale a travers\u00e9 les si\u00e8cles en conservant une grande partie de son int\u00e9grit\u00e9 architecturale.<\/span> <span class=\"relative -mx-px my-[-0.2rem] rounded px-px py-[0.2rem]\">Ses deux fl\u00e8ches asym\u00e9triques dominent la ville et sont visibles \u00e0 des kilom\u00e8tres \u00e0 la ronde.<\/span> \u200b<\/p>\r\n\r\n<h3 data-start=\"768\" data-end=\"821\"><strong data-start=\"768\" data-end=\"821\">Les sites touristiques \u00e0 Chartres et ses environs<\/strong><\/h3>\r\n<p data-start=\"823\" data-end=\"904\">Outre la cath\u00e9drale, <strong data-start=\"844\" data-end=\"856\">Chartres<\/strong> et ses alentours regorgent de sites d\u2019int\u00e9r\u00eat :<\/p>\r\n\r\n<ul data-start=\"906\" data-end=\"1661\">\r\n \t<li data-start=\"906\" data-end=\"1056\">\r\n<p data-start=\"908\" data-end=\"1056\"><strong data-start=\"908\" data-end=\"928\">La vieille ville<\/strong> : <span class=\"relative -mx-px my-[-0.2rem] rounded px-px py-[0.2rem]\">Fl\u00e2nez dans les ruelles m\u00e9di\u00e9vales, d\u00e9couvrez la place de la Poissonnerie avec la maison du Saumon et la maison de la Truie qui file, t\u00e9moignages de l\u2019architecture \u00e0 colombages.<\/span> \u200b<\/p>\r\n<\/li>\r\n \t<li data-start=\"1058\" data-end=\"1215\">\r\n<p data-start=\"1060\" data-end=\"1215\"><strong data-start=\"1060\" data-end=\"1087\">Le mus\u00e9e des Beaux-Arts<\/strong> : <span class=\"relative -mx-px my-[-0.2rem] rounded px-px py-[0.2rem]\">Install\u00e9 dans l\u2019ancien palais \u00e9piscopal, il abrite une riche collection de peintures, sculptures et objets d\u2019art.<\/span> \u200b<\/p>\r\n<\/li>\r\n \t<li data-start=\"1217\" data-end=\"1372\">\r\n<p data-start=\"1219\" data-end=\"1372\"><strong data-start=\"1219\" data-end=\"1244\">La maison Picassiette<\/strong> : <span class=\"relative -mx-px my-[-0.2rem] rounded px-px py-[0.2rem]\">\u0152uvre d\u2019art singuli\u00e8re, cette maison est enti\u00e8rement d\u00e9cor\u00e9e de mosa\u00efques r\u00e9alis\u00e9es \u00e0 partir de d\u00e9bris de vaisselle et de verre.<\/span> \u200b<\/p>\r\n<\/li>\r\n \t<li data-start=\"1374\" data-end=\"1542\">\r\n<p data-start=\"1376\" data-end=\"1542\"><strong data-start=\"1376\" data-end=\"1414\">Le Centre international du vitrail<\/strong> : <span class=\"relative -mx-px my-[-0.2rem] rounded px-px py-[0.2rem]\">Situ\u00e9 dans l\u2019enclos de Lo\u00ebns, il met en lumi\u00e8re l\u2019art du vitrail \u00e0 travers des expositions et des ateliers.<\/span> \u200b<\/p>\r\n<\/li>\r\n \t<li data-start=\"1544\" data-end=\"1661\">\r\n<p data-start=\"1546\" data-end=\"1661\"><strong data-start=\"1546\" data-end=\"1573\">Le ch\u00e2teau de Maintenon<\/strong> : <span class=\"relative -mx-px my-[-0.2rem] rounded px-px py-[0.2rem]\">Situ\u00e9 \u00e0 une vingtaine de kilom\u00e8tres de Chartres, ce ch\u00e2teau allie architecture Renaissance et jardins \u00e0 la fran\u00e7aise.<\/span>\u200b<\/p>\r\n<\/li>\r\n<\/ul>\r\n<h2 data-start=\"1663\" data-end=\"1695\"><span style=\"font-size: 18pt;\"><strong data-start=\"1663\" data-end=\"1695\">La r\u00e9gion autour de Chartres<\/strong><\/span><\/h2>\r\n<p data-start=\"1697\" data-end=\"1902\"><span class=\"relative -mx-px my-[-0.2rem] rounded px-px py-[0.2rem]\">La r\u00e9gion chartraine, au c\u0153ur de la Beauce, offre des paysages de plaines c\u00e9r\u00e9ali\u00e8res \u00e0 perte de vue.<\/span> <span class=\"relative -mx-px my-[-0.2rem] rounded px-px py-[0.2rem]\">Cette \u201cgrenier \u00e0 bl\u00e9\u201d de la France est parsem\u00e9e de villages pittoresques, d\u2019\u00e9glises romanes et de moulins.<\/span> <span class=\"relative -mx-px my-[-0.2rem] rounded px-px py-[0.2rem]\">Les amateurs de nature pourront profiter de balades le long de l\u2019Eure ou dans les for\u00eats environnantes.<\/span> <span class=\"relative -mx-px my-[-0.2rem] rounded px-px py-[0.2rem]\">De plus, la proximit\u00e9 de la vall\u00e9e de la Loire permet des escapades vers les c\u00e9l\u00e8bres ch\u00e2teaux de la r\u00e9gion.<\/span><\/p>\r\n<p data-start=\"0\" data-end=\"180\">Les villes et villages autour de <strong data-start=\"33\" data-end=\"45\">Chartres<\/strong>, situ\u00e9s en <strong data-start=\"57\" data-end=\"73\">Eure-et-Loir<\/strong>, offrent un riche patrimoine culturel et naturel. Voici une s\u00e9lection des principales villes \u00e0 proximit\u00e9 :<\/p>\r\n\r\n<h3 data-start=\"182\" data-end=\"212\"><strong data-start=\"186\" data-end=\"202\">1. Maintenon<\/strong> (\u00e0 20 km)<\/h3>\r\n<ul data-start=\"216\" data-end=\"417\">\r\n \t<li data-start=\"216\" data-end=\"314\"><strong data-start=\"218\" data-end=\"242\">Ch\u00e2teau de Maintenon<\/strong> : Ancienne demeure de Madame de Maintenon, \u00e9pouse secr\u00e8te de Louis XIV.<\/li>\r\n \t<li data-start=\"318\" data-end=\"417\"><strong data-start=\"320\" data-end=\"344\">Aqueduc de Maintenon<\/strong> : Vestige du projet inachev\u00e9 de Vauban pour alimenter Versailles en eau.<\/li>\r\n<\/ul>\r\n<h3 data-start=\"419\" data-end=\"455\"><strong data-start=\"423\" data-end=\"445\">2. Illiers-Combray<\/strong> (\u00e0 25 km)<\/h3>\r\n<ul data-start=\"459\" data-end=\"625\">\r\n \t<li data-start=\"459\" data-end=\"562\"><strong data-start=\"461\" data-end=\"486\">Pays de Marcel Proust<\/strong> : Illiers-Combray a inspir\u00e9 \u201cCombray\u201d dans <em data-start=\"530\" data-end=\"561\">\u00c0 la recherche du temps perdu<\/em>.<\/li>\r\n \t<li data-start=\"566\" data-end=\"625\"><strong data-start=\"568\" data-end=\"594\">Maison de Tante L\u00e9onie<\/strong> : Mus\u00e9e consacr\u00e9 \u00e0 l\u2019\u00e9crivain.<\/li>\r\n<\/ul>\r\n<h3 data-start=\"627\" data-end=\"664\"><strong data-start=\"631\" data-end=\"654\">3. Nogent-le-Rotrou<\/strong> (\u00e0 50 km)<\/h3>\r\n<ul data-start=\"668\" data-end=\"824\">\r\n \t<li data-start=\"668\" data-end=\"734\"><strong data-start=\"670\" data-end=\"692\">Ch\u00e2teau Saint-Jean<\/strong> : Forteresse m\u00e9di\u00e9vale dominant la ville.<\/li>\r\n \t<li data-start=\"738\" data-end=\"824\"><strong data-start=\"740\" data-end=\"775\">Parc naturel r\u00e9gional du Perche<\/strong> : Id\u00e9al pour la randonn\u00e9e et les balades \u00e0 v\u00e9lo.<\/li>\r\n<\/ul>\r\n<h3 data-start=\"826\" data-end=\"852\"><strong data-start=\"830\" data-end=\"842\">4. Dreux<\/strong> (\u00e0 35 km)<\/h3>\r\n<ul data-start=\"856\" data-end=\"1025\">\r\n \t<li data-start=\"856\" data-end=\"926\"><strong data-start=\"858\" data-end=\"889\">Chapelle Royale Saint-Louis<\/strong> : N\u00e9cropole de la famille d\u2019Orl\u00e9ans.<\/li>\r\n \t<li data-start=\"930\" data-end=\"1025\"><strong data-start=\"932\" data-end=\"970\">Mus\u00e9e d\u2019Art et d\u2019Histoire de Dreux<\/strong> : Pr\u00e9sente des collections historiques et artistiques.<\/li>\r\n<\/ul>\r\n<h3 data-start=\"1027\" data-end=\"1058\"><strong data-start=\"1031\" data-end=\"1046\">5. Bonneval<\/strong> (\u00e0 30 km)**<\/h3>\r\n<ul data-start=\"1062\" data-end=\"1224\">\r\n \t<li data-start=\"1062\" data-end=\"1158\"><strong data-start=\"1064\" data-end=\"1096\">\u201cPetite Venise de la Beauce\u201d<\/strong> : Ville travers\u00e9e par des canaux, avec des balades en barque.<\/li>\r\n \t<li data-start=\"1162\" data-end=\"1224\"><strong data-start=\"1164\" data-end=\"1188\">\u00c9glise Saint-Jacques<\/strong> : Patrimoine religieux remarquable.<\/li>\r\n<\/ul>\r\n<h3 data-start=\"1226\" data-end=\"1259\"><strong data-start=\"1230\" data-end=\"1247\">6. Ch\u00e2teaudun<\/strong> (\u00e0 45 km)**<\/h3>\r\n<ul data-start=\"1263\" data-end=\"1467\">\r\n \t<li data-start=\"1263\" data-end=\"1372\"><strong data-start=\"1265\" data-end=\"1290\">Ch\u00e2teau de Ch\u00e2teaudun<\/strong> : L\u2019un des premiers ch\u00e2teaux de la Loire, alliant styles m\u00e9di\u00e9val et Renaissance.<\/li>\r\n \t<li data-start=\"1376\" data-end=\"1467\"><strong data-start=\"1378\" data-end=\"1398\">Grotte du Foulon<\/strong> : Site g\u00e9ologique fascinant avec des concr\u00e9tions et fossiles marins.<\/li>\r\n<\/ul>\r\n<h3 data-start=\"1469\" data-end=\"1520\"><strong data-start=\"1473\" data-end=\"1510\">7. Auneau-Bleury-Saint-Symphorien<\/strong> (\u00e0 30 km)<\/h3>\r\n<ul data-start=\"1524\" data-end=\"1675\">\r\n \t<li data-start=\"1524\" data-end=\"1603\"><strong data-start=\"1526\" data-end=\"1546\">Ch\u00e2teau d\u2019Auneau<\/strong> : Ancienne forteresse m\u00e9di\u00e9vale entour\u00e9e d\u2019un beau parc.<\/li>\r\n \t<li data-start=\"1607\" data-end=\"1675\"><strong data-start=\"1609\" data-end=\"1627\">March\u00e9 fermier<\/strong> : Produits du terroir de la r\u00e9gion Beauceronne.<\/li>\r\n<\/ul>\r\n<h3 data-start=\"1677\" data-end=\"1702\"><strong data-start=\"1681\" data-end=\"1692\">8. Brou<\/strong> (\u00e0 35 km)<\/h3>\r\n<ul data-start=\"1706\" data-end=\"1841\">\r\n \t<li data-start=\"1706\" data-end=\"1767\"><strong data-start=\"1708\" data-end=\"1730\">\u00c9glise Saint-Lubin<\/strong> : Architecture gothique remarquable.<\/li>\r\n \t<li data-start=\"1771\" data-end=\"1841\"><strong data-start=\"1773\" data-end=\"1802\">Parc de loisirs du Perche<\/strong> : Id\u00e9al pour des activit\u00e9s en famille.<\/li>\r\n<\/ul>\r\n<h3 data-start=\"1843\" data-end=\"1889\"><strong data-start=\"1847\" data-end=\"1879\">9. Cloyes-les-Trois-Rivi\u00e8res<\/strong> (\u00e0 50 km)<\/h3>\r\n<ul data-start=\"1893\" data-end=\"2037\">\r\n \t<li data-start=\"1893\" data-end=\"1971\"><strong data-start=\"1895\" data-end=\"1924\">Base de loisirs de Cloyes<\/strong> : Activit\u00e9s nautiques et plage en bord de lac.<\/li>\r\n \t<li data-start=\"1975\" data-end=\"2037\"><strong data-start=\"1977\" data-end=\"2001\">\u00c9glise Saint-Georges<\/strong> : \u00c9difice religieux du XII\u1d49 si\u00e8cle.<\/li>\r\n<\/ul>\r\n<h2 data-start=\"0\" data-end=\"82\"><span style=\"font-size: 18pt;\"><strong data-start=\"4\" data-end=\"82\">Que faire \u00e0 Chartres ? Les meilleures activit\u00e9s et visites incontournables<\/strong><\/span><\/h2>\r\n<p data-start=\"84\" data-end=\"420\"><strong data-start=\"84\" data-end=\"96\">Chartres<\/strong>, ville d\u2019art et d\u2019histoire en r\u00e9gion <strong data-start=\"134\" data-end=\"157\">Centre-Val de Loire<\/strong>, est c\u00e9l\u00e8bre pour sa majestueuse <strong data-start=\"191\" data-end=\"216\">cath\u00e9drale Notre-Dame<\/strong>, mais elle offre bien plus \u00e0 ses visiteurs. Que vous soyez passionn\u00e9 d\u2019<strong data-start=\"288\" data-end=\"300\">histoire<\/strong>, d\u2019<strong data-start=\"304\" data-end=\"320\">architecture<\/strong>, de <strong data-start=\"325\" data-end=\"340\">gastronomie<\/strong> ou de <strong data-start=\"347\" data-end=\"371\">balades en plein air<\/strong>, voici les meilleures choses \u00e0 faire \u00e0 Chartres.<\/p>\r\n\r\n<h3 data-start=\"427\" data-end=\"481\"><strong data-start=\"430\" data-end=\"481\">1. Visiter la cath\u00e9drale Notre-Dame de Chartres<\/strong><\/h3>\r\n<p data-start=\"482\" data-end=\"816\">Class\u00e9e au <strong data-start=\"493\" data-end=\"527\">patrimoine mondial de l\u2019UNESCO<\/strong>, la <strong data-start=\"532\" data-end=\"569\">cath\u00e9drale Notre-Dame de Chartres<\/strong> est un chef-d\u2019\u0153uvre de l\u2019architecture gothique. Son incroyable collection de <strong data-start=\"647\" data-end=\"658\">vitraux<\/strong>, son <strong data-start=\"664\" data-end=\"678\">labyrinthe<\/strong> et ses <strong data-start=\"686\" data-end=\"707\">statues sculpt\u00e9es<\/strong> en font une visite incontournable. Ne manquez pas la mont\u00e9e \u00e0 la tour pour une vue panoramique sur la ville.<\/p>\r\n<p data-start=\"818\" data-end=\"929\"><strong data-start=\"821\" data-end=\"831\">Astuce<\/strong> : Assistez \u00e0 un spectacle de <strong data-start=\"861\" data-end=\"885\">Chartres en Lumi\u00e8res<\/strong> le soir pour voir la cath\u00e9drale illumin\u00e9e !<\/p>\r\n\r\n<h3 data-start=\"936\" data-end=\"974\"><strong data-start=\"939\" data-end=\"974\">2. Fl\u00e2ner dans la vieille ville<\/strong><\/h3>\r\n<p data-start=\"975\" data-end=\"1263\">Le centre historique de <strong data-start=\"999\" data-end=\"1011\">Chartres<\/strong> est un v\u00e9ritable voyage dans le temps avec ses <strong data-start=\"1059\" data-end=\"1077\">ruelles pav\u00e9es<\/strong>, ses <strong data-start=\"1083\" data-end=\"1107\">maisons \u00e0 colombages<\/strong> et ses <strong data-start=\"1115\" data-end=\"1139\">placettes charmantes<\/strong>. Baladez-vous du c\u00f4t\u00e9 de la <strong data-start=\"1168\" data-end=\"1185\">place Billard<\/strong>, d\u00e9couvrez la <strong data-start=\"1200\" data-end=\"1220\">maison du Saumon<\/strong> et admirez les ponts enjambant l\u2019<strong data-start=\"1254\" data-end=\"1262\">Eure<\/strong>.<\/p>\r\n\r\n<h3 data-start=\"1265\" data-end=\"1291\"><strong data-start=\"1269\" data-end=\"1291\">Points d\u2019int\u00e9r\u00eat :<\/strong><\/h3>\r\n<ul data-start=\"1292\" data-end=\"1442\">\r\n \t<li data-start=\"1292\" data-end=\"1325\">La <strong data-start=\"1297\" data-end=\"1325\">place de la Poissonnerie<\/strong><\/li>\r\n \t<li data-start=\"1326\" data-end=\"1380\">Les bords de l\u2019<strong data-start=\"1343\" data-end=\"1351\">Eure<\/strong> avec leurs anciennes lavoirs<\/li>\r\n \t<li data-start=\"1381\" data-end=\"1442\">Les <strong data-start=\"1387\" data-end=\"1405\">march\u00e9s locaux<\/strong> pour d\u00e9guster des produits r\u00e9gionaux<\/li>\r\n<\/ul>\r\n<h3 data-start=\"1449\" data-end=\"1490\"><strong data-start=\"1452\" data-end=\"1490\">3. D\u00e9couvrir la Maison Picassiette \u00e0 Chartres<\/strong><\/h3>\r\n<p data-start=\"1491\" data-end=\"1743\">Un lieu <strong data-start=\"1499\" data-end=\"1521\">unique et insolite<\/strong> ! La <strong data-start=\"1527\" data-end=\"1549\">Maison Picassiette<\/strong> est une \u0153uvre d\u2019art \u00e0 elle seule, enti\u00e8rement d\u00e9cor\u00e9e de mosa\u00efques faites \u00e0 partir de morceaux de vaisselle, de verre et de c\u00e9ramique. Un site \u00e0 ne pas manquer pour les amateurs d\u2019<strong data-start=\"1730\" data-end=\"1742\">art brut<\/strong>.<\/p>\r\n\r\n<h3 data-start=\"1750\" data-end=\"1803\"><strong data-start=\"1753\" data-end=\"1803\">4. Explorer le Centre International du Vitrail<\/strong><\/h3>\r\n<p data-start=\"1804\" data-end=\"2080\">Passionn\u00e9 par l\u2019<strong data-start=\"1820\" data-end=\"1838\">art du vitrail<\/strong> ? Chartres, surnomm\u00e9e la \u201ccapitale du vitrail\u201d, poss\u00e8de un <strong data-start=\"1898\" data-end=\"1922\">centre international<\/strong> d\u00e9di\u00e9 \u00e0 cet art ancestral. Vous pourrez y d\u00e9couvrir des expositions et m\u00eame <strong data-start=\"1999\" data-end=\"2028\">participer \u00e0 des ateliers<\/strong> pour apprendre les techniques des ma\u00eetres verriers.<\/p>\r\n\r\n<h3 data-start=\"2087\" data-end=\"2136\"><strong data-start=\"2090\" data-end=\"2136\">5. Profiter d\u2019une balade le long de l\u2019Eure<\/strong><\/h3>\r\n<p data-start=\"2137\" data-end=\"2325\">Pour un moment de <strong data-start=\"2155\" data-end=\"2166\">d\u00e9tente<\/strong>, empruntez les <strong data-start=\"2182\" data-end=\"2203\">chemins de halage<\/strong> qui bordent l\u2019Eure. \u00c0 pied ou \u00e0 v\u00e9lo, c\u2019est une excellente mani\u00e8re de d\u00e9couvrir <strong data-start=\"2284\" data-end=\"2306\">Chartres autrement<\/strong>, en pleine nature.<\/p>\r\n<p data-start=\"2327\" data-end=\"2430\"><strong data-start=\"2330\" data-end=\"2342\">Bon plan<\/strong> : Louez un <strong data-start=\"2354\" data-end=\"2376\">p\u00e9dalo ou un cano\u00eb<\/strong> pour une exp\u00e9rience encore plus originale sur l\u2019eau !<\/p>\r\n\r\n<h3 data-start=\"2437\" data-end=\"2475\"><strong data-start=\"2440\" data-end=\"2475\">6. Admirer Chartres en Lumi\u00e8res<\/strong><\/h3>\r\n<p data-start=\"2476\" data-end=\"2685\">Chaque soir d\u2019avril \u00e0 octobre, la ville s\u2019illumine avec <strong data-start=\"2532\" data-end=\"2556\">Chartres en Lumi\u00e8res<\/strong>. Plus de <strong data-start=\"2566\" data-end=\"2582\">20 monuments<\/strong> sont sublim\u00e9s par des jeux de lumi\u00e8re et des projections. Un <strong data-start=\"2644\" data-end=\"2666\">spectacle f\u00e9\u00e9rique<\/strong> \u00e0 ne pas manquer !<\/p>\r\n\r\n<h3 data-start=\"2687\" data-end=\"2716\"><strong data-start=\"2691\" data-end=\"2716\">Monuments illumin\u00e9s :<\/strong><\/h3>\r\n<ul data-start=\"2717\" data-end=\"2839\">\r\n \t<li data-start=\"2717\" data-end=\"2747\">La <strong data-start=\"2722\" data-end=\"2747\">cath\u00e9drale Notre-Dame<\/strong><\/li>\r\n \t<li data-start=\"2748\" data-end=\"2775\">L\u2019<strong data-start=\"2752\" data-end=\"2775\">\u00e9glise Saint-Pierre<\/strong><\/li>\r\n \t<li data-start=\"2776\" data-end=\"2804\">Le <strong data-start=\"2781\" data-end=\"2804\">th\u00e9\u00e2tre de Chartres<\/strong><\/li>\r\n \t<li data-start=\"2805\" data-end=\"2839\">Les ponts et rives de l\u2019<strong data-start=\"2831\" data-end=\"2839\">Eure<\/strong><\/li>\r\n<\/ul>\r\n<h3 data-start=\"2846\" data-end=\"2887\"><strong data-start=\"2849\" data-end=\"2887\">7. Visiter le mus\u00e9e des Beaux-Arts \u00e0 Chartres<\/strong><\/h3>\r\n<p data-start=\"2888\" data-end=\"3089\">Install\u00e9 dans l\u2019ancien palais \u00e9piscopal, ce <strong data-start=\"2932\" data-end=\"2941\">mus\u00e9e<\/strong> expose des peintures, sculptures et objets d\u2019art du Moyen \u00c2ge au XXe si\u00e8cle. On y trouve notamment des \u0153uvres de <strong data-start=\"3055\" data-end=\"3088\">Chardin, Zurbar\u00e1n et Vlaminck<\/strong>.<\/p>\r\n\r\n<h3 data-start=\"3096\" data-end=\"3136\"><strong data-start=\"3099\" data-end=\"3136\">8. Go\u00fbter aux sp\u00e9cialit\u00e9s locales<\/strong><\/h3>\r\n<p data-start=\"3137\" data-end=\"3231\">La <strong data-start=\"3140\" data-end=\"3166\">gastronomie chartraine<\/strong> m\u00e9rite le d\u00e9tour ! Voici quelques sp\u00e9cialit\u00e9s \u00e0 ne pas manquer :<\/p>\r\n\r\n<ul data-start=\"3232\" data-end=\"3436\">\r\n \t<li data-start=\"3232\" data-end=\"3296\">Le <strong data-start=\"3237\" data-end=\"3257\">p\u00e2t\u00e9 de Chartres<\/strong>, une tourte de <strong data-start=\"3273\" data-end=\"3283\">gibier<\/strong> embl\u00e9matique<\/li>\r\n \t<li data-start=\"3297\" data-end=\"3371\">Le <strong data-start=\"3302\" data-end=\"3317\">Mentchikoff<\/strong>, une confiserie \u00e0 base de <strong data-start=\"3344\" data-end=\"3371\">chocolat et de meringue<\/strong><\/li>\r\n \t<li data-start=\"3372\" data-end=\"3404\">La <strong data-start=\"3377\" data-end=\"3404\">bi\u00e8re artisanale locale<\/strong><\/li>\r\n \t<li data-start=\"3405\" data-end=\"3436\">Les <strong data-start=\"3411\" data-end=\"3436\">fromages de la r\u00e9gion<\/strong><\/li>\r\n<\/ul>\r\n<p data-start=\"3438\" data-end=\"3571\"><strong data-start=\"3441\" data-end=\"3456\">O\u00f9 manger ?<\/strong> Essayez le <strong data-start=\"3468\" data-end=\"3487\">Bistrot Racines<\/strong> ou <strong data-start=\"3491\" data-end=\"3512\">Le Grand Monarque<\/strong>, des adresses r\u00e9put\u00e9es pour savourer des plats du terroir.<\/p>\r\n\r\n\r\n<figure id=\"attachment_59131\" aria-describedby=\"caption-attachment-59131\" style=\"width: 1500px\" class=\"wp-caption alignnone\"><a href=\"https:\/\/cparici.com\/wp-content\/uploads\/2025\/03\/cparici-2025-03-06T173249.443.jpg\"><img decoding=\"async\" class=\"size-full wp-image-59131\" src=\"https:\/\/cparici.com\/wp-content\/uploads\/2025\/03\/cparici-2025-03-06T173249.443.jpg\" alt=\"Que faire a Chartres le march\u00e9 aux l\u00e9gumes\" width=\"1500\" height=\"530\" srcset=\"https:\/\/cparici.com\/wp-content\/uploads\/2025\/03\/cparici-2025-03-06T173249.443.jpg 1500w, https:\/\/cparici.com\/wp-content\/uploads\/2025\/03\/cparici-2025-03-06T173249.443-300x106.jpg 300w, https:\/\/cparici.com\/wp-content\/uploads\/2025\/03\/cparici-2025-03-06T173249.443-1024x362.jpg 1024w, https:\/\/cparici.com\/wp-content\/uploads\/2025\/03\/cparici-2025-03-06T173249.443-768x271.jpg 768w, https:\/\/cparici.com\/wp-content\/uploads\/2025\/03\/cparici-2025-03-06T173249.443-18x6.jpg 18w, https:\/\/cparici.com\/wp-content\/uploads\/2025\/03\/cparici-2025-03-06T173249.443-590x208.jpg 590w, https:\/\/cparici.com\/wp-content\/uploads\/2025\/03\/cparici-2025-03-06T173249.443-1200x424.jpg 1200w, https:\/\/cparici.com\/wp-content\/uploads\/2025\/03\/cparici-2025-03-06T173249.443-577x204.jpg 577w, https:\/\/cparici.com\/wp-content\/uploads\/2025\/03\/cparici-2025-03-06T173249.443-600x212.jpg 600w\" sizes=\"(max-width: 1500px) 100vw, 1500px\" \/><\/a><figcaption id=\"caption-attachment-59131\" class=\"wp-caption-text\">Que faire a Chartres le march\u00e9 aux l\u00e9gumes<\/figcaption><\/figure>\r\n<h3 data-start=\"3578\" data-end=\"3621\"><strong data-start=\"3581\" data-end=\"3621\">9. Faire une excursion aux alentours<\/strong><\/h3>\r\n<p data-start=\"3622\" data-end=\"3702\">Si vous avez du temps, profitez-en pour d\u00e9couvrir <strong data-start=\"3672\" data-end=\"3700\">les environs de Chartres<\/strong> :<\/p>\r\n\r\n<ul data-start=\"3703\" data-end=\"4085\">\r\n \t<li data-start=\"3703\" data-end=\"3833\"><strong data-start=\"3705\" data-end=\"3732\">Le ch\u00e2teau de Maintenon<\/strong>\u00a0 (\u00e0 20 km) : ancienne r\u00e9sidence de Madame de Maintenon avec de magnifiques jardins \u00e0 la fran\u00e7aise.<\/li>\r\n \t<li data-start=\"3834\" data-end=\"3963\"><strong data-start=\"3836\" data-end=\"3855\">Illiers-Combray<\/strong>\u00a0 (\u00e0 30 km) : le village qui inspira Marcel Proust pour son c\u00e9l\u00e8bre roman <em data-start=\"3931\" data-end=\"3962\">\u00c0 la recherche du temps perdu<\/em>.<\/li>\r\n \t<li data-start=\"3964\" data-end=\"4085\"><strong data-start=\"3966\" data-end=\"4004\">Le parc naturel r\u00e9gional du Perche<\/strong>\u00a0 : id\u00e9al pour une escapade <strong data-start=\"4034\" data-end=\"4044\">nature<\/strong> et d\u00e9couvrir les <strong data-start=\"4062\" data-end=\"4084\">manoirs percherons<\/strong>.<\/li>\r\n<\/ul>\r\n<h3 data-start=\"1904\" data-end=\"1927\"><strong data-start=\"1904\" data-end=\"1927\">Foire Aux Questions Chartres<\/strong><\/h3>\r\n<h4 data-start=\"1929\" data-end=\"1986\"><strong data-start=\"1929\" data-end=\"1986\">Quelles sont les sp\u00e9cialit\u00e9s culinaires de Chartres ?<\/strong><\/h4>\r\n<p data-start=\"1988\" data-end=\"2073\"><span class=\"relative -mx-px my-[-0.2rem] rounded px-px py-[0.2rem]\">Chartres est r\u00e9put\u00e9e pour ses sp\u00e9cialit\u00e9s telles que le p\u00e2t\u00e9 de Chartres, une tourte garnie de viandes de gibier, et le Mentchikoff, une confiserie \u00e0 base de chocolat et de meringue.<\/span>\u200b<\/p>\r\n\r\n<h4 data-start=\"2075\" data-end=\"2134\"><strong data-start=\"2075\" data-end=\"2134\">Quelle est la meilleure p\u00e9riode pour visiter Chartres ?<\/strong><\/h4>\r\n<p data-start=\"2136\" data-end=\"2221\"><span class=\"relative -mx-px my-[-0.2rem] rounded px-px py-[0.2rem]\">Le printemps et l\u2019\u00e9t\u00e9 sont id\u00e9aux <a href=\"https:\/\/www.chartres.fr\/\" target=\"_blank\" rel=\"noopener\">pour visiter<\/a> Chartres, notamment en raison de l\u2019\u00e9v\u00e9nement \u201cChartres en Lumi\u00e8res\u201d qui illumine les monuments de la ville d\u2019avril \u00e0 septembre.<\/span>\u200b<\/p>\r\n\r\n<h4 data-start=\"2223\" data-end=\"2270\"><strong data-start=\"2223\" data-end=\"2270\">Comment se rendre \u00e0 Chartres depuis Paris ?<\/strong><\/h4>\r\n<p data-start=\"2272\" data-end=\"2397\"><span class=\"relative -mx-px my-[-0.2rem] rounded px-px py-[0.2rem]\">Chartres est accessible en train depuis la gare de Paris-Montparnasse en environ une heure.<\/span> <span class=\"relative -mx-px my-[-0.2rem] rounded px-px py-[0.2rem]\">En voiture, il faut emprunter l\u2019autoroute A11.<\/span>\u200b<\/p>\r\n\r\n<h4 data-start=\"2399\" data-end=\"2459\"><strong data-start=\"2399\" data-end=\"2459\">Quels sont les \u00e9v\u00e9nements culturels majeurs \u00e0 Chartres ?<\/strong><\/h4>\r\n<p data-start=\"2461\" data-end=\"2586\"><span class=\"relative -mx-px my-[-0.2rem] rounded px-px py-[0.2rem]\">Parmi les \u00e9v\u00e9nements notables, on compte le Festival International d\u2019Orgue, la F\u00eate des Vendanges et les Artisanales de Chartres.<\/span> \u200b<\/p>\r\n\r\n<h4 data-start=\"2588\" data-end=\"2639\"><strong data-start=\"2588\" data-end=\"2639\">Y a-t-il des visites guid\u00e9es de la cath\u00e9drale de Chartres ?<\/strong><\/h4>\r\n<p data-start=\"2641\" data-end=\"2726\"><span class=\"relative -mx-px my-[-0.2rem] rounded px-px py-[0.2rem]\">Oui, des visites guid\u00e9es sont propos\u00e9es pour d\u00e9couvrir l\u2019histoire et les secrets de la cath\u00e9drale.<\/span>\u200b<\/p>\r\n\r\n<h4 data-start=\"2728\" data-end=\"2784\"><strong data-start=\"2728\" data-end=\"2784\">Quels sont les h\u00e9bergements recommand\u00e9s \u00e0 Chartres ?<\/strong><\/h4>\r\n<p data-start=\"2786\" data-end=\"2911\"><span class=\"relative -mx-px my-[-0.2rem] rounded px-px py-[0.2rem]\">Chartres offre une gamme vari\u00e9e d\u2019h\u00e9bergements, des h\u00f4tels de charme aux chambres d\u2019h\u00f4tes.<\/span> <span class=\"relative -mx-px my-[-0.2rem] rounded px-px py-[0.2rem]\">Le Grand Monarque est une institution locale r\u00e9put\u00e9e.<\/span><\/p>\r\n\r\n<h4 data-start=\"2913\" data-end=\"2956\"><strong data-start=\"2913\" data-end=\"2956\">Peut-on visiter la maison Picassiette ?<\/strong><\/h4>\r\n<p data-start=\"2958\" data-end=\"3043\"><span class=\"relative -mx-px my-[-0.2rem] rounded px-px py-[0.2rem]\">Oui, la maison Picassiette est ouverte au public et constitue une visite insolite \u00e0 ne pas manquer.<\/span>\u200b<\/p>\r\n\r\n<h4 data-start=\"3045\" data-end=\"3105\"><strong data-start=\"3045\" data-end=\"3105\">Quels sont les restaurants \u00e0 ne pas manquer \u00e0 Chartres ?<\/strong><\/h4>\r\n<p data-start=\"3107\" data-end=\"3232\"><span class=\"relative -mx-px my-[-0.2rem] rounded px-px py-[0.2rem]\">Le Bistrot Racines, situ\u00e9 au pied de la cath\u00e9drale, est r\u00e9put\u00e9 pour sa cuisine savoureuse et sa riche carte des vins.<\/span> \u200b<\/p>\r\n\r\n<h4 data-start=\"3234\" data-end=\"3279\"><strong data-start=\"3234\" data-end=\"3279\">La ville est-elle adapt\u00e9e aux cyclistes ?<\/strong><\/h4>\r\n<p data-start=\"3281\" data-end=\"3366\"><span class=\"relative -mx-px my-[-0.2rem] rounded px-px py-[0.2rem]\">Chartres d\u00e9veloppe progressivement des infrastructures pour les cyclistes, avec des pistes cyclables et des itin\u00e9raires d\u00e9di\u00e9s.<\/span>\u200b<\/p>\t\t\t\t\t\t\t\t<\/div>\n\t\t\t\t\t<\/div>\n\t\t\t\t<\/div>\n\t\t\t\t<\/div>\n\t\t","protected":false},"excerpt":{"rendered":"<p>Chartres Chartres, situ\u00e9e en r\u00e9gion Centre-Val de Loire, est une ville riche en histoire et en patrimoine. Connue principalement pour sa majestueuse cath\u00e9drale, elle offre \u00e9galement une vari\u00e9t\u00e9 de sites touristiques et une r\u00e9gion environnante pleine de charme. Dans cet article, nous explorerons en d\u00e9tail Chartres, ses principaux attraits, ainsi que les tr\u00e9sors cach\u00e9s de [&hellip;]<\/p>\n","protected":false},"author":1,"featured_media":59127,"comment_status":"closed","ping_status":"closed","sticky":false,"template":"elementor_header_footer","format":"standard","meta":{"ngg_post_thumbnail":0,"footnotes":""},"categories":[2540,605,2521,477],"tags":[906],"class_list":["post-59120","post","type-post","status-publish","format-standard","has-post-thumbnail","hentry","category-chartres","category-centre-val-de-loire","category-eure-et-loir","category-france","tag-ville"],"_links":{"self":[{"href":"https:\/\/cparici.com\/fr\/wp-json\/wp\/v2\/posts\/59120","targetHints":{"allow":["GET"]}}],"collection":[{"href":"https:\/\/cparici.com\/fr\/wp-json\/wp\/v2\/posts"}],"about":[{"href":"https:\/\/cparici.com\/fr\/wp-json\/wp\/v2\/types\/post"}],"author":[{"embeddable":true,"href":"https:\/\/cparici.com\/fr\/wp-json\/wp\/v2\/users\/1"}],"replies":[{"embeddable":true,"href":"https:\/\/cparici.com\/fr\/wp-json\/wp\/v2\/comments?post=59120"}],"version-history":[{"count":0,"href":"https:\/\/cparici.com\/fr\/wp-json\/wp\/v2\/posts\/59120\/revisions"}],"wp:featuredmedia":[{"embeddable":true,"href":"https:\/\/cparici.com\/fr\/wp-json\/wp\/v2\/media\/59127"}],"wp:attachment":[{"href":"https:\/\/cparici.com\/fr\/wp-json\/wp\/v2\/media?parent=59120"}],"wp:term":[{"taxonomy":"category","embeddable":true,"href":"https:\/\/cparici.com\/fr\/wp-json\/wp\/v2\/categories?post=59120"},{"taxonomy":"post_tag","embeddable":true,"href":"https:\/\/cparici.com\/fr\/wp-json\/wp\/v2\/tags?post=59120"}],"curies":[{"name":"wp","href":"https:\/\/api.w.org\/{rel}","templated":true}]}}