{"id":59142,"date":"2025-03-06T18:33:43","date_gmt":"2025-03-06T17:33:43","guid":{"rendered":"https:\/\/cparici.com\/?p=59142"},"modified":"2025-03-29T21:41:06","modified_gmt":"2025-03-29T20:41:06","slug":"tarn-et-garonne","status":"publish","type":"post","link":"https:\/\/cparici.com\/fr\/tarn-et-garonne\/","title":{"rendered":"Tarn et Garonne un d\u00e9partement du sud-ouest"},"content":{"rendered":"\t\t<div data-elementor-type=\"wp-post\" data-elementor-id=\"59142\" class=\"elementor elementor-59142\" data-elementor-post-type=\"post\">\n\t\t\t\t<div class=\"elementor-element elementor-element-c37afcf e-con-full e-flex e-con e-parent\" data-id=\"c37afcf\" data-element_type=\"container\" data-e-type=\"container\">\n\t\t\t\t<div class=\"elementor-element elementor-element-fb62032 elementor-widget elementor-widget-image\" data-id=\"fb62032\" data-element_type=\"widget\" data-e-type=\"widget\" data-widget_type=\"image.default\">\n\t\t\t\t\t\t\t\t\t\t\t\t\t\t\t<img decoding=\"async\" width=\"1500\" height=\"530\" src=\"https:\/\/cparici.com\/wp-content\/uploads\/2025\/03\/cparici-2025-03-06T182918.506.jpg\" class=\"attachment-full size-full wp-image-59147\" alt=\"Tarn et Garonne\" srcset=\"https:\/\/cparici.com\/wp-content\/uploads\/2025\/03\/cparici-2025-03-06T182918.506.jpg 1500w, https:\/\/cparici.com\/wp-content\/uploads\/2025\/03\/cparici-2025-03-06T182918.506-300x106.jpg 300w, https:\/\/cparici.com\/wp-content\/uploads\/2025\/03\/cparici-2025-03-06T182918.506-1024x362.jpg 1024w, https:\/\/cparici.com\/wp-content\/uploads\/2025\/03\/cparici-2025-03-06T182918.506-768x271.jpg 768w, https:\/\/cparici.com\/wp-content\/uploads\/2025\/03\/cparici-2025-03-06T182918.506-18x6.jpg 18w, https:\/\/cparici.com\/wp-content\/uploads\/2025\/03\/cparici-2025-03-06T182918.506-590x208.jpg 590w, https:\/\/cparici.com\/wp-content\/uploads\/2025\/03\/cparici-2025-03-06T182918.506-1200x424.jpg 1200w, https:\/\/cparici.com\/wp-content\/uploads\/2025\/03\/cparici-2025-03-06T182918.506-577x204.jpg 577w, https:\/\/cparici.com\/wp-content\/uploads\/2025\/03\/cparici-2025-03-06T182918.506-600x212.jpg 600w\" sizes=\"(max-width: 1500px) 100vw, 1500px\" \/>\t\t\t\t\t\t\t\t\t\t\t\t\t\t\t<\/div>\n\t\t\t\t<\/div>\n\t\t<div class=\"elementor-element elementor-element-2b8bbaf e-flex e-con-boxed e-con e-parent\" data-id=\"2b8bbaf\" data-element_type=\"container\" data-e-type=\"container\">\n\t\t\t\t\t<div class=\"e-con-inner\">\n\t\t\t\t<div class=\"elementor-element elementor-element-f67557a elementor-widget elementor-widget-global elementor-global-62046 elementor-widget-eael-advanced-search\" data-id=\"f67557a\" data-element_type=\"widget\" data-e-type=\"widget\" data-widget_type=\"eael-advanced-search.default\">\n\t\t\t\t\t        <div class=\"eael-adv-search-wrapper\">\n            <div id=\"eael-advanced-search-widget-f67557a\" class=\"eael-advanced-search-widget\">\n                <form data-settings=\"{&quot;post_per_page&quot;:5,&quot;search_among_taxonomies&quot;:&quot;&quot;,&quot;search_among_sku&quot;:&quot;no&quot;,&quot;show_popular_keyword&quot;:0,&quot;show_category&quot;:0,&quot;show_content_image&quot;:1,&quot;show_search_result_all_results&quot;:0,&quot;result_on_new_tab&quot;:&quot;no&quot;,&quot;show_product_price&quot;:&quot;no&quot;,&quot;include_current_page&quot;:&quot;no&quot;,&quot;orderby&quot;:&quot;default&quot;,&quot;order&quot;:&quot;DESC&quot;,&quot;current_post_id&quot;:59142,&quot;post_type&quot;:[&quot;post&quot;,&quot;listing&quot;]}\" method=\"POST\" name=\"eael-advanced-search-form-f67557a\" class=\"eael-advanced-search-form eael-advanced-search-form-style-2\">\n                    <div class=\"eael-advanced-search-wrap\">\n                        <span class=\"eael-adv-search-loader\"><\/span>\n                        <span class=\"eael-adv-search-close\"><i class=\"fas fa-times\"><\/i><\/span>\n                        <span class=\"icon \"><i class=\"fas fa-search\"><\/i><\/span>\n\n                        <input type=\"text\"\n                               placeholder=\"Votre destination\"\n                               class=\"eael-advanced-search\" autocomplete=\"off\" name=\"eael_advanced_search\">\n                    <\/div>\n\t\t\t\t\t                                    <\/form>\n\n\t\t\t\t\n\t\t\t\t        <div class=\"eael-advanced-search-result\">\n            <div class=\"eael-advanced-search-popular-keyword\">\n\t\t\t\t<h4 class=\"eael-advanced-search-popular-keyword-text\">Recherches populaires<\/h4>                <div class=\"eael-popular-keyword-content\"><\/div>\n            <\/div>\n            <div class=\"eael-advanced-search-category\">\n\t\t\t\t<h4 class=\"eael-advanced-search-category-text\">Categories<\/h4>                <div class=\"eael-popular-category-content\"><\/div>\n            <\/div>\n\t\t\t<div class=\"eael-advanced-search-total-results-section\">\n\t\t\t\t\t\t\t<\/div>\n            <div class=\"eael-advanced-search-content eael-item-style-3\">\n            <\/div>\n            <div class=\"eael-advanced-search-not-found\">\n                <p>Pas de r\u00e9sultats<\/p><\/div>\n            <div class=\"eael-advanced-search-load-more\">\n\t\t\t\t<a \tclass=\"eael-advanced-search-load-more-button\"\n                \thref=\"#\">Voir tous les r\u00e9sultats<\/a>\n            <\/div>\n        <\/div>\n\n\t\t            <\/div>\n        <\/div>\n\n\t\t\t\t\t\t<\/div>\n\t\t\t\t\t<\/div>\n\t\t\t\t<\/div>\n\t\t<div class=\"elementor-element elementor-element-15e61dc4 e-flex e-con-boxed e-con e-parent\" data-id=\"15e61dc4\" data-element_type=\"container\" data-e-type=\"container\">\n\t\t\t\t\t<div class=\"e-con-inner\">\n\t\t\t\t<div class=\"elementor-element elementor-element-51aa4ebc elementor-widget elementor-widget-text-editor\" data-id=\"51aa4ebc\" data-element_type=\"widget\" data-e-type=\"widget\" data-widget_type=\"text-editor.default\">\n\t\t\t\t\t\t\t\t\t<article class=\"w-full text-token-text-primary focus-visible:outline-2 focus-visible:outline-offset-[-4px]\" dir=\"auto\" data-testid=\"conversation-turn-3\" data-scroll-anchor=\"false\">\r\n<div class=\"text-base my-auto mx-auto py-[18px] px-6\">\r\n<div class=\"mx-auto flex flex-1 text-base gap-4 md:gap-5 lg:gap-6 md:max-w-3xl lg:max-w-[40rem] xl:max-w-[48rem]\">\r\n<div class=\"group\/conversation-turn relative flex w-full min-w-0 flex-col agent-turn @xs\/thread:px-0 @sm\/thread:px-1.5 @md\/thread:px-4\">\r\n<div class=\"flex-col gap-1 md:gap-3\">\r\n<div class=\"flex max-w-full flex-col flex-grow\">\r\n<div class=\"min-h-8 text-message relative flex w-full flex-col items-end gap-2 whitespace-normal break-words text-start [.text-message+&]:mt-5\" dir=\"auto\" data-message-author-role=\"assistant\" data-message-id=\"aebf40f6-2c51-4d88-93e3-d188fd53ee74\" data-message-model-slug=\"gpt-4o\">\r\n<div class=\"flex w-full flex-col gap-1 empty:hidden first:pt-[3px]\">\r\n<div class=\"markdown prose w-full break-words dark:prose-invert light\">\r\n<h1 style=\"text-align: center;\" data-start=\"40\" data-end=\"235\"><span class=\"relative -mx-px my-[-0.2rem] rounded px-px py-[0.2rem]\" style=\"font-size: 18pt;\">Le <strong data-start=\"3\" data-end=\"22\">Tarn et Garonne<\/strong><\/span><\/h1>\r\n<p data-start=\"40\" data-end=\"235\"><span class=\"relative -mx-px my-[-0.2rem] rounded px-px py-[0.2rem]\">Le <strong data-start=\"3\" data-end=\"22\">Tarn et Garonne<\/strong> est un <a href=\"https:\/\/cparici.com\/departements-francais-carte-de-france\/\">d\u00e9partement<\/a> du sud-ouest de la <a href=\"https:\/\/cparici.com\/visiter-la-france-guide-des-regions-et-sites-touristiques\/\">France<\/a>, riche en patrimoine historique, paysages vari\u00e9s et traditions culinaires.<\/span> <span class=\"relative -mx-px my-[-0.2rem] rounded px-px py-[0.2rem]\">Situ\u00e9 en r\u00e9gion <a href=\"https:\/\/cparici.com\/occitanie\/\">Occitanie<\/a>, il est entour\u00e9 par les d\u00e9partements du Lot, de l\u2019Aveyron, du Tarn, de la Haute-Garonne, du Gers et du Lot-et-Garonne.<\/span> <span class=\"relative -mx-px my-[-0.2rem] rounded px-px py-[0.2rem]\">Ce territoire offre une multitude de sites touristiques, des villes et villages pittoresques, ainsi qu\u2019une gastronomie savoureuse qui s\u00e9duira les visiteurs en qu\u00eate d\u2019authenticit\u00e9.<\/span>\u200b<\/p>\r\n\r\n<h2 data-start=\"237\" data-end=\"297\"><span style=\"font-size: 18pt;\">Les sites touristiques incontournables du Tarn-et-Garonne<\/span><\/h2>\r\n<p data-start=\"299\" data-end=\"429\"><span class=\"relative -mx-px my-[-0.2rem] rounded px-px py-[0.2rem]\">Le Tarn et Garonne regorge de lieux d\u2019int\u00e9r\u00eat qui t\u00e9moignent de son riche pass\u00e9 et de sa beaut\u00e9 naturelle.<\/span> Voici une s\u00e9lection des sites \u00e0 ne pas manquer :\u200b<\/p>\r\n\r\n<h3 data-start=\"431\" data-end=\"454\">L\u2019abbaye de Moissac<\/h3>\r\n<p data-start=\"456\" data-end=\"657\"><span class=\"relative -mx-px my-[-0.2rem] rounded px-px py-[0.2rem]\">Fond\u00e9e au VII\u1d49 si\u00e8cle, l\u2019abbaye Saint-Pierre de Moissac est un chef-d\u2019\u0153uvre de l\u2019art roman.<\/span> <span class=\"relative -mx-px my-[-0.2rem] rounded px-px py-[0.2rem]\">Son clo\u00eetre, r\u00e9put\u00e9 pour ses sculptures d\u00e9taill\u00e9es, est consid\u00e9r\u00e9 comme l\u2019un des plus beaux d\u2019Europe.<\/span> <span class=\"relative -mx-px my-[-0.2rem] rounded px-px py-[0.2rem]\">Le portail de l\u2019\u00e9glise abbatiale, orn\u00e9 de tympans sculpt\u00e9s, est \u00e9galement remarquable.<\/span> <span class=\"relative -mx-px my-[-0.2rem] rounded px-px py-[0.2rem]\">Ce site est inscrit au patrimoine mondial de l\u2019UNESCO au titre des chemins de Saint-Jacques-de-Compostelle.<\/span>\u200b<\/p>\r\n\r\n<h3 data-start=\"659\" data-end=\"686\">Les gorges de l\u2019Aveyron<\/h3>\r\n<p data-start=\"688\" data-end=\"853\"><span class=\"relative -mx-px my-[-0.2rem] rounded px-px py-[0.2rem]\">Situ\u00e9es \u00e0 l\u2019est du d\u00e9partement, les gorges de <a href=\"https:\/\/cparici.com\/aveyron\/\">l\u2019Aveyron<\/a> offrent des paysages spectaculaires propices aux activit\u00e9s de plein air.<\/span> <span class=\"relative -mx-px my-[-0.2rem] rounded px-px py-[0.2rem]\">Les falaises calcaires, les for\u00eats verdoyantes et la rivi\u00e8re sinueuse constituent un cadre id\u00e9al pour la randonn\u00e9e, le cano\u00eb-kayak et l\u2019escalade.<\/span> <span class=\"relative -mx-px my-[-0.2rem] rounded px-px py-[0.2rem]\">Le village de Saint-Antonin-Noble-Val, nich\u00e9 au c\u0153ur des gorges, est un point de d\u00e9part privil\u00e9gi\u00e9 pour explorer cette r\u00e9gion.<\/span>\u200b<\/p>\r\n\r\n<h3 data-start=\"855\" data-end=\"884\">Les villages de caract\u00e8re<\/h3>\r\n<p data-start=\"886\" data-end=\"1091\"><span class=\"relative -mx-px my-[-0.2rem] rounded px-px py-[0.2rem]\">Le Tarn-et-Garonne abrite plusieurs villages class\u00e9s parmi les \u201c<a href=\"https:\/\/cparici.com\/plus-beau-village-de-france\/\">Plus Beaux Villages de France<\/a>\u201c.<\/span> <span class=\"relative -mx-px my-[-0.2rem] rounded px-px py-[0.2rem]\">Parmi eux, Lauzerte, surnomm\u00e9e la \u201ccolline inspir\u00e9e\u201d, s\u00e9duit par ses ruelles m\u00e9di\u00e9vales et ses maisons en pierre.<\/span> <span class=\"relative -mx-px my-[-0.2rem] rounded px-px py-[0.2rem]\">Auvillar, perch\u00e9 sur une colline surplombant la Garonne, est connu pour sa halle circulaire et son \u00e9glise Saint-Pierre.<\/span> <span class=\"relative -mx-px my-[-0.2rem] rounded px-px py-[0.2rem]\">Bruniquel, avec ses ch\u00e2teaux dominant la vall\u00e9e de l\u2019Aveyron, offre un voyage dans le temps \u00e0 travers ses ruelles pav\u00e9es.<\/span>\u200b<\/p>\r\n\r\n<h2 data-start=\"1093\" data-end=\"1133\">Paysages et villes du Tarn-et-Garonne<\/h2>\r\n<p data-start=\"1135\" data-end=\"1220\"><span class=\"relative -mx-px my-[-0.2rem] rounded px-px py-[0.2rem]\">Le d\u00e9partement se caract\u00e9rise par une grande diversit\u00e9 de paysages et de villes au charme ind\u00e9niable.<\/span>\u200b<\/p>\r\n\r\n<h3 data-start=\"1222\" data-end=\"1235\">Montauban<\/h3>\r\n<p data-start=\"1237\" data-end=\"1402\"><span class=\"relative -mx-px my-[-0.2rem] rounded px-px py-[0.2rem]\">Pr\u00e9fecture du Tarn-et-Garonne, Montauban est une ville d\u2019art et d\u2019histoire.<\/span> <span class=\"relative -mx-px my-[-0.2rem] rounded px-px py-[0.2rem]\">Fond\u00e9e en 1144, elle est r\u00e9put\u00e9e pour sa place Nationale, entour\u00e9e de maisons \u00e0 arcades en brique rose, typiques de l\u2019architecture locale.<\/span> <span class=\"relative -mx-px my-[-0.2rem] rounded px-px py-[0.2rem]\">Le mus\u00e9e Ingres Bourdelle, install\u00e9 dans l\u2019ancien h\u00f4tel de ville, abrite des \u0153uvres du peintre Jean-Auguste-Dominique Ingres et du sculpteur Antoine Bourdelle, tous deux natifs de la ville.<\/span>\u200b<\/p>\r\n\r\n<h3 data-start=\"1404\" data-end=\"1422\">Castelsarrasin<\/h3>\r\n<p data-start=\"1424\" data-end=\"1589\"><span class=\"relative -mx-px my-[-0.2rem] rounded px-px py-[0.2rem]\">Situ\u00e9e sur les rives du Tarn, Castelsarrasin est une ville fleurie qui s\u00e9duit par son port de plaisance et ses espaces verts.<\/span> <span class=\"relative -mx-px my-[-0.2rem] rounded px-px py-[0.2rem]\">L\u2019\u00e9glise Saint-Sauveur, avec son clocher octogonal, est un exemple remarquable de l\u2019architecture gothique m\u00e9ridionale.<\/span> <span class=\"relative -mx-px my-[-0.2rem] rounded px-px py-[0.2rem]\">La ville est \u00e9galement un point de d\u00e9part id\u00e9al pour des balades le long du canal de Garonne.<\/span>\u200b<\/p>\r\n\r\n<h3 data-start=\"1591\" data-end=\"1602\">Moissac<\/h3>\r\n<p data-start=\"1604\" data-end=\"1769\"><span class=\"relative -mx-px my-[-0.2rem] rounded px-px py-[0.2rem]\">En plus de son abbaye, Moissac est r\u00e9put\u00e9e pour ses vergers et notamment pour le chasselas, un raisin de table b\u00e9n\u00e9ficiant d\u2019une AOC.<\/span> <span class=\"relative -mx-px my-[-0.2rem] rounded px-px py-[0.2rem]\">La ville est travers\u00e9e par le canal de Garonne, offrant des promenades paisibles le long de ses berges.<\/span> <span class=\"relative -mx-px my-[-0.2rem] rounded px-px py-[0.2rem]\">Le pont-canal du Cacor, ouvrage d\u2019art du XIX\u1d49 si\u00e8cle, permet au canal de franchir le Tarn et constitue une curiosit\u00e9 \u00e0 d\u00e9couvrir.<\/span>\u200b<\/p>\r\n\r\n<h2 data-start=\"1771\" data-end=\"1811\"><span style=\"font-size: 18pt;\">La r\u00e9gion et les d\u00e9partements voisins<\/span><\/h2>\r\n<p data-start=\"1813\" data-end=\"1898\"><span class=\"relative -mx-px my-[-0.2rem] rounded px-px py-[0.2rem]\">Le Tarn-et-Garonne est entour\u00e9 de d\u00e9partements aux richesses culturelles et naturelles vari\u00e9es.<\/span>\u200b<\/p>\r\n\r\n<h3 data-start=\"1900\" data-end=\"1910\">Le Lot<\/h3>\r\n<p data-start=\"1912\" data-end=\"2037\"><span class=\"relative -mx-px my-[-0.2rem] rounded px-px py-[0.2rem]\">Au nord, <a href=\"https:\/\/cparici.com\/lot\/\">le Lot<\/a> est connu pour ses paysages de causses et ses villages pittoresques comme Saint-Cirq-Lapopie.<\/span> <span class=\"relative -mx-px my-[-0.2rem] rounded px-px py-[0.2rem]\">La vall\u00e9e du Lot offre des panoramas exceptionnels et des sites historiques tels que le ch\u00e2teau de C\u00e9nevi\u00e8res.<\/span>\u200b<\/p>\r\n\r\n<h3 data-start=\"2039\" data-end=\"2052\">L\u2019Aveyron<\/h3>\r\n<p data-start=\"2054\" data-end=\"2179\"><span class=\"relative -mx-px my-[-0.2rem] rounded px-px py-[0.2rem]\">\u00c0 l\u2019est, l\u2019Aveyron s\u00e9duit par ses bastides et ses gorges impressionnantes.<\/span> <span class=\"relative -mx-px my-[-0.2rem] rounded px-px py-[0.2rem]\">La ville de Rodez, avec sa cath\u00e9drale gothique et le mus\u00e9e Soulages, est un incontournable pour les amateurs d\u2019art et d\u2019histoire.<\/span>\u200b<\/p>\r\n\r\n<h3 data-start=\"2181\" data-end=\"2192\">Le Tarn<\/h3>\r\n<p data-start=\"2194\" data-end=\"2319\"><span class=\"relative -mx-px my-[-0.2rem] rounded px-px py-[0.2rem]\">Au sud-est, <a href=\"https:\/\/cparici.com\/tarn\/\">le Tarn<\/a> est r\u00e9put\u00e9 pour la cit\u00e9 \u00e9piscopale d\u2019Albi, class\u00e9e au patrimoine mondial de l\u2019UNESCO, et pour ses vignobles de Gaillac.<\/span> <span class=\"relative -mx-px my-[-0.2rem] rounded px-px py-[0.2rem]\">Les monts de Lacaune offrent des paysages sauvages propices \u00e0 la randonn\u00e9e.<\/span>\u200b<\/p>\r\n\r\n<h3 data-start=\"2321\" data-end=\"2341\">La Haute-Garonne<\/h3>\r\n<p data-start=\"2343\" data-end=\"2468\"><span class=\"relative -mx-px my-[-0.2rem] rounded px-px py-[0.2rem]\">Au sud, la <a href=\"https:\/\/cparici.com\/haute-garonne\/\">Haute-Garonne<\/a> abrite Toulouse, la \u201cVille Rose\u201d, c\u00e9l\u00e8bre pour son patrimoine architectural et sa vie culturelle dynamique.<\/span> <span class=\"relative -mx-px my-[-0.2rem] rounded px-px py-[0.2rem]\">Le canal du Midi, inscrit au patrimoine mondial de l\u2019UNESCO, traverse le d\u00e9partement et offre de belles balades \u00e0 v\u00e9lo ou en p\u00e9niche.<\/span>\u200b<\/p>\r\n\r\n<h3 data-start=\"2470\" data-end=\"2481\">Le Gers<\/h3>\r\n<p data-start=\"2483\" data-end=\"2608\"><span class=\"relative -mx-px my-[-0.2rem] rounded px-px py-[0.2rem]\">\u00c0 l\u2019ouest, le <a href=\"https:\/\/cparici.com\/gers-departement\/\">Gers<\/a> est le c\u0153ur de la Gascogne, terre de d\u2019Artagnan et du foie gras.<\/span> <span class=\"relative -mx-px my-[-0.2rem] rounded px-px py-[0.2rem]\">Ses paysages vallonn\u00e9s et ses villages comme Lectoure ou Condom invitent \u00e0 la d\u00e9couverte et \u00e0 la d\u00e9tente.<\/span>\u200b<\/p>\r\n\r\n<h3 data-start=\"2610\" data-end=\"2631\">Le Lot-et-Garonne<\/h3>\r\n<p data-start=\"2633\" data-end=\"2705\">Au nord-ouest, le <a href=\"https:\/\/cparici.com\/lot-et-garonne\/\">Lot-et-Garonne<\/a> est une terre de vergers et de bastides<\/p>\r\n\r\n<\/div>\r\n<\/div>\r\n<\/div>\r\n<\/div>\r\n<\/div>\r\n<\/div>\r\n<\/div>\r\n<\/div>\r\n<\/article><article class=\"w-full text-token-text-primary focus-visible:outline-2 focus-visible:outline-offset-[-4px]\" dir=\"auto\" data-testid=\"conversation-turn-5\" data-scroll-anchor=\"false\">\r\n<div class=\"text-base my-auto mx-auto py-[18px] px-6\">\r\n<div class=\"mx-auto flex flex-1 text-base gap-4 md:gap-5 lg:gap-6 md:max-w-3xl lg:max-w-[40rem] xl:max-w-[48rem]\">\r\n<div class=\"group\/conversation-turn relative flex w-full min-w-0 flex-col agent-turn @xs\/thread:px-0 @sm\/thread:px-1.5 @md\/thread:px-4\">\r\n<div class=\"flex-col gap-1 md:gap-3\">\r\n<div class=\"flex max-w-full flex-col flex-grow\">\r\n<div class=\"min-h-8 text-message relative flex w-full flex-col items-end gap-2 whitespace-normal break-words text-start [.text-message+&]:mt-5\" dir=\"auto\" data-message-author-role=\"assistant\" data-message-id=\"02fbcf72-ae50-4240-aa00-967b7d497012\" data-message-model-slug=\"gpt-4o\">\r\n<div class=\"flex w-full flex-col gap-1 empty:hidden first:pt-[3px]\">\r\n<div class=\"markdown prose w-full break-words dark:prose-invert light\">\r\n<h2 data-start=\"0\" data-end=\"61\"><span style=\"font-size: 18pt;\"><strong data-start=\"3\" data-end=\"59\">La gastronomie et les sp\u00e9cialit\u00e9s du Tarn-et-Garonne<\/strong><\/span><\/h2>\r\n<p data-start=\"63\" data-end=\"333\">Le <strong data-start=\"66\" data-end=\"85\">Tarn-et-Garonne<\/strong> est un v\u00e9ritable paradis pour les amateurs de <strong data-start=\"132\" data-end=\"147\">gastronomie<\/strong>. Entre ses produits du terroir, ses recettes traditionnelles et ses march\u00e9s anim\u00e9s, ce d\u00e9partement offre une cuisine g\u00e9n\u00e9reuse et savoureuse, reflet de son histoire et de son terroir.<\/p>\r\n\r\n<h3 data-start=\"335\" data-end=\"391\"><strong data-start=\"339\" data-end=\"389\">Le chasselas de Moissac, un raisin d\u2019exception<\/strong><\/h3>\r\n<p data-start=\"393\" data-end=\"815\">Le <strong data-start=\"396\" data-end=\"420\">Chasselas de Moissac<\/strong> est l\u2019un des produits phares du Tarn-et-Garonne. Ce <strong data-start=\"473\" data-end=\"497\">raisin dor\u00e9 et sucr\u00e9<\/strong> b\u00e9n\u00e9ficie d\u2019une <strong data-start=\"514\" data-end=\"555\">Appellation d\u2019Origine Contr\u00f4l\u00e9e (AOC)<\/strong> et d\u2019une <strong data-start=\"565\" data-end=\"605\">Appellation d\u2019Origine Prot\u00e9g\u00e9e (AOP)<\/strong>, garantissant sa qualit\u00e9 et son authenticit\u00e9. Cultiv\u00e9 avec soin sur les coteaux ensoleill\u00e9s de Moissac, il est appr\u00e9ci\u00e9 aussi bien en dessert que dans des recettes sal\u00e9es, accompagnant foie gras et fromages.<\/p>\r\n\r\n<h3 data-start=\"817\" data-end=\"865\"><strong data-start=\"821\" data-end=\"863\">Le foie gras et les produits du canard<\/strong><\/h3>\r\n<p data-start=\"867\" data-end=\"1220\">Comme dans toute la r\u00e9gion <strong data-start=\"894\" data-end=\"907\">Occitanie<\/strong>, le <strong data-start=\"912\" data-end=\"925\">foie gras<\/strong> est une sp\u00e9cialit\u00e9 incontournable du Tarn-et-Garonne. Issu de canards \u00e9lev\u00e9s en plein air, il se d\u00e9guste po\u00eal\u00e9, en terrine ou mi-cuit. On retrouve \u00e9galement d\u2019autres produits du canard comme le <strong data-start=\"1120\" data-end=\"1158\">magret, les confits et les g\u00e9siers<\/strong>, souvent utilis\u00e9s dans les salades gourmandes du Sud-Ouest.<\/p>\r\n\r\n<h3 data-start=\"1222\" data-end=\"1259\"><strong data-start=\"1226\" data-end=\"1257\">Les vins du Tarn-et-Garonne<\/strong><\/h3>\r\n<p data-start=\"1261\" data-end=\"1392\">Le d\u00e9partement produit plusieurs vins de qualit\u00e9, notamment ceux issus des <strong data-start=\"1336\" data-end=\"1357\">coteaux du Quercy<\/strong> et des <strong data-start=\"1365\" data-end=\"1389\">vignobles de Fronton<\/strong>.<\/p>\r\n\r\n<ul data-start=\"1393\" data-end=\"1637\">\r\n \t<li data-start=\"1393\" data-end=\"1513\"><strong data-start=\"1395\" data-end=\"1429\">Les vins des Coteaux du Quercy<\/strong> : des rouges \u00e9l\u00e9gants et fruit\u00e9s, parfaits pour accompagner les plats de terroir.<\/li>\r\n \t<li data-start=\"1514\" data-end=\"1637\"><strong data-start=\"1516\" data-end=\"1539\">Les vins de Fronton<\/strong> : connus pour le c\u00e9page <strong data-start=\"1564\" data-end=\"1576\">N\u00e9grette<\/strong>, offrant des rouges et ros\u00e9s aux ar\u00f4mes \u00e9pic\u00e9s et floraux.<\/li>\r\n<\/ul>\r\n<p data-start=\"1639\" data-end=\"1761\">Ces vins sont souvent servis dans les restaurants du d\u00e9partement et d\u00e9gust\u00e9s lors de nombreuses f\u00eates viticoles locales.<\/p>\r\n\r\n<h3 data-start=\"1763\" data-end=\"1791\"><strong data-start=\"1767\" data-end=\"1789\">Le melon du Quercy<\/strong><\/h3>\r\n<p data-start=\"1793\" data-end=\"2092\">Cultiv\u00e9 dans le <strong data-start=\"1809\" data-end=\"1819\">Quercy<\/strong>, \u00e0 la limite du Tarn-et-Garonne et du Lot, le <strong data-start=\"1866\" data-end=\"1885\">melon du Quercy<\/strong> est une autre sp\u00e9cialit\u00e9 appr\u00e9ci\u00e9e pour sa chair sucr\u00e9e et parfum\u00e9e. R\u00e9put\u00e9 pour sa <strong data-start=\"1970\" data-end=\"1996\">teneur en sucre \u00e9lev\u00e9e<\/strong>, il est id\u00e9al en entr\u00e9e avec du jambon de pays ou en dessert avec un verre de vin blanc doux.<\/p>\r\n\r\n<h3 data-start=\"2094\" data-end=\"2125\"><strong data-start=\"2098\" data-end=\"2123\">Les fromages fermiers<\/strong><\/h3>\r\n<p data-start=\"2127\" data-end=\"2272\">Le Tarn-et-Garonne est aussi une terre de <strong data-start=\"2169\" data-end=\"2192\">fromages artisanaux<\/strong>, issus de l\u2019\u00e9levage de brebis, ch\u00e8vres et vaches. Parmi les plus populaires :<\/p>\r\n\r\n<ul data-start=\"2273\" data-end=\"2568\">\r\n \t<li data-start=\"2273\" data-end=\"2379\"><strong data-start=\"2275\" data-end=\"2289\">Le cab\u00e9cou<\/strong> : un petit fromage de ch\u00e8vre affin\u00e9, souvent d\u00e9gust\u00e9 sur du pain avec un filet de miel.<\/li>\r\n \t<li data-start=\"2380\" data-end=\"2496\"><strong data-start=\"2382\" data-end=\"2399\">Le rocamadour<\/strong> (proche du Lot, mais consomm\u00e9 localement) : un fromage cr\u00e9meux \u00e0 p\u00e2te molle et \u00e0 saveur douce.<\/li>\r\n \t<li data-start=\"2497\" data-end=\"2568\"><strong data-start=\"2499\" data-end=\"2533\">Le fromage de brebis du Quercy<\/strong> : id\u00e9al avec un vin rouge l\u00e9ger.<\/li>\r\n<\/ul>\r\n<h3 data-start=\"2570\" data-end=\"2630\"><strong data-start=\"2574\" data-end=\"2628\">La croustade aux pommes et autres douceurs locales<\/strong><\/h3>\r\n<p data-start=\"2632\" data-end=\"2900\">Pour les amateurs de <strong data-start=\"2653\" data-end=\"2667\">p\u00e2tisserie<\/strong>, la <strong data-start=\"2672\" data-end=\"2696\">croustade aux pommes<\/strong> est un dessert embl\u00e9matique du Tarn-et-Garonne. Cette <strong data-start=\"2751\" data-end=\"2772\">tourte feuillet\u00e9e<\/strong> garnie de pommes caram\u00e9lis\u00e9es et parfois parfum\u00e9e \u00e0 l\u2019armagnac est une sp\u00e9cialit\u00e9 appr\u00e9ci\u00e9e lors des f\u00eates et march\u00e9s locaux.<\/p>\r\n<p data-start=\"2902\" data-end=\"2941\">D\u2019autres douceurs typiques incluent :<\/p>\r\n\r\n<ul data-start=\"2942\" data-end=\"3183\">\r\n \t<li data-start=\"2942\" data-end=\"3042\"><strong data-start=\"2944\" data-end=\"2966\">Les pastis gascons<\/strong> : une p\u00e2te fine et dor\u00e9e, souvent garnie de fruits et arros\u00e9e d\u2019armagnac.<\/li>\r\n \t<li data-start=\"3043\" data-end=\"3183\"><strong data-start=\"3045\" data-end=\"3072\">Les g\u00e2teaux \u00e0 la broche<\/strong> : bien que plus courants dans les Pyr\u00e9n\u00e9es, ils sont parfois pr\u00e9par\u00e9s lors des f\u00eates rurales du d\u00e9partement.<\/li>\r\n<\/ul>\r\n<h3 data-start=\"3185\" data-end=\"3227\"><strong data-start=\"3189\" data-end=\"3225\">Les march\u00e9s et foires gourmandes<\/strong><\/h3>\r\n<p data-start=\"3229\" data-end=\"3386\">Les <strong data-start=\"3233\" data-end=\"3266\">march\u00e9s de producteurs locaux<\/strong> sont des lieux incontournables pour d\u00e9couvrir la gastronomie du Tarn-et-Garonne. Parmi les march\u00e9s les plus r\u00e9put\u00e9s :<\/p>\r\n\r\n<ul data-start=\"3387\" data-end=\"3740\">\r\n \t<li data-start=\"3387\" data-end=\"3508\"><strong data-start=\"3389\" data-end=\"3415\">Le march\u00e9 de Montauban<\/strong> : propose une grande vari\u00e9t\u00e9 de produits frais, notamment des fruits, l\u00e9gumes et fromages.<\/li>\r\n \t<li data-start=\"3509\" data-end=\"3614\"><strong data-start=\"3511\" data-end=\"3535\">Le march\u00e9 de Moissac<\/strong> : id\u00e9al pour d\u00e9guster le chasselas, le foie gras et les sp\u00e9cialit\u00e9s locales.<\/li>\r\n \t<li data-start=\"3615\" data-end=\"3740\"><strong data-start=\"3617\" data-end=\"3642\">Les march\u00e9s nocturnes<\/strong> en \u00e9t\u00e9 : une occasion unique de go\u00fbter aux sp\u00e9cialit\u00e9s du terroir dans une ambiance conviviale.<\/li>\r\n<\/ul>\r\n<p data-start=\"3742\" data-end=\"4054\" data-is-last-node=\"\" data-is-only-node=\"\">Le <strong data-start=\"3745\" data-end=\"3764\">Tarn-et-Garonne<\/strong> est ainsi une terre gourmande o\u00f9 chaque repas est une invitation \u00e0 la d\u00e9couverte des saveurs du <strong data-start=\"3861\" data-end=\"3874\">Sud-Ouest<\/strong>. Entre <strong data-start=\"3882\" data-end=\"3905\">produits du terroir<\/strong>, <strong data-start=\"3907\" data-end=\"3922\">vins locaux<\/strong> et <strong data-start=\"3926\" data-end=\"3954\">recettes traditionnelles<\/strong>, ce d\u00e9partement offre une <strong data-start=\"3981\" data-end=\"4017\">cuisine authentique et g\u00e9n\u00e9reuse<\/strong>, \u00e0 savourer au fil des saisons.<\/p>\r\n\r\n<\/div>\r\n<\/div>\r\n<\/div>\r\n<\/div>\r\n<\/div>\r\n<\/div>\r\n<\/div>\r\n<\/div>\r\n<\/article><article class=\"w-full text-token-text-primary focus-visible:outline-2 focus-visible:outline-offset-[-4px]\" dir=\"auto\" data-testid=\"conversation-turn-7\" data-scroll-anchor=\"true\">\r\n<div class=\"text-base my-auto mx-auto py-[18px] px-6\">\r\n<div class=\"mx-auto flex flex-1 text-base gap-4 md:gap-5 lg:gap-6 md:max-w-3xl lg:max-w-[40rem] xl:max-w-[48rem]\">\r\n<div class=\"group\/conversation-turn relative flex w-full min-w-0 flex-col agent-turn @xs\/thread:px-0 @sm\/thread:px-1.5 @md\/thread:px-4\">\r\n<div class=\"flex-col gap-1 md:gap-3\">\r\n<div class=\"flex max-w-full flex-col flex-grow\">\r\n<div class=\"min-h-8 text-message relative flex w-full flex-col items-end gap-2 whitespace-normal break-words text-start [.text-message+&]:mt-5\" dir=\"auto\" data-message-author-role=\"assistant\" data-message-id=\"9f33aca4-4112-4cfa-bb7d-7fa2eda4ee06\" data-message-model-slug=\"gpt-4o\">\r\n<div class=\"flex w-full flex-col gap-1 empty:hidden first:pt-[3px]\">\r\n<div class=\"markdown prose w-full break-words dark:prose-invert light\">\r\n<h2 data-start=\"0\" data-end=\"57\"><strong data-start=\"3\" data-end=\"55\">Foire Aux Questions (FAQ) sur le Tarn-et-Garonne<\/strong><\/h2>\r\n<h3 data-start=\"59\" data-end=\"124\"><strong data-start=\"63\" data-end=\"122\">Quels sont les plus beaux villages du Tarn-et-Garonne ?<\/strong><\/h3>\r\n<p data-start=\"125\" data-end=\"546\">Le Tarn-et-Garonne abrite plusieurs villages class\u00e9s parmi les \u201cPlus Beaux Villages de France\u201d. Parmi eux, <strong data-start=\"232\" data-end=\"244\">Lauzerte<\/strong>, surnomm\u00e9e la \u201ccolline inspir\u00e9e\u201d, s\u00e9duit par ses ruelles m\u00e9di\u00e9vales et ses maisons en pierre. <strong data-start=\"339\" data-end=\"351\">Auvillar<\/strong>, perch\u00e9 sur une colline, est r\u00e9put\u00e9 pour sa halle circulaire et son \u00e9glise Saint-Pierre. <strong data-start=\"441\" data-end=\"454\">Bruniquel<\/strong>, avec ses ch\u00e2teaux dominant la vall\u00e9e de l\u2019Aveyron, offre un cadre m\u00e9di\u00e9val exceptionnel.<\/p>\r\n\r\n<h3 data-start=\"548\" data-end=\"625\"><strong data-start=\"552\" data-end=\"623\">Quels sont les sites incontournables \u00e0 visiter en Tarn-et-Garonne ?<\/strong><\/h3>\r\n<p data-start=\"626\" data-end=\"899\">Parmi les sites majeurs, on retrouve <strong data-start=\"663\" data-end=\"686\">l\u2019abbaye de Moissac<\/strong>, class\u00e9e au patrimoine mondial de l\u2019UNESCO, les <strong data-start=\"735\" data-end=\"758\">gorges de l\u2019Aveyron<\/strong> id\u00e9ales pour la randonn\u00e9e et le cano\u00eb, ainsi que la ville de <strong data-start=\"820\" data-end=\"833\">Montauban<\/strong>, c\u00e9l\u00e8bre pour sa place Nationale et son mus\u00e9e Ingres Bourdelle.<\/p>\r\n\r\n<h3 data-start=\"901\" data-end=\"976\"><strong data-start=\"905\" data-end=\"974\">Quelle est la meilleure p\u00e9riode pour visiter le Tarn-et-Garonne ?<\/strong><\/h3>\r\n<p data-start=\"977\" data-end=\"1290\">Le <strong data-start=\"980\" data-end=\"1002\">printemps et l\u2019\u00e9t\u00e9<\/strong> sont les saisons id\u00e9ales pour profiter des paysages verdoyants, des march\u00e9s locaux et des activit\u00e9s de plein air. L\u2019<strong data-start=\"1119\" data-end=\"1130\">automne<\/strong> est parfait pour d\u00e9couvrir les vignobles et assister aux vendanges. L\u2019<strong data-start=\"1201\" data-end=\"1210\">hiver<\/strong>, bien que plus calme, permet de visiter les sites historiques sans affluence.<\/p>\r\n\r\n<h3 data-start=\"1292\" data-end=\"1362\"><strong data-start=\"1296\" data-end=\"1360\">Quelles sont les sp\u00e9cialit\u00e9s culinaires du Tarn-et-Garonne ?<\/strong><\/h3>\r\n<p data-start=\"1363\" data-end=\"1676\">Les incontournables de la gastronomie locale incluent le <strong data-start=\"1420\" data-end=\"1450\">chasselas de Moissac (AOC)<\/strong>, le <strong data-start=\"1455\" data-end=\"1468\">foie gras<\/strong>, les <strong data-start=\"1474\" data-end=\"1506\">magrets et confits de canard<\/strong>, le <strong data-start=\"1511\" data-end=\"1530\">melon du Quercy<\/strong>, ainsi que les <strong data-start=\"1546\" data-end=\"1567\">fromages fermiers<\/strong> comme le cab\u00e9cou. Pour les amateurs de sucr\u00e9, la <strong data-start=\"1617\" data-end=\"1641\">croustade aux pommes<\/strong> est une p\u00e2tisserie embl\u00e9matique.<\/p>\r\n\r\n<h3 data-start=\"1678\" data-end=\"1756\"><strong data-start=\"1682\" data-end=\"1754\">Quelles activit\u00e9s peut-on faire en famille dans le Tarn-et-Garonne ?<\/strong><\/h3>\r\n<p data-start=\"1757\" data-end=\"1829\">Le d\u00e9partement propose de nombreuses activit\u00e9s adapt\u00e9es aux familles :<\/p>\r\n\r\n<ul data-start=\"1830\" data-end=\"2078\">\r\n \t<li data-start=\"1830\" data-end=\"1882\"><strong data-start=\"1832\" data-end=\"1851\">Balades en v\u00e9lo<\/strong> le long du canal de Garonne.<\/li>\r\n \t<li data-start=\"1883\" data-end=\"1944\"><strong data-start=\"1885\" data-end=\"1912\">Randonn\u00e9es et baignades<\/strong> dans les gorges de l\u2019Aveyron.<\/li>\r\n \t<li data-start=\"1945\" data-end=\"2022\"><strong data-start=\"1947\" data-end=\"1980\">Visite de fermes p\u00e9dagogiques<\/strong> pour d\u00e9couvrir les produits du terroir.<\/li>\r\n \t<li data-start=\"2023\" data-end=\"2078\"><strong data-start=\"2025\" data-end=\"2049\">Croisi\u00e8res fluviales<\/strong> sur le Tarn et la Garonne.<\/li>\r\n<\/ul>\r\n<h3 data-start=\"2080\" data-end=\"2147\"><strong data-start=\"2084\" data-end=\"2145\">Quels sont les \u00e9v\u00e9nements et festivals \u00e0 ne pas manquer ?<\/strong><\/h3>\r\n<p data-start=\"2148\" data-end=\"2224\">Le Tarn-et-Garonne organise plusieurs \u00e9v\u00e9nements tout au long de l\u2019ann\u00e9e :<\/p>\r\n\r\n<ul data-start=\"2225\" data-end=\"2442\">\r\n \t<li data-start=\"2225\" data-end=\"2307\"><strong data-start=\"2227\" data-end=\"2273\">Festival des Voix, des Lieux et des Mondes<\/strong> \u00e0 Moissac (musique et culture).<\/li>\r\n \t<li data-start=\"2308\" data-end=\"2383\"><strong data-start=\"2310\" data-end=\"2335\">Les march\u00e9s nocturnes<\/strong> en \u00e9t\u00e9, mettant en avant les produits locaux.<\/li>\r\n \t<li data-start=\"2384\" data-end=\"2442\"><strong data-start=\"2386\" data-end=\"2426\">Les f\u00eates de la Chasselas de Moissac<\/strong> en septembre.<\/li>\r\n<\/ul>\r\n<h3 data-start=\"2444\" data-end=\"2497\"><strong data-start=\"2448\" data-end=\"2495\">Comment se rendre dans le Tarn-et-Garonne ?<\/strong><\/h3>\r\n<p data-start=\"2498\" data-end=\"2564\">Le d\u00e9partement est facilement accessible par diff\u00e9rents moyens :<\/p>\r\n\r\n<ul data-start=\"2565\" data-end=\"2846\">\r\n \t<li data-start=\"2565\" data-end=\"2660\"><strong data-start=\"2567\" data-end=\"2581\">En voiture<\/strong> : via l\u2019autoroute <strong data-start=\"2600\" data-end=\"2607\">A62<\/strong> (Bordeaux-Toulouse) ou l\u2019<strong data-start=\"2633\" data-end=\"2640\">A20<\/strong> (Paris-Toulouse).<\/li>\r\n \t<li data-start=\"2661\" data-end=\"2734\"><strong data-start=\"2663\" data-end=\"2675\">En train<\/strong> : Montauban est desservie par le <strong data-start=\"2709\" data-end=\"2731\">TGV Paris-Toulouse<\/strong>.<\/li>\r\n \t<li data-start=\"2735\" data-end=\"2846\"><strong data-start=\"2737\" data-end=\"2749\">En avion<\/strong> : l\u2019a\u00e9roport le plus proche est <strong data-start=\"2782\" data-end=\"2802\">Toulouse-Blagnac<\/strong>, situ\u00e9 \u00e0 environ 45 minutes de Montauban.<\/li>\r\n<\/ul>\r\n<h3 data-start=\"2848\" data-end=\"2909\"><strong data-start=\"2852\" data-end=\"2907\">Peut-on visiter le Tarn-et-Garonne en camping-car ?<\/strong><\/h3>\r\n<p data-start=\"2910\" data-end=\"3130\">Oui, le Tarn-et-Garonne dispose de nombreux <strong data-start=\"2954\" data-end=\"2978\">aires de camping-car<\/strong> et campings offrant des emplacements adapt\u00e9s. Les villages et sites touristiques sont g\u00e9n\u00e9ralement bien \u00e9quip\u00e9s pour accueillir les camping-caristes.<\/p>\r\n\r\n<h3 data-start=\"3132\" data-end=\"3216\"><strong data-start=\"3136\" data-end=\"3214\">Quels sont les meilleurs endroits pour randonner dans le Tarn-et-Garonne ?<\/strong><\/h3>\r\n<p data-start=\"3217\" data-end=\"3404\">Les <strong data-start=\"3221\" data-end=\"3244\">gorges de l\u2019Aveyron<\/strong>, les <strong data-start=\"3250\" data-end=\"3271\">causses du Quercy<\/strong>, ainsi que les berges du <strong data-start=\"3297\" data-end=\"3328\">Tarn et du canal de Garonne<\/strong> offrent de magnifiques sentiers de randonn\u00e9e, accessibles \u00e0 tous niveaux.<\/p>\r\n\r\n<h3 data-start=\"3406\" data-end=\"3495\"><strong data-start=\"3410\" data-end=\"3493\">Le Tarn-et-Garonne est-il une bonne destination pour un s\u00e9jour \u0153notouristique ?<\/strong><\/h3>\r\n<p data-start=\"3496\" data-end=\"3751\"><a href=\"https:\/\/www.tarnetgaronne.fr\/\" target=\"_blank\" rel=\"noopener\">Le d\u00e9partement<\/a> produit d\u2019excellents vins, notamment dans les <strong data-start=\"3570\" data-end=\"3591\">Coteaux du Quercy<\/strong> et <strong data-start=\"3595\" data-end=\"3606\">Fronton<\/strong>. De nombreuses caves et domaines proposent des <strong data-start=\"3654\" data-end=\"3681\">d\u00e9gustations et visites<\/strong> pour d\u00e9couvrir les c\u00e9pages locaux et le savoir-faire des vignerons.<\/p>\r\n<p data-start=\"3753\" data-end=\"3965\" data-is-last-node=\"\" data-is-only-node=\"\">Avec cette FAQ optimis\u00e9e, les visiteurs ont toutes les informations essentielles pour pr\u00e9parer leur s\u00e9jour en <strong data-start=\"3863\" data-end=\"3882\">Tarn-et-Garonne<\/strong> et profiter pleinement de ses richesses naturelles, culturelles et gastronomiques.<\/p>\r\n\r\n<\/div>\r\n<\/div>\r\n<\/div>\r\n<\/div>\r\n<\/div>\r\n<\/div>\r\n<\/div>\r\n<\/div>\r\n<\/article>\t\t\t\t\t\t\t\t<\/div>\n\t\t\t\t\t<\/div>\n\t\t\t\t<\/div>\n\t\t\t\t<\/div>\n\t\t","protected":false},"excerpt":{"rendered":"<p>Recherches populaires Categories Pas de r\u00e9sultats Voir tous les r\u00e9sultats Le Tarn et Garonne Le Tarn et Garonne est un d\u00e9partement du sud-ouest de la France, riche en patrimoine historique, paysages vari\u00e9s et traditions culinaires. Situ\u00e9 en r\u00e9gion Occitanie, il est entour\u00e9 par les d\u00e9partements du Lot, de l\u2019Aveyron, du Tarn, de la Haute-Garonne, du [&hellip;]<\/p>\n","protected":false},"author":1,"featured_media":59147,"comment_status":"closed","ping_status":"closed","sticky":false,"template":"elementor_header_footer","format":"standard","meta":{"ngg_post_thumbnail":0,"footnotes":""},"categories":[2541,2563,477,1165],"tags":[883],"class_list":["post-59142","post","type-post","status-publish","format-standard","has-post-thumbnail","hentry","category-tarn-et-garonne","category-departement-de-france","category-france","category-occitanie","tag-departement"],"_links":{"self":[{"href":"https:\/\/cparici.com\/fr\/wp-json\/wp\/v2\/posts\/59142","targetHints":{"allow":["GET"]}}],"collection":[{"href":"https:\/\/cparici.com\/fr\/wp-json\/wp\/v2\/posts"}],"about":[{"href":"https:\/\/cparici.com\/fr\/wp-json\/wp\/v2\/types\/post"}],"author":[{"embeddable":true,"href":"https:\/\/cparici.com\/fr\/wp-json\/wp\/v2\/users\/1"}],"replies":[{"embeddable":true,"href":"https:\/\/cparici.com\/fr\/wp-json\/wp\/v2\/comments?post=59142"}],"version-history":[{"count":0,"href":"https:\/\/cparici.com\/fr\/wp-json\/wp\/v2\/posts\/59142\/revisions"}],"wp:featuredmedia":[{"embeddable":true,"href":"https:\/\/cparici.com\/fr\/wp-json\/wp\/v2\/media\/59147"}],"wp:attachment":[{"href":"https:\/\/cparici.com\/fr\/wp-json\/wp\/v2\/media?parent=59142"}],"wp:term":[{"taxonomy":"category","embeddable":true,"href":"https:\/\/cparici.com\/fr\/wp-json\/wp\/v2\/categories?post=59142"},{"taxonomy":"post_tag","embeddable":true,"href":"https:\/\/cparici.com\/fr\/wp-json\/wp\/v2\/tags?post=59142"}],"curies":[{"name":"wp","href":"https:\/\/api.w.org\/{rel}","templated":true}]}}