{"id":64505,"date":"2025-04-13T11:03:48","date_gmt":"2025-04-13T09:03:48","guid":{"rendered":"https:\/\/cparici.com\/?p=64505"},"modified":"2025-04-15T07:02:03","modified_gmt":"2025-04-15T05:02:03","slug":"air-france","status":"publish","type":"post","link":"https:\/\/cparici.com\/fr\/air-france\/","title":{"rendered":"Air France"},"content":{"rendered":"\t\t<div data-elementor-type=\"wp-post\" data-elementor-id=\"64505\" class=\"elementor elementor-64505\" data-elementor-post-type=\"post\">\n\t\t\t\t<div class=\"elementor-element elementor-element-bc0e536 e-con-full e-flex e-con e-parent\" data-id=\"bc0e536\" data-element_type=\"container\" data-e-type=\"container\">\n\t\t\t\t<div class=\"elementor-element elementor-element-29775b3 elementor-widget elementor-widget-image\" data-id=\"29775b3\" data-element_type=\"widget\" data-e-type=\"widget\" data-widget_type=\"image.default\">\n\t\t\t\t\t\t\t\t\t\t\t\t\t\t\t<img decoding=\"async\" width=\"1500\" height=\"530\" src=\"https:\/\/cparici.com\/wp-content\/uploads\/2025\/04\/cparici-2025-04-13T104040.516.jpg\" class=\"attachment-full size-full wp-image-64515\" alt=\"Air France\" srcset=\"https:\/\/cparici.com\/wp-content\/uploads\/2025\/04\/cparici-2025-04-13T104040.516.jpg 1500w, https:\/\/cparici.com\/wp-content\/uploads\/2025\/04\/cparici-2025-04-13T104040.516-300x106.jpg 300w, https:\/\/cparici.com\/wp-content\/uploads\/2025\/04\/cparici-2025-04-13T104040.516-1024x362.jpg 1024w, https:\/\/cparici.com\/wp-content\/uploads\/2025\/04\/cparici-2025-04-13T104040.516-768x271.jpg 768w, https:\/\/cparici.com\/wp-content\/uploads\/2025\/04\/cparici-2025-04-13T104040.516-18x6.jpg 18w, https:\/\/cparici.com\/wp-content\/uploads\/2025\/04\/cparici-2025-04-13T104040.516-590x208.jpg 590w, https:\/\/cparici.com\/wp-content\/uploads\/2025\/04\/cparici-2025-04-13T104040.516-1200x424.jpg 1200w, https:\/\/cparici.com\/wp-content\/uploads\/2025\/04\/cparici-2025-04-13T104040.516-577x204.jpg 577w, https:\/\/cparici.com\/wp-content\/uploads\/2025\/04\/cparici-2025-04-13T104040.516-600x212.jpg 600w\" sizes=\"(max-width: 1500px) 100vw, 1500px\" \/>\t\t\t\t\t\t\t\t\t\t\t\t\t\t\t<\/div>\n\t\t\t\t<\/div>\n\t\t<div class=\"elementor-element elementor-element-ff22db7 e-flex e-con-boxed e-con e-parent\" data-id=\"ff22db7\" data-element_type=\"container\" data-e-type=\"container\">\n\t\t\t\t\t<div class=\"e-con-inner\">\n\t\t\t\t<div class=\"elementor-element elementor-element-cee6769 elementor-widget elementor-widget-global elementor-global-62046 elementor-widget-eael-advanced-search\" data-id=\"cee6769\" data-element_type=\"widget\" data-e-type=\"widget\" data-widget_type=\"eael-advanced-search.default\">\n\t\t\t\t\t        <div class=\"eael-adv-search-wrapper\">\n            <div id=\"eael-advanced-search-widget-cee6769\" class=\"eael-advanced-search-widget\">\n                <form data-settings=\"{&quot;post_per_page&quot;:5,&quot;search_among_taxonomies&quot;:&quot;&quot;,&quot;search_among_sku&quot;:&quot;no&quot;,&quot;show_popular_keyword&quot;:0,&quot;show_category&quot;:0,&quot;show_content_image&quot;:1,&quot;show_search_result_all_results&quot;:0,&quot;result_on_new_tab&quot;:&quot;no&quot;,&quot;show_product_price&quot;:&quot;no&quot;,&quot;include_current_page&quot;:&quot;no&quot;,&quot;orderby&quot;:&quot;default&quot;,&quot;order&quot;:&quot;DESC&quot;,&quot;current_post_id&quot;:64505,&quot;post_type&quot;:[&quot;post&quot;,&quot;listing&quot;]}\" method=\"POST\" name=\"eael-advanced-search-form-cee6769\" class=\"eael-advanced-search-form eael-advanced-search-form-style-2\">\n                    <div class=\"eael-advanced-search-wrap\">\n                        <span class=\"eael-adv-search-loader\"><\/span>\n                        <span class=\"eael-adv-search-close\"><i class=\"fas fa-times\"><\/i><\/span>\n                        <span class=\"icon \"><i class=\"fas fa-search\"><\/i><\/span>\n\n                        <input type=\"text\"\n                               placeholder=\"Votre destination\"\n                               class=\"eael-advanced-search\" autocomplete=\"off\" name=\"eael_advanced_search\">\n                    <\/div>\n\t\t\t\t\t                                    <\/form>\n\n\t\t\t\t\n\t\t\t\t        <div class=\"eael-advanced-search-result\">\n            <div class=\"eael-advanced-search-popular-keyword\">\n\t\t\t\t<h4 class=\"eael-advanced-search-popular-keyword-text\">Recherches populaires<\/h4>                <div class=\"eael-popular-keyword-content\"><\/div>\n            <\/div>\n            <div class=\"eael-advanced-search-category\">\n\t\t\t\t<h4 class=\"eael-advanced-search-category-text\">Categories<\/h4>                <div class=\"eael-popular-category-content\"><\/div>\n            <\/div>\n\t\t\t<div class=\"eael-advanced-search-total-results-section\">\n\t\t\t\t\t\t\t<\/div>\n            <div class=\"eael-advanced-search-content eael-item-style-3\">\n            <\/div>\n            <div class=\"eael-advanced-search-not-found\">\n                <p>Pas de r\u00e9sultats<\/p><\/div>\n            <div class=\"eael-advanced-search-load-more\">\n\t\t\t\t<a \tclass=\"eael-advanced-search-load-more-button\"\n                \thref=\"#\">Voir tous les r\u00e9sultats<\/a>\n            <\/div>\n        <\/div>\n\n\t\t            <\/div>\n        <\/div>\n\n\t\t\t\t\t\t<\/div>\n\t\t\t\t\t<\/div>\n\t\t\t\t<\/div>\n\t\t<div class=\"elementor-element elementor-element-ddc88c2 e-flex e-con-boxed e-con e-parent\" data-id=\"ddc88c2\" data-element_type=\"container\" data-e-type=\"container\">\n\t\t\t\t\t<div class=\"e-con-inner\">\n\t\t<div class=\"elementor-element elementor-element-4fd2e60 e-con-full e-flex e-con e-child\" data-id=\"4fd2e60\" data-element_type=\"container\" data-e-type=\"container\">\n\t\t\t\t<div class=\"elementor-element elementor-element-b042f74 elementor-widget elementor-widget-text-editor\" data-id=\"b042f74\" data-element_type=\"widget\" data-e-type=\"widget\" data-widget_type=\"text-editor.default\">\n\t\t\t\t\t\t\t\t\t<h1 style=\"text-align: center;\" data-start=\"199\" data-end=\"259\">Air France, Tips et informations pratiques en 2025<\/h1><p data-start=\"261\" data-end=\"587\">Fond\u00e9e en 1933, <strong>Air France<\/strong> s\u2019impose comme la compagnie a\u00e9rienne nationale fran\u00e7aise, symbole d\u2019\u00e9l\u00e9gance et de savoir-faire. Membre fondateur de l\u2019alliance SkyTeam, elle dessert aujourd\u2019hui plus de 180 destinations \u00e0 travers le monde, incarnant l\u2019excellence du voyage \u00e0 la fran\u00e7aise.<\/p>\t\t\t\t\t\t\t\t<\/div>\n\t\t\t\t<\/div>\n\t\t\t\t\t<\/div>\n\t\t\t\t<\/div>\n\t\t<div class=\"elementor-element elementor-element-f9c4a89 e-flex e-con-boxed e-con e-parent\" data-id=\"f9c4a89\" data-element_type=\"container\" data-e-type=\"container\">\n\t\t\t\t\t<div class=\"e-con-inner\">\n\t\t\t\t<div class=\"elementor-element elementor-element-a03314a elementor-widget elementor-widget-shortcode\" data-id=\"a03314a\" data-element_type=\"widget\" data-e-type=\"widget\" data-widget_type=\"shortcode.default\">\n\t\t\t\t\t\t\t<div class=\"elementor-shortcode\"><div id=\"ez-toc-container\" class=\"ez-toc-v2_0_82_2 counter-hierarchy ez-toc-counter ez-toc-custom ez-toc-container-direction\">\n<div class=\"ez-toc-title-container\">\n<p class=\"ez-toc-title\" style=\"cursor:inherit\">Dans cet article<\/p>\n<span class=\"ez-toc-title-toggle\"><\/span><\/div>\n<nav><ul class='ez-toc-list ez-toc-list-level-1 ' ><li class='ez-toc-page-1 ez-toc-heading-level-2'><a class=\"ez-toc-link ez-toc-heading-1\" href=\"https:\/\/cparici.com\/fr\/air-france\/#Reservation_Air_France_description_conseils_et_tutoriel_complet\">R\u00e9servation Air France : description, conseils et tutoriel complet<\/a><\/li><li class='ez-toc-page-1 ez-toc-heading-level-2'><a class=\"ez-toc-link ez-toc-heading-2\" href=\"https:\/\/cparici.com\/fr\/air-france\/#Enregistrement_Air_France_guide_complet_et_tutoriel_pas_a_pas\">Enregistrement Air France : guide complet et tutoriel pas \u00e0 pas<\/a><\/li><li class='ez-toc-page-1 ez-toc-heading-level-2'><a class=\"ez-toc-link ez-toc-heading-3\" href=\"https:\/\/cparici.com\/fr\/air-france\/#Historique_et_identite_de_la_marque_Air_France\">Historique et identit\u00e9 de la marque Air France<\/a><\/li><li class='ez-toc-page-1 ez-toc-heading-level-2'><a class=\"ez-toc-link ez-toc-heading-4\" href=\"https:\/\/cparici.com\/fr\/air-france\/#Reseau_et_destinations\">R\u00e9seau et destinations<\/a><\/li><li class='ez-toc-page-1 ez-toc-heading-level-2'><a class=\"ez-toc-link ez-toc-heading-5\" href=\"https:\/\/cparici.com\/fr\/air-france\/#Flotte_et_modernisation_Air_France_vers_une_aviation_plus_responsable\">Flotte et modernisation Air France : vers une aviation plus responsable<\/a><\/li><li class='ez-toc-page-1 ez-toc-heading-level-2'><a class=\"ez-toc-link ez-toc-heading-6\" href=\"https:\/\/cparici.com\/fr\/air-france\/#Experience_a_bord_Air_France_voyage_entre_elegance_et_confort\">Exp\u00e9rience \u00e0 bord Air France : voyage entre \u00e9l\u00e9gance et confort<\/a><\/li><li class='ez-toc-page-1 ez-toc-heading-level-2'><a class=\"ez-toc-link ez-toc-heading-7\" href=\"https:\/\/cparici.com\/fr\/air-france\/#Programme_de_fidelite_Flying_Blue\">Programme de fid\u00e9lit\u00e9 Flying Blue<\/a><\/li><li class='ez-toc-page-1 ez-toc-heading-level-2'><a class=\"ez-toc-link ez-toc-heading-8\" href=\"https:\/\/cparici.com\/fr\/air-france\/#Engagements_environnementaux\">Engagements environnementaux<\/a><\/li><li class='ez-toc-page-1 ez-toc-heading-level-2'><a class=\"ez-toc-link ez-toc-heading-9\" href=\"https:\/\/cparici.com\/fr\/air-france\/#Actualites_recentes\">Actualit\u00e9s r\u00e9centes<\/a><\/li><li class='ez-toc-page-1 ez-toc-heading-level-2'><a class=\"ez-toc-link ez-toc-heading-10\" href=\"https:\/\/cparici.com\/fr\/air-france\/#Conclusion\">Conclusion<\/a><\/li><li class='ez-toc-page-1 ez-toc-heading-level-2'><a class=\"ez-toc-link ez-toc-heading-11\" href=\"https:\/\/cparici.com\/fr\/air-france\/#Foire_Aux_Questions_%E2%80%93_Air_France\">Foire Aux Questions \u2013 Air France<\/a><\/li><\/ul><\/nav><\/div>\n<\/div>\n\t\t\t\t\t\t<\/div>\n\t\t\t\t\t<\/div>\n\t\t\t\t<\/div>\n\t\t<div class=\"elementor-element elementor-element-2426f14 e-flex e-con-boxed e-con e-parent\" data-id=\"2426f14\" data-element_type=\"container\" data-e-type=\"container\">\n\t\t\t\t\t<div class=\"e-con-inner\">\n\t\t\t\t<div class=\"elementor-element elementor-element-dff4664 elementor-widget elementor-widget-text-editor\" data-id=\"dff4664\" data-element_type=\"widget\" data-e-type=\"widget\" data-widget_type=\"text-editor.default\">\n\t\t\t\t\t\t\t\t\t<h2 style=\"text-align: left;\" data-start=\"199\" data-end=\"259\"><span style=\"font-size: 34px; text-align: start;\">R\u00e9servation Air France : description, conseils et tutoriel complet<\/span><\/h2>\n<article dir=\"auto\" data-testid=\"conversation-turn-18\" data-scroll-anchor=\"true\">\n<p data-start=\"271\" data-end=\"598\"><strong data-start=\"271\" data-end=\"301\">R\u00e9server un vol Air France<\/strong>, c\u2019est faire le choix d\u2019une exp\u00e9rience de voyage fluide, \u00e9l\u00e9gante et s\u00e9curis\u00e9e. Que vous voyagiez pour le travail, les vacances ou un \u00e9v\u00e9nement particulier, Air France propose une plateforme intuitive et plusieurs canaux pour effectuer votre <strong data-start=\"544\" data-end=\"577\">r\u00e9servation de billet d\u2019avion<\/strong> en toute simplicit\u00e9.<\/p>\n<h3 data-start=\"605\" data-end=\"660\">Description du service de r\u00e9servation Air France<\/h3>\n<p data-start=\"662\" data-end=\"716\">Air France offre plusieurs moyens de r\u00e9server un vol :<\/p>\n<ul data-start=\"718\" data-end=\"918\">\n<li data-start=\"718\" data-end=\"785\">\n<p data-start=\"720\" data-end=\"785\">Sur le <strong data-start=\"727\" data-end=\"744\">site officiel<\/strong> <a href=\"https:\/\/www.airfrance.fr\" target=\"_new\" rel=\"noopener\" data-start=\"745\" data-end=\"785\">airfrance.fr<\/a><\/p>\n<\/li>\n<li data-start=\"786\" data-end=\"844\">\n<p data-start=\"788\" data-end=\"844\">Via l\u2019<strong data-start=\"794\" data-end=\"827\">application mobile Air France<\/strong> (iOS et Android)<\/p>\n<\/li>\n<li data-start=\"845\" data-end=\"877\">\n<p data-start=\"847\" data-end=\"877\">En agence de voyage partenaire<\/p>\n<\/li>\n<li data-start=\"878\" data-end=\"918\">\n<p data-start=\"880\" data-end=\"918\">Par t\u00e9l\u00e9phone aupr\u00e8s du service client<\/p>\n<\/li>\n<\/ul>\n<p data-start=\"920\" data-end=\"1220\">La plateforme en ligne permet de comparer facilement les horaires, les tarifs et les classes de voyage (\u00c9conomy, Premium Economy, Business, La Premi\u00e8re), d\u2019ajouter des options (bagages, si\u00e8ges, repas) et de payer avec diff\u00e9rents moyens : carte bancaire, ch\u00e8ques-vacances, avoirs ou Miles Flying Blue.<\/p>\n<figure id=\"attachment_64525\" aria-describedby=\"caption-attachment-64525\" style=\"width: 953px\" class=\"wp-caption aligncenter\"><a href=\"https:\/\/cparici.com\/wp-content\/uploads\/2025\/04\/ChatGPT-Image-13-avr.-2025-12_30_30.jpg\"><img decoding=\"async\" src=\"https:\/\/cparici.com\/wp-content\/uploads\/2025\/04\/ChatGPT-Image-13-avr.-2025-12_30_30-1024x683.jpg\" alt=\"Air France r\u00e9servation\" width=\"953\" height=\"635\"><\/a><figcaption id=\"caption-attachment-64525\" class=\"wp-caption-text\">Air France r\u00e9servation<\/figcaption><\/figure>\n<h3 data-start=\"1227\" data-end=\"1283\">Conseils pour bien r\u00e9server son billet Air France<\/h3>\n<p data-start=\"1285\" data-end=\"1346\">Voici quelques <strong data-start=\"1300\" data-end=\"1311\">astuces<\/strong> pour optimiser votre r\u00e9servation :<\/p>\n<ul data-start=\"1348\" data-end=\"1982\">\n<li data-start=\"1348\" data-end=\"1456\">\n<p data-start=\"1350\" data-end=\"1456\"><strong data-start=\"1350\" data-end=\"1373\">R\u00e9servez \u00e0 l\u2019avance<\/strong> : les prix sont souvent plus avantageux entre <strong data-start=\"1420\" data-end=\"1455\">6 et 8 semaines avant le d\u00e9part<\/strong>.<\/p>\n<\/li>\n<li data-start=\"1457\" data-end=\"1549\">\n<p data-start=\"1459\" data-end=\"1549\"><strong data-start=\"1459\" data-end=\"1477\">Soyez flexible<\/strong> sur vos dates de d\u00e9part et de retour pour acc\u00e9der aux meilleurs tarifs.<\/p>\n<\/li>\n<li data-start=\"1550\" data-end=\"1695\">\n<p data-start=\"1552\" data-end=\"1695\"><strong data-start=\"1552\" data-end=\"1586\">Comparez les classes de voyage<\/strong> : parfois, la diff\u00e9rence de prix entre Economy et Premium Economy est minime pour un confort bien sup\u00e9rieur.<\/p>\n<\/li>\n<li data-start=\"1696\" data-end=\"1860\">\n<p data-start=\"1698\" data-end=\"1860\"><strong data-start=\"1698\" data-end=\"1729\">Cr\u00e9ez un compte Flying Blue<\/strong> : vous pourrez cumuler des Miles \u00e0 chaque vol et b\u00e9n\u00e9ficier de r\u00e9ductions, d\u2019offres exclusives ou d\u2019un enregistrement plus rapide.<\/p>\n<\/li>\n<li data-start=\"1861\" data-end=\"1982\">\n<p data-start=\"1863\" data-end=\"1982\"><strong data-start=\"1863\" data-end=\"1898\">Utilisez les alertes tarifaires<\/strong> sur le site ou via des plateformes externes pour \u00eatre inform\u00e9 d\u2019une baisse de prix.<\/p>\n<\/li>\n<\/ul>\n<h3 data-start=\"1989\" data-end=\"2040\">Tutoriel pour r\u00e9server un vol sur Air France<\/h3>\n<ol data-start=\"2042\" data-end=\"3177\">\n<li data-start=\"2042\" data-end=\"2139\">\n<p data-start=\"2045\" data-end=\"2139\"><strong data-start=\"2045\" data-end=\"2139\">Allez sur le site airfrance.fr ou ouvrez l\u2019application mobile.<\/strong><\/p>\n<\/li>\n<li data-start=\"2141\" data-end=\"2286\">\n<p data-start=\"2144\" data-end=\"2183\"><strong data-start=\"2144\" data-end=\"2180\">Saisissez vos crit\u00e8res de voyage<\/strong> :<\/p>\n<ul data-start=\"2187\" data-end=\"2286\">\n<li data-start=\"2187\" data-end=\"2217\">\n<p data-start=\"2189\" data-end=\"2217\">Ville de d\u00e9part et d\u2019arriv\u00e9e<\/p>\n<\/li>\n<li data-start=\"2221\" data-end=\"2239\">\n<p data-start=\"2223\" data-end=\"2239\">Dates souhait\u00e9es<\/p>\n<\/li>\n<li data-start=\"2243\" data-end=\"2264\">\n<p data-start=\"2245\" data-end=\"2264\">Nombre de passagers<\/p>\n<\/li>\n<li data-start=\"2268\" data-end=\"2286\">\n<p data-start=\"2270\" data-end=\"2286\">Classe de voyage<\/p>\n<\/li>\n<\/ul>\n<\/li>\n<li data-start=\"2288\" data-end=\"2357\">\n<p data-start=\"2291\" data-end=\"2357\"><strong data-start=\"2291\" data-end=\"2321\">Cliquez sur \u00ab Rechercher \u00bb<\/strong> pour afficher les vols disponibles.<\/p>\n<\/li>\n<li data-start=\"2359\" data-end=\"2456\">\n<p data-start=\"2362\" data-end=\"2456\"><strong data-start=\"2362\" data-end=\"2386\">Comparez les options<\/strong> (horaires, escales, prix) puis s\u00e9lectionnez le vol qui vous convient.<\/p>\n<\/li>\n<li data-start=\"2458\" data-end=\"2650\">\n<p data-start=\"2461\" data-end=\"2489\"><strong data-start=\"2461\" data-end=\"2487\">Choisissez votre tarif<\/strong> :<\/p>\n<ul data-start=\"2493\" data-end=\"2650\">\n<li data-start=\"2493\" data-end=\"2541\">\n<p data-start=\"2495\" data-end=\"2541\">Light : tarif le plus bas sans bagage en soute<\/p>\n<\/li>\n<li data-start=\"2545\" data-end=\"2597\">\n<p data-start=\"2547\" data-end=\"2597\">Standard : bagage inclus + modifications possibles<\/p>\n<\/li>\n<li data-start=\"2601\" data-end=\"2650\">\n<p data-start=\"2603\" data-end=\"2650\">Flex : remboursement et modifications gratuites<\/p>\n<\/li>\n<\/ul>\n<\/li>\n<li data-start=\"2652\" data-end=\"2727\">\n<p data-start=\"2655\" data-end=\"2727\"><strong data-start=\"2655\" data-end=\"2678\">Ajoutez des options<\/strong> (si\u00e8ge, repas sp\u00e9cial, bagages suppl\u00e9mentaires).<\/p>\n<\/li>\n<li data-start=\"2729\" data-end=\"2811\">\n<p data-start=\"2732\" data-end=\"2811\"><strong data-start=\"2732\" data-end=\"2772\">Saisissez les informations passagers<\/strong> : nom, pr\u00e9nom, date de naissance, etc.<\/p>\n<\/li>\n<li data-start=\"2813\" data-end=\"2952\">\n<p data-start=\"2816\" data-end=\"2842\"><strong data-start=\"2816\" data-end=\"2840\">Proc\u00e9dez au paiement<\/strong> :<\/p>\n<ul data-start=\"2846\" data-end=\"2952\">\n<li data-start=\"2846\" data-end=\"2866\">\n<p data-start=\"2848\" data-end=\"2866\">Par carte bancaire<\/p>\n<\/li>\n<li data-start=\"2870\" data-end=\"2884\">\n<p data-start=\"2872\" data-end=\"2884\">Par virement<\/p>\n<\/li>\n<li data-start=\"2888\" data-end=\"2916\">\n<p data-start=\"2890\" data-end=\"2916\">Avec vos Miles Flying Blue<\/p>\n<\/li>\n<li data-start=\"2920\" data-end=\"2952\">\n<p data-start=\"2922\" data-end=\"2952\">Par avoir (voucher Air France)<\/p>\n<\/li>\n<\/ul>\n<\/li>\n<li data-start=\"2954\" data-end=\"3057\">\n<p data-start=\"2957\" data-end=\"3057\"><strong data-start=\"2957\" data-end=\"2998\">Recevez votre confirmation par e-mail<\/strong> avec un num\u00e9ro de r\u00e9servation (PNR) et les d\u00e9tails du vol.<\/p>\n<\/li>\n<li data-start=\"3059\" data-end=\"3177\">\n<p data-start=\"3063\" data-end=\"3177\"><strong data-start=\"3063\" data-end=\"3103\">Ajoutez votre voyage \u00e0 l\u2019application<\/strong> pour suivre votre vol, faire l\u2019enregistrement ou g\u00e9rer des modifications.<\/p>\n<\/li>\n<\/ol>\n<h3 data-start=\"3184\" data-end=\"3225\">Apr\u00e8s la r\u00e9servation : que faire ?<\/h3>\n<ul data-start=\"3227\" data-end=\"3455\">\n<li data-start=\"3227\" data-end=\"3282\">\n<p data-start=\"3229\" data-end=\"3282\"><strong data-start=\"3229\" data-end=\"3258\">Enregistrez-vous en ligne<\/strong> 30 heures avant le vol.<\/p>\n<\/li>\n<li data-start=\"3283\" data-end=\"3394\">\n<p data-start=\"3285\" data-end=\"3394\"><strong data-start=\"3285\" data-end=\"3312\">G\u00e9rez votre r\u00e9servation<\/strong> depuis la rubrique \u201cMes R\u00e9servations\u201d pour changer de si\u00e8ge ou ajouter un bagage.<\/p>\n<\/li>\n<li data-start=\"3395\" data-end=\"3455\">\n<p data-start=\"3397\" data-end=\"3455\"><strong data-start=\"3397\" data-end=\"3439\">T\u00e9l\u00e9chargez votre carte d\u2019embarquement<\/strong> ou imprimez-la.<\/p>\n<\/li>\n<\/ul>\n<p data-start=\"3462\" data-end=\"3722\">Faire une <strong data-start=\"3472\" data-end=\"3498\">r\u00e9servation Air France<\/strong>, c\u2019est acc\u00e9der \u00e0 un large choix de destinations, b\u00e9n\u00e9ficier d\u2019un service client reconnu et voyager avec une compagnie au savoir-faire centenaire. Gr\u00e2ce \u00e0 cette proc\u00e9dure simple, planifier son voyage devient un jeu d\u2019enfant.<\/p>\n<h2 data-start=\"190\" data-end=\"259\">Enregistrement Air France : guide complet et tutoriel pas \u00e0 pas<\/h2>\n<p data-start=\"261\" data-end=\"561\">L\u2019enregistrement est une \u00e9tape essentielle avant tout vol. Air France propose plusieurs options pour faciliter cette proc\u00e9dure, que ce soit en ligne, via l\u2019application mobile ou \u00e0 l\u2019a\u00e9roport. Ce guide vous accompagnera \u00e0 chaque \u00e9tape pour un voyage serein.<\/p>\n<figure id=\"attachment_64517\" aria-describedby=\"caption-attachment-64517\" style=\"width: 1024px\" class=\"wp-caption aligncenter\"><a href=\"https:\/\/cparici.com\/wp-content\/uploads\/2025\/04\/air-france-enregistrement.jpg\"><img decoding=\"async\" src=\"https:\/\/cparici.com\/wp-content\/uploads\/2025\/04\/air-france-enregistrement-1024x491.jpg\" alt=\"air france enregistrement\" width=\"1024\" height=\"491\"><\/a><figcaption id=\"caption-attachment-64517\" class=\"wp-caption-text\">air france enregistrement<\/figcaption><\/figure>\n<h3 data-start=\"568\" data-end=\"596\">Quand s\u2019enregistrer ?<\/h3>\n<ul data-start=\"598\" data-end=\"766\">\n<li data-start=\"598\" data-end=\"681\">\n<p data-start=\"600\" data-end=\"681\"><strong data-start=\"0\" data-end=\"40\" data-is-only-node=\"\">En ligne ou via l\u2019application mobile<\/strong> : \u00e0 partir de <strong data-start=\"55\" data-end=\"84\">30 heures avant le d\u00e9part<\/strong> du vol.<\/p>\n<\/li>\n<li data-start=\"683\" data-end=\"766\">\n<p data-start=\"685\" data-end=\"766\"><strong data-start=\"0\" data-end=\"49\" data-is-only-node=\"\">Vols Delta Air Lines au d\u00e9part des \u00c9tats-Unis<\/strong> : enregistrement possible <strong data-start=\"76\" data-end=\"105\">24 heures avant le d\u00e9part<\/strong>.<\/p>\n<\/li>\n<\/ul>\n<h3 data-start=\"773\" data-end=\"826\">Enregistrement en ligne sur le site Air France<\/h3>\n<ol data-start=\"828\" data-end=\"1794\">\n<li data-start=\"828\" data-end=\"953\">\n<p data-start=\"831\" data-end=\"953\"><strong data-start=\"831\" data-end=\"869\">Acc\u00e9dez \u00e0 la page d\u2019enregistrement<\/strong> <a href=\"https:\/\/wwws.airfrance.fr\/check-in\" target=\"_blank\" rel=\"noopener\">ICI<\/a><\/p>\n<\/li>\n<li data-start=\"955\" data-end=\"1061\">\n<p data-start=\"958\" data-end=\"1061\"><strong data-start=\"958\" data-end=\"977\">Identifiez-vous<\/strong> : saisissez votre <strong data-start=\"16\" data-end=\"44\">r\u00e9f\u00e9rence de r\u00e9servation<\/strong> ou votre <strong data-start=\"54\" data-end=\"85\">num\u00e9ro de carte Flying Blue<\/strong>.<\/p>\n<\/li>\n<li data-start=\"1063\" data-end=\"1180\">\n<p data-start=\"1066\" data-end=\"1180\"><strong data-start=\"1066\" data-end=\"1092\">S\u00e9lectionnez votre vol<\/strong> : choisissez le vol pour lequel vous souhaitez vous enregistrer.<\/p>\n<\/li>\n<li data-start=\"1182\" data-end=\"1299\">\n<p data-start=\"1185\" data-end=\"1299\"><strong data-start=\"1185\" data-end=\"1211\">Choisissez votre si\u00e8ge<\/strong> : vous pouvez s\u00e9lectionner votre si\u00e8ge pr\u00e9f\u00e9r\u00e9, selon les disponibilit\u00e9s.<\/p>\n<\/li>\n<li data-start=\"1301\" data-end=\"1794\">\n<p data-start=\"1304\" data-end=\"1430\"><strong data-start=\"1304\" data-end=\"1342\">Obtenez votre carte d\u2019embarquement<\/strong> : vous pouvez :<\/p>\n<ul data-start=\"1434\" data-end=\"1794\">\n<li data-start=\"1434\" data-end=\"1521\">\n<p data-start=\"1436\" data-end=\"1521\">La recevoir par e-mail.<\/p>\n<\/li>\n<li data-start=\"1525\" data-end=\"1612\">\n<p data-start=\"1527\" data-end=\"1612\">La t\u00e9l\u00e9charger sur votre t\u00e9l\u00e9phone.<\/p>\n<\/li>\n<li data-start=\"1616\" data-end=\"1703\">\n<p data-start=\"1618\" data-end=\"1703\">L\u2019imprimer imm\u00e9diatement.<\/p>\n<\/li>\n<li data-start=\"1707\" data-end=\"1794\">\n<p data-start=\"1709\" data-end=\"1794\">La retirer \u00e0 une borne Air France \u00e0 l\u2019a\u00e9roport.<\/p>\n<\/li>\n<\/ul>\n<\/li>\n<\/ol>\n<p data-start=\"1796\" data-end=\"1921\">Si votre carte d\u2019embarquement ne peut pas \u00eatre \u00e9mise en ligne ou sur une borne, vous devrez la retirer au comptoir Air France \u00e0 l\u2019a\u00e9roport. Dans ce cas, pr\u00e9voyez d\u2019arriver plus t\u00f4t car des contr\u00f4les suppl\u00e9mentaires sont possibles.<\/p>\n<h3 data-start=\"1928\" data-end=\"1985\">Enregistrement via l\u2019application mobile Air France<\/h3>\n<ol data-start=\"1987\" data-end=\"2598\">\n<li data-start=\"1987\" data-end=\"2118\">\n<p data-start=\"1990\" data-end=\"2118\"><strong data-start=\"1990\" data-end=\"2030\">T\u00e9l\u00e9chargez l\u2019application Air France<\/strong> : disponible sur <a href=\"https:\/\/apps.apple.com\/fr\/app\/air-france\/id341062030\" target=\"_new\" rel=\"noopener noreferrer\" data-start=\"15\" data-end=\"74\">iOS<\/a> et <a href=\"https:\/\/play.google.com\/store\/apps\/details?id=com.airfrance.android.dinamoprd&hl=fr\" target=\"_new\" rel=\"noopener noreferrer\" data-start=\"78\" data-end=\"172\">Android<\/a>.<\/p>\n<\/li>\n<li data-start=\"2120\" data-end=\"2229\">\n<p data-start=\"2123\" data-end=\"2229\"><strong data-start=\"2123\" data-end=\"2141\">Connectez-vous<\/strong> : utilisez vos identifiants Flying Blue ou votre r\u00e9f\u00e9rence de r\u00e9servation.<\/p>\n<\/li>\n<li data-start=\"2231\" data-end=\"2348\">\n<p data-start=\"2234\" data-end=\"2348\"><strong data-start=\"2234\" data-end=\"2260\">S\u00e9lectionnez votre vol<\/strong> : choisissez le vol concern\u00e9.<\/p>\n<\/li>\n<li data-start=\"2350\" data-end=\"2467\">\n<p data-start=\"2353\" data-end=\"2467\"><strong data-start=\"2353\" data-end=\"2379\">Choisissez votre si\u00e8ge<\/strong> : comme sur le site, vous pouvez s\u00e9lectionner votre si\u00e8ge.<\/p>\n<\/li>\n<li data-start=\"2469\" data-end=\"2598\">\n<p data-start=\"2472\" data-end=\"2598\"><strong data-start=\"2472\" data-end=\"2510\">Obtenez votre carte d\u2019embarquement<\/strong> : elle sera disponible directement dans l\u2019application.<\/p>\n<\/li>\n<\/ol>\n<h3 data-start=\"2605\" data-end=\"2639\">Enregistrement \u00e0 l\u2019a\u00e9roport<\/h3>\n<p data-start=\"2641\" data-end=\"2726\">Si vous pr\u00e9f\u00e9rez vous enregistrer \u00e0 l\u2019a\u00e9roport, Air France met \u00e0 disposition des <strong data-start=\"81\" data-end=\"108\">bornes en libre-service<\/strong> disponibles 24h\/24.<\/p>\n<ol data-start=\"2728\" data-end=\"3057\">\n<li data-start=\"2728\" data-end=\"2770\">\n<p data-start=\"2731\" data-end=\"2770\"><strong data-start=\"2731\" data-end=\"2769\">Rendez-vous \u00e0 une borne Air France<\/strong>.<\/p>\n<\/li>\n<li data-start=\"2772\" data-end=\"2882\">\n<p data-start=\"2775\" data-end=\"2882\"><strong data-start=\"2775\" data-end=\"2794\">Identifiez-vous<\/strong> : \u00e0 l\u2019aide de votre r\u00e9f\u00e9rence de r\u00e9servation, de votre num\u00e9ro de billet ou de votre carte Flying Blue.<\/p>\n<\/li>\n<li data-start=\"2884\" data-end=\"3012\">\n<p data-start=\"2887\" data-end=\"3012\"><strong data-start=\"2887\" data-end=\"2924\">Suivez les instructions \u00e0 l\u2019\u00e9cran<\/strong> : s\u00e9lection du vol, choix du si\u00e8ge, etc.<\/p>\n<\/li>\n<li data-start=\"3014\" data-end=\"3057\">\n<p data-start=\"3017\" data-end=\"3057\"><strong data-start=\"3017\" data-end=\"3056\">Imprimez votre carte d\u2019embarquement<\/strong>.<\/p>\n<\/li>\n<\/ol>\n<p data-start=\"3059\" data-end=\"3144\">Si vous avez des bagages \u00e0 enregistrer, dirigez-vous ensuite vers les comptoirs de d\u00e9pose bagages.<\/p>\n<h3 data-start=\"3151\" data-end=\"3180\">\u00c9tiquetage des bagages<\/h3>\n<p data-start=\"3182\" data-end=\"3267\">Air France propose \u00e9galement l\u2019impression des \u00e9tiquettes bagages :<\/p>\n<ul data-start=\"3269\" data-end=\"3479\">\n<li data-start=\"3269\" data-end=\"3371\">\n<p data-start=\"3271\" data-end=\"3371\"><strong data-start=\"3271\" data-end=\"3283\">En ligne<\/strong> : apr\u00e8s l\u2019enregistrement, vous pouvez imprimer votre \u00e9tiquette bagage \u00e0 domicile.<\/p>\n<\/li>\n<li data-start=\"3373\" data-end=\"3479\">\n<p data-start=\"3375\" data-end=\"3479\"><strong data-start=\"3375\" data-end=\"3391\">\u00c0 l\u2019a\u00e9roport<\/strong> : des bornes sont disponibles pour imprimer vos \u00e9tiquettes.<\/p>\n<\/li>\n<\/ul>\n<p data-start=\"3481\" data-end=\"3566\">Une fois l\u2019\u00e9tiquette appos\u00e9e sur votre bagage, d\u00e9posez-le au comptoir d\u00e9di\u00e9.<\/p>\n<p data-start=\"3894\" data-end=\"3979\">En suivant ces \u00e9tapes, vous pourrez vous enregistrer facilement et profiter d\u2019un voyage serein avec Air France.<\/p>\n<\/article>\n<h2 data-start=\"594\" data-end=\"639\">Historique et identit\u00e9 de la marque Air France<\/h2>\n<p data-start=\"641\" data-end=\"1014\">Air France na\u00eet en 1933 de la fusion de plusieurs compagnies a\u00e9riennes fran\u00e7aises. En 2004, elle fusionne avec KLM pour former le groupe Air France-KLM, devenant ainsi un acteur majeur du transport a\u00e9rien mondial. Son slogan actuel, \u00ab S\u2019envoler en toute \u00e9l\u00e9gance \u00bb, refl\u00e8te son engagement envers un service raffin\u00e9 et de qualit\u00e9.<\/p>\n<p data-start=\"40\" data-end=\"121\"><strong data-start=\"0\" data-end=\"76\" data-is-last-node=\"\" data-is-only-node=\"\">Air France : Histoire et Identit\u00e9 de Marque d\u2019une Ic\u00f4ne du Ciel Fran\u00e7ais<\/strong><\/p>\n<p data-start=\"123\" data-end=\"242\">Depuis sa cr\u00e9ation en 1933, Air France s\u2019est impos\u00e9e comme un symbole de l\u2019\u00e9l\u00e9gance et de l\u2019innovation dans le domaine du transport a\u00e9rien. Cet article retrace l\u2019\u00e9volution historique de la compagnie et explore les \u00e9l\u00e9ments cl\u00e9s qui d\u00e9finissent son identit\u00e9 de marque.<\/p>\n<h3 data-start=\"249\" data-end=\"305\">Les Origines : Naissance d\u2019une Compagnie Nationale<\/h3>\n<p data-start=\"307\" data-end=\"693\">Air France voit le jour le 7 octobre 1933, issue de la fusion de cinq compagnies a\u00e9riennes fran\u00e7aises : Air Orient, Air Union, la Compagnie G\u00e9n\u00e9rale A\u00e9ropostale, la Compagnie Internationale de Navigation A\u00e9rienne (CIDNA) et les Lignes Farman. Cette consolidation vise \u00e0 renforcer la position de la France dans le secteur a\u00e9ronautique mondial.<\/p>\n<p data-start=\"695\" data-end=\"927\">D\u00e8s ses d\u00e9buts, Air France adopte l\u2019hippocampe ail\u00e9 comme embl\u00e8me, h\u00e9rit\u00e9 d\u2019Air Orient. Ce symbole, surnomm\u00e9 \u201cla crevette\u201d par le personnel, incarne la puissance, la vitesse et l\u2019\u00e9l\u00e9gance.<\/p>\n<h3 data-start=\"934\" data-end=\"976\">Expansion et Innovations (1945\u20131975)<\/h3>\n<h4 data-start=\"978\" data-end=\"1015\">Nationalisation et R\u00e9seau Mondial<\/h4>\n<p data-start=\"1017\" data-end=\"1320\">Apr\u00e8s la Seconde Guerre mondiale, Air France est nationalis\u00e9e en 1945, devenant la compagnie a\u00e9rienne nationale fran\u00e7aise. Elle d\u00e9veloppe rapidement un vaste r\u00e9seau international, reliant Paris \u00e0 des destinations en Europe, en Afrique, en Asie et en Am\u00e9rique.<\/p>\n<h4 data-start=\"1322\" data-end=\"1349\">Avanc\u00e9es Technologiques<\/h4>\n<p data-start=\"1351\" data-end=\"1634\">Air France introduit des avions modernes tels que le Lockheed Constellation, offrant un confort accru aux passagers. En 1959, elle devient la premi\u00e8re compagnie non am\u00e9ricaine \u00e0 exploiter le Boeing 707, marquant le d\u00e9but de l\u2019\u00e8re des jets.<\/p>\n<h3 data-start=\"1641\" data-end=\"1697\">L\u2019\u00c8re Supersonique et la Modernisation (1976\u20132003)<\/h3>\n<h4 data-start=\"1699\" data-end=\"1737\">Le Concorde : Symbole d\u2019Excellence<\/h4>\n<p data-start=\"1739\" data-end=\"2006\">En 1976, Air France inaugure les vols commerciaux du Concorde, avion supersonique embl\u00e9matique. Cette prouesse technologique permet de relier Paris \u00e0 New York en moins de 3h30, offrant une exp\u00e9rience unique aux passagers.<\/p>\n<table style=\"border-collapse: collapse; width: 100%;\">\n<tbody>\n<tr>\n<td style=\"width: 50%;\"><figure id=\"attachment_64512\" aria-describedby=\"caption-attachment-64512\" style=\"width: 300px\" class=\"wp-caption aligncenter\"><a href=\"https:\/\/cparici.com\/wp-content\/uploads\/2025\/04\/13-avr.-2025-10_40_49.jpg\"><img decoding=\"async\" src=\"https:\/\/cparici.com\/wp-content\/uploads\/2025\/04\/13-avr.-2025-10_40_49-300x200.jpg\" alt=\"Air France histoire - le concorde\" width=\"300\" height=\"200\"><\/a><figcaption id=\"caption-attachment-64512\" class=\"wp-caption-text\">Air France histoire \u2013 le concorde<\/figcaption><\/figure><\/td>\n<td style=\"width: 50%;\"><figure id=\"attachment_64513\" aria-describedby=\"caption-attachment-64513\" style=\"width: 200px\" class=\"wp-caption aligncenter\"><a href=\"https:\/\/cparici.com\/wp-content\/uploads\/2025\/04\/13-avr.-2025-10_40_51.jpg\"><img decoding=\"async\" src=\"https:\/\/cparici.com\/wp-content\/uploads\/2025\/04\/13-avr.-2025-10_40_51-200x300.jpg\" alt=\"Air France histoire - le concorde en vol\" width=\"200\" height=\"300\"><\/a><figcaption id=\"caption-attachment-64513\" class=\"wp-caption-text\">Air France histoire \u2013 le concorde en vol<\/figcaption><\/figure><\/td>\n<\/tr>\n<\/tbody>\n<\/table>\n<h4 data-start=\"2008\" data-end=\"2042\">Identit\u00e9 Visuelle et Uniformes<\/h4>\n<p data-start=\"2044\" data-end=\"2305\">La compagnie modernise son image avec une nouvelle livr\u00e9e blanche et bleue, int\u00e9grant des bandes tricolores sur la d\u00e9rive. Les uniformes du personnel navigant \u00e9voluent \u00e9galement, refl\u00e9tant l\u2019\u00e9l\u00e9gance \u00e0 la fran\u00e7aise.<\/p>\n<h3 data-start=\"2312\" data-end=\"2351\">Fusion et R\u00e9invention (2004\u20132018)<\/h3>\n<h4 data-start=\"2353\" data-end=\"2398\">Air France-KLM : Une Alliance Strat\u00e9gique<\/h4>\n<p data-start=\"2400\" data-end=\"2525\">En 2004, Air France fusionne avec la compagnie n\u00e9erlandaise KLM, formant le groupe Air France-KLM. Cette alliance renforce la position du groupe sur le march\u00e9 mondial et permet une synergie des r\u00e9seaux et des services.<\/p>\n<h4 data-start=\"2527\" data-end=\"2562\">Refonte de l\u2019Identit\u00e9 de Marque<\/h4>\n<p data-start=\"2564\" data-end=\"2689\">En 2009, Air France adopte une nouvelle identit\u00e9 visuelle avec un logo modernis\u00e9, utilisant une typographie \u00e9pur\u00e9e et une barre rouge inclin\u00e9e symbolisant le dynamisme. Cette \u00e9volution vise \u00e0 renforcer la reconnaissance de la marque \u00e0 l\u2019international.<\/p>\n<h3 data-start=\"2696\" data-end=\"2748\">Une Marque Synonyme d\u2019\u00c9l\u00e9gance et d\u2019Innovation<\/h3>\n<h4 data-start=\"2750\" data-end=\"2781\">Design et Exp\u00e9rience Client<\/h4>\n<p data-start=\"2783\" data-end=\"2908\">Air France collabore avec des designers renomm\u00e9s pour cr\u00e9er des cabines alliant confort et esth\u00e9tisme. Les uniformes du personnel, con\u00e7us par des cr\u00e9ateurs tels que Christian Lacroix, incarnent le raffinement fran\u00e7ais.<\/p>\n<h4 data-start=\"2910\" data-end=\"2940\">Communication et Publicit\u00e9<\/h4>\n<p data-start=\"2942\" data-end=\"3067\">La compagnie met en avant l\u2019art de vivre \u00e0 la fran\u00e7aise \u00e0 travers ses campagnes publicitaires. La musique classique, notamment le Concerto pour piano n\u00b023 de Mozart, accompagne l\u2019embarquement et l\u2019atterrissage, cr\u00e9ant une ambiance distinctive.<\/p>\n<h3 data-start=\"3074\" data-end=\"3114\">Engagements pour un Avenir Durable<\/h3>\n<h4 data-start=\"3116\" data-end=\"3141\">Transition \u00c9cologique<\/h4>\n<p data-start=\"3143\" data-end=\"3268\">Air France s\u2019engage dans la r\u00e9duction de son empreinte carbone en renouvelant sa flotte avec des avions plus \u00e9conomes en carburant, tels que l\u2019Airbus A350 et l\u2019A220. La compagnie investit \u00e9galement dans les carburants d\u2019aviation durables (SAF) pour diminuer les \u00e9missions de CO\u2082.<\/p>\n<h4 data-start=\"3270\" data-end=\"3296\">Responsabilit\u00e9 Sociale<\/h4>\n<p data-start=\"3298\" data-end=\"3383\">La compagnie soutient diverses initiatives sociales et culturelles, promouvant la diversit\u00e9 et l\u2019inclusion au sein de son personnel et dans ses actions externes.<\/p>\n<h3 data-start=\"3390\" data-end=\"3439\">C\u00e9l\u00e9bration des 90 Ans : Un H\u00e9ritage Vivant<\/h3>\n<p data-start=\"3441\" data-end=\"3566\">En 2023, Air France c\u00e9l\u00e8bre son 90e anniversaire, mettant en lumi\u00e8re son riche h\u00e9ritage et son engagement envers l\u2019avenir. Des expositions et \u00e9v\u00e9nements sp\u00e9ciaux sont organis\u00e9s pour comm\u00e9morer cette \u00e9tape importante, renfor\u00e7ant le lien entre la compagnie et ses clients.<\/p>\n<h2 data-start=\"1021\" data-end=\"1052\">R\u00e9seau et destinations<\/h2>\n<p data-start=\"1054\" data-end=\"1534\">En 2025, Air France pr\u00e9voit jusqu\u2019\u00e0 900 vols quotidiens vers pr\u00e8s de 190 destinations. L\u2019Espagne b\u00e9n\u00e9ficie particuli\u00e8rement de cette expansion, avec une augmentation de 3 % des vols, notamment depuis Valence (+36 %), Bilbao (+9 %) et Barcelone (+5 %) vers Paris-Charles de Gaulle. De nouvelles liaisons vers Riyad, Orlando, Phoenix et Salvador de Bahia enrichissent \u00e9galement l\u2019offre long-courrier.<\/p>\n<p data-start=\"40\" data-end=\"159\">Air France, la compagnie a\u00e9rienne nationale fran\u00e7aise, dispose d\u2019un r\u00e9seau de destinations \u00e9tendu, reliant la France \u00e0 de nombreuses villes \u00e0 travers le monde. En 2025, la compagnie continue d\u2019\u00e9largir son offre pour r\u00e9pondre \u00e0 la demande croissante des voyageurs.<\/p>\n<h3 data-start=\"166\" data-end=\"200\">R\u00e9seau mondial d\u2019Air France<\/h3>\n<p data-start=\"202\" data-end=\"321\">En avril 2025, Air France dessert 19 destinations domestiques et 171 destinations internationales dans 85 pays. <a href=\"https:\/\/www.flightconnections.com\/fr\/vols-air-france-af?utm_source=chatgpt.com\" target=\"_blank\" rel=\"noopener\">FlightConnections<\/a><\/p>\n<h3 data-start=\"328\" data-end=\"389\">Hubs principaux : Paris-Charles de Gaulle et Paris-Orly<\/h3>\n<p data-start=\"391\" data-end=\"510\">Le principal hub d\u2019Air France est l\u2019a\u00e9roport Paris-Charles de Gaulle (CDG), qui sert de point de connexion majeur pour les vols internationaux. Paris-Orly (ORY) est \u00e9galement utilis\u00e9 pour certaines liaisons, notamment vers des destinations en Europe et en Afrique du Nord.<\/p>\n<h3 data-start=\"517\" data-end=\"550\">Expansion du r\u00e9seau en 2025<\/h3>\n<p data-start=\"552\" data-end=\"677\">Air France pr\u00e9voit d\u2019op\u00e9rer jusqu\u2019\u00e0 900 vols quotidiens vers pr\u00e8s de 190 destinations pendant la saison estivale 2025.<\/p>\n<h4 data-start=\"679\" data-end=\"718\">Nouvelles routes internationales<\/h4>\n<ul data-start=\"720\" data-end=\"1394\">\n<li data-start=\"720\" data-end=\"820\">\n<p data-start=\"722\" data-end=\"820\"><strong data-start=\"722\" data-end=\"732\">Europe<\/strong> : augmentation des vols vers l\u2019Italie (+8 %), la Gr\u00e8ce (Rhod\u00e8s, H\u00e9raklion) et la Croatie (Dubrovnik).<\/p>\n<\/li>\n<li data-start=\"822\" data-end=\"928\">\n<p data-start=\"824\" data-end=\"928\"><strong data-start=\"824\" data-end=\"840\">Moyen-Orient<\/strong> : ouverture d\u2019une liaison entre Paris-CDG et Riyad (Arabie Saoudite) avec jusqu\u2019\u00e0 5 vols hebdomadaires \u00e0 partir du 19 mai 2025.<\/p>\n<\/li>\n<li data-start=\"930\" data-end=\"1080\">\n<p data-start=\"932\" data-end=\"1080\"><strong data-start=\"932\" data-end=\"952\">Am\u00e9rique du Nord<\/strong> : lancement d\u2019une nouvelle route entre Paris-CDG et Orlando (Floride) avec 4 vols par semaine \u00e0 partir du 21 mai 2025.<\/p>\n<\/li>\n<li data-start=\"1082\" data-end=\"1191\">\n<p data-start=\"1084\" data-end=\"1191\"><strong data-start=\"1084\" data-end=\"1103\">Am\u00e9rique du Sud<\/strong> : prolongation de la route Paris-CDG \u2013 Salvador de Bahia (Br\u00e9sil) avec 3 vols hebdomadaires pendant l\u2019\u00e9t\u00e9 2025.<\/p>\n<\/li>\n<li data-start=\"1193\" data-end=\"1294\">\n<p data-start=\"1195\" data-end=\"1294\"><strong data-start=\"1195\" data-end=\"1206\">Afrique<\/strong> : renforcement des services vers Zanzibar, Kilimandjaro, Brazzaville et Nairobi.<\/p>\n<\/li>\n<li data-start=\"1296\" data-end=\"1394\">\n<p data-start=\"1298\" data-end=\"1394\"><strong data-start=\"1298\" data-end=\"1306\">Asie<\/strong> : la route Paris \u2013 Manille (Philippines), inaugur\u00e9e en hiver 2024, op\u00e9rera 3 fois par semaine.<\/p>\n<\/li>\n<\/ul>\n<h3 data-start=\"1401\" data-end=\"1436\">R\u00e9seau domestique en France<\/h3>\n<p data-start=\"1438\" data-end=\"1563\">Air France dessert 19 destinations int\u00e9rieures en France, reliant Paris aux principales villes r\u00e9gionales telles que Lyon, Marseille, Nice, Toulouse et Bordeaux.<\/p>\n<p data-start=\"1570\" data-end=\"1695\">En 2025, Air France continue de renforcer son r\u00e9seau de destinations, offrant aux voyageurs une connectivit\u00e9 accrue vers de nombreuses r\u00e9gions du monde. Avec l\u2019ajout de nouvelles routes et l\u2019augmentation des fr\u00e9quences sur des liaisons existantes, la compagnie r\u00e9pond \u00e0 la demande croissante de ses clients pour des voyages internationaux et domestiques.<\/p>\n<h2 data-start=\"1541\" data-end=\"1573\">Flotte et modernisation Air France : vers une aviation plus responsable<\/h2>\n<p data-start=\"202\" data-end=\"575\"><strong data-start=\"202\" data-end=\"216\">Air France<\/strong>, l\u2019une des compagnies a\u00e9riennes les plus embl\u00e9matiques d\u2019Europe, poursuit en 2025 un ambitieux programme de modernisation de sa flotte. Cette d\u00e9marche strat\u00e9gique s\u2019inscrit dans une volont\u00e9 de renforcer sa comp\u00e9titivit\u00e9 tout en r\u00e9duisant son impact environnemental. La <strong data-start=\"486\" data-end=\"509\">flotte d\u2019Air France<\/strong> est aujourd\u2019hui l\u2019une des plus diversifi\u00e9es et modernes d\u2019Europe.<\/p>\n<h3 data-start=\"577\" data-end=\"625\">Une flotte renouvel\u00e9e pour plus d\u2019efficacit\u00e9<\/h3>\n<p data-start=\"627\" data-end=\"1107\">Au mois d\u2019avril 2025, <strong data-start=\"649\" data-end=\"706\">la flotte d\u2019Air France comprend environ 227 appareils<\/strong>, dont une grande partie a \u00e9t\u00e9 renouvel\u00e9e au cours des derni\u00e8res ann\u00e9es. Parmi les avions les plus r\u00e9cents int\u00e9gr\u00e9s, on retrouve l\u2019<strong data-start=\"837\" data-end=\"856\">Airbus A220-300<\/strong>, qui remplace progressivement les anciens A318 et A319. Avec une capacit\u00e9 de 148 si\u00e8ges, cet avion de derni\u00e8re g\u00e9n\u00e9ration permet une r\u00e9duction de la consommation de carburant de 20 % et des \u00e9missions de CO\u2082 de 25 % par rapport aux mod\u00e8les pr\u00e9c\u00e9dents.<\/p>\n<p data-start=\"1109\" data-end=\"1392\">\u00c0 cela s\u2019ajoute l\u2019introduction de l\u2019<strong data-start=\"1145\" data-end=\"1164\">Airbus A350-900<\/strong>, fleuron du long-courrier. Plus silencieux et plus \u00e9conome, cet appareil offre un confort exceptionnel pour les passagers gr\u00e2ce \u00e0 ses cabines spacieuses, une meilleure pressurisation et un syst\u00e8me de divertissement dernier cri.<\/p>\n<h3 data-start=\"1394\" data-end=\"1451\">Diversit\u00e9 de la flotte pour couvrir tous les segments<\/h3>\n<p data-start=\"1453\" data-end=\"1787\">La flotte d\u2019Air France est segment\u00e9e pour couvrir tous les types de vols : court, moyen et long-courrier. Pour les liaisons europ\u00e9ennes et domestiques, la compagnie utilise principalement des <strong data-start=\"1645\" data-end=\"1653\">A220<\/strong>, <strong data-start=\"1655\" data-end=\"1663\">A320<\/strong> et <strong data-start=\"1667\" data-end=\"1675\">A321<\/strong>, tandis que les <strong data-start=\"1692\" data-end=\"1706\">Boeing 777<\/strong>, <strong data-start=\"1708\" data-end=\"1726\">787 Dreamliner<\/strong> et <strong data-start=\"1730\" data-end=\"1745\">Airbus A350<\/strong> desservent les routes intercontinentales.<\/p>\n<p data-start=\"1789\" data-end=\"1980\">Cette diversit\u00e9 permet \u00e0 la compagnie de s\u2019adapter \u00e0 la demande, en op\u00e9rant des appareils selon le niveau de trafic et la distance, tout en maintenant une forte <strong data-start=\"1950\" data-end=\"1979\">efficacit\u00e9 op\u00e9rationnelle<\/strong>.<\/p>\n<h3 data-start=\"1982\" data-end=\"2017\">Modernisation et confort \u00e0 bord<\/h3>\n<p data-start=\"2019\" data-end=\"2272\">La modernisation ne se limite pas \u00e0 la technologie des avions : elle concerne aussi l\u2019int\u00e9rieur des cabines. Air France a enti\u00e8rement repens\u00e9 ses cabines <strong data-start=\"2173\" data-end=\"2188\">La Premi\u00e8re<\/strong>, <strong data-start=\"2190\" data-end=\"2202\">Business<\/strong>, <strong data-start=\"2204\" data-end=\"2223\">Premium Economy<\/strong> et <strong data-start=\"2227\" data-end=\"2238\">Economy<\/strong> pour offrir un confort sup\u00e9rieur.<\/p>\n<p data-start=\"2274\" data-end=\"2592\">Les nouveaux si\u00e8ges offrent plus d\u2019espace pour les jambes, des \u00e9crans tactiles haute d\u00e9finition, des prises USB-C et des options de connectivit\u00e9 Wi-Fi sur la majorit\u00e9 des appareils. La compagnie a \u00e9galement collabor\u00e9 avec des designers fran\u00e7ais pour cr\u00e9er des ambiances \u00e9l\u00e9gantes, synonymes du <strong data-start=\"2568\" data-end=\"2591\">luxe \u00e0 la fran\u00e7aise<\/strong>.<\/p>\n<h3 data-start=\"2594\" data-end=\"2637\">Un engagement fort pour l\u2019environnement<\/h3>\n<p data-start=\"2639\" data-end=\"2979\">La modernisation de la flotte est au c\u0153ur de la strat\u00e9gie environnementale d\u2019Air France. L\u2019objectif est clair : atteindre la <strong data-start=\"2764\" data-end=\"2797\">neutralit\u00e9 carbone d\u2019ici 2050<\/strong>. Pour cela, la compagnie mise sur une flotte moderne, l\u2019utilisation de carburants durables (SAF), l\u2019\u00e9lectrification des services au sol et la compensation des \u00e9missions r\u00e9siduelles.<\/p>\n<p data-start=\"2981\" data-end=\"3202\">En r\u00e9duisant l\u2019\u00e2ge moyen de sa flotte et en investissant dans des appareils de nouvelle g\u00e9n\u00e9ration, Air France diminue son empreinte carbone et r\u00e9pond aux attentes croissantes des clients en mati\u00e8re de <strong data-start=\"3183\" data-end=\"3201\">voyage durable<\/strong>.<\/p>\n<p data-start=\"3209\" data-end=\"3494\">La <strong data-start=\"3212\" data-end=\"3253\">modernisation de la flotte Air France<\/strong> est donc une priorit\u00e9 strat\u00e9gique qui refl\u00e8te \u00e0 la fois une ambition environnementale et un engagement envers le confort et la satisfaction des passagers. Une transition ma\u00eetris\u00e9e qui positionne la compagnie au c\u0153ur de l\u2019aviation de demain.<\/p>\n<p data-start=\"1730\" data-end=\"1933\"><br><\/p>\n<h2 data-start=\"233\" data-end=\"299\">Exp\u00e9rience \u00e0 bord Air France : voyage entre \u00e9l\u00e9gance et confort<\/h2>\n<div>La compagnie propose une exp\u00e9rience de voyage haut de gamme avec ses nouvelles suites La Premi\u00e8re, disponibles sur les vols entre Paris et New York. Ces suites offrent un espace de 3,5 m\u00b2, cinq hublots, un lit de deux m\u00e8tres, des \u00e9crans 4K de 32 pouces et une d\u00e9coration raffin\u00e9e. Les passagers b\u00e9n\u00e9ficient \u00e9galement de kits de confort Sisley Paris, de pyjamas sign\u00e9s Jacquemus et d\u2019une cuisine \u00e9labor\u00e9e par le chef Daniel Boulud.<\/div>\n<div><br><\/div>\n<p data-start=\"301\" data-end=\"590\">L\u2019<strong data-start=\"303\" data-end=\"335\">exp\u00e9rience \u00e0 bord Air France<\/strong> est r\u00e9put\u00e9e dans le monde entier pour son \u00e9l\u00e9gance, son raffinement et son sens du service. De la classe \u00e9conomique \u00e0 la prestigieuse cabine <strong data-start=\"477\" data-end=\"492\">La Premi\u00e8re<\/strong>, chaque passager b\u00e9n\u00e9ficie d\u2019un <strong data-start=\"525\" data-end=\"543\">confort en vol<\/strong> pens\u00e9 pour r\u00e9pondre aux plus hautes exigences.<\/p>\n<figure id=\"attachment_64514\" aria-describedby=\"caption-attachment-64514\" style=\"width: 1024px\" class=\"wp-caption aligncenter\"><a href=\"https:\/\/cparici.com\/wp-content\/uploads\/2025\/04\/cparici-2025-04-13T104550.186.jpg\"><img decoding=\"async\" src=\"https:\/\/cparici.com\/wp-content\/uploads\/2025\/04\/cparici-2025-04-13T104550.186-1024x362.jpg\" alt=\"Air France - exp\u00e9rience passagers\" width=\"1024\" height=\"362\"><\/a><figcaption id=\"caption-attachment-64514\" class=\"wp-caption-text\">Air France \u2013 exp\u00e9rience passagers<\/figcaption><\/figure>\n<h3 data-start=\"592\" data-end=\"642\">Quatre classes de voyage pour tous les besoins<\/h3>\n<p data-start=\"644\" data-end=\"930\">Air France propose quatre classes sur ses vols moyen et long-courriers : <strong data-start=\"717\" data-end=\"728\">Economy<\/strong>, <strong data-start=\"730\" data-end=\"749\">Premium Economy<\/strong>, <strong data-start=\"751\" data-end=\"763\">Business<\/strong> et <strong data-start=\"767\" data-end=\"782\">La Premi\u00e8re<\/strong>. Chacune est con\u00e7ue pour offrir une exp\u00e9rience adapt\u00e9e au profil du voyageur, qu\u2019il s\u2019agisse d\u2019un d\u00e9placement d\u2019affaires ou d\u2019un voyage de loisirs.<\/p>\n<p data-start=\"932\" data-end=\"1263\">En <strong data-start=\"935\" data-end=\"956\">classe \u00e9conomique<\/strong>, les si\u00e8ges sont ergonomiques, inclinables et disposent d\u2019un \u00e9cran individuel avec une vaste s\u00e9lection de films, musiques et jeux. En <strong data-start=\"1091\" data-end=\"1110\">Premium Economy<\/strong>, les passagers profitent d\u2019un si\u00e8ge plus large, avec plus d\u2019espace pour les jambes, un repose-pieds ajustable et des services prioritaires \u00e0 l\u2019a\u00e9roport.<\/p>\n<p data-start=\"1265\" data-end=\"1747\">La <strong data-start=\"1268\" data-end=\"1287\">classe Business<\/strong> est con\u00e7ue comme un v\u00e9ritable cocon de tranquillit\u00e9. Elle propose des si\u00e8ges-lits enti\u00e8rement inclinables, une literie sign\u00e9e Sofitel MyBed\u00ae, un syst\u00e8me de divertissement de pointe et une gastronomie inspir\u00e9e par des chefs \u00e9toil\u00e9s. Enfin, la <strong data-start=\"1530\" data-end=\"1552\">cabine La Premi\u00e8re<\/strong>, disponible sur certaines lignes long-courrier, est l\u2019incarnation du luxe \u00e0 la fran\u00e7aise, avec seulement 4 suites par avion, un service de majordome, un menu haut de gamme et un confort in\u00e9gal\u00e9.<\/p>\n<h3 data-start=\"1749\" data-end=\"1784\">Un confort sign\u00e9 \u00e0 la fran\u00e7aise<\/h3>\n<p data-start=\"1786\" data-end=\"2098\">L\u2019identit\u00e9 fran\u00e7aise est omnipr\u00e9sente dans l\u2019exp\u00e9rience \u00e0 bord. De la d\u00e9coration des cabines aux uniformes du personnel, tout a \u00e9t\u00e9 pens\u00e9 pour refl\u00e9ter <strong data-start=\"1938\" data-end=\"1958\">le chic parisien<\/strong>. Les collaborations avec des cr\u00e9ateurs de mode et de design comme Jean-Marie Massaud ou Christian Lacroix renforcent cette ambiance unique.<\/p>\n<p data-start=\"2100\" data-end=\"2352\">Les passagers de toutes les classes b\u00e9n\u00e9ficient de <strong data-start=\"2151\" data-end=\"2170\">kits de confort<\/strong> comprenant masques de nuit, bouchons d\u2019oreilles, chaussettes et produits de soin. En Business et La Premi\u00e8re, ces trousses sont garnies de produits de luxe sign\u00e9s Clarins ou Sisley.<\/p>\n<h3 data-start=\"2354\" data-end=\"2406\">Gastronomie fran\u00e7aise \u00e0 10 000 m\u00e8tres d\u2019altitude<\/h3>\n<p data-start=\"2408\" data-end=\"2746\">Air France est l\u2019une des rares compagnies \u00e0 valoriser autant la <strong data-start=\"2472\" data-end=\"2497\">gastronomie fran\u00e7aise<\/strong>. Sur les vols long-courriers, les menus sont con\u00e7us par des chefs \u00e9toil\u00e9s comme Arnaud Lallement ou Anne-Sophie Pic. Les repas sont servis avec une s\u00e9lection de vins fran\u00e7ais rigoureusement choisis par Paolo Basso, meilleur sommelier du monde 2013.<\/p>\n<p data-start=\"2748\" data-end=\"2906\">En La Premi\u00e8re, les passagers peuvent d\u00e9guster des plats de chefs renomm\u00e9s servis dans de la porcelaine fine, accompagn\u00e9s de grands crus, comme au restaurant.<\/p>\n<h3 data-start=\"2908\" data-end=\"2942\">Divertissement et connectivit\u00e9<\/h3>\n<p data-start=\"2944\" data-end=\"3269\">Chaque si\u00e8ge est \u00e9quip\u00e9 d\u2019un <strong data-start=\"2973\" data-end=\"3012\">syst\u00e8me de divertissement personnel<\/strong> avec \u00e9cran tactile, ports USB et prise \u00e9lectrique. La compagnie propose \u00e9galement le <strong data-start=\"3098\" data-end=\"3114\">Wi-Fi \u00e0 bord<\/strong>, disponible sur la majorit\u00e9 des avions de la flotte. Trois forfaits sont propos\u00e9s : gratuit pour les messages, payants pour la navigation ou le streaming.<\/p>\n<p data-start=\"3276\" data-end=\"3607\">L\u2019<strong data-start=\"3278\" data-end=\"3310\">exp\u00e9rience \u00e0 bord Air France<\/strong> combine tradition, innovation et art de vivre \u00e0 la fran\u00e7aise. Elle fait de chaque vol une v\u00e9ritable parenth\u00e8se de confort et d\u2019\u00e9l\u00e9gance, fid\u00e8le \u00e0 l\u2019image de la compagnie. Que ce soit pour un court trajet ou un vol intercontinental, Air France s\u2019impose comme une r\u00e9f\u00e9rence du voyage haut de gamme.<\/p>\n<h2 data-start=\"1940\" data-end=\"1982\">Programme de fid\u00e9lit\u00e9 Flying Blue<\/h2>\n<p data-start=\"1984\" data-end=\"2109\">Flying Blue est le programme de fid\u00e9lit\u00e9 d\u2019Air France, offrant \u00e0 ses membres la possibilit\u00e9 d\u2019accumuler des Miles \u00e9changeables contre des billets d\u2019avion, des surclassements ou des services exclusifs. Le programme propose \u00e9galement des partenariats avec d\u2019autres compagnies a\u00e9riennes et des avantages personnalis\u00e9s pour ses membres les plus fid\u00e8les.<\/p>\n<h2 data-start=\"2116\" data-end=\"2153\">Engagements environnementaux<\/h2>\n<p data-start=\"2155\" data-end=\"2280\">Air France s\u2019engage activement dans la r\u00e9duction de son empreinte carbone en renouvelant sa flotte avec des avions plus \u00e9conomes en carburant, tels que l\u2019Airbus A220 et l\u2019A350. La compagnie investit \u00e9galement dans des initiatives visant \u00e0 promouvoir une aviation plus respectueuse de l\u2019environnement, notamment l\u2019utilisation de carburants durables.<\/p>\n<h2 data-start=\"2287\" data-end=\"2315\">Actualit\u00e9s r\u00e9centes<\/h2>\n<ul data-start=\"2317\" data-end=\"2897\">\n<li data-start=\"2317\" data-end=\"2468\">\n<p data-start=\"2319\" data-end=\"2468\">Air France a r\u00e9cemment r\u00e9duit ses tarifs en classe \u00e9conomique pour stimuler la demande transatlantique.<\/p>\n<\/li>\n<li data-start=\"2470\" data-end=\"2692\">\n<p data-start=\"2472\" data-end=\"2692\">La compagnie investit dans l\u2019am\u00e9lioration de ses cabines et services \u00e0 bord, avec un budget de 1 milliard d\u2019euros pr\u00e9vu jusqu\u2019en 2026.<\/p>\n<\/li>\n<li data-start=\"2694\" data-end=\"2897\">\n<p data-start=\"2696\" data-end=\"2897\">De nouvelles routes ont \u00e9t\u00e9 annonc\u00e9es, notamment vers Kilimandjaro, facilitant l\u2019acc\u00e8s aux destinations africaines.<\/p>\n<\/li>\n<\/ul>\n<h2 data-start=\"2904\" data-end=\"2923\">Conclusion<\/h2>\n<p data-start=\"2925\" data-end=\"3262\">Air France continue de se distinguer par son engagement envers l\u2019innovation, le confort et le service de qualit\u00e9. Avec une expansion de son r\u00e9seau, une modernisation de sa flotte et des initiatives environnementales, la compagnie confirme son r\u00f4le de leader dans le transport a\u00e9rien mondial.<\/p>\n<h2 data-start=\"174\" data-end=\"209\">Foire Aux Questions \u2013 Air France<\/h2>\n<h3 data-start=\"211\" data-end=\"243\">R\u00e9servations & Modifications<\/h3>\n<p data-start=\"245\" data-end=\"508\"><strong data-start=\"245\" data-end=\"299\">Comment modifier ou annuler un billet Air France ?<\/strong><br data-start=\"299\" data-end=\"302\">Vous pouvez modifier ou annuler votre billet directement via la rubrique \u00ab\u202fMes R\u00e9servations\u202f\u00bb sur le site d\u2019Air France. Vous y trouverez aussi les options pour demander un <strong data-start=\"474\" data-end=\"483\">avoir<\/strong> ou un <strong data-start=\"490\" data-end=\"507\">remboursement<\/strong>.<\/p>\n<p data-start=\"510\" data-end=\"741\"><strong data-start=\"510\" data-end=\"554\">Quels sont les d\u00e9lais de remboursement ?<\/strong><br data-start=\"554\" data-end=\"557\">Pour un paiement par carte bancaire, le remboursement est g\u00e9n\u00e9ralement effectu\u00e9 sous 7 jours ouvr\u00e9s. Pour les autres moyens de paiement, cela peut prendre jusqu\u2019\u00e0 20 jours calendaires.<\/p>\n<h3 data-start=\"748\" data-end=\"759\">Bagages<\/h3>\n<p data-start=\"761\" data-end=\"957\"><strong data-start=\"761\" data-end=\"802\">Combien de bagages puis-je emporter ?<\/strong><br data-start=\"802\" data-end=\"805\">Votre <strong data-start=\"811\" data-end=\"831\">franchise bagage<\/strong> d\u00e9pend de votre destination, de la classe de voyage et de votre statut Flying Blue. Elle est pr\u00e9cis\u00e9e lors de la r\u00e9servation.<\/p>\n<p data-start=\"959\" data-end=\"1139\"><strong data-start=\"959\" data-end=\"1003\">Quels bagages sont autoris\u00e9s en cabine ?<\/strong><br data-start=\"1003\" data-end=\"1006\">Un <strong data-start=\"1009\" data-end=\"1026\">bagage cabine<\/strong> standard et un accessoire personnel (comme un sac \u00e0 main ou un ordinateur portable) sont g\u00e9n\u00e9ralement autoris\u00e9s.<\/p>\n<p data-start=\"1141\" data-end=\"1332\"><strong data-start=\"1141\" data-end=\"1196\">Quelles sont les r\u00e8gles pour les bagages en soute ?<\/strong><br data-start=\"1196\" data-end=\"1199\">Le poids et les dimensions autoris\u00e9s varient selon votre billet. V\u00e9rifiez les d\u00e9tails sp\u00e9cifiques \u00e0 votre vol sur le site Air France.<\/p>\n<p data-start=\"1334\" data-end=\"1494\"><strong data-start=\"1334\" data-end=\"1385\">Que faire en cas de bagage perdu ou endommag\u00e9 ?<\/strong><br data-start=\"1385\" data-end=\"1388\">Signalez imm\u00e9diatement le probl\u00e8me \u00e0 l\u2019a\u00e9roport ou via le formulaire de r\u00e9clamation en ligne d\u2019Air France.<\/p>\n<h3 data-start=\"1501\" data-end=\"1528\">Remboursements & Avoirs<\/h3>\n<p data-start=\"1530\" data-end=\"1709\"><strong data-start=\"1530\" data-end=\"1578\">Comment faire une demande de remboursement ?<\/strong><br data-start=\"1578\" data-end=\"1581\">Connectez-vous \u00e0 votre compte et acc\u00e9dez \u00e0 \u00ab\u202fMes R\u00e9servations\u202f\u00bb ou utilisez le formulaire en ligne d\u00e9di\u00e9 aux <strong data-start=\"1690\" data-end=\"1708\">remboursements<\/strong>.<\/p>\n<p data-start=\"1711\" data-end=\"1897\"><strong data-start=\"1711\" data-end=\"1753\">Comment utiliser un avoir Air France ?<\/strong><br data-start=\"1753\" data-end=\"1756\">Les <strong data-start=\"1760\" data-end=\"1770\">avoirs<\/strong> sont valables pour une p\u00e9riode d\u00e9termin\u00e9e et peuvent \u00eatre appliqu\u00e9s au moment du paiement lors de votre prochaine r\u00e9servation.<\/p>\n<h3 data-start=\"1904\" data-end=\"1926\">Familles & Enfants<\/h3>\n<p data-start=\"1928\" data-end=\"2114\"><strong data-start=\"1928\" data-end=\"1965\">Mon enfant peut-il voyager seul ?<\/strong><br data-start=\"1965\" data-end=\"1968\">Oui, le service UM (Unaccompanied Minor) est disponible pour les <strong data-start=\"2033\" data-end=\"2060\">enfants voyageant seuls<\/strong>, avec une prise en charge compl\u00e8te du jeune passager.<\/p>\n<p data-start=\"2116\" data-end=\"2291\"><strong data-start=\"2116\" data-end=\"2158\">Quels services pour les b\u00e9b\u00e9s \u00e0 bord ?<\/strong><br data-start=\"2158\" data-end=\"2161\">Air France propose des services sp\u00e9ciaux pour les <strong data-start=\"2211\" data-end=\"2232\">voyages avec b\u00e9b\u00e9<\/strong> : berceaux, repas adapt\u00e9s, priorit\u00e9 \u00e0 l\u2019embarquement, etc.<\/p>\n<h3 data-start=\"2298\" data-end=\"2309\">Animaux<\/h3>\n<p data-start=\"2311\" data-end=\"2508\"><strong data-start=\"2311\" data-end=\"2348\">Puis-je voyager avec mon animal ?<\/strong><br data-start=\"2348\" data-end=\"2351\">Oui, Air France autorise le <strong data-start=\"2379\" data-end=\"2402\">transport d\u2019animaux<\/strong> en cabine ou en soute, selon leur taille, leur poids et votre destination. Des frais peuvent s\u2019appliquer.<\/p>\n<h3 data-start=\"2515\" data-end=\"2545\">Accessibilit\u00e9 & Assistance<\/h3>\n<p data-start=\"2547\" data-end=\"2783\"><strong data-start=\"2547\" data-end=\"2605\">Quels services pour les passagers \u00e0 mobilit\u00e9 r\u00e9duite ?<\/strong><br data-start=\"2605\" data-end=\"2608\">Air France propose une <strong data-start=\"2631\" data-end=\"2658\">assistance \u00e0 l\u2019a\u00e9roport<\/strong> et \u00e0 bord pour les passagers ayant des besoins sp\u00e9cifiques. Il est recommand\u00e9 de faire la demande au moins 48h avant le vol.<\/p>\n<p data-start=\"2785\" data-end=\"2932\"><strong data-start=\"2785\" data-end=\"2848\">Et pour les passagers n\u00e9cessitant une assistance m\u00e9dicale ?<\/strong><br data-start=\"2848\" data-end=\"2851\">Une assistance et des \u00e9quipements adapt\u00e9s sont disponibles sur demande pr\u00e9alable.<\/p>\n<h3 data-start=\"2939\" data-end=\"2964\">Covid-19 & Formalit\u00e9s<\/h3>\n<p data-start=\"2966\" data-end=\"3163\"><strong data-start=\"2966\" data-end=\"3038\">Comment conna\u00eetre les r\u00e8gles sanitaires de mon pays de destination ?<\/strong><br data-start=\"3038\" data-end=\"3041\">Utilisez le service TravelDoc sur le site Air France pour consulter les <strong data-start=\"3113\" data-end=\"3135\">exigences d\u2019entr\u00e9e<\/strong> li\u00e9es au Covid-19 par pays.<\/p>\n<p data-start=\"3165\" data-end=\"3325\"><strong data-start=\"3165\" data-end=\"3208\">Qu\u2019est-ce que le service Ready to Fly ?<\/strong><br data-start=\"3208\" data-end=\"3211\">Ce service permet de <strong data-start=\"3232\" data-end=\"3282\">t\u00e9l\u00e9verser vos documents sanitaires \u00e0 l\u2019avance<\/strong>, \u00e9vitant ainsi les contr\u00f4les \u00e0 l\u2019a\u00e9roport.<\/p>\n<h3 data-start=\"3332\" data-end=\"3357\">Programme Flying Blue<\/h3>\n<p data-start=\"3359\" data-end=\"3564\"><strong data-start=\"3359\" data-end=\"3390\">Qu\u2019est-ce que Flying Blue ?<\/strong><br data-start=\"3390\" data-end=\"3393\">Flying Blue est le <strong data-start=\"3412\" data-end=\"3437\">programme de fid\u00e9lit\u00e9<\/strong> d\u2019Air France. Vous cumulez des Miles \u00e0 chaque vol, que vous pouvez ensuite utiliser pour des billets, des surclassements, etc.<\/p>\n<p data-start=\"3566\" data-end=\"3776\"><strong data-start=\"3566\" data-end=\"3606\">Quels sont les statuts Flying Blue ?<\/strong><br data-start=\"3606\" data-end=\"3609\">Les statuts sont : Explorer, Silver, Gold, Platinum, et Club 2000. Chacun offre des <strong data-start=\"3693\" data-end=\"3718\">avantages sp\u00e9cifiques<\/strong>, comme des bagages suppl\u00e9mentaires ou l\u2019acc\u00e8s aux salons.<\/p>\n<h3 data-start=\"3783\" data-end=\"3809\">Contact & R\u00e9clamations<\/h3>\n<p data-start=\"3811\" data-end=\"3986\"><strong data-start=\"3811\" data-end=\"3852\">Comment contacter le service client ?<\/strong><br data-start=\"3852\" data-end=\"3855\">Air France met \u00e0 disposition une ligne t\u00e9l\u00e9phonique, un chat en ligne et un formulaire de contact accessible sur son site officiel.<\/p>\n<p data-start=\"3988\" data-end=\"4135\"><strong data-start=\"3988\" data-end=\"4025\">Comment d\u00e9poser une r\u00e9clamation ?<\/strong><br data-start=\"4025\" data-end=\"4028\">Les r\u00e9clamations peuvent \u00eatre soumises en ligne via le formulaire pr\u00e9vu \u00e0 cet effet ou par courrier postal.<\/p>\t\t\t\t\t\t\t\t<\/div>\n\t\t\t\t\t<\/div>\n\t\t\t\t<\/div>\n\t\t<div class=\"elementor-element elementor-element-baf62db e-flex e-con-boxed e-con e-parent\" data-id=\"baf62db\" data-element_type=\"container\" data-e-type=\"container\">\n\t\t\t\t\t<div class=\"e-con-inner\">\n\t\t\t\t<div class=\"elementor-element elementor-element-8f90ced elementor-widget elementor-widget-listeo-posts-grid\" data-id=\"8f90ced\" data-element_type=\"widget\" data-e-type=\"widget\" data-widget_type=\"listeo-posts-grid.default\">\n\t\t\t\t<div class=\"elementor-widget-container\">\n\t\t\t\t\t\t\t\n\t\t<div class=\"listeo-post-grid-wrapper\">\n\t\t\t<div class=\"row\">\n\n\t\t\t\n\n\t\t\t\t\t\t\t<div class=\"col-md-4\">\n                <a href=\"https:\/\/cparici.com\/fr\/chambres-dhotes\/\" class=\"blog-compact-item-container\">\n                    <div class=\"blog-compact-item\">\n                        <img decoding=\"async\" width=\"577\" height=\"204\" src=\"https:\/\/cparici.com\/wp-content\/uploads\/2025\/08\/cparici-2025-09-03T102239.679-577x204.jpg\" class=\"attachment-listeo-blog-related-post size-listeo-blog-related-post wp-post-image\" alt=\"Chambres d&#039;h\u00f4tes\" srcset=\"https:\/\/cparici.com\/wp-content\/uploads\/2025\/08\/cparici-2025-09-03T102239.679-577x204.jpg 577w, https:\/\/cparici.com\/wp-content\/uploads\/2025\/08\/cparici-2025-09-03T102239.679-300x106.jpg 300w, https:\/\/cparici.com\/wp-content\/uploads\/2025\/08\/cparici-2025-09-03T102239.679-1024x362.jpg 1024w, https:\/\/cparici.com\/wp-content\/uploads\/2025\/08\/cparici-2025-09-03T102239.679-768x271.jpg 768w, https:\/\/cparici.com\/wp-content\/uploads\/2025\/08\/cparici-2025-09-03T102239.679-18x6.jpg 18w, https:\/\/cparici.com\/wp-content\/uploads\/2025\/08\/cparici-2025-09-03T102239.679-590x208.jpg 590w, https:\/\/cparici.com\/wp-content\/uploads\/2025\/08\/cparici-2025-09-03T102239.679-1200x424.jpg 1200w, https:\/\/cparici.com\/wp-content\/uploads\/2025\/08\/cparici-2025-09-03T102239.679-600x212.jpg 600w, https:\/\/cparici.com\/wp-content\/uploads\/2025\/08\/cparici-2025-09-03T102239.679.jpg 1500w\" sizes=\"(max-width: 577px) 100vw, 577px\" \/><span class=\"blog-item-tag\">Chambres d'h\u00f4tes<\/span>                        \n                        <div class=\"blog-compact-item-content\">\n                                                        <h3>Chambres d\u2019h\u00f4tes, tout ce qu\u2019il faut savoir avant de r\u00e9server<\/h3>\n                                                        <p>Recherches populaires Categories Pas de...                            <\/p>\n                                                    <\/div>\n                    <\/div>\n                <\/a>\n            <\/div>\n\t\t\t<div class=\"col-md-4\">\n                <a href=\"https:\/\/cparici.com\/fr\/visiter-la-normandie-guide\/\" class=\"blog-compact-item-container\">\n                    <div class=\"blog-compact-item\">\n                        <img decoding=\"async\" width=\"577\" height=\"227\" src=\"https:\/\/cparici.com\/wp-content\/uploads\/2024\/05\/Visiter-la-Normandie.jpg\" class=\"attachment-listeo-blog-related-post size-listeo-blog-related-post wp-post-image\" alt=\"Visiter la Normandie - photo des falaises d&#039;Etretat\" srcset=\"https:\/\/cparici.com\/wp-content\/uploads\/2024\/05\/Visiter-la-Normandie.jpg 1500w, https:\/\/cparici.com\/wp-content\/uploads\/2024\/05\/Visiter-la-Normandie-600x236.jpg 600w, https:\/\/cparici.com\/wp-content\/uploads\/2024\/05\/Visiter-la-Normandie-300x118.jpg 300w, https:\/\/cparici.com\/wp-content\/uploads\/2024\/05\/Visiter-la-Normandie-1024x403.jpg 1024w, https:\/\/cparici.com\/wp-content\/uploads\/2024\/05\/Visiter-la-Normandie-768x303.jpg 768w\" sizes=\"(max-width: 577px) 100vw, 577px\" \/><span class=\"blog-item-tag\">France<\/span>                        \n                        <div class=\"blog-compact-item-content\">\n                                                        <h3>Visiter la Normandie \u2013 guide des lieux et sites embl\u00e9matiques<\/h3>\n                                                        <p>Visiter la Normandie : un...                            <\/p>\n                                                    <\/div>\n                    <\/div>\n                <\/a>\n            <\/div>\n\t\t\t<div class=\"col-md-4\">\n                <a href=\"https:\/\/cparici.com\/fr\/saint-denis-doleron\/\" class=\"blog-compact-item-container\">\n                    <div class=\"blog-compact-item\">\n                        <img decoding=\"async\" width=\"577\" height=\"195\" src=\"https:\/\/cparici.com\/wp-content\/uploads\/2024\/05\/ile-doleron-carte-1.jpg\" class=\"attachment-listeo-blog-related-post size-listeo-blog-related-post wp-post-image\" alt=\"saint denis d&#039;oleron\" srcset=\"https:\/\/cparici.com\/wp-content\/uploads\/2024\/05\/ile-doleron-carte-1.jpg 1500w, https:\/\/cparici.com\/wp-content\/uploads\/2024\/05\/ile-doleron-carte-1-600x203.jpg 600w, https:\/\/cparici.com\/wp-content\/uploads\/2024\/05\/ile-doleron-carte-1-300x101.jpg 300w, https:\/\/cparici.com\/wp-content\/uploads\/2024\/05\/ile-doleron-carte-1-1024x346.jpg 1024w, https:\/\/cparici.com\/wp-content\/uploads\/2024\/05\/ile-doleron-carte-1-768x260.jpg 768w\" sizes=\"(max-width: 577px) 100vw, 577px\" \/><span class=\"blog-item-tag\">Charente maritime<\/span>                        \n                        <div class=\"blog-compact-item-content\">\n                                                        <h3>Saint Denis d\u2019Oleron: d\u00e9couvrez le charme de la ville et de son port<\/h3>\n                                                        <p>Envie de d\u00e9couvrir Saint denis...                            <\/p>\n                                                    <\/div>\n                    <\/div>\n                <\/a>\n            <\/div>\n  <\/div>\n        <\/div>\n        \t\t\t\t<\/div>\n\t\t\t\t<\/div>\n\t\t\t\t\t<\/div>\n\t\t\t\t<\/div>\n\t\t\t\t<\/div>\n\t\t","protected":false},"excerpt":{"rendered":"<p>Recherches populaires Categories Pas de r\u00e9sultats Voir tous les r\u00e9sultats Air France, Tips et informations pratiques en 2025 Fond\u00e9e en 1933, Air France s\u2019impose comme la compagnie a\u00e9rienne nationale fran\u00e7aise, symbole d\u2019\u00e9l\u00e9gance et de savoir-faire. Membre fondateur de l\u2019alliance SkyTeam, elle dessert aujourd\u2019hui plus de 180 destinations \u00e0 travers le monde, incarnant l\u2019excellence du voyage [&hellip;]<\/p>\n","protected":false},"author":97,"featured_media":64515,"comment_status":"closed","ping_status":"closed","sticky":false,"template":"elementor_header_footer","format":"standard","meta":{"ngg_post_thumbnail":0,"footnotes":""},"categories":[2706,477,2703],"tags":[],"class_list":["post-64505","post","type-post","status-publish","format-standard","has-post-thumbnail","hentry","category-compagnie-aerienne","category-france","category-tourisme"],"_links":{"self":[{"href":"https:\/\/cparici.com\/fr\/wp-json\/wp\/v2\/posts\/64505","targetHints":{"allow":["GET"]}}],"collection":[{"href":"https:\/\/cparici.com\/fr\/wp-json\/wp\/v2\/posts"}],"about":[{"href":"https:\/\/cparici.com\/fr\/wp-json\/wp\/v2\/types\/post"}],"author":[{"embeddable":true,"href":"https:\/\/cparici.com\/fr\/wp-json\/wp\/v2\/users\/97"}],"replies":[{"embeddable":true,"href":"https:\/\/cparici.com\/fr\/wp-json\/wp\/v2\/comments?post=64505"}],"version-history":[{"count":0,"href":"https:\/\/cparici.com\/fr\/wp-json\/wp\/v2\/posts\/64505\/revisions"}],"wp:featuredmedia":[{"embeddable":true,"href":"https:\/\/cparici.com\/fr\/wp-json\/wp\/v2\/media\/64515"}],"wp:attachment":[{"href":"https:\/\/cparici.com\/fr\/wp-json\/wp\/v2\/media?parent=64505"}],"wp:term":[{"taxonomy":"category","embeddable":true,"href":"https:\/\/cparici.com\/fr\/wp-json\/wp\/v2\/categories?post=64505"},{"taxonomy":"post_tag","embeddable":true,"href":"https:\/\/cparici.com\/fr\/wp-json\/wp\/v2\/tags?post=64505"}],"curies":[{"name":"wp","href":"https:\/\/api.w.org\/{rel}","templated":true}]}}