{"id":67557,"date":"2025-07-14T07:37:25","date_gmt":"2025-07-14T05:37:25","guid":{"rendered":"https:\/\/cparici.com\/?p=67557"},"modified":"2025-07-14T07:47:11","modified_gmt":"2025-07-14T05:47:11","slug":"ouest-france-le-premier-quotidien-regional-de-france","status":"publish","type":"post","link":"https:\/\/cparici.com\/fr\/ouest-france-le-premier-quotidien-regional-de-france\/","title":{"rendered":"Ouest France &#8211; le premier quotidien r\u00e9gional de France"},"content":{"rendered":"\t\t<div data-elementor-type=\"wp-post\" data-elementor-id=\"67557\" class=\"elementor elementor-67557\" data-elementor-post-type=\"post\">\n\t\t\t\t<div class=\"elementor-element elementor-element-eb2c8c3 e-con-full e-flex e-con e-parent\" data-id=\"eb2c8c3\" data-element_type=\"container\" data-e-type=\"container\">\n\t\t\t\t<div class=\"elementor-element elementor-element-a2da0f5 elementor-widget elementor-widget-image\" data-id=\"a2da0f5\" data-element_type=\"widget\" data-e-type=\"widget\" data-widget_type=\"image.default\">\n\t\t\t\t\t\t\t\t\t\t\t\t\t\t\t<img decoding=\"async\" width=\"1550\" height=\"502\" src=\"https:\/\/cparici.com\/wp-content\/uploads\/2025\/07\/Ouest-France-1.jpg\" class=\"attachment-full size-full wp-image-67786\" alt=\"Ouest France\" srcset=\"https:\/\/cparici.com\/wp-content\/uploads\/2025\/07\/Ouest-France-1.jpg 1550w, https:\/\/cparici.com\/wp-content\/uploads\/2025\/07\/Ouest-France-1-300x97.jpg 300w, https:\/\/cparici.com\/wp-content\/uploads\/2025\/07\/Ouest-France-1-1024x332.jpg 1024w, https:\/\/cparici.com\/wp-content\/uploads\/2025\/07\/Ouest-France-1-768x249.jpg 768w, https:\/\/cparici.com\/wp-content\/uploads\/2025\/07\/Ouest-France-1-1536x497.jpg 1536w, https:\/\/cparici.com\/wp-content\/uploads\/2025\/07\/Ouest-France-1-18x6.jpg 18w, https:\/\/cparici.com\/wp-content\/uploads\/2025\/07\/Ouest-France-1-590x191.jpg 590w, https:\/\/cparici.com\/wp-content\/uploads\/2025\/07\/Ouest-France-1-1200x389.jpg 1200w, https:\/\/cparici.com\/wp-content\/uploads\/2025\/07\/Ouest-France-1-577x187.jpg 577w, https:\/\/cparici.com\/wp-content\/uploads\/2025\/07\/Ouest-France-1-600x194.jpg 600w\" sizes=\"(max-width: 1550px) 100vw, 1550px\" \/>\t\t\t\t\t\t\t\t\t\t\t\t\t\t\t<\/div>\n\t\t\t\t<\/div>\n\t\t<aside class=\"elementor-element elementor-element-b85d33d e-flex e-con-boxed e-con e-parent\" data-id=\"b85d33d\" data-element_type=\"container\" data-e-type=\"container\">\n\t\t\t\t\t<div class=\"e-con-inner\">\n\t\t\t\t<div class=\"elementor-element elementor-element-6cbfcf5 elementor-widget elementor-widget-global elementor-global-62046 elementor-widget-eael-advanced-search\" data-id=\"6cbfcf5\" data-element_type=\"widget\" data-e-type=\"widget\" data-widget_type=\"eael-advanced-search.default\">\n\t\t\t\t\t        <div class=\"eael-adv-search-wrapper\">\n            <div id=\"eael-advanced-search-widget-6cbfcf5\" class=\"eael-advanced-search-widget\">\n                <form data-settings=\"{&quot;post_per_page&quot;:5,&quot;search_among_taxonomies&quot;:&quot;&quot;,&quot;search_among_sku&quot;:&quot;no&quot;,&quot;show_popular_keyword&quot;:0,&quot;show_category&quot;:0,&quot;show_content_image&quot;:1,&quot;show_search_result_all_results&quot;:0,&quot;result_on_new_tab&quot;:&quot;no&quot;,&quot;show_product_price&quot;:&quot;no&quot;,&quot;include_current_page&quot;:&quot;no&quot;,&quot;current_post_id&quot;:67557,&quot;post_type&quot;:[&quot;post&quot;,&quot;listing&quot;]}\" method=\"POST\" name=\"eael-advanced-search-form-6cbfcf5\" class=\"eael-advanced-search-form eael-advanced-search-form-style-2\">\n                    <div class=\"eael-advanced-search-wrap\">\n                        <span class=\"eael-adv-search-loader\"><\/span>\n                        <span class=\"eael-adv-search-close\"><i class=\"fas fa-times\"><\/i><\/span>\n                        <span class=\"icon \"><i class=\"fas fa-search\"><\/i><\/span>\n\n                        <input type=\"text\"\n                               placeholder=\"Votre destination\"\n                               class=\"eael-advanced-search\" autocomplete=\"off\" name=\"eael_advanced_search\">\n                    <\/div>\n\t\t\t\t\t                                    <\/form>\n\n\t\t\t\t\n\t\t\t\t        <div class=\"eael-advanced-search-result\">\n            <div class=\"eael-advanced-search-popular-keyword\">\n\t\t\t\t<h4 class=\"eael-advanced-search-popular-keyword-text\">Recherches populaires<\/h4>                <div class=\"eael-popular-keyword-content\"><\/div>\n            <\/div>\n            <div class=\"eael-advanced-search-category\">\n\t\t\t\t<h4 class=\"eael-advanced-search-category-text\">Categories<\/h4>                <div class=\"eael-popular-category-content\"><\/div>\n            <\/div>\n\t\t\t<div class=\"eael-advanced-search-total-results-section\">\n\t\t\t\t\t\t\t<\/div>\n            <div class=\"eael-advanced-search-content eael-item-style-3\">\n            <\/div>\n            <div class=\"eael-advanced-search-not-found\">\n                <p>Pas de r\u00e9sultats<\/p><\/div>\n            <div class=\"eael-advanced-search-load-more\">\n\t\t\t\t<a \tclass=\"eael-advanced-search-load-more-button\"\n                \thref=\"#\">Voir tous les r\u00e9sultats<\/a>\n            <\/div>\n        <\/div>\n\n\t\t            <\/div>\n        <\/div>\n\n\t\t\t\t\t\t<\/div>\n\t\t\t\t\t<\/div>\n\t\t\t\t<\/aside>\n\t\t<div class=\"elementor-element elementor-element-70bfe20b e-flex e-con-boxed e-con e-parent\" data-id=\"70bfe20b\" data-element_type=\"container\" data-e-type=\"container\">\n\t\t\t\t\t<div class=\"e-con-inner\">\n\t\t\t\t<div class=\"elementor-element elementor-element-716f6720 elementor-widget elementor-widget-text-editor\" data-id=\"716f6720\" data-element_type=\"widget\" data-e-type=\"widget\" data-widget_type=\"text-editor.default\">\n\t\t\t\t\t\t\t\t\t<h1 style=\"text-align: center;\" data-start=\"109\" data-end=\"762\"><strong data-start=\"109\" data-end=\"125\">Ouest france<\/strong><\/h1>\r\n<p data-start=\"64\" data-end=\"215\"><span class=\"relative -mx-px my-[-0.2rem] rounded px-px py-[0.2rem] transition-colors duration-100 ease-in-out\">Le quotidien <strong>Ouest France<\/strong> est fa\u00e7onn\u00e9 par une longue histoire et une forte identit\u00e9 r\u00e9gionale. D\u00e8s sa premi\u00e8re publication le <strong data-start=\"130\" data-end=\"145\">7 ao\u00fbt 1944<\/strong>, il s\u2019est impos\u00e9 comme successeur de <em data-start=\"183\" data-end=\"199\">L\u2019Ouest\u2011\u00c9clair<\/em>, en \u00e9tant \u00e9dit\u00e9 depuis <a href=\"https:\/\/cparici.com\/rennes\/\">Rennes<\/a>, \u00e0 la suite de la Lib\u00e9ration de la ville<\/span>. <span class=\"relative -mx-px my-[-0.2rem] rounded px-px py-[0.2rem] transition-colors duration-100 ease-in-out\">Aujourd&#8217;hui, <strong data-start=\"13\" data-end=\"29\">ouest france<\/strong> est reconnu comme le plus grand quotidien r\u00e9gional francophone au monde, avec <strong data-start=\"108\" data-end=\"140\">635\u202f487 exemplaires diffus\u00e9s<\/strong> en 2022 et <strong data-start=\"152\" data-end=\"180\">2,3 millions de lecteurs<\/strong> chaque jour\u202f<\/span>.<\/p>\r\n\r\n<h2 data-start=\"222\" data-end=\"278\">Les rubriques du quotidien papier Ouest France<\/h2>\r\n<p data-start=\"280\" data-end=\"317\"><span class=\"relative -mx-px my-[-0.2rem] rounded px-px py-[0.2rem] transition-colors duration-100 ease-in-out\">Le <strong data-start=\"3\" data-end=\"34\">journal papier Ouest France<\/strong>\u00a0est organis\u00e9 autour de plusieurs rubriques essentielles consolidant sa richesse \u00e9ditoriale :<\/span><\/p>\r\n\r\n<ol data-start=\"319\" data-end=\"660\">\r\n \t<li data-start=\"319\" data-end=\"397\">\r\n<p data-start=\"322\" data-end=\"397\"><span class=\"relative -mx-px my-[-0.2rem] rounded px-px py-[0.2rem] transition-colors duration-100 ease-in-out\"><strong data-start=\"0\" data-end=\"25\" data-is-only-node=\"\">Actualit\u00e9s r\u00e9gionales<\/strong> : couvrant l\u2019actualit\u00e9 des 41 \u00e9ditions locales r\u00e9parties en <a href=\"https:\/\/cparici.com\/visiter-la-bretagne-guide-des-sites-et-villes-a-explorer\/\">Bretagne<\/a>, <a href=\"https:\/\/cparici.com\/pays-de-la-loire\/\">Pays-de-la-Loire<\/a> et <a href=\"https:\/\/cparici.com\/visiter-la-normandie-guide\/\">Normandie<\/a>, ces pages ancrent le journal dans le quotidien de ses lecteurs<\/span>.<\/p>\r\n<\/li>\r\n \t<li data-start=\"402\" data-end=\"442\">\r\n<p data-start=\"405\" data-end=\"442\"><span class=\"relative -mx-px my-[-0.2rem] rounded px-px py-[0.2rem] transition-colors duration-100 ease-in-out\"><strong data-start=\"0\" data-end=\"28\" data-is-only-node=\"\">National &amp; international<\/strong> : m\u00eame s\u2019il reste r\u00e9gional, Ouest France\u00a0traite aussi des sujets majeurs nationaux ou internationaux \u00e0 travers des sections d\u00e9di\u00e9es.<\/span><\/p>\r\n<\/li>\r\n \t<li data-start=\"444\" data-end=\"484\">\r\n<p data-start=\"447\" data-end=\"484\"><span class=\"relative -mx-px my-[-0.2rem] rounded px-px py-[0.2rem] transition-colors duration-100 ease-in-out\"><strong data-start=\"0\" data-end=\"25\" data-is-only-node=\"\">\u00c9conomie &amp; entreprise<\/strong> : l\u2019accent est mis sur les secteurs locaux cl\u00e9s comme la p\u00eache, l\u2019agriculture, la construction navale ou les PME.<\/span><\/p>\r\n<\/li>\r\n \t<li data-start=\"486\" data-end=\"528\">\r\n<p data-start=\"489\" data-end=\"528\"><span class=\"relative -mx-px my-[-0.2rem] rounded px-px py-[0.2rem] transition-colors duration-100 ease-in-out\"><strong data-start=\"0\" data-end=\"21\" data-is-only-node=\"\">Culture &amp; loisirs<\/strong> : concerts, festivals, expositions, patrimoine, avec un choix ajust\u00e9 \u00e0 chaque territoire.<\/span><\/p>\r\n<\/li>\r\n \t<li data-start=\"530\" data-end=\"572\">\r\n<p data-start=\"533\" data-end=\"572\"><span class=\"relative -mx-px my-[-0.2rem] rounded px-px py-[0.2rem] transition-colors duration-100 ease-in-out\"><strong data-start=\"0\" data-end=\"10\" data-is-only-node=\"\">Sports<\/strong> : le quotidien couvre intensivement les \u00e9v\u00e9nements sportifs r\u00e9gionaux (football, cyclisme, voile) et nationaux, notamment via des rubriques sp\u00e9cialis\u00e9es.<\/span><\/p>\r\n<\/li>\r\n \t<li data-start=\"574\" data-end=\"616\">\r\n<p data-start=\"577\" data-end=\"616\"><span class=\"relative -mx-px my-[-0.2rem] rounded px-px py-[0.2rem] transition-colors duration-100 ease-in-out\"><strong data-start=\"0\" data-end=\"13\" data-is-only-node=\"\">Lifestyle<\/strong> : \u201cmaison\u201d, \u201cfamille\u201d, \u201csant\u00e9\u201d et \u201cjardin\u201d offrent des conseils pratiques et r\u00e9pondent aux attentes quotidiennes des lecteurs.<\/span><\/p>\r\n<\/li>\r\n \t<li data-start=\"618\" data-end=\"660\">\r\n<p data-start=\"621\" data-end=\"660\"><span class=\"relative -mx-px my-[-0.2rem] rounded px-px py-[0.2rem] transition-colors duration-100 ease-in-out\"><strong data-start=\"0\" data-end=\"18\" data-is-only-node=\"\">Divertissement<\/strong> : m\u00e9t\u00e9o, jeux, mots crois\u00e9s, petites annonces et petits formats parascolaires compl\u00e8tent le journal.<\/span><\/p>\r\n<\/li>\r\n<\/ol>\r\n<p data-start=\"662\" data-end=\"741\"><span class=\"relative -mx-px my-[-0.2rem] rounded px-px py-[0.2rem] transition-colors duration-100 ease-in-out\">Le dimanche, para\u00eet <strong data-start=\"20\" data-end=\"45\">Dimanche Ouest\u2011France<\/strong>, version plus compl\u00e8te avec trois cahiers (Actualit\u00e9s, Magazine, Sports), vendue \u00e0 1,55\u202f\u20ac en 2025<\/span>.<\/p>\r\n\r\n<h2 data-start=\"135\" data-end=\"203\"><strong data-start=\"138\" data-end=\"201\">Mot du jour Ouest France : une pause culturelle quotidienne<\/strong><\/h2>\r\n<p data-start=\"205\" data-end=\"653\">Le <strong data-start=\"208\" data-end=\"236\">mot du jour Ouest France<\/strong> est une rubrique appr\u00e9ci\u00e9e des lecteurs pour sa capacit\u00e9 \u00e0 enrichir le vocabulaire et \u00e9veiller la curiosit\u00e9. Chaque jour, le quotidien s\u00e9lectionne un mot, une expression ou un terme insolite, et en explique le sens, l\u2019origine et l\u2019usage dans la langue fran\u00e7aise. Cette courte chronique, int\u00e9gr\u00e9e aux pages culturelles de <strong data-start=\"558\" data-end=\"574\">Ouest France<\/strong>, offre un moment d\u2019apprentissage ludique tout en cultivant l\u2019amour des mots.<\/p>\r\n\r\n\r\n<figure id=\"attachment_67561\" aria-describedby=\"caption-attachment-67561\" style=\"width: 1024px\" class=\"wp-caption aligncenter\"><a href=\"https:\/\/cparici.com\/wp-content\/uploads\/2025\/07\/Mot-du-jour-Ouest-France.jpg\"><img decoding=\"async\" class=\"wp-image-67561 size-large\" src=\"https:\/\/cparici.com\/wp-content\/uploads\/2025\/07\/Mot-du-jour-Ouest-France-1024x517.jpg\" alt=\"Mot du jour Ouest France\" width=\"1024\" height=\"517\" srcset=\"https:\/\/cparici.com\/wp-content\/uploads\/2025\/07\/Mot-du-jour-Ouest-France-1024x517.jpg 1024w, https:\/\/cparici.com\/wp-content\/uploads\/2025\/07\/Mot-du-jour-Ouest-France-300x151.jpg 300w, https:\/\/cparici.com\/wp-content\/uploads\/2025\/07\/Mot-du-jour-Ouest-France-768x388.jpg 768w, https:\/\/cparici.com\/wp-content\/uploads\/2025\/07\/Mot-du-jour-Ouest-France-1536x775.jpg 1536w, https:\/\/cparici.com\/wp-content\/uploads\/2025\/07\/Mot-du-jour-Ouest-France-18x9.jpg 18w, https:\/\/cparici.com\/wp-content\/uploads\/2025\/07\/Mot-du-jour-Ouest-France-590x298.jpg 590w, https:\/\/cparici.com\/wp-content\/uploads\/2025\/07\/Mot-du-jour-Ouest-France-1200x606.jpg 1200w, https:\/\/cparici.com\/wp-content\/uploads\/2025\/07\/Mot-du-jour-Ouest-France-577x291.jpg 577w, https:\/\/cparici.com\/wp-content\/uploads\/2025\/07\/Mot-du-jour-Ouest-France-600x303.jpg 600w, https:\/\/cparici.com\/wp-content\/uploads\/2025\/07\/Mot-du-jour-Ouest-France.jpg 1660w\" sizes=\"(max-width: 1024px) 100vw, 1024px\" \/><\/a><figcaption id=\"caption-attachment-67561\" class=\"wp-caption-text\">Mot du jour Ouest France<\/figcaption><\/figure>\r\n<h3 data-start=\"205\" data-end=\"653\">Le <strong data-start=\"208\" data-end=\"236\">mot du jour Ouest France<\/strong><\/h3>\r\n<p data-start=\"655\" data-end=\"995\">Sur le site internet <strong data-start=\"676\" data-end=\"695\">ouest-france.fr<\/strong>, il est \u00e9galement possible de retrouver le <strong data-start=\"739\" data-end=\"754\">mot du jour<\/strong> en acc\u00e8s libre ou via les archives num\u00e9riques. Ce format est particuli\u00e8rement populaire aupr\u00e8s des enseignants, \u00e9tudiants et passionn\u00e9s de langue fran\u00e7aise qui souhaitent am\u00e9liorer leur expression ou simplement d\u00e9couvrir des mots oubli\u00e9s.<\/p>\r\n<p data-start=\"997\" data-end=\"1279\">La rubrique <strong data-start=\"1009\" data-end=\"1037\">mot du jour Ouest France<\/strong> illustre parfaitement la mission \u00e9ducative et culturelle du quotidien r\u00e9gional : informer, distraire et transmettre. Elle s\u2019inscrit dans une d\u00e9marche de proximit\u00e9 et de qualit\u00e9 \u00e9ditoriale, fid\u00e8le \u00e0 l\u2019esprit de <strong data-start=\"1248\" data-end=\"1264\">Ouest France<\/strong> depuis 1944.<\/p>\r\n\r\n<h2 data-start=\"748\" data-end=\"790\">Le site internet <strong data-start=\"771\" data-end=\"790\">ouest\u2011france.fr<\/strong><\/h2>\r\n<h3 data-start=\"792\" data-end=\"826\">Trafic et audience du site<\/h3>\r\n<p data-start=\"828\" data-end=\"987\"><span class=\"relative -mx-px my-[-0.2rem] rounded px-px py-[0.2rem] transition-colors duration-100 ease-in-out\">Le site <strong data-start=\"8\" data-end=\"27\">ouest\u2011france.fr<\/strong> est la vitrine num\u00e9rique majeure de la presse r\u00e9gionale. En juin\u202f2025, il a comptabilis\u00e9 environ <strong data-start=\"125\" data-end=\"164\">77,6\u202fmillions de visites mensuelles<\/strong>, avec 2,41 pages vues par visite et une dur\u00e9e moyenne de 1\u202fmin\u202f38\u202fs<\/span>. <span class=\"relative -mx-px my-[-0.2rem] rounded px-px py-[0.2rem] transition-colors duration-100 ease-in-out\">L\u2019essentiel du trafic provient de la France (91,3\u202f%), suivi du Canada (1,9\u202f%) et de la Belgique (1,5\u202f%)<\/span>.<\/p>\r\n\r\n<h3 data-start=\"989\" data-end=\"1040\">Morphologie du site et plateformes d\u00e9riv\u00e9es<\/h3>\r\n<p data-start=\"1042\" data-end=\"1121\"><span class=\"relative -mx-px my-[-0.2rem] rounded px-px py-[0.2rem] transition-colors duration-100 ease-in-out\">Le site <strong data-start=\"8\" data-end=\"27\">ouest\u2011france.fr<\/strong> s\u2019inscrit dans un \u00e9cosyst\u00e8me num\u00e9rique plus large dirig\u00e9 par SIPA Ouest\u2011France. Il inclut des sites sp\u00e9cialis\u00e9s tels que <em data-start=\"149\" data-end=\"173\">ouestfrance-emploi.com<\/em>, <em data-start=\"175\" data-end=\"197\">ouestfrance-auto.com<\/em>, <em data-start=\"199\" data-end=\"221\">ouestfrance-immo.com<\/em>, <em data-start=\"223\" data-end=\"236\">le\u2011marin.fr<\/em> (hebdomadaire maritime), ainsi que <em data-start=\"272\" data-end=\"293\">vacancesalouest.com<\/em> et <em data-start=\"297\" data-end=\"310\">maville.com<\/em>, d\u00e9montrant une strat\u00e9gie \u00e9ditoriale multipolaire\u202f<\/span>.<\/p>\r\n\r\n<h3 data-start=\"1123\" data-end=\"1156\">Mod\u00e8le \u00e9conomique digital<\/h3>\r\n<p data-start=\"1158\" data-end=\"1199\"><span class=\"relative -mx-px my-[-0.2rem] rounded px-px py-[0.2rem] transition-colors duration-100 ease-in-out\">Le mod\u00e8le \u00e9conomique du site repose sur trois piliers :<\/span><\/p>\r\n\r\n<ul data-start=\"1200\" data-end=\"1331\">\r\n \t<li data-start=\"1200\" data-end=\"1243\">\r\n<p data-start=\"1202\" data-end=\"1243\"><span class=\"relative -mx-px my-[-0.2rem] rounded px-px py-[0.2rem] transition-colors duration-100 ease-in-out\"><strong data-start=\"0\" data-end=\"22\" data-is-only-node=\"\">Publicit\u00e9 digitale<\/strong> (display, vid\u00e9os, contenu sponsoris\u00e9) ;<\/span><\/p>\r\n<\/li>\r\n \t<li data-start=\"1244\" data-end=\"1287\">\r\n<p data-start=\"1246\" data-end=\"1287\"><span class=\"relative -mx-px my-[-0.2rem] rounded px-px py-[0.2rem] transition-colors duration-100 ease-in-out\"><strong data-start=\"0\" data-end=\"26\" data-is-only-node=\"\">Abonnements num\u00e9riques<\/strong>, incluant \u00e9ditions du soir et contenus exclusifs ;<\/span><\/p>\r\n<\/li>\r\n \t<li data-start=\"1288\" data-end=\"1331\">\r\n<p data-start=\"1290\" data-end=\"1331\"><span class=\"relative -mx-px my-[-0.2rem] rounded px-px py-[0.2rem] transition-colors duration-100 ease-in-out\"><strong data-start=\"0\" data-end=\"28\" data-is-only-node=\"\">Petites annonces locales<\/strong> (immobilier, emploi, auto).<\/span><\/p>\r\n<\/li>\r\n<\/ul>\r\n<p data-start=\"1333\" data-end=\"1412\"><span class=\"relative -mx-px my-[-0.2rem] rounded px-px py-[0.2rem] transition-colors duration-100 ease-in-out\">L\u2019ensemble permet de diversifier les revenus face \u00e0 la baisse du papier<\/span>.<\/p>\r\n<p data-start=\"1333\" data-end=\"1412\"><a href=\"https:\/\/cparici.com\/wp-content\/uploads\/2025\/07\/Ouest-france.jpg\"><img decoding=\"async\" class=\"aligncenter wp-image-67558 size-large\" src=\"https:\/\/cparici.com\/wp-content\/uploads\/2025\/07\/Ouest-france-1024x548.jpg\" alt=\"Ouest france\" width=\"1024\" height=\"548\" srcset=\"https:\/\/cparici.com\/wp-content\/uploads\/2025\/07\/Ouest-france-1024x548.jpg 1024w, https:\/\/cparici.com\/wp-content\/uploads\/2025\/07\/Ouest-france-300x160.jpg 300w, https:\/\/cparici.com\/wp-content\/uploads\/2025\/07\/Ouest-france-768x411.jpg 768w, https:\/\/cparici.com\/wp-content\/uploads\/2025\/07\/Ouest-france-1536x822.jpg 1536w, https:\/\/cparici.com\/wp-content\/uploads\/2025\/07\/Ouest-france-18x10.jpg 18w, https:\/\/cparici.com\/wp-content\/uploads\/2025\/07\/Ouest-france-590x316.jpg 590w, https:\/\/cparici.com\/wp-content\/uploads\/2025\/07\/Ouest-france-1200x642.jpg 1200w, https:\/\/cparici.com\/wp-content\/uploads\/2025\/07\/Ouest-france-577x309.jpg 577w, https:\/\/cparici.com\/wp-content\/uploads\/2025\/07\/Ouest-france-600x321.jpg 600w, https:\/\/cparici.com\/wp-content\/uploads\/2025\/07\/Ouest-france.jpg 1662w\" sizes=\"(max-width: 1024px) 100vw, 1024px\" \/><\/a><\/p>\r\n\r\n<h2 data-start=\"1419\" data-end=\"1463\">Organisation et mode de fonctionnement<\/h2>\r\n<h3 data-start=\"1465\" data-end=\"1500\">Le groupe SIPA Ouest\u2011France<\/h3>\r\n<p data-start=\"1502\" data-end=\"1661\"><span class=\"relative -mx-px my-[-0.2rem] rounded px-px py-[0.2rem] transition-colors duration-100 ease-in-out\">Le groupe est structur\u00e9 autour de <strong data-start=\"34\" data-end=\"55\">SIPA Ouest\u2011France<\/strong>, d\u00e9tenu \u00e0 99,9\u202f% par l\u2019<strong data-start=\"79\" data-end=\"88\">ASPDH<\/strong>, une association de soutien aux principes humanistes\u202f<\/span>. <span class=\"relative -mx-px my-[-0.2rem] rounded px-px py-[0.2rem] transition-colors duration-100 ease-in-out\">En 2023, le groupe a r\u00e9alis\u00e9 un chiffre d\u2019affaires de 535\u202fmillions d\u2019euros, en l\u00e9g\u00e8re baisse, et accusait un d\u00e9ficit en 2024<\/span>.<\/p>\r\n\r\n<h3 data-start=\"1663\" data-end=\"1698\">Les \u00e9quipes r\u00e9dactionnelles<\/h3>\r\n<p data-start=\"1700\" data-end=\"1962\">Ouest France emploie des \u00e9quipes mixtes, environ <strong data-start=\"1753\" data-end=\"1788\">60\u202f% d\u2019hommes et 40\u202f% de femmes<\/strong>, r\u00e9parties dans 63 r\u00e9dactions, dont une \u00e0 Paris, plus plusieurs centres d\u2019impression \u00e0 Chantepie (Rennes) et La Chevroli\u00e8re (<a href=\"https:\/\/cparici.com\/nantes\/\">Nantes<\/a>)\u202f.<\/p>\r\n\r\n<h3 data-start=\"1964\" data-end=\"2003\">La charte et lignes \u00e9ditoriales<\/h3>\r\n<p data-start=\"2005\" data-end=\"2164\"><span class=\"relative -mx-px my-[-0.2rem] rounded px-px py-[0.2rem] transition-colors duration-100 ease-in-out\">Le groupe fonctionne selon une charte <strong data-start=\"38\" data-end=\"82\">\u201cDire sans nuire, montrer sans choquer\u2026\u201d<\/strong>, fond\u00e9e en 1990, affirmant la transparence, le respect, la prudence, et la responsabilit\u00e9 journalistique<\/span>. <span class=\"relative -mx-px my-[-0.2rem] rounded px-px py-[0.2rem] transition-colors duration-100 ease-in-out\">L\u2019orientation est dite <strong data-start=\"23\" data-end=\"47\">humaniste chr\u00e9tienne<\/strong>, bien que certains mouvements aient critiqu\u00e9 cette influence dans le pass\u00e9\u202f<\/span>.<\/p>\r\n\r\n<h2 data-start=\"2171\" data-end=\"2206\">Historique d\u2019O<strong data-start=\"2190\" data-end=\"2206\">uest France<\/strong><\/h2>\r\n<h3 data-start=\"2208\" data-end=\"2253\">Origines : L\u2019Ouest\u2011\u00c9clair (1899\u20131944)<\/h3>\r\n<p data-start=\"2255\" data-end=\"2414\"><span class=\"relative -mx-px my-[-0.2rem] rounded px-px py-[0.2rem] transition-colors duration-100 ease-in-out\">La base du quotidien remonte \u00e0 <em data-start=\"31\" data-end=\"47\">L\u2019Ouest\u2011\u00c9clair<\/em>, cr\u00e9\u00e9 en 1899 \u00e0 Rennes par l\u2019abb\u00e9 F\u00e9lix Trochu et Emmanuel Desgr\u00e9es du Lo\u00fb, avec un ton d\u00e9mocrate-chr\u00e9tien et un engagement fort dans la justice sociale<\/span>. <span class=\"relative -mx-px my-[-0.2rem] rounded px-px py-[0.2rem] transition-colors duration-100 ease-in-out\">Ce titre a connu son apog\u00e9e dans les ann\u00e9es 1930 en \u00e9tant le premier quotidien r\u00e9gional\u202f<\/span>.<\/p>\r\n\r\n<h3 data-start=\"2416\" data-end=\"2450\">Succession \u00e0 la Lib\u00e9ration<\/h3>\r\n<p data-start=\"2452\" data-end=\"2611\"><span class=\"relative -mx-px my-[-0.2rem] rounded px-px py-[0.2rem] transition-colors duration-100 ease-in-out\">Jug\u00e9 favorable \u00e0 la collaboration, <em data-start=\"35\" data-end=\"51\">L\u2019Ouest\u2011\u00c9clair<\/em> est interdit en ao\u00fbt\u202f1944<\/span>. <span class=\"relative -mx-px my-[-0.2rem] rounded px-px py-[0.2rem] transition-colors duration-100 ease-in-out\">Il est remplac\u00e9 par <strong data-start=\"20\" data-end=\"36\">ouest france<\/strong>, qui publie son premier num\u00e9ro le 7 ao\u00fbt 1944, sous la direction de Paul Hutin\u2011Desgr\u00e9es, avec le soutien de Fran\u00e7ois Desgr\u00e9es du Lou<\/span>.<\/p>\r\n\r\n<h3 data-start=\"2613\" data-end=\"2659\">Explosion post-guerre et modernisation<\/h3>\r\n<p data-start=\"2661\" data-end=\"2820\"><span class=\"relative -mx-px my-[-0.2rem] rounded px-px py-[0.2rem] transition-colors duration-100 ease-in-out\">En 1948, le journal affronte <em data-start=\"29\" data-end=\"42\">Ouest-Matin<\/em>, passe \u00e0 l\u2019impression offset en 1978, publie sa premi\u00e8re photo couleur en 1980 et agrandit ses centres d\u2019impression en 1972 \u00e0 Chantepie et en 1993 \u00e0 La Chevroli\u00e8re<\/span>. <span class=\"relative -mx-px my-[-0.2rem] rounded px-px py-[0.2rem] transition-colors duration-100 ease-in-out\">Il diversifie dans les ann\u00e9es 1990 et 2000 avec SIPA et les supports num\u00e9riques\u202f<\/span>.<\/p>\r\n\r\n<h3 data-start=\"2822\" data-end=\"2866\">Diversification des ann\u00e9es 1990\u20132025<\/h3>\r\n<p data-start=\"2868\" data-end=\"2947\"><span class=\"relative -mx-px my-[-0.2rem] rounded px-px py-[0.2rem] transition-colors duration-100 ease-in-out\">Depuis les ann\u00e9es 1990, le groupe s\u2019est \u00e9largi en rachetant des titres r\u00e9gionaux (Le Courrier de l\u2019Ouest, Presse-Oc\u00e9an), en d\u00e9veloppant Publihebdos, des sites th\u00e9matiques, et en co-fondant <em data-start=\"189\" data-end=\"201\">20 Minutes<\/em>. Il investit aussi dans la radio (Hit West, Oc\u00e9ane FM) et projette le lancement de OFTV en septembre 2025<\/span>.<\/p>\r\n\r\n<h2 data-start=\"2954\" data-end=\"2981\">D\u00e9fis et perspectives<\/h2>\r\n<h3 data-start=\"2983\" data-end=\"3004\">D\u00e9fis actuels<\/h3>\r\n<p data-start=\"3006\" data-end=\"3085\"><span class=\"relative -mx-px my-[-0.2rem] rounded px-px py-[0.2rem] transition-colors duration-100 ease-in-out\">Le groupe fait face \u00e0 un <strong data-start=\"25\" data-end=\"60\">repli continu des ventes papier<\/strong>, des tensions sociales (gr\u00e8ve de 2024 avec 390 salari\u00e9s mobilis\u00e9s et salaires gel\u00e9s) et un <strong data-start=\"152\" data-end=\"180\">d\u00e9ficit confirm\u00e9 en 2024<\/strong>\u202f<\/span>.<\/p>\r\n\r\n<h3 data-start=\"3087\" data-end=\"3107\">Perspectives<\/h3>\r\n<p data-start=\"3109\" data-end=\"3188\"><span class=\"relative -mx-px my-[-0.2rem] rounded px-px py-[0.2rem] transition-colors duration-100 ease-in-out\">La strat\u00e9gie vise \u00e0 consolider les services num\u00e9riques, d\u00e9velopper l\u2019offre TV (OFTV), renforcer les applications mobiles et services d\u2019annonces, et accro\u00eetre les \u00e9v\u00e9nements professionnels comme les Assises de la mer\u202f<\/span>.<\/p>\r\n\r\n<h2 data-start=\"3195\" data-end=\"3211\">Conclusion<\/h2>\r\n<p data-start=\"3213\" data-end=\"3631\">En d\u00e9finitive, Ouest France\u00a0illustre un mod\u00e8le r\u00e9ussi de journal r\u00e9gional capable de traverser les \u00e9poques. Issu d\u2019un h\u00e9ritage militant, il allie aujourd\u2019hui journal papier, site internet \u00e0 fort trafic, diversification m\u00e9diatique et strat\u00e9gie digitale avanc\u00e9e. Malgr\u00e9 des contretemps financiers et sociaux, ses fondations r\u00e9gionales solides et son ambition num\u00e9rique projettent le groupe bien au-del\u00e0 de son pass\u00e9.<\/p>\r\n<p data-start=\"66\" data-end=\"103\"><span class=\"relative -mx-px my-[-0.2rem] rounded px-px py-[0.2rem] transition-colors duration-100 ease-in-out\">Le quotidien Ouest France, premier quotid<\/span><span class=\"relative -mx-px my-[-0.2rem] rounded px-px py-[0.2rem] transition-colors duration-100 ease-in-out\">ien r\u00e9gional francophone au monde, incarne un pilier de l\u2019information et de la vie locale. Fond\u00e9 en ao\u00fbt <strong data-start=\"150\" data-end=\"158\">1944<\/strong>, il succ\u00e8de \u00e0 <em data-start=\"173\" data-end=\"189\">L\u2019Ouest\u2011\u00c9clair<\/em>, interdit \u00e0 la Lib\u00e9ration\u00b9. Imprim\u00e9 chaque jour en format europ\u00e9en (berlinois), il compte <strong data-start=\"280\" data-end=\"295\">41 \u00e9ditions<\/strong> couvrant la Bretagne, les Pays de la Loire, et la Normandie, avec <strong data-start=\"362\" data-end=\"401\">2,3 millions de lecteurs quotidiens<\/strong>\u00b2. Et son site, <strong data-start=\"417\" data-end=\"436\">ouest\u2011france.fr<\/strong>, est devenu la r\u00e9f\u00e9rence de la PQR (Presse Quotidienne R\u00e9gionale) sur le num\u00e9rique.<\/span><\/p>\r\n\r\n<h2 data-start=\"769\" data-end=\"830\">Pourquoi Ouest France\u00a0est un des premiers quotidiens r\u00e9gionaux en France<\/h2>\r\n<h3 data-start=\"832\" data-end=\"865\">Trafic organique massif<\/h3>\r\n<ul data-start=\"866\" data-end=\"1188\">\r\n \t<li data-start=\"866\" data-end=\"1073\">\r\n<p data-start=\"868\" data-end=\"1073\">En mai 2025, ce site a enregistr\u00e9 <strong data-start=\"902\" data-end=\"930\">69,1 millions de visites<\/strong>\u00b3, dont <strong data-start=\"938\" data-end=\"966\">48,6 millions via Google<\/strong>. Le taux de rebond atteint souvent les 69\u202f%\u00b3, signe d\u2019une audience engag\u00e9e malgr\u00e9 une navigation courte.<\/p>\r\n<\/li>\r\n \t<li data-start=\"1074\" data-end=\"1188\">\r\n<p data-start=\"1076\" data-end=\"1188\">R\u00e9partition g\u00e9ographique : 91\u202f% des visiteurs sont en France, suivis de la Belgique (2\u202f%) et du Canada (1,4\u202f%)\u00b3.<\/p>\r\n<\/li>\r\n<\/ul>\r\n<h3 data-start=\"1190\" data-end=\"1241\">Autorit\u00e9 de domaine &amp; profil de backlinks<\/h3>\r\n<ul data-start=\"1242\" data-end=\"1507\">\r\n \t<li data-start=\"1242\" data-end=\"1407\">\r\n<p data-start=\"1244\" data-end=\"1407\">Avec un <strong data-start=\"1252\" data-end=\"1277\">Authority Score de 92<\/strong>, <strong data-start=\"1279\" data-end=\"1309\">134\u202f700 domaines r\u00e9f\u00e9rents<\/strong>, et pr\u00e8s de <strong data-start=\"1322\" data-end=\"1350\">35\u202fmillions de backlinks<\/strong>\u00b3, <strong data-start=\"1353\" data-end=\"1369\">ouest france<\/strong> jouit d\u2019un profil SEO exceptionnel.<\/p>\r\n<\/li>\r\n \t<li data-start=\"1408\" data-end=\"1507\">\r\n<p data-start=\"1410\" data-end=\"1507\">Ce score se refl\u00e8te dans sa position : <strong data-start=\"1449\" data-end=\"1486\">26\u1d49 site le plus visit\u00e9 en France<\/strong>, 643\u1d49 rang mondial\u00b3.<\/p>\r\n<\/li>\r\n<\/ul>\r\n<h3 data-start=\"1509\" data-end=\"1539\">Couverture r\u00e9gionale<\/h3>\r\n<p data-start=\"1540\" data-end=\"1728\"><strong data-start=\"1540\" data-end=\"1556\">Ouest France<\/strong> couvre intens\u00e9ment l\u2019Ouest de la France (Bretagne, Pays\u2011de\u2011Loire, Normandie) avec 41 \u00e9ditions, ce qui lui conf\u00e8re un <strong data-start=\"1674\" data-end=\"1696\">ancrage local fort<\/strong>, tr\u00e8s estim\u00e9 par son lectorat\u00b9.<\/p>\r\n\r\n<h3 data-start=\"4060\" data-end=\"4098\">Comparaison avec d\u2019autres m\u00e9dias<\/h3>\r\n<ul data-start=\"4100\" data-end=\"4356\">\r\n \t<li data-start=\"4100\" data-end=\"4212\">\r\n<p data-start=\"4102\" data-end=\"4212\"><strong data-start=\"4102\" data-end=\"4115\">Le Figaro<\/strong> : 83\u202fM visites\/mois, DA 91 ; <strong data-start=\"4145\" data-end=\"4154\">BFMTV<\/strong> : 59\u202fM visites, DA 86 ; <strong data-start=\"4179\" data-end=\"4194\">Le Parisien<\/strong> : 36\u202fM, DA 83\u00b3.<\/p>\r\n<\/li>\r\n \t<li data-start=\"4213\" data-end=\"4356\">\r\n<p data-start=\"4215\" data-end=\"4356\"><strong data-start=\"4215\" data-end=\"4231\">ouest france<\/strong> se distingue par son positionnement local unique et son audience fid\u00e8le, particuli\u00e8rement en zones rurales et p\u00e9riurbaines\u00b3.<\/p>\r\n<\/li>\r\n<\/ul>\r\n<h2 data-start=\"44\" data-end=\"106\"><strong data-start=\"47\" data-end=\"106\">Ouest France Immo : le N\u00b01 de l\u2019immobilier dans l\u2019Ouest<\/strong><\/h2>\r\n<p data-start=\"108\" data-end=\"221\"><span class=\"relative -mx-px my-[-0.2rem] rounded px-px py-[0.2rem] transition-colors duration-100 ease-in-out\">Depuis sa cr\u00e9ation en 1998, <strong data-start=\"28\" data-end=\"49\">Ouest France Immo<\/strong> s\u2019est impos\u00e9 comme le portail incontournable des annonces immobili\u00e8res en Bretagne, Normandie et Pays\u2011de\u2011la\u2011Loire, avec plus de <strong data-start=\"178\" data-end=\"198\">200\u202f000 annonces<\/strong> disponibles en 2025<\/span>. <span class=\"relative -mx-px my-[-0.2rem] rounded px-px py-[0.2rem] transition-colors duration-100 ease-in-out\">Portail int\u00e9gr\u00e9 au groupe Ouest\u2011France, il propose une large gamme de services \u00e0 destination des particuliers et des professionnels.<\/span><\/p>\r\n\r\n<h3 data-start=\"228\" data-end=\"262\"><strong data-start=\"231\" data-end=\"262\">Un site complet et intuitif<\/strong><\/h3>\r\n<p data-start=\"264\" data-end=\"415\"><span class=\"relative -mx-px my-[-0.2rem] rounded px-px py-[0.2rem] transition-colors duration-100 ease-in-out\">Le site principal <strong data-start=\"18\" data-end=\"42\">ouestfrance\u2011immo.com<\/strong> permet d\u2019acc\u00e9der \u00e0 des biens \u00e0 l\u2019achat, \u00e0 la location ou dans le neuf. Il offre un moteur de recherche performant, avec filtres par localisation, budget, surface, type de bien, et m\u00eame g\u00e9olocalisation sur carte interactive<\/span>. <span class=\"relative -mx-px my-[-0.2rem] rounded px-px py-[0.2rem] transition-colors duration-100 ease-in-out\">Les utilisateurs peuvent enregistrer des recherches, cr\u00e9er des alertes et recevoir des notifications d\u00e8s qu\u2019un bien correspondant \u00e0 leurs crit\u00e8res est publi\u00e9<\/span>.<\/p>\r\n\r\n<h3 data-start=\"422\" data-end=\"467\"><strong data-start=\"425\" data-end=\"467\">Barom\u00e8tres et estimation en temps r\u00e9el<\/strong><\/h3>\r\n<p data-start=\"469\" data-end=\"814\"><strong data-start=\"469\" data-end=\"490\">Ouest France Immo<\/strong> propose un barom\u00e8tre quotidien des prix au m\u00b2 pour les maisons et appartements dans l\u2019Ouest, avec des donn\u00e9es locales pr\u00e9cises\u202f. <span class=\"relative -mx-px my-[-0.2rem] rounded px-px py-[0.2rem] transition-colors duration-100 ease-in-out\">Ces statistiques s\u2019appuient sur plus de <strong data-start=\"40\" data-end=\"57\">200\u202f000 biens<\/strong> mis en vente, pouvant \u00eatre consult\u00e9es par r\u00e9gion, d\u00e9partement, ville ou quartier<\/span>. <span class=\"relative -mx-px my-[-0.2rem] rounded px-px py-[0.2rem] transition-colors duration-100 ease-in-out\">L\u2019utilisateur b\u00e9n\u00e9ficie aussi d\u2019un outil d\u2019<strong data-start=\"43\" data-end=\"66\">estimation en ligne<\/strong> gratuit, bas\u00e9 sur les donn\u00e9es DVF pour estimer la valeur d\u2019un bien\u202f<\/span><\/p>\r\n\r\n<h3 data-start=\"821\" data-end=\"875\"><strong data-start=\"824\" data-end=\"875\">Fonctionnalit\u00e9s num\u00e9riques et exp\u00e9rience mobile<\/strong><\/h3>\r\n<p data-start=\"877\" data-end=\"1036\"><span class=\"relative -mx-px my-[-0.2rem] rounded px-px py-[0.2rem] transition-colors duration-100 ease-in-out\">L\u2019application mobile <strong data-start=\"21\" data-end=\"42\">Ouest France Immo<\/strong> offre une exp\u00e9rience fluide : notifications push, sauvegarde de favoris, visites virtuelles, cartes interactives<\/span>. <span class=\"relative -mx-px my-[-0.2rem] rounded px-px py-[0.2rem] transition-colors duration-100 ease-in-out\">Elle permet \u00e9galement de tracer une zone personnalis\u00e9e de recherche et de contacter directement vendeurs ou agences via l\u2019interface<\/span>.<\/p>\r\n\r\n<h3 data-start=\"1043\" data-end=\"1085\"><strong data-start=\"1046\" data-end=\"1085\">Audience engag\u00e9e et performance SEO<\/strong><\/h3>\r\n<p data-start=\"1087\" data-end=\"1326\"><span class=\"relative -mx-px my-[-0.2rem] rounded px-px py-[0.2rem] transition-colors duration-100 ease-in-out\">Selon SimilarWeb, le portail a g\u00e9n\u00e9r\u00e9 <strong data-start=\"38\" data-end=\"76\">2,7 millions de visites mensuelles<\/strong> en mai\u202f2025, avec 56\u202f% d\u2019utilisateurs masculins et 44\u202f% f\u00e9minins<\/span>. <span class=\"relative -mx-px my-[-0.2rem] rounded px-px py-[0.2rem] transition-colors duration-100 ease-in-out\">Le trafic se r\u00e9partit \u00e0 43\u202f% en acc\u00e8s direct et 39\u202f% via recherche organique<\/span>. <span class=\"relative -mx-px my-[-0.2rem] rounded px-px py-[0.2rem] transition-colors duration-100 ease-in-out\">Le mot\u2011cl\u00e9 <strong data-start=\"11\" data-end=\"34\">\u201couest france immo\u201d<\/strong> enregistre environ <strong data-start=\"54\" data-end=\"85\">9\u202f700 recherches mensuelles<\/strong>, illustrant une forte notori\u00e9t\u00e9<\/span>.<\/p>\r\n\r\n<h3 data-start=\"1333\" data-end=\"1390\"><strong data-start=\"1336\" data-end=\"1390\">Ciblage des professionnels : Ouest France Immo Pro<\/strong><\/h3>\r\n<p data-start=\"1392\" data-end=\"1631\"><span class=\"relative -mx-px my-[-0.2rem] rounded px-px py-[0.2rem] transition-colors duration-100 ease-in-out\">Via <strong data-start=\"4\" data-end=\"28\">ouestfrance\u2011immo.pro<\/strong>, les professionnels de l\u2019immobilier peuvent souscrire \u00e0 des packs d\u00e9di\u00e9s<\/span>. <span class=\"relative -mx-px my-[-0.2rem] rounded px-px py-[0.2rem] transition-colors duration-100 ease-in-out\">Ces solutions incluent la publication d\u2019annonces, l\u2019acc\u00e8s \u00e0 un tableau de bord d\u00e9taill\u00e9, l\u2019envoi d\u2019alertes email \u00e0 des acheteurs actifs, la r\u00e9cup\u00e9ration de contacts acqu\u00e9reurs<\/span>. <span class=\"relative -mx-px my-[-0.2rem] rounded px-px py-[0.2rem] transition-colors duration-100 ease-in-out\">Le pack \u00ab\u202fPerformance\u202f\u00bb permet notamment d\u2019acc\u00e9der aux coordonn\u00e9es compl\u00e8tes des prospects, fournissant des leads de qualit\u00e9<\/span>.<\/p>\r\n\r\n<h3 data-start=\"1638\" data-end=\"1676\"><strong data-start=\"1641\" data-end=\"1676\">Innovation et marketing digital<\/strong><\/h3>\r\n<p data-start=\"1678\" data-end=\"1837\"><span class=\"relative -mx-px my-[-0.2rem] rounded px-px py-[0.2rem] transition-colors duration-100 ease-in-out\">Le portail collabore avec <strong data-start=\"26\" data-end=\"38\">Probance<\/strong> pour automatiser le marketing envers acheteurs, vendeurs et locataires. Depuis 2012, cette relation permet une communication personnalis\u00e9e \u00e0 chaque segment via CRM<\/span>. <span class=\"relative -mx-px my-[-0.2rem] rounded px-px py-[0.2rem] transition-colors duration-100 ease-in-out\">R\u00e9sultat : un taux de conversion moyen de 17\u202f%, d\u00e9montrant l\u2019efficacit\u00e9 de leur strat\u00e9gie digitale\u202f<\/span>.<\/p>\r\n\r\n<h3 data-start=\"1844\" data-end=\"1893\"><strong data-start=\"1847\" data-end=\"1893\">Tendances 2023\u20132025 et leadership confirm\u00e9<\/strong><\/h3>\r\n<p data-start=\"1895\" data-end=\"2153\"><span class=\"relative -mx-px my-[-0.2rem] rounded px-px py-[0.2rem] transition-colors duration-100 ease-in-out\">En 2023, le site a enregistr\u00e9 <strong data-start=\"30\" data-end=\"58\">48,5\u202fmillions de visites<\/strong>, l\u00e9g\u00e8rement en baisse par rapport \u00e0 2022<\/span>. <span class=\"relative -mx-px my-[-0.2rem] rounded px-px py-[0.2rem] transition-colors duration-100 ease-in-out\">Ce recul refl\u00e8te la prudence des acqu\u00e9reurs face au contexte \u00e9conomique, avec une baisse de 12\u202f% des mises en relation<\/span>. Malgr\u00e9 cela, <strong data-start=\"2068\" data-end=\"2089\">Ouest France Immo<\/strong> demeure un acteur solide et incontournable dans le Grand Ouest.<\/p>\r\n\r\n<h2 data-start=\"279\" data-end=\"322\"><strong data-start=\"282\" data-end=\"322\">Foire Aux Questions sur Ouest France<\/strong><\/h2>\r\n<h3 data-start=\"324\" data-end=\"365\">1. Qu\u2019est-ce que <strong data-start=\"345\" data-end=\"361\">Ouest France<\/strong> ?<\/h3>\r\n<p data-start=\"366\" data-end=\"623\"><strong data-start=\"366\" data-end=\"382\">Ouest France<\/strong> est le premier quotidien r\u00e9gional fran\u00e7ais, fond\u00e9 en 1944 \u00e0 Rennes. Avec ses 41 \u00e9ditions locales, il couvre l\u2019actualit\u00e9 de la Bretagne, des Pays de la Loire et de la Normandie, et est \u00e9galement pr\u00e9sent en ligne via son site ouest-france.fr.<\/p>\r\n\r\n<h3 data-start=\"630\" data-end=\"690\">2. Comment acc\u00e9der au site internet <strong data-start=\"670\" data-end=\"686\">Ouest France<\/strong> ?<\/h3>\r\n<p data-start=\"691\" data-end=\"974\">Pour consulter les articles, annonces et services num\u00e9riques de <strong data-start=\"755\" data-end=\"771\">Ouest France<\/strong>, il suffit de se rendre sur <a class=\"\" href=\"https:\/\/www.ouest-france.fr\" target=\"_new\" rel=\"noopener\" data-start=\"800\" data-end=\"846\">ouest-france.fr<\/a>. Le site propose l\u2019actualit\u00e9 en continu, des rubriques th\u00e9matiques et des services pratiques comme m\u00e9t\u00e9o, emploi et immobilier.<\/p>\r\n\r\n<h3 data-start=\"981\" data-end=\"1054\">3. Quels sont les services propos\u00e9s par <strong data-start=\"1025\" data-end=\"1041\">Ouest France<\/strong> en ligne ?<\/h3>\r\n<p data-start=\"1055\" data-end=\"1265\">Le site <strong data-start=\"1063\" data-end=\"1079\">Ouest France<\/strong> offre des actualit\u00e9s r\u00e9gionales, nationales et internationales, ainsi que des services comme petites annonces, m\u00e9t\u00e9o, emploi (<em data-start=\"1206\" data-end=\"1227\">Ouest France Emploi<\/em>) et immobilier (<em data-start=\"1244\" data-end=\"1263\">Ouest France Immo<\/em>).<\/p>\r\n\r\n<h3 data-start=\"1272\" data-end=\"1319\">4. Comment s\u2019abonner \u00e0 <strong data-start=\"1299\" data-end=\"1315\">Ouest France<\/strong> ?<\/h3>\r\n<p data-start=\"1320\" data-end=\"1529\">Vous pouvez vous abonner \u00e0 <strong data-start=\"1347\" data-end=\"1363\">Ouest France<\/strong> directement sur ouest-france.fr en choisissant l\u2019\u00e9dition num\u00e9rique ou papier. L\u2019offre inclut souvent des contenus exclusifs et des avantages comme l\u2019\u00e9dition du soir.<\/p>\r\n\r\n<h3 data-start=\"1536\" data-end=\"1622\">5. Quelle est la diff\u00e9rence entre l\u2019\u00e9dition papier et le site <strong data-start=\"1602\" data-end=\"1618\">Ouest France<\/strong> ?<\/h3>\r\n<p data-start=\"1623\" data-end=\"1830\">L\u2019\u00e9dition papier de <strong data-start=\"1643\" data-end=\"1659\">Ouest France<\/strong> offre une information locale approfondie et des cahiers th\u00e9matiques, tandis que le site propose une actualit\u00e9 en temps r\u00e9el, des vid\u00e9os, podcasts et services interactifs.<\/p>\r\n\r\n<h3 data-start=\"1837\" data-end=\"1898\">6. <strong data-start=\"1844\" data-end=\"1860\">Ouest France<\/strong> propose-t-il des petites annonces ?<\/h3>\r\n<p data-start=\"1899\" data-end=\"2076\">Oui, <strong data-start=\"1904\" data-end=\"1920\">Ouest France<\/strong> est un acteur majeur des petites annonces dans l\u2019Ouest de la France. Le site internet regroupe des milliers d\u2019annonces en immobilier, emploi et automobile.<\/p>\r\n\r\n<h3 data-start=\"2083\" data-end=\"2137\">7. O\u00f9 trouver les archives de <strong data-start=\"2117\" data-end=\"2133\">Ouest France<\/strong> ?<\/h3>\r\n<p data-start=\"2138\" data-end=\"2327\">Les archives de <strong data-start=\"2154\" data-end=\"2170\">Ouest France<\/strong> sont accessibles en ligne via le site ouest-france.fr. Elles permettent de consulter d\u2019anciens articles et \u00e9ditions selon les dates et les \u00e9ditions locales.<\/p>\r\n\r\n<h3 data-start=\"2334\" data-end=\"2395\">8. Comment contacter la r\u00e9daction de <strong data-start=\"2375\" data-end=\"2391\">Ouest France<\/strong> ?<\/h3>\r\n<p data-start=\"2396\" data-end=\"2575\">Pour contacter la r\u00e9daction de <strong data-start=\"2427\" data-end=\"2443\">Ouest France<\/strong>, rendez-vous sur la page de contact du site ou utilisez les coordonn\u00e9es des bureaux locaux indiqu\u00e9es dans chaque \u00e9dition r\u00e9gionale.<\/p>\r\n\r\n<h3 data-start=\"2582\" data-end=\"2648\">9. Quelles sont les r\u00e9gions couvertes par <strong data-start=\"2628\" data-end=\"2644\">Ouest France<\/strong> ?<\/h3>\r\n<p data-start=\"2649\" data-end=\"2834\"><strong data-start=\"2649\" data-end=\"2665\">Ouest France<\/strong> couvre la Bretagne, la Normandie et les Pays de la Loire gr\u00e2ce \u00e0 ses 41 \u00e9ditions locales. Cela en fait le quotidien le plus proche de ses lecteurs dans ces territoires.<\/p>\r\n\r\n<h3 data-start=\"2841\" data-end=\"2918\">10. Quels sont les avantages de l\u2019application mobile <strong data-start=\"2898\" data-end=\"2914\">Ouest France<\/strong> ?<\/h3>\r\n<p data-start=\"2919\" data-end=\"3120\">L\u2019application <strong data-start=\"2933\" data-end=\"2949\">Ouest France<\/strong> offre un acc\u00e8s rapide \u00e0 l\u2019actualit\u00e9 locale, des notifications en temps r\u00e9el, la consultation des petites annonces et la possibilit\u00e9 de personnaliser son fil d\u2019actualit\u00e9s.<\/p>\r\n<p data-start=\"2919\" data-end=\"3120\">&#8212;&#8212;&#8212;&#8212;&#8211;<\/p>\r\n\r\n<h2 data-start=\"231\" data-end=\"302\"><strong data-start=\"233\" data-end=\"302\">L\u2019Ouest de la France : une mosa\u00efque de paysages et de patrimoines<\/strong><\/h2>\r\n<em>Ouest France peut aussi d\u00e9signer l&#8217;Ouest de la France, c&#8217;est \u00e0 dire toute la moiti\u00e9 Ouest du pays le plus visit\u00e9 au monde.<\/em>\r\n<p data-start=\"304\" data-end=\"796\">L\u2019<strong data-start=\"306\" data-end=\"328\">ouest de la France<\/strong> est une r\u00e9gion aux mille facettes, connue pour ses paysages contrast\u00e9s, ses villes charg\u00e9es d\u2019histoire et son art de vivre entre terre et mer. De la Bretagne sauvage aux vall\u00e9es verdoyantes de la Loire, en passant par les plages de sable fin de la <a href=\"https:\/\/cparici.com\/vendee\/\">Vend\u00e9e<\/a> et les bocages normands, ce territoire offre une richesse naturelle et culturelle exceptionnelle. D\u00e9couvrez dans cet article une description d\u00e9taill\u00e9e de l\u2019<strong data-start=\"740\" data-end=\"762\">ouest de la France<\/strong> et de ses paysages embl\u00e9matiques.<\/p>\r\n\r\n<h3 data-start=\"803\" data-end=\"843\"><strong data-start=\"806\" data-end=\"843\">Une diversit\u00e9 g\u00e9ographique unique dans l&#8217;ouest de la France<\/strong><\/h3>\r\n<p data-start=\"845\" data-end=\"1439\">L\u2019<strong data-start=\"847\" data-end=\"869\">ouest de la France<\/strong> se distingue par une grande diversit\u00e9 de reliefs et de climats. La Bretagne, p\u00e9ninsule tourn\u00e9e vers l\u2019Atlantique, offre des c\u00f4tes d\u00e9coup\u00e9es, des falaises abruptes et des baies aux eaux turquoise, comme celles de la presqu\u2019\u00eele de Crozon ou de la <a href=\"https:\/\/cparici.com\/cote-de-granit-rose\/\">c\u00f4te de Granit Rose<\/a>. Plus au sud, les Pays de la Loire d\u00e9ploient de larges vall\u00e9es, des plaines agricoles et la majestueuse vall\u00e9e de la Loire, class\u00e9e au patrimoine mondial de l\u2019UNESCO. En Normandie, les paysages alternent entre bocages, falaises vertigineuses comme celles d\u2019<a href=\"https:\/\/cparici.com\/etretat-guide\/\">\u00c9tretat<\/a>, et plages historiques du D\u00e9barquement.<\/p>\r\n\r\n\r\n<figure id=\"attachment_67562\" aria-describedby=\"caption-attachment-67562\" style=\"width: 1500px\" class=\"wp-caption aligncenter\"><a href=\"https:\/\/cparici.com\/wp-content\/uploads\/2025\/07\/cparici-51.jpg\"><img decoding=\"async\" class=\"wp-image-67562 size-full\" src=\"https:\/\/cparici.com\/wp-content\/uploads\/2025\/07\/cparici-51.jpg\" alt=\"Ouest de la France paysage de falaises\" width=\"1500\" height=\"530\" srcset=\"https:\/\/cparici.com\/wp-content\/uploads\/2025\/07\/cparici-51.jpg 1500w, https:\/\/cparici.com\/wp-content\/uploads\/2025\/07\/cparici-51-300x106.jpg 300w, https:\/\/cparici.com\/wp-content\/uploads\/2025\/07\/cparici-51-1024x362.jpg 1024w, https:\/\/cparici.com\/wp-content\/uploads\/2025\/07\/cparici-51-768x271.jpg 768w, https:\/\/cparici.com\/wp-content\/uploads\/2025\/07\/cparici-51-18x6.jpg 18w, https:\/\/cparici.com\/wp-content\/uploads\/2025\/07\/cparici-51-590x208.jpg 590w, https:\/\/cparici.com\/wp-content\/uploads\/2025\/07\/cparici-51-1200x424.jpg 1200w, https:\/\/cparici.com\/wp-content\/uploads\/2025\/07\/cparici-51-577x204.jpg 577w, https:\/\/cparici.com\/wp-content\/uploads\/2025\/07\/cparici-51-600x212.jpg 600w\" sizes=\"(max-width: 1500px) 100vw, 1500px\" \/><\/a><figcaption id=\"caption-attachment-67562\" class=\"wp-caption-text\">Ouest de la France paysage de falaises<\/figcaption><\/figure>\r\n<h3 data-start=\"1446\" data-end=\"1491\"><strong data-start=\"1449\" data-end=\"1491\">Des littoraux spectaculaires et vari\u00e9s<\/strong><\/h3>\r\n<p data-start=\"1493\" data-end=\"2018\">Le littoral est l\u2019un des joyaux de l\u2019<strong data-start=\"1530\" data-end=\"1552\">ouest de la France<\/strong>. La Bretagne est c\u00e9l\u00e8bre pour ses 2\u202f700 kilom\u00e8tres de c\u00f4tes, les plus longues de France, o\u00f9 se succ\u00e8dent plages de sable, criques sauvages et ports pittoresques comme ceux de Saint-Malo et <a href=\"https:\/\/cparici.com\/visiter-concarneau-guide-des-meilleurs-sites-et-activites\/\">Concarneau<\/a>. En Vend\u00e9e et en Charente-Maritime, les plages s\u2019\u00e9tendent \u00e0 perte de vue, id\u00e9ales pour les familles et les amateurs de sports nautiques. Les \u00eeles du littoral, telles qu\u2019Ouessant, Belle-\u00cele, l\u2019\u00eele de R\u00e9 ou Noirmoutier, ajoutent \u00e0 la beaut\u00e9 de ce patrimoine maritime.<\/p>\r\n\r\n<h3 data-start=\"2025\" data-end=\"2077\"><strong data-start=\"2028\" data-end=\"2077\">Campagnes et for\u00eats : le c\u0153ur vert de l\u2019Ouest de la France<\/strong><\/h3>\r\n<p data-start=\"2079\" data-end=\"2581\">L\u2019<strong data-start=\"2081\" data-end=\"2103\">ouest de la France<\/strong> ne se r\u00e9sume pas \u00e0 ses c\u00f4tes. L\u2019int\u00e9rieur des terres d\u00e9voile un c\u0153ur verdoyant compos\u00e9 de bocages, de haies et de champs vallonn\u00e9s. Le bocage normand, parsem\u00e9 de pommiers et de manoirs \u00e0 colombages, offre un paysage paisible et authentique. La for\u00eat de Broc\u00e9liande, berceau des l\u00e9gendes arthuriennes, plonge les visiteurs dans un univers mythique. Dans les Pays de la Loire, le <a href=\"https:\/\/cparici.com\/marais-poitevin-une-escapade-incontournable-en-venise-verte\/\">marais poitevin<\/a>, surnomm\u00e9 la \u201cVenise verte\u201d, est un r\u00e9seau de canaux propice aux balades en barque.<\/p>\r\n\r\n<h3 data-start=\"2588\" data-end=\"2624\"><strong data-start=\"2591\" data-end=\"2624\">Villes et patrimoine culturel<\/strong><\/h3>\r\n<p data-start=\"2626\" data-end=\"3087\">L\u2019<strong data-start=\"2628\" data-end=\"2650\">ouest de la France<\/strong> est aussi riche en villes dynamiques et charg\u00e9es d\u2019histoire. Nantes, ancienne capitale des ducs de Bretagne, allie architecture historique et modernit\u00e9 cr\u00e9ative. Rennes s\u00e9duit par ses maisons \u00e0 pans de bois et son ambiance \u00e9tudiante. En Normandie, Caen et Rouen t\u00e9moignent d\u2019un pass\u00e9 m\u00e9di\u00e9val et religieux exceptionnel. Ces villes sont le point de d\u00e9part id\u00e9al pour explorer les <a href=\"https:\/\/cparici.com\/chateau-de-la-loire\/\">ch\u00e2teaux de la Loire<\/a>, joyaux de la Renaissance fran\u00e7aise.<\/p>\r\n\r\n\r\n<figure id=\"attachment_67563\" aria-describedby=\"caption-attachment-67563\" style=\"width: 1500px\" class=\"wp-caption aligncenter\"><a href=\"https:\/\/cparici.com\/wp-content\/uploads\/2025\/07\/cparici-52.jpg\"><img decoding=\"async\" class=\"wp-image-67563 size-full\" src=\"https:\/\/cparici.com\/wp-content\/uploads\/2025\/07\/cparici-52.jpg\" alt=\"chateau de la Loire, a l'ouest de la France\" width=\"1500\" height=\"530\" srcset=\"https:\/\/cparici.com\/wp-content\/uploads\/2025\/07\/cparici-52.jpg 1500w, https:\/\/cparici.com\/wp-content\/uploads\/2025\/07\/cparici-52-300x106.jpg 300w, https:\/\/cparici.com\/wp-content\/uploads\/2025\/07\/cparici-52-1024x362.jpg 1024w, https:\/\/cparici.com\/wp-content\/uploads\/2025\/07\/cparici-52-768x271.jpg 768w, https:\/\/cparici.com\/wp-content\/uploads\/2025\/07\/cparici-52-18x6.jpg 18w, https:\/\/cparici.com\/wp-content\/uploads\/2025\/07\/cparici-52-590x208.jpg 590w, https:\/\/cparici.com\/wp-content\/uploads\/2025\/07\/cparici-52-1200x424.jpg 1200w, https:\/\/cparici.com\/wp-content\/uploads\/2025\/07\/cparici-52-577x204.jpg 577w, https:\/\/cparici.com\/wp-content\/uploads\/2025\/07\/cparici-52-600x212.jpg 600w\" sizes=\"(max-width: 1500px) 100vw, 1500px\" \/><\/a><figcaption id=\"caption-attachment-67563\" class=\"wp-caption-text\">chateau de la Loire, a l&#8217;ouest de la France<\/figcaption><\/figure>\r\n<h3 data-start=\"3094\" data-end=\"3128\"><strong data-start=\"3097\" data-end=\"3128\">Un art de vivre authentique<\/strong><\/h3>\r\n<p data-start=\"3130\" data-end=\"3499\">Vivre dans l\u2019<strong data-start=\"3143\" data-end=\"3165\">ouest de la France<\/strong>, c\u2019est profiter d\u2019un art de vivre entre mer et campagne. La gastronomie y refl\u00e8te la diversit\u00e9 des terroirs : fruits de mer, cr\u00eapes et galettes en Bretagne, camembert et cidre en Normandie, vins et rillettes dans la vall\u00e9e de la Loire. Les march\u00e9s locaux, les f\u00eates maritimes et les festivals culturels rythment la vie des habitants.<\/p>\r\n\r\n<h3 data-start=\"3506\" data-end=\"3523\"><strong data-start=\"3509\" data-end=\"3523\">Conclusion<\/strong><\/h3>\r\n<p data-start=\"3525\" data-end=\"3947\">L\u2019<strong data-start=\"3527\" data-end=\"3549\">ouest de la France<\/strong> s\u00e9duit par sa diversit\u00e9 de paysages, son riche patrimoine et son ambiance conviviale. Qu\u2019il s\u2019agisse de fl\u00e2ner dans un port breton, de naviguer dans le marais poitevin ou d\u2019admirer les falaises normandes, cette r\u00e9gion offre un concentr\u00e9 de nature et de culture. Id\u00e9ale pour les amateurs de grands espaces comme pour les passionn\u00e9s d\u2019histoire, elle reste une destination incontournable en France.<\/p>\r\n\r\n<h2 data-start=\"5921\" data-end=\"5944\">Lien externe utile<\/h2>\r\n<p data-start=\"5945\" data-end=\"6066\">Pour approfondir, consultez la page Wikip\u00e9dia d\u00e9di\u00e9e au quotidien r\u00e9gional : <a class=\"\" href=\"https:\/\/fr.wikipedia.org\/wiki\/Ouest-France\" target=\"_new\" rel=\"noopener\" data-start=\"6022\" data-end=\"6066\">https:\/\/fr.wikipedia.org\/wiki\/Ouest-France<\/a><\/p>\t\t\t\t\t\t\t\t<\/div>\n\t\t\t\t\t<\/div>\n\t\t\t\t<\/div>\n\t\t<aside class=\"elementor-element elementor-element-a90e357 e-flex e-con-boxed e-con e-parent\" data-id=\"a90e357\" data-element_type=\"container\" data-e-type=\"container\">\n\t\t\t\t\t<div class=\"e-con-inner\">\n\t\t\t\t<div class=\"elementor-element elementor-element-11efa9a elementor-widget elementor-widget-listeo-posts-grid\" data-id=\"11efa9a\" data-element_type=\"widget\" data-e-type=\"widget\" data-widget_type=\"listeo-posts-grid.default\">\n\t\t\t\t<div class=\"elementor-widget-container\">\n\t\t\t\t\t\t\t\n\t\t<div class=\"listeo-post-grid-wrapper\">\n\t\t\t<div class=\"row\">\n\n\t\t\t\n\n\t\t\t\t\t\t\t<div class=\"col-md-4\">\n                <a href=\"https:\/\/cparici.com\/fr\/oenotourisme-en-france\/\" class=\"blog-compact-item-container\">\n                    <div class=\"blog-compact-item\">\n                        <img decoding=\"async\" width=\"577\" height=\"204\" src=\"https:\/\/cparici.com\/wp-content\/uploads\/2025\/05\/cparici-2025-05-28T075123.962-577x204.jpg\" class=\"attachment-listeo-blog-related-post size-listeo-blog-related-post wp-post-image\" alt=\"\u0153notourisme exp\u00e9riences sensorielles\" srcset=\"https:\/\/cparici.com\/wp-content\/uploads\/2025\/05\/cparici-2025-05-28T075123.962-577x204.jpg 577w, https:\/\/cparici.com\/wp-content\/uploads\/2025\/05\/cparici-2025-05-28T075123.962-300x106.jpg 300w, https:\/\/cparici.com\/wp-content\/uploads\/2025\/05\/cparici-2025-05-28T075123.962-1024x362.jpg 1024w, https:\/\/cparici.com\/wp-content\/uploads\/2025\/05\/cparici-2025-05-28T075123.962-768x271.jpg 768w, https:\/\/cparici.com\/wp-content\/uploads\/2025\/05\/cparici-2025-05-28T075123.962-18x6.jpg 18w, https:\/\/cparici.com\/wp-content\/uploads\/2025\/05\/cparici-2025-05-28T075123.962-590x208.jpg 590w, https:\/\/cparici.com\/wp-content\/uploads\/2025\/05\/cparici-2025-05-28T075123.962-1200x424.jpg 1200w, https:\/\/cparici.com\/wp-content\/uploads\/2025\/05\/cparici-2025-05-28T075123.962-600x212.jpg 600w, https:\/\/cparici.com\/wp-content\/uploads\/2025\/05\/cparici-2025-05-28T075123.962.jpg 1500w\" sizes=\"(max-width: 577px) 100vw, 577px\" \/><span class=\"blog-item-tag\">France<\/span>                        \n                        <div class=\"blog-compact-item-content\">\n                                                        <h3>\u0152notourisme &#8211; des exp\u00e9riences uniques \u00e0 vivre en 2025<\/h3>\n                                                        <p>Recherches populaires Categories Pas de r\u00e9sultats Voir tous les r\u00e9sultats \u0152notourisme en France L&#8217;\u0153notourisme, ou...                            <\/p>\n                                                    <\/div>\n                    <\/div>\n                <\/a>\n            <\/div>\n\t\t\t<div class=\"col-md-4\">\n                <a href=\"https:\/\/cparici.com\/fr\/porticcio\/\" class=\"blog-compact-item-container\">\n                    <div class=\"blog-compact-item\">\n                        <img decoding=\"async\" width=\"577\" height=\"204\" src=\"https:\/\/cparici.com\/wp-content\/uploads\/2024\/08\/Porticcio-a-Grosseto-Prugna-en-Corse.jpg\" class=\"attachment-listeo-blog-related-post size-listeo-blog-related-post wp-post-image\" alt=\"Porticcio a Grosseto-Prugna en Corse\" srcset=\"https:\/\/cparici.com\/wp-content\/uploads\/2024\/08\/Porticcio-a-Grosseto-Prugna-en-Corse.jpg 1500w, https:\/\/cparici.com\/wp-content\/uploads\/2024\/08\/Porticcio-a-Grosseto-Prugna-en-Corse-600x212.jpg 600w, https:\/\/cparici.com\/wp-content\/uploads\/2024\/08\/Porticcio-a-Grosseto-Prugna-en-Corse-300x106.jpg 300w, https:\/\/cparici.com\/wp-content\/uploads\/2024\/08\/Porticcio-a-Grosseto-Prugna-en-Corse-1024x362.jpg 1024w, https:\/\/cparici.com\/wp-content\/uploads\/2024\/08\/Porticcio-a-Grosseto-Prugna-en-Corse-768x271.jpg 768w\" sizes=\"(max-width: 577px) 100vw, 577px\" \/><span class=\"blog-item-tag\">Corse<\/span>                        \n                        <div class=\"blog-compact-item-content\">\n                                                        <h3>Porticcio &#8211; Un Joyau en Corse du Sud<\/h3>\n                                                        <p>Porticcio en Corse du Sud, un village c\u00f4tier enchanteur avec plages, randonn\u00e9es, monuments et activit\u00e9s...                            <\/p>\n                                                    <\/div>\n                    <\/div>\n                <\/a>\n            <\/div>\n\t\t\t<div class=\"col-md-4\">\n                <a href=\"https:\/\/cparici.com\/fr\/plougerneau\/\" class=\"blog-compact-item-container\">\n                    <div class=\"blog-compact-item\">\n                        <img decoding=\"async\" width=\"577\" height=\"256\" src=\"https:\/\/cparici.com\/wp-content\/uploads\/2025\/07\/Plougerneau-3-577x256.jpg\" class=\"attachment-listeo-blog-related-post size-listeo-blog-related-post wp-post-image\" alt=\"Plougerneau\" srcset=\"https:\/\/cparici.com\/wp-content\/uploads\/2025\/07\/Plougerneau-3-577x256.jpg 577w, https:\/\/cparici.com\/wp-content\/uploads\/2025\/07\/Plougerneau-3-300x133.jpg 300w, https:\/\/cparici.com\/wp-content\/uploads\/2025\/07\/Plougerneau-3-1024x454.jpg 1024w, https:\/\/cparici.com\/wp-content\/uploads\/2025\/07\/Plougerneau-3-768x340.jpg 768w, https:\/\/cparici.com\/wp-content\/uploads\/2025\/07\/Plougerneau-3-1536x681.jpg 1536w, https:\/\/cparici.com\/wp-content\/uploads\/2025\/07\/Plougerneau-3-18x8.jpg 18w, https:\/\/cparici.com\/wp-content\/uploads\/2025\/07\/Plougerneau-3-590x262.jpg 590w, https:\/\/cparici.com\/wp-content\/uploads\/2025\/07\/Plougerneau-3-1200x532.jpg 1200w, https:\/\/cparici.com\/wp-content\/uploads\/2025\/07\/Plougerneau-3-600x266.jpg 600w, https:\/\/cparici.com\/wp-content\/uploads\/2025\/07\/Plougerneau-3.jpg 1550w\" sizes=\"(max-width: 577px) 100vw, 577px\" \/><span class=\"blog-item-tag\">Bretagne<\/span>                        \n                        <div class=\"blog-compact-item-content\">\n                                                        <h3>Plougerneau<\/h3>\n                                                        <p>Recherches populaires Categories Pas de r\u00e9sultats Voir tous les r\u00e9sultats Plougerneau Plougerneau est une commune...                            <\/p>\n                                                    <\/div>\n                    <\/div>\n                <\/a>\n            <\/div>\n  <\/div>\n        <\/div>\n        \t\t\t\t<\/div>\n\t\t\t\t<\/div>\n\t\t\t\t\t<\/div>\n\t\t\t\t<\/aside>\n\t\t\t\t<\/div>\n\t\t","protected":false},"excerpt":{"rendered":"<p>Recherches populaires Categories Pas de r\u00e9sultats Voir tous les r\u00e9sultats Ouest france Le quotidien Ouest France est fa\u00e7onn\u00e9 par une longue histoire et une forte identit\u00e9 r\u00e9gionale. D\u00e8s sa premi\u00e8re publication le 7 ao\u00fbt 1944, il s\u2019est impos\u00e9 comme successeur de L\u2019Ouest\u2011\u00c9clair, en \u00e9tant \u00e9dit\u00e9 depuis Rennes, \u00e0 la suite de la Lib\u00e9ration de la [&hellip;]<\/p>\n","protected":false},"author":97,"featured_media":67558,"comment_status":"closed","ping_status":"closed","sticky":false,"template":"elementor_header_footer","format":"standard","meta":{"ngg_post_thumbnail":0,"footnotes":""},"categories":[477],"tags":[],"class_list":["post-67557","post","type-post","status-publish","format-standard","has-post-thumbnail","hentry","category-france"],"_links":{"self":[{"href":"https:\/\/cparici.com\/fr\/wp-json\/wp\/v2\/posts\/67557","targetHints":{"allow":["GET"]}}],"collection":[{"href":"https:\/\/cparici.com\/fr\/wp-json\/wp\/v2\/posts"}],"about":[{"href":"https:\/\/cparici.com\/fr\/wp-json\/wp\/v2\/types\/post"}],"author":[{"embeddable":true,"href":"https:\/\/cparici.com\/fr\/wp-json\/wp\/v2\/users\/97"}],"replies":[{"embeddable":true,"href":"https:\/\/cparici.com\/fr\/wp-json\/wp\/v2\/comments?post=67557"}],"version-history":[{"count":0,"href":"https:\/\/cparici.com\/fr\/wp-json\/wp\/v2\/posts\/67557\/revisions"}],"wp:featuredmedia":[{"embeddable":true,"href":"https:\/\/cparici.com\/fr\/wp-json\/wp\/v2\/media\/67558"}],"wp:attachment":[{"href":"https:\/\/cparici.com\/fr\/wp-json\/wp\/v2\/media?parent=67557"}],"wp:term":[{"taxonomy":"category","embeddable":true,"href":"https:\/\/cparici.com\/fr\/wp-json\/wp\/v2\/categories?post=67557"},{"taxonomy":"post_tag","embeddable":true,"href":"https:\/\/cparici.com\/fr\/wp-json\/wp\/v2\/tags?post=67557"}],"curies":[{"name":"wp","href":"https:\/\/api.w.org\/{rel}","templated":true}]}}