{"id":67612,"date":"2025-07-12T08:37:03","date_gmt":"2025-07-12T06:37:03","guid":{"rendered":"https:\/\/cparici.com\/?p=67612"},"modified":"2026-03-06T07:11:52","modified_gmt":"2026-03-06T06:11:52","slug":"les-francofolies-le-festival-de-la-francophonie","status":"publish","type":"post","link":"https:\/\/cparici.com\/fr\/les-francofolies-le-festival-de-la-francophonie\/","title":{"rendered":"Les Francofolies &#8211; le festival de la francophonie"},"content":{"rendered":"\t\t<div data-elementor-type=\"wp-post\" data-elementor-id=\"67612\" class=\"elementor elementor-67612\" data-elementor-post-type=\"post\">\n\t\t\t\t<div class=\"elementor-element elementor-element-1c4a2b0 e-con-full e-flex e-con e-parent\" data-id=\"1c4a2b0\" data-element_type=\"container\" data-e-type=\"container\">\n\t\t\t\t<div class=\"elementor-element elementor-element-c60e479 elementor-widget elementor-widget-image\" data-id=\"c60e479\" data-element_type=\"widget\" data-e-type=\"widget\" data-widget_type=\"image.default\">\n\t\t\t\t\t\t\t\t\t\t\t\t\t\t\t<img decoding=\"async\" width=\"1500\" height=\"530\" src=\"https:\/\/cparici.com\/wp-content\/uploads\/2025\/07\/cparici-53.jpg\" class=\"attachment-full size-full wp-image-67617\" alt=\"Francofolies\" srcset=\"https:\/\/cparici.com\/wp-content\/uploads\/2025\/07\/cparici-53.jpg 1500w, https:\/\/cparici.com\/wp-content\/uploads\/2025\/07\/cparici-53-300x106.jpg 300w, https:\/\/cparici.com\/wp-content\/uploads\/2025\/07\/cparici-53-1024x362.jpg 1024w, https:\/\/cparici.com\/wp-content\/uploads\/2025\/07\/cparici-53-768x271.jpg 768w, https:\/\/cparici.com\/wp-content\/uploads\/2025\/07\/cparici-53-18x6.jpg 18w, https:\/\/cparici.com\/wp-content\/uploads\/2025\/07\/cparici-53-590x208.jpg 590w, https:\/\/cparici.com\/wp-content\/uploads\/2025\/07\/cparici-53-1200x424.jpg 1200w, https:\/\/cparici.com\/wp-content\/uploads\/2025\/07\/cparici-53-577x204.jpg 577w, https:\/\/cparici.com\/wp-content\/uploads\/2025\/07\/cparici-53-600x212.jpg 600w\" sizes=\"(max-width: 1500px) 100vw, 1500px\" \/>\t\t\t\t\t\t\t\t\t\t\t\t\t\t\t<\/div>\n\t\t\t\t<\/div>\n\t\t<aside class=\"elementor-element elementor-element-4e4894c e-flex e-con-boxed e-con e-parent\" data-id=\"4e4894c\" data-element_type=\"container\" data-e-type=\"container\">\n\t\t\t\t\t<div class=\"e-con-inner\">\n\t\t\t\t<div class=\"elementor-element elementor-element-10bee2a elementor-widget elementor-widget-global elementor-global-62046 elementor-widget-eael-advanced-search\" data-id=\"10bee2a\" data-element_type=\"widget\" data-e-type=\"widget\" data-widget_type=\"eael-advanced-search.default\">\n\t\t\t\t\t        <div class=\"eael-adv-search-wrapper\">\n            <div id=\"eael-advanced-search-widget-10bee2a\" class=\"eael-advanced-search-widget\">\n                <form data-settings=\"{&quot;post_per_page&quot;:5,&quot;search_among_taxonomies&quot;:&quot;&quot;,&quot;search_among_sku&quot;:&quot;no&quot;,&quot;show_popular_keyword&quot;:0,&quot;show_category&quot;:0,&quot;show_content_image&quot;:1,&quot;show_search_result_all_results&quot;:0,&quot;result_on_new_tab&quot;:&quot;no&quot;,&quot;show_product_price&quot;:&quot;no&quot;,&quot;include_current_page&quot;:&quot;no&quot;,&quot;current_post_id&quot;:67612,&quot;post_type&quot;:[&quot;post&quot;,&quot;listing&quot;]}\" method=\"POST\" name=\"eael-advanced-search-form-10bee2a\" class=\"eael-advanced-search-form eael-advanced-search-form-style-2\">\n                    <div class=\"eael-advanced-search-wrap\">\n                        <span class=\"eael-adv-search-loader\"><\/span>\n                        <span class=\"eael-adv-search-close\"><i class=\"fas fa-times\"><\/i><\/span>\n                        <span class=\"icon \"><i class=\"fas fa-search\"><\/i><\/span>\n\n                        <input type=\"text\"\n                               placeholder=\"Votre destination\"\n                               class=\"eael-advanced-search\" autocomplete=\"off\" name=\"eael_advanced_search\">\n                    <\/div>\n\t\t\t\t\t                                    <\/form>\n\n\t\t\t\t\n\t\t\t\t        <div class=\"eael-advanced-search-result\">\n            <div class=\"eael-advanced-search-popular-keyword\">\n\t\t\t\t<h4 class=\"eael-advanced-search-popular-keyword-text\">Recherches populaires<\/h4>                <div class=\"eael-popular-keyword-content\"><\/div>\n            <\/div>\n            <div class=\"eael-advanced-search-category\">\n\t\t\t\t<h4 class=\"eael-advanced-search-category-text\">Categories<\/h4>                <div class=\"eael-popular-category-content\"><\/div>\n            <\/div>\n\t\t\t<div class=\"eael-advanced-search-total-results-section\">\n\t\t\t\t\t\t\t<\/div>\n            <div class=\"eael-advanced-search-content eael-item-style-3\">\n            <\/div>\n            <div class=\"eael-advanced-search-not-found\">\n                <p>Pas de r\u00e9sultats<\/p><\/div>\n            <div class=\"eael-advanced-search-load-more\">\n\t\t\t\t<a \tclass=\"eael-advanced-search-load-more-button\"\n                \thref=\"#\">Voir tous les r\u00e9sultats<\/a>\n            <\/div>\n        <\/div>\n\n\t\t            <\/div>\n        <\/div>\n\n\t\t\t\t\t\t<\/div>\n\t\t\t\t\t<\/div>\n\t\t\t\t<\/aside>\n\t\t<div class=\"elementor-element elementor-element-6e0efa10 e-flex e-con-boxed e-con e-parent\" data-id=\"6e0efa10\" data-element_type=\"container\" data-e-type=\"container\">\n\t\t\t\t\t<div class=\"e-con-inner\">\n\t\t\t\t<div class=\"elementor-element elementor-element-27f7b116 elementor-widget elementor-widget-text-editor\" data-id=\"27f7b116\" data-element_type=\"widget\" data-e-type=\"widget\" data-widget_type=\"text-editor.default\">\n\t\t\t\t\t\t\t\t\t<h1 style=\"text-align: center;\" data-start=\"189\" data-end=\"226\"><span class=\"relative -mx-px my-[-0.2rem] rounded px-px py-[0.2rem] transition-colors duration-100 ease-in-out\">Les F<strong data-start=\"4\" data-end=\"20\">rancofolies \u2013 le festival de la francophonie<\/strong><\/span><\/h1><p data-start=\"189\" data-end=\"226\"><span class=\"relative -mx-px my-[-0.2rem] rounded px-px py-[0.2rem] transition-colors duration-100 ease-in-out\">Les <strong data-start=\"4\" data-end=\"20\">Francofolies<\/strong> incarnent bien plus qu\u2019un simple <a href=\"https:\/\/cparici.com\/festivals-en-france\/\">festival<\/a>\u202f: c\u2019est une c\u00e9l\u00e9bration vibrante de la <strong data-start=\"102\" data-end=\"125\">musique francophone<\/strong>. Chaque \u00e9t\u00e9, en juillet, <a href=\"https:\/\/cparici.com\/la-rochelle\/\">La Rochelle<\/a> se transforme en une grande sc\u00e8ne \u00e0 ciel ouvert o\u00f9 artistes renomm\u00e9s et talents \u00e9mergents se rencontrent. Pour d\u00e9couvrir la France authentique, partez <em data-start=\"314\" data-end=\"323\">du pays<\/em> en musique\u202f: <a href=\"\/fr\/visiter-la-france-guide-des-regions-et-sites-touristiques\" data-start=\"337\" data-end=\"419\">visiter la France<\/a>.<\/span><\/p><h2 data-start=\"233\" data-end=\"276\">Origines et \u00e9volution des Francofolies<\/h2><p data-start=\"278\" data-end=\"508\"><span class=\"relative -mx-px my-[-0.2rem] rounded px-px py-[0.2rem] transition-colors duration-100 ease-in-out\">Cr\u00e9\u00e9es en 1985 par <strong data-start=\"19\" data-end=\"43\">Jean\u2011Louis Foulquier<\/strong> avec le soutien de Michel Cr\u00e9peau, les <strong data-start=\"83\" data-end=\"99\">Francofolies<\/strong> avaient pour ambition <strong data-start=\"122\" data-end=\"157\" data-is-last-node=\"\">promouvoir la chanson fran\u00e7aise<\/strong><\/span>. <span class=\"relative -mx-px my-[-0.2rem] rounded px-px py-[0.2rem] transition-colors duration-100 ease-in-out\">Le festival a rapidement su \u00e9largir son p\u00e9rim\u00e8tre\u202f: plus de 160\u202f000 festivaliers en 2007<\/span>. <span class=\"relative -mx-px my-[-0.2rem] rounded px-px py-[0.2rem] transition-colors duration-100 ease-in-out\">Aujourd\u2019hui, il est r\u00e9put\u00e9 pour son esprit d\u2019<strong data-start=\"45\" data-end=\"58\">ouverture<\/strong>, valorisant \u00e0 la fois les grandes voix et les d\u00e9couvertes<\/span>.<\/p><p data-start=\"510\" data-end=\"630\"><span class=\"relative -mx-px my-[-0.2rem] rounded px-px py-[0.2rem] transition-colors duration-100 ease-in-out\">La structure a \u00e9volu\u00e9\u202f: Jean\u2011Louis Foulquier a c\u00e9d\u00e9 en 2005 \u00e0 Morgane Production, sous la direction artistique de G\u00e9rard Pont et Didier Varrod<\/span>. <span class=\"relative -mx-px my-[-0.2rem] rounded px-px py-[0.2rem] transition-colors duration-100 ease-in-out\">Depuis 2021, Emilie Yakich contribue \u00e0 renouveler la dynamique du festival.<\/span><\/p><h2 data-start=\"637\" data-end=\"697\">Un festival multiple\u202f: sc\u00e8nes, rendez-vous, initiatives<\/h2><p data-start=\"699\" data-end=\"738\"><span class=\"relative -mx-px my-[-0.2rem] rounded px-px py-[0.2rem] transition-colors duration-100 ease-in-out\">Sur cinq jours, les <strong data-start=\"20\" data-end=\"36\">francofolies<\/strong> mobilisent plusieurs espaces :<\/span><\/p><ul data-start=\"740\" data-end=\"1077\"><li data-start=\"740\" data-end=\"824\"><p data-start=\"742\" data-end=\"824\"><span class=\"relative -mx-px my-[-0.2rem] rounded px-px py-[0.2rem] transition-colors duration-100 ease-in-out\"><strong data-start=\"0\" data-end=\"37\" data-is-only-node=\"\">Grande sc\u00e8ne Jean\u2011Louis Foulquier<\/strong> : le c\u0153ur du festival, face aux tours historiques de La Rochelle<\/span>.<\/p><\/li><li data-start=\"825\" data-end=\"909\"><p data-start=\"827\" data-end=\"909\"><span class=\"relative -mx-px my-[-0.2rem] rounded px-px py-[0.2rem] transition-colors duration-100 ease-in-out\"><strong data-start=\"0\" data-end=\"15\" data-is-only-node=\"\">La Coursive<\/strong> (Grand Th\u00e9\u00e2tre, Salle Bleue, Th\u00e9\u00e2tre Verdi\u00e8re) : lieux pour cr\u00e9ations originales, premi\u00e8res sc\u00e8nes, jeune public<\/span>.<\/p><\/li><li data-start=\"910\" data-end=\"994\"><p data-start=\"912\" data-end=\"994\"><span class=\"relative -mx-px my-[-0.2rem] rounded px-px py-[0.2rem] transition-colors duration-100 ease-in-out\"><strong data-start=\"0\" data-end=\"13\" data-is-only-node=\"\">La Sir\u00e8ne<\/strong> : d\u00e9di\u00e9e aux nuits collectives (\u00e9lectro, m\u00e9tal, rap)<\/span><\/p><\/li><li data-start=\"995\" data-end=\"1077\"><p data-start=\"997\" data-end=\"1077\"><span class=\"relative -mx-px my-[-0.2rem] rounded px-px py-[0.2rem] transition-colors duration-100 ease-in-out\"><strong data-start=\"0\" data-end=\"24\" data-is-only-node=\"\">Sc\u00e8ne Rochelle Oc\u00e9an<\/strong> dans le Village Francoc\u00e9an : concerts gratuits en plein air<\/span>.<\/p><\/li><\/ul><p data-start=\"1079\" data-end=\"1159\"><span class=\"relative -mx-px my-[-0.2rem] rounded px-px py-[0.2rem] transition-colors duration-100 ease-in-out\">Le festival propose aussi des moments culturels\u202f: <em data-start=\"50\" data-end=\"70\">Folies Litt\u00e9raires<\/em>, <em data-start=\"72\" data-end=\"89\">Francos Stories<\/em>, <em data-start=\"91\" data-end=\"119\">J\u2019ai la m\u00e9moire qui chante<\/em>, et plus encore<\/span>.<\/p><h2 data-start=\"1166\" data-end=\"1217\">Le Chantier\u202f: tremplin pour artistes \u00e9mergents<\/h2><p data-start=\"1219\" data-end=\"1380\"><span class=\"relative -mx-px my-[-0.2rem] rounded px-px py-[0.2rem] transition-colors duration-100 ease-in-out\">N\u00e9 en 1998, le <strong data-start=\"15\" data-end=\"44\">Chantier des francofolies<\/strong> accompagne chaque ann\u00e9e une dizaine de jeunes artistes pendant 5 jours en amont du festival. Ils travaillent leur \u00e9criture, sc\u00e9nique et m\u00e9dia avant de se produire en live<\/span>. <span class=\"relative -mx-px my-[-0.2rem] rounded px-px py-[0.2rem] transition-colors duration-100 ease-in-out\">Depuis son origine, plus de 60\u202f% de la programmation lui est consacr\u00e9e<\/span>.<\/p><figure id=\"attachment_67618\" aria-describedby=\"caption-attachment-67618\" style=\"width: 1024px\" class=\"wp-caption aligncenter\"><a href=\"https:\/\/cparici.com\/wp-content\/uploads\/2025\/07\/Francofolies.jpg\"><img decoding=\"async\" class=\"wp-image-67618 size-large\" src=\"https:\/\/cparici.com\/wp-content\/uploads\/2025\/07\/Francofolies-1024x417.jpg\" alt=\"Francofolies 2025\" width=\"1024\" height=\"417\" srcset=\"https:\/\/cparici.com\/wp-content\/uploads\/2025\/07\/Francofolies-1024x417.jpg 1024w, https:\/\/cparici.com\/wp-content\/uploads\/2025\/07\/Francofolies-300x122.jpg 300w, https:\/\/cparici.com\/wp-content\/uploads\/2025\/07\/Francofolies-768x313.jpg 768w, https:\/\/cparici.com\/wp-content\/uploads\/2025\/07\/Francofolies-1536x625.jpg 1536w, https:\/\/cparici.com\/wp-content\/uploads\/2025\/07\/Francofolies-18x7.jpg 18w, https:\/\/cparici.com\/wp-content\/uploads\/2025\/07\/Francofolies-590x240.jpg 590w, https:\/\/cparici.com\/wp-content\/uploads\/2025\/07\/Francofolies-1200x488.jpg 1200w, https:\/\/cparici.com\/wp-content\/uploads\/2025\/07\/Francofolies-577x235.jpg 577w, https:\/\/cparici.com\/wp-content\/uploads\/2025\/07\/Francofolies-600x244.jpg 600w, https:\/\/cparici.com\/wp-content\/uploads\/2025\/07\/Francofolies.jpg 1840w\" sizes=\"(max-width: 1024px) 100vw, 1024px\" \/><\/a><figcaption id=\"caption-attachment-67618\" class=\"wp-caption-text\">Francofolies 2025<\/figcaption><\/figure><h2 data-section-id=\"1d4mb1i\" data-start=\"160\" data-end=\"212\">Francofolies 2026 \u2013 Programme complet par sc\u00e8ne<\/h2><h3 data-section-id=\"1pygon2\" data-start=\"214\" data-end=\"244\">\ud83d\udcc5 Vendredi 10 juillet 2026<\/h3><p data-start=\"245\" data-end=\"292\"><strong data-start=\"245\" data-end=\"290\">Sc\u00e8ne Jean-Louis Foulquier (grande sc\u00e8ne)<\/strong><\/p><ul data-start=\"293\" data-end=\"375\"><li data-section-id=\"1xdlq8o\" data-start=\"293\" data-end=\"301\"><p data-start=\"295\" data-end=\"301\">Gims<\/p><\/li><li data-section-id=\"173qk09\" data-start=\"302\" data-end=\"309\"><p data-start=\"304\" data-end=\"309\">Zaz<\/p><\/li><li data-section-id=\"162lr9v\" data-start=\"310\" data-end=\"327\"><p data-start=\"312\" data-end=\"327\">Youssou Ndour<\/p><\/li><li data-section-id=\"2wgd32\" data-start=\"328\" data-end=\"375\"><p data-start=\"330\" data-end=\"375\">Luiza<\/p><\/li><\/ul><p data-start=\"377\" data-end=\"413\"><strong data-start=\"377\" data-end=\"411\">Th\u00e9\u00e2tre Verdi\u00e8re \u2013 La Coursive<\/strong><\/p><ul data-start=\"414\" data-end=\"476\"><li data-section-id=\"1dw1kj3\" data-start=\"414\" data-end=\"423\"><p data-start=\"416\" data-end=\"423\">L\u00e9man<\/p><\/li><li data-section-id=\"1osqecl\" data-start=\"424\" data-end=\"476\"><p data-start=\"426\" data-end=\"476\">F\u00e9lix Radu<\/p><\/li><\/ul><p data-start=\"478\" data-end=\"509\"><strong data-start=\"478\" data-end=\"507\">Salle Bleue \u2013 La Coursive<\/strong><\/p><ul data-start=\"510\" data-end=\"585\"><li data-section-id=\"1hc3ul3\" data-start=\"510\" data-end=\"531\"><p data-start=\"512\" data-end=\"531\">Clarisse Lavanant<\/p><\/li><li data-section-id=\"abpvku\" data-start=\"532\" data-end=\"585\"><p data-start=\"534\" data-end=\"585\">Agn\u00e8s Jaoui<\/p><\/li><\/ul><hr data-start=\"587\" data-end=\"590\" \/><h3 data-section-id=\"1qf0lsb\" data-start=\"592\" data-end=\"620\">\ud83d\udcc5 Samedi 11 juillet 2026<\/h3><p data-start=\"621\" data-end=\"653\"><strong data-start=\"621\" data-end=\"651\">Sc\u00e8ne Jean-Louis Foulquier<\/strong><\/p><ul data-start=\"654\" data-end=\"737\"><li data-section-id=\"m31n92\" data-start=\"654\" data-end=\"663\"><p data-start=\"656\" data-end=\"663\">Niska<\/p><\/li><li data-section-id=\"1jerlx\" data-start=\"664\" data-end=\"675\"><p data-start=\"666\" data-end=\"675\">Jok\u2019Air<\/p><\/li><li data-section-id=\"16svh3o\" data-start=\"676\" data-end=\"683\"><p data-start=\"678\" data-end=\"683\">L2B<\/p><\/li><li data-section-id=\"isc98z\" data-start=\"684\" data-end=\"737\"><p data-start=\"686\" data-end=\"737\">La Mano 1.9<\/p><\/li><\/ul><p data-start=\"739\" data-end=\"772\"><strong data-start=\"739\" data-end=\"770\">Grand Th\u00e9\u00e2tre \u2013 La Coursive<\/strong><\/p><ul data-start=\"773\" data-end=\"838\"><li data-section-id=\"1dhdtcu\" data-start=\"773\" data-end=\"786\"><p data-start=\"775\" data-end=\"786\">Keren Ann<\/p><\/li><li data-section-id=\"11foxnl\" data-start=\"787\" data-end=\"838\"><p data-start=\"789\" data-end=\"838\">Ya\u00ebl Naim<\/p><\/li><\/ul><p data-start=\"840\" data-end=\"876\"><strong data-start=\"840\" data-end=\"874\">Th\u00e9\u00e2tre Verdi\u00e8re \u2013 La Coursive<\/strong><\/p><ul data-start=\"877\" data-end=\"939\"><li data-section-id=\"16vig8p\" data-start=\"877\" data-end=\"884\"><p data-start=\"879\" data-end=\"884\">MPL<\/p><\/li><li data-section-id=\"1fgxvgh\" data-start=\"885\" data-end=\"939\"><p data-start=\"887\" data-end=\"939\">La Travers\u00e9e<\/p><\/li><\/ul><p data-start=\"941\" data-end=\"972\"><strong data-start=\"941\" data-end=\"970\">Salle Bleue \u2013 La Coursive<\/strong><\/p><ul data-start=\"973\" data-end=\"1049\"><li data-section-id=\"1ujui5g\" data-start=\"973\" data-end=\"991\"><p data-start=\"975\" data-end=\"991\">Brieg Guerveno<\/p><\/li><li data-section-id=\"ry9q1l\" data-start=\"992\" data-end=\"1049\"><p data-start=\"994\" data-end=\"1049\">Christophe Mali<\/p><\/li><\/ul><p data-start=\"1051\" data-end=\"1066\"><strong data-start=\"1051\" data-end=\"1064\">La Sir\u00e8ne<\/strong><\/p><ul data-start=\"1067\" data-end=\"1117\"><li data-section-id=\"1bmq15t\" data-start=\"1067\" data-end=\"1117\"><p data-start=\"1069\" data-end=\"1117\">Odezenne<\/p><\/li><\/ul><hr data-start=\"1119\" data-end=\"1122\" \/><h3 data-section-id=\"wu9ala\" data-start=\"1124\" data-end=\"1154\">\ud83d\udcc5 Dimanche 12 juillet 2026<\/h3><p data-start=\"1155\" data-end=\"1187\"><strong data-start=\"1155\" data-end=\"1185\">Sc\u00e8ne Jean-Louis Foulquier<\/strong><\/p><ul data-start=\"1188\" data-end=\"1277\"><li data-section-id=\"195dfi8\" data-start=\"1188\" data-end=\"1199\"><p data-start=\"1190\" data-end=\"1199\">Orelsan<\/p><\/li><li data-section-id=\"15iv8b6\" data-start=\"1200\" data-end=\"1213\"><p data-start=\"1202\" data-end=\"1213\">Ga\u00ebl Faye<\/p><\/li><li data-section-id=\"8o0gz7\" data-start=\"1214\" data-end=\"1230\"><p data-start=\"1216\" data-end=\"1230\">Skip The Use<\/p><\/li><li data-section-id=\"l7ijzn\" data-start=\"1231\" data-end=\"1277\"><p data-start=\"1233\" data-end=\"1277\">Miki<\/p><\/li><\/ul><p data-start=\"1279\" data-end=\"1312\"><strong data-start=\"1279\" data-end=\"1310\">Grand Th\u00e9\u00e2tre \u2013 La Coursive<\/strong><\/p><ul data-start=\"1313\" data-end=\"1392\"><li data-section-id=\"1gwco9\" data-start=\"1313\" data-end=\"1333\"><p data-start=\"1315\" data-end=\"1333\">Vincent Dedienne<\/p><\/li><li data-section-id=\"ovjm9b\" data-start=\"1334\" data-end=\"1392\"><p data-start=\"1336\" data-end=\"1392\">Vincent Delerm<\/p><\/li><\/ul><p data-start=\"1394\" data-end=\"1430\"><strong data-start=\"1394\" data-end=\"1428\">Th\u00e9\u00e2tre Verdi\u00e8re \u2013 La Coursive<\/strong><\/p><ul data-start=\"1431\" data-end=\"1502\"><li data-section-id=\"1qg55m1\" data-start=\"1431\" data-end=\"1444\"><p data-start=\"1433\" data-end=\"1444\">Superpoze<\/p><\/li><li data-section-id=\"cb8vk0\" data-start=\"1445\" data-end=\"1502\"><p data-start=\"1447\" data-end=\"1502\">Emily Loizeau<\/p><\/li><\/ul><p data-start=\"1504\" data-end=\"1535\"><strong data-start=\"1504\" data-end=\"1533\">Salle Bleue \u2013 La Coursive<\/strong><\/p><ul data-start=\"1536\" data-end=\"1736\"><li data-section-id=\"1p1mg14\" data-start=\"1536\" data-end=\"1547\"><p data-start=\"1538\" data-end=\"1547\">Augusta<\/p><\/li><li data-section-id=\"1khs7tc\" data-start=\"1548\" data-end=\"1665\"><p data-start=\"1550\" data-end=\"1665\">French Stories from Nashville (Baptiste W. Hamon, Karalyne Winegarner, Morgane Imbeaud, Tift Merritt, Adela Jens)<\/p><\/li><li data-section-id=\"19s7g4h\" data-start=\"1666\" data-end=\"1677\"><p data-start=\"1668\" data-end=\"1677\">Cocanha<\/p><\/li><li data-section-id=\"cdox0p\" data-start=\"1678\" data-end=\"1736\"><p data-start=\"1680\" data-end=\"1736\">Peio Serbielle<\/p><\/li><\/ul><hr data-start=\"1738\" data-end=\"1741\" \/><h3 data-section-id=\"q2exk4\" data-start=\"1743\" data-end=\"1770\">\ud83d\udcc5 Lundi 13 juillet 2026<\/h3><p data-start=\"1771\" data-end=\"1803\"><strong data-start=\"1771\" data-end=\"1801\">Sc\u00e8ne Jean-Louis Foulquier<\/strong><\/p><ul data-start=\"1804\" data-end=\"1897\"><li data-section-id=\"kgy73z\" data-start=\"1804\" data-end=\"1820\"><p data-start=\"1806\" data-end=\"1820\">Aya Nakamura<\/p><\/li><li data-section-id=\"f7uik4\" data-start=\"1821\" data-end=\"1831\"><p data-start=\"1823\" data-end=\"1831\">Louane<\/p><\/li><li data-section-id=\"12etxvn\" data-start=\"1832\" data-end=\"1842\"><p data-start=\"1834\" data-end=\"1842\">H\u00e9l\u00e9na<\/p><\/li><li data-section-id=\"1u2a8mu\" data-start=\"1843\" data-end=\"1897\"><p data-start=\"1845\" data-end=\"1897\">Marguerite<\/p><\/li><\/ul><p data-start=\"1899\" data-end=\"1932\"><strong data-start=\"1899\" data-end=\"1930\">Grand Th\u00e9\u00e2tre \u2013 La Coursive<\/strong><\/p><ul data-start=\"1933\" data-end=\"2002\"><li data-section-id=\"8uktlx\" data-start=\"1933\" data-end=\"1944\"><p data-start=\"1935\" data-end=\"1944\">Rapha\u00ebl<\/p><\/li><li data-section-id=\"rk100k\" data-start=\"1945\" data-end=\"2002\"><p data-start=\"1947\" data-end=\"2002\">Hugues Aufray<\/p><\/li><\/ul><p data-start=\"2004\" data-end=\"2040\"><strong data-start=\"2004\" data-end=\"2038\">Th\u00e9\u00e2tre Verdi\u00e8re \u2013 La Coursive<\/strong><\/p><ul data-start=\"2041\" data-end=\"2105\"><li data-section-id=\"t26xr3\" data-start=\"2041\" data-end=\"2050\"><p data-start=\"2043\" data-end=\"2050\">Piche<\/p><\/li><li data-section-id=\"168kkbv\" data-start=\"2051\" data-end=\"2105\"><p data-start=\"2053\" data-end=\"2105\">Salebarbes<\/p><\/li><\/ul><p data-start=\"2107\" data-end=\"2138\"><strong data-start=\"2107\" data-end=\"2136\">Salle Bleue \u2013 La Coursive<\/strong><\/p><ul data-start=\"2139\" data-end=\"2208\"><li data-section-id=\"12ea7ds\" data-start=\"2139\" data-end=\"2150\"><p data-start=\"2141\" data-end=\"2150\">Lili Em<\/p><\/li><li data-section-id=\"rf8e57\" data-start=\"2151\" data-end=\"2208\"><p data-start=\"2153\" data-end=\"2208\">Sylvain Duthu<\/p><\/li><\/ul><p data-start=\"2210\" data-end=\"2225\"><strong data-start=\"2210\" data-end=\"2223\">La Sir\u00e8ne<\/strong><\/p><ul data-start=\"2226\" data-end=\"2324\"><li data-section-id=\"21aik2\" data-start=\"2226\" data-end=\"2243\"><p data-start=\"2228\" data-end=\"2243\">Michel Hubert<\/p><\/li><li data-section-id=\"o0k9xu\" data-start=\"2244\" data-end=\"2256\"><p data-start=\"2246\" data-end=\"2256\">Perceval<\/p><\/li><li data-section-id=\"1la6vra\" data-start=\"2257\" data-end=\"2274\"><p data-start=\"2259\" data-end=\"2274\">Ouai St\u00e9phane<\/p><\/li><li data-section-id=\"bqmcmb\" data-start=\"2275\" data-end=\"2324\"><p data-start=\"2277\" data-end=\"2324\">Urumi<\/p><\/li><\/ul><hr data-start=\"2326\" data-end=\"2329\" \/><h3 data-section-id=\"73q6x6\" data-start=\"2331\" data-end=\"2358\">\ud83d\udcc5 Mardi 14 juillet 2026<\/h3><p data-start=\"2359\" data-end=\"2391\"><strong data-start=\"2359\" data-end=\"2389\">Sc\u00e8ne Jean-Louis Foulquier<\/strong><\/p><ul data-start=\"2392\" data-end=\"2495\"><li data-section-id=\"1tq1vk6\" data-start=\"2392\" data-end=\"2400\"><p data-start=\"2394\" data-end=\"2400\">Mika<\/p><\/li><li data-section-id=\"puxikf\" data-start=\"2401\" data-end=\"2419\"><p data-start=\"2403\" data-end=\"2419\">Ga\u00ebtan Roussel<\/p><\/li><li data-section-id=\"zhc12v\" data-start=\"2420\" data-end=\"2439\"><p data-start=\"2422\" data-end=\"2439\">Feu! Chatterton<\/p><\/li><li data-section-id=\"1m7v6fs\" data-start=\"2440\" data-end=\"2495\"><p data-start=\"2442\" data-end=\"2495\">Sam Sauvage<\/p><\/li><\/ul><p data-start=\"2497\" data-end=\"2530\"><strong data-start=\"2497\" data-end=\"2528\">Grand Th\u00e9\u00e2tre \u2013 La Coursive<\/strong><\/p><ul data-start=\"2531\" data-end=\"2587\"><li data-section-id=\"igdldr\" data-start=\"2531\" data-end=\"2587\"><p data-start=\"2533\" data-end=\"2587\">Julien Clerc<\/p><\/li><\/ul><p data-start=\"2589\" data-end=\"2625\"><strong data-start=\"2589\" data-end=\"2623\">Th\u00e9\u00e2tre Verdi\u00e8re \u2013 La Coursive<\/strong><\/p><ul data-start=\"2626\" data-end=\"2699\"><li data-section-id=\"fgusno\" data-start=\"2626\" data-end=\"2640\"><p data-start=\"2628\" data-end=\"2640\">Anne Paceo<\/p><\/li><li data-section-id=\"18xc39q\" data-start=\"2641\" data-end=\"2699\"><p data-start=\"2643\" data-end=\"2699\">Ino Casablanca<\/p><\/li><\/ul><p data-start=\"2701\" data-end=\"2732\"><strong data-start=\"2701\" data-end=\"2730\">Salle Bleue \u2013 La Coursive<\/strong><\/p><ul data-start=\"2733\" data-end=\"2825\"><li data-section-id=\"10dt73x\" data-start=\"2733\" data-end=\"2776\"><p data-start=\"2735\" data-end=\"2776\">Ravage (Aur\u00e9lie Saada & Gaspard Royant)<\/p><\/li><li data-section-id=\"1s8zyu6\" data-start=\"2777\" data-end=\"2825\"><p data-start=\"2779\" data-end=\"2825\">Rose<\/p><\/li><\/ul><h2 data-start=\"1219\" data-end=\"1380\">Francofolies 2025<\/h2><p data-start=\"1431\" data-end=\"1470\"><span class=\"relative -mx-px my-[-0.2rem] rounded px-px py-[0.2rem] transition-colors duration-100 ease-in-out\">Du jeudi 10 au lundi 14 juillet 2025, La Rochelle s\u2019appr\u00eate \u00e0 vibrer\u202f:<\/span><\/p><ul data-start=\"1472\" data-end=\"1639\"><li data-start=\"1472\" data-end=\"1556\"><p data-start=\"1474\" data-end=\"1556\"><span class=\"relative -mx-px my-[-0.2rem] rounded px-px py-[0.2rem] transition-colors duration-100 ease-in-out\"><strong data-start=\"0\" data-end=\"27\" data-is-only-node=\"\">Grandes t\u00eates d\u2019affiche<\/strong>\u202f: Clara Luciani, IAM, Julien Dor\u00e9, V\u00e9ronique Sanson, Air, Laurent Voulzy, Jean\u2011Louis Aubert, Miossec<\/span>.<\/p><\/li><li data-start=\"1557\" data-end=\"1639\"><p data-start=\"1559\" data-end=\"1639\"><span class=\"relative -mx-px my-[-0.2rem] rounded px-px py-[0.2rem] transition-colors duration-100 ease-in-out\"><strong data-start=\"0\" data-end=\"36\" data-is-only-node=\"\">Artistes \u00e9mergents et singuliers<\/strong>\u202f: Aldebert, La Femme, Oboy, SDM, Hamza, Bekar, Cassius Club, Ballak\u00e9 Sissoko & Piers Faccini<\/span>.<\/p><\/li><\/ul><p data-start=\"1641\" data-end=\"1721\"><span class=\"relative -mx-px my-[-0.2rem] rounded px-px py-[0.2rem] transition-colors duration-100 ease-in-out\">Chaque style est pr\u00e9sent : <strong data-start=\"27\" data-end=\"38\">chanson<\/strong>, pop, <strong data-start=\"45\" data-end=\"52\">rap<\/strong>, \u00e9lectro, world\u2026 pour refl\u00e9ter la <strong data-start=\"87\" data-end=\"112\" data-is-last-node=\"\">diversit\u00e9 francophone<\/strong><\/span> .<\/p><p data-start=\"0\" data-end=\"37\"><span class=\"relative -mx-px my-[-0.2rem] rounded px-px py-[0.2rem] transition-colors duration-100 ease-in-out\">Voici le programme <strong data-start=\"19\" data-end=\"30\">complet<\/strong>, les <strong data-start=\"36\" data-end=\"48\">horaires<\/strong>, les <strong data-start=\"54\" data-end=\"64\">tarifs<\/strong> et les infos <strong data-start=\"78\" data-end=\"93\">billetterie<\/strong> des <strong data-start=\"98\" data-end=\"134\">Francofolies de La Rochelle 2025<\/strong> (10\u201314 juillet) \u2014 avec un tableau clair pour vous guider \ud83d\udc47<\/span><\/p><h3 data-start=\"44\" data-end=\"70\">Programme & Horaires Francofolies 2025<\/h3><h4 data-start=\"72\" data-end=\"115\">Sc\u00e8ne Jean\u2011Louis Foulquier (principale)<\/h4><div class=\"_tableContainer_80l1q_1\"><div class=\"_tableWrapper_80l1q_14 group flex w-fit flex-col-reverse\" tabindex=\"-1\"><table class=\"w-fit min-w-(--thread-content-width)\" data-start=\"117\" data-end=\"899\"><thead data-start=\"117\" data-end=\"218\"><tr data-start=\"117\" data-end=\"218\"><th data-start=\"117\" data-end=\"132\" data-col-size=\"sm\">Jour<\/th><th data-start=\"132\" data-end=\"142\" data-col-size=\"sm\">Horaire<\/th><th data-start=\"142\" data-end=\"218\" data-col-size=\"md\">Artistes<\/th><\/tr><\/thead><tbody data-start=\"320\" data-end=\"899\"><tr data-start=\"320\" data-end=\"448\"><td data-start=\"320\" data-end=\"360\" data-col-size=\"sm\"><span class=\"relative -mx-px my-[-0.2rem] rounded px-px py-[0.2rem] transition-colors duration-100 ease-in-out\">Jeu 10 juil<\/span><\/td><td data-start=\"360\" data-end=\"369\" data-col-size=\"sm\">18:00<\/td><td data-start=\"369\" data-end=\"448\" data-col-size=\"md\"><span class=\"relative -mx-px my-[-0.2rem] rounded px-px py-[0.2rem] transition-colors duration-100 ease-in-out\">Jean\u2011Louis Aubert, Santa, V\u00e9ronique Sanson, Kyo<\/span> <span class=\"\" data-state=\"closed\"><span class=\"ms-1 inline-flex max-w-full items-center relative top-[-0.094rem] animate-[show_150ms_ease-in]\"><a class=\"flex h-4.5 overflow-hidden rounded-xl px-2 text-[9px] font-medium text-token-text-secondary! bg-[#F4F4F4]! dark:bg-[#303030]! transition-colors duration-150 ease-in-out\" href=\"https:\/\/www.jds.fr\/la-rochelle\/manifestations\/festival\/les-francofolies-265496_A?utm_source=chatgpt.com\" target=\"_blank\" rel=\"noopener\"><span class=\"relative start-0 bottom-0 flex h-full w-full items-center\"><span class=\"flex h-4 w-full items-center justify-between absolute\"><span class=\"max-w-full grow truncate overflow-hidden text-center\">FrancoFolies<\/span><span class=\"-me-1 flex h-full items-center rounded-full px-1 text-[#8F8F8F]\">+8<\/span><\/span><span class=\"flex h-4 w-full items-center justify-between\"><span class=\"max-w-full grow truncate overflow-hidden text-center\">jds.fr<\/span><span class=\"-me-1 flex h-full items-center rounded-full px-1 text-[#8F8F8F]\">+8<\/span><\/span><span class=\"flex h-4 w-full items-center justify-between absolute\"><span class=\"max-w-full grow truncate overflow-hidden text-center\">Francofolies<\/span><span class=\"-me-1 flex h-full items-center rounded-full px-1 text-[#8F8F8F]\">+8<\/span><\/span><\/span><\/a><\/span><\/span><\/td><\/tr><tr data-start=\"449\" data-end=\"588\"><td data-start=\"449\" data-end=\"463\" data-col-size=\"sm\">Ven 11 juil<\/td><td data-start=\"463\" data-end=\"472\" data-col-size=\"sm\">18:00<\/td><td data-start=\"472\" data-end=\"588\" data-col-size=\"md\">Clara Luciani, Air, Apashe with brass orchestra, Philippe Katerine, Solann<\/td><\/tr><tr data-start=\"589\" data-end=\"686\"><td data-start=\"589\" data-end=\"603\" data-col-size=\"sm\">Sam 12 juil<\/td><td data-start=\"603\" data-end=\"612\" data-col-size=\"sm\">18:00<\/td><td data-start=\"612\" data-end=\"686\" data-col-size=\"md\">Ronisia, Bekar, Oboy, Hamza, SDM<\/td><\/tr><tr data-start=\"687\" data-end=\"795\"><td data-start=\"687\" data-end=\"701\" data-col-size=\"sm\">Dim 13 juil<\/td><td data-start=\"701\" data-end=\"710\" data-col-size=\"sm\">18:00<\/td><td data-start=\"710\" data-end=\"795\" data-col-size=\"md\">Julien Dor\u00e9, Hoshi, La Femme, Barbara Pravi<\/td><\/tr><tr data-start=\"796\" data-end=\"899\"><td data-start=\"796\" data-end=\"810\" data-col-size=\"sm\">Lun 14 juil<\/td><td data-start=\"810\" data-end=\"819\" data-col-size=\"sm\">18:00<\/td><td data-start=\"819\" data-end=\"899\" data-col-size=\"md\">Lamomali, IAM, Ben Mazu\u00e9, Saint Levant<\/td><\/tr><\/tbody><\/table><div class=\"sticky end-(--thread-content-margin) h-0 self-end select-none\"><div class=\"absolute end-0 flex items-end\">\u00a0<\/div><\/div><\/div><\/div><h4 data-start=\"901\" data-end=\"964\">Autres sc\u00e8nes (La Coursive, Salle Bleue, Th\u00e9\u00e2tre Verdi\u00e8re\u2026)<\/h4><ul data-start=\"966\" data-end=\"1376\"><li data-start=\"966\" data-end=\"1044\"><p data-start=\"968\" data-end=\"1044\"><span class=\"relative -mx-px my-[-0.2rem] rounded px-px py-[0.2rem] transition-colors duration-100 ease-in-out\"><strong data-start=\"0\" data-end=\"18\" data-is-only-node=\"\">Jeu 10 juillet<\/strong> \u00e0 Th\u00e9\u00e2tre Verdi\u00e8re (15h)\u202f: Candeur Cyclone + Ar\u00f8ne \u2022 Salle Bleue (15h30)\u202f: La Grande Sophie + Alma Rechtman \u2022 Grand Th\u00e9\u00e2tre (19h45)\u202f: Cr\u00e9ation autour de Renaud<\/span>.<\/p><\/li><li data-start=\"1045\" data-end=\"1127\"><p data-start=\"1047\" data-end=\"1127\"><span class=\"relative -mx-px my-[-0.2rem] rounded px-px py-[0.2rem] transition-colors duration-100 ease-in-out\"><strong data-start=\"0\" data-end=\"18\" data-is-only-node=\"\">Ven 11 juillet<\/strong> : Th\u00e9\u00e2tre Verdi\u00e8re\u202f: La Travers\u00e9e + Sam Sauvage (15h), Juliette + Of\u00e9 (18h) \u2022 Grand Th\u00e9\u00e2tre\u202f: Dali + And\u00e9ol (15h), Laurent Voulzy acoustique + Lou\u2011Adriane Cassidy (20h30) \u2022 Salle Bleue\u202f: Jeanne Cherhal + Patxi (21h)<\/span>.<\/p><\/li><li data-start=\"1128\" data-end=\"1210\"><p data-start=\"1130\" data-end=\"1210\"><span class=\"relative -mx-px my-[-0.2rem] rounded px-px py-[0.2rem] transition-colors duration-100 ease-in-out\"><strong data-start=\"0\" data-end=\"18\" data-is-only-node=\"\">Sam 12 juillet<\/strong> : Grand Th\u00e9\u00e2tre\u202f: Ballak\u00e9 Sissoko & Piers Faccini + Abel Ch\u00e9ret (15h), Michel Jonasz (20h30) \u2022 Salle Bleue\u202f: Hommage \u00e0 Dani \u201cAmour toujours\u201d + Mirabelle Gilis (21h)<\/span>.<\/p><\/li><li data-start=\"1211\" data-end=\"1293\"><p data-start=\"1213\" data-end=\"1293\"><span class=\"relative -mx-px my-[-0.2rem] rounded px-px py-[0.2rem] transition-colors duration-100 ease-in-out\"><strong data-start=\"0\" data-end=\"18\" data-is-only-node=\"\">Dim 13 juillet<\/strong> : Grand Th\u00e9\u00e2tre\u202f: Helldebert (14h, 17h) \u2022 Th\u00e9\u00e2tre Verdi\u00e8re\u202f: Jorane + Whisper (15h), Alain Chamfort + Cassien (18h) \u2022 Salle Bleue\u202f: Victor Solf + Quinquis (20h30)<\/span>.<\/p><\/li><li data-start=\"1294\" data-end=\"1376\"><p data-start=\"1296\" data-end=\"1376\"><span class=\"relative -mx-px my-[-0.2rem] rounded px-px py-[0.2rem] transition-colors duration-100 ease-in-out\"><strong data-start=\"0\" data-end=\"18\" data-is-only-node=\"\">Lun 14 juillet<\/strong> : Grand Th\u00e9\u00e2tre\u202f: Tiken Jah Fakoly + Salif Ke\u00efta (14h30) \u2022 Th\u00e9\u00e2tre Verdi\u00e8re\u202f: Yoa + Blas\u00e9 (15h), Miossec + Grife (18h)<\/span>.<\/p><\/li><\/ul><h3 data-start=\"1378\" data-end=\"1411\">La Sir\u00e8ne (Nuits collectives)<\/h3><ul data-start=\"1413\" data-end=\"1578\"><li data-start=\"1413\" data-end=\"1495\"><p data-start=\"1415\" data-end=\"1495\"><span class=\"relative -mx-px my-[-0.2rem] rounded px-px py-[0.2rem] transition-colors duration-100 ease-in-out\"><strong data-start=\"0\" data-end=\"18\" data-is-only-node=\"\">Sam 12 juillet<\/strong>\u202f: Cassius Club + DJ sets divers<\/span>.<\/p><\/li><li data-start=\"1496\" data-end=\"1578\"><p data-start=\"1498\" data-end=\"1578\"><span class=\"relative -mx-px my-[-0.2rem] rounded px-px py-[0.2rem] transition-colors duration-100 ease-in-out\"><strong data-start=\"0\" data-end=\"18\" data-is-only-node=\"\">Dim 13 juillet<\/strong>\u202f: Landmvrks, Novelists, Resolve, TSS<\/span>.<\/p><\/li><\/ul><h3 data-start=\"1585\" data-end=\"1611\">Tarifs & Billetterie Francofolies 2025<\/h3><ul data-start=\"1613\" data-end=\"1887\"><li data-start=\"1613\" data-end=\"1695\"><p data-start=\"1615\" data-end=\"1695\"><span class=\"relative -mx-px my-[-0.2rem] rounded px-px py-[0.2rem] transition-colors duration-100 ease-in-out\"><strong data-start=\"0\" data-end=\"20\" data-is-only-node=\"\">Sc\u00e8ne principale<\/strong> (Jean\u2011Louis Foulquier)\u202f: 60\u202f\u20ac\u201375\u202f\u20ac selon le soir<\/span>.<\/p><\/li><li data-start=\"1696\" data-end=\"1887\"><p data-start=\"1698\" data-end=\"1717\"><strong data-start=\"1698\" data-end=\"1715\">Autres salles<\/strong> :<\/p><ul data-start=\"1720\" data-end=\"1887\"><li data-start=\"1720\" data-end=\"1802\"><p data-start=\"1722\" data-end=\"1802\"><span class=\"relative -mx-px my-[-0.2rem] rounded px-px py-[0.2rem] transition-colors duration-100 ease-in-out\">Th\u00e9\u00e2tre Verdi\u00e8re \/ Salle Bleue \/ Grand Th\u00e9\u00e2tre\u202f: 12\u202f\u20ac\u201350\u202f\u20ac (ex. 35\u202f\u20ac pour Helldebert, 50\u202f\u20ac pour Michel Jonasz)<\/span>.<\/p><\/li><li data-start=\"1805\" data-end=\"1887\"><p data-start=\"1807\" data-end=\"1887\"><span class=\"relative -mx-px my-[-0.2rem] rounded px-px py-[0.2rem] transition-colors duration-100 ease-in-out\">La Sir\u00e8ne (Nuits collectives) : environ 29\u202f\u20ac\u201330\u202f\u20ac<\/span>.<\/p><\/li><\/ul><\/li><\/ul><h3 data-start=\"1889\" data-end=\"1904\">Billetterie<\/h3><ul data-start=\"1906\" data-end=\"2200\"><li data-start=\"1906\" data-end=\"2117\"><p data-start=\"1908\" data-end=\"1947\"><span class=\"relative -mx-px my-[-0.2rem] rounded px-px py-[0.2rem] transition-colors duration-100 ease-in-out\"><strong data-start=\"0\" data-end=\"31\" data-is-only-node=\"\">Pass & billets \u00e0 la journ\u00e9e<\/strong> disponibles d\u00e8s maintenant sur :<\/span><\/p><ul data-start=\"1950\" data-end=\"2117\"><li data-start=\"1950\" data-end=\"2032\"><p data-start=\"1952\" data-end=\"2032\"><span class=\"relative -mx-px my-[-0.2rem] rounded px-px py-[0.2rem] transition-colors duration-100 ease-in-out\">Site officiel des Francofolies<\/span>.<\/p><\/li><li data-start=\"2035\" data-end=\"2117\"><p data-start=\"2037\" data-end=\"2117\"><span class=\"relative -mx-px my-[-0.2rem] rounded px-px py-[0.2rem] transition-colors duration-100 ease-in-out\">Plateformes partenaires (Fnac Spectacles, SeeTickets)<\/span>.<\/p><\/li><\/ul><\/li><li data-start=\"2118\" data-end=\"2200\"><p data-start=\"2120\" data-end=\"2200\"><span class=\"relative -mx-px my-[-0.2rem] rounded px-px py-[0.2rem] transition-colors duration-100 ease-in-out\">Options PMR\/PSH, revente officielle s\u00e9curis\u00e9e via SeeTickets<\/span>.<\/p><\/li><\/ul><figure id=\"attachment_67620\" aria-describedby=\"caption-attachment-67620\" style=\"width: 1500px\" class=\"wp-caption aligncenter\"><a href=\"https:\/\/cparici.com\/wp-content\/uploads\/2025\/07\/cparici-54.jpg\"><img decoding=\"async\" class=\"wp-image-67620 size-full\" src=\"https:\/\/cparici.com\/wp-content\/uploads\/2025\/07\/cparici-54.jpg\" alt=\"Francofolies La Rochelle\" width=\"1500\" height=\"530\" srcset=\"https:\/\/cparici.com\/wp-content\/uploads\/2025\/07\/cparici-54.jpg 1500w, https:\/\/cparici.com\/wp-content\/uploads\/2025\/07\/cparici-54-300x106.jpg 300w, https:\/\/cparici.com\/wp-content\/uploads\/2025\/07\/cparici-54-1024x362.jpg 1024w, https:\/\/cparici.com\/wp-content\/uploads\/2025\/07\/cparici-54-768x271.jpg 768w, https:\/\/cparici.com\/wp-content\/uploads\/2025\/07\/cparici-54-18x6.jpg 18w, https:\/\/cparici.com\/wp-content\/uploads\/2025\/07\/cparici-54-590x208.jpg 590w, https:\/\/cparici.com\/wp-content\/uploads\/2025\/07\/cparici-54-1200x424.jpg 1200w, https:\/\/cparici.com\/wp-content\/uploads\/2025\/07\/cparici-54-577x204.jpg 577w, https:\/\/cparici.com\/wp-content\/uploads\/2025\/07\/cparici-54-600x212.jpg 600w\" sizes=\"(max-width: 1500px) 100vw, 1500px\" \/><\/a><figcaption id=\"caption-attachment-67620\" class=\"wp-caption-text\">Francofolies La Rochelle \u2013 le site de la sc\u00e8ne principale<\/figcaption><\/figure><h3 data-start=\"2207\" data-end=\"2228\">Infos pratiques<\/h3><ul data-start=\"2230\" data-end=\"2561\"><li data-start=\"2230\" data-end=\"2312\"><p data-start=\"2232\" data-end=\"2312\"><span class=\"relative -mx-px my-[-0.2rem] rounded px-px py-[0.2rem] transition-colors duration-100 ease-in-out\"><strong data-start=\"0\" data-end=\"8\" data-is-only-node=\"\">Date<\/strong> : du <strong data-start=\"14\" data-end=\"51\">jeudi\u202f10 au lundi\u202f14 juillet 2025<\/strong> (avec ouverture partielle le 9 juillet)<\/span> <span class=\"\" data-state=\"closed\"><span class=\"ms-1 inline-flex max-w-full items-center relative top-[-0.094rem] animate-[show_150ms_ease-in]\"><a class=\"flex h-4.5 overflow-hidden rounded-xl px-2 text-[9px] font-medium text-token-text-secondary! bg-[#F4F4F4]! dark:bg-[#303030]! transition-colors duration-150 ease-in-out\" href=\"https:\/\/www.larochelle-tourisme.com\/agenda\/agenda-complet\/festival-les-francofolies-les-folles-rencontres?utm_source=chatgpt.com\" target=\"_blank\" rel=\"noopener\"><span class=\"relative start-0 bottom-0 flex h-full w-full items-center\"><span class=\"flex h-4 w-full items-center justify-between overflow-hidden\"><span class=\"max-w-full grow truncate overflow-hidden text-center\">La Rochelle Tourisme<\/span><\/span><\/span><\/a><\/span><\/span>.<\/p><\/li><li data-start=\"2313\" data-end=\"2395\"><p data-start=\"2315\" data-end=\"2395\"><span class=\"relative -mx-px my-[-0.2rem] rounded px-px py-[0.2rem] transition-colors duration-100 ease-in-out\"><strong data-start=\"0\" data-end=\"9\" data-is-only-node=\"\">Lieux<\/strong> : sc\u00e8nes en centre-ville (parking Saint\u2011Jean d\u2019Acre, La Coursive, La Sir\u00e8ne, Village Francoc\u00e9an \u2013 entr\u00e9e libre)<\/span> <span class=\"\" data-state=\"closed\"><span class=\"ms-1 inline-flex max-w-full items-center relative top-[-0.094rem] animate-[show_150ms_ease-in]\"><a class=\"flex h-4.5 overflow-hidden rounded-xl px-2 text-[9px] font-medium text-token-text-secondary! bg-[#F4F4F4]! dark:bg-[#303030]! transition-colors duration-150 ease-in-out\" href=\"https:\/\/fr.wikipedia.org\/wiki\/Francofolies?utm_source=chatgpt.com\" target=\"_blank\" rel=\"noopener\"><span class=\"relative start-0 bottom-0 flex h-full w-full items-center\"><span class=\"flex h-4 w-full items-center justify-between absolute\"><span class=\"max-w-full grow truncate overflow-hidden text-center\">La Rochelle <\/span><\/span><\/span><\/a><\/span><\/span>.<\/p><\/li><li data-start=\"2396\" data-end=\"2478\"><p data-start=\"2398\" data-end=\"2478\"><span class=\"relative -mx-px my-[-0.2rem] rounded px-px py-[0.2rem] transition-colors duration-100 ease-in-out\"><strong data-start=\"0\" data-end=\"9\" data-is-only-node=\"\">Acc\u00e8s<\/strong> : train, voiture, bus, v\u00e9lo (parkings relais et navettes)<\/span> .<\/p><\/li><li data-start=\"2479\" data-end=\"2561\"><p data-start=\"2481\" data-end=\"2561\"><span class=\"relative -mx-px my-[-0.2rem] rounded px-px py-[0.2rem] transition-colors duration-100 ease-in-out\"><strong data-start=\"0\" data-end=\"24\" data-is-only-node=\"\">Billetterie en ligne<\/strong> s\u00e9curis\u00e9e via Stripe (r\u00e9servation PMR, revente)<\/span> .<\/p><\/li><\/ul><h3 data-start=\"2568\" data-end=\"2596\">R\u00e9sum\u00e9 en un coup d\u2019\u0153il<\/h3><ul data-start=\"2598\" data-end=\"2938\"><li data-start=\"2598\" data-end=\"2678\"><p data-start=\"2600\" data-end=\"2678\"><strong data-start=\"2600\" data-end=\"2613\">Programme<\/strong> riche et diversifi\u00e9 avec grandes t\u00eates d\u2019affiche et d\u00e9couvertes.<\/p><\/li><li data-start=\"2679\" data-end=\"2797\"><p data-start=\"2681\" data-end=\"2797\"><strong data-start=\"2681\" data-end=\"2693\">Horaires<\/strong> globalement : concerts en soir\u00e9e \u00e0 18h sur la sc\u00e8ne principale, apr\u00e8s-midi et d\u00e9but de soir\u00e9e ailleurs.<\/p><\/li><li data-start=\"2798\" data-end=\"2851\"><p data-start=\"2800\" data-end=\"2851\"><strong data-start=\"2800\" data-end=\"2810\">Tarifs<\/strong> : de 12\u202f\u20ac \u00e0 75\u202f\u20ac, selon artistE et lieu.<\/p><\/li><li data-start=\"2852\" data-end=\"2938\"><p data-start=\"2854\" data-end=\"2938\"><strong data-start=\"2854\" data-end=\"2869\">Billetterie<\/strong> : ouverte, s\u00e9curis\u00e9e et accessible aux personnes \u00e0 mobilit\u00e9 r\u00e9duite.<\/p><\/li><\/ul><h2>Francofolies 2024<\/h2><p data-start=\"44\" data-end=\"171\"><strong data-start=\"44\" data-end=\"53\">Dates<\/strong> : du <strong data-start=\"59\" data-end=\"84\">10 au 14 juillet 2024<\/strong>, cinq jours de musique hors norme \u00e0 La Rochelle.<\/p><h3 data-start=\"173\" data-end=\"233\">\ud83c\udfdf\ufe0f Sc\u00e8ne Jean\u2011Louis Foulquier (grande sc\u00e8ne principale)<\/h3><ul data-start=\"235\" data-end=\"641\"><li data-start=\"235\" data-end=\"315\"><p data-start=\"237\" data-end=\"315\"><span class=\"relative -mx-px my-[-0.2rem] rounded px-px py-[0.2rem] transition-colors duration-100 ease-in-out\"><strong data-start=\"0\" data-end=\"23\" data-is-only-node=\"\">Mercredi 10 juillet<\/strong> : Sting, \u00c9tienne Daho, Eddy de Pretto, Charlotte Cardin \u2014 grands noms de la pop et de la chanson<\/span>.<\/p><\/li><li data-start=\"316\" data-end=\"396\"><p data-start=\"318\" data-end=\"396\"><span class=\"relative -mx-px my-[-0.2rem] rounded px-px py-[0.2rem] transition-colors duration-100 ease-in-out\"><strong data-start=\"0\" data-end=\"20\" data-is-only-node=\"\">Jeudi 11 juillet<\/strong> : Patrick Bruel, Pascal Obispo, Grand Corps Malade, Santa, Ladaniva \u2014 un cocktail chanson, slam et \u00e9motion<\/span>.<\/p><\/li><li data-start=\"397\" data-end=\"477\"><p data-start=\"399\" data-end=\"477\"><span class=\"relative -mx-px my-[-0.2rem] rounded px-px py-[0.2rem] transition-colors duration-100 ease-in-out\"><strong data-start=\"0\" data-end=\"23\" data-is-only-node=\"\">Vendredi 12 juillet<\/strong> : PLK, Josman, Zola, Vladimir Cauchemar, Bianca Costa \u2014 la sc\u00e8ne urbaine rap\/hip\u2011hop en soir\u00e9e<\/span>.<\/p><\/li><li data-start=\"478\" data-end=\"558\"><p data-start=\"480\" data-end=\"558\"><span class=\"relative -mx-px my-[-0.2rem] rounded px-px py-[0.2rem] transition-colors duration-100 ease-in-out\"><strong data-start=\"0\" data-end=\"21\" data-is-only-node=\"\">Samedi 13 juillet<\/strong> : Ninho, Bigflo &\u202fOli, Luidji, Werenoi \u2014 rap fran\u00e7ais \u00e0 l\u2019honneur<\/span>.<\/p><\/li><li data-start=\"559\" data-end=\"641\"><p data-start=\"561\" data-end=\"641\"><span class=\"relative -mx-px my-[-0.2rem] rounded px-px py-[0.2rem] transition-colors duration-100 ease-in-out\"><strong data-start=\"0\" data-end=\"23\" data-is-only-node=\"\">Dimanche 14 juillet<\/strong> : Jean\u2011Michel Jarre, Phoenix, Sofiane Pamart, Zaho de Sagazan, Herv\u00e9 \u2014 \u00e9lectro, pop et vari\u00e9t\u00e9<\/span>.<\/p><\/li><\/ul><h3 data-start=\"643\" data-end=\"677\">\ud83c\udfad Grand Th\u00e9\u00e2tre \u2013 La Coursive<\/h3><ul data-start=\"679\" data-end=\"1101\"><li data-start=\"679\" data-end=\"763\"><p data-start=\"681\" data-end=\"763\"><span class=\"relative -mx-px my-[-0.2rem] rounded px-px py-[0.2rem] transition-colors duration-100 ease-in-out\">Mer. 10 : cr\u00e9ation \u201cEclect!Que\u201d par Ga\u00ebtan Roussel<\/span>.<\/p><\/li><li data-start=\"764\" data-end=\"848\"><p data-start=\"766\" data-end=\"848\"><span class=\"relative -mx-px my-[-0.2rem] rounded px-px py-[0.2rem] transition-colors duration-100 ease-in-out\">Jeu. 11 : Arthur Teboul & Baptiste Trotignon, Jeanne Added<\/span>.<\/p><\/li><li data-start=\"849\" data-end=\"933\"><p data-start=\"851\" data-end=\"933\"><span class=\"relative -mx-px my-[-0.2rem] rounded px-px py-[0.2rem] transition-colors duration-100 ease-in-out\">Ven. 12 : Thomas Fersen, Solann, Damien Saez solo<\/span>.<\/p><\/li><li data-start=\"934\" data-end=\"1018\"><p data-start=\"936\" data-end=\"1018\"><span class=\"relative -mx-px my-[-0.2rem] rounded px-px py-[0.2rem] transition-colors duration-100 ease-in-out\">Sam. 13 : Alain Souchon, Jil Caplan.<\/span><\/p><\/li><li data-start=\"1019\" data-end=\"1101\"><p data-start=\"1021\" data-end=\"1101\"><span class=\"relative -mx-px my-[-0.2rem] rounded px-px py-[0.2rem] transition-colors duration-100 ease-in-out\">Dim. 14 : Hubert\u2011F\u00e9lix\u202fThi\u00e9faine<\/span>.<\/p><\/li><\/ul><h3 data-start=\"1103\" data-end=\"1147\">\ud83c\udfb6 Th\u00e9\u00e2tre Verdi\u00e8re \/ CCAS \u2013 La Coursive<\/h3><ul data-start=\"1149\" data-end=\"1571\"><li data-start=\"1149\" data-end=\"1233\"><p data-start=\"1151\" data-end=\"1233\"><span class=\"relative -mx-px my-[-0.2rem] rounded px-px py-[0.2rem] transition-colors duration-100 ease-in-out\">Mer. 10 : Chim\u00e8ne Badi chante Piaf, Alan\u202fStivell, Anne Etchegoyen, etc<\/span>.<\/p><\/li><li data-start=\"1234\" data-end=\"1318\"><p data-start=\"1236\" data-end=\"1318\"><span class=\"relative -mx-px my-[-0.2rem] rounded px-px py-[0.2rem] transition-colors duration-100 ease-in-out\">Jeu. 11 : Alexandra Str\u00e9liski, Liv Oddman, Johan Papaconstantino, James Baker<\/span>.<\/p><\/li><li data-start=\"1319\" data-end=\"1403\"><p data-start=\"1321\" data-end=\"1403\"><span class=\"relative -mx-px my-[-0.2rem] rounded px-px py-[0.2rem] transition-colors duration-100 ease-in-out\">Ven. 12 : Blick Bassy, Joanne Radao, Jacques, Nochka<\/span>.<\/p><\/li><li data-start=\"1404\" data-end=\"1488\"><p data-start=\"1406\" data-end=\"1488\"><span class=\"relative -mx-px my-[-0.2rem] rounded px-px py-[0.2rem] transition-colors duration-100 ease-in-out\">Sam. 13 : Aliocha Schneider, Amalia, Clara Ys\u00e9, Arthur FU Bandini<\/span>.<\/p><\/li><li data-start=\"1489\" data-end=\"1571\"><p data-start=\"1491\" data-end=\"1571\"><span class=\"relative -mx-px my-[-0.2rem] rounded px-px py-[0.2rem] transition-colors duration-100 ease-in-out\">Dim. 14 : Black Sea Dahu, Poppy Fus\u00e9e, Christian Olivier, Poudre Noire<\/span>.<\/p><\/li><\/ul><h3 data-start=\"1573\" data-end=\"1591\">\ud83d\udd0a Salle Bleue<\/h3><ul data-start=\"1593\" data-end=\"2015\"><li data-start=\"1593\" data-end=\"1677\"><p data-start=\"1595\" data-end=\"1677\"><span class=\"relative -mx-px my-[-0.2rem] rounded px-px py-[0.2rem] transition-colors duration-100 ease-in-out\">Mer. 10 : Alex Vizorek & Alex Beaupain, Nach<\/span>.<\/p><\/li><li data-start=\"1678\" data-end=\"1762\"><p data-start=\"1680\" data-end=\"1762\"><span class=\"relative -mx-px my-[-0.2rem] rounded px-px py-[0.2rem] transition-colors duration-100 ease-in-out\">Jeu. 11 : Elliott Murphy, Paris Lonestar Club<\/span>.<\/p><\/li><li data-start=\"1763\" data-end=\"1847\"><p data-start=\"1765\" data-end=\"1847\"><span class=\"relative -mx-px my-[-0.2rem] rounded px-px py-[0.2rem] transition-colors duration-100 ease-in-out\">Ven. 12 : Le meilleur de Pascal Parisot, Claude Sicre, hommage \u00e0 Crystal Nougaro<\/span>.<\/p><\/li><li data-start=\"1848\" data-end=\"1932\"><p data-start=\"1850\" data-end=\"1932\"><span class=\"relative -mx-px my-[-0.2rem] rounded px-px py-[0.2rem] transition-colors duration-100 ease-in-out\">Sam. 13 : Kas Product, Edith Nylon<\/span>.<\/p><\/li><li data-start=\"1933\" data-end=\"2015\"><p data-start=\"1935\" data-end=\"2015\"><span class=\"relative -mx-px my-[-0.2rem] rounded px-px py-[0.2rem] transition-colors duration-100 ease-in-out\">Dim. 14 : Nicolas Peyrac, Hildebrandt<\/span>.<\/p><\/li><\/ul><h3 data-start=\"2017\" data-end=\"2052\">\u26a1 La Sir\u00e8ne (Nuits collectives)<\/h3><ul data-start=\"2054\" data-end=\"2221\"><li data-start=\"2054\" data-end=\"2138\"><p data-start=\"2056\" data-end=\"2138\"><span class=\"relative -mx-px my-[-0.2rem] rounded px-px py-[0.2rem] transition-colors duration-100 ease-in-out\">Vendredi 12 : Amenra, Hint, Slift, Psychonaut, Grandma\u2019s Ashes, Ditter<\/span>.<\/p><\/li><li data-start=\"2139\" data-end=\"2221\"><p data-start=\"2141\" data-end=\"2221\"><span class=\"relative -mx-px my-[-0.2rem] rounded px-px py-[0.2rem] transition-colors duration-100 ease-in-out\">Dimanche 14 : Carte blanche \u00e0 Yam\u00ea, avec Aupinard<\/span>.<\/p><\/li><\/ul><h3 data-start=\"2223\" data-end=\"2273\">Rochelle Oc\u00e9an (sc\u00e8ne ouverte en plein air)<\/h3><ul data-start=\"2275\" data-end=\"2697\"><li data-start=\"2275\" data-end=\"2359\"><p data-start=\"2277\" data-end=\"2359\"><span class=\"relative -mx-px my-[-0.2rem] rounded px-px py-[0.2rem] transition-colors duration-100 ease-in-out\">Mer. 10 : La Caravane Passe, Visceral, Swing, DJ set<\/span>.<\/p><\/li><li data-start=\"2360\" data-end=\"2444\"><p data-start=\"2362\" data-end=\"2444\"><span class=\"relative -mx-px my-[-0.2rem] rounded px-px py-[0.2rem] transition-colors duration-100 ease-in-out\">Jeu. 11 : Komodrag & The Mounodor, Johnny Jane, Nemo, DJ set<\/span>.<\/p><\/li><li data-start=\"2445\" data-end=\"2529\"><p data-start=\"2447\" data-end=\"2529\"><span class=\"relative -mx-px my-[-0.2rem] rounded px-px py-[0.2rem] transition-colors duration-100 ease-in-out\">Ven. 12 : Jan Verstraeten, Aleksand Saya, Ariane Roy, DJ set<\/span>.<\/p><\/li><li data-start=\"2530\" data-end=\"2614\"><p data-start=\"2532\" data-end=\"2614\"><span class=\"relative -mx-px my-[-0.2rem] rounded px-px py-[0.2rem] transition-colors duration-100 ease-in-out\">Sam. 13 : Puggy, Chien Noir, Loverman, DJ set<\/span>.<\/p><\/li><li data-start=\"2615\" data-end=\"2697\"><p data-start=\"2617\" data-end=\"2697\"><span class=\"relative -mx-px my-[-0.2rem] rounded px-px py-[0.2rem] transition-colors duration-100 ease-in-out\">Dim. 14 : Chorale des Francofolies, Boum Okoo<\/span>.<\/p><\/li><\/ul><figure id=\"attachment_67621\" aria-describedby=\"caption-attachment-67621\" style=\"width: 1024px\" class=\"wp-caption aligncenter\"><a href=\"https:\/\/cparici.com\/wp-content\/uploads\/2025\/07\/cparici-55.jpg\"><img decoding=\"async\" class=\"wp-image-67621 size-large\" src=\"https:\/\/cparici.com\/wp-content\/uploads\/2025\/07\/cparici-55-1024x362.jpg\" alt=\"Francofolies La Rochelle - les deux tours\" width=\"1024\" height=\"362\" srcset=\"https:\/\/cparici.com\/wp-content\/uploads\/2025\/07\/cparici-55-1024x362.jpg 1024w, https:\/\/cparici.com\/wp-content\/uploads\/2025\/07\/cparici-55-300x106.jpg 300w, https:\/\/cparici.com\/wp-content\/uploads\/2025\/07\/cparici-55-768x271.jpg 768w, https:\/\/cparici.com\/wp-content\/uploads\/2025\/07\/cparici-55-18x6.jpg 18w, https:\/\/cparici.com\/wp-content\/uploads\/2025\/07\/cparici-55-590x208.jpg 590w, https:\/\/cparici.com\/wp-content\/uploads\/2025\/07\/cparici-55-1200x424.jpg 1200w, https:\/\/cparici.com\/wp-content\/uploads\/2025\/07\/cparici-55-577x204.jpg 577w, https:\/\/cparici.com\/wp-content\/uploads\/2025\/07\/cparici-55-600x212.jpg 600w, https:\/\/cparici.com\/wp-content\/uploads\/2025\/07\/cparici-55.jpg 1500w\" sizes=\"(max-width: 1024px) 100vw, 1024px\" \/><\/a><figcaption id=\"caption-attachment-67621\" class=\"wp-caption-text\">Francofolies La Rochelle \u2013 les deux tours<\/figcaption><\/figure><h2 data-start=\"1728\" data-end=\"1769\">Une exp\u00e9rience de festivalier unique<\/h2><p data-start=\"1771\" data-end=\"1932\"><span class=\"relative -mx-px my-[-0.2rem] rounded px-px py-[0.2rem] transition-colors duration-100 ease-in-out\">Les <strong data-start=\"4\" data-end=\"20\">francofolies<\/strong> offrent une immersion compl\u00e8te\u202f: concerts en bord de mer, ambiance conviviale, rencontres litt\u00e9raires ou \u00e9cocitoyennes (Village Francoc\u00e9an)\u2026 La ville s\u2019anime, et les festivaliers t\u00e9moignent d\u2019une atmosph\u00e8re \u201cintense et festive\u201d<\/span>. <span class=\"relative -mx-px my-[-0.2rem] rounded px-px py-[0.2rem] transition-colors duration-100 ease-in-out\">Par exemple, Le Monde rapportait la performance \u00e9mouvante d\u2019Alain Souchon avec ses fils au Grand Th\u00e9\u00e2tre<\/span>.<\/p><h2 data-start=\"1939\" data-end=\"1970\">Francofolies dans le monde<\/h2><p data-start=\"1972\" data-end=\"2011\"><span class=\"relative -mx-px my-[-0.2rem] rounded px-px py-[0.2rem] transition-colors duration-100 ease-in-out\">Le succ\u00e8s de La Rochelle a inspir\u00e9 de nombreuses <strong data-start=\"49\" data-end=\"65\">Francofolies<\/strong> ailleurs :<\/span><\/p><ul data-start=\"2013\" data-end=\"2180\"><li data-start=\"2013\" data-end=\"2097\"><p data-start=\"2015\" data-end=\"2097\"><span class=\"relative -mx-px my-[-0.2rem] rounded px-px py-[0.2rem] transition-colors duration-100 ease-in-out\"><strong data-start=\"0\" data-end=\"12\" data-is-only-node=\"\">Montr\u00e9al<\/strong> depuis 1989\u202f: festival gratuit et payant, pop\/rap\/folk, r\u00f4le central dans le vivre-ensemble francophone<\/span>.<\/p><\/li><li data-start=\"2098\" data-end=\"2180\"><p data-start=\"2100\" data-end=\"2180\"><span class=\"relative -mx-px my-[-0.2rem] rounded px-px py-[0.2rem] transition-colors duration-100 ease-in-out\">Autres d\u00e9clinaisons : Spa (Belgique), R\u00e9union, Bulgarie, Nouvelle\u2011Cal\u00e9donie\u2026 Un v\u00e9ritable <strong data-start=\"90\" data-end=\"112\" data-is-last-node=\"\">r\u00e9seau francophone<\/strong><\/span> .<\/p><\/li><\/ul><h2 data-start=\"2187\" data-end=\"2230\">Informations pratiques pour participer<\/h2><ul data-start=\"2232\" data-end=\"2487\"><li data-start=\"2232\" data-end=\"2316\"><p data-start=\"2234\" data-end=\"2316\"><span class=\"relative -mx-px my-[-0.2rem] rounded px-px py-[0.2rem] transition-colors duration-100 ease-in-out\"><strong data-start=\"0\" data-end=\"14\" data-is-only-node=\"\">Dates cl\u00e9s<\/strong> : 10\u201314\u202fjuillet\u202f2025<\/span>.<\/p><\/li><li data-start=\"2317\" data-end=\"2401\"><p data-start=\"2319\" data-end=\"2401\"><span class=\"relative -mx-px my-[-0.2rem] rounded px-px py-[0.2rem] transition-colors duration-100 ease-in-out\"><strong data-start=\"0\" data-end=\"20\" data-is-only-node=\"\">Billets & tarifs<\/strong> : pass 5 jours et options journ\u00e9e sont en vente, d\u00e8s l\u2019hiver sur les plateformes officielles<\/span>.<\/p><\/li><li data-start=\"2402\" data-end=\"2445\"><p data-start=\"2404\" data-end=\"2445\"><span class=\"relative -mx-px my-[-0.2rem] rounded px-px py-[0.2rem] transition-colors duration-100 ease-in-out\"><strong data-start=\"0\" data-end=\"23\" data-is-only-node=\"\">Acc\u00e8s & h\u00e9bergement<\/strong> : la ville offre trains TGV, bus, parkings relais ; r\u00e9servations recommand\u00e9es.<\/span><\/p><\/li><li data-start=\"2446\" data-end=\"2487\"><p data-start=\"2448\" data-end=\"2487\"><span class=\"relative -mx-px my-[-0.2rem] rounded px-px py-[0.2rem] transition-colors duration-100 ease-in-out\"><strong data-start=\"0\" data-end=\"12\" data-is-only-node=\"\">Conseils<\/strong>\u202f: optez pour le Village Francoc\u00e9an (gratuit), pensez \u00e0 prendre des bouchons, restez hydrat\u00e9, explorez La Rochelle entre les concerts.<\/span><\/p><\/li><\/ul><h2>Les Francofolies Luxembourg Esch<\/h2><p data-start=\"44\" data-end=\"158\"><span class=\"relative -mx-px my-[-0.2rem] rounded px-px py-[0.2rem] transition-colors duration-100 ease-in-out\">Les <strong data-start=\"4\" data-end=\"31\">Francofolies Luxembourg<\/strong>, organis\u00e9s \u00e0 <strong data-start=\"45\" data-end=\"65\">Esch-sur-Alzette<\/strong>, constituent la d\u00e9clinaison moderne et engag\u00e9e du c\u00e9l\u00e8bre festival francophone<\/span>. <span class=\"relative -mx-px my-[-0.2rem] rounded px-px py-[0.2rem] transition-colors duration-100 ease-in-out\">En 2024, l\u2019\u00e9v\u00e9nement s\u2019est tenu du <strong data-start=\"35\" data-end=\"50\">7 au 9 juin<\/strong> au Parc Gaalgebierg, avec des concerts gratuits en journ\u00e9e et une ambiance \u00e9coresponsable.<\/span><\/p><h3 data-start=\"160\" data-end=\"198\">\ud83c\udfb6 Temps forts de la programmation<\/h3><p data-start=\"200\" data-end=\"879\"><strong data-start=\"200\" data-end=\"219\">Vendredi\u202f7\u202fjuin<\/strong> : Ninho, Tiakola, Luidji, La F\u00e8ve, Luther, Baby Volcano et Maale Gars ont enflamm\u00e9 la sc\u00e8ne principale.<br data-start=\"361\" data-end=\"364\" \/><strong data-start=\"364\" data-end=\"381\">Samedi\u202f8\u202fjuin<\/strong> : Shaka\u202fPonk, Lost\u202fFrequencies, Meute, Damien Saez (version solo), Zaho\u202fde\u202fSagazan, Apashe Live avec brass orchestra, Tiken\u202fJah\u202fFakoly, Ko\u202fKo\u202fMo, Eloi, Bagarre, Black\u202fLilys, Them Lights et Nosi ont assur\u00e9 une diversit\u00e9 de genres .<br data-start=\"649\" data-end=\"652\" \/><strong data-start=\"652\" data-end=\"671\">Dimanche\u202f9\u202fjuin<\/strong> : David Guetta, L\u2019Imp\u00e9ratrice, Charlotte Cardin, Olivia Ruiz, Santa, Rapha\u00ebl, Mentissa, Julien Granel, Colt, Foreigners et Angel\u202fCara ont cl\u00f4tur\u00e9 l\u2019\u00e9dition avec panache .<\/p><p data-start=\"881\" data-end=\"957\"><span class=\"relative -mx-px my-[-0.2rem] rounded px-px py-[0.2rem] transition-colors duration-100 ease-in-out\">En 2025, l\u2019\u00e9dition pr\u00e9vue du <strong data-start=\"29\" data-end=\"44\">6 au 8 juin<\/strong> comprenait des t\u00eates d\u2019affiche telles que <strong data-start=\"87\" data-end=\"158\">Soprano, Timmy Trumpet, Julien Dor\u00e9, Bigflo &\u202fOli, Michel Polnareff<\/strong>, et proposait une <strong data-start=\"177\" data-end=\"193\">silent disco<\/strong> dans le parc Gaalgebierg<\/span>.<\/p><h3 data-start=\"959\" data-end=\"984\">\ud83c\udf31 Engagement durable<\/h3><p data-start=\"986\" data-end=\"1104\"><span class=\"relative -mx-px my-[-0.2rem] rounded px-px py-[0.2rem] transition-colors duration-100 ease-in-out\">Le festival est labellis\u00e9 <strong data-start=\"26\" data-end=\"41\">Green Event<\/strong>, privil\u00e9giant les transports doux (navettes, v\u00e9los), la restauration locale et bio, la gestion z\u00e9ro d\u00e9chet et une sc\u00e9nographie upcycl\u00e9e<\/span>. <span class=\"relative -mx-px my-[-0.2rem] rounded px-px py-[0.2rem] transition-colors duration-100 ease-in-out\">L\u2019exp\u00e9rience se veut immersive, \u00e9thique et communautaire.<\/span><\/p><h3 data-start=\"1106\" data-end=\"1127\">\ud83d\udcb6 Tarifs & acc\u00e8s<\/h3><p data-start=\"1129\" data-end=\"1299\"><span class=\"relative -mx-px my-[-0.2rem] rounded px-px py-[0.2rem] transition-colors duration-100 ease-in-out\">L\u2019\u00e9dition 2024 proposait un pass 3\u202fjours \u00e0 130\u202f\u20ac, avec des tickets \u00e0 la journ\u00e9e entre 56\u202f\u20ac et 75\u202f\u20ac selon le type (fast-track, etc.)<\/span> Gratuit pour les concerts en plein air, notamment ceux du parc Gaalgebierg.<\/p><h2 data-start=\"1129\" data-end=\"1299\">Les Francofolies de Spa<\/h2><p data-start=\"42\" data-end=\"118\"><span class=\"relative -mx-px my-[-0.2rem] rounded px-px py-[0.2rem] transition-colors duration-100 ease-in-out\">Les <strong data-start=\"4\" data-end=\"27\">Francofolies de Spa<\/strong> se d\u00e9roulent chaque \u00e9t\u00e9 \u00e0 Spa, en Belgique, et c\u00e9l\u00e8brent depuis 1994 la <strong data-start=\"100\" data-end=\"123\">musique francophone<\/strong> dans une ambiance festive et authentique<\/span>.<\/p><p data-start=\"120\" data-end=\"196\"><span class=\"relative -mx-px my-[-0.2rem] rounded px-px py-[0.2rem] transition-colors duration-100 ease-in-out\">Organis\u00e9 par l\u2019association Belgomania sous la direction de Yoann Fr\u00e9d\u00e9ric, ce festival attire entre 125\u202f000 et 150\u202f000 visiteurs pendant ses quatre jours, r\u00e9partis sur plusieurs sc\u00e8nes en plein c\u0153ur de la ville : la <strong data-start=\"216\" data-end=\"246\">Place Royale\/Pierre Rapsat<\/strong>, le <strong data-start=\"251\" data-end=\"272\">Village Francofou<\/strong> (sc\u00e8nes Proximus, Sabam, fontaine), et des sites annexes comme les <strong data-start=\"340\" data-end=\"357\" data-is-last-node=\"\">Bars en folie<\/strong><\/span>.<\/p><p data-start=\"198\" data-end=\"351\"><span class=\"relative -mx-px my-[-0.2rem] rounded px-px py-[0.2rem] transition-colors duration-100 ease-in-out\">Les \u00e9ditions r\u00e9centes (2022\u20112023) ont mis \u00e0 l\u2019honneur une ligne d\u2019artistes m\u00ealant stars francophones et talents \u00e9mergents. En 2023, Soprano, Florent Pagny, Bigflo &\u202fOli, Mika, Rom\u00e9o\u202fElvis, Pomme et Kendji Girac figuraient parmi les t\u00eates d\u2019affiche, refl\u00e9tant la diversit\u00e9 des genres : chanson, pop, rap, \u00e9lectro<\/span>. <span class=\"relative -mx-px my-[-0.2rem] rounded px-px py-[0.2rem] transition-colors duration-100 ease-in-out\">Pour 2024, le programme du 18 au 21 juillet proposait des artistes comme Francis Cabrel, Patrick Bruel, Pascal Obispo, Zazie, Eddy de Pretto, Gims et Djadja &\u202fDinaz \u2014 avec pour la premi\u00e8re fois une journ\u00e9e d\u00e9di\u00e9e aux musiques urbaines<\/span> .<\/p><p data-start=\"353\" data-end=\"512\"><span class=\"relative -mx-px my-[-0.2rem] rounded px-px py-[0.2rem] transition-colors duration-100 ease-in-out\">Le festival se distingue par son <strong data-start=\"33\" data-end=\"55\">engagement durable<\/strong>, avec une sc\u00e9nographie respectueuse de l\u2019environnement et un appui \u00e0 la promotion de la culture francophone de mani\u00e8re innovante et \u00e9coresponsable<\/span>. <span class=\"relative -mx-px my-[-0.2rem] rounded px-px py-[0.2rem] transition-colors duration-100 ease-in-out\">Une autre force ? Le soutien aux <strong data-start=\"33\" data-end=\"51\">jeunes talents<\/strong> : pr\u00e8s de la moiti\u00e9 de la programmation est d\u00e9di\u00e9e \u00e0 la sc\u00e8ne belge \u00e9mergente<\/span>.<\/p><p data-start=\"514\" data-end=\"594\"><span class=\"relative -mx-px my-[-0.2rem] rounded px-px py-[0.2rem] transition-colors duration-100 ease-in-out\">Enfin, les <strong data-start=\"11\" data-end=\"34\">Francofolies de Spa<\/strong> font partie d\u2019un mouvement culturel post\u2011Festival international de la chanson fran\u00e7aise (1978), et elles prolongent la tradition de la chanson francophone \u00e0 Spa, ville thermale class\u00e9e patrimoine de l\u2019UNESCO<\/span><\/p><h2 data-start=\"514\" data-end=\"594\"><span class=\"relative -mx-px my-[-0.2rem] rounded px-px py-[0.2rem] transition-colors duration-100 ease-in-out\"><strong data-start=\"4\" data-end=\"34\">Francofolies de La R\u00e9union<\/strong><\/span><\/h2><article class=\"text-token-text-primary w-full\" dir=\"auto\" data-testid=\"conversation-turn-16\" data-scroll-anchor=\"true\"><div class=\"text-base my-auto mx-auto py-5 [--thread-content-margin:--spacing(4)] @[37rem]:[--thread-content-margin:--spacing(6)] @[72rem]:[--thread-content-margin:--spacing(16)] px-(--thread-content-margin)\"><div class=\"[--thread-content-max-width:32rem] @[34rem]:[--thread-content-max-width:40rem] @[64rem]:[--thread-content-max-width:48rem] mx-auto flex max-w-(--thread-content-max-width) flex-1 text-base gap-4 md:gap-5 lg:gap-6 group\/turn-messages focus-visible:outline-hidden\" tabindex=\"-1\"><div class=\"group\/conversation-turn relative flex w-full min-w-0 flex-col agent-turn\"><div class=\"relative flex-col gap-1 md:gap-3\"><div class=\"flex max-w-full flex-col grow\"><div class=\"min-h-8 text-message relative flex w-full flex-col items-end gap-2 text-start break-words whitespace-normal [.text-message+&]:mt-5\" dir=\"auto\" data-message-author-role=\"assistant\" data-message-id=\"e68567b2-7f55-4a36-b281-6f12e4c39ffd\" data-message-model-slug=\"gpt-4o\"><div class=\"flex w-full flex-col gap-1 empty:hidden first:pt-[3px]\"><div class=\"markdown prose dark:prose-invert w-full break-words light\"><p data-start=\"42\" data-end=\"195\"><span class=\"relative -mx-px my-[-0.2rem] rounded px-px py-[0.2rem] transition-colors duration-100 ease-in-out\">Les <strong data-start=\"4\" data-end=\"34\">Francofolies de La R\u00e9union<\/strong>, organis\u00e9es depuis <strong data-start=\"54\" data-end=\"62\">2017<\/strong> \u00e0 <strong data-start=\"65\" data-end=\"79\">Saint\u2011Paul<\/strong>, c\u00e9l\u00e8brent chaque ann\u00e9e la <strong data-start=\"107\" data-end=\"130\">musique francophone<\/strong> dans un cadre tropical et convivial<\/span>. <span class=\"relative -mx-px my-[-0.2rem] rounded px-px py-[0.2rem] transition-colors duration-100 ease-in-out\">L\u2019\u00e9dition 2023 (5\u201310\u202fseptembre) r\u00e9unissait plus de <strong data-start=\"51\" data-end=\"74\">15\u202f000 festivaliers<\/strong>, m\u00ealant artistes locaux et figures embl\u00e9matiques de la francophonie tels que Bigflo\u202f&\u202fOli, Pomme, Selah\u202fSue, Cali et Olivia\u202fRuiz<\/span>.<\/p><p data-start=\"197\" data-end=\"350\"><span class=\"relative -mx-px my-[-0.2rem] rounded px-px py-[0.2rem] transition-colors duration-100 ease-in-out\">Pour 2025, le rendez-vous est fix\u00e9 du <strong data-start=\"38\" data-end=\"58\">2 au 7 septembre<\/strong>, sur plusieurs sites\u202f: <strong data-start=\"82\" data-end=\"92\">L\u00e9spas<\/strong> (Saint\u2011Paul), <strong data-start=\"107\" data-end=\"125\">T\u00e9at Plein Air<\/strong> (Saint\u2011Gilles) et la <strong data-start=\"147\" data-end=\"183\" data-is-last-node=\"\">Clairi\u00e8re de La\u202fSaline\u2011les\u2011Bains<\/strong><\/span>. <span class=\"relative -mx-px my-[-0.2rem] rounded px-px py-[0.2rem] transition-colors duration-100 ease-in-out\">C\u00f4t\u00e9 programmation (\u00e0 date)\u202f: mardi 2 septembre ouvre Emma Peters, vendredi 5 propose Luidji, Gringe, YOA et P.L.L, samedi 6 voit d\u00e9filer Trinix, La\u202fFemme, Tiken\u202fJah\u202fFakoly et Sue\u00eflo, et dimanche 7 clora avec Barbara\u202fPravi, Dub\u202fInc, Ad\u00e9 et Lindigo<\/span>.<\/p><h3 data-start=\"352\" data-end=\"382\">\ud83c\udf9f\ufe0f Billetterie & tarifs<\/h3><ul data-start=\"383\" data-end=\"721\"><li data-start=\"383\" data-end=\"465\"><p data-start=\"385\" data-end=\"465\"><span class=\"relative -mx-px my-[-0.2rem] rounded px-px py-[0.2rem] transition-colors duration-100 ease-in-out\">Entr\u00e9e journali\u00e8re : <strong data-start=\"21\" data-end=\"41\">\u00e0 partir de 30\u202f\u20ac<\/strong> (tarif malin jusqu\u2019au 30\u202fjuin)<\/span>.<\/p><\/li><li data-start=\"466\" data-end=\"509\"><p data-start=\"468\" data-end=\"509\"><span class=\"relative -mx-px my-[-0.2rem] rounded px-px py-[0.2rem] transition-colors duration-100 ease-in-out\">Pass combin\u00e9s disponibles (1, 2 ou 3 jours).<\/span><\/p><\/li><li data-start=\"510\" data-end=\"553\"><p data-start=\"512\" data-end=\"553\"><span class=\"relative -mx-px my-[-0.2rem] rounded px-px py-[0.2rem] transition-colors duration-100 ease-in-out\">Tarif r\u00e9duit (\u00e9tudiants, seniors, PMR) sur justificatif.<\/span><\/p><\/li><li data-start=\"554\" data-end=\"638\"><p data-start=\"556\" data-end=\"638\"><span class=\"relative -mx-px my-[-0.2rem] rounded px-px py-[0.2rem] transition-colors duration-100 ease-in-out\">Gratuit\u00e9 pour les moins de 6\u202fans<\/span>.<\/p><\/li><li data-start=\"639\" data-end=\"721\"><p data-start=\"641\" data-end=\"721\"><span class=\"relative -mx-px my-[-0.2rem] rounded px-px py-[0.2rem] transition-colors duration-100 ease-in-out\">Billets via Pass Culture ou plateforme d\u00e9di\u00e9e. Option VIP avec acc\u00e8s privil\u00e9gi\u00e9, zone sur\u00e9lev\u00e9e, restauration et sanitaires d\u00e9di\u00e9s<\/span> <span class=\"\" data-state=\"closed\"><span class=\"ms-1 inline-flex max-w-full items-center relative top-[-0.094rem] animate-[show_150ms_ease-in]\"><a class=\"flex h-4.5 overflow-hidden rounded-xl px-2 text-[9px] font-medium text-token-text-secondary! bg-[#F4F4F4]! dark:bg-[#303030]! transition-colors duration-150 ease-in-out\" href=\"https:\/\/francofolies.re\/billetterie\/?utm_source=chatgpt.com\" target=\"_blank\" rel=\"noopener\"><span class=\"relative start-0 bottom-0 flex h-full w-full items-center\"><span class=\"flex h-4 w-full items-center justify-between overflow-hidden\"><span class=\"max-w-full grow truncate overflow-hidden text-center\">Francofolies de La R\u00e9union<\/span><\/span><\/span><\/a><\/span><\/span>.<\/p><\/li><\/ul><p data-start=\"723\" data-end=\"967\">En r\u00e9sum\u00e9, les <strong data-start=\"738\" data-end=\"768\">Francofolies de La R\u00e9union<\/strong> offrent une programmation riche et vari\u00e9e dans un cadre exceptionnel, avec des tarifs accessibles et une organisation soign\u00e9e. Une belle occasion de vibrer en francophonie, sous le soleil tropical\u202f!<\/p><h2 data-start=\"723\" data-end=\"967\">Jean-Louis Foulquier et les Francofolies<\/h2><p data-start=\"42\" data-end=\"118\"><span class=\"relative -mx-px my-[-0.2rem] rounded px-px py-[0.2rem] transition-colors duration-100 ease-in-out\">Jean\u2011Louis\u202fFoulquier, n\u00e9 le 24\u202fjuin\u202f1943 \u00e0 <strong data-start=\"43\" data-end=\"58\">La\u202fRochelle<\/strong>, occupe une place centrale dans l\u2019histoire des <strong data-start=\"106\" data-end=\"122\">Francofolies<\/strong>. Animateur embl\u00e9matique sur <strong data-start=\"151\" data-end=\"167\">France\u202fInter<\/strong>, producteur radio et voix inoubliable de la chanson francophone, il a fa\u00e7onn\u00e9 l\u2019esprit du festival tel que nous le connaissons aujourd\u2019hui.<\/span><\/p><h3 data-start=\"120\" data-end=\"157\">\ud83c\udf99 L\u2019animateur-passeur de talents<\/h3><p data-start=\"159\" data-end=\"312\"><span class=\"relative -mx-px my-[-0.2rem] rounded px-px py-[0.2rem] transition-colors duration-100 ease-in-out\">Apr\u00e8s des d\u00e9buts dans les cabarets parisiens, Foulquier entre \u00e0 France\u202fInter en 1966 comme standardiste, avant de devenir animateur \u00e0 plein temps. Il pr\u00e9sente de nombreuses \u00e9missions cultes : <em data-start=\"192\" data-end=\"207\">Saltimbanques<\/em>, <em data-start=\"209\" data-end=\"230\">Les copains d\u2019abord<\/em>, et surtout <em data-start=\"243\" data-end=\"251\">Pollen<\/em>, lanc\u00e9e en 1984, d\u00e9di\u00e9e \u00e0 la d\u00e9couverte d\u2019artistes \u00e9mergents<\/span>. <span class=\"relative -mx-px my-[-0.2rem] rounded px-px py-[0.2rem] transition-colors duration-100 ease-in-out\">Gr\u00e2ce \u00e0 sa passion et sa pers\u00e9v\u00e9rance, il offre une visibilit\u00e9 pr\u00e9cieuse \u00e0 des talents comme Alain\u202fSouchon, Renaud ou Francis\u202fCabrel<\/span>.<\/p><h3 data-start=\"314\" data-end=\"358\">Cr\u00e9ateur des Francofolies (1985\u20132004)<\/h3><p data-start=\"360\" data-end=\"515\"><span class=\"relative -mx-px my-[-0.2rem] rounded px-px py-[0.2rem] transition-colors duration-100 ease-in-out\">En 1985, Jean\u2011Louis\u202fFoulquier fonde les <strong data-start=\"40\" data-end=\"71\">Francofolies de La Rochelle<\/strong>, avec le soutien de Michel\u202fCr\u00e9peau. L\u2019objectif : promouvoir la <strong data-start=\"135\" data-end=\"158\">musique francophone<\/strong>, en lan\u00e7ant un festival accessible, festif et riche en \u00e9motions<\/span>. <span class=\"relative -mx-px my-[-0.2rem] rounded px-px py-[0.2rem] transition-colors duration-100 ease-in-out\">Sous sa direction (1985\u20132004), le festival devient un rendez-vous estival majeur, avec plus de 160\u202f000 spectateurs d\u00e8s 2007<\/span>.<\/p><p data-start=\"517\" data-end=\"597\"><span class=\"relative -mx-px my-[-0.2rem] rounded px-px py-[0.2rem] transition-colors duration-100 ease-in-out\">Il met en place une programmation inclusive, m\u00ealant artistes confirm\u00e9s et \u00e9mergents : la sc\u00e8ne principale porte son nom en hommage, tandis que des espaces comme La\u202fCoursive, la Sir\u00e8ne ou le \u00ab\u202fChantier des Francofolies\u202f\u00bb encouragent la cr\u00e9ativit\u00e9 naissante<\/span>.<\/p><h3 data-start=\"599\" data-end=\"648\">Transmission & soutien aux jeunes artistes<\/h3><p data-start=\"650\" data-end=\"811\"><span class=\"relative -mx-px my-[-0.2rem] rounded px-px py-[0.2rem] transition-colors duration-100 ease-in-out\">En 1998, il initie le <strong data-start=\"22\" data-end=\"51\">Chantier des Francofolies<\/strong>, un tremplin destin\u00e9 \u00e0 booster une dizaine d\u2019artistes chaque ann\u00e9e. Depuis, plus de 60\u202f% de la programmation est d\u00e9di\u00e9e \u00e0 cette rel\u00e8ve artistique<\/span>. <span class=\"relative -mx-px my-[-0.2rem] rounded px-px py-[0.2rem] transition-colors duration-100 ease-in-out\">Par sa bienveillance et son esprit visionnaire, Foulquier incarne l\u2019\u00e2me du festival : r\u00e9v\u00e9lateur de talents, il a guid\u00e9 des artistes comme Alo\u00efse Sauvage ou Zaho de\u202fSagazan vers la reconnaissance<\/span>.<\/p><h3 data-start=\"813\" data-end=\"856\">\ud83c\udfad Artiste polyvalent & homme de m\u00e9dias<\/h3><p data-start=\"858\" data-end=\"978\"><span class=\"relative -mx-px my-[-0.2rem] rounded px-px py-[0.2rem] transition-colors duration-100 ease-in-out\">Au-del\u00e0 de son r\u00f4le festif, Jean\u2011Louis\u202fFoulquier \u00e9tait aussi acteur, peintre et auteur. Il a particip\u00e9 \u00e0 des films comme <em data-start=\"121\" data-end=\"135\">Les Ripoux\u202f3<\/em> ou <em data-start=\"139\" data-end=\"154\">Selon\u202fCharlie<\/em>, et a port\u00e9 des projets artistiques (CD \u00ab\u202fFoulquier\u202f\u00bb, adaptation th\u00e9\u00e2trale \u00ab\u202fLa Premi\u00e8re\u202fGorg\u00e9e\u202fde bi\u00e8re\u2026\u202f\u00bb)<\/span>. <span class=\"relative -mx-px my-[-0.2rem] rounded px-px py-[0.2rem] transition-colors duration-100 ease-in-out\">Animant des \u00e9missions t\u00e9l\u00e9 sur TF1 (<em data-start=\"36\" data-end=\"49\">D\u00e9couvertes<\/em>) et France\u202f3 (<em data-start=\"64\" data-end=\"78\">Captain Caf\u00e9<\/em>), il multiplie les leviers pour diffuser <strong data-start=\"120\" data-end=\"146\">la chanson francophone<\/strong>.<\/span><\/p><h3 data-start=\"980\" data-end=\"1034\">\ud83d\udd4a Son h\u00e9ritage et son arbre g\u00e9n\u00e9alogique culturel<\/h3><p data-start=\"1036\" data-end=\"1197\"><span class=\"relative -mx-px my-[-0.2rem] rounded px-px py-[0.2rem] transition-colors duration-100 ease-in-out\">Foulquier c\u00e8de la direction en 2004 \u00e0 <strong data-start=\"38\" data-end=\"53\">G\u00e9rard Pont<\/strong> et <strong data-start=\"57\" data-end=\"74\">Didier Varrod<\/strong>, mais son h\u00e9ritage perdure : la sc\u00e8ne Jean\u202f\u2011Louis\u202fFoulquier, cr\u00e9\u00e9e en son honneur, c\u00e9l\u00e8bre chaque ann\u00e9e grandes voix et talents \u00e9mergents<\/span>. <span class=\"relative -mx-px my-[-0.2rem] rounded px-px py-[0.2rem] transition-colors duration-100 ease-in-out\">D\u00e9c\u00e9d\u00e9 le 10\u202fd\u00e9cembre\u202f2013 d\u2019un cancer, il laisse derri\u00e8re lui un festival profond\u00e9ment ancr\u00e9 dans l\u2019identit\u00e9 culturelle francophone et tourn\u00e9e vers l\u2019avenir<\/span>.<\/p><p data-start=\"1199\" data-end=\"1599\"><strong data-start=\"1199\" data-end=\"1212\">En r\u00e9sum\u00e9<\/strong>, Jean\u2011Louis\u202fFoulquier \u00e9tait l\u2019incarnation de la passion pour <strong data-start=\"1274\" data-end=\"1300\">la musique francophone<\/strong>, un passeur de talents, un visionnaire festif\u202f: animateur de c\u0153ur, festivalier pionnier, il a tiss\u00e9 un \u00e9cosyst\u00e8me culturel durable, g\u00e9n\u00e9reux et ouvert \u00e0 toutes les g\u00e9n\u00e9rations. Son nom reste indissociable du festival qu\u2019il a fond\u00e9, et son influence continue de rayonner \u00e0 La\u202fRochelle comme au-del\u00e0.<\/p><\/div><\/div><\/div><\/div><\/div><\/div><\/div><\/div><\/article><h2 data-start=\"2494\" data-end=\"2516\">Foire aux Questions<\/h2><p data-start=\"2518\" data-end=\"2596\"><strong data-start=\"2518\" data-end=\"2554\">Qu\u2019est-ce que les francofolies\u202f?<\/strong><br data-start=\"2554\" data-end=\"2557\" \/><span class=\"relative -mx-px my-[-0.2rem] rounded px-px py-[0.2rem] transition-colors duration-100 ease-in-out\">Les <strong data-start=\"4\" data-end=\"20\">francofolies<\/strong> sont un festival musical estival d\u00e9di\u00e9 \u00e0 la <strong data-start=\"65\" data-end=\"88\">musique francophone<\/strong>, n\u00e9 en 1985 \u00e0 La Rochelle et c\u00e9l\u00e8bre pour sa programmation mixte entre artistes confirm\u00e9s et \u00e9mergents.<\/span><\/p><p data-start=\"2598\" data-end=\"2717\"><strong data-start=\"2598\" data-end=\"2634\">Quand aura lieu l\u2019\u00e9dition 2025\u202f?<\/strong><br data-start=\"2634\" data-end=\"2637\" \/><span class=\"relative -mx-px my-[-0.2rem] rounded px-px py-[0.2rem] transition-colors duration-100 ease-in-out\">Du <strong data-start=\"3\" data-end=\"28\">10 au 14 juillet 2025<\/strong>, \u00e0 La Rochelle, selon les annonces officielles<\/span>.<\/p><p data-start=\"2719\" data-end=\"2794\"><strong data-start=\"2719\" data-end=\"2752\">Comment acheter des billets\u202f?<\/strong><br data-start=\"2752\" data-end=\"2755\" \/><span class=\"relative -mx-px my-[-0.2rem] rounded px-px py-[0.2rem] transition-colors duration-100 ease-in-out\">Via le site officiel (francofolies.fr) et des revendeurs partenaires. Des pass 5 jours et pass journ\u00e9e sont disponibles, avec billetterie ouverte d\u00e8s l\u2019hiver.<\/span><\/p><p data-start=\"2796\" data-end=\"2874\"><strong data-start=\"2796\" data-end=\"2832\">Y a-t-il des concerts gratuits\u202f?<\/strong><br data-start=\"2832\" data-end=\"2835\" \/><span class=\"relative -mx-px my-[-0.2rem] rounded px-px py-[0.2rem] transition-colors duration-100 ease-in-out\">Oui, sur la sc\u00e8ne <strong data-start=\"18\" data-end=\"36\">Rochelle Oc\u00e9an<\/strong> dans le Village Francoc\u00e9an. La plupart des soir\u00e9es collectives et animations entre les concerts sont accessibles sans ticket.<\/span><\/p><p data-start=\"2876\" data-end=\"3013\"><strong data-start=\"2876\" data-end=\"2930\">Qui peut participer au Chantier des francofolies\u202f?<\/strong><br data-start=\"2930\" data-end=\"2933\" \/><span class=\"relative -mx-px my-[-0.2rem] rounded px-px py-[0.2rem] transition-colors duration-100 ease-in-out\">La quinzaine d\u2019artistes s\u00e9lectionn\u00e9s chaque ann\u00e9e (depuis 1998) participent \u00e0 ce tremplin sc\u00e9nique et m\u00e9diatique<\/span>.<\/p><p data-start=\"3015\" data-end=\"3090\"><strong data-start=\"3015\" data-end=\"3048\">Peut-on se loger facilement\u202f?<\/strong><br data-start=\"3048\" data-end=\"3051\" \/><span class=\"relative -mx-px my-[-0.2rem] rounded px-px py-[0.2rem] transition-colors duration-100 ease-in-out\">Il est recommand\u00e9 de r\u00e9server \u00e0 l\u2019avance : h\u00f4tels, campings, et locations saisonni\u00e8res se remplissent vite en juillet.<\/span><\/p><p data-start=\"3092\" data-end=\"3220\"><strong data-start=\"3092\" data-end=\"3137\">Quels styles de musique sont programm\u00e9s\u202f?<\/strong><br data-start=\"3137\" data-end=\"3140\" \/><span class=\"relative -mx-px my-[-0.2rem] rounded px-px py-[0.2rem] transition-colors duration-100 ease-in-out\">Chanson, pop, rap, \u00e9lectro, rock, musiques du monde\u2026 Les <strong data-start=\"57\" data-end=\"73\">francofolies<\/strong> c\u00e9l\u00e8brent toute la diversit\u00e9 <strong data-start=\"103\" data-end=\"118\" data-is-last-node=\"\">francophone<\/strong><\/span> .<\/p><p data-start=\"3222\" data-end=\"3373\"><strong data-start=\"3222\" data-end=\"3290\">Le festival est-il accessible aux personnes \u00e0 mobilit\u00e9 r\u00e9duite\u202f?<\/strong><br data-start=\"3290\" data-end=\"3293\" \/><span class=\"relative -mx-px my-[-0.2rem] rounded px-px py-[0.2rem] transition-colors duration-100 ease-in-out\">Oui, les sc\u00e8nes principales sont \u00e9quip\u00e9es pour accueillir les PMR, notamment La Coursive et La Sir\u00e8ne<\/span>.<\/p><p data-start=\"3375\" data-end=\"3492\"><strong data-start=\"3375\" data-end=\"3410\">Des initiatives \u00e9cocitoyennes\u202f?<\/strong><br data-start=\"3410\" data-end=\"3413\" \/><span class=\"relative -mx-px my-[-0.2rem] rounded px-px py-[0.2rem] transition-colors duration-100 ease-in-out\">Oui, avec le Village Francoc\u00e9an et des partenariats comme Volvo pour la mobilit\u00e9 durable, tri des d\u00e9chets, etc.<\/span><\/p><h2 data-start=\"3499\" data-end=\"3514\">Conclusion<\/h2><p data-start=\"3516\" data-end=\"3555\"><span class=\"relative -mx-px my-[-0.2rem] rounded px-px py-[0.2rem] transition-colors duration-100 ease-in-out\">Les <strong data-start=\"4\" data-end=\"20\">francofolies<\/strong> de La Rochelle se distinguent comme un rendez-vous majeur de la sc\u00e8ne francophone, alliant histoire, r\u00e9invention et <strong data-start=\"137\" data-end=\"159\">diversit\u00e9 musicale<\/strong>. Entre promotion des jeunes talents, exp\u00e9riences culturelles, initiatives solidaires et programmation riche, ce festival reste un moment <strong data-start=\"297\" data-end=\"325\">unique et incontournable<\/strong>. Rejoignez la prochaine \u00e9dition pour vivre l\u2019essence de la <strong data-start=\"385\" data-end=\"408\">chanson francophone<\/strong>.<\/span><\/p><p data-start=\"3516\" data-end=\"3555\">Site internet officiel des Francofolies <a href=\"https:\/\/www.francofolies.fr\/\" target=\"_blank\" rel=\"noopener\">ici<\/a>.<\/p>\t\t\t\t\t\t\t\t<\/div>\n\t\t\t\t\t<\/div>\n\t\t\t\t<\/div>\n\t\t<aside class=\"elementor-element elementor-element-db71451 e-flex e-con-boxed e-con e-parent\" data-id=\"db71451\" data-element_type=\"container\" data-e-type=\"container\">\n\t\t\t\t\t<div class=\"e-con-inner\">\n\t\t\t\t<div class=\"elementor-element elementor-element-29f0e87 elementor-widget elementor-widget-listeo-posts-grid\" data-id=\"29f0e87\" data-element_type=\"widget\" data-e-type=\"widget\" data-widget_type=\"listeo-posts-grid.default\">\n\t\t\t\t<div class=\"elementor-widget-container\">\n\t\t\t\t\t\t\t\n\t\t<div class=\"listeo-post-grid-wrapper\">\n\t\t\t<div class=\"row\">\n\n\t\t\t\n\n\t\t\t\t\t\t\t<div class=\"col-md-4\">\n                <a href=\"https:\/\/cparici.com\/fr\/que-faire-a-la-rochelle-top-des-activites-incontournables\/\" class=\"blog-compact-item-container\">\n                    <div class=\"blog-compact-item\">\n                        <img decoding=\"async\" width=\"533\" height=\"800\" src=\"https:\/\/cparici.com\/wp-content\/uploads\/2020\/11\/tours-La-Rochelle-2.jpg\" class=\"attachment-listeo-blog-related-post size-listeo-blog-related-post wp-post-image\" alt=\"Que faire a la rochelle photo du vieux port\" srcset=\"https:\/\/cparici.com\/wp-content\/uploads\/2020\/11\/tours-La-Rochelle-2.jpg 533w, https:\/\/cparici.com\/wp-content\/uploads\/2020\/11\/tours-La-Rochelle-2-768x1152.jpg 768w, https:\/\/cparici.com\/wp-content\/uploads\/2020\/11\/tours-La-Rochelle-2-600x900.jpg 600w\" sizes=\"(max-width: 533px) 100vw, 533px\" \/><span class=\"blog-item-tag\">Charente maritime<\/span>                        \n                        <div class=\"blog-compact-item-content\">\n                                                        <h3>Que faire a La Rochelle ? Top des activit\u00e9s<\/h3>\n                                                        <p>Que faire \u00e0 La Rochelle ? Ne manquez pas les immanquables de cette cit\u00e9 mill\u00e9naire...                            <\/p>\n                                                    <\/div>\n                    <\/div>\n                <\/a>\n            <\/div>\n\t\t\t<div class=\"col-md-4\">\n                <a href=\"https:\/\/cparici.com\/fr\/spa-la-rochelle-les-meilleurs-etablissements-detente\/\" class=\"blog-compact-item-container\">\n                    <div class=\"blog-compact-item\">\n                        <img decoding=\"async\" width=\"577\" height=\"212\" src=\"https:\/\/cparici.com\/wp-content\/uploads\/2024\/05\/spa-la-rochelle.jpg\" class=\"attachment-listeo-blog-related-post size-listeo-blog-related-post wp-post-image\" alt=\"spa la rochelle\" srcset=\"https:\/\/cparici.com\/wp-content\/uploads\/2024\/05\/spa-la-rochelle.jpg 1500w, https:\/\/cparici.com\/wp-content\/uploads\/2024\/05\/spa-la-rochelle-600x221.jpg 600w, https:\/\/cparici.com\/wp-content\/uploads\/2024\/05\/spa-la-rochelle-300x110.jpg 300w, https:\/\/cparici.com\/wp-content\/uploads\/2024\/05\/spa-la-rochelle-1024x377.jpg 1024w, https:\/\/cparici.com\/wp-content\/uploads\/2024\/05\/spa-la-rochelle-768x283.jpg 768w\" sizes=\"(max-width: 577px) 100vw, 577px\" \/><span class=\"blog-item-tag\">Charente maritime<\/span>                        \n                        <div class=\"blog-compact-item-content\">\n                                                        <h3>Spa La Rochelle \u2013 les meilleurs \u00e9tablissements d\u00e9tente<\/h3>\n                                                        <p>D\u00e9tendez-vous dans les meilleurs spas de La Rochelle. Nous vous avons pr\u00e9par\u00e9 un article avec...                            <\/p>\n                                                    <\/div>\n                    <\/div>\n                <\/a>\n            <\/div>\n\t\t\t<div class=\"col-md-4\">\n                <a href=\"https:\/\/cparici.com\/fr\/aquarium-de-la-rochelle\/\" class=\"blog-compact-item-container\">\n                    <div class=\"blog-compact-item\">\n                        <img decoding=\"async\" width=\"577\" height=\"191\" src=\"https:\/\/cparici.com\/wp-content\/uploads\/2020\/11\/aquarium-la-rochelle-2.jpg\" class=\"attachment-listeo-blog-related-post size-listeo-blog-related-post wp-post-image\" alt=\"Aquarium de La Rochelle\" srcset=\"https:\/\/cparici.com\/wp-content\/uploads\/2020\/11\/aquarium-la-rochelle-2.jpg 1520w, https:\/\/cparici.com\/wp-content\/uploads\/2020\/11\/aquarium-la-rochelle-2-600x198.jpg 600w, https:\/\/cparici.com\/wp-content\/uploads\/2020\/11\/aquarium-la-rochelle-2-768x254.jpg 768w\" sizes=\"(max-width: 577px) 100vw, 577px\" \/><span class=\"blog-item-tag\">Charente maritime<\/span>                        \n                        <div class=\"blog-compact-item-content\">\n                                                        <h3>Aquarium de La Rochelle<\/h3>\n                                                        <p>Aquarium de La Rochelle, plus de 12000 animaux marins, et une serre tropicale...                            <\/p>\n                                                    <\/div>\n                    <\/div>\n                <\/a>\n            <\/div>\n  <\/div>\n        <\/div>\n        \t\t\t\t<\/div>\n\t\t\t\t<\/div>\n\t\t\t\t\t<\/div>\n\t\t\t\t<\/aside>\n\t\t\t\t<\/div>\n\t\t","protected":false},"excerpt":{"rendered":"<p>Recherches populaires Categories Pas de r\u00e9sultats Voir tous les r\u00e9sultats Les Francofolies \u2013 le festival de la francophonie Les Francofolies incarnent bien plus qu\u2019un simple festival\u202f: c\u2019est une c\u00e9l\u00e9bration vibrante de la musique francophone. Chaque \u00e9t\u00e9, en juillet, La Rochelle se transforme en une grande sc\u00e8ne \u00e0 ciel ouvert o\u00f9 artistes renomm\u00e9s et talents \u00e9mergents [&hellip;]<\/p>\n","protected":false},"author":97,"featured_media":67617,"comment_status":"closed","ping_status":"closed","sticky":false,"template":"elementor_header_footer","format":"standard","meta":{"ngg_post_thumbnail":0,"footnotes":""},"categories":[492,461,2680,477,300,483,480],"tags":[],"class_list":["post-67612","post","type-post","status-publish","format-standard","has-post-thumbnail","hentry","category-la-rochelle","category-charente-maritime","category-festival","category-france","category-loisirs","category-nouvelle-aquitaine","category-poitou-charentes"],"_links":{"self":[{"href":"https:\/\/cparici.com\/fr\/wp-json\/wp\/v2\/posts\/67612","targetHints":{"allow":["GET"]}}],"collection":[{"href":"https:\/\/cparici.com\/fr\/wp-json\/wp\/v2\/posts"}],"about":[{"href":"https:\/\/cparici.com\/fr\/wp-json\/wp\/v2\/types\/post"}],"author":[{"embeddable":true,"href":"https:\/\/cparici.com\/fr\/wp-json\/wp\/v2\/users\/97"}],"replies":[{"embeddable":true,"href":"https:\/\/cparici.com\/fr\/wp-json\/wp\/v2\/comments?post=67612"}],"version-history":[{"count":2,"href":"https:\/\/cparici.com\/fr\/wp-json\/wp\/v2\/posts\/67612\/revisions"}],"predecessor-version":[{"id":82660,"href":"https:\/\/cparici.com\/fr\/wp-json\/wp\/v2\/posts\/67612\/revisions\/82660"}],"wp:featuredmedia":[{"embeddable":true,"href":"https:\/\/cparici.com\/fr\/wp-json\/wp\/v2\/media\/67617"}],"wp:attachment":[{"href":"https:\/\/cparici.com\/fr\/wp-json\/wp\/v2\/media?parent=67612"}],"wp:term":[{"taxonomy":"category","embeddable":true,"href":"https:\/\/cparici.com\/fr\/wp-json\/wp\/v2\/categories?post=67612"},{"taxonomy":"post_tag","embeddable":true,"href":"https:\/\/cparici.com\/fr\/wp-json\/wp\/v2\/tags?post=67612"}],"curies":[{"name":"wp","href":"https:\/\/api.w.org\/{rel}","templated":true}]}}