{"id":67964,"date":"2025-07-21T07:22:04","date_gmt":"2025-07-21T05:22:04","guid":{"rendered":"https:\/\/cparici.com\/?p=67964"},"modified":"2026-03-31T18:34:00","modified_gmt":"2026-03-31T16:34:00","slug":"nimes","status":"publish","type":"post","link":"https:\/\/cparici.com\/fr\/nimes\/","title":{"rendered":"Nimes"},"content":{"rendered":"\t\t<div data-elementor-type=\"wp-post\" data-elementor-id=\"67964\" class=\"elementor elementor-67964\" data-elementor-post-type=\"post\">\n\t\t\t\t<div class=\"elementor-element elementor-element-72b56c0 e-con-full e-flex e-con e-parent\" data-id=\"72b56c0\" data-element_type=\"container\" data-e-type=\"container\">\n\t\t\t\t<div class=\"elementor-element elementor-element-f9054c9 elementor-widget elementor-widget-image\" data-id=\"f9054c9\" data-element_type=\"widget\" data-e-type=\"widget\" data-widget_type=\"image.default\">\n\t\t\t\t\t\t\t\t\t\t\t\t\t\t\t<img decoding=\"async\" width=\"1500\" height=\"530\" src=\"https:\/\/cparici.com\/wp-content\/uploads\/2025\/07\/cparici-2025-07-18T075628.873.jpg\" class=\"attachment-full size-full wp-image-67965\" alt=\"Nimes\" srcset=\"https:\/\/cparici.com\/wp-content\/uploads\/2025\/07\/cparici-2025-07-18T075628.873.jpg 1500w, https:\/\/cparici.com\/wp-content\/uploads\/2025\/07\/cparici-2025-07-18T075628.873-300x106.jpg 300w, https:\/\/cparici.com\/wp-content\/uploads\/2025\/07\/cparici-2025-07-18T075628.873-1024x362.jpg 1024w, https:\/\/cparici.com\/wp-content\/uploads\/2025\/07\/cparici-2025-07-18T075628.873-768x271.jpg 768w, https:\/\/cparici.com\/wp-content\/uploads\/2025\/07\/cparici-2025-07-18T075628.873-18x6.jpg 18w, https:\/\/cparici.com\/wp-content\/uploads\/2025\/07\/cparici-2025-07-18T075628.873-590x208.jpg 590w, https:\/\/cparici.com\/wp-content\/uploads\/2025\/07\/cparici-2025-07-18T075628.873-1200x424.jpg 1200w, https:\/\/cparici.com\/wp-content\/uploads\/2025\/07\/cparici-2025-07-18T075628.873-577x204.jpg 577w, https:\/\/cparici.com\/wp-content\/uploads\/2025\/07\/cparici-2025-07-18T075628.873-600x212.jpg 600w\" sizes=\"(max-width: 1500px) 100vw, 1500px\" \/>\t\t\t\t\t\t\t\t\t\t\t\t\t\t\t<\/div>\n\t\t\t\t<\/div>\n\t\t<aside class=\"elementor-element elementor-element-7f8ec1d e-flex e-con-boxed e-con e-parent\" data-id=\"7f8ec1d\" data-element_type=\"container\" data-e-type=\"container\">\n\t\t\t\t\t<div class=\"e-con-inner\">\n\t\t\t\t<div class=\"elementor-element elementor-element-bee4688 elementor-widget elementor-widget-global elementor-global-62046 elementor-widget-eael-advanced-search\" data-id=\"bee4688\" data-element_type=\"widget\" data-e-type=\"widget\" data-widget_type=\"eael-advanced-search.default\">\n\t\t\t\t\t        <div class=\"eael-adv-search-wrapper\">\n            <div id=\"eael-advanced-search-widget-bee4688\" class=\"eael-advanced-search-widget\">\n                <form data-settings=\"{&quot;post_per_page&quot;:5,&quot;search_among_taxonomies&quot;:&quot;&quot;,&quot;search_among_sku&quot;:&quot;no&quot;,&quot;show_popular_keyword&quot;:0,&quot;show_category&quot;:0,&quot;show_content_image&quot;:1,&quot;show_search_result_all_results&quot;:0,&quot;result_on_new_tab&quot;:&quot;no&quot;,&quot;show_product_price&quot;:&quot;no&quot;,&quot;include_current_page&quot;:&quot;no&quot;,&quot;current_post_id&quot;:67964,&quot;post_type&quot;:[&quot;post&quot;,&quot;listing&quot;]}\" method=\"POST\" name=\"eael-advanced-search-form-bee4688\" class=\"eael-advanced-search-form eael-advanced-search-form-style-2\">\n                    <div class=\"eael-advanced-search-wrap\">\n                        <span class=\"eael-adv-search-loader\"><\/span>\n                        <span class=\"eael-adv-search-close\"><i class=\"fas fa-times\"><\/i><\/span>\n                        <span class=\"icon \"><i class=\"fas fa-search\"><\/i><\/span>\n\n                        <input type=\"text\"\n                               placeholder=\"Votre destination\"\n                               class=\"eael-advanced-search\" autocomplete=\"off\" name=\"eael_advanced_search\">\n                    <\/div>\n\t\t\t\t\t                                    <\/form>\n\n\t\t\t\t\n\t\t\t\t        <div class=\"eael-advanced-search-result\">\n            <div class=\"eael-advanced-search-popular-keyword\">\n\t\t\t\t<h4 class=\"eael-advanced-search-popular-keyword-text\">Recherches populaires<\/h4>                <div class=\"eael-popular-keyword-content\"><\/div>\n            <\/div>\n            <div class=\"eael-advanced-search-category\">\n\t\t\t\t<h4 class=\"eael-advanced-search-category-text\">Categories<\/h4>                <div class=\"eael-popular-category-content\"><\/div>\n            <\/div>\n\t\t\t<div class=\"eael-advanced-search-total-results-section\">\n\t\t\t\t\t\t\t<\/div>\n            <div class=\"eael-advanced-search-content eael-item-style-3\">\n            <\/div>\n            <div class=\"eael-advanced-search-not-found\">\n                <p>Pas de r\u00e9sultats<\/p><\/div>\n            <div class=\"eael-advanced-search-load-more\">\n\t\t\t\t<a \tclass=\"eael-advanced-search-load-more-button\"\n                \thref=\"#\">Voir tous les r\u00e9sultats<\/a>\n            <\/div>\n        <\/div>\n\n\t\t            <\/div>\n        <\/div>\n\n\t\t\t\t\t\t<\/div>\n\t\t\t\t\t<\/div>\n\t\t\t\t<\/aside>\n\t\t<div class=\"elementor-element elementor-element-a0b7811 e-flex e-con-boxed e-con e-parent\" data-id=\"a0b7811\" data-element_type=\"container\" data-e-type=\"container\">\n\t\t\t\t\t<div class=\"e-con-inner\">\n\t\t\t\t<div class=\"elementor-element elementor-element-1aaab6da elementor-widget elementor-widget-text-editor\" data-id=\"1aaab6da\" data-element_type=\"widget\" data-e-type=\"widget\" data-widget_type=\"text-editor.default\">\n\t\t\t\t\t\t\t\t\t<h1 style=\"text-align: center;\" data-start=\"129\" data-end=\"174\">N\u00eemes, la perle romaine du Sud de la France<\/h1><p data-start=\"176\" data-end=\"232\"><br data-start=\"192\" data-end=\"195\" \/><span class=\"relative -mx-px my-[-0.2rem] rounded px-px py-[0.2rem] transition-colors duration-100 ease-in-out\">Bienvenue dans <strong data-start=\"15\" data-end=\"24\">N\u00eemes<\/strong>, la cit\u00e9 romaine embl\u00e9matique du Sud de la France, situ\u00e9e dans <a href=\"https:\/\/cparici.com\/gard-departement\/\">le Gard<\/a>, en <a href=\"https:\/\/cparici.com\/occitanie\/\">Occitanie<\/a>.\u00a0Bord\u00e9e par la M\u00e9diterran\u00e9e et les C\u00e9vennes, N\u00eemes vous invite \u00e0 un voyage entre antiquit\u00e9 et art de vivre m\u00e9diterran\u00e9en. D\u00e9couvrez aussi notre guide pour visiter <strong data-start=\"238\" data-end=\"249\">du pays<\/strong>.<\/span><\/p><h2 data-start=\"239\" data-end=\"264\">Pourquoi visiter N\u00eemes<\/h2><p data-start=\"266\" data-end=\"380\"><span class=\"relative -mx-px my-[-0.2rem] rounded px-px py-[0.2rem] transition-colors duration-100 ease-in-out\">N\u00eemes s\u00e9duit avant tout par son <strong data-start=\"32\" data-end=\"54\">patrimoine antique<\/strong> exceptionnel : les Ar\u00e8nes, la Maison Carr\u00e9e, la Tour Magne\u2026 Ces monuments t\u00e9moignent d\u2019une histoire riche, o\u00f9 N\u00eemes fut la plus romaine des villes fran\u00e7aises. \u00c0 cela s\u2019ajoute une ambiance m\u00e9ridionale conviviale, avec march\u00e9s color\u00e9s, gastronomie locale et ensoleillement g\u00e9n\u00e9reux (2\u202f662\u202fh\/an)<\/span>. <span class=\"relative -mx-px my-[-0.2rem] rounded px-px py-[0.2rem] transition-colors duration-100 ease-in-out\">Accessible en TGV depuis Lyon ou Paris, visiter N\u00eemes s\u2019av\u00e8re un choix malin pour un week\u2011end riche en culture.<\/span><\/p><h2 data-start=\"387\" data-end=\"419\">Les monuments incontournables<\/h2><article class=\"text-token-text-primary w-full\" dir=\"auto\" data-testid=\"conversation-turn-12\" data-scroll-anchor=\"true\"><div class=\"text-base my-auto mx-auto pb-10 [--thread-content-margin:--spacing(4)] @[37rem]:[--thread-content-margin:--spacing(6)] @[72rem]:[--thread-content-margin:--spacing(16)] px-(--thread-content-margin)\"><div class=\"[--thread-content-max-width:32rem] @[34rem]:[--thread-content-max-width:40rem] @[64rem]:[--thread-content-max-width:48rem] mx-auto flex max-w-(--thread-content-max-width) flex-1 text-base gap-4 md:gap-5 lg:gap-6 group\/turn-messages focus-visible:outline-hidden\" tabindex=\"-1\"><div class=\"group\/conversation-turn relative flex w-full min-w-0 flex-col agent-turn\"><div class=\"relative flex-col gap-1 md:gap-3\"><div class=\"flex max-w-full flex-col grow\"><div class=\"min-h-8 text-message relative flex w-full flex-col items-end gap-2 text-start break-words whitespace-normal [.text-message+&amp;]:mt-5\" dir=\"auto\" data-message-author-role=\"assistant\" data-message-id=\"eb78d5a7-60c3-4ce2-804d-d13a5a1bc0dd\" data-message-model-slug=\"gpt-4o\"><div class=\"flex w-full flex-col gap-1 empty:hidden first:pt-[3px]\"><div class=\"markdown prose dark:prose-invert w-full break-words light\"><h3 data-start=\"44\" data-end=\"62\">Ar\u00e8nes de N\u00eemes<\/h3><p data-start=\"64\" data-end=\"291\"><span class=\"relative -mx-px my-[-0.2rem] rounded px-px py-[0.2rem] transition-colors duration-100 ease-in-out\">Les <strong data-start=\"4\" data-end=\"23\">Ar\u00e8nes de N\u00eemes<\/strong> sont un chef-d\u2019\u0153uvre de l\u2019architecture romaine, \u00e9rig\u00e9es entre 70 et 100 apr\u00e8s J.-C. sous l\u2019empereur Domitien<\/span>. <span class=\"relative -mx-px my-[-0.2rem] rounded px-px py-[0.2rem] transition-colors duration-100 ease-in-out\">Ce majestueux amphith\u00e9\u00e2tre mesure <strong data-start=\"34\" data-end=\"70\">133\u202fm de long sur 101\u202fm de large<\/strong>, avec une ar\u00e8ne centrale de 69\u202f\u00d7\u202f38\u202fm, et culmine \u00e0 21\u202fm de hauteur avec 120 arcades r\u00e9parties sur deux niveaux<\/span>. <span class=\"relative -mx-px my-[-0.2rem] rounded px-px py-[0.2rem] transition-colors duration-100 ease-in-out\">Con\u00e7u pour accueillir pr\u00e8s de <strong data-start=\"30\" data-end=\"52\">24\u202f000 spectateurs<\/strong> \u00e0 l&#8217;\u00e9poque, sa capacit\u00e9 actuelle est d\u2019environ 13\u202f800 pour des \u00e9v\u00e9nements modernes<\/span>.<\/p><p data-start=\"293\" data-end=\"446\"><span class=\"relative -mx-px my-[-0.2rem] rounded px-px py-[0.2rem] transition-colors duration-100 ease-in-out\">L\u2019amphith\u00e9\u00e2tre se distingue par son ing\u00e9nieux syst\u00e8me de circulation : galeries vo\u00fbt\u00e9es, escaliers radiaux et vomitoires, permettant l\u2019\u00e9vacuation rapide de la foule<\/span>. <span class=\"relative -mx-px my-[-0.2rem] rounded px-px py-[0.2rem] transition-colors duration-100 ease-in-out\">La fa\u00e7ade principale \u00e9tait orn\u00e9e de frontons sculpt\u00e9s et de motifs de taureaux, symbolisant les jeux antiques. Des sculptures antiques de gladiateurs et la louve romaine subsistent encore aujourd\u2019hui<\/span>.<\/p><p data-start=\"448\" data-end=\"607\"><span class=\"relative -mx-px my-[-0.2rem] rounded px-px py-[0.2rem] transition-colors duration-100 ease-in-out\">Transform\u00e9es en forteresse au Moyen \u00c2ge, les Ar\u00e8nes furent class\u00e9es monument historique en 1840 et restaur\u00e9es au XIX\u1d49 si\u00e8cle<\/span>. <span class=\"relative -mx-px my-[-0.2rem] rounded px-px py-[0.2rem] transition-colors duration-100 ease-in-out\">Elles sont aujourd\u2019hui un lieu vivant : concerts, corridas, reconstitutions des Grands Jeux Romains y sont organis\u00e9s r\u00e9guli\u00e8rement, perp\u00e9tuant une tradition de spectacle vieux de plus de deux mill\u00e9naires<\/span>.<\/p><h3 data-start=\"614\" data-end=\"630\">Maison Carr\u00e9e<\/h3><figure id=\"attachment_67967\" aria-describedby=\"caption-attachment-67967\" style=\"width: 1500px\" class=\"wp-caption aligncenter\"><a href=\"https:\/\/cparici.com\/wp-content\/uploads\/2025\/07\/cparici-2025-07-18T075829.175.jpg\"><img decoding=\"async\" class=\"wp-image-67967 size-full\" src=\"https:\/\/cparici.com\/wp-content\/uploads\/2025\/07\/cparici-2025-07-18T075829.175.jpg\" alt=\"Nimes maison carr\u00e9e\" width=\"1500\" height=\"530\" srcset=\"https:\/\/cparici.com\/wp-content\/uploads\/2025\/07\/cparici-2025-07-18T075829.175.jpg 1500w, https:\/\/cparici.com\/wp-content\/uploads\/2025\/07\/cparici-2025-07-18T075829.175-300x106.jpg 300w, https:\/\/cparici.com\/wp-content\/uploads\/2025\/07\/cparici-2025-07-18T075829.175-1024x362.jpg 1024w, https:\/\/cparici.com\/wp-content\/uploads\/2025\/07\/cparici-2025-07-18T075829.175-768x271.jpg 768w, https:\/\/cparici.com\/wp-content\/uploads\/2025\/07\/cparici-2025-07-18T075829.175-18x6.jpg 18w, https:\/\/cparici.com\/wp-content\/uploads\/2025\/07\/cparici-2025-07-18T075829.175-590x208.jpg 590w, https:\/\/cparici.com\/wp-content\/uploads\/2025\/07\/cparici-2025-07-18T075829.175-1200x424.jpg 1200w, https:\/\/cparici.com\/wp-content\/uploads\/2025\/07\/cparici-2025-07-18T075829.175-577x204.jpg 577w, https:\/\/cparici.com\/wp-content\/uploads\/2025\/07\/cparici-2025-07-18T075829.175-600x212.jpg 600w\" sizes=\"(max-width: 1500px) 100vw, 1500px\" \/><\/a><figcaption id=\"caption-attachment-67967\" class=\"wp-caption-text\">Nimes maison carr\u00e9e<\/figcaption><\/figure><p data-start=\"632\" data-end=\"871\"><span class=\"relative -mx-px my-[-0.2rem] rounded px-px py-[0.2rem] transition-colors duration-100 ease-in-out\">La <strong data-start=\"3\" data-end=\"20\">Maison Carr\u00e9e<\/strong>, temple romain du d\u00e9but du Ier si\u00e8cle av. J.-C., est c\u00e9l\u00e8bre pour \u00eatre le temple antique le mieux conserv\u00e9 au monde<\/span>. <span class=\"relative -mx-px my-[-0.2rem] rounded px-px py-[0.2rem] transition-colors duration-100 ease-in-out\">Construit entre 10 av. J.-C. et 4 ap. J.-C., ce caesareum \u00e9tait d\u00e9di\u00e9 \u00e0 Lucius et Caius Caesar, petits-fils adoptifs d\u2019Auguste<\/span>. <span class=\"relative -mx-px my-[-0.2rem] rounded px-px py-[0.2rem] transition-colors duration-100 ease-in-out\">Il repose sur un podium de 2,65\u202fm, pouvant \u00eatre atteint par quinze marches, \u00e9vocatrices d\u2019un protocole strict dans la religion romaine<\/span>.<\/p><p data-start=\"873\" data-end=\"1112\"><span class=\"relative -mx-px my-[-0.2rem] rounded px-px py-[0.2rem] transition-colors duration-100 ease-in-out\">Son plan est hexastyle corinthien pseudo-p\u00e9ript\u00e8re : longueur de 26,4\u202fm, largeur de 13,5\u202fm, et trente colonnes de 9\u202fm de haut, dont six en fa\u00e7ade<\/span>. <span class=\"relative -mx-px my-[-0.2rem] rounded px-px py-[0.2rem] transition-colors duration-100 ease-in-out\">Le d\u00e9cor est riche en frises d\u2019acanthe, inspir\u00e9es de l\u2019Ara Pacis, ainsi qu\u2019en denticules et dentelures raffin\u00e9es<\/span>. <span class=\"relative -mx-px my-[-0.2rem] rounded px-px py-[0.2rem] transition-colors duration-100 ease-in-out\">Son nom \u00ab\u202fcarr\u00e9e\u202f\u00bb vient du fran\u00e7ais du XVI\u1d49 si\u00e8cle, d\u00e9signant toute forme \u00e0 quatre angles droits<\/span>.<\/p><p data-start=\"1114\" data-end=\"1374\"><span class=\"relative -mx-px my-[-0.2rem] rounded px-px py-[0.2rem] transition-colors duration-100 ease-in-out\">Apr\u00e8s avoir servi de maison consulaire, d\u2019\u00e9glise et m\u00eame d\u2019\u00e9curie au Moyen \u00c2ge, elle a travers\u00e9 les si\u00e8cles presque intacte<\/span>. <span class=\"relative -mx-px my-[-0.2rem] rounded px-px py-[0.2rem] transition-colors duration-100 ease-in-out\">Restaur\u00e9e au XIX\u1d49 si\u00e8cle, prot\u00e9g\u00e9e par Norman Foster par le Carr\u00e9 d\u2019Art, elle a \u00e9t\u00e9 inscrite au patrimoine mondial de l\u2019UNESCO en septembre 2023<\/span>. Tel un manifeste architectural de la Pax Romana, elle incarne le rayonnement de Rome jusqu\u2019en Gaule.<\/p><h3 data-start=\"1381\" data-end=\"1419\">Tour Magne &amp; Jardins de la Fontaine<\/h3><p data-start=\"1421\" data-end=\"1856\">Dominant la ville du haut de la colline, la <strong data-start=\"1465\" data-end=\"1479\">Tour Magne<\/strong> est l\u2019un des derniers vestiges de l\u2019enceinte romaine qui entourait N\u00eemes. Elle offre une vue panoramique exceptionnelle sur la cit\u00e9, la Camargue et les C\u00e9vennes. Erig\u00e9e d\u00e8s le Ier si\u00e8cle avant J.-C., elle s\u2019int\u00e9grait au syst\u00e8me d\u00e9fensif de <strong data-start=\"1720\" data-end=\"1732\">Nemausus<\/strong>, nom antique de N\u00eemes. Elle constitue un symbole embl\u00e9matique de la p\u00e9rennit\u00e9 urbaine et de la puissance militaire romaine.<\/p><p data-start=\"1858\" data-end=\"2243\">Au pied de la Tour s\u2019\u00e9tendent les <strong data-start=\"1892\" data-end=\"1918\">Jardins de la Fontaine<\/strong>, le plus ancien jardin public d\u2019Europe, cr\u00e9\u00e9 au XVIII\u1d49 si\u00e8cle autour de sources sacr\u00e9es d\u00e9di\u00e9es \u00e0 Diane. Lieu de promenade, ce site m\u00eale harmonieusement nature et vestiges antiques : nymph\u00e9e, vestiges de sanctuaires et \u00e9l\u00e9ments architecturaux. La source d\u2019eau, c\u0153ur du jardin, conf\u00e8re une dimension spirituelle \u00e0 l\u2019ensemble.<\/p><p data-start=\"2245\" data-end=\"2729\">Ces jardins sont con\u00e7us selon une perspective classique, avec terrasses, statues, bassins et cascades d\u00e9licatement int\u00e9gr\u00e9s \u00e0 l\u2019histoire locale. Ils alignent nature et patrimoine, offrant un cadre de fl\u00e2nerie apaisant tout en rendant palpable l\u2019h\u00e9ritage de Rome. L\u2019association Tour Magne et Jardins de la Fontaine forme une escapade culturelle, bucolique et panoramique dans le c\u0153ur de N\u00eemes, id\u00e9ale pour conclure une visite patrimoniale ou simplement profiter d\u2019un moment de d\u00e9tente.<\/p><h3 data-start=\"2736\" data-end=\"2754\">Temple de Diane<\/h3><p data-start=\"2756\" data-end=\"3169\">Le myst\u00e9rieux <strong data-start=\"2770\" data-end=\"2789\">Temple de Diane<\/strong> est une petite ruine \u00e9nigmatique nich\u00e9e dans les Jardins de la Fontaine. Bien que son appellation soit trompeuse \u2014 il ne fut probablement pas d\u00e9di\u00e9 \u00e0 la d\u00e9esse Diane \u2014, ce temple servait plut\u00f4t de Nymph\u00e9e ou lieu sacr\u00e9 li\u00e9 \u00e0 la source Eau-de-Vie. Datant de l&#8217;\u00e9poque romaine, il \u00e9voque une architecture de culte portatif autour d\u2019un bassin, propice aux rites d\u2019eau et d\u2019abondance.<\/p><p data-start=\"3171\" data-end=\"3535\">Entour\u00e9 de colonnes \u00e9l\u00e9gantes et de vestiges sculpt\u00e9s, il tr\u00f4ne dans un \u00e9crin verdoyant, comme suspendu entre la nature et l\u2019Antiquit\u00e9. De forme rectangulaire, ce b\u00e2timent comprend une petite cella, un pronaos et un bassin central, \u00e9voquant un espace de recueillement li\u00e9 \u00e0 l\u2019eau. Son emplacement au c\u0153ur du grand sanctuaire des Fontaines renforce son aura sacr\u00e9e.<\/p><p data-start=\"3537\" data-end=\"3888\">Aujourd\u2019hui, le Temple de Diane invite \u00e0 la contemplation. Son \u00e9tat partiellement ruin\u00e9 contribue \u00e0 une atmosph\u00e8re romantique et m\u00e9ditative, contrastant avec la grandeur formelle des Ar\u00e8nes ou de la Maison Carr\u00e9e. Il est un t\u00e9moignage pr\u00e9cieux de la dimension spirituelle de la Rome antique, toujours pr\u00e9sente dans les recoins intimistes de <strong data-start=\"3878\" data-end=\"3887\">N\u00eemes<\/strong>.<\/p><\/div><\/div><\/div><\/div><\/div><\/div><\/div><\/div><\/article><h2 data-start=\"891\" data-end=\"910\">Mus\u00e9es &amp; culture<\/h2><h3 data-start=\"182\" data-end=\"205\">Mus\u00e9e de la Romanit\u00e9<\/h3><p data-start=\"207\" data-end=\"635\">Inaugur\u00e9 en juin 2018, le <strong data-start=\"233\" data-end=\"257\">Mus\u00e9e de la Romanit\u00e9<\/strong> est un v\u00e9ritable bijou architectural et culturel. Situ\u00e9 face aux Ar\u00e8nes, il \u00e9tonne par son design contemporain sign\u00e9 Elizabeth de Portzamparc : une fa\u00e7ade de 3\u202f500 m\u00b2 \u00e9voquant une toge romaine ondulante, compos\u00e9e de <strong data-start=\"474\" data-end=\"514\">6\u202f000 plaques de verre s\u00e9rigraphi\u00e9es<\/strong>. Ce b\u00e2timent dialogue subtilement avec les pierres antiques environnantes, symbolisant le lien entre pass\u00e9 et pr\u00e9sent.<\/p><p data-start=\"637\" data-end=\"1030\">\u00c0 l\u2019int\u00e9rieur, le mus\u00e9e offre un parcours immersif retra\u00e7ant <strong data-start=\"698\" data-end=\"723\">25 si\u00e8cles d\u2019histoire<\/strong>, des origines celtiques de N\u00eemes jusqu\u2019au Moyen \u00c2ge. Ses <strong data-start=\"781\" data-end=\"812\">5\u202f000 pi\u00e8ces arch\u00e9ologiques<\/strong> \u2013 mosa\u00efques, sculptures, c\u00e9ramiques \u2013 permettent de comprendre la romanisation de la Gaule. Parmi les tr\u00e9sors expos\u00e9s figurent la mosa\u00efque de Penth\u00e9e (120\u202fm\u00b2), des bustes imp\u00e9riaux et des objets du quotidien romain.<\/p><p data-start=\"1032\" data-end=\"1438\">L\u2019exp\u00e9rience est enrichie par des dispositifs num\u00e9riques interactifs, des maquettes 3D et une salle de projection immersive qui plonge le visiteur dans la N\u00eemes antique. Un jardin arch\u00e9obotanique et un rooftop panoramique compl\u00e8tent la visite, offrant une vue imprenable sur les Ar\u00e8nes et la ville. Le mus\u00e9e propose \u00e9galement des expositions temporaires et des activit\u00e9s p\u00e9dagogiques pour tous les publics.<\/p><h3 data-start=\"1445\" data-end=\"1486\">Carr\u00e9 d\u2019Art \u2013 Mus\u00e9e d\u2019art contemporain<\/h3><p data-start=\"1488\" data-end=\"1828\">Le <strong data-start=\"1491\" data-end=\"1506\">Carr\u00e9 d\u2019Art<\/strong> est un autre fleuron culturel de N\u00eemes. Con\u00e7u par l\u2019architecte britannique Norman Foster en 1993, il se situe juste en face de la Maison Carr\u00e9e, cr\u00e9ant un fascinant dialogue entre l\u2019architecture antique et la modernit\u00e9. Sa fa\u00e7ade en verre et acier refl\u00e8te subtilement les colonnes corinthiennes du temple romain voisin.<\/p><p data-start=\"1830\" data-end=\"2237\">Le b\u00e2timent abrite \u00e0 la fois une biblioth\u00e8que multim\u00e9dia et le <strong data-start=\"1893\" data-end=\"1930\">Mus\u00e9e d\u2019art contemporain de N\u00eemes<\/strong>. Ce dernier expose une collection permanente riche de plus de <strong data-start=\"1993\" data-end=\"2007\">600 \u0153uvres<\/strong> de la seconde moiti\u00e9 du XXe si\u00e8cle et du XXIe si\u00e8cle. On y retrouve des artistes majeurs comme Andy Warhol, Gerhard Richter, Niki de Saint Phalle, mais aussi des cr\u00e9ateurs de la sc\u00e8ne contemporaine fran\u00e7aise et m\u00e9diterran\u00e9enne.<\/p><p data-start=\"2239\" data-end=\"2634\">En plus de la collection permanente, le Carr\u00e9 d\u2019Art organise des expositions temporaires de renomm\u00e9e internationale, des conf\u00e9rences, des projections et des ateliers artistiques. Le lieu est un v\u00e9ritable carrefour culturel pour les amateurs d\u2019art moderne et contemporain. L\u2019ambiance \u00e9pur\u00e9e et lumineuse du mus\u00e9e incite \u00e0 la d\u00e9couverte et \u00e0 la r\u00e9flexion autour de la cr\u00e9ation artistique actuelle.<\/p><h3 data-start=\"2641\" data-end=\"2664\">Mus\u00e9e du Vieux N\u00eemes<\/h3><p data-start=\"2666\" data-end=\"2968\">Situ\u00e9 dans l\u2019ancien Palais \u00e9piscopal du XVIIe si\u00e8cle, en plein c\u0153ur du centre historique, le <strong data-start=\"2759\" data-end=\"2783\">Mus\u00e9e du Vieux N\u00eemes<\/strong> raconte l\u2019histoire quotidienne de la ville depuis la fin du Moyen \u00c2ge jusqu\u2019au XIXe si\u00e8cle. C\u2019est un lieu id\u00e9al pour comprendre l\u2019\u00e9volution de la cit\u00e9 au-del\u00e0 de son h\u00e9ritage romain.<\/p><p data-start=\"2970\" data-end=\"3420\">Le mus\u00e9e pr\u00e9sente des collections vari\u00e9es : costumes traditionnels, objets domestiques, outils artisanaux et mobiliers typiques de la r\u00e9gion. Une pi\u00e8ce ma\u00eetresse attire particuli\u00e8rement l\u2019attention : une salle consacr\u00e9e \u00e0 la <strong data-start=\"3195\" data-end=\"3213\">toile de N\u00eemes<\/strong>, anc\u00eatre du denim, qui a donn\u00e9 naissance au c\u00e9l\u00e8bre tissu des jeans. Vous y d\u00e9couvrirez l\u2019origine de ce textile mondialement connu, export\u00e9 vers les \u00c9tats-Unis o\u00f9 il fut popularis\u00e9 sous le nom de \u201cdenim\u201d.<\/p><p data-start=\"3422\" data-end=\"3756\">Outre la mode, le mus\u00e9e aborde des th\u00e8mes comme les traditions locales, la bourgeoisie n\u00eemoise du XIXe si\u00e8cle, et les grands \u00e9v\u00e9nements qui ont fa\u00e7onn\u00e9 la ville. Son cadre baroque, ses escaliers majestueux et ses cours int\u00e9rieures en font une halte charmante et instructive, parfaite pour plonger dans le pass\u00e9 intimiste de <strong data-start=\"3746\" data-end=\"3755\">N\u00eemes<\/strong>.<\/p><p><a href=\"https:\/\/cparici.com\/wp-content\/uploads\/2025\/07\/cparici-2025-07-18T080304.072.jpg\"><img decoding=\"async\" class=\"wp-image-67969 size-full\" src=\"https:\/\/cparici.com\/wp-content\/uploads\/2025\/07\/cparici-2025-07-18T080304.072.jpg\" alt=\"Vieux Nimes\" width=\"1500\" height=\"530\" srcset=\"https:\/\/cparici.com\/wp-content\/uploads\/2025\/07\/cparici-2025-07-18T080304.072.jpg 1500w, https:\/\/cparici.com\/wp-content\/uploads\/2025\/07\/cparici-2025-07-18T080304.072-300x106.jpg 300w, https:\/\/cparici.com\/wp-content\/uploads\/2025\/07\/cparici-2025-07-18T080304.072-1024x362.jpg 1024w, https:\/\/cparici.com\/wp-content\/uploads\/2025\/07\/cparici-2025-07-18T080304.072-768x271.jpg 768w, https:\/\/cparici.com\/wp-content\/uploads\/2025\/07\/cparici-2025-07-18T080304.072-18x6.jpg 18w, https:\/\/cparici.com\/wp-content\/uploads\/2025\/07\/cparici-2025-07-18T080304.072-590x208.jpg 590w, https:\/\/cparici.com\/wp-content\/uploads\/2025\/07\/cparici-2025-07-18T080304.072-1200x424.jpg 1200w, https:\/\/cparici.com\/wp-content\/uploads\/2025\/07\/cparici-2025-07-18T080304.072-577x204.jpg 577w, https:\/\/cparici.com\/wp-content\/uploads\/2025\/07\/cparici-2025-07-18T080304.072-600x212.jpg 600w\" sizes=\"(max-width: 1500px) 100vw, 1500px\" \/><\/a><\/p><h3 data-start=\"3763\" data-end=\"3806\">Mus\u00e9es taurins et autres lieux culturels<\/h3><p data-start=\"3808\" data-end=\"3927\">Pour compl\u00e9ter ce panorama, N\u00eemes compte plusieurs <strong data-start=\"3859\" data-end=\"3881\">mus\u00e9es sp\u00e9cialis\u00e9s<\/strong> qui t\u00e9moignent de sa diversit\u00e9 culturelle :<\/p><ul data-start=\"3929\" data-end=\"4382\"><li data-start=\"3929\" data-end=\"4117\"><p data-start=\"3931\" data-end=\"4117\"><strong data-start=\"3931\" data-end=\"3962\">Mus\u00e9e des Cultures Taurines<\/strong> : unique en France, il explore les traditions tauromachiques du Sud avec costumes, affiches, et explications sur la corrida et les courses camarguaises.<\/p><\/li><li data-start=\"4118\" data-end=\"4246\"><p data-start=\"4120\" data-end=\"4246\"><strong data-start=\"4120\" data-end=\"4150\">Mus\u00e9e d\u2019Histoire Naturelle<\/strong> : id\u00e9al pour les familles, il propose des collections zoologiques, g\u00e9ologiques et botaniques.<\/p><\/li><li data-start=\"4247\" data-end=\"4382\"><p data-start=\"4249\" data-end=\"4382\"><strong data-start=\"4249\" data-end=\"4269\">Th\u00e9\u00e2tre de N\u00eemes<\/strong> : sc\u00e8ne nationale qui accueille danse, th\u00e9\u00e2tre et musique contemporaine dans une salle \u00e0 l\u2019acoustique r\u00e9put\u00e9e.<\/p><\/li><\/ul><p data-start=\"4384\" data-end=\"4543\">Ces lieux participent \u00e0 la richesse culturelle de la ville, offrant aux visiteurs un \u00e9ventail d\u2019exp\u00e9riences allant de l\u2019Antiquit\u00e9 \u00e0 l\u2019art le plus contemporain.<\/p><h2 data-start=\"1127\" data-end=\"1153\">Traditions &amp; festivit\u00e9s<\/h2><h3 data-start=\"265\" data-end=\"309\">La Feria de N\u00eemes : un \u00e9v\u00e9nement mythique<\/h3><p data-start=\"311\" data-end=\"649\">La <strong data-start=\"314\" data-end=\"332\">Feria de N\u00eemes<\/strong> est l\u2019un des \u00e9v\u00e9nements embl\u00e9matiques du Sud de la France. Cr\u00e9\u00e9e en 1952, elle a transform\u00e9 la ville en capitale taurine pendant plusieurs jours. Chaque ann\u00e9e, deux \u00e9ditions majeures attirent des centaines de milliers de visiteurs : la <strong data-start=\"569\" data-end=\"591\">Feria de Pentec\u00f4te<\/strong> en mai-juin et la <strong data-start=\"610\" data-end=\"633\">Feria des Vendanges<\/strong> en septembre.<\/p><p data-start=\"651\" data-end=\"1128\">Durant ces p\u00e9riodes, N\u00eemes se pare de couleurs vives et vibre au son des <strong data-start=\"724\" data-end=\"733\">pe\u00f1as<\/strong> (fanfares), des <strong data-start=\"750\" data-end=\"761\">bodegas<\/strong> (bars \u00e9ph\u00e9m\u00e8res) et des spectacles de rue. Les Ar\u00e8nes accueillent des corridas prestigieuses, o\u00f9 se produisent des toreros de renomm\u00e9e internationale. Mais la Feria ne se limite pas \u00e0 la tauromachie : abrivados et encierros (courses de taureaux dans les rues), flamenco, d\u00e9fil\u00e9s en costumes traditionnels et concerts en plein air font partie int\u00e9grante de la f\u00eate.<\/p><p data-start=\"1130\" data-end=\"1395\">C\u2019est aussi une occasion unique de go\u00fbter aux sp\u00e9cialit\u00e9s locales : <strong data-start=\"1198\" data-end=\"1219\">brandade de morue<\/strong>, vins des Costi\u00e8res\u2011de\u2011N\u00eemes et tapas m\u00e9ridionaux. La Feria illustre parfaitement l\u2019identit\u00e9 m\u00e9ridionale de la ville et son attachement \u00e0 un art de vivre festif et chaleureux.<\/p><h3 data-start=\"1402\" data-end=\"1454\">Les Grands Jeux Romains : un voyage dans le temps<\/h3><p data-start=\"1456\" data-end=\"1881\">Organis\u00e9s chaque printemps depuis 2010, les <strong data-start=\"1500\" data-end=\"1523\">Grands Jeux Romains<\/strong> plongent N\u00eemes dans l\u2019atmosph\u00e8re de la Rome antique. Ce festival de reconstitution historique, l\u2019un des plus grands d\u2019Europe, se d\u00e9roule principalement dans les Ar\u00e8nes. Durant trois jours, des centaines de figurants en costumes recr\u00e9ent des batailles l\u00e9gendaires, des combats de gladiateurs et des courses de chars inspir\u00e9es des fastes de l\u2019Empire romain.<\/p><p data-start=\"1883\" data-end=\"2181\">Chaque \u00e9dition met \u00e0 l\u2019honneur une th\u00e9matique historique diff\u00e9rente : C\u00e9sar et la conqu\u00eate de la Gaule, Spartacus, Hadrien et la guerre de Jud\u00e9e\u2026 La pr\u00e9cision des d\u00e9cors, la qualit\u00e9 des armures et l\u2019implication des troupes de reconstitution rendent l\u2019exp\u00e9rience saisissante pour petits et grands.<\/p><p data-start=\"2183\" data-end=\"2513\">En parall\u00e8le, des animations envahissent le centre-ville : ateliers pour enfants, d\u00e9monstrations de techniques antiques, d\u00e9fil\u00e9s de l\u00e9gionnaires. Les Grands Jeux Romains renforcent le lien de N\u00eemes avec son pass\u00e9 glorieux et participent \u00e0 son attractivit\u00e9 touristique. C\u2019est une immersion totale dans l\u2019univers de la Rome antique.<\/p><h3 data-start=\"2520\" data-end=\"2560\">March\u00e9s, f\u00eates locales et gastronomie<\/h3><p data-start=\"2562\" data-end=\"2928\">En dehors des grands \u00e9v\u00e9nements, N\u00eemes vit au rythme de ses <strong data-start=\"2622\" data-end=\"2633\">march\u00e9s<\/strong> et f\u00eates traditionnelles. Chaque semaine, le <strong data-start=\"2679\" data-end=\"2700\">march\u00e9 des Halles<\/strong> et celui de l\u2019Esplanade proposent un concentr\u00e9 de terroir local : olives picholine, tapenade, fromages c\u00e9venols, charcuteries artisanales et vins des Costi\u00e8res\u2011de\u2011N\u00eemes. L\u2019ambiance y est conviviale et typiquement m\u00e9ridionale.<\/p><p data-start=\"2930\" data-end=\"3192\">Les f\u00eates votives, communes \u00e0 tout le Gard, ponctuent l\u2019\u00e9t\u00e9 dans les villages alentour. Abrivados (passage de taureaux encadr\u00e9s par des gardians \u00e0 cheval), bals populaires et repas conviviaux c\u00e9l\u00e8brent la culture camarguaise profond\u00e9ment ancr\u00e9e dans la r\u00e9gion.<\/p><p data-start=\"3194\" data-end=\"3534\">Gastronomiquement, N\u00eemes s\u00e9duit par ses sp\u00e9cialit\u00e9s : <strong data-start=\"3248\" data-end=\"3269\">brandade de morue<\/strong>, petits p\u00e2t\u00e9s n\u00eemois, et vins locaux. Les terrasses ensoleill\u00e9es invitent \u00e0 la fl\u00e2nerie, verre de ros\u00e9 en main, pour savourer l\u2019art de vivre m\u00e9diterran\u00e9en. Ces traditions, plus discr\u00e8tes mais tout aussi authentiques, donnent un visage chaleureux \u00e0 la cit\u00e9 romaine.<\/p><h2 data-start=\"1323\" data-end=\"1344\">Conseils pratiques<\/h2><ul data-start=\"1346\" data-end=\"1718\"><li data-start=\"1346\" data-end=\"1468\"><p data-start=\"1348\" data-end=\"1468\"><span class=\"relative -mx-px my-[-0.2rem] rounded px-px py-[0.2rem] transition-colors duration-100 ease-in-out\"><strong data-start=\"0\" data-end=\"9\" data-is-only-node=\"\">Acc\u00e8s<\/strong> : TGV vers N\u00eemes Pont\u2011du\u2011Gard et centre-ville, plus de 3\u202fh depuis Paris, 1\u202fh\u202f20 de Lyon<\/span>. <span class=\"relative -mx-px my-[-0.2rem] rounded px-px py-[0.2rem] transition-colors duration-100 ease-in-out\">Autoroutes A7\/A9 et a\u00e9roport local.<\/span><\/p><\/li><li data-start=\"1469\" data-end=\"1510\"><p data-start=\"1471\" data-end=\"1510\"><span class=\"relative -mx-px my-[-0.2rem] rounded px-px py-[0.2rem] transition-colors duration-100 ease-in-out\"><strong data-start=\"0\" data-end=\"13\" data-is-only-node=\"\">City\u202fPass<\/strong> : forfaits 2 \u00e0 5 jours incluant monuments et mus\u00e9es.<\/span><\/p><\/li><li data-start=\"1511\" data-end=\"1593\"><p data-start=\"1513\" data-end=\"1593\"><span class=\"relative -mx-px my-[-0.2rem] rounded px-px py-[0.2rem] transition-colors duration-100 ease-in-out\"><strong data-start=\"0\" data-end=\"10\" data-is-only-node=\"\">Budget<\/strong> : entr\u00e9e ~10\u202f\u20ac pour les Ar\u00e8nes, ~6\u202f\u20ac pour la Maison Carr\u00e9e<\/span>.<\/p><\/li><li data-start=\"1594\" data-end=\"1676\"><p data-start=\"1596\" data-end=\"1676\"><span class=\"relative -mx-px my-[-0.2rem] rounded px-px py-[0.2rem] transition-colors duration-100 ease-in-out\"><strong data-start=\"0\" data-end=\"10\" data-is-only-node=\"\">Climat<\/strong> : climat m\u00e9diterran\u00e9en (code Csa), \u00e9t\u00e9s chauds et secs, hivers doux<\/span>.<\/p><\/li><li data-start=\"1677\" data-end=\"1718\"><p data-start=\"1679\" data-end=\"1718\"><span class=\"relative -mx-px my-[-0.2rem] rounded px-px py-[0.2rem] transition-colors duration-100 ease-in-out\"><strong data-start=\"0\" data-end=\"26\" data-is-only-node=\"\">Logement &amp; gastronomie<\/strong> : h\u00f4tels et g\u00eetes en centre-ville. Pour bien manger, explorez nos adresses recommand\u00e9es sur cparici.com.<\/span><\/p><\/li><\/ul><h2 data-start=\"1725\" data-end=\"1754\">Excursions autour de N\u00eemes<\/h2><h3 data-start=\"348\" data-end=\"412\">Le Pont du Gard : un chef-d\u2019\u0153uvre antique \u00e0 deux pas de N\u00eemes<\/h3><p data-start=\"414\" data-end=\"796\">Situ\u00e9 \u00e0 seulement 20\u202fkm de N\u00eemes, <a href=\"https:\/\/cparici.com\/pont-du-gard\/\">le <strong data-start=\"451\" data-end=\"467\">Pont du Gard<\/strong><\/a> est l\u2019un des sites les plus visit\u00e9s de France. Cet impressionnant aqueduc romain, class\u00e9 au patrimoine mondial de l\u2019UNESCO depuis 1985, fut construit au Ier si\u00e8cle pour acheminer l\u2019eau sur pr\u00e8s de 50\u202fkm jusqu\u2019\u00e0 N\u00eemes. Haut de 49\u202fm et long de 275\u202fm, il est compos\u00e9 de trois rang\u00e9es d\u2019arches, dont la plus longue atteint 24,5\u202fm.<\/p><p data-start=\"798\" data-end=\"1173\">Outre sa valeur historique, le Pont du Gard est nich\u00e9 dans un cadre naturel exceptionnel. Ses rives, propices \u00e0 la baignade et aux pique-niques, offrent une parenth\u00e8se rafra\u00eechissante en \u00e9t\u00e9. Le site abrite \u00e9galement un mus\u00e9e interactif qui d\u00e9taille la construction et le fonctionnement de l\u2019aqueduc, ainsi qu\u2019un espace \u201cM\u00e9moires de Garrigue\u201d pour explorer la flore locale.<\/p><p data-start=\"1175\" data-end=\"1477\">Les amateurs de randonn\u00e9es appr\u00e9cieront les sentiers qui serpentent dans les garrigues environnantes, tandis que les familles pourront profiter d\u2019activit\u00e9s nautiques comme le cano\u00eb sur le Gardon. C\u2019est une excursion incontournable qui allie culture, nature et d\u00e9tente, \u00e0 moins de 30 minutes de N\u00eemes.<\/p><h3 data-start=\"1484\" data-end=\"1525\">Uz\u00e8s : charme m\u00e9di\u00e9val et art de vivre<\/h3><p data-start=\"1527\" data-end=\"1891\">\u00c0 environ 25\u202fkm au nord de N\u00eemes, la ville d\u2019<strong data-start=\"1572\" data-end=\"1580\">Uz\u00e8s<\/strong> s\u00e9duit par son atmosph\u00e8re m\u00e9di\u00e9vale et son patrimoine architectural raffin\u00e9. Premier duch\u00e9 de France, Uz\u00e8s est domin\u00e9e par le <strong data-start=\"1707\" data-end=\"1716\">Duch\u00e9<\/strong>, un imposant ch\u00e2teau m\u00e9di\u00e9val toujours habit\u00e9 par la famille ducale. Sa tour Bermonde offre une vue panoramique sur les toits de tuiles romanes et la campagne environnante.<\/p><p data-start=\"1893\" data-end=\"2302\">Le c\u0153ur historique d\u2019Uz\u00e8s est un d\u00e9dale de ruelles pav\u00e9es, bord\u00e9es de maisons en pierre blonde et d\u2019h\u00f4tels particuliers Renaissance. La <strong data-start=\"2029\" data-end=\"2049\">Place aux Herbes<\/strong>, avec ses platanes centenaires et ses arcades \u00e9l\u00e9gantes, accueille l\u2019un des plus beaux march\u00e9s du Gard le mercredi et le samedi matin. Produits locaux, textiles proven\u00e7aux, poteries : une explosion de couleurs et de senteurs typiquement m\u00e9ridionales.<\/p><p data-start=\"2304\" data-end=\"2594\">Uz\u00e8s est \u00e9galement connue pour \u00eatre le point de d\u00e9part de l\u2019aqueduc romain qui menait jusqu\u2019au Pont du Gard. En fl\u00e2nant, ne manquez pas la cath\u00e9drale Saint-Th\u00e9odorit et sa tour Fenestrelle, un rare clocher rond en France. Uz\u00e8s est une escapade id\u00e9ale pour go\u00fbter \u00e0 l\u2019art de vivre gardois.<\/p><h3 data-start=\"2601\" data-end=\"2653\">Arles : une immersion entre antiquit\u00e9 et Camargue<\/h3><p data-start=\"2655\" data-end=\"2953\">\u00c0 35\u202fkm au sud-est de N\u00eemes, <a href=\"https:\/\/cparici.com\/arles\/\"><strong data-start=\"2684\" data-end=\"2693\">Arles<\/strong><\/a> est une destination de choix pour prolonger l\u2019exp\u00e9rience romaine. Inscrite au patrimoine mondial de l\u2019UNESCO, la ville regorge de monuments antiques : les Ar\u00e8nes, le th\u00e9\u00e2tre antique, les thermes de Constantin, et les c\u00e9l\u00e8bres Alyscamps (ancienne n\u00e9cropole).<\/p><p data-start=\"2955\" data-end=\"3355\">Arles est \u00e9galement la porte d\u2019entr\u00e9e de la <strong data-start=\"2999\" data-end=\"3011\">Camargue<\/strong>, r\u00e9gion sauvage o\u00f9 s\u2019\u00e9panouissent flamants roses, taureaux et chevaux blancs. La ville est r\u00e9put\u00e9e pour son ambiance artistique : Van Gogh y s\u00e9journa en 1888 et r\u00e9alisa plus de 300 \u0153uvres, dont les c\u00e9l\u00e8bres \u201cTournesols\u201d et \u201cNuit \u00e9toil\u00e9e sur le Rh\u00f4ne\u201d. Le mus\u00e9e R\u00e9attu et la Fondation Vincent van Gogh prolongent cette inspiration artistique.<\/p><p data-start=\"3357\" data-end=\"3647\">Les f\u00e9rus de culture ne manqueront pas les <strong data-start=\"3400\" data-end=\"3433\">Rencontres de la photographie<\/strong> en \u00e9t\u00e9, qui transforment la ville en galerie \u00e0 ciel ouvert. Avec ses terrasses ombrag\u00e9es, ses march\u00e9s et ses ruelles pittoresques, Arles offre une escapade o\u00f9 patrimoine, nature et art se conjuguent \u00e0 merveille.<\/p><h3 data-start=\"3654\" data-end=\"3699\">La Camargue : nature sauvage et traditions<\/h3><p data-start=\"3701\" data-end=\"4030\">\u00c0 moins d\u2019une heure de N\u00eemes, la <a href=\"https:\/\/cparici.com\/la-camargue\/\"><strong data-start=\"3734\" data-end=\"3746\">Camargue<\/strong><\/a> est un vaste territoire de marais et d\u2019\u00e9tangs qui s\u2019\u00e9tend entre les deux bras du Rh\u00f4ne. Cette r\u00e9gion prot\u00e9g\u00e9e est c\u00e9l\u00e8bre pour sa biodiversit\u00e9 exceptionnelle : flamants roses, h\u00e9rons, et une multitude d\u2019esp\u00e8ces migratrices trouvent refuge dans le Parc naturel r\u00e9gional de Camargue.<\/p><p data-start=\"4032\" data-end=\"4333\">Les visiteurs peuvent explorer la Camargue \u00e0 pied, \u00e0 v\u00e9lo ou \u00e0 cheval, en empruntant des sentiers qui traversent rizi\u00e8res et manades (\u00e9levages de taureaux et de chevaux). Les Saintes-Maries-de-la-Mer, capitale spirituelle des Gitans, sont un haut lieu de p\u00e8lerinage et un charmant village baln\u00e9aire.<\/p><p data-start=\"4335\" data-end=\"4628\">La Camargue est \u00e9galement riche en traditions : courses camarguaises, f\u00e9rias et gastronomie locale (gardianne de taureau, tellines, vins des sables). Cette excursion offre un contraste saisissant avec l\u2019univers urbain et antique de N\u00eemes, pour une immersion totale dans une nature pr\u00e9serv\u00e9e.<\/p><h3 data-start=\"4635\" data-end=\"4674\">Avignon : cit\u00e9 des Papes et festival<\/h3><p data-start=\"4676\" data-end=\"4954\">\u00c0 environ 45 minutes en train de N\u00eemes, <a href=\"https:\/\/cparici.com\/avignon-guide-2\/\"><strong data-start=\"4716\" data-end=\"4727\">Avignon<\/strong><\/a> est c\u00e9l\u00e8bre pour son <strong data-start=\"4749\" data-end=\"4769\">Palais des Papes<\/strong>, l\u2019un des plus grands \u00e9difices gothiques d\u2019Europe. Class\u00e9 au patrimoine mondial de l\u2019UNESCO, ce monument t\u00e9moigne de la p\u00e9riode o\u00f9 la ville fut le si\u00e8ge de la papaut\u00e9 au XIV\u1d49 si\u00e8cle.<\/p><p data-start=\"4956\" data-end=\"5158\">Le centre historique, ceintur\u00e9 de remparts, invite \u00e0 la fl\u00e2nerie entre places anim\u00e9es, \u00e9glises m\u00e9di\u00e9vales et le c\u00e9l\u00e8bre <strong data-start=\"5076\" data-end=\"5098\">Pont Saint-B\u00e9n\u00e9zet<\/strong>, chant\u00e9 dans la fameuse comptine \u201cSur le pont d\u2019Avignon\u201d.<\/p><p data-start=\"5160\" data-end=\"5464\">Chaque \u00e9t\u00e9, le <strong data-start=\"5175\" data-end=\"5197\">Festival d\u2019Avignon<\/strong> transforme la ville en capitale mondiale du th\u00e9\u00e2tre. Des centaines de spectacles, dans des lieux historiques ou en plein air, attirent des artistes et spectateurs du monde entier. Avignon est une excursion incontournable pour les amateurs de culture et d\u2019histoire.<\/p><h2 data-start=\"44\" data-end=\"101\"><strong data-start=\"47\" data-end=\"66\">Kinepolis N\u00eemes<\/strong> : le cin\u00e9ma incontournable du Gard<\/h2><p data-start=\"103\" data-end=\"216\"><span class=\"relative -mx-px my-[-0.2rem] rounded px-px py-[0.2rem] transition-colors duration-100 ease-in-out\">Le <strong data-start=\"3\" data-end=\"22\">Kinepolis N\u00eemes<\/strong>, situ\u00e9 au 130 rue Michel\u202fDebr\u00e9 (30900 N\u00eemes), est un <strong data-start=\"76\" data-end=\"98\">multiplexe moderne<\/strong> de r\u00e9f\u00e9rence dans la r\u00e9gion. Ouvert en 2000, ce complexe propose <strong data-start=\"164\" data-end=\"204\" data-is-last-node=\"\">12 salles et environ 2\u202f637 fauteuils<\/strong><\/span>, <span class=\"relative -mx-px my-[-0.2rem] rounded px-px py-[0.2rem] transition-colors duration-100 ease-in-out\">dont une salle IMAX et plusieurs espaces Cosy, garantissant une <strong data-start=\"64\" data-end=\"106\">exp\u00e9rience cin\u00e9matographique immersive<\/strong> pour tous les publics.<\/span><\/p><h3 data-start=\"218\" data-end=\"271\">Un confort optimal et des technologies modernes<\/h3><p data-start=\"272\" data-end=\"499\"><span class=\"relative -mx-px my-[-0.2rem] rounded px-px py-[0.2rem] transition-colors duration-100 ease-in-out\">Chaque salle est \u00e9quip\u00e9e de syst\u00e8mes de projection num\u00e9rique de haute qualit\u00e9 et de son Dolby 5.1, tandis que la salle 3 propose une exp\u00e9rience <strong data-start=\"144\" data-end=\"151\">4DX<\/strong> avec effets sensoriels<\/span>. <span class=\"relative -mx-px my-[-0.2rem] rounded px-px py-[0.2rem] transition-colors duration-100 ease-in-out\">L\u2019\u00e9cran IMAX (salle\u00a011) offre une image <strong data-start=\"40\" data-end=\"85\">cin\u00e9ma g\u00e9ante pour un rendu spectaculaire<\/strong>, parfaitement adapt\u00e9e aux blockbusters et aux films d\u2019animation<\/span>. <span class=\"relative -mx-px my-[-0.2rem] rounded px-px py-[0.2rem] transition-colors duration-100 ease-in-out\">Les salles 5, 8, 10, 11 et 12 disposent de l\u2019<strong data-start=\"45\" data-end=\"60\">Espace Cosy<\/strong>, avec des fauteuils XXL pour une s\u00e9ance confortable en couple ou entre amis<\/span>.<\/p><h3 data-start=\"501\" data-end=\"545\">Des services pens\u00e9s pour les visiteurs<\/h3><p data-start=\"546\" data-end=\"785\"><span class=\"relative -mx-px my-[-0.2rem] rounded px-px py-[0.2rem] transition-colors duration-100 ease-in-out\">Le cin\u00e9ma permet aux spectateurs de <strong data-start=\"36\" data-end=\"78\">choisir et payer leurs places en ligne<\/strong> ou via l\u2019application mobile, avec un acc\u00e8s direct via un code-barres ou la Passbook sur smartphone<\/span>. <span class=\"relative -mx-px my-[-0.2rem] rounded px-px py-[0.2rem] transition-colors duration-100 ease-in-out\">Le site recommande d\u2019arriver un peu \u00e0 l\u2019avance, surtout les jours de forte affluence (mardi, vendredi, week-ends et vacances scolaires)<\/span>. <span class=\"relative -mx-px my-[-0.2rem] rounded px-px py-[0.2rem] transition-colors duration-100 ease-in-out\">Le <strong data-start=\"3\" data-end=\"22\">parking gratuit<\/strong> non couvert de plus de <strong data-start=\"46\" data-end=\"62\">1\u202f000 places<\/strong> vous offre un stationnement facile et pratique<\/span><\/p><h3 data-start=\"787\" data-end=\"826\">Une programmation riche et vari\u00e9e<\/h3><p data-start=\"827\" data-end=\"986\"><span class=\"relative -mx-px my-[-0.2rem] rounded px-px py-[0.2rem] transition-colors duration-100 ease-in-out\">Le <strong data-start=\"3\" data-end=\"22\">Kinepolis N\u00eemes<\/strong> ne se limite pas aux films traditionnels\u202f: il propose aussi des <strong data-start=\"87\" data-end=\"106\">avant-premi\u00e8res<\/strong>, s\u00e9ances sp\u00e9ciales (Horror Nights, Manga, Cin\u00e9 K, Cin\u00e9 d\u2019Ailleurs), retransmissions culturelles (op\u00e9ras du MET, ballets, th\u00e9\u00e2tre), ainsi que des \u00e9v\u00e9nements gaming, conf\u00e9rences et documentaires<\/span>. <span class=\"relative -mx-px my-[-0.2rem] rounded px-px py-[0.2rem] transition-colors duration-100 ease-in-out\">Ce multiplexe est aussi <strong data-start=\"24\" data-end=\"40\">Pass Culture<\/strong> et propose des cartes d&#8217;abonnement pour des s\u00e9ances r\u00e9guli\u00e8res ou anniversaires d\u2019enfants<\/span>.<\/p><h3 data-start=\"988\" data-end=\"1016\">L\u2019avis des spectateurs<\/h3><p data-start=\"1017\" data-end=\"1256\"><span class=\"relative -mx-px my-[-0.2rem] rounded px-px py-[0.2rem] transition-colors duration-100 ease-in-out\">Les retours sont globalement positifs : spectateurs soulignent le <strong data-start=\"66\" data-end=\"121\">confort des salles, la qualit\u00e9 du son et de l\u2019image<\/strong>, ainsi que la diversit\u00e9 des activit\u00e9s culturelles<\/span>. <span class=\"relative -mx-px my-[-0.2rem] rounded px-px py-[0.2rem] transition-colors duration-100 ease-in-out\">En revanche, certains critiques \u00e9voquent des <strong data-start=\"45\" data-end=\"66\">prix jug\u00e9s \u00e9lev\u00e9s<\/strong>, surtout pour les formats IMAX ou 4DX, et des <strong data-start=\"113\" data-end=\"145\" data-is-last-node=\"\">difficult\u00e9s d\u2019achat en ligne<\/strong><\/span>. <span class=\"relative -mx-px my-[-0.2rem] rounded px-px py-[0.2rem] transition-colors duration-100 ease-in-out\">Le service client est parfois per\u00e7u comme perfectible<\/span>.<\/p><h3 data-start=\"1258\" data-end=\"1290\">Infos pratiques &amp; planning<\/h3><ul data-start=\"1291\" data-end=\"1540\"><li data-start=\"1291\" data-end=\"1374\"><p data-start=\"1293\" data-end=\"1374\"><span class=\"relative -mx-px my-[-0.2rem] rounded px-px py-[0.2rem] transition-colors duration-100 ease-in-out\"><strong data-start=\"0\" data-end=\"24\" data-is-only-node=\"\">Horaires d\u2019ouverture<\/strong> : du lundi au mardi de 13\u202fh\u202f15 \u00e0 23\u202fh\u202f30, mercredi \u00e0 samedi jusqu\u2019\u00e0 1\u202fh du matin, et le dimanche d\u00e8s 10\u202fh\u202f15<\/span>.<\/p><\/li><li data-start=\"1375\" data-end=\"1458\"><p data-start=\"1377\" data-end=\"1458\"><span class=\"relative -mx-px my-[-0.2rem] rounded px-px py-[0.2rem] transition-colors duration-100 ease-in-out\"><strong data-start=\"0\" data-end=\"9\" data-is-only-node=\"\">Acc\u00e8s<\/strong> : T\u00e9l. 04\u202f66\u202f04\u202f48\u202f00. Stationnement gratuit. Salles accessibles aux personnes \u00e0 mobilit\u00e9 r\u00e9duite<\/span>.<\/p><\/li><li data-start=\"1459\" data-end=\"1540\"><p data-start=\"1461\" data-end=\"1540\"><span class=\"relative -mx-px my-[-0.2rem] rounded px-px py-[0.2rem] transition-colors duration-100 ease-in-out\"><strong data-start=\"0\" data-end=\"15\" data-is-only-node=\"\">Billetterie<\/strong> : en ligne, sur borne, ou \u00e0 la caisse. Options Pass Culture, e-Kin\u00e9cards, Kin\u00e9\u00adcards multi\u2011entr\u00e9es, carte cadeaux disponibles<\/span>.<\/p><\/li><\/ul><h3 data-start=\"1547\" data-end=\"1585\">Pourquoi choisir Kinepolis N\u00eemes ?<\/h3><ol data-start=\"1586\" data-end=\"1998\"><li data-start=\"1586\" data-end=\"1661\"><p data-start=\"1589\" data-end=\"1661\"><strong data-start=\"1589\" data-end=\"1614\">Technologie de pointe<\/strong> : IMAX, 4DX, Dolby 5.1, confort haut de gamme.<\/p><\/li><li data-start=\"1662\" data-end=\"1731\"><p data-start=\"1665\" data-end=\"1731\"><strong data-start=\"1665\" data-end=\"1689\">Programmation vari\u00e9e<\/strong> : films, culture, \u00e9v\u00e9nements, animations.<\/p><\/li><li data-start=\"1732\" data-end=\"1822\"><p data-start=\"1735\" data-end=\"1822\"><strong data-start=\"1735\" data-end=\"1763\">Confort et accessibilit\u00e9<\/strong> : parking vaste et gratuit, bornes et entr\u00e9es simplifi\u00e9es.<\/p><\/li><li data-start=\"1823\" data-end=\"1922\"><p data-start=\"1826\" data-end=\"1922\"><strong data-start=\"1826\" data-end=\"1857\">Exp\u00e9rience culturelle riche<\/strong> : retransmissions d\u2019op\u00e9ras, sessions sp\u00e9ciales, avant-premi\u00e8res.<\/p><\/li><li data-start=\"1923\" data-end=\"1998\"><p data-start=\"1926\" data-end=\"1998\"><strong data-start=\"1926\" data-end=\"1949\">Adapt\u00e9 aux familles<\/strong> : anniversaires, matin\u00e9es enfants, espaces cosy.<\/p><\/li><\/ol><p data-start=\"2005\" data-end=\"2336\">En r\u00e9sum\u00e9, le <strong data-start=\"2019\" data-end=\"2038\">Kinepolis N\u00eemes<\/strong> est bien plus qu\u2019un simple cin\u00e9ma : c\u2019est un <strong data-start=\"2084\" data-end=\"2115\">multiplexe culturel moderne<\/strong>, adapt\u00e9 \u00e0 tous les publics. Que vous cherchiez une exp\u00e9rience immersive, un moment familial, une s\u00e9ance th\u00e9matique ou un \u00e9v\u00e9nement culturel, ce lieu offre tout ce qu\u2019on attend d\u2019un <strong data-start=\"2297\" data-end=\"2320\">cin\u00e9ma de r\u00e9f\u00e9rence<\/strong> dans la r\u00e9gion.<\/p><h2 data-start=\"1883\" data-end=\"1915\">S\u00e9jour type &amp; tourisme<\/h2><p data-start=\"1917\" data-end=\"2037\"><span class=\"relative -mx-px my-[-0.2rem] rounded px-px py-[0.2rem] transition-colors duration-100 ease-in-out\">D\u2019apr\u00e8s Gemini, dans N\u00eemes la dur\u00e9e moyenne de s\u00e9jour est de 4,8 jours, avec un prix de nuit autour de 73\u202f\u20ac, et un co\u00fbt total d\u2019environ 212\u202f\u20ac<\/span>. <span class=\"relative -mx-px my-[-0.2rem] rounded px-px py-[0.2rem] transition-colors duration-100 ease-in-out\">Cela refl\u00e8te bien le profil des visiteurs, principalement couples, profitant d\u2019un s\u00e9jour culturel et traditionnel \u00e0 N\u00eemes.<\/span><\/p><h2 data-start=\"86\" data-end=\"146\">M\u00e9t\u00e9o N\u00eemes : climat, tendances, conseils<\/h2><p data-start=\"148\" data-end=\"262\"><span class=\"relative -mx-px my-[-0.2rem] rounded px-px py-[0.2rem] transition-colors duration-100 ease-in-out\">Situ\u00e9e dans le Gard et b\u00e9n\u00e9ficiant d\u2019un <strong data-start=\"40\" data-end=\"70\">climat m\u00e9diterran\u00e9en (Csa)<\/strong>, N\u00eemes se distingue par ses <strong data-start=\"99\" data-end=\"121\">\u00e9t\u00e9 chauds et secs<\/strong>, et ses <strong data-start=\"130\" data-end=\"176\" data-is-last-node=\"\">hivers doux, humides et mod\u00e9r\u00e9ment venteux<\/strong><\/span>. <span class=\"relative -mx-px my-[-0.2rem] rounded px-px py-[0.2rem] transition-colors duration-100 ease-in-out\">Voici les cl\u00e9s pour bien comprendre la m\u00e9t\u00e9o locale et organiser votre s\u00e9jour en toute s\u00e9r\u00e9nit\u00e9.<\/span><\/p><p style=\"text-align: center;\" data-start=\"148\" data-end=\"262\"><style id=\"sp_lw_dynamic_css67977\">#splw-location-weather-pro-67977.splw-main-wrapper:not(.weather-map),#splw-location-weather-pro-67977.splw-main-wrapper.tabs-view.weather-map ,#splw-location-weather-pro-67977.splw-main-wrapper.combined-view.weather-map,#splw-location-weather-pro-67977.splw-main-wrapper.accordion-view,#splw-location-weather-pro-67977.splw-main-wrapper.grid-view{max-width: 320px;margin : 16px auto;width: 100%; overflow: hidden;}#splw-location-weather-pro-67977.splw-main-wrapper.accordion-view .splw-weather-accordion{max-width: 320px;}#splw-location-weather-pro-67977.splw-main-wrapper.weather-map:not(.tabs-view,.combined-view,.accordion-view,.grid-view){max-width: 1200px;margin : 16px auto;height: 700px;border: 0px solid #e2e2e2;border-radius: 8px}#splw-location-weather-pro-67977.splw-main-wrapper.tabs-view.weather-map{border: 0;}#splw-location-weather-pro-67977.splw-main-wrapper.tabs-view.weather-map .lw-leaflet-container {border: 0px solid #e2e2e2;}#splw-location-weather-pro-67977.splw-main-wrapper.weather-map .lw-leaflet-container{border-radius: 8px}#splw-location-weather-pro-67977.splw-main-wrapper:is(.horizontal-view) .splw-weather-detailed-updated-time,#splw-location-weather-pro-67977.splw-main-wrapper:not(.horizontal-view,.tabs-view,.table-view,.template-one,.template-two,.template-three) .splw-pro-wrapper div:is(.splw-pro-header-title-wrapper,.splw-pro-current-temp,.splw-pro-weather-short-desc,.splw-other-opt,.splw-adv-forecast-days,.splw-weather-detailed-updated-time){margin-right : 20px;margin-left : 20px;}#splw-location-weather-pro-67977.grid-two .daily-forecast .splw-forecast-weather select,#splw-location-weather-pro-67977.splw-main-wrapper:is(.template-one,.template-two,.template-three) .splw-pro-wrapper div:is(.splw-pro-header-title-wrapper,.splw-pro-current-temp,.splw-pro-weather-short-desc,.splw-other-opt,.splw-adv-forecast-days,.splw-weather-detailed-updated-time){padding-right : 20px;padding-left : 20px;}#splw-location-weather-pro-67977.splw-main-wrapper:not(.horizontal-view,.tabs-view,.table-view) .splw-pro-wrapper{padding-top : 16px;}#splw-location-weather-pro-67977.splw-main-wrapper:is(.horizontal-view) .splw-pro-templates-body {margin-top : 16px;margin-right : 20px;margin-left : 20px;margin-bottom: 0px;}#splw-location-weather-pro-67977.table-one .lw-current-data div.lw-current-data-left-area,#splw-location-weather-pro-67977.accordion-view .splw-forecast-details-wrapper,#splw-location-weather-pro-67977.accordion-view .splw-accordion-three-header,#splw-location-weather-pro-67977.grid-view div:is(.splw-weather-current-card,.splw-hourly-section,.splw-forecast-daily-item),#splw-location-weather-pro-67977.grid-view .splw-grid-item:not(.hourly-forecast,.sp-weather-map),#splw-location-weather-pro-67977.table-two .lw-current-data-table,#splw-location-weather-pro-67977.splw-main-wrapper.tabs-view .splw-tab-content {padding : 16px 20px 0px 20px;}#splw-location-weather-pro-67977.accordion-four .splw-accordion-three-header{padding-bottom:0;}#splw-location-weather-pro-67977.splw-main-wrapper:not(.horizontal-view) .splw-pro-templates-body {margin-bottom: 0px;}#splw-location-weather-pro-67977.vertical-view:is(.template-one,.template-two,.template-three) .splw-pro-wrapper .splw-weather-attribution,#splw-location-weather-pro-67977.vertical-view:is(.template-one,.template-two,.template-three) .splw-pro-wrapper .splw-weather-detailed-updated-time,#splw-location-weather-pro-67977.vertical-view:is(.template-one,.template-two,.template-three) .splw-adv-forecast-days.both .lw-daily-hourly-forecast-buttons,#splw-location-weather-pro-67977.vertical-view:is(.template-one,.template-two,.template-three) .splw-pro-wrapper .splw-adv-forecast-days { background : transparent;}#splw-location-weather-pro-67977.vertical-view:is(.template-one,.template-two,.template-three) .splw-pro-wrapper .splw-adv-forecast-days { padding-top: 20px;padding-bottom: 0px;}#splw-location-weather-pro-67977.vertical-view:is(.template-one,.template-two,.template-three) .splw-pro-wrapper .splw-weather-attribution::before{ content:\"\";background-color:rgba(0, 0, 0, .2);position: absolute;left:0;top:0;right:0;bottom:0;height: 100%;width:100%;z-index:1;}#splw-location-weather-pro-67977 .splw-forecast-icons img, #splw-location-weather-pro-67977 .splw-forecast-icons i,#splw-location-weather-pro-67977 .forecast-icon img, #splw-location-weather-pro-67977 .forecast-icon i,#splw-location-weather-pro-67977 .splw-pro-wrapper .splw-forecast .forecast-icon i,#splw-location-weather-pro-67977 .splw-pro-wrapper .splw-forecast img,#splw-location-weather-pro-67977 .splw-forecast__icon img,#splw-location-weather-pro-67977 .splw-forecast__icon i{width:50px;font-size:50px;}#splw-location-weather-pro-67977 .forecast-icon i,#splw-location-weather-pro-67977 .splw-forecast__icon i,#splw-location-weather-pro-67977 .splw-forecast-icons i,#splw-location-weather-pro-67977 .splw-hourly-details .forecast-icon i,#splw-location-weather-pro-67977 .splw-pro-wrapper .splw-forecast .forecast-icon i{color:#fff;}#splw-location-weather-pro-67977:is(.horizontal-one,.grid-one) .splw-forecast-header-area,#splw-location-weather-pro-67977.grid-two .splw-hourly-section .splw-forecast-header-area{ border-bottom: 1px solid rgb(236 234 233 \/ 50%);margin-left: -20px; margin-right: -20px;}#splw-location-weather-pro-67977:is(.horizontal-one,.grid-view) .splw-forecast-header-area .splw-tabs{ padding-left: 20px;}#splw-location-weather-pro-67977.splw-main-wrapper:is(.template-one, .template-three, .template-five, .template-six,.horizontal-two,.horizontal-four,.grid-two,.grid-three) .splw-adv-forecast-days .forecast-wrapper{max-height: 320px;}#splw-location-weather-pro-67977.accordion-view .lw-daily-hourly-forecast-buttons .lw-button-wrapper,#splw-location-weather-pro-67977 .splw-adv-forecast-days .lw-daily-hourly-forecast-buttons .lw-button-wrapper{ width: fit-content;border: 2px solid #fff;}#splw-location-weather-pro-67977.accordion-view .lw-hourly-button, #splw-location-weather-pro-67977.accordion-view .lw-daily-button,#splw-location-weather-pro-67977 .splw-adv-forecast-days .lw-hourly-button, #splw-location-weather-pro-67977 .splw-adv-forecast-days .lw-daily-button{color: #fff; background-color: transparent;}#splw-location-weather-pro-67977.accordion-view .lw-daily-hourly-forecast-buttons span.active,#splw-location-weather-pro-67977 .lw-daily-hourly-forecast-buttons span.active{color: #EA6A1D; background-color: #fff;}#splw-location-weather-pro-67977:not(.tabs-view,.table-view) .splw-pro-wrapper{ border: 0px solid #e2e2e2}#splw-location-weather-pro-67977:not(.tabs-view,.table-view) .splw-pro-wrapper{border-radius: 8px;}#splw-location-weather-pro-67977 div:is(.splw-pro-header-title, .splw-weather-header__city,.splw-weather-header__current) {font-size: 27px;line-height: 38px;letter-spacing: 0px;margin-top: 0px; margin-bottom: 4px;color: #fff;text-transform: none;justify-content: center; }#splw-location-weather-pro-67977 div:is(.splw-pro-current-time,.splw-weather-header__time-value,.splw-weather-header__date) {font-size: 14px;line-height: 16px;letter-spacing: 0px;margin-top: 0px;margin-bottom: 10px;color: #fff;text-transform: none;text-align: center;justify-content: center;}#splw-location-weather-pro-67977:is(.template-two,.template-five) .splw-pro-wrapper .splw-pro-current-time { justify-content: space-between;}#splw-location-weather-pro-67977 div.splw-weather-header__time-value {text-align: left;}#splw-location-weather-pro-67977 .splw-pro-current-temp span.cur-temp,#splw-location-weather-pro-67977 .splw-weather-temperature__value {font-size: 48px;letter-spacing: 0px;margin-top: 0px;margin-bottom: 0px;color: #fff;text-transform: none;line-height: 56px;}#splw-location-weather-pro-67977.grid-two .splw-cur-temp{justify-content: center;}#splw-location-weather-pro-67977.combined-view .splw-weather-forecast__title{font-size: 20px;margin-bottom: 15px;margin-top: 0;color: #fff;}#splw-location-weather-pro-67977 .splw-pro-current-temp .temperature-scale,#splw-location-weather-pro-67977 .splw-weather-temperature .temperature-scale {font-size: 16px;line-height: 22px;margin-left: 4px;}#splw-location-weather-pro-67977 .splw-cur-temp i,#splw-location-weather-pro-67977 .splw-weather-temperature__icon img,#splw-location-weather-pro-67977 .splw-weather-temperature__icon svg,#splw-location-weather-pro-67977 .splw-pro-wrapper .splw-cur-temp img{ width: 58px;font-size: 58px;}#splw-location-weather-pro-67977 .splw-pro-current-temp span.temp-min-max,#splw-location-weather-pro-67977 .splw-weather-description__high-low{font-size: 16px;line-height: 20px;letter-spacing: 0px;color: #fff;text-transform: none;}#splw-location-weather-pro-67977 .splw-pro-current-temp .tem-min-max-wrapper{text-align: center ;margin-top: 10px;margin-bottom: 0px;}#splw-location-weather-pro-67977 .splw-pro-weather-short-desc,#splw-location-weather-pro-67977 .weather-feel-like,#splw-location-weather-pro-67977 .weather-desc,#splw-location-weather-pro-67977 .splw-weather-description__feels-like,#splw-location-weather-pro-67977 .splw-weather-description__condition{font-size: 16px;line-height: 20px;letter-spacing: 0px;margin-top: 8px;margin-bottom: 12px;color: #fff;text-transform: capitalize;text-align: center;}#splw-location-weather-pro-67977 .splw-weather-description__feels-like{font-size: 13px;}#splw-location-weather-pro-67977:is(.template-four,.horizontal-one,.horizontal-two) .splw-pro-weather-short-desc .weather-desc{font-size: 18px;font-weight: 500;}#splw-location-weather-pro-67977 .splw-pro-weather-short-desc .temperature-scale{font-size: 10px;font-weight: 500;vertical-align: top;margin-left: 3px;margin-top: -3px;}#splw-location-weather-pro-67977 .splw-weather-icons{font-size: 14px;line-height: 20px;letter-spacing: 0px;color: #fff;text-transform: none;margin-top: 12px;margin-bottom: 0px;}#splw-location-weather-pro-67977 .splw-other-opt,#splw-location-weather-pro-67977 .splw-grid-item:not(.hourly-forecast,.sp-weather-map),#splw-location-weather-pro-67977 .splw-weather-current-units,#splw-location-weather-pro-67977.horizontal-four .lw-sunrise-sunset-wrapper{font-size: 14px;line-height: 20px;letter-spacing: 0px;color: #fff;text-transform: none;margin-top: 20px;margin-bottom: 10px;text-align: center;}#splw-location-weather-pro-67977 .splw-grid-item:not(.hourly-forecast,.sp-weather-map,.daily-forecast) .options-value.bold{font-size:22px;}#splw-location-weather-pro-67977 .splw-weather-current-units .splw-weather-unit__title{font-size: 11px;color: #fff;}#splw-location-weather-pro-67977 .splw-weather-current-units .splw-weather-unit__value .wind-weather-direction svg g{fill:#fff;}#splw-location-weather-pro-67977 .splw-current-unit-pagination button,#splw-location-weather-pro-67977 .lw-current-data-table thead th{color: #fff;}#splw-location-weather-pro-67977.horizontal-four .lw-sunrise-sunset-wrapper{margin-top: 50px;}#splw-location-weather-pro-67977 .splw-other-opt .splw-gusts-wind svg polygon{fill:#fff;}#splw-location-weather-pro-67977:is(.template-two,.template-three,.template-four,.template-five,.horizontal-view) .splw-other-opt .options-value{font-weight: 600;}#splw-location-weather-pro-67977 .lw-carousel-wrapper .lw-current-arrow i{color:#ffffff;}#splw-location-weather-pro-67977 .lw-carousel-wrapper .lw-current-arrow:hover i{color: #ffffff;}#splw-location-weather-pro-67977 .lw-sunrise-sunset-wrapper .lw-sky{border-top-color:#ff7d7d;}#splw-location-weather-pro-67977 .lw-sunrise-sunset-wrapper .lw-sky i{color:#FFDF00;font-size:20px;}#splw-location-weather-pro-67977 .splw-moon-details .lw-sunrise-sunset-wrapper .lw-sky i{fill:#b1b1b1;font-size:20px;}#splw-location-weather-pro-67977:is(.tabs-view.tabs-one,.table-two) .lw-current-data .lw-sunrise-sunset-wrapper div{font-size: 14px;line-height: 20px;letter-spacing: 0px;color: #fff;text-transform: none;}#splw-location-weather-pro-67977.splw-main-wrapper .splw-weather-details div:not(.icons_splw) span.details-icon i,#splw-location-weather-pro-67977 .splw-weather-accordion .details-icon i,#splw-location-weather-pro-67977 .splw-weather-unit .details-icon i,#splw-location-weather-pro-67977 .splw-forecast-item .details-icon i,#splw-location-weather-pro-67977 .splw-grid-item .details-icon i,#splw-location-weather-pro-67977.splw-main-wrapper .lw-forecast-table th i{font-size:14px;color:#fff;}#splw-location-weather-pro-67977 .splw-weather-detailed-updated-time,#splw-location-weather-pro-67977 .splw-weather-attribution{font-size: 11px;line-height: 26px;letter-spacing: 0px;text-transform: none;text-align: center;}#splw-location-weather-pro-67977 .splw-pro-wrapper,#splw-location-weather-pro-67977 .splw-pro-wrapper .splw-weather-attribution a,#splw-location-weather-pro-67977 .splw-pro-wrapper .splw-weather-detailed-updated-time a{ color:#fff;text-decoration: none;}#splw-location-weather-pro-67977 .splw-pro-wrapper .splw-weather-detailed-updated-time a{text-decoration: underline dotted;text-decoration-color: #ffffff75;}#splw-location-weather-pro-67977 .splw-pro-wrapper .lw-footer{margin-top: 0px;margin-bottom: 0px;}#splw-location-weather-pro-67977.splw-main-wrapper:not(.template-one,.template-two,.template-three) .splw-adv-forecast-days{margin-top: 20px;margin-bottom: 0px;}#splw-location-weather-pro-67977 .splw-forecast,#splw-location-weather-pro-67977 .splw-accordion-item .splw-accordion-header,#splw-location-weather-pro-67977 .splw-accordion-item .splw-forecast-grid,#splw-location-weather-pro-67977 .splw-forecast-single-item .splw-accordion-three-header,#splw-location-weather-pro-67977 .splw-accordion-item .title,#splw-location-weather-pro-67977 .splw-accordion-item ,#splw-location-weather-pro-67977 .splw-weather-forecast__item,#splw-location-weather-pro-67977 .splw-weather-forecast__title,#splw-location-weather-pro-67977 .splw-adv-forecast-days,#splw-location-weather-pro-67977 .splw-forecast-weather select, #splw-location-weather-pro-67977 .splw-forecast-weather option,#splw-location-weather-pro-67977 .lw-forecast-table tr{font-size: 14px;letter-spacing: 0px;text-transform: none;margin-top: 0px;margin-bottom: 0px;color: #fff;line-height: 1.5;}#splw-location-weather-pro-67977.grid-one .splw-forecast-daily-item,#splw-location-weather-pro-67977.grid-view .splw-forecast-header-area,#splw-location-weather-pro-67977 .splw-hourly-item,#splw-location-weather-pro-67977 .splw-pagination-buttons button,#splw-location-weather-pro-67977 .splw-details-tab-content,#splw-location-weather-pro-67977 .lw-forecast-table th{color: #fff;}#splw-location-weather-pro-67977.grid-two .splw-hourly-section .splw-tab.active::after,#splw-location-weather-pro-67977.horizontal-one .splw-adv-forecast-days .splw-tab.active::after,#splw-location-weather-pro-67977.grid-one .splw-forecast-section .splw-tab.active::after{background: #fff;}#splw-location-weather-pro-67977 .splw-popup-modal .splw-forecast-item{color: #000000;}#splw-location-weather-pro-67977 .splw-accordion-item .title{color: #ff1200;}#splw-location-weather-pro-67977 .splw-accordion-item .value,#splw-location-weather-pro-67977 .splw-forecast-item .value,#splw-location-weather-pro-67977 .splw-accordion-item .splw-temperature-item,#splw-location-weather-pro-67977:is(.template-two,.template-four) .splw-forecast .splw-forecast-time{font-size: 16px;font-weight:500;}#splw-location-weather-pro-67977 .splw-accordion-item .splw-accordion-header .splw-temp{font-size: 20px;}#splw-location-weather-pro-67977 .splw-forecast-weather select {margin-top: 0;margin-bottom: 0;}#splw-location-weather-pro-67977.template-three .splw-forecast .splw-forecast-time{font-weight:500;}#splw-location-weather-pro-67977 .lw-forecast-carousel .lw-arrow i{color:#ffffff;}#splw-location-weather-pro-67977 .lw-forecast-carousel .lw-arrow:hover i{color: #ffffff;}#splw-location-weather-pro-67977 .splw-accordion-item .splw-accordion-header .splw-toggle i,#splw-location-weather-pro-67977 .lw-select-arrow i{color: #fff;}#splw-location-weather-pro-67977.horizontal-view.horizontal-three .splw-pro-templates-body div:is(.splw-pro-weather-short-desc, .splw-pro-header-title-wrapper, .splw-pro-header, .splw-pro-current-temp, .splw-other-opt, .temperature-scale, .splw-adv-forecast-days) { margin: auto 0;}#splw-location-weather-pro-67977 .splw-pro-wrapper .splw-forecast-weather::after {background-color: #fff;}#splw-location-weather-pro-67977:not(.tabs-view, .table-view,.table) .splw-pro-wrapper,#splw-location-weather-pro-67977 .splw-forecast-weather option{background:#F26C0D}#splw-location-weather-pro-67977.splw-main-wrapper .lw-national-weather-alerts:hover{color:#F26C0D ;border-color:#F26C0D ;}#splw-location-weather-pro-67977.splw-main-wrapper .splw-pro-daily-weather-details.lw-carousel-flat .lw-carousel-wrapper .swiper-wrapper div,#splw-location-weather-pro-67977.splw-main-wrapper.template-five .splw-pro-daily-weather-details.lw-carousel-simple .lw-carousel-wrapper .swiper-wrapper div, #splw-location-weather-pro-67977.template-six .splw-pro-daily-weather-details .lw-carousel-wrapper .swiper-wrapper div,#splw-location-weather-pro-67977.horizontal-four .splw-pro-wrapper .splw-pro-daily-weather-details .splw-other-opt div,#splw-location-weather-pro-67977:is(.template-six,.horizontal-four) .splw-forecast-icons,#splw-location-weather-pro-67977.horizontal-four .splw-pro-wrapper .splw-pro-header-title-wrapper{background:#ff8710;}#splw-location-weather-pro-67977 .splw-adv-forecast-days.hourly .lw-days,#splw-location-weather-pro-67977 #lw-hourly-content .lw-hourly-date,#splw-location-weather-pro-67977 .lw-hourly-forecast .lw-days{display: none;}#splw-location-weather-pro-67977.horizontal-three #lw-hourly-content .temp-min-mex span:is(.lw-forecast-separator, .low, .low-scale), #splw-location-weather-pro-67977.horizontal-three .splw-adv-forecast-days.hourly .temp-min-mex span:is(.lw-forecast-separator,.low, .low-scale),#splw-location-weather-pro-67977horizontal-three .lw-hourly-forecast .temp-min-mex span:is(.lw-forecast-separator, .lw-low-temp){display: none;}#splw-location-weather-pro-67977 .splw-pro-daily-weather-details.lw-center .splw-other-opt{text-align: center;}#splw-location-weather-pro-67977.splw-main-wrapper .splw-pro-daily-weather-details:is(.lw-center,.lw-left,.lw-justified) .splw-weather-details div:not(.lw-sunrise-sunset-wrapper,.lw-sunrise-sunset-wrapper div,.splw-weather-icons, .splw-weather-icons > div ) {margin: 0 0px;padding: 4px 0;}#splw-location-weather-pro-67977.splw-main-wrapper .splw-pro-daily-weather-details:not(.lw-center,.lw-left,.lw-justified,.lw-carousel-flat,.lw-carousel-simple,.lw-grid-three ) .splw-weather-details div:not(.lw-sunrise-sunset-wrapper,.lw-sunrise-sunset-wrapper div,.splw-weather-icons, .splw-weather-icons > div ) {padding: 4px 0px;}#splw-location-weather-pro-67977.table-view .lw-current-data div:is(.splw-pro-daily-weather-details) .splw-weather-details div:is(:nth-last-child(2)) { margin-bottom: 0;}\/\/ #splw-location-weather-pro-67977.table-view .lw-current-data div:is(.splw-pro-daily-weather-details) .splw-weather-details div:is(:nth-last-child(1)){\/\/ border-bottom-width: 1px;\/\/ }#splw-location-weather-pro-67977.splw-main-wrapper .lw-national-weather-alerts{color:#fff ;border-color:#fff ;}#splw-location-weather-pro-67977.splw-main-wrapper {position: relative;}#lw-preloader-67977{position: absolute;left: 0;top: 0;height: 100%;width: 100%;text-align: center;display: flex;align-items: center;justify-content: center;background: #fff;z-index: 9999;}<\/style><div id=\"splw-location-weather-pro-67977\" class=\"splw-main-wrapper vertical-view template-one\" data-shortcode-id=\"67977\" data-location=\"{&quot;autoLocation&quot;:&quot;&quot;}\"  data-custom-field=\"\">\n\n\t<!-- section title html area start -->\n<!-- section area end -->\n\t\t\t<div id=\"lw-preloader-67977\" class=\"lw-preloader\">\n\t\t\t<img decoding=\"async\" src=\"https:\/\/cparici.com\/wp-content\/plugins\/location-weather-pro\/assets\/images\/spinner.svg\" class=\"skip-lazy\" width=\"50\" height=\"50\" alt=\"loader-image\"\/>\n\t\t<\/div>\n\t\t\t<div class=\"splw-pro-wrapper  lw-preloader-wrapper\">\n\n\t\t<div class=\"splw-pro-header\">\n\t<div class=\"splw-pro-header-title-wrapper\">\n\t\t\t\t<div class=\"splw-pro-header-title\">\n\t\t\tArrondissement de N\u00eemes, FR\n\t\t\t<span><\/span>\n\t\t<\/div>\n\t\t<!-- area end -->\n\t\t<!-- Current Date Time area start -->\n\t\t\t\t\t<div class=\"splw-pro-current-time\">\n\t\t\t\t\t\t\t\t<span class=\"lw-time\">11:20 am,  <\/span>\n\t\t\t\t<!-- time area end -->\n\t\t\t\t\t\t\t\t<span class=\"lw-date\">Avr 29, 2026<\/span>\n\t\t\t\t<!-- date area end -->\n\t\t\t<\/div>\n\t\t<!-- date time area end -->\n\t<\/div>\n<\/div>\n<!-- full area end -->\n\t\t<div class=\"splw-pro-templates-body\">\n\t\t\t<div class=\"splw-pro-current-temp\">\n\t<div class=\"splw-cur-temp\">\n\t\t<!-- weather icon html area start -->\n\t\t\t\t\t\t\t<img decoding=\"async\" src=\"https:\/\/cparici.com\/wp-content\/plugins\/location-weather-pro\/assets\/images\/icons\/weather-icons\/01d.svg\" class=\"weather-icon\" alt=\"weather icon\" title=\"clear sky\" width=\"58\" height=\"58\">\t\t<!-- weather icon html area end -->\n\t\t\t\t\t\t\t<span class=\"cur-temp\"> \n\t\t\t\t<span class=\"current-temperature\">15<\/span><span class=\"temperature-scale lw-metric\"><span data-scale=\"\u00b0C\" class=\"active lw-scale\">\u00b0C<\/span> <span class=\"separator\">|<\/span> <span data-scale=\"\u00b0F\" class=\" lw-scale\">\u00b0F<\/span><\/span>\t\t\t\t\t\t\t<\/span>\n\t\t<!-- temperature html area end -->\n\t\t\t<\/div>\n\t<!-- Low and high temperature html area start -->\n\t\t\t<div class=\"tem-min-max-wrapper\">\n\t\t\t\t<span class=\"temp-min-max\">\n\t\t\t\t\tL: <span class=\"low\">14<\/span>\u00b0\t\t\t\t<\/span>\n\t\t\t\t<span class=\"temp-min-max\">\n\t\t\t\t\tH: <span class=\"high\">15<\/span>\u00b0\t\t\t\t<\/span>\n\t\t<\/div>\n\t<!-- Low and high temperature html area end -->\n<\/div>\n\t<div class=\"splw-pro-weather-short-desc\">\n\t\t\t<span class=\"weather-feel-like\">\n\t\tFeels like <span class=\"feel-like-temperature\">15<\/span><span class=\"temperature-scale lw-metric\"><span data-scale=\"\u00b0C\" class=\"active lw-scale\">\u00b0C<\/span> <span class=\"separator\">|<\/span> <span data-scale=\"\u00b0F\" class=\" lw-scale\">\u00b0F<\/span><\/span>\u00b0\t<\/span>  \n\t<span class=\"weather-desc\">\n\t\tclear sky\t<\/span>\n\t<\/div>\n<div class=\"splw-pro-daily-weather-details  lw-center \">\n\t<div class=\"splw-weather-details splw-other-opt\">\n\t\t<!-- Start Carousel wrapper -->\n\t\t\t\t\t\t<div class=\"splw-weather-icons icons_splw\">\n\t\t\t\t\t\t<!-- conditions end -->\n\t\t\t\t\t\t<div class=\"splw-icon-humidity \">\n\t\t\t\t<span class=\"lw-title-wrapper\">\n\t\t\t\t\t<span class=\"details-icon\"><i class=\"splw-icon-humidity-1\"><\/i><\/span>\t\t\t\t\t<span class=\"options-title\">Humidity:<\/span>\n\t\t\t\t<\/span>\n\t\t\t\t<span class=\"options-value\">\n\t\t\t\t\t88 %\t\t\t\t<\/span>\n\t\t\t<\/div>\n\t\t\t\t\t\t<!-- humidity area end -->\n\t\t\t<!-- pressure area start -->\n\t\t\t\t\t\t<div class=\"splw-icon-pressure  \">\n\t\t\t\t<span class=\"lw-title-wrapper\">\n\t\t\t\t\t<span class=\"details-icon\"><i class=\"splw-icon-pressure-1\"><\/i><\/span>\t\t\t\t\t<span class=\"options-title\">Pressure:<\/span>\n\t\t\t\t<\/span>\n\t\t\t\t<span class=\"options-value\">\n\t\t\t\t\t1014 hPa\t\t\t\t<\/span>\n\t\t\t<\/div>\n\t\t\t\t\t\t<!-- pressure area end -->\n\t\t\t<!-- wind area start -->\n\t\t\t\t\t\t<div class=\"splw-icon-wind  \">\n\t\t\t\t<span class=\"lw-title-wrapper\">\n\t\t\t\t\t<span class=\"details-icon\" style=\"margin-left: 2px\"><i class=\"splw-icon-wind-1\"><\/i><\/span>\t\t\t\t\t<span class=\"options-title\"><\/span>\n\t\t\t\t<\/span>\n\t\t\t\t<span class=\"options-value\">\n\t\t\t\t\t<span class=\"lw-wind-value\" data-imperial=\"8 mph\" data-metric=\"13 Km\/h\">13 Km\/h<\/span>\t\t\t\t\t<span class=\"lw-wind-direction\" title=\"From NorthEast 50deg\">\n\t\t\t\t\t\t<span class=\"wind-weather-direction\"> NE<\/span>\n\t\t\t\t\t<\/span>\n\t\t\t\t<\/span>\n\t\t\t<\/div>\n\t\t\t\t\t\t<!-- wind area end -->\n\t\t\t\t\t<\/div>\n\t\t\t\t<!-- conditions end -->\n\t\t<!-- Wind guest area start -->\n\t\t\t\t<div class=\"splw-gusts-wind  \">\n\t\t\t<span class=\"lw-title-wrapper\">\n\t\t\t\t<span class=\"details-icon\"><i class=\"splw-icon-wind-gust-1\"><\/i><\/span>\t\t\t\t<span class=\"options-title\">Wind Gust:<\/span>\n\t\t\t<\/span>\n\t\t\t<span class=\"options-value\">\n\t\t\t\t<span class=\"lw-wind-value\" data-imperial=\"0 mph\" data-metric=\"0 Km\/h\">0 Km\/h<\/span>\t\t\t<\/span>\n\t\t<\/div>\n\t\t\t\t<!-- Wind guest area end -->\n\t\t<!-- Uv Index area start -->\n\t\t\t\t<div class=\"splw-index  \">\n\t\t\t<span class=\"lw-title-wrapper\">\n\t\t\t\t<span class=\"details-icon\"><i class=\"splw-icon-uv-index-1\"><\/i><\/span>\t\t\t\t<span class=\"options-title\">UV Index:<\/span>\n\t\t\t<\/span>\n\t\t\t<span class=\"options-value\">0<\/span>\n\t\t<\/div>\n\t\t\t\t<!-- Uv Index area end -->\n\t\t<!-- Precipitation area start -->\n\t\t\t\t<div class=\"splw-precipitation  \">\n\t\t\t<span class=\"lw-title-wrapper\">\n\t\t\t\t<span class=\"details-icon\"><i class=\"splw-icon-precipitation-1\"><\/i><\/span>\t\t\t\t<span class=\"options-title\">Precipitation:<\/span>\n\t\t\t<\/span>\n\t\t\t<span class=\"options-value\">0 mm<\/span>\n\t\t<\/div>\n\t\t\t\t<!-- Precipitation area end -->\n\t\t<!-- Dew point area start -->\n\t\t\t\t<!-- Dew point area end -->\n\t\t<!-- Clouds area start -->\n\t\t\t\t<div class=\"splw-clouds \">\n\t\t\t<span class=\"lw-title-wrapper\">\n\t\t\t\t<span class=\"details-icon\"><i class=\"splw-icon-clouds-1\"><\/i><\/span>\t\t\t\t<span class=\"options-title\">Clouds:<\/span>\n\t\t\t<\/span>\n\t\t\t<span class=\"options-value\">0%<\/span>\n\t\t<\/div>\n\t\t\t\t<!-- Clouds area end -->\n\t\t<!-- Rain chance area start -->\n\t\t\t\t<div class=\"splw-rain-chance  \">\n\t\t\t<span class=\"lw-title-wrapper\">\n\t\t\t\t<span class=\"details-icon\"><i class=\"splw-icon-rain-chance-1\"><\/i><\/span>\t\t\t\t<span class=\"options-title\">Rain Chance:<\/span>\n\t\t\t<\/span>\n\t\t\t<span class=\"options-value\">0%<\/span>\n\t\t<\/div>\n\t\t\t\t<!-- Rain chance area end -->\n\t\t<!-- Snow area start -->\n\t\t\t\t<!-- Snow area end -->\n\t\t<!-- Visibility area start -->\n\t\t\t\t<div class=\"splw-visibility  \">\n\t\t\t<span class=\"lw-title-wrapper\">\n\t\t\t\t<span class=\"details-icon\"><i class=\"splw-icon-visibility-1\"><\/i><\/span>\t\t\t\t<span class=\"options-title\">Visibility:<\/span>\n\t\t\t<\/span>\n\t\t\t<span class=\"options-value\">10 km<\/span>\n\t\t<\/div>\n\t\t\t\t<!-- Visibility area end -->\n\t\t<!-- Air pollution area start -->\n\t\t\t\t<!-- Air area end -->\n\t\t<!-- Moon Phase area start -->\n\t\t\t\t<!-- Moon Phase area end -->\n\t\t\t\t\t\t<!-- Sunrise area start -->\n\t\t\t\t\t\t\t\t\t\t\t<div class=\"splw-sunrise \">\n\t\t\t\t<span class=\"lw-title-wrapper\">\n\t\t\t\t\t<span class=\"details-icon\"><i class=\"splw-icon-sunrise-1\"><\/i><\/span>\t\t\t\t\t<span class=\"options-title\">Sunrise:<\/span>\n\t\t\t\t<\/span>\n\t\t\t\t<span class=\"options-value\">6:37 am<\/span>\n\t\t\t<\/div>\n\t\t\t\t\n\t\t\t<div class=\"splw-sunset \">\n\t\t\t\t<span class=\"lw-title-wrapper\">\n\t\t\t\t\t<span class=\"details-icon\"><i class=\"splw-icon-sunset-1\"><\/i><\/span>\t\t\t\t\t<span class=\"options-title\">Sunset:<\/span>\n\t\t\t\t<\/span>\n\t\t\t\t<span class=\"options-value\">8:41 pm<\/span>\n\t\t\t<\/div>\n\t\t\t\t<!-- Sunset area end -->\n\n\t\t\t\t<!-- sunrise and sunset area end -->\n\t\t\t\t\t\t\t\t\t\t\t\t\t<!-- End swiper wrapper -->\n\t\t<!-- Carousel Navigation icon -->\n\t\t\t\t\t\t\t\t\t\t\t\t<!-- End carousel wrapper -->\n\t\t\t\t\t\t\t<!-- End main carousel wrapper -->\n\t\t\t<\/div>\n<\/div>\n\t\t\t\t\t<div class=\"splw-adv-forecast-days both\" data-chart=\"\">\n\t\t\t\t<div class=\"lw-daily-hourly-forecast-buttons\">\n\t\t\t<span class=\"lw-button-wrapper\"><span class=\"lw-daily-button active\" id=\"lw-daily\">Daily<\/span><span class=\"lw-hourly-button\" id=\"lw-hourly\">Hourly<\/span><\/span>\n\t\t<\/div>\n\t\t\t\t\n<div class=\"splw-forecast-header-area\">\n\t\t\t<div class=\"days\">\n\t\t\t<span class=\"daily-forecast-title\">Daily Forecast<\/span>\n\t\t\t<span class=\"hourly-forecast-title\">Hourly Forecast<\/span>\n\t\t<\/div>\n\t\t<div class=\"splw-forecast-weather\">\n\t\t\t<div class=\"lw-select-arrow\"><i class=\"splw-icon-chevron\"><\/i><\/div>\n\t\t\t<select id=\"forecast-select\">\n\t\t\t\t\t\t\t\t\t\t<option value=\"temp\">\n\t\t\t\t\t\t\tTemperature\t\t\t\t\t\t<\/option>\n\t\t\t\t\t\t\t\t\t\t\t\t<option value=\"precipitation\">\n\t\t\t\t\t\t\tPrecipitation\t\t\t\t\t\t<\/option>\n\t\t\t\t\t\t\t\t\t\t\t\t<option value=\"wind\">\n\t\t\t\t\t\t\tWind\t\t\t\t\t\t<\/option>\n\t\t\t\t\t\t\t\t\t\t\t\t<option value=\"humidity\">\n\t\t\t\t\t\t\tHumidity\t\t\t\t\t\t<\/option>\n\t\t\t\t\t\t\t\t\t\t\t\t<option value=\"pressure\">\n\t\t\t\t\t\t\tPressure\t\t\t\t\t\t<\/option>\n\t\t\t\t\t\t\t\t\t\t\t\t<option value=\"rainchance\">\n\t\t\t\t\t\t\tRain Chance\t\t\t\t\t\t<\/option>\n\t\t\t\t\t\t\t\t\t<\/select>\n\t\t<\/div>\n\t<\/div>\n<div class='lw-both-tabs' id='lw-daily-content'>\t<div class=\"forecast-wrapper\"> \n\t<!-- Forecast details html area start -->\n<div class=\"splw-forecast \">\n\t\t\t<div class=\"splw-forecast-time\">\n\t\t<span class=lw-days>Today<\/span>\n\t\t<span class=\"lw-hourly-forecast-time\"><span>11:00 pm<\/span><span class=\"lw-hourly-date\">Avr 29, 2026<\/span><\/span>\t\t\t<\/div>\n\t\t\t\t<div class=\"splw-forecast-icons max\">\n\t\t\t<img decoding=\"async\" src=\"https:\/\/cparici.com\/wp-content\/plugins\/location-weather-pro\/assets\/images\/icons\/weather-icons\/04d.svg\" class=\"weather-icon\" alt=\"weather icon\" title=\"broken clouds\" width=\"50\" height=\"50\">\t\t\t\t\t<\/div>\n\t\t\t\t\t<div class=\"splw-weather-details\">\n\t\t\t<span id=\"temperature\" data-tab-content class=\"temp-min-mex active\">\n\t\t\t<span class=lw-low-temp><span class=\"low\">14<\/span><span class=\"low-scale\">\u00b0<\/span><\/span><span class=\"lw-forecast-separator\"> \/ <\/span><span class=lw-high-temp><span class=\"high\">15<\/span><span class=\"high-scale\">\u00b0<\/span><span class=\"temperature-scale lw-metric\"><span data-scale=\"\u00b0C\" class=\"active lw-scale\">\u00b0C<\/span> <span class=\"separator\">|<\/span> <span data-scale=\"\u00b0F\" class=\" lw-scale\">\u00b0F<\/span><\/span><\/span>\t\t\t<\/span>\n\t\t\t<span id=\"precipitation\" data-tab-content class=\"temp-precipitation\">\n\t\t\t0 mm\t\t\t<\/span>\n\t\t\t<span id=\"rainchance\" data-tab-content class=\"temp-rainchance\">\n\t\t\t0%\t\t\t<\/span>\n\t\t\t<span id=\"wind\" data-tab-content class=\"temp-wind\">\n\t\t\t<span class=\"lw-wind-value\" data-imperial=\"15 mph\" data-metric=\"25 Km\/h\">25 Km\/h<\/span>\t\t\t<\/span>\n\t\t\t<span id=\"humidity\" data-tab-content class=\"temp-humidity\">\n\t\t\t79 %\t\t\t<\/span>\n\t\t\t<span id=\"pressure\" data-tab-content class=\"temp-pressure\">\n\t\t\t1015 hPa\t\t\t<\/span>\n\t\t\t<span id=\"snow\" data-tab-content class=\"temp-snow\">\n\t\t\t0 mm\/h\t\t\t<\/span>\n\t\t<\/div>\n\t\t\t<\/div>\n<!-- End forecast details area -->\n\t\t<!-- Forecast details html area start -->\n<div class=\"splw-forecast \">\n\t\t\t<div class=\"splw-forecast-time\">\n\t\t<span class=lw-days>Tomorrow<\/span>\n\t\t<span class=\"lw-hourly-forecast-time\"><span>11:00 pm<\/span><span class=\"lw-hourly-date\">Avr 30, 2026<\/span><\/span>\t\t\t<\/div>\n\t\t\t\t<div class=\"splw-forecast-icons max\">\n\t\t\t<img decoding=\"async\" src=\"https:\/\/cparici.com\/wp-content\/plugins\/location-weather-pro\/assets\/images\/icons\/weather-icons\/10d.svg\" class=\"weather-icon\" alt=\"weather icon\" title=\"light rain\" width=\"50\" height=\"50\">\t\t\t\t\t<\/div>\n\t\t\t\t\t<div class=\"splw-weather-details\">\n\t\t\t<span id=\"temperature\" data-tab-content class=\"temp-min-mex active\">\n\t\t\t<span class=lw-low-temp><span class=\"low\">12<\/span><span class=\"low-scale\">\u00b0<\/span><\/span><span class=\"lw-forecast-separator\"> \/ <\/span><span class=lw-high-temp><span class=\"high\">22<\/span><span class=\"high-scale\">\u00b0<\/span><span class=\"temperature-scale lw-metric\"><span data-scale=\"\u00b0C\" class=\"active lw-scale\">\u00b0C<\/span> <span class=\"separator\">|<\/span> <span data-scale=\"\u00b0F\" class=\" lw-scale\">\u00b0F<\/span><\/span><\/span>\t\t\t<\/span>\n\t\t\t<span id=\"precipitation\" data-tab-content class=\"temp-precipitation\">\n\t\t\t0.25 mm\t\t\t<\/span>\n\t\t\t<span id=\"rainchance\" data-tab-content class=\"temp-rainchance\">\n\t\t\t25%\t\t\t<\/span>\n\t\t\t<span id=\"wind\" data-tab-content class=\"temp-wind\">\n\t\t\t<span class=\"lw-wind-value\" data-imperial=\"10 mph\" data-metric=\"16 Km\/h\">16 Km\/h<\/span>\t\t\t<\/span>\n\t\t\t<span id=\"humidity\" data-tab-content class=\"temp-humidity\">\n\t\t\t84 %\t\t\t<\/span>\n\t\t\t<span id=\"pressure\" data-tab-content class=\"temp-pressure\">\n\t\t\t1021 hPa\t\t\t<\/span>\n\t\t\t<span id=\"snow\" data-tab-content class=\"temp-snow\">\n\t\t\t0 mm\/h\t\t\t<\/span>\n\t\t<\/div>\n\t\t\t<\/div>\n<!-- End forecast details area -->\n\t\t<!-- Forecast details html area start -->\n<div class=\"splw-forecast \">\n\t\t\t<div class=\"splw-forecast-time\">\n\t\t<span class=lw-days>ven Mai 26<\/span>\n\t\t<span class=\"lw-hourly-forecast-time\"><span>11:00 pm<\/span><span class=\"lw-hourly-date\">Mai 1, 2026<\/span><\/span>\t\t\t<\/div>\n\t\t\t\t<div class=\"splw-forecast-icons max\">\n\t\t\t<img decoding=\"async\" src=\"https:\/\/cparici.com\/wp-content\/plugins\/location-weather-pro\/assets\/images\/icons\/weather-icons\/04d.svg\" class=\"weather-icon\" alt=\"weather icon\" title=\"overcast clouds\" width=\"50\" height=\"50\">\t\t\t\t\t<\/div>\n\t\t\t\t\t<div class=\"splw-weather-details\">\n\t\t\t<span id=\"temperature\" data-tab-content class=\"temp-min-mex active\">\n\t\t\t<span class=lw-low-temp><span class=\"low\">12<\/span><span class=\"low-scale\">\u00b0<\/span><\/span><span class=\"lw-forecast-separator\"> \/ <\/span><span class=lw-high-temp><span class=\"high\">22<\/span><span class=\"high-scale\">\u00b0<\/span><span class=\"temperature-scale lw-metric\"><span data-scale=\"\u00b0C\" class=\"active lw-scale\">\u00b0C<\/span> <span class=\"separator\">|<\/span> <span data-scale=\"\u00b0F\" class=\" lw-scale\">\u00b0F<\/span><\/span><\/span>\t\t\t<\/span>\n\t\t\t<span id=\"precipitation\" data-tab-content class=\"temp-precipitation\">\n\t\t\t0 mm\t\t\t<\/span>\n\t\t\t<span id=\"rainchance\" data-tab-content class=\"temp-rainchance\">\n\t\t\t0%\t\t\t<\/span>\n\t\t\t<span id=\"wind\" data-tab-content class=\"temp-wind\">\n\t\t\t<span class=\"lw-wind-value\" data-imperial=\"11 mph\" data-metric=\"18 Km\/h\">18 Km\/h<\/span>\t\t\t<\/span>\n\t\t\t<span id=\"humidity\" data-tab-content class=\"temp-humidity\">\n\t\t\t84 %\t\t\t<\/span>\n\t\t\t<span id=\"pressure\" data-tab-content class=\"temp-pressure\">\n\t\t\t1025 hPa\t\t\t<\/span>\n\t\t\t<span id=\"snow\" data-tab-content class=\"temp-snow\">\n\t\t\t0 mm\/h\t\t\t<\/span>\n\t\t<\/div>\n\t\t\t<\/div>\n<!-- End forecast details area -->\n\t\t<!-- Forecast details html area start -->\n<div class=\"splw-forecast \">\n\t\t\t<div class=\"splw-forecast-time\">\n\t\t<span class=lw-days>sam Mai 26<\/span>\n\t\t<span class=\"lw-hourly-forecast-time\"><span>11:00 pm<\/span><span class=\"lw-hourly-date\">Mai 2, 2026<\/span><\/span>\t\t\t<\/div>\n\t\t\t\t<div class=\"splw-forecast-icons max\">\n\t\t\t<img decoding=\"async\" src=\"https:\/\/cparici.com\/wp-content\/plugins\/location-weather-pro\/assets\/images\/icons\/weather-icons\/04d.svg\" class=\"weather-icon\" alt=\"weather icon\" title=\"overcast clouds\" width=\"50\" height=\"50\">\t\t\t\t\t<\/div>\n\t\t\t\t\t<div class=\"splw-weather-details\">\n\t\t\t<span id=\"temperature\" data-tab-content class=\"temp-min-mex active\">\n\t\t\t<span class=lw-low-temp><span class=\"low\">10<\/span><span class=\"low-scale\">\u00b0<\/span><\/span><span class=\"lw-forecast-separator\"> \/ <\/span><span class=lw-high-temp><span class=\"high\">22<\/span><span class=\"high-scale\">\u00b0<\/span><span class=\"temperature-scale lw-metric\"><span data-scale=\"\u00b0C\" class=\"active lw-scale\">\u00b0C<\/span> <span class=\"separator\">|<\/span> <span data-scale=\"\u00b0F\" class=\" lw-scale\">\u00b0F<\/span><\/span><\/span>\t\t\t<\/span>\n\t\t\t<span id=\"precipitation\" data-tab-content class=\"temp-precipitation\">\n\t\t\t0 mm\t\t\t<\/span>\n\t\t\t<span id=\"rainchance\" data-tab-content class=\"temp-rainchance\">\n\t\t\t0%\t\t\t<\/span>\n\t\t\t<span id=\"wind\" data-tab-content class=\"temp-wind\">\n\t\t\t<span class=\"lw-wind-value\" data-imperial=\"19 mph\" data-metric=\"32 Km\/h\">32 Km\/h<\/span>\t\t\t<\/span>\n\t\t\t<span id=\"humidity\" data-tab-content class=\"temp-humidity\">\n\t\t\t77 %\t\t\t<\/span>\n\t\t\t<span id=\"pressure\" data-tab-content class=\"temp-pressure\">\n\t\t\t1025 hPa\t\t\t<\/span>\n\t\t\t<span id=\"snow\" data-tab-content class=\"temp-snow\">\n\t\t\t0 mm\/h\t\t\t<\/span>\n\t\t<\/div>\n\t\t\t<\/div>\n<!-- End forecast details area -->\n\t\t<!-- Forecast details html area start -->\n<div class=\"splw-forecast \">\n\t\t\t<div class=\"splw-forecast-time\">\n\t\t<span class=lw-days>dim Mai 26<\/span>\n\t\t<span class=\"lw-hourly-forecast-time\"><span>11:00 pm<\/span><span class=\"lw-hourly-date\">Mai 3, 2026<\/span><\/span>\t\t\t<\/div>\n\t\t\t\t<div class=\"splw-forecast-icons max\">\n\t\t\t<img decoding=\"async\" src=\"https:\/\/cparici.com\/wp-content\/plugins\/location-weather-pro\/assets\/images\/icons\/weather-icons\/04d.svg\" class=\"weather-icon\" alt=\"weather icon\" title=\"overcast clouds\" width=\"50\" height=\"50\">\t\t\t\t\t<\/div>\n\t\t\t\t\t<div class=\"splw-weather-details\">\n\t\t\t<span id=\"temperature\" data-tab-content class=\"temp-min-mex active\">\n\t\t\t<span class=lw-low-temp><span class=\"low\">12<\/span><span class=\"low-scale\">\u00b0<\/span><\/span><span class=\"lw-forecast-separator\"> \/ <\/span><span class=lw-high-temp><span class=\"high\">21<\/span><span class=\"high-scale\">\u00b0<\/span><span class=\"temperature-scale lw-metric\"><span data-scale=\"\u00b0C\" class=\"active lw-scale\">\u00b0C<\/span> <span class=\"separator\">|<\/span> <span data-scale=\"\u00b0F\" class=\" lw-scale\">\u00b0F<\/span><\/span><\/span>\t\t\t<\/span>\n\t\t\t<span id=\"precipitation\" data-tab-content class=\"temp-precipitation\">\n\t\t\t0.12 mm\t\t\t<\/span>\n\t\t\t<span id=\"rainchance\" data-tab-content class=\"temp-rainchance\">\n\t\t\t12%\t\t\t<\/span>\n\t\t\t<span id=\"wind\" data-tab-content class=\"temp-wind\">\n\t\t\t<span class=\"lw-wind-value\" data-imperial=\"15 mph\" data-metric=\"24 Km\/h\">24 Km\/h<\/span>\t\t\t<\/span>\n\t\t\t<span id=\"humidity\" data-tab-content class=\"temp-humidity\">\n\t\t\t98 %\t\t\t<\/span>\n\t\t\t<span id=\"pressure\" data-tab-content class=\"temp-pressure\">\n\t\t\t1021 hPa\t\t\t<\/span>\n\t\t\t<span id=\"snow\" data-tab-content class=\"temp-snow\">\n\t\t\t0 mm\/h\t\t\t<\/span>\n\t\t<\/div>\n\t\t\t<\/div>\n<!-- End forecast details area -->\n\t\t<\/div>\n\t<\/div><div class='lw-both-tabs' id='lw-hourly-content'>\t<div class=\"forecast-wrapper\"> \n\t<!-- Forecast details html area start -->\n<div class=\"splw-forecast \">\n\t\t\t<div class=\"splw-forecast-time\">\n\t\t<span class=lw-days>Today<\/span>\n\t\t<span class=\"lw-hourly-forecast-time\"><span>11:00 am<\/span><span class=\"lw-hourly-date\">Avr 29, 2026<\/span><\/span>\t\t\t<\/div>\n\t\t\t\t<div class=\"splw-forecast-icons max\">\n\t\t\t<img decoding=\"async\" src=\"https:\/\/cparici.com\/wp-content\/plugins\/location-weather-pro\/assets\/images\/icons\/weather-icons\/02d.svg\" class=\"weather-icon\" alt=\"weather icon\" title=\"few clouds\" width=\"50\" height=\"50\">\t\t\t\t\t<\/div>\n\t\t\t\t\t<div class=\"splw-weather-details\">\n\t\t\t<span id=\"temperature\" data-tab-content class=\"temp-min-mex active\">\n\t\t\t<span class=lw-low-temp><span class=\"low\">16<\/span><span class=\"low-scale\">\u00b0<\/span><\/span><span class=\"lw-forecast-separator\"> \/ <\/span><span class=lw-high-temp><span class=\"high\">18<\/span><span class=\"high-scale\">\u00b0<\/span><span class=\"temperature-scale lw-metric\"><span data-scale=\"\u00b0C\" class=\"active lw-scale\">\u00b0C<\/span> <span class=\"separator\">|<\/span> <span data-scale=\"\u00b0F\" class=\" lw-scale\">\u00b0F<\/span><\/span><\/span>\t\t\t<\/span>\n\t\t\t<span id=\"precipitation\" data-tab-content class=\"temp-precipitation\">\n\t\t\t0 mm\t\t\t<\/span>\n\t\t\t<span id=\"rainchance\" data-tab-content class=\"temp-rainchance\">\n\t\t\t0%\t\t\t<\/span>\n\t\t\t<span id=\"wind\" data-tab-content class=\"temp-wind\">\n\t\t\t<span class=\"lw-wind-value\" data-imperial=\"5 mph\" data-metric=\"8 Km\/h\">8 Km\/h<\/span>\t\t\t<\/span>\n\t\t\t<span id=\"humidity\" data-tab-content class=\"temp-humidity\">\n\t\t\t79 %\t\t\t<\/span>\n\t\t\t<span id=\"pressure\" data-tab-content class=\"temp-pressure\">\n\t\t\t1015 hPa\t\t\t<\/span>\n\t\t\t<span id=\"snow\" data-tab-content class=\"temp-snow\">\n\t\t\t0 mm\/h\t\t\t<\/span>\n\t\t<\/div>\n\t\t\t<\/div>\n<!-- End forecast details area -->\n\t\t<!-- Forecast details html area start -->\n<div class=\"splw-forecast \">\n\t\t\t<div class=\"splw-forecast-time\">\n\t\t<span class=lw-days>Today<\/span>\n\t\t<span class=\"lw-hourly-forecast-time\"><span>2:00 pm<\/span><span class=\"lw-hourly-date\">Avr 29, 2026<\/span><\/span>\t\t\t<\/div>\n\t\t\t\t<div class=\"splw-forecast-icons max\">\n\t\t\t<img decoding=\"async\" src=\"https:\/\/cparici.com\/wp-content\/plugins\/location-weather-pro\/assets\/images\/icons\/weather-icons\/03d.svg\" class=\"weather-icon\" alt=\"weather icon\" title=\"scattered clouds\" width=\"50\" height=\"50\">\t\t\t\t\t<\/div>\n\t\t\t\t\t<div class=\"splw-weather-details\">\n\t\t\t<span id=\"temperature\" data-tab-content class=\"temp-min-mex active\">\n\t\t\t<span class=lw-low-temp><span class=\"low\">20<\/span><span class=\"low-scale\">\u00b0<\/span><\/span><span class=\"lw-forecast-separator\"> \/ <\/span><span class=lw-high-temp><span class=\"high\">23<\/span><span class=\"high-scale\">\u00b0<\/span><span class=\"temperature-scale lw-metric\"><span data-scale=\"\u00b0C\" class=\"active lw-scale\">\u00b0C<\/span> <span class=\"separator\">|<\/span> <span data-scale=\"\u00b0F\" class=\" lw-scale\">\u00b0F<\/span><\/span><\/span>\t\t\t<\/span>\n\t\t\t<span id=\"precipitation\" data-tab-content class=\"temp-precipitation\">\n\t\t\t0 mm\t\t\t<\/span>\n\t\t\t<span id=\"rainchance\" data-tab-content class=\"temp-rainchance\">\n\t\t\t0%\t\t\t<\/span>\n\t\t\t<span id=\"wind\" data-tab-content class=\"temp-wind\">\n\t\t\t<span class=\"lw-wind-value\" data-imperial=\"7 mph\" data-metric=\"11 Km\/h\">11 Km\/h<\/span>\t\t\t<\/span>\n\t\t\t<span id=\"humidity\" data-tab-content class=\"temp-humidity\">\n\t\t\t52 %\t\t\t<\/span>\n\t\t\t<span id=\"pressure\" data-tab-content class=\"temp-pressure\">\n\t\t\t1014 hPa\t\t\t<\/span>\n\t\t\t<span id=\"snow\" data-tab-content class=\"temp-snow\">\n\t\t\t0 mm\/h\t\t\t<\/span>\n\t\t<\/div>\n\t\t\t<\/div>\n<!-- End forecast details area -->\n\t\t<!-- Forecast details html area start -->\n<div class=\"splw-forecast \">\n\t\t\t<div class=\"splw-forecast-time\">\n\t\t<span class=lw-days>Today<\/span>\n\t\t<span class=\"lw-hourly-forecast-time\"><span>5:00 pm<\/span><span class=\"lw-hourly-date\">Avr 29, 2026<\/span><\/span>\t\t\t<\/div>\n\t\t\t\t<div class=\"splw-forecast-icons max\">\n\t\t\t<img decoding=\"async\" src=\"https:\/\/cparici.com\/wp-content\/plugins\/location-weather-pro\/assets\/images\/icons\/weather-icons\/04d.svg\" class=\"weather-icon\" alt=\"weather icon\" title=\"broken clouds\" width=\"50\" height=\"50\">\t\t\t\t\t<\/div>\n\t\t\t\t\t<div class=\"splw-weather-details\">\n\t\t\t<span id=\"temperature\" data-tab-content class=\"temp-min-mex active\">\n\t\t\t<span class=lw-low-temp><span class=\"low\">22<\/span><span class=\"low-scale\">\u00b0<\/span><\/span><span class=\"lw-forecast-separator\"> \/ <\/span><span class=lw-high-temp><span class=\"high\">22<\/span><span class=\"high-scale\">\u00b0<\/span><span class=\"temperature-scale lw-metric\"><span data-scale=\"\u00b0C\" class=\"active lw-scale\">\u00b0C<\/span> <span class=\"separator\">|<\/span> <span data-scale=\"\u00b0F\" class=\" lw-scale\">\u00b0F<\/span><\/span><\/span>\t\t\t<\/span>\n\t\t\t<span id=\"precipitation\" data-tab-content class=\"temp-precipitation\">\n\t\t\t0 mm\t\t\t<\/span>\n\t\t\t<span id=\"rainchance\" data-tab-content class=\"temp-rainchance\">\n\t\t\t0%\t\t\t<\/span>\n\t\t\t<span id=\"wind\" data-tab-content class=\"temp-wind\">\n\t\t\t<span class=\"lw-wind-value\" data-imperial=\"15 mph\" data-metric=\"25 Km\/h\">25 Km\/h<\/span>\t\t\t<\/span>\n\t\t\t<span id=\"humidity\" data-tab-content class=\"temp-humidity\">\n\t\t\t38 %\t\t\t<\/span>\n\t\t\t<span id=\"pressure\" data-tab-content class=\"temp-pressure\">\n\t\t\t1013 hPa\t\t\t<\/span>\n\t\t\t<span id=\"snow\" data-tab-content class=\"temp-snow\">\n\t\t\t0 mm\/h\t\t\t<\/span>\n\t\t<\/div>\n\t\t\t<\/div>\n<!-- End forecast details area -->\n\t\t<!-- Forecast details html area start -->\n<div class=\"splw-forecast \">\n\t\t\t<div class=\"splw-forecast-time\">\n\t\t<span class=lw-days>Today<\/span>\n\t\t<span class=\"lw-hourly-forecast-time\"><span>8:00 pm<\/span><span class=\"lw-hourly-date\">Avr 29, 2026<\/span><\/span>\t\t\t<\/div>\n\t\t\t\t<div class=\"splw-forecast-icons max\">\n\t\t\t<img decoding=\"async\" src=\"https:\/\/cparici.com\/wp-content\/plugins\/location-weather-pro\/assets\/images\/icons\/weather-icons\/04d.svg\" class=\"weather-icon\" alt=\"weather icon\" title=\"broken clouds\" width=\"50\" height=\"50\">\t\t\t\t\t<\/div>\n\t\t\t\t\t<div class=\"splw-weather-details\">\n\t\t\t<span id=\"temperature\" data-tab-content class=\"temp-min-mex active\">\n\t\t\t<span class=lw-low-temp><span class=\"low\">17<\/span><span class=\"low-scale\">\u00b0<\/span><\/span><span class=\"lw-forecast-separator\"> \/ <\/span><span class=lw-high-temp><span class=\"high\">17<\/span><span class=\"high-scale\">\u00b0<\/span><span class=\"temperature-scale lw-metric\"><span data-scale=\"\u00b0C\" class=\"active lw-scale\">\u00b0C<\/span> <span class=\"separator\">|<\/span> <span data-scale=\"\u00b0F\" class=\" lw-scale\">\u00b0F<\/span><\/span><\/span>\t\t\t<\/span>\n\t\t\t<span id=\"precipitation\" data-tab-content class=\"temp-precipitation\">\n\t\t\t0 mm\t\t\t<\/span>\n\t\t\t<span id=\"rainchance\" data-tab-content class=\"temp-rainchance\">\n\t\t\t0%\t\t\t<\/span>\n\t\t\t<span id=\"wind\" data-tab-content class=\"temp-wind\">\n\t\t\t<span class=\"lw-wind-value\" data-imperial=\"6 mph\" data-metric=\"10 Km\/h\">10 Km\/h<\/span>\t\t\t<\/span>\n\t\t\t<span id=\"humidity\" data-tab-content class=\"temp-humidity\">\n\t\t\t60 %\t\t\t<\/span>\n\t\t\t<span id=\"pressure\" data-tab-content class=\"temp-pressure\">\n\t\t\t1013 hPa\t\t\t<\/span>\n\t\t\t<span id=\"snow\" data-tab-content class=\"temp-snow\">\n\t\t\t0 mm\/h\t\t\t<\/span>\n\t\t<\/div>\n\t\t\t<\/div>\n<!-- End forecast details area -->\n\t\t<!-- Forecast details html area start -->\n<div class=\"splw-forecast \">\n\t\t\t<div class=\"splw-forecast-time\">\n\t\t<span class=lw-days>Today<\/span>\n\t\t<span class=\"lw-hourly-forecast-time\"><span>11:00 pm<\/span><span class=\"lw-hourly-date\">Avr 29, 2026<\/span><\/span>\t\t\t<\/div>\n\t\t\t\t<div class=\"splw-forecast-icons max\">\n\t\t\t<img decoding=\"async\" src=\"https:\/\/cparici.com\/wp-content\/plugins\/location-weather-pro\/assets\/images\/icons\/weather-icons\/03n.svg\" class=\"weather-icon\" alt=\"weather icon\" title=\"scattered clouds\" width=\"50\" height=\"50\">\t\t\t\t\t<\/div>\n\t\t\t\t\t<div class=\"splw-weather-details\">\n\t\t\t<span id=\"temperature\" data-tab-content class=\"temp-min-mex active\">\n\t\t\t<span class=lw-low-temp><span class=\"low\">14<\/span><span class=\"low-scale\">\u00b0<\/span><\/span><span class=\"lw-forecast-separator\"> \/ <\/span><span class=lw-high-temp><span class=\"high\">14<\/span><span class=\"high-scale\">\u00b0<\/span><span class=\"temperature-scale lw-metric\"><span data-scale=\"\u00b0C\" class=\"active lw-scale\">\u00b0C<\/span> <span class=\"separator\">|<\/span> <span data-scale=\"\u00b0F\" class=\" lw-scale\">\u00b0F<\/span><\/span><\/span>\t\t\t<\/span>\n\t\t\t<span id=\"precipitation\" data-tab-content class=\"temp-precipitation\">\n\t\t\t0 mm\t\t\t<\/span>\n\t\t\t<span id=\"rainchance\" data-tab-content class=\"temp-rainchance\">\n\t\t\t0%\t\t\t<\/span>\n\t\t\t<span id=\"wind\" data-tab-content class=\"temp-wind\">\n\t\t\t<span class=\"lw-wind-value\" data-imperial=\"2 mph\" data-metric=\"3 Km\/h\">3 Km\/h<\/span>\t\t\t<\/span>\n\t\t\t<span id=\"humidity\" data-tab-content class=\"temp-humidity\">\n\t\t\t76 %\t\t\t<\/span>\n\t\t\t<span id=\"pressure\" data-tab-content class=\"temp-pressure\">\n\t\t\t1015 hPa\t\t\t<\/span>\n\t\t\t<span id=\"snow\" data-tab-content class=\"temp-snow\">\n\t\t\t0 mm\/h\t\t\t<\/span>\n\t\t<\/div>\n\t\t\t<\/div>\n<!-- End forecast details area -->\n\t\t<!-- Forecast details html area start -->\n<div class=\"splw-forecast \">\n\t\t\t<div class=\"splw-forecast-time\">\n\t\t<span class=lw-days>Tomorrow<\/span>\n\t\t<span class=\"lw-hourly-forecast-time\"><span>2:00 am<\/span><span class=\"lw-hourly-date\">Avr 30, 2026<\/span><\/span>\t\t\t<\/div>\n\t\t\t\t<div class=\"splw-forecast-icons max\">\n\t\t\t<img decoding=\"async\" src=\"https:\/\/cparici.com\/wp-content\/plugins\/location-weather-pro\/assets\/images\/icons\/weather-icons\/03n.svg\" class=\"weather-icon\" alt=\"weather icon\" title=\"scattered clouds\" width=\"50\" height=\"50\">\t\t\t\t\t<\/div>\n\t\t\t\t\t<div class=\"splw-weather-details\">\n\t\t\t<span id=\"temperature\" data-tab-content class=\"temp-min-mex active\">\n\t\t\t<span class=lw-low-temp><span class=\"low\">13<\/span><span class=\"low-scale\">\u00b0<\/span><\/span><span class=\"lw-forecast-separator\"> \/ <\/span><span class=lw-high-temp><span class=\"high\">13<\/span><span class=\"high-scale\">\u00b0<\/span><span class=\"temperature-scale lw-metric\"><span data-scale=\"\u00b0C\" class=\"active lw-scale\">\u00b0C<\/span> <span class=\"separator\">|<\/span> <span data-scale=\"\u00b0F\" class=\" lw-scale\">\u00b0F<\/span><\/span><\/span>\t\t\t<\/span>\n\t\t\t<span id=\"precipitation\" data-tab-content class=\"temp-precipitation\">\n\t\t\t0 mm\t\t\t<\/span>\n\t\t\t<span id=\"rainchance\" data-tab-content class=\"temp-rainchance\">\n\t\t\t0%\t\t\t<\/span>\n\t\t\t<span id=\"wind\" data-tab-content class=\"temp-wind\">\n\t\t\t<span class=\"lw-wind-value\" data-imperial=\"2 mph\" data-metric=\"3 Km\/h\">3 Km\/h<\/span>\t\t\t<\/span>\n\t\t\t<span id=\"humidity\" data-tab-content class=\"temp-humidity\">\n\t\t\t76 %\t\t\t<\/span>\n\t\t\t<span id=\"pressure\" data-tab-content class=\"temp-pressure\">\n\t\t\t1016 hPa\t\t\t<\/span>\n\t\t\t<span id=\"snow\" data-tab-content class=\"temp-snow\">\n\t\t\t0 mm\/h\t\t\t<\/span>\n\t\t<\/div>\n\t\t\t<\/div>\n<!-- End forecast details area -->\n\t\t<!-- Forecast details html area start -->\n<div class=\"splw-forecast \">\n\t\t\t<div class=\"splw-forecast-time\">\n\t\t<span class=lw-days>Tomorrow<\/span>\n\t\t<span class=\"lw-hourly-forecast-time\"><span>5:00 am<\/span><span class=\"lw-hourly-date\">Avr 30, 2026<\/span><\/span>\t\t\t<\/div>\n\t\t\t\t<div class=\"splw-forecast-icons max\">\n\t\t\t<img decoding=\"async\" src=\"https:\/\/cparici.com\/wp-content\/plugins\/location-weather-pro\/assets\/images\/icons\/weather-icons\/04n.svg\" class=\"weather-icon\" alt=\"weather icon\" title=\"broken clouds\" width=\"50\" height=\"50\">\t\t\t\t\t<\/div>\n\t\t\t\t\t<div class=\"splw-weather-details\">\n\t\t\t<span id=\"temperature\" data-tab-content class=\"temp-min-mex active\">\n\t\t\t<span class=lw-low-temp><span class=\"low\">12<\/span><span class=\"low-scale\">\u00b0<\/span><\/span><span class=\"lw-forecast-separator\"> \/ <\/span><span class=lw-high-temp><span class=\"high\">12<\/span><span class=\"high-scale\">\u00b0<\/span><span class=\"temperature-scale lw-metric\"><span data-scale=\"\u00b0C\" class=\"active lw-scale\">\u00b0C<\/span> <span class=\"separator\">|<\/span> <span data-scale=\"\u00b0F\" class=\" lw-scale\">\u00b0F<\/span><\/span><\/span>\t\t\t<\/span>\n\t\t\t<span id=\"precipitation\" data-tab-content class=\"temp-precipitation\">\n\t\t\t0 mm\t\t\t<\/span>\n\t\t\t<span id=\"rainchance\" data-tab-content class=\"temp-rainchance\">\n\t\t\t0%\t\t\t<\/span>\n\t\t\t<span id=\"wind\" data-tab-content class=\"temp-wind\">\n\t\t\t<span class=\"lw-wind-value\" data-imperial=\"3 mph\" data-metric=\"5 Km\/h\">5 Km\/h<\/span>\t\t\t<\/span>\n\t\t\t<span id=\"humidity\" data-tab-content class=\"temp-humidity\">\n\t\t\t77 %\t\t\t<\/span>\n\t\t\t<span id=\"pressure\" data-tab-content class=\"temp-pressure\">\n\t\t\t1015 hPa\t\t\t<\/span>\n\t\t\t<span id=\"snow\" data-tab-content class=\"temp-snow\">\n\t\t\t0 mm\/h\t\t\t<\/span>\n\t\t<\/div>\n\t\t\t<\/div>\n<!-- End forecast details area -->\n\t\t<!-- Forecast details html area start -->\n<div class=\"splw-forecast \">\n\t\t\t<div class=\"splw-forecast-time\">\n\t\t<span class=lw-days>Tomorrow<\/span>\n\t\t<span class=\"lw-hourly-forecast-time\"><span>8:00 am<\/span><span class=\"lw-hourly-date\">Avr 30, 2026<\/span><\/span>\t\t\t<\/div>\n\t\t\t\t<div class=\"splw-forecast-icons max\">\n\t\t\t<img decoding=\"async\" src=\"https:\/\/cparici.com\/wp-content\/plugins\/location-weather-pro\/assets\/images\/icons\/weather-icons\/03d.svg\" class=\"weather-icon\" alt=\"weather icon\" title=\"scattered clouds\" width=\"50\" height=\"50\">\t\t\t\t\t<\/div>\n\t\t\t\t\t<div class=\"splw-weather-details\">\n\t\t\t<span id=\"temperature\" data-tab-content class=\"temp-min-mex active\">\n\t\t\t<span class=lw-low-temp><span class=\"low\">14<\/span><span class=\"low-scale\">\u00b0<\/span><\/span><span class=\"lw-forecast-separator\"> \/ <\/span><span class=lw-high-temp><span class=\"high\">14<\/span><span class=\"high-scale\">\u00b0<\/span><span class=\"temperature-scale lw-metric\"><span data-scale=\"\u00b0C\" class=\"active lw-scale\">\u00b0C<\/span> <span class=\"separator\">|<\/span> <span data-scale=\"\u00b0F\" class=\" lw-scale\">\u00b0F<\/span><\/span><\/span>\t\t\t<\/span>\n\t\t\t<span id=\"precipitation\" data-tab-content class=\"temp-precipitation\">\n\t\t\t0 mm\t\t\t<\/span>\n\t\t\t<span id=\"rainchance\" data-tab-content class=\"temp-rainchance\">\n\t\t\t0%\t\t\t<\/span>\n\t\t\t<span id=\"wind\" data-tab-content class=\"temp-wind\">\n\t\t\t<span class=\"lw-wind-value\" data-imperial=\"3 mph\" data-metric=\"5 Km\/h\">5 Km\/h<\/span>\t\t\t<\/span>\n\t\t\t<span id=\"humidity\" data-tab-content class=\"temp-humidity\">\n\t\t\t67 %\t\t\t<\/span>\n\t\t\t<span id=\"pressure\" data-tab-content class=\"temp-pressure\">\n\t\t\t1016 hPa\t\t\t<\/span>\n\t\t\t<span id=\"snow\" data-tab-content class=\"temp-snow\">\n\t\t\t0 mm\/h\t\t\t<\/span>\n\t\t<\/div>\n\t\t\t<\/div>\n<!-- End forecast details area -->\n\t\t<!-- Forecast details html area start -->\n<div class=\"splw-forecast \">\n\t\t\t<div class=\"splw-forecast-time\">\n\t\t<span class=lw-days>Tomorrow<\/span>\n\t\t<span class=\"lw-hourly-forecast-time\"><span>11:00 am<\/span><span class=\"lw-hourly-date\">Avr 30, 2026<\/span><\/span>\t\t\t<\/div>\n\t\t\t\t<div class=\"splw-forecast-icons max\">\n\t\t\t<img decoding=\"async\" src=\"https:\/\/cparici.com\/wp-content\/plugins\/location-weather-pro\/assets\/images\/icons\/weather-icons\/03d.svg\" class=\"weather-icon\" alt=\"weather icon\" title=\"scattered clouds\" width=\"50\" height=\"50\">\t\t\t\t\t<\/div>\n\t\t\t\t\t<div class=\"splw-weather-details\">\n\t\t\t<span id=\"temperature\" data-tab-content class=\"temp-min-mex active\">\n\t\t\t<span class=lw-low-temp><span class=\"low\">20<\/span><span class=\"low-scale\">\u00b0<\/span><\/span><span class=\"lw-forecast-separator\"> \/ <\/span><span class=lw-high-temp><span class=\"high\">20<\/span><span class=\"high-scale\">\u00b0<\/span><span class=\"temperature-scale lw-metric\"><span data-scale=\"\u00b0C\" class=\"active lw-scale\">\u00b0C<\/span> <span class=\"separator\">|<\/span> <span data-scale=\"\u00b0F\" class=\" lw-scale\">\u00b0F<\/span><\/span><\/span>\t\t\t<\/span>\n\t\t\t<span id=\"precipitation\" data-tab-content class=\"temp-precipitation\">\n\t\t\t0 mm\t\t\t<\/span>\n\t\t\t<span id=\"rainchance\" data-tab-content class=\"temp-rainchance\">\n\t\t\t0%\t\t\t<\/span>\n\t\t\t<span id=\"wind\" data-tab-content class=\"temp-wind\">\n\t\t\t<span class=\"lw-wind-value\" data-imperial=\"2 mph\" data-metric=\"3 Km\/h\">3 Km\/h<\/span>\t\t\t<\/span>\n\t\t\t<span id=\"humidity\" data-tab-content class=\"temp-humidity\">\n\t\t\t43 %\t\t\t<\/span>\n\t\t\t<span id=\"pressure\" data-tab-content class=\"temp-pressure\">\n\t\t\t1017 hPa\t\t\t<\/span>\n\t\t\t<span id=\"snow\" data-tab-content class=\"temp-snow\">\n\t\t\t0 mm\/h\t\t\t<\/span>\n\t\t<\/div>\n\t\t\t<\/div>\n<!-- End forecast details area -->\n\t\t<!-- Forecast details html area start -->\n<div class=\"splw-forecast \">\n\t\t\t<div class=\"splw-forecast-time\">\n\t\t<span class=lw-days>Tomorrow<\/span>\n\t\t<span class=\"lw-hourly-forecast-time\"><span>2:00 pm<\/span><span class=\"lw-hourly-date\">Avr 30, 2026<\/span><\/span>\t\t\t<\/div>\n\t\t\t\t<div class=\"splw-forecast-icons max\">\n\t\t\t<img decoding=\"async\" src=\"https:\/\/cparici.com\/wp-content\/plugins\/location-weather-pro\/assets\/images\/icons\/weather-icons\/10d.svg\" class=\"weather-icon\" alt=\"weather icon\" title=\"light rain\" width=\"50\" height=\"50\">\t\t\t\t\t<\/div>\n\t\t\t\t\t<div class=\"splw-weather-details\">\n\t\t\t<span id=\"temperature\" data-tab-content class=\"temp-min-mex active\">\n\t\t\t<span class=lw-low-temp><span class=\"low\">22<\/span><span class=\"low-scale\">\u00b0<\/span><\/span><span class=\"lw-forecast-separator\"> \/ <\/span><span class=lw-high-temp><span class=\"high\">22<\/span><span class=\"high-scale\">\u00b0<\/span><span class=\"temperature-scale lw-metric\"><span data-scale=\"\u00b0C\" class=\"active lw-scale\">\u00b0C<\/span> <span class=\"separator\">|<\/span> <span data-scale=\"\u00b0F\" class=\" lw-scale\">\u00b0F<\/span><\/span><\/span>\t\t\t<\/span>\n\t\t\t<span id=\"precipitation\" data-tab-content class=\"temp-precipitation\">\n\t\t\t0.2 mm\t\t\t<\/span>\n\t\t\t<span id=\"rainchance\" data-tab-content class=\"temp-rainchance\">\n\t\t\t20%\t\t\t<\/span>\n\t\t\t<span id=\"wind\" data-tab-content class=\"temp-wind\">\n\t\t\t<span class=\"lw-wind-value\" data-imperial=\"9 mph\" data-metric=\"14 Km\/h\">14 Km\/h<\/span>\t\t\t<\/span>\n\t\t\t<span id=\"humidity\" data-tab-content class=\"temp-humidity\">\n\t\t\t41 %\t\t\t<\/span>\n\t\t\t<span id=\"pressure\" data-tab-content class=\"temp-pressure\">\n\t\t\t1017 hPa\t\t\t<\/span>\n\t\t\t<span id=\"snow\" data-tab-content class=\"temp-snow\">\n\t\t\t0 mm\/h\t\t\t<\/span>\n\t\t<\/div>\n\t\t\t<\/div>\n<!-- End forecast details area -->\n\t\t<!-- Forecast details html area start -->\n<div class=\"splw-forecast \">\n\t\t\t<div class=\"splw-forecast-time\">\n\t\t<span class=lw-days>Tomorrow<\/span>\n\t\t<span class=\"lw-hourly-forecast-time\"><span>5:00 pm<\/span><span class=\"lw-hourly-date\">Avr 30, 2026<\/span><\/span>\t\t\t<\/div>\n\t\t\t\t<div class=\"splw-forecast-icons max\">\n\t\t\t<img decoding=\"async\" src=\"https:\/\/cparici.com\/wp-content\/plugins\/location-weather-pro\/assets\/images\/icons\/weather-icons\/10d.svg\" class=\"weather-icon\" alt=\"weather icon\" title=\"light rain\" width=\"50\" height=\"50\">\t\t\t\t\t<\/div>\n\t\t\t\t\t<div class=\"splw-weather-details\">\n\t\t\t<span id=\"temperature\" data-tab-content class=\"temp-min-mex active\">\n\t\t\t<span class=lw-low-temp><span class=\"low\">19<\/span><span class=\"low-scale\">\u00b0<\/span><\/span><span class=\"lw-forecast-separator\"> \/ <\/span><span class=lw-high-temp><span class=\"high\">19<\/span><span class=\"high-scale\">\u00b0<\/span><span class=\"temperature-scale lw-metric\"><span data-scale=\"\u00b0C\" class=\"active lw-scale\">\u00b0C<\/span> <span class=\"separator\">|<\/span> <span data-scale=\"\u00b0F\" class=\" lw-scale\">\u00b0F<\/span><\/span><\/span>\t\t\t<\/span>\n\t\t\t<span id=\"precipitation\" data-tab-content class=\"temp-precipitation\">\n\t\t\t0.2 mm\t\t\t<\/span>\n\t\t\t<span id=\"rainchance\" data-tab-content class=\"temp-rainchance\">\n\t\t\t20%\t\t\t<\/span>\n\t\t\t<span id=\"wind\" data-tab-content class=\"temp-wind\">\n\t\t\t<span class=\"lw-wind-value\" data-imperial=\"10 mph\" data-metric=\"16 Km\/h\">16 Km\/h<\/span>\t\t\t<\/span>\n\t\t\t<span id=\"humidity\" data-tab-content class=\"temp-humidity\">\n\t\t\t67 %\t\t\t<\/span>\n\t\t\t<span id=\"pressure\" data-tab-content class=\"temp-pressure\">\n\t\t\t1018 hPa\t\t\t<\/span>\n\t\t\t<span id=\"snow\" data-tab-content class=\"temp-snow\">\n\t\t\t0 mm\/h\t\t\t<\/span>\n\t\t<\/div>\n\t\t\t<\/div>\n<!-- End forecast details area -->\n\t\t<!-- Forecast details html area start -->\n<div class=\"splw-forecast \">\n\t\t\t<div class=\"splw-forecast-time\">\n\t\t<span class=lw-days>Tomorrow<\/span>\n\t\t<span class=\"lw-hourly-forecast-time\"><span>8:00 pm<\/span><span class=\"lw-hourly-date\">Avr 30, 2026<\/span><\/span>\t\t\t<\/div>\n\t\t\t\t<div class=\"splw-forecast-icons max\">\n\t\t\t<img decoding=\"async\" src=\"https:\/\/cparici.com\/wp-content\/plugins\/location-weather-pro\/assets\/images\/icons\/weather-icons\/10d.svg\" class=\"weather-icon\" alt=\"weather icon\" title=\"light rain\" width=\"50\" height=\"50\">\t\t\t\t\t<\/div>\n\t\t\t\t\t<div class=\"splw-weather-details\">\n\t\t\t<span id=\"temperature\" data-tab-content class=\"temp-min-mex active\">\n\t\t\t<span class=lw-low-temp><span class=\"low\">17<\/span><span class=\"low-scale\">\u00b0<\/span><\/span><span class=\"lw-forecast-separator\"> \/ <\/span><span class=lw-high-temp><span class=\"high\">17<\/span><span class=\"high-scale\">\u00b0<\/span><span class=\"temperature-scale lw-metric\"><span data-scale=\"\u00b0C\" class=\"active lw-scale\">\u00b0C<\/span> <span class=\"separator\">|<\/span> <span data-scale=\"\u00b0F\" class=\" lw-scale\">\u00b0F<\/span><\/span><\/span>\t\t\t<\/span>\n\t\t\t<span id=\"precipitation\" data-tab-content class=\"temp-precipitation\">\n\t\t\t0.25 mm\t\t\t<\/span>\n\t\t\t<span id=\"rainchance\" data-tab-content class=\"temp-rainchance\">\n\t\t\t25%\t\t\t<\/span>\n\t\t\t<span id=\"wind\" data-tab-content class=\"temp-wind\">\n\t\t\t<span class=\"lw-wind-value\" data-imperial=\"8 mph\" data-metric=\"13 Km\/h\">13 Km\/h<\/span>\t\t\t<\/span>\n\t\t\t<span id=\"humidity\" data-tab-content class=\"temp-humidity\">\n\t\t\t72 %\t\t\t<\/span>\n\t\t\t<span id=\"pressure\" data-tab-content class=\"temp-pressure\">\n\t\t\t1019 hPa\t\t\t<\/span>\n\t\t\t<span id=\"snow\" data-tab-content class=\"temp-snow\">\n\t\t\t0 mm\/h\t\t\t<\/span>\n\t\t<\/div>\n\t\t\t<\/div>\n<!-- End forecast details area -->\n\t\t<!-- Forecast details html area start -->\n<div class=\"splw-forecast \">\n\t\t\t<div class=\"splw-forecast-time\">\n\t\t<span class=lw-days>Tomorrow<\/span>\n\t\t<span class=\"lw-hourly-forecast-time\"><span>11:00 pm<\/span><span class=\"lw-hourly-date\">Avr 30, 2026<\/span><\/span>\t\t\t<\/div>\n\t\t\t\t<div class=\"splw-forecast-icons max\">\n\t\t\t<img decoding=\"async\" src=\"https:\/\/cparici.com\/wp-content\/plugins\/location-weather-pro\/assets\/images\/icons\/weather-icons\/04n.svg\" class=\"weather-icon\" alt=\"weather icon\" title=\"overcast clouds\" width=\"50\" height=\"50\">\t\t\t\t\t<\/div>\n\t\t\t\t\t<div class=\"splw-weather-details\">\n\t\t\t<span id=\"temperature\" data-tab-content class=\"temp-min-mex active\">\n\t\t\t<span class=lw-low-temp><span class=\"low\">14<\/span><span class=\"low-scale\">\u00b0<\/span><\/span><span class=\"lw-forecast-separator\"> \/ <\/span><span class=lw-high-temp><span class=\"high\">14<\/span><span class=\"high-scale\">\u00b0<\/span><span class=\"temperature-scale lw-metric\"><span data-scale=\"\u00b0C\" class=\"active lw-scale\">\u00b0C<\/span> <span class=\"separator\">|<\/span> <span data-scale=\"\u00b0F\" class=\" lw-scale\">\u00b0F<\/span><\/span><\/span>\t\t\t<\/span>\n\t\t\t<span id=\"precipitation\" data-tab-content class=\"temp-precipitation\">\n\t\t\t0 mm\t\t\t<\/span>\n\t\t\t<span id=\"rainchance\" data-tab-content class=\"temp-rainchance\">\n\t\t\t0%\t\t\t<\/span>\n\t\t\t<span id=\"wind\" data-tab-content class=\"temp-wind\">\n\t\t\t<span class=\"lw-wind-value\" data-imperial=\"6 mph\" data-metric=\"9 Km\/h\">9 Km\/h<\/span>\t\t\t<\/span>\n\t\t\t<span id=\"humidity\" data-tab-content class=\"temp-humidity\">\n\t\t\t84 %\t\t\t<\/span>\n\t\t\t<span id=\"pressure\" data-tab-content class=\"temp-pressure\">\n\t\t\t1021 hPa\t\t\t<\/span>\n\t\t\t<span id=\"snow\" data-tab-content class=\"temp-snow\">\n\t\t\t0 mm\/h\t\t\t<\/span>\n\t\t<\/div>\n\t\t\t<\/div>\n<!-- End forecast details area -->\n\t\t<!-- Forecast details html area start -->\n<div class=\"splw-forecast \">\n\t\t\t<div class=\"splw-forecast-time\">\n\t\t<span class=lw-days>ven Mai 26<\/span>\n\t\t<span class=\"lw-hourly-forecast-time\"><span>2:00 am<\/span><span class=\"lw-hourly-date\">Mai 1, 2026<\/span><\/span>\t\t\t<\/div>\n\t\t\t\t<div class=\"splw-forecast-icons max\">\n\t\t\t<img decoding=\"async\" src=\"https:\/\/cparici.com\/wp-content\/plugins\/location-weather-pro\/assets\/images\/icons\/weather-icons\/04n.svg\" class=\"weather-icon\" alt=\"weather icon\" title=\"overcast clouds\" width=\"50\" height=\"50\">\t\t\t\t\t<\/div>\n\t\t\t\t\t<div class=\"splw-weather-details\">\n\t\t\t<span id=\"temperature\" data-tab-content class=\"temp-min-mex active\">\n\t\t\t<span class=lw-low-temp><span class=\"low\">15<\/span><span class=\"low-scale\">\u00b0<\/span><\/span><span class=\"lw-forecast-separator\"> \/ <\/span><span class=lw-high-temp><span class=\"high\">15<\/span><span class=\"high-scale\">\u00b0<\/span><span class=\"temperature-scale lw-metric\"><span data-scale=\"\u00b0C\" class=\"active lw-scale\">\u00b0C<\/span> <span class=\"separator\">|<\/span> <span data-scale=\"\u00b0F\" class=\" lw-scale\">\u00b0F<\/span><\/span><\/span>\t\t\t<\/span>\n\t\t\t<span id=\"precipitation\" data-tab-content class=\"temp-precipitation\">\n\t\t\t0 mm\t\t\t<\/span>\n\t\t\t<span id=\"rainchance\" data-tab-content class=\"temp-rainchance\">\n\t\t\t0%\t\t\t<\/span>\n\t\t\t<span id=\"wind\" data-tab-content class=\"temp-wind\">\n\t\t\t<span class=\"lw-wind-value\" data-imperial=\"4 mph\" data-metric=\"6 Km\/h\">6 Km\/h<\/span>\t\t\t<\/span>\n\t\t\t<span id=\"humidity\" data-tab-content class=\"temp-humidity\">\n\t\t\t84 %\t\t\t<\/span>\n\t\t\t<span id=\"pressure\" data-tab-content class=\"temp-pressure\">\n\t\t\t1022 hPa\t\t\t<\/span>\n\t\t\t<span id=\"snow\" data-tab-content class=\"temp-snow\">\n\t\t\t0 mm\/h\t\t\t<\/span>\n\t\t<\/div>\n\t\t\t<\/div>\n<!-- End forecast details area -->\n\t\t<!-- Forecast details html area start -->\n<div class=\"splw-forecast \">\n\t\t\t<div class=\"splw-forecast-time\">\n\t\t<span class=lw-days>ven Mai 26<\/span>\n\t\t<span class=\"lw-hourly-forecast-time\"><span>5:00 am<\/span><span class=\"lw-hourly-date\">Mai 1, 2026<\/span><\/span>\t\t\t<\/div>\n\t\t\t\t<div class=\"splw-forecast-icons max\">\n\t\t\t<img decoding=\"async\" src=\"https:\/\/cparici.com\/wp-content\/plugins\/location-weather-pro\/assets\/images\/icons\/weather-icons\/04n.svg\" class=\"weather-icon\" alt=\"weather icon\" title=\"overcast clouds\" width=\"50\" height=\"50\">\t\t\t\t\t<\/div>\n\t\t\t\t\t<div class=\"splw-weather-details\">\n\t\t\t<span id=\"temperature\" data-tab-content class=\"temp-min-mex active\">\n\t\t\t<span class=lw-low-temp><span class=\"low\">15<\/span><span class=\"low-scale\">\u00b0<\/span><\/span><span class=\"lw-forecast-separator\"> \/ <\/span><span class=lw-high-temp><span class=\"high\">15<\/span><span class=\"high-scale\">\u00b0<\/span><span class=\"temperature-scale lw-metric\"><span data-scale=\"\u00b0C\" class=\"active lw-scale\">\u00b0C<\/span> <span class=\"separator\">|<\/span> <span data-scale=\"\u00b0F\" class=\" lw-scale\">\u00b0F<\/span><\/span><\/span>\t\t\t<\/span>\n\t\t\t<span id=\"precipitation\" data-tab-content class=\"temp-precipitation\">\n\t\t\t0 mm\t\t\t<\/span>\n\t\t\t<span id=\"rainchance\" data-tab-content class=\"temp-rainchance\">\n\t\t\t0%\t\t\t<\/span>\n\t\t\t<span id=\"wind\" data-tab-content class=\"temp-wind\">\n\t\t\t<span class=\"lw-wind-value\" data-imperial=\"2 mph\" data-metric=\"4 Km\/h\">4 Km\/h<\/span>\t\t\t<\/span>\n\t\t\t<span id=\"humidity\" data-tab-content class=\"temp-humidity\">\n\t\t\t82 %\t\t\t<\/span>\n\t\t\t<span id=\"pressure\" data-tab-content class=\"temp-pressure\">\n\t\t\t1022 hPa\t\t\t<\/span>\n\t\t\t<span id=\"snow\" data-tab-content class=\"temp-snow\">\n\t\t\t0 mm\/h\t\t\t<\/span>\n\t\t<\/div>\n\t\t\t<\/div>\n<!-- End forecast details area -->\n\t\t<!-- Forecast details html area start -->\n<div class=\"splw-forecast \">\n\t\t\t<div class=\"splw-forecast-time\">\n\t\t<span class=lw-days>ven Mai 26<\/span>\n\t\t<span class=\"lw-hourly-forecast-time\"><span>8:00 am<\/span><span class=\"lw-hourly-date\">Mai 1, 2026<\/span><\/span>\t\t\t<\/div>\n\t\t\t\t<div class=\"splw-forecast-icons max\">\n\t\t\t<img decoding=\"async\" src=\"https:\/\/cparici.com\/wp-content\/plugins\/location-weather-pro\/assets\/images\/icons\/weather-icons\/04d.svg\" class=\"weather-icon\" alt=\"weather icon\" title=\"overcast clouds\" width=\"50\" height=\"50\">\t\t\t\t\t<\/div>\n\t\t\t\t\t<div class=\"splw-weather-details\">\n\t\t\t<span id=\"temperature\" data-tab-content class=\"temp-min-mex active\">\n\t\t\t<span class=lw-low-temp><span class=\"low\">15<\/span><span class=\"low-scale\">\u00b0<\/span><\/span><span class=\"lw-forecast-separator\"> \/ <\/span><span class=lw-high-temp><span class=\"high\">15<\/span><span class=\"high-scale\">\u00b0<\/span><span class=\"temperature-scale lw-metric\"><span data-scale=\"\u00b0C\" class=\"active lw-scale\">\u00b0C<\/span> <span class=\"separator\">|<\/span> <span data-scale=\"\u00b0F\" class=\" lw-scale\">\u00b0F<\/span><\/span><\/span>\t\t\t<\/span>\n\t\t\t<span id=\"precipitation\" data-tab-content class=\"temp-precipitation\">\n\t\t\t0 mm\t\t\t<\/span>\n\t\t\t<span id=\"rainchance\" data-tab-content class=\"temp-rainchance\">\n\t\t\t0%\t\t\t<\/span>\n\t\t\t<span id=\"wind\" data-tab-content class=\"temp-wind\">\n\t\t\t<span class=\"lw-wind-value\" data-imperial=\"2 mph\" data-metric=\"4 Km\/h\">4 Km\/h<\/span>\t\t\t<\/span>\n\t\t\t<span id=\"humidity\" data-tab-content class=\"temp-humidity\">\n\t\t\t83 %\t\t\t<\/span>\n\t\t\t<span id=\"pressure\" data-tab-content class=\"temp-pressure\">\n\t\t\t1023 hPa\t\t\t<\/span>\n\t\t\t<span id=\"snow\" data-tab-content class=\"temp-snow\">\n\t\t\t0 mm\/h\t\t\t<\/span>\n\t\t<\/div>\n\t\t\t<\/div>\n<!-- End forecast details area -->\n\t\t<!-- Forecast details html area start -->\n<div class=\"splw-forecast \">\n\t\t\t<div class=\"splw-forecast-time\">\n\t\t<span class=lw-days>ven Mai 26<\/span>\n\t\t<span class=\"lw-hourly-forecast-time\"><span>11:00 am<\/span><span class=\"lw-hourly-date\">Mai 1, 2026<\/span><\/span>\t\t\t<\/div>\n\t\t\t\t<div class=\"splw-forecast-icons max\">\n\t\t\t<img decoding=\"async\" src=\"https:\/\/cparici.com\/wp-content\/plugins\/location-weather-pro\/assets\/images\/icons\/weather-icons\/04d.svg\" class=\"weather-icon\" alt=\"weather icon\" title=\"overcast clouds\" width=\"50\" height=\"50\">\t\t\t\t\t<\/div>\n\t\t\t\t\t<div class=\"splw-weather-details\">\n\t\t\t<span id=\"temperature\" data-tab-content class=\"temp-min-mex active\">\n\t\t\t<span class=lw-low-temp><span class=\"low\">17<\/span><span class=\"low-scale\">\u00b0<\/span><\/span><span class=\"lw-forecast-separator\"> \/ <\/span><span class=lw-high-temp><span class=\"high\">17<\/span><span class=\"high-scale\">\u00b0<\/span><span class=\"temperature-scale lw-metric\"><span data-scale=\"\u00b0C\" class=\"active lw-scale\">\u00b0C<\/span> <span class=\"separator\">|<\/span> <span data-scale=\"\u00b0F\" class=\" lw-scale\">\u00b0F<\/span><\/span><\/span>\t\t\t<\/span>\n\t\t\t<span id=\"precipitation\" data-tab-content class=\"temp-precipitation\">\n\t\t\t0 mm\t\t\t<\/span>\n\t\t\t<span id=\"rainchance\" data-tab-content class=\"temp-rainchance\">\n\t\t\t0%\t\t\t<\/span>\n\t\t\t<span id=\"wind\" data-tab-content class=\"temp-wind\">\n\t\t\t<span class=\"lw-wind-value\" data-imperial=\"1 mph\" data-metric=\"1 Km\/h\">1 Km\/h<\/span>\t\t\t<\/span>\n\t\t\t<span id=\"humidity\" data-tab-content class=\"temp-humidity\">\n\t\t\t72 %\t\t\t<\/span>\n\t\t\t<span id=\"pressure\" data-tab-content class=\"temp-pressure\">\n\t\t\t1024 hPa\t\t\t<\/span>\n\t\t\t<span id=\"snow\" data-tab-content class=\"temp-snow\">\n\t\t\t0 mm\/h\t\t\t<\/span>\n\t\t<\/div>\n\t\t\t<\/div>\n<!-- End forecast details area -->\n\t\t<!-- Forecast details html area start -->\n<div class=\"splw-forecast \">\n\t\t\t<div class=\"splw-forecast-time\">\n\t\t<span class=lw-days>ven Mai 26<\/span>\n\t\t<span class=\"lw-hourly-forecast-time\"><span>2:00 pm<\/span><span class=\"lw-hourly-date\">Mai 1, 2026<\/span><\/span>\t\t\t<\/div>\n\t\t\t\t<div class=\"splw-forecast-icons max\">\n\t\t\t<img decoding=\"async\" src=\"https:\/\/cparici.com\/wp-content\/plugins\/location-weather-pro\/assets\/images\/icons\/weather-icons\/04d.svg\" class=\"weather-icon\" alt=\"weather icon\" title=\"overcast clouds\" width=\"50\" height=\"50\">\t\t\t\t\t<\/div>\n\t\t\t\t\t<div class=\"splw-weather-details\">\n\t\t\t<span id=\"temperature\" data-tab-content class=\"temp-min-mex active\">\n\t\t\t<span class=lw-low-temp><span class=\"low\">22<\/span><span class=\"low-scale\">\u00b0<\/span><\/span><span class=\"lw-forecast-separator\"> \/ <\/span><span class=lw-high-temp><span class=\"high\">22<\/span><span class=\"high-scale\">\u00b0<\/span><span class=\"temperature-scale lw-metric\"><span data-scale=\"\u00b0C\" class=\"active lw-scale\">\u00b0C<\/span> <span class=\"separator\">|<\/span> <span data-scale=\"\u00b0F\" class=\" lw-scale\">\u00b0F<\/span><\/span><\/span>\t\t\t<\/span>\n\t\t\t<span id=\"precipitation\" data-tab-content class=\"temp-precipitation\">\n\t\t\t0 mm\t\t\t<\/span>\n\t\t\t<span id=\"rainchance\" data-tab-content class=\"temp-rainchance\">\n\t\t\t0%\t\t\t<\/span>\n\t\t\t<span id=\"wind\" data-tab-content class=\"temp-wind\">\n\t\t\t<span class=\"lw-wind-value\" data-imperial=\"4 mph\" data-metric=\"7 Km\/h\">7 Km\/h<\/span>\t\t\t<\/span>\n\t\t\t<span id=\"humidity\" data-tab-content class=\"temp-humidity\">\n\t\t\t44 %\t\t\t<\/span>\n\t\t\t<span id=\"pressure\" data-tab-content class=\"temp-pressure\">\n\t\t\t1023 hPa\t\t\t<\/span>\n\t\t\t<span id=\"snow\" data-tab-content class=\"temp-snow\">\n\t\t\t0 mm\/h\t\t\t<\/span>\n\t\t<\/div>\n\t\t\t<\/div>\n<!-- End forecast details area -->\n\t\t<!-- Forecast details html area start -->\n<div class=\"splw-forecast \">\n\t\t\t<div class=\"splw-forecast-time\">\n\t\t<span class=lw-days>ven Mai 26<\/span>\n\t\t<span class=\"lw-hourly-forecast-time\"><span>5:00 pm<\/span><span class=\"lw-hourly-date\">Mai 1, 2026<\/span><\/span>\t\t\t<\/div>\n\t\t\t\t<div class=\"splw-forecast-icons max\">\n\t\t\t<img decoding=\"async\" src=\"https:\/\/cparici.com\/wp-content\/plugins\/location-weather-pro\/assets\/images\/icons\/weather-icons\/04d.svg\" class=\"weather-icon\" alt=\"weather icon\" title=\"overcast clouds\" width=\"50\" height=\"50\">\t\t\t\t\t<\/div>\n\t\t\t\t\t<div class=\"splw-weather-details\">\n\t\t\t<span id=\"temperature\" data-tab-content class=\"temp-min-mex active\">\n\t\t\t<span class=lw-low-temp><span class=\"low\">22<\/span><span class=\"low-scale\">\u00b0<\/span><\/span><span class=\"lw-forecast-separator\"> \/ <\/span><span class=lw-high-temp><span class=\"high\">22<\/span><span class=\"high-scale\">\u00b0<\/span><span class=\"temperature-scale lw-metric\"><span data-scale=\"\u00b0C\" class=\"active lw-scale\">\u00b0C<\/span> <span class=\"separator\">|<\/span> <span data-scale=\"\u00b0F\" class=\" lw-scale\">\u00b0F<\/span><\/span><\/span>\t\t\t<\/span>\n\t\t\t<span id=\"precipitation\" data-tab-content class=\"temp-precipitation\">\n\t\t\t0 mm\t\t\t<\/span>\n\t\t\t<span id=\"rainchance\" data-tab-content class=\"temp-rainchance\">\n\t\t\t0%\t\t\t<\/span>\n\t\t\t<span id=\"wind\" data-tab-content class=\"temp-wind\">\n\t\t\t<span class=\"lw-wind-value\" data-imperial=\"11 mph\" data-metric=\"18 Km\/h\">18 Km\/h<\/span>\t\t\t<\/span>\n\t\t\t<span id=\"humidity\" data-tab-content class=\"temp-humidity\">\n\t\t\t42 %\t\t\t<\/span>\n\t\t\t<span id=\"pressure\" data-tab-content class=\"temp-pressure\">\n\t\t\t1022 hPa\t\t\t<\/span>\n\t\t\t<span id=\"snow\" data-tab-content class=\"temp-snow\">\n\t\t\t0 mm\/h\t\t\t<\/span>\n\t\t<\/div>\n\t\t\t<\/div>\n<!-- End forecast details area -->\n\t\t<!-- Forecast details html area start -->\n<div class=\"splw-forecast \">\n\t\t\t<div class=\"splw-forecast-time\">\n\t\t<span class=lw-days>ven Mai 26<\/span>\n\t\t<span class=\"lw-hourly-forecast-time\"><span>8:00 pm<\/span><span class=\"lw-hourly-date\">Mai 1, 2026<\/span><\/span>\t\t\t<\/div>\n\t\t\t\t<div class=\"splw-forecast-icons max\">\n\t\t\t<img decoding=\"async\" src=\"https:\/\/cparici.com\/wp-content\/plugins\/location-weather-pro\/assets\/images\/icons\/weather-icons\/04d.svg\" class=\"weather-icon\" alt=\"weather icon\" title=\"overcast clouds\" width=\"50\" height=\"50\">\t\t\t\t\t<\/div>\n\t\t\t\t\t<div class=\"splw-weather-details\">\n\t\t\t<span id=\"temperature\" data-tab-content class=\"temp-min-mex active\">\n\t\t\t<span class=lw-low-temp><span class=\"low\">16<\/span><span class=\"low-scale\">\u00b0<\/span><\/span><span class=\"lw-forecast-separator\"> \/ <\/span><span class=lw-high-temp><span class=\"high\">16<\/span><span class=\"high-scale\">\u00b0<\/span><span class=\"temperature-scale lw-metric\"><span data-scale=\"\u00b0C\" class=\"active lw-scale\">\u00b0C<\/span> <span class=\"separator\">|<\/span> <span data-scale=\"\u00b0F\" class=\" lw-scale\">\u00b0F<\/span><\/span><\/span>\t\t\t<\/span>\n\t\t\t<span id=\"precipitation\" data-tab-content class=\"temp-precipitation\">\n\t\t\t0 mm\t\t\t<\/span>\n\t\t\t<span id=\"rainchance\" data-tab-content class=\"temp-rainchance\">\n\t\t\t0%\t\t\t<\/span>\n\t\t\t<span id=\"wind\" data-tab-content class=\"temp-wind\">\n\t\t\t<span class=\"lw-wind-value\" data-imperial=\"10 mph\" data-metric=\"17 Km\/h\">17 Km\/h<\/span>\t\t\t<\/span>\n\t\t\t<span id=\"humidity\" data-tab-content class=\"temp-humidity\">\n\t\t\t58 %\t\t\t<\/span>\n\t\t\t<span id=\"pressure\" data-tab-content class=\"temp-pressure\">\n\t\t\t1024 hPa\t\t\t<\/span>\n\t\t\t<span id=\"snow\" data-tab-content class=\"temp-snow\">\n\t\t\t0 mm\/h\t\t\t<\/span>\n\t\t<\/div>\n\t\t\t<\/div>\n<!-- End forecast details area -->\n\t\t<!-- Forecast details html area start -->\n<div class=\"splw-forecast \">\n\t\t\t<div class=\"splw-forecast-time\">\n\t\t<span class=lw-days>ven Mai 26<\/span>\n\t\t<span class=\"lw-hourly-forecast-time\"><span>11:00 pm<\/span><span class=\"lw-hourly-date\">Mai 1, 2026<\/span><\/span>\t\t\t<\/div>\n\t\t\t\t<div class=\"splw-forecast-icons max\">\n\t\t\t<img decoding=\"async\" src=\"https:\/\/cparici.com\/wp-content\/plugins\/location-weather-pro\/assets\/images\/icons\/weather-icons\/04n.svg\" class=\"weather-icon\" alt=\"weather icon\" title=\"overcast clouds\" width=\"50\" height=\"50\">\t\t\t\t\t<\/div>\n\t\t\t\t\t<div class=\"splw-weather-details\">\n\t\t\t<span id=\"temperature\" data-tab-content class=\"temp-min-mex active\">\n\t\t\t<span class=lw-low-temp><span class=\"low\">12<\/span><span class=\"low-scale\">\u00b0<\/span><\/span><span class=\"lw-forecast-separator\"> \/ <\/span><span class=lw-high-temp><span class=\"high\">12<\/span><span class=\"high-scale\">\u00b0<\/span><span class=\"temperature-scale lw-metric\"><span data-scale=\"\u00b0C\" class=\"active lw-scale\">\u00b0C<\/span> <span class=\"separator\">|<\/span> <span data-scale=\"\u00b0F\" class=\" lw-scale\">\u00b0F<\/span><\/span><\/span>\t\t\t<\/span>\n\t\t\t<span id=\"precipitation\" data-tab-content class=\"temp-precipitation\">\n\t\t\t0 mm\t\t\t<\/span>\n\t\t\t<span id=\"rainchance\" data-tab-content class=\"temp-rainchance\">\n\t\t\t0%\t\t\t<\/span>\n\t\t\t<span id=\"wind\" data-tab-content class=\"temp-wind\">\n\t\t\t<span class=\"lw-wind-value\" data-imperial=\"3 mph\" data-metric=\"5 Km\/h\">5 Km\/h<\/span>\t\t\t<\/span>\n\t\t\t<span id=\"humidity\" data-tab-content class=\"temp-humidity\">\n\t\t\t65 %\t\t\t<\/span>\n\t\t\t<span id=\"pressure\" data-tab-content class=\"temp-pressure\">\n\t\t\t1025 hPa\t\t\t<\/span>\n\t\t\t<span id=\"snow\" data-tab-content class=\"temp-snow\">\n\t\t\t0 mm\/h\t\t\t<\/span>\n\t\t<\/div>\n\t\t\t<\/div>\n<!-- End forecast details area -->\n\t\t<!-- Forecast details html area start -->\n<div class=\"splw-forecast \">\n\t\t\t<div class=\"splw-forecast-time\">\n\t\t<span class=lw-days>sam Mai 26<\/span>\n\t\t<span class=\"lw-hourly-forecast-time\"><span>2:00 am<\/span><span class=\"lw-hourly-date\">Mai 2, 2026<\/span><\/span>\t\t\t<\/div>\n\t\t\t\t<div class=\"splw-forecast-icons max\">\n\t\t\t<img decoding=\"async\" src=\"https:\/\/cparici.com\/wp-content\/plugins\/location-weather-pro\/assets\/images\/icons\/weather-icons\/04n.svg\" class=\"weather-icon\" alt=\"weather icon\" title=\"overcast clouds\" width=\"50\" height=\"50\">\t\t\t\t\t<\/div>\n\t\t\t\t\t<div class=\"splw-weather-details\">\n\t\t\t<span id=\"temperature\" data-tab-content class=\"temp-min-mex active\">\n\t\t\t<span class=lw-low-temp><span class=\"low\">11<\/span><span class=\"low-scale\">\u00b0<\/span><\/span><span class=\"lw-forecast-separator\"> \/ <\/span><span class=lw-high-temp><span class=\"high\">11<\/span><span class=\"high-scale\">\u00b0<\/span><span class=\"temperature-scale lw-metric\"><span data-scale=\"\u00b0C\" class=\"active lw-scale\">\u00b0C<\/span> <span class=\"separator\">|<\/span> <span data-scale=\"\u00b0F\" class=\" lw-scale\">\u00b0F<\/span><\/span><\/span>\t\t\t<\/span>\n\t\t\t<span id=\"precipitation\" data-tab-content class=\"temp-precipitation\">\n\t\t\t0 mm\t\t\t<\/span>\n\t\t\t<span id=\"rainchance\" data-tab-content class=\"temp-rainchance\">\n\t\t\t0%\t\t\t<\/span>\n\t\t\t<span id=\"wind\" data-tab-content class=\"temp-wind\">\n\t\t\t<span class=\"lw-wind-value\" data-imperial=\"2 mph\" data-metric=\"3 Km\/h\">3 Km\/h<\/span>\t\t\t<\/span>\n\t\t\t<span id=\"humidity\" data-tab-content class=\"temp-humidity\">\n\t\t\t70 %\t\t\t<\/span>\n\t\t\t<span id=\"pressure\" data-tab-content class=\"temp-pressure\">\n\t\t\t1025 hPa\t\t\t<\/span>\n\t\t\t<span id=\"snow\" data-tab-content class=\"temp-snow\">\n\t\t\t0 mm\/h\t\t\t<\/span>\n\t\t<\/div>\n\t\t\t<\/div>\n<!-- End forecast details area -->\n\t\t<!-- Forecast details html area start -->\n<div class=\"splw-forecast \">\n\t\t\t<div class=\"splw-forecast-time\">\n\t\t<span class=lw-days>sam Mai 26<\/span>\n\t\t<span class=\"lw-hourly-forecast-time\"><span>5:00 am<\/span><span class=\"lw-hourly-date\">Mai 2, 2026<\/span><\/span>\t\t\t<\/div>\n\t\t\t\t<div class=\"splw-forecast-icons max\">\n\t\t\t<img decoding=\"async\" src=\"https:\/\/cparici.com\/wp-content\/plugins\/location-weather-pro\/assets\/images\/icons\/weather-icons\/03n.svg\" class=\"weather-icon\" alt=\"weather icon\" title=\"scattered clouds\" width=\"50\" height=\"50\">\t\t\t\t\t<\/div>\n\t\t\t\t\t<div class=\"splw-weather-details\">\n\t\t\t<span id=\"temperature\" data-tab-content class=\"temp-min-mex active\">\n\t\t\t<span class=lw-low-temp><span class=\"low\">10<\/span><span class=\"low-scale\">\u00b0<\/span><\/span><span class=\"lw-forecast-separator\"> \/ <\/span><span class=lw-high-temp><span class=\"high\">10<\/span><span class=\"high-scale\">\u00b0<\/span><span class=\"temperature-scale lw-metric\"><span data-scale=\"\u00b0C\" class=\"active lw-scale\">\u00b0C<\/span> <span class=\"separator\">|<\/span> <span data-scale=\"\u00b0F\" class=\" lw-scale\">\u00b0F<\/span><\/span><\/span>\t\t\t<\/span>\n\t\t\t<span id=\"precipitation\" data-tab-content class=\"temp-precipitation\">\n\t\t\t0 mm\t\t\t<\/span>\n\t\t\t<span id=\"rainchance\" data-tab-content class=\"temp-rainchance\">\n\t\t\t0%\t\t\t<\/span>\n\t\t\t<span id=\"wind\" data-tab-content class=\"temp-wind\">\n\t\t\t<span class=\"lw-wind-value\" data-imperial=\"3 mph\" data-metric=\"5 Km\/h\">5 Km\/h<\/span>\t\t\t<\/span>\n\t\t\t<span id=\"humidity\" data-tab-content class=\"temp-humidity\">\n\t\t\t73 %\t\t\t<\/span>\n\t\t\t<span id=\"pressure\" data-tab-content class=\"temp-pressure\">\n\t\t\t1025 hPa\t\t\t<\/span>\n\t\t\t<span id=\"snow\" data-tab-content class=\"temp-snow\">\n\t\t\t0 mm\/h\t\t\t<\/span>\n\t\t<\/div>\n\t\t\t<\/div>\n<!-- End forecast details area -->\n\t\t<!-- Forecast details html area start -->\n<div class=\"splw-forecast \">\n\t\t\t<div class=\"splw-forecast-time\">\n\t\t<span class=lw-days>sam Mai 26<\/span>\n\t\t<span class=\"lw-hourly-forecast-time\"><span>8:00 am<\/span><span class=\"lw-hourly-date\">Mai 2, 2026<\/span><\/span>\t\t\t<\/div>\n\t\t\t\t<div class=\"splw-forecast-icons max\">\n\t\t\t<img decoding=\"async\" src=\"https:\/\/cparici.com\/wp-content\/plugins\/location-weather-pro\/assets\/images\/icons\/weather-icons\/04d.svg\" class=\"weather-icon\" alt=\"weather icon\" title=\"broken clouds\" width=\"50\" height=\"50\">\t\t\t\t\t<\/div>\n\t\t\t\t\t<div class=\"splw-weather-details\">\n\t\t\t<span id=\"temperature\" data-tab-content class=\"temp-min-mex active\">\n\t\t\t<span class=lw-low-temp><span class=\"low\">12<\/span><span class=\"low-scale\">\u00b0<\/span><\/span><span class=\"lw-forecast-separator\"> \/ <\/span><span class=lw-high-temp><span class=\"high\">12<\/span><span class=\"high-scale\">\u00b0<\/span><span class=\"temperature-scale lw-metric\"><span data-scale=\"\u00b0C\" class=\"active lw-scale\">\u00b0C<\/span> <span class=\"separator\">|<\/span> <span data-scale=\"\u00b0F\" class=\" lw-scale\">\u00b0F<\/span><\/span><\/span>\t\t\t<\/span>\n\t\t\t<span id=\"precipitation\" data-tab-content class=\"temp-precipitation\">\n\t\t\t0 mm\t\t\t<\/span>\n\t\t\t<span id=\"rainchance\" data-tab-content class=\"temp-rainchance\">\n\t\t\t0%\t\t\t<\/span>\n\t\t\t<span id=\"wind\" data-tab-content class=\"temp-wind\">\n\t\t\t<span class=\"lw-wind-value\" data-imperial=\"4 mph\" data-metric=\"6 Km\/h\">6 Km\/h<\/span>\t\t\t<\/span>\n\t\t\t<span id=\"humidity\" data-tab-content class=\"temp-humidity\">\n\t\t\t68 %\t\t\t<\/span>\n\t\t\t<span id=\"pressure\" data-tab-content class=\"temp-pressure\">\n\t\t\t1025 hPa\t\t\t<\/span>\n\t\t\t<span id=\"snow\" data-tab-content class=\"temp-snow\">\n\t\t\t0 mm\/h\t\t\t<\/span>\n\t\t<\/div>\n\t\t\t<\/div>\n<!-- End forecast details area -->\n\t\t<!-- Forecast details html area start -->\n<div class=\"splw-forecast \">\n\t\t\t<div class=\"splw-forecast-time\">\n\t\t<span class=lw-days>sam Mai 26<\/span>\n\t\t<span class=\"lw-hourly-forecast-time\"><span>11:00 am<\/span><span class=\"lw-hourly-date\">Mai 2, 2026<\/span><\/span>\t\t\t<\/div>\n\t\t\t\t<div class=\"splw-forecast-icons max\">\n\t\t\t<img decoding=\"async\" src=\"https:\/\/cparici.com\/wp-content\/plugins\/location-weather-pro\/assets\/images\/icons\/weather-icons\/04d.svg\" class=\"weather-icon\" alt=\"weather icon\" title=\"overcast clouds\" width=\"50\" height=\"50\">\t\t\t\t\t<\/div>\n\t\t\t\t\t<div class=\"splw-weather-details\">\n\t\t\t<span id=\"temperature\" data-tab-content class=\"temp-min-mex active\">\n\t\t\t<span class=lw-low-temp><span class=\"low\">19<\/span><span class=\"low-scale\">\u00b0<\/span><\/span><span class=\"lw-forecast-separator\"> \/ <\/span><span class=lw-high-temp><span class=\"high\">19<\/span><span class=\"high-scale\">\u00b0<\/span><span class=\"temperature-scale lw-metric\"><span data-scale=\"\u00b0C\" class=\"active lw-scale\">\u00b0C<\/span> <span class=\"separator\">|<\/span> <span data-scale=\"\u00b0F\" class=\" lw-scale\">\u00b0F<\/span><\/span><\/span>\t\t\t<\/span>\n\t\t\t<span id=\"precipitation\" data-tab-content class=\"temp-precipitation\">\n\t\t\t0 mm\t\t\t<\/span>\n\t\t\t<span id=\"rainchance\" data-tab-content class=\"temp-rainchance\">\n\t\t\t0%\t\t\t<\/span>\n\t\t\t<span id=\"wind\" data-tab-content class=\"temp-wind\">\n\t\t\t<span class=\"lw-wind-value\" data-imperial=\"7 mph\" data-metric=\"11 Km\/h\">11 Km\/h<\/span>\t\t\t<\/span>\n\t\t\t<span id=\"humidity\" data-tab-content class=\"temp-humidity\">\n\t\t\t47 %\t\t\t<\/span>\n\t\t\t<span id=\"pressure\" data-tab-content class=\"temp-pressure\">\n\t\t\t1025 hPa\t\t\t<\/span>\n\t\t\t<span id=\"snow\" data-tab-content class=\"temp-snow\">\n\t\t\t0 mm\/h\t\t\t<\/span>\n\t\t<\/div>\n\t\t\t<\/div>\n<!-- End forecast details area -->\n\t\t<!-- Forecast details html area start -->\n<div class=\"splw-forecast \">\n\t\t\t<div class=\"splw-forecast-time\">\n\t\t<span class=lw-days>sam Mai 26<\/span>\n\t\t<span class=\"lw-hourly-forecast-time\"><span>2:00 pm<\/span><span class=\"lw-hourly-date\">Mai 2, 2026<\/span><\/span>\t\t\t<\/div>\n\t\t\t\t<div class=\"splw-forecast-icons max\">\n\t\t\t<img decoding=\"async\" src=\"https:\/\/cparici.com\/wp-content\/plugins\/location-weather-pro\/assets\/images\/icons\/weather-icons\/04d.svg\" class=\"weather-icon\" alt=\"weather icon\" title=\"overcast clouds\" width=\"50\" height=\"50\">\t\t\t\t\t<\/div>\n\t\t\t\t\t<div class=\"splw-weather-details\">\n\t\t\t<span id=\"temperature\" data-tab-content class=\"temp-min-mex active\">\n\t\t\t<span class=lw-low-temp><span class=\"low\">22<\/span><span class=\"low-scale\">\u00b0<\/span><\/span><span class=\"lw-forecast-separator\"> \/ <\/span><span class=lw-high-temp><span class=\"high\">22<\/span><span class=\"high-scale\">\u00b0<\/span><span class=\"temperature-scale lw-metric\"><span data-scale=\"\u00b0C\" class=\"active lw-scale\">\u00b0C<\/span> <span class=\"separator\">|<\/span> <span data-scale=\"\u00b0F\" class=\" lw-scale\">\u00b0F<\/span><\/span><\/span>\t\t\t<\/span>\n\t\t\t<span id=\"precipitation\" data-tab-content class=\"temp-precipitation\">\n\t\t\t0 mm\t\t\t<\/span>\n\t\t\t<span id=\"rainchance\" data-tab-content class=\"temp-rainchance\">\n\t\t\t0%\t\t\t<\/span>\n\t\t\t<span id=\"wind\" data-tab-content class=\"temp-wind\">\n\t\t\t<span class=\"lw-wind-value\" data-imperial=\"19 mph\" data-metric=\"32 Km\/h\">32 Km\/h<\/span>\t\t\t<\/span>\n\t\t\t<span id=\"humidity\" data-tab-content class=\"temp-humidity\">\n\t\t\t31 %\t\t\t<\/span>\n\t\t\t<span id=\"pressure\" data-tab-content class=\"temp-pressure\">\n\t\t\t1023 hPa\t\t\t<\/span>\n\t\t\t<span id=\"snow\" data-tab-content class=\"temp-snow\">\n\t\t\t0 mm\/h\t\t\t<\/span>\n\t\t<\/div>\n\t\t\t<\/div>\n<!-- End forecast details area -->\n\t\t<!-- Forecast details html area start -->\n<div class=\"splw-forecast \">\n\t\t\t<div class=\"splw-forecast-time\">\n\t\t<span class=lw-days>sam Mai 26<\/span>\n\t\t<span class=\"lw-hourly-forecast-time\"><span>5:00 pm<\/span><span class=\"lw-hourly-date\">Mai 2, 2026<\/span><\/span>\t\t\t<\/div>\n\t\t\t\t<div class=\"splw-forecast-icons max\">\n\t\t\t<img decoding=\"async\" src=\"https:\/\/cparici.com\/wp-content\/plugins\/location-weather-pro\/assets\/images\/icons\/weather-icons\/04d.svg\" class=\"weather-icon\" alt=\"weather icon\" title=\"overcast clouds\" width=\"50\" height=\"50\">\t\t\t\t\t<\/div>\n\t\t\t\t\t<div class=\"splw-weather-details\">\n\t\t\t<span id=\"temperature\" data-tab-content class=\"temp-min-mex active\">\n\t\t\t<span class=lw-low-temp><span class=\"low\">20<\/span><span class=\"low-scale\">\u00b0<\/span><\/span><span class=\"lw-forecast-separator\"> \/ <\/span><span class=lw-high-temp><span class=\"high\">20<\/span><span class=\"high-scale\">\u00b0<\/span><span class=\"temperature-scale lw-metric\"><span data-scale=\"\u00b0C\" class=\"active lw-scale\">\u00b0C<\/span> <span class=\"separator\">|<\/span> <span data-scale=\"\u00b0F\" class=\" lw-scale\">\u00b0F<\/span><\/span><\/span>\t\t\t<\/span>\n\t\t\t<span id=\"precipitation\" data-tab-content class=\"temp-precipitation\">\n\t\t\t0 mm\t\t\t<\/span>\n\t\t\t<span id=\"rainchance\" data-tab-content class=\"temp-rainchance\">\n\t\t\t0%\t\t\t<\/span>\n\t\t\t<span id=\"wind\" data-tab-content class=\"temp-wind\">\n\t\t\t<span class=\"lw-wind-value\" data-imperial=\"16 mph\" data-metric=\"26 Km\/h\">26 Km\/h<\/span>\t\t\t<\/span>\n\t\t\t<span id=\"humidity\" data-tab-content class=\"temp-humidity\">\n\t\t\t38 %\t\t\t<\/span>\n\t\t\t<span id=\"pressure\" data-tab-content class=\"temp-pressure\">\n\t\t\t1022 hPa\t\t\t<\/span>\n\t\t\t<span id=\"snow\" data-tab-content class=\"temp-snow\">\n\t\t\t0 mm\/h\t\t\t<\/span>\n\t\t<\/div>\n\t\t\t<\/div>\n<!-- End forecast details area -->\n\t\t<!-- Forecast details html area start -->\n<div class=\"splw-forecast \">\n\t\t\t<div class=\"splw-forecast-time\">\n\t\t<span class=lw-days>sam Mai 26<\/span>\n\t\t<span class=\"lw-hourly-forecast-time\"><span>8:00 pm<\/span><span class=\"lw-hourly-date\">Mai 2, 2026<\/span><\/span>\t\t\t<\/div>\n\t\t\t\t<div class=\"splw-forecast-icons max\">\n\t\t\t<img decoding=\"async\" src=\"https:\/\/cparici.com\/wp-content\/plugins\/location-weather-pro\/assets\/images\/icons\/weather-icons\/04d.svg\" class=\"weather-icon\" alt=\"weather icon\" title=\"overcast clouds\" width=\"50\" height=\"50\">\t\t\t\t\t<\/div>\n\t\t\t\t\t<div class=\"splw-weather-details\">\n\t\t\t<span id=\"temperature\" data-tab-content class=\"temp-min-mex active\">\n\t\t\t<span class=lw-low-temp><span class=\"low\">16<\/span><span class=\"low-scale\">\u00b0<\/span><\/span><span class=\"lw-forecast-separator\"> \/ <\/span><span class=lw-high-temp><span class=\"high\">16<\/span><span class=\"high-scale\">\u00b0<\/span><span class=\"temperature-scale lw-metric\"><span data-scale=\"\u00b0C\" class=\"active lw-scale\">\u00b0C<\/span> <span class=\"separator\">|<\/span> <span data-scale=\"\u00b0F\" class=\" lw-scale\">\u00b0F<\/span><\/span><\/span>\t\t\t<\/span>\n\t\t\t<span id=\"precipitation\" data-tab-content class=\"temp-precipitation\">\n\t\t\t0 mm\t\t\t<\/span>\n\t\t\t<span id=\"rainchance\" data-tab-content class=\"temp-rainchance\">\n\t\t\t0%\t\t\t<\/span>\n\t\t\t<span id=\"wind\" data-tab-content class=\"temp-wind\">\n\t\t\t<span class=\"lw-wind-value\" data-imperial=\"9 mph\" data-metric=\"15 Km\/h\">15 Km\/h<\/span>\t\t\t<\/span>\n\t\t\t<span id=\"humidity\" data-tab-content class=\"temp-humidity\">\n\t\t\t53 %\t\t\t<\/span>\n\t\t\t<span id=\"pressure\" data-tab-content class=\"temp-pressure\">\n\t\t\t1022 hPa\t\t\t<\/span>\n\t\t\t<span id=\"snow\" data-tab-content class=\"temp-snow\">\n\t\t\t0 mm\/h\t\t\t<\/span>\n\t\t<\/div>\n\t\t\t<\/div>\n<!-- End forecast details area -->\n\t\t<!-- Forecast details html area start -->\n<div class=\"splw-forecast \">\n\t\t\t<div class=\"splw-forecast-time\">\n\t\t<span class=lw-days>sam Mai 26<\/span>\n\t\t<span class=\"lw-hourly-forecast-time\"><span>11:00 pm<\/span><span class=\"lw-hourly-date\">Mai 2, 2026<\/span><\/span>\t\t\t<\/div>\n\t\t\t\t<div class=\"splw-forecast-icons max\">\n\t\t\t<img decoding=\"async\" src=\"https:\/\/cparici.com\/wp-content\/plugins\/location-weather-pro\/assets\/images\/icons\/weather-icons\/04n.svg\" class=\"weather-icon\" alt=\"weather icon\" title=\"overcast clouds\" width=\"50\" height=\"50\">\t\t\t\t\t<\/div>\n\t\t\t\t\t<div class=\"splw-weather-details\">\n\t\t\t<span id=\"temperature\" data-tab-content class=\"temp-min-mex active\">\n\t\t\t<span class=lw-low-temp><span class=\"low\">13<\/span><span class=\"low-scale\">\u00b0<\/span><\/span><span class=\"lw-forecast-separator\"> \/ <\/span><span class=lw-high-temp><span class=\"high\">13<\/span><span class=\"high-scale\">\u00b0<\/span><span class=\"temperature-scale lw-metric\"><span data-scale=\"\u00b0C\" class=\"active lw-scale\">\u00b0C<\/span> <span class=\"separator\">|<\/span> <span data-scale=\"\u00b0F\" class=\" lw-scale\">\u00b0F<\/span><\/span><\/span>\t\t\t<\/span>\n\t\t\t<span id=\"precipitation\" data-tab-content class=\"temp-precipitation\">\n\t\t\t0 mm\t\t\t<\/span>\n\t\t\t<span id=\"rainchance\" data-tab-content class=\"temp-rainchance\">\n\t\t\t0%\t\t\t<\/span>\n\t\t\t<span id=\"wind\" data-tab-content class=\"temp-wind\">\n\t\t\t<span class=\"lw-wind-value\" data-imperial=\"5 mph\" data-metric=\"8 Km\/h\">8 Km\/h<\/span>\t\t\t<\/span>\n\t\t\t<span id=\"humidity\" data-tab-content class=\"temp-humidity\">\n\t\t\t77 %\t\t\t<\/span>\n\t\t\t<span id=\"pressure\" data-tab-content class=\"temp-pressure\">\n\t\t\t1022 hPa\t\t\t<\/span>\n\t\t\t<span id=\"snow\" data-tab-content class=\"temp-snow\">\n\t\t\t0 mm\/h\t\t\t<\/span>\n\t\t<\/div>\n\t\t\t<\/div>\n<!-- End forecast details area -->\n\t\t<!-- Forecast details html area start -->\n<div class=\"splw-forecast \">\n\t\t\t<div class=\"splw-forecast-time\">\n\t\t<span class=lw-days>dim Mai 26<\/span>\n\t\t<span class=\"lw-hourly-forecast-time\"><span>2:00 am<\/span><span class=\"lw-hourly-date\">Mai 3, 2026<\/span><\/span>\t\t\t<\/div>\n\t\t\t\t<div class=\"splw-forecast-icons max\">\n\t\t\t<img decoding=\"async\" src=\"https:\/\/cparici.com\/wp-content\/plugins\/location-weather-pro\/assets\/images\/icons\/weather-icons\/04n.svg\" class=\"weather-icon\" alt=\"weather icon\" title=\"overcast clouds\" width=\"50\" height=\"50\">\t\t\t\t\t<\/div>\n\t\t\t\t\t<div class=\"splw-weather-details\">\n\t\t\t<span id=\"temperature\" data-tab-content class=\"temp-min-mex active\">\n\t\t\t<span class=lw-low-temp><span class=\"low\">13<\/span><span class=\"low-scale\">\u00b0<\/span><\/span><span class=\"lw-forecast-separator\"> \/ <\/span><span class=lw-high-temp><span class=\"high\">13<\/span><span class=\"high-scale\">\u00b0<\/span><span class=\"temperature-scale lw-metric\"><span data-scale=\"\u00b0C\" class=\"active lw-scale\">\u00b0C<\/span> <span class=\"separator\">|<\/span> <span data-scale=\"\u00b0F\" class=\" lw-scale\">\u00b0F<\/span><\/span><\/span>\t\t\t<\/span>\n\t\t\t<span id=\"precipitation\" data-tab-content class=\"temp-precipitation\">\n\t\t\t0 mm\t\t\t<\/span>\n\t\t\t<span id=\"rainchance\" data-tab-content class=\"temp-rainchance\">\n\t\t\t0%\t\t\t<\/span>\n\t\t\t<span id=\"wind\" data-tab-content class=\"temp-wind\">\n\t\t\t<span class=\"lw-wind-value\" data-imperial=\"6 mph\" data-metric=\"10 Km\/h\">10 Km\/h<\/span>\t\t\t<\/span>\n\t\t\t<span id=\"humidity\" data-tab-content class=\"temp-humidity\">\n\t\t\t90 %\t\t\t<\/span>\n\t\t\t<span id=\"pressure\" data-tab-content class=\"temp-pressure\">\n\t\t\t1021 hPa\t\t\t<\/span>\n\t\t\t<span id=\"snow\" data-tab-content class=\"temp-snow\">\n\t\t\t0 mm\/h\t\t\t<\/span>\n\t\t<\/div>\n\t\t\t<\/div>\n<!-- End forecast details area -->\n\t\t<!-- Forecast details html area start -->\n<div class=\"splw-forecast \">\n\t\t\t<div class=\"splw-forecast-time\">\n\t\t<span class=lw-days>dim Mai 26<\/span>\n\t\t<span class=\"lw-hourly-forecast-time\"><span>5:00 am<\/span><span class=\"lw-hourly-date\">Mai 3, 2026<\/span><\/span>\t\t\t<\/div>\n\t\t\t\t<div class=\"splw-forecast-icons max\">\n\t\t\t<img decoding=\"async\" src=\"https:\/\/cparici.com\/wp-content\/plugins\/location-weather-pro\/assets\/images\/icons\/weather-icons\/04n.svg\" class=\"weather-icon\" alt=\"weather icon\" title=\"overcast clouds\" width=\"50\" height=\"50\">\t\t\t\t\t<\/div>\n\t\t\t\t\t<div class=\"splw-weather-details\">\n\t\t\t<span id=\"temperature\" data-tab-content class=\"temp-min-mex active\">\n\t\t\t<span class=lw-low-temp><span class=\"low\">12<\/span><span class=\"low-scale\">\u00b0<\/span><\/span><span class=\"lw-forecast-separator\"> \/ <\/span><span class=lw-high-temp><span class=\"high\">12<\/span><span class=\"high-scale\">\u00b0<\/span><span class=\"temperature-scale lw-metric\"><span data-scale=\"\u00b0C\" class=\"active lw-scale\">\u00b0C<\/span> <span class=\"separator\">|<\/span> <span data-scale=\"\u00b0F\" class=\" lw-scale\">\u00b0F<\/span><\/span><\/span>\t\t\t<\/span>\n\t\t\t<span id=\"precipitation\" data-tab-content class=\"temp-precipitation\">\n\t\t\t0.12 mm\t\t\t<\/span>\n\t\t\t<span id=\"rainchance\" data-tab-content class=\"temp-rainchance\">\n\t\t\t12%\t\t\t<\/span>\n\t\t\t<span id=\"wind\" data-tab-content class=\"temp-wind\">\n\t\t\t<span class=\"lw-wind-value\" data-imperial=\"7 mph\" data-metric=\"11 Km\/h\">11 Km\/h<\/span>\t\t\t<\/span>\n\t\t\t<span id=\"humidity\" data-tab-content class=\"temp-humidity\">\n\t\t\t98 %\t\t\t<\/span>\n\t\t\t<span id=\"pressure\" data-tab-content class=\"temp-pressure\">\n\t\t\t1020 hPa\t\t\t<\/span>\n\t\t\t<span id=\"snow\" data-tab-content class=\"temp-snow\">\n\t\t\t0 mm\/h\t\t\t<\/span>\n\t\t<\/div>\n\t\t\t<\/div>\n<!-- End forecast details area -->\n\t\t<!-- Forecast details html area start -->\n<div class=\"splw-forecast \">\n\t\t\t<div class=\"splw-forecast-time\">\n\t\t<span class=lw-days>dim Mai 26<\/span>\n\t\t<span class=\"lw-hourly-forecast-time\"><span>8:00 am<\/span><span class=\"lw-hourly-date\">Mai 3, 2026<\/span><\/span>\t\t\t<\/div>\n\t\t\t\t<div class=\"splw-forecast-icons max\">\n\t\t\t<img decoding=\"async\" src=\"https:\/\/cparici.com\/wp-content\/plugins\/location-weather-pro\/assets\/images\/icons\/weather-icons\/04d.svg\" class=\"weather-icon\" alt=\"weather icon\" title=\"overcast clouds\" width=\"50\" height=\"50\">\t\t\t\t\t<\/div>\n\t\t\t\t\t<div class=\"splw-weather-details\">\n\t\t\t<span id=\"temperature\" data-tab-content class=\"temp-min-mex active\">\n\t\t\t<span class=lw-low-temp><span class=\"low\">14<\/span><span class=\"low-scale\">\u00b0<\/span><\/span><span class=\"lw-forecast-separator\"> \/ <\/span><span class=lw-high-temp><span class=\"high\">14<\/span><span class=\"high-scale\">\u00b0<\/span><span class=\"temperature-scale lw-metric\"><span data-scale=\"\u00b0C\" class=\"active lw-scale\">\u00b0C<\/span> <span class=\"separator\">|<\/span> <span data-scale=\"\u00b0F\" class=\" lw-scale\">\u00b0F<\/span><\/span><\/span>\t\t\t<\/span>\n\t\t\t<span id=\"precipitation\" data-tab-content class=\"temp-precipitation\">\n\t\t\t0.07 mm\t\t\t<\/span>\n\t\t\t<span id=\"rainchance\" data-tab-content class=\"temp-rainchance\">\n\t\t\t7%\t\t\t<\/span>\n\t\t\t<span id=\"wind\" data-tab-content class=\"temp-wind\">\n\t\t\t<span class=\"lw-wind-value\" data-imperial=\"6 mph\" data-metric=\"10 Km\/h\">10 Km\/h<\/span>\t\t\t<\/span>\n\t\t\t<span id=\"humidity\" data-tab-content class=\"temp-humidity\">\n\t\t\t87 %\t\t\t<\/span>\n\t\t\t<span id=\"pressure\" data-tab-content class=\"temp-pressure\">\n\t\t\t1020 hPa\t\t\t<\/span>\n\t\t\t<span id=\"snow\" data-tab-content class=\"temp-snow\">\n\t\t\t0 mm\/h\t\t\t<\/span>\n\t\t<\/div>\n\t\t\t<\/div>\n<!-- End forecast details area -->\n\t\t<!-- Forecast details html area start -->\n<div class=\"splw-forecast \">\n\t\t\t<div class=\"splw-forecast-time\">\n\t\t<span class=lw-days>dim Mai 26<\/span>\n\t\t<span class=\"lw-hourly-forecast-time\"><span>11:00 am<\/span><span class=\"lw-hourly-date\">Mai 3, 2026<\/span><\/span>\t\t\t<\/div>\n\t\t\t\t<div class=\"splw-forecast-icons max\">\n\t\t\t<img decoding=\"async\" src=\"https:\/\/cparici.com\/wp-content\/plugins\/location-weather-pro\/assets\/images\/icons\/weather-icons\/04d.svg\" class=\"weather-icon\" alt=\"weather icon\" title=\"overcast clouds\" width=\"50\" height=\"50\">\t\t\t\t\t<\/div>\n\t\t\t\t\t<div class=\"splw-weather-details\">\n\t\t\t<span id=\"temperature\" data-tab-content class=\"temp-min-mex active\">\n\t\t\t<span class=lw-low-temp><span class=\"low\">19<\/span><span class=\"low-scale\">\u00b0<\/span><\/span><span class=\"lw-forecast-separator\"> \/ <\/span><span class=lw-high-temp><span class=\"high\">19<\/span><span class=\"high-scale\">\u00b0<\/span><span class=\"temperature-scale lw-metric\"><span data-scale=\"\u00b0C\" class=\"active lw-scale\">\u00b0C<\/span> <span class=\"separator\">|<\/span> <span data-scale=\"\u00b0F\" class=\" lw-scale\">\u00b0F<\/span><\/span><\/span>\t\t\t<\/span>\n\t\t\t<span id=\"precipitation\" data-tab-content class=\"temp-precipitation\">\n\t\t\t0 mm\t\t\t<\/span>\n\t\t\t<span id=\"rainchance\" data-tab-content class=\"temp-rainchance\">\n\t\t\t0%\t\t\t<\/span>\n\t\t\t<span id=\"wind\" data-tab-content class=\"temp-wind\">\n\t\t\t<span class=\"lw-wind-value\" data-imperial=\"11 mph\" data-metric=\"18 Km\/h\">18 Km\/h<\/span>\t\t\t<\/span>\n\t\t\t<span id=\"humidity\" data-tab-content class=\"temp-humidity\">\n\t\t\t56 %\t\t\t<\/span>\n\t\t\t<span id=\"pressure\" data-tab-content class=\"temp-pressure\">\n\t\t\t1021 hPa\t\t\t<\/span>\n\t\t\t<span id=\"snow\" data-tab-content class=\"temp-snow\">\n\t\t\t0 mm\/h\t\t\t<\/span>\n\t\t<\/div>\n\t\t\t<\/div>\n<!-- End forecast details area -->\n\t\t<!-- Forecast details html area start -->\n<div class=\"splw-forecast \">\n\t\t\t<div class=\"splw-forecast-time\">\n\t\t<span class=lw-days>dim Mai 26<\/span>\n\t\t<span class=\"lw-hourly-forecast-time\"><span>2:00 pm<\/span><span class=\"lw-hourly-date\">Mai 3, 2026<\/span><\/span>\t\t\t<\/div>\n\t\t\t\t<div class=\"splw-forecast-icons max\">\n\t\t\t<img decoding=\"async\" src=\"https:\/\/cparici.com\/wp-content\/plugins\/location-weather-pro\/assets\/images\/icons\/weather-icons\/04d.svg\" class=\"weather-icon\" alt=\"weather icon\" title=\"overcast clouds\" width=\"50\" height=\"50\">\t\t\t\t\t<\/div>\n\t\t\t\t\t<div class=\"splw-weather-details\">\n\t\t\t<span id=\"temperature\" data-tab-content class=\"temp-min-mex active\">\n\t\t\t<span class=lw-low-temp><span class=\"low\">21<\/span><span class=\"low-scale\">\u00b0<\/span><\/span><span class=\"lw-forecast-separator\"> \/ <\/span><span class=lw-high-temp><span class=\"high\">21<\/span><span class=\"high-scale\">\u00b0<\/span><span class=\"temperature-scale lw-metric\"><span data-scale=\"\u00b0C\" class=\"active lw-scale\">\u00b0C<\/span> <span class=\"separator\">|<\/span> <span data-scale=\"\u00b0F\" class=\" lw-scale\">\u00b0F<\/span><\/span><\/span>\t\t\t<\/span>\n\t\t\t<span id=\"precipitation\" data-tab-content class=\"temp-precipitation\">\n\t\t\t0 mm\t\t\t<\/span>\n\t\t\t<span id=\"rainchance\" data-tab-content class=\"temp-rainchance\">\n\t\t\t0%\t\t\t<\/span>\n\t\t\t<span id=\"wind\" data-tab-content class=\"temp-wind\">\n\t\t\t<span class=\"lw-wind-value\" data-imperial=\"14 mph\" data-metric=\"22 Km\/h\">22 Km\/h<\/span>\t\t\t<\/span>\n\t\t\t<span id=\"humidity\" data-tab-content class=\"temp-humidity\">\n\t\t\t42 %\t\t\t<\/span>\n\t\t\t<span id=\"pressure\" data-tab-content class=\"temp-pressure\">\n\t\t\t1019 hPa\t\t\t<\/span>\n\t\t\t<span id=\"snow\" data-tab-content class=\"temp-snow\">\n\t\t\t0 mm\/h\t\t\t<\/span>\n\t\t<\/div>\n\t\t\t<\/div>\n<!-- End forecast details area -->\n\t\t<!-- Forecast details html area start -->\n<div class=\"splw-forecast \">\n\t\t\t<div class=\"splw-forecast-time\">\n\t\t<span class=lw-days>dim Mai 26<\/span>\n\t\t<span class=\"lw-hourly-forecast-time\"><span>5:00 pm<\/span><span class=\"lw-hourly-date\">Mai 3, 2026<\/span><\/span>\t\t\t<\/div>\n\t\t\t\t<div class=\"splw-forecast-icons max\">\n\t\t\t<img decoding=\"async\" src=\"https:\/\/cparici.com\/wp-content\/plugins\/location-weather-pro\/assets\/images\/icons\/weather-icons\/04d.svg\" class=\"weather-icon\" alt=\"weather icon\" title=\"overcast clouds\" width=\"50\" height=\"50\">\t\t\t\t\t<\/div>\n\t\t\t\t\t<div class=\"splw-weather-details\">\n\t\t\t<span id=\"temperature\" data-tab-content class=\"temp-min-mex active\">\n\t\t\t<span class=lw-low-temp><span class=\"low\">19<\/span><span class=\"low-scale\">\u00b0<\/span><\/span><span class=\"lw-forecast-separator\"> \/ <\/span><span class=lw-high-temp><span class=\"high\">19<\/span><span class=\"high-scale\">\u00b0<\/span><span class=\"temperature-scale lw-metric\"><span data-scale=\"\u00b0C\" class=\"active lw-scale\">\u00b0C<\/span> <span class=\"separator\">|<\/span> <span data-scale=\"\u00b0F\" class=\" lw-scale\">\u00b0F<\/span><\/span><\/span>\t\t\t<\/span>\n\t\t\t<span id=\"precipitation\" data-tab-content class=\"temp-precipitation\">\n\t\t\t0 mm\t\t\t<\/span>\n\t\t\t<span id=\"rainchance\" data-tab-content class=\"temp-rainchance\">\n\t\t\t0%\t\t\t<\/span>\n\t\t\t<span id=\"wind\" data-tab-content class=\"temp-wind\">\n\t\t\t<span class=\"lw-wind-value\" data-imperial=\"15 mph\" data-metric=\"24 Km\/h\">24 Km\/h<\/span>\t\t\t<\/span>\n\t\t\t<span id=\"humidity\" data-tab-content class=\"temp-humidity\">\n\t\t\t49 %\t\t\t<\/span>\n\t\t\t<span id=\"pressure\" data-tab-content class=\"temp-pressure\">\n\t\t\t1018 hPa\t\t\t<\/span>\n\t\t\t<span id=\"snow\" data-tab-content class=\"temp-snow\">\n\t\t\t0 mm\/h\t\t\t<\/span>\n\t\t<\/div>\n\t\t\t<\/div>\n<!-- End forecast details area -->\n\t\t<!-- Forecast details html area start -->\n<div class=\"splw-forecast \">\n\t\t\t<div class=\"splw-forecast-time\">\n\t\t<span class=lw-days>dim Mai 26<\/span>\n\t\t<span class=\"lw-hourly-forecast-time\"><span>8:00 pm<\/span><span class=\"lw-hourly-date\">Mai 3, 2026<\/span><\/span>\t\t\t<\/div>\n\t\t\t\t<div class=\"splw-forecast-icons max\">\n\t\t\t<img decoding=\"async\" src=\"https:\/\/cparici.com\/wp-content\/plugins\/location-weather-pro\/assets\/images\/icons\/weather-icons\/04d.svg\" class=\"weather-icon\" alt=\"weather icon\" title=\"overcast clouds\" width=\"50\" height=\"50\">\t\t\t\t\t<\/div>\n\t\t\t\t\t<div class=\"splw-weather-details\">\n\t\t\t<span id=\"temperature\" data-tab-content class=\"temp-min-mex active\">\n\t\t\t<span class=lw-low-temp><span class=\"low\">16<\/span><span class=\"low-scale\">\u00b0<\/span><\/span><span class=\"lw-forecast-separator\"> \/ <\/span><span class=lw-high-temp><span class=\"high\">16<\/span><span class=\"high-scale\">\u00b0<\/span><span class=\"temperature-scale lw-metric\"><span data-scale=\"\u00b0C\" class=\"active lw-scale\">\u00b0C<\/span> <span class=\"separator\">|<\/span> <span data-scale=\"\u00b0F\" class=\" lw-scale\">\u00b0F<\/span><\/span><\/span>\t\t\t<\/span>\n\t\t\t<span id=\"precipitation\" data-tab-content class=\"temp-precipitation\">\n\t\t\t0 mm\t\t\t<\/span>\n\t\t\t<span id=\"rainchance\" data-tab-content class=\"temp-rainchance\">\n\t\t\t0%\t\t\t<\/span>\n\t\t\t<span id=\"wind\" data-tab-content class=\"temp-wind\">\n\t\t\t<span class=\"lw-wind-value\" data-imperial=\"6 mph\" data-metric=\"10 Km\/h\">10 Km\/h<\/span>\t\t\t<\/span>\n\t\t\t<span id=\"humidity\" data-tab-content class=\"temp-humidity\">\n\t\t\t66 %\t\t\t<\/span>\n\t\t\t<span id=\"pressure\" data-tab-content class=\"temp-pressure\">\n\t\t\t1018 hPa\t\t\t<\/span>\n\t\t\t<span id=\"snow\" data-tab-content class=\"temp-snow\">\n\t\t\t0 mm\/h\t\t\t<\/span>\n\t\t<\/div>\n\t\t\t<\/div>\n<!-- End forecast details area -->\n\t\t<!-- Forecast details html area start -->\n<div class=\"splw-forecast \">\n\t\t\t<div class=\"splw-forecast-time\">\n\t\t<span class=lw-days>dim Mai 26<\/span>\n\t\t<span class=\"lw-hourly-forecast-time\"><span>11:00 pm<\/span><span class=\"lw-hourly-date\">Mai 3, 2026<\/span><\/span>\t\t\t<\/div>\n\t\t\t\t<div class=\"splw-forecast-icons max\">\n\t\t\t<img decoding=\"async\" src=\"https:\/\/cparici.com\/wp-content\/plugins\/location-weather-pro\/assets\/images\/icons\/weather-icons\/04n.svg\" class=\"weather-icon\" alt=\"weather icon\" title=\"overcast clouds\" width=\"50\" height=\"50\">\t\t\t\t\t<\/div>\n\t\t\t\t\t<div class=\"splw-weather-details\">\n\t\t\t<span id=\"temperature\" data-tab-content class=\"temp-min-mex active\">\n\t\t\t<span class=lw-low-temp><span class=\"low\">14<\/span><span class=\"low-scale\">\u00b0<\/span><\/span><span class=\"lw-forecast-separator\"> \/ <\/span><span class=lw-high-temp><span class=\"high\">14<\/span><span class=\"high-scale\">\u00b0<\/span><span class=\"temperature-scale lw-metric\"><span data-scale=\"\u00b0C\" class=\"active lw-scale\">\u00b0C<\/span> <span class=\"separator\">|<\/span> <span data-scale=\"\u00b0F\" class=\" lw-scale\">\u00b0F<\/span><\/span><\/span>\t\t\t<\/span>\n\t\t\t<span id=\"precipitation\" data-tab-content class=\"temp-precipitation\">\n\t\t\t0 mm\t\t\t<\/span>\n\t\t\t<span id=\"rainchance\" data-tab-content class=\"temp-rainchance\">\n\t\t\t0%\t\t\t<\/span>\n\t\t\t<span id=\"wind\" data-tab-content class=\"temp-wind\">\n\t\t\t<span class=\"lw-wind-value\" data-imperial=\"3 mph\" data-metric=\"5 Km\/h\">5 Km\/h<\/span>\t\t\t<\/span>\n\t\t\t<span id=\"humidity\" data-tab-content class=\"temp-humidity\">\n\t\t\t76 %\t\t\t<\/span>\n\t\t\t<span id=\"pressure\" data-tab-content class=\"temp-pressure\">\n\t\t\t1018 hPa\t\t\t<\/span>\n\t\t\t<span id=\"snow\" data-tab-content class=\"temp-snow\">\n\t\t\t0 mm\/h\t\t\t<\/span>\n\t\t<\/div>\n\t\t\t<\/div>\n<!-- End forecast details area -->\n\t\t<!-- Forecast details html area start -->\n<div class=\"splw-forecast \">\n\t\t\t<div class=\"splw-forecast-time\">\n\t\t<span class=lw-days>lun Mai 26<\/span>\n\t\t<span class=\"lw-hourly-forecast-time\"><span>2:00 am<\/span><span class=\"lw-hourly-date\">Mai 4, 2026<\/span><\/span>\t\t\t<\/div>\n\t\t\t\t<div class=\"splw-forecast-icons max\">\n\t\t\t<img decoding=\"async\" src=\"https:\/\/cparici.com\/wp-content\/plugins\/location-weather-pro\/assets\/images\/icons\/weather-icons\/10n.svg\" class=\"weather-icon\" alt=\"weather icon\" title=\"light rain\" width=\"50\" height=\"50\">\t\t\t\t\t<\/div>\n\t\t\t\t\t<div class=\"splw-weather-details\">\n\t\t\t<span id=\"temperature\" data-tab-content class=\"temp-min-mex active\">\n\t\t\t<span class=lw-low-temp><span class=\"low\">14<\/span><span class=\"low-scale\">\u00b0<\/span><\/span><span class=\"lw-forecast-separator\"> \/ <\/span><span class=lw-high-temp><span class=\"high\">14<\/span><span class=\"high-scale\">\u00b0<\/span><span class=\"temperature-scale lw-metric\"><span data-scale=\"\u00b0C\" class=\"active lw-scale\">\u00b0C<\/span> <span class=\"separator\">|<\/span> <span data-scale=\"\u00b0F\" class=\" lw-scale\">\u00b0F<\/span><\/span><\/span>\t\t\t<\/span>\n\t\t\t<span id=\"precipitation\" data-tab-content class=\"temp-precipitation\">\n\t\t\t0.21 mm\t\t\t<\/span>\n\t\t\t<span id=\"rainchance\" data-tab-content class=\"temp-rainchance\">\n\t\t\t21%\t\t\t<\/span>\n\t\t\t<span id=\"wind\" data-tab-content class=\"temp-wind\">\n\t\t\t<span class=\"lw-wind-value\" data-imperial=\"5 mph\" data-metric=\"8 Km\/h\">8 Km\/h<\/span>\t\t\t<\/span>\n\t\t\t<span id=\"humidity\" data-tab-content class=\"temp-humidity\">\n\t\t\t80 %\t\t\t<\/span>\n\t\t\t<span id=\"pressure\" data-tab-content class=\"temp-pressure\">\n\t\t\t1017 hPa\t\t\t<\/span>\n\t\t\t<span id=\"snow\" data-tab-content class=\"temp-snow\">\n\t\t\t0 mm\/h\t\t\t<\/span>\n\t\t<\/div>\n\t\t\t<\/div>\n<!-- End forecast details area -->\n\t\t<!-- Forecast details html area start -->\n<div class=\"splw-forecast \">\n\t\t\t<div class=\"splw-forecast-time\">\n\t\t<span class=lw-days>lun Mai 26<\/span>\n\t\t<span class=\"lw-hourly-forecast-time\"><span>5:00 am<\/span><span class=\"lw-hourly-date\">Mai 4, 2026<\/span><\/span>\t\t\t<\/div>\n\t\t\t\t<div class=\"splw-forecast-icons max\">\n\t\t\t<img decoding=\"async\" src=\"https:\/\/cparici.com\/wp-content\/plugins\/location-weather-pro\/assets\/images\/icons\/weather-icons\/10n.svg\" class=\"weather-icon\" alt=\"weather icon\" title=\"light rain\" width=\"50\" height=\"50\">\t\t\t\t\t<\/div>\n\t\t\t\t\t<div class=\"splw-weather-details\">\n\t\t\t<span id=\"temperature\" data-tab-content class=\"temp-min-mex active\">\n\t\t\t<span class=lw-low-temp><span class=\"low\">12<\/span><span class=\"low-scale\">\u00b0<\/span><\/span><span class=\"lw-forecast-separator\"> \/ <\/span><span class=lw-high-temp><span class=\"high\">12<\/span><span class=\"high-scale\">\u00b0<\/span><span class=\"temperature-scale lw-metric\"><span data-scale=\"\u00b0C\" class=\"active lw-scale\">\u00b0C<\/span> <span class=\"separator\">|<\/span> <span data-scale=\"\u00b0F\" class=\" lw-scale\">\u00b0F<\/span><\/span><\/span>\t\t\t<\/span>\n\t\t\t<span id=\"precipitation\" data-tab-content class=\"temp-precipitation\">\n\t\t\t1 mm\t\t\t<\/span>\n\t\t\t<span id=\"rainchance\" data-tab-content class=\"temp-rainchance\">\n\t\t\t100%\t\t\t<\/span>\n\t\t\t<span id=\"wind\" data-tab-content class=\"temp-wind\">\n\t\t\t<span class=\"lw-wind-value\" data-imperial=\"6 mph\" data-metric=\"10 Km\/h\">10 Km\/h<\/span>\t\t\t<\/span>\n\t\t\t<span id=\"humidity\" data-tab-content class=\"temp-humidity\">\n\t\t\t95 %\t\t\t<\/span>\n\t\t\t<span id=\"pressure\" data-tab-content class=\"temp-pressure\">\n\t\t\t1018 hPa\t\t\t<\/span>\n\t\t\t<span id=\"snow\" data-tab-content class=\"temp-snow\">\n\t\t\t0 mm\/h\t\t\t<\/span>\n\t\t<\/div>\n\t\t\t<\/div>\n<!-- End forecast details area -->\n\t\t<!-- Forecast details html area start -->\n<div class=\"splw-forecast \">\n\t\t\t<div class=\"splw-forecast-time\">\n\t\t<span class=lw-days>lun Mai 26<\/span>\n\t\t<span class=\"lw-hourly-forecast-time\"><span>8:00 am<\/span><span class=\"lw-hourly-date\">Mai 4, 2026<\/span><\/span>\t\t\t<\/div>\n\t\t\t\t<div class=\"splw-forecast-icons max\">\n\t\t\t<img decoding=\"async\" src=\"https:\/\/cparici.com\/wp-content\/plugins\/location-weather-pro\/assets\/images\/icons\/weather-icons\/10d.svg\" class=\"weather-icon\" alt=\"weather icon\" title=\"light rain\" width=\"50\" height=\"50\">\t\t\t\t\t<\/div>\n\t\t\t\t\t<div class=\"splw-weather-details\">\n\t\t\t<span id=\"temperature\" data-tab-content class=\"temp-min-mex active\">\n\t\t\t<span class=lw-low-temp><span class=\"low\">13<\/span><span class=\"low-scale\">\u00b0<\/span><\/span><span class=\"lw-forecast-separator\"> \/ <\/span><span class=lw-high-temp><span class=\"high\">13<\/span><span class=\"high-scale\">\u00b0<\/span><span class=\"temperature-scale lw-metric\"><span data-scale=\"\u00b0C\" class=\"active lw-scale\">\u00b0C<\/span> <span class=\"separator\">|<\/span> <span data-scale=\"\u00b0F\" class=\" lw-scale\">\u00b0F<\/span><\/span><\/span>\t\t\t<\/span>\n\t\t\t<span id=\"precipitation\" data-tab-content class=\"temp-precipitation\">\n\t\t\t1 mm\t\t\t<\/span>\n\t\t\t<span id=\"rainchance\" data-tab-content class=\"temp-rainchance\">\n\t\t\t100%\t\t\t<\/span>\n\t\t\t<span id=\"wind\" data-tab-content class=\"temp-wind\">\n\t\t\t<span class=\"lw-wind-value\" data-imperial=\"2 mph\" data-metric=\"3 Km\/h\">3 Km\/h<\/span>\t\t\t<\/span>\n\t\t\t<span id=\"humidity\" data-tab-content class=\"temp-humidity\">\n\t\t\t89 %\t\t\t<\/span>\n\t\t\t<span id=\"pressure\" data-tab-content class=\"temp-pressure\">\n\t\t\t1017 hPa\t\t\t<\/span>\n\t\t\t<span id=\"snow\" data-tab-content class=\"temp-snow\">\n\t\t\t0 mm\/h\t\t\t<\/span>\n\t\t<\/div>\n\t\t\t<\/div>\n<!-- End forecast details area -->\n\t\t<\/div>\n\t<\/div>\t\t\t<\/div>\n\t\t<\/div>\n\t\t\t\t\t<div class=\"lw-footer\">\n<!-- weather detailed and updated html area start -->\n\t<!-- weather detailed and updated html area end -->\n<!-- weather attribute html area start -->\n\t\t<div class=\"splw-weather-attribution\">\n\t\t\t\t\tWeather from OpenWeatherMap\t\t\t<\/div>\n<!-- weather attribute html area end -->\n<\/div>\n<!-- weather attribute html area end -->\n\t<\/div>\n<\/div>\n<\/p><h3 data-start=\"264\" data-end=\"316\">1. \u00c9t\u00e9 : chaud, ensoleill\u00e9\u2026 et parfois orageux<\/h3><p data-start=\"317\" data-end=\"551\"><span class=\"relative -mx-px my-[-0.2rem] rounded px-px py-[0.2rem] transition-colors duration-100 ease-in-out\">Les mois de <strong data-start=\"12\" data-end=\"38\">juin \u00e0 d\u00e9but septembre<\/strong> (de mi-juin \u00e0 d\u00e9but septembre) forment la p\u00e9riode la plus chaude, avec des temp\u00e9ratures diurnes souvent <strong data-start=\"143\" data-end=\"165\">au-dessus de 30\u202f\u00b0C<\/strong>, et un pic en <strong data-start=\"180\" data-end=\"191\">juillet<\/strong> autour de <strong data-start=\"202\" data-end=\"214\" data-is-last-node=\"\">30\u201333\u202f\u00b0C<\/strong><\/span> . <span class=\"relative -mx-px my-[-0.2rem] rounded px-px py-[0.2rem] transition-colors duration-100 ease-in-out\">Selon le dernier bulletin : ce <strong data-start=\"31\" data-end=\"45\">18 juillet<\/strong>, on atteint une temp\u00e9rature maximale de 38\u202f\u00b0C<\/span> , <span class=\"relative -mx-px my-[-0.2rem] rounded px-px py-[0.2rem] transition-colors duration-100 ease-in-out\">tandis que la <strong data-start=\"14\" data-end=\"88\" data-is-last-node=\"\">rubrique climatique confirme une moyenne mensuelle de 34\u202f\u00b0C en juillet<\/strong><\/span> .<\/p><p data-start=\"553\" data-end=\"675\"><span class=\"relative -mx-px my-[-0.2rem] rounded px-px py-[0.2rem] transition-colors duration-100 ease-in-out\">Malgr\u00e9 cette chaleur, l\u2019air reste sec et le mistral peut rafra\u00eechir ponctuellement, surtout en soir\u00e9e. Les pr\u00e9cipitations estivales sont rares : <strong data-start=\"145\" data-end=\"156\">juillet<\/strong>, temps sec avec moins de 4 jours de pluie en moyenne<\/span>. <span class=\"relative -mx-px my-[-0.2rem] rounded px-px py-[0.2rem] transition-colors duration-100 ease-in-out\">Par contre, des orages de chaleur restent possibles, li\u00e9s \u00e0 des ph\u00e9nom\u00e8nes m\u00e9diterran\u00e9ens localis\u00e9s.<\/span><\/p><figure id=\"attachment_67979\" aria-describedby=\"caption-attachment-67979\" style=\"width: 1500px\" class=\"wp-caption aligncenter\"><a href=\"https:\/\/cparici.com\/wp-content\/uploads\/2025\/07\/cparici-2025-07-18T082227.092.jpg\"><img decoding=\"async\" class=\"wp-image-67979 size-full\" src=\"https:\/\/cparici.com\/wp-content\/uploads\/2025\/07\/cparici-2025-07-18T082227.092.jpg\" alt=\"M\u00e9t\u00e9o Nimes\" width=\"1500\" height=\"530\" srcset=\"https:\/\/cparici.com\/wp-content\/uploads\/2025\/07\/cparici-2025-07-18T082227.092.jpg 1500w, https:\/\/cparici.com\/wp-content\/uploads\/2025\/07\/cparici-2025-07-18T082227.092-300x106.jpg 300w, https:\/\/cparici.com\/wp-content\/uploads\/2025\/07\/cparici-2025-07-18T082227.092-1024x362.jpg 1024w, https:\/\/cparici.com\/wp-content\/uploads\/2025\/07\/cparici-2025-07-18T082227.092-768x271.jpg 768w, https:\/\/cparici.com\/wp-content\/uploads\/2025\/07\/cparici-2025-07-18T082227.092-18x6.jpg 18w, https:\/\/cparici.com\/wp-content\/uploads\/2025\/07\/cparici-2025-07-18T082227.092-590x208.jpg 590w, https:\/\/cparici.com\/wp-content\/uploads\/2025\/07\/cparici-2025-07-18T082227.092-1200x424.jpg 1200w, https:\/\/cparici.com\/wp-content\/uploads\/2025\/07\/cparici-2025-07-18T082227.092-577x204.jpg 577w, https:\/\/cparici.com\/wp-content\/uploads\/2025\/07\/cparici-2025-07-18T082227.092-600x212.jpg 600w\" sizes=\"(max-width: 1500px) 100vw, 1500px\" \/><\/a><figcaption id=\"caption-attachment-67979\" class=\"wp-caption-text\">M\u00e9t\u00e9o Nimes<\/figcaption><\/figure><h3 data-start=\"86\" data-end=\"146\">M\u00e9t\u00e9o N\u00eemes, Automne et printemps : transitions mod\u00e9r\u00e9es<\/h3><p data-start=\"730\" data-end=\"812\"><span class=\"relative -mx-px my-[-0.2rem] rounded px-px py-[0.2rem] transition-colors duration-100 ease-in-out\">Au printemps (mars \u00e0 mai), les temp\u00e9ratures grimpent doucement : <strong data-start=\"65\" data-end=\"84\">24\u201326\u202f\u00b0C en mai<\/strong>, souvent sous un ciel clair. \u00c0 l\u2019automne (septembre \u00e0 novembre), les journ\u00e9es restent agr\u00e9ables, avec des pics autour de 25\u202f\u00b0C en <strong data-start=\"215\" data-end=\"239\" data-is-last-node=\"\">septembre et octobre<\/strong><\/span>.<\/p><p data-start=\"814\" data-end=\"853\"><span class=\"relative -mx-px my-[-0.2rem] rounded px-px py-[0.2rem] transition-colors duration-100 ease-in-out\">Cependant, l\u2019arriv\u00e9e d\u2019\u00e9pisodes <strong data-start=\"32\" data-end=\"44\">c\u00e9venols<\/strong>\u2014pluies torrentielles d\u2019automne provoqu\u00e9es par la rencontre entre air m\u00e9diterran\u00e9en et masses d\u2019air froides\u2014est fr\u00e9quente en septembre-octobre. Ces \u00e9pisodes peuvent d\u00e9clencher des <strong data-start=\"224\" data-end=\"247\">inondations rapides<\/strong>. On recommande donc de garder un \u0153il sur les pr\u00e9visions durant ces mois.<\/span><\/p><h3 data-start=\"855\" data-end=\"911\">3. Hiver : douceur relative et transitions humides<\/h3><p data-start=\"912\" data-end=\"1073\"><span class=\"relative -mx-px my-[-0.2rem] rounded px-px py-[0.2rem] transition-colors duration-100 ease-in-out\">De <strong data-start=\"3\" data-end=\"22\">novembre \u00e0 mars<\/strong>, N\u00eemes conna\u00eet des temp\u00e9ratures <strong data-start=\"55\" data-end=\"63\">cool<\/strong>, avec une moyenne quotidienne entre <strong data-start=\"100\" data-end=\"112\">10\u201317\u202f\u00b0C<\/strong> selon les mois, bien que les nuits restent fra\u00eeches (5\u20138\u202f\u00b0C en hiver)<\/span>. <span class=\"relative -mx-px my-[-0.2rem] rounded px-px py-[0.2rem] transition-colors duration-100 ease-in-out\">Le mistral, souvent pr\u00e9sent en hiver et en printemps, accentue le ressenti de fra\u00eecheur<\/span> .<\/p><p data-start=\"1075\" data-end=\"1195\"><span class=\"relative -mx-px my-[-0.2rem] rounded px-px py-[0.2rem] transition-colors duration-100 ease-in-out\">Les pr\u00e9cipitations sont plus fr\u00e9quentes, surtout en hiver et en automne, totalisant environ <strong data-start=\"92\" data-end=\"109\" data-is-last-node=\"\">735\u202fmm par an<\/strong><\/span>. <span class=\"relative -mx-px my-[-0.2rem] rounded px-px py-[0.2rem] transition-colors duration-100 ease-in-out\">Des \u00e9pisodes de neige sont tr\u00e8s rares, sans accumulation notable, le paysage restant globalement vert en dehors de la saison estivale.<\/span><\/p><h3 data-start=\"1197\" data-end=\"1228\">4. Ensoleillement et vent<\/h3><p data-start=\"1229\" data-end=\"1425\"><span class=\"relative -mx-px my-[-0.2rem] rounded px-px py-[0.2rem] transition-colors duration-100 ease-in-out\">N\u00eemes b\u00e9n\u00e9ficie d\u2019un ensoleillement exceptionnel : <strong data-start=\"51\" data-end=\"78\">environ 2\u202f662 heures\/an<\/strong>, soit presque <strong data-start=\"93\" data-end=\"107\">7h\u00b722\/jour<\/strong> en moyenne<\/span>. Cette luminosit\u00e9 explique l\u2019omnipr\u00e9sence de l\u2019<strong data-start=\"1356\" data-end=\"1383\">art de vivre m\u00e9ridional<\/strong>, id\u00e9al pour les activit\u00e9s en plein air.<\/p><p data-start=\"1427\" data-end=\"1711\">Le <strong data-start=\"1430\" data-end=\"1441\">mistral<\/strong> (vent nord froid) souffle une centaine de jours par an, principalement en hiver-printemps, ass\u00e9chant l\u2019atmosph\u00e8re et clarifiant le ciel. En \u00e9t\u00e9, le mistral est moins fr\u00e9quent, mais peut surgir de mani\u00e8re ponctuelle, offrant un r\u00e9pit bienvenu lors des vagues de chaleur.<\/p><h4 data-start=\"1718\" data-end=\"1776\">Conseils m\u00e9t\u00e9o pour bien pr\u00e9parer votre visite de N\u00eemes<\/h4><ul data-start=\"1778\" data-end=\"2428\"><li data-start=\"1778\" data-end=\"1876\"><p data-start=\"1780\" data-end=\"1876\"><strong data-start=\"1780\" data-end=\"1798\">P\u00e9riode id\u00e9ale<\/strong> : mai\u2011juin ou septembre, pour profiter du soleil sans la canicule estivale.<\/p><\/li><li data-start=\"1877\" data-end=\"2034\"><p data-start=\"1879\" data-end=\"2034\"><strong data-start=\"1879\" data-end=\"1889\">En \u00e9t\u00e9<\/strong> : emportez chapeau, lunettes, cr\u00e8me solaire et hydratez-vous r\u00e9guli\u00e8rement. Les b\u00e2ches d\u2019ombre et brumisateurs sont fr\u00e9quents en centre-ville.<\/p><\/li><li data-start=\"2035\" data-end=\"2169\"><p data-start=\"2037\" data-end=\"2169\"><strong data-start=\"2037\" data-end=\"2072\">Attention aux \u00e9pisodes c\u00e9venols<\/strong> en automne\u202f: consultez les alertes m\u00e9t\u00e9o (M\u00e9t\u00e9o-France) pour \u00e9viter crues et orages localis\u00e9s.<\/p><\/li><li data-start=\"2170\" data-end=\"2300\"><p data-start=\"2172\" data-end=\"2300\"><strong data-start=\"2172\" data-end=\"2194\">En hiver-printemps<\/strong> : pr\u00e9voyez une veste coupe\u2011vent pour le mistral, qui peut accentuer la fra\u00eecheur, surtout en avril-mai.<\/p><\/li><li data-start=\"2301\" data-end=\"2428\"><p data-start=\"2303\" data-end=\"2428\"><strong data-start=\"2303\" data-end=\"2327\">Randonn\u00e9es et nature<\/strong> : la meilleure p\u00e9riode est de mai \u00e0 octobre. En \u00e9t\u00e9, privil\u00e9giez les sorties matinales ou en soir\u00e9e.<\/p><\/li><\/ul><h2 data-start=\"2044\" data-end=\"2066\">Foire aux Questions<\/h2><p data-start=\"2068\" data-end=\"2170\"><strong data-start=\"2068\" data-end=\"2128\">Q1. Quelle est la meilleure p\u00e9riode pour visiter N\u00eemes ?<\/strong><br data-start=\"2128\" data-end=\"2131\" \/><span class=\"relative -mx-px my-[-0.2rem] rounded px-px py-[0.2rem] transition-colors duration-100 ease-in-out\">La p\u00e9riode id\u00e9ale est mai\u2013juin pour profiter de la Feria sans exc\u00e8s de chaleur. Septembre offre une ambiance plus calme apr\u00e8s l\u2019\u00e9t\u00e9.<\/span><\/p><p data-start=\"2172\" data-end=\"2279\"><strong data-start=\"2172\" data-end=\"2237\">Q2. Combien co\u00fbte l\u2019entr\u00e9e aux Ar\u00e8nes et \u00e0 la Maison Carr\u00e9e ?<\/strong><br data-start=\"2237\" data-end=\"2240\" \/><span class=\"relative -mx-px my-[-0.2rem] rounded px-px py-[0.2rem] transition-colors duration-100 ease-in-out\">Comptez environ 10\u202f\u20ac pour les Ar\u00e8nes et 6\u202f\u20ac pour la Maison Carr\u00e9e, avec des formules combin\u00e9es ou via City\u202fPass.<\/span><\/p><p data-start=\"2281\" data-end=\"2364\"><strong data-start=\"2281\" data-end=\"2322\">Q3. Peut-on visiter N\u00eemes en 1 jour ?<\/strong><br data-start=\"2322\" data-end=\"2325\" \/><span class=\"relative -mx-px my-[-0.2rem] rounded px-px py-[0.2rem] transition-colors duration-100 ease-in-out\">Oui, en une journ\u00e9e on peut d\u00e9couvrir les Ar\u00e8nes, la Maison Carr\u00e9e, les Jardins et le mus\u00e9e. Pour un s\u00e9jour plus riche, pr\u00e9voyez 2 \u00e0 3 jours.<\/span><\/p><p data-start=\"2366\" data-end=\"2492\"><strong data-start=\"2366\" data-end=\"2409\">Q4. N\u00eemes est-elle facile \u00e0 atteindre ?<\/strong><br data-start=\"2409\" data-end=\"2412\" \/><span class=\"relative -mx-px my-[-0.2rem] rounded px-px py-[0.2rem] transition-colors duration-100 ease-in-out\">Absolument\u202f: TGV, autoroutes, a\u00e9roport local et bus BHNS \u201cTram\u2019Bus\u201d facilitent vos d\u00e9placements<\/span>.<\/p><p data-start=\"2494\" data-end=\"2602\"><strong data-start=\"2494\" data-end=\"2560\">Q5. Peut-on faire une excursion au Pont du Gard depuis N\u00eemes ?<\/strong><br data-start=\"2560\" data-end=\"2563\" \/><span class=\"relative -mx-px my-[-0.2rem] rounded px-px py-[0.2rem] transition-colors duration-100 ease-in-out\">Oui, situ\u00e9 \u00e0 20\u201130\u202fmin en voiture ou en visite organis\u00e9e, il relie patrimoine et nature.<\/span><\/p><p data-start=\"2604\" data-end=\"2716\"><strong data-start=\"2604\" data-end=\"2633\">Q6. Quel climat \u00e0 N\u00eemes ?<\/strong><br data-start=\"2633\" data-end=\"2636\" \/><span class=\"relative -mx-px my-[-0.2rem] rounded px-px py-[0.2rem] transition-colors duration-100 ease-in-out\">Climat m\u00e9diterran\u00e9en (Csa) : \u00e9t\u00e9s chauds, hivers doux, mistral mod\u00e9r\u00e9 \u00e0 100 jours par an<\/span> .<\/p><p data-start=\"2718\" data-end=\"2805\"><strong data-start=\"2718\" data-end=\"2763\">Q7. Y a-t-il des mus\u00e9es en centre-ville ?<\/strong><br data-start=\"2763\" data-end=\"2766\" \/><span class=\"relative -mx-px my-[-0.2rem] rounded px-px py-[0.2rem] transition-colors duration-100 ease-in-out\">Oui : Mus\u00e9e de la Romanit\u00e9, Carr\u00e9 d\u2019Art, Mus\u00e9e du Vieux N\u00eemes et mus\u00e9e taurins.<\/span><\/p><p data-start=\"2807\" data-end=\"2945\"><strong data-start=\"2807\" data-end=\"2862\">Q8. Quelle est la dur\u00e9e moyenne de s\u00e9jour \u00e0 N\u00eemes ?<\/strong><br data-start=\"2862\" data-end=\"2865\" \/><span class=\"relative -mx-px my-[-0.2rem] rounded px-px py-[0.2rem] transition-colors duration-100 ease-in-out\">Elle est de 4,8 jours en moyenne, selon Airbnb<\/span>.<\/p><h2 data-start=\"2952\" data-end=\"2965\">Conclusion<\/h2><p data-start=\"2967\" data-end=\"3269\">N\u00eemes est une ville <strong data-start=\"2987\" data-end=\"3005\">exceptionnelle<\/strong> et riche d\u2019histoire. En visitant N\u00eemes, vous explorez un patrimoine romain intact, go\u00fbtez aux traditions m\u00e9ridionales et profitez du dynamisme culturel d\u2019un centre urbain vivant. Un s\u00e9jour \u00e0 N\u00eemes est une immersion entre antiquit\u00e9 et convivialit\u00e9 m\u00e9diterran\u00e9enne.<\/p><p data-start=\"3271\" data-end=\"3360\">Pour en savoir plus, consultez cet article de Wikip\u00e9dia consacr\u00e9 \u00e0 cette cit\u00e9 mill\u00e9naire.<\/p><p data-start=\"3271\" data-end=\"3360\">Le site officiel de la ville de Nimes, <a href=\"https:\/\/www.nimes.fr\/accueil\" target=\"_blank\" rel=\"noopener\">c&#8217;est par ici!<\/a><\/p>\t\t\t\t\t\t\t\t<\/div>\n\t\t\t\t\t<\/div>\n\t\t\t\t<\/div>\n\t\t<aside class=\"elementor-element elementor-element-157bea5 e-flex e-con-boxed e-con e-parent\" data-id=\"157bea5\" data-element_type=\"container\" data-e-type=\"container\">\n\t\t\t\t\t<div class=\"e-con-inner\">\n\t\t\t\t<div class=\"elementor-element elementor-element-7ca9f33 elementor-widget elementor-widget-listeo-posts-grid\" data-id=\"7ca9f33\" data-element_type=\"widget\" data-e-type=\"widget\" data-widget_type=\"listeo-posts-grid.default\">\n\t\t\t\t<div class=\"elementor-widget-container\">\n\t\t\t\t\t\t\t\n\t\t<div class=\"listeo-post-grid-wrapper\">\n\t\t\t<div class=\"row\">\n\n\t\t\t\n\n\t\t\t\t\t\t\t<div class=\"col-md-4\">\n                <a href=\"https:\/\/cparici.com\/fr\/les-alpilles-le-guide-complet\/\" class=\"blog-compact-item-container\">\n                    <div class=\"blog-compact-item\">\n                        <img decoding=\"async\" width=\"577\" height=\"204\" src=\"https:\/\/cparici.com\/wp-content\/uploads\/2025\/01\/cparici-94-577x204.jpg\" class=\"attachment-listeo-blog-related-post size-listeo-blog-related-post wp-post-image\" alt=\"Les Alpilles guide et d\u00e9couverte\" srcset=\"https:\/\/cparici.com\/wp-content\/uploads\/2025\/01\/cparici-94-577x204.jpg 577w, https:\/\/cparici.com\/wp-content\/uploads\/2025\/01\/cparici-94-300x106.jpg 300w, https:\/\/cparici.com\/wp-content\/uploads\/2025\/01\/cparici-94-1024x362.jpg 1024w, https:\/\/cparici.com\/wp-content\/uploads\/2025\/01\/cparici-94-768x271.jpg 768w, https:\/\/cparici.com\/wp-content\/uploads\/2025\/01\/cparici-94-590x208.jpg 590w, https:\/\/cparici.com\/wp-content\/uploads\/2025\/01\/cparici-94-1200x424.jpg 1200w, https:\/\/cparici.com\/wp-content\/uploads\/2025\/01\/cparici-94-600x212.jpg 600w, https:\/\/cparici.com\/wp-content\/uploads\/2025\/01\/cparici-94.jpg 1500w\" sizes=\"(max-width: 577px) 100vw, 577px\" \/><span class=\"blog-item-tag\">Bouches du Rhone<\/span>                        \n                        <div class=\"blog-compact-item-content\">\n                                                        <h3>Les Alpilles &#8211; le guide complet<\/h3>\n                                                        <p>D\u00e9couvrez les Alpilles, ce massif situ\u00e9 dans le sud de la France, dans le d\u00e9partement...                            <\/p>\n                                                    <\/div>\n                    <\/div>\n                <\/a>\n            <\/div>\n\t\t\t<div class=\"col-md-4\">\n                <a href=\"https:\/\/cparici.com\/fr\/plage-du-lavandou\/\" class=\"blog-compact-item-container\">\n                    <div class=\"blog-compact-item\">\n                        <img decoding=\"async\" width=\"577\" height=\"204\" src=\"https:\/\/cparici.com\/wp-content\/uploads\/2025\/02\/cparici-2025-02-19T070741.876-577x204.jpg\" class=\"attachment-listeo-blog-related-post size-listeo-blog-related-post wp-post-image\" alt=\"Plage du Lanvandou\" srcset=\"https:\/\/cparici.com\/wp-content\/uploads\/2025\/02\/cparici-2025-02-19T070741.876-577x204.jpg 577w, https:\/\/cparici.com\/wp-content\/uploads\/2025\/02\/cparici-2025-02-19T070741.876-300x106.jpg 300w, https:\/\/cparici.com\/wp-content\/uploads\/2025\/02\/cparici-2025-02-19T070741.876-1024x362.jpg 1024w, https:\/\/cparici.com\/wp-content\/uploads\/2025\/02\/cparici-2025-02-19T070741.876-768x271.jpg 768w, https:\/\/cparici.com\/wp-content\/uploads\/2025\/02\/cparici-2025-02-19T070741.876-590x208.jpg 590w, https:\/\/cparici.com\/wp-content\/uploads\/2025\/02\/cparici-2025-02-19T070741.876-1200x424.jpg 1200w, https:\/\/cparici.com\/wp-content\/uploads\/2025\/02\/cparici-2025-02-19T070741.876-600x212.jpg 600w, https:\/\/cparici.com\/wp-content\/uploads\/2025\/02\/cparici-2025-02-19T070741.876.jpg 1500w\" sizes=\"(max-width: 577px) 100vw, 577px\" \/><span class=\"blog-item-tag\">France<\/span>                        \n                        <div class=\"blog-compact-item-content\">\n                                                        <h3>Plage du Lavandou &#8211; le guide<\/h3>\n                                                        <p>D\u00e9couvrez la plage du Lavandou, un joyau de la C\u00f4te d'Azur, avec ses eaux turquoise,...                            <\/p>\n                                                    <\/div>\n                    <\/div>\n                <\/a>\n            <\/div>\n\t\t\t<div class=\"col-md-4\">\n                <a href=\"https:\/\/cparici.com\/fr\/la-provence\/\" class=\"blog-compact-item-container\">\n                    <div class=\"blog-compact-item\">\n                        <img decoding=\"async\" width=\"577\" height=\"204\" src=\"https:\/\/cparici.com\/wp-content\/uploads\/2024\/07\/la-provence.jpg\" class=\"attachment-listeo-blog-related-post size-listeo-blog-related-post wp-post-image\" alt=\"la provence paysages en france\" srcset=\"https:\/\/cparici.com\/wp-content\/uploads\/2024\/07\/la-provence.jpg 1500w, https:\/\/cparici.com\/wp-content\/uploads\/2024\/07\/la-provence-600x212.jpg 600w, https:\/\/cparici.com\/wp-content\/uploads\/2024\/07\/la-provence-300x106.jpg 300w, https:\/\/cparici.com\/wp-content\/uploads\/2024\/07\/la-provence-1024x362.jpg 1024w, https:\/\/cparici.com\/wp-content\/uploads\/2024\/07\/la-provence-768x271.jpg 768w\" sizes=\"(max-width: 577px) 100vw, 577px\" \/><span class=\"blog-item-tag\">France<\/span>                        \n                        <div class=\"blog-compact-item-content\">\n                                                        <h3>La provence &#8211; guide essentiel pour explorer ses merveilles<\/h3>\n                                                        <p>La Provence visiter : d\u00e9couvrez les secrets de cette r\u00e9gion magnifique. Un guide complet pour...                            <\/p>\n                                                    <\/div>\n                    <\/div>\n                <\/a>\n            <\/div>\n  <\/div>\n        <\/div>\n        \t\t\t\t<\/div>\n\t\t\t\t<\/div>\n\t\t\t\t\t<\/div>\n\t\t\t\t<\/aside>\n\t\t\t\t<\/div>\n\t\t","protected":false},"excerpt":{"rendered":"<p>Recherches populaires Categories Pas de r\u00e9sultats Voir tous les r\u00e9sultats N\u00eemes, la perle romaine du Sud de la France Bienvenue dans N\u00eemes, la cit\u00e9 romaine embl\u00e9matique du Sud de la France, situ\u00e9e dans le Gard, en Occitanie.\u00a0Bord\u00e9e par la M\u00e9diterran\u00e9e et les C\u00e9vennes, N\u00eemes vous invite \u00e0 un voyage entre antiquit\u00e9 et art de vivre [&hellip;]<\/p>\n","protected":false},"author":97,"featured_media":67965,"comment_status":"closed","ping_status":"closed","sticky":false,"template":"elementor_header_footer","format":"standard","meta":{"ngg_post_thumbnail":0,"footnotes":""},"categories":[2738,477,1371,1165],"tags":[],"class_list":["post-67964","post","type-post","status-publish","format-standard","has-post-thumbnail","hentry","category-nimes","category-france","category-gard-occitanie","category-occitanie"],"_links":{"self":[{"href":"https:\/\/cparici.com\/fr\/wp-json\/wp\/v2\/posts\/67964","targetHints":{"allow":["GET"]}}],"collection":[{"href":"https:\/\/cparici.com\/fr\/wp-json\/wp\/v2\/posts"}],"about":[{"href":"https:\/\/cparici.com\/fr\/wp-json\/wp\/v2\/types\/post"}],"author":[{"embeddable":true,"href":"https:\/\/cparici.com\/fr\/wp-json\/wp\/v2\/users\/97"}],"replies":[{"embeddable":true,"href":"https:\/\/cparici.com\/fr\/wp-json\/wp\/v2\/comments?post=67964"}],"version-history":[{"count":0,"href":"https:\/\/cparici.com\/fr\/wp-json\/wp\/v2\/posts\/67964\/revisions"}],"wp:featuredmedia":[{"embeddable":true,"href":"https:\/\/cparici.com\/fr\/wp-json\/wp\/v2\/media\/67965"}],"wp:attachment":[{"href":"https:\/\/cparici.com\/fr\/wp-json\/wp\/v2\/media?parent=67964"}],"wp:term":[{"taxonomy":"category","embeddable":true,"href":"https:\/\/cparici.com\/fr\/wp-json\/wp\/v2\/categories?post=67964"},{"taxonomy":"post_tag","embeddable":true,"href":"https:\/\/cparici.com\/fr\/wp-json\/wp\/v2\/tags?post=67964"}],"curies":[{"name":"wp","href":"https:\/\/api.w.org\/{rel}","templated":true}]}}