{"id":68640,"date":"2025-08-03T08:15:16","date_gmt":"2025-08-03T06:15:16","guid":{"rendered":"https:\/\/cparici.com\/?p=68640"},"modified":"2026-03-26T18:38:51","modified_gmt":"2026-03-26T17:38:51","slug":"yourte-guide-complet-2025","status":"publish","type":"post","link":"https:\/\/cparici.com\/fr\/yourte-guide-complet-2025\/","title":{"rendered":"Yourte : Guide Complet 2025"},"content":{"rendered":"\t\t<div data-elementor-type=\"wp-post\" data-elementor-id=\"68640\" class=\"elementor elementor-68640\" data-elementor-post-type=\"post\">\n\t\t\t\t<div class=\"elementor-element elementor-element-756d908 e-con-full e-flex e-con e-parent\" data-id=\"756d908\" data-element_type=\"container\" data-e-type=\"container\">\n\t\t\t\t<div class=\"elementor-element elementor-element-9156b3d elementor-widget elementor-widget-image\" data-id=\"9156b3d\" data-element_type=\"widget\" data-e-type=\"widget\" data-widget_type=\"image.default\">\n\t\t\t\t\t\t\t\t\t\t\t\t\t\t\t<img decoding=\"async\" width=\"1500\" height=\"530\" src=\"https:\/\/cparici.com\/wp-content\/uploads\/2025\/08\/cparici-2025-08-01T220228.589.jpg\" class=\"attachment-full size-full wp-image-68643\" alt=\"Yourte\" srcset=\"https:\/\/cparici.com\/wp-content\/uploads\/2025\/08\/cparici-2025-08-01T220228.589.jpg 1500w, https:\/\/cparici.com\/wp-content\/uploads\/2025\/08\/cparici-2025-08-01T220228.589-300x106.jpg 300w, https:\/\/cparici.com\/wp-content\/uploads\/2025\/08\/cparici-2025-08-01T220228.589-1024x362.jpg 1024w, https:\/\/cparici.com\/wp-content\/uploads\/2025\/08\/cparici-2025-08-01T220228.589-768x271.jpg 768w, https:\/\/cparici.com\/wp-content\/uploads\/2025\/08\/cparici-2025-08-01T220228.589-18x6.jpg 18w, https:\/\/cparici.com\/wp-content\/uploads\/2025\/08\/cparici-2025-08-01T220228.589-590x208.jpg 590w, https:\/\/cparici.com\/wp-content\/uploads\/2025\/08\/cparici-2025-08-01T220228.589-1200x424.jpg 1200w, https:\/\/cparici.com\/wp-content\/uploads\/2025\/08\/cparici-2025-08-01T220228.589-577x204.jpg 577w, https:\/\/cparici.com\/wp-content\/uploads\/2025\/08\/cparici-2025-08-01T220228.589-600x212.jpg 600w\" sizes=\"(max-width: 1500px) 100vw, 1500px\" \/>\t\t\t\t\t\t\t\t\t\t\t\t\t\t\t<\/div>\n\t\t\t\t<\/div>\n\t\t<aside class=\"elementor-element elementor-element-c4a92ca e-flex e-con-boxed e-con e-parent\" data-id=\"c4a92ca\" data-element_type=\"container\" data-e-type=\"container\">\n\t\t\t\t\t<div class=\"e-con-inner\">\n\t\t\t\t<div class=\"elementor-element elementor-element-5373685 elementor-widget elementor-widget-global elementor-global-62046 elementor-widget-eael-advanced-search\" data-id=\"5373685\" data-element_type=\"widget\" data-e-type=\"widget\" data-widget_type=\"eael-advanced-search.default\">\n\t\t\t\t\t        <div class=\"eael-adv-search-wrapper\">\n            <div id=\"eael-advanced-search-widget-5373685\" class=\"eael-advanced-search-widget\">\n                <form data-settings=\"{&quot;post_per_page&quot;:5,&quot;search_among_taxonomies&quot;:&quot;&quot;,&quot;search_among_sku&quot;:&quot;no&quot;,&quot;show_popular_keyword&quot;:0,&quot;show_category&quot;:0,&quot;show_content_image&quot;:1,&quot;show_search_result_all_results&quot;:0,&quot;result_on_new_tab&quot;:&quot;no&quot;,&quot;show_product_price&quot;:&quot;no&quot;,&quot;include_current_page&quot;:&quot;no&quot;,&quot;current_post_id&quot;:68640,&quot;post_type&quot;:[&quot;post&quot;,&quot;listing&quot;]}\" method=\"POST\" name=\"eael-advanced-search-form-5373685\" class=\"eael-advanced-search-form eael-advanced-search-form-style-2\">\n                    <div class=\"eael-advanced-search-wrap\">\n                        <span class=\"eael-adv-search-loader\"><\/span>\n                        <span class=\"eael-adv-search-close\"><i class=\"fas fa-times\"><\/i><\/span>\n                        <span class=\"icon \"><i class=\"fas fa-search\"><\/i><\/span>\n\n                        <input type=\"text\"\n                               placeholder=\"Votre destination\"\n                               class=\"eael-advanced-search\" autocomplete=\"off\" name=\"eael_advanced_search\">\n                    <\/div>\n\t\t\t\t\t                                    <\/form>\n\n\t\t\t\t\n\t\t\t\t        <div class=\"eael-advanced-search-result\">\n            <div class=\"eael-advanced-search-popular-keyword\">\n\t\t\t\t<h4 class=\"eael-advanced-search-popular-keyword-text\">Recherches populaires<\/h4>                <div class=\"eael-popular-keyword-content\"><\/div>\n            <\/div>\n            <div class=\"eael-advanced-search-category\">\n\t\t\t\t<h4 class=\"eael-advanced-search-category-text\">Categories<\/h4>                <div class=\"eael-popular-category-content\"><\/div>\n            <\/div>\n\t\t\t<div class=\"eael-advanced-search-total-results-section\">\n\t\t\t\t\t\t\t<\/div>\n            <div class=\"eael-advanced-search-content eael-item-style-3\">\n            <\/div>\n            <div class=\"eael-advanced-search-not-found\">\n                <p>Pas de r\u00e9sultats<\/p><div id=\"ez-toc-container\" class=\"ez-toc-v2_0_82_2 counter-hierarchy ez-toc-counter ez-toc-custom ez-toc-container-direction\">\n<div class=\"ez-toc-title-container\">\n<p class=\"ez-toc-title\" style=\"cursor:inherit\">Dans cet article<\/p>\n<span class=\"ez-toc-title-toggle\"><\/span><\/div>\n<nav><ul class='ez-toc-list ez-toc-list-level-1 ' ><li class='ez-toc-page-1 ez-toc-heading-level-2'><a class=\"ez-toc-link ez-toc-heading-1\" href=\"https:\/\/cparici.com\/fr\/grenoble\/#Decouvrir_le_coeur_historique_de_Grenoble\" >D\u00e9couvrir le c\u0153ur historique de Grenoble<\/a><\/li><li class='ez-toc-page-1 ez-toc-heading-level-2'><a class=\"ez-toc-link ez-toc-heading-2\" href=\"https:\/\/cparici.com\/fr\/grenoble\/#Grenoble_une_ville_au_coeur_des_montagnes\" >Grenoble, une ville au c\u0153ur des montagnes<\/a><\/li><li class='ez-toc-page-1 ez-toc-heading-level-2'><a class=\"ez-toc-link ez-toc-heading-3\" href=\"https:\/\/cparici.com\/fr\/grenoble\/#Grenoble_pole_dinnovation_et_deducation\" >Grenoble, p\u00f4le d&#8217;innovation et d&#8217;\u00e9ducation<\/a><\/li><li class='ez-toc-page-1 ez-toc-heading-level-2'><a class=\"ez-toc-link ez-toc-heading-4\" href=\"https:\/\/cparici.com\/fr\/grenoble\/#Gastronomie_et_art_de_vivre_a_la_grenobloise\" >Gastronomie et art de vivre \u00e0 la grenobloise<\/a><\/li><li class='ez-toc-page-1 ez-toc-heading-level-2'><a class=\"ez-toc-link ez-toc-heading-5\" href=\"https:\/\/cparici.com\/fr\/grenoble\/#Ou_sejourner_a_Grenoble\" >O\u00f9 s\u00e9journer \u00e0 Grenoble<\/a><\/li><li class='ez-toc-page-1 ez-toc-heading-level-2'><a class=\"ez-toc-link ez-toc-heading-6\" href=\"https:\/\/cparici.com\/fr\/grenoble\/#Meteo_Grenoble_Previsions_et_climat\" >M\u00e9t\u00e9o Grenoble : Pr\u00e9visions et\u00a0 climat\u00a0<\/a><\/li><li class='ez-toc-page-1 ez-toc-heading-level-2'><a class=\"ez-toc-link ez-toc-heading-7\" href=\"https:\/\/cparici.com\/fr\/grenoble\/#Le_Grenoble_Foot_38_GF38\" >Le Grenoble Foot 38 (GF38)<\/a><\/li><li class='ez-toc-page-1 ez-toc-heading-level-2'><a class=\"ez-toc-link ez-toc-heading-8\" href=\"https:\/\/cparici.com\/fr\/grenoble\/#Grenoble_%E2%80%93_Informations_pratiques\" >Grenoble &#8211; Informations pratiques<\/a><\/li><\/ul><\/nav><\/div>\n<\/div>\n            <div class=\"eael-advanced-search-load-more\">\n\t\t\t\t<a \tclass=\"eael-advanced-search-load-more-button\"\n                \thref=\"#\">Voir tous les r\u00e9sultats<\/a>\n            <\/div>\n        <\/div>\n\n\t\t            <\/div>\n        <\/div>\n\n\t\t\t\t\t\t<\/div>\n\t\t\t\t\t<\/div>\n\t\t\t\t<\/aside>\n\t\t<div class=\"elementor-element elementor-element-2773fb8d e-flex e-con-boxed e-con e-parent\" data-id=\"2773fb8d\" data-element_type=\"container\" data-e-type=\"container\">\n\t\t\t\t\t<div class=\"e-con-inner\">\n\t\t\t\t<div class=\"elementor-element elementor-element-55eaa487 elementor-widget elementor-widget-text-editor\" data-id=\"55eaa487\" data-element_type=\"widget\" data-e-type=\"widget\" data-widget_type=\"text-editor.default\">\n\t\t\t\t\t\t\t\t\t<h1 style=\"text-align: center;\" data-start=\"164\" data-end=\"853\">Yourte : Guide Complet 2025<\/h1>\n<p data-start=\"164\" data-end=\"853\">La <strong data-start=\"167\" data-end=\"177\">yourte<\/strong>, habitat ancestral des peuples nomades d\u2019Asie centrale, s\u00e9duit aujourd\u2019hui par son alliance unique entre simplicit\u00e9, \u00e9cologie et art de vivre. \u00c0 la crois\u00e9e des chemins entre tradition et modernit\u00e9, elle s\u2019invite dans nos campagnes fran\u00e7aises comme solution alternative \u00e0 l\u2019habitat classique, que ce soit pour le tourisme insolite ou la r\u00e9sidence permanente. Gr\u00e2ce \u00e0 sa forme circulaire et \u00e0 son ossature souple en bois, elle offre un espace chaleureux, respectueux de l\u2019environnement et \u00e9tonnamment modulable. Pour mieux comprendre ce mode de vie atypique, rien ne vaut un d\u00e9tour par le guide <strong data-start=\"771\" data-end=\"782\">du pays<\/strong> pour explorer les richesses r\u00e9gionales et culturelles qui l\u2019entourent.<\/p>\n<h2 data-start=\"44\" data-end=\"86\">Origines et d\u00e9finition de la <strong data-start=\"76\" data-end=\"86\">Yourte<\/strong><\/h2>\n<p data-start=\"88\" data-end=\"241\"><span class=\"relative -mx-px my-[-0.2rem] rounded px-px py-[0.2rem] transition-colors duration-100 ease-in-out\">La <strong data-start=\"3\" data-end=\"13\">yourte<\/strong> trouve ses <strong data-start=\"25\" data-end=\"37\">origines<\/strong> parmi les peuples nomades de l\u2019Asie centrale, notamment les Turcs et les Mongols, et constitue un <strong data-start=\"136\" data-end=\"167\">habitat circulaire portatif<\/strong> con\u00e7u pour suivre les d\u00e9placements li\u00e9s \u00e0 l\u2019\u00e9levage du b\u00e9tail<\/span>. <span class=\"relative -mx-px my-[-0.2rem] rounded px-px py-[0.2rem] transition-colors duration-100 ease-in-out\">Le terme <em data-start=\"9\" data-end=\"17\">yourte<\/em> provient du russe <em data-start=\"36\" data-end=\"42\">jurt<\/em>, lui-m\u00eame emprunt\u00e9 au turc <em data-start=\"70\" data-end=\"76\">yurt<\/em>, signifiant notamment \u00ab&nbsp;maison&nbsp;\u00bb ou \u00ab&nbsp;domaine&nbsp;\u00bb, ce qui souligne le lien entre le mot et la notion de <strong data-start=\"179\" data-end=\"215\" data-is-last-node=\"\">clan, territoire et foyer nomade<\/strong><\/span>.<\/p>\n<p data-start=\"243\" data-end=\"396\"><span class=\"relative -mx-px my-[-0.2rem] rounded px-px py-[0.2rem] transition-colors duration-100 ease-in-out\">La <strong data-start=\"3\" data-end=\"13\">yourte<\/strong>, ou <em data-start=\"18\" data-end=\"23\">ger<\/em> en mongol, est traditionnellement compos\u00e9e d\u2019une ossature en bois (treillis appel\u00e9 \u201ckhana\u201d), recouverte de <strong data-start=\"131\" data-end=\"160\">feutre ou tissus isolants<\/strong>, parfois appuy\u00e9e sur un cercle de bois central formant une vo\u00fbte d\u00f4me<\/span>. <span class=\"relative -mx-px my-[-0.2rem] rounded px-px py-[0.2rem] transition-colors duration-100 ease-in-out\">Elle est con\u00e7ue pour \u00eatre <strong data-start=\"26\" data-end=\"72\">mont\u00e9e, d\u00e9mont\u00e9e et transport\u00e9e facilement<\/strong>, id\u00e9ale pour un mode de vie nomade dans la steppe ou les zones rurales de Mongolie, Kirghizstan, Kazakhstan, Turquie, Ouzb\u00e9kistan, Afghanistan, etc.<\/span>.<\/p>\n<p data-start=\"398\" data-end=\"557\"><span class=\"relative -mx-px my-[-0.2rem] rounded px-px py-[0.2rem] transition-colors duration-100 ease-in-out\">Selon certaines \u00e9tudes, les premi\u00e8res structures comparables aux yourtes auraient \u00e9merg\u00e9 chez les Scythes entre <strong data-start=\"112\" data-end=\"150\">600 avant J.-C. et 300 apr\u00e8s J.-C.<\/strong>, \u00e9voluant au fil des mill\u00e9naires en habitats plus sophistiqu\u00e9s isol\u00e9s par du feutre, jusqu\u2019\u00e0 devenir des structures symboliques essentielles au mode de vie traditionnel<\/span>. <span class=\"relative -mx-px my-[-0.2rem] rounded px-px py-[0.2rem] transition-colors duration-100 ease-in-out\">D\u00e8s le Moyen \u00c2ge, des voyageurs comme Guillaume de Rubrouck ont d\u00e9crit ces <strong data-start=\"75\" data-end=\"94\">yourtes mobiles<\/strong>, parfois utilis\u00e9es par les khans comme v\u00e9ritables palais itin\u00e9rants sur chariot (ger tereg)<\/span>.<\/p>\n<p data-start=\"559\" data-end=\"813\">En r\u00e9sum\u00e9, la section montre que la <strong data-start=\"595\" data-end=\"605\">yourte<\/strong> est bien plus qu\u2019un simple abri : c\u2019est un <strong data-start=\"649\" data-end=\"669\">symbole culturel<\/strong>, une <strong data-start=\"675\" data-end=\"709\">architecture nomade mill\u00e9naire<\/strong>, et un reflet d\u2019un mode de vie profond\u00e9ment en lien avec la mobilit\u00e9, la communaut\u00e9 et l\u2019environnement.<\/p>\n<h2 data-start=\"245\" data-end=\"283\">Typologies et variantes culturelles<\/h2>\n<p data-start=\"285\" data-end=\"655\">Il existe plusieurs <strong data-start=\"305\" data-end=\"325\">types de yourtes<\/strong> selon les r\u00e9gions d\u2019Asie centrale, chacune adapt\u00e9e aux <strong data-start=\"381\" data-end=\"407\">conditions climatiques<\/strong> et aux <strong data-start=\"415\" data-end=\"441\">traditions culturelles<\/strong> de son peuple. Ces diff\u00e9rences t\u00e9moignent de la diversit\u00e9 d\u2019usages autour de la <strong data-start=\"522\" data-end=\"532\">yourte<\/strong>, tout en conservant une base commune : un habitat circulaire d\u00e9montable, \u00e0 ossature de bois et toiture conique ou en d\u00f4me.<\/p>\n<p data-start=\"285\" data-end=\"655\"><a href=\"https:\/\/cparici.com\/wp-content\/uploads\/2025\/08\/cparici-2025-08-01T220354.528.jpg\"><img decoding=\"async\" class=\"aligncenter wp-image-68644 size-full\" src=\"https:\/\/cparici.com\/wp-content\/uploads\/2025\/08\/cparici-2025-08-01T220354.528.jpg\" alt=\"Yourte mongole\" width=\"1500\" height=\"530\" srcset=\"https:\/\/cparici.com\/wp-content\/uploads\/2025\/08\/cparici-2025-08-01T220354.528.jpg 1500w, https:\/\/cparici.com\/wp-content\/uploads\/2025\/08\/cparici-2025-08-01T220354.528-300x106.jpg 300w, https:\/\/cparici.com\/wp-content\/uploads\/2025\/08\/cparici-2025-08-01T220354.528-1024x362.jpg 1024w, https:\/\/cparici.com\/wp-content\/uploads\/2025\/08\/cparici-2025-08-01T220354.528-768x271.jpg 768w, https:\/\/cparici.com\/wp-content\/uploads\/2025\/08\/cparici-2025-08-01T220354.528-18x6.jpg 18w, https:\/\/cparici.com\/wp-content\/uploads\/2025\/08\/cparici-2025-08-01T220354.528-590x208.jpg 590w, https:\/\/cparici.com\/wp-content\/uploads\/2025\/08\/cparici-2025-08-01T220354.528-1200x424.jpg 1200w, https:\/\/cparici.com\/wp-content\/uploads\/2025\/08\/cparici-2025-08-01T220354.528-577x204.jpg 577w, https:\/\/cparici.com\/wp-content\/uploads\/2025\/08\/cparici-2025-08-01T220354.528-600x212.jpg 600w\" sizes=\"(max-width: 1500px) 100vw, 1500px\" \/><\/a><\/p>\n<h2 data-start=\"285\" data-end=\"655\">La <strong data-start=\"180\" data-end=\"198\">yourte mongole<\/strong><\/h2>\n<p data-start=\"177\" data-end=\"538\">La <strong data-start=\"180\" data-end=\"198\">yourte mongole<\/strong> est bien plus qu\u2019une simple habitation nomade : elle est l\u2019embl\u00e8me vivant d\u2019une culture mill\u00e9naire profond\u00e9ment enracin\u00e9e dans les steppes d\u2019Asie centrale. Utilis\u00e9e depuis des si\u00e8cles par les peuples nomades de Mongolie, cette <strong data-start=\"426\" data-end=\"447\">maison circulaire<\/strong> en toile et bois allie <strong data-start=\"471\" data-end=\"483\">mobilit\u00e9<\/strong>, <strong data-start=\"485\" data-end=\"510\">r\u00e9sistance climatique<\/strong> et <strong data-start=\"514\" data-end=\"537\">harmonie symbolique<\/strong>.<\/p>\n<p data-start=\"540\" data-end=\"910\">Traditionnellement appel\u00e9e \u00ab ger \u00bb en mongol, la <strong data-start=\"589\" data-end=\"607\">yourte mongole<\/strong> repose sur une structure en bois (treillis, perches et anneau central) recouverte de feutre et de toile imperm\u00e9able. Ce syst\u00e8me ing\u00e9nieux permet un montage rapide et une excellente <strong data-start=\"789\" data-end=\"812\">isolation thermique<\/strong>, capable de r\u00e9sister aux temp\u00e9ratures extr\u00eames de la steppe : de -40\u202f\u00b0C en hiver \u00e0 +40\u202f\u00b0C en \u00e9t\u00e9.<\/p>\n<p data-start=\"912\" data-end=\"1320\">Chaque \u00e9l\u00e9ment de la yourte mongole a une signification spirituelle. Le toit circulaire, ouvert au centre (le <em data-start=\"1022\" data-end=\"1029\">toono<\/em>), symbolise le ciel et l\u2019univers. Le po\u00eale central repr\u00e9sente le c\u0153ur du foyer. L\u2019organisation int\u00e9rieure respecte des codes ancestraux : les hommes \u00e0 droite, les femmes \u00e0 gauche, les objets sacr\u00e9s au fond. Cette r\u00e9partition incarne l\u2019\u00e9quilibre social et cosmique cher \u00e0 la culture mongole.<\/p>\n<p data-start=\"1322\" data-end=\"1682\">Aujourd\u2019hui, la <strong data-start=\"1338\" data-end=\"1356\">yourte mongole<\/strong> s\u00e9duit bien au-del\u00e0 des fronti\u00e8res de la Mongolie. En France et en Europe, elle est utilis\u00e9e comme <strong data-start=\"1456\" data-end=\"1478\">habitat \u00e9cologique<\/strong>, <strong data-start=\"1480\" data-end=\"1504\">h\u00e9bergement insolite<\/strong>, ou <strong data-start=\"1509\" data-end=\"1529\">espace bien-\u00eatre<\/strong>. Son esth\u00e9tique chaleureuse, sa faible empreinte environnementale et sa flexibilit\u00e9 s\u00e9duisent les amateurs de simplicit\u00e9 volontaire et de <strong data-start=\"1668\" data-end=\"1681\">slow life<\/strong>.<\/p>\n<p data-start=\"1684\" data-end=\"1961\">Facilement d\u00e9montable, durable, et adaptable \u00e0 diff\u00e9rents usages, la <strong data-start=\"1753\" data-end=\"1771\">yourte mongole<\/strong> est un parfait exemple de l\u2019alliance entre tradition et modernit\u00e9. Elle s\u2019impose comme une r\u00e9ponse inspirante aux d\u00e9fis contemporains de l\u2019habitat durable et respectueux de l\u2019environnement.<\/p>\n<h3 data-start=\"1684\" data-end=\"1961\">La <strong data-start=\"1285\" data-end=\"1303\">yourte kazakhe<\/strong><\/h3>\n<p data-start=\"1282\" data-end=\"1874\">La <strong data-start=\"1285\" data-end=\"1303\">yourte kazakhe<\/strong> ou <strong data-start=\"1307\" data-end=\"1319\">kirghize<\/strong>, quant \u00e0 elle, se distingue par une structure souvent plus haute, avec un <strong data-start=\"1394\" data-end=\"1415\">toit plus inclin\u00e9<\/strong> et une d\u00e9coration int\u00e9rieure riche en couleurs, broderies et symboles. En particulier, la version kirghize se caract\u00e9rise par un <strong data-start=\"1545\" data-end=\"1566\">d\u00f4me plus arrondi<\/strong> et l\u2019usage de mat\u00e9riaux plus d\u00e9coratifs dans l\u2019habillage du toono. Ces variantes sont pens\u00e9es pour r\u00e9pondre \u00e0 des climats l\u00e9g\u00e8rement plus humides ou venteux que la steppe mongole, tout en conservant la portabilit\u00e9.<\/p>\n<p data-start=\"1876\" data-end=\"2236\">En Afghanistan et au Turkm\u00e9nistan, certaines versions proches de la <strong data-start=\"1944\" data-end=\"1954\">yourte<\/strong> existent, parfois d\u00e9sign\u00e9es sous d\u2019autres noms, comme le <strong data-start=\"2012\" data-end=\"2022\">boz ui<\/strong> ou <strong data-start=\"2026\" data-end=\"2035\">alash<\/strong>. Ces habitats partagent la m\u00eame logique de construction mais peuvent int\u00e9grer des murs semi-rigides ou des structures \u00e0 usage semi-permanent.<\/p>\n<p data-start=\"2238\" data-end=\"2673\">Enfin, en Occident, les fabricants ont adapt\u00e9 la <strong data-start=\"2287\" data-end=\"2312\">yourte traditionnelle<\/strong> \u00e0 nos normes climatiques et de confort, donnant naissance \u00e0 des <strong data-start=\"2377\" data-end=\"2397\">yourtes modernes<\/strong> en toile PVC, bois trait\u00e9, voire avec des fen\u00eatres en double vitrage. Ces mod\u00e8les sont souvent utilis\u00e9s dans des projets de <strong data-start=\"2522\" data-end=\"2534\">glamping<\/strong>, d\u2019habitat l\u00e9ger de loisir ou de studio \u00e9cologique, comme on le retrouve fr\u00e9quemment en France.<\/p>\n<p data-start=\"2675\" data-end=\"2869\">Ces typologies r\u00e9v\u00e8lent la capacit\u00e9 d\u2019un m\u00eame mod\u00e8le architectural \u00e0 se <strong data-start=\"2747\" data-end=\"2780\">r\u00e9inventer selon les cultures<\/strong>, tout en pr\u00e9servant une <strong data-start=\"2805\" data-end=\"2825\">identit\u00e9 commune<\/strong> li\u00e9e \u00e0 la <strong data-start=\"2836\" data-end=\"2848\">mobilit\u00e9<\/strong> et \u00e0 l\u2019<strong data-start=\"2856\" data-end=\"2868\">\u00e9cologie<\/strong>.<\/p>\n<h2 data-start=\"2675\" data-end=\"2869\"><span class=\"relative -mx-px my-[-0.2rem] rounded px-px py-[0.2rem] transition-colors duration-100 ease-in-out\"><strong data-start=\"3\" data-end=\"25\">Location de yourte<\/strong><\/span><\/h2>\n<p data-start=\"44\" data-end=\"81\"><span class=\"relative -mx-px my-[-0.2rem] rounded px-px py-[0.2rem] transition-colors duration-100 ease-in-out\">La <strong data-start=\"3\" data-end=\"25\">location de yourte<\/strong> est une option de s\u00e9jour de plus en plus pris\u00e9e pour d\u00e9couvrir un h\u00e9bergement <strong data-start=\"104\" data-end=\"141\">insolite, confortable et original<\/strong>. En France, les offres varient selon le type de yourte (traditionnelle, contemporaine ou de luxe), le nombre de personnes et les options incluses, avec des fourchettes de tarifs bien d\u00e9finies \u00e0 diff\u00e9rents niveaux.<\/span><\/p>\n<p data-start=\"44\" data-end=\"81\"><a href=\"https:\/\/cparici.com\/wp-content\/uploads\/2025\/08\/cparici-2025-08-01T221951.324.jpg\"><img decoding=\"async\" class=\"aligncenter wp-image-68646 size-full\" src=\"https:\/\/cparici.com\/wp-content\/uploads\/2025\/08\/cparici-2025-08-01T221951.324.jpg\" alt=\"Location de yourte\" width=\"1500\" height=\"530\" srcset=\"https:\/\/cparici.com\/wp-content\/uploads\/2025\/08\/cparici-2025-08-01T221951.324.jpg 1500w, https:\/\/cparici.com\/wp-content\/uploads\/2025\/08\/cparici-2025-08-01T221951.324-300x106.jpg 300w, https:\/\/cparici.com\/wp-content\/uploads\/2025\/08\/cparici-2025-08-01T221951.324-1024x362.jpg 1024w, https:\/\/cparici.com\/wp-content\/uploads\/2025\/08\/cparici-2025-08-01T221951.324-768x271.jpg 768w, https:\/\/cparici.com\/wp-content\/uploads\/2025\/08\/cparici-2025-08-01T221951.324-18x6.jpg 18w, https:\/\/cparici.com\/wp-content\/uploads\/2025\/08\/cparici-2025-08-01T221951.324-590x208.jpg 590w, https:\/\/cparici.com\/wp-content\/uploads\/2025\/08\/cparici-2025-08-01T221951.324-1200x424.jpg 1200w, https:\/\/cparici.com\/wp-content\/uploads\/2025\/08\/cparici-2025-08-01T221951.324-577x204.jpg 577w, https:\/\/cparici.com\/wp-content\/uploads\/2025\/08\/cparici-2025-08-01T221951.324-600x212.jpg 600w\" sizes=\"(max-width: 1500px) 100vw, 1500px\" \/><\/a><\/p>\n<h3 data-start=\"83\" data-end=\"124\">Tarifs moyens pour une nuit en yourte<\/h3>\n<p data-start=\"126\" data-end=\"356\"><span class=\"relative -mx-px my-[-0.2rem] rounded px-px py-[0.2rem] transition-colors duration-100 ease-in-out\">Selon les plateformes sp\u00e9cialis\u00e9es, les prix de <strong data-start=\"48\" data-end=\"67\">location yourte<\/strong> d\u00e9butent souvent aux alentours de <strong data-start=\"102\" data-end=\"126\">40\u202f\u20ac \u00e0 60\u202f\u20ac par nuit<\/strong> pour un h\u00e9bergement simple, bien souvent sans sanitaires privatifs<\/span>. <span class=\"relative -mx-px my-[-0.2rem] rounded px-px py-[0.2rem] transition-colors duration-100 ease-in-out\">Des offres \u00e0 <strong data-start=\"13\" data-end=\"31\">55\u202f\u20ac seulement<\/strong> sont disponibles dans certaines r\u00e9gions comme l\u2019Auvergne ou le Lot, pour deux \u00e0 quatre personnes<\/span>. <span class=\"relative -mx-px my-[-0.2rem] rounded px-px py-[0.2rem] transition-colors duration-100 ease-in-out\">On trouve \u00e9galement des h\u00e9bergements \u00e0 <strong data-start=\"39\" data-end=\"59\">65\u202f\u20ac \u00e0 80\u202f\u20ac\/nuit<\/strong>, incluant des \u00e9quipements suppl\u00e9mentaires ou une ambiance plus esth\u00e9tique<\/span>.<\/p>\n<h3 data-start=\"358\" data-end=\"400\">Location de yourte, Gamme moyenne : comfort et prestations<\/h3>\n<p data-start=\"402\" data-end=\"559\"><span class=\"relative -mx-px my-[-0.2rem] rounded px-px py-[0.2rem] transition-colors duration-100 ease-in-out\">Des sites comme <strong data-start=\"16\" data-end=\"37\">Cabanes de France<\/strong> recensent des yourtes avec tarifs allant de <strong data-start=\"82\" data-end=\"106\">80\u202f\u20ac \u00e0 110\u202f\u20ac la nuit<\/strong>, selon la localisation (centre\u2011France, Bourgogne, Provence, Bretagne, etc.) et les services (terrasse, literie, petit-d\u00e9jeuner)<\/span> . <span class=\"relative -mx-px my-[-0.2rem] rounded px-px py-[0.2rem] transition-colors duration-100 ease-in-out\">Quelques structures, comme des yourtes spacieuses am\u00e9nag\u00e9es pour 6 \u00e0 8 personnes, proposent un s\u00e9jour tout confort \u00e0 partir de <strong data-start=\"127\" data-end=\"136\" data-is-last-node=\"\">110\u202f\u20ac<\/strong><\/span>.<\/p>\n<h3 data-start=\"561\" data-end=\"610\">S\u00e9jours haut de gamme ou confort plus complet<\/h3>\n<p data-start=\"612\" data-end=\"773\"><span class=\"relative -mx-px my-[-0.2rem] rounded px-px py-[0.2rem] transition-colors duration-100 ease-in-out\">Dans des <strong data-start=\"9\" data-end=\"46\">yourtes contemporaines ou de luxe<\/strong>, les tarifs s\u2019\u00e9tendent entre <strong data-start=\"76\" data-end=\"103\">120\u202f\u20ac et 150\u202f\u20ac par nuit<\/strong>, parfois plus selon les options comme spa, piscine naturelle, cuisine priv\u00e9e ou d\u00e9co styl\u00e9e<\/span>. <span class=\"relative -mx-px my-[-0.2rem] rounded px-px py-[0.2rem] transition-colors duration-100 ease-in-out\">Des structures comme <strong data-start=\"21\" data-end=\"42\">Au Bonheur Nomade<\/strong> en Vend\u00e9e offrent des yourtes jusqu&#8217;\u00e0 50\u202fm\u00b2 pour 4 \u00e0 6 personnes, avec piscine naturelle, kitchenette compl\u00e8te et zone d\u00e9tente sur un grand terrain bois\u00e9. Les prix commencent autour de <strong data-start=\"228\" data-end=\"244\">80\u202f\u20ac la nuit<\/strong>, mais montent avec les \u00e9quipements comme spa ou jacuzzi<\/span>.<\/p>\n<h3 data-start=\"775\" data-end=\"828\">Location de yourte pr\u00e8s de Paris \/ \u00cele\u2011de\u2011France<\/h3>\n<p data-start=\"830\" data-end=\"910\"><span class=\"relative -mx-px my-[-0.2rem] rounded px-px py-[0.2rem] transition-colors duration-100 ease-in-out\">Pour un s\u00e9jour insolite proche de la capitale, des offres comme une <strong data-start=\"68\" data-end=\"99\">yourte pour 4 \u00e0 6 personnes<\/strong> dans l\u2019\u00cele\u2011de\u2011France sont propos\u00e9es d\u00e8s <strong data-start=\"140\" data-end=\"156\">140\u202f\u20ac\u202f\u20ac\/nuit<\/strong>, avec sanitaire privatif, kitchenette et po\u00eale \u00e0 bois sur des domaines en pleine nature, souvent \u00e0 proximit\u00e9 de Provins ou Disneyland<\/span>.<\/p>\n<h3 data-start=\"912\" data-end=\"946\">Exemple d\u2019annonces sp\u00e9cifiques<\/h3>\n<ul data-start=\"948\" data-end=\"1113\">\n<li data-start=\"948\" data-end=\"1030\">\n<p data-start=\"950\" data-end=\"1030\"><span class=\"relative -mx-px my-[-0.2rem] rounded px-px py-[0.2rem] transition-colors duration-100 ease-in-out\"><strong data-start=\"0\" data-end=\"29\" data-is-only-node=\"\">Les Yourtes des Templiers<\/strong> (Oise) accueillent jusqu&#8217;\u00e0 12 personnes, avec tarifs d\u00e9butant \u00e0 <strong data-start=\"94\" data-end=\"128\">140\u202f\u20ac\/nuit pour deux personnes<\/strong>, extensibles selon la capacit\u00e9 et les options<\/span>.<\/p>\n<\/li>\n<li data-start=\"1031\" data-end=\"1113\">\n<p data-start=\"1033\" data-end=\"1113\"><span class=\"relative -mx-px my-[-0.2rem] rounded px-px py-[0.2rem] transition-colors duration-100 ease-in-out\">Une yourte accessible via G\u00eetes de France dans la Manche (Dennehville) propose une nuit pour deux, avec linge fourni et chauffage, pour des prix similaires<\/span>.<\/p>\n<\/li>\n<\/ul>\n<h3 data-start=\"1115\" data-end=\"1146\">Pourquoi louer une yourte\u202f?<\/h3>\n<p data-start=\"1148\" data-end=\"1492\">Choisir une <strong data-start=\"1160\" data-end=\"1179\">location yourte<\/strong>, c\u2019est opter pour un d\u00e9paysement authentique avec un h\u00e9bergement circulaire, souvent \u00e9cologique, et situ\u00e9 en pleine nature. Ces s\u00e9jours offrent un contact direct avec le paysage, une atmosph\u00e8re cosy, parfois un spa ou un bain nordique en option, parfait pour des escapades en amoureux ou des vacances familiales.<\/p>\n<h3 data-start=\"1494\" data-end=\"1524\">Conseils pour bien choisir<\/h3>\n<ul data-start=\"1526\" data-end=\"1943\">\n<li data-start=\"1526\" data-end=\"1613\">\n<p data-start=\"1528\" data-end=\"1613\"><strong data-start=\"1528\" data-end=\"1558\">Consultez les avis clients<\/strong> pour v\u00e9rifier la qualit\u00e9 (propret\u00e9, accueil, confort).<\/p>\n<\/li>\n<li data-start=\"1614\" data-end=\"1720\">\n<p data-start=\"1616\" data-end=\"1720\">Comparez les <strong data-start=\"1629\" data-end=\"1655\">tarifs selon la saison<\/strong> : l\u2019\u00e9t\u00e9 ou les weekends prolong\u00e9s font souvent grimper les prix.<\/p>\n<\/li>\n<li data-start=\"1721\" data-end=\"1810\">\n<p data-start=\"1723\" data-end=\"1810\">V\u00e9rifiez les <strong data-start=\"1736\" data-end=\"1755\">services inclus<\/strong> (linge, m\u00e9nage, petit-d\u00e9jeuner, acc\u00e8s piscine ou spa).<\/p>\n<\/li>\n<li data-start=\"1811\" data-end=\"1943\">\n<p data-start=\"1813\" data-end=\"1943\">Pour les grands groupes, privil\u00e9giez les yourtes spacieuses (6 \u00e0 8 personnes) ou des ensembles d\u2019h\u00e9bergements sur un m\u00eame domaine.<\/p>\n<\/li>\n<\/ul>\n<h3 data-start=\"1950\" data-end=\"1964\">&nbsp;<\/h3>\n<p data-start=\"1966\" data-end=\"2447\">La <strong data-start=\"1969\" data-end=\"1988\">location yourte<\/strong> en France offre une gamme \u00e9tendue de possibilit\u00e9s\u202f: des s\u00e9jours \u00e9conomiques d\u00e8s <strong data-start=\"2069\" data-end=\"2082\">40\u202f\u20ac\/nuit<\/strong> jusqu\u2019\u00e0 des exp\u00e9riences luxueuses \u00e0 <strong data-start=\"2119\" data-end=\"2136\">plus de 150\u202f\u20ac<\/strong>, selon le confort, la taille, les services et la localisation. Que vous cherchiez une escapade nature \u00e0 petit prix ou une immersion haut de gamme, la <strong data-start=\"2287\" data-end=\"2297\">yourte<\/strong> s\u2019adapte \u00e0 tous les projets de s\u00e9jour insolite. N\u2019h\u00e9sitez pas \u00e0 me demander des suggestions selon votre budget, la r\u00e9gion ou le nombre de personnes !<\/p>\n<h2 data-start=\"212\" data-end=\"244\">Symbolisme et aspects rituels<\/h2>\n<p data-start=\"246\" data-end=\"657\">La <strong data-start=\"249\" data-end=\"259\">yourte<\/strong> n\u2019est pas seulement un habitat fonctionnel : elle est un <strong data-start=\"317\" data-end=\"334\">symbole sacr\u00e9<\/strong> dans de nombreuses cultures nomades, notamment en Mongolie, au Kirghizistan et au Kazakhstan. Sa forme circulaire, son foyer central, et son agencement int\u00e9rieur ne sont pas le fruit du hasard, mais le reflet d\u2019une <strong data-start=\"550\" data-end=\"578\">vision cosmique du monde<\/strong>, dans laquelle l\u2019habitat devient le centre de l\u2019univers familial et spirituel.<\/p>\n<p data-start=\"659\" data-end=\"1248\">Le plan circulaire de la <strong data-start=\"684\" data-end=\"694\">yourte<\/strong> repr\u00e9sente l\u2019<strong data-start=\"708\" data-end=\"718\">infini<\/strong> et l\u2019unit\u00e9. Dans la tradition mongole, le cercle est associ\u00e9 au <strong data-start=\"783\" data-end=\"791\">ciel<\/strong>, \u00e0 la <strong data-start=\"798\" data-end=\"823\">permanence des cycles<\/strong>, et \u00e0 la <strong data-start=\"833\" data-end=\"873\">connexion entre l\u2019homme et la nature<\/strong>. Le <strong data-start=\"878\" data-end=\"887\">toono<\/strong>, l\u2019ouverture centrale au sommet, symbolise le <strong data-start=\"934\" data-end=\"990\">passage entre le monde terrestre et le monde c\u00e9leste<\/strong>, par lequel entre la lumi\u00e8re du soleil. Le foyer, ou <strong data-start=\"1044\" data-end=\"1061\">po\u00eale central<\/strong>, repr\u00e9sente le c\u0153ur de la maison, autour duquel se construit l\u2019ordre social et rituel.<\/p>\n<p data-start=\"1250\" data-end=\"1897\">Dans la yourte traditionnelle, chaque \u00e9l\u00e9ment a sa place, et les <strong data-start=\"1315\" data-end=\"1350\">codes de circulation int\u00e9rieure<\/strong> sont strictement r\u00e9gis par les traditions. L\u2019entr\u00e9e, orient\u00e9e au sud, ouvre sur un espace divis\u00e9 en deux zones : \u00e0 droite, l\u2019espace masculin (lieu de l\u2019honneur, des objets sacr\u00e9s, et des invit\u00e9s) ; \u00e0 gauche, l\u2019espace f\u00e9minin (foyer, cuisine, objets domestiques). Au fond, en face de l\u2019entr\u00e9e, se trouve l\u2019autel ou les objets religieux. Il est <strong data-start=\"1694\" data-end=\"1730\">interdit de marcher sur le seuil<\/strong>, de s\u2019adosser au <strong data-start=\"1748\" data-end=\"1766\">pilier central<\/strong>, ou de passer entre les deux poteaux soutenant le d\u00f4me.<\/p>\n<p data-start=\"1899\" data-end=\"2253\">Les <strong data-start=\"1903\" data-end=\"1921\">rites d\u2019entr\u00e9e<\/strong> dans la yourte varient selon les peuples, mais conservent toujours un aspect sacr\u00e9. En Mongolie, par exemple, on entre en posant d\u2019abord le pied droit, et l\u2019on tourne dans le sens des aiguilles d\u2019une montre. Le <strong data-start=\"2133\" data-end=\"2157\">respect des coutumes<\/strong> assure la b\u00e9n\u00e9diction du foyer et l\u2019\u00e9quilibre des forces protectrices qui r\u00e9sident en son sein.<\/p>\n<p data-start=\"2255\" data-end=\"2579\">La <strong data-start=\"2258\" data-end=\"2268\">yourte<\/strong>, au-del\u00e0 de son aspect architectural, est donc un <strong data-start=\"2319\" data-end=\"2333\">lieu sacr\u00e9<\/strong> de transmission culturelle, o\u00f9 se d\u00e9roulent les c\u00e9r\u00e9monies familiales, les enseignements, et les rites li\u00e9s \u00e0 la vie nomade. Elle incarne un <strong data-start=\"2475\" data-end=\"2498\">\u00e9quilibre spirituel<\/strong> et social, un lien entre les <strong data-start=\"2528\" data-end=\"2578\">anc\u00eatres, les vivants et les \u00e9l\u00e9ments naturels<\/strong>.<\/p>\n<h2 data-start=\"198\" data-end=\"241\">Am\u00e9nagement int\u00e9rieur et confort moderne<\/h2>\n<p data-start=\"243\" data-end=\"552\">Loin de l\u2019image rustique parfois associ\u00e9e \u00e0 la <strong data-start=\"290\" data-end=\"300\">yourte<\/strong>, son <strong data-start=\"306\" data-end=\"331\">am\u00e9nagement int\u00e9rieur<\/strong> peut aujourd\u2019hui rivaliser avec celui d\u2019un habitat classique. Gr\u00e2ce aux techniques modernes et aux mat\u00e9riaux \u00e9cologiques, la <strong data-start=\"457\" data-end=\"467\">yourte<\/strong> combine fonctionnalit\u00e9, esth\u00e9tisme et confort, tout en conservant son charme nomade.<\/p>\n<h3 data-start=\"554\" data-end=\"593\">Agencement circulaire et modularit\u00e9<\/h3>\n<p data-start=\"595\" data-end=\"1112\">La forme ronde de la <strong data-start=\"616\" data-end=\"626\">yourte<\/strong> impose un agencement sp\u00e9cifique, souvent pens\u00e9 de mani\u00e8re circulaire autour du <strong data-start=\"706\" data-end=\"723\">po\u00eale central<\/strong>. Cet agencement favorise la circulation de la chaleur et donne une impression de <strong data-start=\"805\" data-end=\"822\">volume ouvert<\/strong> tr\u00e8s appr\u00e9ci\u00e9e. Les <strong data-start=\"843\" data-end=\"866\">cloisons modulables<\/strong>, \u00e9tag\u00e8res circulaires, et <strong data-start=\"893\" data-end=\"915\">meubles sur mesure<\/strong> permettent une optimisation intelligente de l\u2019espace, m\u00eame pour des surfaces de 20 \u00e0 40 m\u00b2. Certains mod\u00e8les proposent une mezzanine, int\u00e9gr\u00e9e sous la coupole, pour accueillir un lit ou un bureau.<\/p>\n<h3 data-start=\"1114\" data-end=\"1149\">Confort thermique et acoustique<\/h3>\n<p data-start=\"1151\" data-end=\"1713\">Les <strong data-start=\"1155\" data-end=\"1175\">yourtes modernes<\/strong> peuvent b\u00e9n\u00e9ficier d\u2019une isolation efficace gr\u00e2ce \u00e0 des mat\u00e9riaux \u00e9cologiques comme la <strong data-start=\"1263\" data-end=\"1282\">laine de mouton<\/strong>, le <strong data-start=\"1287\" data-end=\"1298\">chanvre<\/strong>, la <strong data-start=\"1303\" data-end=\"1320\">fibre de bois<\/strong> ou encore des multicouches r\u00e9fl\u00e9chissants. L\u2019\u00e9tanch\u00e9it\u00e9 \u00e0 l\u2019air, essentielle dans les r\u00e9gions pluvieuses, est assur\u00e9e par des b\u00e2ches respirantes et des toitures imperm\u00e9ables. Le chauffage est souvent assur\u00e9 par un <strong data-start=\"1535\" data-end=\"1551\">po\u00eale \u00e0 bois<\/strong>, mais certains mod\u00e8les incluent \u00e9galement <strong data-start=\"1594\" data-end=\"1618\">chauffage \u00e9lectrique<\/strong> ou <strong data-start=\"1622\" data-end=\"1642\">po\u00eale \u00e0 granul\u00e9s<\/strong>. Le confort thermique est donc parfaitement ma\u00eetris\u00e9, \u00e9t\u00e9 comme hiver.<\/p>\n<h3 data-start=\"1715\" data-end=\"1751\">Sanitaires, cuisine et autonomie<\/h3>\n<p data-start=\"1753\" data-end=\"2377\">Dans une <strong data-start=\"1762\" data-end=\"1782\">yourte habitable<\/strong>, on peut int\u00e9grer des sanitaires, une cuisine \u00e9quip\u00e9e, voire un coin buanderie. Ces espaces sont souvent s\u00e9par\u00e9s par des cloisons en bois ou tissus tendus. L\u2019autonomie \u00e9nerg\u00e9tique est une autre caract\u00e9ristique souvent recherch\u00e9e : panneaux solaires, toilettes s\u00e8ches, r\u00e9cup\u00e9ration des eaux de pluie, r\u00e9servoirs d\u2019eau chaude solaire permettent une vie confortable et durable, m\u00eame hors r\u00e9seau. De nombreux projets d\u2019<strong data-start=\"2198\" data-end=\"2210\">\u00e9colieux<\/strong> ou de <strong data-start=\"2217\" data-end=\"2233\">permaculture<\/strong> en France adoptent la yourte comme <strong data-start=\"2269\" data-end=\"2301\">habitat \u00e9cologique principal.<\/strong><\/p>\n<div class=\"sm-table-layout__cell sm-table-layout__cell_align_left sm-table-layout__cell_fixed-cell_phrase\" role=\"cell\" data-testid=\"table-cell-keyword\">\n<div class=\"sm-cell-phrase\">\n<p>Yourte prix<\/p>\n<\/div>\n<\/div>\n<p data-start=\"44\" data-end=\"81\"><span class=\"relative -mx-px my-[-0.2rem] rounded px-px py-[0.2rem] transition-colors duration-100 ease-in-out\">Le <strong data-start=\"3\" data-end=\"24\">prix de la yourte<\/strong> varie fortement selon la taille, le type (traditionnelle ou contemporaine), les mat\u00e9riaux, les options et le mode de construction. Que ce soit pour une <strong data-start=\"177\" data-end=\"202\">installation autonome<\/strong>, un <strong data-start=\"207\" data-end=\"228\">habitat principal<\/strong>, ou un <strong data-start=\"236\" data-end=\"260\">h\u00e9bergement insolite<\/strong>, il est essentiel de comprendre les gammes tarifaires pour bien pr\u00e9parer son projet.<\/span><\/p>\n<h3 data-start=\"83\" data-end=\"130\">1. Yourtes traditionnelles : petits budgets<\/h3>\n<p data-start=\"132\" data-end=\"362\"><span class=\"relative -mx-px my-[-0.2rem] rounded px-px py-[0.2rem] transition-colors duration-100 ease-in-out\">Les <strong data-start=\"4\" data-end=\"31\">yourtes traditionnelles<\/strong> de type mongol achetables en kit sont souvent propos\u00e9es \u00e0 partir de <strong data-start=\"100\" data-end=\"125\">2\u202f950\u202f\u20ac HT pour 15\u202fm\u00b2<\/strong> (\u2248\u202f3\u202f540\u202f\u20ac TTC)<\/span> . <span class=\"relative -mx-px my-[-0.2rem] rounded px-px py-[0.2rem] transition-colors duration-100 ease-in-out\">Pour des tailles plus grandes : 20\u202fm\u00b2 = 3\u202f600\u202f\u20ac HT (\u2248\u202f4\u202f320\u202f\u20ac TTC), 27\u202fm\u00b2 = 4\u202f300\u202f\u20ac HT, jusqu\u2019\u00e0 50\u202fm\u00b2 \u00e0 plus de 9\u202f125\u202f\u20ac HT (\u2248\u202f10\u202f950\u202f\u20ac TTC)<\/span>. <span class=\"relative -mx-px my-[-0.2rem] rounded px-px py-[0.2rem] transition-colors duration-100 ease-in-out\">En auto-construction low-tech, certains mod\u00e8les tr\u00e8s l\u00e9gers peuvent \u00eatre mont\u00e9s pour un budget compris entre <strong data-start=\"109\" data-end=\"129\">600\u202f\u20ac et 2\u202f200\u202f\u20ac<\/strong>, sans vitrage ou plancher isol\u00e9, souvent \u00e0 r\u00e9aliser soi-m\u00eame \u00e0 partir de mat\u00e9riaux recycl\u00e9s ou locaux<\/span>.<\/p>\n<h3 data-start=\"364\" data-end=\"423\">2. Yourte contemporaine sur mesure : confort &amp; normes<\/h3>\n<p data-start=\"139\" data-end=\"215\"><span class=\"relative -mx-px my-[-0.2rem] rounded px-px py-[0.2rem] transition-colors duration-100 ease-in-out\">La <strong data-start=\"3\" data-end=\"27\">yourte contemporaine<\/strong> repose sur une <strong data-start=\"43\" data-end=\"71\">structure en bois massif<\/strong>, souvent en douglas ou pin maritime, associ\u00e9e \u00e0 une toile ext\u00e9rieure acrylique ou PVC haute performance. Elle est \u00e9quip\u00e9e d\u2019un <strong data-start=\"199\" data-end=\"210\">skyd\u00f4me<\/strong> ouvrant transparent (simple \u00e0 triple paroi), de menuiseries double vitrage et d\u2019un <strong data-start=\"294\" data-end=\"312\">plancher isol\u00e9<\/strong> mont\u00e9 sur pilotis ou plots r\u00e9glables. Ces \u00e9l\u00e9ments garantissent une isolation thermique, acoustique et une excellente durabilit\u00e9<\/span>.<\/p>\n<p data-start=\"217\" data-end=\"293\"><span class=\"relative -mx-px my-[-0.2rem] rounded px-px py-[0.2rem] transition-colors duration-100 ease-in-out\">Certaines marques vont jusqu\u2019\u00e0 utiliser des structures certifi\u00e9es RE2020, bardage bois et plus de 10\u202fcm d\u2019isolation en ouate de cellulose, laine ou polyester recycl\u00e9 \u2013 assurant un confort toute saison et une compatibilit\u00e9 r\u00e9glementaire pour l\u2019habitat permanent ou ERP<\/span><\/p>\n<p data-start=\"425\" data-end=\"622\"><span class=\"relative -mx-px my-[-0.2rem] rounded px-px py-[0.2rem] transition-colors duration-100 ease-in-out\">Les fabricants de <strong data-start=\"18\" data-end=\"44\">yourtes contemporaines<\/strong> proposent des mod\u00e8les cl\u00e9s en main incluant isolation, plancher, d\u00f4me \u00e9tanche, portes vitr\u00e9es et finition soign\u00e9e. Les tarifs commencent souvent autour de <strong data-start=\"200\" data-end=\"215\">270\u202f\u20ac\/m\u00b2 HT<\/strong> pour des mod\u00e8les ERP (accueil public) conformes, hors livraison et montage<\/span>. <span class=\"relative -mx-px my-[-0.2rem] rounded px-px py-[0.2rem] transition-colors duration-100 ease-in-out\">Par exemple, une yourte de 50\u202fm\u00b2 revient \u00e0 environ <strong data-start=\"51\" data-end=\"66\">13\u202f500\u202f\u20ac HT<\/strong> selon cette tarification. D&#8217;autres fabricants comme I Love Yourte affichent des mod\u00e8les de <strong data-start=\"158\" data-end=\"175\">6\u202fm (\u2248\u202f30\u202fm\u00b2)<\/strong> \u00e0 <strong data-start=\"178\" data-end=\"193\">15\u202f380\u202f\u20ac HT<\/strong>, <strong data-start=\"195\" data-end=\"210\">7\u202fm (40\u202fm\u00b2)<\/strong> environ 21\u202f500\u202f\u20ac, jusqu\u2019\u00e0 10,8\u202fm (88\u202fm\u00b2) pour 44\u202f950\u202f\u20ac HT, sans montage<\/span>. <span class=\"relative -mx-px my-[-0.2rem] rounded px-px py-[0.2rem] transition-colors duration-100 ease-in-out\">Le montage participatif ou professionnel ajoute entre 3\u202f600\u202f\u20ac et 12\u202f000\u202f\u20ac selon les tailles et options.<\/span><\/p>\n<p data-start=\"624\" data-end=\"704\"><span class=\"relative -mx-px my-[-0.2rem] rounded px-px py-[0.2rem] transition-colors duration-100 ease-in-out\">Les mod\u00e8les sur mesure \u00ab\u202f\u00e9l\u00e9gance\u202f\u00bb incluent isolation renforc\u00e9e, plancher, skyd\u00f4me, fen\u00eatres, mezzanine, et prix de base de 25\u202f000\u202f\u20ac TTC pour 38\u202fm\u00b2, 28\u202f000\u202f\u20ac pour 49\u202fm\u00b2 et environ 32\u202f000\u202f\u20ac pour 63\u202fm\u00b2<\/span> .<\/p>\n<h3 data-start=\"706\" data-end=\"754\">3. Mod\u00e8les kits ou autoconstruction modernes<\/h3>\n<p data-start=\"756\" data-end=\"917\"><span class=\"relative -mx-px my-[-0.2rem] rounded px-px py-[0.2rem] transition-colors duration-100 ease-in-out\">Des kits comme ceux de Yourteco proposent des yourtes contemporaines de <strong data-start=\"72\" data-end=\"108\">70\u202fm\u00b2 pour 30\u202f000 \u00e0 40\u202f000\u202f\u20ac TTC<\/strong>, incluant \u00e9tude thermique, permis, accompagnement, etc.<\/span>. <span class=\"relative -mx-px my-[-0.2rem] rounded px-px py-[0.2rem] transition-colors duration-100 ease-in-out\">Soit un prix au m\u00b2 de 430\u202f\u20ac \u00e0 570\u202f\u20ac TTC environ. En autoconstruction compl\u00e8te, un mod\u00e8le de 77\u202fm\u00b2 (107\u202fm\u00b2 plancher) co\u00fbterait environ <strong data-start=\"134\" data-end=\"150\">45\u202f000\u202f\u20ac TTC<\/strong>, le co\u00fbt au m\u00b2 restant autour de 650\u202f\u20ac, avant options comme assainissement ou panneaux solaires (ajoutants plusieurs milliers d\u2019euros)<\/span>.<\/p>\n<h3 data-start=\"919\" data-end=\"966\">4. Exemples pr\u00e9cis : tarifs r\u00e9els de march\u00e9<\/h3>\n<ul data-start=\"968\" data-end=\"1215\">\n<li data-start=\"968\" data-end=\"1049\">\n<p data-start=\"970\" data-end=\"1049\"><span class=\"relative -mx-px my-[-0.2rem] rounded px-px py-[0.2rem] transition-colors duration-100 ease-in-out\">Yourte de 20\u202fm\u00b2, mod\u00e8le \u201cFlex Yourte\u201d : <strong data-start=\"40\" data-end=\"55\">3\u202f900\u202f\u20ac TTC<\/strong> pour 10\u202fm\u00b2 (~390\u202f\u20ac\/m\u00b2), livr\u00e9e<\/span>.<\/p>\n<\/li>\n<li data-start=\"1050\" data-end=\"1132\">\n<p data-start=\"1052\" data-end=\"1132\"><span class=\"relative -mx-px my-[-0.2rem] rounded px-px py-[0.2rem] transition-colors duration-100 ease-in-out\">Yourte de 19\u201320\u202fm\u00b2 : <strong data-start=\"21\" data-end=\"36\">5\u202f800\u202f\u20ac TTC<\/strong>, avec structure en bois, isolation, porte double vitrage, feutre polyester 75\u202fmm<\/span> .<\/p>\n<\/li>\n<li data-start=\"1133\" data-end=\"1215\">\n<p data-start=\"1135\" data-end=\"1215\"><span class=\"relative -mx-px my-[-0.2rem] rounded px-px py-[0.2rem] transition-colors duration-100 ease-in-out\">Yourte de 28\u202fm\u00b2 mod\u00e8le 6\u202fm : <strong data-start=\"29\" data-end=\"44\">7\u202f240\u202f\u20ac TTC<\/strong>, isolation incluse, porte vitr\u00e9e, murs PVC\/acrylique<\/span> .<\/p>\n<\/li>\n<\/ul>\n<h3 data-start=\"1217\" data-end=\"1265\">5. Facteurs influen\u00e7ant le co\u00fbt de la yourte<\/h3>\n<ul data-start=\"1267\" data-end=\"1648\">\n<li data-start=\"1267\" data-end=\"1308\">\n<p data-start=\"1269\" data-end=\"1308\"><span class=\"relative -mx-px my-[-0.2rem] rounded px-px py-[0.2rem] transition-colors duration-100 ease-in-out\"><strong data-start=\"0\" data-end=\"11\" data-is-only-node=\"\">Surface<\/strong> : plus la yourte est grande, plus le prix au m\u00b2 diminue mod\u00e9r\u00e9ment, mais le co\u00fbt total augmente.<\/span><\/p>\n<\/li>\n<li data-start=\"1309\" data-end=\"1391\">\n<p data-start=\"1311\" data-end=\"1391\"><span class=\"relative -mx-px my-[-0.2rem] rounded px-px py-[0.2rem] transition-colors duration-100 ease-in-out\"><strong data-start=\"0\" data-end=\"13\" data-is-only-node=\"\">Isolation<\/strong> : basic versus option 4 saisons (isolation renforc\u00e9e \u2248\u202f600\u202f\u20ac suppl\u00e9mentaires pour 5\u202fcm d\u2019ouate)<\/span>.<\/p>\n<\/li>\n<li data-start=\"1392\" data-end=\"1433\">\n<p data-start=\"1394\" data-end=\"1433\"><span class=\"relative -mx-px my-[-0.2rem] rounded px-px py-[0.2rem] transition-colors duration-100 ease-in-out\"><strong data-start=\"0\" data-end=\"11\" data-is-only-node=\"\">Options<\/strong> : plancher isol\u00e9, d\u00f4me transparent, portefen\u00eatres, mezzanine, packages \u00e9lectriques ou climatisation augmentent sensiblement le tarif.<\/span><\/p>\n<\/li>\n<li data-start=\"1434\" data-end=\"1516\">\n<p data-start=\"1436\" data-end=\"1516\"><span class=\"relative -mx-px my-[-0.2rem] rounded px-px py-[0.2rem] transition-colors duration-100 ease-in-out\"><strong data-start=\"0\" data-end=\"24\" data-is-only-node=\"\">Livraison et montage<\/strong> : forfaits r\u00e9gionaux entre 600\u202f\u20ac et 1\u202f000\u202f\u20ac TTC, voire 5\u202f000\u201312\u202f000\u202f\u20ac pour montage professionnel complet<\/span>.<\/p>\n<\/li>\n<li data-start=\"1517\" data-end=\"1648\">\n<p data-start=\"1519\" data-end=\"1648\"><strong data-start=\"1519\" data-end=\"1537\">R\u00e9glementation<\/strong> : les mod\u00e8les ERP ou r\u00e9sidentiels demandant permis impliquent des co\u00fbts d&#8217;\u00e9tude, permis, adaptation thermique.<\/p>\n<\/li>\n<\/ul>\n<h3 data-start=\"1655\" data-end=\"1697\">Synth\u00e8se : fourchette de prix standard<\/h3>\n<ul data-start=\"1699\" data-end=\"1975\">\n<li data-start=\"1699\" data-end=\"1785\">\n<p data-start=\"1701\" data-end=\"1785\"><strong data-start=\"1701\" data-end=\"1767\">Yourte traditionnelle, petit mod\u00e8le 15\u201320\u202fm\u00b2 auto-construction<\/strong> : 600\u202f\u20ac \u2013 4\u202f000\u202f\u20ac<\/p>\n<\/li>\n<li data-start=\"1786\" data-end=\"1864\">\n<p data-start=\"1788\" data-end=\"1864\"><strong data-start=\"1788\" data-end=\"1842\">Yourte contemporaine d\u2019environ 30\u202fm\u00b2 (cl\u00e9 en main)<\/strong> : 15\u202f000\u202f\u20ac \u2013 22\u202f000\u202f\u20ac<\/p>\n<\/li>\n<li data-start=\"1865\" data-end=\"1975\">\n<p data-start=\"1867\" data-end=\"1975\"><strong data-start=\"1867\" data-end=\"1913\">Yourte contemporaine grand format (\u226540\u202fm\u00b2)<\/strong> : 25\u202f000\u202f\u20ac \u2013 45\u202f000\u202f\u20ac selon options, permissions et autonomie<\/p>\n<\/li>\n<\/ul>\n<p data-start=\"1977\" data-end=\"2220\">Le <strong data-start=\"1980\" data-end=\"1995\">yourte prix<\/strong> d\u00e9pend donc de nombreux param\u00e8tres, mais reste souvent plus accessible qu&#8217;une construction classique. Pour un projet sur mesure, il est pr\u00e9f\u00e9rable de comparer diff\u00e9rents devis aupr\u00e8s de plusieurs fabricants ou constructeurs.<\/p>\n<h3 data-start=\"2379\" data-end=\"2404\">D\u00e9coration int\u00e9rieure<\/h3>\n<p data-start=\"2406\" data-end=\"2781\">La d\u00e9coration de la <strong data-start=\"2426\" data-end=\"2436\">yourte<\/strong> refl\u00e8te souvent une inspiration orientale, ethnique ou boh\u00e8me. Les <strong data-start=\"2504\" data-end=\"2521\">tapis color\u00e9s<\/strong>, <strong data-start=\"2523\" data-end=\"2544\">tentures mongoles<\/strong>, lampes tamis\u00e9es et meubles en bois brut renforcent l\u2019ambiance chaleureuse et naturelle de l\u2019espace. Certains int\u00e8grent m\u00eame des <strong data-start=\"2674\" data-end=\"2685\">vitraux<\/strong>, des <strong data-start=\"2691\" data-end=\"2716\">fen\u00eatres panoramiques<\/strong> ou des hublots pour profiter pleinement de la lumi\u00e8re naturelle.<\/p>\n<p data-start=\"2783\" data-end=\"2978\">Gr\u00e2ce \u00e0 ces am\u00e9nagements, la <strong data-start=\"2812\" data-end=\"2822\">yourte<\/strong> devient un <strong data-start=\"2834\" data-end=\"2859\">espace de vie complet<\/strong>, confortable, esth\u00e9tique et parfaitement adapt\u00e9 \u00e0 une vie moderne et responsable, sans renoncer \u00e0 ses racines nomades.<\/p>\n<h2 data-start=\"225\" data-end=\"264\">Avantages \u00e9cologiques et \u00e9conomiques<\/h2>\n<p data-start=\"266\" data-end=\"548\">Choisir d\u2019habiter dans une <strong data-start=\"293\" data-end=\"303\">yourte<\/strong> ou d\u2019y s\u00e9journer repr\u00e9sente bien plus qu\u2019un simple choix architectural. C\u2019est une d\u00e9marche profond\u00e9ment <strong data-start=\"408\" data-end=\"422\">\u00e9cologique<\/strong> et <strong data-start=\"426\" data-end=\"440\">\u00e9conomique<\/strong>, qui r\u00e9pond aux aspirations actuelles de sobri\u00e9t\u00e9, de <strong data-start=\"495\" data-end=\"517\">retour \u00e0 la nature<\/strong> et de <strong data-start=\"524\" data-end=\"547\">mode de vie durable<\/strong>.<\/p>\n<h3 data-start=\"550\" data-end=\"581\">Faible empreinte \u00e9cologique<\/h3>\n<p data-start=\"583\" data-end=\"1131\">La <strong data-start=\"586\" data-end=\"596\">yourte<\/strong> est un mod\u00e8le d\u2019<strong data-start=\"613\" data-end=\"634\">habitat \u00e9co-con\u00e7u<\/strong>. Fabriqu\u00e9e \u00e0 partir de <strong data-start=\"658\" data-end=\"680\">mat\u00e9riaux naturels<\/strong> (bois, feutre, toile), elle n\u00e9cessite peu de ressources pour sa construction et son entretien. Son <strong data-start=\"780\" data-end=\"805\">absence de fondations<\/strong> et sa capacit\u00e9 \u00e0 \u00eatre d\u00e9mont\u00e9e permettent de ne pas d\u00e9grader les sols, ce qui en fait une structure <strong data-start=\"906\" data-end=\"920\">r\u00e9versible<\/strong> respectueuse de l\u2019environnement. De plus, de nombreux mod\u00e8les modernes int\u00e8grent des <strong data-start=\"1006\" data-end=\"1029\">isolants biosourc\u00e9s<\/strong>, des toiles imperm\u00e9ables mais respirantes, et des installations visant \u00e0 l\u2019<strong data-start=\"1105\" data-end=\"1130\">autonomie \u00e9nerg\u00e9tique<\/strong>.<\/p>\n<p data-start=\"1133\" data-end=\"1519\">Gr\u00e2ce \u00e0 ses faibles besoins en chauffage (gr\u00e2ce \u00e0 son volume compact et \u00e0 son isolation), la consommation d\u2019\u00e9nergie d\u2019une <strong data-start=\"1255\" data-end=\"1265\">yourte<\/strong> est bien inf\u00e9rieure \u00e0 celle d\u2019un logement classique. C\u2019est un excellent exemple d\u2019habitat <strong data-start=\"1356\" data-end=\"1381\">passif ou semi-passif<\/strong>, avec des performances thermiques adapt\u00e9es au climat fran\u00e7ais.<\/p>\n<h3 data-start=\"1521\" data-end=\"1555\">Habitat z\u00e9ro artificialisation<\/h3>\n<p data-start=\"1557\" data-end=\"2064\">Dans un contexte o\u00f9 les politiques publiques cherchent \u00e0 limiter l\u2019<strong data-start=\"1624\" data-end=\"1654\">artificialisation des sols<\/strong>, la <strong data-start=\"1659\" data-end=\"1669\">yourte<\/strong> s\u2019impose comme une solution d\u2019avenir. Elle s\u2019int\u00e8gre parfaitement dans les projets d\u2019<strong data-start=\"1755\" data-end=\"1779\">urbanisme alternatif<\/strong>, de <strong data-start=\"1784\" data-end=\"1806\">tiers-lieux ruraux<\/strong>, ou d\u2019<strong data-start=\"1813\" data-end=\"1836\">\u00e9colieux collectifs<\/strong>, en respectant les milieux naturels sans b\u00e9ton ni assainissement lourd. Elle peut ainsi \u00eatre install\u00e9e dans des zones rurales sans impacter durablement l\u2019environnement.<\/p>\n<h3 data-start=\"2066\" data-end=\"2084\">Co\u00fbt abordable<\/h3>\n<p data-start=\"2086\" data-end=\"2576\">Sur le plan \u00e9conomique, la <strong data-start=\"2113\" data-end=\"2123\">yourte<\/strong> est tr\u00e8s comp\u00e9titive. Un mod\u00e8le de 20 \u00e0 30\u202fm\u00b2 peut co\u00fbter entre 7\u202f000\u202f\u20ac et 20\u202f000\u202f\u20ac, selon les mat\u00e9riaux et options choisies. M\u00eame avec des am\u00e9nagements int\u00e9rieurs (sanitaires, po\u00eale, panneaux solaires), le co\u00fbt reste tr\u00e8s inf\u00e9rieur \u00e0 celui d\u2019une maison traditionnelle ou d\u2019un chalet bois. Cela en fait une solution id\u00e9ale pour les personnes souhaitant s\u2019installer rapidement avec un <strong data-start=\"2508\" data-end=\"2524\">petit budget<\/strong> ou se lancer dans un <strong data-start=\"2546\" data-end=\"2575\">projet d\u2019autoconstruction<\/strong>.<\/p>\n<p data-start=\"2578\" data-end=\"2804\">L\u2019entretien est \u00e9galement r\u00e9duit : pas de ravalement, peu de chauffage, r\u00e9parations l\u00e9g\u00e8res. La long\u00e9vit\u00e9 d\u2019une <strong data-start=\"2690\" data-end=\"2716\">yourte bien entretenue<\/strong> peut d\u00e9passer 20 ans, avec des toiles \u00e0 remplacer tous les 10 \u00e0 15 ans selon le climat.<\/p>\n<h3 data-start=\"2806\" data-end=\"2828\">Fiscalit\u00e9 et aides<\/h3>\n<p data-start=\"2830\" data-end=\"3181\">Les <strong data-start=\"2834\" data-end=\"2857\">yourtes d\u00e9montables<\/strong> ne sont pas soumises \u00e0 la <strong data-start=\"2884\" data-end=\"2901\">taxe fonci\u00e8re<\/strong>, sauf si elles deviennent permanentes (branchements, chape de b\u00e9ton, etc.). Dans certains cas, des aides locales peuvent \u00eatre accord\u00e9es pour les <strong data-start=\"3047\" data-end=\"3070\">projets \u00e9cologiques<\/strong> ou <strong data-start=\"3074\" data-end=\"3096\">d\u2019insertion rurale<\/strong>, notamment pour les jeunes agriculteurs ou les porteurs de projets \u00e9co-touristiques.<\/p>\n<h2 data-start=\"174\" data-end=\"219\">Contraintes et limites de la vie en yourte<\/h2>\n<p data-start=\"221\" data-end=\"536\">Malgr\u00e9 ses nombreux avantages, vivre dans une <strong data-start=\"267\" data-end=\"277\">yourte<\/strong> n\u2019est pas toujours simple, et il est essentiel de conna\u00eetre les <strong data-start=\"342\" data-end=\"389\">limites techniques, juridiques et pratiques<\/strong> que ce type d\u2019habitat implique. Cette transparence permet d\u2019\u00e9viter les mauvaises surprises, notamment lors de projets d\u2019installation \u00e0 long terme.<\/p>\n<h3 data-start=\"538\" data-end=\"573\">R\u00e9glementation parfois complexe<\/h3>\n<p data-start=\"575\" data-end=\"1018\">L\u2019un des principaux freins est d\u2019ordre <strong data-start=\"614\" data-end=\"631\">administratif<\/strong>. En th\u00e9orie, une <strong data-start=\"649\" data-end=\"670\">yourte d\u00e9montable<\/strong> peut \u00eatre install\u00e9e sans formalit\u00e9 si elle est utilis\u00e9e moins de 3 mois sur un terrain priv\u00e9, et qu\u2019elle ne comporte ni fondations ni raccordements. Mais dans les faits, de nombreuses communes imposent une <strong data-start=\"877\" data-end=\"902\">d\u00e9claration pr\u00e9alable<\/strong>, voire un <strong data-start=\"913\" data-end=\"937\">permis de construire<\/strong> d\u00e8s que la yourte devient une <strong data-start=\"968\" data-end=\"992\">r\u00e9sidence principale<\/strong> ou qu\u2019elle d\u00e9passe 20\u202fm\u00b2.<\/p>\n<p data-start=\"1020\" data-end=\"1431\">De plus, certains <strong data-start=\"1038\" data-end=\"1072\">PLU (Plans Locaux d\u2019Urbanisme)<\/strong> interdisent les habitats l\u00e9gers, ou restreignent leur usage \u00e0 certaines zones. Il est donc crucial de <strong data-start=\"1175\" data-end=\"1212\">v\u00e9rifier la faisabilit\u00e9 juridique<\/strong> avant d\u2019investir. Dans les zones naturelles ou agricoles, les autorisations sont rares, sauf \u00e0 int\u00e9grer un projet agricole ou p\u00e9dagogique coh\u00e9rent.<\/p>\n<h3 data-start=\"1433\" data-end=\"1478\">Vie en milieu humide : entretien et usure<\/h3>\n<p data-start=\"1480\" data-end=\"1885\">Le <strong data-start=\"1483\" data-end=\"1502\">climat fran\u00e7ais<\/strong>, souvent plus humide que celui des steppes, impose des adaptations. Sans une bonne <strong data-start=\"1586\" data-end=\"1601\">ventilation<\/strong>, une <strong data-start=\"1607\" data-end=\"1632\">isolation performante<\/strong> et une toiture bien con\u00e7ue, des probl\u00e8mes de <strong data-start=\"1678\" data-end=\"1694\">condensation<\/strong> ou de moisissure peuvent appara\u00eetre. Les toiles doivent \u00eatre <strong data-start=\"1756\" data-end=\"1785\">r\u00e9guli\u00e8rement entretenues<\/strong>, et il peut \u00eatre n\u00e9cessaire de les remplacer tous les 10 \u00e0 15 ans selon les conditions climatiques.<\/p>\n<h3 data-start=\"1887\" data-end=\"1904\">Espace r\u00e9duit<\/h3>\n<p data-start=\"1906\" data-end=\"2272\">La <strong data-start=\"1909\" data-end=\"1919\">yourte<\/strong> offre un espace de vie r\u00e9duit, surtout pour les familles ou les personnes ayant besoin de beaucoup de rangements. M\u00eame si l\u2019on peut aller jusqu\u2019\u00e0 50\u202fm\u00b2, le <strong data-start=\"2076\" data-end=\"2115\">mode de vie doit rester minimaliste<\/strong>, avec une bonne gestion de l\u2019espace et du mobilier. Cela implique une <strong data-start=\"2186\" data-end=\"2226\">r\u00e9duction volontaire des possessions<\/strong>, et une organisation rigoureuse du quotidien.<\/p>\n<h3 data-start=\"2274\" data-end=\"2306\">Confort sonore et vie priv\u00e9e<\/h3>\n<p data-start=\"2308\" data-end=\"2623\">Les <strong data-start=\"2312\" data-end=\"2330\">parois souples<\/strong> et les toiles fines isolent mal des bruits ext\u00e9rieurs ou int\u00e9rieurs. Vivre \u00e0 plusieurs dans une <strong data-start=\"2427\" data-end=\"2437\">yourte<\/strong> n\u00e9cessite donc un bon niveau de <strong data-start=\"2470\" data-end=\"2486\">cohabitation<\/strong> et de respect mutuel. Certaines personnes peuvent \u00e9galement ressentir un <strong data-start=\"2560\" data-end=\"2581\">manque d\u2019intimit\u00e9<\/strong> dans cet habitat ouvert et peu cloisonn\u00e9.<\/p>\n<h3 data-start=\"2625\" data-end=\"2648\">Acceptation sociale<\/h3>\n<p data-start=\"2650\" data-end=\"3037\">Enfin, il existe encore une certaine <strong data-start=\"2687\" data-end=\"2707\">m\u00e9fiance sociale<\/strong> envers les habitats alternatifs. Vivre dans une <strong data-start=\"2756\" data-end=\"2766\">yourte<\/strong> peut susciter l\u2019incompr\u00e9hension, voire des tensions avec le voisinage ou les autorit\u00e9s locales. Il est donc essentiel de bien <strong data-start=\"2893\" data-end=\"2916\">pr\u00e9parer son projet<\/strong>, de communiquer avec les riverains, et d\u2019obtenir le soutien des \u00e9lus locaux dans une d\u00e9marche claire et bien document\u00e9e.<\/p>\n<p data-start=\"2650\" data-end=\"3037\">Pour en savoir plus sur les yourtes, <a href=\"https:\/\/fr.wikipedia.org\/wiki\/Yourte\" target=\"_blank\" rel=\"noopener\">c&#8217;est par ici!<\/a><\/p>\t\t\t\t\t\t\t\t<\/div>\n\t\t\t\t\t<\/div>\n\t\t\t\t<\/div>\n\t\t<aside class=\"elementor-element elementor-element-2308cd9 e-flex e-con-boxed e-con e-parent\" data-id=\"2308cd9\" data-element_type=\"container\" data-e-type=\"container\">\n\t\t\t\t\t<div class=\"e-con-inner\">\n\t\t\t\t<div class=\"elementor-element elementor-element-a434208 elementor-widget elementor-widget-listeo-posts-grid\" data-id=\"a434208\" data-element_type=\"widget\" data-e-type=\"widget\" data-widget_type=\"listeo-posts-grid.default\">\n\t\t\t\t<div class=\"elementor-widget-container\">\n\t\t\t\t\t\t\t\n\t\t<div class=\"listeo-post-grid-wrapper\">\n\t\t\t<div class=\"row\">\n\n\t\t\t\n\n\t\t\t\t\t\t\t<div class=\"col-md-4\">\n                <a href=\"https:\/\/cparici.com\/fr\/kayak-canoe-kayak\/\" class=\"blog-compact-item-container\">\n                    <div class=\"blog-compact-item\">\n                        <img decoding=\"async\" width=\"577\" height=\"204\" src=\"https:\/\/cparici.com\/wp-content\/uploads\/2024\/07\/kayak-canoe-kayak.jpg\" class=\"attachment-listeo-blog-related-post size-listeo-blog-related-post wp-post-image\" alt=\"kayak canoe-kayak sport nautique\" srcset=\"https:\/\/cparici.com\/wp-content\/uploads\/2024\/07\/kayak-canoe-kayak.jpg 1500w, https:\/\/cparici.com\/wp-content\/uploads\/2024\/07\/kayak-canoe-kayak-600x212.jpg 600w, https:\/\/cparici.com\/wp-content\/uploads\/2024\/07\/kayak-canoe-kayak-300x106.jpg 300w, https:\/\/cparici.com\/wp-content\/uploads\/2024\/07\/kayak-canoe-kayak-1024x362.jpg 1024w, https:\/\/cparici.com\/wp-content\/uploads\/2024\/07\/kayak-canoe-kayak-768x271.jpg 768w\" sizes=\"(max-width: 577px) 100vw, 577px\" \/><span class=\"blog-item-tag\">Europe<\/span>                        \n                        <div class=\"blog-compact-item-content\">\n                                                        <h3>Kayak et Canoe-Kayak: Conseils, Diff\u00e9rences, Spots<\/h3>\n                                                        <p>Kayak et Canoe-Kayak: conseils pratiques, diff\u00e9rences, mat\u00e9riel, conseils de s\u00e9curit\u00e9, spots en France, comp\u00e9titions et...                            <\/p>\n                                                    <\/div>\n                    <\/div>\n                <\/a>\n            <\/div>\n\t\t\t<div class=\"col-md-4\">\n                <a href=\"https:\/\/cparici.com\/fr\/saint-trojan-les-bains\/\" class=\"blog-compact-item-container\">\n                    <div class=\"blog-compact-item\">\n                        <img decoding=\"async\" width=\"577\" height=\"222\" src=\"https:\/\/cparici.com\/wp-content\/uploads\/2024\/05\/saint-trojan-les-bains.jpg\" class=\"attachment-listeo-blog-related-post size-listeo-blog-related-post wp-post-image\" alt=\"saint trojan les bains\" srcset=\"https:\/\/cparici.com\/wp-content\/uploads\/2024\/05\/saint-trojan-les-bains.jpg 1500w, https:\/\/cparici.com\/wp-content\/uploads\/2024\/05\/saint-trojan-les-bains-600x231.jpg 600w, https:\/\/cparici.com\/wp-content\/uploads\/2024\/05\/saint-trojan-les-bains-300x115.jpg 300w, https:\/\/cparici.com\/wp-content\/uploads\/2024\/05\/saint-trojan-les-bains-1024x394.jpg 1024w, https:\/\/cparici.com\/wp-content\/uploads\/2024\/05\/saint-trojan-les-bains-768x295.jpg 768w\" sizes=\"(max-width: 577px) 100vw, 577px\" \/><span class=\"blog-item-tag\">Charente maritime<\/span>                        \n                        <div class=\"blog-compact-item-content\">\n                                                        <h3>Saint Trojan Les Bains &#8211; \u00eele d&#8217;Ol\u00e9ron<\/h3>\n                                                        <p>Explorez Saint Trojan les Bains, une station baln\u00e9aire sur l'\u00cele d'Ol\u00e9ron. D\u00e9couvrez ses plages, ses...                            <\/p>\n                                                    <\/div>\n                    <\/div>\n                <\/a>\n            <\/div>\n\t\t\t<div class=\"col-md-4\">\n                <a href=\"https:\/\/cparici.com\/fr\/grenoble\/\" class=\"blog-compact-item-container\">\n                    <div class=\"blog-compact-item\">\n                        <img decoding=\"async\" width=\"577\" height=\"204\" src=\"https:\/\/cparici.com\/wp-content\/uploads\/2025\/04\/cparici-2025-04-27T102338.427-577x204.jpg\" class=\"attachment-listeo-blog-related-post size-listeo-blog-related-post wp-post-image\" alt=\"Grenoble\" srcset=\"https:\/\/cparici.com\/wp-content\/uploads\/2025\/04\/cparici-2025-04-27T102338.427-577x204.jpg 577w, https:\/\/cparici.com\/wp-content\/uploads\/2025\/04\/cparici-2025-04-27T102338.427-300x106.jpg 300w, https:\/\/cparici.com\/wp-content\/uploads\/2025\/04\/cparici-2025-04-27T102338.427-1024x362.jpg 1024w, https:\/\/cparici.com\/wp-content\/uploads\/2025\/04\/cparici-2025-04-27T102338.427-768x271.jpg 768w, https:\/\/cparici.com\/wp-content\/uploads\/2025\/04\/cparici-2025-04-27T102338.427-18x6.jpg 18w, https:\/\/cparici.com\/wp-content\/uploads\/2025\/04\/cparici-2025-04-27T102338.427-590x208.jpg 590w, https:\/\/cparici.com\/wp-content\/uploads\/2025\/04\/cparici-2025-04-27T102338.427-1200x424.jpg 1200w, https:\/\/cparici.com\/wp-content\/uploads\/2025\/04\/cparici-2025-04-27T102338.427-600x212.jpg 600w, https:\/\/cparici.com\/wp-content\/uploads\/2025\/04\/cparici-2025-04-27T102338.427.jpg 1500w\" sizes=\"(max-width: 577px) 100vw, 577px\" \/><span class=\"blog-item-tag\">Auvergne Rh\u00f4ne Alpes<\/span>                        \n                        <div class=\"blog-compact-item-content\">\n                                                        <h3>Grenoble : entre nature, culture et innovation<\/h3>\n                                                        <p>Recherches populaires Categories Pas de r\u00e9sultats Voir tous les r\u00e9sultats Grenoble : entre nature, culture...                            <\/p>\n                                                    <\/div>\n                    <\/div>\n                <\/a>\n            <\/div>\n  <\/div>\n        <\/div>\n        \t\t\t\t<\/div>\n\t\t\t\t<\/div>\n\t\t\t\t\t<\/div>\n\t\t\t\t<\/aside>\n\t\t\t\t<\/div>\n\t\t","protected":false},"excerpt":{"rendered":"<p>Recherches populaires Categories Pas de r\u00e9sultats Voir tous les r\u00e9sultats Yourte : Guide Complet 2025 La yourte, habitat ancestral des peuples nomades d\u2019Asie centrale, s\u00e9duit aujourd\u2019hui par son alliance unique entre simplicit\u00e9, \u00e9cologie et art de vivre. \u00c0 la crois\u00e9e des chemins entre tradition et modernit\u00e9, elle s\u2019invite dans nos campagnes fran\u00e7aises comme solution alternative [&hellip;]<\/p>\n","protected":false},"author":97,"featured_media":68643,"comment_status":"closed","ping_status":"closed","sticky":false,"template":"elementor_header_footer","format":"standard","meta":{"ngg_post_thumbnail":0,"footnotes":""},"categories":[2750,477,2705],"tags":[],"class_list":["post-68640","post","type-post","status-publish","format-standard","has-post-thumbnail","hentry","category-insolite","category-france","category-hebergement"],"_links":{"self":[{"href":"https:\/\/cparici.com\/fr\/wp-json\/wp\/v2\/posts\/68640","targetHints":{"allow":["GET"]}}],"collection":[{"href":"https:\/\/cparici.com\/fr\/wp-json\/wp\/v2\/posts"}],"about":[{"href":"https:\/\/cparici.com\/fr\/wp-json\/wp\/v2\/types\/post"}],"author":[{"embeddable":true,"href":"https:\/\/cparici.com\/fr\/wp-json\/wp\/v2\/users\/97"}],"replies":[{"embeddable":true,"href":"https:\/\/cparici.com\/fr\/wp-json\/wp\/v2\/comments?post=68640"}],"version-history":[{"count":1,"href":"https:\/\/cparici.com\/fr\/wp-json\/wp\/v2\/posts\/68640\/revisions"}],"predecessor-version":[{"id":85334,"href":"https:\/\/cparici.com\/fr\/wp-json\/wp\/v2\/posts\/68640\/revisions\/85334"}],"wp:featuredmedia":[{"embeddable":true,"href":"https:\/\/cparici.com\/fr\/wp-json\/wp\/v2\/media\/68643"}],"wp:attachment":[{"href":"https:\/\/cparici.com\/fr\/wp-json\/wp\/v2\/media?parent=68640"}],"wp:term":[{"taxonomy":"category","embeddable":true,"href":"https:\/\/cparici.com\/fr\/wp-json\/wp\/v2\/categories?post=68640"},{"taxonomy":"post_tag","embeddable":true,"href":"https:\/\/cparici.com\/fr\/wp-json\/wp\/v2\/tags?post=68640"}],"curies":[{"name":"wp","href":"https:\/\/api.w.org\/{rel}","templated":true}]}}