{"id":68758,"date":"2025-08-06T07:57:13","date_gmt":"2025-08-06T05:57:13","guid":{"rendered":"https:\/\/cparici.com\/?p=68758"},"modified":"2025-08-06T07:59:48","modified_gmt":"2025-08-06T05:59:48","slug":"martinique","status":"publish","type":"post","link":"https:\/\/cparici.com\/fr\/martinique\/","title":{"rendered":"Martinique, guide complet pour d\u00e9couvrir l\u2019\u00eele aux fleurs"},"content":{"rendered":"\t\t<div data-elementor-type=\"wp-post\" data-elementor-id=\"68758\" class=\"elementor elementor-68758\" data-elementor-post-type=\"post\">\n\t\t\t\t<div class=\"elementor-element elementor-element-48ed6c7 e-con-full e-flex e-con e-parent\" data-id=\"48ed6c7\" data-element_type=\"container\" data-e-type=\"container\">\n\t\t\t\t<div class=\"elementor-element elementor-element-97645e7 elementor-widget elementor-widget-image\" data-id=\"97645e7\" data-element_type=\"widget\" data-e-type=\"widget\" data-widget_type=\"image.default\">\n\t\t\t\t\t\t\t\t\t\t\t\t\t\t\t<img decoding=\"async\" width=\"1500\" height=\"530\" src=\"https:\/\/cparici.com\/wp-content\/uploads\/2025\/08\/cparici-2025-08-05T075458.638.jpg\" class=\"attachment-full size-full wp-image-68759\" alt=\"Martinique\" srcset=\"https:\/\/cparici.com\/wp-content\/uploads\/2025\/08\/cparici-2025-08-05T075458.638.jpg 1500w, https:\/\/cparici.com\/wp-content\/uploads\/2025\/08\/cparici-2025-08-05T075458.638-300x106.jpg 300w, https:\/\/cparici.com\/wp-content\/uploads\/2025\/08\/cparici-2025-08-05T075458.638-1024x362.jpg 1024w, https:\/\/cparici.com\/wp-content\/uploads\/2025\/08\/cparici-2025-08-05T075458.638-768x271.jpg 768w, https:\/\/cparici.com\/wp-content\/uploads\/2025\/08\/cparici-2025-08-05T075458.638-18x6.jpg 18w, https:\/\/cparici.com\/wp-content\/uploads\/2025\/08\/cparici-2025-08-05T075458.638-590x208.jpg 590w, https:\/\/cparici.com\/wp-content\/uploads\/2025\/08\/cparici-2025-08-05T075458.638-1200x424.jpg 1200w, https:\/\/cparici.com\/wp-content\/uploads\/2025\/08\/cparici-2025-08-05T075458.638-577x204.jpg 577w, https:\/\/cparici.com\/wp-content\/uploads\/2025\/08\/cparici-2025-08-05T075458.638-600x212.jpg 600w\" sizes=\"(max-width: 1500px) 100vw, 1500px\" \/>\t\t\t\t\t\t\t\t\t\t\t\t\t\t\t<\/div>\n\t\t\t\t<\/div>\n\t\t<aside class=\"elementor-element elementor-element-ee04ca4 e-flex e-con-boxed e-con e-parent\" data-id=\"ee04ca4\" data-element_type=\"container\" data-e-type=\"container\">\n\t\t\t\t\t<div class=\"e-con-inner\">\n\t\t\t\t<div class=\"elementor-element elementor-element-7294e16 elementor-widget elementor-widget-global elementor-global-62046 elementor-widget-eael-advanced-search\" data-id=\"7294e16\" data-element_type=\"widget\" data-e-type=\"widget\" data-widget_type=\"eael-advanced-search.default\">\n\t\t\t\t\t        <div class=\"eael-adv-search-wrapper\">\n            <div id=\"eael-advanced-search-widget-7294e16\" class=\"eael-advanced-search-widget\">\n                <form data-settings=\"{&quot;post_per_page&quot;:5,&quot;search_among_taxonomies&quot;:&quot;&quot;,&quot;search_among_sku&quot;:&quot;no&quot;,&quot;show_popular_keyword&quot;:0,&quot;show_category&quot;:0,&quot;show_content_image&quot;:1,&quot;show_search_result_all_results&quot;:0,&quot;result_on_new_tab&quot;:&quot;no&quot;,&quot;show_product_price&quot;:&quot;no&quot;,&quot;include_current_page&quot;:&quot;no&quot;,&quot;current_post_id&quot;:68758,&quot;post_type&quot;:[&quot;post&quot;,&quot;listing&quot;]}\" method=\"POST\" name=\"eael-advanced-search-form-7294e16\" class=\"eael-advanced-search-form eael-advanced-search-form-style-2\">\n                    <div class=\"eael-advanced-search-wrap\">\n                        <span class=\"eael-adv-search-loader\"><\/span>\n                        <span class=\"eael-adv-search-close\"><i class=\"fas fa-times\"><\/i><\/span>\n                        <span class=\"icon \"><i class=\"fas fa-search\"><\/i><\/span>\n\n                        <input type=\"text\"\n                               placeholder=\"Votre destination\"\n                               class=\"eael-advanced-search\" autocomplete=\"off\" name=\"eael_advanced_search\">\n                    <\/div>\n\t\t\t\t\t                                    <\/form>\n\n\t\t\t\t\n\t\t\t\t        <div class=\"eael-advanced-search-result\">\n            <div class=\"eael-advanced-search-popular-keyword\">\n\t\t\t\t<h4 class=\"eael-advanced-search-popular-keyword-text\">Recherches populaires<\/h4>                <div class=\"eael-popular-keyword-content\"><\/div>\n            <\/div>\n            <div class=\"eael-advanced-search-category\">\n\t\t\t\t<h4 class=\"eael-advanced-search-category-text\">Categories<\/h4>                <div class=\"eael-popular-category-content\"><\/div>\n            <\/div>\n\t\t\t<div class=\"eael-advanced-search-total-results-section\">\n\t\t\t\t\t\t\t<\/div>\n            <div class=\"eael-advanced-search-content eael-item-style-3\">\n            <\/div>\n            <div class=\"eael-advanced-search-not-found\">\n                <p>Pas de r\u00e9sultats<\/p><\/div>\n            <div class=\"eael-advanced-search-load-more\">\n\t\t\t\t<a \tclass=\"eael-advanced-search-load-more-button\"\n                \thref=\"#\">Voir tous les r\u00e9sultats<\/a>\n            <\/div>\n        <\/div>\n\n\t\t            <\/div>\n        <\/div>\n\n\t\t\t\t\t\t<\/div>\n\t\t\t\t\t<\/div>\n\t\t\t\t<\/aside>\n\t\t<div class=\"elementor-element elementor-element-410e9f3 e-flex e-con-boxed e-con e-parent\" data-id=\"410e9f3\" data-element_type=\"container\" data-e-type=\"container\">\n\t\t\t\t\t<div class=\"e-con-inner\">\n\t\t\t\t<div class=\"elementor-element elementor-element-f01c120 elementor-widget elementor-widget-text-editor\" data-id=\"f01c120\" data-element_type=\"widget\" data-e-type=\"widget\" data-widget_type=\"text-editor.default\">\n\t\t\t\t\t\t\t\t\t<h1 style=\"text-align: center;\" data-start=\"109\" data-end=\"168\">Martinique, guide complet pour d\u00e9couvrir l\u2019\u00eele aux fleurs<\/h1>\r\n<h2 data-start=\"170\" data-end=\"233\">Pourquoi choisir la Martinique pour un voyage inoubliable<\/h2>\r\n<p data-start=\"235\" data-end=\"544\">La <strong data-start=\"238\" data-end=\"252\">Martinique<\/strong> est une destination d\u2019exception, surnomm\u00e9e \u00ab l\u2019\u00eele aux fleurs \u00bb, qui s\u00e9duit par son <strong data-start=\"337\" data-end=\"355\">culture cr\u00e9ole<\/strong>, son h\u00e9ritage fran\u00e7ais et son climat tropical toute l\u2019ann\u00e9e. Vous y d\u00e9couvrirez une fusion unique entre <strong data-start=\"460\" data-end=\"482\">traditions locales<\/strong>, cuisine savoureuse et paysages sauvages \u00e0 couper le souffle.<\/p>\r\n\r\n<ul data-start=\"546\" data-end=\"1304\">\r\n \t<li data-start=\"546\" data-end=\"758\">\r\n<p data-start=\"548\" data-end=\"758\"><strong data-start=\"548\" data-end=\"567\">Climat tropical<\/strong> et temp\u00e9ratures agr\u00e9ables (entre 24\u202f\u00b0C et 30\u202f\u00b0C) en font une destination id\u00e9ale en toutes saisons, particuli\u00e8rement entre d\u00e9cembre et avril : \ud83c\udfdd\ufe0f p\u00e9riode id\u00e9ale pour profiter des plages USD.<\/p>\r\n<\/li>\r\n \t<li data-start=\"762\" data-end=\"1056\">\r\n<p data-start=\"764\" data-end=\"1056\">La <strong data-start=\"767\" data-end=\"792\">culture martiniquaise<\/strong> est impr\u00e9gn\u00e9e d\u2019un savant m\u00e9lange de rythmes cr\u00e9oles, traditions musicales (le zouk, le b\u00e9l\u00e9), et f\u00eates color\u00e9es comme le Carnaval. Vous go\u00fbterez au <strong data-start=\"942\" data-end=\"954\">ti punch<\/strong>, cocktail embl\u00e9matique de <strong data-start=\"981\" data-end=\"995\">Martinique<\/strong>, \u00e0 base de <strong data-start=\"1007\" data-end=\"1024\">rhum agricole<\/strong>, citron vert et sucre de canne.<\/p>\r\n<\/li>\r\n \t<li data-start=\"1058\" data-end=\"1304\">\r\n<p data-start=\"1060\" data-end=\"1304\"><strong data-start=\"1060\" data-end=\"1094\">Patrimoine colonial et naturel<\/strong> se c\u00f4toient harmonieusement : Fort\u2011de\u2011France et ses rues anim\u00e9es, les ruines de Saint\u2011Pierre, le majestueux volcan Mont Pel\u00e9e, les jardins luxuriants \u2013 autant de lieux qui incarnent l\u2019\u00e2me de la <strong data-start=\"1289\" data-end=\"1303\">Martinique<\/strong>.<\/p>\r\n<\/li>\r\n<\/ul>\r\n<figure id=\"attachment_68760\" aria-describedby=\"caption-attachment-68760\" style=\"width: 1500px\" class=\"wp-caption aligncenter\"><a href=\"https:\/\/cparici.com\/wp-content\/uploads\/2025\/08\/cparici-2025-08-05T075923.699.jpg\"><img decoding=\"async\" class=\"wp-image-68760 size-full\" src=\"https:\/\/cparici.com\/wp-content\/uploads\/2025\/08\/cparici-2025-08-05T075923.699.jpg\" alt=\"Martinique Saint Pierre\" width=\"1500\" height=\"530\" srcset=\"https:\/\/cparici.com\/wp-content\/uploads\/2025\/08\/cparici-2025-08-05T075923.699.jpg 1500w, https:\/\/cparici.com\/wp-content\/uploads\/2025\/08\/cparici-2025-08-05T075923.699-300x106.jpg 300w, https:\/\/cparici.com\/wp-content\/uploads\/2025\/08\/cparici-2025-08-05T075923.699-1024x362.jpg 1024w, https:\/\/cparici.com\/wp-content\/uploads\/2025\/08\/cparici-2025-08-05T075923.699-768x271.jpg 768w, https:\/\/cparici.com\/wp-content\/uploads\/2025\/08\/cparici-2025-08-05T075923.699-18x6.jpg 18w, https:\/\/cparici.com\/wp-content\/uploads\/2025\/08\/cparici-2025-08-05T075923.699-590x208.jpg 590w, https:\/\/cparici.com\/wp-content\/uploads\/2025\/08\/cparici-2025-08-05T075923.699-1200x424.jpg 1200w, https:\/\/cparici.com\/wp-content\/uploads\/2025\/08\/cparici-2025-08-05T075923.699-577x204.jpg 577w, https:\/\/cparici.com\/wp-content\/uploads\/2025\/08\/cparici-2025-08-05T075923.699-600x212.jpg 600w\" sizes=\"(max-width: 1500px) 100vw, 1500px\" \/><\/a><figcaption id=\"caption-attachment-68760\" class=\"wp-caption-text\">Martinique Baie de Saint Pierre<\/figcaption><\/figure>\r\n<h2 data-start=\"90\" data-end=\"153\">Quand visiter la Martinique : saisons, m\u00e9t\u00e9o et affluence<\/h2>\r\n<p data-start=\"155\" data-end=\"415\"><strong data-start=\"155\" data-end=\"172\">La Martinique<\/strong> b\u00e9n\u00e9ficie d\u2019un climat tropical chaud et humide, rythm\u00e9 par deux grandes saisons : le <strong data-start=\"258\" data-end=\"268\">car\u00eame<\/strong> (saison s\u00e8che) et l\u2019hivernage (saison des pluies). Choisir le bon moment pour visiter l\u2019\u00eele peut grandement influencer votre exp\u00e9rience de voyage.<\/p>\r\n\r\n<h3 data-start=\"417\" data-end=\"470\">Saison s\u00e8che (d\u00e9cembre \u00e0 avril) : la haute saison<\/h3>\r\n<p data-start=\"472\" data-end=\"759\">C\u2019est la p\u00e9riode la plus pris\u00e9e pour visiter la <strong data-start=\"520\" data-end=\"534\">Martinique<\/strong>. Le temps y est sec, les temp\u00e9ratures oscillent entre 25\u202f\u00b0C et 30\u202f\u00b0C, et les journ\u00e9es sont baign\u00e9es de soleil. Les visiteurs affluent pendant les f\u00eates de fin d\u2019ann\u00e9e, le carnaval (f\u00e9vrier-mars) et les vacances de printemps.<\/p>\r\n\r\n<ul data-start=\"761\" data-end=\"887\">\r\n \t<li data-start=\"761\" data-end=\"829\">\r\n<p data-start=\"763\" data-end=\"829\">Id\u00e9al pour les activit\u00e9s de plein air : randonn\u00e9e, plage, plong\u00e9e.<\/p>\r\n<\/li>\r\n \t<li data-start=\"830\" data-end=\"887\">\r\n<p data-start=\"832\" data-end=\"887\">Prix plus \u00e9lev\u00e9s pour les logements et billets d\u2019avion.<\/p>\r\n<\/li>\r\n<\/ul>\r\n<h3 data-start=\"889\" data-end=\"941\">Saison humide (mai \u00e0 novembre) : la basse saison<\/h3>\r\n<p data-start=\"943\" data-end=\"1190\">Durant cette p\u00e9riode, la <strong data-start=\"968\" data-end=\"982\">Martinique<\/strong> conna\u00eet des averses tropicales intenses, souvent courtes mais r\u00e9guli\u00e8res. Les temp\u00e9ratures restent \u00e9lev\u00e9es, mais l\u2019humidit\u00e9 est forte. C\u2019est \u00e9galement la saison des cyclones, principalement d\u2019ao\u00fbt \u00e0 octobre.<\/p>\r\n\r\n<ul data-start=\"1192\" data-end=\"1276\">\r\n \t<li data-start=\"1192\" data-end=\"1237\">\r\n<p data-start=\"1194\" data-end=\"1237\">Moins de touristes, tarifs plus avantageux.<\/p>\r\n<\/li>\r\n \t<li data-start=\"1238\" data-end=\"1276\">\r\n<p data-start=\"1240\" data-end=\"1276\">Risques m\u00e9t\u00e9orologiques plus \u00e9lev\u00e9s.<\/p>\r\n<\/li>\r\n<\/ul>\r\n<p data-start=\"1278\" data-end=\"1484\">Pour \u00e9viter la foule tout en profitant d\u2019un bon climat, les mois de mai et novembre sont des p\u00e9riodes id\u00e9ales de transition. On peut alors visiter la <strong data-start=\"1431\" data-end=\"1445\">Martinique<\/strong> avec plus de calme, et \u00e0 moindre co\u00fbt.<\/p>\r\n<p data-start=\"1278\" data-end=\"1484\"><a href=\"https:\/\/cparici.com\/wp-content\/uploads\/2025\/08\/cparici-2025-08-05T080355.892.jpg\"><img decoding=\"async\" class=\"aligncenter wp-image-68761 size-full\" src=\"https:\/\/cparici.com\/wp-content\/uploads\/2025\/08\/cparici-2025-08-05T080355.892.jpg\" alt=\"M\u00e9t\u00e9o Martinique\" width=\"1500\" height=\"530\" srcset=\"https:\/\/cparici.com\/wp-content\/uploads\/2025\/08\/cparici-2025-08-05T080355.892.jpg 1500w, https:\/\/cparici.com\/wp-content\/uploads\/2025\/08\/cparici-2025-08-05T080355.892-300x106.jpg 300w, https:\/\/cparici.com\/wp-content\/uploads\/2025\/08\/cparici-2025-08-05T080355.892-1024x362.jpg 1024w, https:\/\/cparici.com\/wp-content\/uploads\/2025\/08\/cparici-2025-08-05T080355.892-768x271.jpg 768w, https:\/\/cparici.com\/wp-content\/uploads\/2025\/08\/cparici-2025-08-05T080355.892-18x6.jpg 18w, https:\/\/cparici.com\/wp-content\/uploads\/2025\/08\/cparici-2025-08-05T080355.892-590x208.jpg 590w, https:\/\/cparici.com\/wp-content\/uploads\/2025\/08\/cparici-2025-08-05T080355.892-1200x424.jpg 1200w, https:\/\/cparici.com\/wp-content\/uploads\/2025\/08\/cparici-2025-08-05T080355.892-577x204.jpg 577w, https:\/\/cparici.com\/wp-content\/uploads\/2025\/08\/cparici-2025-08-05T080355.892-600x212.jpg 600w\" sizes=\"(max-width: 1500px) 100vw, 1500px\" \/><\/a><\/p>\r\n\r\n<h2 data-start=\"125\" data-end=\"178\">Itin\u00e9raire conseill\u00e9 : road trip de 3 \u00e0 7 jours<\/h2>\r\n<p data-start=\"180\" data-end=\"402\">Explorer la <strong data-start=\"192\" data-end=\"206\">Martinique<\/strong> en voiture est le meilleur moyen de d\u00e9couvrir ses contrastes, entre plages idylliques, volcans majestueux et villages cr\u00e9oles. Voici un itin\u00e9raire recommand\u00e9 pour un <strong data-start=\"373\" data-end=\"386\">road trip<\/strong> de 3 \u00e0 7 jours.<\/p>\r\n\r\n<h3 data-start=\"404\" data-end=\"459\">Jour 1 : Fort\u2011de\u2011France, Saint\u2011Pierre et Mont Pel\u00e9e<\/h3>\r\n<p data-start=\"461\" data-end=\"653\">Commencez par la capitale <strong data-start=\"487\" data-end=\"505\">Fort\u2011de\u2011France<\/strong>, avec son march\u00e9 couvert, la biblioth\u00e8que Schoelcher, et la cath\u00e9drale Saint-Louis. Ensuite, dirigez-vous vers le nord en longeant la c\u00f4te cara\u00efbe.<\/p>\r\n<p data-start=\"655\" data-end=\"921\">Faites une halte \u00e0 <strong data-start=\"674\" data-end=\"690\">Saint\u2011Pierre<\/strong>, ancienne capitale d\u00e9truite par l\u2019\u00e9ruption du <strong data-start=\"737\" data-end=\"751\">Mont Pel\u00e9e<\/strong> en 1902. Explorez les ruines, le mus\u00e9e volcanologique et admirez la vue sur la montagne, avant de grimper ses flancs pour une randonn\u00e9e au sommet (niveau interm\u00e9diaire).<\/p>\r\n\r\n<h3 data-start=\"923\" data-end=\"973\">Jour 2 : Presqu\u2019\u00eele de la Caravelle et Tartane<\/h3>\r\n<p data-start=\"975\" data-end=\"1186\">La journ\u00e9e suivante se concentre sur la c\u00f4te est atlantique. Empruntez la route vers la <strong data-start=\"1063\" data-end=\"1093\">presqu\u2019\u00eele de la Caravelle<\/strong>, une r\u00e9serve naturelle aux sentiers spectaculaires, offrant une vue panoramique sur l\u2019oc\u00e9an.<\/p>\r\n<p data-start=\"1188\" data-end=\"1343\">Explorez les ruines du <strong data-start=\"1211\" data-end=\"1228\">ch\u00e2teau Dubuc<\/strong>, ancienne habitation sucri\u00e8re, puis d\u00e9tendez-vous \u00e0 <strong data-start=\"1281\" data-end=\"1292\">Tartane<\/strong>, charmant village de p\u00eacheurs avec plages et surf.<\/p>\r\n\r\n<h3 data-start=\"1345\" data-end=\"1390\">Jour 3 : Sud de l\u2019\u00eele \u2013 plages et d\u00e9tente<\/h3>\r\n<p data-start=\"1392\" data-end=\"1493\">Dirigez-vous vers le sud de la <strong data-start=\"1423\" data-end=\"1437\">Martinique<\/strong>, r\u00e9put\u00e9 pour ses plages paradisiaques. Ne manquez pas :<\/p>\r\n\r\n<ul data-start=\"1495\" data-end=\"1719\">\r\n \t<li data-start=\"1495\" data-end=\"1572\">\r\n<p data-start=\"1497\" data-end=\"1572\"><strong data-start=\"1497\" data-end=\"1512\">Les Salines<\/strong>, la plus c\u00e9l\u00e8bre plage de l\u2019\u00eele, parfaite pour la baignade.<\/p>\r\n<\/li>\r\n \t<li data-start=\"1573\" data-end=\"1649\">\r\n<p data-start=\"1575\" data-end=\"1649\"><strong data-start=\"1575\" data-end=\"1590\">Anse Dufour<\/strong> et <strong data-start=\"1594\" data-end=\"1608\">Anse Noire<\/strong> pour le <strong data-start=\"1617\" data-end=\"1648\">snorkeling avec des tortues<\/strong>.<\/p>\r\n<\/li>\r\n \t<li data-start=\"1650\" data-end=\"1719\">\r\n<p data-start=\"1652\" data-end=\"1719\"><strong data-start=\"1652\" data-end=\"1667\">Sainte\u2011Anne<\/strong>, village typique o\u00f9 manger un colombo ou un accras.<\/p>\r\n<\/li>\r\n<\/ul>\r\n<h3 data-start=\"1721\" data-end=\"1764\">Jours 4 \u00e0 7 : extensions et d\u00e9couvertes<\/h3>\r\n<p data-start=\"1766\" data-end=\"1826\">Si vous disposez de plus de temps, ajoutez ces exp\u00e9riences :<\/p>\r\n\r\n<ul data-start=\"1828\" data-end=\"2107\">\r\n \t<li data-start=\"1828\" data-end=\"1880\">\r\n<p data-start=\"1830\" data-end=\"1880\"><strong data-start=\"1830\" data-end=\"1850\">Jardin de Balata<\/strong> : jardin botanique luxuriant.<\/p>\r\n<\/li>\r\n \t<li data-start=\"1881\" data-end=\"1965\">\r\n<p data-start=\"1883\" data-end=\"1965\"><strong data-start=\"1883\" data-end=\"1905\">Habitation Cl\u00e9ment<\/strong> : d\u00e9gustation de rhum agricole et visite d\u2019une distillerie.<\/p>\r\n<\/li>\r\n \t<li data-start=\"1966\" data-end=\"2035\">\r\n<p data-start=\"1968\" data-end=\"2035\">Excursion en catamaran aux <strong data-start=\"1995\" data-end=\"2016\">\u00eelets du Fran\u00e7ois<\/strong> ou au <strong data-start=\"2023\" data-end=\"2034\">Diamant<\/strong>.<\/p>\r\n<\/li>\r\n \t<li data-start=\"2036\" data-end=\"2107\">\r\n<p data-start=\"2038\" data-end=\"2107\">Balade en for\u00eat tropicale dans le <strong data-start=\"2072\" data-end=\"2085\">nord vert<\/strong> de la <strong data-start=\"2092\" data-end=\"2106\">Martinique<\/strong>.<\/p>\r\n<\/li>\r\n<\/ul>\r\n<p data-start=\"2109\" data-end=\"2243\">Cet itin\u00e9raire met en lumi\u00e8re la diversit\u00e9 des paysages et activit\u00e9s de la <strong data-start=\"2184\" data-end=\"2198\">Martinique<\/strong>, tout en permettant de voyager \u00e0 son rythme.<\/p>\r\n<p data-start=\"2109\" data-end=\"2243\"><a href=\"https:\/\/cparici.com\/wp-content\/uploads\/2025\/08\/cparici-2025-08-05T080853.907.jpg\"><img decoding=\"async\" class=\"aligncenter wp-image-68765 size-full\" src=\"https:\/\/cparici.com\/wp-content\/uploads\/2025\/08\/cparici-2025-08-05T080853.907.jpg\" alt=\"Martinique Jardins de Balata\" width=\"1500\" height=\"530\" srcset=\"https:\/\/cparici.com\/wp-content\/uploads\/2025\/08\/cparici-2025-08-05T080853.907.jpg 1500w, https:\/\/cparici.com\/wp-content\/uploads\/2025\/08\/cparici-2025-08-05T080853.907-300x106.jpg 300w, https:\/\/cparici.com\/wp-content\/uploads\/2025\/08\/cparici-2025-08-05T080853.907-1024x362.jpg 1024w, https:\/\/cparici.com\/wp-content\/uploads\/2025\/08\/cparici-2025-08-05T080853.907-768x271.jpg 768w, https:\/\/cparici.com\/wp-content\/uploads\/2025\/08\/cparici-2025-08-05T080853.907-18x6.jpg 18w, https:\/\/cparici.com\/wp-content\/uploads\/2025\/08\/cparici-2025-08-05T080853.907-590x208.jpg 590w, https:\/\/cparici.com\/wp-content\/uploads\/2025\/08\/cparici-2025-08-05T080853.907-1200x424.jpg 1200w, https:\/\/cparici.com\/wp-content\/uploads\/2025\/08\/cparici-2025-08-05T080853.907-577x204.jpg 577w, https:\/\/cparici.com\/wp-content\/uploads\/2025\/08\/cparici-2025-08-05T080853.907-600x212.jpg 600w\" sizes=\"(max-width: 1500px) 100vw, 1500px\" \/><\/a><\/p>\r\n\r\n<h2 data-start=\"91\" data-end=\"137\">Les plus belles plages et sites naturels<\/h2>\r\n<p data-start=\"139\" data-end=\"376\">La <strong data-start=\"142\" data-end=\"156\">Martinique<\/strong> est mondialement connue pour la beaut\u00e9 de ses <strong data-start=\"203\" data-end=\"213\">plages<\/strong>, entre sable blanc, criques sauvages et eaux turquoise. Mais l\u2019\u00eele regorge aussi de tr\u00e9sors naturels : montagnes, for\u00eats tropicales, jardins botaniques, cascades\u2026<\/p>\r\n\r\n<h3 data-start=\"378\" data-end=\"411\">Plages incontournables du sud<\/h3>\r\n<ul data-start=\"413\" data-end=\"834\">\r\n \t<li data-start=\"413\" data-end=\"582\">\r\n<p data-start=\"415\" data-end=\"582\"><strong data-start=\"415\" data-end=\"442\">Grande Anse des Salines<\/strong> : carte postale par excellence. Long ruban de sable blanc bord\u00e9 de cocotiers, c\u2019est l\u2019une des plages les plus pris\u00e9es de la <strong data-start=\"567\" data-end=\"581\">Martinique<\/strong>.<\/p>\r\n<\/li>\r\n \t<li data-start=\"583\" data-end=\"760\">\r\n<p data-start=\"585\" data-end=\"760\"><strong data-start=\"585\" data-end=\"613\">Anse Dufour & Anse Noire<\/strong> : parfaites pour le <strong data-start=\"634\" data-end=\"648\">snorkeling<\/strong>, ces deux criques voisines sont connues pour leurs eaux calmes et la pr\u00e9sence r\u00e9guli\u00e8re de <strong data-start=\"740\" data-end=\"759\">tortues marines<\/strong>.<\/p>\r\n<\/li>\r\n \t<li data-start=\"761\" data-end=\"834\">\r\n<p data-start=\"763\" data-end=\"834\"><strong data-start=\"763\" data-end=\"779\">Pointe Marin<\/strong> : \u00e0 deux pas de Sainte\u2011Anne, id\u00e9ale pour les familles.<\/p>\r\n<\/li>\r\n<\/ul>\r\n<h3 data-start=\"836\" data-end=\"863\">Plages sauvages du nord<\/h3>\r\n<ul data-start=\"865\" data-end=\"1094\">\r\n \t<li data-start=\"865\" data-end=\"1018\">\r\n<p data-start=\"867\" data-end=\"1018\"><strong data-start=\"867\" data-end=\"885\">Anse Couleuvre<\/strong> : plage sauvage aux allures de jungle, accessible apr\u00e8s une courte randonn\u00e9e. C\u2019est un bijou brut au pied de la <strong data-start=\"998\" data-end=\"1017\">for\u00eat tropicale<\/strong>.<\/p>\r\n<\/li>\r\n \t<li data-start=\"1019\" data-end=\"1094\">\r\n<p data-start=\"1021\" data-end=\"1094\"><strong data-start=\"1021\" data-end=\"1035\">Anse C\u00e9ron<\/strong> : plage de sable volcanique noir, tr\u00e8s calme et pr\u00e9serv\u00e9e.<\/p>\r\n<\/li>\r\n<\/ul>\r\n<h3 data-start=\"1096\" data-end=\"1126\">Sites naturels d\u2019exception<\/h3>\r\n<ul data-start=\"1128\" data-end=\"1533\">\r\n \t<li data-start=\"1128\" data-end=\"1275\">\r\n<p data-start=\"1130\" data-end=\"1275\"><strong data-start=\"1130\" data-end=\"1144\">Mont Pel\u00e9e<\/strong> : volcan actif qui domine le nord de la <strong data-start=\"1185\" data-end=\"1199\">Martinique<\/strong>, il se gravit en 2 \u00e0 4 heures selon l\u2019itin\u00e9raire. Vue imprenable au sommet.<\/p>\r\n<\/li>\r\n \t<li data-start=\"1276\" data-end=\"1447\">\r\n<p data-start=\"1278\" data-end=\"1447\"><strong data-start=\"1278\" data-end=\"1298\">Jardin de Balata<\/strong> : situ\u00e9 \u00e0 10\u202fkm de Fort\u2011de\u2011France, ce jardin botanique abrite plus de 3\u202f000 esp\u00e8ces tropicales, des ponts suspendus, et offre un panorama splendide.<\/p>\r\n<\/li>\r\n \t<li data-start=\"1448\" data-end=\"1533\">\r\n<p data-start=\"1450\" data-end=\"1533\"><strong data-start=\"1450\" data-end=\"1468\">Cascade Didier<\/strong> et <strong data-start=\"1472\" data-end=\"1492\">Saut du Gendarme<\/strong> : chutes d\u2019eau accessibles en randonn\u00e9e.<\/p>\r\n<\/li>\r\n<\/ul>\r\n<p data-start=\"1535\" data-end=\"1716\">Cette diversit\u00e9 naturelle fait de la <strong data-start=\"1572\" data-end=\"1586\">Martinique<\/strong> un paradis pour les amoureux de la nature, que l\u2019on souhaite se d\u00e9tendre sur le sable ou randonner \u00e0 travers la jungle tropicale.<\/p>\r\n\r\n<h2 data-start=\"138\" data-end=\"203\">D\u00e9couverte des distilleries et d\u00e9gustation de rhum agricole<\/h2>\r\n<p data-start=\"205\" data-end=\"496\">La <strong data-start=\"208\" data-end=\"222\">Martinique<\/strong> est le berceau du <strong data-start=\"241\" data-end=\"258\">rhum agricole<\/strong>, un spiritueux \u00e9labor\u00e9 directement \u00e0 partir du <strong data-start=\"306\" data-end=\"330\">jus de canne \u00e0 sucre<\/strong> fra\u00eechement press\u00e9. C\u2019est la seule r\u00e9gion au monde \u00e0 b\u00e9n\u00e9ficier d\u2019une <strong data-start=\"401\" data-end=\"442\">Appellation d\u2019Origine Contr\u00f4l\u00e9e (AOC)<\/strong> pour ce produit, preuve de sa qualit\u00e9 exceptionnelle.<\/p>\r\n\r\n<h3 data-start=\"498\" data-end=\"546\">Origine et sp\u00e9cificit\u00e9s du rhum martiniquais<\/h3>\r\n<p data-start=\"548\" data-end=\"792\">Contrairement au rhum industriel issu de m\u00e9lasse, le <strong data-start=\"601\" data-end=\"618\">rhum agricole<\/strong> de <strong data-start=\"622\" data-end=\"636\">Martinique<\/strong> pr\u00e9serve les ar\u00f4mes de la canne fra\u00eeche. Vieilli en f\u00fbts de ch\u00eane ou d\u00e9gust\u00e9 blanc, il est \u00e0 la base du c\u00e9l\u00e8bre <strong data-start=\"749\" data-end=\"761\">ti punch<\/strong>, v\u00e9ritable institution locale.<\/p>\r\n<p data-start=\"794\" data-end=\"906\">La production suit un cahier des charges strict qui valorise les savoir-faire ancestraux et le terroir de l\u2019\u00eele.<\/p>\r\n\r\n<h3 data-start=\"908\" data-end=\"950\">Distilleries incontournables \u00e0 visiter<\/h3>\r\n<ul data-start=\"952\" data-end=\"1492\">\r\n \t<li data-start=\"952\" data-end=\"1101\">\r\n<p data-start=\"954\" data-end=\"1101\"><strong data-start=\"954\" data-end=\"976\">Habitation Cl\u00e9ment<\/strong> (Le Fran\u00e7ois) : la plus embl\u00e9matique, avec son vaste domaine, sa maison cr\u00e9ole, son jardin et son centre d\u2019art contemporain.<\/p>\r\n<\/li>\r\n \t<li data-start=\"1102\" data-end=\"1259\">\r\n<p data-start=\"1104\" data-end=\"1259\"><strong data-start=\"1104\" data-end=\"1122\">Distillerie JM<\/strong> (Macouba) : situ\u00e9e au nord au c\u0153ur d\u2019une v\u00e9g\u00e9tation luxuriante, elle propose une immersion authentique dans le processus de fabrication.<\/p>\r\n<\/li>\r\n \t<li data-start=\"1260\" data-end=\"1402\">\r\n<p data-start=\"1262\" data-end=\"1402\"><strong data-start=\"1262\" data-end=\"1271\">Depaz<\/strong> (Saint\u2011Pierre) : au pied du Mont Pel\u00e9e, l\u2019une des plus anciennes distilleries avec une vue \u00e9poustouflante sur la mer des Cara\u00efbes.<\/p>\r\n<\/li>\r\n \t<li data-start=\"1403\" data-end=\"1492\">\r\n<p data-start=\"1405\" data-end=\"1492\"><strong data-start=\"1405\" data-end=\"1420\">La Favorite<\/strong> (Fort\u2011de\u2011France) : distillerie familiale encore en activit\u00e9 artisanale.<\/p>\r\n<\/li>\r\n<\/ul>\r\n<h3 data-start=\"1494\" data-end=\"1519\">D\u00e9gustation et achats<\/h3>\r\n<p data-start=\"1521\" data-end=\"1773\">Toutes ces distilleries proposent des d\u00e9gustations gratuites ou guid\u00e9es, avec possibilit\u00e9 d\u2019acheter des bouteilles en boutique. Vous y trouverez des rhums blancs, ambr\u00e9s, vieux et mill\u00e9sim\u00e9s, parfaits pour ramener un souvenir typique de <strong data-start=\"1758\" data-end=\"1772\">Martinique<\/strong>.<\/p>\r\n<p data-start=\"1775\" data-end=\"1930\">La route du rhum est donc une v\u00e9ritable exploration sensorielle et culturelle qui vous permettra de mieux comprendre l\u2019identit\u00e9 forte de la <strong data-start=\"1915\" data-end=\"1929\">Martinique<\/strong>.<\/p>\r\n\r\n<h2 data-start=\"133\" data-end=\"185\">Conseils pratiques pour organiser votre s\u00e9jour<\/h2>\r\n<p data-start=\"187\" data-end=\"379\">Partir en <strong data-start=\"197\" data-end=\"211\">Martinique<\/strong> demande un minimum de pr\u00e9paration pour profiter pleinement de l\u2019exp\u00e9rience, que ce soit pour la <strong data-start=\"308\" data-end=\"331\">location de voiture<\/strong>, le choix du logement ou la s\u00e9curit\u00e9 sur place.<\/p>\r\n\r\n<h3 data-start=\"381\" data-end=\"438\">Louer une voiture : indispensable pour explorer l\u2019\u00eele<\/h3>\r\n<p data-start=\"440\" data-end=\"652\">La <strong data-start=\"443\" data-end=\"457\">Martinique<\/strong> ne dispose pas d\u2019un r\u00e9seau de transports en commun suffisamment d\u00e9velopp\u00e9 pour le tourisme. Louer une voiture est donc essentiel, surtout si vous pr\u00e9voyez d\u2019explorer toutes les r\u00e9gions de l\u2019\u00eele.<\/p>\r\n\r\n<ul data-start=\"654\" data-end=\"849\">\r\n \t<li data-start=\"654\" data-end=\"701\">\r\n<p data-start=\"656\" data-end=\"701\">R\u00e9servez \u00e0 l\u2019avance, surtout en haute saison.<\/p>\r\n<\/li>\r\n \t<li data-start=\"702\" data-end=\"764\">\r\n<p data-start=\"704\" data-end=\"764\">Privil\u00e9giez une voiture compacte (les routes sont \u00e9troites).<\/p>\r\n<\/li>\r\n \t<li data-start=\"765\" data-end=\"849\">\r\n<p data-start=\"767\" data-end=\"849\">Soyez vigilant : la conduite est \u00e0 droite, mais le style est parfois impr\u00e9visible.<\/p>\r\n<\/li>\r\n<\/ul>\r\n<h3 data-start=\"1042\" data-end=\"1083\">H\u00e9bergement : o\u00f9 dormir en Martinique<\/h3>\r\n<p data-start=\"1085\" data-end=\"1141\">Les options vont du g\u00eete rural aux h\u00f4tels tout confort :<\/p>\r\n\r\n<ul data-start=\"1143\" data-end=\"1351\">\r\n \t<li data-start=\"1143\" data-end=\"1201\">\r\n<p data-start=\"1145\" data-end=\"1201\"><strong data-start=\"1145\" data-end=\"1152\">Sud<\/strong> (Sainte\u2011Anne, Le Marin) : id\u00e9al pour les plages.<\/p>\r\n<\/li>\r\n \t<li data-start=\"1202\" data-end=\"1280\">\r\n<p data-start=\"1204\" data-end=\"1280\"><strong data-start=\"1204\" data-end=\"1212\">Nord<\/strong> (Le Carbet, Pr\u00eacheur) : plus sauvage, parfait pour les randonneurs.<\/p>\r\n<\/li>\r\n \t<li data-start=\"1281\" data-end=\"1351\">\r\n<p data-start=\"1283\" data-end=\"1351\"><strong data-start=\"1283\" data-end=\"1293\">Centre<\/strong> (Fort\u2011de\u2011France, Lamentin) : pratique mais moins typique.<\/p>\r\n<\/li>\r\n<\/ul>\r\n<p data-start=\"1353\" data-end=\"1418\">R\u00e9servez t\u00f4t en p\u00e9riode haute pour b\u00e9n\u00e9ficier des meilleurs prix.<\/p>\r\n\r\n<h3 data-start=\"1420\" data-end=\"1441\">S\u00e9curit\u00e9 et sant\u00e9<\/h3>\r\n<p data-start=\"1443\" data-end=\"1521\">La <strong data-start=\"1446\" data-end=\"1460\">Martinique<\/strong> est globalement s\u00fbre, mais quelques pr\u00e9cautions s\u2019imposent :<\/p>\r\n\r\n<ul data-start=\"1523\" data-end=\"1686\">\r\n \t<li data-start=\"1523\" data-end=\"1593\">\r\n<p data-start=\"1525\" data-end=\"1593\">Prot\u00e9gez-vous contre les moustiques (risque de dengue, chikungunya).<\/p>\r\n<\/li>\r\n \t<li data-start=\"1594\" data-end=\"1654\">\r\n<p data-start=\"1596\" data-end=\"1654\">Ne laissez rien dans votre voiture sur les plages isol\u00e9es.<\/p>\r\n<\/li>\r\n \t<li data-start=\"1655\" data-end=\"1686\">\r\n<p data-start=\"1657\" data-end=\"1686\">Eau potable dans toute l\u2019\u00eele.<\/p>\r\n<\/li>\r\n<\/ul>\r\n<h3 data-start=\"1688\" data-end=\"1714\">Budget moyen \u00e0 pr\u00e9voir<\/h3>\r\n<ul data-start=\"1716\" data-end=\"1903\">\r\n \t<li data-start=\"1716\" data-end=\"1782\">\r\n<p data-start=\"1718\" data-end=\"1782\">Vol A\/R depuis la France : entre 400\u202f\u20ac et 800\u202f\u20ac selon la saison.<\/p>\r\n<\/li>\r\n \t<li data-start=\"1783\" data-end=\"1817\">\r\n<p data-start=\"1785\" data-end=\"1817\">Location voiture : 30\u201350\u202f\u20ac\/jour.<\/p>\r\n<\/li>\r\n \t<li data-start=\"1818\" data-end=\"1845\">\r\n<p data-start=\"1820\" data-end=\"1845\">Logement : 50\u2013150\u202f\u20ac\/nuit.<\/p>\r\n<\/li>\r\n \t<li data-start=\"1846\" data-end=\"1903\">\r\n<p data-start=\"1848\" data-end=\"1903\">Repas : de 10\u202f\u20ac au snack \u00e0 40\u202f\u20ac dans un bon restaurant.<\/p>\r\n<\/li>\r\n<\/ul>\r\n<p data-start=\"1905\" data-end=\"2030\">Ces conseils vous aideront \u00e0 pr\u00e9parer un s\u00e9jour serein et immersif en <strong data-start=\"1975\" data-end=\"1989\">Martinique<\/strong>, entre d\u00e9couverte, d\u00e9tente et aventures.<\/p>\r\n\r\n<h2 data-start=\"140\" data-end=\"192\">Culture locale et gastronomie \u00e0 ne pas manquer<\/h2>\r\n<p data-start=\"194\" data-end=\"451\">La richesse culturelle de la <strong data-start=\"223\" data-end=\"237\">Martinique<\/strong> repose sur un savant m\u00e9lange d\u2019influences africaines, europ\u00e9ennes, indiennes et cara\u00efbes. Ce m\u00e9tissage se retrouve dans la musique, les traditions, les f\u00eates populaires et bien s\u00fbr, dans la <strong data-start=\"428\" data-end=\"450\">gastronomie cr\u00e9ole<\/strong>.<\/p>\r\n\r\n<h3 data-start=\"453\" data-end=\"476\">F\u00eates et traditions<\/h3>\r\n<p data-start=\"478\" data-end=\"694\">Le <strong data-start=\"481\" data-end=\"507\">carnaval de Martinique<\/strong>, qui se tient en f\u00e9vrier ou mars, est l\u2019\u00e9v\u00e9nement le plus embl\u00e9matique de l\u2019\u00eele : d\u00e9fil\u00e9s de chars, costumes color\u00e9s, musiques percussives et atmosph\u00e8re festive pendant plusieurs jours.<\/p>\r\n<p data-start=\"696\" data-end=\"881\">La musique locale, du <strong data-start=\"718\" data-end=\"726\">zouk<\/strong> au <strong data-start=\"730\" data-end=\"738\">b\u00e9l\u00e9<\/strong>, accompagne toutes les c\u00e9l\u00e9brations. Les <strong data-start=\"780\" data-end=\"798\">contes cr\u00e9oles<\/strong>, les danses traditionnelles et les rituels catholiques y sont encore tr\u00e8s vivants.<\/p>\r\n\r\n<h3 data-start=\"883\" data-end=\"909\">Sp\u00e9cialit\u00e9s culinaires<\/h3>\r\n<p data-start=\"911\" data-end=\"1044\">La cuisine de <strong data-start=\"925\" data-end=\"939\">Martinique<\/strong> est une explosion de saveurs, souvent relev\u00e9es, avec des influences africaines, indiennes et fran\u00e7aises.<\/p>\r\n<p data-start=\"1046\" data-end=\"1079\">Parmi les plats incontournables :<\/p>\r\n\r\n<ul data-start=\"1080\" data-end=\"1379\">\r\n \t<li data-start=\"1080\" data-end=\"1148\">\r\n<p data-start=\"1082\" data-end=\"1148\"><strong data-start=\"1082\" data-end=\"1103\">Colombo de poulet<\/strong> ou de cabri : plat mijot\u00e9 aux \u00e9pices douces.<\/p>\r\n<\/li>\r\n \t<li data-start=\"1149\" data-end=\"1207\">\r\n<p data-start=\"1151\" data-end=\"1207\"><strong data-start=\"1151\" data-end=\"1170\">Accras de morue<\/strong> : beignets frits servis en ap\u00e9ritif.<\/p>\r\n<\/li>\r\n \t<li data-start=\"1208\" data-end=\"1285\">\r\n<p data-start=\"1210\" data-end=\"1285\"><strong data-start=\"1210\" data-end=\"1227\">Boudin cr\u00e9ole<\/strong>, <strong data-start=\"1229\" data-end=\"1253\">fricass\u00e9e de chatrou<\/strong> (poulpe), <strong data-start=\"1264\" data-end=\"1284\">blaff de poisson<\/strong>.<\/p>\r\n<\/li>\r\n \t<li data-start=\"1286\" data-end=\"1379\">\r\n<p data-start=\"1288\" data-end=\"1379\"><strong data-start=\"1288\" data-end=\"1300\">Ti punch<\/strong>, le cocktail national, \u00e0 base de rhum agricole, citron vert et sucre de canne.<\/p>\r\n<\/li>\r\n<\/ul>\r\n<p data-start=\"1381\" data-end=\"1489\">Les desserts ne sont pas en reste : <strong data-start=\"1417\" data-end=\"1437\">tourment d\u2019amour<\/strong>, <strong data-start=\"1439\" data-end=\"1455\">sorbets coco<\/strong>, ou <strong data-start=\"1460\" data-end=\"1488\">bananes flamb\u00e9es au rhum<\/strong>.<\/p>\r\n\r\n<h3 data-start=\"1491\" data-end=\"1525\">March\u00e9s et produits artisanaux<\/h3>\r\n<p data-start=\"1527\" data-end=\"1754\">Les march\u00e9s de Fort-de-France, du Marin ou de Sainte-Anne offrent un aper\u00e7u de la vie locale : fruits tropicaux, \u00e9pices (colombo, cannelle, muscade), punchs arrang\u00e9s, confitures, et artisanat cr\u00e9ole (madras, poterie, vannerie).<\/p>\r\n<p data-start=\"1756\" data-end=\"1941\">Un arr\u00eat au <a class=\"cursor-pointer\" target=\"_new\" rel=\"noopener\" data-start=\"1768\" data-end=\"1873\">march\u00e9 local de Fort-de-France<\/a> est id\u00e9al pour rapporter un souvenir authentique de <strong data-start=\"1926\" data-end=\"1940\">martinique<\/strong>.<\/p>\r\n\r\n<h2 data-start=\"131\" data-end=\"186\">Galerie des villages charmants et artisanat local<\/h2>\r\n<p data-start=\"188\" data-end=\"434\">Explorer les petits villages de la <strong data-start=\"223\" data-end=\"237\">Martinique<\/strong>, c\u2019est plonger dans l\u2019authenticit\u00e9 de la vie cr\u00e9ole, entre maisons color\u00e9es, march\u00e9s traditionnels et ateliers d\u2019artisans. Ces lieux pleins de charme sont parfaits pour sortir des sentiers battus.<\/p>\r\n\r\n<h3 data-start=\"436\" data-end=\"455\">Les Trois\u2011\u00celets<\/h3>\r\n<p data-start=\"457\" data-end=\"598\">Situ\u00e9 sur la c\u00f4te cara\u00efbe, ce village touristique est un excellent point de d\u00e9part pour d\u00e9couvrir l\u2019histoire coloniale de la <strong data-start=\"582\" data-end=\"596\">Martinique<\/strong> :<\/p>\r\n\r\n<ul data-start=\"600\" data-end=\"887\">\r\n \t<li data-start=\"600\" data-end=\"661\">\r\n<p data-start=\"602\" data-end=\"661\"><strong data-start=\"602\" data-end=\"624\">Maison de la Canne<\/strong> : mus\u00e9e d\u00e9di\u00e9 \u00e0 l\u2019histoire sucri\u00e8re.<\/p>\r\n<\/li>\r\n \t<li data-start=\"662\" data-end=\"824\">\r\n<p data-start=\"664\" data-end=\"824\"><strong data-start=\"664\" data-end=\"689\">Village de la Poterie<\/strong> : ancien domaine sucrier reconverti en lieu d\u2019artisanat avec ateliers de c\u00e9ramique, cr\u00e9ateurs locaux, boutiques et caf\u00e9s en plein air.<\/p>\r\n<\/li>\r\n \t<li data-start=\"825\" data-end=\"887\">\r\n<p data-start=\"827\" data-end=\"887\">Embarcad\u00e8re pour visiter Fort\u2011de\u2011France en navette maritime.<\/p>\r\n<\/li>\r\n<\/ul>\r\n<h3 data-start=\"889\" data-end=\"904\">Sainte\u2011Anne<\/h3>\r\n<p data-start=\"906\" data-end=\"1089\">Charmant village du sud de la <strong data-start=\"936\" data-end=\"950\">Martinique<\/strong>, connu pour son atmosph\u00e8re conviviale, ses ruelles anim\u00e9es et ses plages sublimes. C\u2019est ici que se trouve la <strong data-start=\"1061\" data-end=\"1088\">Grande Anse des Salines<\/strong>.<\/p>\r\n<p data-start=\"1091\" data-end=\"1223\">Le march\u00e9 local propose \u00e9pices, produits artisanaux, confitures, et v\u00eatements en tissu <strong data-start=\"1178\" data-end=\"1188\">madras<\/strong>, typique de la culture antillaise.<\/p>\r\n\r\n<h3 data-start=\"1225\" data-end=\"1253\">Le Fran\u00e7ois et le Robert<\/h3>\r\n<p data-start=\"1255\" data-end=\"1357\">C\u00f4t\u00e9 Atlantique, ces communes offrent un visage plus paisible de la <strong data-start=\"1323\" data-end=\"1337\">Martinique<\/strong>. \u00c0 ne pas manquer :<\/p>\r\n\r\n<ul data-start=\"1359\" data-end=\"1536\">\r\n \t<li data-start=\"1359\" data-end=\"1423\">\r\n<p data-start=\"1361\" data-end=\"1423\"><strong data-start=\"1361\" data-end=\"1386\">Les \u00eelets du Fran\u00e7ois<\/strong>, accessibles en excursion en bateau.<\/p>\r\n<\/li>\r\n \t<li data-start=\"1424\" data-end=\"1536\">\r\n<p data-start=\"1426\" data-end=\"1536\"><strong data-start=\"1426\" data-end=\"1448\">Habitation Cl\u00e9ment<\/strong>, domaine agricole et culturel m\u00ealant rhumerie, architecture cr\u00e9ole et art contemporain.<\/p>\r\n<\/li>\r\n<\/ul>\r\n<h3 data-start=\"1538\" data-end=\"1564\">Artisanat martiniquais<\/h3>\r\n<p data-start=\"1566\" data-end=\"1657\">L\u2019artisanat refl\u00e8te l\u2019identit\u00e9 de l\u2019\u00eele, entre traditions africaines et h\u00e9ritage europ\u00e9en :<\/p>\r\n\r\n<ul data-start=\"1659\" data-end=\"1849\">\r\n \t<li data-start=\"1659\" data-end=\"1712\">\r\n<p data-start=\"1661\" data-end=\"1712\"><strong data-start=\"1661\" data-end=\"1685\">C\u00e9ramique et poterie<\/strong> : poterie des Trois\u2011\u00celets.<\/p>\r\n<\/li>\r\n \t<li data-start=\"1713\" data-end=\"1783\">\r\n<p data-start=\"1715\" data-end=\"1783\"><strong data-start=\"1715\" data-end=\"1726\">Textile<\/strong> : tissus madras, robes cr\u00e9oles, coiffes traditionnelles.<\/p>\r\n<\/li>\r\n \t<li data-start=\"1784\" data-end=\"1849\">\r\n<p data-start=\"1786\" data-end=\"1849\"><strong data-start=\"1786\" data-end=\"1807\">Bijouterie locale<\/strong>, <strong data-start=\"1809\" data-end=\"1821\">vannerie<\/strong>, et objets en bois sculpt\u00e9.<\/p>\r\n<\/li>\r\n<\/ul>\r\n<p data-start=\"1851\" data-end=\"1994\">Ces villages et artisans incarnent l\u2019\u00e2me de la <strong data-start=\"1898\" data-end=\"1912\">Martinique<\/strong>, loin des complexes touristiques, dans une atmosph\u00e8re chaleureuse et authentique.<\/p>\r\n\r\n<h2 data-start=\"44\" data-end=\"121\"><strong data-start=\"44\" data-end=\"121\">Miss Martinique 2025 : Ang\u00e9lique Angarni-Filopon, une victoire historique<\/strong><\/h2>\r\n<p data-start=\"123\" data-end=\"276\"><span class=\"relative -mx-px my-[-0.2rem] rounded px-px py-[0.2rem] transition-colors duration-100 ease-in-out\">Ang\u00e9lique Angarni\u2011Filopon, <strong data-start=\"27\" data-end=\"51\">Miss Martinique 2024<\/strong>, a marqu\u00e9 l\u2019histoire en devenant <strong data-start=\"85\" data-end=\"105\">Miss France 2025<\/strong>, lors de la c\u00e9r\u00e9monie du 14 d\u00e9cembre 2024 au Futuroscope \u00e0 Poitiers<\/span>. <span class=\"relative -mx-px my-[-0.2rem] rounded px-px py-[0.2rem] transition-colors duration-100 ease-in-out\">Elle est la toute <strong data-start=\"18\" data-end=\"46\">premi\u00e8re Miss Martinique<\/strong> \u00e0 remporter la couronne nationale, et la plus \u00e2g\u00e9e \u00e0 l\u2019avoir fait, \u00e0 <strong data-start=\"116\" data-end=\"126\" data-is-last-node=\"\">34 ans<\/strong><\/span>.<\/p>\r\n\r\n<h3 data-start=\"278\" data-end=\"303\">Un parcours inspirant<\/h3>\r\n<p data-start=\"305\" data-end=\"381\"><span class=\"relative -mx-px my-[-0.2rem] rounded px-px py-[0.2rem] transition-colors duration-100 ease-in-out\">Originaire de <strong data-start=\"14\" data-end=\"32\">Fort\u2011de\u2011France<\/strong>, Ang\u00e9lique avait d\u00e9j\u00e0 v\u00e9cu l\u2019aventure <strong data-start=\"71\" data-end=\"90\">Miss Martinique<\/strong> en 2011, o\u00f9 elle avait d\u00e9croch\u00e9 le titre de premi\u00e8re dauphine. Sa pers\u00e9v\u00e9rance a pay\u00e9 treize ans plus tard, lorsqu\u2019elle a remport\u00e9 le titre r\u00e9gional en septembre 2024<\/span>.<\/p>\r\n<p data-start=\"383\" data-end=\"497\"><span class=\"relative -mx-px my-[-0.2rem] rounded px-px py-[0.2rem] transition-colors duration-100 ease-in-out\">Professionnellement, Ang\u00e9lique est <strong data-start=\"35\" data-end=\"55\">h\u00f4tesse de l\u2019air<\/strong> pour Corsair, apr\u00e8s avoir travaill\u00e9 chez Air Cara\u00efbes, illustrant son profil moderne et engag\u00e9<\/span>. <span class=\"relative -mx-px my-[-0.2rem] rounded px-px py-[0.2rem] transition-colors duration-100 ease-in-out\">Avec son m\u00e8tre 83, sa prestance et sa maturit\u00e9, elle symbolise une nouvelle g\u00e9n\u00e9ration de Miss, ax\u00e9e sur l\u2019ambition et les valeurs.<\/span><\/p>\r\n\r\n<h3 data-start=\"499\" data-end=\"532\">Victoire au concours national<\/h3>\r\n<p data-start=\"534\" data-end=\"614\"><span class=\"relative -mx-px my-[-0.2rem] rounded px-px py-[0.2rem] transition-colors duration-100 ease-in-out\">Lors de l\u2019\u00e9lection de <strong data-start=\"22\" data-end=\"42\">Miss France 2025<\/strong>, elle a su se distinguer face \u00e0 29 autres candidates. Au classement final, elle a obtenu les meilleurs scores du jury et une forte popularit\u00e9 aupr\u00e8s du public, devan\u00e7ant la Miss Nord\u2011Pas\u2011de\u2011Calais (1re dauphine) et Miss Corse (2e dauphine)<\/span>.<\/p>\r\n\r\n<h3 data-start=\"616\" data-end=\"647\">Une figure de la Martinique<\/h3>\r\n<p data-start=\"649\" data-end=\"871\"><span class=\"relative -mx-px my-[-0.2rem] rounded px-px py-[0.2rem] transition-colors duration-100 ease-in-out\">En tant que <strong data-start=\"12\" data-end=\"46\">Miss Martinique et Miss France<\/strong>, Ang\u00e9lique incarne fi\u00e8rement la diversit\u00e9 et le rayonnement culturel de l\u2019\u00eele. Son \u00e9lection est per\u00e7ue comme une avanc\u00e9e psychologique et symbolique pour les femmes de plus de 30 ans dans les concours de beaut\u00e9<\/span>. Elle a exprim\u00e9 son souhait de porter la voix de sa r\u00e9gion, de ses richesses humaines, culturelles et de promouvoir la Martinique avec fiert\u00e9.<\/p>\r\n\r\n<h2 data-start=\"0\" data-end=\"37\"><span class=\"relative -mx-px my-[-0.2rem] rounded px-px py-[0.2rem] transition-colors duration-100 ease-in-out\"><span data-start=\"49\" data-end=\"81\">H<\/span><strong data-start=\"49\" data-end=\"81\">eure\u00a0 Martinique<\/strong>\u00a0<\/span><\/h2>\r\n<p data-start=\"44\" data-end=\"120\"><span class=\"relative -mx-px my-[-0.2rem] rounded px-px py-[0.2rem] transition-colors duration-100 ease-in-out\">En Martinique, l\u2019heure est cal\u00e9e sur le <strong data-start=\"40\" data-end=\"101\">Fuseau Atlantique standard (AST \u2013 Atlantic Standard Time)<\/strong>, soit <strong data-start=\"108\" data-end=\"121\">UTC\u221204:00<\/strong>, sans aucun passage \u00e0 l\u2019heure d\u2019\u00e9t\u00e9. Cette configuration reste identique toute l\u2019ann\u00e9e<\/span>.<\/p>\r\n<p data-start=\"122\" data-end=\"275\"><span class=\"relative -mx-px my-[-0.2rem] rounded px-px py-[0.2rem] transition-colors duration-100 ease-in-out\">\u00c0 <strong data-start=\"2\" data-end=\"20\">Fort\u2011de\u2011France<\/strong>, la capitale, il est actuellement <strong data-start=\"55\" data-end=\"66\">22\u202fh\u202f56<\/strong> (heure locale) le <strong data-start=\"85\" data-end=\"106\" data-is-last-node=\"\">lundi 4 ao\u00fbt 2025<\/strong><\/span>. <span class=\"relative -mx-px my-[-0.2rem] rounded px-px py-[0.2rem] transition-colors duration-100 ease-in-out\">Cela signifie qu\u2019il y a un <strong data-start=\"27\" data-end=\"64\">d\u00e9calage de six heures avec Paris<\/strong>, qui est sur <strong data-start=\"78\" data-end=\"91\">UTC+02:00<\/strong> \u00e0 cette p\u00e9riode de l\u2019ann\u00e9e (heure d\u2019\u00e9t\u00e9 en Europe)<\/span>.<\/p>\r\n<p data-start=\"277\" data-end=\"353\"><span class=\"relative -mx-px my-[-0.2rem] rounded px-px py-[0.2rem] transition-colors duration-100 ease-in-out\">Ce d\u00e9calage fait que la Martinique est g\u00e9n\u00e9ralement <strong data-start=\"52\" data-end=\"88\">une heure en avance sur New York<\/strong> pendant la p\u00e9riode de l\u2019heure d\u2019\u00e9t\u00e9 nord-am\u00e9ricaine, et \u00e0 <strong data-start=\"147\" data-end=\"177\">la m\u00eame heure que New York<\/strong> quand celle-ci est \u00e0 l\u2019heure standard<\/span>.<\/p>\r\n<p data-start=\"355\" data-end=\"373\"><strong data-start=\"358\" data-end=\"371\">En r\u00e9sum\u00e9<\/strong> :<\/p>\r\n\r\n<ul data-start=\"374\" data-end=\"539\">\r\n \t<li data-start=\"374\" data-end=\"413\">\r\n<p data-start=\"376\" data-end=\"413\"><span class=\"relative -mx-px my-[-0.2rem] rounded px-px py-[0.2rem] transition-colors duration-100 ease-in-out\">Zone : <strong data-start=\"7\" data-end=\"22\" data-is-last-node=\"\">AST \u2013 UTC\u22124<\/strong><\/span><\/p>\r\n<\/li>\r\n \t<li data-start=\"414\" data-end=\"455\">\r\n<p data-start=\"416\" data-end=\"455\"><span class=\"relative -mx-px my-[-0.2rem] rounded px-px py-[0.2rem] transition-colors duration-100 ease-in-out\">Pas d\u2019heure d\u2019\u00e9t\u00e9<\/span><\/p>\r\n<\/li>\r\n \t<li data-start=\"456\" data-end=\"497\">\r\n<p data-start=\"458\" data-end=\"497\"><span class=\"relative -mx-px my-[-0.2rem] rounded px-px py-[0.2rem] transition-colors duration-100 ease-in-out\"><strong data-start=\"0\" data-end=\"42\" data-is-only-node=\"\">Heure locale actuelle \u00e0 Fort\u2011de\u2011France<\/strong> : ~<strong data-start=\"46\" data-end=\"57\">22\u202fh\u202f56<\/strong>, le <strong data-start=\"62\" data-end=\"77\" data-is-last-node=\"\">4 ao\u00fbt 2025<\/strong><\/span><\/p>\r\n<\/li>\r\n \t<li data-start=\"498\" data-end=\"539\">\r\n<p data-start=\"500\" data-end=\"539\"><span class=\"relative -mx-px my-[-0.2rem] rounded px-px py-[0.2rem] transition-colors duration-100 ease-in-out\">D\u00e9calage : +6 heures avec Paris, souvent align\u00e9e ou +1\u202fh avec New York selon les saisons<\/span><\/p>\r\n<\/li>\r\n<\/ul>\r\n<p data-start=\"541\" data-end=\"621\"><span class=\"relative -mx-px my-[-0.2rem] rounded px-px py-[0.2rem] transition-colors duration-100 ease-in-out\">Ce fonctionnement temporel est stable : la Martinique ne change jamais d\u2019heure au cours de l\u2019ann\u00e9e<\/span><\/p>\r\n\r\n<h3 data-start=\"541\" data-end=\"621\">Drapeau de la Martinique<\/h3>\r\n<p data-start=\"81\" data-end=\"234\"><span class=\"relative -mx-px my-[-0.2rem] rounded px-px py-[0.2rem] transition-colors duration-100 ease-in-out\">Le <strong data-start=\"3\" data-end=\"31\">drapeau de la Martinique<\/strong>, officiellement adopt\u00e9 le <strong data-start=\"58\" data-end=\"76\">2 f\u00e9vrier 2023<\/strong>, se compose d\u2019un <strong data-start=\"94\" data-end=\"112\">triangle rouge<\/strong> \u00e0 la hampe surmontant deux bandes horizontales, <strong data-start=\"161\" data-end=\"178\">verte en haut<\/strong>, <strong data-start=\"180\" data-end=\"196\" data-is-last-node=\"\">noire en bas<\/strong><\/span>. <span class=\"relative -mx-px my-[-0.2rem] rounded px-px py-[0.2rem] transition-colors duration-100 ease-in-out\">Connu sous le nom de <strong data-start=\"21\" data-end=\"42\">\u201crouge\u2011vert\u2011noir\u201d<\/strong>, il reprend les couleurs pan\u2011africaines : le <strong data-start=\"88\" data-end=\"97\">rouge<\/strong> symbolise le sang vers\u00e9 pour la libert\u00e9, le <strong data-start=\"142\" data-end=\"150\">noir<\/strong> repr\u00e9sente la <strong data-start=\"165\" data-end=\"193\">force du peuple africain<\/strong>, et le <strong data-start=\"201\" data-end=\"209\">vert<\/strong> incarne la <strong data-start=\"221\" data-end=\"242\">nature luxuriante<\/strong> et les traditions paysannes<\/span>.<\/p>\r\n<p data-start=\"236\" data-end=\"389\"><span class=\"relative -mx-px my-[-0.2rem] rounded px-px py-[0.2rem] transition-colors duration-100 ease-in-out\">Ce symbole a \u00e9merg\u00e9 d\u00e8s les ann\u00e9es 1960 au sein des mouvements <strong data-start=\"63\" data-end=\"104\">anticolonialistes et ind\u00e9pendantistes<\/strong>, notamment l\u2019OJAM, et a \u00e9t\u00e9 popularis\u00e9 \u00e0 partir de 1971 par des militants comme Guy Cabort\u2011Masson ou Alex Ferdinand<\/span>. <span class=\"relative -mx-px my-[-0.2rem] rounded px-px py-[0.2rem] transition-colors duration-100 ease-in-out\">En marge de ce drapeau moderne, l\u2019ancien embl\u00e8me connu sous le nom de <strong data-start=\"70\" data-end=\"103\">\u201cdrapeau aux quatre serpents\u201d<\/strong> (fond bleu, croix blanche et quatre serpents blancs) circulait comme pavillon non officiel jusqu\u2019en 2018, mais \u00e9tait d\u00e9nonc\u00e9 comme associ\u00e9 \u00e0 la p\u00e9riode esclavagiste<\/span>.<\/p>\r\n<p data-start=\"391\" data-end=\"591\"><span class=\"relative -mx-px my-[-0.2rem] rounded px-px py-[0.2rem] transition-colors duration-100 ease-in-out\">Aujourd\u2019hui, ce nouveau drapeau incarne l\u2019identit\u00e9 contemporaine de la Martinique lors des manifestations culturelles et sportives, souvent hiss\u00e9 aux c\u00f4t\u00e9s du <strong data-start=\"159\" data-end=\"179\">drapeau fran\u00e7ais<\/strong>, unique embl\u00e8me officiel dans les b\u00e2timents publics<\/span>. Stable dans sa forme et son usage, il s\u2019affirme comme un symbole fort de fiert\u00e9 et de m\u00e9moire collective martiniquaise.<\/p>\r\n\r\n<h2 data-start=\"178\" data-end=\"221\">Foire Aux Questions sur la Martinique<\/h2>\r\n<h3 data-start=\"223\" data-end=\"261\">Pourquoi visiter la Martinique\u202f?<\/h3>\r\n<p data-start=\"262\" data-end=\"477\">La <strong data-start=\"265\" data-end=\"279\">Martinique<\/strong> s\u00e9duit par ses plages paradisiaques, son <strong data-start=\"321\" data-end=\"342\">rhum agricole AOC<\/strong>, sa <strong data-start=\"347\" data-end=\"365\">culture cr\u00e9ole<\/strong> vibrante et ses paysages diversifi\u00e9s : volcans, for\u00eats tropicales, jardins botaniques et villages pittoresques.<\/p>\r\n\r\n<h3 data-start=\"479\" data-end=\"547\">Quelle est la meilleure p\u00e9riode pour s\u00e9journer en Martinique\u202f?<\/h3>\r\n<p data-start=\"548\" data-end=\"714\">La meilleure p\u00e9riode pour visiter la <strong data-start=\"585\" data-end=\"599\">Martinique<\/strong> se situe entre d\u00e9cembre et avril (saison s\u00e8che), avec un climat ensoleill\u00e9, id\u00e9al pour les activit\u00e9s de plein air.<\/p>\r\n\r\n<h3 data-start=\"716\" data-end=\"774\">Doit-on absolument louer une voiture en Martinique\u202f?<\/h3>\r\n<p data-start=\"775\" data-end=\"947\">Oui, louer une voiture est indispensable pour explorer toute la <strong data-start=\"839\" data-end=\"853\">Martinique<\/strong> de mani\u00e8re autonome, notamment les zones \u00e9loign\u00e9es non desservies par les transports publics.<\/p>\r\n\r\n<h3 data-start=\"949\" data-end=\"1010\">Quelles sont les plages les plus belles en Martinique\u202f?<\/h3>\r\n<p data-start=\"1011\" data-end=\"1210\">Parmi les plages embl\u00e9matiques en <strong data-start=\"1045\" data-end=\"1059\">Martinique<\/strong>, on trouve <strong data-start=\"1071\" data-end=\"1098\">Grande Anse des Salines<\/strong>, <strong data-start=\"1100\" data-end=\"1115\">Anse Dufour<\/strong>, <strong data-start=\"1117\" data-end=\"1131\">Anse Noire<\/strong> et la sauvage <strong data-start=\"1146\" data-end=\"1164\">Anse Couleuvre<\/strong>, parfaites pour la baignade et le snorkeling.<\/p>\r\n\r\n<h3 data-start=\"1212\" data-end=\"1269\">Quels plats typiques faut\u2011il go\u00fbter en Martinique\u202f?<\/h3>\r\n<p data-start=\"1270\" data-end=\"1473\">Ne manquez pas le <strong data-start=\"1288\" data-end=\"1309\">colombo de poulet<\/strong>, les <strong data-start=\"1315\" data-end=\"1334\">accras de morue<\/strong>, le <strong data-start=\"1339\" data-end=\"1356\">boudin cr\u00e9ole<\/strong>, la <strong data-start=\"1361\" data-end=\"1385\">fricass\u00e9e de chatrou<\/strong>, le <strong data-start=\"1390\" data-end=\"1399\">blaff<\/strong>, et bien s\u00fbr le <strong data-start=\"1416\" data-end=\"1428\">ti punch<\/strong>, cocktail embl\u00e9matique de la <strong data-start=\"1458\" data-end=\"1472\">Martinique<\/strong>.<\/p>\r\n\r\n<h3 data-start=\"1475\" data-end=\"1528\">O\u00f9 acheter de l\u2019artisanat local en Martinique\u202f?<\/h3>\r\n<p data-start=\"1529\" data-end=\"1714\">D\u00e9ambulez dans les march\u00e9s de Fort\u2011de\u2011France, Sainte\u2011Anne, Les Trois\u2011\u00celets ou du Marin pour d\u00e9couvrir <strong data-start=\"1631\" data-end=\"1641\">madras<\/strong>, poteries, vanneries, confitures artisanales et objets sculpt\u00e9s en bois.<\/p>\r\n\r\n<h3 data-start=\"1716\" data-end=\"1768\">Peut\u2011on pratiquer la randonn\u00e9e en Martinique\u202f?<\/h3>\r\n<p data-start=\"1769\" data-end=\"1937\">Oui, la <strong data-start=\"1777\" data-end=\"1791\">Martinique<\/strong> offre de nombreuses randonn\u00e9es, notamment l\u2019ascension du <strong data-start=\"1849\" data-end=\"1863\">Mont Pel\u00e9e<\/strong>, la balade \u00e0 <strong data-start=\"1877\" data-end=\"1895\">Anse Couleuvre<\/strong>, ou les sentiers du <strong data-start=\"1916\" data-end=\"1936\">Jardin de Balata<\/strong>.<\/p>\r\n\r\n<h3 data-start=\"1939\" data-end=\"2004\">Y a\u2011t\u2011il des distilleries de rhum \u00e0 visiter en Martinique\u202f?<\/h3>\r\n<p data-start=\"2005\" data-end=\"2206\">Absolument. Les incontournables en <strong data-start=\"2040\" data-end=\"2054\">Martinique<\/strong> incluent <strong data-start=\"2064\" data-end=\"2086\">Habitation Cl\u00e9ment<\/strong>, <strong data-start=\"2088\" data-end=\"2106\">Distillerie JM<\/strong>, <strong data-start=\"2108\" data-end=\"2117\">Depaz<\/strong> et <strong data-start=\"2121\" data-end=\"2136\">La Favorite<\/strong>, o\u00f9 vous pouvez d\u00e9guster et acheter des rhums agricoles authentiques.<\/p>\r\n\r\n<h2 data-start=\"2213\" data-end=\"2280\">Conclusion : Pourquoi la Martinique est la destination id\u00e9ale<\/h2>\r\n<p data-start=\"2282\" data-end=\"2793\">La <strong data-start=\"2285\" data-end=\"2299\">martinique<\/strong> est bien plus qu\u2019une \u00eele tropicale\u202f: c\u2019est une <strong data-start=\"2347\" data-end=\"2368\">destination riche<\/strong>, entre <strong data-start=\"2376\" data-end=\"2397\">plages idylliques<\/strong>, <strong data-start=\"2399\" data-end=\"2425\">randonn\u00e9es volcaniques<\/strong>, <strong data-start=\"2427\" data-end=\"2449\">jardins luxuriants<\/strong>, <strong data-start=\"2451\" data-end=\"2469\">culture cr\u00e9ole<\/strong> et traditions culinaires inspirantes. Son climat doux, son patrimoine colonial et sa gastronomie authentique en font un choix de premier ordre pour un <strong data-start=\"2621\" data-end=\"2643\">voyage inoubliable<\/strong>. Que vous soyez en qu\u00eate de d\u00e9tente ou d\u2019aventure, la <strong data-start=\"2698\" data-end=\"2712\">Martinique<\/strong> promet une immersion profonde au c\u0153ur de la nature et de la convivialit\u00e9 cr\u00e9ole.<\/p>\r\n<p data-start=\"2795\" data-end=\"2991\">Pour poursuivre votre d\u00e9couverte du <strong data-start=\"2831\" data-end=\"2839\">pays<\/strong>, consultez notre guide des r\u00e9gions et sites touristiques : <a class=\"\" href=\"https:\/\/cparici.com\/fr\/visiter-la-france-guide-des-regions-et-sites-touristiques\" target=\"_new\" rel=\"noopener\" data-start=\"2899\" data-end=\"2990\">du pays<\/a>.<\/p>\r\n<p data-start=\"2993\" data-end=\"3265\">Pour en savoir plus sur l\u2019\u00eele, <a href=\"https:\/\/www.martinique.org\/fr\/tout-savoir\" target=\"_blank\" rel=\"noopener\">c\u2019est par ici!<\/a><\/p>\t\t\t\t\t\t\t\t<\/div>\n\t\t\t\t\t<\/div>\n\t\t\t\t<\/div>\n\t\t<aside class=\"elementor-element elementor-element-f3c8c17 e-flex e-con-boxed e-con e-parent\" data-id=\"f3c8c17\" data-element_type=\"container\" data-e-type=\"container\">\n\t\t\t\t\t<div class=\"e-con-inner\">\n\t\t\t\t<div class=\"elementor-element elementor-element-25b644e elementor-widget elementor-widget-listeo-posts-grid\" data-id=\"25b644e\" data-element_type=\"widget\" data-e-type=\"widget\" data-widget_type=\"listeo-posts-grid.default\">\n\t\t\t\t<div class=\"elementor-widget-container\">\n\t\t\t\t\t\t\t\n\t\t<div class=\"listeo-post-grid-wrapper\">\n\t\t\t<div class=\"row\">\n\n\t\t\t\n\n\t\t\t\t\t\t\t<div class=\"col-md-4\">\n                <a href=\"https:\/\/cparici.com\/fr\/andouille-de-guemene\/\" class=\"blog-compact-item-container\">\n                    <div class=\"blog-compact-item\">\n                        <img decoding=\"async\" width=\"577\" height=\"204\" src=\"https:\/\/cparici.com\/wp-content\/uploads\/2024\/07\/andouille-de-guemene.jpg\" class=\"attachment-listeo-blog-related-post size-listeo-blog-related-post wp-post-image\" alt=\"andouille de guemene\" srcset=\"https:\/\/cparici.com\/wp-content\/uploads\/2024\/07\/andouille-de-guemene.jpg 1501w, https:\/\/cparici.com\/wp-content\/uploads\/2024\/07\/andouille-de-guemene-600x212.jpg 600w, https:\/\/cparici.com\/wp-content\/uploads\/2024\/07\/andouille-de-guemene-300x106.jpg 300w, https:\/\/cparici.com\/wp-content\/uploads\/2024\/07\/andouille-de-guemene-1024x362.jpg 1024w, https:\/\/cparici.com\/wp-content\/uploads\/2024\/07\/andouille-de-guemene-768x271.jpg 768w\" sizes=\"(max-width: 577px) 100vw, 577px\" \/><span class=\"blog-item-tag\">Bretagne<\/span>                        \n                        <div class=\"blog-compact-item-content\">\n                                                        <h3>Andouille de Guemene : Go\u00fbt Unique et Recettes D\u00e9licieuses<\/h3>\n                                                        <p>L'Andouille de Guemene, une sp\u00e9cialit\u00e9 bretonne. D\u00e9couvrez ses recettes savoureuses, o\u00f9 la d\u00e9guster. Plongez dans...                            <\/p>\n                                                    <\/div>\n                    <\/div>\n                <\/a>\n            <\/div>\n\t\t\t<div class=\"col-md-4\">\n                <a href=\"https:\/\/cparici.com\/fr\/territoire-de-belfort\/\" class=\"blog-compact-item-container\">\n                    <div class=\"blog-compact-item\">\n                        <img decoding=\"async\" width=\"577\" height=\"204\" src=\"https:\/\/cparici.com\/wp-content\/uploads\/2025\/03\/cparici-2025-03-09T093747.029-577x204.jpg\" class=\"attachment-listeo-blog-related-post size-listeo-blog-related-post wp-post-image\" alt=\"Territoire de Belfort\" srcset=\"https:\/\/cparici.com\/wp-content\/uploads\/2025\/03\/cparici-2025-03-09T093747.029-577x204.jpg 577w, https:\/\/cparici.com\/wp-content\/uploads\/2025\/03\/cparici-2025-03-09T093747.029-300x106.jpg 300w, https:\/\/cparici.com\/wp-content\/uploads\/2025\/03\/cparici-2025-03-09T093747.029-1024x362.jpg 1024w, https:\/\/cparici.com\/wp-content\/uploads\/2025\/03\/cparici-2025-03-09T093747.029-768x271.jpg 768w, https:\/\/cparici.com\/wp-content\/uploads\/2025\/03\/cparici-2025-03-09T093747.029-18x6.jpg 18w, https:\/\/cparici.com\/wp-content\/uploads\/2025\/03\/cparici-2025-03-09T093747.029-590x208.jpg 590w, https:\/\/cparici.com\/wp-content\/uploads\/2025\/03\/cparici-2025-03-09T093747.029-1200x424.jpg 1200w, https:\/\/cparici.com\/wp-content\/uploads\/2025\/03\/cparici-2025-03-09T093747.029-600x212.jpg 600w, https:\/\/cparici.com\/wp-content\/uploads\/2025\/03\/cparici-2025-03-09T093747.029.jpg 1500w\" sizes=\"(max-width: 577px) 100vw, 577px\" \/><span class=\"blog-item-tag\">Bourgogne Franche Comt\u00e9<\/span>                        \n                        <div class=\"blog-compact-item-content\">\n                                                        <h3>Territoire de Belfort \u2013 les infos indispensables<\/h3>\n                                                        <p>Recherches populaires Categories Pas de r\u00e9sultats Voir tous les r\u00e9sultats Le Territoire de Belfort Situ\u00e9...                            <\/p>\n                                                    <\/div>\n                    <\/div>\n                <\/a>\n            <\/div>\n\t\t\t<div class=\"col-md-4\">\n                <a href=\"https:\/\/cparici.com\/fr\/sauzon\/\" class=\"blog-compact-item-container\">\n                    <div class=\"blog-compact-item\">\n                        <img decoding=\"async\" width=\"577\" height=\"268\" src=\"https:\/\/cparici.com\/wp-content\/uploads\/2024\/05\/sauzon.jpg\" class=\"attachment-listeo-blog-related-post size-listeo-blog-related-post wp-post-image\" alt=\"sauzon\" srcset=\"https:\/\/cparici.com\/wp-content\/uploads\/2024\/05\/sauzon.jpg 1500w, https:\/\/cparici.com\/wp-content\/uploads\/2024\/05\/sauzon-600x278.jpg 600w, https:\/\/cparici.com\/wp-content\/uploads\/2024\/05\/sauzon-300x139.jpg 300w, https:\/\/cparici.com\/wp-content\/uploads\/2024\/05\/sauzon-1024x475.jpg 1024w, https:\/\/cparici.com\/wp-content\/uploads\/2024\/05\/sauzon-768x356.jpg 768w\" sizes=\"(max-width: 577px) 100vw, 577px\" \/><span class=\"blog-item-tag\">Belle \u00eele en mer<\/span>                        \n                        <div class=\"blog-compact-item-content\">\n                                                        <h3>Sauzon: d\u00e9couvrez le charme de son port et les meilleurs h\u00f4tels<\/h3>\n                                                        <p>D\u00e9couvrez Sauzon, un port authentique et pittoresque. Profitez de ses paysages, de sa gastronomie et...                            <\/p>\n                                                    <\/div>\n                    <\/div>\n                <\/a>\n            <\/div>\n  <\/div>\n        <\/div>\n        \t\t\t\t<\/div>\n\t\t\t\t<\/div>\n\t\t\t\t\t<\/div>\n\t\t\t\t<\/aside>\n\t\t\t\t<\/div>\n\t\t","protected":false},"excerpt":{"rendered":"<p>Recherches populaires Categories Pas de r\u00e9sultats Voir tous les r\u00e9sultats Martinique, guide complet pour d\u00e9couvrir l\u2019\u00eele aux fleurs Pourquoi choisir la Martinique pour un voyage inoubliable La Martinique est une destination d\u2019exception, surnomm\u00e9e \u00ab l\u2019\u00eele aux fleurs \u00bb, qui s\u00e9duit par son culture cr\u00e9ole, son h\u00e9ritage fran\u00e7ais et son climat tropical toute l\u2019ann\u00e9e. Vous y [&hellip;]<\/p>\n","protected":false},"author":97,"featured_media":68759,"comment_status":"closed","ping_status":"closed","sticky":false,"template":"elementor_header_footer","format":"standard","meta":{"ngg_post_thumbnail":0,"footnotes":""},"categories":[2760,477,2758],"tags":[],"class_list":["post-68758","post","type-post","status-publish","format-standard","has-post-thumbnail","hentry","category-martinique","category-france","category-outre-mer"],"_links":{"self":[{"href":"https:\/\/cparici.com\/fr\/wp-json\/wp\/v2\/posts\/68758","targetHints":{"allow":["GET"]}}],"collection":[{"href":"https:\/\/cparici.com\/fr\/wp-json\/wp\/v2\/posts"}],"about":[{"href":"https:\/\/cparici.com\/fr\/wp-json\/wp\/v2\/types\/post"}],"author":[{"embeddable":true,"href":"https:\/\/cparici.com\/fr\/wp-json\/wp\/v2\/users\/97"}],"replies":[{"embeddable":true,"href":"https:\/\/cparici.com\/fr\/wp-json\/wp\/v2\/comments?post=68758"}],"version-history":[{"count":0,"href":"https:\/\/cparici.com\/fr\/wp-json\/wp\/v2\/posts\/68758\/revisions"}],"wp:featuredmedia":[{"embeddable":true,"href":"https:\/\/cparici.com\/fr\/wp-json\/wp\/v2\/media\/68759"}],"wp:attachment":[{"href":"https:\/\/cparici.com\/fr\/wp-json\/wp\/v2\/media?parent=68758"}],"wp:term":[{"taxonomy":"category","embeddable":true,"href":"https:\/\/cparici.com\/fr\/wp-json\/wp\/v2\/categories?post=68758"},{"taxonomy":"post_tag","embeddable":true,"href":"https:\/\/cparici.com\/fr\/wp-json\/wp\/v2\/tags?post=68758"}],"curies":[{"name":"wp","href":"https:\/\/api.w.org\/{rel}","templated":true}]}}