{"id":69108,"date":"2025-08-12T07:39:07","date_gmt":"2025-08-12T05:39:07","guid":{"rendered":"https:\/\/cparici.com\/?p=69108"},"modified":"2025-08-12T07:41:42","modified_gmt":"2025-08-12T05:41:42","slug":"grand-palais","status":"publish","type":"post","link":"https:\/\/cparici.com\/fr\/grand-palais\/","title":{"rendered":"Grand Palais : guide complet pour une visite r\u00e9ussie \u00e0 Paris"},"content":{"rendered":"\t\t<div data-elementor-type=\"wp-post\" data-elementor-id=\"69108\" class=\"elementor elementor-69108\" data-elementor-post-type=\"post\">\n\t\t\t\t<div class=\"elementor-element elementor-element-5a3b81f e-con-full e-flex e-con e-parent\" data-id=\"5a3b81f\" data-element_type=\"container\" data-e-type=\"container\">\n\t\t\t\t<div class=\"elementor-element elementor-element-0843c8d elementor-widget elementor-widget-image\" data-id=\"0843c8d\" data-element_type=\"widget\" data-e-type=\"widget\" data-widget_type=\"image.default\">\n\t\t\t\t\t\t\t\t\t\t\t\t\t\t\t<img decoding=\"async\" width=\"1500\" height=\"530\" src=\"https:\/\/cparici.com\/wp-content\/uploads\/2025\/08\/cparici-2025-08-11T133914.796.jpg\" class=\"attachment-full size-full wp-image-69109\" alt=\"Le Grand Palais\" srcset=\"https:\/\/cparici.com\/wp-content\/uploads\/2025\/08\/cparici-2025-08-11T133914.796.jpg 1500w, https:\/\/cparici.com\/wp-content\/uploads\/2025\/08\/cparici-2025-08-11T133914.796-300x106.jpg 300w, https:\/\/cparici.com\/wp-content\/uploads\/2025\/08\/cparici-2025-08-11T133914.796-1024x362.jpg 1024w, https:\/\/cparici.com\/wp-content\/uploads\/2025\/08\/cparici-2025-08-11T133914.796-768x271.jpg 768w, https:\/\/cparici.com\/wp-content\/uploads\/2025\/08\/cparici-2025-08-11T133914.796-18x6.jpg 18w, https:\/\/cparici.com\/wp-content\/uploads\/2025\/08\/cparici-2025-08-11T133914.796-590x208.jpg 590w, https:\/\/cparici.com\/wp-content\/uploads\/2025\/08\/cparici-2025-08-11T133914.796-1200x424.jpg 1200w, https:\/\/cparici.com\/wp-content\/uploads\/2025\/08\/cparici-2025-08-11T133914.796-577x204.jpg 577w, https:\/\/cparici.com\/wp-content\/uploads\/2025\/08\/cparici-2025-08-11T133914.796-600x212.jpg 600w\" sizes=\"(max-width: 1500px) 100vw, 1500px\" \/>\t\t\t\t\t\t\t\t\t\t\t\t\t\t\t<\/div>\n\t\t\t\t<\/div>\n\t\t<aside class=\"elementor-element elementor-element-463d4fb e-flex e-con-boxed e-con e-parent\" data-id=\"463d4fb\" data-element_type=\"container\" data-e-type=\"container\">\n\t\t\t\t\t<div class=\"e-con-inner\">\n\t\t\t\t<div class=\"elementor-element elementor-element-9d4dcec elementor-widget elementor-widget-global elementor-global-62046 elementor-widget-eael-advanced-search\" data-id=\"9d4dcec\" data-element_type=\"widget\" data-e-type=\"widget\" data-widget_type=\"eael-advanced-search.default\">\n\t\t\t\t\t        <div class=\"eael-adv-search-wrapper\">\n            <div id=\"eael-advanced-search-widget-9d4dcec\" class=\"eael-advanced-search-widget\">\n                <form data-settings=\"{&quot;post_per_page&quot;:5,&quot;search_among_taxonomies&quot;:&quot;&quot;,&quot;search_among_sku&quot;:&quot;no&quot;,&quot;show_popular_keyword&quot;:0,&quot;show_category&quot;:0,&quot;show_content_image&quot;:1,&quot;show_search_result_all_results&quot;:0,&quot;result_on_new_tab&quot;:&quot;no&quot;,&quot;show_product_price&quot;:&quot;no&quot;,&quot;include_current_page&quot;:&quot;no&quot;,&quot;orderby&quot;:&quot;default&quot;,&quot;order&quot;:&quot;DESC&quot;,&quot;current_post_id&quot;:69108,&quot;post_type&quot;:[&quot;post&quot;,&quot;listing&quot;]}\" method=\"POST\" name=\"eael-advanced-search-form-9d4dcec\" class=\"eael-advanced-search-form eael-advanced-search-form-style-2\">\n                    <div class=\"eael-advanced-search-wrap\">\n                        <span class=\"eael-adv-search-loader\"><\/span>\n                        <span class=\"eael-adv-search-close\"><i class=\"fas fa-times\"><\/i><\/span>\n                        <span class=\"icon \"><i class=\"fas fa-search\"><\/i><\/span>\n\n                        <input type=\"text\"\n                               placeholder=\"Votre destination\"\n                               class=\"eael-advanced-search\" autocomplete=\"off\" name=\"eael_advanced_search\">\n                    <\/div>\n\t\t\t\t\t                                    <\/form>\n\n\t\t\t\t\n\t\t\t\t        <div class=\"eael-advanced-search-result\">\n            <div class=\"eael-advanced-search-popular-keyword\">\n\t\t\t\t<h4 class=\"eael-advanced-search-popular-keyword-text\">Recherches populaires<\/h4>                <div class=\"eael-popular-keyword-content\"><\/div>\n            <\/div>\n            <div class=\"eael-advanced-search-category\">\n\t\t\t\t<h4 class=\"eael-advanced-search-category-text\">Categories<\/h4>                <div class=\"eael-popular-category-content\"><\/div>\n            <\/div>\n\t\t\t<div class=\"eael-advanced-search-total-results-section\">\n\t\t\t\t\t\t\t<\/div>\n            <div class=\"eael-advanced-search-content eael-item-style-3\">\n            <\/div>\n            <div class=\"eael-advanced-search-not-found\">\n                <p>Pas de r\u00e9sultats<\/p><\/div>\n            <div class=\"eael-advanced-search-load-more\">\n\t\t\t\t<a \tclass=\"eael-advanced-search-load-more-button\"\n                \thref=\"#\">Voir tous les r\u00e9sultats<\/a>\n            <\/div>\n        <\/div>\n\n\t\t            <\/div>\n        <\/div>\n\n\t\t\t\t\t\t<\/div>\n\t\t\t\t\t<\/div>\n\t\t\t\t<\/aside>\n\t\t<div class=\"elementor-element elementor-element-397feca4 e-flex e-con-boxed e-con e-parent\" data-id=\"397feca4\" data-element_type=\"container\" data-e-type=\"container\">\n\t\t\t\t\t<div class=\"e-con-inner\">\n\t\t\t\t<div class=\"elementor-element elementor-element-d835424 elementor-widget elementor-widget-text-editor\" data-id=\"d835424\" data-element_type=\"widget\" data-e-type=\"widget\" data-widget_type=\"text-editor.default\">\n\t\t\t\t\t\t\t\t\t<h1 style=\"text-align: center;\" data-start=\"209\" data-end=\"676\">Grand Palais : guide complet pour une visite r\u00e9ussie \u00e0 Paris<\/h1>\r\n<p data-start=\"209\" data-end=\"676\">Situ\u00e9 au c\u0153ur de <a href=\"https:\/\/cparici.com\/paris\/\">Paris<\/a>, entre les Champs\u2011\u00c9lys\u00e9es et la Seine, le <strong data-start=\"274\" data-end=\"292\"><em data-start=\"276\" data-end=\"290\">grand palais<\/em><\/strong> est l\u2019un des monuments les plus embl\u00e9matiques de la capitale fran\u00e7aise. Construit pour l\u2019Exposition universelle de 1900, il repr\u00e9sente une v\u00e9ritable prouesse architecturale m\u00ealant verre, acier et pierre, dans un style <strong data-start=\"511\" data-end=\"525\">Beaux\u2011Arts<\/strong> unique. Depuis plus d\u2019un si\u00e8cle, il accueille de grandes expositions artistiques, des \u00e9v\u00e9nements internationaux, et des rendez-vous culturels majeurs.<\/p>\r\n<p data-start=\"678\" data-end=\"1228\">Symbole fort <strong data-start=\"691\" data-end=\"725\">du patrimoine culturel du pays<\/strong>, le <strong data-start=\"730\" data-end=\"748\"><em data-start=\"732\" data-end=\"746\">grand palais<\/em><\/strong> incarne l\u2019innovation et l\u2019\u00e9l\u00e9gance \u00e0 la fran\u00e7aise. Il constitue un arr\u00eat incontournable pour toute personne souhaitant d\u00e9couvrir les tr\u00e9sors <strong data-start=\"890\" data-end=\"917\">architecturaux de Paris<\/strong>. Du pays, il s\u2019impose comme un t\u00e9moin pr\u00e9cieux de <a href=\"https:\/\/cparici.com\/histoire-de-france\/\">l\u2019histoire de France,<\/a> en lien direct avec les grandes p\u00e9riodes de transformation urbaine et culturelle. <a class=\"\" href=\"https:\/\/cparici.com\/fr\/visiter-la-france-guide-des-regions-et-sites-touristiques\" target=\"_new\" rel=\"noopener\" data-start=\"1072\" data-end=\"1202\">D\u00e9couvrez d\u2019autres joyaux touristiques du pays<\/a> dans notre guide complet.<\/p>\r\n<p data-start=\"1230\" data-end=\"1522\">En 2025, apr\u00e8s plusieurs ann\u00e9es de r\u00e9novation ambitieuse, le <strong data-start=\"1291\" data-end=\"1309\"><em data-start=\"1293\" data-end=\"1307\">grand palais<\/em><\/strong> rouvre ses portes dans une version modernis\u00e9e et plus accessible que jamais. Cet article vous plonge dans son histoire fascinante, sa r\u00e9invention contemporaine, et les meilleures fa\u00e7ons de le visiter aujourd\u2019hui.<\/p>\r\n\r\n<h2 data-start=\"55\" data-end=\"98\">Histoire et construction du grand palais<\/h2>\r\n<p data-start=\"100\" data-end=\"746\">Le <strong data-start=\"103\" data-end=\"121\"><em data-start=\"105\" data-end=\"119\">grand palais<\/em><\/strong> na\u00eet d\u2019un projet ambitieux lanc\u00e9 \u00e0 la fin du XIXe si\u00e8cle, dans un Paris en pleine effervescence. \u00c0 l\u2019approche de l\u2019Exposition universelle de <strong data-start=\"263\" data-end=\"271\">1900<\/strong>, la France souhaite d\u00e9montrer sa sup\u00e9riorit\u00e9 artistique, scientifique et architecturale. Il est alors d\u00e9cid\u00e9 de d\u00e9molir l\u2019ancien <strong data-start=\"401\" data-end=\"426\">Palais de l\u2019Industrie<\/strong>, \u00e9rig\u00e9 en 1855, pour laisser place \u00e0 un b\u00e2timent plus grand, plus lumineux, et plus repr\u00e9sentatif du g\u00e9nie national. Le r\u00e9sultat\u202f? Le monumental <strong data-start=\"572\" data-end=\"590\"><em data-start=\"574\" data-end=\"588\">grand palais<\/em><\/strong>, construit entre <strong data-start=\"608\" data-end=\"624\">1897 et 1900<\/strong>, sous la direction d\u2019un collectif de quatre architectes : Henri Deglane, Albert Louvet, Albert Thomas et Charles Girault.<\/p>\r\n<p data-start=\"748\" data-end=\"1242\">Mariant tradition classique et audace industrielle, l\u2019\u00e9difice se distingue par son style <strong data-start=\"837\" data-end=\"851\">Beaux\u2011Arts<\/strong>, typique de la Belle \u00c9poque, combin\u00e9 \u00e0 des innovations techniques spectaculaires pour l\u2019\u00e9poque. Sa gigantesque nef en <strong data-start=\"970\" data-end=\"988\">verre et acier<\/strong>, qui couvre plus de <strong data-start=\"1009\" data-end=\"1022\">13\u202f500\u202fm\u00b2<\/strong>, devient l\u2019un des plus grands espaces d\u2019exposition couverts au monde. D\u00e8s son inauguration, le <strong data-start=\"1118\" data-end=\"1136\"><em data-start=\"1120\" data-end=\"1134\">grand palais<\/em><\/strong> est c\u00e9l\u00e9br\u00e9 comme un chef-d\u2019\u0153uvre de l\u2019architecture moderne, embl\u00e8me du renouveau artistique <strong data-start=\"1230\" data-end=\"1241\">du pays<\/strong>.<\/p>\r\n<p data-start=\"748\" data-end=\"1242\"><a href=\"https:\/\/cparici.com\/wp-content\/uploads\/2025\/08\/cparici-2025-08-11T161149.493.jpg\"><img decoding=\"async\" class=\"aligncenter wp-image-69112 size-full\" src=\"https:\/\/cparici.com\/wp-content\/uploads\/2025\/08\/cparici-2025-08-11T161149.493.jpg\" alt=\"Le Grand Palais\" width=\"1500\" height=\"530\" srcset=\"https:\/\/cparici.com\/wp-content\/uploads\/2025\/08\/cparici-2025-08-11T161149.493.jpg 1500w, https:\/\/cparici.com\/wp-content\/uploads\/2025\/08\/cparici-2025-08-11T161149.493-300x106.jpg 300w, https:\/\/cparici.com\/wp-content\/uploads\/2025\/08\/cparici-2025-08-11T161149.493-1024x362.jpg 1024w, https:\/\/cparici.com\/wp-content\/uploads\/2025\/08\/cparici-2025-08-11T161149.493-768x271.jpg 768w, https:\/\/cparici.com\/wp-content\/uploads\/2025\/08\/cparici-2025-08-11T161149.493-18x6.jpg 18w, https:\/\/cparici.com\/wp-content\/uploads\/2025\/08\/cparici-2025-08-11T161149.493-590x208.jpg 590w, https:\/\/cparici.com\/wp-content\/uploads\/2025\/08\/cparici-2025-08-11T161149.493-1200x424.jpg 1200w, https:\/\/cparici.com\/wp-content\/uploads\/2025\/08\/cparici-2025-08-11T161149.493-577x204.jpg 577w, https:\/\/cparici.com\/wp-content\/uploads\/2025\/08\/cparici-2025-08-11T161149.493-600x212.jpg 600w\" sizes=\"(max-width: 1500px) 100vw, 1500px\" \/><\/a><\/p>\r\n<p data-start=\"1244\" data-end=\"1912\">Mais le destin du monument ne se limite pas \u00e0 son prestige culturel. Durant la <strong data-start=\"1323\" data-end=\"1351\">Premi\u00e8re Guerre mondiale<\/strong>, il est transform\u00e9 en <strong data-start=\"1374\" data-end=\"1395\">h\u00f4pital militaire<\/strong> pour soigner les bless\u00e9s. Plus tard, sous l\u2019Occupation allemande, il sert de d\u00e9p\u00f4t de mat\u00e9riel, puis accueille des expositions de propagande. Ces p\u00e9riodes sombres marquent durablement son histoire. Dans les ann\u00e9es 1990, apr\u00e8s des d\u00e9cennies d\u2019usage intensif, le b\u00e2timent pr\u00e9sente d\u2019importantes failles structurelles. La chute d\u2019une poutre en 1993 alerte les autorit\u00e9s, et une vaste campagne de consolidation est lanc\u00e9e. C\u2019est gr\u00e2ce \u00e0 cette intervention que le <strong data-start=\"1855\" data-end=\"1873\"><em data-start=\"1857\" data-end=\"1871\">grand palais<\/em><\/strong> est sauv\u00e9 d\u2019une \u00e9ventuelle d\u00e9molition.<\/p>\r\n<p data-start=\"1914\" data-end=\"2232\">Aujourd\u2019hui, cette histoire mouvement\u00e9e renforce encore la dimension patrimoniale et symbolique du lieu. En traversant les portails du <strong data-start=\"2049\" data-end=\"2067\"><em data-start=\"2051\" data-end=\"2065\">grand palais<\/em><\/strong>, le visiteur ne p\u00e9n\u00e8tre pas seulement un mus\u00e9e ou une salle d\u2019exposition : il entre dans un pan entier de l\u2019histoire de <strong data-start=\"2188\" data-end=\"2231\">la France et de son patrimoine culturel<\/strong>.<\/p>\r\n\r\n<h2 data-start=\"45\" data-end=\"86\">Architecture et la nef du grand palais<\/h2>\r\n<p data-start=\"88\" data-end=\"686\">L\u2019un des \u00e9l\u00e9ments les plus impressionnants du <strong data-start=\"134\" data-end=\"152\"><em data-start=\"136\" data-end=\"150\">grand palais<\/em><\/strong> est sans conteste sa <strong data-start=\"174\" data-end=\"193\">nef monumentale<\/strong>, chef-d\u2019\u0153uvre architectural alliant <strong data-start=\"230\" data-end=\"252\">ing\u00e9nierie moderne<\/strong> et esth\u00e9tique classique. Con\u00e7ue pour impressionner d\u00e8s l\u2019entr\u00e9e, cette nef en <strong data-start=\"331\" data-end=\"353\">verre et fer forg\u00e9<\/strong> s\u2019\u00e9l\u00e8ve \u00e0 pr\u00e8s de <strong data-start=\"372\" data-end=\"396\">45 m\u00e8tres de hauteur<\/strong>, sur une longueur de <strong data-start=\"418\" data-end=\"432\">240 m\u00e8tres<\/strong>, ce qui en fait l\u2019une des plus grandes verri\u00e8res d\u2019Europe. Elle est soutenue par des arches m\u00e9talliques d\u2019une finesse remarquable, sans aucun pilier central, exploitant les techniques de l\u2019<strong data-start=\"622\" data-end=\"651\">architecture industrielle<\/strong> naissante \u00e0 la fin du XIX\u1d49 si\u00e8cle.<\/p>\r\n<p data-start=\"688\" data-end=\"1226\">La structure m\u00eame du <strong data-start=\"709\" data-end=\"727\"><em data-start=\"711\" data-end=\"725\">grand palais<\/em><\/strong> incarne l\u2019ambition de la Belle \u00c9poque\u202f: d\u00e9montrer que le savoir-faire fran\u00e7ais peut rivaliser avec les grandes prouesses techniques du moment, comme la Tour Eiffel. Le b\u00e2timent repose sur trois mat\u00e9riaux principaux : <strong data-start=\"945\" data-end=\"978\">la pierre, le fer et le verre<\/strong>, r\u00e9unis dans une composition harmonieuse qui \u00e9voque \u00e0 la fois la tradition et la modernit\u00e9. Cette combinaison novatrice permet d\u2019inonder l\u2019int\u00e9rieur de lumi\u00e8re naturelle, renfor\u00e7ant l\u2019aspect majestueux de chaque \u00e9v\u00e9nement ou exposition s\u2019y tenant.<\/p>\r\n<p data-start=\"1228\" data-end=\"1578\">La <strong data-start=\"1231\" data-end=\"1251\">coupole centrale<\/strong>, v\u00e9ritable prouesse d\u2019ing\u00e9nierie, est surmont\u00e9e d\u2019un d\u00f4me de <strong data-start=\"1313\" data-end=\"1338\">17 m\u00e8tres de diam\u00e8tre<\/strong>, culminant \u00e0 <strong data-start=\"1352\" data-end=\"1365\">45 m\u00e8tres<\/strong>, comparable \u00e0 certaines cath\u00e9drales. Restaur\u00e9e dans les ann\u00e9es 2000, puis \u00e0 nouveau entre 2021 et 2025, la nef a retrouv\u00e9 sa luminosit\u00e9 originelle, d\u00e9barrass\u00e9e des ajouts successifs qui avaient alt\u00e9r\u00e9 son volume.<\/p>\r\n<p data-start=\"1580\" data-end=\"1896\">Lieu d\u2019accueil privil\u00e9gi\u00e9 pour les <strong data-start=\"1615\" data-end=\"1637\">salons artistiques<\/strong>, les <strong data-start=\"1643\" data-end=\"1665\">\u00e9v\u00e9nements de mode<\/strong> (comme les d\u00e9fil\u00e9s de Chanel), et les grandes expositions immersives, cette nef est bien plus qu\u2019un espace. Elle est l\u2019\u00e2me du <strong data-start=\"1792\" data-end=\"1810\"><em data-start=\"1794\" data-end=\"1808\">grand palais<\/em><\/strong>, un lieu o\u00f9 <strong data-start=\"1823\" data-end=\"1862\">l\u2019histoire, l\u2019art et la technologie<\/strong> dialoguent sous un ciel de verre.<\/p>\r\n<p data-start=\"1580\" data-end=\"1896\"><a href=\"https:\/\/cparici.com\/wp-content\/uploads\/2025\/08\/cparici-2025-08-11T160400.747.jpg\"><img decoding=\"async\" class=\"aligncenter wp-image-69113 size-full\" src=\"https:\/\/cparici.com\/wp-content\/uploads\/2025\/08\/cparici-2025-08-11T160400.747.jpg\" alt=\"Grand Palais architecture\" width=\"1500\" height=\"530\" srcset=\"https:\/\/cparici.com\/wp-content\/uploads\/2025\/08\/cparici-2025-08-11T160400.747.jpg 1500w, https:\/\/cparici.com\/wp-content\/uploads\/2025\/08\/cparici-2025-08-11T160400.747-300x106.jpg 300w, https:\/\/cparici.com\/wp-content\/uploads\/2025\/08\/cparici-2025-08-11T160400.747-1024x362.jpg 1024w, https:\/\/cparici.com\/wp-content\/uploads\/2025\/08\/cparici-2025-08-11T160400.747-768x271.jpg 768w, https:\/\/cparici.com\/wp-content\/uploads\/2025\/08\/cparici-2025-08-11T160400.747-18x6.jpg 18w, https:\/\/cparici.com\/wp-content\/uploads\/2025\/08\/cparici-2025-08-11T160400.747-590x208.jpg 590w, https:\/\/cparici.com\/wp-content\/uploads\/2025\/08\/cparici-2025-08-11T160400.747-1200x424.jpg 1200w, https:\/\/cparici.com\/wp-content\/uploads\/2025\/08\/cparici-2025-08-11T160400.747-577x204.jpg 577w, https:\/\/cparici.com\/wp-content\/uploads\/2025\/08\/cparici-2025-08-11T160400.747-600x212.jpg 600w\" sizes=\"(max-width: 1500px) 100vw, 1500px\" \/><\/a><\/p>\r\n\r\n<h2 data-start=\"45\" data-end=\"97\">Fonctions et usages contemporains du grand palais<\/h2>\r\n<p data-start=\"99\" data-end=\"617\">Depuis le d\u00e9but du XXIe si\u00e8cle, le <strong data-start=\"134\" data-end=\"152\"><em data-start=\"136\" data-end=\"150\">grand palais<\/em><\/strong> s\u2019est impos\u00e9 comme un <strong data-start=\"175\" data-end=\"220\">haut lieu de la vie culturelle parisienne<\/strong>, accueillant une diversit\u00e9 impressionnante d\u2019\u00e9v\u00e9nements artistiques, scientifiques et sportifs. Cette polyvalence unique s\u2019explique par la richesse de ses espaces : la <strong data-start=\"389\" data-end=\"405\">nef centrale<\/strong>, les <strong data-start=\"411\" data-end=\"434\">Galeries nationales<\/strong>, le <strong data-start=\"439\" data-end=\"466\">Palais de la D\u00e9couverte<\/strong>, et de nombreuses salles annexes. Chacune de ces entit\u00e9s propose une programmation ind\u00e9pendante mais compl\u00e9mentaire, rendant chaque visite diff\u00e9rente.<\/p>\r\n<p data-start=\"619\" data-end=\"1055\">Les <strong data-start=\"623\" data-end=\"662\">Galeries nationales du Grand Palais<\/strong>, cr\u00e9\u00e9es en 1964, ont pour vocation de pr\u00e9senter de grandes <strong data-start=\"722\" data-end=\"749\">expositions temporaires<\/strong>. Elles ont accueilli des r\u00e9trospectives majeures consacr\u00e9es \u00e0 Picasso, Hopper, Renoir, Irving Penn, ou encore Monet. Ces expositions attirent chaque ann\u00e9e <strong data-start=\"905\" data-end=\"947\">des centaines de milliers de visiteurs<\/strong>, positionnant le <strong data-start=\"965\" data-end=\"983\"><em data-start=\"967\" data-end=\"981\">grand palais<\/em><\/strong> comme une r\u00e9f\u00e9rence internationale en mati\u00e8re d\u2019art et de mus\u00e9ographie.<\/p>\r\n<p data-start=\"1057\" data-end=\"1517\">Mais le monument ne se limite pas aux arts visuels. Il accueille aussi des <strong data-start=\"1132\" data-end=\"1160\">manifestations sportives<\/strong>, telles que le <strong data-start=\"1176\" data-end=\"1191\">Saut Herm\u00e8s<\/strong>, prestigieux concours de saut d\u2019obstacles organis\u00e9 dans la nef, ou encore les <strong data-start=\"1270\" data-end=\"1293\">\u00e9preuves olympiques<\/strong> d\u2019escrime et de taekwondo lors des <strong data-start=\"1329\" data-end=\"1362\">Jeux Olympiques de Paris 2024<\/strong>. Ce choix d\u2019utilisation illustre la <strong data-start=\"1399\" data-end=\"1413\">modularit\u00e9<\/strong> du lieu, capable de se transformer en ar\u00e8ne, en salle de bal ou en galerie immersive selon les besoins.<\/p>\r\n<p data-start=\"1519\" data-end=\"1857\">Le <strong data-start=\"1522\" data-end=\"1549\">Palais de la D\u00e9couverte<\/strong>, install\u00e9 dans l\u2019aile ouest du b\u00e2timent depuis 1937, compl\u00e8te cette offre en proposant une approche plus <strong data-start=\"1655\" data-end=\"1686\">scientifique et p\u00e9dagogique<\/strong>, adapt\u00e9e aux enfants et aux familles. Il est actuellement en pleine r\u00e9novation, mais sa r\u00e9ouverture est pr\u00e9vue en phase avec celle du <strong data-start=\"1821\" data-end=\"1839\"><em data-start=\"1823\" data-end=\"1837\">grand palais<\/em><\/strong> complet, en 2025.<\/p>\r\n<p data-start=\"1859\" data-end=\"2115\">Avec cette diversit\u00e9 d\u2019usages, le <strong data-start=\"1893\" data-end=\"1911\"><em data-start=\"1895\" data-end=\"1909\">grand palais<\/em><\/strong> joue un r\u00f4le essentiel dans le rayonnement culturel de Paris. Il n\u2019est pas seulement un site \u00e0 visiter, mais une <strong data-start=\"2025\" data-end=\"2047\">exp\u00e9rience vivante<\/strong>, au croisement de <strong data-start=\"2066\" data-end=\"2114\">l\u2019art, de la science, de la mode et du sport<\/strong>.<\/p>\r\n\r\n<h2 data-start=\"62\" data-end=\"109\">R\u00e9novation majeure 2021\u20132025 du grand palais<\/h2>\r\n<p data-start=\"111\" data-end=\"515\">Ferm\u00e9 au public depuis 2021, le <strong data-start=\"143\" data-end=\"161\"><em data-start=\"145\" data-end=\"159\">grand palais<\/em><\/strong> a entam\u00e9 une <strong data-start=\"175\" data-end=\"201\">r\u00e9novation monumentale<\/strong>, \u00e0 la fois esth\u00e9tique, structurelle et fonctionnelle. Ce chantier titanesque, men\u00e9 par l\u2019architecte en chef des Monuments historiques <strong data-start=\"336\" data-end=\"358\">Fran\u00e7ois Chatillon<\/strong>, vise \u00e0 <strong data-start=\"367\" data-end=\"398\">restaurer l\u2019\u00e9clat d\u2019origine<\/strong> du monument tout en le rendant conforme aux standards contemporains d\u2019accessibilit\u00e9, de s\u00e9curit\u00e9 et d\u2019usage durable.<\/p>\r\n<p data-start=\"517\" data-end=\"877\">Le budget de cette r\u00e9habilitation s\u2019\u00e9l\u00e8ve \u00e0 <strong data-start=\"561\" data-end=\"585\">466 millions d\u2019euros<\/strong>, dont une partie significative a \u00e9t\u00e9 financ\u00e9e par le m\u00e9c\u00e9nat priv\u00e9. Parmi les contributeurs, la maison <strong data-start=\"689\" data-end=\"699\">Chanel<\/strong> s\u2019est distingu\u00e9e par un don exceptionnel de <strong data-start=\"744\" data-end=\"767\">25 millions d\u2019euros<\/strong>, soulignant son attachement profond au <strong data-start=\"807\" data-end=\"825\"><em data-start=\"809\" data-end=\"823\">grand palais<\/em><\/strong>, th\u00e9\u00e2tre embl\u00e9matique de ses d\u00e9fil\u00e9s haute couture.<\/p>\r\n<p data-start=\"879\" data-end=\"1243\">Les travaux ont \u00e9t\u00e9 organis\u00e9s en plusieurs phases. La premi\u00e8re, achev\u00e9e \u00e0 l\u2019\u00e9t\u00e9 2024, a permis la r\u00e9ouverture temporaire de la <strong data-start=\"1006\" data-end=\"1013\">nef<\/strong>, restaur\u00e9e \u00e0 l\u2019identique pour accueillir les \u00e9preuves d\u2019<strong data-start=\"1070\" data-end=\"1097\">escrime et de taekwondo<\/strong> des Jeux Olympiques de Paris 2024. Cette r\u00e9ouverture partielle a \u00e9t\u00e9 un moment fort, redonnant vie au b\u00e2timent apr\u00e8s plusieurs ann\u00e9es de silence.<\/p>\r\n<p data-start=\"1245\" data-end=\"1366\">La seconde phase, achev\u00e9e en <strong data-start=\"1274\" data-end=\"1287\">juin 2025<\/strong>, a permis la r\u00e9ouverture compl\u00e8te de l\u2019\u00e9difice. Parmi les grandes nouveaut\u00e9s :<\/p>\r\n\r\n<ul data-start=\"1367\" data-end=\"1936\">\r\n \t<li data-start=\"1367\" data-end=\"1438\">\r\n<p data-start=\"1369\" data-end=\"1438\">La <strong data-start=\"1372\" data-end=\"1409\">cr\u00e9ation d\u2019un vaste hall d\u2019entr\u00e9e<\/strong>, plus clair et plus fluide ;<\/p>\r\n<\/li>\r\n \t<li data-start=\"1439\" data-end=\"1531\">\r\n<p data-start=\"1441\" data-end=\"1531\">L\u2019installation de <strong data-start=\"1459\" data-end=\"1476\">40 ascenseurs<\/strong>, facilitant l\u2019acc\u00e8s aux personnes \u00e0 mobilit\u00e9 r\u00e9duite ;<\/p>\r\n<\/li>\r\n \t<li data-start=\"1532\" data-end=\"1680\">\r\n<p data-start=\"1534\" data-end=\"1680\">L\u2019am\u00e9nagement d\u2019un espace central ext\u00e9rieur, baptis\u00e9 <strong data-start=\"1587\" data-end=\"1609\">Square Jean Perrin<\/strong>, transformant l\u2019entr\u00e9e du monument en <strong data-start=\"1648\" data-end=\"1678\">place publique v\u00e9g\u00e9talis\u00e9e<\/strong> ;<\/p>\r\n<\/li>\r\n \t<li data-start=\"1681\" data-end=\"1794\">\r\n<p data-start=\"1683\" data-end=\"1794\">La mise en place d\u2019un <strong data-start=\"1705\" data-end=\"1725\">Parcours enfants<\/strong>, rendant le site plus attractif pour les familles et les scolaires ;<\/p>\r\n<\/li>\r\n \t<li data-start=\"1795\" data-end=\"1936\">\r\n<p data-start=\"1797\" data-end=\"1936\">L\u2019ouverture d\u2019espaces de restauration, de lecture et de d\u00e9tente, con\u00e7us pour faire du <strong data-start=\"1883\" data-end=\"1901\"><em data-start=\"1885\" data-end=\"1899\">grand palais<\/em><\/strong> un <strong data-start=\"1905\" data-end=\"1920\">lieu de vie<\/strong> \u00e0 part enti\u00e8re.<\/p>\r\n<\/li>\r\n<\/ul>\r\n<p data-start=\"1938\" data-end=\"2159\">Cette transformation a permis d\u2019augmenter la capacit\u00e9 d\u2019accueil de <strong data-start=\"2005\" data-end=\"2014\">140 %<\/strong>, tout en divisant par deux la consommation \u00e9nerg\u00e9tique du b\u00e2timent gr\u00e2ce \u00e0 de nouvelles technologies d\u2019\u00e9clairage, de ventilation et d\u2019isolation.<\/p>\r\n<p data-start=\"2161\" data-end=\"2421\">Le <strong data-start=\"2164\" data-end=\"2182\"><em data-start=\"2166\" data-end=\"2180\">grand palais<\/em><\/strong>, tel qu\u2019il se pr\u00e9sente en 2025, conserve son identit\u00e9 patrimoniale tout en s\u2019ouvrant pleinement \u00e0 la modernit\u00e9. Il devient un <strong data-start=\"2309\" data-end=\"2356\">mod\u00e8le de restauration patrimoniale durable<\/strong>, respectueux de l\u2019histoire mais r\u00e9solument tourn\u00e9 vers l\u2019avenir.<\/p>\r\n\r\n<h2 data-start=\"57\" data-end=\"91\">Visiter le grand palais en 2025<\/h2>\r\n<p data-start=\"93\" data-end=\"625\">Depuis sa r\u00e9ouverture en <strong data-start=\"118\" data-end=\"131\">juin 2025<\/strong>, le <strong data-start=\"136\" data-end=\"154\"><em data-start=\"138\" data-end=\"152\">grand palais<\/em><\/strong> offre une <strong data-start=\"165\" data-end=\"198\">exp\u00e9rience de visite repens\u00e9e<\/strong>, alliant confort moderne, accessibilit\u00e9 \u00e9largie et diversit\u00e9 culturelle. Situ\u00e9 dans le <strong data-start=\"286\" data-end=\"316\">8\u1d49 arrondissement de Paris<\/strong>, \u00e0 quelques pas des <strong data-start=\"337\" data-end=\"355\">Champs\u2011\u00c9lys\u00e9es<\/strong>, il est facilement accessible via les lignes de m\u00e9tro <strong data-start=\"410\" data-end=\"421\">1 et 13<\/strong> (station Champs\u2011\u00c9lys\u00e9es \u2013 Clemenceau), ainsi que par de nombreux bus. Un nouveau parvis v\u00e9g\u00e9talis\u00e9, le <strong data-start=\"525\" data-end=\"547\">Square Jean Perrin<\/strong>, accueille d\u00e9sormais les visiteurs dans une ambiance conviviale et lumineuse.<\/p>\r\n<p data-start=\"627\" data-end=\"1123\">L\u2019une des principales nouveaut\u00e9s de cette ann\u00e9e est <strong data-start=\"679\" data-end=\"707\">l\u2019acc\u00e8s gratuit \u00e0 la nef<\/strong>, qui permet au public de profiter de ce volume architectural exceptionnel sans avoir \u00e0 acheter de billet. Des <strong data-start=\"818\" data-end=\"844\">expositions immersives<\/strong>, des <strong data-start=\"850\" data-end=\"873\">\u0153uvres monumentales<\/strong> et des <strong data-start=\"881\" data-end=\"911\">installations interactives<\/strong> y sont pr\u00e9sent\u00e9es tout au long de l\u2019ann\u00e9e. Cette initiative vise \u00e0 d\u00e9mocratiser l\u2019acc\u00e8s \u00e0 la culture et \u00e0 transformer le <strong data-start=\"1033\" data-end=\"1051\"><em data-start=\"1035\" data-end=\"1049\">grand palais<\/em><\/strong> en un lieu de vie aussi bien pour les Parisiens que pour les touristes.<\/p>\r\n\r\n\r\n<figure id=\"attachment_69114\" aria-describedby=\"caption-attachment-69114\" style=\"width: 1024px\" class=\"wp-caption aligncenter\"><a href=\"https:\/\/cparici.com\/wp-content\/uploads\/2025\/08\/grand-palais-site-officiel.jpg\"><img decoding=\"async\" class=\"wp-image-69114 size-large\" src=\"https:\/\/cparici.com\/wp-content\/uploads\/2025\/08\/grand-palais-site-officiel-1024x520.jpg\" alt=\"grand palais site officiel\" width=\"1024\" height=\"520\" srcset=\"https:\/\/cparici.com\/wp-content\/uploads\/2025\/08\/grand-palais-site-officiel-1024x520.jpg 1024w, https:\/\/cparici.com\/wp-content\/uploads\/2025\/08\/grand-palais-site-officiel-300x152.jpg 300w, https:\/\/cparici.com\/wp-content\/uploads\/2025\/08\/grand-palais-site-officiel-768x390.jpg 768w, https:\/\/cparici.com\/wp-content\/uploads\/2025\/08\/grand-palais-site-officiel-1536x780.jpg 1536w, https:\/\/cparici.com\/wp-content\/uploads\/2025\/08\/grand-palais-site-officiel-18x9.jpg 18w, https:\/\/cparici.com\/wp-content\/uploads\/2025\/08\/grand-palais-site-officiel-590x300.jpg 590w, https:\/\/cparici.com\/wp-content\/uploads\/2025\/08\/grand-palais-site-officiel-1200x609.jpg 1200w, https:\/\/cparici.com\/wp-content\/uploads\/2025\/08\/grand-palais-site-officiel-577x293.jpg 577w, https:\/\/cparici.com\/wp-content\/uploads\/2025\/08\/grand-palais-site-officiel-600x305.jpg 600w, https:\/\/cparici.com\/wp-content\/uploads\/2025\/08\/grand-palais-site-officiel.jpg 1678w\" sizes=\"(max-width: 1024px) 100vw, 1024px\" \/><\/a><figcaption id=\"caption-attachment-69114\" class=\"wp-caption-text\">grand palais site officiel<\/figcaption><\/figure>\r\n<p data-start=\"1125\" data-end=\"1625\">Pour les expositions temporaires dans les <strong data-start=\"1167\" data-end=\"1190\">Galeries nationales<\/strong>, la r\u00e9servation est vivement conseill\u00e9e, surtout en p\u00e9riode de forte affluence. Les billets sont disponibles en ligne sur le site officiel ou directement sur place. Les tarifs varient g\u00e9n\u00e9ralement entre <strong data-start=\"1394\" data-end=\"1412\">10 et 18 euros<\/strong>, avec des r\u00e9ductions pour les jeunes, les enseignants et les demandeurs d\u2019emploi. Le monument est <strong data-start=\"1511\" data-end=\"1550\">ouvert tous les jours sauf le mardi<\/strong>, de 10h \u00e0 20h, avec des nocturnes jusqu\u2019\u00e0 22h certains soirs d\u2019exposition.<\/p>\r\n<p data-start=\"1627\" data-end=\"1685\">Le programme culturel de 2025 est particuli\u00e8rement riche :<\/p>\r\n\r\n<ul data-start=\"1686\" data-end=\"2041\">\r\n \t<li data-start=\"1686\" data-end=\"1768\">\r\n<p data-start=\"1688\" data-end=\"1768\">En mai, la <strong data-start=\"1699\" data-end=\"1723\">Biennale R\u00e9v\u00e9lations<\/strong> a mis \u00e0 l\u2019honneur l\u2019artisanat contemporain ;<\/p>\r\n<\/li>\r\n \t<li data-start=\"1769\" data-end=\"1934\">\r\n<p data-start=\"1771\" data-end=\"1934\">En juillet, une grande exposition consacr\u00e9e \u00e0 <strong data-start=\"1817\" data-end=\"1858\">Niki de Saint Phalle et Jean Tinguely<\/strong> explore les liens entre art cin\u00e9tique, politique et sculpture monumentale ;<\/p>\r\n<\/li>\r\n \t<li data-start=\"1935\" data-end=\"2041\">\r\n<p data-start=\"1937\" data-end=\"2041\">\u00c0 l\u2019automne, le <strong data-start=\"1953\" data-end=\"1978\">salon Art Basel Paris<\/strong> s\u2019installe dans la nef, attirant des galeries du monde entier.<\/p>\r\n<\/li>\r\n<\/ul>\r\n<p data-start=\"2043\" data-end=\"2286\">Des espaces d\u00e9di\u00e9s aux enfants, un <strong data-start=\"2078\" data-end=\"2099\">Palais des petits<\/strong>, ont \u00e9galement \u00e9t\u00e9 am\u00e9nag\u00e9s. Ce parcours ludique et p\u00e9dagogique initie les plus jeunes \u00e0 l\u2019architecture, \u00e0 l\u2019art et aux sciences \u00e0 travers des ateliers interactifs et des jeux \u00e9ducatifs.<\/p>\r\n<p data-start=\"2288\" data-end=\"2498\">Avec ses nombreux restaurants, salons de th\u00e9 et boutiques culturelles, le <strong data-start=\"2362\" data-end=\"2380\"><em data-start=\"2364\" data-end=\"2378\">grand palais<\/em><\/strong> devient aussi un lieu o\u00f9 l\u2019on peut passer toute une journ\u00e9e, entre <strong data-start=\"2448\" data-end=\"2497\">d\u00e9couverte artistique, d\u00e9tente et gourmandise<\/strong>.<\/p>\r\n\r\n<h2 data-start=\"45\" data-end=\"86\">Le grand palais dans son environnement<\/h2>\r\n<p data-start=\"88\" data-end=\"642\">Le <strong data-start=\"91\" data-end=\"109\"><em data-start=\"93\" data-end=\"107\">grand palais<\/em><\/strong> ne se distingue pas uniquement par son architecture ou ses expositions\u202f: il s\u2019int\u00e8gre dans un <strong data-start=\"204\" data-end=\"233\">environnement prestigieux<\/strong>, v\u00e9ritable \u00e9crin historique et artistique en plein c\u0153ur de la capitale. L\u2019ensemble architectural qu\u2019il forme avec le <strong data-start=\"351\" data-end=\"367\">Petit Palais<\/strong>, situ\u00e9 juste en face de l\u2019avenue Winston-Churchill, et le <strong data-start=\"426\" data-end=\"448\">Pont Alexandre III<\/strong>, l\u2019un des plus beaux ponts de Paris, offre un panorama unique et harmonieux. Ce quartier fait partie int\u00e9grante de ce que l\u2019on appelle parfois le \u201c<strong data-start=\"596\" data-end=\"622\">triangle d\u2019or culturel<\/strong>\u201d de la rive droite.<\/p>\r\n<p data-start=\"644\" data-end=\"1099\">Le <strong data-start=\"647\" data-end=\"663\">Petit Palais<\/strong>, mus\u00e9e des Beaux-Arts de la Ville de Paris, propose une collection permanente remarquable allant de l\u2019Antiquit\u00e9 \u00e0 l\u2019Art nouveau, en passant par Ingres, Courbet ou Delacroix. La proximit\u00e9 entre les deux palais permet de coupler facilement les visites pour une immersion artistique compl\u00e8te. Une passerelle architecturale relie symboliquement ces deux b\u00e2timents issus de la m\u00eame ambition urbaine lors de l\u2019Exposition universelle de 1900.<\/p>\r\n<p data-start=\"1101\" data-end=\"1531\">Juste derri\u00e8re le <strong data-start=\"1119\" data-end=\"1137\"><em data-start=\"1121\" data-end=\"1135\">grand palais<\/em><\/strong>, se trouve le <strong data-start=\"1152\" data-end=\"1179\">Palais de la D\u00e9couverte<\/strong>, autre institution majeure, d\u00e9di\u00e9e \u00e0 la vulgarisation scientifique. Ferm\u00e9 depuis 2020 pour r\u00e9novation, il rouvrira ses portes en 2025, en synergie avec le reste du complexe. Ce mus\u00e9e scientifique est particuli\u00e8rement adapt\u00e9 aux <strong data-start=\"1408\" data-end=\"1437\">familles et aux scolaires<\/strong>, avec ses expositions interactives sur les math\u00e9matiques, l\u2019astronomie ou encore la biologie.<\/p>\r\n<p data-start=\"1533\" data-end=\"1584\">\u00c0 quelques minutes \u00e0 pied, vous d\u00e9couvrirez aussi :<\/p>\r\n\r\n<ul data-start=\"1585\" data-end=\"1872\">\r\n \t<li data-start=\"1585\" data-end=\"1710\">\r\n<p data-start=\"1587\" data-end=\"1710\">Le <strong data-start=\"1590\" data-end=\"1612\">Pont Alexandre III<\/strong>, joyau de l\u2019architecture Belle \u00c9poque, reliant les Invalides au <strong data-start=\"1677\" data-end=\"1708\">quartier des Champs\u2011\u00c9lys\u00e9es<\/strong> ;<\/p>\r\n<\/li>\r\n \t<li data-start=\"1711\" data-end=\"1793\">\r\n<p data-start=\"1713\" data-end=\"1793\">Le <strong data-start=\"1716\" data-end=\"1732\">quai d\u2019Orsay<\/strong>, avec ses p\u00e9niches et ses vues superbes sur la rive gauche ;<\/p>\r\n<\/li>\r\n \t<li data-start=\"1794\" data-end=\"1872\">\r\n<p data-start=\"1796\" data-end=\"1872\">Les jardins des <strong data-start=\"1812\" data-end=\"1830\">Champs\u2011\u00c9lys\u00e9es<\/strong>, parfaits pour une pause apr\u00e8s la visite.<\/p>\r\n<\/li>\r\n<\/ul>\r\n<p data-start=\"1874\" data-end=\"2164\">Enfin, l\u2019environnement imm\u00e9diat du <strong data-start=\"1909\" data-end=\"1927\"><em data-start=\"1911\" data-end=\"1925\">grand palais<\/em><\/strong> offre de nombreuses <strong data-start=\"1948\" data-end=\"1989\">options de restauration haut de gamme<\/strong>, comme le restaurant gastronomique <strong data-start=\"2025\" data-end=\"2037\">Lasserre<\/strong>, ou le <strong data-start=\"2045\" data-end=\"2060\">Mini Palais<\/strong>, int\u00e9gr\u00e9 au Petit Palais, avec sa terrasse exceptionnelle donnant sur les colonnes de style corinthien.<\/p>\r\n<p data-start=\"2166\" data-end=\"2334\">Ce cadre fait du <strong data-start=\"2183\" data-end=\"2201\"><em data-start=\"2185\" data-end=\"2199\">grand palais<\/em><\/strong> non seulement une destination culturelle, mais aussi une <strong data-start=\"2259\" data-end=\"2288\">escapade urbaine compl\u00e8te<\/strong>, o\u00f9 patrimoine, art et d\u00e9tente se rejoignent.<\/p>\r\n\r\n<h2 data-start=\"182\" data-end=\"210\">Foire Aux Questions (FAQ)<\/h2>\r\n<h3 data-start=\"212\" data-end=\"250\">Pourquoi visiter le grand palais ?<\/h3>\r\n<p data-start=\"251\" data-end=\"492\">Le <strong data-start=\"254\" data-end=\"272\"><em data-start=\"256\" data-end=\"270\">grand palais<\/em><\/strong> est un lieu unique o\u00f9 se m\u00ealent <strong data-start=\"305\" data-end=\"350\">art, histoire, architecture et innovation<\/strong>. Sa nef monumentale, ses expositions internationales et sa r\u00e9cente r\u00e9novation en font un passage oblig\u00e9 pour tout amateur de culture \u00e0 Paris.<\/p>\r\n\r\n<h3 data-start=\"494\" data-end=\"544\">Que peut-on voir dans la nef du grand palais ?<\/h3>\r\n<p data-start=\"545\" data-end=\"777\">La <strong data-start=\"548\" data-end=\"555\">nef<\/strong> accueille des <strong data-start=\"570\" data-end=\"612\">installations artistiques monumentales<\/strong>, des \u00e9v\u00e9nements culturels et parfois des manifestations sportives. Depuis 2025, elle est <strong data-start=\"702\" data-end=\"720\">en acc\u00e8s libre<\/strong> et propose une programmation gratuite accessible \u00e0 tous.<\/p>\r\n\r\n<h3 data-start=\"779\" data-end=\"823\">Est-ce que le grand palais est gratuit ?<\/h3>\r\n<p data-start=\"824\" data-end=\"976\">Oui, <strong data-start=\"829\" data-end=\"877\">l\u2019acc\u00e8s \u00e0 la nef du grand palais est gratuit<\/strong> depuis juin 2025. Certaines expositions temporaires dans les Galeries nationales restent payantes.<\/p>\r\n\r\n<h3 data-start=\"978\" data-end=\"1027\">O\u00f9 acheter des billets pour les expositions ?<\/h3>\r\n<p data-start=\"1028\" data-end=\"1241\">Les billets peuvent \u00eatre achet\u00e9s sur le site officiel du <strong data-start=\"1085\" data-end=\"1101\">grand palais<\/strong>, dans les billetteries partenaires, ou directement sur place. La r\u00e9servation en ligne est conseill\u00e9e, surtout pour les grandes expositions.<\/p>\r\n\r\n<h3 data-start=\"1243\" data-end=\"1290\">Le grand palais est-il adapt\u00e9 aux enfants ?<\/h3>\r\n<p data-start=\"1291\" data-end=\"1514\">Absolument. Le site a \u00e9t\u00e9 repens\u00e9 pour <strong data-start=\"1330\" data-end=\"1357\">accueillir les familles<\/strong>, avec des <strong data-start=\"1368\" data-end=\"1388\">espaces ludiques<\/strong>, un parcours d\u00e9di\u00e9 aux plus jeunes et des expositions adapt\u00e9es. Le <strong data-start=\"1456\" data-end=\"1478\">Palais des enfants<\/strong> est un nouveau lieu incontournable.<\/p>\r\n\r\n<h3 data-start=\"1516\" data-end=\"1557\">Quels sont les horaires d\u2019ouverture ?<\/h3>\r\n<p data-start=\"1558\" data-end=\"1719\">Le <strong data-start=\"1561\" data-end=\"1579\"><em data-start=\"1563\" data-end=\"1577\">grand palais<\/em><\/strong> est ouvert tous les jours sauf le mardi, de <strong data-start=\"1624\" data-end=\"1637\">10h \u00e0 20h<\/strong>, avec des nocturnes jusqu\u2019\u00e0 <strong data-start=\"1666\" data-end=\"1673\">22h<\/strong> certains soirs pour les expositions majeures.<\/p>\r\n\r\n<h3 data-start=\"1721\" data-end=\"1776\">Combien de temps pr\u00e9voir pour une visite compl\u00e8te ?<\/h3>\r\n<p data-start=\"1777\" data-end=\"1964\">Comptez environ <strong data-start=\"1793\" data-end=\"1806\">1h30 \u00e0 3h<\/strong> selon votre rythme et les expositions en cours. La nef seule peut se visiter en 30 minutes, mais les galeries et espaces annexes m\u00e9ritent davantage de temps.<\/p>\r\n\r\n<h3 data-start=\"1966\" data-end=\"2032\">Quelle est la meilleure p\u00e9riode pour visiter le grand palais ?<\/h3>\r\n<p data-start=\"2033\" data-end=\"2252\">Le printemps et l\u2019automne sont les saisons id\u00e9ales, avec <strong data-start=\"2090\" data-end=\"2111\">moins d\u2019affluence<\/strong> et des <strong data-start=\"2119\" data-end=\"2152\">lumi\u00e8res naturelles optimales<\/strong> sous la verri\u00e8re. En \u00e9t\u00e9, le Grand Palais d\u2019\u00e9t\u00e9 propose des animations ext\u00e9rieures tr\u00e8s appr\u00e9ci\u00e9es.<\/p>\r\n\r\n<h3 data-start=\"2254\" data-end=\"2326\">Le grand palais est-il accessible aux personnes \u00e0 mobilit\u00e9 r\u00e9duite ?<\/h3>\r\n<p data-start=\"2327\" data-end=\"2496\">Oui, avec ses <strong data-start=\"2341\" data-end=\"2358\">40 ascenseurs<\/strong> et des am\u00e9nagements r\u00e9cents, le site est <strong data-start=\"2400\" data-end=\"2426\">enti\u00e8rement accessible<\/strong>, incluant aussi des dispositifs pour les malvoyants et malentendants.<\/p>\r\n\r\n<h3 data-start=\"2498\" data-end=\"2528\">Peut-on manger sur place ?<\/h3>\r\n<p data-start=\"2529\" data-end=\"2689\">Oui, plusieurs <strong data-start=\"2544\" data-end=\"2571\">espaces de restauration<\/strong> sont \u00e0 disposition, du caf\u00e9 au restaurant gastronomique. Le <strong data-start=\"2632\" data-end=\"2647\">Mini Palais<\/strong> propose une carte raffin\u00e9e avec terrasse.<\/p>\r\n\r\n<h2 data-start=\"54\" data-end=\"67\">Conclusion<\/h2>\r\n<p data-start=\"69\" data-end=\"454\">Plus qu\u2019un simple monument, le <strong data-start=\"100\" data-end=\"118\"><em data-start=\"102\" data-end=\"116\">grand palais<\/em><\/strong> est un <strong data-start=\"126\" data-end=\"168\">symbole vivant de la culture fran\u00e7aise<\/strong>, un lieu o\u00f9 le pass\u00e9 dialogue en permanence avec le pr\u00e9sent. En 2025, il entame une <strong data-start=\"253\" data-end=\"269\">nouvelle \u00e8re<\/strong>, avec une nef r\u00e9invent\u00e9e, des espaces modernis\u00e9s et une accessibilit\u00e9 renforc\u00e9e. Il incarne une volont\u00e9 claire\u202f: rendre la culture <strong data-start=\"401\" data-end=\"453\">plus ouverte, plus interactive et plus inclusive<\/strong>.<\/p>\r\n<p data-start=\"456\" data-end=\"839\">Que vous soyez passionn\u00e9 d\u2019art, amateur d\u2019architecture, visiteur en famille ou simple curieux, le <strong data-start=\"554\" data-end=\"572\"><em data-start=\"556\" data-end=\"570\">grand palais<\/em><\/strong> offre une exp\u00e9rience inoubliable, enrichie par son emplacement exceptionnel au c\u0153ur de <strong data-start=\"660\" data-end=\"669\">Paris<\/strong>. Entre expositions majeures, \u00e9v\u00e9nements innovants, et cadre patrimonial d\u2019exception, il s\u2019affirme comme une \u00e9tape essentielle de toute d\u00e9couverte culturelle <strong data-start=\"827\" data-end=\"838\">du pays<\/strong>.<\/p>\r\n<p data-start=\"841\" data-end=\"1036\">Ne manquez pas de planifier votre visite lors de votre prochain s\u00e9jour \u00e0 Paris, et d\u00e9couvrez l\u2019\u00e2me d\u2019un monument qui, depuis plus d\u2019un si\u00e8cle, continue d\u2019inspirer, de rassembler et d\u2019\u00e9merveiller.<\/p>\r\n<p data-start=\"841\" data-end=\"1036\">Le site officiel du Grand Palais, <a href=\"https:\/\/www.grandpalais.fr\/fr\/le-grand-palais\" target=\"_blank\" rel=\"noopener\">c\u2019est par ici!<\/a><\/p>\t\t\t\t\t\t\t\t<\/div>\n\t\t\t\t\t<\/div>\n\t\t\t\t<\/div>\n\t\t<aside class=\"elementor-element elementor-element-1df4072 e-flex e-con-boxed e-con e-parent\" data-id=\"1df4072\" data-element_type=\"container\" data-e-type=\"container\">\n\t\t\t\t\t<div class=\"e-con-inner\">\n\t\t\t\t<div class=\"elementor-element elementor-element-4e9de5c elementor-widget elementor-widget-listeo-posts-grid\" data-id=\"4e9de5c\" data-element_type=\"widget\" data-e-type=\"widget\" data-widget_type=\"listeo-posts-grid.default\">\n\t\t\t\t<div class=\"elementor-widget-container\">\n\t\t\t\t\t\t\t\n\t\t<div class=\"listeo-post-grid-wrapper\">\n\t\t\t<div class=\"row\">\n\n\t\t\t\n\n\t\t\t\t\t\t\t<div class=\"col-md-4\">\n                <a href=\"https:\/\/cparici.com\/fr\/pantheon\/\" class=\"blog-compact-item-container\">\n                    <div class=\"blog-compact-item\">\n                        <img decoding=\"async\" width=\"577\" height=\"204\" src=\"https:\/\/cparici.com\/wp-content\/uploads\/2025\/08\/cparici-2025-08-18T082226.053-577x204.jpg\" class=\"attachment-listeo-blog-related-post size-listeo-blog-related-post wp-post-image\" alt=\"Panth\u00e9on\" srcset=\"https:\/\/cparici.com\/wp-content\/uploads\/2025\/08\/cparici-2025-08-18T082226.053-577x204.jpg 577w, https:\/\/cparici.com\/wp-content\/uploads\/2025\/08\/cparici-2025-08-18T082226.053-300x106.jpg 300w, https:\/\/cparici.com\/wp-content\/uploads\/2025\/08\/cparici-2025-08-18T082226.053-1024x362.jpg 1024w, https:\/\/cparici.com\/wp-content\/uploads\/2025\/08\/cparici-2025-08-18T082226.053-768x271.jpg 768w, https:\/\/cparici.com\/wp-content\/uploads\/2025\/08\/cparici-2025-08-18T082226.053-18x6.jpg 18w, https:\/\/cparici.com\/wp-content\/uploads\/2025\/08\/cparici-2025-08-18T082226.053-590x208.jpg 590w, https:\/\/cparici.com\/wp-content\/uploads\/2025\/08\/cparici-2025-08-18T082226.053-1200x424.jpg 1200w, https:\/\/cparici.com\/wp-content\/uploads\/2025\/08\/cparici-2025-08-18T082226.053-600x212.jpg 600w, https:\/\/cparici.com\/wp-content\/uploads\/2025\/08\/cparici-2025-08-18T082226.053.jpg 1500w\" sizes=\"(max-width: 577px) 100vw, 577px\" \/><span class=\"blog-item-tag\">5\u00e8me arrondissement<\/span>                        \n                        <div class=\"blog-compact-item-content\">\n                                                        <h3>Panth\u00e9on : un chef-d\u2019\u0153uvre n\u00e9o-classique \u00e0 Paris<\/h3>\n                                                        <p>Recherches populaires Categories Pas de r\u00e9sultats Voir tous les r\u00e9sultats Panth\u00e9on : un chef-d\u2019\u0153uvre n\u00e9o-classique...                            <\/p>\n                                                    <\/div>\n                    <\/div>\n                <\/a>\n            <\/div>\n\t\t\t<div class=\"col-md-4\">\n                <a href=\"https:\/\/cparici.com\/fr\/paris-saint-germain-football-club\/\" class=\"blog-compact-item-container\">\n                    <div class=\"blog-compact-item\">\n                        <img decoding=\"async\" width=\"577\" height=\"204\" src=\"https:\/\/cparici.com\/wp-content\/uploads\/2025\/03\/cparici-2025-04-04T131915.616-577x204.jpg\" class=\"attachment-listeo-blog-related-post size-listeo-blog-related-post wp-post-image\" alt=\"Paris Saint-Germain Football Club\" srcset=\"https:\/\/cparici.com\/wp-content\/uploads\/2025\/03\/cparici-2025-04-04T131915.616-577x204.jpg 577w, https:\/\/cparici.com\/wp-content\/uploads\/2025\/03\/cparici-2025-04-04T131915.616-300x106.jpg 300w, https:\/\/cparici.com\/wp-content\/uploads\/2025\/03\/cparici-2025-04-04T131915.616-1024x362.jpg 1024w, https:\/\/cparici.com\/wp-content\/uploads\/2025\/03\/cparici-2025-04-04T131915.616-768x271.jpg 768w, https:\/\/cparici.com\/wp-content\/uploads\/2025\/03\/cparici-2025-04-04T131915.616-18x6.jpg 18w, https:\/\/cparici.com\/wp-content\/uploads\/2025\/03\/cparici-2025-04-04T131915.616-590x208.jpg 590w, https:\/\/cparici.com\/wp-content\/uploads\/2025\/03\/cparici-2025-04-04T131915.616-1200x424.jpg 1200w, https:\/\/cparici.com\/wp-content\/uploads\/2025\/03\/cparici-2025-04-04T131915.616-600x212.jpg 600w, https:\/\/cparici.com\/wp-content\/uploads\/2025\/03\/cparici-2025-04-04T131915.616.jpg 1500w\" sizes=\"(max-width: 577px) 100vw, 577px\" \/><span class=\"blog-item-tag\">France<\/span>                        \n                        <div class=\"blog-compact-item-content\">\n                                                        <h3>Paris Saint-Germain Football Club<\/h3>\n                                                        <p>Recherches populaires Categories Pas de r\u00e9sultats Voir tous les r\u00e9sultats Paris Saint-Germain Football Club :...                            <\/p>\n                                                    <\/div>\n                    <\/div>\n                <\/a>\n            <\/div>\n\t\t\t<div class=\"col-md-4\">\n                <a href=\"https:\/\/cparici.com\/fr\/opera-garnier\/\" class=\"blog-compact-item-container\">\n                    <div class=\"blog-compact-item\">\n                        <img decoding=\"async\" width=\"577\" height=\"204\" src=\"https:\/\/cparici.com\/wp-content\/uploads\/2025\/09\/cparici-2025-09-08T101828.473-577x204.jpg\" class=\"attachment-listeo-blog-related-post size-listeo-blog-related-post wp-post-image\" alt=\"Op\u00e9ra Garnier\" srcset=\"https:\/\/cparici.com\/wp-content\/uploads\/2025\/09\/cparici-2025-09-08T101828.473-577x204.jpg 577w, https:\/\/cparici.com\/wp-content\/uploads\/2025\/09\/cparici-2025-09-08T101828.473-300x106.jpg 300w, https:\/\/cparici.com\/wp-content\/uploads\/2025\/09\/cparici-2025-09-08T101828.473-1024x362.jpg 1024w, https:\/\/cparici.com\/wp-content\/uploads\/2025\/09\/cparici-2025-09-08T101828.473-768x271.jpg 768w, https:\/\/cparici.com\/wp-content\/uploads\/2025\/09\/cparici-2025-09-08T101828.473-18x6.jpg 18w, https:\/\/cparici.com\/wp-content\/uploads\/2025\/09\/cparici-2025-09-08T101828.473-590x208.jpg 590w, https:\/\/cparici.com\/wp-content\/uploads\/2025\/09\/cparici-2025-09-08T101828.473-1200x424.jpg 1200w, https:\/\/cparici.com\/wp-content\/uploads\/2025\/09\/cparici-2025-09-08T101828.473-600x212.jpg 600w, https:\/\/cparici.com\/wp-content\/uploads\/2025\/09\/cparici-2025-09-08T101828.473.jpg 1500w\" sizes=\"(max-width: 577px) 100vw, 577px\" \/><span class=\"blog-item-tag\">9\u00e8me arrondissement<\/span>                        \n                        <div class=\"blog-compact-item-content\">\n                                                        <h3>Op\u00e9ra Garnier<\/h3>\n                                                        <p>Recherches populaires Categories Pas de r\u00e9sultats Voir tous les r\u00e9sultats Op\u00e9ra Garnier Situ\u00e9 au c\u0153ur...                            <\/p>\n                                                    <\/div>\n                    <\/div>\n                <\/a>\n            <\/div>\n  <\/div>\n        <\/div>\n        \t\t\t\t<\/div>\n\t\t\t\t<\/div>\n\t\t\t\t\t<\/div>\n\t\t\t\t<\/aside>\n\t\t\t\t<\/div>\n\t\t","protected":false},"excerpt":{"rendered":"<p>Recherches populaires Categories Pas de r\u00e9sultats Voir tous les r\u00e9sultats Grand Palais : guide complet pour une visite r\u00e9ussie \u00e0 Paris Situ\u00e9 au c\u0153ur de Paris, entre les Champs\u2011\u00c9lys\u00e9es et la Seine, le grand palais est l\u2019un des monuments les plus embl\u00e9matiques de la capitale fran\u00e7aise. Construit pour l\u2019Exposition universelle de 1900, il repr\u00e9sente une [&hellip;]<\/p>\n","protected":false},"author":97,"featured_media":69109,"comment_status":"closed","ping_status":"closed","sticky":false,"template":"elementor_header_footer","format":"standard","meta":{"ngg_post_thumbnail":0,"footnotes":""},"categories":[1520,477,1021,1022],"tags":[],"class_list":["post-69108","post","type-post","status-publish","format-standard","has-post-thumbnail","hentry","category-8eme-arrondissement","category-france","category-ile-de-france","category-paris"],"_links":{"self":[{"href":"https:\/\/cparici.com\/fr\/wp-json\/wp\/v2\/posts\/69108","targetHints":{"allow":["GET"]}}],"collection":[{"href":"https:\/\/cparici.com\/fr\/wp-json\/wp\/v2\/posts"}],"about":[{"href":"https:\/\/cparici.com\/fr\/wp-json\/wp\/v2\/types\/post"}],"author":[{"embeddable":true,"href":"https:\/\/cparici.com\/fr\/wp-json\/wp\/v2\/users\/97"}],"replies":[{"embeddable":true,"href":"https:\/\/cparici.com\/fr\/wp-json\/wp\/v2\/comments?post=69108"}],"version-history":[{"count":0,"href":"https:\/\/cparici.com\/fr\/wp-json\/wp\/v2\/posts\/69108\/revisions"}],"wp:featuredmedia":[{"embeddable":true,"href":"https:\/\/cparici.com\/fr\/wp-json\/wp\/v2\/media\/69109"}],"wp:attachment":[{"href":"https:\/\/cparici.com\/fr\/wp-json\/wp\/v2\/media?parent=69108"}],"wp:term":[{"taxonomy":"category","embeddable":true,"href":"https:\/\/cparici.com\/fr\/wp-json\/wp\/v2\/categories?post=69108"},{"taxonomy":"post_tag","embeddable":true,"href":"https:\/\/cparici.com\/fr\/wp-json\/wp\/v2\/tags?post=69108"}],"curies":[{"name":"wp","href":"https:\/\/api.w.org\/{rel}","templated":true}]}}