{"id":69187,"date":"2025-08-15T07:15:11","date_gmt":"2025-08-15T05:15:11","guid":{"rendered":"https:\/\/cparici.com\/?p=69187"},"modified":"2025-08-15T07:17:14","modified_gmt":"2025-08-15T05:17:14","slug":"trocadero","status":"publish","type":"post","link":"https:\/\/cparici.com\/fr\/trocadero\/","title":{"rendered":"Trocad\u00e9ro : une vue \u00e0 couper le souffle sur la Tour Eiffel"},"content":{"rendered":"\t\t<div data-elementor-type=\"wp-post\" data-elementor-id=\"69187\" class=\"elementor elementor-69187\" data-elementor-post-type=\"post\">\n\t\t\t\t<div class=\"elementor-element elementor-element-b3aef8a e-con-full e-flex e-con e-parent\" data-id=\"b3aef8a\" data-element_type=\"container\" data-e-type=\"container\">\n\t\t\t\t<div class=\"elementor-element elementor-element-53e8cf4 elementor-widget elementor-widget-image\" data-id=\"53e8cf4\" data-element_type=\"widget\" data-e-type=\"widget\" data-widget_type=\"image.default\">\n\t\t\t\t\t\t\t\t\t\t\t\t\t\t\t<img decoding=\"async\" width=\"1500\" height=\"530\" src=\"https:\/\/cparici.com\/wp-content\/uploads\/2025\/08\/cparici-2025-08-15T065840.645.jpg\" class=\"attachment-full size-full wp-image-69188\" alt=\"Trocad\u00e9ro\" srcset=\"https:\/\/cparici.com\/wp-content\/uploads\/2025\/08\/cparici-2025-08-15T065840.645.jpg 1500w, https:\/\/cparici.com\/wp-content\/uploads\/2025\/08\/cparici-2025-08-15T065840.645-300x106.jpg 300w, https:\/\/cparici.com\/wp-content\/uploads\/2025\/08\/cparici-2025-08-15T065840.645-1024x362.jpg 1024w, https:\/\/cparici.com\/wp-content\/uploads\/2025\/08\/cparici-2025-08-15T065840.645-768x271.jpg 768w, https:\/\/cparici.com\/wp-content\/uploads\/2025\/08\/cparici-2025-08-15T065840.645-18x6.jpg 18w, https:\/\/cparici.com\/wp-content\/uploads\/2025\/08\/cparici-2025-08-15T065840.645-590x208.jpg 590w, https:\/\/cparici.com\/wp-content\/uploads\/2025\/08\/cparici-2025-08-15T065840.645-1200x424.jpg 1200w, https:\/\/cparici.com\/wp-content\/uploads\/2025\/08\/cparici-2025-08-15T065840.645-577x204.jpg 577w, https:\/\/cparici.com\/wp-content\/uploads\/2025\/08\/cparici-2025-08-15T065840.645-600x212.jpg 600w\" sizes=\"(max-width: 1500px) 100vw, 1500px\" \/>\t\t\t\t\t\t\t\t\t\t\t\t\t\t\t<\/div>\n\t\t\t\t<\/div>\n\t\t<aside class=\"elementor-element elementor-element-55a596e e-flex e-con-boxed e-con e-parent\" data-id=\"55a596e\" data-element_type=\"container\" data-e-type=\"container\">\n\t\t\t\t\t<div class=\"e-con-inner\">\n\t\t\t\t<div class=\"elementor-element elementor-element-989c38b elementor-widget elementor-widget-global elementor-global-62046 elementor-widget-eael-advanced-search\" data-id=\"989c38b\" data-element_type=\"widget\" data-e-type=\"widget\" data-widget_type=\"eael-advanced-search.default\">\n\t\t\t\t\t        <div class=\"eael-adv-search-wrapper\">\n            <div id=\"eael-advanced-search-widget-989c38b\" class=\"eael-advanced-search-widget\">\n                <form data-settings=\"{&quot;post_per_page&quot;:5,&quot;search_among_taxonomies&quot;:&quot;&quot;,&quot;search_among_sku&quot;:&quot;no&quot;,&quot;show_popular_keyword&quot;:0,&quot;show_category&quot;:0,&quot;show_content_image&quot;:1,&quot;show_search_result_all_results&quot;:0,&quot;result_on_new_tab&quot;:&quot;no&quot;,&quot;show_product_price&quot;:&quot;no&quot;,&quot;include_current_page&quot;:&quot;no&quot;,&quot;current_post_id&quot;:69187,&quot;post_type&quot;:[&quot;post&quot;,&quot;listing&quot;]}\" method=\"POST\" name=\"eael-advanced-search-form-989c38b\" class=\"eael-advanced-search-form eael-advanced-search-form-style-2\">\n                    <div class=\"eael-advanced-search-wrap\">\n                        <span class=\"eael-adv-search-loader\"><\/span>\n                        <span class=\"eael-adv-search-close\"><i class=\"fas fa-times\"><\/i><\/span>\n                        <span class=\"icon \"><i class=\"fas fa-search\"><\/i><\/span>\n\n                        <input type=\"text\"\n                               placeholder=\"Votre destination\"\n                               class=\"eael-advanced-search\" autocomplete=\"off\" name=\"eael_advanced_search\">\n                    <\/div>\n\t\t\t\t\t                                    <\/form>\n\n\t\t\t\t\n\t\t\t\t        <div class=\"eael-advanced-search-result\">\n            <div class=\"eael-advanced-search-popular-keyword\">\n\t\t\t\t<h4 class=\"eael-advanced-search-popular-keyword-text\">Recherches populaires<\/h4>                <div class=\"eael-popular-keyword-content\"><\/div>\n            <\/div>\n            <div class=\"eael-advanced-search-category\">\n\t\t\t\t<h4 class=\"eael-advanced-search-category-text\">Categories<\/h4>                <div class=\"eael-popular-category-content\"><\/div>\n            <\/div>\n\t\t\t<div class=\"eael-advanced-search-total-results-section\">\n\t\t\t\t\t\t\t<\/div>\n            <div class=\"eael-advanced-search-content eael-item-style-3\">\n            <\/div>\n            <div class=\"eael-advanced-search-not-found\">\n                <p>Pas de r\u00e9sultats<\/p><\/div>\n            <div class=\"eael-advanced-search-load-more\">\n\t\t\t\t<a \tclass=\"eael-advanced-search-load-more-button\"\n                \thref=\"#\">Voir tous les r\u00e9sultats<\/a>\n            <\/div>\n        <\/div>\n\n\t\t            <\/div>\n        <\/div>\n\n\t\t\t\t\t\t<\/div>\n\t\t\t\t\t<\/div>\n\t\t\t\t<\/aside>\n\t\t<div class=\"elementor-element elementor-element-4a627803 e-flex e-con-boxed e-con e-parent\" data-id=\"4a627803\" data-element_type=\"container\" data-e-type=\"container\">\n\t\t\t\t\t<div class=\"e-con-inner\">\n\t\t\t\t<div class=\"elementor-element elementor-element-343efccd elementor-widget elementor-widget-text-editor\" data-id=\"343efccd\" data-element_type=\"widget\" data-e-type=\"widget\" data-widget_type=\"text-editor.default\">\n\t\t\t\t\t\t\t\t\t<h1 style=\"text-align: center;\" data-start=\"64\" data-end=\"99\">Trocad\u00e9ro : une vue \u00e0 couper le souffle sur la Tour Eiffel<\/h1>\r\n\u00c0 <a href=\"https:\/\/cparici.com\/paris\/\">Paris<\/a>, il existe un lieu o\u00f9 l\u2019histoire, l\u2019architecture et la beaut\u00e9 visuelle se rencontrent pour offrir un panorama unique au monde : le <strong data-start=\"438\" data-end=\"451\">Trocad\u00e9ro<\/strong>. Situ\u00e9 sur la rive droite de la Seine, en face de la Tour Eiffel, ce site embl\u00e9matique est \u00e0 la fois un carrefour culturel, un jardin spectaculaire et un point de vue incontournable. C\u2019est ici que des millions de visiteurs s\u2019arr\u00eatent chaque ann\u00e9e pour admirer la Dame de Fer dans toute sa splendeur, capturant des clich\u00e9s iconiques qui font le tour du monde. En plus d\u2019\u00eatre un lieu charg\u00e9 d\u2019histoire, le Trocad\u00e9ro est \u00e9galement une invitation \u00e0 explorer les tr\u00e9sors <strong data-start=\"918\" data-end=\"929\">de la <a href=\"https:\/\/cparici.com\/visiter-la-france-guide-des-regions-et-sites-touristiques\/\">France<\/a><\/strong>, depuis ses mus\u00e9es de renomm\u00e9e jusqu\u2019\u00e0 ses promenades bucoliques.\r\n<h2 data-start=\"64\" data-end=\"99\">Histoire fascinante du Trocad\u00e9ro<\/h2>\r\n<p data-start=\"101\" data-end=\"658\">Le <strong data-start=\"104\" data-end=\"117\">Trocad\u00e9ro<\/strong> n\u2019est pas seulement un point de vue spectaculaire sur la <a href=\"https:\/\/cparici.com\/tour-eiffel\/\">Tour Eiffel<\/a> : c\u2019est un site historique profond\u00e9ment enracin\u00e9 dans la m\u00e9moire nationale fran\u00e7aise. Son nom provient de la <strong data-start=\"296\" data-end=\"321\">bataille du Trocad\u00e9ro<\/strong> en 1823, lorsque les troupes fran\u00e7aises, envoy\u00e9es par le roi Louis XVIII, prirent la forteresse espagnole du Trocad\u00e9ro (pr\u00e8s de Cadix) pour r\u00e9tablir Ferdinand VII sur le tr\u00f4ne. Ce succ\u00e8s militaire inspira le nom de la place actuelle \u00e0 Paris, en l\u2019honneur de cette victoire per\u00e7ue comme un symbole de puissance diplomatique et militaire.<\/p>\r\n\r\n<h3 data-start=\"665\" data-end=\"703\">Le Palais du Trocad\u00e9ro (1878\u20131936)<\/h3>\r\n<p data-start=\"705\" data-end=\"1296\">Construit pour l\u2019<strong data-start=\"722\" data-end=\"756\">Exposition universelle de 1878<\/strong>, le premier <strong data-start=\"769\" data-end=\"792\">Palais du Trocad\u00e9ro<\/strong> \u00e9tait un b\u00e2timent spectaculaire de style n\u00e9o-mauresque et byzantin, imagin\u00e9 par l\u2019architecte Gabriel Davioud. Il comprenait une immense salle de concert, des galeries d\u2019exposition et une terrasse offrant une vue d\u00e9gag\u00e9e sur la Tour Eiffel (qui ne sera \u00e9rig\u00e9e que dix ans plus tard). Ce palais a marqu\u00e9 un tournant dans l\u2019histoire architecturale de Paris par son ambition esth\u00e9tique\u2026 mais il fut largement critiqu\u00e9 pour son style jug\u00e9 <strong data-start=\"1227\" data-end=\"1242\">trop charg\u00e9<\/strong> et peu en harmonie avec le reste du paysage parisien.<\/p>\r\n\r\n<h3 data-start=\"1303\" data-end=\"1342\">Le Palais de Chaillot (depuis 1937)<\/h3>\r\n<p data-start=\"1344\" data-end=\"1757\">Lors de l\u2019<strong data-start=\"1354\" data-end=\"1388\">Exposition universelle de 1937<\/strong>, le palais d\u2019origine est en grande partie d\u00e9truit et remplac\u00e9 par l\u2019actuel <strong data-start=\"1464\" data-end=\"1486\">Palais de Chaillot<\/strong>. Ce nouvel \u00e9difice adopte un style plus \u00e9pur\u00e9, moderne et monumental, con\u00e7u par les architectes Carlu, Boileau et Az\u00e9ma. Il se compose de deux ailes incurv\u00e9es qui encadrent une vaste esplanade : une ouverture volontaire sur le <strong data-start=\"1714\" data-end=\"1734\">paysage parisien<\/strong> et sur la Tour Eiffel.<\/p>\r\n<p data-start=\"1759\" data-end=\"2146\">C\u2019est dans ce cadre que fut adopt\u00e9e, en 1948, la <strong data-start=\"1808\" data-end=\"1857\">D\u00e9claration universelle des droits de l\u2019Homme<\/strong>, donnant \u00e0 ce lieu une port\u00e9e symbolique internationale. Depuis, cette esplanade est connue sous le nom <strong data-start=\"1962\" data-end=\"1997\">Esplanade des Droits de l\u2019Homme<\/strong>. Le site incarne ainsi une double identit\u00e9 : celle d\u2019un lieu de contemplation esth\u00e9tique et celle d\u2019un haut-lieu de m\u00e9moire historique et politique.<\/p>\r\n<p data-start=\"1759\" data-end=\"2146\"><a href=\"https:\/\/cparici.com\/wp-content\/uploads\/2025\/08\/cparici-2025-08-15T070236.170.jpg\"><img decoding=\"async\" class=\"aligncenter wp-image-69189 size-full\" src=\"https:\/\/cparici.com\/wp-content\/uploads\/2025\/08\/cparici-2025-08-15T070236.170.jpg\" alt=\"Trocad\u00e9ro vue du ciel\" width=\"1500\" height=\"530\" srcset=\"https:\/\/cparici.com\/wp-content\/uploads\/2025\/08\/cparici-2025-08-15T070236.170.jpg 1500w, https:\/\/cparici.com\/wp-content\/uploads\/2025\/08\/cparici-2025-08-15T070236.170-300x106.jpg 300w, https:\/\/cparici.com\/wp-content\/uploads\/2025\/08\/cparici-2025-08-15T070236.170-1024x362.jpg 1024w, https:\/\/cparici.com\/wp-content\/uploads\/2025\/08\/cparici-2025-08-15T070236.170-768x271.jpg 768w, https:\/\/cparici.com\/wp-content\/uploads\/2025\/08\/cparici-2025-08-15T070236.170-18x6.jpg 18w, https:\/\/cparici.com\/wp-content\/uploads\/2025\/08\/cparici-2025-08-15T070236.170-590x208.jpg 590w, https:\/\/cparici.com\/wp-content\/uploads\/2025\/08\/cparici-2025-08-15T070236.170-1200x424.jpg 1200w, https:\/\/cparici.com\/wp-content\/uploads\/2025\/08\/cparici-2025-08-15T070236.170-577x204.jpg 577w, https:\/\/cparici.com\/wp-content\/uploads\/2025\/08\/cparici-2025-08-15T070236.170-600x212.jpg 600w\" sizes=\"(max-width: 1500px) 100vw, 1500px\" \/><\/a><\/p>\r\n\r\n<h2 data-start=\"86\" data-end=\"148\">Les jardins du Trocad\u00e9ro, poumons verts de l\u2019ouest parisien<\/h2>\r\n<p data-start=\"150\" data-end=\"696\">Face \u00e0 la Tour Eiffel, au c\u0153ur du 16e arrondissement, s\u2019\u00e9tendent les majestueux <strong data-start=\"230\" data-end=\"254\">jardins du Trocad\u00e9ro<\/strong>. Cr\u00e9\u00e9s \u00e0 l\u2019occasion de l\u2019<strong data-start=\"280\" data-end=\"314\">Exposition universelle de 1937<\/strong>, ces jardins ont \u00e9t\u00e9 dessin\u00e9s dans un style paysager m\u00ealant sym\u00e9trie classique et influences modernistes. Ils s\u2019\u00e9tendent sur pr\u00e8s de <strong data-start=\"448\" data-end=\"461\">94 000 m\u00b2<\/strong>, formant une large perspective qui relie le <strong data-start=\"506\" data-end=\"528\">Palais de Chaillot<\/strong> \u00e0 la Seine. Ces espaces verts sont devenus un lieu privil\u00e9gi\u00e9 de promenade, de contemplation et de d\u00e9tente pour les Parisiens comme pour les visiteurs du monde entier.<\/p>\r\n<p data-start=\"698\" data-end=\"1211\">Les jardins sont structur\u00e9s autour d\u2019une vaste esplanade, jalonn\u00e9e de sculptures et de plantations soigneusement entretenues. On y d\u00e9couvre une diversit\u00e9 botanique, des parterres fleuris, des pelouses accessibles au public, et une s\u00e9rie de <strong data-start=\"938\" data-end=\"957\">bancs en pierre<\/strong> qui invitent \u00e0 la pause. Le jardin descend en pente douce jusqu\u2019\u00e0 la rivi\u00e8re, cr\u00e9ant une harmonie naturelle entre la pierre, l\u2019eau et la v\u00e9g\u00e9tation. Ce sont de v\u00e9ritables <strong data-start=\"1129\" data-end=\"1146\">poumons verts<\/strong> dans un quartier haussmannien au patrimoine architectural dense.<\/p>\r\n\r\n<h3 data-start=\"1218\" data-end=\"1245\">La Fontaine de Varsovie<\/h3>\r\n<p data-start=\"1247\" data-end=\"1667\">Au c\u0153ur de cet ensemble se trouve la spectaculaire <strong data-start=\"1298\" data-end=\"1322\">Fontaine de Varsovie<\/strong>, con\u00e7ue \u00e9galement pour l\u2019Exposition de 1937. Elle est compos\u00e9e de plusieurs bassins successifs orn\u00e9s de <strong data-start=\"1427\" data-end=\"1444\">56 jets d\u2019eau<\/strong>, pouvant projeter l\u2019eau \u00e0 plus de 12 m\u00e8tres de haut. Cette structure hydraulique monumentale cr\u00e9e un v\u00e9ritable spectacle aquatique, surtout en \u00e9t\u00e9, lorsque les jeux d\u2019eau sont accompagn\u00e9s de <strong data-start=\"1636\" data-end=\"1666\">mises en lumi\u00e8re nocturnes<\/strong>.<\/p>\r\n<p data-start=\"1669\" data-end=\"2047\">De part et d\u2019autre de la fontaine, on trouve des sculptures all\u00e9goriques dor\u00e9es, r\u00e9alis\u00e9es par des artistes majeurs du XXe si\u00e8cle. Parmi elles, figurent \u00ab <em data-start=\"1824\" data-end=\"1833\">L\u2019homme<\/em> \u00bb et \u00ab <em data-start=\"1841\" data-end=\"1851\">La femme<\/em> \u00bb de Pierre Traverse, qui incarnent une vision id\u00e9alis\u00e9e du corps humain dans un style \u00e9pur\u00e9. Ces \u0153uvres ajoutent une <strong data-start=\"1970\" data-end=\"1994\">dimension artistique<\/strong> \u00e0 un espace d\u00e9j\u00e0 hautement symbolique et esth\u00e9tique.<\/p>\r\n<p data-start=\"2049\" data-end=\"2298\">La <strong data-start=\"2052\" data-end=\"2076\">Fontaine de Varsovie<\/strong> est aujourd\u2019hui l\u2019un des \u00e9l\u00e9ments les plus photographi\u00e9s du site, au m\u00eame titre que la Tour Eiffel en arri\u00e8re-plan. Elle offre un spectacle apaisant et majestueux, surtout lorsqu\u2019elle est illumin\u00e9e \u00e0 la tomb\u00e9e de la nuit.<\/p>\r\n<p data-start=\"2049\" data-end=\"2298\"><a href=\"https:\/\/cparici.com\/wp-content\/uploads\/2025\/08\/cparici-2025-08-15T070535.425.jpg\"><img decoding=\"async\" class=\"aligncenter wp-image-69190 size-full\" src=\"https:\/\/cparici.com\/wp-content\/uploads\/2025\/08\/cparici-2025-08-15T070535.425.jpg\" alt=\"Jardins du Trocad\u00e9ro\" width=\"1500\" height=\"530\" srcset=\"https:\/\/cparici.com\/wp-content\/uploads\/2025\/08\/cparici-2025-08-15T070535.425.jpg 1500w, https:\/\/cparici.com\/wp-content\/uploads\/2025\/08\/cparici-2025-08-15T070535.425-300x106.jpg 300w, https:\/\/cparici.com\/wp-content\/uploads\/2025\/08\/cparici-2025-08-15T070535.425-1024x362.jpg 1024w, https:\/\/cparici.com\/wp-content\/uploads\/2025\/08\/cparici-2025-08-15T070535.425-768x271.jpg 768w, https:\/\/cparici.com\/wp-content\/uploads\/2025\/08\/cparici-2025-08-15T070535.425-18x6.jpg 18w, https:\/\/cparici.com\/wp-content\/uploads\/2025\/08\/cparici-2025-08-15T070535.425-590x208.jpg 590w, https:\/\/cparici.com\/wp-content\/uploads\/2025\/08\/cparici-2025-08-15T070535.425-1200x424.jpg 1200w, https:\/\/cparici.com\/wp-content\/uploads\/2025\/08\/cparici-2025-08-15T070535.425-577x204.jpg 577w, https:\/\/cparici.com\/wp-content\/uploads\/2025\/08\/cparici-2025-08-15T070535.425-600x212.jpg 600w\" sizes=\"(max-width: 1500px) 100vw, 1500px\" \/><\/a><\/p>\r\n\r\n<h2 data-start=\"106\" data-end=\"144\">Esplanade du Trocad\u00e9ro, une vue in\u00e9gal\u00e9e sur la Tour Eiffel<\/h2>\r\n<p data-start=\"146\" data-end=\"637\">Le <strong data-start=\"149\" data-end=\"162\">Trocad\u00e9ro<\/strong> est c\u00e9l\u00e8bre dans le monde entier pour offrir la <strong data-start=\"211\" data-end=\"240\">meilleure vue panoramique<\/strong> sur la Tour Eiffel. Situ\u00e9 en surplomb sur l\u2019esplanade du Palais de Chaillot, ce point de vue donne l\u2019illusion que la Dame de Fer s\u2019\u00e9l\u00e8ve depuis un \u00e9crin de verdure, avec les jardins et la Fontaine de Varsovie \u00e0 ses pieds. C\u2019est un cadre architectural et naturel d\u2019une <strong data-start=\"509\" data-end=\"545\">harmonie visuelle exceptionnelle<\/strong>, qui attire chaque jour des milliers de visiteurs, photographes, vid\u00e9astes et influenceurs.<\/p>\r\n<p data-start=\"639\" data-end=\"914\">L\u2019alignement parfait entre l\u2019esplanade, les fontaines et la tour cr\u00e9e un <strong data-start=\"712\" data-end=\"742\">effet de profondeur unique<\/strong> qui magnifie les dimensions de la Tour Eiffel. Qu\u2019il fasse grand soleil ou que le ciel soit voil\u00e9, la lumi\u00e8re naturelle y joue un r\u00f4le essentiel pour sublimer les clich\u00e9s.<\/p>\r\n\r\n<h3 data-start=\"921\" data-end=\"962\">Meilleurs moments pour admirer la vue<\/h3>\r\n<p data-start=\"964\" data-end=\"1399\">Pour profiter pleinement de la <strong data-start=\"995\" data-end=\"1041\">vue sur la Tour Eiffel depuis le Trocad\u00e9ro<\/strong>, il est fortement recommand\u00e9 de s\u2019y rendre au lever du soleil, entre 6 h 30 et 8 h 30. \u00c0 cette heure-l\u00e0, la lumi\u00e8re douce et dor\u00e9e illumine la fa\u00e7ade est de la tour, cr\u00e9ant des <strong data-start=\"1219\" data-end=\"1239\">reflets magiques<\/strong> sur l\u2019eau des fontaines. De plus, la foule est g\u00e9n\u00e9ralement absente, ce qui permet de savourer la qui\u00e9tude du lieu et de r\u00e9aliser des photos sans perturbation.<\/p>\r\n<p data-start=\"1401\" data-end=\"1648\">\u00c0 la tomb\u00e9e de la nuit, l\u2019exp\u00e9rience est tout aussi saisissante. Les jeux de lumi\u00e8re de la fontaine, combin\u00e9s \u00e0 l\u2019illumination de la Tour Eiffel, cr\u00e9ent une <strong data-start=\"1558\" data-end=\"1579\">ambiance f\u00e9erique<\/strong>, id\u00e9ale pour une promenade romantique ou un moment de contemplation.<\/p>\r\n\r\n<h3 data-start=\"1655\" data-end=\"1690\">Photographie et r\u00e9seaux sociaux<\/h3>\r\n<p data-start=\"1692\" data-end=\"2181\">Le <strong data-start=\"1695\" data-end=\"1708\">Trocad\u00e9ro<\/strong> est sans conteste l\u2019un des endroits les plus photographi\u00e9s de Paris, et figure parmi les lieux les plus tagu\u00e9s sur Instagram en lien avec la Tour Eiffel. Les influenceurs et cr\u00e9ateurs de contenu du monde entier y organisent des s\u00e9ances photo, des vid\u00e9os ou des shootings professionnels. La structure ouverte de l\u2019esplanade permet de varier les angles de prise de vue : face \u00e0 la tour, de biais, ou encore depuis les escaliers lat\u00e9raux pour un effet de profondeur renforc\u00e9.<\/p>\r\n<p data-start=\"2183\" data-end=\"2509\">Les hashtags comme <strong data-start=\"2202\" data-end=\"2216\">#Trocad\u00e9ro<\/strong>, <strong data-start=\"2218\" data-end=\"2233\">#EiffelView<\/strong>, ou <strong data-start=\"2238\" data-end=\"2257\">#ParisViewpoint<\/strong> sont omnipr\u00e9sents sur les r\u00e9seaux sociaux, t\u00e9moignant de la <strong data-start=\"2318\" data-end=\"2340\">puissance visuelle<\/strong> de ce spot. Que ce soit pour des photos de mariage, de mode, ou des portraits de voyageurs, le Trocad\u00e9ro reste <strong data-start=\"2452\" data-end=\"2470\">le cadre id\u00e9al<\/strong> pour immortaliser son passage \u00e0 Paris.<\/p>\r\n\r\n<h2 data-start=\"94\" data-end=\"136\">Culture et mus\u00e9es du Palais de Chaillot<\/h2>\r\n<p data-start=\"138\" data-end=\"611\">Le <strong data-start=\"141\" data-end=\"154\">Trocad\u00e9ro<\/strong> ne se r\u00e9sume pas \u00e0 son panorama : il est aussi un haut lieu de <strong data-start=\"218\" data-end=\"229\">culture<\/strong> et d\u2019<strong data-start=\"235\" data-end=\"255\">histoire vivante<\/strong>. Depuis 1937, le <strong data-start=\"273\" data-end=\"295\">Palais de Chaillot<\/strong> abrite plusieurs institutions culturelles majeures qui font de cet espace un v\u00e9ritable centre mus\u00e9al en plein c\u0153ur de Paris. En visitant ces mus\u00e9es, on prolonge l\u2019exp\u00e9rience visuelle par une <strong data-start=\"487\" data-end=\"527\">plong\u00e9e intellectuelle et artistique<\/strong> dans l\u2019histoire de l\u2019humanit\u00e9, de l\u2019architecture, de la mer et du spectacle vivant.<\/p>\r\n\r\n<h3 data-start=\"618\" data-end=\"638\">Mus\u00e9e de l\u2019Homme<\/h3>\r\n<p data-start=\"640\" data-end=\"1058\">Install\u00e9 dans l\u2019aile Passy du palais, le <strong data-start=\"681\" data-end=\"701\">Mus\u00e9e de l\u2019Homme<\/strong> est l\u2019un des plus importants mus\u00e9es d\u2019anthropologie en Europe. Il retrace l\u2019\u00e9volution biologique, culturelle et sociale de l\u2019Homo sapiens \u00e0 travers une sc\u00e9nographie moderne et interactive. Cr\u00e2nes fossiles, outils pr\u00e9historiques, reconstitutions d\u2019environnements anciens, mais aussi questionnements contemporains sur l\u2019avenir de notre esp\u00e8ce y sont abord\u00e9s.<\/p>\r\n<p data-start=\"1060\" data-end=\"1356\">Le mot <strong data-start=\"1071\" data-end=\"1084\">Trocad\u00e9ro<\/strong> revient souvent dans les brochures du mus\u00e9e, car l\u2019histoire du site est \u00e9troitement li\u00e9e \u00e0 la valorisation du patrimoine scientifique et humain. Le mus\u00e9e propose \u00e9galement des expositions temporaires, des conf\u00e9rences et des ateliers p\u00e9dagogiques tr\u00e8s appr\u00e9ci\u00e9s du public.<\/p>\r\n\r\n<h3 data-start=\"1363\" data-end=\"1394\">Mus\u00e9e national de la Marine<\/h3>\r\n<p data-start=\"1396\" data-end=\"1719\">R\u00e9nov\u00e9 r\u00e9cemment, le <strong data-start=\"1417\" data-end=\"1448\">Mus\u00e9e national de la Marine<\/strong> se situe dans l\u2019aile droite du palais (aile de Paris). Il pr\u00e9sente l\u2019histoire maritime de la France \u00e0 travers une <strong data-start=\"1563\" data-end=\"1584\">collection unique<\/strong> de maquettes de navires, instruments de navigation, tableaux de batailles navales, uniformes, et objets issus des grandes exp\u00e9ditions.<\/p>\r\n<p data-start=\"1721\" data-end=\"2086\">C\u2019est un lieu \u00e0 visiter absolument pour tous les passionn\u00e9s de mer, de voyages et d\u2019aventures. Le mus\u00e9e met \u00e9galement en lumi\u00e8re la <strong data-start=\"1853\" data-end=\"1903\">relation profonde entre la France et ses ports<\/strong>, ses d\u00e9couvertes coloniales et ses enjeux g\u00e9opolitiques maritimes. Il compl\u00e8te parfaitement l\u2019offre culturelle du <strong data-start=\"2018\" data-end=\"2031\">Trocad\u00e9ro<\/strong>, tout en enrichissant la dimension historique du site.<\/p>\r\n\r\n<h3 data-start=\"2093\" data-end=\"2136\">Cit\u00e9 de l\u2019architecture et du patrimoine<\/h3>\r\n<p data-start=\"2138\" data-end=\"2537\">V\u00e9ritable tr\u00e9sor cach\u00e9 du <strong data-start=\"2164\" data-end=\"2186\">Palais de Chaillot<\/strong>, la <strong data-start=\"2191\" data-end=\"2234\">Cit\u00e9 de l\u2019architecture et du patrimoine<\/strong> est un mus\u00e9e unique en son genre, consacr\u00e9 \u00e0 l\u2019architecture fran\u00e7aise du Moyen \u00c2ge \u00e0 nos jours. On y trouve des reproductions grandeur nature de portails d\u2019\u00e9glises romanes, des moulages de sculptures gothiques, des maquettes de b\u00e2timents embl\u00e9matiques, et une section d\u00e9di\u00e9e \u00e0 l\u2019urbanisme contemporain.<\/p>\r\n<p data-start=\"2539\" data-end=\"2855\">La cit\u00e9 offre une <strong data-start=\"2557\" data-end=\"2581\">exp\u00e9rience immersive<\/strong>, tr\u00e8s appr\u00e9ci\u00e9e des \u00e9tudiants en architecture, des historiens d\u2019art et du grand public curieux. Sa mission est aussi p\u00e9dagogique : expositions, conf\u00e9rences et ressources num\u00e9riques permettent de mieux comprendre l\u2019\u00e9volution des formes architecturales \u00e0 travers les si\u00e8cles.<\/p>\r\n\r\n<h3 data-start=\"2862\" data-end=\"2894\">Th\u00e9\u00e2tre national de Chaillot<\/h3>\r\n<p data-start=\"2896\" data-end=\"3246\">Le <strong data-start=\"2899\" data-end=\"2931\">Th\u00e9\u00e2tre national de Chaillot<\/strong>, aussi appel\u00e9 Chaillot \u2013 Th\u00e9\u00e2tre national de la Danse, est une institution historique qui fut dirig\u00e9e par Jean Vilar, p\u00e8re du th\u00e9\u00e2tre populaire. Aujourd\u2019hui, il est l\u2019un des lieux phares de la cr\u00e9ation chor\u00e9graphique contemporaine \u00e0 Paris. La programmation allie danse, th\u00e9\u00e2tre, performances et cr\u00e9ations hybrides.<\/p>\r\n\r\n<h2 data-start=\"90\" data-end=\"136\">Une promenade dans le quartier du Trocad\u00e9ro<\/h2>\r\n<p data-start=\"138\" data-end=\"667\">Le <strong data-start=\"141\" data-end=\"154\">Trocad\u00e9ro<\/strong> ne se limite pas \u00e0 son esplanade monumentale et \u00e0 ses mus\u00e9es : c\u2019est aussi un quartier vivant, \u00e9l\u00e9gant et agr\u00e9able \u00e0 parcourir. Situ\u00e9 dans le 16e arrondissement, ce secteur de Paris offre un m\u00e9lange raffin\u00e9 d\u2019<strong data-start=\"364\" data-end=\"395\">architecture haussmannienne<\/strong>, de petites places arbor\u00e9es, de boutiques chic, de caf\u00e9s tranquilles et d\u2019adresses culturelles confidentielles. Une promenade dans ce quartier permet de ressentir l\u2019esprit d\u2019un <strong data-start=\"573\" data-end=\"612\">Paris plus r\u00e9sidentiel et bourgeois<\/strong>, tout en restant \u00e0 deux pas des plus grands monuments.<\/p>\r\n\r\n<h3 data-start=\"674\" data-end=\"732\">Quartiers environnants : Passy, Champ-de-Mars et Seine<\/h3>\r\n<p data-start=\"734\" data-end=\"1221\">En descendant les jardins du <strong data-start=\"763\" data-end=\"776\">Trocad\u00e9ro<\/strong>, on traverse la Seine par le pont d\u2019I\u00e9na pour rejoindre le <strong data-start=\"836\" data-end=\"853\">Champ-de-Mars<\/strong>, vaste parc au pied de la Tour Eiffel. Cette balade est l\u2019une des plus embl\u00e9matiques de la capitale, offrant une perspective invers\u00e9e sur le Palais de Chaillot. De l\u2019autre c\u00f4t\u00e9, vers l\u2019ouest, on entre dans le quartier <strong data-start=\"1072\" data-end=\"1081\">Passy<\/strong>, ancien village rattach\u00e9 \u00e0 Paris en 1860, r\u00e9put\u00e9 pour ses ruelles discr\u00e8tes, ses maisons d\u2019\u00e9poque et son ambiance de village dans la ville.<\/p>\r\n<p data-start=\"1223\" data-end=\"1511\">Ce parcours autour du Trocad\u00e9ro permet de relier plusieurs hauts-lieux de la culture parisienne, tout en d\u00e9couvrant des lieux plus confidentiels : mus\u00e9es discrets (comme le mus\u00e9e Marmottan Monet), <strong data-start=\"1420\" data-end=\"1444\">librairies anciennes<\/strong>, <strong data-start=\"1446\" data-end=\"1473\">boutiques d\u2019antiquaires<\/strong> ou <strong data-start=\"1477\" data-end=\"1510\">passages pi\u00e9tons pittoresques<\/strong>.<\/p>\r\n\r\n<h3 data-start=\"1518\" data-end=\"1561\">Caf\u00e9s, restaurants et rooftops avec vue<\/h3>\r\n<p data-start=\"1563\" data-end=\"1817\">Le <strong data-start=\"1566\" data-end=\"1591\">quartier du Trocad\u00e9ro<\/strong> abrite \u00e9galement une s\u00e9lection raffin\u00e9e de <strong data-start=\"1635\" data-end=\"1665\">restaurants gastronomiques<\/strong>, de <strong data-start=\"1670\" data-end=\"1689\">caf\u00e9s parisiens<\/strong> et de <strong data-start=\"1696\" data-end=\"1718\">bars avec terrasse<\/strong> qui offrent souvent une vue spectaculaire sur la Tour Eiffel. Parmi les adresses incontournables :<\/p>\r\n\r\n<ul data-start=\"1819\" data-end=\"2386\">\r\n \t<li data-start=\"1819\" data-end=\"1966\">\r\n<p data-start=\"1821\" data-end=\"1966\"><strong data-start=\"1821\" data-end=\"1838\">Monsieur Bleu<\/strong> : install\u00e9 directement au Palais de Tokyo, ce restaurant au design Art d\u00e9co offre une terrasse somptueuse et une carte moderne.<\/p>\r\n<\/li>\r\n \t<li data-start=\"1967\" data-end=\"2091\">\r\n<p data-start=\"1969\" data-end=\"2091\"><strong data-start=\"1969\" data-end=\"1982\">Substance<\/strong> : une table \u00e9toil\u00e9e \u00e0 deux pas du Trocad\u00e9ro, parfaite pour un d\u00eener sophistiqu\u00e9 apr\u00e8s une visite culturelle.<\/p>\r\n<\/li>\r\n \t<li data-start=\"2092\" data-end=\"2245\">\r\n<p data-start=\"2094\" data-end=\"2245\"><strong data-start=\"2094\" data-end=\"2113\">Caf\u00e9 de l\u2019Homme<\/strong> : situ\u00e9 dans le Palais de Chaillot, il propose une exp\u00e9rience culinaire haut de gamme avec l\u2019une des <strong data-start=\"2215\" data-end=\"2244\">plus belles vues de Paris<\/strong>.<\/p>\r\n<\/li>\r\n \t<li data-start=\"2246\" data-end=\"2386\">\r\n<p data-start=\"2248\" data-end=\"2386\"><strong data-start=\"2248\" data-end=\"2291\">Bar rooftop de l\u2019h\u00f4tel Hilton Trocad\u00e9ro<\/strong> : id\u00e9al pour un verre en fin de journ\u00e9e, avec une vue imprenable sur la Tour Eiffel illumin\u00e9e.<\/p>\r\n<\/li>\r\n<\/ul>\r\n<p data-start=\"2388\" data-end=\"2555\">Cette dimension gastronomique et contemplative ajoute \u00e0 l\u2019attrait du <strong data-start=\"2457\" data-end=\"2470\">Trocad\u00e9ro<\/strong>, en faisant un lieu \u00e0 visiter autant pour ses mus\u00e9es que pour ses plaisirs de table.<\/p>\r\n\r\n<h2 data-start=\"95\" data-end=\"142\">Conseils pratiques pour visiter l\u2019esplanade du Trocad\u00e9ro<\/h2>\r\n<p data-start=\"144\" data-end=\"478\">Pour profiter pleinement de votre exp\u00e9rience au <strong data-start=\"192\" data-end=\"205\">Trocad\u00e9ro<\/strong>, il est important de bien planifier votre visite. Entre ses mus\u00e9es, ses jardins, sa fontaine et ses points de vue spectaculaires, ce site embl\u00e9matique de Paris m\u00e9rite plus qu\u2019un simple d\u00e9tour : il se savoure, se contemple et se d\u00e9couvre \u00e0 diff\u00e9rents moments de la journ\u00e9e.<\/p>\r\n\r\n<h3 data-start=\"485\" data-end=\"507\">Acc\u00e8s a l\u2019esplanade du Trocad\u00e9ro<\/h3>\r\n<p data-start=\"509\" data-end=\"874\">Le <strong data-start=\"512\" data-end=\"525\">Trocad\u00e9ro<\/strong> est l\u2019un des sites les plus accessibles de Paris. Il est desservi par la station <strong data-start=\"607\" data-end=\"620\">Trocad\u00e9ro<\/strong> (lignes 6 et 9 du m\u00e9tro), avec une sortie qui d\u00e9bouche directement sur l\u2019esplanade. Pour ceux qui pr\u00e9f\u00e8rent marcher, plusieurs itin\u00e9raires sont possibles depuis la <strong data-start=\"785\" data-end=\"800\">Tour Eiffel<\/strong>, <strong data-start=\"802\" data-end=\"811\">Passy<\/strong>, ou m\u00eame depuis les <strong data-start=\"832\" data-end=\"850\">Champs-\u00c9lys\u00e9es<\/strong> via les quais de Seine.<\/p>\r\n<p data-start=\"876\" data-end=\"1068\">Des lignes de bus (22, 30, 32, 63, 72, 82) desservent \u00e9galement la zone, tout comme les bateaux de croisi\u00e8re fluviale (Batobus) qui s\u2019arr\u00eatent au port de la Bourdonnais, \u00e0 proximit\u00e9 imm\u00e9diate.<\/p>\r\n\r\n<h3 data-start=\"1075\" data-end=\"1099\">Horaires recommand\u00e9s<\/h3>\r\n<p data-start=\"1101\" data-end=\"1224\">Le site du <strong data-start=\"1112\" data-end=\"1125\">Trocad\u00e9ro<\/strong> est <strong data-start=\"1130\" data-end=\"1152\">accessible 24 h\/24<\/strong>, mais certaines exp\u00e9riences sont meilleures \u00e0 des moments sp\u00e9cifiques :<\/p>\r\n\r\n<ul data-start=\"1225\" data-end=\"1646\">\r\n \t<li data-start=\"1225\" data-end=\"1341\">\r\n<p data-start=\"1227\" data-end=\"1341\"><strong data-start=\"1227\" data-end=\"1243\">T\u00f4t le matin<\/strong> (entre 6 h 30 et 8 h 30) : pour \u00e9viter la foule et b\u00e9n\u00e9ficier d\u2019une lumi\u00e8re dor\u00e9e exceptionnelle.<\/p>\r\n<\/li>\r\n \t<li data-start=\"1342\" data-end=\"1511\">\r\n<p data-start=\"1344\" data-end=\"1511\"><strong data-start=\"1344\" data-end=\"1357\">En soir\u00e9e<\/strong> : lorsque la Tour Eiffel s\u2019illumine (\u00e0 chaque heure pile apr\u00e8s la tomb\u00e9e de la nuit), le spectacle devient magique, surtout depuis l\u2019esplanade du palais.<\/p>\r\n<\/li>\r\n \t<li data-start=\"1512\" data-end=\"1646\">\r\n<p data-start=\"1514\" data-end=\"1646\"><strong data-start=\"1514\" data-end=\"1536\">Pendant la semaine<\/strong> : les week-ends sont tr\u00e8s fr\u00e9quent\u00e9s, mieux vaut privil\u00e9gier une visite en semaine pour plus de tranquillit\u00e9.<\/p>\r\n<\/li>\r\n<\/ul>\r\n<h3 data-start=\"1653\" data-end=\"1684\">Esplanade du Trocad\u00e9ro, Entr\u00e9es, tarifs et gratuit\u00e9<\/h3>\r\n<ul data-start=\"1686\" data-end=\"2089\">\r\n \t<li data-start=\"1686\" data-end=\"1766\">\r\n<p data-start=\"1688\" data-end=\"1766\"><strong data-start=\"1688\" data-end=\"1766\">L\u2019acc\u00e8s aux jardins du Trocad\u00e9ro et \u00e0 l\u2019esplanade est enti\u00e8rement gratuit.<\/strong><\/p>\r\n<\/li>\r\n \t<li data-start=\"1767\" data-end=\"1949\">\r\n<p data-start=\"1769\" data-end=\"1949\">L\u2019entr\u00e9e aux <strong data-start=\"1782\" data-end=\"1792\">mus\u00e9es<\/strong> est payante, mais de nombreuses r\u00e9ductions existent pour les moins de 26 ans, les enseignants, ou encore certains jours (comme le <strong data-start=\"1923\" data-end=\"1947\">1er dimanche du mois<\/strong>).<\/p>\r\n<\/li>\r\n \t<li data-start=\"1950\" data-end=\"2089\">\r\n<p data-start=\"1952\" data-end=\"2089\">Il est conseill\u00e9 de <strong data-start=\"1972\" data-end=\"1995\">r\u00e9server \u00e0 l\u2019avance<\/strong> vos billets pour les mus\u00e9es du Palais de Chaillot, surtout pendant les p\u00e9riodes touristiques.<\/p>\r\n<\/li>\r\n<\/ul>\r\n<h3 data-start=\"2096\" data-end=\"2115\">Conseils utiles<\/h3>\r\n<ul data-start=\"2117\" data-end=\"2572\">\r\n \t<li data-start=\"2117\" data-end=\"2229\">\r\n<p data-start=\"2119\" data-end=\"2229\"><strong data-start=\"2119\" data-end=\"2152\">Pr\u00e9voyez de bonnes chaussures<\/strong> : le site comporte des escaliers, des zones pav\u00e9es et de longues promenades.<\/p>\r\n<\/li>\r\n \t<li data-start=\"2230\" data-end=\"2350\">\r\n<p data-start=\"2232\" data-end=\"2350\"><strong data-start=\"2232\" data-end=\"2253\">Pensez \u00e0 la m\u00e9t\u00e9o<\/strong> : en cas de pluie, les vues sont moins d\u00e9gag\u00e9es, mais les mus\u00e9es offrent un bon refuge culturel.<\/p>\r\n<\/li>\r\n \t<li data-start=\"2351\" data-end=\"2445\">\r\n<p data-start=\"2353\" data-end=\"2445\"><strong data-start=\"2353\" data-end=\"2385\">Apportez une bouteille d\u2019eau<\/strong> en \u00e9t\u00e9, car les fontaines sont d\u00e9coratives et non potables.<\/p>\r\n<\/li>\r\n \t<li data-start=\"2446\" data-end=\"2572\">\r\n<p data-start=\"2448\" data-end=\"2572\"><strong data-start=\"2448\" data-end=\"2482\">Gardez un \u0153il sur vos affaires<\/strong>, car certains lieux tr\u00e8s touristiques comme le Trocad\u00e9ro peuvent attirer les pickpockets.<\/p>\r\n<\/li>\r\n<\/ul>\r\n<h2><span class=\"relative -mx-px my-[-0.2rem] rounded px-px py-[0.2rem] transition-colors duration-100 ease-in-out\"><strong data-start=\"3\" data-end=\"24\">Caf\u00e9 du Trocad\u00e9ro<\/strong><\/span><\/h2>\r\n<p data-start=\"44\" data-end=\"197\"><span class=\"relative -mx-px my-[-0.2rem] rounded px-px py-[0.2rem] transition-colors duration-100 ease-in-out\">Le <strong data-start=\"3\" data-end=\"24\">Caf\u00e9 du Trocad\u00e9ro<\/strong>, nich\u00e9 \u00e0 <strong data-start=\"34\" data-end=\"76\">8 place du Trocad\u00e9ro et du 11 Novembre<\/strong> dans le <strong data-start=\"85\" data-end=\"107\">16e arrondissement<\/strong> de Paris, est une <strong data-start=\"126\" data-end=\"153\">brasserie contemporaine<\/strong> \u00e0 la fois \u00e9l\u00e9gante et embl\u00e9matique, avec une vue imprenable sur les <strong data-start=\"222\" data-end=\"246\">jardins du Trocad\u00e9ro<\/strong> et la <strong data-start=\"253\" data-end=\"268\" data-is-last-node=\"\">Tour Eiffel<\/strong><\/span>. <span class=\"relative -mx-px my-[-0.2rem] rounded px-px py-[0.2rem] transition-colors duration-100 ease-in-out\">Ouvert tous les jours de <strong data-start=\"25\" data-end=\"41\">7h00 \u00e0 02h00<\/strong>, il attire autant les <strong data-start=\"64\" data-end=\"74\">locaux<\/strong> que les <strong data-start=\"83\" data-end=\"112\">visiteurs du monde entier<\/strong>, s\u00e9duits par son <strong data-start=\"130\" data-end=\"147\">cadre raffin\u00e9<\/strong> et son ambiance chaleureuse<\/span>.<\/p>\r\n<p data-start=\"44\" data-end=\"197\"><a href=\"https:\/\/cparici.com\/wp-content\/uploads\/2025\/08\/cparici-2025-08-15T071155.314.jpg\"><img decoding=\"async\" class=\"aligncenter wp-image-69191 size-full\" src=\"https:\/\/cparici.com\/wp-content\/uploads\/2025\/08\/cparici-2025-08-15T071155.314.jpg\" alt=\"Caf\u00e9 du Trocad\u00e9ro\" width=\"1500\" height=\"530\" srcset=\"https:\/\/cparici.com\/wp-content\/uploads\/2025\/08\/cparici-2025-08-15T071155.314.jpg 1500w, https:\/\/cparici.com\/wp-content\/uploads\/2025\/08\/cparici-2025-08-15T071155.314-300x106.jpg 300w, https:\/\/cparici.com\/wp-content\/uploads\/2025\/08\/cparici-2025-08-15T071155.314-1024x362.jpg 1024w, https:\/\/cparici.com\/wp-content\/uploads\/2025\/08\/cparici-2025-08-15T071155.314-768x271.jpg 768w, https:\/\/cparici.com\/wp-content\/uploads\/2025\/08\/cparici-2025-08-15T071155.314-18x6.jpg 18w, https:\/\/cparici.com\/wp-content\/uploads\/2025\/08\/cparici-2025-08-15T071155.314-590x208.jpg 590w, https:\/\/cparici.com\/wp-content\/uploads\/2025\/08\/cparici-2025-08-15T071155.314-1200x424.jpg 1200w, https:\/\/cparici.com\/wp-content\/uploads\/2025\/08\/cparici-2025-08-15T071155.314-577x204.jpg 577w, https:\/\/cparici.com\/wp-content\/uploads\/2025\/08\/cparici-2025-08-15T071155.314-600x212.jpg 600w\" sizes=\"(max-width: 1500px) 100vw, 1500px\" \/><\/a><\/p>\r\n\r\n<h3 data-start=\"44\" data-end=\"197\"><span class=\"relative -mx-px my-[-0.2rem] rounded px-px py-[0.2rem] transition-colors duration-100 ease-in-out\"><strong data-start=\"3\" data-end=\"24\">Caf\u00e9 du Trocad\u00e9ro, le d\u00e9cor<\/strong><\/span><\/h3>\r\n<p data-start=\"199\" data-end=\"275\"><span class=\"relative -mx-px my-[-0.2rem] rounded px-px py-[0.2rem] transition-colors duration-100 ease-in-out\">Le d\u00e9cor du <strong data-start=\"12\" data-end=\"33\">Caf\u00e9 du Trocad\u00e9ro<\/strong>, repens\u00e9 par Maison Hand lors de sa r\u00e9ouverture en avril 2017, marie subtilement des touches <strong data-start=\"127\" data-end=\"139\">Art d\u00e9co<\/strong> et contemporaines. Les nuances de <strong data-start=\"174\" data-end=\"192\">beige et gr\u00e8ge<\/strong>, les banquettes textur\u00e9es, les miroirs d\u00e9licats et l\u2019\u00e9clairage soigneux cr\u00e9ent une atmosph\u00e8re douce et sophistiqu\u00e9e<\/span>.<\/p>\r\n<p data-start=\"277\" data-end=\"432\"><span class=\"relative -mx-px my-[-0.2rem] rounded px-px py-[0.2rem] transition-colors duration-100 ease-in-out\">La carte du caf\u00e9 propose une belle interpr\u00e9tation de la <strong data-start=\"56\" data-end=\"92\">cuisine fran\u00e7aise traditionnelle<\/strong>, renouvel\u00e9e avec modernit\u00e9. On y retrouve des classiques comme le <strong data-start=\"159\" data-end=\"176\">steak tartare<\/strong> ou l\u2019<strong data-start=\"182\" data-end=\"205\">entrec\u00f4te de Salers<\/strong>, ainsi que des plats du jour, sandwiches, croque-monsieur, dans un esprit accessible et gourmand<\/span>. <span class=\"relative -mx-px my-[-0.2rem] rounded px-px py-[0.2rem] transition-colors duration-100 ease-in-out\">La s\u00e9lection de <strong data-start=\"16\" data-end=\"34\">vins par verre<\/strong> est particuli\u00e8rement appr\u00e9ci\u00e9e, de m\u00eame que les cocktails pour une pause raffin\u00e9e face \u00e0 la Tour Eiffel<\/span>.<\/p>\r\n<p data-start=\"434\" data-end=\"514\"><span class=\"relative -mx-px my-[-0.2rem] rounded px-px py-[0.2rem] transition-colors duration-100 ease-in-out\">Install\u00e9e aux abords de la <strong data-start=\"27\" data-end=\"49\">Place du Trocad\u00e9ro<\/strong>, cette adresse constitue une v\u00e9ritable institution : une <strong data-start=\"107\" data-end=\"174\">adresse incontournable pour profiter de l\u2019art de vivre parisien<\/strong>, o\u00f9 service impeccable et panorama majestueux se conjuguent \u00e0 merveille<\/span>.<\/p>\r\n\r\n<h2 data-start=\"177\" data-end=\"205\">Foire aux questions (FAQ)<\/h2>\r\n<h3 data-start=\"207\" data-end=\"257\">O\u00f9 se trouve exactement le Trocad\u00e9ro \u00e0 Paris ?<\/h3>\r\n<p data-start=\"258\" data-end=\"490\">Le <strong data-start=\"261\" data-end=\"274\">Trocad\u00e9ro<\/strong> est situ\u00e9 dans le 16e arrondissement de Paris, face \u00e0 la Tour Eiffel, de l\u2019autre c\u00f4t\u00e9 de la Seine. Il est centr\u00e9 autour de la <strong data-start=\"401\" data-end=\"441\">Place du Trocad\u00e9ro-et-du-11-Novembre<\/strong>, entre les stations de m\u00e9tro Trocad\u00e9ro et Passy.<\/p>\r\n\r\n<h3 data-start=\"497\" data-end=\"539\">Pourquoi le Trocad\u00e9ro est-il c\u00e9l\u00e8bre ?<\/h3>\r\n<p data-start=\"540\" data-end=\"756\">Le <strong data-start=\"543\" data-end=\"556\">Trocad\u00e9ro<\/strong> est connu pour sa <strong data-start=\"575\" data-end=\"614\">vue embl\u00e9matique sur la Tour Eiffel<\/strong>, ses <strong data-start=\"620\" data-end=\"643\">jardins monumentaux<\/strong>, sa <strong data-start=\"648\" data-end=\"674\">fontaine spectaculaire<\/strong> et ses <strong data-start=\"682\" data-end=\"719\">institutions culturelles majeures<\/strong> abrit\u00e9es dans le Palais de Chaillot.<\/p>\r\n\r\n<h3 data-start=\"763\" data-end=\"790\">Que voir au Trocad\u00e9ro ?<\/h3>\r\n<p data-start=\"791\" data-end=\"1052\">Les visiteurs peuvent admirer la <strong data-start=\"824\" data-end=\"848\">Fontaine de Varsovie<\/strong>, visiter des mus\u00e9es comme le <strong data-start=\"878\" data-end=\"898\">Mus\u00e9e de l\u2019Homme<\/strong> ou la <strong data-start=\"905\" data-end=\"931\">Cit\u00e9 de l\u2019Architecture<\/strong>, se promener dans les <strong data-start=\"954\" data-end=\"978\">jardins du Trocad\u00e9ro<\/strong>, ou tout simplement profiter de la <strong data-start=\"1014\" data-end=\"1032\">vue imprenable<\/strong> sur la Tour Eiffel.<\/p>\r\n\r\n<h3 data-start=\"1059\" data-end=\"1107\">Quels mus\u00e9es visiter au Palais de Chaillot ?<\/h3>\r\n<p data-start=\"1108\" data-end=\"1145\">Le <strong data-start=\"1111\" data-end=\"1133\">Palais de Chaillot<\/strong> accueille :<\/p>\r\n\r\n<ul data-start=\"1146\" data-end=\"1295\">\r\n \t<li data-start=\"1146\" data-end=\"1171\">\r\n<p data-start=\"1148\" data-end=\"1171\">Le <strong data-start=\"1151\" data-end=\"1171\">Mus\u00e9e de l\u2019Homme<\/strong><\/p>\r\n<\/li>\r\n \t<li data-start=\"1172\" data-end=\"1208\">\r\n<p data-start=\"1174\" data-end=\"1208\">Le <strong data-start=\"1177\" data-end=\"1208\">Mus\u00e9e national de la Marine<\/strong><\/p>\r\n<\/li>\r\n \t<li data-start=\"1209\" data-end=\"1257\">\r\n<p data-start=\"1211\" data-end=\"1257\">La <strong data-start=\"1214\" data-end=\"1257\">Cit\u00e9 de l\u2019Architecture et du Patrimoine<\/strong><\/p>\r\n<\/li>\r\n \t<li data-start=\"1258\" data-end=\"1295\">\r\n<p data-start=\"1260\" data-end=\"1295\">Le <strong data-start=\"1263\" data-end=\"1295\">Th\u00e9\u00e2tre national de Chaillot<\/strong><\/p>\r\n<\/li>\r\n<\/ul>\r\n<h3 data-start=\"1302\" data-end=\"1345\">Comment acc\u00e9der au Trocad\u00e9ro en m\u00e9tro ?<\/h3>\r\n<p data-start=\"1346\" data-end=\"1534\">Le moyen le plus rapide est de prendre le <strong data-start=\"1388\" data-end=\"1410\">m\u00e9tro ligne 6 ou 9<\/strong> et de descendre \u00e0 la station <strong data-start=\"1440\" data-end=\"1453\">Trocad\u00e9ro<\/strong>, dont la sortie vous m\u00e8ne directement \u00e0 l\u2019esplanade avec vue sur la Tour Eiffel.<\/p>\r\n\r\n<h3 data-start=\"1541\" data-end=\"1604\">Quelle est la meilleure heure pour une photo au Trocad\u00e9ro ?<\/h3>\r\n<p data-start=\"1605\" data-end=\"1835\">Le <strong data-start=\"1608\" data-end=\"1627\">lever du soleil<\/strong> est le meilleur moment pour une s\u00e9ance photo au Trocad\u00e9ro. La lumi\u00e8re est douce, les contrastes parfaits, et l\u2019affluence quasi nulle. Le soir, l\u2019\u00e9clairage de la Tour Eiffel offre aussi un <strong data-start=\"1816\" data-end=\"1834\">cadre f\u00e9erique<\/strong>.<\/p>\r\n\r\n<h3 data-start=\"1842\" data-end=\"1899\">L\u2019entr\u00e9e aux jardins du Trocad\u00e9ro est-elle gratuite ?<\/h3>\r\n<p data-start=\"1900\" data-end=\"2039\">Oui, <strong data-start=\"1905\" data-end=\"1941\">l\u2019acc\u00e8s aux jardins du Trocad\u00e9ro<\/strong> est enti\u00e8rement <strong data-start=\"1958\" data-end=\"1969\">gratuit<\/strong>, tout comme l\u2019esplanade. Seules les visites des mus\u00e9es sont payantes.<\/p>\r\n\r\n<h3 data-start=\"2046\" data-end=\"2091\">Peut-on visiter la Fontaine de Varsovie ?<\/h3>\r\n<p data-start=\"2092\" data-end=\"2293\">La <strong data-start=\"2095\" data-end=\"2119\">Fontaine de Varsovie<\/strong> se situe en plein c\u0153ur des jardins du Trocad\u00e9ro. Elle ne se visite pas en tant que monument int\u00e9rieur, mais on peut l\u2019admirer librement depuis les all\u00e9es ou les balustrades.<\/p>\r\n\r\n<h3 data-start=\"2300\" data-end=\"2344\">Le Trocad\u00e9ro est-il adapt\u00e9 aux enfants ?<\/h3>\r\n<p data-start=\"2345\" data-end=\"2570\">Absolument. Le <strong data-start=\"2360\" data-end=\"2373\">Trocad\u00e9ro<\/strong> est un lieu familial : vastes espaces verts, fontaines spectaculaires, mus\u00e9es p\u00e9dagogiques, et m\u00eame l\u2019<strong data-start=\"2476\" data-end=\"2497\">aquarium de Paris<\/strong> situ\u00e9 dans les jardins, en font une destination id\u00e9ale pour les enfants.<\/p>\r\n\r\n<h2 data-start=\"198\" data-end=\"211\">Conclusion<\/h2>\r\n<p data-start=\"213\" data-end=\"748\">Le <strong data-start=\"216\" data-end=\"229\">Trocad\u00e9ro<\/strong> est bien plus qu\u2019un simple point de vue sur la Tour Eiffel : c\u2019est un concentr\u00e9 de l\u2019\u00e2me parisienne. Entre son <strong data-start=\"341\" data-end=\"364\">h\u00e9ritage historique<\/strong>, ses <strong data-start=\"370\" data-end=\"392\">jardins majestueux<\/strong>, ses <strong data-start=\"398\" data-end=\"421\">mus\u00e9es de r\u00e9f\u00e9rence<\/strong> et son <strong data-start=\"429\" data-end=\"459\">cadre architectural unique<\/strong>, il incarne \u00e0 la fois la m\u00e9moire, la culture et l\u2019\u00e9l\u00e9gance. Que l\u2019on y vienne pour admirer le lever du soleil, explorer ses institutions ou simplement fl\u00e2ner en terrasse avec une vue de r\u00eave, le <strong data-start=\"655\" data-end=\"668\">Trocad\u00e9ro<\/strong> offre une exp\u00e9rience compl\u00e8te, profond\u00e9ment enracin\u00e9e dans l\u2019histoire de Paris.<\/p>\r\n<p data-start=\"750\" data-end=\"1021\">Qu\u2019il s\u2019agisse d\u2019une premi\u00e8re d\u00e9couverte ou d\u2019un retour dans la capitale, un passage par le <strong data-start=\"842\" data-end=\"855\">Trocad\u00e9ro<\/strong> s\u2019impose. C\u2019est un lieu o\u00f9 chaque d\u00e9tail \u2013 des sculptures aux fontaines, des panoramas aux expositions \u2013 rappelle la richesse et la diversit\u00e9 du patrimoine parisien.<\/p>\r\n<p data-start=\"1023\" data-end=\"1136\">Pour approfondir votre exploration de ce site embl\u00e9matique, vous pouvez consulter <a href=\"https:\/\/fr.wikipedia.org\/wiki\/Palais_du_Trocad%C3%A9ro\" target=\"_blank\" rel=\"noopener\"><strong data-start=\"1105\" data-end=\"1135\">cet article encyclop\u00e9dique<\/strong>.<\/a><\/p>\t\t\t\t\t\t\t\t<\/div>\n\t\t\t\t\t<\/div>\n\t\t\t\t<\/div>\n\t\t<aside class=\"elementor-element elementor-element-db9d7d7 e-flex e-con-boxed e-con e-parent\" data-id=\"db9d7d7\" data-element_type=\"container\" data-e-type=\"container\">\n\t\t\t\t\t<div class=\"e-con-inner\">\n\t\t\t\t<div class=\"elementor-element elementor-element-519f022 elementor-widget elementor-widget-listeo-posts-grid\" data-id=\"519f022\" data-element_type=\"widget\" data-e-type=\"widget\" data-widget_type=\"listeo-posts-grid.default\">\n\t\t\t\t<div class=\"elementor-widget-container\">\n\t\t\t\t\t\t\t\n\t\t<div class=\"listeo-post-grid-wrapper\">\n\t\t\t<div class=\"row\">\n\n\t\t\t\n\n\t\t\t\t\t\t\t<div class=\"col-md-4\">\n                <a href=\"https:\/\/cparici.com\/fr\/musee-dorsay\/\" class=\"blog-compact-item-container\">\n                    <div class=\"blog-compact-item\">\n                        <img decoding=\"async\" width=\"577\" height=\"204\" src=\"https:\/\/cparici.com\/wp-content\/uploads\/2025\/08\/cparici-2025-08-05T083315.950-577x204.jpg\" class=\"attachment-listeo-blog-related-post size-listeo-blog-related-post wp-post-image\" alt=\"Mus\u00e9e d&#039;Orsay\" srcset=\"https:\/\/cparici.com\/wp-content\/uploads\/2025\/08\/cparici-2025-08-05T083315.950-577x204.jpg 577w, https:\/\/cparici.com\/wp-content\/uploads\/2025\/08\/cparici-2025-08-05T083315.950-300x106.jpg 300w, https:\/\/cparici.com\/wp-content\/uploads\/2025\/08\/cparici-2025-08-05T083315.950-1024x362.jpg 1024w, https:\/\/cparici.com\/wp-content\/uploads\/2025\/08\/cparici-2025-08-05T083315.950-768x271.jpg 768w, https:\/\/cparici.com\/wp-content\/uploads\/2025\/08\/cparici-2025-08-05T083315.950-18x6.jpg 18w, https:\/\/cparici.com\/wp-content\/uploads\/2025\/08\/cparici-2025-08-05T083315.950-590x208.jpg 590w, https:\/\/cparici.com\/wp-content\/uploads\/2025\/08\/cparici-2025-08-05T083315.950-1200x424.jpg 1200w, https:\/\/cparici.com\/wp-content\/uploads\/2025\/08\/cparici-2025-08-05T083315.950-600x212.jpg 600w, https:\/\/cparici.com\/wp-content\/uploads\/2025\/08\/cparici-2025-08-05T083315.950.jpg 1500w\" sizes=\"(max-width: 577px) 100vw, 577px\" \/><span class=\"blog-item-tag\">7\u00e8me arrondissement<\/span>                        \n                        <div class=\"blog-compact-item-content\">\n                                                        <h3>Mus\u00e9e d\u2019Orsay<\/h3>\n                                                        <p>Recherches populaires Categories Pas de r\u00e9sultats Voir tous les r\u00e9sultats Mus\u00e9e d\u2019Orsay Parmi les mus\u00e9es...                            <\/p>\n                                                    <\/div>\n                    <\/div>\n                <\/a>\n            <\/div>\n\t\t\t<div class=\"col-md-4\">\n                <a href=\"https:\/\/cparici.com\/fr\/arc-de-triomphe-paris\/\" class=\"blog-compact-item-container\">\n                    <div class=\"blog-compact-item\">\n                        <img decoding=\"async\" width=\"577\" height=\"208\" src=\"https:\/\/cparici.com\/wp-content\/uploads\/2024\/07\/arc-de-triomphe-paris.jpg\" class=\"attachment-listeo-blog-related-post size-listeo-blog-related-post wp-post-image\" alt=\"arc de triomphe paris\" srcset=\"https:\/\/cparici.com\/wp-content\/uploads\/2024\/07\/arc-de-triomphe-paris.jpg 1500w, https:\/\/cparici.com\/wp-content\/uploads\/2024\/07\/arc-de-triomphe-paris-600x216.jpg 600w, https:\/\/cparici.com\/wp-content\/uploads\/2024\/07\/arc-de-triomphe-paris-300x108.jpg 300w, https:\/\/cparici.com\/wp-content\/uploads\/2024\/07\/arc-de-triomphe-paris-1024x369.jpg 1024w, https:\/\/cparici.com\/wp-content\/uploads\/2024\/07\/arc-de-triomphe-paris-768x276.jpg 768w\" sizes=\"(max-width: 577px) 100vw, 577px\" \/><span class=\"blog-item-tag\">France<\/span>                        \n                        <div class=\"blog-compact-item-content\">\n                                                        <h3>Arc de triomphe : guide complet pour votre visite et billetterie<\/h3>\n                                                        <p>Recherches populaires Categories Pas de r\u00e9sultats Voir tous les r\u00e9sultats L\u2019Arc de Triomphe L\u2019Arc de...                            <\/p>\n                                                    <\/div>\n                    <\/div>\n                <\/a>\n            <\/div>\n\t\t\t<div class=\"col-md-4\">\n                <a href=\"https:\/\/cparici.com\/fr\/jardin-des-plantes-paris\/\" class=\"blog-compact-item-container\">\n                    <div class=\"blog-compact-item\">\n                        <img decoding=\"async\" width=\"577\" height=\"204\" src=\"https:\/\/cparici.com\/wp-content\/uploads\/2024\/12\/cparici-3-577x204.png\" class=\"attachment-listeo-blog-related-post size-listeo-blog-related-post wp-post-image\" alt=\"Jardin des plantes paris\" srcset=\"https:\/\/cparici.com\/wp-content\/uploads\/2024\/12\/cparici-3-577x204.png 577w, https:\/\/cparici.com\/wp-content\/uploads\/2024\/12\/cparici-3-300x106.png 300w, https:\/\/cparici.com\/wp-content\/uploads\/2024\/12\/cparici-3-1024x362.png 1024w, https:\/\/cparici.com\/wp-content\/uploads\/2024\/12\/cparici-3-768x271.png 768w, https:\/\/cparici.com\/wp-content\/uploads\/2024\/12\/cparici-3-590x208.png 590w, https:\/\/cparici.com\/wp-content\/uploads\/2024\/12\/cparici-3-1200x424.png 1200w, https:\/\/cparici.com\/wp-content\/uploads\/2024\/12\/cparici-3-600x212.png 600w, https:\/\/cparici.com\/wp-content\/uploads\/2024\/12\/cparici-3.png 1500w\" sizes=\"(max-width: 577px) 100vw, 577px\" \/><span class=\"blog-item-tag\">5\u00e8me arrondissement<\/span>                        \n                        <div class=\"blog-compact-item-content\">\n                                                        <h3>Le Jardin des plantes a Paris<\/h3>\n                                                        <p>D\u00e9couvrez le Jardin des Plantes, ce jardin botanique cr\u00e9\u00e9 en 1626 \u00e0 Paris, g\u00e9r\u00e9 par...                            <\/p>\n                                                    <\/div>\n                    <\/div>\n                <\/a>\n            <\/div>\n  <\/div>\n        <\/div>\n        \t\t\t\t<\/div>\n\t\t\t\t<\/div>\n\t\t\t\t\t<\/div>\n\t\t\t\t<\/aside>\n\t\t\t\t<\/div>\n\t\t","protected":false},"excerpt":{"rendered":"<p>Recherches populaires Categories Pas de r\u00e9sultats Voir tous les r\u00e9sultats Trocad\u00e9ro : une vue \u00e0 couper le souffle sur la Tour Eiffel \u00c0 Paris, il existe un lieu o\u00f9 l\u2019histoire, l\u2019architecture et la beaut\u00e9 visuelle se rencontrent pour offrir un panorama unique au monde : le Trocad\u00e9ro. Situ\u00e9 sur la rive droite de la Seine, [&hellip;]<\/p>\n","protected":false},"author":97,"featured_media":69188,"comment_status":"closed","ping_status":"closed","sticky":false,"template":"elementor_header_footer","format":"standard","meta":{"ngg_post_thumbnail":0,"footnotes":""},"categories":[2771,477,1021,1022],"tags":[],"class_list":["post-69187","post","type-post","status-publish","format-standard","has-post-thumbnail","hentry","category-16eme-arrondissement","category-france","category-ile-de-france","category-paris"],"_links":{"self":[{"href":"https:\/\/cparici.com\/fr\/wp-json\/wp\/v2\/posts\/69187","targetHints":{"allow":["GET"]}}],"collection":[{"href":"https:\/\/cparici.com\/fr\/wp-json\/wp\/v2\/posts"}],"about":[{"href":"https:\/\/cparici.com\/fr\/wp-json\/wp\/v2\/types\/post"}],"author":[{"embeddable":true,"href":"https:\/\/cparici.com\/fr\/wp-json\/wp\/v2\/users\/97"}],"replies":[{"embeddable":true,"href":"https:\/\/cparici.com\/fr\/wp-json\/wp\/v2\/comments?post=69187"}],"version-history":[{"count":0,"href":"https:\/\/cparici.com\/fr\/wp-json\/wp\/v2\/posts\/69187\/revisions"}],"wp:featuredmedia":[{"embeddable":true,"href":"https:\/\/cparici.com\/fr\/wp-json\/wp\/v2\/media\/69188"}],"wp:attachment":[{"href":"https:\/\/cparici.com\/fr\/wp-json\/wp\/v2\/media?parent=69187"}],"wp:term":[{"taxonomy":"category","embeddable":true,"href":"https:\/\/cparici.com\/fr\/wp-json\/wp\/v2\/categories?post=69187"},{"taxonomy":"post_tag","embeddable":true,"href":"https:\/\/cparici.com\/fr\/wp-json\/wp\/v2\/tags?post=69187"}],"curies":[{"name":"wp","href":"https:\/\/api.w.org\/{rel}","templated":true}]}}