{"id":69242,"date":"2025-08-18T07:52:46","date_gmt":"2025-08-18T05:52:46","guid":{"rendered":"https:\/\/cparici.com\/?p=69242"},"modified":"2025-12-30T13:52:00","modified_gmt":"2025-12-30T12:52:00","slug":"museum-dhistoire-naturelle","status":"publish","type":"post","link":"https:\/\/cparici.com\/fr\/museum-dhistoire-naturelle\/","title":{"rendered":"Mus\u00e9um d\u2019Histoire Naturelle : un tr\u00e9sor scientifique et culturel \u00e0 Paris"},"content":{"rendered":"\t\t<div data-elementor-type=\"wp-post\" data-elementor-id=\"69242\" class=\"elementor elementor-69242\" data-elementor-post-type=\"post\">\n\t\t\t\t<div class=\"elementor-element elementor-element-ce630a9 e-con-full e-flex e-con e-parent\" data-id=\"ce630a9\" data-element_type=\"container\" data-e-type=\"container\">\n\t\t\t\t<div class=\"elementor-element elementor-element-fb4bf1f elementor-widget elementor-widget-image\" data-id=\"fb4bf1f\" data-element_type=\"widget\" data-e-type=\"widget\" data-widget_type=\"image.default\">\n\t\t\t\t\t\t\t\t\t\t\t\t\t\t\t<img decoding=\"async\" width=\"1550\" height=\"416\" src=\"https:\/\/cparici.com\/wp-content\/uploads\/2025\/08\/Museum-histoire-naturelle-3.jpg\" class=\"attachment-full size-full wp-image-69248\" alt=\"museum d&#039;histoire naturelle\" srcset=\"https:\/\/cparici.com\/wp-content\/uploads\/2025\/08\/Museum-histoire-naturelle-3.jpg 1550w, https:\/\/cparici.com\/wp-content\/uploads\/2025\/08\/Museum-histoire-naturelle-3-300x81.jpg 300w, https:\/\/cparici.com\/wp-content\/uploads\/2025\/08\/Museum-histoire-naturelle-3-1024x275.jpg 1024w, https:\/\/cparici.com\/wp-content\/uploads\/2025\/08\/Museum-histoire-naturelle-3-768x206.jpg 768w, https:\/\/cparici.com\/wp-content\/uploads\/2025\/08\/Museum-histoire-naturelle-3-1536x412.jpg 1536w, https:\/\/cparici.com\/wp-content\/uploads\/2025\/08\/Museum-histoire-naturelle-3-18x5.jpg 18w, https:\/\/cparici.com\/wp-content\/uploads\/2025\/08\/Museum-histoire-naturelle-3-590x158.jpg 590w, https:\/\/cparici.com\/wp-content\/uploads\/2025\/08\/Museum-histoire-naturelle-3-1200x322.jpg 1200w, https:\/\/cparici.com\/wp-content\/uploads\/2025\/08\/Museum-histoire-naturelle-3-577x155.jpg 577w, https:\/\/cparici.com\/wp-content\/uploads\/2025\/08\/Museum-histoire-naturelle-3-600x161.jpg 600w\" sizes=\"(max-width: 1550px) 100vw, 1550px\" \/>\t\t\t\t\t\t\t\t\t\t\t\t\t\t\t<\/div>\n\t\t\t\t<\/div>\n\t\t<aside class=\"elementor-element elementor-element-b9dcfed e-flex e-con-boxed e-con e-parent\" data-id=\"b9dcfed\" data-element_type=\"container\" data-e-type=\"container\">\n\t\t\t\t\t<div class=\"e-con-inner\">\n\t\t\t\t<div class=\"elementor-element elementor-element-b8806ec elementor-widget elementor-widget-global elementor-global-62046 elementor-widget-eael-advanced-search\" data-id=\"b8806ec\" data-element_type=\"widget\" data-e-type=\"widget\" data-widget_type=\"eael-advanced-search.default\">\n\t\t\t\t\t        <div class=\"eael-adv-search-wrapper\">\n            <div id=\"eael-advanced-search-widget-b8806ec\" class=\"eael-advanced-search-widget\">\n                <form data-settings=\"{&quot;post_per_page&quot;:5,&quot;search_among_taxonomies&quot;:&quot;&quot;,&quot;search_among_sku&quot;:&quot;no&quot;,&quot;show_popular_keyword&quot;:0,&quot;show_category&quot;:0,&quot;show_content_image&quot;:1,&quot;show_search_result_all_results&quot;:0,&quot;result_on_new_tab&quot;:&quot;no&quot;,&quot;show_product_price&quot;:&quot;no&quot;,&quot;include_current_page&quot;:&quot;no&quot;,&quot;current_post_id&quot;:69242,&quot;post_type&quot;:[&quot;post&quot;,&quot;listing&quot;]}\" method=\"POST\" name=\"eael-advanced-search-form-b8806ec\" class=\"eael-advanced-search-form eael-advanced-search-form-style-2\">\n                    <div class=\"eael-advanced-search-wrap\">\n                        <span class=\"eael-adv-search-loader\"><\/span>\n                        <span class=\"eael-adv-search-close\"><i class=\"fas fa-times\"><\/i><\/span>\n                        <span class=\"icon \"><i class=\"fas fa-search\"><\/i><\/span>\n\n                        <input type=\"text\"\n                               placeholder=\"Votre destination\"\n                               class=\"eael-advanced-search\" autocomplete=\"off\" name=\"eael_advanced_search\">\n                    <\/div>\n\t\t\t\t\t                                    <\/form>\n\n\t\t\t\t\n\t\t\t\t        <div class=\"eael-advanced-search-result\">\n            <div class=\"eael-advanced-search-popular-keyword\">\n\t\t\t\t<h4 class=\"eael-advanced-search-popular-keyword-text\">Recherches populaires<\/h4>                <div class=\"eael-popular-keyword-content\"><\/div>\n            <\/div>\n            <div class=\"eael-advanced-search-category\">\n\t\t\t\t<h4 class=\"eael-advanced-search-category-text\">Categories<\/h4>                <div class=\"eael-popular-category-content\"><\/div>\n            <\/div>\n\t\t\t<div class=\"eael-advanced-search-total-results-section\">\n\t\t\t\t\t\t\t<\/div>\n            <div class=\"eael-advanced-search-content eael-item-style-3\">\n            <\/div>\n            <div class=\"eael-advanced-search-not-found\">\n                <p>Pas de r\u00e9sultats<\/p><\/div>\n            <div class=\"eael-advanced-search-load-more\">\n\t\t\t\t<a \tclass=\"eael-advanced-search-load-more-button\"\n                \thref=\"#\">Voir tous les r\u00e9sultats<\/a>\n            <\/div>\n        <\/div>\n\n\t\t            <\/div>\n        <\/div>\n\n\t\t\t\t\t\t<\/div>\n\t\t\t\t\t<\/div>\n\t\t\t\t<\/aside>\n\t\t<div class=\"elementor-element elementor-element-291bc410 e-flex e-con-boxed e-con e-parent\" data-id=\"291bc410\" data-element_type=\"container\" data-e-type=\"container\">\n\t\t\t\t\t<div class=\"e-con-inner\">\n\t\t\t\t<div class=\"elementor-element elementor-element-1838a372 elementor-widget elementor-widget-text-editor\" data-id=\"1838a372\" data-element_type=\"widget\" data-e-type=\"widget\" data-widget_type=\"text-editor.default\">\n\t\t\t\t\t\t\t\t\t<h1 style=\"text-align: center;\">Mus\u00e9um d\u2019Histoire Naturelle : un tr\u00e9sor scientifique et culturel \u00e0 Paris<\/h1>\r\n<p data-start=\"44\" data-end=\"99\">Le <strong data-start=\"194\" data-end=\"225\">Mus\u00e9um d\u2019Histoire Naturelle<\/strong> est l\u2019un des plus anciens et prestigieux \u00e9tablissements scientifiques au monde. Situ\u00e9 au c\u0153ur de Paris, il incarne \u00e0 la fois la <strong data-start=\"354\" data-end=\"367\">recherche<\/strong>, la <strong data-start=\"372\" data-end=\"407\">conservation de la biodiversit\u00e9<\/strong>, l\u2019<strong data-start=\"411\" data-end=\"424\">\u00e9ducation<\/strong> et la <strong data-start=\"431\" data-end=\"455\">culture scientifique<\/strong>. V\u00e9ritable carrefour entre pass\u00e9, pr\u00e9sent et avenir du vivant, il attire chaque ann\u00e9e des millions de visiteurs, curieux de d\u00e9couvrir ses <strong data-start=\"594\" data-end=\"625\">collections exceptionnelles<\/strong>, ses <strong data-start=\"631\" data-end=\"657\">expositions immersives<\/strong> et ses <strong data-start=\"665\" data-end=\"692\">engagements \u00e9cologiques<\/strong>. Que vous soyez passionn\u00e9 de pal\u00e9ontologie, d\u2019animaux rares, de plantes exotiques ou de sciences humaines, ce lieu unique vous ouvre ses portes pour une exploration fascinante. Et si vous souhaitez prolonger l\u2019exp\u00e9rience \u00e0 travers les merveilles <strong data-start=\"939\" data-end=\"950\">du pays<\/strong>, explorez notre <a class=\"\" href=\"https:\/\/cparici.com\/fr\/visiter-la-france-guide-des-regions-et-sites-touristiques\" target=\"_new\" rel=\"noopener\" data-start=\"967\" data-end=\"1100\">guide des r\u00e9gions et sites touristiques en France<\/a>.<\/p>\r\n\r\n<h2 data-start=\"44\" data-end=\"99\">L\u2019institution : un haut lieu de la science en France<\/h2>\r\n<p data-start=\"101\" data-end=\"177\"><span class=\"relative -mx-px my-[-0.2rem] rounded px-px py-[0.2rem] transition-colors duration-100 ease-in-out\">Le <strong data-start=\"3\" data-end=\"50\">Mus\u00e9um national d\u2019Histoire naturelle (MNHN)<\/strong> est un <strong data-start=\"58\" data-end=\"134\">\u00e9tablissement public \u00e0 caract\u00e8re scientifique, culturel et professionnel<\/strong>, plac\u00e9 sous la double tutelle des minist\u00e8res en charge de l\u2019Enseignement sup\u00e9rieur, de la Recherche et de l\u2019Environnement<\/span>.<\/p>\r\n\r\n<h3 data-start=\"179\" data-end=\"231\">Une mission nationale multiple et compl\u00e9mentaire<\/h3>\r\n<p data-start=\"233\" data-end=\"347\"><span class=\"relative -mx-px my-[-0.2rem] rounded px-px py-[0.2rem] transition-colors duration-100 ease-in-out\">Le Mus\u00e9um assume des missions vari\u00e9es alliant <strong data-start=\"46\" data-end=\"59\">recherche<\/strong>, <strong data-start=\"61\" data-end=\"77\">conservation<\/strong>, <strong data-start=\"79\" data-end=\"95\">valorisation<\/strong>, <strong data-start=\"97\" data-end=\"113\">enseignement<\/strong>, <strong data-start=\"115\" data-end=\"141\">diffusion scientifique<\/strong> et <strong data-start=\"145\" data-end=\"158\">expertise<\/strong>. Il d\u00e9veloppe en synergie la recherche fondamentale et appliqu\u00e9e, assure la conservation des collections, et diffuse ses savoirs aupr\u00e8s de tous les publics<\/span>. <span class=\"relative -mx-px my-[-0.2rem] rounded px-px py-[0.2rem] transition-colors duration-100 ease-in-out\">Ses missions historiques se d\u00e9clinent ainsi :<\/span><\/p>\r\n\r\n<ul data-start=\"349\" data-end=\"838\">\r\n \t<li data-start=\"349\" data-end=\"427\">\r\n<p data-start=\"351\" data-end=\"427\"><span class=\"relative -mx-px my-[-0.2rem] rounded px-px py-[0.2rem] transition-colors duration-100 ease-in-out\"><strong data-start=\"0\" data-end=\"58\" data-is-only-node=\"\">Gestion et d\u00e9veloppement des collections scientifiques<\/strong>, qui comptent des millions de sp\u00e9cimens et incluent des esp\u00e8ces vivantes r\u00e9parties sur plusieurs sites<\/span>.<\/p>\r\n<\/li>\r\n \t<li data-start=\"428\" data-end=\"506\">\r\n<p data-start=\"430\" data-end=\"506\"><span class=\"relative -mx-px my-[-0.2rem] rounded px-px py-[0.2rem] transition-colors duration-100 ease-in-out\"><strong data-start=\"0\" data-end=\"24\" data-is-only-node=\"\">Valorisation mus\u00e9ale<\/strong> via des expositions permanentes ou temporaires<\/span>.<\/p>\r\n<\/li>\r\n \t<li data-start=\"507\" data-end=\"589\">\r\n<p data-start=\"509\" data-end=\"589\"><span class=\"relative -mx-px my-[-0.2rem] rounded px-px py-[0.2rem] transition-colors duration-100 ease-in-out\"><strong data-start=\"0\" data-end=\"40\" data-is-only-node=\"\">Diffusion de la culture scientifique<\/strong>, avec des publications, outils p\u00e9dagogiques et actions num\u00e9riques<\/span> .<\/p>\r\n<\/li>\r\n \t<li data-start=\"590\" data-end=\"672\">\r\n<p data-start=\"592\" data-end=\"672\"><span class=\"relative -mx-px my-[-0.2rem] rounded px-px py-[0.2rem] transition-colors duration-100 ease-in-out\"><strong data-start=\"0\" data-end=\"26\" data-is-only-node=\"\">Recherche scientifique<\/strong>, y compris la participation \u00e0 l\u2019inventaire national du patrimoine naturel<\/span>.<\/p>\r\n<\/li>\r\n \t<li data-start=\"673\" data-end=\"755\">\r\n<p data-start=\"675\" data-end=\"755\"><span class=\"relative -mx-px my-[-0.2rem] rounded px-px py-[0.2rem] transition-colors duration-100 ease-in-out\"><strong data-start=\"0\" data-end=\"26\" data-is-only-node=\"\">Enseignement sup\u00e9rieur<\/strong>, avec des formations en master, doctorat et une offre Erasmus Mundus<\/span>.<\/p>\r\n<\/li>\r\n \t<li data-start=\"756\" data-end=\"838\">\r\n<p data-start=\"758\" data-end=\"838\"><span class=\"relative -mx-px my-[-0.2rem] rounded px-px py-[0.2rem] transition-colors duration-100 ease-in-out\"><strong data-start=\"0\" data-end=\"26\" data-is-only-node=\"\">Expertise scientifique<\/strong>, appliqu\u00e9e aux probl\u00e9matiques environnementales et patrimoniales<\/span>.<\/p>\r\n<\/li>\r\n<\/ul>\r\n<h3 data-start=\"840\" data-end=\"887\">Mus\u00e9um d\u2019Histoire Naturelle, Ancrage universitaire et interdisciplinaire<\/h3>\r\n<p data-start=\"889\" data-end=\"1050\"><span class=\"relative -mx-px my-[-0.2rem] rounded px-px py-[0.2rem] transition-colors duration-100 ease-in-out\">Membre de l\u2019alliance Sorbonne Universit\u00e9, le Mus\u00e9um se positionne comme un acteur acad\u00e9mique incontournable<\/span>. <span class=\"relative -mx-px my-[-0.2rem] rounded px-px py-[0.2rem] transition-colors duration-100 ease-in-out\">Il m\u00eale <strong data-start=\"8\" data-end=\"30\">sciences de la vie<\/strong>, <strong data-start=\"32\" data-end=\"56\">sciences de la Terre<\/strong> et <strong data-start=\"60\" data-end=\"77\">anthropologie<\/strong>, couvrant des disciplines allant de la <strong data-start=\"117\" data-end=\"130\">botanique<\/strong>, <strong data-start=\"132\" data-end=\"144\">zoologie<\/strong>, <strong data-start=\"146\" data-end=\"159\">mycologie<\/strong>, <strong data-start=\"161\" data-end=\"176\">min\u00e9ralogie<\/strong>, \u00e0 la <strong data-start=\"183\" data-end=\"200\">pal\u00e9ontologie<\/strong>, <strong data-start=\"202\" data-end=\"215\">g\u00e9n\u00e9tique<\/strong> et <strong data-start=\"219\" data-end=\"236\" data-is-last-node=\"\">anthropologie<\/strong><\/span>.<\/p>\r\n<p data-start=\"889\" data-end=\"1050\"><a href=\"https:\/\/cparici.com\/wp-content\/uploads\/2025\/08\/museum-histoire-naturelle-4.jpg\"><img decoding=\"async\" class=\"aligncenter wp-image-69249 size-full\" src=\"https:\/\/cparici.com\/wp-content\/uploads\/2025\/08\/museum-histoire-naturelle-4.jpg\" alt=\"museum histoire naturelle\" width=\"1200\" height=\"800\" srcset=\"https:\/\/cparici.com\/wp-content\/uploads\/2025\/08\/museum-histoire-naturelle-4.jpg 1200w, https:\/\/cparici.com\/wp-content\/uploads\/2025\/08\/museum-histoire-naturelle-4-300x200.jpg 300w, https:\/\/cparici.com\/wp-content\/uploads\/2025\/08\/museum-histoire-naturelle-4-1024x683.jpg 1024w, https:\/\/cparici.com\/wp-content\/uploads\/2025\/08\/museum-histoire-naturelle-4-768x512.jpg 768w, https:\/\/cparici.com\/wp-content\/uploads\/2025\/08\/museum-histoire-naturelle-4-18x12.jpg 18w, https:\/\/cparici.com\/wp-content\/uploads\/2025\/08\/museum-histoire-naturelle-4-590x393.jpg 590w, https:\/\/cparici.com\/wp-content\/uploads\/2025\/08\/museum-histoire-naturelle-4-1005x670.jpg 1005w, https:\/\/cparici.com\/wp-content\/uploads\/2025\/08\/museum-histoire-naturelle-4-577x385.jpg 577w, https:\/\/cparici.com\/wp-content\/uploads\/2025\/08\/museum-histoire-naturelle-4-600x400.jpg 600w\" sizes=\"(max-width: 1200px) 100vw, 1200px\" \/><\/a><\/p>\r\n\r\n<h2 data-start=\"207\" data-end=\"245\">Une histoire fascinante depuis 1635<\/h2>\r\n<p data-start=\"247\" data-end=\"513\">Le <strong data-start=\"250\" data-end=\"281\">Mus\u00e9um d\u2019Histoire Naturelle<\/strong> poss\u00e8de une <strong data-start=\"294\" data-end=\"322\">histoire riche et unique<\/strong>, intimement li\u00e9e \u00e0 l\u2019histoire scientifique et politique de <strong data-start=\"382\" data-end=\"395\">la France<\/strong>. Son origine remonte au <strong data-start=\"420\" data-end=\"436\">XVIIe si\u00e8cle<\/strong>, ce qui en fait l\u2019un des plus anciens \u00e9tablissements scientifiques d\u2019Europe.<\/p>\r\n\r\n<h3 data-start=\"515\" data-end=\"561\">Les origines royales du Jardin des Plantes<\/h3>\r\n<p data-start=\"563\" data-end=\"988\">Le point de d\u00e9part du Mus\u00e9um se situe en <strong data-start=\"604\" data-end=\"612\">1635<\/strong>, lorsque le roi <strong data-start=\"629\" data-end=\"643\">Louis XIII<\/strong> fonde le <strong data-start=\"653\" data-end=\"693\">Jardin royal des plantes m\u00e9dicinales<\/strong>. Cette institution est alors d\u00e9di\u00e9e \u00e0 l\u2019\u00e9tude de la <strong data-start=\"746\" data-end=\"759\">botanique<\/strong> et \u00e0 la formation des apothicaires. Ce jardin royal devient rapidement un lieu d\u2019enseignement libre et public, ouvert \u00e0 toutes les classes sociales, ce qui marque une <strong data-start=\"927\" data-end=\"946\">rupture majeure<\/strong> avec les pratiques \u00e9litistes de l\u2019\u00e9poque.<\/p>\r\n<p data-start=\"990\" data-end=\"1164\">Le jardin est dirig\u00e9 par des savants de renom, comme <strong data-start=\"1043\" data-end=\"1063\">Guy de La Brosse<\/strong>, m\u00e9decin du roi, qui pose les bases de ce qui deviendra le <strong data-start=\"1123\" data-end=\"1163\">Mus\u00e9um national d\u2019Histoire naturelle<\/strong>.<\/p>\r\n\r\n<h3 data-start=\"1166\" data-end=\"1224\">La cr\u00e9ation officielle du Mus\u00e9um d\u2019Histoire Naturelle pendant la R\u00e9volution<\/h3>\r\n<p data-start=\"1226\" data-end=\"1665\">En <strong data-start=\"1229\" data-end=\"1237\">1793<\/strong>, en pleine R\u00e9volution fran\u00e7aise, le Jardin royal est r\u00e9organis\u00e9 en <strong data-start=\"1305\" data-end=\"1345\">Mus\u00e9um national d\u2019Histoire naturelle<\/strong>. L\u2019\u00e9tablissement h\u00e9rite du Jardin des Plantes et de ses infrastructures, mais \u00e9tend consid\u00e9rablement ses fonctions et ses missions. C\u2019est une <strong data-start=\"1488\" data-end=\"1531\">transformation institutionnelle majeure<\/strong> : l\u2019ancien jardin devient un centre scientifique public, d\u00e9di\u00e9 \u00e0 la recherche, \u00e0 l\u2019enseignement et \u00e0 la conservation des collections.<\/p>\r\n<p data-start=\"1667\" data-end=\"1974\">Le Mus\u00e9um devient d\u00e8s lors un <strong data-start=\"1697\" data-end=\"1721\">mod\u00e8le international<\/strong>, inspirant la cr\u00e9ation d\u2019institutions similaires \u00e0 Londres, Berlin ou Washington. Il accueille \u00e9galement des figures embl\u00e9matiques de la science fran\u00e7aise, telles que <strong data-start=\"1889\" data-end=\"1907\">Georges Cuvier<\/strong>, <strong data-start=\"1909\" data-end=\"1934\">Jean-Baptiste Lamarck<\/strong>, et <strong data-start=\"1939\" data-end=\"1973\">\u00c9tienne Geoffroy Saint-Hilaire<\/strong>.<\/p>\r\n\r\n<h3 data-start=\"1976\" data-end=\"2015\">Les grandes \u00e9tapes de son \u00e9volution<\/h3>\r\n<p data-start=\"2017\" data-end=\"2136\">Au fil des si\u00e8cles, le Mus\u00e9um a su \u00e9voluer pour rester <strong data-start=\"2072\" data-end=\"2101\">\u00e0 la pointe de la science<\/strong>. Voici quelques jalons marquants :<\/p>\r\n\r\n<ul data-start=\"2138\" data-end=\"2785\">\r\n \t<li data-start=\"2138\" data-end=\"2301\">\r\n<p data-start=\"2140\" data-end=\"2301\"><strong data-start=\"2140\" data-end=\"2155\">XIXe si\u00e8cle<\/strong> : d\u00e9veloppement des galeries scientifiques (pal\u00e9ontologie, min\u00e9ralogie, anatomie compar\u00e9e) ; naissance de la <strong data-start=\"2265\" data-end=\"2300\">M\u00e9nagerie du Jardin des Plantes<\/strong>.<\/p>\r\n<\/li>\r\n \t<li data-start=\"2302\" data-end=\"2447\">\r\n<p data-start=\"2304\" data-end=\"2447\"><strong data-start=\"2304\" data-end=\"2318\">XXe si\u00e8cle<\/strong> : modernisation des infrastructures, d\u00e9veloppement de la recherche en \u00e9cologie et en g\u00e9n\u00e9tique, ouverture \u00e0 de nouveaux publics.<\/p>\r\n<\/li>\r\n \t<li data-start=\"2448\" data-end=\"2570\">\r\n<p data-start=\"2450\" data-end=\"2570\"><strong data-start=\"2450\" data-end=\"2458\">1994<\/strong> : inauguration de la <strong data-start=\"2480\" data-end=\"2513\">Grande Galerie de l\u2019\u00c9volution<\/strong>, marquant un tournant dans la mus\u00e9ographie scientifique.<\/p>\r\n<\/li>\r\n \t<li data-start=\"2571\" data-end=\"2647\">\r\n<p data-start=\"2573\" data-end=\"2647\"><strong data-start=\"2573\" data-end=\"2581\">2014<\/strong> : r\u00e9ouverture du <strong data-start=\"2599\" data-end=\"2627\">Parc zoologique de Paris<\/strong> enti\u00e8rement r\u00e9nov\u00e9.<\/p>\r\n<\/li>\r\n \t<li data-start=\"2648\" data-end=\"2785\">\r\n<p data-start=\"2650\" data-end=\"2785\"><strong data-start=\"2650\" data-end=\"2658\">2024<\/strong> : la reconstitution de deux <strong data-start=\"2687\" data-end=\"2696\">dodos<\/strong> embl\u00e9matiques pour c\u00e9l\u00e9brer les 30 ans de la Galerie de l\u2019\u00c9volution (source : Le Monde).<\/p>\r\n<\/li>\r\n<\/ul>\r\n<p data-start=\"2787\" data-end=\"2962\">Aujourd\u2019hui, avec plus de 350 ans d\u2019histoire, le Mus\u00e9um d\u2019Histoire Naturelle est \u00e0 la fois <strong data-start=\"2878\" data-end=\"2922\">un conservatoire de la m\u00e9moire du vivant<\/strong> et un laboratoire tourn\u00e9 vers l\u2019avenir.<\/p>\r\n<p data-start=\"2787\" data-end=\"2962\"><a href=\"https:\/\/cparici.com\/wp-content\/uploads\/2025\/08\/museum-histoire-naturelle-5.jpg\"><img decoding=\"async\" class=\"aligncenter wp-image-69250 size-full\" src=\"https:\/\/cparici.com\/wp-content\/uploads\/2025\/08\/museum-histoire-naturelle-5.jpg\" alt=\"museum histoire naturelle Galerie \u00e9volution\" width=\"1200\" height=\"807\" srcset=\"https:\/\/cparici.com\/wp-content\/uploads\/2025\/08\/museum-histoire-naturelle-5.jpg 1200w, https:\/\/cparici.com\/wp-content\/uploads\/2025\/08\/museum-histoire-naturelle-5-300x202.jpg 300w, https:\/\/cparici.com\/wp-content\/uploads\/2025\/08\/museum-histoire-naturelle-5-1024x689.jpg 1024w, https:\/\/cparici.com\/wp-content\/uploads\/2025\/08\/museum-histoire-naturelle-5-768x516.jpg 768w, https:\/\/cparici.com\/wp-content\/uploads\/2025\/08\/museum-histoire-naturelle-5-18x12.jpg 18w, https:\/\/cparici.com\/wp-content\/uploads\/2025\/08\/museum-histoire-naturelle-5-590x397.jpg 590w, https:\/\/cparici.com\/wp-content\/uploads\/2025\/08\/museum-histoire-naturelle-5-996x670.jpg 996w, https:\/\/cparici.com\/wp-content\/uploads\/2025\/08\/museum-histoire-naturelle-5-577x388.jpg 577w, https:\/\/cparici.com\/wp-content\/uploads\/2025\/08\/museum-histoire-naturelle-5-600x404.jpg 600w\" sizes=\"(max-width: 1200px) 100vw, 1200px\" \/><\/a><\/p>\r\n\r\n<h2 data-start=\"171\" data-end=\"207\">Les sites embl\u00e9matiques du Mus\u00e9um d\u2019Histoire Naturelle<\/h2>\r\n<p data-start=\"209\" data-end=\"495\">Le <strong data-start=\"212\" data-end=\"243\">Mus\u00e9um d\u2019Histoire Naturelle<\/strong> ne se limite pas \u00e0 un seul lieu : c\u2019est une <strong data-start=\"288\" data-end=\"315\">institution multi-sites<\/strong> exceptionnelle, r\u00e9partie entre Paris et la province. Chaque site offre une <strong data-start=\"391\" data-end=\"411\">immersion unique<\/strong> dans les sciences naturelles, l\u2019\u00e9volution, la biodiversit\u00e9 et le patrimoine vivant.<\/p>\r\n\r\n<h3 data-start=\"497\" data-end=\"546\">Le Jardin des Plantes : c\u0153ur vivant du Mus\u00e9um<\/h3>\r\n<p data-start=\"548\" data-end=\"941\">Situ\u00e9 dans le <strong data-start=\"562\" data-end=\"592\">5e arrondissement de Paris<\/strong>, le <a href=\"https:\/\/cparici.com\/jardin-des-plantes-paris\/\"><strong data-start=\"597\" data-end=\"619\">Jardin des Plantes<\/strong><\/a> est le berceau historique du Mus\u00e9um. Cr\u00e9\u00e9 en 1635 comme jardin royal, il est aujourd\u2019hui un <strong data-start=\"712\" data-end=\"749\">v\u00e9ritable \u00e9cosyst\u00e8me scientifique<\/strong> et culturel. Il abrite des <strong data-start=\"777\" data-end=\"802\">collections v\u00e9g\u00e9tales<\/strong> vivantes r\u00e9parties sur plusieurs hectares, des <strong data-start=\"850\" data-end=\"871\">serres tropicales<\/strong>, des <strong data-start=\"877\" data-end=\"901\">espaces p\u00e9dagogiques<\/strong>, et plusieurs galeries incontournables.<\/p>\r\n<p data-start=\"943\" data-end=\"956\">On y trouve :<\/p>\r\n\r\n<ul data-start=\"957\" data-end=\"1190\">\r\n \t<li data-start=\"957\" data-end=\"1026\">\r\n<p data-start=\"959\" data-end=\"1026\">La <strong data-start=\"962\" data-end=\"975\">M\u00e9nagerie<\/strong>, le plus ancien zoo de France encore en activit\u00e9 ;<\/p>\r\n<\/li>\r\n \t<li data-start=\"1027\" data-end=\"1109\">\r\n<p data-start=\"1029\" data-end=\"1109\">Les <strong data-start=\"1033\" data-end=\"1051\">grandes serres<\/strong>, v\u00e9ritables chefs-d\u2019\u0153uvre d\u2019architecture du XIXe si\u00e8cle ;<\/p>\r\n<\/li>\r\n \t<li data-start=\"1110\" data-end=\"1190\">\r\n<p data-start=\"1112\" data-end=\"1190\">Des <strong data-start=\"1116\" data-end=\"1140\">parterres botaniques<\/strong> organis\u00e9s selon la classification phylog\u00e9n\u00e9tique.<\/p>\r\n<\/li>\r\n<\/ul>\r\n<p data-start=\"1192\" data-end=\"1383\">Le Jardin des Plantes est un espace id\u00e9al pour les promenades, mais aussi un centre de <strong data-start=\"1279\" data-end=\"1316\">sensibilisation \u00e0 la biodiversit\u00e9<\/strong>, notamment via des activit\u00e9s \u00e9ducatives pour enfants et scolaires.<\/p>\r\n\r\n<h3 data-start=\"1385\" data-end=\"1421\">La Grande Galerie de l\u2019\u00c9volution<\/h3>\r\n<p data-start=\"1423\" data-end=\"1706\">Inaugur\u00e9e en <strong data-start=\"1436\" data-end=\"1444\">1994<\/strong>, la <strong data-start=\"1449\" data-end=\"1482\">Grande Galerie de l\u2019\u00c9volution<\/strong> est l\u2019un des lieux les plus embl\u00e9matiques du Mus\u00e9um. Elle pr\u00e9sente une <strong data-start=\"1554\" data-end=\"1580\">sc\u00e9nographie immersive<\/strong> sur l\u2019\u00e9volution du vivant, avec plus de <strong data-start=\"1621\" data-end=\"1651\">7000 sp\u00e9cimens naturalis\u00e9s<\/strong>, allant des plus petits insectes aux immenses c\u00e9tac\u00e9s.<\/p>\r\n<p data-start=\"1708\" data-end=\"1969\">C\u2019est ici que sont expos\u00e9es les c\u00e9l\u00e8bres sc\u00e8nes anim\u00e9es de migration animale, ainsi que des esp\u00e8ces <strong data-start=\"1808\" data-end=\"1821\">disparues<\/strong> ou <strong data-start=\"1825\" data-end=\"1837\">menac\u00e9es<\/strong>. La galerie est aussi r\u00e9guli\u00e8rement le th\u00e9\u00e2tre d\u2019expositions temporaires spectaculaires, comme celle consacr\u00e9e au <strong data-start=\"1952\" data-end=\"1960\">dodo<\/strong> en 2024.<\/p>\r\n<p data-start=\"1971\" data-end=\"2100\">Cette galerie incarne la <strong data-start=\"1996\" data-end=\"2033\">mission de m\u00e9diation scientifique<\/strong> du Mus\u00e9um : rendre la science accessible, visuelle, et captivante.<\/p>\r\n\r\n<h3 data-start=\"2102\" data-end=\"2150\">Le Mus\u00e9e de l\u2019Homme et son message universel<\/h3>\r\n<p data-start=\"2152\" data-end=\"2460\">Install\u00e9 au <a href=\"https:\/\/cparici.com\/trocadero\/\"><strong data-start=\"2164\" data-end=\"2177\">Trocad\u00e9ro<\/strong>,<\/a> le <strong data-start=\"2182\" data-end=\"2202\">Mus\u00e9e de l\u2019Homme<\/strong> est un site int\u00e9gr\u00e9 au Mus\u00e9um depuis sa r\u00e9novation compl\u00e8te en 2015. Il s\u2019articule autour de trois grandes questions : <strong data-start=\"2322\" data-end=\"2379\">Qui sommes-nous ? D\u2019o\u00f9 venons-nous ? O\u00f9 allons-nous ?<\/strong> Il explore l\u2019histoire biologique, sociale et culturelle de l\u2019<strong data-start=\"2441\" data-end=\"2459\">esp\u00e8ce humaine<\/strong>.<\/p>\r\n<p data-start=\"2462\" data-end=\"2667\">Le mus\u00e9e abrite des collections d\u2019<strong data-start=\"2496\" data-end=\"2522\">anthropologie physique<\/strong>, d\u2019<strong data-start=\"2526\" data-end=\"2540\">ethnologie<\/strong>, de <strong data-start=\"2545\" data-end=\"2560\">pr\u00e9histoire<\/strong> et propose des expositions engag\u00e9es sur les <strong data-start=\"2605\" data-end=\"2629\">enjeux contemporains<\/strong> : racisme, environnement, migrations\u2026<\/p>\r\n\r\n<h3 data-start=\"2669\" data-end=\"2731\">Le Parc zoologique de Paris : biodiversit\u00e9 grandeur nature<\/h3>\r\n<p data-start=\"2733\" data-end=\"3114\">Situ\u00e9 dans le <strong data-start=\"2747\" data-end=\"2768\">bois de Vincennes<\/strong>, le <strong data-start=\"2773\" data-end=\"2801\">Parc zoologique de Paris<\/strong> est un site unique en Europe. R\u00e9ouvert en 2014 apr\u00e8s plusieurs ann\u00e9es de r\u00e9novation, il propose une <strong data-start=\"2902\" data-end=\"2956\">approche \u00e9cologique et p\u00e9dagogique du monde animal<\/strong>. Les animaux y \u00e9voluent dans des <strong data-start=\"2990\" data-end=\"3002\">biozones<\/strong> reconstitu\u00e9es, refl\u00e9tant leur habitat naturel : Patagonie, Sahel-Soudan, Amazonie-Guyane, Madagascar et Europe.<\/p>\r\n<p data-start=\"3116\" data-end=\"3264\">Ce parc incarne une nouvelle g\u00e9n\u00e9ration de <strong data-start=\"3159\" data-end=\"3176\">zoos \u00e9thiques<\/strong>, favorisant la pr\u00e9servation des esp\u00e8ces, la recherche et l\u2019\u00e9ducation \u00e0 l\u2019environnement.<\/p>\r\n\r\n<h3 data-start=\"3266\" data-end=\"3299\">Les sites r\u00e9gionaux du Mus\u00e9um<\/h3>\r\n<p data-start=\"3301\" data-end=\"3403\">Le <strong data-start=\"3304\" data-end=\"3335\">Mus\u00e9um d\u2019Histoire Naturelle<\/strong> rayonne \u00e9galement hors de Paris avec plusieurs sites remarquables :<\/p>\r\n\r\n<ul data-start=\"3405\" data-end=\"3758\">\r\n \t<li data-start=\"3405\" data-end=\"3476\">\r\n<p data-start=\"3407\" data-end=\"3476\">Le <strong data-start=\"3410\" data-end=\"3440\">Harmas de Jean-Henri Fabre<\/strong> (Vaucluse), d\u00e9di\u00e9 \u00e0 l\u2019entomologie ;<\/p>\r\n<\/li>\r\n \t<li data-start=\"3477\" data-end=\"3573\">\r\n<p data-start=\"3479\" data-end=\"3573\">L\u2019<strong data-start=\"3481\" data-end=\"3508\">Arboretum de Ch\u00e8vreloup<\/strong> (Yvelines), qui conserve une exceptionnelle diversit\u00e9 v\u00e9g\u00e9tale ;<\/p>\r\n<\/li>\r\n \t<li data-start=\"3574\" data-end=\"3677\">\r\n<p data-start=\"3576\" data-end=\"3677\">Les <strong data-start=\"3580\" data-end=\"3600\">stations marines<\/strong> de Concarneau (Bretagne) et Dinard, sp\u00e9cialis\u00e9es dans les sciences marines ;<\/p>\r\n<\/li>\r\n \t<li data-start=\"3678\" data-end=\"3758\">\r\n<p data-start=\"3680\" data-end=\"3758\">Le <strong data-start=\"3683\" data-end=\"3742\">Centre de recherche sur la biodiversit\u00e9 m\u00e9diterran\u00e9enne<\/strong> \u00e0 Porquerolles.<\/p>\r\n<\/li>\r\n<\/ul>\r\n<p data-start=\"3760\" data-end=\"3903\">Ces antennes r\u00e9gionales renforcent la <strong data-start=\"3798\" data-end=\"3837\">dimension nationale et scientifique<\/strong> du Mus\u00e9um, en diffusant ses actions \u00e0 travers tout le territoire.<\/p>\r\n<p data-start=\"3760\" data-end=\"3903\"><a href=\"https:\/\/cparici.com\/wp-content\/uploads\/2025\/08\/Museum-histoire-naturelle-paris.jpg\"><img decoding=\"async\" class=\"aligncenter wp-image-69251 size-full\" src=\"https:\/\/cparici.com\/wp-content\/uploads\/2025\/08\/Museum-histoire-naturelle-paris.jpg\" alt=\"mus\u00e9um d'histoire naturelle paris\" width=\"1200\" height=\"800\" srcset=\"https:\/\/cparici.com\/wp-content\/uploads\/2025\/08\/Museum-histoire-naturelle-paris.jpg 1200w, https:\/\/cparici.com\/wp-content\/uploads\/2025\/08\/Museum-histoire-naturelle-paris-300x200.jpg 300w, https:\/\/cparici.com\/wp-content\/uploads\/2025\/08\/Museum-histoire-naturelle-paris-1024x683.jpg 1024w, https:\/\/cparici.com\/wp-content\/uploads\/2025\/08\/Museum-histoire-naturelle-paris-768x512.jpg 768w, https:\/\/cparici.com\/wp-content\/uploads\/2025\/08\/Museum-histoire-naturelle-paris-18x12.jpg 18w, https:\/\/cparici.com\/wp-content\/uploads\/2025\/08\/Museum-histoire-naturelle-paris-590x393.jpg 590w, https:\/\/cparici.com\/wp-content\/uploads\/2025\/08\/Museum-histoire-naturelle-paris-1005x670.jpg 1005w, https:\/\/cparici.com\/wp-content\/uploads\/2025\/08\/Museum-histoire-naturelle-paris-577x385.jpg 577w, https:\/\/cparici.com\/wp-content\/uploads\/2025\/08\/Museum-histoire-naturelle-paris-600x400.jpg 600w\" sizes=\"(max-width: 1200px) 100vw, 1200px\" \/><\/a><\/p>\r\n\r\n<h2 data-start=\"191\" data-end=\"234\">Mus\u00e9um d\u2019Histoire Naturelle, Une richesse patrimoniale exceptionnelle<\/h2>\r\n<p data-start=\"236\" data-end=\"534\">Le <strong data-start=\"239\" data-end=\"270\">Mus\u00e9um d\u2019Histoire Naturelle<\/strong> poss\u00e8de l\u2019une des <strong data-start=\"289\" data-end=\"340\">plus grandes collections scientifiques au monde<\/strong>, reconnue \u00e0 l\u2019\u00e9chelle internationale pour sa diversit\u00e9, sa raret\u00e9 et sa valeur patrimoniale. Ces collections sont \u00e0 la fois <strong data-start=\"465\" data-end=\"477\">vivantes<\/strong> et <strong data-start=\"481\" data-end=\"497\">naturalistes<\/strong>, rassembl\u00e9es depuis le XVIIe si\u00e8cle.<\/p>\r\n\r\n<h3 data-start=\"536\" data-end=\"589\">Collections vivantes : un patrimoine en mouvement<\/h3>\r\n<p data-start=\"591\" data-end=\"801\">Le Mus\u00e9um conserve des <strong data-start=\"614\" data-end=\"638\">collections vivantes<\/strong> r\u00e9parties entre ses diff\u00e9rents sites, principalement au <strong data-start=\"695\" data-end=\"717\">Jardin des Plantes<\/strong>, \u00e0 la <strong data-start=\"724\" data-end=\"737\">M\u00e9nagerie<\/strong>, et au <strong data-start=\"745\" data-end=\"773\">Parc zoologique de Paris<\/strong>. Ces collections incluent :<\/p>\r\n\r\n<ul data-start=\"803\" data-end=\"1135\">\r\n \t<li data-start=\"803\" data-end=\"916\">\r\n<p data-start=\"805\" data-end=\"916\">Des <strong data-start=\"809\" data-end=\"830\">esp\u00e8ces v\u00e9g\u00e9tales<\/strong> dans les jardins botaniques et les serres, repr\u00e9sentant plusieurs milliers de taxons.<\/p>\r\n<\/li>\r\n \t<li data-start=\"917\" data-end=\"1051\">\r\n<p data-start=\"919\" data-end=\"1051\">Des <strong data-start=\"923\" data-end=\"947\">animaux en captivit\u00e9<\/strong> (mammif\u00e8res, oiseaux, reptiles, amphibiens) \u00e9lev\u00e9s dans des conditions respectueuses de leur bien-\u00eatre.<\/p>\r\n<\/li>\r\n \t<li data-start=\"1052\" data-end=\"1135\">\r\n<p data-start=\"1054\" data-end=\"1135\">Des <strong data-start=\"1058\" data-end=\"1086\">\u00e9cosyst\u00e8mes reconstitu\u00e9s<\/strong> pour l\u2019observation scientifique et la p\u00e9dagogie.<\/p>\r\n<\/li>\r\n<\/ul>\r\n<p data-start=\"1137\" data-end=\"1302\">Ces collections permettent une <strong data-start=\"1168\" data-end=\"1209\">approche dynamique de la biodiversit\u00e9<\/strong>, avec des recherches sur la reproduction, l\u2019alimentation, la g\u00e9n\u00e9tique et les comportements.<\/p>\r\n\r\n<h3 data-start=\"1304\" data-end=\"1356\">Collections naturalistes : un tr\u00e9sor inestimable<\/h3>\r\n<p data-start=\"1358\" data-end=\"1711\">Le Mus\u00e9um conserve plus de <strong data-start=\"1385\" data-end=\"1413\">68 millions de sp\u00e9cimens<\/strong>, ce qui en fait l\u2019une des trois plus grandes collections naturalistes mondiales, aux c\u00f4t\u00e9s du <strong data-start=\"1508\" data-end=\"1535\">Smithsonian Institution<\/strong> (Washington) et du <strong data-start=\"1555\" data-end=\"1581\">Natural History Museum<\/strong> (Londres).<\/p>\r\n<p data-start=\"1713\" data-end=\"1759\">Ces collections couvrent des domaines vari\u00e9s :<\/p>\r\n\r\n<ul data-start=\"1760\" data-end=\"2178\">\r\n \t<li data-start=\"1760\" data-end=\"1828\">\r\n<p data-start=\"1762\" data-end=\"1828\"><strong data-start=\"1762\" data-end=\"1777\">Min\u00e9ralogie<\/strong> : cristaux rares, m\u00e9t\u00e9orites, gemmes d\u2019exception ;<\/p>\r\n<\/li>\r\n \t<li data-start=\"1829\" data-end=\"1947\">\r\n<p data-start=\"1831\" data-end=\"1947\"><strong data-start=\"1831\" data-end=\"1848\">Pal\u00e9ontologie<\/strong> : squelettes de dinosaures, fossiles de mammif\u00e8res pr\u00e9historiques, empreintes et restes v\u00e9g\u00e9taux ;<\/p>\r\n<\/li>\r\n \t<li data-start=\"1948\" data-end=\"2021\">\r\n<p data-start=\"1950\" data-end=\"2021\"><strong data-start=\"1950\" data-end=\"1962\">Zoologie<\/strong> : invert\u00e9br\u00e9s, insectes, mollusques, oiseaux naturalis\u00e9s ;<\/p>\r\n<\/li>\r\n \t<li data-start=\"2022\" data-end=\"2092\">\r\n<p data-start=\"2024\" data-end=\"2092\"><strong data-start=\"2024\" data-end=\"2050\">Botanique et mycologie<\/strong> : herbiers, \u00e9chantillons de champignons ;<\/p>\r\n<\/li>\r\n \t<li data-start=\"2093\" data-end=\"2178\">\r\n<p data-start=\"2095\" data-end=\"2178\"><strong data-start=\"2095\" data-end=\"2112\">Anthropologie<\/strong> : cr\u00e2nes fossiles, outils pr\u00e9historiques, objets ethnographiques.<\/p>\r\n<\/li>\r\n<\/ul>\r\n<p data-start=\"2180\" data-end=\"2307\">Chaque sp\u00e9cimen constitue une <strong data-start=\"2210\" data-end=\"2243\">pi\u00e8ce de l\u2019histoire de la vie<\/strong>, permettant de retracer les grandes \u00e9volutions du monde vivant.<\/p>\r\n\r\n<h3 data-start=\"2309\" data-end=\"2348\">Mus\u00e9um d\u2019Histoire Naturelle, une gestion scientifique rigoureuse<\/h3>\r\n<p data-start=\"2350\" data-end=\"2575\">La conservation des collections repose sur une <strong data-start=\"2397\" data-end=\"2425\">expertise de haut niveau<\/strong>. Chaque objet est r\u00e9pertori\u00e9, num\u00e9ris\u00e9, conserv\u00e9 dans des conditions climatiques pr\u00e9cises et utilis\u00e9 dans des programmes de recherche internationaux.<\/p>\r\n<p data-start=\"2577\" data-end=\"2772\">Le Mus\u00e9um est \u00e9galement pionnier dans la <strong data-start=\"2618\" data-end=\"2650\">num\u00e9risation des collections<\/strong>, avec des millions de donn\u00e9es disponibles en ligne via la plateforme <strong data-start=\"2720\" data-end=\"2728\">GBIF<\/strong> (Global Biodiversity Information Facility).<\/p>\r\n<p data-start=\"2774\" data-end=\"2800\">Ces ressources servent \u00e0 :<\/p>\r\n\r\n<ul data-start=\"2801\" data-end=\"2930\">\r\n \t<li data-start=\"2801\" data-end=\"2846\">\r\n<p data-start=\"2803\" data-end=\"2846\">\u00c9tudier l\u2019impact du changement climatique ;<\/p>\r\n<\/li>\r\n \t<li data-start=\"2847\" data-end=\"2881\">\r\n<p data-start=\"2849\" data-end=\"2881\">Suivre l\u2019\u00e9volution des esp\u00e8ces ;<\/p>\r\n<\/li>\r\n \t<li data-start=\"2882\" data-end=\"2930\">\r\n<p data-start=\"2884\" data-end=\"2930\">Documenter la biodiversit\u00e9 actuelle et pass\u00e9e.<\/p>\r\n<\/li>\r\n<\/ul>\r\n<h2 data-start=\"214\" data-end=\"273\">La science en action : recherche, expertise et formation<\/h2>\r\n<p data-start=\"275\" data-end=\"585\">Le <strong data-start=\"278\" data-end=\"309\">Mus\u00e9um d\u2019Histoire Naturelle<\/strong> ne se limite pas \u00e0 une institution d\u2019exposition : c\u2019est aussi un <strong data-start=\"375\" data-end=\"432\">centre de recherche scientifique de renomm\u00e9e mondiale<\/strong>. Ses chercheurs \u0153uvrent chaque jour \u00e0 mieux comprendre le vivant, les environnements pass\u00e9s et actuels, et les interactions entre l\u2019humain et la nature.<\/p>\r\n\r\n<h3 data-start=\"587\" data-end=\"638\">Une institution de recherche pluridisciplinaire<\/h3>\r\n<p data-start=\"640\" data-end=\"868\">Avec plus de <strong data-start=\"653\" data-end=\"671\">500 chercheurs<\/strong>, doctorants et ing\u00e9nieurs, le Mus\u00e9um est un acteur majeur de la <strong data-start=\"736\" data-end=\"772\">recherche en sciences naturelles<\/strong> en France et \u00e0 l\u2019international. Il se distingue par son approche interdisciplinaire, croisant :<\/p>\r\n\r\n<ul data-start=\"870\" data-end=\"991\">\r\n \t<li data-start=\"870\" data-end=\"894\">\r\n<p data-start=\"872\" data-end=\"894\"><strong data-start=\"872\" data-end=\"894\">Biologie \u00e9volutive<\/strong><\/p>\r\n<\/li>\r\n \t<li data-start=\"895\" data-end=\"925\">\r\n<p data-start=\"897\" data-end=\"925\"><strong data-start=\"897\" data-end=\"925\">\u00c9cologie et climatologie<\/strong><\/p>\r\n<\/li>\r\n \t<li data-start=\"926\" data-end=\"945\">\r\n<p data-start=\"928\" data-end=\"945\"><strong data-start=\"928\" data-end=\"945\">Pal\u00e9ontologie<\/strong><\/p>\r\n<\/li>\r\n \t<li data-start=\"946\" data-end=\"960\">\r\n<p data-start=\"948\" data-end=\"960\"><strong data-start=\"948\" data-end=\"960\">G\u00e9ologie<\/strong><\/p>\r\n<\/li>\r\n \t<li data-start=\"961\" data-end=\"991\">\r\n<p data-start=\"963\" data-end=\"991\"><strong data-start=\"963\" data-end=\"991\">Anthropologie biologique<\/strong><\/p>\r\n<\/li>\r\n<\/ul>\r\n<p data-start=\"993\" data-end=\"1309\">Ces recherches sont men\u00e9es dans des unit\u00e9s mixtes avec des partenaires prestigieux comme le <strong data-start=\"1085\" data-end=\"1093\">CNRS<\/strong>, <strong data-start=\"1095\" data-end=\"1107\">l\u2019INSERM<\/strong>, <strong data-start=\"1109\" data-end=\"1118\">l\u2019IRD<\/strong>, ou encore <strong data-start=\"1130\" data-end=\"1153\">Sorbonne Universit\u00e9<\/strong>. Le Mus\u00e9um est \u00e0 la t\u00eate de plusieurs <strong data-start=\"1192\" data-end=\"1221\">programmes internationaux<\/strong> sur la biodiversit\u00e9, les esp\u00e8ces menac\u00e9es, les milieux extr\u00eames ou encore les zoonoses.<\/p>\r\n<p data-start=\"1311\" data-end=\"1534\">Parmi les projets r\u00e9cents notables : le suivi de l\u2019<strong data-start=\"1362\" data-end=\"1402\">\u00e9rosion de la biodiversit\u00e9 en France<\/strong>, l\u2019\u00e9tude des <strong data-start=\"1416\" data-end=\"1443\">pollinisateurs sauvages<\/strong>, ou la reconstitution des <strong data-start=\"1470\" data-end=\"1496\">climats pr\u00e9historiques<\/strong> \u00e0 partir de donn\u00e9es pal\u00e9ontologiques.<\/p>\r\n\r\n<h3 data-start=\"1536\" data-end=\"1589\">Un p\u00f4le d\u2019expertise au service de l\u2019environnement<\/h3>\r\n<p data-start=\"1591\" data-end=\"1930\">Le Mus\u00e9um joue un r\u00f4le central en mati\u00e8re <strong data-start=\"1633\" data-end=\"1661\">d\u2019expertise scientifique<\/strong>. Il est l\u2019op\u00e9rateur du <strong data-start=\"1685\" data-end=\"1707\">Patrimoine naturel<\/strong> fran\u00e7ais (INPN \u2013 Inventaire national du patrimoine naturel) et contribue aux politiques publiques li\u00e9es \u00e0 la <strong data-start=\"1817\" data-end=\"1850\">protection de la biodiversit\u00e9<\/strong>, au <strong data-start=\"1855\" data-end=\"1880\">changement climatique<\/strong> ou \u00e0 la <strong data-start=\"1889\" data-end=\"1929\">gestion des risques environnementaux<\/strong>.<\/p>\r\n<p data-start=\"1932\" data-end=\"1986\">Ses scientifiques sont r\u00e9guli\u00e8rement sollicit\u00e9s pour :<\/p>\r\n\r\n<ul data-start=\"1987\" data-end=\"2227\">\r\n \t<li data-start=\"1987\" data-end=\"2044\">\r\n<p data-start=\"1989\" data-end=\"2044\">Des expertises sur les esp\u00e8ces en voie de disparition ;<\/p>\r\n<\/li>\r\n \t<li data-start=\"2045\" data-end=\"2091\">\r\n<p data-start=\"2047\" data-end=\"2091\">L\u2019\u00e9valuation des impacts d\u2019infrastructures ;<\/p>\r\n<\/li>\r\n \t<li data-start=\"2092\" data-end=\"2154\">\r\n<p data-start=\"2094\" data-end=\"2154\">L\u2019encadrement des politiques environnementales europ\u00e9ennes ;<\/p>\r\n<\/li>\r\n \t<li data-start=\"2155\" data-end=\"2227\">\r\n<p data-start=\"2157\" data-end=\"2227\">Des missions pour l\u2019<strong data-start=\"2177\" data-end=\"2187\">UNESCO<\/strong>, l\u2019<strong data-start=\"2191\" data-end=\"2199\">UICN<\/strong>, ou le <strong data-start=\"2207\" data-end=\"2226\">programme IPBES<\/strong>.<\/p>\r\n<\/li>\r\n<\/ul>\r\n<p data-start=\"2229\" data-end=\"2371\">Cette dimension <strong data-start=\"2245\" data-end=\"2258\">appliqu\u00e9e<\/strong> fait du Mus\u00e9um un <strong data-start=\"2277\" data-end=\"2302\">r\u00e9f\u00e9rent scientifique<\/strong>, au carrefour entre la connaissance acad\u00e9mique et l\u2019action publique.<\/p>\r\n\r\n<h3 data-start=\"2373\" data-end=\"2417\">L\u2019enseignement sup\u00e9rieur et la formation<\/h3>\r\n<p data-start=\"2419\" data-end=\"2543\">Le Mus\u00e9um est \u00e9galement un <strong data-start=\"2446\" data-end=\"2488\">\u00e9tablissement d\u2019enseignement sup\u00e9rieur<\/strong> accr\u00e9dit\u00e9. Il propose des <strong data-start=\"2515\" data-end=\"2541\">formations dipl\u00f4mantes<\/strong> :<\/p>\r\n\r\n<ul data-start=\"2544\" data-end=\"2793\">\r\n \t<li data-start=\"2544\" data-end=\"2639\">\r\n<p data-start=\"2546\" data-end=\"2639\"><strong data-start=\"2546\" data-end=\"2557\">Masters<\/strong> en \u00e9cologie, pal\u00e9ontologie, biodiversit\u00e9, anthropologie biologique, g\u00e9osciences ;<\/p>\r\n<\/li>\r\n \t<li data-start=\"2640\" data-end=\"2695\">\r\n<p data-start=\"2642\" data-end=\"2695\"><strong data-start=\"2642\" data-end=\"2655\">Doctorats<\/strong> encadr\u00e9s par des chercheurs du Mus\u00e9um ;<\/p>\r\n<\/li>\r\n \t<li data-start=\"2696\" data-end=\"2793\">\r\n<p data-start=\"2698\" data-end=\"2793\"><strong data-start=\"2698\" data-end=\"2728\">Formations internationales<\/strong> avec Erasmus Mundus, ou en partenariat avec Sorbonne Universit\u00e9.<\/p>\r\n<\/li>\r\n<\/ul>\r\n<p data-start=\"2795\" data-end=\"3114\">Des <strong data-start=\"2799\" data-end=\"2837\">stages, s\u00e9minaires et \u00e9coles d\u2019\u00e9t\u00e9<\/strong> y sont r\u00e9guli\u00e8rement organis\u00e9s, faisant du Mus\u00e9um un <strong data-start=\"2891\" data-end=\"2924\">p\u00f4le d\u2019excellence p\u00e9dagogique<\/strong>. L\u2019institution accompagne \u00e9galement les jeunes chercheurs dans leurs premiers pas, en les formant \u00e0 la rigueur scientifique, \u00e0 l\u2019\u00e9thique de la recherche, et \u00e0 la diffusion de leurs travaux.<\/p>\r\n\r\n<h2 data-start=\"156\" data-end=\"193\">La culture au service de la nature<\/h2>\r\n<p data-start=\"195\" data-end=\"500\">L\u2019une des missions phares du <strong data-start=\"224\" data-end=\"255\">Mus\u00e9um d\u2019Histoire Naturelle<\/strong> est de faire le <strong data-start=\"272\" data-end=\"305\">pont entre science et soci\u00e9t\u00e9<\/strong>. \u00c0 travers ses expositions, \u00e9v\u00e9nements et supports p\u00e9dagogiques, l\u2019institution mobilise la <strong data-start=\"397\" data-end=\"421\">culture scientifique<\/strong> pour sensibiliser le public aux enjeux environnementaux et au monde du vivant.<\/p>\r\n\r\n<h3 data-start=\"502\" data-end=\"544\">Expositions permanentes et temporaires au Mus\u00e9um d\u2019Histoire Naturelle<\/h3>\r\n<p data-start=\"546\" data-end=\"862\">Les <strong data-start=\"550\" data-end=\"577\">expositions permanentes<\/strong> du Mus\u00e9um sont de v\u00e9ritables piliers de la <strong data-start=\"621\" data-end=\"647\">m\u00e9diation scientifique<\/strong>. La plus c\u00e9l\u00e8bre d\u2019entre elles est sans doute la <strong data-start=\"697\" data-end=\"730\">Grande Galerie de l\u2019\u00c9volution<\/strong>, qui retrace l\u2019histoire de la vie sur Terre \u00e0 travers une <strong data-start=\"789\" data-end=\"819\">sc\u00e9nographie spectaculaire<\/strong> et plus de <strong data-start=\"831\" data-end=\"861\">7000 sp\u00e9cimens naturalis\u00e9s<\/strong>.<\/p>\r\n<p data-start=\"864\" data-end=\"1192\">D\u2019autres galeries comme celles de <strong data-start=\"898\" data-end=\"915\">Pal\u00e9ontologie<\/strong>, <strong data-start=\"917\" data-end=\"932\">Min\u00e9ralogie<\/strong> ou <strong data-start=\"936\" data-end=\"949\">Botanique<\/strong> permettent d\u2019explorer la richesse de notre plan\u00e8te sous des angles compl\u00e9mentaires. Le <strong data-start=\"1037\" data-end=\"1057\">Mus\u00e9e de l\u2019Homme<\/strong>, quant \u00e0 lui, aborde des questions universelles sur la condition humaine, en liant <strong data-start=\"1141\" data-end=\"1158\">anthropologie<\/strong>, <strong data-start=\"1160\" data-end=\"1172\">histoire<\/strong>, et <strong data-start=\"1177\" data-end=\"1191\">sociologie<\/strong>.<\/p>\r\n<p data-start=\"1194\" data-end=\"1359\">En parall\u00e8le, le Mus\u00e9um propose r\u00e9guli\u00e8rement des <strong data-start=\"1244\" data-end=\"1271\">expositions temporaires<\/strong> qui croisent sciences, arts et actualit\u00e9s. Elles abordent des sujets aussi divers que :<\/p>\r\n\r\n<ul data-start=\"1360\" data-end=\"1592\">\r\n \t<li data-start=\"1360\" data-end=\"1395\">\r\n<p data-start=\"1362\" data-end=\"1395\">Les <strong data-start=\"1366\" data-end=\"1393\">changements climatiques<\/strong> ;<\/p>\r\n<\/li>\r\n \t<li data-start=\"1396\" data-end=\"1428\">\r\n<p data-start=\"1398\" data-end=\"1428\">L\u2019<strong data-start=\"1400\" data-end=\"1426\">extinction des esp\u00e8ces<\/strong> ;<\/p>\r\n<\/li>\r\n \t<li data-start=\"1429\" data-end=\"1460\">\r\n<p data-start=\"1431\" data-end=\"1460\">La <strong data-start=\"1434\" data-end=\"1458\">biodiversit\u00e9 urbaine<\/strong> ;<\/p>\r\n<\/li>\r\n \t<li data-start=\"1461\" data-end=\"1491\">\r\n<p data-start=\"1463\" data-end=\"1491\">La <strong data-start=\"1466\" data-end=\"1489\">pollution plastique<\/strong> ;<\/p>\r\n<\/li>\r\n \t<li data-start=\"1492\" data-end=\"1592\">\r\n<p data-start=\"1494\" data-end=\"1592\">Ou encore les <strong data-start=\"1508\" data-end=\"1546\">mythes autour des animaux disparus<\/strong>, comme le <strong data-start=\"1557\" data-end=\"1565\">dodo<\/strong> r\u00e9cemment mis \u00e0 l\u2019honneur.<\/p>\r\n<\/li>\r\n<\/ul>\r\n<h3 data-start=\"1594\" data-end=\"1640\">Les grandes r\u00e9ussites culturelles r\u00e9centes<\/h3>\r\n<p data-start=\"1642\" data-end=\"2172\">En mars 2024, \u00e0 l\u2019occasion des <strong data-start=\"1673\" data-end=\"1719\">30 ans de la Grande Galerie de l\u2019\u00c9volution<\/strong>, le Mus\u00e9um a pr\u00e9sent\u00e9 deux <strong data-start=\"1747\" data-end=\"1790\">reconstitutions spectaculaires de dodos<\/strong>, con\u00e7ues \u00e0 partir de squelettes, d\u2019archives et de techniques de taxidermie de pointe. Cette op\u00e9ration, \u00e0 la fois scientifique et artistique, a rencontr\u00e9 un vif succ\u00e8s aupr\u00e8s du public.<\/p>\r\n<p data-start=\"2174\" data-end=\"2340\">Ce type de projet incarne la volont\u00e9 du Mus\u00e9um de <strong data-start=\"2224\" data-end=\"2275\">renouveler les formes de transmission du savoir<\/strong>, en misant sur l\u2019\u00e9motion, l\u2019esth\u00e9tique et l\u2019interdisciplinarit\u00e9.<\/p>\r\n\r\n<h3 data-start=\"2342\" data-end=\"2387\">Sensibilisation et m\u00e9diation scientifique<\/h3>\r\n<p data-start=\"2389\" data-end=\"2574\">Le <strong data-start=\"2392\" data-end=\"2423\">Mus\u00e9um d\u2019Histoire Naturelle<\/strong> d\u00e9veloppe de nombreux outils pour <strong data-start=\"2458\" data-end=\"2502\">partager la science avec le grand public<\/strong>. Ses activit\u00e9s de m\u00e9diation sont tourn\u00e9es vers tous les publics, avec :<\/p>\r\n\r\n<ul data-start=\"2575\" data-end=\"2910\">\r\n \t<li data-start=\"2575\" data-end=\"2627\">\r\n<p data-start=\"2577\" data-end=\"2627\">Des <strong data-start=\"2581\" data-end=\"2606\">ateliers p\u00e9dagogiques<\/strong> pour les scolaires ;<\/p>\r\n<\/li>\r\n \t<li data-start=\"2628\" data-end=\"2667\">\r\n<p data-start=\"2630\" data-end=\"2667\">Des <strong data-start=\"2634\" data-end=\"2665\">visites guid\u00e9es th\u00e9matiques<\/strong> ;<\/p>\r\n<\/li>\r\n \t<li data-start=\"2668\" data-end=\"2763\">\r\n<p data-start=\"2670\" data-end=\"2763\">Des <strong data-start=\"2674\" data-end=\"2689\">conf\u00e9rences<\/strong>, <strong data-start=\"2691\" data-end=\"2714\">films documentaires<\/strong>, et <strong data-start=\"2719\" data-end=\"2761\">\u00e9v\u00e9nements scientifiques participatifs<\/strong> ;<\/p>\r\n<\/li>\r\n \t<li data-start=\"2764\" data-end=\"2818\">\r\n<p data-start=\"2766\" data-end=\"2818\">Une <strong data-start=\"2770\" data-end=\"2792\">application mobile<\/strong> pour enrichir la visite ;<\/p>\r\n<\/li>\r\n \t<li data-start=\"2819\" data-end=\"2910\">\r\n<p data-start=\"2821\" data-end=\"2910\">Des <strong data-start=\"2825\" data-end=\"2850\">ressources num\u00e9riques<\/strong> accessibles en ligne, y compris des expositions virtuelles.<\/p>\r\n<\/li>\r\n<\/ul>\r\n<p data-start=\"2912\" data-end=\"3028\">Cette strat\u00e9gie fait du Mus\u00e9um un <strong data-start=\"2946\" data-end=\"2972\">acteur culturel engag\u00e9<\/strong>, en phase avec les pr\u00e9occupations soci\u00e9tales actuelles.<\/p>\r\n\r\n<h2 data-start=\"235\" data-end=\"270\">Un acteur engag\u00e9 pour la plan\u00e8te<\/h2>\r\n<p data-start=\"272\" data-end=\"593\">Le <strong data-start=\"275\" data-end=\"306\">Mus\u00e9um d\u2019Histoire Naturelle<\/strong> est plus qu\u2019un centre de recherche et de culture : c\u2019est un <strong data-start=\"367\" data-end=\"412\">acteur majeur de la transition \u00e9cologique<\/strong>. Il place la <strong data-start=\"426\" data-end=\"461\">pr\u00e9servation de la biodiversit\u00e9<\/strong>, la <strong data-start=\"466\" data-end=\"508\">lutte contre le d\u00e9r\u00e8glement climatique<\/strong> et la <strong data-start=\"515\" data-end=\"562\">sensibilisation aux enjeux environnementaux<\/strong> au c\u0153ur de toutes ses actions.<\/p>\r\n\r\n<h3 data-start=\"595\" data-end=\"638\">Initiatives environnementales concr\u00e8tes<\/h3>\r\n<p data-start=\"640\" data-end=\"782\">Depuis plusieurs ann\u00e9es, le Mus\u00e9um d\u00e9veloppe une politique interne ambitieuse pour <strong data-start=\"723\" data-end=\"759\">r\u00e9duire son empreinte \u00e9cologique<\/strong>. Cela se traduit par :<\/p>\r\n\r\n<ul data-start=\"783\" data-end=\"1084\">\r\n \t<li data-start=\"783\" data-end=\"845\">\r\n<p data-start=\"785\" data-end=\"845\">L\u2019<strong data-start=\"787\" data-end=\"815\">optimisation \u00e9nerg\u00e9tique<\/strong> des b\u00e2timents et des serres ;<\/p>\r\n<\/li>\r\n \t<li data-start=\"846\" data-end=\"909\">\r\n<p data-start=\"848\" data-end=\"909\">La <strong data-start=\"851\" data-end=\"881\">gestion raisonn\u00e9e de l\u2019eau<\/strong> dans les jardins et parcs ;<\/p>\r\n<\/li>\r\n \t<li data-start=\"910\" data-end=\"986\">\r\n<p data-start=\"912\" data-end=\"986\">L\u2019<strong data-start=\"914\" data-end=\"951\">utilisation de mat\u00e9riaux durables<\/strong> pour les expositions temporaires ;<\/p>\r\n<\/li>\r\n \t<li data-start=\"987\" data-end=\"1032\">\r\n<p data-start=\"989\" data-end=\"1032\">Le <strong data-start=\"992\" data-end=\"1018\">recyclage syst\u00e9matique<\/strong> des d\u00e9chets ;<\/p>\r\n<\/li>\r\n \t<li data-start=\"1033\" data-end=\"1084\">\r\n<p data-start=\"1035\" data-end=\"1084\">La <strong data-start=\"1038\" data-end=\"1066\">formation \u00e9coresponsable<\/strong> de son personnel.<\/p>\r\n<\/li>\r\n<\/ul>\r\n<p data-start=\"1086\" data-end=\"1231\">Ces actions s\u2019inscrivent dans un plan plus large de <strong data-start=\"1138\" data-end=\"1163\">d\u00e9veloppement durable<\/strong>, en lien avec les objectifs de l\u2019<strong data-start=\"1197\" data-end=\"1212\">Agenda 2030<\/strong> des Nations Unies.<\/p>\r\n\r\n<h3 data-start=\"1233\" data-end=\"1266\">Protection de la biodiversit\u00e9<\/h3>\r\n<p data-start=\"1268\" data-end=\"1550\">Le Mus\u00e9um joue un r\u00f4le de <strong data-start=\"1294\" data-end=\"1315\">veille \u00e9cologique<\/strong> \u00e0 l\u2019\u00e9chelle nationale et internationale. Il alimente et pilote l\u2019<strong data-start=\"1381\" data-end=\"1433\">Inventaire national du patrimoine naturel (INPN)<\/strong>, base de donn\u00e9es de r\u00e9f\u00e9rence pour le suivi de la <strong data-start=\"1484\" data-end=\"1493\">faune<\/strong>, de la <strong data-start=\"1501\" data-end=\"1510\">flore<\/strong> et des <strong data-start=\"1518\" data-end=\"1539\">habitats naturels<\/strong> de France.<\/p>\r\n<p data-start=\"1552\" data-end=\"1604\">Par ses expertises et partenariats, il contribue \u00e0 :<\/p>\r\n\r\n<ul data-start=\"1605\" data-end=\"1830\">\r\n \t<li data-start=\"1605\" data-end=\"1667\">\r\n<p data-start=\"1607\" data-end=\"1667\">Identifier les <strong data-start=\"1622\" data-end=\"1665\">esp\u00e8ces en danger critique d\u2019extinction<\/strong> ;<\/p>\r\n<\/li>\r\n \t<li data-start=\"1668\" data-end=\"1730\">\r\n<p data-start=\"1670\" data-end=\"1730\">Suivre les <strong data-start=\"1681\" data-end=\"1714\">populations de pollinisateurs<\/strong> et d\u2019insectes ;<\/p>\r\n<\/li>\r\n \t<li data-start=\"1731\" data-end=\"1788\">\r\n<p data-start=\"1733\" data-end=\"1788\">Lutter contre les <strong data-start=\"1751\" data-end=\"1786\">esp\u00e8ces exotiques envahissantes<\/strong> ;<\/p>\r\n<\/li>\r\n \t<li data-start=\"1789\" data-end=\"1830\">\r\n<p data-start=\"1791\" data-end=\"1830\">Restaurer les <strong data-start=\"1805\" data-end=\"1829\">\u00e9cosyst\u00e8mes d\u00e9grad\u00e9s<\/strong>.<\/p>\r\n<\/li>\r\n<\/ul>\r\n<p data-start=\"1832\" data-end=\"2011\">Ses chercheurs participent activement aux programmes de l\u2019<strong data-start=\"1890\" data-end=\"1898\">UICN<\/strong> et de l\u2019<strong data-start=\"1907\" data-end=\"1916\">IPBES<\/strong>, et collaborent avec les parcs naturels, ONG, et agences de conservation dans le monde entier.<\/p>\r\n\r\n<h3 data-start=\"2013\" data-end=\"2045\">Coop\u00e9rations internationales<\/h3>\r\n<p data-start=\"2047\" data-end=\"2255\">Dans un contexte globalis\u00e9, le Mus\u00e9um d\u00e9veloppe de nombreux <strong data-start=\"2107\" data-end=\"2148\">projets de coop\u00e9ration internationale<\/strong>, notamment en Afrique, en Asie du Sud-Est et dans les territoires ultramarins. Il y m\u00e8ne des actions sur :<\/p>\r\n\r\n<ul data-start=\"2256\" data-end=\"2396\">\r\n \t<li data-start=\"2256\" data-end=\"2299\">\r\n<p data-start=\"2258\" data-end=\"2299\">La <strong data-start=\"2261\" data-end=\"2297\">conservation des esp\u00e8ces locales<\/strong> ;<\/p>\r\n<\/li>\r\n \t<li data-start=\"2300\" data-end=\"2336\">\r\n<p data-start=\"2302\" data-end=\"2336\">L\u2019<strong data-start=\"2304\" data-end=\"2334\">\u00e9ducation environnementale<\/strong> ;<\/p>\r\n<\/li>\r\n \t<li data-start=\"2337\" data-end=\"2396\">\r\n<p data-start=\"2339\" data-end=\"2396\">La <strong data-start=\"2342\" data-end=\"2365\">recherche appliqu\u00e9e<\/strong> sur les \u00e9cosyst\u00e8mes tropicaux.<\/p>\r\n<\/li>\r\n<\/ul>\r\n<p data-start=\"2398\" data-end=\"2572\">Le Mus\u00e9um s\u2019investit \u00e9galement dans la <strong data-start=\"2437\" data-end=\"2475\">formation des scientifiques du Sud<\/strong>, et propose des plateformes ouvertes de <strong data-start=\"2516\" data-end=\"2538\">partage de donn\u00e9es<\/strong>, comme le portail <strong data-start=\"2557\" data-end=\"2571\">e-ReColNat<\/strong>.<\/p>\r\n<p data-start=\"2574\" data-end=\"2669\">Par ces engagements, il affirme sa position comme un <strong data-start=\"2627\" data-end=\"2668\">acteur global de la d\u00e9fense du vivant<\/strong>.<\/p>\r\n\r\n<h2 data-start=\"247\" data-end=\"273\">La communaut\u00e9 du Mus\u00e9um<\/h2>\r\n<p data-start=\"275\" data-end=\"557\">Le <strong data-start=\"278\" data-end=\"309\">Mus\u00e9um d\u2019Histoire Naturelle<\/strong> ne serait pas ce qu\u2019il est sans la contribution de <strong data-start=\"361\" data-end=\"400\">communaut\u00e9s passionn\u00e9es et engag\u00e9es<\/strong>. Au-del\u00e0 des chercheurs et visiteurs, une <strong data-start=\"443\" data-end=\"480\">v\u00e9ritable constellation d\u2019acteurs<\/strong> soutient et promeut ses missions scientifiques, p\u00e9dagogiques et culturelles.<\/p>\r\n\r\n<h3 data-start=\"559\" data-end=\"610\">Les Amis du Mus\u00e9um : une association centenaire<\/h3>\r\n<p data-start=\"612\" data-end=\"976\">Fond\u00e9e en <strong data-start=\"622\" data-end=\"630\">1907<\/strong>, l\u2019association <strong data-start=\"646\" data-end=\"668\">Les Amis du Mus\u00e9um<\/strong> a pour vocation de <strong data-start=\"688\" data-end=\"722\">soutenir les projets du Mus\u00e9um<\/strong>, qu\u2019ils soient scientifiques, mus\u00e9ographiques ou p\u00e9dagogiques. Cette association regroupe plusieurs centaines de membres \u2014 donateurs, passionn\u00e9s, anciens \u00e9l\u00e8ves ou simples curieux \u2014 qui contribuent activement \u00e0 la <strong data-start=\"937\" data-end=\"975\">valorisation du patrimoine naturel<\/strong>.<\/p>\r\n<p data-start=\"978\" data-end=\"1032\">Gr\u00e2ce \u00e0 leurs dons et m\u00e9c\u00e9nats, l\u2019association permet :<\/p>\r\n\r\n<ul data-start=\"1033\" data-end=\"1240\">\r\n \t<li data-start=\"1033\" data-end=\"1089\">\r\n<p data-start=\"1035\" data-end=\"1089\">L\u2019acquisition de <strong data-start=\"1052\" data-end=\"1087\">nouveaux sp\u00e9cimens ou artefacts<\/strong> ;<\/p>\r\n<\/li>\r\n \t<li data-start=\"1090\" data-end=\"1138\">\r\n<p data-start=\"1092\" data-end=\"1138\">Le <strong data-start=\"1095\" data-end=\"1136\">financement d\u2019expositions temporaires<\/strong> ;<\/p>\r\n<\/li>\r\n \t<li data-start=\"1139\" data-end=\"1185\">\r\n<p data-start=\"1141\" data-end=\"1185\">Le soutien aux <strong data-start=\"1156\" data-end=\"1183\">travaux de restauration<\/strong> ;<\/p>\r\n<\/li>\r\n \t<li data-start=\"1186\" data-end=\"1240\">\r\n<p data-start=\"1188\" data-end=\"1240\">Le <strong data-start=\"1191\" data-end=\"1239\">soutien logistique aux recherches de terrain<\/strong>.<\/p>\r\n<\/li>\r\n<\/ul>\r\n<p data-start=\"1242\" data-end=\"1461\">Les Amis b\u00e9n\u00e9ficient d\u2019avantages exclusifs : conf\u00e9rences priv\u00e9es, visites guid\u00e9es privil\u00e9gi\u00e9es, rencontres avec des scientifiques, etc. Leur action participe \u00e0 renforcer le <strong data-start=\"1415\" data-end=\"1460\">lien entre le Mus\u00e9um et la soci\u00e9t\u00e9 civile<\/strong>.<\/p>\r\n\r\n<h3 data-start=\"1463\" data-end=\"1507\">B\u00e9n\u00e9volat, m\u00e9c\u00e9nat et engagement citoyen<\/h3>\r\n<p data-start=\"1509\" data-end=\"1780\">Le Mus\u00e9um encourage \u00e9galement des <strong data-start=\"1543\" data-end=\"1588\">formes vari\u00e9es de participation citoyenne<\/strong>. Le <strong data-start=\"1593\" data-end=\"1619\">b\u00e9n\u00e9volat scientifique<\/strong> est possible dans certaines galeries, biblioth\u00e8ques ou laboratoires, et de nombreux passionn\u00e9s apportent leur aide lors d\u2019\u00e9v\u00e9nements ou de travaux d\u2019inventaire.<\/p>\r\n<p data-start=\"1782\" data-end=\"1985\">Le <strong data-start=\"1785\" data-end=\"1809\">m\u00e9c\u00e9nat d\u2019entreprise<\/strong> joue aussi un r\u00f4le crucial dans le financement de projets d\u2019envergure, notamment dans les domaines de la <strong data-start=\"1915\" data-end=\"1944\">restauration patrimoniale<\/strong> et des <strong data-start=\"1952\" data-end=\"1984\">technologies mus\u00e9ographiques<\/strong>.<\/p>\r\n<p data-start=\"1987\" data-end=\"2107\">Enfin, les <strong data-start=\"1998\" data-end=\"2021\">visiteurs eux-m\u00eames<\/strong> sont int\u00e9gr\u00e9s dans la dynamique du Mus\u00e9um, via des plateformes participatives comme :<\/p>\r\n\r\n<ul data-start=\"2108\" data-end=\"2280\">\r\n \t<li data-start=\"2108\" data-end=\"2155\">\r\n<p data-start=\"2110\" data-end=\"2155\">Des <strong data-start=\"2114\" data-end=\"2153\">observatoires citoyens de la nature<\/strong> ;<\/p>\r\n<\/li>\r\n \t<li data-start=\"2156\" data-end=\"2222\">\r\n<p data-start=\"2158\" data-end=\"2222\">Des <strong data-start=\"2162\" data-end=\"2201\">programmes de science participative<\/strong> (ex. Vigie-Nature) ;<\/p>\r\n<\/li>\r\n \t<li data-start=\"2223\" data-end=\"2280\">\r\n<p data-start=\"2225\" data-end=\"2280\">Des <strong data-start=\"2229\" data-end=\"2256\">consultations publiques<\/strong> pour de futurs projets.<\/p>\r\n<\/li>\r\n<\/ul>\r\n<h3 data-start=\"2282\" data-end=\"2317\">Activit\u00e9s pour tous les publics<\/h3>\r\n<p data-start=\"2319\" data-end=\"2512\">Le <strong data-start=\"2322\" data-end=\"2353\">Mus\u00e9um d\u2019Histoire Naturelle<\/strong> attache une importance particuli\u00e8re \u00e0 l\u2019<strong data-start=\"2394\" data-end=\"2422\">accessibilit\u00e9 culturelle<\/strong>. Il propose une large offre d\u2019activit\u00e9s destin\u00e9es \u00e0 tous les \u00e2ges et \u00e0 tous les profils :<\/p>\r\n\r\n<ul data-start=\"2513\" data-end=\"2774\">\r\n \t<li data-start=\"2513\" data-end=\"2564\">\r\n<p data-start=\"2515\" data-end=\"2564\"><strong data-start=\"2515\" data-end=\"2535\">Visites familles<\/strong> avec carnets d\u2019exploration ;<\/p>\r\n<\/li>\r\n \t<li data-start=\"2565\" data-end=\"2636\">\r\n<p data-start=\"2567\" data-end=\"2636\"><strong data-start=\"2567\" data-end=\"2590\">Parcours sensoriels<\/strong> pour les personnes en situation de handicap ;<\/p>\r\n<\/li>\r\n \t<li data-start=\"2637\" data-end=\"2703\">\r\n<p data-start=\"2639\" data-end=\"2703\"><strong data-start=\"2639\" data-end=\"2670\">Formations pour enseignants<\/strong> et \u00e9ducateurs environnementaux ;<\/p>\r\n<\/li>\r\n \t<li data-start=\"2704\" data-end=\"2774\">\r\n<p data-start=\"2706\" data-end=\"2774\"><strong data-start=\"2706\" data-end=\"2731\">Club Junior du Mus\u00e9um<\/strong>, avec ateliers, jeux et stages d\u00e9couverte.<\/p>\r\n<\/li>\r\n<\/ul>\r\n<p data-start=\"2776\" data-end=\"2939\">Ces actions d\u00e9montrent que le Mus\u00e9um est bien plus qu\u2019un mus\u00e9e : c\u2019est une <strong data-start=\"2851\" data-end=\"2873\">communaut\u00e9 vivante<\/strong>, ouverte et inclusive, au service de la <strong data-start=\"2914\" data-end=\"2938\">culture scientifique<\/strong>.<\/p>\r\n\r\n<h2 data-start=\"285\" data-end=\"307\">Foire Aux Questions<\/h2>\r\n<h3 data-start=\"309\" data-end=\"369\">Quels sont les horaires du Mus\u00e9um d\u2019Histoire Naturelle ?<\/h3>\r\n<p data-start=\"371\" data-end=\"688\">Les horaires varient selon les sites du Mus\u00e9um. En g\u00e9n\u00e9ral, les galeries sont ouvertes de <strong data-start=\"461\" data-end=\"474\">10h \u00e0 18h<\/strong>, du mardi au dimanche. Le <strong data-start=\"501\" data-end=\"523\">Jardin des Plantes<\/strong> est accessible tous les jours \u00e0 partir de <strong data-start=\"566\" data-end=\"580\">7h30 ou 8h<\/strong>, selon la saison. Il est conseill\u00e9 de v\u00e9rifier les horaires pr\u00e9cis sur le site officiel avant votre visite.<\/p>\r\n\r\n<h3 data-start=\"690\" data-end=\"743\">Que peut-on voir au Mus\u00e9um d\u2019Histoire Naturelle ?<\/h3>\r\n<p data-start=\"745\" data-end=\"1160\">Le Mus\u00e9um abrite des <strong data-start=\"766\" data-end=\"790\">galeries fascinantes<\/strong> : la <strong data-start=\"796\" data-end=\"829\">Grande Galerie de l\u2019\u00c9volution<\/strong>, la galerie de <strong data-start=\"845\" data-end=\"862\">Pal\u00e9ontologie<\/strong>, la galerie de <strong data-start=\"878\" data-end=\"893\">Min\u00e9ralogie<\/strong>, la <strong data-start=\"898\" data-end=\"911\">M\u00e9nagerie<\/strong>, ainsi que le <strong data-start=\"926\" data-end=\"946\">Mus\u00e9e de l\u2019Homme<\/strong> et le <strong data-start=\"953\" data-end=\"981\">Parc zoologique de Paris<\/strong>. Vous y d\u00e9couvrirez des <strong data-start=\"1006\" data-end=\"1031\">milliers de sp\u00e9cimens<\/strong>, des <strong data-start=\"1037\" data-end=\"1058\">plantes exotiques<\/strong>, des <strong data-start=\"1064\" data-end=\"1090\">fossiles de dinosaures<\/strong>, et des <strong data-start=\"1099\" data-end=\"1126\">expositions temporaires<\/strong> sur la nature et la biodiversit\u00e9.<\/p>\r\n\r\n<h3 data-start=\"1162\" data-end=\"1221\">Combien co\u00fbte l\u2019entr\u00e9e au Mus\u00e9um d\u2019Histoire Naturelle ?<\/h3>\r\n<p data-start=\"1223\" data-end=\"1542\">L\u2019entr\u00e9e au Jardin des Plantes est gratuite, mais les galeries et expositions sont <strong data-start=\"1306\" data-end=\"1318\">payantes<\/strong>. Les tarifs varient selon les espaces (environ 10 \u00e0 15 \u20ac pour les adultes), avec des <strong data-start=\"1404\" data-end=\"1478\">r\u00e9ductions pour les enfants, \u00e9tudiants, familles nombreuses et seniors<\/strong>. L\u2019entr\u00e9e est souvent <strong data-start=\"1501\" data-end=\"1541\">gratuite le premier dimanche du mois<\/strong>.<\/p>\r\n\r\n<h3 data-start=\"1544\" data-end=\"1593\">O\u00f9 se trouve le Mus\u00e9um d\u2019Histoire Naturelle ?<\/h3>\r\n<p data-start=\"1595\" data-end=\"1869\">Le site principal se situe au <strong data-start=\"1625\" data-end=\"1647\">Jardin des Plantes<\/strong>, dans le <strong data-start=\"1657\" data-end=\"1687\">5e arrondissement de Paris<\/strong>, pr\u00e8s de la gare d\u2019Austerlitz. Le <strong data-start=\"1722\" data-end=\"1742\">Mus\u00e9e de l\u2019Homme<\/strong> est au Trocad\u00e9ro (16e), et le <strong data-start=\"1773\" data-end=\"1792\">Parc zoologique<\/strong> dans le bois de Vincennes (12e). Le Mus\u00e9um dispose aussi de sites en r\u00e9gion.<\/p>\r\n\r\n<h3 data-start=\"1871\" data-end=\"1912\">Le Mus\u00e9um est-il adapt\u00e9 aux enfants ?<\/h3>\r\n<p data-start=\"1914\" data-end=\"2223\">Absolument ! Le Mus\u00e9um propose de nombreuses <strong data-start=\"1959\" data-end=\"1989\">activit\u00e9s pour les enfants<\/strong>, comme des <strong data-start=\"2001\" data-end=\"2022\">parcours ludiques<\/strong>, des <strong data-start=\"2028\" data-end=\"2053\">ateliers p\u00e9dagogiques<\/strong>, des <strong data-start=\"2059\" data-end=\"2085\">visites guid\u00e9es junior<\/strong>, et le <strong data-start=\"2093\" data-end=\"2118\">Club Junior du Mus\u00e9um<\/strong>. La <strong data-start=\"2123\" data-end=\"2136\">M\u00e9nagerie<\/strong> et la <strong data-start=\"2143\" data-end=\"2176\">Grande Galerie de l\u2019\u00c9volution<\/strong> sont particuli\u00e8rement pris\u00e9es des plus jeunes.<\/p>\r\n\r\n<h3 data-start=\"2225\" data-end=\"2277\">Peut-on assister \u00e0 des expositions temporaires ?<\/h3>\r\n<p data-start=\"2279\" data-end=\"2550\">Oui, chaque ann\u00e9e, le Mus\u00e9um organise des <strong data-start=\"2321\" data-end=\"2348\">expositions temporaires<\/strong> sur des th\u00e8mes d\u2019actualit\u00e9 : <strong data-start=\"2378\" data-end=\"2399\">esp\u00e8ces disparues<\/strong>, <strong data-start=\"2401\" data-end=\"2424\">\u00e9cosyst\u00e8mes menac\u00e9s<\/strong>, <strong data-start=\"2426\" data-end=\"2455\">d\u00e9couvertes scientifiques<\/strong> ou encore <strong data-start=\"2466\" data-end=\"2487\">animaux mythiques<\/strong>. Ces expos sont g\u00e9n\u00e9ralement incluses dans le billet d\u2019entr\u00e9e.<\/p>\r\n\r\n<h3 data-start=\"2552\" data-end=\"2621\">Quelle est la diff\u00e9rence entre le Mus\u00e9um et le Mus\u00e9e de l\u2019Homme ?<\/h3>\r\n<p data-start=\"2623\" data-end=\"2888\">Le <strong data-start=\"2626\" data-end=\"2657\">Mus\u00e9um d\u2019Histoire Naturelle<\/strong> est une institution globale comprenant plusieurs sites. Le <strong data-start=\"2717\" data-end=\"2737\">Mus\u00e9e de l\u2019Homme<\/strong>, situ\u00e9 au Trocad\u00e9ro, est l\u2019un de ces sites. Il est consacr\u00e9 \u00e0 l\u2019<strong data-start=\"2802\" data-end=\"2819\">anthropologie<\/strong>, l\u2019<strong data-start=\"2823\" data-end=\"2843\">histoire humaine<\/strong>, et aux <strong data-start=\"2852\" data-end=\"2887\">enjeux contemporains de soci\u00e9t\u00e9<\/strong>.<\/p>\r\n\r\n<h3 data-start=\"2890\" data-end=\"2936\">Y a-t-il des visites guid\u00e9es disponibles ?<\/h3>\r\n<p data-start=\"2938\" data-end=\"3206\">Oui, le Mus\u00e9um propose des <strong data-start=\"2965\" data-end=\"2984\">visites guid\u00e9es<\/strong> pour les groupes, les familles, les scolaires et m\u00eame en <strong data-start=\"3042\" data-end=\"3073\">langue des signes fran\u00e7aise<\/strong>. Des <strong data-start=\"3079\" data-end=\"3094\">audioguides<\/strong>, des <strong data-start=\"3100\" data-end=\"3124\">applications mobiles<\/strong>, et des <strong data-start=\"3133\" data-end=\"3156\">visites th\u00e9matiques<\/strong> sont \u00e9galement disponibles selon les expositions.<\/p>\r\n\r\n<h3 data-start=\"3208\" data-end=\"3238\">Peut-on manger sur place ?<\/h3>\r\n<p data-start=\"3240\" data-end=\"3484\">Oui, plusieurs <strong data-start=\"3255\" data-end=\"3291\">caf\u00e9s et espaces de restauration<\/strong> sont disponibles, notamment au <strong data-start=\"3323\" data-end=\"3345\">Jardin des Plantes<\/strong> et au <strong data-start=\"3352\" data-end=\"3380\">Parc zoologique de Paris<\/strong>. Vous pouvez \u00e9galement pique-niquer dans certaines zones du jardin, ce qui est id\u00e9al pour les familles.<\/p>\r\n\r\n<h3 data-start=\"3486\" data-end=\"3532\">Comment se rendre au Mus\u00e9um en transport ?<\/h3>\r\n<p data-start=\"3534\" data-end=\"3604\">Le Mus\u00e9um est facilement accessible par les <strong data-start=\"3578\" data-end=\"3602\">transports en commun<\/strong> :<\/p>\r\n\r\n<ul data-start=\"3605\" data-end=\"3887\">\r\n \t<li data-start=\"3605\" data-end=\"3696\">\r\n<p data-start=\"3607\" data-end=\"3696\">M\u00e9tro : lignes <strong data-start=\"3622\" data-end=\"3647\">5 (Gare d\u2019Austerlitz)<\/strong>, <strong data-start=\"3649\" data-end=\"3664\">7 (Jussieu)<\/strong>, ou <strong data-start=\"3669\" data-end=\"3695\">10 (Gare d\u2019Austerlitz)<\/strong>.<\/p>\r\n<\/li>\r\n \t<li data-start=\"3697\" data-end=\"3743\">\r\n<p data-start=\"3699\" data-end=\"3743\">Bus : lignes <strong data-start=\"3712\" data-end=\"3718\">24<\/strong>, <strong data-start=\"3720\" data-end=\"3726\">57<\/strong>, <strong data-start=\"3728\" data-end=\"3734\">63<\/strong>, <strong data-start=\"3736\" data-end=\"3742\">89<\/strong>.<\/p>\r\n<\/li>\r\n \t<li data-start=\"3744\" data-end=\"3887\">\r\n<p data-start=\"3746\" data-end=\"3887\">RER C : arr\u00eat <strong data-start=\"3760\" data-end=\"3774\">Austerlitz<\/strong>.<br data-start=\"3775\" data-end=\"3778\">Des parkings sont disponibles \u00e0 proximit\u00e9 pour les visiteurs en voiture, bien que les places soient limit\u00e9es.<\/p>\r\n<\/li>\r\n<\/ul>\r\n<h2 data-start=\"175\" data-end=\"188\">Conclusion<\/h2>\r\n<p data-start=\"190\" data-end=\"591\">Le <strong data-start=\"193\" data-end=\"224\">Mus\u00e9um d\u2019Histoire Naturelle<\/strong> est bien plus qu\u2019un mus\u00e9e : c\u2019est une <strong data-start=\"263\" data-end=\"286\">institution vivante<\/strong>, en perp\u00e9tuelle \u00e9volution, qui relie la <strong data-start=\"327\" data-end=\"364\">science, la culture et la soci\u00e9t\u00e9<\/strong>. \u00c0 travers ses collections uniques, ses programmes de recherche, ses engagements \u00e9cologiques et ses actions de m\u00e9diation, il joue un r\u00f4le fondamental dans la <strong data-start=\"523\" data-end=\"550\">compr\u00e9hension du vivant<\/strong> et la <strong data-start=\"557\" data-end=\"590\">pr\u00e9servation de notre plan\u00e8te<\/strong>.<\/p>\r\n<p data-start=\"593\" data-end=\"974\">Que vous soyez <strong data-start=\"608\" data-end=\"629\">curieux de nature<\/strong>, passionn\u00e9 de <strong data-start=\"644\" data-end=\"661\">pal\u00e9ontologie<\/strong>, amateur de <strong data-start=\"674\" data-end=\"690\">biodiversit\u00e9<\/strong>, ou tout simplement en qu\u00eate d\u2019\u00e9merveillement, le <strong data-start=\"741\" data-end=\"772\">Mus\u00e9um d\u2019Histoire Naturelle<\/strong> est une <strong data-start=\"781\" data-end=\"810\">exp\u00e9rience incontournable<\/strong> \u00e0 vivre <strong data-start=\"819\" data-end=\"839\">au c\u0153ur de Paris<\/strong> et dans ses antennes r\u00e9gionales. C\u2019est une <strong data-start=\"883\" data-end=\"919\">invitation permanente \u00e0 explorer<\/strong>, apprendre, et agir pour l\u2019avenir de la vie sur Terre.<\/p>\r\n<p data-start=\"976\" data-end=\"1260\">Et si vous souhaitez d\u00e9couvrir d\u2019autres merveilles <strong data-start=\"1027\" data-end=\"1038\">du pays<\/strong>, parcourez notre <a class=\"\" href=\"https:\/\/cparici.com\/fr\/visiter-la-france-guide-des-regions-et-sites-touristiques\" target=\"_new\" rel=\"noopener\" data-start=\"1056\" data-end=\"1189\">guide des r\u00e9gions et sites touristiques en France<\/a> pour prolonger votre immersion dans le patrimoine culturel et naturel.<\/p>\r\n<p data-start=\"976\" data-end=\"1260\">Pour en savoir plus sur le Museum d\u2019histoire naturelle, <a href=\"https:\/\/www.mnhn.fr\/fr\" target=\"_blank\" rel=\"noopener\">c\u2019est par ici!<\/a><\/p>\t\t\t\t\t\t\t\t<\/div>\n\t\t\t\t\t<\/div>\n\t\t\t\t<\/div>\n\t\t<div class=\"elementor-element elementor-element-7800cf1e e-flex e-con-boxed e-con e-parent\" data-id=\"7800cf1e\" data-element_type=\"container\" data-e-type=\"container\">\n\t\t\t\t\t<div class=\"e-con-inner\">\n\t\t<div class=\"elementor-element elementor-element-135fe30b e-con-full e-flex e-con e-child\" data-id=\"135fe30b\" data-element_type=\"container\" data-e-type=\"container\">\n\t\t\t\t<div class=\"elementor-element elementor-element-3a86a602 elementor-widget elementor-widget-text-editor\" data-id=\"3a86a602\" data-element_type=\"widget\" data-e-type=\"widget\" data-widget_type=\"text-editor.default\">\n\t\t\t\t\t\t\t\t\t<p>Cet article a \u00e9t\u00e9 r\u00e9dig\u00e9 par Alex Arts,\u00a0<a href=\"https:\/\/alexantoine-photos.weebly.com\/\" target=\"_blank\" rel=\"noopener\">photographe<\/a>,\u00a0<a href=\"https:\/\/www.linkedin.com\/in\/alex-b-arts\/\" target=\"_blank\" rel=\"noopener\">cr\u00e9ateur de contenu<\/a>, et guide local.<\/p>\t\t\t\t\t\t\t\t<\/div>\n\t\t\t\t<div class=\"elementor-element elementor-element-150d6722 elementor-widget elementor-widget-author-box\" data-id=\"150d6722\" data-element_type=\"widget\" data-e-type=\"widget\" data-widget_type=\"author-box.default\">\n\t\t\t\t\t\t\t<div class=\"elementor-author-box\">\n\t\t\t\t\t\t\t<a href=\"https:\/\/www.linkedin.com\/in\/alex-b-arts\/\" class=\"elementor-author-box__avatar\" target=\"_blank\" rel=\"noopener\">\n\t\t\t\t\t<img decoding=\"async\" src=\"https:\/\/cparici.com\/wp-content\/uploads\/2024\/09\/photo-alex-arts-300x300.jpeg\" alt=\"Image de Alex Arts\" loading=\"lazy\">\n\t\t\t\t<\/a>\n\t\t\t\n\t\t\t<div class=\"elementor-author-box__text\">\n\t\t\t\t\t\t\t\t\t<a href=\"https:\/\/www.linkedin.com\/in\/alex-b-arts\/\" target=\"_blank\" rel=\"noopener\">\n\t\t\t\t\t\t<h4 class=\"elementor-author-box__name\">\n\t\t\t\t\t\t\tAlex Arts\t\t\t\t\t\t<\/h4>\n\t\t\t\t\t<\/a>\n\t\t\t\t\n\t\t\t\t\t\t\t\t\t<div class=\"elementor-author-box__bio\">\n\t\t\t\t\t\t<p>Photographe, cr\u00e9ateur de contenu et local guide<\/p>\n\t\t\t\t\t<\/div>\n\t\t\t\t\n\t\t\t\t\t\t\t<\/div>\n\t\t<\/div>\n\t\t\t\t\t\t<\/div>\n\t\t\t\t<\/div>\n\t\t\t\t\t<\/div>\n\t\t\t\t<\/div>\n\t\t<aside class=\"elementor-element elementor-element-5210d71 e-flex e-con-boxed e-con e-parent\" data-id=\"5210d71\" data-element_type=\"container\" data-e-type=\"container\">\n\t\t\t\t\t<div class=\"e-con-inner\">\n\t\t\t\t<div class=\"elementor-element elementor-element-841d8b9 elementor-widget elementor-widget-listeo-posts-grid\" data-id=\"841d8b9\" data-element_type=\"widget\" data-e-type=\"widget\" data-widget_type=\"listeo-posts-grid.default\">\n\t\t\t\t<div class=\"elementor-widget-container\">\n\t\t\t\t\t\t\t\n\t\t<div class=\"listeo-post-grid-wrapper\">\n\t\t\t<div class=\"row\">\n\n\t\t\t\n\n\t\t\t\t\t\t\t<div class=\"col-md-4\">\n                <a href=\"https:\/\/cparici.com\/fr\/gare-du-nord\/\" class=\"blog-compact-item-container\">\n                    <div class=\"blog-compact-item\">\n                        <img decoding=\"async\" width=\"577\" height=\"204\" src=\"https:\/\/cparici.com\/wp-content\/uploads\/2025\/08\/cparici-2025-08-16T080731.832-577x204.jpg\" class=\"attachment-listeo-blog-related-post size-listeo-blog-related-post wp-post-image\" alt=\"Gare du Nord\" srcset=\"https:\/\/cparici.com\/wp-content\/uploads\/2025\/08\/cparici-2025-08-16T080731.832-577x204.jpg 577w, https:\/\/cparici.com\/wp-content\/uploads\/2025\/08\/cparici-2025-08-16T080731.832-300x106.jpg 300w, https:\/\/cparici.com\/wp-content\/uploads\/2025\/08\/cparici-2025-08-16T080731.832-1024x362.jpg 1024w, https:\/\/cparici.com\/wp-content\/uploads\/2025\/08\/cparici-2025-08-16T080731.832-768x271.jpg 768w, https:\/\/cparici.com\/wp-content\/uploads\/2025\/08\/cparici-2025-08-16T080731.832-18x6.jpg 18w, https:\/\/cparici.com\/wp-content\/uploads\/2025\/08\/cparici-2025-08-16T080731.832-590x208.jpg 590w, https:\/\/cparici.com\/wp-content\/uploads\/2025\/08\/cparici-2025-08-16T080731.832-1200x424.jpg 1200w, https:\/\/cparici.com\/wp-content\/uploads\/2025\/08\/cparici-2025-08-16T080731.832-600x212.jpg 600w, https:\/\/cparici.com\/wp-content\/uploads\/2025\/08\/cparici-2025-08-16T080731.832.jpg 1500w\" sizes=\"(max-width: 577px) 100vw, 577px\" \/><span class=\"blog-item-tag\">10\u00e8me arrondissement<\/span>                        \n                        <div class=\"blog-compact-item-content\">\n                                                        <h3>Gare du Nord : guide complet pour voyageurs et touristes<\/h3>\n                                                        <p>Recherches populaires Categories Pas de r\u00e9sultats Voir tous les r\u00e9sultats Gare du Nord : guide...                            <\/p>\n                                                    <\/div>\n                    <\/div>\n                <\/a>\n            <\/div>\n\t\t\t<div class=\"col-md-4\">\n                <a href=\"https:\/\/cparici.com\/fr\/place-du-tertre-a-montmartre\/\" class=\"blog-compact-item-container\">\n                    <div class=\"blog-compact-item\">\n                        <img decoding=\"async\" width=\"577\" height=\"205\" src=\"https:\/\/cparici.com\/wp-content\/uploads\/2024\/09\/place-du-tertre-a-montmartre.jpg\" class=\"attachment-listeo-blog-related-post size-listeo-blog-related-post wp-post-image\" alt=\"place du tertre \u00e0 montmartre\" srcset=\"https:\/\/cparici.com\/wp-content\/uploads\/2024\/09\/place-du-tertre-a-montmartre.jpg 1500w, https:\/\/cparici.com\/wp-content\/uploads\/2024\/09\/place-du-tertre-a-montmartre-600x213.jpg 600w, https:\/\/cparici.com\/wp-content\/uploads\/2024\/09\/place-du-tertre-a-montmartre-300x106.jpg 300w, https:\/\/cparici.com\/wp-content\/uploads\/2024\/09\/place-du-tertre-a-montmartre-1024x363.jpg 1024w, https:\/\/cparici.com\/wp-content\/uploads\/2024\/09\/place-du-tertre-a-montmartre-768x272.jpg 768w\" sizes=\"(max-width: 577px) 100vw, 577px\" \/><span class=\"blog-item-tag\">France<\/span>                        \n                        <div class=\"blog-compact-item-content\">\n                                                        <h3>Place du tertre \u00e0 Montmartre- lieu incontournable de Paris<\/h3>\n                                                        <p>D\u00e9couvrez le charme de la Place du Tertre \u00e0 Paris, o\u00f9 artistes et restaurants se...                            <\/p>\n                                                    <\/div>\n                    <\/div>\n                <\/a>\n            <\/div>\n\t\t\t<div class=\"col-md-4\">\n                <a href=\"https:\/\/cparici.com\/fr\/meteo-paris\/\" class=\"blog-compact-item-container\">\n                    <div class=\"blog-compact-item\">\n                        <img decoding=\"async\" width=\"577\" height=\"204\" src=\"https:\/\/cparici.com\/wp-content\/uploads\/2025\/03\/cparici-17-1-577x204.jpg\" class=\"attachment-listeo-blog-related-post size-listeo-blog-related-post wp-post-image\" alt=\"M\u00e9t\u00e9o Paris\" srcset=\"https:\/\/cparici.com\/wp-content\/uploads\/2025\/03\/cparici-17-1-577x204.jpg 577w, https:\/\/cparici.com\/wp-content\/uploads\/2025\/03\/cparici-17-1-300x106.jpg 300w, https:\/\/cparici.com\/wp-content\/uploads\/2025\/03\/cparici-17-1-1024x362.jpg 1024w, https:\/\/cparici.com\/wp-content\/uploads\/2025\/03\/cparici-17-1-768x271.jpg 768w, https:\/\/cparici.com\/wp-content\/uploads\/2025\/03\/cparici-17-1-18x6.jpg 18w, https:\/\/cparici.com\/wp-content\/uploads\/2025\/03\/cparici-17-1-590x208.jpg 590w, https:\/\/cparici.com\/wp-content\/uploads\/2025\/03\/cparici-17-1-1200x424.jpg 1200w, https:\/\/cparici.com\/wp-content\/uploads\/2025\/03\/cparici-17-1-600x212.jpg 600w, https:\/\/cparici.com\/wp-content\/uploads\/2025\/03\/cparici-17-1.jpg 1500w\" sizes=\"(max-width: 577px) 100vw, 577px\" \/><span class=\"blog-item-tag\">France<\/span>                        \n                        <div class=\"blog-compact-item-content\">\n                                                        <h3>M\u00e9t\u00e9o Paris : Pr\u00e9visions, climat et conseils pour mieux s\u2019y pr\u00e9parer<\/h3>\n                                                        <p>Recherches populaires Categories Pas de r\u00e9sultats Voir tous les r\u00e9sultats M\u00e9t\u00e9o Paris : Pr\u00e9visions, climat...                            <\/p>\n                                                    <\/div>\n                    <\/div>\n                <\/a>\n            <\/div>\n  <\/div>\n        <\/div>\n        \t\t\t\t<\/div>\n\t\t\t\t<\/div>\n\t\t\t\t\t<\/div>\n\t\t\t\t<\/aside>\n\t\t\t\t<\/div>\n\t\t","protected":false},"excerpt":{"rendered":"<p>Recherches populaires Categories Pas de r\u00e9sultats Voir tous les r\u00e9sultats Mus\u00e9um d\u2019Histoire Naturelle : un tr\u00e9sor scientifique et culturel \u00e0 Paris Le Mus\u00e9um d\u2019Histoire Naturelle est l\u2019un des plus anciens et prestigieux \u00e9tablissements scientifiques au monde. Situ\u00e9 au c\u0153ur de Paris, il incarne \u00e0 la fois la recherche, la conservation de la biodiversit\u00e9, l\u2019\u00e9ducation et [&hellip;]<\/p>\n","protected":false},"author":97,"featured_media":69248,"comment_status":"closed","ping_status":"closed","sticky":false,"template":"","format":"standard","meta":{"ngg_post_thumbnail":0,"footnotes":""},"categories":[1803,477,1021,1022],"tags":[],"class_list":["post-69242","post","type-post","status-publish","format-standard","has-post-thumbnail","hentry","category-5eme-arrondissement","category-france","category-ile-de-france","category-paris"],"_links":{"self":[{"href":"https:\/\/cparici.com\/fr\/wp-json\/wp\/v2\/posts\/69242","targetHints":{"allow":["GET"]}}],"collection":[{"href":"https:\/\/cparici.com\/fr\/wp-json\/wp\/v2\/posts"}],"about":[{"href":"https:\/\/cparici.com\/fr\/wp-json\/wp\/v2\/types\/post"}],"author":[{"embeddable":true,"href":"https:\/\/cparici.com\/fr\/wp-json\/wp\/v2\/users\/97"}],"replies":[{"embeddable":true,"href":"https:\/\/cparici.com\/fr\/wp-json\/wp\/v2\/comments?post=69242"}],"version-history":[{"count":0,"href":"https:\/\/cparici.com\/fr\/wp-json\/wp\/v2\/posts\/69242\/revisions"}],"wp:featuredmedia":[{"embeddable":true,"href":"https:\/\/cparici.com\/fr\/wp-json\/wp\/v2\/media\/69248"}],"wp:attachment":[{"href":"https:\/\/cparici.com\/fr\/wp-json\/wp\/v2\/media?parent=69242"}],"wp:term":[{"taxonomy":"category","embeddable":true,"href":"https:\/\/cparici.com\/fr\/wp-json\/wp\/v2\/categories?post=69242"},{"taxonomy":"post_tag","embeddable":true,"href":"https:\/\/cparici.com\/fr\/wp-json\/wp\/v2\/tags?post=69242"}],"curies":[{"name":"wp","href":"https:\/\/api.w.org\/{rel}","templated":true}]}}