{"id":69289,"date":"2025-08-20T07:20:36","date_gmt":"2025-08-20T05:20:36","guid":{"rendered":"https:\/\/cparici.com\/?p=69289"},"modified":"2026-04-26T22:02:29","modified_gmt":"2026-04-26T20:02:29","slug":"albanie","status":"publish","type":"post","link":"https:\/\/cparici.com\/fr\/albanie\/","title":{"rendered":"Albanie : guide complet pour d\u00e9couvrir le pays"},"content":{"rendered":"\t\t<div data-elementor-type=\"wp-post\" data-elementor-id=\"69289\" class=\"elementor elementor-69289\" data-elementor-post-type=\"post\">\n\t\t\t\t<div class=\"elementor-element elementor-element-62ed810 e-con-full e-flex e-con e-parent\" data-id=\"62ed810\" data-element_type=\"container\" data-e-type=\"container\">\n\t\t\t\t<div class=\"elementor-element elementor-element-de5f9a8 elementor-widget elementor-widget-image\" data-id=\"de5f9a8\" data-element_type=\"widget\" data-e-type=\"widget\" data-widget_type=\"image.default\">\n\t\t\t\t\t\t\t\t\t\t\t\t\t\t\t<img decoding=\"async\" width=\"1500\" height=\"530\" src=\"https:\/\/cparici.com\/wp-content\/uploads\/2025\/08\/cparici-2025-08-19T095402.970.jpg\" class=\"attachment-full size-full wp-image-69290\" alt=\"Albanie\" srcset=\"https:\/\/cparici.com\/wp-content\/uploads\/2025\/08\/cparici-2025-08-19T095402.970.jpg 1500w, https:\/\/cparici.com\/wp-content\/uploads\/2025\/08\/cparici-2025-08-19T095402.970-300x106.jpg 300w, https:\/\/cparici.com\/wp-content\/uploads\/2025\/08\/cparici-2025-08-19T095402.970-1024x362.jpg 1024w, https:\/\/cparici.com\/wp-content\/uploads\/2025\/08\/cparici-2025-08-19T095402.970-768x271.jpg 768w, https:\/\/cparici.com\/wp-content\/uploads\/2025\/08\/cparici-2025-08-19T095402.970-18x6.jpg 18w, https:\/\/cparici.com\/wp-content\/uploads\/2025\/08\/cparici-2025-08-19T095402.970-590x208.jpg 590w, https:\/\/cparici.com\/wp-content\/uploads\/2025\/08\/cparici-2025-08-19T095402.970-1200x424.jpg 1200w, https:\/\/cparici.com\/wp-content\/uploads\/2025\/08\/cparici-2025-08-19T095402.970-577x204.jpg 577w, https:\/\/cparici.com\/wp-content\/uploads\/2025\/08\/cparici-2025-08-19T095402.970-600x212.jpg 600w\" sizes=\"(max-width: 1500px) 100vw, 1500px\" \/>\t\t\t\t\t\t\t\t\t\t\t\t\t\t\t<\/div>\n\t\t\t\t<\/div>\n\t\t<aside class=\"elementor-element elementor-element-fc1fc95 e-flex e-con-boxed e-con e-parent\" data-id=\"fc1fc95\" data-element_type=\"container\" data-e-type=\"container\">\n\t\t\t\t\t<div class=\"e-con-inner\">\n\t\t\t\t<div class=\"elementor-element elementor-element-6f182ba elementor-widget elementor-widget-global elementor-global-62046 elementor-widget-eael-advanced-search\" data-id=\"6f182ba\" data-element_type=\"widget\" data-e-type=\"widget\" data-widget_type=\"eael-advanced-search.default\">\n\t\t\t\t\t        <div class=\"eael-adv-search-wrapper\">\n            <div id=\"eael-advanced-search-widget-6f182ba\" class=\"eael-advanced-search-widget\">\n                <form data-settings=\"{&quot;post_per_page&quot;:5,&quot;search_among_taxonomies&quot;:&quot;&quot;,&quot;search_among_sku&quot;:&quot;no&quot;,&quot;show_popular_keyword&quot;:0,&quot;show_category&quot;:0,&quot;show_content_image&quot;:1,&quot;show_search_result_all_results&quot;:0,&quot;result_on_new_tab&quot;:&quot;no&quot;,&quot;show_product_price&quot;:&quot;no&quot;,&quot;include_current_page&quot;:&quot;no&quot;,&quot;orderby&quot;:&quot;default&quot;,&quot;order&quot;:&quot;DESC&quot;,&quot;current_post_id&quot;:69289,&quot;post_type&quot;:[&quot;post&quot;,&quot;listing&quot;]}\" method=\"POST\" name=\"eael-advanced-search-form-6f182ba\" class=\"eael-advanced-search-form eael-advanced-search-form-style-2\">\n                    <div class=\"eael-advanced-search-wrap\">\n                        <span class=\"eael-adv-search-loader\"><\/span>\n                        <span class=\"eael-adv-search-close\"><i class=\"fas fa-times\"><\/i><\/span>\n                        <span class=\"icon \"><i class=\"fas fa-search\"><\/i><\/span>\n\n                        <input type=\"text\"\n                               placeholder=\"Votre destination\"\n                               class=\"eael-advanced-search\" autocomplete=\"off\" name=\"eael_advanced_search\">\n                    <\/div>\n\t\t\t\t\t                                    <\/form>\n\n\t\t\t\t\n\t\t\t\t        <div class=\"eael-advanced-search-result\">\n            <div class=\"eael-advanced-search-popular-keyword\">\n\t\t\t\t<h4 class=\"eael-advanced-search-popular-keyword-text\">Recherches populaires<\/h4>                <div class=\"eael-popular-keyword-content\"><\/div>\n            <\/div>\n            <div class=\"eael-advanced-search-category\">\n\t\t\t\t<h4 class=\"eael-advanced-search-category-text\">Categories<\/h4>                <div class=\"eael-popular-category-content\"><\/div>\n            <\/div>\n\t\t\t<div class=\"eael-advanced-search-total-results-section\">\n\t\t\t\t\t\t\t<\/div>\n            <div class=\"eael-advanced-search-content eael-item-style-3\">\n            <\/div>\n            <div class=\"eael-advanced-search-not-found\">\n                <p>Pas de r\u00e9sultats<\/p><\/div>\n            <div class=\"eael-advanced-search-load-more\">\n\t\t\t\t<a \tclass=\"eael-advanced-search-load-more-button\"\n                \thref=\"#\">Voir tous les r\u00e9sultats<\/a>\n            <\/div>\n        <\/div>\n\n\t\t            <\/div>\n        <\/div>\n\n\t\t\t\t\t\t<\/div>\n\t\t\t\t\t<\/div>\n\t\t\t\t<\/aside>\n\t\t<div class=\"elementor-element elementor-element-602db79f e-flex e-con-boxed e-con e-parent\" data-id=\"602db79f\" data-element_type=\"container\" data-e-type=\"container\">\n\t\t\t\t\t<div class=\"e-con-inner\">\n\t\t\t\t<div class=\"elementor-element elementor-element-13b514f4 elementor-widget elementor-widget-text-editor\" data-id=\"13b514f4\" data-element_type=\"widget\" data-e-type=\"widget\" data-widget_type=\"text-editor.default\">\n\t\t\t\t\t\t\t\t\t<h1 style=\"text-align: center;\" data-start=\"235\" data-end=\"676\">Albanie : guide complet pour d\u00e9couvrir le pays<\/h1><p data-start=\"235\" data-end=\"676\">Situ\u00e9e au c\u0153ur des <strong data-start=\"254\" data-end=\"265\">Balkans<\/strong>, l\u2019<strong data-start=\"269\" data-end=\"280\">Albanie<\/strong> est un pays encore m\u00e9connu qui attire de plus en plus l\u2019attention des voyageurs et des observateurs internationaux. Bord\u00e9e par la mer Adriatique et la mer Ionienne, elle s\u00e9duit par ses montagnes, ses plages intactes et son patrimoine culturel unique. Longtemps isol\u00e9e du reste de l\u2019<a href=\"https:\/\/cparici.com\/europe\/\">Europe<\/a>, elle conna\u00eet aujourd\u2019hui une v\u00e9ritable transformation et s\u2019impose comme une destination en plein essor.<\/p><p data-start=\"678\" data-end=\"999\">D\u00e9couvrir l\u2019<strong data-start=\"690\" data-end=\"701\">Albanie<\/strong>, c\u2019est aussi s\u2019immerger dans une histoire complexe marqu\u00e9e par l\u2019h\u00e9ritage ottoman, la dictature communiste et la volont\u00e9 d\u2019ouverture vers l\u2019Union europ\u00e9enne. Mais c\u2019est surtout rencontrer un peuple chaleureux et fier de ses traditions, qui fait de ce petit territoire un condens\u00e9 d\u2019authenticit\u00e9.<\/p><p data-start=\"1001\" data-end=\"1303\">Pour mieux comprendre les richesses <em data-start=\"1037\" data-end=\"1046\">du pays<\/em>, vous pouvez consulter \u00e9galement ce guide sur les <a class=\"decorated-link\" href=\"https:\/\/cparici.com\/fr\/visiter-la-france-guide-des-regions-et-sites-touristiques\" target=\"_new\" rel=\"noopener\" data-start=\"1097\" data-end=\"1220\">r\u00e9gions et sites touristiques de France<\/a>, afin de comparer la diversit\u00e9 des paysages et du patrimoine culturel europ\u00e9ens.<\/p><h2 data-start=\"61\" data-end=\"98\">L\u2019Albanie et sa g\u00e9ographie unique<\/h2><p data-start=\"100\" data-end=\"632\">L\u2019<strong data-start=\"102\" data-end=\"113\">Albanie<\/strong> occupe une position strat\u00e9gique dans le sud-est de l\u2019Europe, au c\u0153ur de la p\u00e9ninsule des <strong data-start=\"203\" data-end=\"214\">Balkans<\/strong>. Son territoire s\u2019\u00e9tend sur environ 28 700 km\u00b2, ce qui en fait un pays de taille modeste, mais \u00e0 la diversit\u00e9 g\u00e9ographique impressionnante. Pr\u00e8s de 70 % de sa superficie est compos\u00e9e de <strong data-start=\"401\" data-end=\"414\">montagnes<\/strong> et de reliefs escarp\u00e9s, ce qui lui vaut parfois le surnom de \u00ab pays des aigles \u00bb. Cette morphologie particuli\u00e8re a fa\u00e7onn\u00e9 son histoire, son \u00e9conomie et ses modes de vie, tout en offrant des paysages spectaculaires.<\/p><p data-start=\"634\" data-end=\"1022\">Avec ses c\u00f4tes qui s\u2019ouvrent \u00e0 la fois sur la <strong data-start=\"680\" data-end=\"698\">mer Adriatique<\/strong> et la <strong data-start=\"705\" data-end=\"721\">mer Ionienne<\/strong>, l\u2019<strong data-start=\"725\" data-end=\"736\">Albanie<\/strong> dispose d\u2019un littoral riche en plages pr\u00e9serv\u00e9es, criques sauvages et stations baln\u00e9aires \u00e9mergentes. Cette combinaison entre mer et montagne fait du pays une destination rare o\u00f9 il est possible de passer des sommets enneig\u00e9s aux eaux turquoise en seulement quelques heures de route.<\/p><p data-start=\"1024\" data-end=\"1296\">Le <strong data-start=\"1027\" data-end=\"1037\">climat<\/strong> est lui aussi vari\u00e9 : m\u00e9diterran\u00e9en sur la c\u00f4te, avec des \u00e9t\u00e9s chauds et secs, mais plus continental \u00e0 l\u2019int\u00e9rieur des terres, o\u00f9 les hivers peuvent \u00eatre rigoureux. Ce contraste climatique contribue \u00e0 la richesse agricole et \u00e0 la diversit\u00e9 des \u00e9cosyst\u00e8mes.<\/p><figure id=\"attachment_69291\" aria-describedby=\"caption-attachment-69291\" style=\"width: 1500px\" class=\"wp-caption aligncenter\"><a href=\"https:\/\/cparici.com\/wp-content\/uploads\/2025\/08\/cparici-2025-08-20T070434.669.jpg\"><img decoding=\"async\" class=\"wp-image-69291 size-full\" src=\"https:\/\/cparici.com\/wp-content\/uploads\/2025\/08\/cparici-2025-08-20T070434.669.jpg\" alt=\"Albanie, Ksamil\" width=\"1500\" height=\"530\" srcset=\"https:\/\/cparici.com\/wp-content\/uploads\/2025\/08\/cparici-2025-08-20T070434.669.jpg 1500w, https:\/\/cparici.com\/wp-content\/uploads\/2025\/08\/cparici-2025-08-20T070434.669-300x106.jpg 300w, https:\/\/cparici.com\/wp-content\/uploads\/2025\/08\/cparici-2025-08-20T070434.669-1024x362.jpg 1024w, https:\/\/cparici.com\/wp-content\/uploads\/2025\/08\/cparici-2025-08-20T070434.669-768x271.jpg 768w, https:\/\/cparici.com\/wp-content\/uploads\/2025\/08\/cparici-2025-08-20T070434.669-18x6.jpg 18w, https:\/\/cparici.com\/wp-content\/uploads\/2025\/08\/cparici-2025-08-20T070434.669-590x208.jpg 590w, https:\/\/cparici.com\/wp-content\/uploads\/2025\/08\/cparici-2025-08-20T070434.669-1200x424.jpg 1200w, https:\/\/cparici.com\/wp-content\/uploads\/2025\/08\/cparici-2025-08-20T070434.669-577x204.jpg 577w, https:\/\/cparici.com\/wp-content\/uploads\/2025\/08\/cparici-2025-08-20T070434.669-600x212.jpg 600w\" sizes=\"(max-width: 1500px) 100vw, 1500px\" \/><\/a><figcaption id=\"caption-attachment-69291\" class=\"wp-caption-text\">Albanie, Ksamil<\/figcaption><\/figure><h3 data-start=\"1303\" data-end=\"1339\">R\u00e9gions naturelles de l\u2019Albanie<\/h3><p data-start=\"1341\" data-end=\"1460\">L\u2019<strong data-start=\"1343\" data-end=\"1354\">Albanie<\/strong> peut \u00eatre divis\u00e9e en trois grandes zones naturelles, chacune pr\u00e9sentant un visage particulier du pays :<\/p><ul data-start=\"1462\" data-end=\"2332\"><li data-start=\"1462\" data-end=\"1759\"><p data-start=\"1464\" data-end=\"1759\"><strong data-start=\"1464\" data-end=\"1486\">Le Nord montagneux<\/strong> : Les Alpes albanaises, aussi appel\u00e9es \u00ab Montagnes maudites \u00bb, sont r\u00e9put\u00e9es pour leurs paysages sauvages et leurs vall\u00e9es recul\u00e9es. C\u2019est une r\u00e9gion id\u00e9ale pour la <strong data-start=\"1652\" data-end=\"1665\">randonn\u00e9e<\/strong> et l\u2019<strong data-start=\"1671\" data-end=\"1686\">\u00e9cotourisme<\/strong>, avec des villages o\u00f9 les traditions ancestrales sont encore vivantes.<\/p><\/li><li data-start=\"1761\" data-end=\"1990\"><p data-start=\"1763\" data-end=\"1990\"><strong data-start=\"1763\" data-end=\"1800\">Le Centre et ses plaines fertiles<\/strong> : Cette zone englobe la capitale Tirana et de vastes terres agricoles. Les plaines de Myzeqe sont consid\u00e9r\u00e9es comme le grenier agricole du pays, produisant c\u00e9r\u00e9ales, l\u00e9gumes et vignobles.<\/p><\/li><li data-start=\"1992\" data-end=\"2332\"><p data-start=\"1994\" data-end=\"2332\"><strong data-start=\"1994\" data-end=\"2028\">Le Sud et la Riviera albanaise<\/strong> : L\u2019un des atouts majeurs du tourisme en <strong data-start=\"2070\" data-end=\"2081\">Albanie<\/strong>. Entre Saranda et Vlora, on y trouve des plages comparables \u00e0 celles de la Gr\u00e8ce, mais souvent moins fr\u00e9quent\u00e9es. La r\u00e9gion est aussi marqu\u00e9e par des sites antiques et des villes historiques comme Butrint, class\u00e9e au patrimoine mondial de l\u2019UNESCO.<\/p><\/li><\/ul><p data-start=\"2334\" data-end=\"2517\">En r\u00e9sum\u00e9, la g\u00e9ographie de l\u2019<strong data-start=\"2364\" data-end=\"2375\">Albanie<\/strong> est une mosa\u00efque de paysages contrast\u00e9s, o\u00f9 la nature joue un r\u00f4le central dans l\u2019identit\u00e9 nationale et dans son d\u00e9veloppement touristique.<\/p><h2 data-start=\"132\" data-end=\"155\">Tourisme en Albanie<\/h2><p data-start=\"157\" data-end=\"565\">Le <strong data-start=\"160\" data-end=\"183\">tourisme en Albanie<\/strong> conna\u00eet depuis quelques ann\u00e9es une v\u00e9ritable explosion. Longtemps rest\u00e9 en retrait des grands circuits touristiques europ\u00e9ens, le pays s\u2019impose d\u00e9sormais comme une <strong data-start=\"348\" data-end=\"373\">destination \u00e9mergente<\/strong> gr\u00e2ce \u00e0 ses paysages vari\u00e9s, ses plages intactes et son patrimoine historique unique. En 2023, il a accueilli plus de 10 millions de visiteurs, un record pour ce petit pays des <strong data-start=\"551\" data-end=\"562\">Balkans<\/strong>.<\/p><p data-start=\"567\" data-end=\"901\">L\u2019un des principaux atouts de l\u2019<strong data-start=\"599\" data-end=\"610\">Albanie<\/strong> r\u00e9side dans la combinaison rare entre <strong data-start=\"649\" data-end=\"690\">mer, montagnes et patrimoine culturel<\/strong>. Il est possible, en quelques jours, de profiter des eaux turquoise de la Riviera albanaise, de visiter des villes inscrites au <a href=\"https:\/\/cparici.com\/patrimoine-mondial-de-l-unesco-en-france\/\">patrimoine mondial de l\u2019UNESCO<\/a>, et de randonner dans des massifs spectaculaires.<\/p><h3 data-start=\"908\" data-end=\"953\">Pourquoi visiter l\u2019Albanie aujourd\u2019hui ?<\/h3><p data-start=\"955\" data-end=\"1022\">Plusieurs raisons expliquent l\u2019essor du <strong data-start=\"995\" data-end=\"1018\">tourisme en Albanie<\/strong> :<\/p><ul data-start=\"1024\" data-end=\"1542\"><li data-start=\"1024\" data-end=\"1162\"><p data-start=\"1026\" data-end=\"1162\"><strong data-start=\"1026\" data-end=\"1047\">Un pays abordable<\/strong> : compar\u00e9 \u00e0 ses voisins, l\u2019<strong data-start=\"1075\" data-end=\"1086\">Albanie<\/strong> reste peu ch\u00e8re en mati\u00e8re d\u2019h\u00e9bergement, de restauration et d\u2019activit\u00e9s.<\/p><\/li><li data-start=\"1163\" data-end=\"1302\"><p data-start=\"1165\" data-end=\"1302\"><strong data-start=\"1165\" data-end=\"1195\">Une authenticit\u00e9 pr\u00e9serv\u00e9e<\/strong> : encore moins envahie par le tourisme de masse, elle offre une exp\u00e9rience plus proche de la vie locale.<\/p><\/li><li data-start=\"1303\" data-end=\"1418\"><p data-start=\"1305\" data-end=\"1418\"><strong data-start=\"1305\" data-end=\"1338\">Un climat m\u00e9diterran\u00e9en id\u00e9al<\/strong> : avec des \u00e9t\u00e9s ensoleill\u00e9s et des hivers doux, le pays attire toute l\u2019ann\u00e9e.<\/p><\/li><li data-start=\"1419\" data-end=\"1542\"><p data-start=\"1421\" data-end=\"1542\"><strong data-start=\"1421\" data-end=\"1451\">Une hospitalit\u00e9 l\u00e9gendaire<\/strong> : les Albanais sont connus pour leur accueil chaleureux et leur sens de la convivialit\u00e9.<\/p><\/li><\/ul><h3 data-start=\"1549\" data-end=\"1588\">Les plages et la Riviera albanaise<\/h3><p data-start=\"1590\" data-end=\"1827\">La <strong data-start=\"1593\" data-end=\"1614\">Riviera albanaise<\/strong> est sans doute le joyau du tourisme dans le pays. Entre <strong data-start=\"1671\" data-end=\"1680\">Vlora<\/strong> et <strong data-start=\"1684\" data-end=\"1695\">Saranda<\/strong>, les voyageurs d\u00e9couvrent des criques secr\u00e8tes, des plages de sable fin et des eaux d\u2019un bleu \u00e9clatant. Parmi les plus c\u00e9l\u00e8bres :<\/p><ul data-start=\"1829\" data-end=\"2081\"><li data-start=\"1829\" data-end=\"1937\"><p data-start=\"1831\" data-end=\"1937\"><strong data-start=\"1831\" data-end=\"1841\">Ksamil<\/strong> : souvent compar\u00e9e aux plages grecques voisines, avec ses petites \u00eeles accessibles \u00e0 la nage.<\/p><\/li><li data-start=\"1938\" data-end=\"2007\"><p data-start=\"1940\" data-end=\"2007\"><strong data-start=\"1940\" data-end=\"1950\">Dhermi<\/strong> : r\u00e9put\u00e9e pour son sable blanc et ses soir\u00e9es anim\u00e9es.<\/p><\/li><li data-start=\"2008\" data-end=\"2081\"><p data-start=\"2010\" data-end=\"2081\"><strong data-start=\"2010\" data-end=\"2020\">Himara<\/strong> : un m\u00e9lange de plages tranquilles et d\u2019h\u00e9ritage culturel.<\/p><\/li><\/ul><h3 data-start=\"2088\" data-end=\"2130\">Villes historiques et sites culturels<\/h3><p data-start=\"2132\" data-end=\"2242\">Le <strong data-start=\"2135\" data-end=\"2158\">tourisme en Albanie<\/strong> ne se limite pas aux plages. Le pays abrite des sites historiques exceptionnels :<\/p><ul data-start=\"2244\" data-end=\"2646\"><li data-start=\"2244\" data-end=\"2345\"><p data-start=\"2246\" data-end=\"2345\"><strong data-start=\"2246\" data-end=\"2255\">Berat<\/strong> : surnomm\u00e9e \u00ab la ville aux mille fen\u00eatres \u00bb, class\u00e9e au patrimoine mondial de l\u2019UNESCO.<\/p><\/li><li data-start=\"2346\" data-end=\"2449\"><p data-start=\"2348\" data-end=\"2449\"><strong data-start=\"2348\" data-end=\"2363\">Gjirokast\u00ebr<\/strong> : autre site UNESCO, c\u00e9l\u00e8bre pour ses maisons ottomanes et son imposante citadelle.<\/p><\/li><li data-start=\"2450\" data-end=\"2544\"><p data-start=\"2452\" data-end=\"2544\"><strong data-start=\"2452\" data-end=\"2461\">Kruj\u00eb<\/strong> : ville embl\u00e9matique de Skanderbeg, h\u00e9ros national, avec son bazar traditionnel.<\/p><\/li><li data-start=\"2545\" data-end=\"2646\"><p data-start=\"2547\" data-end=\"2646\"><strong data-start=\"2547\" data-end=\"2558\">Butrint<\/strong> : site arch\u00e9ologique majeur, t\u00e9moin de la civilisation grecque, romaine et byzantine.<\/p><\/li><\/ul><h3 data-start=\"2653\" data-end=\"2690\">Nature et activit\u00e9s de plein air<\/h3><p data-start=\"2692\" data-end=\"3021\">L\u2019<strong data-start=\"2694\" data-end=\"2705\">Albanie<\/strong> est \u00e9galement une terre d\u2019<strong data-start=\"2732\" data-end=\"2747\">\u00e9cotourisme<\/strong>. Dans les Alpes albanaises, les randonneurs explorent des vall\u00e9es pr\u00e9serv\u00e9es comme Theth et Valbona. Les amateurs de sports nautiques profitent des lacs d\u2019Ohrid et de Shkodra, tandis que les aventuriers d\u00e9couvrent les canyons, grottes et cascades diss\u00e9min\u00e9s dans le pays.<\/p><p data-start=\"2692\" data-end=\"3021\"><a href=\"https:\/\/cparici.com\/wp-content\/uploads\/2025\/08\/cparici-2025-08-20T071058.384.jpg\"><img decoding=\"async\" class=\"aligncenter wp-image-69293 size-full\" src=\"https:\/\/cparici.com\/wp-content\/uploads\/2025\/08\/cparici-2025-08-20T071058.384.jpg\" alt=\"Albanie nature\" width=\"1500\" height=\"530\" srcset=\"https:\/\/cparici.com\/wp-content\/uploads\/2025\/08\/cparici-2025-08-20T071058.384.jpg 1500w, https:\/\/cparici.com\/wp-content\/uploads\/2025\/08\/cparici-2025-08-20T071058.384-300x106.jpg 300w, https:\/\/cparici.com\/wp-content\/uploads\/2025\/08\/cparici-2025-08-20T071058.384-1024x362.jpg 1024w, https:\/\/cparici.com\/wp-content\/uploads\/2025\/08\/cparici-2025-08-20T071058.384-768x271.jpg 768w, https:\/\/cparici.com\/wp-content\/uploads\/2025\/08\/cparici-2025-08-20T071058.384-18x6.jpg 18w, https:\/\/cparici.com\/wp-content\/uploads\/2025\/08\/cparici-2025-08-20T071058.384-590x208.jpg 590w, https:\/\/cparici.com\/wp-content\/uploads\/2025\/08\/cparici-2025-08-20T071058.384-1200x424.jpg 1200w, https:\/\/cparici.com\/wp-content\/uploads\/2025\/08\/cparici-2025-08-20T071058.384-577x204.jpg 577w, https:\/\/cparici.com\/wp-content\/uploads\/2025\/08\/cparici-2025-08-20T071058.384-600x212.jpg 600w\" sizes=\"(max-width: 1500px) 100vw, 1500px\" \/><\/a><\/p><h3 data-start=\"3028\" data-end=\"3065\">La gastronomie et les traditions<\/h3><p data-start=\"3067\" data-end=\"3240\">Un voyage en <strong data-start=\"3080\" data-end=\"3091\">Albanie<\/strong> passe aussi par la d\u00e9couverte de sa cuisine. Influenc\u00e9e par la M\u00e9diterran\u00e9e, les Balkans et l\u2019Empire ottoman, elle m\u00e9lange simplicit\u00e9 et saveurs :<\/p><ul data-start=\"3242\" data-end=\"3446\"><li data-start=\"3242\" data-end=\"3323\"><p data-start=\"3244\" data-end=\"3323\"><strong data-start=\"3244\" data-end=\"3253\">Byrek<\/strong> : une tourte feuillet\u00e9e garnie de fromage, d\u2019\u00e9pinards ou de viande.<\/p><\/li><li data-start=\"3324\" data-end=\"3387\"><p data-start=\"3326\" data-end=\"3387\"><strong data-start=\"3326\" data-end=\"3339\">Tav\u00eb kosi<\/strong> : plat national \u00e0 base d\u2019agneau et de yaourt.<\/p><\/li><li data-start=\"3388\" data-end=\"3446\"><p data-start=\"3390\" data-end=\"3446\"><strong data-start=\"3390\" data-end=\"3419\">Poissons et fruits de mer<\/strong> : abondants sur la c\u00f4te.<\/p><\/li><\/ul><p data-start=\"3448\" data-end=\"3630\">La <strong data-start=\"3451\" data-end=\"3476\">viticulture albanaise<\/strong>, en pleine renaissance, s\u00e9duit \u00e9galement les amateurs de vin. Les c\u00e9pages locaux comme le Shesh ou le Kallmet gagnent en reconnaissance internationale.<\/p><p data-start=\"3632\" data-end=\"3834\">Enfin, le <strong data-start=\"3642\" data-end=\"3665\">tourisme en Albanie<\/strong> s\u2019enrichit de ses traditions vivantes : musiques polyphoniques, festivals religieux et artisanat local, qui plongent les visiteurs au c\u0153ur de son identit\u00e9 culturelle.<\/p><h2 data-start=\"163\" data-end=\"205\">10 choses \u00e0 voir absolument en Albanie<\/h2><p data-start=\"207\" data-end=\"556\">Pays encore m\u00e9connu des Balkans, l\u2019<strong data-start=\"242\" data-end=\"253\">Albanie<\/strong> est une destination qui surprend par sa richesse naturelle, son patrimoine culturel et ses traditions authentiques. Entre montagnes, plages paradisiaques et villes historiques, elle offre une diversit\u00e9 unique en Europe. Voici 10 incontournables \u00e0 d\u00e9couvrir absolument lors d\u2019un voyage en <strong data-start=\"542\" data-end=\"553\">Albanie<\/strong>.<\/p><h3 data-start=\"563\" data-end=\"600\">1. Tirana, la capitale vibrante<\/h3><p data-start=\"601\" data-end=\"836\">Color\u00e9e et dynamique, <strong data-start=\"623\" data-end=\"633\">Tirana<\/strong> est le c\u0153ur moderne de l\u2019<strong data-start=\"659\" data-end=\"670\">Albanie<\/strong>. Entre ses places r\u00e9nov\u00e9es, ses mus\u00e9es install\u00e9s dans d\u2019anciens bunkers et son atmosph\u00e8re m\u00e9diterran\u00e9enne, la ville refl\u00e8te le visage d\u2019un pays en plein renouveau.<\/p><h3 data-start=\"838\" data-end=\"881\">2. Berat, la ville aux mille fen\u00eatres<\/h3><p data-start=\"882\" data-end=\"1058\">Class\u00e9e au patrimoine mondial de l\u2019UNESCO, <strong data-start=\"925\" data-end=\"934\">Berat<\/strong> s\u00e9duit par ses maisons ottomanes blanches aux innombrables fen\u00eatres, son ch\u00e2teau perch\u00e9 et ses ruelles pleines de charme.<\/p><p data-start=\"882\" data-end=\"1058\"><a href=\"https:\/\/cparici.com\/wp-content\/uploads\/2025\/08\/cparici-2025-08-20T071648.547.jpg\"><img decoding=\"async\" class=\"aligncenter wp-image-69296 size-full\" src=\"https:\/\/cparici.com\/wp-content\/uploads\/2025\/08\/cparici-2025-08-20T071648.547.jpg\" alt=\"Berat la ville aux mille fen\u00eatres\" width=\"1500\" height=\"530\" srcset=\"https:\/\/cparici.com\/wp-content\/uploads\/2025\/08\/cparici-2025-08-20T071648.547.jpg 1500w, https:\/\/cparici.com\/wp-content\/uploads\/2025\/08\/cparici-2025-08-20T071648.547-300x106.jpg 300w, https:\/\/cparici.com\/wp-content\/uploads\/2025\/08\/cparici-2025-08-20T071648.547-1024x362.jpg 1024w, https:\/\/cparici.com\/wp-content\/uploads\/2025\/08\/cparici-2025-08-20T071648.547-768x271.jpg 768w, https:\/\/cparici.com\/wp-content\/uploads\/2025\/08\/cparici-2025-08-20T071648.547-18x6.jpg 18w, https:\/\/cparici.com\/wp-content\/uploads\/2025\/08\/cparici-2025-08-20T071648.547-590x208.jpg 590w, https:\/\/cparici.com\/wp-content\/uploads\/2025\/08\/cparici-2025-08-20T071648.547-1200x424.jpg 1200w, https:\/\/cparici.com\/wp-content\/uploads\/2025\/08\/cparici-2025-08-20T071648.547-577x204.jpg 577w, https:\/\/cparici.com\/wp-content\/uploads\/2025\/08\/cparici-2025-08-20T071648.547-600x212.jpg 600w\" sizes=\"(max-width: 1500px) 100vw, 1500px\" \/><\/a><\/p><h3 data-start=\"1060\" data-end=\"1096\">3. Gjirokast\u00ebr, cit\u00e9 de pierre<\/h3><p data-start=\"1097\" data-end=\"1265\">Autre joyau class\u00e9 UNESCO, <strong data-start=\"1124\" data-end=\"1139\">Gjirokast\u00ebr<\/strong> est c\u00e9l\u00e8bre pour ses maisons-forteresses et son immense citadelle. C\u2019est aussi la ville natale de l\u2019\u00e9crivain Isma\u00efl Kadar\u00e9.<\/p><h3 data-start=\"1267\" data-end=\"1296\">4. La Riviera albanaise<\/h3><p data-start=\"1297\" data-end=\"1511\">De <strong data-start=\"1300\" data-end=\"1309\">Vlora<\/strong> \u00e0 <strong data-start=\"1312\" data-end=\"1323\">Saranda<\/strong>, la <strong data-start=\"1328\" data-end=\"1349\">Riviera albanaise<\/strong> d\u00e9voile des plages spectaculaires. Ksamil, Dhermi et Himara comptent parmi les plus belles, avec leurs eaux turquoise comparables \u00e0 celles de la Gr\u00e8ce voisine.<\/p><h3 data-start=\"1513\" data-end=\"1548\">5. Le site antique de Butrint<\/h3><p data-start=\"1549\" data-end=\"1730\">Class\u00e9 UNESCO, le site de <strong data-start=\"1575\" data-end=\"1586\">Butrint<\/strong> t\u00e9moigne des civilisations grecques, romaines et byzantines. Ses ruines, entour\u00e9es de nature, offrent une plong\u00e9e fascinante dans l\u2019histoire.<\/p><h3 data-start=\"1732\" data-end=\"1761\">6. Les Alpes albanaises<\/h3><p data-start=\"1762\" data-end=\"1953\">Au nord du pays, les <strong data-start=\"1783\" data-end=\"1803\">Alpes albanaises<\/strong> ou \u201cMontagnes maudites\u201d sont id\u00e9ales pour la randonn\u00e9e. Les vall\u00e9es de Theth et Valbona s\u00e9duisent par leurs paysages sauvages et leur authenticit\u00e9.<\/p><h3 data-start=\"1955\" data-end=\"1978\">7. Le lac d\u2019Ohrid<\/h3><p data-start=\"1979\" data-end=\"2168\">Partag\u00e9 avec la Mac\u00e9doine du Nord, le <strong data-start=\"2017\" data-end=\"2032\">lac d\u2019Ohrid<\/strong> est l\u2019un des plus anciens d\u2019Europe. Ses eaux cristallines et ses villages pittoresques comme Pogradec en font un lieu incontournable.<\/p><h3 data-start=\"2170\" data-end=\"2199\">8. Kruj\u00eb et son ch\u00e2teau<\/h3><p data-start=\"2200\" data-end=\"2366\">Ville historique li\u00e9e au h\u00e9ros national Skanderbeg, <strong data-start=\"2252\" data-end=\"2261\">Kruj\u00eb<\/strong> abrite un ch\u00e2teau impressionnant et un bazar traditionnel parfait pour d\u00e9couvrir l\u2019artisanat albanais.<\/p><p data-start=\"2200\" data-end=\"2366\"><a href=\"https:\/\/cparici.com\/wp-content\/uploads\/2025\/08\/cparici-2025-08-20T071816.266.jpg\"><img decoding=\"async\" class=\"aligncenter wp-image-69297 size-full\" src=\"https:\/\/cparici.com\/wp-content\/uploads\/2025\/08\/cparici-2025-08-20T071816.266.jpg\" alt=\"Kruj\u00eb et son chateau en Albanie\" width=\"1500\" height=\"530\" srcset=\"https:\/\/cparici.com\/wp-content\/uploads\/2025\/08\/cparici-2025-08-20T071816.266.jpg 1500w, https:\/\/cparici.com\/wp-content\/uploads\/2025\/08\/cparici-2025-08-20T071816.266-300x106.jpg 300w, https:\/\/cparici.com\/wp-content\/uploads\/2025\/08\/cparici-2025-08-20T071816.266-1024x362.jpg 1024w, https:\/\/cparici.com\/wp-content\/uploads\/2025\/08\/cparici-2025-08-20T071816.266-768x271.jpg 768w, https:\/\/cparici.com\/wp-content\/uploads\/2025\/08\/cparici-2025-08-20T071816.266-18x6.jpg 18w, https:\/\/cparici.com\/wp-content\/uploads\/2025\/08\/cparici-2025-08-20T071816.266-590x208.jpg 590w, https:\/\/cparici.com\/wp-content\/uploads\/2025\/08\/cparici-2025-08-20T071816.266-1200x424.jpg 1200w, https:\/\/cparici.com\/wp-content\/uploads\/2025\/08\/cparici-2025-08-20T071816.266-577x204.jpg 577w, https:\/\/cparici.com\/wp-content\/uploads\/2025\/08\/cparici-2025-08-20T071816.266-600x212.jpg 600w\" sizes=\"(max-width: 1500px) 100vw, 1500px\" \/><\/a><\/p><h3 data-start=\"2368\" data-end=\"2405\">9. Le parc national de la Vjosa<\/h3><p data-start=\"2406\" data-end=\"2592\">Surnomm\u00e9 \u201cle dernier fleuve sauvage d\u2019Europe\u201d, le <strong data-start=\"2456\" data-end=\"2465\">Vjosa<\/strong> est un paradis pour les amoureux de nature. Son delta et ses \u00e9cosyst\u00e8mes uniques attirent les d\u00e9fenseurs de l\u2019environnement.<\/p><h3 data-start=\"2594\" data-end=\"2622\">10. Shkodra et son lac<\/h3><p data-start=\"2623\" data-end=\"2815\">Au nord, <strong data-start=\"2632\" data-end=\"2643\">Shkodra<\/strong> est l\u2019une des plus anciennes villes d\u2019<strong data-start=\"2682\" data-end=\"2693\">Albanie<\/strong>. Son lac majestueux, ses pistes cyclables et son ch\u00e2teau de Rozafa en font un lieu id\u00e9al pour m\u00ealer culture et d\u00e9tente.<\/p><p data-start=\"2838\" data-end=\"3099\">Un voyage en <strong data-start=\"2851\" data-end=\"2862\">Albanie<\/strong> est une immersion dans un pays encore pr\u00e9serv\u00e9, entre mer, montagnes et histoire. Ces dix sites incontournables montrent la diversit\u00e9 exceptionnelle d\u2019un territoire qui gagne \u00e0 \u00eatre d\u00e9couvert avant de devenir une destination de masse.<\/p><h2 data-start=\"80\" data-end=\"117\">Histoire et identit\u00e9 de l\u2019Albanie<\/h2><p data-start=\"119\" data-end=\"635\">L\u2019<strong data-start=\"121\" data-end=\"132\">Albanie<\/strong> poss\u00e8de une histoire riche et complexe, fa\u00e7onn\u00e9e par des influences multiples. D\u00e8s l\u2019Antiquit\u00e9, son territoire \u00e9tait occup\u00e9 par les <strong data-start=\"265\" data-end=\"278\">Illyriens<\/strong>, un peuple indo-europ\u00e9en dont les vestiges culturels et linguistiques ont laiss\u00e9 une empreinte durable. Plus tard, le pays a connu la domination romaine puis byzantine, avant de tomber sous la coupe de l\u2019Empire ottoman pendant pr\u00e8s de cinq si\u00e8cles. Cet h\u00e9ritage ottoman a marqu\u00e9 profond\u00e9ment l\u2019organisation sociale, la religion et l\u2019architecture du pays.<\/p><p data-start=\"637\" data-end=\"1091\">L\u2019ind\u00e9pendance de l\u2019<strong data-start=\"657\" data-end=\"668\">Albanie<\/strong> fut proclam\u00e9e en 1912, mais le jeune \u00c9tat dut rapidement affronter de nombreuses instabilit\u00e9s politiques. Au XXe si\u00e8cle, le pays est pass\u00e9 d\u2019une monarchie \u00e0 une r\u00e9publique socialiste, dirig\u00e9e de mani\u00e8re autoritaire par <strong data-start=\"888\" data-end=\"903\">Enver Hoxha<\/strong> entre 1946 et 1991. Ce r\u00e9gime s\u2019est distingu\u00e9 par un isolement extr\u00eame, la construction de milliers de bunkers militaires, et une politique de fermeture quasi totale au monde ext\u00e9rieur.<\/p><p data-start=\"1093\" data-end=\"1425\">Depuis la chute du communisme, l\u2019<strong data-start=\"1126\" data-end=\"1137\">Albanie<\/strong> s\u2019est engag\u00e9e dans une transition d\u00e9mocratique et une ouverture \u00e9conomique. Aujourd\u2019hui, elle aspire \u00e0 int\u00e9grer pleinement l\u2019Union europ\u00e9enne et \u00e0 affirmer son r\u00f4le dans la r\u00e9gion balkanique. Cette \u00e9volution fait partie int\u00e9grante de son identit\u00e9 moderne, entre tradition et modernit\u00e9.<\/p><h3 data-start=\"1432\" data-end=\"1459\">Les symboles nationaux<\/h3><p data-start=\"1461\" data-end=\"1531\">L\u2019identit\u00e9 de l\u2019<strong data-start=\"1477\" data-end=\"1488\">Albanie<\/strong> se refl\u00e8te aussi dans ses <strong data-start=\"1515\" data-end=\"1527\">symboles<\/strong> :<\/p><ul data-start=\"1533\" data-end=\"2276\"><li data-start=\"1533\" data-end=\"1729\"><p data-start=\"1535\" data-end=\"1729\"><strong data-start=\"1535\" data-end=\"1549\">Le drapeau<\/strong> : Rouge avec un <strong data-start=\"1566\" data-end=\"1590\">aigle bic\u00e9phale noir<\/strong>, il incarne la libert\u00e9 et l\u2019ind\u00e9pendance. Cet embl\u00e8me est li\u00e9 \u00e0 Skanderbeg, h\u00e9ros national qui r\u00e9sista \u00e0 l\u2019Empire ottoman au XVe si\u00e8cle.<\/p><\/li><li data-start=\"1730\" data-end=\"1978\"><p data-start=\"1732\" data-end=\"1978\"><strong data-start=\"1732\" data-end=\"1755\">La langue albanaise<\/strong> : Appartenant \u00e0 une branche unique de la famille indo-europ\u00e9enne, elle poss\u00e8de deux grands dialectes, le <strong data-start=\"1861\" data-end=\"1871\">gu\u00e8gue<\/strong> au nord et le <strong data-start=\"1886\" data-end=\"1896\">tosque<\/strong> au sud. Cette diversit\u00e9 linguistique illustre les contrastes r\u00e9gionaux du pays.<\/p><\/li><li data-start=\"1979\" data-end=\"2276\"><p data-start=\"1981\" data-end=\"2276\"><strong data-start=\"1981\" data-end=\"2024\">La religion et la diversit\u00e9 spirituelle<\/strong> : L\u2019<strong data-start=\"2029\" data-end=\"2040\">Albanie<\/strong> est reconnue pour sa tol\u00e9rance religieuse. L\u2019islam (sunnite et bektachi), le christianisme orthodoxe et le catholicisme y coexistent depuis des si\u00e8cles. Le bektachisme, branche mystique de l\u2019islam, y a m\u00eame \u00e9tabli son centre mondial.<\/p><\/li><\/ul><p data-start=\"2278\" data-end=\"2447\">Ces symboles montrent \u00e0 quel point l\u2019histoire de l\u2019<strong data-start=\"2329\" data-end=\"2340\">Albanie<\/strong> est indissociable de son identit\u00e9, faite de r\u00e9sistances, de m\u00e9tissages culturels et de fiert\u00e9 nationale.<\/p><p data-start=\"2278\" data-end=\"2447\"><a href=\"https:\/\/cparici.com\/wp-content\/uploads\/2025\/08\/cparici-2025-08-20T071208.195.jpg\"><img decoding=\"async\" class=\"aligncenter wp-image-69294 size-full\" src=\"https:\/\/cparici.com\/wp-content\/uploads\/2025\/08\/cparici-2025-08-20T071208.195.jpg\" alt=\"Albanie pont de pierre\" width=\"1500\" height=\"530\" srcset=\"https:\/\/cparici.com\/wp-content\/uploads\/2025\/08\/cparici-2025-08-20T071208.195.jpg 1500w, https:\/\/cparici.com\/wp-content\/uploads\/2025\/08\/cparici-2025-08-20T071208.195-300x106.jpg 300w, https:\/\/cparici.com\/wp-content\/uploads\/2025\/08\/cparici-2025-08-20T071208.195-1024x362.jpg 1024w, https:\/\/cparici.com\/wp-content\/uploads\/2025\/08\/cparici-2025-08-20T071208.195-768x271.jpg 768w, https:\/\/cparici.com\/wp-content\/uploads\/2025\/08\/cparici-2025-08-20T071208.195-18x6.jpg 18w, https:\/\/cparici.com\/wp-content\/uploads\/2025\/08\/cparici-2025-08-20T071208.195-590x208.jpg 590w, https:\/\/cparici.com\/wp-content\/uploads\/2025\/08\/cparici-2025-08-20T071208.195-1200x424.jpg 1200w, https:\/\/cparici.com\/wp-content\/uploads\/2025\/08\/cparici-2025-08-20T071208.195-577x204.jpg 577w, https:\/\/cparici.com\/wp-content\/uploads\/2025\/08\/cparici-2025-08-20T071208.195-600x212.jpg 600w\" sizes=\"(max-width: 1500px) 100vw, 1500px\" \/><\/a><\/p><h2 data-start=\"109\" data-end=\"157\">L\u2019Albanie aujourd\u2019hui : soci\u00e9t\u00e9 et politique<\/h2><p data-start=\"159\" data-end=\"539\">Depuis la fin du r\u00e9gime communiste en 1991, l\u2019<strong data-start=\"205\" data-end=\"216\">Albanie<\/strong> a profond\u00e9ment chang\u00e9. Elle est aujourd\u2019hui une r\u00e9publique parlementaire avec une soci\u00e9t\u00e9 en pleine mutation. La transition n\u2019a pas \u00e9t\u00e9 simple : le pays a travers\u00e9 une grave crise \u00e9conomique et politique en 1997, mais il a su se relever et entamer des r\u00e9formes pour s\u2019aligner progressivement sur les standards europ\u00e9ens.<\/p><p data-start=\"541\" data-end=\"879\">Avec environ <strong data-start=\"554\" data-end=\"582\">2,8 millions d\u2019habitants<\/strong>, l\u2019<strong data-start=\"586\" data-end=\"597\">Albanie<\/strong> conna\u00eet une forte urbanisation. Sa capitale, <strong data-start=\"643\" data-end=\"653\">Tirana<\/strong>, est devenue une m\u00e9tropole vibrante, symbole de la modernisation du pays. Les autres grandes villes comme Durr\u00ebs, port strat\u00e9gique sur l\u2019Adriatique, et Shkodra, centre culturel du nord, participent \u00e9galement \u00e0 ce dynamisme.<\/p><h3 data-start=\"886\" data-end=\"920\">Institutions et vie politique<\/h3><p data-start=\"922\" data-end=\"1322\">La sc\u00e8ne politique de l\u2019<strong data-start=\"946\" data-end=\"957\">Albanie<\/strong> est domin\u00e9e par deux grands partis : le <strong data-start=\"998\" data-end=\"1023\">Parti socialiste (PS)<\/strong> et le <strong data-start=\"1030\" data-end=\"1057\">Parti d\u00e9mocratique (PD)<\/strong>. Actuellement, le PS dirig\u00e9 par <strong data-start=\"1090\" data-end=\"1102\">Edi Rama<\/strong> est au pouvoir, avec une nette avance confirm\u00e9e lors des \u00e9lections l\u00e9gislatives de 2025. Son gouvernement met l\u2019accent sur la modernisation \u00e9conomique, le d\u00e9veloppement des infrastructures et l\u2019int\u00e9gration europ\u00e9enne.<\/p><p data-start=\"1324\" data-end=\"1666\">L\u2019<strong data-start=\"1326\" data-end=\"1337\">Albanie<\/strong> est aussi membre de l\u2019OTAN depuis 2009 et candidate officielle \u00e0 l\u2019adh\u00e9sion dans l\u2019Union europ\u00e9enne. L\u2019objectif affich\u00e9 est une int\u00e9gration d\u2019ici 2030, ce qui impliquerait de poursuivre les r\u00e9formes institutionnelles, notamment dans les domaines de la justice, de la lutte contre la corruption et de la gouvernance \u00e9conomique.<\/p><h3 data-start=\"1673\" data-end=\"1717\">Relations internationales et migrations<\/h3><p data-start=\"1719\" data-end=\"2145\">La position g\u00e9ographique de l\u2019<strong data-start=\"1749\" data-end=\"1760\">Albanie<\/strong> en fait un acteur strat\u00e9gique dans les <strong data-start=\"1800\" data-end=\"1811\">Balkans<\/strong>. Elle entretient des relations fortes avec l\u2019Italie et la Gr\u00e8ce, deux partenaires \u00e9conomiques et culturels majeurs. Toutefois, le pays doit aussi g\u00e9rer les enjeux migratoires : des accords ont \u00e9t\u00e9 sign\u00e9s avec l\u2019Italie pour accueillir temporairement des centres de migrants, une d\u00e9cision qui a suscit\u00e9 des d\u00e9bats au niveau europ\u00e9en.<\/p><p data-start=\"2147\" data-end=\"2456\">L\u2019<strong data-start=\"2149\" data-end=\"2160\">Albanie<\/strong> conna\u00eet \u00e9galement une forte \u00e9migration : une partie importante de sa population vit et travaille \u00e0 l\u2019\u00e9tranger, notamment en Italie, en Gr\u00e8ce et en Allemagne. Cette diaspora joue un r\u00f4le crucial dans l\u2019\u00e9conomie nationale gr\u00e2ce aux <strong data-start=\"2391\" data-end=\"2416\">transferts financiers<\/strong> envoy\u00e9s aux familles rest\u00e9es au pays.<\/p><h3 data-start=\"2463\" data-end=\"2498\">Une \u00e9conomie en transformation<\/h3><p data-start=\"2500\" data-end=\"2660\">L\u2019\u00e9conomie albanaise est en pleine mutation. Si l\u2019agriculture reste importante (c\u00e9r\u00e9ales, oliviers, vignes), le pays mise d\u00e9sormais sur de nouveaux secteurs :<\/p><ul data-start=\"2662\" data-end=\"3098\"><li data-start=\"2662\" data-end=\"2775\"><p data-start=\"2664\" data-end=\"2775\"><strong data-start=\"2664\" data-end=\"2684\">Hydro\u00e9lectricit\u00e9<\/strong> : L\u2019<strong data-start=\"2689\" data-end=\"2700\">Albanie<\/strong> poss\u00e8de un important potentiel gr\u00e2ce \u00e0 ses nombreux fleuves et barrages.<\/p><\/li><li data-start=\"2776\" data-end=\"2863\"><p data-start=\"2778\" data-end=\"2863\"><strong data-start=\"2778\" data-end=\"2790\">Tourisme<\/strong> : Un secteur en plein boom, qui repr\u00e9sente une part croissante du PIB.<\/p><\/li><li data-start=\"2864\" data-end=\"2972\"><p data-start=\"2866\" data-end=\"2972\"><strong data-start=\"2866\" data-end=\"2878\">Diaspora<\/strong> : Les envois d\u2019argent constituent une source de revenus vitale pour des milliers de foyers.<\/p><\/li><li data-start=\"2973\" data-end=\"3098\"><p data-start=\"2975\" data-end=\"3098\"><strong data-start=\"2975\" data-end=\"3007\">Infrastructures et num\u00e9rique<\/strong> : La modernisation des routes, des ports et des r\u00e9seaux t\u00e9l\u00e9coms soutient la croissance.<\/p><\/li><\/ul><p data-start=\"3100\" data-end=\"3248\">Ainsi, l\u2019<strong data-start=\"3109\" data-end=\"3120\">Albanie<\/strong> se trouve \u00e0 un tournant : entre ses racines agricoles et son ambition d\u2019\u00eatre un acteur moderne, ouvert et int\u00e9gr\u00e9 \u00e0 l\u2019Europe.<\/p><h2 data-start=\"119\" data-end=\"164\">Enjeux environnementaux et d\u00e9fis modernes<\/h2><p data-start=\"166\" data-end=\"511\">L\u2019<strong data-start=\"168\" data-end=\"179\">Albanie<\/strong> dispose d\u2019une nature pr\u00e9serv\u00e9e qui attire de plus en plus de voyageurs. Mais cette richesse naturelle est aussi fragilis\u00e9e par divers d\u00e9fis modernes, li\u00e9s au <strong data-start=\"338\" data-end=\"363\">changement climatique<\/strong>, \u00e0 l\u2019urbanisation rapide et \u00e0 la pression touristique. Pr\u00e9server l\u2019\u00e9quilibre entre d\u00e9veloppement et durabilit\u00e9 est devenu une priorit\u00e9 nationale.<\/p><h3 data-start=\"518\" data-end=\"544\">Les incendies r\u00e9cents<\/h3><p data-start=\"546\" data-end=\"1033\">Durant l\u2019\u00e9t\u00e9 2025, l\u2019<strong data-start=\"567\" data-end=\"578\">Albanie<\/strong> a \u00e9t\u00e9 frapp\u00e9e par de violents <strong data-start=\"609\" data-end=\"631\">incendies de for\u00eat<\/strong> qui ont d\u00e9truit plus de 33 000 hectares de v\u00e9g\u00e9tation, notamment dans le sud du pays. Ces catastrophes, exacerb\u00e9es par la s\u00e9cheresse et les vagues de chaleur, ont mis en lumi\u00e8re la vuln\u00e9rabilit\u00e9 du territoire face au r\u00e9chauffement climatique. Le gouvernement a renforc\u00e9 la coop\u00e9ration internationale, notamment avec l\u2019Union europ\u00e9enne, pour obtenir une aide en mat\u00e9riel et en formation des pompiers.<\/p><h3 data-start=\"1040\" data-end=\"1081\">Les projets immobiliers controvers\u00e9s<\/h3><p data-start=\"1083\" data-end=\"1565\">Un autre d\u00e9fi majeur concerne les <strong data-start=\"1117\" data-end=\"1140\">projets immobiliers<\/strong> mena\u00e7ant certaines zones naturelles prot\u00e9g\u00e9es. Le delta de la <strong data-start=\"1203\" data-end=\"1212\">Vjosa<\/strong>, consid\u00e9r\u00e9 comme le dernier fleuve sauvage d\u2019Europe, a r\u00e9cemment fait l\u2019objet de d\u00e9bats suite \u00e0 des projets touristiques de luxe port\u00e9s par des investisseurs \u00e9trangers. Ces initiatives ont suscit\u00e9 une forte opposition des ONG \u00e9cologistes et de la population locale, qui craignent une d\u00e9gradation de la biodiversit\u00e9 et de l\u2019identit\u00e9 naturelle du site.<\/p><h3 data-start=\"1572\" data-end=\"1597\">Le tourisme de masse<\/h3><p data-start=\"1599\" data-end=\"2011\">Si le <strong data-start=\"1605\" data-end=\"1628\">tourisme en Albanie<\/strong> est une formidable opportunit\u00e9 \u00e9conomique, il repr\u00e9sente aussi un risque. L\u2019afflux croissant de visiteurs entra\u00eene des probl\u00e8mes de gestion des d\u00e9chets, de pression sur les ressources en eau et de surfr\u00e9quentation de certains sites. Tirana et la Riviera albanaise sont particuli\u00e8rement concern\u00e9es par ces enjeux, n\u00e9cessitant une r\u00e9flexion sur un <strong data-start=\"1975\" data-end=\"1995\">tourisme durable<\/strong> et \u00e9quilibr\u00e9.<\/p><h3 data-start=\"2018\" data-end=\"2057\">Transition \u00e9nerg\u00e9tique et \u00e9cologie<\/h3><p data-start=\"2059\" data-end=\"2429\">L\u2019<strong data-start=\"2061\" data-end=\"2072\">Albanie<\/strong> a un atout majeur : son potentiel en <strong data-start=\"2110\" data-end=\"2136\">\u00e9nergies renouvelables<\/strong>, notamment gr\u00e2ce \u00e0 ses nombreux fleuves. Pr\u00e8s de 100 % de sa production \u00e9lectrique provient d\u00e9j\u00e0 de l\u2019hydro\u00e9lectricit\u00e9. Toutefois, cette d\u00e9pendance rend le pays vuln\u00e9rable aux s\u00e9cheresses. De nouveaux projets li\u00e9s au solaire et \u00e0 l\u2019\u00e9olien sont en cours pour diversifier l\u2019approvisionnement.<\/p><p data-start=\"2431\" data-end=\"2736\">Le pays travaille aussi \u00e0 am\u00e9liorer la gestion des d\u00e9chets, r\u00e9duire la pollution de l\u2019air dans les villes et renforcer la protection de ses parcs nationaux. Ces r\u00e9formes sont essentielles pour r\u00e9pondre aux crit\u00e8res environnementaux de l\u2019Union europ\u00e9enne et pour garantir la pr\u00e9servation de ses paysages.<\/p><p data-start=\"2743\" data-end=\"2960\">En somme, l\u2019<strong data-start=\"2755\" data-end=\"2766\">Albanie<\/strong> est confront\u00e9e \u00e0 une \u00e9quation d\u00e9licate : encourager son d\u00e9veloppement \u00e9conomique et touristique tout en prot\u00e9geant son environnement. La r\u00e9ussite de ce pari sera d\u00e9terminante pour son avenir.<\/p><h2 data-start=\"91\" data-end=\"128\">Culture et mode de vie en Albanie<\/h2><p data-start=\"130\" data-end=\"571\">La <strong data-start=\"133\" data-end=\"155\">culture en Albanie<\/strong> est le reflet de si\u00e8cles d\u2019influences crois\u00e9es entre l\u2019Orient et l\u2019Occident. Sa position g\u00e9ographique, au carrefour de la M\u00e9diterran\u00e9e et des Balkans, lui a permis de d\u00e9velopper une identit\u00e9 unique o\u00f9 se m\u00ealent traditions ancestrales, h\u00e9ritage ottoman et influences europ\u00e9ennes modernes. Aujourd\u2019hui, cette richesse culturelle est l\u2019un des atouts majeurs du pays, autant pour ses habitants que pour les visiteurs.<\/p><h3 data-start=\"578\" data-end=\"610\">Litt\u00e9rature, arts et cin\u00e9ma<\/h3><p data-start=\"612\" data-end=\"921\">La litt\u00e9rature albanaise, longtemps marqu\u00e9e par la transmission orale, a connu un essor au XXe si\u00e8cle avec des \u00e9crivains comme <strong data-start=\"739\" data-end=\"756\">Isma\u00efl Kadar\u00e9<\/strong>, reconnu mondialement pour ses r\u00e9cits historiques et politiques. Son \u0153uvre incarne la m\u00e9moire collective de l\u2019<strong data-start=\"867\" data-end=\"878\">Albanie<\/strong> et son rapport complexe avec l\u2019histoire.<\/p><p data-start=\"923\" data-end=\"1285\">Les arts plastiques, influenc\u00e9s par la p\u00e9riode communiste, connaissent depuis les ann\u00e9es 2000 un renouveau. Les galeries de <strong data-start=\"1047\" data-end=\"1057\">Tirana<\/strong> accueillent des artistes contemporains qui explorent les th\u00e8mes de la libert\u00e9, de l\u2019identit\u00e9 et de la modernit\u00e9. Le cin\u00e9ma albanais, bien que modeste, commence \u00e9galement \u00e0 se faire remarquer dans les festivals internationaux.<\/p><h3 data-start=\"1292\" data-end=\"1325\">H\u00e9ritage ottoman et europ\u00e9en<\/h3><p data-start=\"1327\" data-end=\"1398\">L\u2019architecture albanaise t\u00e9moigne de la diversit\u00e9 de ses influences :<\/p><ul data-start=\"1399\" data-end=\"1726\"><li data-start=\"1399\" data-end=\"1500\"><p data-start=\"1401\" data-end=\"1500\"><strong data-start=\"1401\" data-end=\"1422\">Maisons ottomanes<\/strong> en pierre et toits de bois dans les villes de <strong data-start=\"1469\" data-end=\"1478\">Berat<\/strong> et <strong data-start=\"1482\" data-end=\"1497\">Gjirokast\u00ebr<\/strong>.<\/p><\/li><li data-start=\"1501\" data-end=\"1598\"><p data-start=\"1503\" data-end=\"1598\"><strong data-start=\"1503\" data-end=\"1525\">\u00c9glises orthodoxes<\/strong> et <strong data-start=\"1529\" data-end=\"1541\">mosqu\u00e9es<\/strong> ottomanes, qui symbolisent la cohabitation religieuse.<\/p><\/li><li data-start=\"1599\" data-end=\"1726\"><p data-start=\"1601\" data-end=\"1726\"><strong data-start=\"1601\" data-end=\"1612\">Bunkers<\/strong> de l\u2019\u00e9poque communiste, transform\u00e9s en mus\u00e9es ou lieux culturels, rappelant la m\u00e9moire du r\u00e9gime d\u2019Enver Hoxha.<\/p><\/li><\/ul><p data-start=\"1728\" data-end=\"1836\">Cette combinaison architecturale illustre parfaitement le dialogue permanent entre tradition et modernit\u00e9.<\/p><h3 data-start=\"1843\" data-end=\"1883\">Hospitalit\u00e9 et mode de vie albanais<\/h3><p data-start=\"1885\" data-end=\"2204\">Le mode de vie en <strong data-start=\"1903\" data-end=\"1914\">Albanie<\/strong> est profond\u00e9ment marqu\u00e9 par la <strong data-start=\"1946\" data-end=\"1957\">famille<\/strong> et la convivialit\u00e9. La c\u00e9l\u00e8bre notion de \u00ab <em data-start=\"2001\" data-end=\"2007\">besa<\/em> \u00bb, qui d\u00e9signe l\u2019honneur et la parole donn\u00e9e, reste un pilier de la soci\u00e9t\u00e9. Les visiteurs sont souvent surpris par la g\u00e9n\u00e9rosit\u00e9 des Albanais, qui consid\u00e8rent l\u2019accueil comme une valeur sacr\u00e9e.<\/p><p data-start=\"2206\" data-end=\"2451\">Dans la vie quotidienne, les caf\u00e9s jouent un r\u00f4le social central, en particulier \u00e0 Tirana, o\u00f9 l\u2019on retrouve une ambiance m\u00e9diterran\u00e9enne anim\u00e9e. Les march\u00e9s locaux, color\u00e9s et bruyants, illustrent \u00e9galement la vitalit\u00e9 de la culture populaire.<\/p><h3 data-start=\"2458\" data-end=\"2485\">Modernit\u00e9 et ouverture<\/h3><p data-start=\"2487\" data-end=\"2810\">Depuis deux d\u00e9cennies, l\u2019<strong data-start=\"2512\" data-end=\"2523\">Albanie<\/strong> s\u2019ouvre rapidement au monde. La jeunesse, connect\u00e9e aux r\u00e9seaux sociaux et attir\u00e9e par l\u2019Europe, transforme les habitudes de consommation, de travail et de loisirs. La musique moderne, la mode et le num\u00e9rique participent \u00e0 ce vent de modernit\u00e9, tout en coexistant avec les traditions.<\/p><p data-start=\"2812\" data-end=\"2959\">Cette \u00e9volution illustre parfaitement l\u2019identit\u00e9 contemporaine de l\u2019<strong data-start=\"2880\" data-end=\"2891\">Albanie<\/strong> : un pays fier de son pass\u00e9 mais r\u00e9solument tourn\u00e9 vers l\u2019avenir.<\/p><h2 data-start=\"136\" data-end=\"173\">Foire aux questions sur l\u2019Albanie<\/h2><h3 data-start=\"180\" data-end=\"223\">Quelle est la capitale de l\u2019Albanie ?<\/h3><p data-start=\"224\" data-end=\"413\">La capitale de l\u2019<strong data-start=\"241\" data-end=\"252\">Albanie<\/strong> est <strong data-start=\"257\" data-end=\"267\">Tirana<\/strong>, une ville en pleine transformation. Dynamique et color\u00e9e, elle concentre les institutions politiques, la vie \u00e9conomique et culturelle du pays.<\/p><h3 data-start=\"420\" data-end=\"476\">L\u2019Albanie fait-elle partie de l\u2019Union europ\u00e9enne ?<\/h3><p data-start=\"477\" data-end=\"641\">Non, l\u2019<strong data-start=\"484\" data-end=\"495\">Albanie<\/strong> n\u2019est pas encore membre de l\u2019Union europ\u00e9enne. Elle est cependant candidate officielle depuis 2014 et esp\u00e8re finaliser son adh\u00e9sion d\u2019ici 2030.<\/p><h3 data-start=\"648\" data-end=\"705\">Est-ce que l\u2019Albanie est un pays s\u00fbr pour voyager ?<\/h3><p data-start=\"706\" data-end=\"966\">Oui, l\u2019<strong data-start=\"713\" data-end=\"724\">Albanie<\/strong> est consid\u00e9r\u00e9e comme un pays s\u00fbr pour les touristes. La criminalit\u00e9 y est relativement faible, et l\u2019accueil chaleureux de la population en fait une destination conviviale. Comme partout, il est conseill\u00e9 d\u2019adopter des pr\u00e9cautions basiques.<\/p><h3 data-start=\"973\" data-end=\"1035\">Quelle est la meilleure p\u00e9riode pour visiter l\u2019Albanie ?<\/h3><p data-start=\"1036\" data-end=\"1327\">Le printemps (mai-juin) et l\u2019automne (septembre-octobre) sont id\u00e9aux pour d\u00e9couvrir l\u2019<strong data-start=\"1122\" data-end=\"1133\">Albanie<\/strong>, car le climat est agr\u00e9able et les sites touristiques moins fr\u00e9quent\u00e9s. L\u2019\u00e9t\u00e9 convient parfaitement pour profiter des plages, tandis que l\u2019hiver attire les amateurs de ski dans les montagnes.<\/p><h3 data-start=\"1334\" data-end=\"1379\">Quelles langues parle-t-on en Albanie ?<\/h3><p data-start=\"1380\" data-end=\"1572\">La langue officielle est l\u2019<strong data-start=\"1407\" data-end=\"1419\">albanais<\/strong>, avec ses deux dialectes principaux (tosque et gu\u00e8gue). L\u2019anglais et l\u2019italien sont aussi de plus en plus parl\u00e9s, surtout dans les zones touristiques.<\/p><h3 data-start=\"1579\" data-end=\"1627\">Quels sont les plats typiques en Albanie ?<\/h3><p data-start=\"1628\" data-end=\"1829\">Parmi les sp\u00e9cialit\u00e9s culinaires, on trouve le <strong data-start=\"1675\" data-end=\"1684\">byrek<\/strong> (feuillet\u00e9 garni), le <strong data-start=\"1707\" data-end=\"1720\">tav\u00eb kosi<\/strong> (agneau au yaourt), les grillades de viande, ainsi que des plats de poissons et fruits de mer sur la c\u00f4te.<\/p><h3 data-start=\"1836\" data-end=\"1890\">Quelles sont les plus belles plages en Albanie ?<\/h3><p data-start=\"1891\" data-end=\"2113\">La Riviera albanaise regorge de plages r\u00e9put\u00e9es : <strong data-start=\"1941\" data-end=\"1951\">Ksamil<\/strong>, <strong data-start=\"1953\" data-end=\"1963\">Dhermi<\/strong>, <strong data-start=\"1965\" data-end=\"1975\">Himara<\/strong> et <strong data-start=\"1979\" data-end=\"1987\">Jale<\/strong> figurent parmi les plus belles. Ces plages rivalisent avec celles de Gr\u00e8ce et d\u2019Italie, mais restent souvent moins bond\u00e9es.<\/p><h3 data-start=\"2120\" data-end=\"2166\">Peut-on voyager en Albanie avec l\u2019euro ?<\/h3><p data-start=\"2167\" data-end=\"2307\">La monnaie officielle est le <strong data-start=\"2196\" data-end=\"2218\">lek albanais (ALL)<\/strong>, mais l\u2019euro est largement accept\u00e9 dans les h\u00f4tels, restaurants et zones touristiques.<\/p><h3 data-start=\"2314\" data-end=\"2352\">Comment se d\u00e9placer en Albanie ?<\/h3><p data-start=\"2353\" data-end=\"2610\">Les bus et minibus (<em data-start=\"2373\" data-end=\"2381\">furgon<\/em>) desservent la plupart des villes et villages. La location de voiture est conseill\u00e9e pour explorer la campagne et la Riviera. Les routes principales se modernisent, mais certaines zones montagneuses restent difficiles d\u2019acc\u00e8s.<\/p><h3 data-start=\"2617\" data-end=\"2668\">L\u2019Albanie est-elle ch\u00e8re pour les touristes ?<\/h3><p data-start=\"2669\" data-end=\"2857\">Non, l\u2019<strong data-start=\"2676\" data-end=\"2687\">Albanie<\/strong> est consid\u00e9r\u00e9e comme une destination abordable. Les prix des h\u00e9bergements, restaurants et activit\u00e9s sont bien plus bas que dans la majorit\u00e9 des pays europ\u00e9ens voisins.<\/p><h2 data-start=\"136\" data-end=\"150\">Conclusion<\/h2><p data-start=\"152\" data-end=\"608\">L\u2019<strong data-start=\"154\" data-end=\"165\">Albanie<\/strong> est un pays en pleine m\u00e9tamorphose, o\u00f9 la richesse de la nature, la diversit\u00e9 culturelle et l\u2019hospitalit\u00e9 des habitants s\u2019entrem\u00ealent pour offrir une exp\u00e9rience unique. Longtemps m\u00e9connue et marqu\u00e9e par un isolement historique, elle s\u2019affirme aujourd\u2019hui comme une <strong data-start=\"431\" data-end=\"461\">destination incontournable<\/strong> en Europe. Son patrimoine, ses montagnes majestueuses, ses plages turquoise et sa gastronomie savoureuse s\u00e9duisent de plus en plus de voyageurs.<\/p><p data-start=\"610\" data-end=\"922\">Au-del\u00e0 du tourisme, l\u2019<strong data-start=\"633\" data-end=\"644\">Albanie<\/strong> se distingue par sa volont\u00e9 d\u2019ouverture politique et \u00e9conomique, avec pour horizon l\u2019int\u00e9gration europ\u00e9enne. Elle fait face \u00e0 des d\u00e9fis modernes \u2013 environnement, migrations, urbanisation \u2013 mais elle conserve une identit\u00e9 forte, h\u00e9rit\u00e9e de si\u00e8cles d\u2019histoire et de r\u00e9sistance.<\/p><p data-start=\"924\" data-end=\"1116\">Choisir de d\u00e9couvrir l\u2019<strong data-start=\"947\" data-end=\"958\">Albanie<\/strong>, c\u2019est explorer un pays authentique, \u00e0 la crois\u00e9e de l\u2019Orient et de l\u2019Occident, et participer \u00e0 l\u2019\u00e9mergence d\u2019une nouvelle image de cette terre balkanique.<\/p><p data-start=\"1118\" data-end=\"1276\">Pour approfondir vos connaissances, vous pouvez consulter la page d\u00e9di\u00e9e \u00e0 ce pays sur <a class=\"decorated-link\" href=\"https:\/\/fr.wikipedia.org\/wiki\/Albanie\" target=\"_new\" rel=\"noopener\" data-start=\"1205\" data-end=\"1273\">cette encyclop\u00e9die en ligne<\/a>.<\/p>\t\t\t\t\t\t\t\t<\/div>\n\t\t\t\t\t<\/div>\n\t\t\t\t<\/div>\n\t\t<aside class=\"elementor-element elementor-element-8c6fd14 e-flex e-con-boxed e-con e-parent\" data-id=\"8c6fd14\" data-element_type=\"container\" data-e-type=\"container\">\n\t\t\t\t\t<div class=\"e-con-inner\">\n\t\t\t\t<div class=\"elementor-element elementor-element-8557fd1 elementor-widget elementor-widget-listeo-posts-grid\" data-id=\"8557fd1\" data-element_type=\"widget\" data-e-type=\"widget\" data-widget_type=\"listeo-posts-grid.default\">\n\t\t\t\t<div class=\"elementor-widget-container\">\n\t\t\t\t\t\t\t\n\t\t<div class=\"listeo-post-grid-wrapper\">\n\t\t\t<div class=\"row\">\n\n\t\t\t\n\n\t\t\t\t\t\t\t<div class=\"col-md-4\">\n                <a href=\"https:\/\/cparici.com\/fr\/canyoning\/\" class=\"blog-compact-item-container\">\n                    <div class=\"blog-compact-item\">\n                        <img decoding=\"async\" width=\"577\" height=\"204\" src=\"https:\/\/cparici.com\/wp-content\/uploads\/2025\/08\/cparici-2025-08-22T174844.961-577x204.jpg\" class=\"attachment-listeo-blog-related-post size-listeo-blog-related-post wp-post-image\" alt=\"Canyoning\" srcset=\"https:\/\/cparici.com\/wp-content\/uploads\/2025\/08\/cparici-2025-08-22T174844.961-577x204.jpg 577w, https:\/\/cparici.com\/wp-content\/uploads\/2025\/08\/cparici-2025-08-22T174844.961-300x106.jpg 300w, https:\/\/cparici.com\/wp-content\/uploads\/2025\/08\/cparici-2025-08-22T174844.961-1024x362.jpg 1024w, https:\/\/cparici.com\/wp-content\/uploads\/2025\/08\/cparici-2025-08-22T174844.961-768x271.jpg 768w, https:\/\/cparici.com\/wp-content\/uploads\/2025\/08\/cparici-2025-08-22T174844.961-18x6.jpg 18w, https:\/\/cparici.com\/wp-content\/uploads\/2025\/08\/cparici-2025-08-22T174844.961-590x208.jpg 590w, https:\/\/cparici.com\/wp-content\/uploads\/2025\/08\/cparici-2025-08-22T174844.961-1200x424.jpg 1200w, https:\/\/cparici.com\/wp-content\/uploads\/2025\/08\/cparici-2025-08-22T174844.961-600x212.jpg 600w, https:\/\/cparici.com\/wp-content\/uploads\/2025\/08\/cparici-2025-08-22T174844.961.jpg 1500w\" sizes=\"(max-width: 577px) 100vw, 577px\" \/><span class=\"blog-item-tag\">Canyoning<\/span>                        \n                        <div class=\"blog-compact-item-content\">\n                                                        <h3>Canyoning : une immersion entre nature et adr\u00e9naline<\/h3>\n                                                        <p>Recherches populaires Categories Pas de r\u00e9sultats Voir tous les r\u00e9sultats Canyoning : une immersion entre...                            <\/p>\n                                                    <\/div>\n                    <\/div>\n                <\/a>\n            <\/div>\n\t\t\t<div class=\"col-md-4\">\n                <a href=\"https:\/\/cparici.com\/fr\/surf-france\/\" class=\"blog-compact-item-container\">\n                    <div class=\"blog-compact-item\">\n                        <img decoding=\"async\" width=\"577\" height=\"204\" src=\"https:\/\/cparici.com\/wp-content\/uploads\/2024\/07\/surf-france.jpg\" class=\"attachment-listeo-blog-related-post size-listeo-blog-related-post wp-post-image\" alt=\"surf france - sport nautique activit\u00e9s nautiques\" srcset=\"https:\/\/cparici.com\/wp-content\/uploads\/2024\/07\/surf-france.jpg 1500w, https:\/\/cparici.com\/wp-content\/uploads\/2024\/07\/surf-france-600x212.jpg 600w, https:\/\/cparici.com\/wp-content\/uploads\/2024\/07\/surf-france-300x106.jpg 300w, https:\/\/cparici.com\/wp-content\/uploads\/2024\/07\/surf-france-1024x362.jpg 1024w, https:\/\/cparici.com\/wp-content\/uploads\/2024\/07\/surf-france-768x271.jpg 768w\" sizes=\"(max-width: 577px) 100vw, 577px\" \/><span class=\"blog-item-tag\">Europe<\/span>                        \n                        <div class=\"blog-compact-item-content\">\n                                                        <h3>Le Surf en France \u2013 Une Passion D\u00e9bordante<\/h3>\n                                                        <p>D\u00e9couvrez le surf, ses diff\u00e9rentes pratiques, les niveaux, les types de vagues, les spots en...                            <\/p>\n                                                    <\/div>\n                    <\/div>\n                <\/a>\n            <\/div>\n\t\t\t<div class=\"col-md-4\">\n                <a href=\"https:\/\/cparici.com\/fr\/croatie\/\" class=\"blog-compact-item-container\">\n                    <div class=\"blog-compact-item\">\n                        <img decoding=\"async\" width=\"577\" height=\"204\" src=\"https:\/\/cparici.com\/wp-content\/uploads\/2025\/08\/cparici-2025-08-20T203905.009-577x204.jpg\" class=\"attachment-listeo-blog-related-post size-listeo-blog-related-post wp-post-image\" alt=\"Croatie\" srcset=\"https:\/\/cparici.com\/wp-content\/uploads\/2025\/08\/cparici-2025-08-20T203905.009-577x204.jpg 577w, https:\/\/cparici.com\/wp-content\/uploads\/2025\/08\/cparici-2025-08-20T203905.009-300x106.jpg 300w, https:\/\/cparici.com\/wp-content\/uploads\/2025\/08\/cparici-2025-08-20T203905.009-1024x362.jpg 1024w, https:\/\/cparici.com\/wp-content\/uploads\/2025\/08\/cparici-2025-08-20T203905.009-768x271.jpg 768w, https:\/\/cparici.com\/wp-content\/uploads\/2025\/08\/cparici-2025-08-20T203905.009-18x6.jpg 18w, https:\/\/cparici.com\/wp-content\/uploads\/2025\/08\/cparici-2025-08-20T203905.009-590x208.jpg 590w, https:\/\/cparici.com\/wp-content\/uploads\/2025\/08\/cparici-2025-08-20T203905.009-1200x424.jpg 1200w, https:\/\/cparici.com\/wp-content\/uploads\/2025\/08\/cparici-2025-08-20T203905.009-600x212.jpg 600w, https:\/\/cparici.com\/wp-content\/uploads\/2025\/08\/cparici-2025-08-20T203905.009.jpg 1500w\" sizes=\"(max-width: 577px) 100vw, 577px\" \/><span class=\"blog-item-tag\">Croatie<\/span>                        \n                        <div class=\"blog-compact-item-content\">\n                                                        <h3>Croatie, guide complet des incontournables<\/h3>\n                                                        <p>Recherches populaires Categories Pas de r\u00e9sultats Voir tous les r\u00e9sultats Croatie, guide complet des incontournables...                            <\/p>\n                                                    <\/div>\n                    <\/div>\n                <\/a>\n            <\/div>\n  <\/div>\n        <\/div>\n        \t\t\t\t<\/div>\n\t\t\t\t<\/div>\n\t\t\t\t\t<\/div>\n\t\t\t\t<\/aside>\n\t\t\t\t<\/div>\n\t\t","protected":false},"excerpt":{"rendered":"<p>Recherches populaires Categories Pas de r\u00e9sultats Voir tous les r\u00e9sultats Albanie : guide complet pour d\u00e9couvrir le pays Situ\u00e9e au c\u0153ur des Balkans, l\u2019Albanie est un pays encore m\u00e9connu qui attire de plus en plus l\u2019attention des voyageurs et des observateurs internationaux. Bord\u00e9e par la mer Adriatique et la mer Ionienne, elle s\u00e9duit par ses [&hellip;]<\/p>\n","protected":false},"author":97,"featured_media":69290,"comment_status":"closed","ping_status":"closed","sticky":false,"template":"elementor_header_footer","format":"standard","meta":{"ngg_post_thumbnail":0,"footnotes":""},"categories":[2774,1223],"tags":[],"class_list":["post-69289","post","type-post","status-publish","format-standard","has-post-thumbnail","hentry","category-albanie","category-europe"],"_links":{"self":[{"href":"https:\/\/cparici.com\/fr\/wp-json\/wp\/v2\/posts\/69289","targetHints":{"allow":["GET"]}}],"collection":[{"href":"https:\/\/cparici.com\/fr\/wp-json\/wp\/v2\/posts"}],"about":[{"href":"https:\/\/cparici.com\/fr\/wp-json\/wp\/v2\/types\/post"}],"author":[{"embeddable":true,"href":"https:\/\/cparici.com\/fr\/wp-json\/wp\/v2\/users\/97"}],"replies":[{"embeddable":true,"href":"https:\/\/cparici.com\/fr\/wp-json\/wp\/v2\/comments?post=69289"}],"version-history":[{"count":2,"href":"https:\/\/cparici.com\/fr\/wp-json\/wp\/v2\/posts\/69289\/revisions"}],"predecessor-version":[{"id":89509,"href":"https:\/\/cparici.com\/fr\/wp-json\/wp\/v2\/posts\/69289\/revisions\/89509"}],"wp:featuredmedia":[{"embeddable":true,"href":"https:\/\/cparici.com\/fr\/wp-json\/wp\/v2\/media\/69290"}],"wp:attachment":[{"href":"https:\/\/cparici.com\/fr\/wp-json\/wp\/v2\/media?parent=69289"}],"wp:term":[{"taxonomy":"category","embeddable":true,"href":"https:\/\/cparici.com\/fr\/wp-json\/wp\/v2\/categories?post=69289"},{"taxonomy":"post_tag","embeddable":true,"href":"https:\/\/cparici.com\/fr\/wp-json\/wp\/v2\/tags?post=69289"}],"curies":[{"name":"wp","href":"https:\/\/api.w.org\/{rel}","templated":true}]}}