{"id":69470,"date":"2025-08-25T12:15:44","date_gmt":"2025-08-25T10:15:44","guid":{"rendered":"https:\/\/cparici.com\/?p=69470"},"modified":"2025-08-25T12:18:16","modified_gmt":"2025-08-25T10:18:16","slug":"grasse","status":"publish","type":"post","link":"https:\/\/cparici.com\/fr\/grasse\/","title":{"rendered":"Grasse, capitale mondiale du parfum et joyau de Provence"},"content":{"rendered":"\t\t<div data-elementor-type=\"wp-post\" data-elementor-id=\"69470\" class=\"elementor elementor-69470\" data-elementor-post-type=\"post\">\n\t\t\t\t<div class=\"elementor-element elementor-element-15a4244 e-con-full e-flex e-con e-parent\" data-id=\"15a4244\" data-element_type=\"container\" data-e-type=\"container\">\n\t\t\t\t<div class=\"elementor-element elementor-element-66941eb elementor-widget elementor-widget-image\" data-id=\"66941eb\" data-element_type=\"widget\" data-e-type=\"widget\" data-widget_type=\"image.default\">\n\t\t\t\t\t\t\t\t\t\t\t\t\t\t\t<img decoding=\"async\" width=\"1500\" height=\"530\" src=\"https:\/\/cparici.com\/wp-content\/uploads\/2025\/08\/cparici-2025-08-22T131944.673.jpg\" class=\"attachment-full size-full wp-image-69472\" alt=\"Grasse\" srcset=\"https:\/\/cparici.com\/wp-content\/uploads\/2025\/08\/cparici-2025-08-22T131944.673.jpg 1500w, https:\/\/cparici.com\/wp-content\/uploads\/2025\/08\/cparici-2025-08-22T131944.673-300x106.jpg 300w, https:\/\/cparici.com\/wp-content\/uploads\/2025\/08\/cparici-2025-08-22T131944.673-1024x362.jpg 1024w, https:\/\/cparici.com\/wp-content\/uploads\/2025\/08\/cparici-2025-08-22T131944.673-768x271.jpg 768w, https:\/\/cparici.com\/wp-content\/uploads\/2025\/08\/cparici-2025-08-22T131944.673-18x6.jpg 18w, https:\/\/cparici.com\/wp-content\/uploads\/2025\/08\/cparici-2025-08-22T131944.673-590x208.jpg 590w, https:\/\/cparici.com\/wp-content\/uploads\/2025\/08\/cparici-2025-08-22T131944.673-1200x424.jpg 1200w, https:\/\/cparici.com\/wp-content\/uploads\/2025\/08\/cparici-2025-08-22T131944.673-577x204.jpg 577w, https:\/\/cparici.com\/wp-content\/uploads\/2025\/08\/cparici-2025-08-22T131944.673-600x212.jpg 600w\" sizes=\"(max-width: 1500px) 100vw, 1500px\" \/>\t\t\t\t\t\t\t\t\t\t\t\t\t\t\t<\/div>\n\t\t\t\t<\/div>\n\t\t<aside class=\"elementor-element elementor-element-e052060 e-flex e-con-boxed e-con e-parent\" data-id=\"e052060\" data-element_type=\"container\" data-e-type=\"container\">\n\t\t\t\t\t<div class=\"e-con-inner\">\n\t\t\t\t<div class=\"elementor-element elementor-element-52c1bc7 elementor-widget elementor-widget-global elementor-global-62046 elementor-widget-eael-advanced-search\" data-id=\"52c1bc7\" data-element_type=\"widget\" data-e-type=\"widget\" data-widget_type=\"eael-advanced-search.default\">\n\t\t\t\t\t        <div class=\"eael-adv-search-wrapper\">\n            <div id=\"eael-advanced-search-widget-52c1bc7\" class=\"eael-advanced-search-widget\">\n                <form data-settings=\"{&quot;post_per_page&quot;:5,&quot;search_among_taxonomies&quot;:&quot;&quot;,&quot;search_among_sku&quot;:&quot;no&quot;,&quot;show_popular_keyword&quot;:0,&quot;show_category&quot;:0,&quot;show_content_image&quot;:1,&quot;show_search_result_all_results&quot;:0,&quot;result_on_new_tab&quot;:&quot;no&quot;,&quot;show_product_price&quot;:&quot;no&quot;,&quot;include_current_page&quot;:&quot;no&quot;,&quot;current_post_id&quot;:69470,&quot;post_type&quot;:[&quot;post&quot;,&quot;listing&quot;]}\" method=\"POST\" name=\"eael-advanced-search-form-52c1bc7\" class=\"eael-advanced-search-form eael-advanced-search-form-style-2\">\n                    <div class=\"eael-advanced-search-wrap\">\n                        <span class=\"eael-adv-search-loader\"><\/span>\n                        <span class=\"eael-adv-search-close\"><i class=\"fas fa-times\"><\/i><\/span>\n                        <span class=\"icon \"><i class=\"fas fa-search\"><\/i><\/span>\n\n                        <input type=\"text\"\n                               placeholder=\"Votre destination\"\n                               class=\"eael-advanced-search\" autocomplete=\"off\" name=\"eael_advanced_search\">\n                    <\/div>\n\t\t\t\t\t                                    <\/form>\n\n\t\t\t\t\n\t\t\t\t        <div class=\"eael-advanced-search-result\">\n            <div class=\"eael-advanced-search-popular-keyword\">\n\t\t\t\t<h4 class=\"eael-advanced-search-popular-keyword-text\">Recherches populaires<\/h4>                <div class=\"eael-popular-keyword-content\"><\/div>\n            <\/div>\n            <div class=\"eael-advanced-search-category\">\n\t\t\t\t<h4 class=\"eael-advanced-search-category-text\">Categories<\/h4>                <div class=\"eael-popular-category-content\"><\/div>\n            <\/div>\n\t\t\t<div class=\"eael-advanced-search-total-results-section\">\n\t\t\t\t\t\t\t<\/div>\n            <div class=\"eael-advanced-search-content eael-item-style-3\">\n            <\/div>\n            <div class=\"eael-advanced-search-not-found\">\n                <p>Pas de r\u00e9sultats<\/p><\/div>\n            <div class=\"eael-advanced-search-load-more\">\n\t\t\t\t<a \tclass=\"eael-advanced-search-load-more-button\"\n                \thref=\"#\">Voir tous les r\u00e9sultats<\/a>\n            <\/div>\n        <\/div>\n\n\t\t            <\/div>\n        <\/div>\n\n\t\t\t\t\t\t<\/div>\n\t\t\t\t\t<\/div>\n\t\t\t\t<\/aside>\n\t\t<div class=\"elementor-element elementor-element-6f22e939 e-flex e-con-boxed e-con e-parent\" data-id=\"6f22e939\" data-element_type=\"container\" data-e-type=\"container\">\n\t\t\t\t\t<div class=\"e-con-inner\">\n\t\t\t\t<div class=\"elementor-element elementor-element-1f96e7a1 elementor-widget elementor-widget-text-editor\" data-id=\"1f96e7a1\" data-element_type=\"widget\" data-e-type=\"widget\" data-widget_type=\"text-editor.default\">\n\t\t\t\t\t\t\t\t\t<h1 style=\"text-align: center;\">Grasse, capitale mondiale du parfum et joyau de Provence<\/h1>\r\nSitu\u00e9e entre mer et montagne, au c\u0153ur de la <a href=\"https:\/\/cparici.com\/la-provence\/\">Provence<\/a>, <strong data-start=\"374\" data-end=\"384\">Grasse<\/strong> est une cit\u00e9 unique qui conjugue histoire, patrimoine et savoir-faire olfactif reconnu dans le monde entier. R\u00e9put\u00e9e comme la <strong data-start=\"511\" data-end=\"535\">capitale des parfums<\/strong>, elle s\u00e9duit par ses ruelles pittoresques, ses champs de fleurs embl\u00e9matiques et ses maisons de parfumeurs mythiques. Inscrits au patrimoine culturel immat\u00e9riel de l\u2019UNESCO, ses savoir-faire traditionnels li\u00e9s au parfum font rayonner la ville bien au-del\u00e0 des fronti\u00e8res <a href=\"https:\/\/cparici.com\/visiter-la-france-guide-des-regions-et-sites-touristiques\/\"><strong data-start=\"807\" data-end=\"818\">de la France<\/strong><\/a>\u00a0. Que l\u2019on vienne pour d\u00e9couvrir ses mus\u00e9es, participer \u00e0 un atelier de cr\u00e9ation de parfum ou fl\u00e2ner dans ses jardins parfum\u00e9s, Grasse incarne un voyage sensoriel inoubliable, entre tradition et modernit\u00e9.\r\n<h2 data-start=\"143\" data-end=\"203\">Un berceau historique : de la tannerie aux gants parfum\u00e9s<\/h2>\r\n<h3 data-start=\"205\" data-end=\"233\">Aux origines de Grasse<\/h3>\r\n<p data-start=\"234\" data-end=\"674\">Situ\u00e9e dans les hauteurs de la <a href=\"https:\/\/cparici.com\/cote-dazur-french-riviera-2\/\">C\u00f4te d\u2019Azur<\/a>, <strong data-start=\"278\" data-end=\"288\">Grasse<\/strong> est une cit\u00e9 dont l\u2019histoire remonte \u00e0 l\u2019Antiquit\u00e9. Son emplacement strat\u00e9gique, entre mer M\u00e9diterran\u00e9e et Pr\u00e9alpes, a favoris\u00e9 le commerce et l\u2019artisanat. D\u00e8s le Moyen \u00c2ge, la ville se sp\u00e9cialise dans la <strong data-start=\"494\" data-end=\"506\">tannerie<\/strong> et le travail du cuir. Cette activit\u00e9, prosp\u00e8re mais odorante, a fa\u00e7onn\u00e9 l\u2019identit\u00e9 \u00e9conomique de Grasse et attir\u00e9 une client\u00e8le aristocratique soucieuse de qualit\u00e9.<\/p>\r\n\r\n<h3 data-start=\"676\" data-end=\"712\">L\u2019invention des gants parfum\u00e9s<\/h3>\r\n<p data-start=\"713\" data-end=\"1171\">\u00c0 la Renaissance, <strong data-start=\"731\" data-end=\"741\">Grasse<\/strong> conna\u00eet un tournant d\u00e9cisif avec l\u2019apparition des <strong data-start=\"792\" data-end=\"810\">gants parfum\u00e9s<\/strong>. Afin de masquer l\u2019odeur persistante du cuir, les artisans ont recours aux fleurs locales comme la lavande, la rose ou le jasmin. Cette innovation s\u00e9duit rapidement la cour de France et les \u00e9lites europ\u00e9ennes. Ainsi, Grasse devient non seulement un centre de tannerie r\u00e9put\u00e9, mais aussi le berceau d\u2019un savoir-faire olfactif unique qui va marquer son destin.<\/p>\r\n\r\n<h3 data-start=\"1173\" data-end=\"1212\">Le basculement vers la parfumerie<\/h3>\r\n<p data-start=\"1213\" data-end=\"1706\">\u00c0 partir du XVII\u1d49 si\u00e8cle, la demande en gants parfum\u00e9s d\u00e9cline, mais l\u2019usage des fleurs pour la <strong data-start=\"1309\" data-end=\"1335\">fabrication de parfums<\/strong> se d\u00e9veloppe massivement. Les champs alentours se couvrent de plantations de roses centifolia, de jasmins et de tub\u00e9reuses. Grasse s\u2019impose alors comme la capitale d\u2019un nouvel artisanat : la parfumerie. Cet essor est renforc\u00e9 au XIX\u1d49 si\u00e8cle par la m\u00e9canisation des distilleries et la cr\u00e9ation de maisons embl\u00e9matiques, qui donneront \u00e0 la ville son rayonnement mondial.<\/p>\r\n<p data-start=\"1213\" data-end=\"1706\"><a href=\"https:\/\/cparici.com\/wp-content\/uploads\/2025\/08\/cparici-2025-08-24T091956.330.jpg\"><img decoding=\"async\" class=\"aligncenter wp-image-69556 size-full\" src=\"https:\/\/cparici.com\/wp-content\/uploads\/2025\/08\/cparici-2025-08-24T091956.330.jpg\" alt=\"Grasse vue sur la ville \" width=\"1500\" height=\"530\" srcset=\"https:\/\/cparici.com\/wp-content\/uploads\/2025\/08\/cparici-2025-08-24T091956.330.jpg 1500w, https:\/\/cparici.com\/wp-content\/uploads\/2025\/08\/cparici-2025-08-24T091956.330-300x106.jpg 300w, https:\/\/cparici.com\/wp-content\/uploads\/2025\/08\/cparici-2025-08-24T091956.330-1024x362.jpg 1024w, https:\/\/cparici.com\/wp-content\/uploads\/2025\/08\/cparici-2025-08-24T091956.330-768x271.jpg 768w, https:\/\/cparici.com\/wp-content\/uploads\/2025\/08\/cparici-2025-08-24T091956.330-18x6.jpg 18w, https:\/\/cparici.com\/wp-content\/uploads\/2025\/08\/cparici-2025-08-24T091956.330-590x208.jpg 590w, https:\/\/cparici.com\/wp-content\/uploads\/2025\/08\/cparici-2025-08-24T091956.330-1200x424.jpg 1200w, https:\/\/cparici.com\/wp-content\/uploads\/2025\/08\/cparici-2025-08-24T091956.330-577x204.jpg 577w, https:\/\/cparici.com\/wp-content\/uploads\/2025\/08\/cparici-2025-08-24T091956.330-600x212.jpg 600w\" sizes=\"(max-width: 1500px) 100vw, 1500px\" \/><\/a><\/p>\r\n\r\n<h2 data-start=\"91\" data-end=\"139\">L\u2019essor de l\u2019industrie parfumi\u00e8re grassoise<\/h2>\r\n<h3 data-start=\"141\" data-end=\"178\">Une capitale mondiale du parfum<\/h3>\r\n<p data-start=\"179\" data-end=\"655\">D\u00e8s la fin du XVIII\u1d49 si\u00e8cle, <strong data-start=\"208\" data-end=\"218\">Grasse<\/strong> s\u2019impose comme la r\u00e9f\u00e9rence mondiale dans la production de parfums. La ville b\u00e9n\u00e9ficie d\u2019un climat m\u00e9diterran\u00e9en favorable \u00e0 la culture de fleurs d\u00e9licates \u2013 jasmin, rose centifolia, tub\u00e9reuse, violette \u2013 et d\u2019un savoir-faire artisanal unique transmis de g\u00e9n\u00e9ration en g\u00e9n\u00e9ration. Aujourd\u2019hui encore, plus des deux tiers des <strong data-start=\"544\" data-end=\"572\">ar\u00f4mes naturels fran\u00e7ais<\/strong> proviennent de Grasse, confirmant son statut de <strong data-start=\"621\" data-end=\"652\">capitale mondiale du parfum<\/strong>.<\/p>\r\n\r\n<h3 data-start=\"657\" data-end=\"696\">Les grandes maisons de parfumeurs<\/h3>\r\n<p data-start=\"697\" data-end=\"812\">L\u2019essor de l\u2019industrie a donn\u00e9 naissance \u00e0 des maisons embl\u00e9matiques qui portent haut le prestige de la ville :<\/p>\r\n\r\n<ul data-start=\"814\" data-end=\"1348\">\r\n \t<li data-start=\"814\" data-end=\"1002\">\r\n<p data-start=\"816\" data-end=\"1002\"><strong data-start=\"816\" data-end=\"828\">Molinard<\/strong> (fond\u00e9e en 1849) : pionni\u00e8re de l\u2019industrie locale, cette maison familiale propose toujours des ateliers de cr\u00e9ation o\u00f9 chaque visiteur peut concevoir sa propre fragrance.<\/p>\r\n<\/li>\r\n \t<li data-start=\"1003\" data-end=\"1180\">\r\n<p data-start=\"1005\" data-end=\"1180\"><a href=\"https:\/\/cparici.com\/fragonard\/\"><strong data-start=\"1005\" data-end=\"1018\">Fragonard<\/strong><\/a> (cr\u00e9\u00e9e en 1926) : v\u00e9ritable institution, elle est l\u2019une des plus c\u00e9l\u00e8bres maisons grassoises, m\u00ealant tradition et modernit\u00e9 avec ses mus\u00e9es et ses collections.<\/p>\r\n<\/li>\r\n \t<li data-start=\"1181\" data-end=\"1348\">\r\n<p data-start=\"1183\" data-end=\"1348\"><strong data-start=\"1183\" data-end=\"1195\">Galimard<\/strong> et <strong data-start=\"1199\" data-end=\"1217\">Payan Bertrand<\/strong> : h\u00e9riti\u00e8res de l\u2019artisanat du XIX\u1d49 si\u00e8cle, elles incarnent l\u2019alliance entre innovation et respect des m\u00e9thodes traditionnelles.<\/p>\r\n<\/li>\r\n<\/ul>\r\n<p data-start=\"1350\" data-end=\"1504\">Ces maisons contribuent non seulement \u00e0 l\u2019\u00e9conomie locale mais aussi au rayonnement culturel de la ville, attirant chaque ann\u00e9e des milliers de visiteurs.<\/p>\r\n\r\n<h3 data-start=\"1506\" data-end=\"1548\">Un savoir-faire reconnu par l\u2019UNESCO<\/h3>\r\n<p data-start=\"1549\" data-end=\"1999\">En 2018, les \u00ab savoir-faire li\u00e9s au parfum en Pays de Grasse \u00bb ont \u00e9t\u00e9 inscrits au <a href=\"https:\/\/cparici.com\/patrimoine-mondial-de-l-unesco-en-france\/\"><strong data-start=\"1632\" data-end=\"1678\">patrimoine culturel immat\u00e9riel de l\u2019UNESCO<\/strong><\/a>. Cette reconnaissance internationale consacre la ma\u00eetrise de la culture des plantes \u00e0 parfum, des techniques de transformation et de l\u2019art de composer les fragrances. Pour les habitants comme pour les visiteurs, cette distinction souligne l\u2019importance d\u2019un h\u00e9ritage qui fait la singularit\u00e9 de la cit\u00e9 dans le monde.<\/p>\r\n\r\n<h2 data-start=\"97\" data-end=\"169\">Le Mus\u00e9e International de la Parfumerie : m\u00e9moire vivante de Grasse<\/h2>\r\n<h3 data-start=\"171\" data-end=\"200\">Un lieu unique au monde<\/h3>\r\n<p data-start=\"201\" data-end=\"575\">Au c\u0153ur du centre historique de <strong data-start=\"233\" data-end=\"243\">Grasse<\/strong>, le <strong data-start=\"248\" data-end=\"294\">Mus\u00e9e International de la Parfumerie (MIP)<\/strong> est le premier mus\u00e9e au monde enti\u00e8rement consacr\u00e9 \u00e0 l\u2019art et \u00e0 l\u2019histoire du parfum. Cr\u00e9\u00e9 en 1989 et r\u00e9nov\u00e9 en 2008, il est labellis\u00e9 \u00ab Mus\u00e9e de France \u00bb. Sa mission est claire : pr\u00e9server et transmettre le patrimoine olfactif qui fait la renomm\u00e9e de la ville depuis des si\u00e8cles.<\/p>\r\n\r\n<h3 data-start=\"577\" data-end=\"609\">Collections et expositions<\/h3>\r\n<p data-start=\"610\" data-end=\"1142\">Le mus\u00e9e propose une immersion dans cinq mill\u00e9naires d\u2019histoire du parfum. Ses collections regroupent des <strong data-start=\"716\" data-end=\"736\">flacons antiques<\/strong>, des instruments de distillation, des objets d\u2019art, des affiches publicitaires et des cr\u00e9ations contemporaines. Chaque salle met en valeur les diff\u00e9rentes \u00e9tapes de la fabrication d\u2019un parfum, de la r\u00e9colte des fleurs jusqu\u2019\u00e0 la mise en flacon. Gr\u00e2ce \u00e0 des expositions interactives et p\u00e9dagogiques, le visiteur d\u00e9couvre la richesse de l\u2019univers olfactif et la place de Grasse dans ce patrimoine mondial.<\/p>\r\n\r\n<h3 data-start=\"1144\" data-end=\"1170\">Les jardins parfum\u00e9s<\/h3>\r\n<p data-start=\"1171\" data-end=\"1711\">En compl\u00e9ment, le mus\u00e9e g\u00e8re \u00e9galement le <strong data-start=\"1213\" data-end=\"1230\">Jardin du MIP<\/strong>, situ\u00e9 \u00e0 Mouans-Sartoux, \u00e0 quelques kilom\u00e8tres de Grasse. Class\u00e9 \u00ab Jardin remarquable \u00bb, il offre un parcours sensoriel \u00e0 travers les plantes embl\u00e9matiques de la parfumerie : <strong data-start=\"1406\" data-end=\"1461\">rose centifolia, jasmin, tub\u00e9reuse, lavande, mimosa<\/strong>\u2026 Ce lieu est pens\u00e9 comme un laboratoire vivant, o\u00f9 les visiteurs peuvent observer, toucher et sentir les fleurs qui ont fait la r\u00e9putation de Grasse. Inaugur\u00e9 r\u00e9cemment, un espace \u00ab prairie aux papillons \u00bb enrichit encore l\u2019exp\u00e9rience sensorielle.<\/p>\r\n\r\n<h3 data-start=\"1713\" data-end=\"1745\">Un symbole de transmission<\/h3>\r\n<p data-start=\"1746\" data-end=\"2156\">Le Mus\u00e9e International de la Parfumerie ne se contente pas d\u2019exposer : il organise aussi des ateliers p\u00e9dagogiques, des conf\u00e9rences et des animations destin\u00e9es \u00e0 sensibiliser le public \u00e0 la richesse du patrimoine olfactif. Pour <strong data-start=\"1974\" data-end=\"1984\">Grasse<\/strong>, ce mus\u00e9e est bien plus qu\u2019une institution culturelle : il incarne la volont\u00e9 de la ville de prot\u00e9ger et de transmettre ses savoir-faire uniques aux g\u00e9n\u00e9rations futures.<\/p>\r\n<p data-start=\"1746\" data-end=\"2156\"><a href=\"https:\/\/cparici.com\/wp-content\/uploads\/2025\/08\/cparici-2025-08-24T092207.837.jpg\"><img decoding=\"async\" class=\"aligncenter wp-image-69557 size-full\" src=\"https:\/\/cparici.com\/wp-content\/uploads\/2025\/08\/cparici-2025-08-24T092207.837.jpg\" alt=\"Grasse vue sur une rue du centre ancien\" width=\"1500\" height=\"530\" srcset=\"https:\/\/cparici.com\/wp-content\/uploads\/2025\/08\/cparici-2025-08-24T092207.837.jpg 1500w, https:\/\/cparici.com\/wp-content\/uploads\/2025\/08\/cparici-2025-08-24T092207.837-300x106.jpg 300w, https:\/\/cparici.com\/wp-content\/uploads\/2025\/08\/cparici-2025-08-24T092207.837-1024x362.jpg 1024w, https:\/\/cparici.com\/wp-content\/uploads\/2025\/08\/cparici-2025-08-24T092207.837-768x271.jpg 768w, https:\/\/cparici.com\/wp-content\/uploads\/2025\/08\/cparici-2025-08-24T092207.837-18x6.jpg 18w, https:\/\/cparici.com\/wp-content\/uploads\/2025\/08\/cparici-2025-08-24T092207.837-590x208.jpg 590w, https:\/\/cparici.com\/wp-content\/uploads\/2025\/08\/cparici-2025-08-24T092207.837-1200x424.jpg 1200w, https:\/\/cparici.com\/wp-content\/uploads\/2025\/08\/cparici-2025-08-24T092207.837-577x204.jpg 577w, https:\/\/cparici.com\/wp-content\/uploads\/2025\/08\/cparici-2025-08-24T092207.837-600x212.jpg 600w\" sizes=\"(max-width: 1500px) 100vw, 1500px\" \/><\/a><\/p>\r\n\r\n<h2 data-start=\"95\" data-end=\"148\">Fl\u00e2nerie, nature & escapade sensorielle \u00e0 Grasse<\/h2>\r\n<h3 data-start=\"150\" data-end=\"186\">Le charme du centre historique<\/h3>\r\n<p data-start=\"187\" data-end=\"709\">Se promener dans le centre ancien de <strong data-start=\"224\" data-end=\"234\">Grasse<\/strong> est une exp\u00e9rience \u00e0 part enti\u00e8re. Les ruelles \u00e9troites, bord\u00e9es de fa\u00e7ades ocre et de volets color\u00e9s, rappellent l\u2019architecture proven\u00e7ale des XVII\u1d49 et XVIII\u1d49 si\u00e8cles. On y d\u00e9couvre des placettes ombrag\u00e9es, des arcades m\u00e9di\u00e9vales et des fontaines s\u00e9culaires. La <strong data-start=\"498\" data-end=\"530\">Cath\u00e9drale Notre-Dame-du-Puy<\/strong>, joyau roman proven\u00e7al, t\u00e9moigne du riche patrimoine religieux de la ville. Chaque d\u00e9tour de rue r\u00e9v\u00e8le une atmosph\u00e8re authentique qui plonge le visiteur dans une autre \u00e9poque.<\/p>\r\n\r\n<h3 data-start=\"711\" data-end=\"751\">Panoramas et paysages environnants<\/h3>\r\n<p data-start=\"752\" data-end=\"1271\">Gr\u00e2ce \u00e0 sa situation en balcon sur la C\u00f4te d\u2019Azur, <strong data-start=\"803\" data-end=\"813\">Grasse<\/strong> offre des panoramas exceptionnels sur la M\u00e9diterran\u00e9e et les collines parfum\u00e9es de l\u2019arri\u00e8re-pays. De nombreux points de vue permettent d\u2019admirer la baie de Cannes et, par temps clair, jusqu\u2019aux reliefs de l\u2019Esterel. Les alentours regorgent de sentiers de randonn\u00e9e qui serpentent entre oliveraies, champs de fleurs et for\u00eats m\u00e9diterran\u00e9ennes. Ces paysages naturels participent \u00e0 l\u2019identit\u00e9 de Grasse, o\u00f9 la nature et la culture se m\u00ealent harmonieusement.<\/p>\r\n\r\n<h3 data-start=\"1273\" data-end=\"1319\">Les champs de fleurs et jardins parfum\u00e9s<\/h3>\r\n<p data-start=\"1320\" data-end=\"1863\">Impossible de visiter <strong data-start=\"1342\" data-end=\"1352\">Grasse<\/strong> sans s\u2019arr\u00eater dans ses <strong data-start=\"1377\" data-end=\"1397\">champs de fleurs<\/strong>. Au printemps, la <strong data-start=\"1416\" data-end=\"1435\">rose centifolia<\/strong> colore la campagne de ses p\u00e9tales d\u00e9licats, tandis qu\u2019en \u00e9t\u00e9, c\u2019est le <strong data-start=\"1507\" data-end=\"1517\">jasmin<\/strong> qui embaume l\u2019air. Ces cultures, encore exploit\u00e9es par certaines maisons comme Chanel ou Dior, sont r\u00e9colt\u00e9es \u00e0 la main pour garantir une qualit\u00e9 exceptionnelle. En parall\u00e8le, les <strong data-start=\"1698\" data-end=\"1733\">jardins de la Princesse Pauline<\/strong> et ceux du <strong data-start=\"1745\" data-end=\"1785\">Mus\u00e9e International de la Parfumerie<\/strong> offrent des espaces am\u00e9nag\u00e9s pour d\u00e9couvrir et sentir les essences locales.<\/p>\r\n\r\n<h3 data-start=\"1865\" data-end=\"1903\">Exp\u00e9riences sensorielles uniques<\/h3>\r\n<p data-start=\"1904\" data-end=\"2395\">Au-del\u00e0 des visites classiques, <strong data-start=\"1936\" data-end=\"1946\">Grasse<\/strong> invite \u00e0 des exp\u00e9riences sensorielles in\u00e9dites. Plusieurs maisons de parfum proposent des <strong data-start=\"2037\" data-end=\"2061\">ateliers de cr\u00e9ation<\/strong>, o\u00f9 chacun peut composer sa propre fragrance sous les conseils d\u2019un ma\u00eetre parfumeur. Des visites guid\u00e9es th\u00e9matiques permettent \u00e9galement de plonger dans l\u2019histoire olfactive de la ville, entre anecdotes, d\u00e9monstrations et d\u00e9gustations parfum\u00e9es. Ces activit\u00e9s transforment la d\u00e9couverte de Grasse en un v\u00e9ritable voyage des sens.<\/p>\r\n\r\n<h2 data-start=\"103\" data-end=\"158\">Les \u00e9v\u00e9nements olfactifs incontournables de Grasse<\/h2>\r\n<h3 data-start=\"160\" data-end=\"183\">La F\u00eate du Jasmin<\/h3>\r\n<p data-start=\"184\" data-end=\"732\">Parmi les rendez-vous les plus c\u00e9l\u00e8bres de <strong data-start=\"227\" data-end=\"237\">Grasse<\/strong>, la <strong data-start=\"242\" data-end=\"260\">F\u00eate du Jasmin<\/strong>, appel\u00e9e localement \u00ab Jasminade \u00bb, occupe une place de choix. Chaque premier week-end d\u2019ao\u00fbt, la ville se transforme en une sc\u00e8ne festive o\u00f9 des chars fleuris, des d\u00e9fil\u00e9s, des concerts et un spectaculaire feu d\u2019artifice c\u00e9l\u00e8brent la fleur reine de Grasse. Des milliers de visiteurs s\u2019y pressent pour assister aux batailles de fleurs et profiter de l\u2019ambiance proven\u00e7ale. Cet \u00e9v\u00e9nement, cr\u00e9\u00e9 en 1946, rend hommage au jasmin, ingr\u00e9dient phare de la parfumerie grassoise.<\/p>\r\n\r\n<h3 data-start=\"734\" data-end=\"773\">Exporose, l\u2019autre f\u00eate des fleurs<\/h3>\r\n<p data-start=\"774\" data-end=\"1262\">Au mois de mai, <strong data-start=\"790\" data-end=\"800\">Grasse<\/strong> accueille <strong data-start=\"811\" data-end=\"823\">Exporose<\/strong>, un festival qui met \u00e0 l\u2019honneur la rose centifolia, cultiv\u00e9e depuis des si\u00e8cles dans la r\u00e9gion. Plus de 25 000 roses d\u00e9corent alors les ruelles, les fontaines et les monuments du centre-ville. Cette f\u00eate printani\u00e8re attire amateurs de botanique, passionn\u00e9s de parfum et simples curieux, venus admirer la cr\u00e9ativit\u00e9 des compositions florales. Exporose illustre parfaitement le lien ind\u00e9fectible entre Grasse et ses fleurs embl\u00e9matiques.<\/p>\r\n\r\n<h3 data-start=\"1264\" data-end=\"1292\">La Grasse Perfume Week<\/h3>\r\n<p data-start=\"1293\" data-end=\"1806\">Depuis quelques ann\u00e9es, <strong data-start=\"1317\" data-end=\"1327\">Grasse<\/strong> organise la <strong data-start=\"1340\" data-end=\"1356\">Perfume Week<\/strong>, un \u00e9v\u00e9nement international consacr\u00e9 \u00e0 l\u2019univers olfactif. Conf\u00e9rences, ateliers de cr\u00e9ation, expositions et rencontres professionnelles rythment cette semaine d\u00e9di\u00e9e aux savoir-faire parfum\u00e9s. Les visiteurs peuvent y d\u00e9couvrir les coulisses de la parfumerie grassoise et \u00e9changer avec des cr\u00e9ateurs de renom. Cet \u00e9v\u00e9nement contribue \u00e0 renforcer l\u2019image de Grasse comme capitale mondiale du parfum et lieu incontournable de l\u2019innovation olfactive.<\/p>\r\n\r\n<h3 data-start=\"1808\" data-end=\"1856\">Les traditions locales et march\u00e9s parfum\u00e9s<\/h3>\r\n<p data-start=\"1857\" data-end=\"2288\">Au-del\u00e0 des grandes f\u00eates, <strong data-start=\"1884\" data-end=\"1894\">Grasse<\/strong> vit toute l\u2019ann\u00e9e au rythme de son patrimoine floral. Les march\u00e9s hebdomadaires regorgent de bouquets, d\u2019essences locales et de produits artisanaux. Certains villages voisins organisent \u00e9galement des journ\u00e9es d\u00e9di\u00e9es aux fleurs et aux plantes aromatiques. Ces traditions enracin\u00e9es dans la culture grassoise rappellent combien le parfum est intimement li\u00e9 \u00e0 la vie quotidienne des habitants.<\/p>\r\n<p data-start=\"1857\" data-end=\"2288\"><a href=\"https:\/\/cparici.com\/wp-content\/uploads\/2025\/08\/Grasse-site-internet-officiel-de-la-ville.jpg\"><img decoding=\"async\" class=\"aligncenter wp-image-69480 size-large\" src=\"https:\/\/cparici.com\/wp-content\/uploads\/2025\/08\/Grasse-site-internet-officiel-de-la-ville-1024x547.jpg\" alt=\"Grasse site internet officiel de la ville\" width=\"1024\" height=\"547\" srcset=\"https:\/\/cparici.com\/wp-content\/uploads\/2025\/08\/Grasse-site-internet-officiel-de-la-ville-1024x547.jpg 1024w, https:\/\/cparici.com\/wp-content\/uploads\/2025\/08\/Grasse-site-internet-officiel-de-la-ville-300x160.jpg 300w, https:\/\/cparici.com\/wp-content\/uploads\/2025\/08\/Grasse-site-internet-officiel-de-la-ville-768x410.jpg 768w, https:\/\/cparici.com\/wp-content\/uploads\/2025\/08\/Grasse-site-internet-officiel-de-la-ville-1536x820.jpg 1536w, https:\/\/cparici.com\/wp-content\/uploads\/2025\/08\/Grasse-site-internet-officiel-de-la-ville-18x10.jpg 18w, https:\/\/cparici.com\/wp-content\/uploads\/2025\/08\/Grasse-site-internet-officiel-de-la-ville-590x315.jpg 590w, https:\/\/cparici.com\/wp-content\/uploads\/2025\/08\/Grasse-site-internet-officiel-de-la-ville-1200x641.jpg 1200w, https:\/\/cparici.com\/wp-content\/uploads\/2025\/08\/Grasse-site-internet-officiel-de-la-ville-577x308.jpg 577w, https:\/\/cparici.com\/wp-content\/uploads\/2025\/08\/Grasse-site-internet-officiel-de-la-ville-600x320.jpg 600w, https:\/\/cparici.com\/wp-content\/uploads\/2025\/08\/Grasse-site-internet-officiel-de-la-ville.jpg 1637w\" sizes=\"(max-width: 1024px) 100vw, 1024px\" \/><\/a><\/p>\r\n\r\n<h2 data-start=\"116\" data-end=\"171\">Acc\u00e8s & informations pratiques pour visiter Grasse<\/h2>\r\n<h3 data-start=\"173\" data-end=\"219\">Une localisation privil\u00e9gi\u00e9e en Provence<\/h3>\r\n<p data-start=\"220\" data-end=\"617\">Situ\u00e9e \u00e0 seulement 20 kilom\u00e8tres de Cannes et 40 kilom\u00e8tres de Nice, <strong data-start=\"289\" data-end=\"299\">Grasse<\/strong> b\u00e9n\u00e9ficie d\u2019une position id\u00e9ale entre mer et montagne. Perch\u00e9e \u00e0 plus de 300 m\u00e8tres d\u2019altitude, elle offre un climat agr\u00e9able toute l\u2019ann\u00e9e, avec des \u00e9t\u00e9s parfum\u00e9s par la floraison du jasmin et des hivers doux. Cette situation g\u00e9ographique en fait une destination pris\u00e9e pour une escapade culturelle et sensorielle.<\/p>\r\n\r\n<h3 data-start=\"619\" data-end=\"653\">Comment se rendre \u00e0 Grasse ?<\/h3>\r\n<ul data-start=\"654\" data-end=\"1115\">\r\n \t<li data-start=\"654\" data-end=\"816\">\r\n<p data-start=\"656\" data-end=\"816\"><strong data-start=\"656\" data-end=\"670\">En voiture<\/strong> : depuis l\u2019autoroute A8, la \u00ab Route Napol\u00e9on \u00bb (RN 85) permet d\u2019acc\u00e9der \u00e0 <strong data-start=\"745\" data-end=\"755\">Grasse<\/strong> en offrant un parcours pittoresque \u00e0 travers les collines.<\/p>\r\n<\/li>\r\n \t<li data-start=\"817\" data-end=\"957\">\r\n<p data-start=\"819\" data-end=\"957\"><strong data-start=\"819\" data-end=\"831\">En train<\/strong> : la gare de Grasse est desservie par des TER en provenance de Cannes et de Nice, facilitant les liaisons avec le littoral.<\/p>\r\n<\/li>\r\n \t<li data-start=\"958\" data-end=\"1115\">\r\n<p data-start=\"960\" data-end=\"1115\"><strong data-start=\"960\" data-end=\"972\">En avion<\/strong> : l\u2019a\u00e9roport international de Nice C\u00f4te d\u2019Azur, situ\u00e9 \u00e0 environ 35 km, est le plus proche et relie la r\u00e9gion aux grandes villes europ\u00e9ennes.<\/p>\r\n<\/li>\r\n<\/ul>\r\n<h3 data-start=\"1117\" data-end=\"1144\">Se d\u00e9placer sur place<\/h3>\r\n<p data-start=\"1145\" data-end=\"1554\">Le centre historique de <strong data-start=\"1169\" data-end=\"1179\">Grasse<\/strong> se d\u00e9couvre id\u00e9alement \u00e0 pied. Pour explorer les alentours, des lignes de bus r\u00e9gionaux relient la ville aux villages voisins et \u00e0 Cannes. Les visiteurs motoris\u00e9s trouveront plusieurs parkings proches du centre. Les amateurs de randonn\u00e9e peuvent \u00e9galement emprunter les sentiers balis\u00e9s qui serpentent autour de la ville, entre for\u00eats m\u00e9diterran\u00e9ennes et champs de fleurs.<\/p>\r\n\r\n<h3 data-start=\"1556\" data-end=\"1599\">Conseils pratiques pour les visiteurs<\/h3>\r\n<ul data-start=\"1600\" data-end=\"2201\">\r\n \t<li data-start=\"1600\" data-end=\"1739\">\r\n<p data-start=\"1602\" data-end=\"1739\"><strong data-start=\"1602\" data-end=\"1623\">Meilleure p\u00e9riode<\/strong> : le printemps et l\u2019\u00e9t\u00e9, au moment des floraisons et des grandes f\u00eates (Exporose en mai, F\u00eate du Jasmin en ao\u00fbt).<\/p>\r\n<\/li>\r\n \t<li data-start=\"1740\" data-end=\"1870\">\r\n<p data-start=\"1742\" data-end=\"1870\"><strong data-start=\"1742\" data-end=\"1758\">Dur\u00e9e id\u00e9ale<\/strong> : pr\u00e9voir au moins deux jours pour combiner mus\u00e9es, visites de parfumeries et fl\u00e2nerie dans la vieille ville.<\/p>\r\n<\/li>\r\n \t<li data-start=\"1871\" data-end=\"2033\">\r\n<p data-start=\"1873\" data-end=\"2033\"><strong data-start=\"1873\" data-end=\"1888\">H\u00e9bergement<\/strong> : <strong data-start=\"1891\" data-end=\"1901\">Grasse<\/strong> propose un large choix, des h\u00f4tels de charme dans le centre historique aux maisons d\u2019h\u00f4tes nich\u00e9es dans la campagne environnante.<\/p>\r\n<\/li>\r\n \t<li data-start=\"2034\" data-end=\"2201\">\r\n<p data-start=\"2036\" data-end=\"2201\"><strong data-start=\"2036\" data-end=\"2058\">Office de Tourisme<\/strong> : situ\u00e9 en plein c\u0153ur de la ville, il fournit cartes, audioguides et conseils personnalis\u00e9s pour organiser au mieux la d\u00e9couverte de Grasse.<\/p>\r\n<\/li>\r\n<\/ul>\r\n<h2 data-start=\"44\" data-end=\"80\">M\u00e9t\u00e9o \u00e0 Grasse : aper\u00e7u et climat<\/h2>\r\n<h3 data-start=\"82\" data-end=\"118\">Un hiver doux et des \u00e9t\u00e9s chauds<\/h3>\r\n<p data-start=\"119\" data-end=\"346\"><span class=\"relative -mx-px my-[-0.2rem] rounded px-px py-[0.2rem] transition-colors duration-100 ease-in-out\">Grasse b\u00e9n\u00e9ficie d\u2019un <strong data-start=\"22\" data-end=\"52\">climat m\u00e9diterran\u00e9en (Csa)<\/strong>, avec des hivers g\u00e9n\u00e9ralement doux et secs, et des \u00e9t\u00e9s chauds et ensoleill\u00e9s\u202f<\/span>. <span class=\"relative -mx-px my-[-0.2rem] rounded px-px py-[0.2rem] transition-colors duration-100 ease-in-out\">Les temp\u00e9ratures maximales annuelles varient en moyenne entre 11\u202f\u00b0C en f\u00e9vrier et 28\u202f\u00b0C en ao\u00fbt<\/span>. <span class=\"relative -mx-px my-[-0.2rem] rounded px-px py-[0.2rem] transition-colors duration-100 ease-in-out\">Ainsi, la ville profite d\u2019un <strong data-start=\"29\" data-end=\"44\">microclimat<\/strong> favorable \u00e0 la culture des fleurs embl\u00e9matiques de la parfumerie (jasmin, rose centifolia, tub\u00e9reuse), comme en t\u00e9moigne son statut de capitale mondiale du parfum<\/span>.<\/p>\r\n\r\n<h3 data-start=\"348\" data-end=\"381\">Saisonnalit\u00e9 et p\u00e9riodes cl\u00e9s<\/h3>\r\n<ul data-start=\"382\" data-end=\"863\">\r\n \t<li data-start=\"382\" data-end=\"537\">\r\n<p data-start=\"384\" data-end=\"537\"><span class=\"relative -mx-px my-[-0.2rem] rounded px-px py-[0.2rem] transition-colors duration-100 ease-in-out\"><strong data-start=\"0\" data-end=\"19\" data-is-only-node=\"\">Saison chaude :<\/strong> Elle s\u2019\u00e9tend d\u2019environ mi-juin \u00e0 mi-septembre (2,8 mois), avec des temp\u00e9ratures maximales moyennes sup\u00e9rieures \u00e0 23\u202f\u00b0C<\/span>. <span class=\"relative -mx-px my-[-0.2rem] rounded px-px py-[0.2rem] transition-colors duration-100 ease-in-out\">Juillet est le mois le plus chaud, affichant souvent jusqu\u2019\u00e0 26\u202f\u00b0C de moyenne<\/span>.<\/p>\r\n<\/li>\r\n \t<li data-start=\"538\" data-end=\"619\">\r\n<p data-start=\"540\" data-end=\"619\"><span class=\"relative -mx-px my-[-0.2rem] rounded px-px py-[0.2rem] transition-colors duration-100 ease-in-out\"><strong data-start=\"0\" data-end=\"20\" data-is-only-node=\"\">Saison fra\u00eeche :<\/strong> De novembre \u00e0 mars (4 mois environ), les temp\u00e9ratures restent mod\u00e9r\u00e9es avec des maximales autour de 13\u202f\u00b0C\u202f<\/span>.<\/p>\r\n<\/li>\r\n \t<li data-start=\"620\" data-end=\"701\">\r\n<p data-start=\"622\" data-end=\"701\"><span class=\"relative -mx-px my-[-0.2rem] rounded px-px py-[0.2rem] transition-colors duration-100 ease-in-out\"><strong data-start=\"0\" data-end=\"18\" data-is-only-node=\"\">Pluviom\u00e9trie :<\/strong> Grasse enregistre un peu plus de pr\u00e9cipitations en automne et en hiver. En ao\u00fbt, le mois le plus sec, on compte en moyenne seulement 32\u202fmm de pluie, contre environ 174\u202fmm en novembre<\/span>.<\/p>\r\n<\/li>\r\n \t<li data-start=\"702\" data-end=\"863\">\r\n<p data-start=\"704\" data-end=\"863\"><span class=\"relative -mx-px my-[-0.2rem] rounded px-px py-[0.2rem] transition-colors duration-100 ease-in-out\"><strong data-start=\"0\" data-end=\"20\" data-is-only-node=\"\">Ensoleillement :<\/strong> L\u2019\u00e9t\u00e9 est particuli\u00e8rement ensoleill\u00e9, avec environ 39\u202fjours d\u2019ensoleillement \u2014 bien au-dessus de la moyenne nationale de 27 jours<\/span>. <span class=\"relative -mx-px my-[-0.2rem] rounded px-px py-[0.2rem] transition-colors duration-100 ease-in-out\">Le printemps (773\u202fh) et l\u2019\u00e9t\u00e9 (935\u202fh) offrent des conditions id\u00e9ales pour explorer la r\u00e9gion<\/span>.<\/p>\r\n<\/li>\r\n<\/ul>\r\n<h3 data-start=\"865\" data-end=\"916\">Climat id\u00e9al pour les fleurs (et les visiteurs)<\/h3>\r\n<p data-start=\"917\" data-end=\"1076\"><span class=\"relative -mx-px my-[-0.2rem] rounded px-px py-[0.2rem] transition-colors duration-100 ease-in-out\">Le printemps et l\u2019\u00e9t\u00e9 (mai \u00e0 septembre) sont les p\u00e9riodes les plus agr\u00e9ables pour visiter Grasse. Les temp\u00e9ratures varient g\u00e9n\u00e9ralement entre 19\u202f\u00b0C et 27\u202f\u00b0C, avec des pr\u00e9cipitations mod\u00e9r\u00e9es, parfaites pour les promenades et la floraison<\/span>. <span class=\"relative -mx-px my-[-0.2rem] rounded px-px py-[0.2rem] transition-colors duration-100 ease-in-out\">Jacques Cavallier Belletrud, ma\u00eetre parfumeur originaire de Grasse, recommande \u00e9galement cette p\u00e9riode \u2014 principalement juin, pour la fin de la r\u00e9colte des roses, et septembre, pour le jasmin \u2014 pour vivre l\u2019exp\u00e9rience sensorielle au mieux<\/span>.<\/p>\r\n\r\n<h3 data-start=\"1078\" data-end=\"1117\">Quelques particularit\u00e9s climatiques<\/h3>\r\n<p data-start=\"1118\" data-end=\"1437\"><span class=\"relative -mx-px my-[-0.2rem] rounded px-px py-[0.2rem] transition-colors duration-100 ease-in-out\">Grasse jouit d\u2019un <strong data-start=\"18\" data-end=\"33\">microclimat<\/strong> sp\u00e9cifique\u202f: situ\u00e9e \u00e0 environ 350\u202fm d\u2019altitude et abrit\u00e9e des vents marins, la ville b\u00e9n\u00e9ficie d\u2019une excellente exposition au soleil et d\u2019une bonne disponibilit\u00e9 en eau gr\u00e2ce au canal de la Siagne, construit en 1860<\/span>. <span class=\"relative -mx-px my-[-0.2rem] rounded px-px py-[0.2rem] transition-colors duration-100 ease-in-out\">L\u2019amplitude thermique est notable : les nuits peuvent \u00eatre plus fra\u00eeches qu\u2019\u00e0 Nice, avec un \u00e9cart de quelques degr\u00e9s<\/span>. <span class=\"relative -mx-px my-[-0.2rem] rounded px-px py-[0.2rem] transition-colors duration-100 ease-in-out\">Bien que la neige soit rare, elle peut occasionnellement blanchir les hauteurs environnantes, comme la for\u00eat du bois de la Marbri\u00e8re<\/span>. <span class=\"relative -mx-px my-[-0.2rem] rounded px-px py-[0.2rem] transition-colors duration-100 ease-in-out\">En mi-saison, les \u00e9pisodes de pluie peuvent \u00eatre intenses, provoquant parfois des crues locales dans les anciennes infrastructures du centre-ville<\/span>.<\/p>\r\n\r\n<h3 data-start=\"1444\" data-end=\"1477\">R\u00e9sum\u00e9 M\u00e9t\u00e9o Grasse<\/h3>\r\n<p data-start=\"1479\" data-end=\"1558\"><span class=\"relative -mx-px my-[-0.2rem] rounded px-px py-[0.2rem] transition-colors duration-100 ease-in-out\">Grasse profite d\u2019un <strong data-start=\"20\" data-end=\"44\">climat m\u00e9diterran\u00e9en<\/strong>, caract\u00e9ris\u00e9 par <strong data-start=\"62\" data-end=\"89\">des hivers doux et secs<\/strong> et <strong data-start=\"93\" data-end=\"132\">des \u00e9t\u00e9s chauds et tr\u00e8s ensoleill\u00e9s<\/strong>. Les temp\u00e9ratures maximales moyennes varient de 11\u202f\u00b0C en f\u00e9vrier jusqu\u2019\u00e0 28\u202f\u00b0C en ao\u00fbt, avec une saison chaude active de mi-juin \u00e0 mi-septembre. Les pr\u00e9cipitations sont mod\u00e9r\u00e9es toute l\u2019ann\u00e9e, sensiblement plus abondantes en automne et en hiver. L\u2019ensoleillement est remarquable en \u00e9t\u00e9, culminant \u00e0 935\u202fh, bien au-dessus de la moyenne nationale<\/span>.<\/p>\r\n<p data-start=\"1560\" data-end=\"1639\"><span class=\"relative -mx-px my-[-0.2rem] rounded px-px py-[0.2rem] transition-colors duration-100 ease-in-out\">Gr\u00e2ce \u00e0 son <strong data-start=\"12\" data-end=\"27\">microclimat<\/strong>, Grasse est prot\u00e9g\u00e9e des courants marins frais, tout en b\u00e9n\u00e9ficiant d\u2019un ensoleillement excellent et d\u2019eau disponible via le canal de la Siagne. Ces conditions sont essentielles \u00e0 la culture des fleurs parfum\u00e9es qui fondent son identit\u00e9<\/span>.<\/p>\r\n<p data-start=\"1641\" data-end=\"1855\"><span class=\"relative -mx-px my-[-0.2rem] rounded px-px py-[0.2rem] transition-colors duration-100 ease-in-out\">Les visiteurs appr\u00e9cieront particuli\u00e8rement <strong data-start=\"44\" data-end=\"69\">le printemps et l\u2019\u00e9t\u00e9<\/strong> (de mai \u00e0 septembre), lorsque les temp\u00e9ratures oscillent entre 19\u202f\u00b0C et 27\u202f\u00b0C, le temps est agr\u00e9able, et les fleurs sont en pleine floraison.<\/span>\u00a0Cependant, les nuits peuvent rester fra\u00eeches, et en mi-saison, des pluies intenses peuvent provoquer quelques d\u00e9sagr\u00e9ments localement.<\/p>\r\n\r\n<h2 data-start=\"200\" data-end=\"235\">Foire Aux Questions sur Grasse<\/h2>\r\n<h3 data-start=\"237\" data-end=\"300\">Pourquoi Grasse est-elle la capitale mondiale du parfum ?<\/h3>\r\n<p data-start=\"301\" data-end=\"489\"><strong data-start=\"301\" data-end=\"311\">Grasse<\/strong> est surnomm\u00e9e capitale du parfum gr\u00e2ce \u00e0 son climat id\u00e9al pour cultiver des fleurs comme le jasmin et la rose centifolia, et \u00e0 son savoir-faire ancestral reconnu par l\u2019UNESCO.<\/p>\r\n\r\n<h3 data-start=\"491\" data-end=\"535\">Quelles parfumeries visiter \u00e0 Grasse ?<\/h3>\r\n<p data-start=\"536\" data-end=\"697\">Parmi les plus embl\u00e9matiques, on retrouve <strong data-start=\"578\" data-end=\"591\">Fragonard<\/strong>, <strong data-start=\"593\" data-end=\"605\">Molinard<\/strong> et <strong data-start=\"609\" data-end=\"621\">Galimard<\/strong>, qui proposent des visites guid\u00e9es et des ateliers de cr\u00e9ation de parfum.<\/p>\r\n\r\n<h3 data-start=\"699\" data-end=\"751\">Que voir dans le centre historique de Grasse ?<\/h3>\r\n<p data-start=\"752\" data-end=\"901\">Le c\u0153ur ancien de <strong data-start=\"770\" data-end=\"780\">Grasse<\/strong> s\u00e9duit par ses ruelles pittoresques, la Cath\u00e9drale Notre-Dame-du-Puy, ses mus\u00e9es et ses panoramas sur la M\u00e9diterran\u00e9e.<\/p>\r\n\r\n<h3 data-start=\"903\" data-end=\"964\">Quand visiter Grasse pour profiter des f\u00eates florales ?<\/h3>\r\n<p data-start=\"965\" data-end=\"1143\">Le mois de mai accueille <strong data-start=\"990\" data-end=\"1002\">Exporose<\/strong>, consacr\u00e9 \u00e0 la rose centifolia, tandis qu\u2019en ao\u00fbt, la <strong data-start=\"1057\" data-end=\"1075\">F\u00eate du Jasmin<\/strong> anime les rues de <strong data-start=\"1094\" data-end=\"1104\">Grasse<\/strong> avec d\u00e9fil\u00e9s et batailles de fleurs.<\/p>\r\n\r\n<h3 data-start=\"1145\" data-end=\"1192\">O\u00f9 sentir les champs de fleurs \u00e0 Grasse ?<\/h3>\r\n<p data-start=\"1193\" data-end=\"1409\">Les alentours de <strong data-start=\"1210\" data-end=\"1220\">Grasse<\/strong> abritent encore des cultures de jasmin et de rose, parfois r\u00e9serv\u00e9es \u00e0 de grandes maisons comme Chanel. Le Jardin du MIP \u00e0 Mouans-Sartoux permet aussi de d\u00e9couvrir ces plantes parfum\u00e9es.<\/p>\r\n\r\n<h3 data-start=\"1411\" data-end=\"1463\">Combien de temps pr\u00e9voir pour visiter Grasse ?<\/h3>\r\n<p data-start=\"1464\" data-end=\"1623\">Un s\u00e9jour de deux jours est recommand\u00e9 pour explorer les parfumeries, les mus\u00e9es, le centre historique et profiter d\u2019une balade dans les champs environnants.<\/p>\r\n\r\n<h3 data-start=\"1625\" data-end=\"1681\">Comment se rendre \u00e0 Grasse depuis Nice ou Cannes ?<\/h3>\r\n<p data-start=\"1682\" data-end=\"1815\">Depuis Nice ou Cannes, <strong data-start=\"1705\" data-end=\"1715\">Grasse<\/strong> est accessible en voiture via l\u2019A8 ou la Route Napol\u00e9on, en TER r\u00e9gional ou par bus interurbains.<\/p>\r\n\r\n<h3 data-start=\"1817\" data-end=\"1871\">Grasse est-elle adapt\u00e9e \u00e0 un voyage en famille ?<\/h3>\r\n<p data-start=\"1872\" data-end=\"2020\">Oui, <strong data-start=\"1877\" data-end=\"1887\">Grasse<\/strong> propose des mus\u00e9es interactifs, des ateliers ludiques et des balades adapt\u00e9es aux enfants, parfaits pour une d\u00e9couverte familiale.<\/p>\r\n<p data-start=\"1872\" data-end=\"2020\">Pour en savoir plus, <a href=\"https:\/\/www.ville-grasse.fr\/\" target=\"_blank\" rel=\"noopener\">c\u2019est par ici!<\/a><\/p>\t\t\t\t\t\t\t\t<\/div>\n\t\t\t\t\t<\/div>\n\t\t\t\t<\/div>\n\t\t<aside class=\"elementor-element elementor-element-0a0d1b6 e-flex e-con-boxed e-con e-parent\" data-id=\"0a0d1b6\" data-element_type=\"container\" data-e-type=\"container\">\n\t\t\t\t\t<div class=\"e-con-inner\">\n\t\t\t\t<div class=\"elementor-element elementor-element-9639c4c elementor-widget elementor-widget-listeo-posts-grid\" data-id=\"9639c4c\" data-element_type=\"widget\" data-e-type=\"widget\" data-widget_type=\"listeo-posts-grid.default\">\n\t\t\t\t<div class=\"elementor-widget-container\">\n\t\t\t\t\t\t\t\n\t\t<div class=\"listeo-post-grid-wrapper\">\n\t\t\t<div class=\"row\">\n\n\t\t\t\n\n\t\t\t\t\t\t\t<div class=\"col-md-4\">\n                <a href=\"https:\/\/cparici.com\/fr\/cannes-guide\/\" class=\"blog-compact-item-container\">\n                    <div class=\"blog-compact-item\">\n                        <img decoding=\"async\" width=\"577\" height=\"204\" src=\"https:\/\/cparici.com\/wp-content\/uploads\/2024\/07\/cannes-cote-dazur.jpg\" class=\"attachment-listeo-blog-related-post size-listeo-blog-related-post wp-post-image\" alt=\"cannes c\u00f4te d&#039;azur\" srcset=\"https:\/\/cparici.com\/wp-content\/uploads\/2024\/07\/cannes-cote-dazur.jpg 1500w, https:\/\/cparici.com\/wp-content\/uploads\/2024\/07\/cannes-cote-dazur-600x212.jpg 600w, https:\/\/cparici.com\/wp-content\/uploads\/2024\/07\/cannes-cote-dazur-300x106.jpg 300w, https:\/\/cparici.com\/wp-content\/uploads\/2024\/07\/cannes-cote-dazur-1024x362.jpg 1024w, https:\/\/cparici.com\/wp-content\/uploads\/2024\/07\/cannes-cote-dazur-768x271.jpg 768w\" sizes=\"(max-width: 577px) 100vw, 577px\" \/><span class=\"blog-item-tag\">Alpes maritimes<\/span>                        \n                        <div class=\"blog-compact-item-content\">\n                                                        <h3>Cannes, d\u00e9couverte et guide complet de la ville<\/h3>\n                                                        <p>Cannes, la ville du cin\u00e9ma et du glamour. D\u00e9couvrez son histoire, ses plages, ses festivals...                            <\/p>\n                                                    <\/div>\n                    <\/div>\n                <\/a>\n            <\/div>\n\t\t\t<div class=\"col-md-4\">\n                <a href=\"https:\/\/cparici.com\/fr\/orange\/\" class=\"blog-compact-item-container\">\n                    <div class=\"blog-compact-item\">\n                        <img decoding=\"async\" width=\"577\" height=\"204\" src=\"https:\/\/cparici.com\/wp-content\/uploads\/2025\/09\/cparici-2025-09-09T083533.113-577x204.jpg\" class=\"attachment-listeo-blog-related-post size-listeo-blog-related-post wp-post-image\" alt=\"Orange\" srcset=\"https:\/\/cparici.com\/wp-content\/uploads\/2025\/09\/cparici-2025-09-09T083533.113-577x204.jpg 577w, https:\/\/cparici.com\/wp-content\/uploads\/2025\/09\/cparici-2025-09-09T083533.113-300x106.jpg 300w, https:\/\/cparici.com\/wp-content\/uploads\/2025\/09\/cparici-2025-09-09T083533.113-1024x362.jpg 1024w, https:\/\/cparici.com\/wp-content\/uploads\/2025\/09\/cparici-2025-09-09T083533.113-768x271.jpg 768w, https:\/\/cparici.com\/wp-content\/uploads\/2025\/09\/cparici-2025-09-09T083533.113-18x6.jpg 18w, https:\/\/cparici.com\/wp-content\/uploads\/2025\/09\/cparici-2025-09-09T083533.113-590x208.jpg 590w, https:\/\/cparici.com\/wp-content\/uploads\/2025\/09\/cparici-2025-09-09T083533.113-1200x424.jpg 1200w, https:\/\/cparici.com\/wp-content\/uploads\/2025\/09\/cparici-2025-09-09T083533.113-600x212.jpg 600w, https:\/\/cparici.com\/wp-content\/uploads\/2025\/09\/cparici-2025-09-09T083533.113.jpg 1500w\" sizes=\"(max-width: 577px) 100vw, 577px\" \/><span class=\"blog-item-tag\">France<\/span>                        \n                        <div class=\"blog-compact-item-content\">\n                                                        <h3>Orange, joyau romain en Vaucluse : tr\u00e9sors, histoire et vie locale<\/h3>\n                                                        <p>Recherches populaires Categories Pas de r\u00e9sultats Voir tous les r\u00e9sultats Orange, joyau romain en Vaucluse...                            <\/p>\n                                                    <\/div>\n                    <\/div>\n                <\/a>\n            <\/div>\n\t\t\t<div class=\"col-md-4\">\n                <a href=\"https:\/\/cparici.com\/fr\/frejus\/\" class=\"blog-compact-item-container\">\n                    <div class=\"blog-compact-item\">\n                        <img decoding=\"async\" width=\"577\" height=\"204\" src=\"https:\/\/cparici.com\/wp-content\/uploads\/2025\/08\/cparici-2025-08-22T130316.775-577x204.jpg\" class=\"attachment-listeo-blog-related-post size-listeo-blog-related-post wp-post-image\" alt=\"Fr\u00e9jus\" srcset=\"https:\/\/cparici.com\/wp-content\/uploads\/2025\/08\/cparici-2025-08-22T130316.775-577x204.jpg 577w, https:\/\/cparici.com\/wp-content\/uploads\/2025\/08\/cparici-2025-08-22T130316.775-300x106.jpg 300w, https:\/\/cparici.com\/wp-content\/uploads\/2025\/08\/cparici-2025-08-22T130316.775-1024x362.jpg 1024w, https:\/\/cparici.com\/wp-content\/uploads\/2025\/08\/cparici-2025-08-22T130316.775-768x271.jpg 768w, https:\/\/cparici.com\/wp-content\/uploads\/2025\/08\/cparici-2025-08-22T130316.775-18x6.jpg 18w, https:\/\/cparici.com\/wp-content\/uploads\/2025\/08\/cparici-2025-08-22T130316.775-590x208.jpg 590w, https:\/\/cparici.com\/wp-content\/uploads\/2025\/08\/cparici-2025-08-22T130316.775-1200x424.jpg 1200w, https:\/\/cparici.com\/wp-content\/uploads\/2025\/08\/cparici-2025-08-22T130316.775-600x212.jpg 600w, https:\/\/cparici.com\/wp-content\/uploads\/2025\/08\/cparici-2025-08-22T130316.775.jpg 1500w\" sizes=\"(max-width: 577px) 100vw, 577px\" \/><span class=\"blog-item-tag\">France<\/span>                        \n                        <div class=\"blog-compact-item-content\">\n                                                        <h3>Fr\u00e9jus : guide complet pour visiter la cit\u00e9 romaine<\/h3>\n                                                        <p>Recherches populaires Categories Pas de r\u00e9sultats Voir tous les r\u00e9sultats Fr\u00e9jus : guide complet pour...                            <\/p>\n                                                    <\/div>\n                    <\/div>\n                <\/a>\n            <\/div>\n  <\/div>\n        <\/div>\n        \t\t\t\t<\/div>\n\t\t\t\t<\/div>\n\t\t\t\t\t<\/div>\n\t\t\t\t<\/aside>\n\t\t\t\t<\/div>\n\t\t","protected":false},"excerpt":{"rendered":"<p>Recherches populaires Categories Pas de r\u00e9sultats Voir tous les r\u00e9sultats Grasse, capitale mondiale du parfum et joyau de Provence Situ\u00e9e entre mer et montagne, au c\u0153ur de la Provence, Grasse est une cit\u00e9 unique qui conjugue histoire, patrimoine et savoir-faire olfactif reconnu dans le monde entier. R\u00e9put\u00e9e comme la capitale des parfums, elle s\u00e9duit par [&hellip;]<\/p>\n","protected":false},"author":97,"featured_media":69472,"comment_status":"closed","ping_status":"closed","sticky":false,"template":"elementor_header_footer","format":"standard","meta":{"ngg_post_thumbnail":0,"footnotes":""},"categories":[2542,1000,477,995],"tags":[],"class_list":["post-69470","post","type-post","status-publish","format-standard","has-post-thumbnail","hentry","category-grasse","category-alpes-maritimes","category-france","category-provence-alpes-cote-dazur"],"_links":{"self":[{"href":"https:\/\/cparici.com\/fr\/wp-json\/wp\/v2\/posts\/69470","targetHints":{"allow":["GET"]}}],"collection":[{"href":"https:\/\/cparici.com\/fr\/wp-json\/wp\/v2\/posts"}],"about":[{"href":"https:\/\/cparici.com\/fr\/wp-json\/wp\/v2\/types\/post"}],"author":[{"embeddable":true,"href":"https:\/\/cparici.com\/fr\/wp-json\/wp\/v2\/users\/97"}],"replies":[{"embeddable":true,"href":"https:\/\/cparici.com\/fr\/wp-json\/wp\/v2\/comments?post=69470"}],"version-history":[{"count":0,"href":"https:\/\/cparici.com\/fr\/wp-json\/wp\/v2\/posts\/69470\/revisions"}],"wp:featuredmedia":[{"embeddable":true,"href":"https:\/\/cparici.com\/fr\/wp-json\/wp\/v2\/media\/69472"}],"wp:attachment":[{"href":"https:\/\/cparici.com\/fr\/wp-json\/wp\/v2\/media?parent=69470"}],"wp:term":[{"taxonomy":"category","embeddable":true,"href":"https:\/\/cparici.com\/fr\/wp-json\/wp\/v2\/categories?post=69470"},{"taxonomy":"post_tag","embeddable":true,"href":"https:\/\/cparici.com\/fr\/wp-json\/wp\/v2\/tags?post=69470"}],"curies":[{"name":"wp","href":"https:\/\/api.w.org\/{rel}","templated":true}]}}