{"id":69543,"date":"2025-08-29T17:02:29","date_gmt":"2025-08-29T15:02:29","guid":{"rendered":"https:\/\/cparici.com\/?p=69543"},"modified":"2026-04-26T21:52:40","modified_gmt":"2026-04-26T19:52:40","slug":"voie-verte","status":"publish","type":"post","link":"https:\/\/cparici.com\/fr\/voie-verte\/","title":{"rendered":"Voie verte : tout savoir sur les itin\u00e9raires en France"},"content":{"rendered":"\t\t<div data-elementor-type=\"wp-post\" data-elementor-id=\"69543\" class=\"elementor elementor-69543\" data-elementor-post-type=\"post\">\n\t\t\t\t<aside class=\"elementor-element elementor-element-1753372 e-con-full e-flex e-con e-parent\" data-id=\"1753372\" data-element_type=\"container\" data-e-type=\"container\">\n\t\t\t\t<div class=\"elementor-element elementor-element-5ac0a55 elementor-widget elementor-widget-image\" data-id=\"5ac0a55\" data-element_type=\"widget\" data-e-type=\"widget\" data-widget_type=\"image.default\">\n\t\t\t\t\t\t\t\t\t\t\t\t\t\t\t<img decoding=\"async\" width=\"1500\" height=\"530\" src=\"https:\/\/cparici.com\/wp-content\/uploads\/2025\/08\/cparici-2025-08-24T085237.461.jpg\" class=\"attachment-full size-full wp-image-69549\" alt=\"Voie verte\" srcset=\"https:\/\/cparici.com\/wp-content\/uploads\/2025\/08\/cparici-2025-08-24T085237.461.jpg 1500w, https:\/\/cparici.com\/wp-content\/uploads\/2025\/08\/cparici-2025-08-24T085237.461-300x106.jpg 300w, https:\/\/cparici.com\/wp-content\/uploads\/2025\/08\/cparici-2025-08-24T085237.461-1024x362.jpg 1024w, https:\/\/cparici.com\/wp-content\/uploads\/2025\/08\/cparici-2025-08-24T085237.461-768x271.jpg 768w, https:\/\/cparici.com\/wp-content\/uploads\/2025\/08\/cparici-2025-08-24T085237.461-18x6.jpg 18w, https:\/\/cparici.com\/wp-content\/uploads\/2025\/08\/cparici-2025-08-24T085237.461-590x208.jpg 590w, https:\/\/cparici.com\/wp-content\/uploads\/2025\/08\/cparici-2025-08-24T085237.461-1200x424.jpg 1200w, https:\/\/cparici.com\/wp-content\/uploads\/2025\/08\/cparici-2025-08-24T085237.461-577x204.jpg 577w, https:\/\/cparici.com\/wp-content\/uploads\/2025\/08\/cparici-2025-08-24T085237.461-600x212.jpg 600w\" sizes=\"(max-width: 1500px) 100vw, 1500px\" \/>\t\t\t\t\t\t\t\t\t\t\t\t\t\t\t<\/div>\n\t\t\t\t<\/aside>\n\t\t<aside class=\"elementor-element elementor-element-1f0708c e-flex e-con-boxed e-con e-parent\" data-id=\"1f0708c\" data-element_type=\"container\" data-e-type=\"container\">\n\t\t\t\t\t<div class=\"e-con-inner\">\n\t\t\t\t<div class=\"elementor-element elementor-element-52ef12d elementor-widget elementor-widget-global elementor-global-62046 elementor-widget-eael-advanced-search\" data-id=\"52ef12d\" data-element_type=\"widget\" data-e-type=\"widget\" data-widget_type=\"eael-advanced-search.default\">\n\t\t\t\t\t        <div class=\"eael-adv-search-wrapper\">\n            <div id=\"eael-advanced-search-widget-52ef12d\" class=\"eael-advanced-search-widget\">\n                <form data-settings=\"{&quot;post_per_page&quot;:5,&quot;search_among_taxonomies&quot;:&quot;&quot;,&quot;search_among_sku&quot;:&quot;no&quot;,&quot;show_popular_keyword&quot;:0,&quot;show_category&quot;:0,&quot;show_content_image&quot;:1,&quot;show_search_result_all_results&quot;:0,&quot;result_on_new_tab&quot;:&quot;no&quot;,&quot;show_product_price&quot;:&quot;no&quot;,&quot;include_current_page&quot;:&quot;no&quot;,&quot;orderby&quot;:&quot;default&quot;,&quot;order&quot;:&quot;DESC&quot;,&quot;current_post_id&quot;:69543,&quot;post_type&quot;:[&quot;post&quot;,&quot;listing&quot;]}\" method=\"POST\" name=\"eael-advanced-search-form-52ef12d\" class=\"eael-advanced-search-form eael-advanced-search-form-style-2\">\n                    <div class=\"eael-advanced-search-wrap\">\n                        <span class=\"eael-adv-search-loader\"><\/span>\n                        <span class=\"eael-adv-search-close\"><i class=\"fas fa-times\"><\/i><\/span>\n                        <span class=\"icon \"><i class=\"fas fa-search\"><\/i><\/span>\n\n                        <input type=\"text\"\n                               placeholder=\"Votre destination\"\n                               class=\"eael-advanced-search\" autocomplete=\"off\" name=\"eael_advanced_search\">\n                    <\/div>\n\t\t\t\t\t                                    <\/form>\n\n\t\t\t\t\n\t\t\t\t        <div class=\"eael-advanced-search-result\">\n            <div class=\"eael-advanced-search-popular-keyword\">\n\t\t\t\t<h4 class=\"eael-advanced-search-popular-keyword-text\">Recherches populaires<\/h4>                <div class=\"eael-popular-keyword-content\"><\/div>\n            <\/div>\n            <div class=\"eael-advanced-search-category\">\n\t\t\t\t<h4 class=\"eael-advanced-search-category-text\">Categories<\/h4>                <div class=\"eael-popular-category-content\"><\/div>\n            <\/div>\n\t\t\t<div class=\"eael-advanced-search-total-results-section\">\n\t\t\t\t\t\t\t<\/div>\n            <div class=\"eael-advanced-search-content eael-item-style-3\">\n            <\/div>\n            <div class=\"eael-advanced-search-not-found\">\n                <p>Pas de r\u00e9sultats<\/p><\/div>\n            <div class=\"eael-advanced-search-load-more\">\n\t\t\t\t<a \tclass=\"eael-advanced-search-load-more-button\"\n                \thref=\"#\">Voir tous les r\u00e9sultats<\/a>\n            <\/div>\n        <\/div>\n\n\t\t            <\/div>\n        <\/div>\n\n\t\t\t\t\t\t<\/div>\n\t\t\t\t\t<\/div>\n\t\t\t\t<\/aside>\n\t\t<div class=\"elementor-element elementor-element-6ec0ea02 e-flex e-con-boxed e-con e-parent\" data-id=\"6ec0ea02\" data-element_type=\"container\" data-e-type=\"container\">\n\t\t\t\t\t<div class=\"e-con-inner\">\n\t\t\t\t<div class=\"elementor-element elementor-element-c4e187d elementor-widget elementor-widget-text-editor\" data-id=\"c4e187d\" data-element_type=\"widget\" data-e-type=\"widget\" data-widget_type=\"text-editor.default\">\n\t\t\t\t\t\t\t\t\t<article class=\"text-token-text-primary w-full focus:outline-none scroll-mt-[calc(var(--header-height)+min(200px,max(70px,20svh)))]\" dir=\"auto\" tabindex=\"-1\" data-turn-id=\"590d5376-b2db-4d4e-938a-0eabd2e5bd49\" data-testid=\"conversation-turn-4\" data-scroll-anchor=\"false\" data-turn=\"assistant\"><div class=\"text-base my-auto mx-auto [--thread-content-margin:--spacing(4)] @[37rem]:[--thread-content-margin:--spacing(6)] @[72rem]:[--thread-content-margin:--spacing(16)] px-(--thread-content-margin)\"><div class=\"[--thread-content-max-width:32rem] @[34rem]:[--thread-content-max-width:40rem] @[64rem]:[--thread-content-max-width:48rem] mx-auto max-w-(--thread-content-max-width) flex-1 group\/turn-messages focus-visible:outline-hidden relative flex w-full min-w-0 flex-col agent-turn\" tabindex=\"-1\"><div class=\"flex max-w-full flex-col grow\"><div class=\"min-h-8 text-message relative flex w-full flex-col items-end gap-2 text-start break-words whitespace-normal [.text-message+&]:mt-5\" dir=\"auto\" data-message-author-role=\"assistant\" data-message-id=\"1ee1fd56-0059-47b4-8176-76b9b76a45bd\" data-message-model-slug=\"gpt-5\"><div class=\"flex w-full flex-col gap-1 empty:hidden first:pt-[3px]\"><div class=\"markdown prose dark:prose-invert w-full break-words light markdown-new-styling\"><h1 style=\"text-align: center;\" data-start=\"476\" data-end=\"1171\">Voie verte : tout savoir sur les itin\u00e9raires en France<\/h1><p data-start=\"476\" data-end=\"1171\">La <strong data-start=\"479\" data-end=\"493\">voie verte<\/strong> est devenue incontournable pour les amateurs de plein air, les cyclistes et les familles \u00e0 la recherche d\u2019itin\u00e9raires s\u00e9curis\u00e9s. Pens\u00e9e pour favoriser les mobilit\u00e9s douces et le tourisme durable, elle offre un cadre id\u00e9al pour explorer les richesses <a href=\"https:\/\/cparici.com\/visiter-la-france-guide-des-regions-et-sites-touristiques\/\"><strong data-start=\"744\" data-end=\"755\">du pays<\/strong><\/a> \u00e0 son rythme. Ces itin\u00e9raires, souvent trac\u00e9s sur d\u2019anciennes voies ferr\u00e9es ou le long de canaux, constituent un r\u00e9seau unique o\u00f9 la nature et le patrimoine se d\u00e9couvrent sans la pression de la circulation motoris\u00e9e. Avant de pr\u00e9parer votre prochaine sortie, il est essentiel de comprendre ce qu\u2019est r\u00e9ellement une voie verte, les r\u00e8gles qui l\u2019encadrent, et o\u00f9 trouver les meilleures cartes pour ne pas se perdre.<\/p><h2 data-start=\"1178\" data-end=\"1211\">Qu\u2019est-ce qu\u2019une voie verte ?<\/h2><p data-start=\"1255\" data-end=\"1757\">En droit fran\u00e7ais, la <strong data-start=\"1277\" data-end=\"1291\">voie verte<\/strong> est d\u00e9finie par l\u2019article R110-2 du Code de la route comme une <strong data-start=\"1355\" data-end=\"1387\">route exclusivement r\u00e9serv\u00e9e<\/strong> \u00e0 la circulation des pi\u00e9tons, cyclistes, rollers, personnes \u00e0 mobilit\u00e9 r\u00e9duite et cavaliers, \u00e0 l\u2019exclusion des v\u00e9hicules motoris\u00e9s, sauf ayants droit (services d\u2019entretien, agriculteurs). Elle se distingue par son <strong data-start=\"1602\" data-end=\"1628\">statut juridique clair<\/strong> : il ne s\u2019agit pas d\u2019un simple chemin ou d\u2019un trottoir, mais bien d\u2019un am\u00e9nagement routier d\u00e9di\u00e9 aux mobilit\u00e9s non motoris\u00e9es.<\/p><p data-start=\"1759\" data-end=\"1961\">Cette d\u00e9finition l\u00e9gale, reprise par la F\u00e9d\u00e9ration fran\u00e7aise des Usagers de la Bicyclette (FUB) et l\u2019Association Fran\u00e7aise des V\u00e9loroutes et Voies Vertes (AF3V), met en avant trois points essentiels :<\/p><ul data-start=\"1962\" data-end=\"2237\"><li data-start=\"1962\" data-end=\"2056\"><p data-start=\"1964\" data-end=\"2056\">une <strong data-start=\"1968\" data-end=\"1997\">accessibilit\u00e9 universelle<\/strong>, y compris pour les personnes \u00e0 mobilit\u00e9 r\u00e9duite (PMR) ;<\/p><\/li><li data-start=\"2057\" data-end=\"2139\"><p data-start=\"2059\" data-end=\"2139\">une <strong data-start=\"2063\" data-end=\"2084\">s\u00e9curit\u00e9 maximale<\/strong>, gr\u00e2ce \u00e0 un site propre isol\u00e9 du trafic automobile ;<\/p><\/li><li data-start=\"2140\" data-end=\"2237\"><p data-start=\"2142\" data-end=\"2237\">une <strong data-start=\"2146\" data-end=\"2170\">polyvalence d\u2019usages<\/strong> : marche, v\u00e9lo, roller, \u00e9quitation, trottinettes non motoris\u00e9es.<\/p><\/li><\/ul><p data-start=\"2239\" data-end=\"2399\">Ainsi, la voie verte n\u2019est pas seulement un outil de mobilit\u00e9 douce : elle incarne un <strong data-start=\"2325\" data-end=\"2350\">espace public partag\u00e9<\/strong>, con\u00e7u pour le confort et la s\u00e9curit\u00e9 de tous.<\/p><p data-start=\"2239\" data-end=\"2399\"><a href=\"https:\/\/cparici.com\/wp-content\/uploads\/2025\/08\/cparici-2025-08-24T085302.801.jpg\"><img decoding=\"async\" class=\"aligncenter wp-image-69550 size-full\" src=\"https:\/\/cparici.com\/wp-content\/uploads\/2025\/08\/cparici-2025-08-24T085302.801.jpg\" alt=\"Voie verte\" width=\"1500\" height=\"530\" srcset=\"https:\/\/cparici.com\/wp-content\/uploads\/2025\/08\/cparici-2025-08-24T085302.801.jpg 1500w, https:\/\/cparici.com\/wp-content\/uploads\/2025\/08\/cparici-2025-08-24T085302.801-300x106.jpg 300w, https:\/\/cparici.com\/wp-content\/uploads\/2025\/08\/cparici-2025-08-24T085302.801-1024x362.jpg 1024w, https:\/\/cparici.com\/wp-content\/uploads\/2025\/08\/cparici-2025-08-24T085302.801-768x271.jpg 768w, https:\/\/cparici.com\/wp-content\/uploads\/2025\/08\/cparici-2025-08-24T085302.801-18x6.jpg 18w, https:\/\/cparici.com\/wp-content\/uploads\/2025\/08\/cparici-2025-08-24T085302.801-590x208.jpg 590w, https:\/\/cparici.com\/wp-content\/uploads\/2025\/08\/cparici-2025-08-24T085302.801-1200x424.jpg 1200w, https:\/\/cparici.com\/wp-content\/uploads\/2025\/08\/cparici-2025-08-24T085302.801-577x204.jpg 577w, https:\/\/cparici.com\/wp-content\/uploads\/2025\/08\/cparici-2025-08-24T085302.801-600x212.jpg 600w\" sizes=\"(max-width: 1500px) 100vw, 1500px\" \/><\/a><\/p><h2 data-start=\"2401\" data-end=\"2447\">Voie verte vs piste cyclable vs v\u00e9loroute<\/h2><p data-start=\"2448\" data-end=\"2572\">L\u2019une des confusions les plus fr\u00e9quentes concerne la diff\u00e9rence entre <strong data-start=\"2518\" data-end=\"2532\">voie verte<\/strong>, <strong data-start=\"2534\" data-end=\"2552\">piste cyclable<\/strong> et <strong data-start=\"2556\" data-end=\"2569\">v\u00e9loroute<\/strong>.<\/p><ul data-start=\"2573\" data-end=\"2992\"><li data-start=\"2573\" data-end=\"2705\"><p data-start=\"2575\" data-end=\"2705\">La <strong data-start=\"2578\" data-end=\"2596\">piste cyclable<\/strong> est une voie r\u00e9serv\u00e9e aux cycles, parfois int\u00e9gr\u00e9e \u00e0 la voirie, et son usage par les pi\u00e9tons est interdit.<\/p><\/li><li data-start=\"2706\" data-end=\"2854\"><p data-start=\"2708\" data-end=\"2854\">La <strong data-start=\"2711\" data-end=\"2724\">v\u00e9loroute<\/strong> est un itin\u00e9raire longue distance, pouvant alterner voies vertes, pistes cyclables et petites routes partag\u00e9es \u00e0 faible trafic.<\/p><\/li><li data-start=\"2855\" data-end=\"2992\"><p data-start=\"2857\" data-end=\"2992\">La <strong data-start=\"2860\" data-end=\"2874\">voie verte<\/strong>, elle, est toujours en <strong data-start=\"2898\" data-end=\"2913\">site propre<\/strong>, donc s\u00e9par\u00e9e des voitures, et accueillant diff\u00e9rents usagers non motoris\u00e9s.<\/p><\/li><\/ul><p data-start=\"2994\" data-end=\"3235\">En r\u00e9sum\u00e9 : la <strong data-start=\"3009\" data-end=\"3027\">piste cyclable<\/strong> = v\u00e9lo seulement, la <strong data-start=\"3049\" data-end=\"3063\">voie verte<\/strong> = multi-usages doux, la <strong data-start=\"3088\" data-end=\"3101\">v\u00e9loroute<\/strong> = itin\u00e9raire combin\u00e9. Comprendre cette distinction est crucial pour pr\u00e9parer son trajet et anticiper le type de parcours rencontr\u00e9.<\/p><h2 data-start=\"3237\" data-end=\"3292\">Pourquoi les collectivit\u00e9s cr\u00e9ent des voies vertes<\/h2><p data-start=\"3293\" data-end=\"3376\">Le d\u00e9veloppement des <strong data-start=\"3314\" data-end=\"3330\">voies vertes<\/strong> r\u00e9pond \u00e0 plusieurs objectifs strat\u00e9giques :<\/p><ol data-start=\"3377\" data-end=\"3851\"><li data-start=\"3377\" data-end=\"3483\"><p data-start=\"3380\" data-end=\"3483\"><strong data-start=\"3380\" data-end=\"3401\">S\u00e9curit\u00e9 routi\u00e8re<\/strong> : offrir des itin\u00e9raires prot\u00e9g\u00e9s, en particulier pour les enfants et familles.<\/p><\/li><li data-start=\"3484\" data-end=\"3632\"><p data-start=\"3487\" data-end=\"3632\"><strong data-start=\"3487\" data-end=\"3510\">Tourisme et loisirs<\/strong> : valoriser des axes abandonn\u00e9s (anciennes voies ferr\u00e9es, halages de canaux) en les transformant en atouts \u00e9conomiques.<\/p><\/li><li data-start=\"3633\" data-end=\"3757\"><p data-start=\"3636\" data-end=\"3757\"><strong data-start=\"3636\" data-end=\"3665\">Accessibilit\u00e9 universelle<\/strong> : garantir un usage confortable aux <strong data-start=\"3702\" data-end=\"3709\">PMR<\/strong>, aux seniors et aux familles avec poussettes.<\/p><\/li><li data-start=\"3758\" data-end=\"3851\"><p data-start=\"3761\" data-end=\"3851\"><strong data-start=\"3761\" data-end=\"3786\">Transition \u00e9cologique<\/strong> : encourager la pratique du v\u00e9lo et de la marche au quotidien.<\/p><\/li><\/ol><p data-start=\"3853\" data-end=\"4218\">Ainsi, la voie verte est autant un outil de <strong data-start=\"3897\" data-end=\"3917\">mobilit\u00e9 durable<\/strong> qu\u2019un vecteur de <strong data-start=\"3935\" data-end=\"3952\">tourisme doux<\/strong>. Elle contribue au dynamisme local en attirant randonneurs, cyclistes et voyageurs adeptes du slow tourisme, un th\u00e8me que nous d\u00e9veloppons dans notre article consacr\u00e9 aux <a class=\"decorated-link cursor-pointer\" href=\"https:\/\/cparici.com\/slow-tourisme-voyager-autrement-en-2025\/\" target=\"_new\" rel=\"noopener\" data-start=\"4124\" data-end=\"4215\">nouvelles tendances du slow tourisme<\/a>.<\/p><h2 data-start=\"253\" data-end=\"306\">Top 12 id\u00e9es de voie verte en France<\/h2><p data-start=\"308\" data-end=\"710\">La France dispose de plusieurs milliers de kilom\u00e8tres de <strong data-start=\"365\" data-end=\"381\">voies vertes<\/strong>, souvent am\u00e9nag\u00e9es sur d\u2019anciennes voies ferr\u00e9es, le long des canaux ou en bord de mer. Elles offrent une diversit\u00e9 d\u2019exp\u00e9riences, adapt\u00e9es aux familles comme aux cyclotouristes longue distance. Voici une s\u00e9lection de <strong data-start=\"600\" data-end=\"632\">12 itin\u00e9raires embl\u00e9matiques<\/strong>, regroup\u00e9s par th\u00e9matiques, pour explorer autrement les r\u00e9gions fran\u00e7aises.<\/p><h2 data-start=\"717\" data-end=\"737\">Bords de canaux<\/h2><h3 data-start=\"739\" data-end=\"758\">Canal du Midi<\/h3><p data-start=\"759\" data-end=\"1088\">Class\u00e9 au patrimoine mondial de l\u2019UNESCO, le <a href=\"https:\/\/cparici.com\/le-canal-du-midi\/\"><strong data-start=\"804\" data-end=\"821\">Canal du Midi<\/strong><\/a> offre une <strong data-start=\"832\" data-end=\"846\">voie verte<\/strong> ombrag\u00e9e par des platanes majestueux. Elle s\u2019\u00e9tend sur plusieurs centaines de kilom\u00e8tres entre Toulouse et S\u00e8te. C\u2019est un itin\u00e9raire id\u00e9al pour une immersion dans l\u2019histoire et le patrimoine du sud-ouest, parfait pour le <strong data-start=\"1068\" data-end=\"1085\">slow tourisme<\/strong>.<\/p><figure id=\"attachment_69551\" aria-describedby=\"caption-attachment-69551\" style=\"width: 1500px\" class=\"wp-caption aligncenter\"><a href=\"https:\/\/cparici.com\/wp-content\/uploads\/2025\/08\/cparici-2025-08-24T085617.624.jpg\"><img decoding=\"async\" class=\"wp-image-69551 size-full\" src=\"https:\/\/cparici.com\/wp-content\/uploads\/2025\/08\/cparici-2025-08-24T085617.624.jpg\" alt=\"Voie verte et canal du midi\" width=\"1500\" height=\"530\" srcset=\"https:\/\/cparici.com\/wp-content\/uploads\/2025\/08\/cparici-2025-08-24T085617.624.jpg 1500w, https:\/\/cparici.com\/wp-content\/uploads\/2025\/08\/cparici-2025-08-24T085617.624-300x106.jpg 300w, https:\/\/cparici.com\/wp-content\/uploads\/2025\/08\/cparici-2025-08-24T085617.624-1024x362.jpg 1024w, https:\/\/cparici.com\/wp-content\/uploads\/2025\/08\/cparici-2025-08-24T085617.624-768x271.jpg 768w, https:\/\/cparici.com\/wp-content\/uploads\/2025\/08\/cparici-2025-08-24T085617.624-18x6.jpg 18w, https:\/\/cparici.com\/wp-content\/uploads\/2025\/08\/cparici-2025-08-24T085617.624-590x208.jpg 590w, https:\/\/cparici.com\/wp-content\/uploads\/2025\/08\/cparici-2025-08-24T085617.624-1200x424.jpg 1200w, https:\/\/cparici.com\/wp-content\/uploads\/2025\/08\/cparici-2025-08-24T085617.624-577x204.jpg 577w, https:\/\/cparici.com\/wp-content\/uploads\/2025\/08\/cparici-2025-08-24T085617.624-600x212.jpg 600w\" sizes=\"(max-width: 1500px) 100vw, 1500px\" \/><\/a><figcaption id=\"caption-attachment-69551\" class=\"wp-caption-text\">Voie verte et canal du midi<\/figcaption><\/figure><h3 data-start=\"1090\" data-end=\"1114\">Canal de Bourgogne<\/h3><p data-start=\"1115\" data-end=\"1325\">Traversant les vignobles r\u00e9put\u00e9s de Bourgogne, cette <strong data-start=\"1168\" data-end=\"1182\">voie verte<\/strong> permet d\u2019alterner entre balade bucolique et d\u00e9couverte gastronomique. Accessible aux familles, elle s\u00e9duit aussi les amateurs d\u2019\u0153notourisme.<\/p><h3 data-start=\"1327\" data-end=\"1356\">Canal de Nantes \u00e0 Brest<\/h3><p data-start=\"1357\" data-end=\"1540\">L\u2019une des plus longues voies vertes de France : pr\u00e8s de <strong data-start=\"1413\" data-end=\"1423\">365 km<\/strong> am\u00e9nag\u00e9s pour les v\u00e9los et pi\u00e9tons. Ce parcours alterne \u00e9cluses, vall\u00e9es bois\u00e9es et villages typiques de Bretagne.<\/p><h2 data-start=\"1547\" data-end=\"1575\">Anciennes voies ferr\u00e9es<\/h2><h3 data-start=\"1577\" data-end=\"1602\">Mazamet \u2013 B\u00e9darieux<\/h3><p data-start=\"1603\" data-end=\"1786\">Situ\u00e9e dans le Tarn, cette <strong data-start=\"1630\" data-end=\"1644\">voie verte<\/strong> de 75 km suit une ancienne ligne ferroviaire. Elle traverse tunnels et viaducs, offrant des panoramas spectaculaires sur la Montagne Noire.<\/p><h3 data-start=\"1788\" data-end=\"1817\">Gaves (<a href=\"https:\/\/cparici.com\/hautes-pyrenees\/\">Hautes-Pyr\u00e9n\u00e9es<\/a>)<\/h3><p data-start=\"1818\" data-end=\"2003\">La <strong data-start=\"1821\" data-end=\"1845\">voie verte des Gaves<\/strong> suit l\u2019ancienne voie ferr\u00e9e reliant Lourdes \u00e0 Cauterets. Accessible et bien entretenue, elle s\u00e9duit par ses paysages montagneux et son atmosph\u00e8re paisible.<\/p><h3 data-start=\"2005\" data-end=\"2059\">Portes Bonheur, le chemin des carri\u00e8res (Alsace)<\/h3><p data-start=\"2060\" data-end=\"2245\">Cette <strong data-start=\"2066\" data-end=\"2080\">voie verte<\/strong> artistique et insolite relie Rosheim \u00e0 Saint-Nabor. Le parcours met en valeur l\u2019histoire industrielle locale, avec des \u0153uvres contemporaines int\u00e9gr\u00e9es au paysage.<\/p><h2 data-start=\"2252\" data-end=\"2278\">Littoral et estuaires<\/h2><h3 data-start=\"2280\" data-end=\"2321\">La V\u00e9lodyss\u00e9e \u2013 sections littorales<\/h3><p data-start=\"2322\" data-end=\"2535\"><a href=\"https:\/\/cparici.com\/velodyssee-guide\/\">La plus longue v\u00e9loroute fran\u00e7aise<\/a> comprend de nombreux tron\u00e7ons en <strong data-start=\"2390\" data-end=\"2404\">voie verte<\/strong>, notamment en <a href=\"https:\/\/cparici.com\/visiter-la-bretagne-guide-des-sites-et-villes-a-explorer\/\">Bretagne<\/a> et en Nouvelle-Aquitaine. Les itin\u00e9raires le long de l\u2019oc\u00e9an s\u00e9duisent par leurs plages, dunes et for\u00eats.<\/p><h3 data-start=\"2537\" data-end=\"2591\">Loire-Atlantique, du canal de Nantes au littoral<\/h3><p data-start=\"2592\" data-end=\"2856\">La Loire-Atlantique propose plusieurs <strong data-start=\"2630\" data-end=\"2646\">voies vertes<\/strong> adapt\u00e9es aux familles, reliant campagne et littoral. Certaines sont d\u00e9j\u00e0 mises en avant dans notre <a class=\"decorated-link cursor-pointer\" target=\"_new\" rel=\"noopener\" data-start=\"2746\" data-end=\"2853\">guide du d\u00e9partement<\/a>.<\/p><h3 data-start=\"2858\" data-end=\"2876\">\u00cele d\u2019Ol\u00e9ron<\/h3><p data-start=\"2877\" data-end=\"3193\"><a href=\"https:\/\/cparici.com\/visiter-ile-doleron\/\">L\u2019\u00eele d\u2019Ol\u00e9ron<\/a> est parcourue par un r\u00e9seau de <strong data-start=\"2923\" data-end=\"2939\">voies vertes<\/strong> permettant de circuler \u00e0 v\u00e9lo en toute s\u00e9curit\u00e9 entre plages, marais salants et villages ostr\u00e9icoles. Id\u00e9al pour les s\u00e9jours familiaux. (Voir notre article <a class=\"decorated-link cursor-pointer\" target=\"_new\" rel=\"noopener\" data-start=\"3096\" data-end=\"3189\">d\u00e9di\u00e9 \u00e0 l\u2019\u00eele d\u2019Ol\u00e9ron<\/a>).<\/p><p data-start=\"2877\" data-end=\"3193\"><a href=\"https:\/\/cparici.com\/wp-content\/uploads\/2025\/08\/cparici-2025-08-24T085357.070.jpg\"><img decoding=\"async\" class=\"aligncenter wp-image-69552 size-full\" src=\"https:\/\/cparici.com\/wp-content\/uploads\/2025\/08\/cparici-2025-08-24T085357.070.jpg\" alt=\"A v\u00e9lo sur la voie verte\" width=\"1500\" height=\"530\" srcset=\"https:\/\/cparici.com\/wp-content\/uploads\/2025\/08\/cparici-2025-08-24T085357.070.jpg 1500w, https:\/\/cparici.com\/wp-content\/uploads\/2025\/08\/cparici-2025-08-24T085357.070-300x106.jpg 300w, https:\/\/cparici.com\/wp-content\/uploads\/2025\/08\/cparici-2025-08-24T085357.070-1024x362.jpg 1024w, https:\/\/cparici.com\/wp-content\/uploads\/2025\/08\/cparici-2025-08-24T085357.070-768x271.jpg 768w, https:\/\/cparici.com\/wp-content\/uploads\/2025\/08\/cparici-2025-08-24T085357.070-18x6.jpg 18w, https:\/\/cparici.com\/wp-content\/uploads\/2025\/08\/cparici-2025-08-24T085357.070-590x208.jpg 590w, https:\/\/cparici.com\/wp-content\/uploads\/2025\/08\/cparici-2025-08-24T085357.070-1200x424.jpg 1200w, https:\/\/cparici.com\/wp-content\/uploads\/2025\/08\/cparici-2025-08-24T085357.070-577x204.jpg 577w, https:\/\/cparici.com\/wp-content\/uploads\/2025\/08\/cparici-2025-08-24T085357.070-600x212.jpg 600w\" sizes=\"(max-width: 1500px) 100vw, 1500px\" \/><\/a><\/p><h2 data-start=\"3200\" data-end=\"3226\">Campagne et vignobles<\/h2><h3 data-start=\"3228\" data-end=\"3249\">La Loire \u00e0 V\u00e9lo<\/h3><p data-start=\"3250\" data-end=\"3569\">Parmi les itin\u00e9raires les plus c\u00e9l\u00e8bres d\u2019Europe, <a href=\"https:\/\/cparici.com\/la-loire-a-velo\/\"><strong data-start=\"3300\" data-end=\"3319\">La Loire \u00e0 V\u00e9lo<\/strong><\/a> comporte de longues sections en voie verte. Accessible aux familles, il relie ch\u00e2teaux, vignobles et villages lig\u00e9riens. Plus de d\u00e9tails dans notre article consacr\u00e9 au <a class=\"decorated-link cursor-pointer\" target=\"_new\" rel=\"noopener\" data-start=\"3488\" data-end=\"3566\">slow tourisme en France<\/a>.<\/p><h3 data-start=\"3571\" data-end=\"3608\">Voie verte de l\u2019Armagnac (<a href=\"https:\/\/cparici.com\/gers-departement\/\">Gers<\/a>)<\/h3><p data-start=\"3609\" data-end=\"3887\">Am\u00e9nag\u00e9e sur une ancienne voie ferr\u00e9e, cette <strong data-start=\"3654\" data-end=\"3668\">voie verte<\/strong> traverse les paysages vallonn\u00e9s du Gers, au c\u0153ur du vignoble d\u2019Armagnac. C\u2019est une exp\u00e9rience alliant nature et terroir. (Voir notre <a class=\"decorated-link cursor-pointer\" target=\"_new\" rel=\"noopener\" data-start=\"3802\" data-end=\"3883\">article sur le Gers<\/a>).<\/p><h3 data-start=\"3889\" data-end=\"3907\">Indre \u00e0 V\u00e9lo<\/h3><p data-start=\"3908\" data-end=\"4228\">Cette <strong data-start=\"3914\" data-end=\"3928\">voie verte<\/strong> m\u00e9connue traverse <a href=\"https:\/\/cparici.com\/indre\/\">le d\u00e9partement de l\u2019Indre<\/a>, alternant patrimoine historique et paysages champ\u00eatres. Elle constitue une belle alternative aux grands itin\u00e9raires plus fr\u00e9quent\u00e9s. (Voir notre guide du <a class=\"decorated-link cursor-pointer\" target=\"_new\" rel=\"noopener\" data-start=\"4128\" data-end=\"4224\">d\u00e9partement de l\u2019Indre<\/a>).<\/p><h3 data-start=\"4235\" data-end=\"4289\">Pourquoi ces itin\u00e9raires m\u00e9ritent votre attention<\/h3><ul data-start=\"4290\" data-end=\"4657\"><li data-start=\"4290\" data-end=\"4402\"><p data-start=\"4292\" data-end=\"4402\"><strong data-start=\"4292\" data-end=\"4309\">Accessibilit\u00e9<\/strong> : la plupart de ces <strong data-start=\"4330\" data-end=\"4346\">voies vertes<\/strong> sont parfaitement adapt\u00e9es aux familles et d\u00e9butants.<\/p><\/li><li data-start=\"4403\" data-end=\"4512\"><p data-start=\"4405\" data-end=\"4512\"><strong data-start=\"4405\" data-end=\"4418\">Diversit\u00e9<\/strong> : canal, montagne, littoral ou vignoble, chaque itin\u00e9raire raconte une histoire diff\u00e9rente.<\/p><\/li><li data-start=\"4513\" data-end=\"4657\"><p data-start=\"4515\" data-end=\"4657\"><strong data-start=\"4515\" data-end=\"4535\">Tourisme durable<\/strong> : voyager par les voies vertes, c\u2019est soutenir un tourisme respectueux de l\u2019environnement et des territoires travers\u00e9s.<\/p><\/li><\/ul><p data-start=\"4659\" data-end=\"4765\">En fonction de vos envies, vous pouvez ainsi choisir un itin\u00e9raire de proximit\u00e9 ou une grande travers\u00e9e.<\/p><\/div><\/div><\/div><\/div><div class=\"flex min-h-[46px] justify-start\"><h2 data-start=\"180\" data-end=\"232\">Carte des voies vertes et outils pour s\u2019orienter<\/h2><h3 data-start=\"234\" data-end=\"266\">La carte AF3V (interactive)<\/h3><p data-start=\"267\" data-end=\"650\">La r\u00e9f\u00e9rence incontournable pour pr\u00e9parer une sortie sur une <strong data-start=\"328\" data-end=\"342\">voie verte<\/strong> en France est la carte interactive propos\u00e9e par l\u2019<strong data-start=\"393\" data-end=\"456\">Association Fran\u00e7aise des V\u00e9loroutes et Voies Vertes (AF3V)<\/strong>. Accessible gratuitement en ligne, elle permet de rechercher des itin\u00e9raires par r\u00e9gion, par type de parcours (canal, voie ferr\u00e9e reconvertie, littoral, campagne) et par niveau de difficult\u00e9.<\/p><p data-start=\"652\" data-end=\"1124\">Chaque <strong data-start=\"659\" data-end=\"673\">voie verte<\/strong> y est d\u00e9crite avec pr\u00e9cision : distance, rev\u00eatement, accessibilit\u00e9 PMR, sites touristiques proches, h\u00e9bergements et services labellis\u00e9s <strong data-start=\"810\" data-end=\"826\">Accueil V\u00e9lo<\/strong>. Les itin\u00e9raires y sont r\u00e9guli\u00e8rement mis \u00e0 jour gr\u00e2ce \u00e0 un r\u00e9seau d\u2019associations locales et de collectivit\u00e9s partenaires. Pour les cyclistes d\u00e9butants, cette carte est une garantie de <strong data-start=\"1012\" data-end=\"1025\">fiabilit\u00e9<\/strong> : elle \u00e9vite les mauvaises surprises li\u00e9es aux chemins mal entretenus ou aux routes dangereuses.<\/p><p data-start=\"1126\" data-end=\"1342\">Cette carte s\u2019impose comme un outil indispensable, compl\u00e9mentaire \u00e0 notre <a class=\"decorated-link cursor-pointer\" target=\"_new\" rel=\"noopener\" data-start=\"1200\" data-end=\"1289\">guide des 13 r\u00e9gions fran\u00e7aises<\/a> qui propose d\u00e9j\u00e0 une approche r\u00e9gionale du voyage.<\/p><h3 data-start=\"1349\" data-end=\"1391\">Carte IGN \u201cVoies vertes & v\u00e9loroutes\u201d<\/h3><p data-start=\"1392\" data-end=\"1692\">En parall\u00e8le de l\u2019outil num\u00e9rique, l\u2019<strong data-start=\"1429\" data-end=\"1500\">Institut national de l\u2019information g\u00e9ographique et foresti\u00e8re (IGN)<\/strong> \u00e9dite une <strong data-start=\"1511\" data-end=\"1527\">carte papier<\/strong> sp\u00e9cialement consacr\u00e9e aux voies vertes et v\u00e9loroutes. Baptis\u00e9e <em data-start=\"1592\" data-end=\"1629\">Voies vertes & v\u00e9loroutes de France<\/em> (r\u00e9f. 1M924), elle couvre tout le territoire au 1:1 000 000.<\/p><p data-start=\"1694\" data-end=\"1842\">Cette carte est un <strong data-start=\"1713\" data-end=\"1731\">alli\u00e9 pratique<\/strong> pour ceux qui souhaitent pr\u00e9parer un itin\u00e9raire longue distance sans d\u00e9pendre du GPS. Elle met en \u00e9vidence :<\/p><ul data-start=\"1843\" data-end=\"2077\"><li data-start=\"1843\" data-end=\"1935\"><p data-start=\"1845\" data-end=\"1935\">les <strong data-start=\"1849\" data-end=\"1881\">grands itin\u00e9raires nationaux<\/strong> comme la Loire \u00e0 V\u00e9lo, la V\u00e9lodyss\u00e9e, la Viarh\u00f4na ;<\/p><\/li><li data-start=\"1936\" data-end=\"2007\"><p data-start=\"1938\" data-end=\"2007\">les <strong data-start=\"1942\" data-end=\"1964\">tron\u00e7ons r\u00e9gionaux<\/strong> moins connus mais tout aussi agr\u00e9ables ;<\/p><\/li><li data-start=\"2008\" data-end=\"2077\"><p data-start=\"2010\" data-end=\"2077\">les points de connexion entre <strong data-start=\"2040\" data-end=\"2054\">v\u00e9loroutes<\/strong> et <strong data-start=\"2058\" data-end=\"2074\">voies vertes<\/strong>.<\/p><\/li><\/ul><p data-start=\"2079\" data-end=\"2301\">Co\u00e9dit\u00e9e avec l\u2019AF3V, elle garantit une information officielle et valid\u00e9e. Pour les voyageurs en mode <strong data-start=\"2181\" data-end=\"2198\">slow tourisme<\/strong>, cette carte est un support id\u00e9al \u00e0 glisser dans les sacoches, compl\u00e9tant les ressources num\u00e9riques.<\/p><h3 data-start=\"2308\" data-end=\"2338\">Autres ressources fiables<\/h3><p data-start=\"2339\" data-end=\"2456\">En plus de l\u2019AF3V et de l\u2019IGN, d\u2019autres plateformes proposent des informations pratiques sur les <strong data-start=\"2436\" data-end=\"2452\">voies vertes<\/strong> :<\/p><ul data-start=\"2457\" data-end=\"2913\"><li data-start=\"2457\" data-end=\"2594\"><p data-start=\"2459\" data-end=\"2594\"><strong data-start=\"2459\" data-end=\"2483\">France V\u00e9lo Tourisme<\/strong> : le site r\u00e9f\u00e9rence les grands itin\u00e9raires et donne des conseils pour organiser un s\u00e9jour \u00e0 v\u00e9lo en famille.<\/p><\/li><li data-start=\"2595\" data-end=\"2721\"><p data-start=\"2597\" data-end=\"2721\"><strong data-start=\"2597\" data-end=\"2609\">IGNrando<\/strong> : propose des id\u00e9es de randonn\u00e9es \u00e0 v\u00e9lo, m\u00ealant voies vertes, pistes cyclables et petites routes s\u00e9curis\u00e9es.<\/p><\/li><li data-start=\"2722\" data-end=\"2913\"><p data-start=\"2724\" data-end=\"2913\"><strong data-start=\"2724\" data-end=\"2757\">Applications GPS sp\u00e9cialis\u00e9es<\/strong> (Komoot, G\u00e9ov\u00e9lo, Strava) : elles permettent de t\u00e9l\u00e9charger des traces GPX et de personnaliser son parcours en fonction du niveau et du temps disponible.<\/p><\/li><\/ul><p data-start=\"2915\" data-end=\"3263\">Ces ressources, combin\u00e9es, offrent une vision compl\u00e8te pour explorer le r\u00e9seau fran\u00e7ais des voies vertes. En croisant les informations de la <strong data-start=\"3056\" data-end=\"3070\">carte AF3V<\/strong>, des cartes IGN et des plateformes de tourisme, chaque voyageur peut pr\u00e9parer une sortie adapt\u00e9e \u00e0 son profil : <strong data-start=\"3183\" data-end=\"3260\">famille, sportif, randonneur occasionnel ou cyclotouriste longue distance<\/strong>.<\/p><h2 data-start=\"198\" data-end=\"231\">Pr\u00e9parer sa sortie voie verte<\/h2><h3 data-start=\"233\" data-end=\"267\">\u00c9quipement minimal et confort<\/h3><p data-start=\"268\" data-end=\"466\">Pour profiter pleinement d\u2019une <strong data-start=\"299\" data-end=\"313\">voie verte<\/strong>, il est essentiel de s\u2019\u00e9quiper correctement. M\u00eame si le parcours est s\u00e9curis\u00e9 et souvent plat, un minimum de pr\u00e9paration garantit confort et s\u00e9curit\u00e9.<\/p><ul data-start=\"467\" data-end=\"1188\"><li data-start=\"467\" data-end=\"658\"><p data-start=\"469\" data-end=\"658\"><strong data-start=\"469\" data-end=\"484\">V\u00e9lo adapt\u00e9<\/strong> : un VTC ou un v\u00e9lo de randonn\u00e9e est id\u00e9al. Pour les sections rev\u00eatues, un v\u00e9lo de ville suffit ; pour les tron\u00e7ons en stabilis\u00e9, privil\u00e9giez des pneus un peu plus larges.<\/p><\/li><li data-start=\"659\" data-end=\"755\"><p data-start=\"661\" data-end=\"755\"><strong data-start=\"661\" data-end=\"671\">Casque<\/strong> : obligatoire pour les enfants de moins de 12 ans, fortement conseill\u00e9 pour tous.<\/p><\/li><li data-start=\"756\" data-end=\"915\"><p data-start=\"758\" data-end=\"915\"><strong data-start=\"758\" data-end=\"792\">\u00c9clairage et gilet fluorescent<\/strong> : indispensables si vous pr\u00e9voyez de rouler t\u00f4t le matin ou en soir\u00e9e, certaines <strong data-start=\"874\" data-end=\"890\">voies vertes<\/strong> n\u2019\u00e9tant pas \u00e9clair\u00e9es.<\/p><\/li><li data-start=\"916\" data-end=\"1069\"><p data-start=\"918\" data-end=\"1069\"><strong data-start=\"918\" data-end=\"945\">Petit kit de r\u00e9paration<\/strong> : chambre \u00e0 air, d\u00e9monte-pneus, pompe. Certaines voies disposent de bornes de r\u00e9paration, mais ce n\u2019est pas syst\u00e9matique.<\/p><\/li><li data-start=\"1070\" data-end=\"1188\"><p data-start=\"1072\" data-end=\"1188\"><strong data-start=\"1072\" data-end=\"1096\">Hydratation et encas<\/strong> : une gourde par personne et quelques barres \u00e9nerg\u00e9tiques facilitent les longues balades.<\/p><\/li><\/ul><p data-start=\"1190\" data-end=\"1301\">Un bon \u00e9quipement est la cl\u00e9 pour transformer une simple promenade en une exp\u00e9rience agr\u00e9able et sans stress.<\/p><h3 data-start=\"1308\" data-end=\"1334\">Familles et d\u00e9butants<\/h3><p data-start=\"1335\" data-end=\"1480\">La <strong data-start=\"1338\" data-end=\"1352\">voie verte<\/strong> est particuli\u00e8rement appr\u00e9ci\u00e9e des <strong data-start=\"1388\" data-end=\"1400\">familles<\/strong>. Pour que l\u2019exp\u00e9rience reste plaisante, quelques pr\u00e9cautions sont \u00e0 prendre :<\/p><ul data-start=\"1481\" data-end=\"2173\"><li data-start=\"1481\" data-end=\"1601\"><p data-start=\"1483\" data-end=\"1601\"><strong data-start=\"1483\" data-end=\"1512\">Choisir la bonne distance<\/strong> : pour une premi\u00e8re sortie familiale, privil\u00e9giez un tron\u00e7on de <strong data-start=\"1577\" data-end=\"1598\">5 \u00e0 15 km maximum<\/strong>.<\/p><\/li><li data-start=\"1602\" data-end=\"1734\"><p data-start=\"1604\" data-end=\"1734\"><strong data-start=\"1604\" data-end=\"1637\">Pr\u00e9voir des pauses r\u00e9guli\u00e8res<\/strong> : les aires de repos am\u00e9nag\u00e9es le long des voies sont id\u00e9ales pour pique-niquer ou se reposer.<\/p><\/li><li data-start=\"1735\" data-end=\"1828\"><p data-start=\"1737\" data-end=\"1828\"><strong data-start=\"1737\" data-end=\"1761\">Encadrer les enfants<\/strong> : un adulte devant, un autre derri\u00e8re, pour s\u00e9curiser le groupe.<\/p><\/li><li data-start=\"1829\" data-end=\"1986\"><p data-start=\"1831\" data-end=\"1986\"><strong data-start=\"1831\" data-end=\"1864\">Remorque enfant et si\u00e8ge b\u00e9b\u00e9<\/strong> : parfaitement adapt\u00e9s aux <strong data-start=\"1892\" data-end=\"1908\">voies vertes<\/strong>, ils permettent aux plus jeunes de profiter de la balade en toute s\u00e9curit\u00e9.<\/p><\/li><li data-start=\"1987\" data-end=\"2173\"><p data-start=\"1989\" data-end=\"2173\"><strong data-start=\"1989\" data-end=\"2012\">Jeux et d\u00e9couvertes<\/strong> : certaines voies passent pr\u00e8s de sites patrimoniaux ou naturels (\u00e9cluses, tunnels, for\u00eats). Cela permet de transformer la balade en <strong data-start=\"2146\" data-end=\"2170\">aventure p\u00e9dagogique<\/strong>.<\/p><\/li><\/ul><p data-start=\"2175\" data-end=\"2380\">Pour les <strong data-start=\"2184\" data-end=\"2205\">d\u00e9butants adultes<\/strong>, il est recommand\u00e9 de commencer par des voies vertes plates, comme celles des <strong data-start=\"2284\" data-end=\"2302\">bords de Loire<\/strong> ou du <strong data-start=\"2309\" data-end=\"2326\">Canal du Midi<\/strong>, avant de se lancer sur des itin\u00e9raires plus longs.<\/p><h3 data-start=\"2387\" data-end=\"2411\">O\u00f9 dormir et manger<\/h3><p data-start=\"2412\" data-end=\"2598\">La pr\u00e9paration d\u2019une sortie sur une <strong data-start=\"2448\" data-end=\"2462\">voie verte<\/strong> ne se limite pas \u00e0 l\u2019itin\u00e9raire. L\u2019h\u00e9bergement et la restauration sont des points cl\u00e9s, surtout pour les parcours de plusieurs jours.<\/p><ul data-start=\"2599\" data-end=\"3192\"><li data-start=\"2599\" data-end=\"2796\"><p data-start=\"2601\" data-end=\"2796\"><strong data-start=\"2601\" data-end=\"2623\">Label Accueil V\u00e9lo<\/strong> : ce label garantit un accueil adapt\u00e9 aux cyclistes (local s\u00e9curis\u00e9, outils de r\u00e9paration, petit-d\u00e9jeuner \u00e9nerg\u00e9tique). Il est pr\u00e9sent le long de nombreuses voies vertes.<\/p><\/li><li data-start=\"2797\" data-end=\"2915\"><p data-start=\"2799\" data-end=\"2915\"><strong data-start=\"2799\" data-end=\"2828\">Chambres d\u2019h\u00f4tes et g\u00eetes<\/strong> : parfaits pour une immersion locale, souvent \u00e0 proximit\u00e9 imm\u00e9diate des itin\u00e9raires.<\/p><\/li><li data-start=\"2916\" data-end=\"3028\"><p data-start=\"2918\" data-end=\"3028\"><strong data-start=\"2918\" data-end=\"2950\">Campings et aires naturelles<\/strong> : id\u00e9aux pour les familles en qu\u00eate de vacances \u00e9conomiques et conviviales.<\/p><\/li><li data-start=\"3029\" data-end=\"3192\"><p data-start=\"3031\" data-end=\"3192\"><strong data-start=\"3031\" data-end=\"3061\">Restaurants et guinguettes<\/strong> : certains itin\u00e9raires, notamment le long des canaux, proposent des haltes gourmandes (produits du terroir, repas en plein air).<\/p><\/li><\/ul><p data-start=\"3194\" data-end=\"3425\">Pour bien organiser votre s\u00e9jour, vous pouvez consulter notre s\u00e9lection des <a class=\"decorated-link cursor-pointer\" target=\"_new\" rel=\"noopener\" data-start=\"3270\" data-end=\"3366\">meilleures randonn\u00e9es en France<\/a>, qui inclut aussi des \u00e9tapes accessibles par voie verte.<\/p><h3 data-start=\"3432\" data-end=\"3480\">Astuce pratique : checklist avant de partir<\/h3><ol data-start=\"3481\" data-end=\"3749\"><li data-start=\"3481\" data-end=\"3524\"><p data-start=\"3484\" data-end=\"3524\">V\u00e9rifier la m\u00e9t\u00e9o et adapter sa tenue.<\/p><\/li><li data-start=\"3525\" data-end=\"3591\"><p data-start=\"3528\" data-end=\"3591\">T\u00e9l\u00e9chargez l\u2019itin\u00e9raire (AF3V, IGN ou France V\u00e9lo Tourisme).<\/p><\/li><li data-start=\"3592\" data-end=\"3619\"><p data-start=\"3595\" data-end=\"3619\">Pr\u00e9parer eau et encas.<\/p><\/li><li data-start=\"3620\" data-end=\"3677\"><p data-start=\"3623\" data-end=\"3677\">V\u00e9rifier l\u2019\u00e9tat du v\u00e9lo (freins, pneus, \u00e9clairages).<\/p><\/li><li data-start=\"3678\" data-end=\"3749\"><p data-start=\"3681\" data-end=\"3749\">Informer un proche de l\u2019itin\u00e9raire pr\u00e9vu pour les longues sorties.<\/p><\/li><\/ol><p data-start=\"3751\" data-end=\"3862\">Avec cette pr\u00e9paration, votre sortie sur une <strong data-start=\"3796\" data-end=\"3810\">voie verte<\/strong> sera synonyme de d\u00e9tente, d\u00e9couverte et s\u00e9curit\u00e9.<\/p><h2 data-start=\"183\" data-end=\"205\">Impact & tendances<\/h2><h3 data-start=\"207\" data-end=\"244\">D\u00e9veloppement du r\u00e9seau national<\/h3><p data-start=\"245\" data-end=\"622\">La France est aujourd\u2019hui l\u2019un des pays leaders en mati\u00e8re de <strong data-start=\"307\" data-end=\"323\">voies vertes<\/strong>, avec plus de <strong data-start=\"338\" data-end=\"375\">20 000 km d\u2019itin\u00e9raires cyclables<\/strong> dont une large partie en site propre. Le <strong data-start=\"417\" data-end=\"474\">Sch\u00e9ma National des V\u00e9loroutes et Voies Vertes (SN3V)<\/strong> fixe un objectif ambitieux : mailler tout le territoire d\u2019ici 2030 pour relier les grandes villes, les r\u00e9gions et les sites touristiques majeurs.<\/p><p data-start=\"624\" data-end=\"896\">L\u2019<strong data-start=\"626\" data-end=\"634\">AF3V<\/strong> joue un r\u00f4le central dans ce d\u00e9veloppement, en recensant les projets, en mobilisant les associations locales et en travaillant avec les collectivit\u00e9s. L\u2019<strong data-start=\"788\" data-end=\"795\">IGN<\/strong>, de son c\u00f4t\u00e9, met \u00e0 disposition des cartes actualis\u00e9es pour aider les voyageurs et les am\u00e9nageurs.<\/p><p data-start=\"898\" data-end=\"1100\">Ce maillage croissant permet \u00e0 la <strong data-start=\"932\" data-end=\"946\">voie verte<\/strong> de s\u2019imposer non seulement comme un outil de loisirs, mais aussi comme une v\u00e9ritable alternative pour les trajets quotidiens (domicile-travail \u00e0 v\u00e9lo).<\/p><hr data-start=\"1102\" data-end=\"1105\" \/><h3 data-start=\"1107\" data-end=\"1146\">Tourisme lent et retomb\u00e9es locales<\/h3><p data-start=\"1147\" data-end=\"1387\">La <strong data-start=\"1150\" data-end=\"1164\">voie verte<\/strong> est un moteur puissant du <strong data-start=\"1191\" data-end=\"1208\">tourisme doux<\/strong>. Contrairement au tourisme motoris\u00e9, elle favorise des s\u00e9jours plus longs, o\u00f9 les voyageurs prennent le temps de d\u00e9couvrir les paysages, les villages et les producteurs locaux.<\/p><p data-start=\"1389\" data-end=\"1438\">Les retomb\u00e9es \u00e9conomiques sont significatives :<\/p><ul data-start=\"1439\" data-end=\"1856\"><li data-start=\"1439\" data-end=\"1548\"><p data-start=\"1441\" data-end=\"1548\">Un cyclotouriste d\u00e9pense en moyenne <strong data-start=\"1477\" data-end=\"1499\">60 \u00e0 70 \u20ac par jour<\/strong>, entre h\u00e9bergement, restauration et activit\u00e9s.<\/p><\/li><li data-start=\"1549\" data-end=\"1721\"><p data-start=\"1551\" data-end=\"1721\">Certaines r\u00e9gions, comme la <strong data-start=\"1579\" data-end=\"1595\">Loire \u00e0 V\u00e9lo<\/strong>, accueillent chaque ann\u00e9e plus d\u2019<strong data-start=\"1629\" data-end=\"1656\">un million de visiteurs<\/strong>, g\u00e9n\u00e9rant plusieurs dizaines de millions d\u2019euros de retomb\u00e9es.<\/p><\/li><li data-start=\"1722\" data-end=\"1856\"><p data-start=\"1724\" data-end=\"1856\">Les territoires travers\u00e9s voient leurs commerces de proximit\u00e9 et leurs h\u00e9bergements b\u00e9n\u00e9ficier directement de cette fr\u00e9quentation.<\/p><\/li><\/ul><p data-start=\"1858\" data-end=\"2013\">En choisissant la <strong data-start=\"1876\" data-end=\"1890\">voie verte<\/strong>, les voyageurs s\u2019inscrivent dans une d\u00e9marche de <strong data-start=\"1940\" data-end=\"1957\">slow tourisme<\/strong>, o\u00f9 la qualit\u00e9 de l\u2019exp\u00e9rience prime sur la rapidit\u00e9.<\/p><hr data-start=\"2015\" data-end=\"2018\" \/><h2 data-start=\"2020\" data-end=\"2057\">Bonnes pratiques \u00e9coresponsables<\/h2><p data-start=\"2058\" data-end=\"2191\">Si la <strong data-start=\"2064\" data-end=\"2078\">voie verte<\/strong> est une infrastructure durable, son usage doit s\u2019accompagner de comportements respectueux de l\u2019environnement :<\/p><ul data-start=\"2192\" data-end=\"2675\"><li data-start=\"2192\" data-end=\"2300\"><p data-start=\"2194\" data-end=\"2300\"><strong data-start=\"2194\" data-end=\"2217\">Limiter les d\u00e9chets<\/strong> : emporter un petit sac pour les emballages et respecter les points de collecte.<\/p><\/li><li data-start=\"2301\" data-end=\"2394\"><p data-start=\"2303\" data-end=\"2394\"><strong data-start=\"2303\" data-end=\"2337\">Respecter la faune et la flore<\/strong> : ne pas cueillir les plantes ni effrayer les animaux.<\/p><\/li><li data-start=\"2395\" data-end=\"2471\"><p data-start=\"2397\" data-end=\"2471\"><strong data-start=\"2397\" data-end=\"2435\">Utiliser des gourdes r\u00e9utilisables<\/strong> au lieu de bouteilles plastiques.<\/p><\/li><li data-start=\"2472\" data-end=\"2581\"><p data-start=\"2474\" data-end=\"2581\"><strong data-start=\"2474\" data-end=\"2509\">Privil\u00e9gier les transports doux<\/strong> pour rejoindre le d\u00e9part de la voie verte (train + v\u00e9lo par exemple).<\/p><\/li><li data-start=\"2582\" data-end=\"2675\"><p data-start=\"2584\" data-end=\"2675\"><strong data-start=\"2584\" data-end=\"2612\">Sensibiliser les enfants<\/strong> \u00e0 la notion d\u2019espace partag\u00e9 et \u00e0 l\u2019importance de la nature.<\/p><\/li><\/ul><p data-start=\"2677\" data-end=\"2800\">Ces gestes simples renforcent l\u2019impact positif de la <strong data-start=\"2730\" data-end=\"2744\">voie verte<\/strong> sur les territoires et contribuent \u00e0 sa pr\u00e9servation.<\/p><h2 data-start=\"320\" data-end=\"345\">FAQ sur la voie verte<\/h2><h3 data-start=\"347\" data-end=\"392\">Une voie verte, c\u2019est quoi exactement ?<\/h3><p data-start=\"393\" data-end=\"694\">Une <strong data-start=\"397\" data-end=\"411\">voie verte<\/strong> est une route en site propre r\u00e9serv\u00e9e aux usagers non motoris\u00e9s : pi\u00e9tons, cyclistes, rollers, cavaliers et personnes en fauteuil roulant. Elle se distingue par sa s\u00e9curit\u00e9 et son accessibilit\u00e9 universelle, contrairement \u00e0 une piste cyclable qui est r\u00e9serv\u00e9e uniquement aux v\u00e9los.<\/p><hr data-start=\"696\" data-end=\"699\" \/><h3 data-start=\"701\" data-end=\"745\">Qui a la priorit\u00e9 sur une voie verte ?<\/h3><p data-start=\"746\" data-end=\"1050\">Sur une <strong data-start=\"754\" data-end=\"768\">voie verte<\/strong>, la priorit\u00e9 est partag\u00e9e entre tous les usagers. Toutefois, les cyclistes doivent adapter leur vitesse et laisser la priorit\u00e9 aux pi\u00e9tons et aux personnes \u00e0 mobilit\u00e9 r\u00e9duite. Aux intersections avec des routes, ce sont les panneaux de signalisation qui d\u00e9terminent les priorit\u00e9s.<\/p><hr data-start=\"1052\" data-end=\"1055\" \/><h3 data-start=\"1057\" data-end=\"1134\">Les trottinettes \u00e9lectriques sont-elles autoris\u00e9es sur une voie verte ?<\/h3><p data-start=\"1135\" data-end=\"1429\">En principe, les <strong data-start=\"1152\" data-end=\"1160\">EDPM<\/strong> (Engins de D\u00e9placement Personnel Motoris\u00e9s), comme les trottinettes \u00e9lectriques, ne sont pas autoris\u00e9s sur une <strong data-start=\"1272\" data-end=\"1286\">voie verte<\/strong>, sauf d\u00e9cision locale sp\u00e9cifique. Leur pr\u00e9sence est parfois tol\u00e9r\u00e9e si les collectivit\u00e9s l\u2019indiquent clairement par un panneau ou un arr\u00eat\u00e9.<\/p><hr data-start=\"1431\" data-end=\"1434\" \/><h3 data-start=\"1436\" data-end=\"1488\">Peut-on promener un chien sur une voie verte ?<\/h3><p data-start=\"1489\" data-end=\"1768\">Oui, les chiens sont admis sur une <strong data-start=\"1524\" data-end=\"1538\">voie verte<\/strong>, mais uniquement tenus en laisse. L\u2019accompagnant doit veiller \u00e0 ne pas g\u00eaner la circulation des autres usagers. Certaines collectivit\u00e9s pr\u00e9cisent des r\u00e8gles suppl\u00e9mentaires, notamment sur les grands itin\u00e9raires tr\u00e8s fr\u00e9quent\u00e9s.<\/p><hr data-start=\"1770\" data-end=\"1773\" \/><h3 data-start=\"1775\" data-end=\"1821\">Quelle est la largeur d\u2019une voie verte ?<\/h3><p data-start=\"1822\" data-end=\"2085\">Selon les recommandations du <strong data-start=\"1851\" data-end=\"1861\">Cerema<\/strong>, une <strong data-start=\"1867\" data-end=\"1881\">voie verte<\/strong> doit mesurer entre <strong data-start=\"1901\" data-end=\"1918\">3 et 5 m\u00e8tres<\/strong> pour permettre la cohabitation des usagers. Cette largeur varie selon la fr\u00e9quentation : les sections touristiques majeures b\u00e9n\u00e9ficient d\u2019un am\u00e9nagement plus large.<\/p><hr data-start=\"2087\" data-end=\"2090\" \/><h3 data-start=\"2092\" data-end=\"2147\">Comment trouver une voie verte pr\u00e8s de chez moi ?<\/h3><p data-start=\"2148\" data-end=\"2220\">Pour localiser une <strong data-start=\"2167\" data-end=\"2181\">voie verte<\/strong>, plusieurs outils sont disponibles :<\/p><ul data-start=\"2221\" data-end=\"2452\"><li data-start=\"2221\" data-end=\"2283\"><p data-start=\"2223\" data-end=\"2283\">La <strong data-start=\"2226\" data-end=\"2252\">carte interactive AF3V<\/strong>, la plus compl\u00e8te en France.<\/p><\/li><li data-start=\"2284\" data-end=\"2350\"><p data-start=\"2286\" data-end=\"2350\">La <strong data-start=\"2289\" data-end=\"2328\">carte IGN Voies vertes & V\u00e9loroutes<\/strong>, en version papier.<\/p><\/li><li data-start=\"2351\" data-end=\"2452\"><p data-start=\"2353\" data-end=\"2452\">Des sites comme <strong data-start=\"2369\" data-end=\"2393\">France V\u00e9lo Tourisme<\/strong> ou <strong data-start=\"2397\" data-end=\"2409\">IGNrando<\/strong> qui proposent des itin\u00e9raires r\u00e9gionaux.<\/p><\/li><\/ul><hr data-start=\"2454\" data-end=\"2457\" \/><h3 data-start=\"2459\" data-end=\"2508\">Peut-on rouler de nuit sur une voie verte ?<\/h3><p data-start=\"2509\" data-end=\"2726\">La circulation nocturne est possible sur une <strong data-start=\"2554\" data-end=\"2568\">voie verte<\/strong>, mais elle n\u2019est pas \u00e9clair\u00e9e. Il est donc indispensable de pr\u00e9voir un <strong data-start=\"2640\" data-end=\"2670\">\u00e9clairage avant et arri\u00e8re<\/strong>, ainsi qu\u2019un gilet r\u00e9fl\u00e9chissant pour rester visible.<\/p><hr data-start=\"2728\" data-end=\"2731\" \/><h3 data-start=\"2733\" data-end=\"2785\">Quelles voies vertes conseiller aux familles ?<\/h3><p data-start=\"2786\" data-end=\"2924\">Les meilleures <strong data-start=\"2801\" data-end=\"2828\">voies vertes familiales<\/strong> sont celles qui sont plates, s\u00e9curis\u00e9es et proches de services. Parmi les plus recommand\u00e9es :<\/p><ul data-start=\"2925\" data-end=\"3084\"><li data-start=\"2925\" data-end=\"2950\"><p data-start=\"2927\" data-end=\"2950\">Le <strong data-start=\"2930\" data-end=\"2947\">Canal du Midi<\/strong>,<\/p><\/li><li data-start=\"2951\" data-end=\"2975\"><p data-start=\"2953\" data-end=\"2975\">La <strong data-start=\"2956\" data-end=\"2972\">Loire \u00e0 V\u00e9lo<\/strong>,<\/p><\/li><li data-start=\"2976\" data-end=\"3026\"><p data-start=\"2978\" data-end=\"3026\">La <strong data-start=\"2981\" data-end=\"3005\">voie verte des Gaves<\/strong> (Hautes-Pyr\u00e9n\u00e9es),<\/p><\/li><li data-start=\"3027\" data-end=\"3084\"><p data-start=\"3029\" data-end=\"3084\">L\u2019<strong data-start=\"3031\" data-end=\"3047\">\u00cele d\u2019Ol\u00e9ron<\/strong> avec son r\u00e9seau cyclable s\u00e9curis\u00e9.<\/p><\/li><\/ul><\/div><\/div><\/div><\/article><article class=\"text-token-text-primary w-full focus:outline-none scroll-mt-(--header-height)\" dir=\"auto\" tabindex=\"-1\" data-turn-id=\"d42f1b09-0805-4c3a-9a70-04e8a7cca15d\" data-testid=\"conversation-turn-5\" data-scroll-anchor=\"false\" data-turn=\"user\"><h2 data-start=\"139\" data-end=\"153\">Conclusion<\/h2><p data-start=\"155\" data-end=\"647\">La <strong data-start=\"158\" data-end=\"172\">voie verte<\/strong> s\u2019impose aujourd\u2019hui comme l\u2019un des am\u00e9nagements phares de la mobilit\u00e9 douce et du tourisme durable en France. D\u00e9finie par le Code de la route comme un espace r\u00e9serv\u00e9 aux usagers non motoris\u00e9s, elle garantit s\u00e9curit\u00e9, accessibilit\u00e9 et convivialit\u00e9. Qu\u2019il s\u2019agisse d\u2019un court trajet familial, d\u2019une randonn\u00e9e \u00e0 v\u00e9lo entre amis ou d\u2019un voyage itin\u00e9rant de plusieurs jours, la <strong data-start=\"547\" data-end=\"561\">voie verte<\/strong> offre un cadre id\u00e9al pour d\u00e9couvrir le patrimoine naturel et culturel \u00e0 son rythme.<\/p><p data-start=\"649\" data-end=\"1041\">Gr\u00e2ce aux <strong data-start=\"659\" data-end=\"691\">cartes de l\u2019AF3V et de l\u2019IGN<\/strong>, chacun peut trouver un itin\u00e9raire adapt\u00e9, qu\u2019il s\u2019agisse d\u2019une balade au bord d\u2019un canal, d\u2019une travers\u00e9e de vignobles ou d\u2019un parcours le long du littoral. Bien con\u00e7ue et entretenue, la <strong data-start=\"880\" data-end=\"894\">voie verte<\/strong> est \u00e0 la fois un levier de <strong data-start=\"922\" data-end=\"939\">tourisme doux<\/strong>, un outil de d\u00e9veloppement territorial et une r\u00e9ponse concr\u00e8te aux enjeux environnementaux actuels.<\/p><p data-start=\"1043\" data-end=\"1213\">Alors, que vous soyez curieux, sportif ou voyageur adepte du <strong data-start=\"1104\" data-end=\"1121\">slow tourisme<\/strong>, il ne vous reste plus qu\u2019\u00e0 choisir une <strong data-start=\"1162\" data-end=\"1176\">voie verte<\/strong> et \u00e0 vous lancer dans l\u2019aventure !<\/p><p data-start=\"1215\" data-end=\"1434\">\ud83d\udc49 Pour en savoir plus sur l\u2019origine et l\u2019\u00e9volution de ces itin\u00e9raires, vous pouvez consulter <a class=\"decorated-link\" href=\"https:\/\/fr.wikipedia.org\/wiki\/Voie_verte\" target=\"_new\" rel=\"noopener\" data-start=\"1309\" data-end=\"1374\">cet article Wikip\u00e9dia<\/a> qui offre une vue d\u2019ensemble historique et r\u00e9glementaire.<\/p><\/article>\t\t\t\t\t\t\t\t<\/div>\n\t\t\t\t\t<\/div>\n\t\t\t\t<\/div>\n\t\t<aside class=\"elementor-element elementor-element-71fd0ce e-flex e-con-boxed e-con e-parent\" data-id=\"71fd0ce\" data-element_type=\"container\" data-e-type=\"container\">\n\t\t\t\t\t<div class=\"e-con-inner\">\n\t\t\t\t<div class=\"elementor-element elementor-element-655ccd7 elementor-widget elementor-widget-listeo-posts-grid\" data-id=\"655ccd7\" data-element_type=\"widget\" data-e-type=\"widget\" data-widget_type=\"listeo-posts-grid.default\">\n\t\t\t\t<div class=\"elementor-widget-container\">\n\t\t\t\t\t\t\t\n\t\t<div class=\"listeo-post-grid-wrapper\">\n\t\t\t<div class=\"row\">\n\n\t\t\t\n\n\t\t\t\t\t\t\t<div class=\"col-md-4\">\n                <a href=\"https:\/\/cparici.com\/fr\/fort-enet\/\" class=\"blog-compact-item-container\">\n                    <div class=\"blog-compact-item\">\n                        <img decoding=\"async\" width=\"577\" height=\"144\" src=\"https:\/\/cparici.com\/wp-content\/uploads\/2024\/06\/fort-enet.jpg\" class=\"attachment-listeo-blog-related-post size-listeo-blog-related-post wp-post-image\" alt=\"fort enet\" srcset=\"https:\/\/cparici.com\/wp-content\/uploads\/2024\/06\/fort-enet.jpg 1816w, https:\/\/cparici.com\/wp-content\/uploads\/2024\/06\/fort-enet-600x150.jpg 600w, https:\/\/cparici.com\/wp-content\/uploads\/2024\/06\/fort-enet-300x75.jpg 300w, https:\/\/cparici.com\/wp-content\/uploads\/2024\/06\/fort-enet-1024x256.jpg 1024w, https:\/\/cparici.com\/wp-content\/uploads\/2024\/06\/fort-enet-768x192.jpg 768w, https:\/\/cparici.com\/wp-content\/uploads\/2024\/06\/fort-enet-1536x384.jpg 1536w\" sizes=\"(max-width: 577px) 100vw, 577px\" \/><span class=\"blog-item-tag\">Charente maritime<\/span>                        \n                        <div class=\"blog-compact-item-content\">\n                                                        <h3>Fort Enet en Charente-Maritime: Histoire, et Informations Pratiques<\/h3>\n                                                        <p>D\u00e9couvrez le Fort Enet en Charente-Maritime, son histoire fascinante, les informations pratiques pour votre visite,...                            <\/p>\n                                                    <\/div>\n                    <\/div>\n                <\/a>\n            <\/div>\n\t\t\t<div class=\"col-md-4\">\n                <a href=\"https:\/\/cparici.com\/fr\/abbaye-des-chateliers\/\" class=\"blog-compact-item-container\">\n                    <div class=\"blog-compact-item\">\n                        <img decoding=\"async\" width=\"577\" height=\"206\" src=\"https:\/\/cparici.com\/wp-content\/uploads\/2024\/05\/abbaye-des-chateliers.jpg\" class=\"attachment-listeo-blog-related-post size-listeo-blog-related-post wp-post-image\" alt=\"abbaye des chateliers\" srcset=\"https:\/\/cparici.com\/wp-content\/uploads\/2024\/05\/abbaye-des-chateliers.jpg 1500w, https:\/\/cparici.com\/wp-content\/uploads\/2024\/05\/abbaye-des-chateliers-600x214.jpg 600w, https:\/\/cparici.com\/wp-content\/uploads\/2024\/05\/abbaye-des-chateliers-300x107.jpg 300w, https:\/\/cparici.com\/wp-content\/uploads\/2024\/05\/abbaye-des-chateliers-1024x365.jpg 1024w, https:\/\/cparici.com\/wp-content\/uploads\/2024\/05\/abbaye-des-chateliers-768x274.jpg 768w\" sizes=\"(max-width: 577px) 100vw, 577px\" \/><span class=\"blog-item-tag\">Charente maritime<\/span>                        \n                        <div class=\"blog-compact-item-content\">\n                                                        <h3>Abbaye des Chateliers sur l\u2019\u00cele de R\u00e9 \u2013 Un Voyage<\/h3>\n                                                        <p>D\u00e9couvrez l'Abbaye des Chateliers sur l'\u00cele de R\u00e9 : histoire, architecture, conseils pratiques et FAQ...                            <\/p>\n                                                    <\/div>\n                    <\/div>\n                <\/a>\n            <\/div>\n\t\t\t<div class=\"col-md-4\">\n                <a href=\"https:\/\/cparici.com\/fr\/aisne\/\" class=\"blog-compact-item-container\">\n                    <div class=\"blog-compact-item\">\n                        <img decoding=\"async\" width=\"577\" height=\"204\" src=\"https:\/\/cparici.com\/wp-content\/uploads\/2025\/02\/cparici-2025-02-22T090251.841-577x204.jpg\" class=\"attachment-listeo-blog-related-post size-listeo-blog-related-post wp-post-image\" alt=\"L&#039;Aisne le d\u00e9partement\" srcset=\"https:\/\/cparici.com\/wp-content\/uploads\/2025\/02\/cparici-2025-02-22T090251.841-577x204.jpg 577w, https:\/\/cparici.com\/wp-content\/uploads\/2025\/02\/cparici-2025-02-22T090251.841-300x106.jpg 300w, https:\/\/cparici.com\/wp-content\/uploads\/2025\/02\/cparici-2025-02-22T090251.841-1024x362.jpg 1024w, https:\/\/cparici.com\/wp-content\/uploads\/2025\/02\/cparici-2025-02-22T090251.841-768x271.jpg 768w, https:\/\/cparici.com\/wp-content\/uploads\/2025\/02\/cparici-2025-02-22T090251.841-590x208.jpg 590w, https:\/\/cparici.com\/wp-content\/uploads\/2025\/02\/cparici-2025-02-22T090251.841-1200x424.jpg 1200w, https:\/\/cparici.com\/wp-content\/uploads\/2025\/02\/cparici-2025-02-22T090251.841-600x212.jpg 600w, https:\/\/cparici.com\/wp-content\/uploads\/2025\/02\/cparici-2025-02-22T090251.841.jpg 1500w\" sizes=\"(max-width: 577px) 100vw, 577px\" \/><span class=\"blog-item-tag\">Aisne<\/span>                        \n                        <div class=\"blog-compact-item-content\">\n                                                        <h3>L\u2019Aisne : entre patrimoine historique et richesses naturelles<\/h3>\n                                                        <p>Recherches populaires Categories Pas de r\u00e9sultats Voir tous les r\u00e9sultats L\u2019Aisne Situ\u00e9 dans la r\u00e9gion...                            <\/p>\n                                                    <\/div>\n                    <\/div>\n                <\/a>\n            <\/div>\n  <\/div>\n        <\/div>\n        \t\t\t\t<\/div>\n\t\t\t\t<\/div>\n\t\t\t\t\t<\/div>\n\t\t\t\t<\/aside>\n\t\t\t\t<\/div>\n\t\t","protected":false},"excerpt":{"rendered":"<p>Recherches populaires Categories Pas de r\u00e9sultats Voir tous les r\u00e9sultats Voie verte : tout savoir sur les itin\u00e9raires en France La voie verte est devenue incontournable pour les amateurs de plein air, les cyclistes et les familles \u00e0 la recherche d\u2019itin\u00e9raires s\u00e9curis\u00e9s. Pens\u00e9e pour favoriser les mobilit\u00e9s douces et le tourisme durable, elle offre un [&hellip;]<\/p>\n","protected":false},"author":97,"featured_media":69549,"comment_status":"closed","ping_status":"closed","sticky":false,"template":"elementor_header_footer","format":"standard","meta":{"ngg_post_thumbnail":0,"footnotes":""},"categories":[2693,477],"tags":[],"class_list":["post-69543","post","type-post","status-publish","format-standard","has-post-thumbnail","hentry","category-cyclisme","category-france"],"_links":{"self":[{"href":"https:\/\/cparici.com\/fr\/wp-json\/wp\/v2\/posts\/69543","targetHints":{"allow":["GET"]}}],"collection":[{"href":"https:\/\/cparici.com\/fr\/wp-json\/wp\/v2\/posts"}],"about":[{"href":"https:\/\/cparici.com\/fr\/wp-json\/wp\/v2\/types\/post"}],"author":[{"embeddable":true,"href":"https:\/\/cparici.com\/fr\/wp-json\/wp\/v2\/users\/97"}],"replies":[{"embeddable":true,"href":"https:\/\/cparici.com\/fr\/wp-json\/wp\/v2\/comments?post=69543"}],"version-history":[{"count":2,"href":"https:\/\/cparici.com\/fr\/wp-json\/wp\/v2\/posts\/69543\/revisions"}],"predecessor-version":[{"id":89428,"href":"https:\/\/cparici.com\/fr\/wp-json\/wp\/v2\/posts\/69543\/revisions\/89428"}],"wp:featuredmedia":[{"embeddable":true,"href":"https:\/\/cparici.com\/fr\/wp-json\/wp\/v2\/media\/69549"}],"wp:attachment":[{"href":"https:\/\/cparici.com\/fr\/wp-json\/wp\/v2\/media?parent=69543"}],"wp:term":[{"taxonomy":"category","embeddable":true,"href":"https:\/\/cparici.com\/fr\/wp-json\/wp\/v2\/categories?post=69543"},{"taxonomy":"post_tag","embeddable":true,"href":"https:\/\/cparici.com\/fr\/wp-json\/wp\/v2\/tags?post=69543"}],"curies":[{"name":"wp","href":"https:\/\/api.w.org\/{rel}","templated":true}]}}