{"id":69554,"date":"2025-08-26T07:26:37","date_gmt":"2025-08-26T05:26:37","guid":{"rendered":"https:\/\/cparici.com\/?p=69554"},"modified":"2026-04-16T10:22:33","modified_gmt":"2026-04-16T08:22:33","slug":"lisle-sur-la-sorgue-2","status":"publish","type":"post","link":"https:\/\/cparici.com\/fr\/lisle-sur-la-sorgue-2\/","title":{"rendered":"L\u2019Isle\u2011sur\u2011la\u2011Sorgue, Venise comtadine des antiquaires et march\u00e9s proven\u00e7aux"},"content":{"rendered":"\t\t<div data-elementor-type=\"wp-post\" data-elementor-id=\"69554\" class=\"elementor elementor-69554\" data-elementor-post-type=\"post\">\n\t\t\t\t<div class=\"elementor-element elementor-element-f90df1f e-con-full e-flex e-con e-parent\" data-id=\"f90df1f\" data-element_type=\"container\" data-e-type=\"container\">\n\t\t\t\t<div class=\"elementor-element elementor-element-7c60763 elementor-widget elementor-widget-image\" data-id=\"7c60763\" data-element_type=\"widget\" data-e-type=\"widget\" data-widget_type=\"image.default\">\n\t\t\t\t\t\t\t\t\t\t\t\t\t\t\t<img decoding=\"async\" width=\"1500\" height=\"530\" src=\"https:\/\/cparici.com\/wp-content\/uploads\/2025\/08\/cparici-2025-08-24T090845.343.jpg\" class=\"attachment-full size-full wp-image-69555\" alt=\"L\u2019Isle\u2011sur\u2011la\u2011Sorgue\" srcset=\"https:\/\/cparici.com\/wp-content\/uploads\/2025\/08\/cparici-2025-08-24T090845.343.jpg 1500w, https:\/\/cparici.com\/wp-content\/uploads\/2025\/08\/cparici-2025-08-24T090845.343-300x106.jpg 300w, https:\/\/cparici.com\/wp-content\/uploads\/2025\/08\/cparici-2025-08-24T090845.343-1024x362.jpg 1024w, https:\/\/cparici.com\/wp-content\/uploads\/2025\/08\/cparici-2025-08-24T090845.343-768x271.jpg 768w, https:\/\/cparici.com\/wp-content\/uploads\/2025\/08\/cparici-2025-08-24T090845.343-18x6.jpg 18w, https:\/\/cparici.com\/wp-content\/uploads\/2025\/08\/cparici-2025-08-24T090845.343-590x208.jpg 590w, https:\/\/cparici.com\/wp-content\/uploads\/2025\/08\/cparici-2025-08-24T090845.343-1200x424.jpg 1200w, https:\/\/cparici.com\/wp-content\/uploads\/2025\/08\/cparici-2025-08-24T090845.343-577x204.jpg 577w, https:\/\/cparici.com\/wp-content\/uploads\/2025\/08\/cparici-2025-08-24T090845.343-600x212.jpg 600w\" sizes=\"(max-width: 1500px) 100vw, 1500px\" \/>\t\t\t\t\t\t\t\t\t\t\t\t\t\t\t<\/div>\n\t\t\t\t<\/div>\n\t\t<aside class=\"elementor-element elementor-element-7b826eb e-flex e-con-boxed e-con e-parent\" data-id=\"7b826eb\" data-element_type=\"container\" data-e-type=\"container\">\n\t\t\t\t\t<div class=\"e-con-inner\">\n\t\t\t\t<div class=\"elementor-element elementor-element-79ba5ea elementor-widget elementor-widget-global elementor-global-62046 elementor-widget-eael-advanced-search\" data-id=\"79ba5ea\" data-element_type=\"widget\" data-e-type=\"widget\" data-widget_type=\"eael-advanced-search.default\">\n\t\t\t\t\t        <div class=\"eael-adv-search-wrapper\">\n            <div id=\"eael-advanced-search-widget-79ba5ea\" class=\"eael-advanced-search-widget\">\n                <form data-settings=\"{&quot;post_per_page&quot;:5,&quot;search_among_taxonomies&quot;:&quot;&quot;,&quot;search_among_sku&quot;:&quot;no&quot;,&quot;show_popular_keyword&quot;:0,&quot;show_category&quot;:0,&quot;show_content_image&quot;:1,&quot;show_search_result_all_results&quot;:0,&quot;result_on_new_tab&quot;:&quot;no&quot;,&quot;show_product_price&quot;:&quot;no&quot;,&quot;include_current_page&quot;:&quot;no&quot;,&quot;current_post_id&quot;:69554,&quot;post_type&quot;:[&quot;post&quot;,&quot;listing&quot;]}\" method=\"POST\" name=\"eael-advanced-search-form-79ba5ea\" class=\"eael-advanced-search-form eael-advanced-search-form-style-2\">\n                    <div class=\"eael-advanced-search-wrap\">\n                        <span class=\"eael-adv-search-loader\"><\/span>\n                        <span class=\"eael-adv-search-close\"><i class=\"fas fa-times\"><\/i><\/span>\n                        <span class=\"icon \"><i class=\"fas fa-search\"><\/i><\/span>\n\n                        <input type=\"text\"\n                               placeholder=\"Votre destination\"\n                               class=\"eael-advanced-search\" autocomplete=\"off\" name=\"eael_advanced_search\">\n                    <\/div>\n\t\t\t\t\t                                    <\/form>\n\n\t\t\t\t\n\t\t\t\t        <div class=\"eael-advanced-search-result\">\n            <div class=\"eael-advanced-search-popular-keyword\">\n\t\t\t\t<h4 class=\"eael-advanced-search-popular-keyword-text\">Recherches populaires<\/h4>                <div class=\"eael-popular-keyword-content\"><\/div>\n            <\/div>\n            <div class=\"eael-advanced-search-category\">\n\t\t\t\t<h4 class=\"eael-advanced-search-category-text\">Categories<\/h4>                <div class=\"eael-popular-category-content\"><\/div>\n            <\/div>\n\t\t\t<div class=\"eael-advanced-search-total-results-section\">\n\t\t\t\t\t\t\t<\/div>\n            <div class=\"eael-advanced-search-content eael-item-style-3\">\n            <\/div>\n            <div class=\"eael-advanced-search-not-found\">\n                <p>Pas de r\u00e9sultats<\/p><\/div>\n            <div class=\"eael-advanced-search-load-more\">\n\t\t\t\t<a \tclass=\"eael-advanced-search-load-more-button\"\n                \thref=\"#\">Voir tous les r\u00e9sultats<\/a>\n            <\/div>\n        <\/div>\n\n\t\t            <\/div>\n        <\/div>\n\n\t\t\t\t\t\t<\/div>\n\t\t\t\t\t<\/div>\n\t\t\t\t<\/aside>\n\t\t<div class=\"elementor-element elementor-element-5c744a94 e-flex e-con-boxed e-con e-parent\" data-id=\"5c744a94\" data-element_type=\"container\" data-e-type=\"container\">\n\t\t\t\t\t<div class=\"e-con-inner\">\n\t\t\t\t<div class=\"elementor-element elementor-element-3d67e052 elementor-widget elementor-widget-text-editor\" data-id=\"3d67e052\" data-element_type=\"widget\" data-e-type=\"widget\" data-widget_type=\"text-editor.default\">\n\t\t\t\t\t\t\t\t\t<h1 style=\"text-align: center;\">L\u2019Isle\u2011sur\u2011la\u2011Sorgue, Venise comtadine des antiquaires et march\u00e9s proven\u00e7aux<\/h1><p data-start=\"1391\" data-end=\"1767\"><strong data-start=\"134\" data-end=\"158\">L\u2019Isle\u2011sur\u2011la\u2011Sorgue<\/strong>, surnomm\u00e9e la <em data-start=\"173\" data-end=\"191\">Venise comtadine<\/em>, est l\u2019un des joyaux les plus pris\u00e9s du <a href=\"https:\/\/cparici.com\/vaucluse\/\">Vaucluse<\/a>. Travers\u00e9e par les bras paisibles de la Sorgue et orn\u00e9e de roues \u00e0 aubes centenaires, cette ville d\u2019eau m\u00eale avec harmonie art de vivre proven\u00e7al, histoire et culture. C\u00e9l\u00e8bre pour ses antiquaires, ses march\u00e9s pittoresques et ses canaux, elle attire visiteurs et curieux tout au long de l\u2019ann\u00e9e. Situ\u00e9e au c\u0153ur <strong data-start=\"552\" data-end=\"563\">du pays<\/strong>, elle constitue une \u00e9tape incontournable pour d\u00e9couvrir la richesse patrimoniale et naturelle de la Provence. Fl\u00e2ner \u00e0 L\u2019Isle, c\u2019est s\u2019offrir une immersion dans l\u2019\u00e9l\u00e9gance intemporelle du sud de la <a href=\"https:\/\/cparici.com\/visiter-la-france-guide-des-regions-et-sites-touristiques\/\">France<\/a>.<\/p>\t\t\t\t\t\t\t\t<\/div>\n\t\t\t\t\t<\/div>\n\t\t\t\t<\/div>\n\t\t<aside class=\"elementor-element elementor-element-6a55da49 e-flex e-con-boxed e-con e-parent\" data-id=\"6a55da49\" data-element_type=\"container\" data-e-type=\"container\" data-settings=\"{&quot;background_background&quot;:&quot;classic&quot;}\">\n\t\t\t\t\t<div class=\"e-con-inner\">\n\t\t\t\t<div class=\"elementor-element elementor-element-59d80073 elementor-widget elementor-widget-spacer\" data-id=\"59d80073\" data-element_type=\"widget\" data-e-type=\"widget\" data-widget_type=\"spacer.default\">\n\t\t\t\t\t\t\t<div class=\"elementor-spacer\">\n\t\t\t<div class=\"elementor-spacer-inner\"><\/div>\n\t\t<\/div>\n\t\t\t\t\t\t<\/div>\n\t\t\t\t<div class=\"elementor-element elementor-element-237e4885 elementor-widget elementor-widget-heading\" data-id=\"237e4885\" data-element_type=\"widget\" data-e-type=\"widget\" data-widget_type=\"heading.default\">\n\t\t\t\t\t<h2 class=\"elementor-heading-title elementor-size-default\">H\u00e9bergements de Vacances en direct<\/h2>\t\t\t\t<\/div>\n\t\t\t\t<div class=\"elementor-element elementor-element-3e158421 elementor-widget elementor-widget-listeo-listings-carousel\" data-id=\"3e158421\" data-element_type=\"widget\" data-e-type=\"widget\" data-widget_type=\"listeo-listings-carousel.default\">\n\t\t\t\t<div class=\"elementor-widget-container\">\n\t\t\t\t\t        <!-- Carousel \/ Start -->\n        \t<div class=\"simple-slick-carousel dots-nav\" data-slick='{&quot;autoplay&quot;:true,&quot;autoplaySpeed&quot;:3000,&quot;slidesToShow&quot;:3,&quot;slidesToScroll&quot;:1,&quot;responsive&quot;:[{&quot;breakpoint&quot;:1024,&quot;settings&quot;:{&quot;slidesToShow&quot;:2,&quot;slidesToScroll&quot;:1}},{&quot;breakpoint&quot;:768,&quot;settings&quot;:{&quot;slidesToShow&quot;:1,&quot;slidesToScroll&quot;:1}}]}'>\n                            <div class=\"fw-carousel-item\">                    \n                        <!-- Listing Item -->\r\n            <div class=\"col-lg-6 col-md-12\">\r\n                <a href=\"https:\/\/cparici.com\/fr\/annonce\/chambres-dhotes-loreliane-en-provence-spa-oenotourisme\/\"  class=\"listing-item-container listing-geo-data compact\" \r\n\t\tdata-title=\"Chambres d\u2019h\u00f4tes L\u2019Or\u00e9liane en Provence SPA & oenotourisme\"\r\n\t\tdata-listing-type=\"rental\"\r\n\t\tdata-classifieds-price=\"\u20ac\"\r\n\t\tdata-friendly-address=\"217 RUE DU BARON LEROY 84470 CHATEAUNEUF DE GADAGNE\"\r\n\t\tdata-address=\"217 RUE DU BARON LEROY 84470 CHATEAUNEUF DE GADAGNE\"\r\n\t\tdata-image=\"https:\/\/cparici.com\/wp-content\/uploads\/2026\/04\/XH2S4506-HDR-Modifier-520x397.jpg\"\r\n\t\tdata-longitude=\"4.947011994639\"\r\n\t\tdata-latitude=\"43.927133010666\"\r\n\t\t\t\t\tdata-rating=\"4.9\"\r\n\t\t\tdata-reviews=\"147\"\r\n\t\t\t\tdata-icon=\"<svg xmlns=&quot;http:\/\/www.w3.org\/2000\/svg&quot; width=&quot;800px&quot; height=&quot;800px&quot; viewBox=&quot;0 0 45 45&quot; fill=&quot;none&quot;>\n<path d=&quot;M24.155 8.78099L24.33 8.94499L37.402 21.787L36 23.213L34.2 21.445L34.201 35C34.201 36.054 33.385 36.918 32.35 36.994L32.201 37H12.201C11.147 37 10.283 36.184 10.206 35.149L10.201 35L10.2 21.446L8.402 23.213L7 21.787L20.058 8.95799C21.171 7.82199 22.966 7.75899 24.155 8.78099ZM21.569 10.285L21.473 10.372L12.2 19.481L12.201 35L17.2 34.999L17.201 25C17.201 23.946 18.017 23.082 19.052 23.005L19.201 23H25.201C26.255 23 27.119 23.816 27.196 24.851L27.201 25L27.2 34.999L32.201 35L32.2 19.48L22.901 10.344C22.537 9.98699 21.969 9.96499 21.569 10.285ZM25.201 25H19.201L19.2 34.999H25.2L25.201 25Z&quot; fill=&quot;#3C3C3C&quot;\/>\n<\/svg>\"\r\n\r\n\t>\r\n            <div class=\"listing-item  featured-listing\">\r\n                <div class=\"listing-small-badges-container\">\r\n                                            <div class=\"listing-small-badge featured-badge\"><i class=\"fa fa-star\"><\/i> En vedette<\/div>\r\n                                                                <div class=\"listing-small-badge pricing-badge\"><i class=\"fa fa-tag\"><\/i>115,00\u20ac - 180,00\u20ac<\/div>\r\n                                                            \r\n                                        \r\n                                        \r\n                <\/div>\r\n                <img decoding=\"async\" src=\"https:\/\/cparici.com\/wp-content\/uploads\/2026\/04\/XH2S4506-HDR-Modifier-520x397.jpg\" alt=\"Chambres d\u2019h\u00f4tes L\u2019Or\u00e9liane en Provence SPA & oenotourisme\" class=\"listing-thumbnail\">\r\n                \r\n\r\n                <div class=\"listing-item-content\">\r\n                                                <div class=\"numerical-rating\" data-rating=\"4.9\"><\/div>\r\n                    \r\n                    <h3> Chambres d\u2019h\u00f4tes L\u2019Or\u00e9liane en Provence SPA & oenotourisme <\/h3>\r\n                    <span>217 RUE DU BARON LEROY 84470 CHATEAUNEUF DE GADAGNE<\/span>\r\n                <\/div>\r\n                                        <span class=\"save like-icon tooltip left\" title=\"Connexion pour marquer des \u00e9l\u00e9ments\"><\/span>\r\n                                                <\/div>\r\n        <\/a>\r\n                    <\/div>\r\n        \r\n\r\n        <!-- Listing Item \/ End -->\n                    <\/div>\n                          <\/div>\n        \t\t\t\t<\/div>\n\t\t\t\t<\/div>\n\t\t\t\t\t<\/div>\n\t\t\t\t<\/aside>\n\t\t<div class=\"elementor-element elementor-element-ae91eaf e-flex e-con-boxed e-con e-parent\" data-id=\"ae91eaf\" data-element_type=\"container\" data-e-type=\"container\">\n\t\t\t\t\t<div class=\"e-con-inner\">\n\t\t\t\t<div class=\"elementor-element elementor-element-d916f03 elementor-widget elementor-widget-text-editor\" data-id=\"d916f03\" data-element_type=\"widget\" data-e-type=\"widget\" data-widget_type=\"text-editor.default\">\n\t\t\t\t\t\t\t\t\t<h2 data-start=\"62\" data-end=\"104\">L\u2019Isle\u2011sur\u2011la\u2011Sorgue, capitale des antiquit\u00e9s et du march\u00e9\u00a0<\/h2><h3 data-start=\"106\" data-end=\"535\"><strong data-start=\"106\" data-end=\"147\">Un haut lieu de la brocante en Europe<\/strong><\/h3><p data-start=\"106\" data-end=\"535\">L\u2019<strong data-start=\"152\" data-end=\"174\">Isle\u2011sur\u2011la\u2011Sorgue<\/strong> est consid\u00e9r\u00e9e comme la <strong data-start=\"199\" data-end=\"237\">capitale proven\u00e7ale des antiquit\u00e9s<\/strong>. Avec pr\u00e8s de <strong data-start=\"252\" data-end=\"282\">300 antiquaires permanents<\/strong>, elle se classe parmi les trois premiers centres europ\u00e9ens du genre, aux c\u00f4t\u00e9s de <a href=\"https:\/\/cparici.com\/paris\/\">Paris<\/a> (Saint\u2011Ouen) et Londres (Portobello). Ce positionnement unique attire chaque ann\u00e9e des milliers d\u2019amateurs, de chineurs et de collectionneurs venus du monde entier.<\/p><h3 data-start=\"537\" data-end=\"933\"><strong data-start=\"537\" data-end=\"571\">Des \u00e9v\u00e9nements incontournables<\/strong><\/h3><p data-start=\"537\" data-end=\"933\">La renomm\u00e9e de la ville repose en partie sur ses <strong data-start=\"623\" data-end=\"657\">grandes foires internationales<\/strong> de l\u2019antiquit\u00e9 et de la brocante, organis\u00e9es \u00e0 P\u00e2ques, \u00e0 la Pentec\u00f4te, autour du 15 ao\u00fbt et \u00e0 la Toussaint. Ces \u00e9v\u00e9nements majeurs accueillent jusqu\u2019\u00e0 <strong data-start=\"809\" data-end=\"830\">120 000 visiteurs<\/strong>, r\u00e9partis sur plusieurs jours, et transforment les rues et quais en v\u00e9ritables galeries \u00e0 ciel ouvert.<\/p><h3 data-start=\"935\" data-end=\"1378\"><strong data-start=\"935\" data-end=\"991\">\u00c9conomie locale structur\u00e9e autour du commerce ancien<\/strong><\/h3><p data-start=\"935\" data-end=\"1378\">Les antiquaires sont regroup\u00e9s dans plusieurs \u201cvillages\u201d comme <strong data-start=\"1057\" data-end=\"1098\">Le Village des Antiquaires de la Gare<\/strong>, <strong data-start=\"1100\" data-end=\"1121\">La Cour de l\u2019Ange<\/strong>, ou encore <strong data-start=\"1133\" data-end=\"1159\">L\u2019\u00celot des Antiquaires<\/strong>, chacun offrant une atmosph\u00e8re unique. Ces espaces contribuent activement \u00e0 l\u2019<strong data-start=\"1238\" data-end=\"1266\">attractivit\u00e9 touristique<\/strong>, et sont souvent coupl\u00e9s \u00e0 des galeries d\u2019art contemporain, des caf\u00e9s culturels et des librairies sp\u00e9cialis\u00e9es.<\/p><h3 data-start=\"1380\" data-end=\"1784\"><strong data-start=\"1380\" data-end=\"1421\">Une tradition artisanale et marchande<\/strong><\/h3><p data-start=\"1380\" data-end=\"1784\">Outre les antiquit\u00e9s, <strong data-start=\"1446\" data-end=\"1470\">L\u2019Isle\u2011sur\u2011la\u2011Sorgue<\/strong> accueille des <strong data-start=\"1485\" data-end=\"1510\">march\u00e9s hebdomadaires<\/strong> embl\u00e9matiques, perp\u00e9tuant la tradition proven\u00e7ale du commerce de plein air. Le <strong data-start=\"1590\" data-end=\"1609\">march\u00e9 du jeudi<\/strong> est plus local, centr\u00e9 sur les produits de saison et les sp\u00e9cialit\u00e9s du terroir, tandis que le <strong data-start=\"1705\" data-end=\"1727\">march\u00e9 du dimanche<\/strong> attire une client\u00e8le plus large, incluant les touristes.<\/p><p data-start=\"1380\" data-end=\"1784\"><a href=\"https:\/\/cparici.com\/wp-content\/uploads\/2025\/08\/cparici-2025-08-24T093202.523.jpg\"><img decoding=\"async\" class=\"aligncenter wp-image-69560 size-full\" src=\"https:\/\/cparici.com\/wp-content\/uploads\/2025\/08\/cparici-2025-08-24T093202.523.jpg\" alt=\"L\u2019Isle\u2011sur\u2011la\u2011Sorgue vue de la ville\" width=\"1500\" height=\"530\" srcset=\"https:\/\/cparici.com\/wp-content\/uploads\/2025\/08\/cparici-2025-08-24T093202.523.jpg 1500w, https:\/\/cparici.com\/wp-content\/uploads\/2025\/08\/cparici-2025-08-24T093202.523-300x106.jpg 300w, https:\/\/cparici.com\/wp-content\/uploads\/2025\/08\/cparici-2025-08-24T093202.523-1024x362.jpg 1024w, https:\/\/cparici.com\/wp-content\/uploads\/2025\/08\/cparici-2025-08-24T093202.523-768x271.jpg 768w, https:\/\/cparici.com\/wp-content\/uploads\/2025\/08\/cparici-2025-08-24T093202.523-18x6.jpg 18w, https:\/\/cparici.com\/wp-content\/uploads\/2025\/08\/cparici-2025-08-24T093202.523-590x208.jpg 590w, https:\/\/cparici.com\/wp-content\/uploads\/2025\/08\/cparici-2025-08-24T093202.523-1200x424.jpg 1200w, https:\/\/cparici.com\/wp-content\/uploads\/2025\/08\/cparici-2025-08-24T093202.523-577x204.jpg 577w, https:\/\/cparici.com\/wp-content\/uploads\/2025\/08\/cparici-2025-08-24T093202.523-600x212.jpg 600w\" sizes=\"(max-width: 1500px) 100vw, 1500px\" \/><\/a><\/p><h2 data-start=\"46\" data-end=\"102\">10 indispensables \u00e0 L\u2019Isle\u2011sur\u2011la\u2011Sorgue et alentours<\/h2><article class=\"text-token-text-primary w-full focus:outline-none scroll-mt-[calc(var(--header-height)+min(200px,max(70px,20svh)))]\" dir=\"auto\" tabindex=\"-1\" data-turn-id=\"request-68a73c3d-d13c-832a-9127-7d94f19f4c63-80\" data-testid=\"conversation-turn-34\" data-scroll-anchor=\"false\" data-turn=\"assistant\"><div class=\"text-base my-auto mx-auto [--thread-content-margin:--spacing(4)] @[37rem]:[--thread-content-margin:--spacing(6)] @[72rem]:[--thread-content-margin:--spacing(16)] px-(--thread-content-margin)\"><div class=\"[--thread-content-max-width:32rem] @[34rem]:[--thread-content-max-width:40rem] @[64rem]:[--thread-content-max-width:48rem] mx-auto max-w-(--thread-content-max-width) flex-1 group\/turn-messages focus-visible:outline-hidden relative flex w-full min-w-0 flex-col agent-turn\" tabindex=\"-1\"><div class=\"flex max-w-full flex-col grow\"><div class=\"min-h-8 text-message relative flex w-full flex-col items-end gap-2 text-start break-words whitespace-normal [.text-message+&]:mt-5\" dir=\"auto\" data-message-author-role=\"assistant\" data-message-id=\"6db5c3d1-283f-4096-ae91-ee3756e55192\" data-message-model-slug=\"gpt-4o\"><div class=\"flex w-full flex-col gap-1 empty:hidden first:pt-[3px]\"><div class=\"markdown prose dark:prose-invert w-full break-words light markdown-new-styling\"><h3 data-start=\"138\" data-end=\"781\"><strong data-start=\"138\" data-end=\"166\">1. Le march\u00e9 du dimanche<\/strong><\/h3><p data-start=\"138\" data-end=\"781\">Le march\u00e9 du dimanche est une v\u00e9ritable institution \u00e0 <strong data-start=\"223\" data-end=\"247\">L\u2019Isle\u2011sur\u2011la\u2011Sorgue<\/strong>. R\u00e9put\u00e9 dans toute la Provence, il s\u2019\u00e9tend sur plusieurs rues et quais de la ville, accueillant jusqu\u2019\u00e0 300 exposants. On y trouve des produits frais, des fromages, des charcuteries, des fruits gorg\u00e9s de soleil, des olives, du miel, des herbes, des fleurs, mais aussi des objets artisanaux, tissus proven\u00e7aux, v\u00eatements et accessoires. L\u2019ambiance y est vibrante, m\u00ealant senteurs, couleurs et accents chantants. C\u2019est l\u2019occasion r\u00eav\u00e9e de go\u00fbter \u00e0 la <strong data-start=\"697\" data-end=\"719\">gastronomie locale<\/strong> tout en profitant d\u2019un cadre enchanteur bord\u00e9 par les canaux.<\/p><h3 data-start=\"788\" data-end=\"1383\"><strong data-start=\"788\" data-end=\"813\">2. Le march\u00e9 du jeudi<\/strong><\/h3><p data-start=\"788\" data-end=\"1383\">Moins touristique que celui du dimanche, le <strong data-start=\"860\" data-end=\"879\">march\u00e9 du jeudi<\/strong> s\u00e9duit les habitu\u00e9s, les chefs de la r\u00e9gion et les habitants en qu\u00eate de qualit\u00e9. On y d\u00e9couvre une ambiance plus intime, des \u00e9tals bien garnis de produits du terroir, souvent en circuit court. C\u2019est le lieu id\u00e9al pour d\u00e9guster les premiers raisins du Luberon, les melons de Cavaillon, ou encore les courgettes fleurs. Ce march\u00e9 donne une image plus authentique de la vie locale, loin de l\u2019agitation du week-end, et permet de rencontrer les <strong data-start=\"1321\" data-end=\"1347\">producteurs passionn\u00e9s<\/strong> dans un cadre simple et chaleureux.<a href=\"https:\/\/cparici.com\/wp-content\/uploads\/2025\/08\/cparici-2025-08-24T170047.155.jpg\"><img decoding=\"async\" class=\"aligncenter wp-image-69581 size-full\" src=\"https:\/\/cparici.com\/wp-content\/uploads\/2025\/08\/cparici-2025-08-24T170047.155.jpg\" alt=\"March\u00e9 L\u2019Isle\u2011sur\u2011la\u2011Sorgue\" width=\"1500\" height=\"530\" srcset=\"https:\/\/cparici.com\/wp-content\/uploads\/2025\/08\/cparici-2025-08-24T170047.155.jpg 1500w, https:\/\/cparici.com\/wp-content\/uploads\/2025\/08\/cparici-2025-08-24T170047.155-300x106.jpg 300w, https:\/\/cparici.com\/wp-content\/uploads\/2025\/08\/cparici-2025-08-24T170047.155-1024x362.jpg 1024w, https:\/\/cparici.com\/wp-content\/uploads\/2025\/08\/cparici-2025-08-24T170047.155-768x271.jpg 768w, https:\/\/cparici.com\/wp-content\/uploads\/2025\/08\/cparici-2025-08-24T170047.155-18x6.jpg 18w, https:\/\/cparici.com\/wp-content\/uploads\/2025\/08\/cparici-2025-08-24T170047.155-590x208.jpg 590w, https:\/\/cparici.com\/wp-content\/uploads\/2025\/08\/cparici-2025-08-24T170047.155-1200x424.jpg 1200w, https:\/\/cparici.com\/wp-content\/uploads\/2025\/08\/cparici-2025-08-24T170047.155-577x204.jpg 577w, https:\/\/cparici.com\/wp-content\/uploads\/2025\/08\/cparici-2025-08-24T170047.155-600x212.jpg 600w\" sizes=\"(max-width: 1500px) 100vw, 1500px\" \/><\/a><\/p><h3 data-start=\"1390\" data-end=\"2058\"><strong data-start=\"1390\" data-end=\"1415\">3. Le march\u00e9 flottant<\/strong><\/h3><p data-start=\"1390\" data-end=\"2058\">Le <strong data-start=\"1421\" data-end=\"1440\">march\u00e9 flottant<\/strong> est une animation unique en son genre. Chaque premier dimanche d\u2019ao\u00fbt, les producteurs locaux embarquent \u00e0 bord de <strong data-start=\"1556\" data-end=\"1570\">n\u00e9go-chins<\/strong>, ces barques traditionnelles \u00e0 fond plat, pour vendre fruits, fromages, paniers d\u2019osier, lavande ou vin directement sur la Sorgue. En costumes d\u2019\u00e9poque, ils chantent, rient et n\u00e9gocient comme autrefois, offrant aux visiteurs un spectacle folklorique plein de charme. Cette reconstitution historique attire chaque ann\u00e9e des milliers de visiteurs. C\u2019est l\u2019un des moments les plus photog\u00e9niques et embl\u00e9matiques de la ville, entre tradition fluviale, culture vivante et patrimoine revisit\u00e9.<\/p><h3 data-start=\"2065\" data-end=\"2706\"><strong data-start=\"2065\" data-end=\"2107\">4. Antiquaires et brocantes permanents<\/strong><\/h3><p data-start=\"2065\" data-end=\"2706\"><strong data-start=\"2110\" data-end=\"2134\">L\u2019Isle\u2011sur\u2011la\u2011Sorgue<\/strong> est connue comme la <strong data-start=\"2155\" data-end=\"2194\">capitale des antiquit\u00e9s en Provence<\/strong>. On y recense plus de 250 antiquaires et brocanteurs permanents, r\u00e9partis dans diff\u00e9rents \u201cvillages\u201d : Le Village des Antiquaires de la Gare, La Cour de l\u2019Ange, L\u2019\u00cele aux Brocantes\u2026 On y trouve meubles anciens, tableaux, objets rares, arts d\u00e9coratifs, curiosit\u00e9s et design vintage. C\u2019est un paradis pour les chineurs et collectionneurs du monde entier. Chaque stand raconte une histoire, et fl\u00e2ner dans ces lieux, c\u2019est remonter le temps avec \u00e9l\u00e9gance. Id\u00e9al pour une promenade culturelle pleine de d\u00e9couvertes.<\/p><p data-start=\"2065\" data-end=\"2706\"><a href=\"https:\/\/cparici.com\/wp-content\/uploads\/2025\/08\/cparici-2025-08-24T093104.101.jpg\"><img decoding=\"async\" class=\"aligncenter wp-image-69571 size-full\" src=\"https:\/\/cparici.com\/wp-content\/uploads\/2025\/08\/cparici-2025-08-24T093104.101.jpg\" alt=\"Roues \u00e0 aube \u00e0 L'Isle-Sur-La-Sorgue\" width=\"1500\" height=\"530\" srcset=\"https:\/\/cparici.com\/wp-content\/uploads\/2025\/08\/cparici-2025-08-24T093104.101.jpg 1500w, https:\/\/cparici.com\/wp-content\/uploads\/2025\/08\/cparici-2025-08-24T093104.101-300x106.jpg 300w, https:\/\/cparici.com\/wp-content\/uploads\/2025\/08\/cparici-2025-08-24T093104.101-1024x362.jpg 1024w, https:\/\/cparici.com\/wp-content\/uploads\/2025\/08\/cparici-2025-08-24T093104.101-768x271.jpg 768w, https:\/\/cparici.com\/wp-content\/uploads\/2025\/08\/cparici-2025-08-24T093104.101-18x6.jpg 18w, https:\/\/cparici.com\/wp-content\/uploads\/2025\/08\/cparici-2025-08-24T093104.101-590x208.jpg 590w, https:\/\/cparici.com\/wp-content\/uploads\/2025\/08\/cparici-2025-08-24T093104.101-1200x424.jpg 1200w, https:\/\/cparici.com\/wp-content\/uploads\/2025\/08\/cparici-2025-08-24T093104.101-577x204.jpg 577w, https:\/\/cparici.com\/wp-content\/uploads\/2025\/08\/cparici-2025-08-24T093104.101-600x212.jpg 600w\" sizes=\"(max-width: 1500px) 100vw, 1500px\" \/><\/a><\/p><\/div><\/div><\/div><\/div><\/div><\/div><\/article><article class=\"text-token-text-primary w-full focus:outline-none scroll-mt-[calc(var(--header-height)+min(200px,max(70px,20svh)))]\" dir=\"auto\" tabindex=\"-1\" data-turn-id=\"request-68a73c3d-d13c-832a-9127-7d94f19f4c63-81\" data-testid=\"conversation-turn-36\" data-scroll-anchor=\"true\" data-turn=\"assistant\"><div class=\"text-base my-auto mx-auto pb-10 [--thread-content-margin:--spacing(4)] @[37rem]:[--thread-content-margin:--spacing(6)] @[72rem]:[--thread-content-margin:--spacing(16)] px-(--thread-content-margin)\"><div class=\"[--thread-content-max-width:32rem] @[34rem]:[--thread-content-max-width:40rem] @[64rem]:[--thread-content-max-width:48rem] mx-auto max-w-(--thread-content-max-width) flex-1 group\/turn-messages focus-visible:outline-hidden relative flex w-full min-w-0 flex-col agent-turn\" tabindex=\"-1\"><div class=\"flex max-w-full flex-col grow\"><div class=\"min-h-8 text-message relative flex w-full flex-col items-end gap-2 text-start break-words whitespace-normal [.text-message+&]:mt-5\" dir=\"auto\" data-message-author-role=\"assistant\" data-message-id=\"7b809d4e-d976-47b7-bc8b-908b6ee00ff9\" data-message-model-slug=\"gpt-4o\"><div class=\"flex w-full flex-col gap-1 empty:hidden first:pt-[3px]\"><div class=\"markdown prose dark:prose-invert w-full break-words light markdown-new-styling\"><h3 data-start=\"84\" data-end=\"767\"><strong data-start=\"84\" data-end=\"108\">5. Les roues \u00e0 aubes<\/strong><\/h3><p data-start=\"84\" data-end=\"767\">Symbole de <strong data-start=\"122\" data-end=\"146\">L\u2019Isle\u2011sur\u2011la\u2011Sorgue<\/strong>, les <strong data-start=\"152\" data-end=\"169\">roues \u00e0 aubes<\/strong> rappellent le pass\u00e9 industriel et hydraulique de la ville. Aliment\u00e9es par les nombreux bras de la Sorgue, elles faisaient autrefois tourner moulins \u00e0 grain, filatures, papeteries ou tanneries. Aujourd\u2019hui, une trentaine de ces roues, restaur\u00e9es ou conserv\u00e9es dans leur \u00e9tat originel, ponctuent les ruelles et les quais. Certaines sont en mouvement, cr\u00e9ant un doux clapotis d\u2019eau et offrant une atmosph\u00e8re paisible. Elles incarnent parfaitement l\u2019harmonie entre nature, ing\u00e9nierie ancienne et patrimoine local. Les d\u00e9couvrir au fil d\u2019une promenade est une exp\u00e9rience visuelle et sonore inoubliable.<\/p><h3 data-start=\"774\" data-end=\"1435\"><strong data-start=\"774\" data-end=\"815\">6. La Coll\u00e9giale Notre\u2011Dame\u2011des\u2011Anges<\/strong><\/h3><p data-start=\"774\" data-end=\"1435\">Class\u00e9e Monument Historique, cette majestueuse <strong data-start=\"865\" data-end=\"887\">coll\u00e9giale baroque<\/strong> du XVII\u1d49 si\u00e8cle est un bijou d\u2019art sacr\u00e9. Situ\u00e9e en plein c\u0153ur de la ville, elle impressionne par son int\u00e9rieur richement d\u00e9cor\u00e9 : retables dor\u00e9s, fresques, autel monumental et sculptures raffin\u00e9es. Son orgue et ses vo\u00fbtes peintes participent \u00e0 l\u2019\u00e9l\u00e9gance de ce lieu spirituel charg\u00e9 d\u2019histoire. On y c\u00e9l\u00e8bre encore des messes et des concerts, et son atmosph\u00e8re paisible contraste avec l\u2019animation des rues voisines. C\u2019est une halte id\u00e9ale pour les amateurs d\u2019<strong data-start=\"1348\" data-end=\"1375\">architecture religieuse<\/strong>, d\u2019histoire et de silence recueilli dans un d\u00e9cor lumineux.<\/p><h3 data-start=\"1442\" data-end=\"2068\"><strong data-start=\"1442\" data-end=\"1471\">7. Fondation Villa Datris<\/strong><\/h3><p data-start=\"1442\" data-end=\"2068\">Situ\u00e9e au bord de la Sorgue, la <strong data-start=\"1506\" data-end=\"1532\">Fondation Villa Datris<\/strong> est un lieu unique d\u00e9di\u00e9 \u00e0 la sculpture contemporaine. Accessible gratuitement de mai \u00e0 octobre, elle propose chaque ann\u00e9e une exposition th\u00e9matique autour de mat\u00e9riaux ou de concepts innovants. Les \u0153uvres sont pr\u00e9sent\u00e9es dans une belle demeure proven\u00e7ale et dans un jardin au bord de l\u2019eau. La qualit\u00e9 de la sc\u00e9nographie et l\u2019originalit\u00e9 des artistes font de chaque visite une exp\u00e9rience artistique vivante et accessible. C\u2019est un rendez-vous incontournable pour les passionn\u00e9s d\u2019art moderne et les curieux de d\u00e9couvertes inattendues.<\/p><h3 data-start=\"2075\" data-end=\"2747\"><strong data-start=\"2075\" data-end=\"2133\">8. H\u00f4tel Donade\u00ef de Campredon \/ Centre d\u2019Art Campredon<\/strong><\/h3><p data-start=\"2075\" data-end=\"2747\">Cet \u00e9l\u00e9gant h\u00f4tel particulier du XVIII\u1d49 si\u00e8cle abrite aujourd\u2019hui le <strong data-start=\"2205\" data-end=\"2231\">Centre d\u2019Art Campredon<\/strong>, un espace culturel majeur de la ville. Lieu d\u2019exposition, il accueille des \u0153uvres d\u2019art contemporain, des photographies, ainsi qu\u2019une salle d\u00e9di\u00e9e au po\u00e8te <strong data-start=\"2389\" data-end=\"2402\">Ren\u00e9 Char<\/strong>, natif de la ville. La richesse de son architecture \u2013 salons orn\u00e9s, escalier monumental, jardin int\u00e9rieur \u2013 sublime les \u0153uvres expos\u00e9es. Sa programmation vari\u00e9e attire un public \u00e9clectique, entre amateurs d\u2019art, curieux et touristes. C\u2019est un parfait \u00e9quilibre entre patrimoine historique et cr\u00e9ation artistique moderne, \u00e0 d\u00e9couvrir absolument.<\/p><h3 data-start=\"2754\" data-end=\"3375\"><strong data-start=\"2754\" data-end=\"2804\">9. Ch\u00e2teau de Vaucluse et Fontaine-de-Vaucluse<\/strong><\/h3><p data-start=\"2754\" data-end=\"3375\">\u00c0 10 minutes de route, <strong data-start=\"2830\" data-end=\"2854\">Fontaine-de-Vaucluse<\/strong> s\u00e9duit par la puissance de sa r\u00e9surgence, l\u2019une des plus grandes du monde. Nich\u00e9 au pied d\u2019une falaise verdoyante, le site est un haut lieu naturel et litt\u00e9raire : <strong data-start=\"3019\" data-end=\"3032\">P\u00e9trarque<\/strong> y v\u00e9cut, et ses po\u00e8mes chantent cette source myst\u00e9rieuse. Les ruines du <strong data-start=\"3105\" data-end=\"3141\">ch\u00e2teau des \u00e9v\u00eaques de Cavaillon<\/strong> dominent la vall\u00e9e et offrent un panorama splendide. Le village lui-m\u00eame est charmant, ponctu\u00e9 de boutiques artisanales, de moulins et de sentiers. C\u2019est une halte parfaite pour allier nature, histoire et po\u00e9sie \u00e0 deux pas de L\u2019Isle.<\/p><h3 data-start=\"3382\" data-end=\"4025\"><strong data-start=\"3382\" data-end=\"3444\">10. Balades dans le Luberon : Gordes, Roussillon, lavandes<\/strong><\/h3><p data-start=\"3382\" data-end=\"4025\">Les environs de <strong data-start=\"3463\" data-end=\"3487\">L\u2019Isle\u2011sur\u2011la\u2011Sorgue<\/strong> offrent un acc\u00e8s privil\u00e9gi\u00e9 au <strong data-start=\"3519\" data-end=\"3555\">Parc naturel r\u00e9gional du Luberon<\/strong>. En quelques minutes, on rejoint les villages perch\u00e9s de <strong data-start=\"3613\" data-end=\"3623\">Gordes<\/strong> (class\u00e9 parmi les plus beaux de France) ou de <strong data-start=\"3670\" data-end=\"3684\">Roussillon<\/strong>, c\u00e9l\u00e8bre pour ses falaises d\u2019ocre. Les amateurs de nature profiteront de randonn\u00e9es dans les collines, de balades \u00e0 v\u00e9lo ou en kayak sur la Sorgue. En \u00e9t\u00e9, les <strong data-start=\"3845\" data-end=\"3866\">champs de lavande<\/strong> transforment le paysage en carte postale violette. Le Luberon est un joyau \u00e0 explorer lentement, pour s\u2019impr\u00e9gner de la <strong data-start=\"3987\" data-end=\"4011\">Provence authentique<\/strong> et naturelle.<\/p><\/div><\/div><\/div><\/div><\/div><\/div><\/article><h3 data-start=\"1303\" data-end=\"1348\">Pourquoi ces lieux m\u00e9ritent votre visite<\/h3><p data-start=\"1350\" data-end=\"1541\">Avec son charme aquatique, ses march\u00e9s anim\u00e9s, ses antiquaires de renom, son patrimoine religieux et ses mus\u00e9es d\u2019art, <strong data-start=\"1469\" data-end=\"1493\">L\u2019Isle\u2011sur\u2011la\u2011Sorgue<\/strong> incarne l\u2019essence du <strong data-start=\"1515\" data-end=\"1540\">slow travel proven\u00e7al<\/strong>.<\/p><p data-start=\"1543\" data-end=\"1711\">Son patrimoine unique et les environs pittoresques offrent un \u00e9quilibre parfait entre <strong data-start=\"1629\" data-end=\"1675\">authenticit\u00e9, culture, d\u00e9tente et fl\u00e2nerie<\/strong>, le tout dans un cadre d\u2019exception.<\/p><h2 data-start=\"44\" data-end=\"84\">L\u2019Isle\u2011sur\u2011la\u2011Sorgue, une g\u00e9ographie d\u2019eau et d\u2019histoire<\/h2><h3 data-start=\"86\" data-end=\"206\"><strong data-start=\"86\" data-end=\"127\">Origines du nom, g\u00e9ographie et surnom<\/strong><\/h3><p data-start=\"86\" data-end=\"206\"><span class=\"relative -mx-px my-[-0.2rem] rounded px-px py-[0.2rem] transition-colors duration-100 ease-in-out\">L\u2019Isle\u2011sur\u2011la\u2011Sorgue tire son nom (ancienne appellation \u00ab\u202fInsula\u202f\u00bb) de ses multiples bras de la rivi\u00e8re Sorgue, cr\u00e9ant des ilots au sein de la ville \u2014 d\u2019o\u00f9 son surnom \u00e9vocateur de <em data-start=\"180\" data-end=\"198\" data-is-last-node=\"\">Venise comtadine<\/em><\/span>.<\/p><h3 data-start=\"208\" data-end=\"327\"><strong data-start=\"208\" data-end=\"248\">Histoire hydraulique et industrielle<\/strong><\/h3><p data-start=\"208\" data-end=\"327\"><span class=\"relative -mx-px my-[-0.2rem] rounded px-px py-[0.2rem] transition-colors duration-100 ease-in-out\">La Sorgue, d\u00e8s le XII\u1d49 si\u00e8cle, servait non seulement de d\u00e9fense (foss\u00e9 autour des remparts) mais aussi de moteur pour l\u2019activit\u00e9 \u00e9conomique : moulins \u00e0 huile, \u00e0 bl\u00e9, filatures de soie, papeteries, manufacture de laine et teinturerie y prosp\u00e9raient<\/span>.<\/p><h3 data-start=\"329\" data-end=\"743\"><strong data-start=\"329\" data-end=\"396\">Subdivision historique : castrum, communaut\u00e9s, carri\u00e8res juives<\/strong><\/h3><p data-start=\"329\" data-end=\"743\">Le site accueillait un castrum \u00e0 l\u2019\u00e9poque gallo-romaine, et fut fortifi\u00e9 au Moyen \u00c2ge sous le contr\u00f4le papal . La ville comprenait aussi une \u201ccarri\u00e8re\u201d juive \u2014 quartier o\u00f9 les Juifs \u00e9taient contraints de r\u00e9sider par l\u2019administration pontificale \u2014 jusqu\u2019\u00e0 la R\u00e9volution .<\/p><h3 data-start=\"745\" data-end=\"1088\"><strong data-start=\"745\" data-end=\"789\">Paysage urbain et patrimoine hydraulique<\/strong><\/h3><p data-start=\"745\" data-end=\"1088\">Les canaux, roues \u00e0 aubes toujours en fonctionnement, faibles reflets de mousse sur leurs pales, offrent un tableau pittoresque et sont embl\u00e9matiques du caract\u00e8re distinctif d\u2019Isle\u2011sur\u2011la\u2011Sorgue . En particulier, le site du <em data-start=\"1016\" data-end=\"1034\">Partage des eaux<\/em> \u00e0 proximit\u00e9 est un spectacle naturel incontournable .<\/p><h2 data-start=\"50\" data-end=\"87\">Paysage urbain et hydraulique, \u00e0 L\u2019Isle\u2011sur\u2011la\u2011Sorgue<\/h2><p data-start=\"89\" data-end=\"556\"><strong data-start=\"89\" data-end=\"124\">L\u2019eau comme \u00e9l\u00e9ment structurant<\/strong><\/p><p data-start=\"89\" data-end=\"556\">La <strong data-start=\"130\" data-end=\"140\">Sorgue<\/strong>, qui traverse et entoure la ville en plusieurs bras, a fa\u00e7onn\u00e9 le visage architectural et urbain de <strong data-start=\"241\" data-end=\"265\">L\u2019Isle\u2011sur\u2011la\u2011Sorgue<\/strong>. Ses multiples canaux serpentent entre les ruelles, sous des ponts de pierre ou de fer forg\u00e9, donnant \u00e0 la ville son atmosph\u00e8re paisible et fra\u00eeche, m\u00eame en \u00e9t\u00e9. Ces \u00e9l\u00e9ments expliquent le surnom local de <em data-start=\"471\" data-end=\"491\">\u201cVenise comtadine\u201d<\/em>, en raison de l\u2019omnipr\u00e9sence de l\u2019eau dans la structure urbaine.<\/p><p data-start=\"558\" data-end=\"971\"><strong data-start=\"558\" data-end=\"599\">Les roues \u00e0 aubes : patrimoine vivant<\/strong><\/p><p data-start=\"558\" data-end=\"971\">Symbole de l\u2019identit\u00e9 locale, les <strong data-start=\"636\" data-end=\"653\">roues \u00e0 aubes<\/strong> (encore visibles aujourd\u2019hui) sont les vestiges de l\u2019industrie pr\u00e9-industrielle. Ces grandes structures en bois ou en fer tournaient au rythme du courant et alimentaient les moulins. Une trentaine de ces roues subsistent, soigneusement restaur\u00e9es, notamment dans les quartiers des anciennes filatures et des tanneurs.<\/p><p data-start=\"973\" data-end=\"1389\"><strong data-start=\"973\" data-end=\"1006\">Maisons-reflets et n\u00e9go-chins<\/strong><\/p><p data-start=\"973\" data-end=\"1389\">L\u2019architecture locale met en valeur les <em data-start=\"1049\" data-end=\"1066\">maisons-reflets<\/em>, b\u00e2ties en bord de canal, qui se refl\u00e8tent dans l\u2019eau et accentuent l\u2019aspect pittoresque du centre ancien. Par ailleurs, les c\u00e9l\u00e8bres <strong data-start=\"1201\" data-end=\"1215\">n\u00e9go-chins<\/strong> \u2014 barques \u00e0 fond plat autrefois utilis\u00e9es pour le commerce sur l\u2019eau \u2014 sont encore visibles lors de reconstitutions historiques, notamment durant le march\u00e9 flottant estival.<\/p><p data-start=\"1391\" data-end=\"1767\"><strong data-start=\"1391\" data-end=\"1421\">Un r\u00e9seau fluvial ma\u00eetris\u00e9<\/strong><\/p><p data-start=\"1391\" data-end=\"1767\">La ma\u00eetrise des eaux de la Sorgue est assur\u00e9e depuis des si\u00e8cles par un syst\u00e8me ing\u00e9nieux de d\u00e9rivations, de vannes et de biefs. Ce r\u00e9seau hydraulique permettait \u00e0 la fois la r\u00e9gulation de la crue, l\u2019irrigation des cultures et l\u2019alimentation des industries artisanales, aujourd\u2019hui remplac\u00e9es par un usage \u00e0 vocation esth\u00e9tique et touristique.<\/p><article class=\"text-token-text-primary w-full focus:outline-none scroll-mt-[calc(var(--header-height)+min(200px,max(70px,20svh)))]\" dir=\"auto\" tabindex=\"-1\" data-turn-id=\"dbd4bc35-c22b-4498-99e9-0b97f46f7953\" data-testid=\"conversation-turn-12\" data-scroll-anchor=\"false\" data-turn=\"assistant\"><div class=\"text-base my-auto mx-auto [--thread-content-margin:--spacing(4)] @[37rem]:[--thread-content-margin:--spacing(6)] @[72rem]:[--thread-content-margin:--spacing(16)] px-(--thread-content-margin)\"><div class=\"[--thread-content-max-width:32rem] @[34rem]:[--thread-content-max-width:40rem] @[64rem]:[--thread-content-max-width:48rem] mx-auto max-w-(--thread-content-max-width) flex-1 group\/turn-messages focus-visible:outline-hidden relative flex w-full min-w-0 flex-col agent-turn\" tabindex=\"-1\"><div class=\"flex max-w-full flex-col grow\"><div class=\"min-h-8 text-message relative flex w-full flex-col items-end gap-2 text-start break-words whitespace-normal [.text-message+&]:mt-5\" dir=\"auto\" data-message-author-role=\"assistant\" data-message-id=\"dbd4bc35-c22b-4498-99e9-0b97f46f7953\" data-message-model-slug=\"gpt-4o\"><div class=\"flex w-full flex-col gap-1 empty:hidden first:pt-[3px]\"><div class=\"markdown prose dark:prose-invert w-full break-words light markdown-new-styling\"><h3 data-start=\"50\" data-end=\"85\">Antiquaires et art de vivre<\/h3><p data-start=\"87\" data-end=\"639\"><strong data-start=\"87\" data-end=\"135\">Un \u00e9cosyst\u00e8me d\u2019antiquaires unique en France<\/strong><br data-start=\"135\" data-end=\"138\" \/>Les <strong data-start=\"142\" data-end=\"157\">antiquaires<\/strong> de <strong data-start=\"161\" data-end=\"185\">L\u2019Isle\u2011sur\u2011la\u2011Sorgue<\/strong> ne sont pas de simples revendeurs d\u2019objets anciens : ils forment une v\u00e9ritable communaut\u00e9, organis\u00e9e autour de <strong data-start=\"297\" data-end=\"323\">\u201cvillages\u201d th\u00e9matiques<\/strong> qui proposent meubles d\u2019\u00e9poque, curiosit\u00e9s, objets industriels, design du XX\u1d49 si\u00e8cle, et arts du monde. Des dizaines d\u2019antiquaires sont pr\u00e9sents toute l\u2019ann\u00e9e dans des espaces am\u00e9nag\u00e9s dans d\u2019anciens entrep\u00f4ts, des hangars ou des galeries \u00e0 ciel ouvert, souvent install\u00e9s le long des quais ou autour de la <strong data-start=\"630\" data-end=\"638\">Gare<\/strong>.<\/p><p data-start=\"641\" data-end=\"1100\"><strong data-start=\"641\" data-end=\"692\">Une ville au rythme du vintage et de l\u2019\u00e9l\u00e9gance<\/strong><br data-start=\"692\" data-end=\"695\" \/>L\u2019ambiance qui r\u00e8gne dans la ville s\u2019en ressent : caf\u00e9s litt\u00e9raires, librairies de vieux ouvrages, \u00e9piceries fines, boutiques de d\u00e9coration int\u00e9rieure ou de linge ancien contribuent \u00e0 un <strong data-start=\"882\" data-end=\"906\">art de vivre raffin\u00e9<\/strong>, empreint de charme proven\u00e7al et de nostalgie \u00e9l\u00e9gante. Cette alchimie entre <strong data-start=\"984\" data-end=\"997\">tradition<\/strong> et <strong data-start=\"1001\" data-end=\"1015\">esth\u00e9tique<\/strong> attire aussi bien les professionnels que les simples curieux en qu\u00eate d\u2019inspiration.<\/p><p data-start=\"1102\" data-end=\"1488\"><strong data-start=\"1102\" data-end=\"1144\">Un style de vie inspir\u00e9 par l\u2019histoire<\/strong><br data-start=\"1144\" data-end=\"1147\" \/>L\u2019engouement pour le \u201cslow life\u201d et l\u2019authenticit\u00e9 trouve \u00e0 <strong data-start=\"1207\" data-end=\"1231\">L\u2019Isle\u2011sur\u2011la\u2011Sorgue<\/strong> un \u00e9cho parfait. Les visiteurs aiment fl\u00e2ner d\u2019un stand \u00e0 l\u2019autre, discuter avec les marchands passionn\u00e9s, et d\u00e9couvrir des <strong data-start=\"1356\" data-end=\"1393\">objets uniques charg\u00e9s d\u2019histoire<\/strong>. Ce rapport intime \u00e0 l\u2019objet et \u00e0 sa transmission fait partie int\u00e9grante de l\u2019identit\u00e9 locale.<\/p><\/div><\/div><\/div><\/div><\/div><\/div><\/article><article class=\"text-token-text-primary w-full focus:outline-none scroll-mt-[calc(var(--header-height)+min(200px,max(70px,20svh)))]\" dir=\"auto\" tabindex=\"-1\" data-turn-id=\"5ec2fe64-60d2-4e55-8351-db0ebae941e1\" data-testid=\"conversation-turn-14\" data-scroll-anchor=\"false\" data-turn=\"assistant\"><div class=\"text-base my-auto mx-auto [--thread-content-margin:--spacing(4)] @[37rem]:[--thread-content-margin:--spacing(6)] @[72rem]:[--thread-content-margin:--spacing(16)] px-(--thread-content-margin)\"><div class=\"[--thread-content-max-width:32rem] @[34rem]:[--thread-content-max-width:40rem] @[64rem]:[--thread-content-max-width:48rem] mx-auto max-w-(--thread-content-max-width) flex-1 group\/turn-messages focus-visible:outline-hidden relative flex w-full min-w-0 flex-col agent-turn\" tabindex=\"-1\"><div class=\"flex max-w-full flex-col grow\"><div class=\"min-h-8 text-message relative flex w-full flex-col items-end gap-2 text-start break-words whitespace-normal [.text-message+&]:mt-5\" dir=\"auto\" data-message-author-role=\"assistant\" data-message-id=\"5ec2fe64-60d2-4e55-8351-db0ebae941e1\" data-message-model-slug=\"gpt-4o\"><div class=\"flex w-full flex-col gap-1 empty:hidden first:pt-[3px]\"><div class=\"markdown prose dark:prose-invert w-full break-words light markdown-new-styling\"><h3 data-start=\"50\" data-end=\"86\">March\u00e9s vivants et flottants<\/h3><p data-start=\"88\" data-end=\"572\"><strong data-start=\"88\" data-end=\"134\">Un march\u00e9 dominical au c\u0153ur de la Provence<\/strong><br data-start=\"134\" data-end=\"137\" \/>Le <strong data-start=\"140\" data-end=\"162\">march\u00e9 du dimanche<\/strong> \u00e0 <strong data-start=\"165\" data-end=\"189\">L\u2019Isle\u2011sur\u2011la\u2011Sorgue<\/strong> est l\u2019un des plus c\u00e9l\u00e8bres de toute la Provence. Depuis le Moyen \u00c2ge, il rythme la vie locale et attire chaque semaine <strong data-start=\"309\" data-end=\"345\">entre 10 000 et 15 000 visiteurs<\/strong>. Il s\u2019\u00e9tend sur les quais de la Sorgue, les ruelles du centre historique, et propose un \u00e9ventail de produits r\u00e9gionaux : fruits et l\u00e9gumes bio, fromages de ch\u00e8vre, tapenades, lavande, tissus proven\u00e7aux et poteries artisanales.<\/p><p data-start=\"574\" data-end=\"1046\"><strong data-start=\"574\" data-end=\"631\">Une mise en sc\u00e8ne traditionnelle : le march\u00e9 flottant<\/strong><br data-start=\"631\" data-end=\"634\" \/>Chaque \u00e9t\u00e9, le dernier dimanche de juillet, se tient le fameux <strong data-start=\"697\" data-end=\"716\">march\u00e9 flottant<\/strong>, une tradition locale spectaculaire. Des producteurs locaux en <strong data-start=\"780\" data-end=\"794\">n\u00e9go-chins<\/strong>, embarcations typiques \u00e0 fond plat, vendent leurs marchandises directement sur l\u2019eau, v\u00eatus de costumes d\u2019\u00e9poque. Cette animation attire des foules curieuses et ravies, venues observer cette reconstitution vivante du <strong data-start=\"1012\" data-end=\"1045\">commerce fluvial traditionnel<\/strong>.<\/p><p data-start=\"1048\" data-end=\"1482\"><strong data-start=\"1048\" data-end=\"1086\">L\u2019Isle\u2011sur\u2011la\u2011Sorgue, un ancrage culturel et social fort<\/strong><br data-start=\"1086\" data-end=\"1089\" \/>Au-del\u00e0 de l\u2019aspect touristique, ces march\u00e9s jouent un r\u00f4le crucial dans la <strong data-start=\"1165\" data-end=\"1185\">coh\u00e9sion sociale<\/strong> de la ville. Ils permettent aux habitants de se retrouver, d\u2019\u00e9changer, de maintenir une consommation locale et saisonni\u00e8re. Ils repr\u00e9sentent aussi un vecteur de <strong data-start=\"1347\" data-end=\"1374\">transmission culturelle<\/strong>, avec des producteurs qui perp\u00e9tuent des savoir-faire artisanaux et agricoles depuis plusieurs g\u00e9n\u00e9rations.<\/p><p data-start=\"1484\" data-end=\"1859\"><strong data-start=\"1484\" data-end=\"1529\">March\u00e9s th\u00e9matiques et autres temps forts<\/strong><br data-start=\"1529\" data-end=\"1532\" \/>Outre le march\u00e9 du dimanche, <strong data-start=\"1561\" data-end=\"1585\">L\u2019Isle\u2011sur\u2011la\u2011Sorgue<\/strong> accueille aussi un <strong data-start=\"1605\" data-end=\"1624\">march\u00e9 du jeudi<\/strong>, plus discret et essentiellement fr\u00e9quent\u00e9 par les locaux. D\u2019autres \u00e9v\u00e9nements ponctuels, comme les <strong data-start=\"1725\" data-end=\"1745\">No\u00ebls proven\u00e7aux<\/strong>, les march\u00e9s de truffes ou les foires aux livres anciens, viennent rythmer le calendrier tout au long de l\u2019ann\u00e9e.<\/p><\/div><\/div><\/div><\/div><\/div><\/div><\/article><article class=\"text-token-text-primary w-full focus:outline-none scroll-mt-[calc(var(--header-height)+min(200px,max(70px,20svh)))]\" dir=\"auto\" tabindex=\"-1\" data-turn-id=\"f5b50a98-e06e-419c-9fe5-c31f38ed42d6\" data-testid=\"conversation-turn-16\" data-scroll-anchor=\"false\" data-turn=\"assistant\"><div class=\"text-base my-auto mx-auto [--thread-content-margin:--spacing(4)] @[37rem]:[--thread-content-margin:--spacing(6)] @[72rem]:[--thread-content-margin:--spacing(16)] px-(--thread-content-margin)\"><div class=\"[--thread-content-max-width:32rem] @[34rem]:[--thread-content-max-width:40rem] @[64rem]:[--thread-content-max-width:48rem] mx-auto max-w-(--thread-content-max-width) flex-1 group\/turn-messages focus-visible:outline-hidden relative flex w-full min-w-0 flex-col agent-turn\" tabindex=\"-1\"><div class=\"flex max-w-full flex-col grow\"><div class=\"min-h-8 text-message relative flex w-full flex-col items-end gap-2 text-start break-words whitespace-normal [.text-message+&]:mt-5\" dir=\"auto\" data-message-author-role=\"assistant\" data-message-id=\"f5b50a98-e06e-419c-9fe5-c31f38ed42d6\" data-message-model-slug=\"gpt-4o\"><div class=\"flex w-full flex-col gap-1 empty:hidden first:pt-[3px]\"><div class=\"markdown prose dark:prose-invert w-full break-words light markdown-new-styling\"><h2 data-start=\"54\" data-end=\"98\">Patrimoine b\u00e2ti et lieux embl\u00e9matiques<\/h2><p data-start=\"100\" data-end=\"554\"><strong data-start=\"100\" data-end=\"155\">Une architecture marqu\u00e9e par l\u2019histoire et le sacr\u00e9<\/strong><br data-start=\"155\" data-end=\"158\" \/>\u00c0 <strong data-start=\"160\" data-end=\"184\">L\u2019Isle\u2011sur\u2011la\u2011Sorgue<\/strong>, le patrimoine architectural t\u00e9moigne d\u2019un pass\u00e9 riche et stratifi\u00e9. Les influences religieuses, civiles et industrielles s\u2019y entrem\u00ealent. La ville a su pr\u00e9server de nombreux b\u00e2timents class\u00e9s ou inscrits, t\u00e9moins de son \u00e2ge d\u2019or commer\u00e7ant et spirituel. De la <strong data-start=\"446\" data-end=\"468\">coll\u00e9giale baroque<\/strong> aux <strong data-start=\"473\" data-end=\"497\">moulins hydrauliques<\/strong>, chaque ruelle raconte un chapitre de l\u2019histoire locale.<\/p><p data-start=\"556\" data-end=\"937\"><strong data-start=\"556\" data-end=\"602\">Un centre ancien pr\u00e9serv\u00e9 et mis en valeur<\/strong><br data-start=\"602\" data-end=\"605\" \/>Le centre historique de <strong data-start=\"1048\" data-end=\"1086\">L\u2019Isle\u2011sur\u2011la\u2011Sorgue <\/strong>se distingue par ses ruelles pav\u00e9es, ses maisons de pierre aux volets color\u00e9s, ses cours int\u00e9rieures, et ses <strong data-start=\"735\" data-end=\"758\">h\u00f4tels particuliers<\/strong> dat\u00e9s du XVII\u1d49 et XVIII\u1d49 si\u00e8cles. La <strong data-start=\"796\" data-end=\"819\">place de la Libert\u00e9<\/strong>, c\u0153ur de la cit\u00e9, accueille les plus grandes animations, tout en offrant une vue sur les bras paisibles de la Sorgue.<\/p><p data-start=\"939\" data-end=\"1302\"><strong data-start=\"939\" data-end=\"981\">Un patrimoine religieux impressionnant<\/strong><br data-start=\"981\" data-end=\"984\" \/>Le site religieux le plus embl\u00e9matique est sans conteste la <strong data-start=\"1044\" data-end=\"1079\">Coll\u00e9giale Notre\u2011Dame\u2011des\u2011Anges<\/strong>, class\u00e9e Monument Historique. Son architecture baroque proven\u00e7ale, son autel sculpt\u00e9, ses retables et peintures du XVII\u1d49 si\u00e8cle font d\u2019elle un lieu incontournable, tant pour les amateurs d\u2019art sacr\u00e9 que pour les visiteurs.<\/p><p data-start=\"1304\" data-end=\"1791\"><strong data-start=\"1304\" data-end=\"1353\">La pr\u00e9sence de lieux culturels et artistiques<\/strong><br data-start=\"1353\" data-end=\"1356\" \/>L\u2019art est aussi tr\u00e8s pr\u00e9sent \u00e0 <strong data-start=\"1387\" data-end=\"1411\">L\u2019Isle\u2011sur\u2011la\u2011Sorgue<\/strong> gr\u00e2ce \u00e0 des espaces d\u00e9di\u00e9s comme la <strong data-start=\"1448\" data-end=\"1474\">Fondation Villa Datris<\/strong>, qui pr\u00e9sente chaque \u00e9t\u00e9 une exposition de sculptures contemporaines en acc\u00e8s libre, ou encore le <strong data-start=\"1573\" data-end=\"1599\">Centre d\u2019Art Campredon<\/strong>, install\u00e9 dans un h\u00f4tel particulier du XVIII\u1d49 si\u00e8cle. Le <strong data-start=\"1657\" data-end=\"1689\">Mus\u00e9e de l\u2019\u00e9cole d\u2019autrefois<\/strong> compl\u00e8te l\u2019offre culturelle en plongeant le visiteur dans le quotidien des enfants du si\u00e8cle dernier.<\/p><\/div><\/div><\/div><\/div><\/div><\/div><\/article><article class=\"text-token-text-primary w-full focus:outline-none scroll-mt-[calc(var(--header-height)+min(200px,max(70px,20svh)))]\" dir=\"auto\" tabindex=\"-1\" data-turn-id=\"e3420a68-acdf-4278-bea5-9148ce6c55b5\" data-testid=\"conversation-turn-18\" data-scroll-anchor=\"false\" data-turn=\"assistant\"><div class=\"text-base my-auto mx-auto [--thread-content-margin:--spacing(4)] @[37rem]:[--thread-content-margin:--spacing(6)] @[72rem]:[--thread-content-margin:--spacing(16)] px-(--thread-content-margin)\"><div class=\"[--thread-content-max-width:32rem] @[34rem]:[--thread-content-max-width:40rem] @[64rem]:[--thread-content-max-width:48rem] mx-auto max-w-(--thread-content-max-width) flex-1 group\/turn-messages focus-visible:outline-hidden relative flex w-full min-w-0 flex-col agent-turn\" tabindex=\"-1\"><div class=\"flex max-w-full flex-col grow\"><div class=\"min-h-8 text-message relative flex w-full flex-col items-end gap-2 text-start break-words whitespace-normal [.text-message+&]:mt-5\" dir=\"auto\" data-message-author-role=\"assistant\" data-message-id=\"e3420a68-acdf-4278-bea5-9148ce6c55b5\" data-message-model-slug=\"gpt-4o\"><div class=\"flex w-full flex-col gap-1 empty:hidden first:pt-[3px]\"><div class=\"markdown prose dark:prose-invert w-full break-words light markdown-new-styling\"><h3 data-start=\"59\" data-end=\"96\">Coll\u00e9giale et lieux religieux<\/h3><p data-start=\"98\" data-end=\"525\"><strong data-start=\"98\" data-end=\"155\">La Coll\u00e9giale Notre-Dame-des-Anges : un joyau baroque<\/strong><br data-start=\"155\" data-end=\"158\" \/>Situ\u00e9e en plein c\u0153ur de <strong data-start=\"182\" data-end=\"206\">L\u2019Isle\u2011sur\u2011la\u2011Sorgue<\/strong>, la <strong data-start=\"211\" data-end=\"246\">Coll\u00e9giale Notre\u2011Dame\u2011des\u2011Anges<\/strong> est l\u2019\u00e9difice religieux majeur de la ville. Reconstruite au XVII\u1d49 si\u00e8cle sur une base romane du XIII\u1d49, elle repr\u00e9sente un chef\u2011d\u2019\u0153uvre de l\u2019art baroque proven\u00e7al. L\u2019\u00e9glise est class\u00e9e <strong data-start=\"431\" data-end=\"454\">Monument Historique<\/strong> depuis 1911, ce qui t\u00e9moigne de sa valeur patrimoniale exceptionnelle.<\/p><p data-start=\"527\" data-end=\"1011\"><strong data-start=\"527\" data-end=\"571\">Un d\u00e9cor int\u00e9rieur d\u2019une grande richesse<\/strong><br data-start=\"571\" data-end=\"574\" \/>L\u2019int\u00e9rieur de la coll\u00e9giale surprend par la qualit\u00e9 et l\u2019abondance de son <strong data-start=\"649\" data-end=\"666\">d\u00e9cor baroque<\/strong> : autel monumental, colonnes torsad\u00e9es dor\u00e9es, chapelles lat\u00e9rales orn\u00e9es de retables peints et de sculptures. Le ma\u00eetre-autel, d\u00e9di\u00e9 \u00e0 la Vierge Marie, est entour\u00e9 de statues d\u2019anges et surmont\u00e9 d\u2019un baldaquin imposant. Les vo\u00fbtes peintes illustrent des sc\u00e8nes bibliques majeures, conf\u00e9rant \u00e0 l\u2019ensemble une atmosph\u00e8re solennelle et lumineuse.<\/p><p data-start=\"1013\" data-end=\"1376\"><strong data-start=\"1013\" data-end=\"1055\">Chapelles, vitraux et orgue historique<\/strong><br data-start=\"1055\" data-end=\"1058\" \/>La coll\u00e9giale abrite plusieurs <strong data-start=\"1089\" data-end=\"1112\">chapelles lat\u00e9rales<\/strong>, chacune d\u00e9di\u00e9e \u00e0 un saint protecteur (Saint Antoine, Sainte Anne, Saint Joseph, etc.), et d\u00e9cor\u00e9e selon les go\u00fbts du XVII\u1d49 si\u00e8cle. Des <strong data-start=\"1249\" data-end=\"1268\">vitraux color\u00e9s<\/strong> \u00e9clairent la nef, et un <strong data-start=\"1293\" data-end=\"1313\">orgue monumental<\/strong>, restaur\u00e9 r\u00e9cemment, anime les messes et concerts liturgiques.<\/p><p data-start=\"1378\" data-end=\"1768\"><strong data-start=\"1378\" data-end=\"1413\">Autres lieux religieux notables<\/strong><br data-start=\"1413\" data-end=\"1416\" \/>En plus de la coll\u00e9giale, on trouve \u00e0 <strong data-start=\"1454\" data-end=\"1478\">L\u2019Isle\u2011sur\u2011la\u2011Sorgue<\/strong> d\u2019anciens prieur\u00e9s (franciscains, dominicains), ainsi que quelques oratoires et chapelles diss\u00e9min\u00e9s dans la ville et ses alentours. Ces vestiges religieux, parfois modestes, sont les t\u00e9moins silencieux de l\u2019ancienne importance spirituelle de la ville, autrefois sous autorit\u00e9 pontificale.<\/p><\/div><\/div><\/div><\/div><\/div><\/div><\/article><article class=\"text-token-text-primary w-full focus:outline-none scroll-mt-[calc(var(--header-height)+min(200px,max(70px,20svh)))]\" dir=\"auto\" tabindex=\"-1\" data-turn-id=\"fd4f478b-2c19-443b-8914-95f8257af894\" data-testid=\"conversation-turn-20\" data-scroll-anchor=\"false\" data-turn=\"assistant\"><div class=\"text-base my-auto mx-auto [--thread-content-margin:--spacing(4)] @[37rem]:[--thread-content-margin:--spacing(6)] @[72rem]:[--thread-content-margin:--spacing(16)] px-(--thread-content-margin)\"><div class=\"[--thread-content-max-width:32rem] @[34rem]:[--thread-content-max-width:40rem] @[64rem]:[--thread-content-max-width:48rem] mx-auto max-w-(--thread-content-max-width) flex-1 group\/turn-messages focus-visible:outline-hidden relative flex w-full min-w-0 flex-col agent-turn\" tabindex=\"-1\"><div class=\"flex max-w-full flex-col grow\"><div class=\"min-h-8 text-message relative flex w-full flex-col items-end gap-2 text-start break-words whitespace-normal [.text-message+&]:mt-5\" dir=\"auto\" data-message-author-role=\"assistant\" data-message-id=\"fd4f478b-2c19-443b-8914-95f8257af894\" data-message-model-slug=\"gpt-4o\"><div class=\"flex w-full flex-col gap-1 empty:hidden first:pt-[3px]\"><div class=\"markdown prose dark:prose-invert w-full break-words light markdown-new-styling\"><h3 data-start=\"59\" data-end=\"93\">Patrimoine civil et mus\u00e9al<\/h3><p data-start=\"95\" data-end=\"658\"><strong data-start=\"95\" data-end=\"142\">H\u00f4tels particuliers et demeures d\u2019exception<\/strong><br data-start=\"142\" data-end=\"145\" \/><strong data-start=\"145\" data-end=\"169\">L\u2019Isle\u2011sur\u2011la\u2011Sorgue<\/strong> abrite de nombreux <strong data-start=\"189\" data-end=\"212\">h\u00f4tels particuliers<\/strong> construits aux XVII\u1d49 et XVIII\u1d49 si\u00e8cles, \u00e0 l\u2019\u00e9poque o\u00f9 les notables locaux prosp\u00e9raient gr\u00e2ce au commerce, \u00e0 l\u2019artisanat et \u00e0 la filature. Parmi les plus embl\u00e9matiques, on trouve l\u2019h\u00f4tel Donade\u00ef de Campredon, qui accueille aujourd\u2019hui le <strong data-start=\"450\" data-end=\"476\">Centre d\u2019Art Campredon<\/strong>. Ces demeures raffin\u00e9es, souvent dot\u00e9es de fa\u00e7ades sculpt\u00e9es, de balcons en fer forg\u00e9 et de cours int\u00e9rieures ombrag\u00e9es, t\u00e9moignent du <strong data-start=\"612\" data-end=\"657\">raffinement bourgeois de l\u2019\u00e9poque moderne<\/strong>.<\/p><p data-start=\"660\" data-end=\"1081\"><strong data-start=\"660\" data-end=\"704\">Tour Boutin et infrastructures anciennes<\/strong><br data-start=\"704\" data-end=\"707\" \/>La <strong data-start=\"710\" data-end=\"725\">Tour Boutin<\/strong>, vestige de l\u2019enceinte m\u00e9di\u00e9vale, fait partie des rares structures d\u00e9fensives encore visibles. D\u2019autres \u00e9l\u00e9ments civils, comme les <strong data-start=\"857\" data-end=\"878\">ponts historiques<\/strong>, les <strong data-start=\"884\" data-end=\"895\">lavoirs<\/strong>, ou le <strong data-start=\"903\" data-end=\"921\">grenier public<\/strong>, illustrent la richesse fonctionnelle de l\u2019architecture ancienne. Certains moulins \u00e0 eau ont \u00e9t\u00e9 conserv\u00e9s et transform\u00e9s en habitations ou lieux d\u2019exposition.<\/p><p data-start=\"1083\" data-end=\"1481\"><strong data-start=\"1083\" data-end=\"1115\">L\u2019Isle\u2011sur\u2011la\u2011Sorgue, un paysage mus\u00e9al \u00e9clectique<\/strong><br data-start=\"1115\" data-end=\"1118\" \/>Outre le Centre d\u2019Art Campredon, la ville propose des mus\u00e9es qui refl\u00e8tent \u00e0 la fois son <strong data-start=\"1207\" data-end=\"1245\">identit\u00e9 patrimoniale et populaire<\/strong>. Le <strong data-start=\"1250\" data-end=\"1282\">Mus\u00e9e de l\u2019\u00e9cole d\u2019autrefois<\/strong>, install\u00e9 dans une ancienne \u00e9cole, permet de revivre les classes du XX\u1d49 si\u00e8cle, avec pupitres, encriers et le\u00e7ons de morale. Il attire petits et grands gr\u00e2ce \u00e0 une approche p\u00e9dagogique et immersive.<\/p><p data-start=\"1483\" data-end=\"1914\"><strong data-start=\"1483\" data-end=\"1520\">Art contemporain et m\u00e9c\u00e9nat local<\/strong><br data-start=\"1520\" data-end=\"1523\" \/>La <strong data-start=\"1526\" data-end=\"1552\">Fondation Villa Datris<\/strong>, gratuite et ouverte de mai \u00e0 octobre, se consacre \u00e0 l\u2019art contemporain, en particulier \u00e0 la <strong data-start=\"1646\" data-end=\"1659\">sculpture<\/strong>. Install\u00e9e dans une belle maison du centre, elle accueille chaque \u00e9t\u00e9 une nouvelle exposition th\u00e9matique (recyclage, mati\u00e8res organiques, corps, etc.). Ce lieu culturel attire les amateurs d\u2019art du monde entier et enrichit l\u2019offre culturelle de la ville.<\/p><\/div><\/div><\/div><\/div><\/div><\/div><\/article><article class=\"text-token-text-primary w-full focus:outline-none scroll-mt-[calc(var(--header-height)+min(200px,max(70px,20svh)))]\" dir=\"auto\" tabindex=\"-1\" data-turn-id=\"94808bf1-fc47-4c34-983b-e655191ed5c0\" data-testid=\"conversation-turn-22\" data-scroll-anchor=\"false\" data-turn=\"assistant\"><div class=\"text-base my-auto mx-auto [--thread-content-margin:--spacing(4)] @[37rem]:[--thread-content-margin:--spacing(6)] @[72rem]:[--thread-content-margin:--spacing(16)] px-(--thread-content-margin)\"><div class=\"[--thread-content-max-width:32rem] @[34rem]:[--thread-content-max-width:40rem] @[64rem]:[--thread-content-max-width:48rem] mx-auto max-w-(--thread-content-max-width) flex-1 group\/turn-messages focus-visible:outline-hidden relative flex w-full min-w-0 flex-col agent-turn\" tabindex=\"-1\"><div class=\"flex max-w-full flex-col grow\"><div class=\"min-h-8 text-message relative flex w-full flex-col items-end gap-2 text-start break-words whitespace-normal [.text-message+&]:mt-5\" dir=\"auto\" data-message-author-role=\"assistant\" data-message-id=\"94808bf1-fc47-4c34-983b-e655191ed5c0\" data-message-model-slug=\"gpt-4o\"><div class=\"flex w-full flex-col gap-1 empty:hidden first:pt-[3px]\"><div class=\"markdown prose dark:prose-invert w-full break-words light markdown-new-styling\"><h2 data-start=\"54\" data-end=\"94\">Vie locale, animations et tourisme<\/h2><p data-start=\"96\" data-end=\"530\"><strong data-start=\"96\" data-end=\"144\">Un quotidien anim\u00e9 et profond\u00e9ment proven\u00e7al<\/strong><br data-start=\"144\" data-end=\"147\" \/><strong data-start=\"147\" data-end=\"171\">L\u2019Isle\u2011sur\u2011la\u2011Sorgue<\/strong> n\u2019est pas qu\u2019une carte postale : c\u2019est une ville vivante, o\u00f9 l\u2019art de vivre proven\u00e7al se conjugue \u00e0 un dynamisme culturel remarquable. Entre ses <strong data-start=\"317\" data-end=\"336\">march\u00e9s color\u00e9s<\/strong>, ses <strong data-start=\"342\" data-end=\"364\">\u00e9v\u00e9nements festifs<\/strong>, et une forte implication des acteurs locaux, elle incarne une <strong data-start=\"428\" data-end=\"468\">destination touristique de caract\u00e8re<\/strong>, mais aussi un lieu agr\u00e9able \u00e0 vivre tout au long de l\u2019ann\u00e9e.<\/p><p data-start=\"532\" data-end=\"980\"><strong data-start=\"532\" data-end=\"569\">Un agenda culturel riche et vari\u00e9<\/strong><br data-start=\"569\" data-end=\"572\" \/>La ville accueille de nombreux \u00e9v\u00e9nements qui c\u00e9l\u00e8brent son <strong data-start=\"632\" data-end=\"678\">identit\u00e9 historique, culturelle et festive<\/strong>. Parmi eux, le <strong data-start=\"694\" data-end=\"712\">Corso Nautique<\/strong>, d\u00e9fil\u00e9 sur l\u2019eau avec barques fleuries, attire chaque \u00e9t\u00e9 des centaines de spectateurs. Le <strong data-start=\"805\" data-end=\"830\">Festival de la Sorgue<\/strong> m\u00eale musique, art de rue et expositions, tandis que la <strong data-start=\"886\" data-end=\"921\">F\u00eate de la P\u00eache traditionnelle<\/strong> rend hommage aux savoir-faire anciens des p\u00eacheurs locaux.<\/p><p data-start=\"982\" data-end=\"1412\"><strong data-start=\"982\" data-end=\"1017\">Tourisme structur\u00e9 et attractif<\/strong><br data-start=\"1017\" data-end=\"1020\" \/>La commune a su professionnaliser son accueil touristique. On y trouve une <strong data-start=\"1095\" data-end=\"1130\">offre d\u2019h\u00e9bergement diversifi\u00e9e<\/strong> : h\u00f4tels de charme, chambres d\u2019h\u00f4tes, campings, r\u00e9sidences de tourisme. Les infrastructures sont pens\u00e9es pour accueillir un public familial, international ou senior, avec de nombreux parkings, des zones pi\u00e9tonnes, des circuits de visite balis\u00e9s, et une <strong data-start=\"1384\" data-end=\"1411\">accessibilit\u00e9 renforc\u00e9e<\/strong>.<\/p><p data-start=\"1414\" data-end=\"1853\"><strong data-start=\"1414\" data-end=\"1451\">Donn\u00e9es touristiques r\u00e9v\u00e9latrices<\/strong><br data-start=\"1451\" data-end=\"1454\" \/>Selon les chiffres de l\u2019INSEE et des bilans communaux, <strong data-start=\"1509\" data-end=\"1533\">L\u2019Isle\u2011sur\u2011la\u2011Sorgue<\/strong> a accueilli plus de <strong data-start=\"1554\" data-end=\"1581\">300 000 nuit\u00e9es en 2021<\/strong>, malgr\u00e9 la baisse du tourisme \u00e9tranger li\u00e9e \u00e0 la pand\u00e9mie. En 2022\u20132023, la ville a renou\u00e9 avec un niveau record de fr\u00e9quentation, gr\u00e2ce \u00e0 une <strong data-start=\"1725\" data-end=\"1757\">strat\u00e9gie touristique cibl\u00e9e<\/strong>, misant sur la qualit\u00e9 des animations, la valorisation du patrimoine et la promotion num\u00e9rique.<\/p><p data-start=\"1855\" data-end=\"2283\"><strong data-start=\"1855\" data-end=\"1889\">Une ville o\u00f9 il fait bon vivre<\/strong><br data-start=\"1889\" data-end=\"1892\" \/>Au-del\u00e0 du tourisme, la ville s\u00e9duit aussi de nombreux nouveaux r\u00e9sidents. Sa qualit\u00e9 de vie repose sur une <strong data-start=\"2000\" data-end=\"2025\">vie commer\u00e7ante dense<\/strong>, un tissu associatif actif, des services de sant\u00e9 performants, et une offre scolaire adapt\u00e9e. Ce <strong data-start=\"2123\" data-end=\"2150\">cadre de vie harmonieux<\/strong>, entre rivi\u00e8re, culture et tradition, fait de <strong data-start=\"2197\" data-end=\"2221\">L\u2019Isle\u2011sur\u2011la\u2011Sorgue<\/strong> un exemple de r\u00e9ussite en mati\u00e8re de dynamisme local durable.<\/p><\/div><\/div><\/div><\/div><\/div><\/div><\/article><article class=\"text-token-text-primary w-full focus:outline-none scroll-mt-[calc(var(--header-height)+min(200px,max(70px,20svh)))]\" dir=\"auto\" tabindex=\"-1\" data-turn-id=\"59177a9f-1a48-4b3b-b13e-b522a6de7c81\" data-testid=\"conversation-turn-24\" data-scroll-anchor=\"false\" data-turn=\"assistant\"><div class=\"text-base my-auto mx-auto [--thread-content-margin:--spacing(4)] @[37rem]:[--thread-content-margin:--spacing(6)] @[72rem]:[--thread-content-margin:--spacing(16)] px-(--thread-content-margin)\"><div class=\"[--thread-content-max-width:32rem] @[34rem]:[--thread-content-max-width:40rem] @[64rem]:[--thread-content-max-width:48rem] mx-auto max-w-(--thread-content-max-width) flex-1 group\/turn-messages focus-visible:outline-hidden relative flex w-full min-w-0 flex-col agent-turn\" tabindex=\"-1\"><div class=\"flex max-w-full flex-col grow\"><div class=\"min-h-8 text-message relative flex w-full flex-col items-end gap-2 text-start break-words whitespace-normal [.text-message+&]:mt-5\" dir=\"auto\" data-message-author-role=\"assistant\" data-message-id=\"59177a9f-1a48-4b3b-b13e-b522a6de7c81\" data-message-model-slug=\"gpt-4o\"><div class=\"flex w-full flex-col gap-1 empty:hidden first:pt-[3px]\"><div class=\"markdown prose dark:prose-invert w-full break-words light markdown-new-styling\"><h3 data-start=\"59\" data-end=\"91\">Animations et traditions<\/h3><p data-start=\"93\" data-end=\"427\"><strong data-start=\"93\" data-end=\"152\">Un calendrier annuel ponctu\u00e9 de c\u00e9l\u00e9brations populaires<\/strong><br data-start=\"152\" data-end=\"155\" \/><strong data-start=\"155\" data-end=\"179\">L\u2019Isle\u2011sur\u2011la\u2011Sorgue<\/strong> cultive une tradition festive forte, avec des \u00e9v\u00e9nements qui c\u00e9l\u00e8brent aussi bien le patrimoine local que l\u2019identit\u00e9 proven\u00e7ale. Ces <strong data-start=\"313\" data-end=\"358\">animations ancr\u00e9es dans la culture locale<\/strong> rythment l\u2019ann\u00e9e et renforcent le lien entre habitants et visiteurs.<\/p><p data-start=\"429\" data-end=\"867\"><strong data-start=\"429\" data-end=\"489\">Le Corso Nautique : un d\u00e9fil\u00e9 sur l\u2019eau unique en France<\/strong><br data-start=\"489\" data-end=\"492\" \/>Chaque ann\u00e9e en juillet, les bras de la Sorgue deviennent le th\u00e9\u00e2tre du c\u00e9l\u00e8bre <strong data-start=\"572\" data-end=\"590\">Corso Nautique<\/strong> : une parade de barques fleuries, anim\u00e9e par des habitants costum\u00e9s. Cette f\u00eate spectaculaire, n\u00e9e au XIX\u1d49 si\u00e8cle, symbolise le lien entre la ville et son environnement fluvial. Les embarcations, souvent d\u00e9cor\u00e9es \u00e0 la main, voguent au son des fanfares et des applaudissements.<\/p><p data-start=\"869\" data-end=\"1243\"><strong data-start=\"869\" data-end=\"927\">March\u00e9 flottant traditionnel : immersion dans le pass\u00e9<\/strong><br data-start=\"927\" data-end=\"930\" \/>Une autre animation phare est le <strong data-start=\"963\" data-end=\"982\">march\u00e9 flottant<\/strong> (\u00e9voqu\u00e9 pr\u00e9c\u00e9demment), organis\u00e9 en \u00e9t\u00e9. Les producteurs locaux y vendent leurs produits depuis des <strong data-start=\"1082\" data-end=\"1096\">n\u00e9go-chins<\/strong>, comme autrefois. Cette reconstitution vivante est un hommage aux <strong data-start=\"1163\" data-end=\"1198\">m\u00e9tiers et gestes traditionnels<\/strong>, et attire de nombreux curieux chaque ann\u00e9e.<\/p><p data-start=\"1245\" data-end=\"1596\"><strong data-start=\"1245\" data-end=\"1295\">F\u00eate de la p\u00eache \u00e0 la truite et m\u00e9moire locale<\/strong><br data-start=\"1295\" data-end=\"1298\" \/>Autre moment fort : la <strong data-start=\"1321\" data-end=\"1353\">f\u00eate de la p\u00eache \u00e0 la truite<\/strong>, o\u00f9 les p\u00eacheurs en habits d\u2019antan recr\u00e9ent les anciennes techniques de p\u00eache dans les canaux. Cette manifestation a pour but de <strong data-start=\"1483\" data-end=\"1522\">transmettre les pratiques anciennes<\/strong>, mais aussi de sensibiliser \u00e0 la pr\u00e9servation des \u00e9cosyst\u00e8mes aquatiques.<\/p><p data-start=\"1598\" data-end=\"2021\"><strong data-start=\"1598\" data-end=\"1645\">Patrimoine immat\u00e9riel et folklore proven\u00e7al<\/strong><br data-start=\"1645\" data-end=\"1648\" \/>Tout au long de l\u2019ann\u00e9e, la ville valorise le <strong data-start=\"1694\" data-end=\"1716\">folklore proven\u00e7al<\/strong> \u00e0 travers des manifestations comme la <strong data-start=\"1755\" data-end=\"1781\">F\u00eate de la Saint-Louis<\/strong>, les d\u00e9fil\u00e9s de <strong data-start=\"1798\" data-end=\"1822\">groupes folkloriques<\/strong>, les d\u00e9monstrations de <strong data-start=\"1846\" data-end=\"1872\">danses traditionnelles<\/strong>, ou encore les messes en proven\u00e7al. Ces pratiques, parfois modestes mais tr\u00e8s suivies, renforcent le sentiment d\u2019appartenance et l\u2019ancrage r\u00e9gional<\/p><\/div><\/div><\/div><\/div><\/div><\/div><\/article><article class=\"text-token-text-primary w-full focus:outline-none scroll-mt-[calc(var(--header-height)+min(200px,max(70px,20svh)))]\" dir=\"auto\" tabindex=\"-1\" data-turn-id=\"05c05f00-43aa-48bd-a4d9-edb87f2d071f\" data-testid=\"conversation-turn-26\" data-scroll-anchor=\"false\" data-turn=\"assistant\"><div class=\"text-base my-auto mx-auto [--thread-content-margin:--spacing(4)] @[37rem]:[--thread-content-margin:--spacing(6)] @[72rem]:[--thread-content-margin:--spacing(16)] px-(--thread-content-margin)\"><div class=\"[--thread-content-max-width:32rem] @[34rem]:[--thread-content-max-width:40rem] @[64rem]:[--thread-content-max-width:48rem] mx-auto max-w-(--thread-content-max-width) flex-1 group\/turn-messages focus-visible:outline-hidden relative flex w-full min-w-0 flex-col agent-turn\" tabindex=\"-1\"><div class=\"flex max-w-full flex-col grow\"><div class=\"min-h-8 text-message relative flex w-full flex-col items-end gap-2 text-start break-words whitespace-normal [.text-message+&]:mt-5\" dir=\"auto\" data-message-author-role=\"assistant\" data-message-id=\"05c05f00-43aa-48bd-a4d9-edb87f2d071f\" data-message-model-slug=\"gpt-4o\"><div class=\"flex w-full flex-col gap-1 empty:hidden first:pt-[3px]\"><div class=\"markdown prose dark:prose-invert w-full break-words light markdown-new-styling\"><h3 data-start=\"64\" data-end=\"105\">Offres touristiques et logistique<\/h3><p data-start=\"107\" data-end=\"539\"><strong data-start=\"107\" data-end=\"157\">Une ville pens\u00e9e pour le confort des visiteurs<\/strong><br data-start=\"157\" data-end=\"160\" \/><strong data-start=\"160\" data-end=\"184\">L\u2019Isle\u2011sur\u2011la\u2011Sorgue<\/strong> a d\u00e9velopp\u00e9 une <strong data-start=\"201\" data-end=\"247\">infrastructure touristique bien structur\u00e9e<\/strong>, capable d\u2019accueillir une large diversit\u00e9 de profils : couples, familles, seniors, groupes ou visiteurs internationaux. Gr\u00e2ce \u00e0 un effort collectif de la municipalit\u00e9, des professionnels du tourisme et des habitants, la ville propose une exp\u00e9rience de visite fluide, chaleureuse et efficace.<\/p><p data-start=\"541\" data-end=\"1014\"><strong data-start=\"541\" data-end=\"578\">L\u2019Isle\u2011sur\u2011la\u2011Sorgue, h\u00e9bergements vari\u00e9s et de qualit\u00e9<\/strong><br data-start=\"578\" data-end=\"581\" \/>La ville dispose d\u2019une <strong data-start=\"604\" data-end=\"634\">large gamme d\u2019h\u00e9bergements<\/strong> : h\u00f4tels de charme en centre-ville, maisons d\u2019h\u00f4tes dans les quartiers calmes, g\u00eetes ruraux dans les alentours, et plusieurs campings de bon standing. On y trouve \u00e9galement des <strong data-start=\"812\" data-end=\"838\">r\u00e9sidences de tourisme<\/strong> adapt\u00e9es aux s\u00e9jours de moyenne ou longue dur\u00e9e. En p\u00e9riode estivale, certaines maisons anciennes sont lou\u00e9es en meubl\u00e9s saisonniers avec piscine, jardin ou vue sur la Sorgue.<\/p><p data-start=\"1016\" data-end=\"1417\"><strong data-start=\"1016\" data-end=\"1052\">Acc\u00e8s et stationnement facilit\u00e9s<\/strong><br data-start=\"1052\" data-end=\"1055\" \/>Pour r\u00e9pondre \u00e0 l\u2019afflux de visiteurs, la ville a mis en place un <strong data-start=\"1121\" data-end=\"1163\">r\u00e9seau de parkings gratuits et payants<\/strong> bien r\u00e9partis autour du centre historique, avec navettes lors des grands \u00e9v\u00e9nements. Les visiteurs peuvent aussi circuler facilement \u00e0 pied ou \u00e0 v\u00e9lo gr\u00e2ce \u00e0 un r\u00e9seau de <strong data-start=\"1335\" data-end=\"1364\">voies douces et pi\u00e9tonnes<\/strong>, favorisant une approche \u00e9coresponsable du tourisme.<\/p><p data-start=\"1419\" data-end=\"1921\"><strong data-start=\"1419\" data-end=\"1461\">L\u2019Isle\u2011sur\u2011la\u2011Sorgue, services de proximit\u00e9 et accessibilit\u00e9<\/strong><br data-start=\"1461\" data-end=\"1464\" \/>Le centre-ville regorge de <strong data-start=\"1491\" data-end=\"1514\">commerces de bouche<\/strong>, de boutiques artisanales, de restaurants, et de caf\u00e9s. Des <strong data-start=\"1575\" data-end=\"1601\">march\u00e9s de producteurs<\/strong> viennent compl\u00e9ter l\u2019offre alimentaire locale. La pr\u00e9sence de <strong data-start=\"1664\" data-end=\"1706\">m\u00e9decins, pharmacies, centres de soins<\/strong> et d\u2019un h\u00f4pital \u00e0 proximit\u00e9 garantit \u00e9galement la <strong data-start=\"1757\" data-end=\"1779\">s\u00e9curit\u00e9 sanitaire<\/strong> des s\u00e9jours. Plusieurs \u00e9tablissements sont adapt\u00e9s aux personnes \u00e0 mobilit\u00e9 r\u00e9duite, confirmant la volont\u00e9 d\u2019une <strong data-start=\"1893\" data-end=\"1920\">accessibilit\u00e9 inclusive<\/strong>.<\/p><p data-start=\"1923\" data-end=\"2357\"><strong data-start=\"1923\" data-end=\"1971\">Une politique d\u2019accueil num\u00e9rique et durable<\/strong><br data-start=\"1971\" data-end=\"1974\" \/><strong data-start=\"1974\" data-end=\"1998\">L\u2019office de tourisme<\/strong> propose des services multilingues et des brochures interactives. Des <strong data-start=\"2068\" data-end=\"2092\">applications mobiles<\/strong> permettent d\u2019explorer les circuits historiques, de r\u00e9server des visites ou de suivre les animations. La ville encourage aussi les <strong data-start=\"2223\" data-end=\"2245\">pratiques durables<\/strong>, avec des h\u00e9bergements labellis\u00e9s \u00e9coresponsables, des producteurs bio et une gestion raisonn\u00e9e des ressources.<\/p><\/div><\/div><\/div><\/div><\/div><\/div><\/article><article class=\"text-token-text-primary w-full focus:outline-none scroll-mt-[calc(var(--header-height)+min(200px,max(70px,20svh)))]\" dir=\"auto\" tabindex=\"-1\" data-turn-id=\"9d5de0b6-2708-425c-8250-9921e51c32ce\" data-testid=\"conversation-turn-28\" data-scroll-anchor=\"false\" data-turn=\"assistant\"><div class=\"text-base my-auto mx-auto [--thread-content-margin:--spacing(4)] @[37rem]:[--thread-content-margin:--spacing(6)] @[72rem]:[--thread-content-margin:--spacing(16)] px-(--thread-content-margin)\"><div class=\"[--thread-content-max-width:32rem] @[34rem]:[--thread-content-max-width:40rem] @[64rem]:[--thread-content-max-width:48rem] mx-auto max-w-(--thread-content-max-width) flex-1 group\/turn-messages focus-visible:outline-hidden relative flex w-full min-w-0 flex-col agent-turn\" tabindex=\"-1\"><div class=\"flex max-w-full flex-col grow\"><div class=\"min-h-8 text-message relative flex w-full flex-col items-end gap-2 text-start break-words whitespace-normal [.text-message+&]:mt-5\" dir=\"auto\" data-message-author-role=\"assistant\" data-message-id=\"9d5de0b6-2708-425c-8250-9921e51c32ce\" data-message-model-slug=\"gpt-4o\"><div class=\"flex w-full flex-col gap-1 empty:hidden first:pt-[3px]\"><div class=\"markdown prose dark:prose-invert w-full break-words light markdown-new-styling\"><h2 data-start=\"171\" data-end=\"193\">Foire Aux Questions<\/h2><h3 data-start=\"195\" data-end=\"275\">Pourquoi L\u2019Isle\u2011sur\u2011la\u2011Sorgue est-elle surnomm\u00e9e la \u00ab Venise comtadine \u00bb ?<\/h3><p data-start=\"276\" data-end=\"480\">Parce qu\u2019elle est travers\u00e9e par plusieurs bras de la rivi\u00e8re Sorgue, formant des canaux et \u00eelots dans le centre-ville, avec des roues \u00e0 aubes et des ponts pittoresques qui rappellent l\u2019ambiance de Venise.<\/p><h3 data-start=\"482\" data-end=\"560\">Quand ont lieu les principaux march\u00e9s et foires \u00e0 L\u2019Isle\u2011sur\u2011la\u2011Sorgue ?<\/h3><p data-start=\"561\" data-end=\"734\">Les march\u00e9s ont lieu chaque jeudi (local) et dimanche (proven\u00e7al). Les grandes foires d\u2019antiquit\u00e9s se tiennent \u00e0 P\u00e2ques, \u00e0 la Pentec\u00f4te, autour du 15 ao\u00fbt et \u00e0 la Toussaint.<\/p><h3 data-start=\"736\" data-end=\"797\">Combien y a-t-il d\u2019antiquaires \u00e0 L\u2019Isle\u2011sur\u2011la\u2011Sorgue ?<\/h3><p data-start=\"798\" data-end=\"968\">La ville compte environ <strong data-start=\"822\" data-end=\"852\">300 antiquaires permanents<\/strong>, r\u00e9partis dans plusieurs \u201cvillages\u201d sp\u00e9cialis\u00e9s, ce qui en fait l\u2019un des plus grands centres d\u2019antiquit\u00e9s d\u2019Europe.<\/p><h3 data-start=\"970\" data-end=\"1040\">Quels sont les monuments historiques incontournables \u00e0 visiter ?<\/h3><p data-start=\"1041\" data-end=\"1218\">La <strong data-start=\"1044\" data-end=\"1079\">Coll\u00e9giale Notre\u2011Dame\u2011des\u2011Anges<\/strong>, les roues \u00e0 aubes, la <strong data-start=\"1103\" data-end=\"1118\">Tour Boutin<\/strong>, le <strong data-start=\"1123\" data-end=\"1149\">Centre d\u2019Art Campredon<\/strong>, et la <strong data-start=\"1157\" data-end=\"1183\">Fondation Villa Datris<\/strong> sont parmi les plus embl\u00e9matiques.<\/p><h3 data-start=\"1220\" data-end=\"1281\">Qu\u2019est-ce que le march\u00e9 flottant et quand a-t-il lieu \u00e0 L\u2019Isle\u2011sur\u2011la\u2011Sorgue,?<\/h3><p data-start=\"1282\" data-end=\"1465\">C\u2019est une reconstitution historique d\u2019un march\u00e9 sur l\u2019eau, o\u00f9 les producteurs locaux vendent leurs produits depuis des barques traditionnelles. Il a lieu une fois par an, fin juillet.<\/p><h3 data-start=\"1467\" data-end=\"1526\">Y a-t-il des activit\u00e9s pour les familles et enfants ?<\/h3><p data-start=\"1527\" data-end=\"1711\">Oui : balades \u00e0 v\u00e9lo le long de la Sorgue, visites des mus\u00e9es, animations lors des march\u00e9s, jeux d\u2019eau, parcours historiques interactifs et activit\u00e9s manuelles dans certaines galeries.<\/p><h3 data-start=\"1713\" data-end=\"1786\">Quelle est la meilleure p\u00e9riode pour visiter L\u2019Isle\u2011sur\u2011la\u2011Sorgue ?<\/h3><p data-start=\"1787\" data-end=\"1963\">Le printemps et l\u2019\u00e9t\u00e9 sont les plus anim\u00e9s, avec un pic d\u2019activit\u00e9s culturelles, de march\u00e9s et de festivit\u00e9s. L\u2019automne est plus calme mais tr\u00e8s agr\u00e9able pour fl\u00e2ner et chiner.<\/p><h3 data-start=\"1965\" data-end=\"2004\">Peut-on visiter L\u2019Isle\u2011sur\u2011la\u2011Sorgue \u00e0 pied ?<\/h3><p data-start=\"2005\" data-end=\"2181\">Oui, le centre est enti\u00e8rement accessible \u00e0 pied, avec des parcours bien balis\u00e9s, des ruelles pi\u00e9tonnes et des passerelles sur les canaux, id\u00e9ales pour une visite \u00e0 son rythme.<\/p><h3 data-start=\"2183\" data-end=\"2255\">L\u2019Isle\u2011sur\u2011la\u2011Sorgue est-elle accessible en transports en commun ?<\/h3><p data-start=\"2256\" data-end=\"2430\">Oui, la ville poss\u00e8de une <strong data-start=\"2282\" data-end=\"2295\">gare SNCF<\/strong>, accessible depuis Avignon. Des lignes de bus r\u00e9gionales permettent aussi de s\u2019y rendre facilement depuis d\u2019autres villes du Vaucluse.<\/p><h3 data-start=\"2432\" data-end=\"2482\">O\u00f9 se renseigner pour organiser son s\u00e9jour ?<\/h3><p data-start=\"2483\" data-end=\"2669\">L\u2019<strong data-start=\"2485\" data-end=\"2507\">office de tourisme<\/strong> local (en centre-ville) propose des informations, plans, visites guid\u00e9es, applications mobiles, ainsi que des services multilingues pour les touristes \u00e9trangers.<\/p><\/div><\/div><\/div><\/div><\/div><\/div><\/article><article class=\"text-token-text-primary w-full focus:outline-none scroll-mt-[calc(var(--header-height)+min(200px,max(70px,20svh)))]\" dir=\"auto\" tabindex=\"-1\" data-turn-id=\"e27de2f5-36d8-4fb7-beb6-4a2d698ed41d\" data-testid=\"conversation-turn-30\" data-scroll-anchor=\"false\" data-turn=\"assistant\"><div class=\"text-base my-auto mx-auto [--thread-content-margin:--spacing(4)] @[37rem]:[--thread-content-margin:--spacing(6)] @[72rem]:[--thread-content-margin:--spacing(16)] px-(--thread-content-margin)\"><div class=\"[--thread-content-max-width:32rem] @[34rem]:[--thread-content-max-width:40rem] @[64rem]:[--thread-content-max-width:48rem] mx-auto max-w-(--thread-content-max-width) flex-1 group\/turn-messages focus-visible:outline-hidden relative flex w-full min-w-0 flex-col agent-turn\" tabindex=\"-1\"><div class=\"flex max-w-full flex-col grow\"><div class=\"min-h-8 text-message relative flex w-full flex-col items-end gap-2 text-start break-words whitespace-normal [.text-message+&]:mt-5\" dir=\"auto\" data-message-author-role=\"assistant\" data-message-id=\"e27de2f5-36d8-4fb7-beb6-4a2d698ed41d\" data-message-model-slug=\"gpt-4o\"><div class=\"flex w-full flex-col gap-1 empty:hidden first:pt-[3px]\"><div class=\"markdown prose dark:prose-invert w-full break-words light markdown-new-styling\"><h2 data-start=\"56\" data-end=\"69\">Conclusion L\u2019Isle\u2011sur\u2011la\u2011Sorgue<\/h2><p data-start=\"71\" data-end=\"465\"><strong data-start=\"71\" data-end=\"95\">L\u2019Isle\u2011sur\u2011la\u2011Sorgue<\/strong> est bien plus qu\u2019une destination touristique : c\u2019est une <strong data-start=\"153\" data-end=\"189\">ville d\u2019eau, d\u2019art et d\u2019histoire<\/strong>, o\u00f9 chaque canal, chaque roue \u00e0 aubes et chaque ruelle pav\u00e9e raconte une histoire. Son atmosph\u00e8re unique, entre authenticit\u00e9 proven\u00e7ale et \u00e9l\u00e9gance boh\u00e8me, en fait une \u00e9tape incontournable du pays pour qui souhaite explorer la richesse culturelle et patrimoniale du Vaucluse.<\/p><p data-start=\"467\" data-end=\"743\">Des march\u00e9s hauts en couleur aux foires d\u2019antiquit\u00e9s de renomm\u00e9e internationale, en passant par les animations traditionnelles et les lieux d\u2019art contemporain, <strong data-start=\"627\" data-end=\"651\">L\u2019Isle\u2011sur\u2011la\u2011Sorgue<\/strong> offre un <strong data-start=\"661\" data-end=\"703\">cadre de vie et de visite exceptionnel<\/strong>, entre nature, patrimoine et modernit\u00e9.<\/p><\/div><\/div><\/div><\/div><\/div><\/div><\/article><p data-start=\"1391\" data-end=\"1767\">Pour en savoir plus sur L\u2019Isle\u2011sur\u2011la\u2011Sorgue, <a href=\"https:\/\/www.islesurlasorgue.fr\/\" target=\"_blank\" rel=\"noopener\">c\u2019est par ici!<\/a><\/p>\t\t\t\t\t\t\t\t<\/div>\n\t\t\t\t\t<\/div>\n\t\t\t\t<\/div>\n\t\t<aside class=\"elementor-element elementor-element-f185cf5 e-flex e-con-boxed e-con e-parent\" data-id=\"f185cf5\" data-element_type=\"container\" data-e-type=\"container\">\n\t\t\t\t\t<div class=\"e-con-inner\">\n\t\t\t\t<div class=\"elementor-element elementor-element-acccda4 elementor-widget elementor-widget-listeo-posts-grid\" data-id=\"acccda4\" data-element_type=\"widget\" data-e-type=\"widget\" data-widget_type=\"listeo-posts-grid.default\">\n\t\t\t\t<div class=\"elementor-widget-container\">\n\t\t\t\t\t\t\t\n\t\t<div class=\"listeo-post-grid-wrapper\">\n\t\t\t<div class=\"row\">\n\n\t\t\t\n\n\t\t\t\t\t\t\t<div class=\"col-md-4\">\n                <a href=\"https:\/\/cparici.com\/fr\/beaumes-de-venise\/\" class=\"blog-compact-item-container\">\n                    <div class=\"blog-compact-item\">\n                        <img decoding=\"async\" width=\"577\" height=\"204\" src=\"https:\/\/cparici.com\/wp-content\/uploads\/2024\/07\/Beaumes-de-Venise.jpg\" class=\"attachment-listeo-blog-related-post size-listeo-blog-related-post wp-post-image\" alt=\"Beaumes de Venise\" srcset=\"https:\/\/cparici.com\/wp-content\/uploads\/2024\/07\/Beaumes-de-Venise.jpg 1500w, https:\/\/cparici.com\/wp-content\/uploads\/2024\/07\/Beaumes-de-Venise-600x212.jpg 600w, https:\/\/cparici.com\/wp-content\/uploads\/2024\/07\/Beaumes-de-Venise-300x106.jpg 300w, https:\/\/cparici.com\/wp-content\/uploads\/2024\/07\/Beaumes-de-Venise-1024x362.jpg 1024w, https:\/\/cparici.com\/wp-content\/uploads\/2024\/07\/Beaumes-de-Venise-768x271.jpg 768w\" sizes=\"(max-width: 577px) 100vw, 577px\" \/><span class=\"blog-item-tag\">Beaumes de Venise<\/span>                        \n                        <div class=\"blog-compact-item-content\">\n                                                        <h3>Beaumes de venise \u2013 guide de voyage et d\u00e9gustation<\/h3>\n                                                        <p>Comment visiter et d\u00e9guster les beaumes de venise ? Suivez notre guide complet pour explorer...                            <\/p>\n                                                    <\/div>\n                    <\/div>\n                <\/a>\n            <\/div>\n\t\t\t<div class=\"col-md-4\">\n                <a href=\"https:\/\/cparici.com\/fr\/marseille\/\" class=\"blog-compact-item-container\">\n                    <div class=\"blog-compact-item\">\n                        <img decoding=\"async\" width=\"577\" height=\"215\" src=\"https:\/\/cparici.com\/wp-content\/uploads\/2024\/06\/marseille.jpg\" class=\"attachment-listeo-blog-related-post size-listeo-blog-related-post wp-post-image\" alt=\"marseille\" srcset=\"https:\/\/cparici.com\/wp-content\/uploads\/2024\/06\/marseille.jpg 1500w, https:\/\/cparici.com\/wp-content\/uploads\/2024\/06\/marseille-600x224.jpg 600w, https:\/\/cparici.com\/wp-content\/uploads\/2024\/06\/marseille-300x112.jpg 300w, https:\/\/cparici.com\/wp-content\/uploads\/2024\/06\/marseille-1024x382.jpg 1024w, https:\/\/cparici.com\/wp-content\/uploads\/2024\/06\/marseille-768x286.jpg 768w\" sizes=\"(max-width: 577px) 100vw, 577px\" \/><span class=\"blog-item-tag\">Bouches du Rhone<\/span>                        \n                        <div class=\"blog-compact-item-content\">\n                                                        <h3>Marseille : guide complet pour explorer la ville phoc\u00e9enne<\/h3>\n                                                        <p>D\u00e9couvrez Marseille, la plus ancienne ville de France, \u00e0 travers son histoire, sa culture et...                            <\/p>\n                                                    <\/div>\n                    <\/div>\n                <\/a>\n            <\/div>\n\t\t\t<div class=\"col-md-4\">\n                <a href=\"https:\/\/cparici.com\/fr\/massif-des-maures\/\" class=\"blog-compact-item-container\">\n                    <div class=\"blog-compact-item\">\n                        <img decoding=\"async\" width=\"577\" height=\"204\" src=\"https:\/\/cparici.com\/wp-content\/uploads\/2025\/02\/cparici-2025-02-16T081704.159-577x204.jpg\" class=\"attachment-listeo-blog-related-post size-listeo-blog-related-post wp-post-image\" alt=\"massif des maures\" srcset=\"https:\/\/cparici.com\/wp-content\/uploads\/2025\/02\/cparici-2025-02-16T081704.159-577x204.jpg 577w, https:\/\/cparici.com\/wp-content\/uploads\/2025\/02\/cparici-2025-02-16T081704.159-300x106.jpg 300w, https:\/\/cparici.com\/wp-content\/uploads\/2025\/02\/cparici-2025-02-16T081704.159-1024x362.jpg 1024w, https:\/\/cparici.com\/wp-content\/uploads\/2025\/02\/cparici-2025-02-16T081704.159-768x271.jpg 768w, https:\/\/cparici.com\/wp-content\/uploads\/2025\/02\/cparici-2025-02-16T081704.159-590x208.jpg 590w, https:\/\/cparici.com\/wp-content\/uploads\/2025\/02\/cparici-2025-02-16T081704.159-1200x424.jpg 1200w, https:\/\/cparici.com\/wp-content\/uploads\/2025\/02\/cparici-2025-02-16T081704.159-600x212.jpg 600w, https:\/\/cparici.com\/wp-content\/uploads\/2025\/02\/cparici-2025-02-16T081704.159.jpg 1500w\" sizes=\"(max-width: 577px) 100vw, 577px\" \/><span class=\"blog-item-tag\">France<\/span>                        \n                        <div class=\"blog-compact-item-content\">\n                                                        <h3>Massif des Maures<\/h3>\n                                                        <p>D\u00e9couvrez le Massif des Maures, ses paysages uniques, sa faune et flore, ses randonn\u00e9es, ses...                            <\/p>\n                                                    <\/div>\n                    <\/div>\n                <\/a>\n            <\/div>\n  <\/div>\n        <\/div>\n        \t\t\t\t<\/div>\n\t\t\t\t<\/div>\n\t\t\t\t\t<\/div>\n\t\t\t\t<\/aside>\n\t\t\t\t<\/div>\n\t\t","protected":false},"excerpt":{"rendered":"<p>Recherches populaires Categories Pas de r\u00e9sultats Voir tous les r\u00e9sultats L\u2019Isle\u2011sur\u2011la\u2011Sorgue, Venise comtadine des antiquaires et march\u00e9s proven\u00e7aux L\u2019Isle\u2011sur\u2011la\u2011Sorgue, surnomm\u00e9e la Venise comtadine, est l\u2019un des joyaux les plus pris\u00e9s du Vaucluse. Travers\u00e9e par les bras paisibles de la Sorgue et orn\u00e9e de roues \u00e0 aubes centenaires, cette ville d\u2019eau m\u00eale avec harmonie art de [&hellip;]<\/p>\n","protected":false},"author":97,"featured_media":69555,"comment_status":"closed","ping_status":"closed","sticky":false,"template":"elementor_header_footer","format":"standard","meta":{"ngg_post_thumbnail":0,"footnotes":""},"categories":[1003,477,2783,995],"tags":[],"class_list":["post-69554","post","type-post","status-publish","format-standard","has-post-thumbnail","hentry","category-vaucluse","category-france","category-lislesurlasorgue","category-provence-alpes-cote-dazur"],"_links":{"self":[{"href":"https:\/\/cparici.com\/fr\/wp-json\/wp\/v2\/posts\/69554","targetHints":{"allow":["GET"]}}],"collection":[{"href":"https:\/\/cparici.com\/fr\/wp-json\/wp\/v2\/posts"}],"about":[{"href":"https:\/\/cparici.com\/fr\/wp-json\/wp\/v2\/types\/post"}],"author":[{"embeddable":true,"href":"https:\/\/cparici.com\/fr\/wp-json\/wp\/v2\/users\/97"}],"replies":[{"embeddable":true,"href":"https:\/\/cparici.com\/fr\/wp-json\/wp\/v2\/comments?post=69554"}],"version-history":[{"count":2,"href":"https:\/\/cparici.com\/fr\/wp-json\/wp\/v2\/posts\/69554\/revisions"}],"predecessor-version":[{"id":88393,"href":"https:\/\/cparici.com\/fr\/wp-json\/wp\/v2\/posts\/69554\/revisions\/88393"}],"wp:featuredmedia":[{"embeddable":true,"href":"https:\/\/cparici.com\/fr\/wp-json\/wp\/v2\/media\/69555"}],"wp:attachment":[{"href":"https:\/\/cparici.com\/fr\/wp-json\/wp\/v2\/media?parent=69554"}],"wp:term":[{"taxonomy":"category","embeddable":true,"href":"https:\/\/cparici.com\/fr\/wp-json\/wp\/v2\/categories?post=69554"},{"taxonomy":"post_tag","embeddable":true,"href":"https:\/\/cparici.com\/fr\/wp-json\/wp\/v2\/tags?post=69554"}],"curies":[{"name":"wp","href":"https:\/\/api.w.org\/{rel}","templated":true}]}}