{"id":69576,"date":"2025-08-26T08:05:32","date_gmt":"2025-08-26T06:05:32","guid":{"rendered":"https:\/\/cparici.com\/?p=69576"},"modified":"2025-08-26T08:09:42","modified_gmt":"2025-08-26T06:09:42","slug":"canal-de-nantes-a-brest","status":"publish","type":"post","link":"https:\/\/cparici.com\/fr\/canal-de-nantes-a-brest\/","title":{"rendered":"Canal de Nantes \u00e0 Brest"},"content":{"rendered":"\t\t<div data-elementor-type=\"wp-post\" data-elementor-id=\"69576\" class=\"elementor elementor-69576\" data-elementor-post-type=\"post\">\n\t\t\t\t<div class=\"elementor-element elementor-element-a40ba5f e-con-full e-flex e-con e-parent\" data-id=\"a40ba5f\" data-element_type=\"container\" data-e-type=\"container\">\n\t\t\t\t<div class=\"elementor-element elementor-element-57fd0e4 elementor-widget elementor-widget-image\" data-id=\"57fd0e4\" data-element_type=\"widget\" data-e-type=\"widget\" data-widget_type=\"image.default\">\n\t\t\t\t\t\t\t\t\t\t\t\t\t\t\t<img decoding=\"async\" width=\"1500\" height=\"530\" src=\"https:\/\/cparici.com\/wp-content\/uploads\/2025\/08\/cparici-2025-08-24T170843.098.jpg\" class=\"attachment-full size-full wp-image-69582\" alt=\"Canal de Nantes \u00e0 Brest\" srcset=\"https:\/\/cparici.com\/wp-content\/uploads\/2025\/08\/cparici-2025-08-24T170843.098.jpg 1500w, https:\/\/cparici.com\/wp-content\/uploads\/2025\/08\/cparici-2025-08-24T170843.098-300x106.jpg 300w, https:\/\/cparici.com\/wp-content\/uploads\/2025\/08\/cparici-2025-08-24T170843.098-1024x362.jpg 1024w, https:\/\/cparici.com\/wp-content\/uploads\/2025\/08\/cparici-2025-08-24T170843.098-768x271.jpg 768w, https:\/\/cparici.com\/wp-content\/uploads\/2025\/08\/cparici-2025-08-24T170843.098-18x6.jpg 18w, https:\/\/cparici.com\/wp-content\/uploads\/2025\/08\/cparici-2025-08-24T170843.098-590x208.jpg 590w, https:\/\/cparici.com\/wp-content\/uploads\/2025\/08\/cparici-2025-08-24T170843.098-1200x424.jpg 1200w, https:\/\/cparici.com\/wp-content\/uploads\/2025\/08\/cparici-2025-08-24T170843.098-577x204.jpg 577w, https:\/\/cparici.com\/wp-content\/uploads\/2025\/08\/cparici-2025-08-24T170843.098-600x212.jpg 600w\" sizes=\"(max-width: 1500px) 100vw, 1500px\" \/>\t\t\t\t\t\t\t\t\t\t\t\t\t\t\t<\/div>\n\t\t\t\t<\/div>\n\t\t<aside class=\"elementor-element elementor-element-46a4f65 e-flex e-con-boxed e-con e-parent\" data-id=\"46a4f65\" data-element_type=\"container\" data-e-type=\"container\">\n\t\t\t\t\t<div class=\"e-con-inner\">\n\t\t\t\t<div class=\"elementor-element elementor-element-bfc6a2c elementor-widget elementor-widget-global elementor-global-62046 elementor-widget-eael-advanced-search\" data-id=\"bfc6a2c\" data-element_type=\"widget\" data-e-type=\"widget\" data-widget_type=\"eael-advanced-search.default\">\n\t\t\t\t\t        <div class=\"eael-adv-search-wrapper\">\n            <div id=\"eael-advanced-search-widget-bfc6a2c\" class=\"eael-advanced-search-widget\">\n                <form data-settings=\"{&quot;post_per_page&quot;:5,&quot;search_among_taxonomies&quot;:&quot;&quot;,&quot;search_among_sku&quot;:&quot;no&quot;,&quot;show_popular_keyword&quot;:0,&quot;show_category&quot;:0,&quot;show_content_image&quot;:1,&quot;show_search_result_all_results&quot;:0,&quot;result_on_new_tab&quot;:&quot;no&quot;,&quot;show_product_price&quot;:&quot;no&quot;,&quot;include_current_page&quot;:&quot;no&quot;,&quot;current_post_id&quot;:69576,&quot;post_type&quot;:[&quot;post&quot;,&quot;listing&quot;]}\" method=\"POST\" name=\"eael-advanced-search-form-bfc6a2c\" class=\"eael-advanced-search-form eael-advanced-search-form-style-2\">\n                    <div class=\"eael-advanced-search-wrap\">\n                        <span class=\"eael-adv-search-loader\"><\/span>\n                        <span class=\"eael-adv-search-close\"><i class=\"fas fa-times\"><\/i><\/span>\n                        <span class=\"icon \"><i class=\"fas fa-search\"><\/i><\/span>\n\n                        <input type=\"text\"\n                               placeholder=\"Votre destination\"\n                               class=\"eael-advanced-search\" autocomplete=\"off\" name=\"eael_advanced_search\">\n                    <\/div>\n\t\t\t\t\t                                    <\/form>\n\n\t\t\t\t\n\t\t\t\t        <div class=\"eael-advanced-search-result\">\n            <div class=\"eael-advanced-search-popular-keyword\">\n\t\t\t\t<h4 class=\"eael-advanced-search-popular-keyword-text\">Recherches populaires<\/h4>                <div class=\"eael-popular-keyword-content\"><\/div>\n            <\/div>\n            <div class=\"eael-advanced-search-category\">\n\t\t\t\t<h4 class=\"eael-advanced-search-category-text\">Categories<\/h4>                <div class=\"eael-popular-category-content\"><\/div>\n            <\/div>\n\t\t\t<div class=\"eael-advanced-search-total-results-section\">\n\t\t\t\t\t\t\t<\/div>\n            <div class=\"eael-advanced-search-content eael-item-style-3\">\n            <\/div>\n            <div class=\"eael-advanced-search-not-found\">\n                <p>Pas de r\u00e9sultats<\/p><\/div>\n            <div class=\"eael-advanced-search-load-more\">\n\t\t\t\t<a \tclass=\"eael-advanced-search-load-more-button\"\n                \thref=\"#\">Voir tous les r\u00e9sultats<\/a>\n            <\/div>\n        <\/div>\n\n\t\t            <\/div>\n        <\/div>\n\n\t\t\t\t\t\t<\/div>\n\t\t\t\t\t<\/div>\n\t\t\t\t<\/aside>\n\t\t<div class=\"elementor-element elementor-element-2703779 e-flex e-con-boxed e-con e-parent\" data-id=\"2703779\" data-element_type=\"container\" data-e-type=\"container\">\n\t\t\t\t\t<div class=\"e-con-inner\">\n\t\t\t\t<div class=\"elementor-element elementor-element-79b8beed elementor-widget elementor-widget-text-editor\" data-id=\"79b8beed\" data-element_type=\"widget\" data-e-type=\"widget\" data-widget_type=\"text-editor.default\">\n\t\t\t\t\t\t\t\t\t<h1 style=\"text-align: center;\">Canal de Nantes \u00e0 Brest<\/h1>\nLe <strong data-start=\"268\" data-end=\"295\">canal de Nantes \u00e0 Brest<\/strong> est bien plus qu\u2019une voie d\u2019eau : c\u2019est un trait d\u2019union historique, culturel et naturel qui traverse le c\u0153ur <strong data-start=\"406\" data-end=\"417\">du pays<\/strong> <a class=\"decorated-link\" href=\"https:\/\/cparici.com\/fr\/visiter-la-france-guide-des-regions-et-sites-touristiques\" target=\"_new\" rel=\"noopener\" data-start=\"418\" data-end=\"543\">\u27a1 Guide des r\u00e9gions et sites touristiques<\/a>. Long de pr\u00e8s de 364 kilom\u00e8tres, ce canal monumental relie deux grandes villes bretonnes \u00e0 travers une mosa\u00efque de paysages, de villages pittoresques et de sites patrimoniaux uniques. Construit au XIX\u1d49 si\u00e8cle pour des raisons strat\u00e9giques, il est aujourd\u2019hui un incontournable du <strong data-start=\"824\" data-end=\"844\">tourisme fluvial<\/strong>, du <strong data-start=\"849\" data-end=\"867\">v\u00e9lo-randonn\u00e9e<\/strong> et des amoureux du patrimoine. Explorer le <strong data-start=\"911\" data-end=\"938\">canal de Nantes \u00e0 Brest<\/strong>, c\u2019est s\u2019immerger dans une Bretagne authentique, loin des sentiers battus, o\u00f9 chaque \u00e9cluse raconte une histoire et chaque d\u00e9tour offre une nouvelle d\u00e9couverte.\n<h2 data-start=\"288\" data-end=\"345\">Histoire du canal : un projet strat\u00e9gique de Napol\u00e9on<\/h2>\n<p data-start=\"347\" data-end=\"828\">Le <strong data-start=\"350\" data-end=\"377\">canal de <a href=\"https:\/\/cparici.com\/nantes\/\">Nantes<\/a> \u00e0 <a href=\"https:\/\/cparici.com\/brest\/\">Brest<\/a><\/strong> est une \u0153uvre d\u2019ing\u00e9nierie exceptionnelle n\u00e9e dans un contexte de guerre et de n\u00e9cessit\u00e9. Il a \u00e9t\u00e9 imagin\u00e9 au d\u00e9but du XIX\u1d49 si\u00e8cle comme une r\u00e9ponse directe aux <strong data-start=\"539\" data-end=\"567\">blocus maritimes anglais<\/strong>, qui emp\u00eachaient les communications entre les arsenaux militaires de la fa\u00e7ade atlantique. Ce projet de canal int\u00e9rieur devait permettre de relier <strong data-start=\"715\" data-end=\"725\">Nantes<\/strong> \u00e0 <strong data-start=\"728\" data-end=\"737\">Brest<\/strong> en toute s\u00e9curit\u00e9, en traversant la Bretagne par ses rivi\u00e8res et des tron\u00e7ons artificiels.<\/p>\n\n<h4 data-start=\"830\" data-end=\"864\">Origine et d\u00e9cision imp\u00e9riale<\/h4>\n<p data-start=\"866\" data-end=\"1257\">Le projet est lanc\u00e9 sous le r\u00e8gne de <strong data-start=\"903\" data-end=\"919\"><a href=\"https:\/\/cparici.com\/napoleon-bonaparte\/\">Napol\u00e9on<\/a> Ier<\/strong>, vers 1806. \u00c0 cette \u00e9poque, la France est en guerre contre l\u2019Angleterre, et les navires de guerre bretons ne peuvent plus circuler librement sur l\u2019Atlantique. Le canal devient alors une solution strat\u00e9gique pour s\u00e9curiser le transport de troupes, d\u2019armes et de mat\u00e9riel entre <strong data-start=\"1196\" data-end=\"1207\">Lorient<\/strong>, <strong data-start=\"1209\" data-end=\"1218\">Brest<\/strong> et <strong data-start=\"1222\" data-end=\"1232\">Nantes<\/strong> sans d\u00e9pendre de la mer.<\/p>\n\n<h4 data-start=\"1259\" data-end=\"1286\">Un chantier titanesque<\/h4>\n<p data-start=\"1288\" data-end=\"1773\">Les travaux du <strong data-start=\"1303\" data-end=\"1330\">canal de Nantes \u00e0 Brest<\/strong> d\u00e9butent r\u00e9ellement en 1811. Ils mobilisent pendant plusieurs d\u00e9cennies des milliers d\u2019ouvriers, d\u2019ing\u00e9nieurs et m\u00eame de <strong data-start=\"1452\" data-end=\"1464\">bagnards<\/strong> (dans le cas notable de la <strong data-start=\"1492\" data-end=\"1514\">Tranch\u00e9e de Glomel<\/strong>). Le trac\u00e9 suit un parcours complexe combinant <strong data-start=\"1562\" data-end=\"1585\">rivi\u00e8res canalis\u00e9es<\/strong> et sections artificielles, avec des d\u00e9fis techniques majeurs comme la gestion des diff\u00e9rences de niveau, ce qui explique la pr\u00e9sence de <strong data-start=\"1722\" data-end=\"1737\">236 \u00e9cluses<\/strong> r\u00e9parties sur l\u2019ensemble du trajet.<\/p>\n<p data-start=\"1288\" data-end=\"1773\"><a href=\"https:\/\/cparici.com\/wp-content\/uploads\/2025\/08\/cparici-2025-08-24T170816.362.jpg\"><img decoding=\"async\" class=\"aligncenter wp-image-69583 size-full\" src=\"https:\/\/cparici.com\/wp-content\/uploads\/2025\/08\/cparici-2025-08-24T170816.362.jpg\" alt=\"Canal de Nantes \u00e0 Brest\" width=\"1500\" height=\"530\" srcset=\"https:\/\/cparici.com\/wp-content\/uploads\/2025\/08\/cparici-2025-08-24T170816.362.jpg 1500w, https:\/\/cparici.com\/wp-content\/uploads\/2025\/08\/cparici-2025-08-24T170816.362-300x106.jpg 300w, https:\/\/cparici.com\/wp-content\/uploads\/2025\/08\/cparici-2025-08-24T170816.362-1024x362.jpg 1024w, https:\/\/cparici.com\/wp-content\/uploads\/2025\/08\/cparici-2025-08-24T170816.362-768x271.jpg 768w, https:\/\/cparici.com\/wp-content\/uploads\/2025\/08\/cparici-2025-08-24T170816.362-18x6.jpg 18w, https:\/\/cparici.com\/wp-content\/uploads\/2025\/08\/cparici-2025-08-24T170816.362-590x208.jpg 590w, https:\/\/cparici.com\/wp-content\/uploads\/2025\/08\/cparici-2025-08-24T170816.362-1200x424.jpg 1200w, https:\/\/cparici.com\/wp-content\/uploads\/2025\/08\/cparici-2025-08-24T170816.362-577x204.jpg 577w, https:\/\/cparici.com\/wp-content\/uploads\/2025\/08\/cparici-2025-08-24T170816.362-600x212.jpg 600w\" sizes=\"(max-width: 1500px) 100vw, 1500px\" \/><\/a><\/p>\n\n<h4 data-start=\"1775\" data-end=\"1818\">Inauguration et premi\u00e8res utilisations<\/h4>\n<p data-start=\"1820\" data-end=\"2194\">Bien que partiellement en service d\u00e8s les ann\u00e9es 1830, le canal est officiellement inaugur\u00e9 en <strong data-start=\"1915\" data-end=\"1923\">1858<\/strong> sous <strong data-start=\"1929\" data-end=\"1945\">Napol\u00e9on III<\/strong>. Il devient imm\u00e9diatement un axe important pour le commerce r\u00e9gional et le transport de marchandises. Le <strong data-start=\"2051\" data-end=\"2062\">charbon<\/strong>, le <strong data-start=\"2067\" data-end=\"2075\">bois<\/strong>, les produits agricoles et industriels y circulent r\u00e9guli\u00e8rement, renfor\u00e7ant l\u2019\u00e9conomie de la <strong data-start=\"2170\" data-end=\"2193\">Bretagne int\u00e9rieure<\/strong>.<\/p>\n\n<h4 data-start=\"2196\" data-end=\"2234\">D\u00e9clin progressif et reconversion<\/h4>\n<p data-start=\"2236\" data-end=\"2764\">Le d\u00e9veloppement du <strong data-start=\"2256\" data-end=\"2273\">chemin de fer<\/strong> \u00e0 la fin du XIX\u1d49 si\u00e8cle entra\u00eene peu \u00e0 peu le d\u00e9clin du <strong data-start=\"2330\" data-end=\"2357\">canal de Nantes \u00e0 Brest<\/strong> en tant que voie commerciale. Le coup de gr\u00e2ce est port\u00e9 en 1920 avec la construction du <strong data-start=\"2447\" data-end=\"2487\">barrage hydro\u00e9lectrique de Guerl\u00e9dan<\/strong>, qui coupe le canal en deux et le rend non navigable sur toute sa longueur. Malgr\u00e9 cela, plusieurs tron\u00e7ons restent utilis\u00e9s localement, et le canal entame une nouvelle vie, cette fois tourn\u00e9e vers le <strong data-start=\"2689\" data-end=\"2701\">tourisme<\/strong>, la <strong data-start=\"2706\" data-end=\"2731\">d\u00e9couverte culturelle<\/strong> et les <strong data-start=\"2739\" data-end=\"2763\">loisirs de plein air<\/strong>.<\/p>\n\n<h2 data-start=\"262\" data-end=\"305\">Architecture et fonctionnement du canal<\/h2>\n<p data-start=\"307\" data-end=\"653\">Le <strong data-start=\"310\" data-end=\"337\">canal de Nantes \u00e0 Brest<\/strong> est un chef-d\u2019\u0153uvre d\u2019<strong data-start=\"360\" data-end=\"384\">hydraulique fluviale<\/strong> qui traverse la Bretagne sur pr\u00e8s de 364 kilom\u00e8tres. Son architecture repose sur un savant \u00e9quilibre entre <strong data-start=\"492\" data-end=\"516\">nature et ing\u00e9nierie<\/strong>, combinant des rivi\u00e8res canalis\u00e9es, des tranch\u00e9es artificielles, des ponts, des barrages et surtout un impressionnant syst\u00e8me d\u2019\u00e9cluses.<\/p>\n\n<h3 data-start=\"655\" data-end=\"709\">Une longueur exceptionnelle et un r\u00e9seau complexe<\/h3>\n<p data-start=\"711\" data-end=\"1115\">Le <strong data-start=\"714\" data-end=\"741\">canal de Nantes \u00e0 Brest<\/strong> s\u2019\u00e9tend de la ville de Nantes jusqu\u2019au port fluvial de Brest, en reliant plusieurs <strong data-start=\"825\" data-end=\"852\">bassins hydrographiques<\/strong>. Sa longueur varie selon les sources entre <strong data-start=\"896\" data-end=\"913\">360 et 385 km<\/strong>, ce qui en fait l\u2019un des canaux les plus longs de France. Il comprend <strong data-start=\"984\" data-end=\"999\">236 \u00e9cluses<\/strong> (parfois mentionn\u00e9es comme 238), construites pour compenser les importantes variations d\u2019altitude le long du trac\u00e9.<\/p>\n<p data-start=\"1117\" data-end=\"1305\">Environ <strong data-start=\"1125\" data-end=\"1142\">20 % du canal<\/strong> est artificiel : creus\u00e9 \u00e0 la main, notamment dans des zones de relief difficile. Le reste suit le lit naturel de plusieurs rivi\u00e8res canalis\u00e9es, parmi lesquelles :<\/p>\n\n<ul data-start=\"1306\" data-end=\"1392\">\n \t<li data-start=\"1306\" data-end=\"1322\">\n<p data-start=\"1308\" data-end=\"1322\">La <strong data-start=\"1311\" data-end=\"1322\">Vilaine<\/strong><\/p>\n<\/li>\n \t<li data-start=\"1323\" data-end=\"1336\">\n<p data-start=\"1325\" data-end=\"1336\">L\u2019<strong data-start=\"1327\" data-end=\"1336\">Erdre<\/strong><\/p>\n<\/li>\n \t<li data-start=\"1337\" data-end=\"1349\">\n<p data-start=\"1339\" data-end=\"1349\">L\u2019<strong data-start=\"1341\" data-end=\"1349\">Isac<\/strong><\/p>\n<\/li>\n \t<li data-start=\"1350\" data-end=\"1362\">\n<p data-start=\"1352\" data-end=\"1362\">L\u2019<strong data-start=\"1354\" data-end=\"1362\">Oust<\/strong><\/p>\n<\/li>\n \t<li data-start=\"1363\" data-end=\"1378\">\n<p data-start=\"1365\" data-end=\"1378\">Le <strong data-start=\"1368\" data-end=\"1378\">Blavet<\/strong><\/p>\n<\/li>\n \t<li data-start=\"1379\" data-end=\"1392\">\n<p data-start=\"1381\" data-end=\"1392\">L\u2019<strong data-start=\"1383\" data-end=\"1392\">Aulne<\/strong><\/p>\n<\/li>\n<\/ul>\n<h4 data-start=\"1394\" data-end=\"1441\">La Tranch\u00e9e de Glomel : un point culminant<\/h4>\n<p data-start=\"1443\" data-end=\"1888\">L\u2019un des ouvrages les plus spectaculaires du <strong data-start=\"1488\" data-end=\"1515\">canal de Nantes \u00e0 Brest<\/strong> est sans doute la <strong data-start=\"1534\" data-end=\"1556\">Tranch\u00e9e de Glomel<\/strong>, aussi appel\u00e9e \u201cla grande tranch\u00e9e\u201d. Creus\u00e9e entre 1823 et 1832, cette section mesure pr\u00e8s de <strong data-start=\"1651\" data-end=\"1659\">3 km<\/strong> de long et permet de franchir la ligne de partage des eaux entre le bassin de l\u2019Aulne et celui du Blavet. Ce chantier colossal a mobilis\u00e9 de nombreux <strong data-start=\"1810\" data-end=\"1822\">bagnards<\/strong> et a n\u00e9cessit\u00e9 l\u2019\u00e9vacuation de millions de m\u00e8tres cubes de terre.<\/p>\n\n<h4 data-start=\"1890\" data-end=\"1921\">Fonctionnement des \u00e9cluses<\/h4>\n<p data-start=\"1923\" data-end=\"2301\">Les <strong data-start=\"1927\" data-end=\"1938\">\u00e9cluses<\/strong> sont les piliers du fonctionnement du canal. Elles permettent aux bateaux de monter ou descendre en douceur les diff\u00e9rences de niveau entre les vall\u00e9es travers\u00e9es. Chacune est \u00e9quip\u00e9e de <strong data-start=\"2126\" data-end=\"2156\">portes en bois ou en m\u00e9tal<\/strong>, de <strong data-start=\"2161\" data-end=\"2181\">vannes manuelles<\/strong> et de <strong data-start=\"2188\" data-end=\"2195\">sas<\/strong>. Certaines ont \u00e9t\u00e9 restaur\u00e9es, d\u2019autres modernis\u00e9es pour faciliter leur utilisation par les plaisanciers.<\/p>\n\n<h4 data-start=\"2303\" data-end=\"2353\">Le barrage de Guerl\u00e9dan : un obstacle moderne<\/h4>\n<p data-start=\"2355\" data-end=\"2794\">Depuis la construction du <strong data-start=\"2381\" data-end=\"2405\">barrage de Guerl\u00e9dan<\/strong> dans les ann\u00e9es 1920, le <strong data-start=\"2431\" data-end=\"2458\">canal de Nantes \u00e0 Brest<\/strong> n\u2019est plus navigable d\u2019un seul tenant. Ce barrage hydro\u00e9lectrique a cr\u00e9\u00e9 un lac artificiel en inondant une partie du trac\u00e9, rompant la continuit\u00e9 entre les sections de <a href=\"https:\/\/cparici.com\/pontivy\/\">Pontivy<\/a> et de Carhaix. Aujourd\u2019hui, les navigateurs doivent sortir de l\u2019eau \u00e0 Pontivy pour contourner le lac, avant de poursuivre \u00e9ventuellement leur trajet \u00e0 l\u2019ouest.<\/p>\n<p data-start=\"2355\" data-end=\"2794\"><a href=\"https:\/\/cparici.com\/wp-content\/uploads\/2025\/08\/cparici-2025-08-24T171307.205.jpg\"><img decoding=\"async\" class=\"aligncenter wp-image-69586 size-full\" src=\"https:\/\/cparici.com\/wp-content\/uploads\/2025\/08\/cparici-2025-08-24T171307.205.jpg\" alt=\"barrage de Guerl\u00e9dan sur le Canal\" width=\"1500\" height=\"530\" srcset=\"https:\/\/cparici.com\/wp-content\/uploads\/2025\/08\/cparici-2025-08-24T171307.205.jpg 1500w, https:\/\/cparici.com\/wp-content\/uploads\/2025\/08\/cparici-2025-08-24T171307.205-300x106.jpg 300w, https:\/\/cparici.com\/wp-content\/uploads\/2025\/08\/cparici-2025-08-24T171307.205-1024x362.jpg 1024w, https:\/\/cparici.com\/wp-content\/uploads\/2025\/08\/cparici-2025-08-24T171307.205-768x271.jpg 768w, https:\/\/cparici.com\/wp-content\/uploads\/2025\/08\/cparici-2025-08-24T171307.205-18x6.jpg 18w, https:\/\/cparici.com\/wp-content\/uploads\/2025\/08\/cparici-2025-08-24T171307.205-590x208.jpg 590w, https:\/\/cparici.com\/wp-content\/uploads\/2025\/08\/cparici-2025-08-24T171307.205-1200x424.jpg 1200w, https:\/\/cparici.com\/wp-content\/uploads\/2025\/08\/cparici-2025-08-24T171307.205-577x204.jpg 577w, https:\/\/cparici.com\/wp-content\/uploads\/2025\/08\/cparici-2025-08-24T171307.205-600x212.jpg 600w\" sizes=\"(max-width: 1500px) 100vw, 1500px\" \/><\/a><\/p>\n\n<h2 data-start=\"216\" data-end=\"253\">Les tron\u00e7ons et villes travers\u00e9es<\/h2>\n<p data-start=\"255\" data-end=\"589\">Le <strong data-start=\"258\" data-end=\"285\">canal de Nantes \u00e0 Brest<\/strong> est un v\u00e9ritable fil conducteur qui relie des <strong data-start=\"332\" data-end=\"353\">villes d\u2019histoire<\/strong>, des <strong data-start=\"359\" data-end=\"382\">bourgs pittoresques<\/strong> et des paysages vari\u00e9s du sud au nord de la Bretagne. Chaque tron\u00e7on poss\u00e8de ses caract\u00e9ristiques propres et traverse des territoires riches en <strong data-start=\"527\" data-end=\"538\">culture<\/strong>, en <strong data-start=\"543\" data-end=\"559\">architecture<\/strong> et en <strong data-start=\"566\" data-end=\"588\">traditions locales<\/strong>.<\/p>\n\n<h3 data-start=\"591\" data-end=\"649\">De Nantes \u00e0 Redon : entre patrimoine urbain et nature<\/h3>\n<p data-start=\"651\" data-end=\"1125\">Ce premier tron\u00e7on du <strong data-start=\"673\" data-end=\"700\">canal de Nantes \u00e0 Brest<\/strong> d\u00e9bute dans la <strong data-start=\"716\" data-end=\"735\">ville de Nantes<\/strong>, au bord de l\u2019Erdre. Il longe ensuite la rivi\u00e8re <strong data-start=\"785\" data-end=\"793\">Isac<\/strong>, passant par <strong data-start=\"807\" data-end=\"825\">Nort-sur-Erdre<\/strong>, <strong data-start=\"827\" data-end=\"836\">Blain<\/strong> et le <strong data-start=\"843\" data-end=\"862\">marais de <a href=\"https:\/\/cparici.com\/redon\/\">Redon<\/a><\/strong>. Ce secteur est <strong data-start=\"879\" data-end=\"892\">navigable<\/strong>, bien entretenu, et offre un <strong data-start=\"922\" data-end=\"945\">parcours accessible<\/strong> \u00e0 v\u00e9lo ou en bateau. On y retrouve des <strong data-start=\"985\" data-end=\"1005\">\u00e9cluses fleuries<\/strong>, des maisons \u00e9clusi\u00e8res restaur\u00e9es, et des villages qui t\u00e9moignent de l\u2019histoire industrielle et fluviale de la r\u00e9gion.<\/p>\n\n<h3 data-start=\"1127\" data-end=\"1196\">De Redon \u00e0 Pontivy : la vall\u00e9e de l\u2019Oust et les cit\u00e9s m\u00e9di\u00e9vales<\/h3>\n<p data-start=\"1198\" data-end=\"1627\">Apr\u00e8s Redon, le canal suit la <strong data-start=\"1228\" data-end=\"1248\">vall\u00e9e de l\u2019Oust<\/strong> et traverse l\u2019un des tron\u00e7ons les plus touristiques. Il serpente \u00e0 travers <strong data-start=\"1324\" data-end=\"1338\">Malestroit<\/strong>, <strong data-start=\"1340\" data-end=\"1349\">Rohan<\/strong> et surtout la splendide <strong data-start=\"1374\" data-end=\"1395\">ville de Josselin<\/strong>, avec son ch\u00e2teau f\u00e9odal qui domine le canal. Cette section est id\u00e9ale pour les amateurs de <strong data-start=\"1488\" data-end=\"1516\">patrimoine architectural<\/strong> et de <strong data-start=\"1523\" data-end=\"1545\">balades champ\u00eatres<\/strong>. Le canal monte progressivement jusqu\u2019\u00e0 <strong data-start=\"1586\" data-end=\"1597\">Pontivy<\/strong>, o\u00f9 il rejoint le <strong data-start=\"1616\" data-end=\"1626\">Blavet<\/strong>.<\/p>\n\n<h3 data-start=\"1629\" data-end=\"1679\">De Pontivy \u00e0 Carhaix : au c\u0153ur de la Bretagne<\/h3>\n<p data-start=\"1681\" data-end=\"2104\">Ce tron\u00e7on du <strong data-start=\"1695\" data-end=\"1722\">canal de Nantes \u00e0 Brest<\/strong> est interrompu par le <strong data-start=\"1745\" data-end=\"1765\">lac de Guerl\u00e9dan<\/strong>, form\u00e9 par le barrage du m\u00eame nom. Malgr\u00e9 cette coupure, les sections restantes sont ouvertes aux randonneurs et cyclistes. On y traverse des paysages de <strong data-start=\"1920\" data-end=\"1930\">bocage<\/strong>, des for\u00eats profondes, et des villages typiquement bretons. <strong data-start=\"1991\" data-end=\"2010\">M\u00fbr-de-Bretagne<\/strong>, <strong data-start=\"2012\" data-end=\"2022\">Glomel<\/strong> et <strong data-start=\"2026\" data-end=\"2037\">Gouarec<\/strong> sont des \u00e9tapes remarquables, souvent li\u00e9es \u00e0 l\u2019histoire du canal.<\/p>\n\n<h3 data-start=\"2106\" data-end=\"2156\">De Carhaix \u00e0 Ch\u00e2teaulin : la Bretagne sauvage<\/h3>\n<p data-start=\"2158\" data-end=\"2637\">Dans cette derni\u00e8re partie, le canal suit la <strong data-start=\"2203\" data-end=\"2220\">rivi\u00e8re Aulne<\/strong>, descendant en douceur vers la rade de Brest. Il passe par <strong data-start=\"2280\" data-end=\"2295\">Port-Launay<\/strong>, <strong data-start=\"2297\" data-end=\"2308\">Pleyben<\/strong> et arrive \u00e0 <strong data-start=\"2321\" data-end=\"2335\">Ch\u00e2teaulin<\/strong>, o\u00f9 il rejoint l\u2019estuaire. Ce tron\u00e7on est souvent qualifi\u00e9 de plus \u201cnature\u201d, avec des paysages <strong data-start=\"2431\" data-end=\"2444\">pr\u00e9serv\u00e9s<\/strong>, des sentiers bord\u00e9s d\u2019arbres centenaires, et des <strong data-start=\"2495\" data-end=\"2506\">\u00e9cluses<\/strong> cach\u00e9es au creux des vall\u00e9es. La navigation y est parfois possible \u00e0 certaines saisons, mais la randonn\u00e9e reste l\u2019usage principal.<\/p>\n\n<h2 data-start=\"270\" data-end=\"318\">Sites patrimoniaux et curiosit\u00e9s \u00e0 d\u00e9couvrir<\/h2>\n<p data-start=\"320\" data-end=\"676\">Explorer le <strong data-start=\"332\" data-end=\"359\">canal de Nantes \u00e0 Brest<\/strong>, c\u2019est plonger dans un <strong data-start=\"383\" data-end=\"404\">patrimoine vivant<\/strong>, t\u00e9moin de si\u00e8cles d\u2019histoire et de traditions. Tout au long de son parcours, le canal d\u00e9voile une s\u00e9rie de <strong data-start=\"513\" data-end=\"536\">lieux embl\u00e9matiques<\/strong>, de monuments historiques, de <strong data-start=\"567\" data-end=\"586\">paysages vari\u00e9s<\/strong> et de curiosit\u00e9s naturelles ou humaines qui enrichissent l\u2019exp\u00e9rience de chaque visiteur.<\/p>\n\n<h3 data-start=\"678\" data-end=\"725\">Abbayes, ch\u00e2teaux et monuments historiques<\/h3>\n<p data-start=\"727\" data-end=\"841\">Le canal traverse ou longe plusieurs <strong data-start=\"764\" data-end=\"781\">sites class\u00e9s<\/strong> qui valent \u00e0 eux seuls le d\u00e9tour. Parmi les plus notables :<\/p>\n\n<ul data-start=\"842\" data-end=\"1274\">\n \t<li data-start=\"842\" data-end=\"998\">\n<p data-start=\"844\" data-end=\"998\"><strong data-start=\"844\" data-end=\"869\">L\u2019abbaye de Bon-Repos<\/strong> : fond\u00e9e au XII\u1d49 si\u00e8cle, en bordure du canal pr\u00e8s de Gouarec, elle accueille aujourd\u2019hui des expositions et spectacles estivaux.<\/p>\n<\/li>\n \t<li data-start=\"999\" data-end=\"1125\">\n<p data-start=\"1001\" data-end=\"1125\"><strong data-start=\"1001\" data-end=\"1027\">Le ch\u00e2teau de Josselin<\/strong> : joyau de l\u2019architecture m\u00e9di\u00e9vale, il se refl\u00e8te majestueusement dans les eaux calmes du canal.<\/p>\n<\/li>\n<\/ul>\n<a href=\"https:\/\/cparici.com\/wp-content\/uploads\/2025\/08\/cparici-2025-08-24T171942.356.jpg\"><img decoding=\"async\" class=\"aligncenter wp-image-69587 size-full\" src=\"https:\/\/cparici.com\/wp-content\/uploads\/2025\/08\/cparici-2025-08-24T171942.356.jpg\" alt=\"ch\u00e2teau de Josselin sur le canal de Nantes \u00e0 Brest\" width=\"1500\" height=\"530\" srcset=\"https:\/\/cparici.com\/wp-content\/uploads\/2025\/08\/cparici-2025-08-24T171942.356.jpg 1500w, https:\/\/cparici.com\/wp-content\/uploads\/2025\/08\/cparici-2025-08-24T171942.356-300x106.jpg 300w, https:\/\/cparici.com\/wp-content\/uploads\/2025\/08\/cparici-2025-08-24T171942.356-1024x362.jpg 1024w, https:\/\/cparici.com\/wp-content\/uploads\/2025\/08\/cparici-2025-08-24T171942.356-768x271.jpg 768w, https:\/\/cparici.com\/wp-content\/uploads\/2025\/08\/cparici-2025-08-24T171942.356-18x6.jpg 18w, https:\/\/cparici.com\/wp-content\/uploads\/2025\/08\/cparici-2025-08-24T171942.356-590x208.jpg 590w, https:\/\/cparici.com\/wp-content\/uploads\/2025\/08\/cparici-2025-08-24T171942.356-1200x424.jpg 1200w, https:\/\/cparici.com\/wp-content\/uploads\/2025\/08\/cparici-2025-08-24T171942.356-577x204.jpg 577w, https:\/\/cparici.com\/wp-content\/uploads\/2025\/08\/cparici-2025-08-24T171942.356-600x212.jpg 600w\" sizes=\"(max-width: 1500px) 100vw, 1500px\" \/><\/a>\n<ul data-start=\"842\" data-end=\"1274\">\n \t<li data-start=\"1126\" data-end=\"1274\">\n<p data-start=\"1128\" data-end=\"1274\"><strong data-start=\"1128\" data-end=\"1151\">L\u2019\u00e9glise de Pleyben<\/strong> et son c\u00e9l\u00e8bre <strong data-start=\"1167\" data-end=\"1188\">enclos paroissial<\/strong>, \u00e0 quelques kilom\u00e8tres du canal, t\u00e9moignent du riche <strong data-start=\"1242\" data-end=\"1273\">patrimoine religieux breton<\/strong>.<\/p>\n<\/li>\n<\/ul>\n<p data-start=\"1276\" data-end=\"1450\">Ces monuments, souvent restaur\u00e9s, illustrent la richesse culturelle du <strong data-start=\"1347\" data-end=\"1374\">canal de Nantes \u00e0 Brest<\/strong> et son r\u00f4le historique de lien entre les grandes r\u00e9gions de l\u2019ouest breton.<\/p>\n\n<h3 data-start=\"1452\" data-end=\"1496\">Maisons \u00e9clusi\u00e8res et vestiges fluviaux<\/h3>\n<p data-start=\"1498\" data-end=\"1893\">Les <strong data-start=\"1502\" data-end=\"1524\">maisons \u00e9clusi\u00e8res<\/strong> bordent le canal \u00e0 intervalles r\u00e9guliers. Anciennes r\u00e9sidences des \u00e9clusiers, elles font partie int\u00e9grante du paysage fluvial. Certaines ont \u00e9t\u00e9 transform\u00e9es en <strong data-start=\"1686\" data-end=\"1695\">g\u00eetes<\/strong>, <strong data-start=\"1697\" data-end=\"1706\">caf\u00e9s<\/strong> ou <strong data-start=\"1710\" data-end=\"1733\">ateliers d\u2019artistes<\/strong>, participant \u00e0 la revitalisation locale. Les <strong data-start=\"1779\" data-end=\"1798\">ponts tournants<\/strong>, <strong data-start=\"1800\" data-end=\"1812\">aqueducs<\/strong> et anciens <strong data-start=\"1824\" data-end=\"1846\">hangars \u00e0 p\u00e9niches<\/strong> t\u00e9moignent aussi du pass\u00e9 \u00e9conomique du canal.<\/p>\n\n<h4 data-start=\"1895\" data-end=\"1935\">Paysages contrast\u00e9s et biodiversit\u00e9<\/h4>\n<p data-start=\"1937\" data-end=\"2251\">Le <strong data-start=\"1940\" data-end=\"1967\">canal de Nantes \u00e0 Brest<\/strong> traverse une diversit\u00e9 remarquable de paysages : <strong data-start=\"2017\" data-end=\"2027\">for\u00eats<\/strong>, <strong data-start=\"2029\" data-end=\"2040\">bocages<\/strong>, <strong data-start=\"2042\" data-end=\"2052\">landes<\/strong>, <strong data-start=\"2054\" data-end=\"2071\">zones humides<\/strong> et <strong data-start=\"2075\" data-end=\"2085\">marais<\/strong>. Chaque tron\u00e7on offre une atmosph\u00e8re unique : nature urbaine \u00e0 Nantes, vall\u00e9es tranquilles \u00e0 Redon, plateaux bois\u00e9s vers Carhaix, rives escarp\u00e9es pr\u00e8s de Ch\u00e2teaulin.<\/p>\n<p data-start=\"2253\" data-end=\"2526\">Cette diversit\u00e9 accueille une <strong data-start=\"2283\" data-end=\"2298\">faune riche<\/strong> : h\u00e9rons, martins-p\u00eacheurs, libellules, poissons, loutres\u2026 C\u00f4t\u00e9 flore, on observe roseaux, iris sauvages, n\u00e9nuphars, et haies anciennes. Le canal est ainsi un <strong data-start=\"2458\" data-end=\"2480\">\u00e9cosyst\u00e8me prot\u00e9g\u00e9<\/strong>, class\u00e9 zone Natura 2000 \u00e0 certains endroits.<\/p>\n\n<h4 data-start=\"2528\" data-end=\"2570\">Le lac de Guerl\u00e9dan : joyau inattendu<\/h4>\n<p data-start=\"2572\" data-end=\"2957\">Cr\u00e9\u00e9 par le <strong data-start=\"2584\" data-end=\"2611\">barrage hydro\u00e9lectrique<\/strong> du m\u00eame nom, le <strong data-start=\"2628\" data-end=\"2648\">lac de Guerl\u00e9dan<\/strong> marque une rupture dans le trac\u00e9 du canal. Il offre un <strong data-start=\"2704\" data-end=\"2729\">paysage spectaculaire<\/strong>, appr\u00e9ci\u00e9 pour la baignade, les sports nautiques, et les randonn\u00e9es en cr\u00eate. Lors de sa vidange d\u00e9cennale, les anciennes \u00e9cluses englouties r\u00e9apparaissent, d\u00e9voilant les traces d\u2019un <strong data-start=\"2913\" data-end=\"2931\">pass\u00e9 englouti<\/strong>, fascinant et myst\u00e9rieux.<\/p>\n\n<h2 data-start=\"273\" data-end=\"330\">Le canal aujourd\u2019hui : navigation, v\u00e9lo et randonn\u00e9es<\/h2>\n<p data-start=\"332\" data-end=\"698\">Si son usage commercial a d\u00e9clin\u00e9 au XX\u1d49 si\u00e8cle, le <strong data-start=\"384\" data-end=\"411\">canal de Nantes \u00e0 Brest<\/strong> conna\u00eet aujourd\u2019hui une <strong data-start=\"436\" data-end=\"463\">renaissance touristique<\/strong> spectaculaire. Il est devenu un v\u00e9ritable <strong data-start=\"506\" data-end=\"534\">terrain d\u2019aventure douce<\/strong>, pris\u00e9 par les <strong data-start=\"550\" data-end=\"566\">plaisanciers<\/strong>, <strong data-start=\"568\" data-end=\"581\">cyclistes<\/strong>, <strong data-start=\"583\" data-end=\"598\">randonneurs<\/strong>, et m\u00eame <strong data-start=\"608\" data-end=\"621\">cavaliers<\/strong>, qui viennent s\u2019immerger dans un environnement \u00e0 la fois paisible et vivant.<\/p>\n\n<h3 data-start=\"700\" data-end=\"748\">Une navigation douce sur certaines sections<\/h3>\n<p data-start=\"750\" data-end=\"936\">Malgr\u00e9 l\u2019interruption de la continuit\u00e9 caus\u00e9e par le <strong data-start=\"803\" data-end=\"827\">barrage de Guerl\u00e9dan<\/strong>, plusieurs tron\u00e7ons du <strong data-start=\"851\" data-end=\"878\">canal de Nantes \u00e0 Brest<\/strong> restent ouverts \u00e0 la <strong data-start=\"900\" data-end=\"923\">navigation fluviale<\/strong>, notamment :<\/p>\n\n<ul data-start=\"937\" data-end=\"1088\">\n \t<li data-start=\"937\" data-end=\"993\">\n<p data-start=\"939\" data-end=\"993\"><strong data-start=\"939\" data-end=\"957\">Nantes \u00e0 Redon<\/strong> : 95 km navigables avec 18 \u00e9cluses.<\/p>\n<\/li>\n \t<li data-start=\"994\" data-end=\"1088\">\n<p data-start=\"996\" data-end=\"1088\"><strong data-start=\"996\" data-end=\"1020\">Carhaix \u00e0 Ch\u00e2teaulin<\/strong> : section de l\u2019Aulne canalis\u00e9e, accessible selon les niveaux d\u2019eau.<\/p>\n<\/li>\n<\/ul>\n<p data-start=\"1090\" data-end=\"1384\">Ces portions sont praticables en <strong data-start=\"1123\" data-end=\"1146\">bateaux sans permis<\/strong>, <strong data-start=\"1148\" data-end=\"1158\">cano\u00ebs<\/strong> ou <strong data-start=\"1162\" data-end=\"1172\">kayaks<\/strong>, gr\u00e2ce \u00e0 des infrastructures modernes : ports d\u2019escale, bornes de recharge, rampes de mise \u00e0 l\u2019eau\u2026 On y croise aussi des <strong data-start=\"1295\" data-end=\"1318\">bateaux \u00e9lectriques<\/strong> et des p\u00e9nichettes de location, id\u00e9ales pour un week-end fluvial.<\/p>\n\n<h3 data-start=\"1386\" data-end=\"1420\">Un paradis pour les cyclistes<\/h3>\n<p data-start=\"1422\" data-end=\"1642\">Le <strong data-start=\"1425\" data-end=\"1445\">chemin de halage<\/strong> qui longe quasiment l\u2019int\u00e9gralit\u00e9 du canal est aujourd\u2019hui un axe structurant de la <a href=\"https:\/\/cparici.com\/velodyssee-guide\/\"><strong data-start=\"1530\" data-end=\"1544\">V\u00e9lodyss\u00e9e<\/strong><\/a> (EuroVelo 1). C\u2019est l\u2019un des itin\u00e9raires cyclables les plus appr\u00e9ci\u00e9s de France, notamment pour :<\/p>\n\n<ul data-start=\"1643\" data-end=\"1845\">\n \t<li data-start=\"1643\" data-end=\"1698\">\n<p data-start=\"1645\" data-end=\"1698\">Son <strong data-start=\"1649\" data-end=\"1673\">rev\u00eatement stabilis\u00e9<\/strong> adapt\u00e9 \u00e0 tous les v\u00e9los.<\/p>\n<\/li>\n \t<li data-start=\"1699\" data-end=\"1745\">\n<p data-start=\"1701\" data-end=\"1745\">Son <strong data-start=\"1705\" data-end=\"1720\">profil plat<\/strong> id\u00e9al pour les familles.<\/p>\n<\/li>\n \t<li data-start=\"1746\" data-end=\"1845\">\n<p data-start=\"1748\" data-end=\"1845\">La pr\u00e9sence de <strong data-start=\"1763\" data-end=\"1780\">services v\u00e9lo<\/strong> : h\u00e9bergements labellis\u00e9s, points d\u2019eau, ateliers de r\u00e9paration.<\/p>\n<\/li>\n<\/ul>\n<p data-start=\"1847\" data-end=\"2011\">Parcourir le <strong data-start=\"1860\" data-end=\"1887\">canal de Nantes \u00e0 Brest<\/strong> \u00e0 v\u00e9lo, c\u2019est s\u2019offrir une travers\u00e9e lente, rythm\u00e9e par les \u00e9cluses, les villages, et les haltes gourmandes ou culturelles.<\/p>\n\n<h4 data-start=\"2013\" data-end=\"2048\">Randonn\u00e9e p\u00e9destre et \u00e9questre<\/h4>\n<p data-start=\"2050\" data-end=\"2306\">Les amateurs de <strong data-start=\"2066\" data-end=\"2076\">marche<\/strong> ou de <strong data-start=\"2083\" data-end=\"2105\">randonn\u00e9e \u00e9questre<\/strong> trouvent \u00e9galement leur bonheur sur les berges du canal. De nombreux tron\u00e7ons sont inscrits dans les <strong data-start=\"2207\" data-end=\"2239\">circuits de grande randonn\u00e9e<\/strong> (GR), et des boucles locales permettent d\u2019explorer les alentours :<\/p>\n\n<ul data-start=\"2307\" data-end=\"2367\">\n \t<li data-start=\"2307\" data-end=\"2326\">\n<p data-start=\"2309\" data-end=\"2326\">For\u00eat de Qu\u00e9n\u00e9can<\/p>\n<\/li>\n \t<li data-start=\"2327\" data-end=\"2345\">\n<p data-start=\"2329\" data-end=\"2345\">Landes de Glomel<\/p>\n<\/li>\n \t<li data-start=\"2346\" data-end=\"2367\">\n<p data-start=\"2348\" data-end=\"2367\">Collines de Carhaix<\/p>\n<\/li>\n<\/ul>\n<p data-start=\"2369\" data-end=\"2485\">Plusieurs <strong data-start=\"2379\" data-end=\"2389\">\u00e9tapes<\/strong> sont accessibles en transport en commun, facilitant les parcours en itin\u00e9rance sur 2 \u00e0 7 jours.<\/p>\n\n<h4 data-start=\"2487\" data-end=\"2523\">Activit\u00e9s et animations locales<\/h4>\n<p data-start=\"2525\" data-end=\"2837\">Autour du <strong data-start=\"2535\" data-end=\"2562\">canal de Nantes \u00e0 Brest<\/strong>, des communes organisent r\u00e9guli\u00e8rement des <strong data-start=\"2606\" data-end=\"2630\">\u00e9v\u00e9nements culturels<\/strong>, march\u00e9s de producteurs, f\u00eates nautiques et animations pour valoriser leur patrimoine. Les festivals d\u2019\u00e9t\u00e9 comme ceux de Bon-Repos ou Ch\u00e2teaulin int\u00e8grent souvent le canal dans leurs programmes artistiques.<\/p>\n<p data-start=\"2839\" data-end=\"2995\">Ce dynamisme fait du canal non seulement une <strong data-start=\"2884\" data-end=\"2906\">destination nature<\/strong>, mais aussi un lieu de vie, d\u2019\u00e9changes et de <strong data-start=\"2952\" data-end=\"2994\">rencontre avec la Bretagne authentique<\/strong>.<\/p>\n\n<h2 data-start=\"262\" data-end=\"311\">Itin\u00e9raires conseill\u00e9s pour explorer le canal<\/h2>\n<p data-start=\"313\" data-end=\"647\">Que l\u2019on soit amateur de <strong data-start=\"338\" data-end=\"346\">v\u00e9lo<\/strong>, de <strong data-start=\"351\" data-end=\"364\">randonn\u00e9e<\/strong>, de <strong data-start=\"369\" data-end=\"392\">navigation fluviale<\/strong> ou simplement curieux de d\u00e9couvrir la Bretagne autrement, le <strong data-start=\"454\" data-end=\"481\">canal de Nantes \u00e0 Brest<\/strong> offre une vari\u00e9t\u00e9 d\u2019itin\u00e9raires adapt\u00e9s \u00e0 tous les rythmes. Voici quelques suggestions pour profiter pleinement de ses richesses naturelles, culturelles et humaines.<\/p>\n\n<h3 data-start=\"649\" data-end=\"704\">Circuit d\u00e9couverte sur 3 jours : de Nantes \u00e0 Redon<\/h3>\n<p data-start=\"706\" data-end=\"879\">Ce <strong data-start=\"709\" data-end=\"744\">tron\u00e7on accessible et navigable<\/strong> est id\u00e9al pour un s\u00e9jour de courte dur\u00e9e. Il combine <strong data-start=\"798\" data-end=\"819\">patrimoine urbain<\/strong>, <strong data-start=\"821\" data-end=\"843\">campagne pr\u00e9serv\u00e9e<\/strong> et <strong data-start=\"847\" data-end=\"877\">villes d\u2019art et d\u2019histoire<\/strong> :<\/p>\n\n<ul data-start=\"880\" data-end=\"1158\">\n \t<li data-start=\"880\" data-end=\"977\">\n<p data-start=\"882\" data-end=\"977\"><strong data-start=\"882\" data-end=\"892\">Jour 1<\/strong> : D\u00e9part de Nantes, d\u00e9couverte de l\u2019Erdre et du port fluvial, nuit \u00e0 Nort-sur-Erdre.<\/p>\n<\/li>\n \t<li data-start=\"978\" data-end=\"1069\">\n<p data-start=\"980\" data-end=\"1069\"><strong data-start=\"980\" data-end=\"990\">Jour 2<\/strong> : \u00c9tape jusqu\u2019\u00e0 Blain, visite du ch\u00e2teau, balade le long des \u00e9cluses fleuries.<\/p>\n<\/li>\n \t<li data-start=\"1070\" data-end=\"1158\">\n<p data-start=\"1072\" data-end=\"1158\"><strong data-start=\"1072\" data-end=\"1082\">Jour 3<\/strong> : Arriv\u00e9e \u00e0 Redon, croisement avec la Vilaine, visite du centre historique.<\/p>\n<\/li>\n<\/ul>\n<p data-start=\"1160\" data-end=\"1256\">Le parcours peut se faire en <strong data-start=\"1189\" data-end=\"1197\">v\u00e9lo<\/strong>, en <strong data-start=\"1202\" data-end=\"1224\">bateau sans permis<\/strong>, ou m\u00eame en combinant les deux.<\/p>\n\n<h3 data-start=\"1258\" data-end=\"1314\">Itin\u00e9raire nature sur une semaine : Redon \u00e0 Carhaix<\/h3>\n<p data-start=\"1316\" data-end=\"1435\">Ce circuit traverse des zones plus <strong data-start=\"1351\" data-end=\"1362\">rurales<\/strong>, marqu\u00e9es par la tranquillit\u00e9 et la <strong data-start=\"1399\" data-end=\"1433\">diversit\u00e9 des paysages bretons<\/strong> :<\/p>\n\n<ul data-start=\"1436\" data-end=\"1715\">\n \t<li data-start=\"1436\" data-end=\"1505\">\n<p data-start=\"1438\" data-end=\"1505\">Passage par <strong data-start=\"1450\" data-end=\"1464\">Malestroit<\/strong>, <strong data-start=\"1466\" data-end=\"1478\">Josselin<\/strong>, <strong data-start=\"1480\" data-end=\"1489\">Rohan<\/strong> et <strong data-start=\"1493\" data-end=\"1504\">Pontivy<\/strong>.<\/p>\n<\/li>\n \t<li data-start=\"1506\" data-end=\"1580\">\n<p data-start=\"1508\" data-end=\"1580\">Contournement du <strong data-start=\"1525\" data-end=\"1545\">lac de Guerl\u00e9dan<\/strong>, avec pause baignade ou randonn\u00e9e.<\/p>\n<\/li>\n \t<li data-start=\"1581\" data-end=\"1660\">\n<p data-start=\"1583\" data-end=\"1660\">Remont\u00e9e vers Glomel et <strong data-start=\"1607\" data-end=\"1632\">la Tranch\u00e9e de Glomel<\/strong>, chef-d\u2019\u0153uvre d\u2019ing\u00e9nierie.<\/p>\n<\/li>\n \t<li data-start=\"1661\" data-end=\"1715\">\n<p data-start=\"1663\" data-end=\"1715\">Arriv\u00e9e \u00e0 <strong data-start=\"1673\" data-end=\"1684\">Carhaix<\/strong>, ancienne ville gallo-romaine.<\/p>\n<\/li>\n<\/ul>\n<p data-start=\"1717\" data-end=\"1807\">Ce parcours se pr\u00eate bien au <strong data-start=\"1746\" data-end=\"1768\">v\u00e9lo en itin\u00e9rance<\/strong>, avec h\u00e9bergements en g\u00eete ou camping.<\/p>\n\n<h3 data-start=\"1809\" data-end=\"1845\">Boucles locales incontournables<\/h3>\n<p data-start=\"1847\" data-end=\"1969\">De nombreuses <strong data-start=\"1861\" data-end=\"1895\">boucles cyclables et p\u00e9destres<\/strong> permettent d\u2019explorer les abords du canal sans suivre son trac\u00e9 complet :<\/p>\n\n<ul data-start=\"1970\" data-end=\"2177\">\n \t<li data-start=\"1970\" data-end=\"2031\">\n<p data-start=\"1972\" data-end=\"2031\"><strong data-start=\"1972\" data-end=\"1995\">Boucle de Bon-Repos<\/strong> : canal, abbaye, for\u00eat de Qu\u00e9n\u00e9can.<\/p>\n<\/li>\n \t<li data-start=\"2032\" data-end=\"2104\">\n<p data-start=\"2034\" data-end=\"2104\"><strong data-start=\"2034\" data-end=\"2056\">Circuit de Pontivy<\/strong> : canal + ch\u00e2teau, centre-ville, haltes nature.<\/p>\n<\/li>\n \t<li data-start=\"2105\" data-end=\"2177\">\n<p data-start=\"2107\" data-end=\"2177\"><strong data-start=\"2107\" data-end=\"2145\">Sentier autour du lac de Guerl\u00e9dan<\/strong> : panoramas, criques, falaises.<\/p>\n<\/li>\n<\/ul>\n<p data-start=\"2179\" data-end=\"2280\">Ces circuits sont parfaits pour des <strong data-start=\"2215\" data-end=\"2242\">excursions \u00e0 la journ\u00e9e<\/strong>, en couple, entre amis ou en famille.<\/p>\n\n<h4 data-start=\"2282\" data-end=\"2309\">Services et logistique<\/h4>\n<p data-start=\"2311\" data-end=\"2398\">Les communes riveraines du <strong data-start=\"2338\" data-end=\"2365\">canal de Nantes \u00e0 Brest<\/strong> proposent de nombreux services :<\/p>\n\n<ul data-start=\"2399\" data-end=\"2597\">\n \t<li data-start=\"2399\" data-end=\"2454\">\n<p data-start=\"2401\" data-end=\"2454\"><strong data-start=\"2401\" data-end=\"2428\">H\u00e9bergements labellis\u00e9s<\/strong> (g\u00eetes, h\u00f4tels, campings)<\/p>\n<\/li>\n \t<li data-start=\"2455\" data-end=\"2494\">\n<p data-start=\"2457\" data-end=\"2494\"><strong data-start=\"2457\" data-end=\"2479\">Locations de v\u00e9los<\/strong> ou <strong data-start=\"2483\" data-end=\"2494\">bateaux<\/strong><\/p>\n<\/li>\n \t<li data-start=\"2495\" data-end=\"2547\">\n<p data-start=\"2497\" data-end=\"2547\"><strong data-start=\"2497\" data-end=\"2511\">Transports<\/strong> (gare \u00e0 Redon, Carhaix, Ch\u00e2teaulin)<\/p>\n<\/li>\n \t<li data-start=\"2548\" data-end=\"2597\">\n<p data-start=\"2550\" data-end=\"2597\"><strong data-start=\"2550\" data-end=\"2597\">Restaurants et commerces de produits locaux<\/strong><\/p>\n<\/li>\n<\/ul>\n<p data-start=\"2599\" data-end=\"2785\">Des cartes d\u00e9taill\u00e9es, applications mobiles, et <strong data-start=\"2647\" data-end=\"2669\">guides sp\u00e9cialis\u00e9s<\/strong> sont disponibles pour pr\u00e9parer son s\u00e9jour, avec des suggestions d\u2019\u00e9tapes adapt\u00e9es au temps et aux envies de chacun.<\/p>\n\n<h3 data-start=\"243\" data-end=\"288\">Canal et \u00e9cologie : un \u00e9quilibre pr\u00e9serv\u00e9<\/h3>\n<p data-start=\"290\" data-end=\"637\">Le <strong data-start=\"293\" data-end=\"320\">canal de Nantes \u00e0 Brest<\/strong> n\u2019est pas seulement un vestige du g\u00e9nie civil du XIX\u1d49 si\u00e8cle, c\u2019est aussi un <strong data-start=\"398\" data-end=\"419\">\u00e9cosyst\u00e8me vivant<\/strong> et une <strong data-start=\"427\" data-end=\"451\">zone de biodiversit\u00e9<\/strong> pr\u00e9cieuse. Depuis sa reconversion en voie de loisirs, il fait l\u2019objet de politiques actives de <strong data-start=\"547\" data-end=\"578\">protection environnementale<\/strong>, et devient un mod\u00e8le de <strong data-start=\"604\" data-end=\"636\">tourisme durable en Bretagne<\/strong>.<\/p>\n\n<h4 data-start=\"639\" data-end=\"681\">Une gestion \u00e9cologique et responsable<\/h4>\n<p data-start=\"683\" data-end=\"910\">Les institutions locales, en particulier les collectivit\u00e9s bretonnes et les syndicats des canaux, veillent \u00e0 l\u2019entretien r\u00e9gulier du <strong data-start=\"816\" data-end=\"843\">canal de Nantes \u00e0 Brest<\/strong> en utilisant des m\u00e9thodes <strong data-start=\"870\" data-end=\"908\">respectueuses des milieux naturels<\/strong> :<\/p>\n\n<ul data-start=\"911\" data-end=\"1091\">\n \t<li data-start=\"911\" data-end=\"941\">\n<p data-start=\"913\" data-end=\"941\">Fauchage raisonn\u00e9 des berges<\/p>\n<\/li>\n \t<li data-start=\"942\" data-end=\"985\">\n<p data-start=\"944\" data-end=\"985\">Entretien manuel ou m\u00e9canique des \u00e9cluses<\/p>\n<\/li>\n \t<li data-start=\"986\" data-end=\"1037\">\n<p data-start=\"988\" data-end=\"1037\">Limitation de l\u2019usage de produits phytosanitaires<\/p>\n<\/li>\n \t<li data-start=\"1038\" data-end=\"1091\">\n<p data-start=\"1040\" data-end=\"1091\">Gestion raisonn\u00e9e des niveaux d\u2019eau selon la saison<\/p>\n<\/li>\n<\/ul>\n<p data-start=\"1093\" data-end=\"1229\">Cette approche favorise le d\u00e9veloppement d\u2019une <strong data-start=\"1140\" data-end=\"1168\">faune locale diversifi\u00e9e<\/strong> tout en pr\u00e9servant la s\u00e9curit\u00e9 et la praticabilit\u00e9 du canal.<\/p>\n\n<h4 data-start=\"1231\" data-end=\"1266\">Un refuge pour la biodiversit\u00e9<\/h4>\n<p data-start=\"1268\" data-end=\"1382\">Les berges du canal abritent une grande vari\u00e9t\u00e9 d\u2019esp\u00e8ces, dont certaines <strong data-start=\"1342\" data-end=\"1355\">prot\u00e9g\u00e9es<\/strong>. Parmi les plus visibles :<\/p>\n\n<ul data-start=\"1383\" data-end=\"1624\">\n \t<li data-start=\"1383\" data-end=\"1440\">\n<p data-start=\"1385\" data-end=\"1440\"><strong data-start=\"1385\" data-end=\"1403\">H\u00e9rons cendr\u00e9s<\/strong>, <strong data-start=\"1405\" data-end=\"1418\">aigrettes<\/strong>, <strong data-start=\"1420\" data-end=\"1440\">martins-p\u00eacheurs<\/strong><\/p>\n<\/li>\n \t<li data-start=\"1441\" data-end=\"1509\">\n<p data-start=\"1443\" data-end=\"1509\"><strong data-start=\"1443\" data-end=\"1458\">Grenouilles<\/strong>, <strong data-start=\"1460\" data-end=\"1474\">libellules<\/strong>, <strong data-start=\"1476\" data-end=\"1509\">papillons de prairies humides<\/strong><\/p>\n<\/li>\n \t<li data-start=\"1510\" data-end=\"1555\">\n<p data-start=\"1512\" data-end=\"1555\"><strong data-start=\"1512\" data-end=\"1523\">Loutres<\/strong> et petits mammif\u00e8res forestiers<\/p>\n<\/li>\n \t<li data-start=\"1556\" data-end=\"1624\">\n<p data-start=\"1558\" data-end=\"1624\">Nombreuses esp\u00e8ces de <strong data-start=\"1580\" data-end=\"1592\">poissons<\/strong> dans les zones non interrompues<\/p>\n<\/li>\n<\/ul>\n<p data-start=\"1626\" data-end=\"1788\">Le canal forme un <strong data-start=\"1644\" data-end=\"1667\">corridor \u00e9cologique<\/strong> essentiel pour la migration et la reproduction de nombreuses esp\u00e8ces, notamment dans les zones class\u00e9es <strong data-start=\"1772\" data-end=\"1787\">Natura 2000<\/strong>.<\/p>\n\n<h4 data-start=\"1790\" data-end=\"1828\">L\u2019impact positif du tourisme doux<\/h4>\n<p data-start=\"1830\" data-end=\"1983\">Contrairement au tourisme de masse, les pratiques douces encourag\u00e9es autour du <strong data-start=\"1909\" data-end=\"1936\">canal de Nantes \u00e0 Brest<\/strong> ont un <strong data-start=\"1944\" data-end=\"1981\">impact limit\u00e9 sur l\u2019environnement<\/strong> :<\/p>\n\n<ul data-start=\"1984\" data-end=\"2256\">\n \t<li data-start=\"1984\" data-end=\"2072\">\n<p data-start=\"1986\" data-end=\"2072\">Le <strong data-start=\"1989\" data-end=\"1997\">v\u00e9lo<\/strong> et la <strong data-start=\"2004\" data-end=\"2017\">randonn\u00e9e<\/strong> permettent de d\u00e9couvrir les paysages sans les alt\u00e9rer.<\/p>\n<\/li>\n \t<li data-start=\"2073\" data-end=\"2156\">\n<p data-start=\"2075\" data-end=\"2156\">Les <strong data-start=\"2079\" data-end=\"2102\">bateaux \u00e9lectriques<\/strong> ou sans moteur polluent peu et g\u00e9n\u00e8rent peu de bruit.<\/p>\n<\/li>\n \t<li data-start=\"2157\" data-end=\"2256\">\n<p data-start=\"2159\" data-end=\"2256\">Les <strong data-start=\"2163\" data-end=\"2186\">am\u00e9nagements l\u00e9gers<\/strong> (signal\u00e9tique, aires de repos, composts) s\u2019int\u00e8grent dans le paysage.<\/p>\n<\/li>\n<\/ul>\n<p data-start=\"2258\" data-end=\"2414\">Ce mod\u00e8le attire une client\u00e8le sensible \u00e0 l\u2019environnement, contribuant ainsi \u00e0 la <strong data-start=\"2340\" data-end=\"2379\">valorisation des territoires ruraux<\/strong> et \u00e0 la pr\u00e9servation des paysages.<\/p>\n\n<h4 data-start=\"2416\" data-end=\"2449\">\u00c9ducation et sensibilisation<\/h4>\n<p data-start=\"2451\" data-end=\"2575\">Plusieurs initiatives visent \u00e0 sensibiliser les usagers du <strong data-start=\"2510\" data-end=\"2537\">canal de Nantes \u00e0 Brest<\/strong> \u00e0 la fragilit\u00e9 de son environnement :<\/p>\n\n<ul data-start=\"2576\" data-end=\"2740\">\n \t<li data-start=\"2576\" data-end=\"2622\">\n<p data-start=\"2578\" data-end=\"2622\"><strong data-start=\"2578\" data-end=\"2603\">Panneaux p\u00e9dagogiques<\/strong> le long des berges<\/p>\n<\/li>\n \t<li data-start=\"2623\" data-end=\"2683\">\n<p data-start=\"2625\" data-end=\"2683\"><strong data-start=\"2625\" data-end=\"2643\">Sorties nature<\/strong> organis\u00e9es par des associations locales<\/p>\n<\/li>\n \t<li data-start=\"2684\" data-end=\"2740\">\n<p data-start=\"2686\" data-end=\"2740\"><strong data-start=\"2686\" data-end=\"2710\">Animations scolaires<\/strong> autour de l\u2019\u00e9cologie fluviale<\/p>\n<\/li>\n<\/ul>\n<p data-start=\"2742\" data-end=\"2891\">Ces actions participent \u00e0 faire du canal un <strong data-start=\"2786\" data-end=\"2812\">espace de transmission<\/strong>, o\u00f9 patrimoine et \u00e9cologie se rencontrent au b\u00e9n\u00e9fice des g\u00e9n\u00e9rations futures.<\/p>\n\n<h2 data-start=\"263\" data-end=\"286\">Foire Aux Questions<\/h2>\n<h3 data-start=\"288\" data-end=\"351\">Quelle est la longueur exacte du canal de Nantes \u00e0 Brest ?<\/h3>\n<p data-start=\"353\" data-end=\"604\">Le <strong data-start=\"356\" data-end=\"383\">canal de Nantes \u00e0 Brest<\/strong> mesure environ <strong data-start=\"399\" data-end=\"409\">364 km<\/strong>, bien que certaines sources mentionnent jusqu\u2019\u00e0 385 km en incluant certaines variantes. Il s\u2019agit de l\u2019un des plus longs canaux de France, avec 236 \u00e0 238 \u00e9cluses r\u00e9parties tout au long du trac\u00e9.<\/p>\n\n<h3 data-start=\"606\" data-end=\"665\">Peut-on naviguer sur tout le canal de Nantes \u00e0 Brest ?<\/h3>\n<p data-start=\"667\" data-end=\"925\">Non, le <strong data-start=\"675\" data-end=\"702\">canal de Nantes \u00e0 Brest<\/strong> n\u2019est plus navigable dans son int\u00e9gralit\u00e9 depuis la construction du <strong data-start=\"771\" data-end=\"795\">barrage de Guerl\u00e9dan<\/strong> dans les ann\u00e9es 1920. Aujourd\u2019hui, seules certaines portions comme Nantes\u2013Redon ou Ch\u00e2teaulin\u2013Carhaix sont accessibles en bateau.<\/p>\n\n<h3 data-start=\"927\" data-end=\"1009\">Quels sont les plus beaux villages travers\u00e9s par le canal de Nantes \u00e0 Brest ?<\/h3>\n<p data-start=\"1011\" data-end=\"1254\">Parmi les lieux embl\u00e9matiques \u00e0 ne pas manquer le long du <strong data-start=\"1069\" data-end=\"1096\">canal de Nantes \u00e0 Brest<\/strong>, on trouve <strong data-start=\"1108\" data-end=\"1120\">Josselin<\/strong> avec son ch\u00e2teau, <strong data-start=\"1139\" data-end=\"1153\">Malestroit<\/strong>, <strong data-start=\"1155\" data-end=\"1166\">Pontivy<\/strong>, <strong data-start=\"1168\" data-end=\"1177\">Redon<\/strong>, et <strong data-start=\"1182\" data-end=\"1193\">Gouarec<\/strong>, tous riches en patrimoine et ambiance typiquement bretonne.<\/p>\n\n<h3 data-start=\"1256\" data-end=\"1339\">O\u00f9 peut-on louer un v\u00e9lo ou un bateau pour suivre le canal de Nantes \u00e0 Brest ?<\/h3>\n<p data-start=\"1341\" data-end=\"1612\">Des services de <strong data-start=\"1357\" data-end=\"1378\">location de v\u00e9los<\/strong> ou <strong data-start=\"1382\" data-end=\"1405\">bateaux sans permis<\/strong> sont disponibles dans les villes \u00e9tapes principales : <strong data-start=\"1460\" data-end=\"1470\">Nantes<\/strong>, <strong data-start=\"1472\" data-end=\"1481\">Redon<\/strong>, <strong data-start=\"1483\" data-end=\"1494\">Pontivy<\/strong>, <strong data-start=\"1496\" data-end=\"1507\">Carhaix<\/strong> ou encore <strong data-start=\"1518\" data-end=\"1532\">Ch\u00e2teaulin<\/strong>. Certains proposent m\u00eame des forfaits avec h\u00e9bergement et transport de bagages.<\/p>\n\n<h3 data-start=\"1614\" data-end=\"1694\">Quelle est la meilleure p\u00e9riode pour parcourir le canal de Nantes \u00e0 Brest ?<\/h3>\n<p data-start=\"1696\" data-end=\"1988\">La p\u00e9riode id\u00e9ale s\u2019\u00e9tend d\u2019<strong data-start=\"1724\" data-end=\"1743\">avril \u00e0 octobre<\/strong>, lorsque les temp\u00e9ratures sont douces et les jours longs. Pour la navigation, c\u2019est aussi la saison d\u2019ouverture des \u00e9cluses. Les cyclistes et randonneurs peuvent profiter du <strong data-start=\"1918\" data-end=\"1945\">canal de Nantes \u00e0 Brest<\/strong> toute l\u2019ann\u00e9e, sauf en cas de crue ou gel.<\/p>\n\n<h3 data-start=\"1990\" data-end=\"2062\">Quels animaux peut-on observer le long du canal de Nantes \u00e0 Brest ?<\/h3>\n<p data-start=\"2064\" data-end=\"2302\">Le <strong data-start=\"2067\" data-end=\"2094\">canal de Nantes \u00e0 Brest<\/strong> abrite une faune vari\u00e9e : <strong data-start=\"2121\" data-end=\"2141\">martins-p\u00eacheurs<\/strong>, <strong data-start=\"2143\" data-end=\"2153\">h\u00e9rons<\/strong>, <strong data-start=\"2155\" data-end=\"2166\">loutres<\/strong>, <strong data-start=\"2168\" data-end=\"2182\">libellules<\/strong>, <strong data-start=\"2184\" data-end=\"2197\">\u00e9cureuils<\/strong> et parfois m\u00eame des chevreuils. Les berges et zones humides du canal sont des refuges naturels prot\u00e9g\u00e9s.<\/p>\n\n<h3 data-start=\"2304\" data-end=\"2363\">Le canal de Nantes \u00e0 Brest est-il adapt\u00e9 aux enfants ?<\/h3>\n<p data-start=\"2365\" data-end=\"2611\">Oui, de nombreuses portions du <strong data-start=\"2396\" data-end=\"2423\">canal de Nantes \u00e0 Brest<\/strong> sont adapt\u00e9es aux <strong data-start=\"2442\" data-end=\"2464\">balades en famille<\/strong>, en particulier entre <strong data-start=\"2487\" data-end=\"2506\">Nantes et Redon<\/strong> ou autour du <strong data-start=\"2520\" data-end=\"2540\">lac de Guerl\u00e9dan<\/strong>. Le chemin de halage est plat, s\u00e9curis\u00e9 et ponctu\u00e9 de haltes ludiques.<\/p>\n\n<h3 data-start=\"2613\" data-end=\"2685\">O\u00f9 se trouve la Tranch\u00e9e de Glomel sur le canal de Nantes \u00e0 Brest ?<\/h3>\n<p data-start=\"2687\" data-end=\"2937\">La <strong data-start=\"2690\" data-end=\"2712\">Tranch\u00e9e de Glomel<\/strong> se situe entre <strong data-start=\"2728\" data-end=\"2750\">Pontivy et Carhaix<\/strong>, pr\u00e8s du village de <strong data-start=\"2771\" data-end=\"2781\">Glomel<\/strong>, dans les <strong data-start=\"2792\" data-end=\"2809\">C\u00f4tes-d\u2019Armor<\/strong>. C\u2019est une section spectaculaire du <strong data-start=\"2846\" data-end=\"2873\">canal de Nantes \u00e0 Brest<\/strong>, creus\u00e9e \u00e0 la main pour franchir une ligne de partage des eaux.<\/p>\n\n<h3 data-start=\"2939\" data-end=\"3023\">Existe-t-il des guides ou applications pour suivre le canal de Nantes \u00e0 Brest ?<\/h3>\n<p data-start=\"3025\" data-end=\"3288\">Oui, plusieurs <strong data-start=\"3040\" data-end=\"3057\">guides papier<\/strong>, <strong data-start=\"3059\" data-end=\"3073\">topoguides<\/strong>, et <strong data-start=\"3078\" data-end=\"3102\">applications mobiles<\/strong> (comme Komoot, France V\u00e9lo Tourisme ou IGN Rando) proposent des cartes et \u00e9tapes d\u00e9taill\u00e9es du <strong data-start=\"3198\" data-end=\"3225\">canal de Nantes \u00e0 Brest<\/strong>, avec h\u00e9bergements, points d\u2019int\u00e9r\u00eat et niveaux de difficult\u00e9.<\/p>\n\n<h3 data-start=\"3290\" data-end=\"3355\">Le canal de Nantes \u00e0 Brest est-il accessible toute l\u2019ann\u00e9e ?<\/h3>\n<p data-start=\"3357\" data-end=\"3590\">Le <strong data-start=\"3360\" data-end=\"3380\">chemin de halage<\/strong> reste accessible toute l\u2019ann\u00e9e aux <strong data-start=\"3416\" data-end=\"3427\">pi\u00e9tons<\/strong> et <strong data-start=\"3431\" data-end=\"3444\">cyclistes<\/strong>, sauf en cas d\u2019\u00e9v\u00e9nement climatique majeur. En revanche, la <strong data-start=\"3505\" data-end=\"3528\">navigation fluviale<\/strong> est soumise \u00e0 une p\u00e9riode d\u2019ouverture entre avril et octobre.<\/p>\n\n<h2 data-start=\"277\" data-end=\"291\">Conclusion<\/h2>\n<p data-start=\"293\" data-end=\"858\">Le <strong data-start=\"296\" data-end=\"323\">canal de Nantes \u00e0 Brest<\/strong> est bien plus qu\u2019un simple trac\u00e9 fluvial : c\u2019est un <strong data-start=\"376\" data-end=\"397\">patrimoine vivant<\/strong>, un <strong data-start=\"402\" data-end=\"430\">terrain d\u2019aventure douce<\/strong>, et un t\u00e9moin de l\u2019<strong data-start=\"450\" data-end=\"473\">ing\u00e9niosit\u00e9 humaine<\/strong>. Des berges de l\u2019Erdre aux rives de l\u2019Aulne, il relie villes historiques, paysages naturels et villages typiques, en offrant une exp\u00e9rience unique au rythme de l\u2019eau. Que l\u2019on soit passionn\u00e9 d\u2019histoire, amateur de randonn\u00e9e, adepte du v\u00e9lo ou curieux de d\u00e9couvrir la <strong data-start=\"741\" data-end=\"765\">Bretagne authentique<\/strong>, le <strong data-start=\"770\" data-end=\"797\">canal de Nantes \u00e0 Brest<\/strong> invite \u00e0 la lenteur, \u00e0 l\u2019observation, et \u00e0 la contemplation.<\/p>\n<p data-start=\"860\" data-end=\"1266\">Sa red\u00e9couverte par le <strong data-start=\"883\" data-end=\"903\">tourisme durable<\/strong>, sa richesse \u00e9cologique, et son importance dans la m\u00e9moire collective en font une destination incontournable pour explorer les <strong data-start=\"1031\" data-end=\"1050\">r\u00e9gions du pays<\/strong> \u00e0 contre-courant des circuits classiques. Pour approfondir la d\u00e9couverte, explorez aussi notre <a class=\"decorated-link cursor-pointer\" target=\"_new\" rel=\"noopener\" data-start=\"1146\" data-end=\"1265\">article sur les canaux et rivi\u00e8res incontournables en France<\/a>.<\/p>\n<p data-start=\"1268\" data-end=\"1446\">Enfin, pour un compl\u00e9ment encyclop\u00e9dique, d\u00e9couvrez <a class=\"decorated-link\" href=\"https:\/\/fr.wikipedia.org\/wiki\/Canal_de_Nantes_%C3%A0_Brest\" target=\"_new\" rel=\"noopener\" data-start=\"1320\" data-end=\"1445\">les donn\u00e9es historiques et techniques disponibles sur Wikip\u00e9dia<\/a>.<\/p>\t\t\t\t\t\t\t\t<\/div>\n\t\t\t\t\t<\/div>\n\t\t\t\t<\/div>\n\t\t<aside class=\"elementor-element elementor-element-430ee2c e-flex e-con-boxed e-con e-parent\" data-id=\"430ee2c\" data-element_type=\"container\" data-e-type=\"container\">\n\t\t\t\t\t<div class=\"e-con-inner\">\n\t\t\t\t<div class=\"elementor-element elementor-element-031f909 elementor-widget elementor-widget-listeo-posts-grid\" data-id=\"031f909\" data-element_type=\"widget\" data-e-type=\"widget\" data-widget_type=\"listeo-posts-grid.default\">\n\t\t\t\t<div class=\"elementor-widget-container\">\n\t\t\t\t\t\t\t\n\t\t<div class=\"listeo-post-grid-wrapper\">\n\t\t\t<div class=\"row\">\n\n\t\t\t\n\n\t\t\t\t\t\t\t<div class=\"col-md-4\">\n                <a href=\"https:\/\/cparici.com\/fr\/visiter-la-bretagne-guide-des-sites-et-villes-a-explorer\/\" class=\"blog-compact-item-container\">\n                    <div class=\"blog-compact-item\">\n                        <img decoding=\"async\" width=\"577\" height=\"384\" src=\"https:\/\/cparici.com\/wp-content\/uploads\/2022\/09\/chaumieres-villages-de-chaumieres-en-bretagne-2-2.jpg\" class=\"attachment-listeo-blog-related-post size-listeo-blog-related-post wp-post-image\" alt=\"visiter la bretagne\" srcset=\"https:\/\/cparici.com\/wp-content\/uploads\/2022\/09\/chaumieres-villages-de-chaumieres-en-bretagne-2-2.jpg 800w, https:\/\/cparici.com\/wp-content\/uploads\/2022\/09\/chaumieres-villages-de-chaumieres-en-bretagne-2-2-600x400.jpg 600w, https:\/\/cparici.com\/wp-content\/uploads\/2022\/09\/chaumieres-villages-de-chaumieres-en-bretagne-2-2-768x511.jpg 768w\" sizes=\"(max-width: 577px) 100vw, 577px\" \/><span class=\"blog-item-tag\">Bretagne<\/span>                        \n                        <div class=\"blog-compact-item-content\">\n                                                        <h3>Visiter la Bretagne \u2013 guide des sites<\/h3>\n                                                        <p>La Bretagne, une destination de r\u00eave \u00e0 visiter absolument - Ne manquez pas de visiter...                            <\/p>\n                                                    <\/div>\n                    <\/div>\n                <\/a>\n            <\/div>\n\t\t\t<div class=\"col-md-4\">\n                <a href=\"https:\/\/cparici.com\/fr\/location-de-vacances-le-pouldu\/\" class=\"blog-compact-item-container\">\n                    <div class=\"blog-compact-item\">\n                        <img decoding=\"async\" width=\"577\" height=\"204\" src=\"https:\/\/cparici.com\/wp-content\/uploads\/2025\/03\/cparici-2025-03-05T124724.892-577x204.jpg\" class=\"attachment-listeo-blog-related-post size-listeo-blog-related-post wp-post-image\" alt=\"Location de vacances Le Pouldu\" srcset=\"https:\/\/cparici.com\/wp-content\/uploads\/2025\/03\/cparici-2025-03-05T124724.892-577x204.jpg 577w, https:\/\/cparici.com\/wp-content\/uploads\/2025\/03\/cparici-2025-03-05T124724.892-300x106.jpg 300w, https:\/\/cparici.com\/wp-content\/uploads\/2025\/03\/cparici-2025-03-05T124724.892-1024x362.jpg 1024w, https:\/\/cparici.com\/wp-content\/uploads\/2025\/03\/cparici-2025-03-05T124724.892-768x271.jpg 768w, https:\/\/cparici.com\/wp-content\/uploads\/2025\/03\/cparici-2025-03-05T124724.892-18x6.jpg 18w, https:\/\/cparici.com\/wp-content\/uploads\/2025\/03\/cparici-2025-03-05T124724.892-590x208.jpg 590w, https:\/\/cparici.com\/wp-content\/uploads\/2025\/03\/cparici-2025-03-05T124724.892-1200x424.jpg 1200w, https:\/\/cparici.com\/wp-content\/uploads\/2025\/03\/cparici-2025-03-05T124724.892-600x212.jpg 600w, https:\/\/cparici.com\/wp-content\/uploads\/2025\/03\/cparici-2025-03-05T124724.892.jpg 1500w\" sizes=\"(max-width: 577px) 100vw, 577px\" \/><span class=\"blog-item-tag\">Bretagne<\/span>                        \n                        <div class=\"blog-compact-item-content\">\n                                                        <h3>Location de vacances Le Pouldu<\/h3>\n                                                        <p>Recherches populaires Categories Pas de r\u00e9sultats Voir tous les r\u00e9sultats Location de vacances Le Pouldu...                            <\/p>\n                                                    <\/div>\n                    <\/div>\n                <\/a>\n            <\/div>\n\t\t\t<div class=\"col-md-4\">\n                <a href=\"https:\/\/cparici.com\/fr\/carte-du-morbihan-un-guide-complet\/\" class=\"blog-compact-item-container\">\n                    <div class=\"blog-compact-item\">\n                        <img decoding=\"async\" width=\"577\" height=\"176\" src=\"https:\/\/cparici.com\/wp-content\/uploads\/2024\/06\/carte-du-morbihan.jpg\" class=\"attachment-listeo-blog-related-post size-listeo-blog-related-post wp-post-image\" alt=\"carte du morbihan\" srcset=\"https:\/\/cparici.com\/wp-content\/uploads\/2024\/06\/carte-du-morbihan.jpg 1884w, https:\/\/cparici.com\/wp-content\/uploads\/2024\/06\/carte-du-morbihan-600x183.jpg 600w, https:\/\/cparici.com\/wp-content\/uploads\/2024\/06\/carte-du-morbihan-300x92.jpg 300w, https:\/\/cparici.com\/wp-content\/uploads\/2024\/06\/carte-du-morbihan-1024x313.jpg 1024w, https:\/\/cparici.com\/wp-content\/uploads\/2024\/06\/carte-du-morbihan-768x235.jpg 768w, https:\/\/cparici.com\/wp-content\/uploads\/2024\/06\/carte-du-morbihan-1536x470.jpg 1536w\" sizes=\"(max-width: 577px) 100vw, 577px\" \/><span class=\"blog-item-tag\">Bretagne<\/span>                        \n                        <div class=\"blog-compact-item-content\">\n                                                        <h3>Carte du Morbihan \u2013 Un Guide Complet et Informatif<\/h3>\n                                                        <p>D\u00e9couvrez tout sur la carte du Morbihan, les types disponibles, les tarifs, et o\u00f9 les...                            <\/p>\n                                                    <\/div>\n                    <\/div>\n                <\/a>\n            <\/div>\n  <\/div>\n        <\/div>\n        \t\t\t\t<\/div>\n\t\t\t\t<\/div>\n\t\t\t\t\t<\/div>\n\t\t\t\t<\/aside>\n\t\t\t\t<\/div>\n\t\t","protected":false},"excerpt":{"rendered":"<p>Recherches populaires Categories Pas de r\u00e9sultats Voir tous les r\u00e9sultats Canal de Nantes \u00e0 Brest Le canal de Nantes \u00e0 Brest est bien plus qu\u2019une voie d\u2019eau : c\u2019est un trait d\u2019union historique, culturel et naturel qui traverse le c\u0153ur du pays \u27a1 Guide des r\u00e9gions et sites touristiques. Long de pr\u00e8s de 364 kilom\u00e8tres, [&hellip;]<\/p>\n","protected":false},"author":97,"featured_media":69582,"comment_status":"closed","ping_status":"closed","sticky":false,"template":"","format":"standard","meta":{"ngg_post_thumbnail":0,"footnotes":""},"categories":[2785,478,479,477,529,954],"tags":[],"class_list":["post-69576","post","type-post","status-publish","format-standard","has-post-thumbnail","hentry","category-canal-de-nantes-a-brest","category-bretagne","category-finistere","category-france","category-morbihan","category-pays-de-la-loire"],"_links":{"self":[{"href":"https:\/\/cparici.com\/fr\/wp-json\/wp\/v2\/posts\/69576","targetHints":{"allow":["GET"]}}],"collection":[{"href":"https:\/\/cparici.com\/fr\/wp-json\/wp\/v2\/posts"}],"about":[{"href":"https:\/\/cparici.com\/fr\/wp-json\/wp\/v2\/types\/post"}],"author":[{"embeddable":true,"href":"https:\/\/cparici.com\/fr\/wp-json\/wp\/v2\/users\/97"}],"replies":[{"embeddable":true,"href":"https:\/\/cparici.com\/fr\/wp-json\/wp\/v2\/comments?post=69576"}],"version-history":[{"count":0,"href":"https:\/\/cparici.com\/fr\/wp-json\/wp\/v2\/posts\/69576\/revisions"}],"wp:featuredmedia":[{"embeddable":true,"href":"https:\/\/cparici.com\/fr\/wp-json\/wp\/v2\/media\/69582"}],"wp:attachment":[{"href":"https:\/\/cparici.com\/fr\/wp-json\/wp\/v2\/media?parent=69576"}],"wp:term":[{"taxonomy":"category","embeddable":true,"href":"https:\/\/cparici.com\/fr\/wp-json\/wp\/v2\/categories?post=69576"},{"taxonomy":"post_tag","embeddable":true,"href":"https:\/\/cparici.com\/fr\/wp-json\/wp\/v2\/tags?post=69576"}],"curies":[{"name":"wp","href":"https:\/\/api.w.org\/{rel}","templated":true}]}}