{"id":69769,"date":"2025-08-29T17:10:56","date_gmt":"2025-08-29T15:10:56","guid":{"rendered":"https:\/\/cparici.com\/?p=69769"},"modified":"2026-04-26T22:10:51","modified_gmt":"2026-04-26T20:10:51","slug":"grospierres","status":"publish","type":"post","link":"https:\/\/cparici.com\/fr\/grospierres\/","title":{"rendered":"Grospierres, village ard\u00e9chois entre nature et patrimoine"},"content":{"rendered":"\t\t<div data-elementor-type=\"wp-post\" data-elementor-id=\"69769\" class=\"elementor elementor-69769\" data-elementor-post-type=\"post\">\n\t\t\t\t<div class=\"elementor-element elementor-element-561596d e-con-full e-flex e-con e-parent\" data-id=\"561596d\" data-element_type=\"container\" data-e-type=\"container\">\n\t\t\t\t<div class=\"elementor-element elementor-element-2495aaa elementor-widget elementor-widget-image\" data-id=\"2495aaa\" data-element_type=\"widget\" data-e-type=\"widget\" data-widget_type=\"image.default\">\n\t\t\t\t\t\t\t\t\t\t\t\t\t\t\t<img decoding=\"async\" width=\"1500\" height=\"530\" src=\"https:\/\/cparici.com\/wp-content\/uploads\/2025\/08\/cparici-2025-08-28T144724.263.jpg\" class=\"attachment-full size-full wp-image-69793\" alt=\"Grospierres vall\u00e9e Chassezac\" srcset=\"https:\/\/cparici.com\/wp-content\/uploads\/2025\/08\/cparici-2025-08-28T144724.263.jpg 1500w, https:\/\/cparici.com\/wp-content\/uploads\/2025\/08\/cparici-2025-08-28T144724.263-300x106.jpg 300w, https:\/\/cparici.com\/wp-content\/uploads\/2025\/08\/cparici-2025-08-28T144724.263-1024x362.jpg 1024w, https:\/\/cparici.com\/wp-content\/uploads\/2025\/08\/cparici-2025-08-28T144724.263-768x271.jpg 768w, https:\/\/cparici.com\/wp-content\/uploads\/2025\/08\/cparici-2025-08-28T144724.263-18x6.jpg 18w, https:\/\/cparici.com\/wp-content\/uploads\/2025\/08\/cparici-2025-08-28T144724.263-590x208.jpg 590w, https:\/\/cparici.com\/wp-content\/uploads\/2025\/08\/cparici-2025-08-28T144724.263-1200x424.jpg 1200w, https:\/\/cparici.com\/wp-content\/uploads\/2025\/08\/cparici-2025-08-28T144724.263-577x204.jpg 577w, https:\/\/cparici.com\/wp-content\/uploads\/2025\/08\/cparici-2025-08-28T144724.263-600x212.jpg 600w\" sizes=\"(max-width: 1500px) 100vw, 1500px\" \/>\t\t\t\t\t\t\t\t\t\t\t\t\t\t\t<\/div>\n\t\t\t\t<\/div>\n\t\t<aside class=\"elementor-element elementor-element-ef1c7b8 e-flex e-con-boxed e-con e-parent\" data-id=\"ef1c7b8\" data-element_type=\"container\" data-e-type=\"container\">\n\t\t\t\t\t<div class=\"e-con-inner\">\n\t\t\t\t<div class=\"elementor-element elementor-element-0a0f96e elementor-widget elementor-widget-global elementor-global-62046 elementor-widget-eael-advanced-search\" data-id=\"0a0f96e\" data-element_type=\"widget\" data-e-type=\"widget\" data-widget_type=\"eael-advanced-search.default\">\n\t\t\t\t\t        <div class=\"eael-adv-search-wrapper\">\n            <div id=\"eael-advanced-search-widget-0a0f96e\" class=\"eael-advanced-search-widget\">\n                <form data-settings=\"{&quot;post_per_page&quot;:5,&quot;search_among_taxonomies&quot;:&quot;&quot;,&quot;search_among_sku&quot;:&quot;no&quot;,&quot;show_popular_keyword&quot;:0,&quot;show_category&quot;:0,&quot;show_content_image&quot;:1,&quot;show_search_result_all_results&quot;:0,&quot;result_on_new_tab&quot;:&quot;no&quot;,&quot;show_product_price&quot;:&quot;no&quot;,&quot;include_current_page&quot;:&quot;no&quot;,&quot;current_post_id&quot;:69769,&quot;post_type&quot;:[&quot;post&quot;,&quot;listing&quot;]}\" method=\"POST\" name=\"eael-advanced-search-form-0a0f96e\" class=\"eael-advanced-search-form eael-advanced-search-form-style-2\">\n                    <div class=\"eael-advanced-search-wrap\">\n                        <span class=\"eael-adv-search-loader\"><\/span>\n                        <span class=\"eael-adv-search-close\"><i class=\"fas fa-times\"><\/i><\/span>\n                        <span class=\"icon \"><i class=\"fas fa-search\"><\/i><\/span>\n\n                        <input type=\"text\"\n                               placeholder=\"Votre destination\"\n                               class=\"eael-advanced-search\" autocomplete=\"off\" name=\"eael_advanced_search\">\n                    <\/div>\n\t\t\t\t\t                                    <\/form>\n\n\t\t\t\t\n\t\t\t\t        <div class=\"eael-advanced-search-result\">\n            <div class=\"eael-advanced-search-popular-keyword\">\n\t\t\t\t<h4 class=\"eael-advanced-search-popular-keyword-text\">Recherches populaires<\/h4>                <div class=\"eael-popular-keyword-content\"><\/div>\n            <\/div>\n            <div class=\"eael-advanced-search-category\">\n\t\t\t\t<h4 class=\"eael-advanced-search-category-text\">Categories<\/h4>                <div class=\"eael-popular-category-content\"><\/div>\n            <\/div>\n\t\t\t<div class=\"eael-advanced-search-total-results-section\">\n\t\t\t\t\t\t\t<\/div>\n            <div class=\"eael-advanced-search-content eael-item-style-3\">\n            <\/div>\n            <div class=\"eael-advanced-search-not-found\">\n                <p>Pas de r\u00e9sultats<\/p><\/div>\n            <div class=\"eael-advanced-search-load-more\">\n\t\t\t\t<a \tclass=\"eael-advanced-search-load-more-button\"\n                \thref=\"#\">Voir tous les r\u00e9sultats<\/a>\n            <\/div>\n        <\/div>\n\n\t\t            <\/div>\n        <\/div>\n\n\t\t\t\t\t\t<\/div>\n\t\t\t\t\t<\/div>\n\t\t\t\t<\/aside>\n\t\t<div class=\"elementor-element elementor-element-58ca8624 e-flex e-con-boxed e-con e-parent\" data-id=\"58ca8624\" data-element_type=\"container\" data-e-type=\"container\">\n\t\t\t\t\t<div class=\"e-con-inner\">\n\t\t\t\t<div class=\"elementor-element elementor-element-269b39ef elementor-widget elementor-widget-text-editor\" data-id=\"269b39ef\" data-element_type=\"widget\" data-e-type=\"widget\" data-widget_type=\"text-editor.default\">\n\t\t\t\t\t\t\t\t\t<h1 style=\"text-align: center;\" data-start=\"308\" data-end=\"880\">Grospierres, village ard\u00e9chois entre nature et patrimoine<\/h1><p data-start=\"308\" data-end=\"880\">Situ\u00e9 au c\u0153ur de l\u2019<a href=\"https:\/\/cparici.com\/ardeche-departement\/\">Ard\u00e8che<\/a> m\u00e9ridionale, <strong data-start=\"348\" data-end=\"363\">Grospierres<\/strong> est un village pittoresque qui s\u00e9duit par son patrimoine, ses paysages pr\u00e9serv\u00e9s et ses nombreuses activit\u00e9s de plein air. Nich\u00e9 entre garrigues et vall\u00e9es, ce petit coin de paradis attire chaque ann\u00e9e les visiteurs en qu\u00eate d\u2019authenticit\u00e9 et de d\u00e9couvertes. Gr\u00e2ce \u00e0 sa localisation id\u00e9ale, il constitue aussi un point de d\u00e9part strat\u00e9gique pour explorer les richesses <strong data-start=\"733\" data-end=\"744\">du pays<\/strong> de l\u2019Ard\u00e8che et ses alentours (<a class=\"decorated-link\" href=\"https:\/\/cparici.com\/fr\/visiter-la-france-guide-des-regions-et-sites-touristiques\" target=\"_new\" rel=\"noopener\" data-start=\"776\" data-end=\"876\">voir notre guide<\/a>).<\/p><p data-start=\"882\" data-end=\"1140\">Avec ses sites naturels uniques comme la <strong data-start=\"923\" data-end=\"936\">Font-Vive<\/strong>, son patrimoine pr\u00e9historique remarquable, et ses domaines viticoles r\u00e9put\u00e9s, <strong data-start=\"1015\" data-end=\"1030\">Grospierres<\/strong> est bien plus qu\u2019une simple \u00e9tape : c\u2019est une immersion dans une Ard\u00e8che vivante, authentique et g\u00e9n\u00e9reuse.<\/p><h2 data-start=\"289\" data-end=\"321\">\u00c0 la d\u00e9couverte de Grospierres<\/h2><h3 data-start=\"323\" data-end=\"402\">Pr\u00e9sentation du village : position g\u00e9ographique, population et superficie<\/h3><p data-start=\"404\" data-end=\"826\"><strong data-start=\"404\" data-end=\"419\">Grospierres<\/strong> est une commune du d\u00e9partement de l\u2019Ard\u00e8che, en r\u00e9gion Auvergne-Rh\u00f4ne-Alpes. Elle se situe dans le sud du d\u00e9partement, \u00e0 proximit\u00e9 de <a href=\"https:\/\/cparici.com\/vallon%e2%80%91pont%e2%80%91darc-la-merveille-naturelle-de-lardeche\/\"><strong data-start=\"554\" data-end=\"575\">Vallon-Pont-d\u2019Arc<\/strong><\/a>, de <strong data-start=\"580\" data-end=\"589\">Ruoms<\/strong> et des fameuses gorges de l\u2019Ard\u00e8che. Son territoire couvre environ <strong data-start=\"657\" data-end=\"667\">27 km\u00b2<\/strong>, s\u2019\u00e9tend sur un relief vari\u00e9 allant de <strong data-start=\"707\" data-end=\"737\">96 \u00e0 550 m\u00e8tres d\u2019altitude<\/strong>, et abrite une population d\u2019environ <strong data-start=\"774\" data-end=\"791\">930 habitants<\/strong> selon les derniers recensements.<\/p><p data-start=\"828\" data-end=\"1227\">Le village est entour\u00e9 de paysages typiques de l\u2019Ard\u00e8che m\u00e9ridionale : garrigue parfum\u00e9e de thym et de lavande sauvage, ch\u00eanes verts, champs de vignes et de vergers, mais aussi de nombreuses falaises calcaires qui rappellent le caract\u00e8re karstique de la r\u00e9gion. Ces reliefs donnent naissance \u00e0 des ph\u00e9nom\u00e8nes naturels uniques comme les <strong data-start=\"1164\" data-end=\"1179\">r\u00e9surgences<\/strong>, les <strong data-start=\"1185\" data-end=\"1196\">dolmens<\/strong> et les cavit\u00e9s souterraines.<\/p>\t\t\t\t\t\t\t\t<\/div>\n\t\t\t\t\t<\/div>\n\t\t\t\t<\/div>\n\t\t<aside class=\"elementor-element elementor-element-36855b84 e-flex e-con-boxed e-con e-parent\" data-id=\"36855b84\" data-element_type=\"container\" data-e-type=\"container\" data-settings=\"{&quot;background_background&quot;:&quot;classic&quot;}\">\n\t\t\t\t\t<div class=\"e-con-inner\">\n\t\t\t\t<div class=\"elementor-element elementor-element-4264d264 elementor-widget elementor-widget-spacer\" data-id=\"4264d264\" data-element_type=\"widget\" data-e-type=\"widget\" data-widget_type=\"spacer.default\">\n\t\t\t\t\t\t\t<div class=\"elementor-spacer\">\n\t\t\t<div class=\"elementor-spacer-inner\"><\/div>\n\t\t<\/div>\n\t\t\t\t\t\t<\/div>\n\t\t\t\t<div class=\"elementor-element elementor-element-6a06c081 elementor-widget elementor-widget-heading\" data-id=\"6a06c081\" data-element_type=\"widget\" data-e-type=\"widget\" data-widget_type=\"heading.default\">\n\t\t\t\t\t<p class=\"elementor-heading-title elementor-size-default\">H\u00e9bergements de Vacances en direct<\/p>\t\t\t\t<\/div>\n\t\t\t\t<div class=\"elementor-element elementor-element-267d9170 elementor-widget elementor-widget-listeo-listings-carousel\" data-id=\"267d9170\" data-element_type=\"widget\" data-e-type=\"widget\" data-widget_type=\"listeo-listings-carousel.default\">\n\t\t\t\t<div class=\"elementor-widget-container\">\n\t\t\t\t\t        <!-- Carousel \/ Start -->\n        \t<div class=\"simple-slick-carousel dots-nav\" data-slick='{&quot;autoplay&quot;:true,&quot;autoplaySpeed&quot;:3000,&quot;slidesToShow&quot;:3,&quot;slidesToScroll&quot;:1,&quot;responsive&quot;:[{&quot;breakpoint&quot;:1024,&quot;settings&quot;:{&quot;slidesToShow&quot;:2,&quot;slidesToScroll&quot;:1}},{&quot;breakpoint&quot;:768,&quot;settings&quot;:{&quot;slidesToShow&quot;:1,&quot;slidesToScroll&quot;:1}}]}'>\n                            <div class=\"fw-carousel-item\">                    \n                        <!-- Listing Item -->\r\n            <div class=\"col-lg-6 col-md-12\">\r\n                <a href=\"https:\/\/cparici.com\/fr\/annonce\/roulotte-proche-des-gorges-de-lardeche\/\" class=\"listing-item-container listing-geo-data compact\" data-title=\"Roulotte proche des Gorges de l&#8217;Ard\u00e8che\" data-listing-type=\"rental\" data-classifieds-price=\"&euro;\" data-friendly-address=\"285 route de font vive\" data-address=\"285 route de font vive\" data-image=\"https:\/\/cparici.com\/wp-content\/uploads\/2025\/08\/IMG_20220426_140130-520x397.jpg\" data-longitude=\"4.2830926\" data-latitude=\"44.3903825\" data-rating=\"0\" data-reviews=\"0\" data-icon=\"&lt;svg xmlns=&quot;http:\/\/www.w3.org\/2000\/svg&quot; width=&quot;800px&quot; height=&quot;800px&quot; viewBox=&quot;0 0 45 45&quot; fill=&quot;none&quot;&gt;\n&lt;path d=&quot;M24.155 8.78099L24.33 8.94499L37.402 21.787L36 23.213L34.2 21.445L34.201 35C34.201 36.054 33.385 36.918 32.35 36.994L32.201 37H12.201C11.147 37 10.283 36.184 10.206 35.149L10.201 35L10.2 21.446L8.402 23.213L7 21.787L20.058 8.95799C21.171 7.82199 22.966 7.75899 24.155 8.78099ZM21.569 10.285L21.473 10.372L12.2 19.481L12.201 35L17.2 34.999L17.201 25C17.201 23.946 18.017 23.082 19.052 23.005L19.201 23H25.201C26.255 23 27.119 23.816 27.196 24.851L27.201 25L27.2 34.999L32.201 35L32.2 19.48L22.901 10.344C22.537 9.98699 21.969 9.96499 21.569 10.285ZM25.201 25H19.201L19.2 34.999H25.2L25.201 25Z&quot; fill=&quot;#3C3C3C&quot;\/&gt;\n&lt;\/svg&gt;\">\r\n            <div class=\"listing-item  featured-listing\">\r\n                <div class=\"listing-small-badges-container\">\r\n                                            <div class=\"listing-small-badge featured-badge\"><i class=\"fa fa-star\"><\/i> En vedette<\/div>\r\n                                                                <div class=\"listing-small-badge pricing-badge\"><i class=\"fa fa-tag\"><\/i>75,00&euro; - 110,00&euro;<\/div>\r\n                                                            \r\n                                        \r\n                                        \r\n                <\/div>\r\n                <img decoding=\"async\" src=\"https:\/\/cparici.com\/wp-content\/uploads\/2025\/08\/IMG_20220426_140130-520x397.jpg\" alt=\"Roulotte proche des Gorges de l&#8217;Ard\u00e8che\" class=\"listing-thumbnail\">\r\n                                        <div class=\"listing-badge now-open\">Ouvert maintenant<\/div>\r\n                        \r\n\r\n                <div class=\"listing-item-content\">\r\n                    \r\n                    <h3> Roulotte proche des Gorges de l&#8217;Ard\u00e8che <\/h3>\r\n                    <span>285 route de font vive<\/span>\r\n                <\/div>\r\n                                        <span class=\"save like-icon tooltip left\" title=\"Connexion pour marquer des \u00e9l\u00e9ments\"><\/span>\r\n                                                <\/div>\r\n        <\/a>\r\n                    <\/div>\r\n        \r\n\r\n        <!-- Listing Item \/ End -->\n                    <\/div>\n                                      <div class=\"fw-carousel-item\">                    \n                        <!-- Listing Item -->\r\n            <div class=\"col-lg-6 col-md-12\">\r\n                <a href=\"https:\/\/cparici.com\/fr\/annonce\/maison-de-vacances-la-tourelle-piscine-privee-grand-jardin\/\" class=\"listing-item-container listing-geo-data compact\" data-title=\"Maison de vacances La Tourelle | piscine priv\u00e9e &amp; grand jardin\" data-listing-type=\"rental\" data-classifieds-price=\"&euro;\" data-friendly-address=\"Ranc de Fig\u00e8re, Labeaume\" data-address=\"Ranc de Fig\u00e8re, Labeaume\" data-image=\"https:\/\/cparici.com\/wp-content\/uploads\/2026\/02\/DJI_0064-520x397.jpg\" data-longitude=\"4.3256629\" data-latitude=\"44.461516\" data-rating=\"0\" data-reviews=\"0\" data-icon=\"&lt;svg xmlns=&quot;http:\/\/www.w3.org\/2000\/svg&quot; width=&quot;800px&quot; height=&quot;800px&quot; viewBox=&quot;0 0 45 45&quot; fill=&quot;none&quot;&gt;\n&lt;path d=&quot;M24.155 8.78099L24.33 8.94499L37.402 21.787L36 23.213L34.2 21.445L34.201 35C34.201 36.054 33.385 36.918 32.35 36.994L32.201 37H12.201C11.147 37 10.283 36.184 10.206 35.149L10.201 35L10.2 21.446L8.402 23.213L7 21.787L20.058 8.95799C21.171 7.82199 22.966 7.75899 24.155 8.78099ZM21.569 10.285L21.473 10.372L12.2 19.481L12.201 35L17.2 34.999L17.201 25C17.201 23.946 18.017 23.082 19.052 23.005L19.201 23H25.201C26.255 23 27.119 23.816 27.196 24.851L27.201 25L27.2 34.999L32.201 35L32.2 19.48L22.901 10.344C22.537 9.98699 21.969 9.96499 21.569 10.285ZM25.201 25H19.201L19.2 34.999H25.2L25.201 25Z&quot; fill=&quot;#3C3C3C&quot;\/&gt;\n&lt;\/svg&gt;\">\r\n            <div class=\"listing-item  \">\r\n                <div class=\"listing-small-badges-container\">\r\n                                                                <div class=\"listing-small-badge pricing-badge\"><i class=\"fa fa-tag\"><\/i>350,00&euro; - 450,00&euro;<\/div>\r\n                                                            \r\n                                        \r\n                                        \r\n                <\/div>\r\n                <img decoding=\"async\" src=\"https:\/\/cparici.com\/wp-content\/uploads\/2026\/02\/DJI_0064-520x397.jpg\" alt=\"Maison de vacances La Tourelle | piscine priv\u00e9e &amp; grand jardin\" class=\"listing-thumbnail\">\r\n                                            <div class=\"listing-badge now-closed\">Ferm\u00e9 maintenant<\/div>\r\n                                        \r\n\r\n                <div class=\"listing-item-content\">\r\n                    \r\n                    <h3> Maison de vacances La Tourelle | piscine priv\u00e9e &amp; grand jardin <\/h3>\r\n                    <span>Ranc de Fig\u00e8re, Labeaume<\/span>\r\n                <\/div>\r\n                                        <span class=\"save like-icon tooltip left\" title=\"Connexion pour marquer des \u00e9l\u00e9ments\"><\/span>\r\n                                                <\/div>\r\n        <\/a>\r\n                    <\/div>\r\n        \r\n\r\n        <!-- Listing Item \/ End -->\n                    <\/div>\n                                      <div class=\"fw-carousel-item\">                    \n                        <!-- Listing Item -->\r\n            <div class=\"col-lg-6 col-md-12\">\r\n                <a href=\"https:\/\/cparici.com\/fr\/annonce\/villa-font-vive-maison-dhotes-ecocertifiee\/\" class=\"listing-item-container listing-geo-data compact\" data-title=\"Villa Font Vive : maison d&#8217;h\u00f4tes \u00e9cocertifi\u00e9e\" data-listing-type=\"rental\" data-classifieds-price=\"&euro;\" data-friendly-address=\"285 Rte de Font-Vive, Grospierres, France\" data-address=\"285 Rte de Font-Vive, Grospierres, France\" data-image=\"https:\/\/cparici.com\/wp-content\/uploads\/2025\/08\/photo-principale-520x397.jpg\" data-longitude=\"4.283054496237901\" data-latitude=\"44.39032803839849\" data-rating=\"4.8\" data-reviews=\"188\" data-icon=\"&lt;svg xmlns=&quot;http:\/\/www.w3.org\/2000\/svg&quot; width=&quot;800px&quot; height=&quot;800px&quot; viewBox=&quot;0 0 45 45&quot; fill=&quot;none&quot;&gt;\n&lt;path d=&quot;M24.155 8.78099L24.33 8.94499L37.402 21.787L36 23.213L34.2 21.445L34.201 35C34.201 36.054 33.385 36.918 32.35 36.994L32.201 37H12.201C11.147 37 10.283 36.184 10.206 35.149L10.201 35L10.2 21.446L8.402 23.213L7 21.787L20.058 8.95799C21.171 7.82199 22.966 7.75899 24.155 8.78099ZM21.569 10.285L21.473 10.372L12.2 19.481L12.201 35L17.2 34.999L17.201 25C17.201 23.946 18.017 23.082 19.052 23.005L19.201 23H25.201C26.255 23 27.119 23.816 27.196 24.851L27.201 25L27.2 34.999L32.201 35L32.2 19.48L22.901 10.344C22.537 9.98699 21.969 9.96499 21.569 10.285ZM25.201 25H19.201L19.2 34.999H25.2L25.201 25Z&quot; fill=&quot;#3C3C3C&quot;\/&gt;\n&lt;\/svg&gt;\">\r\n            <div class=\"listing-item  featured-listing\">\r\n                <div class=\"listing-small-badges-container\">\r\n                                            <div class=\"listing-small-badge featured-badge\"><i class=\"fa fa-star\"><\/i> En vedette<\/div>\r\n                                                                <div class=\"listing-small-badge pricing-badge\"><i class=\"fa fa-tag\"><\/i>80,00&euro; - 120,00&euro;<\/div>\r\n                                                            \r\n                                        \r\n                                        \r\n                <\/div>\r\n                <img decoding=\"async\" src=\"https:\/\/cparici.com\/wp-content\/uploads\/2025\/08\/photo-principale-520x397.jpg\" alt=\"Villa Font Vive : maison d&#8217;h\u00f4tes \u00e9cocertifi\u00e9e\" class=\"listing-thumbnail\">\r\n                                        <div class=\"listing-badge now-open\">Ouvert maintenant<\/div>\r\n                        \r\n\r\n                <div class=\"listing-item-content\">\r\n                                                <div class=\"numerical-rating\" data-rating=\"4.8\"><\/div>\r\n                    \r\n                    <h3> Villa Font Vive : maison d&#8217;h\u00f4tes \u00e9cocertifi\u00e9e <\/h3>\r\n                    <span>285 Rte de Font-Vive, Grospierres, France<\/span>\r\n                <\/div>\r\n                                        <span class=\"save like-icon tooltip left\" title=\"Connexion pour marquer des \u00e9l\u00e9ments\"><\/span>\r\n                                                <\/div>\r\n        <\/a>\r\n                    <\/div>\r\n        \r\n\r\n        <!-- Listing Item \/ End -->\n                    <\/div>\n                          <\/div>\n        \t\t\t\t<\/div>\n\t\t\t\t<\/div>\n\t\t\t\t\t<\/div>\n\t\t\t\t<\/aside>\n\t\t<div class=\"elementor-element elementor-element-61844f8 e-flex e-con-boxed e-con e-parent\" data-id=\"61844f8\" data-element_type=\"container\" data-e-type=\"container\">\n\t\t\t\t\t<div class=\"e-con-inner\">\n\t\t\t\t<div class=\"elementor-element elementor-element-4d21542 elementor-widget elementor-widget-text-editor\" data-id=\"4d21542\" data-element_type=\"widget\" data-e-type=\"widget\" data-widget_type=\"text-editor.default\">\n\t\t\t\t\t\t\t\t\t<p data-start=\"1229\" data-end=\"1642\">Sa situation g\u00e9ographique privil\u00e9gi\u00e9e en fait une destination id\u00e9ale pour les visiteurs souhaitant alterner entre <strong data-start=\"1343\" data-end=\"1366\">patrimoine culturel<\/strong>, <strong data-start=\"1368\" data-end=\"1394\">d\u00e9couvertes naturelles<\/strong> et <strong data-start=\"1398\" data-end=\"1421\">activit\u00e9s sportives<\/strong>. Gr\u00e2ce \u00e0 son climat m\u00e9diterran\u00e9en, les \u00e9t\u00e9s sont chauds et secs, propices \u00e0 la baignade dans la rivi\u00e8re <strong data-start=\"1526\" data-end=\"1539\">Chassezac<\/strong>, tandis que le printemps et l\u2019automne offrent des conditions parfaites pour la randonn\u00e9e et le v\u00e9lo.<\/p><h3 data-start=\"1649\" data-end=\"1711\">Origine du nom et histoire du vieux village du Chastelas<\/h3><p data-start=\"1713\" data-end=\"2099\">Le nom <strong data-start=\"1720\" data-end=\"1735\">Grospierres<\/strong> a une origine ancienne et singuli\u00e8re. Il viendrait du latin \u00ab <em data-start=\"1798\" data-end=\"1812\">gurges petra<\/em> \u00bb, signifiant \u00ab gouffre dans la pierre \u00bb, en r\u00e9f\u00e9rence \u00e0 la myst\u00e9rieuse <strong data-start=\"1885\" data-end=\"1898\">Font-Vive<\/strong>, une r\u00e9surgence d\u2019eau cristalline qui surgit au c\u0153ur des roches calcaires du village. Ce lien entre le paysage et l\u2019appellation illustre bien l\u2019importance de la nature dans l\u2019identit\u00e9 de la commune.<\/p><p data-start=\"2101\" data-end=\"2496\">L\u2019histoire de <strong data-start=\"2115\" data-end=\"2130\">Grospierres<\/strong> est \u00e9troitement li\u00e9e \u00e0 celle de ses villages perch\u00e9s et de son patrimoine m\u00e9di\u00e9val. Le site du <strong data-start=\"2226\" data-end=\"2239\">Chastelas<\/strong>, aujourd\u2019hui en ruines, fut jadis un village fortifi\u00e9 construit sur un \u00e9peron rocheux. Il dominait la vall\u00e9e et offrait une position strat\u00e9gique \u00e0 ses habitants. On peut encore y voir les vestiges d\u2019anciennes maisons, d\u2019un rempart et d\u2019une \u00e9glise romane.<\/p><p data-start=\"2498\" data-end=\"2803\">Au fil des si\u00e8cles, la population a peu \u00e0 peu quitt\u00e9 ce vieux village perch\u00e9 pour s\u2019installer dans la plaine, plus accessible et mieux adapt\u00e9e \u00e0 l\u2019agriculture. Ce d\u00e9placement a donn\u00e9 naissance au village actuel de <strong data-start=\"2712\" data-end=\"2727\">Grospierres<\/strong>, o\u00f9 l\u2019on trouve aujourd\u2019hui la mairie, les commerces et les lieux de vie.<\/p><p data-start=\"2805\" data-end=\"3071\">En parcourant les ruelles et les hameaux alentour, on d\u00e9couvre un patrimoine b\u00e2ti qui t\u00e9moigne du pass\u00e9 : \u00e9glises rurales, vieux mas ard\u00e9chois, moulins et lavoirs. Chaque pierre raconte une partie de l\u2019histoire de ce territoire qui a su pr\u00e9server son authenticit\u00e9.<\/p><h2 data-start=\"176\" data-end=\"206\">Un site naturel exceptionnel<\/h2><h3 data-start=\"208\" data-end=\"240\">La r\u00e9surgence de Font-Vive<\/h3><p data-start=\"242\" data-end=\"672\">Au c\u0153ur de <strong data-start=\"253\" data-end=\"268\">Grospierres<\/strong>, la <strong data-start=\"273\" data-end=\"286\">Font-Vive<\/strong> est sans doute l\u2019un des sites naturels les plus embl\u00e9matiques. Cette r\u00e9surgence spectaculaire surgit d\u2019une cavit\u00e9 souterraine pour offrir un bassin aux eaux limpides, oscillant entre le bleu turquoise et le vert \u00e9meraude selon la lumi\u00e8re du jour. Class\u00e9e <strong data-start=\"542\" data-end=\"618\">zone naturelle d\u2019int\u00e9r\u00eat \u00e9cologique, faunistique et floristique (ZNIEFF)<\/strong>, elle constitue un v\u00e9ritable \u00e9crin de biodiversit\u00e9.<\/p><p data-start=\"674\" data-end=\"1013\">La <strong data-start=\"677\" data-end=\"690\">Font-Vive<\/strong> intrigue depuis des si\u00e8cles : longtemps consid\u00e9r\u00e9e comme une source myst\u00e9rieuse, elle \u00e9tait entour\u00e9e de l\u00e9gendes locales qui en faisaient un lieu sacr\u00e9. Aujourd\u2019hui encore, les visiteurs s\u2019\u00e9merveillent devant la puissance et la beaut\u00e9 de ce ph\u00e9nom\u00e8ne hydrog\u00e9ologique, o\u00f9 l\u2019eau jaillit des profondeurs du karst ard\u00e9chois.<\/p><p data-start=\"1015\" data-end=\"1379\">Une balade am\u00e9nag\u00e9e permet de rejoindre ce site unique \u00e0 travers la garrigue. En chemin, on croise des ch\u00eanes verts, des arbustes de buis, et parfois des orchid\u00e9es sauvages au printemps. La <strong data-start=\"1205\" data-end=\"1218\">Font-Vive<\/strong> est ainsi un lieu de promenade incontournable pour les amoureux de la nature et les photographes, mais aussi un symbole fort de l\u2019identit\u00e9 de <strong data-start=\"1361\" data-end=\"1376\">Grospierres<\/strong>.<\/p><h3 data-start=\"1386\" data-end=\"1438\">La vall\u00e9e du Chassezac : activit\u00e9s et paysages<\/h3><p data-start=\"1440\" data-end=\"1724\">\u00c0 quelques kilom\u00e8tres du centre de <strong data-start=\"1475\" data-end=\"1490\">Grospierres<\/strong> s\u2019\u00e9tend la <strong data-start=\"1502\" data-end=\"1525\">vall\u00e9e du Chassezac<\/strong>, un affluent majeur de l\u2019Ard\u00e8che. Moins connue que les c\u00e9l\u00e8bres gorges de l\u2019Ard\u00e8che, elle n\u2019en demeure pas moins spectaculaire avec ses falaises abruptes, ses eaux claires et ses plages de galets.<\/p><p data-start=\"1726\" data-end=\"1810\">Le <strong data-start=\"1729\" data-end=\"1742\">Chassezac<\/strong> est un v\u00e9ritable terrain de jeu pour les activit\u00e9s de plein air :<\/p><ul data-start=\"1811\" data-end=\"2368\"><li data-start=\"1811\" data-end=\"1965\"><p data-start=\"1813\" data-end=\"1965\"><a href=\"https:\/\/cparici.com\/kayak-canoe-kayak\/\"><strong data-start=\"1813\" data-end=\"1828\">Cano\u00eb-kayak<\/strong><\/a> : la rivi\u00e8re offre des parcours accessibles aux familles comme aux sportifs, avec des passages plus calmes alternant avec des rapides.<\/p><\/li><li data-start=\"1966\" data-end=\"2086\"><p data-start=\"1968\" data-end=\"2086\"><strong data-start=\"1968\" data-end=\"1980\">Baignade<\/strong> : ses eaux fra\u00eeches et ses plages naturelles attirent en \u00e9t\u00e9 de nombreux visiteurs en qu\u00eate de d\u00e9tente.<\/p><\/li><li data-start=\"2087\" data-end=\"2208\"><p data-start=\"2089\" data-end=\"2208\"><strong data-start=\"2089\" data-end=\"2101\">Escalade<\/strong> : les falaises calcaires de la vall\u00e9e figurent parmi les spots d\u2019escalade les plus r\u00e9put\u00e9s de la r\u00e9gion.<\/p><\/li><li data-start=\"2209\" data-end=\"2368\"><p data-start=\"2211\" data-end=\"2368\"><strong data-start=\"2211\" data-end=\"2224\">Randonn\u00e9e<\/strong> : plusieurs sentiers balis\u00e9s longent la rivi\u00e8re et permettent de d\u00e9couvrir des panoramas exceptionnels sur la vall\u00e9e et les villages voisins.<\/p><\/li><\/ul><p data-start=\"2370\" data-end=\"2727\">La vall\u00e9e du <strong data-start=\"2383\" data-end=\"2396\">Chassezac<\/strong> est \u00e9galement un refuge pour la faune et la flore. On peut y observer des castors, des martins-p\u00eacheurs et une grande vari\u00e9t\u00e9 de chauves-souris qui trouvent refuge dans les grottes calcaires. Ce patrimoine naturel exceptionnel fait de <strong data-start=\"2632\" data-end=\"2647\">Grospierres<\/strong> une destination privil\u00e9gi\u00e9e pour les amateurs de nature sauvage et pr\u00e9serv\u00e9e.<\/p><p data-start=\"2370\" data-end=\"2727\"><a href=\"https:\/\/cparici.com\/wp-content\/uploads\/2025\/08\/Grospierres.jpg\"><img decoding=\"async\" class=\"aligncenter wp-image-69792 size-large\" src=\"https:\/\/cparici.com\/wp-content\/uploads\/2025\/08\/Grospierres-1024x551.jpg\" alt=\"Site internet officiel ville de Grospierres\" width=\"1024\" height=\"551\" srcset=\"https:\/\/cparici.com\/wp-content\/uploads\/2025\/08\/Grospierres-1024x551.jpg 1024w, https:\/\/cparici.com\/wp-content\/uploads\/2025\/08\/Grospierres-300x161.jpg 300w, https:\/\/cparici.com\/wp-content\/uploads\/2025\/08\/Grospierres-768x413.jpg 768w, https:\/\/cparici.com\/wp-content\/uploads\/2025\/08\/Grospierres-1536x826.jpg 1536w, https:\/\/cparici.com\/wp-content\/uploads\/2025\/08\/Grospierres-18x10.jpg 18w, https:\/\/cparici.com\/wp-content\/uploads\/2025\/08\/Grospierres-590x317.jpg 590w, https:\/\/cparici.com\/wp-content\/uploads\/2025\/08\/Grospierres-1200x646.jpg 1200w, https:\/\/cparici.com\/wp-content\/uploads\/2025\/08\/Grospierres-577x310.jpg 577w, https:\/\/cparici.com\/wp-content\/uploads\/2025\/08\/Grospierres-600x323.jpg 600w, https:\/\/cparici.com\/wp-content\/uploads\/2025\/08\/Grospierres.jpg 1645w\" sizes=\"(max-width: 1024px) 100vw, 1024px\" \/><\/a><\/p><h2 data-start=\"206\" data-end=\"239\">Sentiers doux et loisirs actifs<\/h2><h3 data-start=\"241\" data-end=\"303\">La Via Ard\u00e8che, une voie verte accessible et panoramique<\/h3><p data-start=\"305\" data-end=\"748\">Parmi les attraits phares de <strong data-start=\"334\" data-end=\"349\">Grospierres<\/strong>, la <strong data-start=\"354\" data-end=\"369\">Via Ard\u00e8che<\/strong> occupe une place de choix. Cette voie verte, am\u00e9nag\u00e9e sur une ancienne voie ferr\u00e9e, relie plusieurs communes ard\u00e9choises dont <strong data-start=\"496\" data-end=\"536\">Pradons, Ruoms, Grospierres et Vog\u00fc\u00e9<\/strong>, sur un trac\u00e9 de plus de 25 kilom\u00e8tres. Totalement s\u00e9curis\u00e9e et interdite aux voitures, elle est accessible \u00e0 tous : pi\u00e9tons, cyclistes, rollers, familles avec poussettes, et m\u00eame personnes \u00e0 mobilit\u00e9 r\u00e9duite.<\/p><p data-start=\"750\" data-end=\"1215\">La particularit\u00e9 de la <strong data-start=\"773\" data-end=\"788\">Via Ard\u00e8che<\/strong> est de combiner accessibilit\u00e9 et paysages. Le parcours traverse des tunnels ferroviaires r\u00e9am\u00e9nag\u00e9s, longe des vignes, des vergers et des champs d\u2019oliviers, tout en offrant des panoramas spectaculaires sur les falaises calcaires et la vall\u00e9e. Les amateurs de v\u00e9lo peuvent ainsi profiter d\u2019un itin\u00e9raire agr\u00e9able et sans difficult\u00e9 majeure, tandis que les marcheurs y trouvent une alternative reposante aux sentiers escarp\u00e9s.<\/p><p data-start=\"1217\" data-end=\"1533\">Ce projet s\u2019inscrit dans une d\u00e9marche de d\u00e9veloppement durable et de valorisation du territoire, en favorisant une mobilit\u00e9 douce et respectueuse de l\u2019environnement. Pour les visiteurs s\u00e9journant \u00e0 <strong data-start=\"1415\" data-end=\"1430\">Grospierres<\/strong>, la <strong data-start=\"1435\" data-end=\"1450\">Via Ard\u00e8che<\/strong> constitue donc une activit\u00e9 incontournable, \u00e0 la fois sportive et contemplative.<\/p><h3 data-start=\"1540\" data-end=\"1600\">Activit\u00e9s sportives \u00e0 proximit\u00e9 : nature et sensations<\/h3><p data-start=\"1602\" data-end=\"1856\">En plus de la voie verte, <strong data-start=\"1628\" data-end=\"1643\">Grospierres<\/strong> est une destination id\u00e9ale pour les amateurs de loisirs actifs. Gr\u00e2ce \u00e0 son environnement naturel vari\u00e9 \u2013 rivi\u00e8res, falaises, for\u00eats de garrigue \u2013 le village et ses alentours offrent une multitude d\u2019activit\u00e9s :<\/p><ul data-start=\"1858\" data-end=\"2768\"><li data-start=\"1858\" data-end=\"2021\"><p data-start=\"1860\" data-end=\"2021\"><strong data-start=\"1860\" data-end=\"1878\">Cano\u00eb et kayak<\/strong> : en plus du Chassezac, les gorges de l\u2019Ard\u00e8che toutes proches permettent des descentes mythiques, adapt\u00e9es aux sportifs comme aux familles.<\/p><\/li><li data-start=\"2022\" data-end=\"2252\"><p data-start=\"2024\" data-end=\"2252\"><strong data-start=\"2024\" data-end=\"2051\">Escalade et via ferrata<\/strong> : les falaises de calcaire autour de Grospierres offrent de nombreux sites d\u2019escalade r\u00e9put\u00e9s. Des parcours de via ferrata permettent aussi de vivre des sensations fortes tout en admirant la vall\u00e9e.<\/p><\/li><li data-start=\"2253\" data-end=\"2406\"><p data-start=\"2255\" data-end=\"2406\"><strong data-start=\"2255\" data-end=\"2271\">Accrobranche<\/strong> : plusieurs parcs aventure se trouvent \u00e0 proximit\u00e9, proposant des parcours suspendus entre les arbres, id\u00e9als pour petits et grands.<\/p><\/li><li data-start=\"2407\" data-end=\"2581\"><p data-start=\"2409\" data-end=\"2581\"><strong data-start=\"2409\" data-end=\"2417\">Golf<\/strong> : le <strong data-start=\"2423\" data-end=\"2442\">Golf de Bournet<\/strong>, install\u00e9 sur le domaine \u00e9ponyme, propose un parcours 9 trous dans un cadre verdoyant, parfait pour les amateurs comme pour les initi\u00e9s.<\/p><\/li><li data-start=\"2582\" data-end=\"2768\"><p data-start=\"2584\" data-end=\"2768\"><strong data-start=\"2584\" data-end=\"2606\">Randonn\u00e9e p\u00e9destre<\/strong> : de nombreux sentiers balis\u00e9s partent du village et permettent de d\u00e9couvrir aussi bien les vestiges historiques que les panoramas sur les vall\u00e9es ard\u00e9choises.<\/p><\/li><\/ul><p data-start=\"2770\" data-end=\"2938\">Cette diversit\u00e9 d\u2019activit\u00e9s fait de <strong data-start=\"2806\" data-end=\"2821\">Grospierres<\/strong> un point de d\u00e9part privil\u00e9gi\u00e9 pour un s\u00e9jour dynamique, combinant sport, nature et d\u00e9couverte du patrimoine local.<\/p><h2 data-start=\"235\" data-end=\"273\">Patrimoine pr\u00e9historique remarquable<\/h2><h3 data-start=\"275\" data-end=\"339\">Les dolmens de Grospierres : t\u00e9moins d\u2019un pass\u00e9 mill\u00e9naire<\/h3><p data-start=\"341\" data-end=\"799\">Le territoire de <strong data-start=\"358\" data-end=\"373\">Grospierres<\/strong> est l\u2019un des plus riches de l\u2019Ard\u00e8che en vestiges pr\u00e9historiques. On y recense pr\u00e8s de <strong data-start=\"461\" data-end=\"475\">50 dolmens<\/strong>, ce qui en fait une zone d\u2019une densit\u00e9 arch\u00e9ologique exceptionnelle. Ces monuments m\u00e9galithiques, \u00e9rig\u00e9s entre le N\u00e9olithique et l\u2019\u00e2ge du Bronze (environ 3 500 \u00e0 1 800 av. J.-C.), servaient de <strong data-start=\"669\" data-end=\"695\">s\u00e9pultures collectives<\/strong> et t\u00e9moignent de l\u2019organisation sociale des premi\u00e8res communaut\u00e9s humaines install\u00e9es dans la r\u00e9gion.<\/p><p data-start=\"801\" data-end=\"1184\">Parmi les plus connus, on peut citer le <strong data-start=\"841\" data-end=\"865\">dolmen de l\u2019Abeillou<\/strong>, celui de <strong data-start=\"876\" data-end=\"889\">Laulagnet<\/strong>, ou encore celui de <strong data-start=\"910\" data-end=\"924\">Font Ruine<\/strong>, chacun pr\u00e9sentant des caract\u00e9ristiques architecturales particuli\u00e8res. Construits \u00e0 partir de grandes dalles de calcaire, ces \u00e9difices impressionnent par leur taille et la pr\u00e9cision de leur assemblage, malgr\u00e9 les moyens rudimentaires disponibles \u00e0 l\u2019\u00e9poque.<\/p><p data-start=\"1186\" data-end=\"1501\">Ces dolmens ne sont pas isol\u00e9s : ils s\u2019int\u00e8grent dans un paysage o\u00f9 l\u2019on trouve aussi des tumulus et des vestiges de villages n\u00e9olithiques. La pr\u00e9sence d\u2019autant de sites fun\u00e9raires laisse penser que <strong data-start=\"1385\" data-end=\"1400\">Grospierres<\/strong> \u00e9tait un lieu central dans l\u2019organisation des populations pr\u00e9historiques de l\u2019Ard\u00e8che m\u00e9ridionale.<\/p><h3 data-start=\"1508\" data-end=\"1549\">Un patrimoine prot\u00e9g\u00e9 et accessible<\/h3><p data-start=\"1551\" data-end=\"1938\">Aujourd\u2019hui, de nombreux dolmens sont class\u00e9s <strong data-start=\"1597\" data-end=\"1622\">Monuments historiques<\/strong>, ce qui garantit leur protection et leur mise en valeur. Des panneaux explicatifs permettent aux visiteurs de mieux comprendre leur histoire et leur signification. Certains se d\u00e9couvrent au d\u00e9tour d\u2019un sentier de randonn\u00e9e, au milieu de la garrigue, offrant ainsi une exp\u00e9rience \u00e0 la fois culturelle et naturelle.<\/p><p data-start=\"1940\" data-end=\"2349\">Pour les passionn\u00e9s d\u2019arch\u00e9ologie, <strong data-start=\"1975\" data-end=\"1990\">Grospierres<\/strong> et ses alentours constituent donc une destination incontournable. On peut y combiner la visite des dolmens avec celle de la c\u00e9l\u00e8bre <strong data-start=\"2123\" data-end=\"2152\">grotte Chauvet-Pont-d\u2019Arc<\/strong>, inscrite au patrimoine mondial de l\u2019UNESCO, qui abrite des peintures rupestres vieilles de plus de 30 000 ans. Cette compl\u00e9mentarit\u00e9 renforce l\u2019identit\u00e9 de l\u2019Ard\u00e8che comme terre de pr\u00e9histoire.<\/p><p data-start=\"2351\" data-end=\"2589\">Les dolmens de <strong data-start=\"2366\" data-end=\"2381\">Grospierres<\/strong> ne sont pas seulement des pierres pos\u00e9es les unes sur les autres : ils repr\u00e9sentent la m\u00e9moire des anc\u00eatres, une trace de spiritualit\u00e9 et un t\u00e9moignage de la capacit\u00e9 d\u2019organisation des soci\u00e9t\u00e9s anciennes.<\/p><h2 data-start=\"223\" data-end=\"253\">\u0152notourisme et terroir local<\/h2><h3 data-start=\"255\" data-end=\"307\">Le Domaine de Bournet : tradition et modernit\u00e9<\/h3><p data-start=\"309\" data-end=\"631\">\u00c0 quelques pas du centre de <strong data-start=\"337\" data-end=\"352\">Grospierres<\/strong>, le <strong data-start=\"357\" data-end=\"379\">Domaine de Bournet<\/strong> s\u2019impose comme un lieu incontournable pour les amateurs de vin et de patrimoine. Ce domaine viticole, \u00e9tabli sur un vaste parc de plusieurs dizaines d\u2019hectares, est r\u00e9put\u00e9 pour ses <strong data-start=\"561\" data-end=\"581\">vins biologiques<\/strong> qui refl\u00e8tent la richesse du terroir ard\u00e9chois.<\/p><p data-start=\"633\" data-end=\"957\">Outre ses vignobles, le site abrite \u00e9galement le <strong data-start=\"682\" data-end=\"704\">Ch\u00e2teau de Bournet<\/strong>, une \u00e9l\u00e9gante demeure historique entour\u00e9e de jardins, ainsi qu\u2019un <strong data-start=\"771\" data-end=\"787\">golf 9 trous<\/strong> qui attire sportifs et visiteurs en qu\u00eate de d\u00e9tente. Le domaine combine ainsi tradition viticole et activit\u00e9s modernes, offrant aux visiteurs une exp\u00e9rience compl\u00e8te.<\/p><p data-start=\"959\" data-end=\"1287\">Les d\u00e9gustations organis\u00e9es permettent de d\u00e9couvrir des vins authentiques, issus de c\u00e9pages comme le grenache, la syrah ou le viognier, qui s\u2019\u00e9panouissent sous le soleil g\u00e9n\u00e9reux de l\u2019Ard\u00e8che m\u00e9ridionale. Pour les vacanciers s\u00e9journant \u00e0 <strong data-start=\"1197\" data-end=\"1212\">Grospierres<\/strong>, une halte au Domaine de Bournet est un incontournable de l\u2019\u0153notourisme.<\/p><h3 data-start=\"1294\" data-end=\"1351\">Le Ch\u00e2teau de la Selve : l\u2019excellence en biodynamie<\/h3><p data-start=\"1353\" data-end=\"1640\">Un autre acteur majeur du vignoble local est le <strong data-start=\"1401\" data-end=\"1424\">Ch\u00e2teau de la Selve<\/strong>, situ\u00e9 \u00e9galement sur la commune de <strong data-start=\"1460\" data-end=\"1475\">Grospierres<\/strong>. Ancienne demeure fortifi\u00e9e datant du XIIIe si\u00e8cle, il a \u00e9t\u00e9 transform\u00e9 en domaine viticole et est aujourd\u2019hui reconnu comme l\u2019un des plus innovants de la r\u00e9gion.<\/p><p data-start=\"1642\" data-end=\"1934\">Le domaine cultive environ <strong data-start=\"1669\" data-end=\"1694\">38 hectares de vignes<\/strong>, en agriculture <strong data-start=\"1711\" data-end=\"1741\">biologique et biodynamique<\/strong>, avec une approche respectueuse de l\u2019environnement et des cycles naturels. Les vins produits \u2013 rouges, blancs et ros\u00e9s \u2013 sont r\u00e9guli\u00e8rement distingu\u00e9s pour leur qualit\u00e9 et leur authenticit\u00e9.<\/p><p data-start=\"1936\" data-end=\"2266\">Les visiteurs peuvent y participer \u00e0 des visites guid\u00e9es, d\u00e9couvrir les caves vo\u00fbt\u00e9es et profiter de d\u00e9gustations comment\u00e9es. Le <strong data-start=\"2065\" data-end=\"2088\">Ch\u00e2teau de la Selve<\/strong> illustre parfaitement la mont\u00e9e en puissance de l\u2019<strong data-start=\"2139\" data-end=\"2165\">\u0153notourisme en Ard\u00e8che<\/strong>, qui s\u00e9duit de plus en plus de voyageurs \u00e0 la recherche d\u2019exp\u00e9riences sensorielles et culturelles.<\/p><h3 data-start=\"2273\" data-end=\"2332\">Plantes et Fleurs en F\u00eate : un rendez-vous printanier<\/h3><p data-start=\"2334\" data-end=\"2619\">Chaque printemps, le parc du <strong data-start=\"2363\" data-end=\"2385\">Ch\u00e2teau de Bournet<\/strong> accueille un \u00e9v\u00e9nement incontournable : <strong data-start=\"2426\" data-end=\"2455\">Plantes et Fleurs en F\u00eate<\/strong>. Ce rendez-vous r\u00e9unit horticulteurs, artisans et passionn\u00e9s de jardinage autour d\u2019expositions, de ventes de plantes rares et d\u2019animations pour petits et grands.<\/p><p data-start=\"2621\" data-end=\"2918\">Au-del\u00e0 de son aspect commercial, cette f\u00eate met en valeur la richesse de la biodiversit\u00e9 locale et sensibilise les visiteurs \u00e0 l\u2019importance de pr\u00e9server les \u00e9cosyst\u00e8mes. C\u2019est \u00e9galement une belle occasion de d\u00e9couvrir le cadre enchanteur du domaine, tout en profitant d\u2019une ambiance conviviale.<\/p><p data-start=\"2920\" data-end=\"3084\">Gr\u00e2ce \u00e0 ses domaines viticoles prestigieux et \u00e0 ses \u00e9v\u00e9nements culturels, <strong data-start=\"2994\" data-end=\"3009\">Grospierres<\/strong> illustre parfaitement l\u2019alliance entre terroir, patrimoine et modernit\u00e9.<\/p><h2 data-start=\"217\" data-end=\"257\">\u00c0 ne pas manquer autour de Grospierres<\/h2><h3 data-start=\"259\" data-end=\"305\">Les gorges de l\u2019Ard\u00e8che et le Pont d\u2019Arc<\/h3><p data-start=\"307\" data-end=\"654\">\u00c0 seulement quelques kilom\u00e8tres de <strong data-start=\"342\" data-end=\"357\">Grospierres<\/strong>, s\u2019\u00e9tendent les c\u00e9l\u00e8bres <strong data-start=\"383\" data-end=\"406\">gorges de l\u2019Ard\u00e8che<\/strong>, un canyon spectaculaire de 32 kilom\u00e8tres creus\u00e9 par la rivi\u00e8re. Ce site naturel class\u00e9 attire chaque ann\u00e9e des centaines de milliers de visiteurs, s\u00e9duits par la beaut\u00e9 de ses falaises abruptes, atteignant parfois plus de 300 m\u00e8tres de hauteur.<\/p><p data-start=\"656\" data-end=\"1035\">Au c\u0153ur des gorges se trouve le mythique <a href=\"https:\/\/cparici.com\/vallon%e2%80%91pont%e2%80%91darc-la-merveille-naturelle-de-lardeche\/\"><strong data-start=\"697\" data-end=\"711\">Pont d\u2019Arc<\/strong><\/a>, une arche naturelle de 54 m\u00e8tres de haut et 60 m\u00e8tres de large, fa\u00e7onn\u00e9e par l\u2019\u00e9rosion. V\u00e9ritable symbole de l\u2019Ard\u00e8che, ce monument naturel est aussi le point de d\u00e9part privil\u00e9gi\u00e9 pour les descentes en cano\u00eb-kayak. Pour les visiteurs de <strong data-start=\"950\" data-end=\"965\">Grospierres<\/strong>, une excursion vers le Pont d\u2019Arc s\u2019impose comme un incontournable.<\/p><p data-start=\"656\" data-end=\"1035\"><a href=\"https:\/\/cparici.com\/wp-content\/uploads\/2025\/08\/cparici-2025-08-28T145305.301.jpg\"><img decoding=\"async\" class=\"aligncenter wp-image-69795 size-full\" src=\"https:\/\/cparici.com\/wp-content\/uploads\/2025\/08\/cparici-2025-08-28T145305.301.jpg\" alt=\"A voir pr\u00e8s de Grospierres\" width=\"1500\" height=\"530\" srcset=\"https:\/\/cparici.com\/wp-content\/uploads\/2025\/08\/cparici-2025-08-28T145305.301.jpg 1500w, https:\/\/cparici.com\/wp-content\/uploads\/2025\/08\/cparici-2025-08-28T145305.301-300x106.jpg 300w, https:\/\/cparici.com\/wp-content\/uploads\/2025\/08\/cparici-2025-08-28T145305.301-1024x362.jpg 1024w, https:\/\/cparici.com\/wp-content\/uploads\/2025\/08\/cparici-2025-08-28T145305.301-768x271.jpg 768w, https:\/\/cparici.com\/wp-content\/uploads\/2025\/08\/cparici-2025-08-28T145305.301-18x6.jpg 18w, https:\/\/cparici.com\/wp-content\/uploads\/2025\/08\/cparici-2025-08-28T145305.301-590x208.jpg 590w, https:\/\/cparici.com\/wp-content\/uploads\/2025\/08\/cparici-2025-08-28T145305.301-1200x424.jpg 1200w, https:\/\/cparici.com\/wp-content\/uploads\/2025\/08\/cparici-2025-08-28T145305.301-577x204.jpg 577w, https:\/\/cparici.com\/wp-content\/uploads\/2025\/08\/cparici-2025-08-28T145305.301-600x212.jpg 600w\" sizes=\"(max-width: 1500px) 100vw, 1500px\" \/><\/a><\/p><h3 data-start=\"1042\" data-end=\"1076\">La grotte Chauvet-Pont-d\u2019Arc<\/h3><p data-start=\"1078\" data-end=\"1361\">Class\u00e9e au <strong data-start=\"1089\" data-end=\"1123\">patrimoine mondial de l\u2019UNESCO<\/strong>, la <a href=\"https:\/\/cparici.com\/grotte-chauvet\/\"><strong data-start=\"1128\" data-end=\"1157\">grotte Chauvet-Pont-d\u2019Arc<\/strong><\/a> est un joyau arch\u00e9ologique unique au monde. D\u00e9couverte en 1994, elle abrite des peintures pari\u00e9tales vieilles de plus de <strong data-start=\"1279\" data-end=\"1293\">36 000 ans<\/strong>, repr\u00e9sentant des lions, des rhinoc\u00e9ros, des chevaux et des ours.<\/p><p data-start=\"1363\" data-end=\"1669\">Pour pr\u00e9server l\u2019original, la <strong data-start=\"1393\" data-end=\"1418\">Caverne du Pont d\u2019Arc<\/strong> \u2013 une r\u00e9plique monumentale \u2013 a \u00e9t\u00e9 ouverte au public. Situ\u00e9e \u00e0 une vingtaine de minutes de <strong data-start=\"1510\" data-end=\"1525\">Grospierres<\/strong>, elle permet aux visiteurs d\u2019admirer ces fresques pr\u00e9historiques tout en comprenant les techniques et la symbolique de ces premiers artistes.<\/p><p data-start=\"1671\" data-end=\"1872\">Cette visite constitue une exp\u00e9rience immersive et \u00e9mouvante, qui compl\u00e8te parfaitement la d\u00e9couverte des dolmens de <strong data-start=\"1788\" data-end=\"1803\">Grospierres<\/strong>, en retra\u00e7ant l\u2019histoire de la pr\u00e9sence humaine sur ce territoire.<\/p><h3 data-start=\"1879\" data-end=\"1928\">L\u2019Aven d\u2019Orgnac : la cath\u00e9drale souterraine<\/h3><p data-start=\"1930\" data-end=\"2234\">Non loin de <strong data-start=\"1942\" data-end=\"1957\">Grospierres<\/strong> se trouve l\u2019<strong data-start=\"1970\" data-end=\"1987\">Aven d\u2019Orgnac<\/strong>, l\u2019une des grottes les plus c\u00e9l\u00e8bres de France, \u00e9galement class\u00e9e <strong data-start=\"2054\" data-end=\"2078\">Grand Site de France<\/strong>. D\u00e9couverte en 1935, elle impressionne par ses volumes gigantesques et ses concr\u00e9tions spectaculaires : stalagmites, stalactites et draperies de calcite.<\/p><p data-start=\"2236\" data-end=\"2504\">La visite guid\u00e9e plonge les visiteurs dans un univers souterrain fascinant, o\u00f9 la nature a sculpt\u00e9 pendant des millions d\u2019ann\u00e9es un d\u00e9cor f\u00e9erique. L\u2019aven est compl\u00e9t\u00e9 par la <strong data-start=\"2411\" data-end=\"2437\">Cit\u00e9 de la Pr\u00e9histoire<\/strong>, un mus\u00e9e interactif qui retrace 350 000 ans d\u2019histoire humaine.<\/p><p data-start=\"2506\" data-end=\"2657\">Pour les touristes s\u00e9journant \u00e0 <strong data-start=\"2538\" data-end=\"2553\">Grospierres<\/strong>, l\u2019excursion \u00e0 l\u2019Aven d\u2019Orgnac est une combinaison id\u00e9ale de science, d\u2019histoire et d\u2019\u00e9merveillement.<\/p><h3 data-start=\"2664\" data-end=\"2700\">Villages pittoresques alentour<\/h3><p data-start=\"2702\" data-end=\"2814\">Autour de <strong data-start=\"2712\" data-end=\"2727\">Grospierres<\/strong>, plusieurs villages figurent parmi les plus beaux de France et m\u00e9ritent une visite :<\/p><ul data-start=\"2816\" data-end=\"3191\"><li data-start=\"2816\" data-end=\"2931\"><p data-start=\"2818\" data-end=\"2931\"><a href=\"https:\/\/cparici.com\/balazuc\/\"><strong data-start=\"2818\" data-end=\"2829\">Balazuc<\/strong><\/a>, perch\u00e9 sur une falaise au-dessus de l\u2019Ard\u00e8che, class\u00e9 parmi les \u00ab Plus Beaux Villages de France \u00bb.<\/p><\/li><\/ul><figure id=\"attachment_69794\" aria-describedby=\"caption-attachment-69794\" style=\"width: 1500px\" class=\"wp-caption aligncenter\"><a href=\"https:\/\/cparici.com\/wp-content\/uploads\/2025\/08\/cparici-2025-08-28T135455.257-1.jpg\"><img decoding=\"async\" class=\"wp-image-69794 size-full\" src=\"https:\/\/cparici.com\/wp-content\/uploads\/2025\/08\/cparici-2025-08-28T135455.257-1.jpg\" alt=\"Pr\u00e8s de Grospierres, village de Balazuc\" width=\"1500\" height=\"530\" srcset=\"https:\/\/cparici.com\/wp-content\/uploads\/2025\/08\/cparici-2025-08-28T135455.257-1.jpg 1500w, https:\/\/cparici.com\/wp-content\/uploads\/2025\/08\/cparici-2025-08-28T135455.257-1-300x106.jpg 300w, https:\/\/cparici.com\/wp-content\/uploads\/2025\/08\/cparici-2025-08-28T135455.257-1-1024x362.jpg 1024w, https:\/\/cparici.com\/wp-content\/uploads\/2025\/08\/cparici-2025-08-28T135455.257-1-768x271.jpg 768w, https:\/\/cparici.com\/wp-content\/uploads\/2025\/08\/cparici-2025-08-28T135455.257-1-18x6.jpg 18w, https:\/\/cparici.com\/wp-content\/uploads\/2025\/08\/cparici-2025-08-28T135455.257-1-590x208.jpg 590w, https:\/\/cparici.com\/wp-content\/uploads\/2025\/08\/cparici-2025-08-28T135455.257-1-1200x424.jpg 1200w, https:\/\/cparici.com\/wp-content\/uploads\/2025\/08\/cparici-2025-08-28T135455.257-1-577x204.jpg 577w, https:\/\/cparici.com\/wp-content\/uploads\/2025\/08\/cparici-2025-08-28T135455.257-1-600x212.jpg 600w\" sizes=\"(max-width: 1500px) 100vw, 1500px\" \/><\/a><figcaption id=\"caption-attachment-69794\" class=\"wp-caption-text\">Pr\u00e8s de Grospierres, village de Balazuc<\/figcaption><\/figure><ul data-start=\"2816\" data-end=\"3191\"><li data-start=\"2932\" data-end=\"3043\"><p data-start=\"2934\" data-end=\"3043\"><a href=\"https:\/\/cparici.com\/labeaume\/\"><strong data-start=\"2934\" data-end=\"2946\">Labeaume<\/strong><\/a>, nich\u00e9 au bord de la rivi\u00e8re \u00e9ponyme, r\u00e9put\u00e9 pour ses ruelles pav\u00e9es et ses maisons en pierre.<\/p><\/li><li data-start=\"3044\" data-end=\"3119\"><p data-start=\"3046\" data-end=\"3119\"><strong data-start=\"3046\" data-end=\"3055\">Vog\u00fc\u00e9<\/strong>, domin\u00e9 par son ch\u00e2teau m\u00e9di\u00e9val et ses ruelles pittoresques.<\/p><\/li><li data-start=\"3120\" data-end=\"3191\"><p data-start=\"3122\" data-end=\"3191\"><strong data-start=\"3122\" data-end=\"3131\">Ruoms<\/strong>, bourgade anim\u00e9e avec ses march\u00e9s et ses caves viticoles.<\/p><\/li><\/ul><p data-start=\"3193\" data-end=\"3338\">Ces villages illustrent le charme authentique de l\u2019Ard\u00e8che m\u00e9ridionale, o\u00f9 chaque pierre et chaque ruelle rappellent un riche pass\u00e9 historique.<\/p><h2 data-start=\"277\" data-end=\"312\">Foire Aux Questions \u2013 Grospierres<\/h2><h3 data-start=\"314\" data-end=\"378\">Quelle est la meilleure p\u00e9riode pour visiter Grospierres ?<\/h3><p data-start=\"379\" data-end=\"710\">La meilleure p\u00e9riode pour visiter <strong data-start=\"413\" data-end=\"428\">Grospierres<\/strong> s\u2019\u00e9tend de <strong data-start=\"440\" data-end=\"459\">mai \u00e0 septembre<\/strong>, lorsque le climat m\u00e9diterran\u00e9en garantit soleil et chaleur. Le printemps et l\u2019automne offrent des temp\u00e9ratures agr\u00e9ables pour la randonn\u00e9e, tandis que l\u2019\u00e9t\u00e9 est id\u00e9al pour profiter des rivi\u00e8res comme le <strong data-start=\"664\" data-end=\"677\">Chassezac<\/strong> ou des activit\u00e9s en plein air.<\/p><h3 data-start=\"717\" data-end=\"779\">Quelles activit\u00e9s faire \u00e0 Grospierres avec des enfants ?<\/h3><p data-start=\"780\" data-end=\"1104\"><strong data-start=\"780\" data-end=\"795\">Grospierres<\/strong> est une destination adapt\u00e9e aux familles. Les enfants peuvent profiter de la baignade dans le <strong data-start=\"890\" data-end=\"903\">Chassezac<\/strong>, s\u2019amuser dans les parcs d\u2019accrobranche ou s\u2019initier au golf au <strong data-start=\"968\" data-end=\"990\">Domaine de Bournet<\/strong>. Les balades sur la <strong data-start=\"1011\" data-end=\"1026\">Via Ard\u00e8che<\/strong>, s\u00e9curis\u00e9es et accessibles, sont aussi parfaites pour une sortie familiale.<\/p><h3 data-start=\"1111\" data-end=\"1169\">Quels sites naturels visiter autour de Grospierres ?<\/h3><p data-start=\"1170\" data-end=\"1489\">Autour de <strong data-start=\"1180\" data-end=\"1195\">Grospierres<\/strong>, plusieurs sites naturels exceptionnels m\u00e9ritent le d\u00e9tour : les <strong data-start=\"1261\" data-end=\"1284\">gorges de l\u2019Ard\u00e8che<\/strong> et le <strong data-start=\"1291\" data-end=\"1305\">Pont d\u2019Arc<\/strong>, la myst\u00e9rieuse <strong data-start=\"1322\" data-end=\"1335\">Font-Vive<\/strong>, ou encore l\u2019impressionnant <strong data-start=\"1364\" data-end=\"1381\">Aven d\u2019Orgnac<\/strong>. La vall\u00e9e du <strong data-start=\"1396\" data-end=\"1409\">Chassezac<\/strong> est \u00e9galement incontournable pour ses paysages et ses activit\u00e9s de plein air.<\/p><h3 data-start=\"1496\" data-end=\"1540\">Y a-t-il des vignobles \u00e0 Grospierres ?<\/h3><p data-start=\"1541\" data-end=\"1851\">Oui, <strong data-start=\"1546\" data-end=\"1561\">Grospierres<\/strong> est une commune viticole r\u00e9put\u00e9e. On y trouve notamment le <strong data-start=\"1621\" data-end=\"1643\">Domaine de Bournet<\/strong>, producteur de vins biologiques, et le <strong data-start=\"1683\" data-end=\"1706\">Ch\u00e2teau de la Selve<\/strong>, reconnu pour ses vins en biodynamie. Ces domaines proposent des visites guid\u00e9es, des d\u00e9gustations et des exp\u00e9riences \u0153notouristiques uniques.<\/p><h3 data-start=\"1858\" data-end=\"1895\">Comment acc\u00e9der \u00e0 Grospierres ?<\/h3><p data-start=\"1896\" data-end=\"2237\"><strong data-start=\"1896\" data-end=\"1911\">Grospierres<\/strong> est accessible en voiture par la D111, reliant <strong data-start=\"1959\" data-end=\"1968\">Ruoms<\/strong> et <strong data-start=\"1972\" data-end=\"1984\">Les Vans<\/strong>. Les gares les plus proches se trouvent \u00e0 <strong data-start=\"2027\" data-end=\"2041\">Mont\u00e9limar<\/strong> et <strong data-start=\"2045\" data-end=\"2056\">Aubenas<\/strong>, avec des liaisons routi\u00e8res vers la commune. L\u2019a\u00e9roport de <strong data-start=\"2117\" data-end=\"2149\">N\u00eemes-Al\u00e8s-Camargue-C\u00e9vennes<\/strong> est situ\u00e9 \u00e0 environ 90 km, ce qui facilite l\u2019acc\u00e8s pour les voyageurs internationaux.<\/p><h3 data-start=\"2244\" data-end=\"2283\">Peut-on randonner \u00e0 Grospierres ?<\/h3><p data-start=\"2284\" data-end=\"2590\">Oui, la randonn\u00e9e est l\u2019une des activit\u00e9s phares de <strong data-start=\"2336\" data-end=\"2351\">Grospierres<\/strong>. Des sentiers balis\u00e9s permettent de d\u00e9couvrir la garrigue, les dolmens pr\u00e9historiques, les hameaux anciens et les points de vue sur la vall\u00e9e. La <strong data-start=\"2498\" data-end=\"2513\">Via Ard\u00e8che<\/strong> offre aussi une promenade douce, id\u00e9ale pour les marcheurs de tout niveau.<\/p><h3 data-start=\"2597\" data-end=\"2649\">Quels villages visiter autour de Grospierres ?<\/h3><p data-start=\"2650\" data-end=\"2963\">Les environs de <strong data-start=\"2666\" data-end=\"2681\">Grospierres<\/strong> regorgent de villages pittoresques : <strong data-start=\"2719\" data-end=\"2730\">Balazuc<\/strong>, class\u00e9 parmi les \u00ab Plus Beaux Villages de France \u00bb, <strong data-start=\"2784\" data-end=\"2796\">Labeaume<\/strong> et ses maisons en pierre, ou encore <strong data-start=\"2833\" data-end=\"2842\">Vog\u00fc\u00e9<\/strong>, domin\u00e9 par son ch\u00e2teau m\u00e9di\u00e9val. Chacun de ces villages refl\u00e8te le charme et l\u2019authenticit\u00e9 de l\u2019Ard\u00e8che m\u00e9ridionale.<\/p><h3 data-start=\"2970\" data-end=\"3026\">Y a-t-il des traces pr\u00e9historiques \u00e0 Grospierres ?<\/h3><p data-start=\"3027\" data-end=\"3273\">Absolument. Le territoire de <strong data-start=\"3056\" data-end=\"3071\">Grospierres<\/strong> compte pr\u00e8s de <strong data-start=\"3087\" data-end=\"3101\">50 dolmens<\/strong>, t\u00e9moins d\u2019un pass\u00e9 mill\u00e9naire. Ces monuments fun\u00e9raires du N\u00e9olithique sont accessibles par des sentiers et font partie du riche patrimoine arch\u00e9ologique de la commune.<\/p><h2 data-start=\"125\" data-end=\"139\">Conclusion<\/h2><p data-start=\"141\" data-end=\"585\">Entre patrimoine historique, paysages naturels spectaculaires et traditions vivantes, <strong data-start=\"227\" data-end=\"242\">Grospierres<\/strong> s\u2019impose comme une destination incontournable de l\u2019Ard\u00e8che m\u00e9ridionale. Ses <strong data-start=\"319\" data-end=\"345\">dolmens pr\u00e9historiques<\/strong>, sa myst\u00e9rieuse <strong data-start=\"362\" data-end=\"375\">Font-Vive<\/strong>, ses vignobles r\u00e9put\u00e9s et sa proximit\u00e9 avec des sites majeurs comme la <strong data-start=\"447\" data-end=\"465\">grotte Chauvet<\/strong>, l\u2019<strong data-start=\"469\" data-end=\"486\">Aven d\u2019Orgnac<\/strong> ou les <strong data-start=\"494\" data-end=\"517\">gorges de l\u2019Ard\u00e8che<\/strong>, en font un lieu o\u00f9 chaque visiteur trouve une exp\u00e9rience unique.<\/p><p data-start=\"587\" data-end=\"912\">Qu\u2019il s\u2019agisse d\u2019un s\u00e9jour sportif, d\u2019une immersion culturelle ou simplement d\u2019un moment de d\u00e9tente au c\u0153ur de la nature, <strong data-start=\"709\" data-end=\"724\">Grospierres<\/strong> s\u00e9duit par son authenticit\u00e9 et son hospitalit\u00e9. C\u2019est un village qui allie charme intemporel et vitalit\u00e9 contemporaine, et qui m\u00e9rite pleinement sa place parmi les tr\u00e9sors de l\u2019Ard\u00e8che.<\/p><p data-start=\"587\" data-end=\"912\">Pour en savoir plus sur Grospierres, <a href=\"https:\/\/grospierres.fr\/\" target=\"_blank\" rel=\"noopener\">c&#8217;est par ici!<\/a><\/p>\t\t\t\t\t\t\t\t<\/div>\n\t\t\t\t\t<\/div>\n\t\t\t\t<\/div>\n\t\t<aside class=\"elementor-element elementor-element-019d1d3 e-flex e-con-boxed e-con e-parent\" data-id=\"019d1d3\" data-element_type=\"container\" data-e-type=\"container\">\n\t\t\t\t\t<div class=\"e-con-inner\">\n\t\t\t\t<div class=\"elementor-element elementor-element-4a15b42 elementor-widget elementor-widget-listeo-posts-grid\" data-id=\"4a15b42\" data-element_type=\"widget\" data-e-type=\"widget\" data-widget_type=\"listeo-posts-grid.default\">\n\t\t\t\t<div class=\"elementor-widget-container\">\n\t\t\t\t\t\t\t\n\t\t<div class=\"listeo-post-grid-wrapper\">\n\t\t\t<div class=\"row\">\n\n\t\t\t\n\n\t\t\t\t\t\t\t<div class=\"col-md-4\">\n                <a href=\"https:\/\/cparici.com\/fr\/grospierres\/\" class=\"blog-compact-item-container\">\n                    <div class=\"blog-compact-item\">\n                        <img decoding=\"async\" width=\"577\" height=\"204\" src=\"https:\/\/cparici.com\/wp-content\/uploads\/2025\/08\/cparici-2025-08-28T144724.263-577x204.jpg\" class=\"attachment-listeo-blog-related-post size-listeo-blog-related-post wp-post-image\" alt=\"Grospierres vall\u00e9e Chassezac\" srcset=\"https:\/\/cparici.com\/wp-content\/uploads\/2025\/08\/cparici-2025-08-28T144724.263-577x204.jpg 577w, https:\/\/cparici.com\/wp-content\/uploads\/2025\/08\/cparici-2025-08-28T144724.263-300x106.jpg 300w, https:\/\/cparici.com\/wp-content\/uploads\/2025\/08\/cparici-2025-08-28T144724.263-1024x362.jpg 1024w, https:\/\/cparici.com\/wp-content\/uploads\/2025\/08\/cparici-2025-08-28T144724.263-768x271.jpg 768w, https:\/\/cparici.com\/wp-content\/uploads\/2025\/08\/cparici-2025-08-28T144724.263-18x6.jpg 18w, https:\/\/cparici.com\/wp-content\/uploads\/2025\/08\/cparici-2025-08-28T144724.263-590x208.jpg 590w, https:\/\/cparici.com\/wp-content\/uploads\/2025\/08\/cparici-2025-08-28T144724.263-1200x424.jpg 1200w, https:\/\/cparici.com\/wp-content\/uploads\/2025\/08\/cparici-2025-08-28T144724.263-600x212.jpg 600w, https:\/\/cparici.com\/wp-content\/uploads\/2025\/08\/cparici-2025-08-28T144724.263.jpg 1500w\" sizes=\"(max-width: 577px) 100vw, 577px\" \/><span class=\"blog-item-tag\">Ard\u00e8che ( d\u00e9partement)<\/span>                        \n                        <div class=\"blog-compact-item-content\">\n                                                        <h3>Grospierres, village ard\u00e9chois entre nature et patrimoine<\/h3>\n                                                        <p>Recherches populaires Categories Pas de r\u00e9sultats Voir tous les r\u00e9sultats Grospierres, village ard\u00e9chois entre nature...                            <\/p>\n                                                    <\/div>\n                    <\/div>\n                <\/a>\n            <\/div>\n\t\t\t<div class=\"col-md-4\">\n                <a href=\"https:\/\/cparici.com\/fr\/balazuc\/\" class=\"blog-compact-item-container\">\n                    <div class=\"blog-compact-item\">\n                        <img decoding=\"async\" width=\"577\" height=\"204\" src=\"https:\/\/cparici.com\/wp-content\/uploads\/2025\/08\/cparici-2025-08-27T180431.971-577x204.jpg\" class=\"attachment-listeo-blog-related-post size-listeo-blog-related-post wp-post-image\" alt=\"Balazuc\" srcset=\"https:\/\/cparici.com\/wp-content\/uploads\/2025\/08\/cparici-2025-08-27T180431.971-577x204.jpg 577w, https:\/\/cparici.com\/wp-content\/uploads\/2025\/08\/cparici-2025-08-27T180431.971-300x106.jpg 300w, https:\/\/cparici.com\/wp-content\/uploads\/2025\/08\/cparici-2025-08-27T180431.971-1024x362.jpg 1024w, https:\/\/cparici.com\/wp-content\/uploads\/2025\/08\/cparici-2025-08-27T180431.971-768x271.jpg 768w, https:\/\/cparici.com\/wp-content\/uploads\/2025\/08\/cparici-2025-08-27T180431.971-18x6.jpg 18w, https:\/\/cparici.com\/wp-content\/uploads\/2025\/08\/cparici-2025-08-27T180431.971-590x208.jpg 590w, https:\/\/cparici.com\/wp-content\/uploads\/2025\/08\/cparici-2025-08-27T180431.971-1200x424.jpg 1200w, https:\/\/cparici.com\/wp-content\/uploads\/2025\/08\/cparici-2025-08-27T180431.971-600x212.jpg 600w, https:\/\/cparici.com\/wp-content\/uploads\/2025\/08\/cparici-2025-08-27T180431.971.jpg 1500w\" sizes=\"(max-width: 577px) 100vw, 577px\" \/><span class=\"blog-item-tag\">Ard\u00e8che ( d\u00e9partement)<\/span>                        \n                        <div class=\"blog-compact-item-content\">\n                                                        <h3>Balazuc : village perch\u00e9 et plus beau village de France<\/h3>\n                                                        <p>Recherches populaires Categories Pas de r\u00e9sultats Voir tous les r\u00e9sultats Balazuc : village perch\u00e9 et...                            <\/p>\n                                                    <\/div>\n                    <\/div>\n                <\/a>\n            <\/div>\n\t\t\t<div class=\"col-md-4\">\n                <a href=\"https:\/\/cparici.com\/fr\/grotte-chauvet\/\" class=\"blog-compact-item-container\">\n                    <div class=\"blog-compact-item\">\n                        <img decoding=\"async\" width=\"577\" height=\"204\" src=\"https:\/\/cparici.com\/wp-content\/uploads\/2025\/08\/cparici-2025-08-27T162216.892-577x204.jpg\" class=\"attachment-listeo-blog-related-post size-listeo-blog-related-post wp-post-image\" alt=\"Grotte Chauvet\" srcset=\"https:\/\/cparici.com\/wp-content\/uploads\/2025\/08\/cparici-2025-08-27T162216.892-577x204.jpg 577w, https:\/\/cparici.com\/wp-content\/uploads\/2025\/08\/cparici-2025-08-27T162216.892-300x106.jpg 300w, https:\/\/cparici.com\/wp-content\/uploads\/2025\/08\/cparici-2025-08-27T162216.892-1024x362.jpg 1024w, https:\/\/cparici.com\/wp-content\/uploads\/2025\/08\/cparici-2025-08-27T162216.892-768x271.jpg 768w, https:\/\/cparici.com\/wp-content\/uploads\/2025\/08\/cparici-2025-08-27T162216.892-18x6.jpg 18w, https:\/\/cparici.com\/wp-content\/uploads\/2025\/08\/cparici-2025-08-27T162216.892-590x208.jpg 590w, https:\/\/cparici.com\/wp-content\/uploads\/2025\/08\/cparici-2025-08-27T162216.892-1200x424.jpg 1200w, https:\/\/cparici.com\/wp-content\/uploads\/2025\/08\/cparici-2025-08-27T162216.892-600x212.jpg 600w, https:\/\/cparici.com\/wp-content\/uploads\/2025\/08\/cparici-2025-08-27T162216.892.jpg 1500w\" sizes=\"(max-width: 577px) 100vw, 577px\" \/><span class=\"blog-item-tag\">Ard\u00e8che ( d\u00e9partement)<\/span>                        \n                        <div class=\"blog-compact-item-content\">\n                                                        <h3>Grotte Chauvet : chef-d\u2019\u0153uvre pr\u00e9historique \u00e0 explorer<\/h3>\n                                                        <p>Recherches populaires Categories Pas de r\u00e9sultats Voir tous les r\u00e9sultats Grotte Chauvet : chef-d\u2019\u0153uvre pr\u00e9historique...                            <\/p>\n                                                    <\/div>\n                    <\/div>\n                <\/a>\n            <\/div>\n  <\/div>\n        <\/div>\n        \t\t\t\t<\/div>\n\t\t\t\t<\/div>\n\t\t\t\t\t<\/div>\n\t\t\t\t<\/aside>\n\t\t\t\t<\/div>\n\t\t","protected":false},"excerpt":{"rendered":"<p>Recherches populaires Categories Pas de r\u00e9sultats Voir tous les r\u00e9sultats Grospierres, village ard\u00e9chois entre nature et patrimoine Situ\u00e9 au c\u0153ur de l\u2019Ard\u00e8che m\u00e9ridionale, Grospierres est un village pittoresque qui s\u00e9duit par son patrimoine, ses paysages pr\u00e9serv\u00e9s et ses nombreuses activit\u00e9s de plein air. Nich\u00e9 entre garrigues et vall\u00e9es, ce petit coin de paradis attire chaque [&hellip;]<\/p>\n","protected":false},"author":97,"featured_media":69793,"comment_status":"closed","ping_status":"closed","sticky":false,"template":"","format":"standard","meta":{"ngg_post_thumbnail":0,"footnotes":""},"categories":[2789,1505,1167,477],"tags":[],"class_list":["post-69769","post","type-post","status-publish","format-standard","has-post-thumbnail","hentry","category-grospierres","category-ardeche-departement","category-auvergne-rhone-alpes","category-france"],"_links":{"self":[{"href":"https:\/\/cparici.com\/fr\/wp-json\/wp\/v2\/posts\/69769","targetHints":{"allow":["GET"]}}],"collection":[{"href":"https:\/\/cparici.com\/fr\/wp-json\/wp\/v2\/posts"}],"about":[{"href":"https:\/\/cparici.com\/fr\/wp-json\/wp\/v2\/types\/post"}],"author":[{"embeddable":true,"href":"https:\/\/cparici.com\/fr\/wp-json\/wp\/v2\/users\/97"}],"replies":[{"embeddable":true,"href":"https:\/\/cparici.com\/fr\/wp-json\/wp\/v2\/comments?post=69769"}],"version-history":[{"count":3,"href":"https:\/\/cparici.com\/fr\/wp-json\/wp\/v2\/posts\/69769\/revisions"}],"predecessor-version":[{"id":89613,"href":"https:\/\/cparici.com\/fr\/wp-json\/wp\/v2\/posts\/69769\/revisions\/89613"}],"wp:featuredmedia":[{"embeddable":true,"href":"https:\/\/cparici.com\/fr\/wp-json\/wp\/v2\/media\/69793"}],"wp:attachment":[{"href":"https:\/\/cparici.com\/fr\/wp-json\/wp\/v2\/media?parent=69769"}],"wp:term":[{"taxonomy":"category","embeddable":true,"href":"https:\/\/cparici.com\/fr\/wp-json\/wp\/v2\/categories?post=69769"},{"taxonomy":"post_tag","embeddable":true,"href":"https:\/\/cparici.com\/fr\/wp-json\/wp\/v2\/tags?post=69769"}],"curies":[{"name":"wp","href":"https:\/\/api.w.org\/{rel}","templated":true}]}}